{"id":1063,"count":1,"description":"","link":"https:\/\/hoerske.de\/blog\/themen\/letzten-saison\/","name":"letzten Saison","slug":"letzten-saison","taxonomy":"post_tag","meta":[],"yoast_head":"<!-- This site is optimized with the Yoast SEO Premium plugin v27.3 (Yoast SEO v27.3) - https:\/\/yoast.com\/product\/yoast-seo-premium-wordpress\/ -->\n<title>letzten Saison Archive - Timos Paper<\/title>\n<meta name=\"robots\" content=\"index, follow, max-snippet:-1, max-image-preview:large, max-video-preview:-1\" \/>\n<link rel=\"canonical\" href=\"https:\/\/hoerske.de\/blog\/themen\/letzten-saison\/\" \/>\n<meta property=\"og:locale\" content=\"de_DE\" \/>\n<meta property=\"og:type\" content=\"article\" \/>\n<meta property=\"og:title\" content=\"letzten Saison Archive\" \/>\n<meta property=\"og:url\" content=\"https:\/\/hoerske.de\/blog\/themen\/letzten-saison\/\" \/>\n<meta property=\"og:site_name\" content=\"Timos Paper\" \/>\n<meta property=\"og:image\" content=\"https:\/\/i0.wp.com\/hoerske.de\/blog\/wp-content\/uploads\/2018\/11\/IMG_9914%4005x.png?fit=1939%2C1077&ssl=1\" \/>\n\t<meta property=\"og:image:width\" content=\"1939\" \/>\n\t<meta property=\"og:image:height\" content=\"1077\" \/>\n\t<meta property=\"og:image:type\" content=\"image\/png\" \/>\n<meta name=\"twitter:card\" content=\"summary_large_image\" \/>\n<meta name=\"twitter:site\" content=\"@timo_hoerske\" \/>\n<script type=\"application\/ld+json\" class=\"yoast-schema-graph\">{\"@context\":\"https:\\\/\\\/schema.org\",\"@graph\":[{\"@type\":\"CollectionPage\",\"@id\":\"https:\\\/\\\/hoerske.de\\\/blog\\\/themen\\\/letzten-saison\\\/\",\"url\":\"https:\\\/\\\/hoerske.de\\\/blog\\\/themen\\\/letzten-saison\\\/\",\"name\":\"letzten Saison Archive - Timos Paper\",\"isPartOf\":{\"@id\":\"https:\\\/\\\/hoerske.de\\\/blog\\\/#website\"},\"breadcrumb\":{\"@id\":\"https:\\\/\\\/hoerske.de\\\/blog\\\/themen\\\/letzten-saison\\\/#breadcrumb\"},\"inLanguage\":\"de\"},{\"@type\":\"BreadcrumbList\",\"@id\":\"https:\\\/\\\/hoerske.de\\\/blog\\\/themen\\\/letzten-saison\\\/#breadcrumb\",\"itemListElement\":[{\"@type\":\"ListItem\",\"position\":1,\"name\":\"Startseite\",\"item\":\"https:\\\/\\\/hoerske.de\\\/blog\\\/\"},{\"@type\":\"ListItem\",\"position\":2,\"name\":\"letzten Saison\"}]},{\"@type\":\"WebSite\",\"@id\":\"https:\\\/\\\/hoerske.de\\\/blog\\\/#website\",\"url\":\"https:\\\/\\\/hoerske.de\\\/blog\\\/\",\"name\":\"Timos Blog\",\"description\":\"ego cogito, ergo sum\",\"publisher\":{\"@id\":\"https:\\\/\\\/hoerske.de\\\/blog\\\/#\\\/schema\\\/person\\\/20677cf2167fc7027b752c3bba78d5fc\"},\"potentialAction\":[{\"@type\":\"SearchAction\",\"target\":{\"@type\":\"EntryPoint\",\"urlTemplate\":\"https:\\\/\\\/hoerske.de\\\/blog\\\/?s={search_term_string}\"},\"query-input\":{\"@type\":\"PropertyValueSpecification\",\"valueRequired\":true,\"valueName\":\"search_term_string\"}}],\"inLanguage\":\"de\"},{\"@type\":[\"Person\",\"Organization\"],\"@id\":\"https:\\\/\\\/hoerske.de\\\/blog\\\/#\\\/schema\\\/person\\\/20677cf2167fc7027b752c3bba78d5fc\",\"name\":\"Timo H\u00f6rske\",\"image\":{\"@type\":\"ImageObject\",\"inLanguage\":\"de\",\"@id\":\"https:\\\/\\\/i0.wp.com\\\/hoerske.de\\\/blog\\\/wp-content\\\/uploads\\\/2023\\\/01\\\/16711213967602.jpg?fit=1024%2C954&ssl=1\",\"url\":\"https:\\\/\\\/i0.wp.com\\\/hoerske.de\\\/blog\\\/wp-content\\\/uploads\\\/2023\\\/01\\\/16711213967602.jpg?fit=1024%2C954&ssl=1\",\"contentUrl\":\"https:\\\/\\\/i0.wp.com\\\/hoerske.de\\\/blog\\\/wp-content\\\/uploads\\\/2023\\\/01\\\/16711213967602.jpg?fit=1024%2C954&ssl=1\",\"width\":1024,\"height\":954,\"caption\":\"Timo H\u00f6rske\"},\"logo\":{\"@id\":\"https:\\\/\\\/i0.wp.com\\\/hoerske.de\\\/blog\\\/wp-content\\\/uploads\\\/2023\\\/01\\\/16711213967602.jpg?fit=1024%2C954&ssl=1\"},\"description\":\"Jahrgang 1985, als \\\"Ossi\\\" geboren, im beschaulichen Premnitz an der Havel aufgewachsen. Natur- und Kunstliebhaber. Seit \u00fcber 10 Jahren Wahlbremerhavener, K\u00fcsten- und Windfan. So ziemlich an Allem interessiert. Schwerpunkte sind aber eindeutig Politik, Gesellschaft, Rechtswesen, Natur, Imkerei und Technik. Rotes Parteibuch, Mitglied des Jugendhilfeausschusses der Stadt Bremerhaven, Vorsitzender eines Kleing\u00e4rtnervereins, Fachberater f\u00fcr das Kleingartenwesen, Verbandschef der Bremerhavener Kleing\u00e4rtner*innen. Hobbyimker, Freizeitblogger, Techniknerd.\",\"sameAs\":[\"https:\\\/\\\/www.hoerske.de\\\/\",\"https:\\\/\\\/www.facebook.com\\\/timo.hoerske\",\"https:\\\/\\\/www.instagram.com\\\/thoerske\\\/\",\"https:\\\/\\\/x.com\\\/timo_hoerske\"]}]}<\/script>\n<!-- \/ Yoast SEO Premium plugin. -->","yoast_head_json":{"title":"letzten Saison Archive - Timos Paper","robots":{"index":"index","follow":"follow","max-snippet":"max-snippet:-1","max-image-preview":"max-image-preview:large","max-video-preview":"max-video-preview:-1"},"canonical":"https:\/\/hoerske.de\/blog\/themen\/letzten-saison\/","og_locale":"de_DE","og_type":"article","og_title":"letzten Saison Archive","og_url":"https:\/\/hoerske.de\/blog\/themen\/letzten-saison\/","og_site_name":"Timos Paper","og_image":[{"width":1939,"height":1077,"url":"https:\/\/i0.wp.com\/hoerske.de\/blog\/wp-content\/uploads\/2018\/11\/IMG_9914%4005x.png?fit=1939%2C1077&ssl=1","type":"image\/png"}],"twitter_card":"summary_large_image","twitter_site":"@timo_hoerske","schema":{"@context":"https:\/\/schema.org","@graph":[{"@type":"CollectionPage","@id":"https:\/\/hoerske.de\/blog\/themen\/letzten-saison\/","url":"https:\/\/hoerske.de\/blog\/themen\/letzten-saison\/","name":"letzten Saison Archive - Timos Paper","isPartOf":{"@id":"https:\/\/hoerske.de\/blog\/#website"},"breadcrumb":{"@id":"https:\/\/hoerske.de\/blog\/themen\/letzten-saison\/#breadcrumb"},"inLanguage":"de"},{"@type":"BreadcrumbList","@id":"https:\/\/hoerske.de\/blog\/themen\/letzten-saison\/#breadcrumb","itemListElement":[{"@type":"ListItem","position":1,"name":"Startseite","item":"https:\/\/hoerske.de\/blog\/"},{"@type":"ListItem","position":2,"name":"letzten Saison"}]},{"@type":"WebSite","@id":"https:\/\/hoerske.de\/blog\/#website","url":"https:\/\/hoerske.de\/blog\/","name":"Timos Blog","description":"ego cogito, ergo sum","publisher":{"@id":"https:\/\/hoerske.de\/blog\/#\/schema\/person\/20677cf2167fc7027b752c3bba78d5fc"},"potentialAction":[{"@type":"SearchAction","target":{"@type":"EntryPoint","urlTemplate":"https:\/\/hoerske.de\/blog\/?s={search_term_string}"},"query-input":{"@type":"PropertyValueSpecification","valueRequired":true,"valueName":"search_term_string"}}],"inLanguage":"de"},{"@type":["Person","Organization"],"@id":"https:\/\/hoerske.de\/blog\/#\/schema\/person\/20677cf2167fc7027b752c3bba78d5fc","name":"Timo H\u00f6rske","image":{"@type":"ImageObject","inLanguage":"de","@id":"https:\/\/i0.wp.com\/hoerske.de\/blog\/wp-content\/uploads\/2023\/01\/16711213967602.jpg?fit=1024%2C954&ssl=1","url":"https:\/\/i0.wp.com\/hoerske.de\/blog\/wp-content\/uploads\/2023\/01\/16711213967602.jpg?fit=1024%2C954&ssl=1","contentUrl":"https:\/\/i0.wp.com\/hoerske.de\/blog\/wp-content\/uploads\/2023\/01\/16711213967602.jpg?fit=1024%2C954&ssl=1","width":1024,"height":954,"caption":"Timo H\u00f6rske"},"logo":{"@id":"https:\/\/i0.wp.com\/hoerske.de\/blog\/wp-content\/uploads\/2023\/01\/16711213967602.jpg?fit=1024%2C954&ssl=1"},"description":"Jahrgang 1985, als \"Ossi\" geboren, im beschaulichen Premnitz an der Havel aufgewachsen. Natur- und Kunstliebhaber. Seit \u00fcber 10 Jahren Wahlbremerhavener, K\u00fcsten- und Windfan. So ziemlich an Allem interessiert. Schwerpunkte sind aber eindeutig Politik, Gesellschaft, Rechtswesen, Natur, Imkerei und Technik. Rotes Parteibuch, Mitglied des Jugendhilfeausschusses der Stadt Bremerhaven, Vorsitzender eines Kleing\u00e4rtnervereins, Fachberater f\u00fcr das Kleingartenwesen, Verbandschef der Bremerhavener Kleing\u00e4rtner*innen. Hobbyimker, Freizeitblogger, Techniknerd.","sameAs":["https:\/\/www.hoerske.de\/","https:\/\/www.facebook.com\/timo.hoerske","https:\/\/www.instagram.com\/thoerske\/","https:\/\/x.com\/timo_hoerske"]}]}},"_links":{"self":[{"href":"https:\/\/hoerske.de\/blog\/wp-json\/wp\/v2\/tags\/1063","targetHints":{"allow":["GET"]}}],"collection":[{"href":"https:\/\/hoerske.de\/blog\/wp-json\/wp\/v2\/tags"}],"about":[{"href":"https:\/\/hoerske.de\/blog\/wp-json\/wp\/v2\/taxonomies\/post_tag"}],"wp:post_type":[{"href":"https:\/\/hoerske.de\/blog\/wp-json\/wp\/v2\/posts?tags=1063"}],"curies":[{"name":"wp","href":"https:\/\/api.w.org\/{rel}","templated":true}]}}