{"id":84,"date":"2015-02-09T23:45:11","date_gmt":"2015-02-09T21:45:11","guid":{"rendered":"https:\/\/www.hoerske.de\/?p=84"},"modified":"2015-10-27T16:51:44","modified_gmt":"2015-10-27T14:51:44","slug":"kommentar-arbeit-der-quartiersmeisterei-alte-buerger-gesichert","status":"publish","type":"post","link":"https:\/\/hoerske.de\/blog\/2015\/02\/kommentar-arbeit-der-quartiersmeisterei-alte-buerger-gesichert\/","title":{"rendered":"Kommentar: Arbeit der Quartiersmeisterei &#8220;Alte B\u00fcrger&#8221; gesichert"},"content":{"rendered":"<div>\n<div>\n<p>Bis min. 2020 kann Jens Rilke seine erfolgreiche Arbeit weiter fortf\u00fchren. Wie bisher wird das Projekt h\u00e4lftig mit Mitteln aus dem Europ\u00e4ischen F\u00f6rderprogramm f\u00fcr regionale Entwicklung (EFRE) und dem Amt f\u00fcr kommunale Arbeitsmarktpolitik finanziert. Insgesamt werden bis 2020 1,2 Millionen Euro f\u00fcr die Weiterentwicklung der &#8220;Alten B\u00fcrger&#8221; bereitgestellt.<\/p>\n<\/div>\n<\/div>\n<div>\n<div>\n<p>Als Wahlbremerhavener und Bewohner der &#8220;Alten B\u00fcrger&#8221; konnte ich die positive Entwicklung der Stra\u00dfe seit der Gr\u00fcndung der Quartiersmeisterei mitverfolgen. Ich kann und muss sagen, ja es l\u00e4uft! Optisch, kulturell und menschlich hat sich viel getan seit 2010. Es ist sch\u00f6n hier zu wohnen. Die Lebensqualit\u00e4t hat sich erheblich gewandelt, hier lebt es sich richtig gut&#8230;<\/p>\n<p>&nbsp;<br \/>\n<!--more--><br \/>\n&nbsp;<\/p>\n<p>Daher begr\u00fc\u00dfe ich es au\u00dferordentlich, dass diese erfolgreiche Arbeit von Jens weitergef\u00fchrt werden kann. Denn die Ergebnisse seiner bisherigen Arbeit k\u00f6nnen sich sehen lassen. Weniger Schrottimmobilien, h\u00fcbschere Fassaden, weniger Leerstand, mehr Kultur und ein herzlicheres Miteinander, dass ist es, was bisher geschafft worden ist!<\/p>\n<p>Ich bin gespannt, was sich in den n\u00e4chsten Jahren hier tun wird. Sehr froh bin ich, dass viele Diskussionen der Vergangenheit, an denen ich teilgenommen habe, dazu gef\u00fchrt haben, dass ich jetzt dar\u00fcber schreiben kann, das es weitergeht.<\/p>\n<p>Wer die &#8220;Alte B\u00fcrger&#8221; kulturell unterst\u00fctzen m\u00f6chte kann Mitglied im F\u00f6rderverein werden: <a title=\"F\u00f6rderverein &quot;Alte B\u00fcrger&quot; e.V.\" href=\"http:\/\/foerdervereinaltebuerger.jimdo.com\/werkstatt-212\/\" target=\"_blank\">F\u00f6rderverein Alte B\u00fcrger<\/a><\/p>\n<\/div>\n<div>Und wer wei\u00df, vielleicht trifft man sich mal auf ein Bier im meinem Quartier \ud83d\ude09<\/div>\n<div>\n<div class=\"tiled-gallery type-rectangular tiled-gallery-unresized\" data-original-width=\"840\" data-carousel-extra='null' itemscope itemtype=\"http:\/\/schema.org\/ImageGallery\" > <div class=\"gallery-row\" style=\"width: 840px; height: 316px;\" data-original-width=\"840\" data-original-height=\"316\" > <div class=\"gallery-group images-1\" style=\"width: 420px; height: 316px;\" data-original-width=\"420\" data-original-height=\"316\" > <div class=\"tiled-gallery-item tiled-gallery-item-large\" itemprop=\"associatedMedia\" itemscope itemtype=\"http:\/\/schema.org\/ImageObject\"> <a href=\"https:\/\/i0.wp.com\/hoerske.de\/blog\/wp-content\/uploads\/2015\/02\/DSCF34751.jpg?ssl=1\" border=\"0\" itemprop=\"url\"> <meta itemprop=\"width\" content=\"416\"> <meta itemprop=\"height\" content=\"312\"> <img decoding=\"async\" class=\"\" data-attachment-id=\"100\" data-orig-file=\"https:\/\/hoerske.de\/blog\/wp-content\/uploads\/2015\/02\/DSCF34751.jpg\" data-orig-size=\"3648,2736\" data-comments-opened=\"1\" data-image-meta=\"{&quot;aperture&quot;:&quot;5&quot;,&quot;credit&quot;:&quot;&quot;,&quot;camera&quot;:&quot;FinePix S1500&quot;,&quot;caption&quot;:&quot;&quot;,&quot;created_timestamp&quot;:&quot;1373709651&quot;,&quot;copyright&quot;:&quot;&quot;,&quot;focal_length&quot;:&quot;5.9&quot;,&quot;iso&quot;:&quot;64&quot;,&quot;shutter_speed&quot;:&quot;0.0022222222222222&quot;,&quot;title&quot;:&quot;&quot;,&quot;orientation&quot;:&quot;1&quot;}\" data-image-title=\"Die &amp;#8220;Alte B\u00fcrger&amp;#8221;\" data-image-description=\"\" data-medium-file=\"https:\/\/i0.wp.com\/hoerske.de\/blog\/wp-content\/uploads\/2015\/02\/DSCF34751.jpg?fit=300%2C225&#038;ssl=1\" data-large-file=\"https:\/\/i0.wp.com\/hoerske.de\/blog\/wp-content\/uploads\/2015\/02\/DSCF34751.jpg?fit=840%2C630&#038;ssl=1\" src=\"https:\/\/i0.wp.com\/hoerske.de\/blog\/wp-content\/uploads\/2015\/02\/DSCF34751.jpg?w=416&#038;h=312&#038;ssl=1\" srcset=\"https:\/\/i0.wp.com\/hoerske.de\/blog\/wp-content\/uploads\/2015\/02\/DSCF34751.jpg?w=3648&amp;ssl=1 3648w, https:\/\/i0.wp.com\/hoerske.de\/blog\/wp-content\/uploads\/2015\/02\/DSCF34751.jpg?resize=300%2C225&amp;ssl=1 300w, https:\/\/i0.wp.com\/hoerske.de\/blog\/wp-content\/uploads\/2015\/02\/DSCF34751.jpg?resize=1024%2C768&amp;ssl=1 1024w, https:\/\/i0.wp.com\/hoerske.de\/blog\/wp-content\/uploads\/2015\/02\/DSCF34751.jpg?w=1680&amp;ssl=1 1680w, https:\/\/i0.wp.com\/hoerske.de\/blog\/wp-content\/uploads\/2015\/02\/DSCF34751.jpg?w=2520&amp;ssl=1 2520w\" width=\"416\" height=\"312\" loading=\"lazy\" data-original-width=\"416\" data-original-height=\"312\" itemprop=\"http:\/\/schema.org\/image\" title=\"Die &quot;Alte B\u00fcrger&quot;\" alt=\"So sehe ich die &quot;Alte B\u00fcrger&quot; jeden Tag von oben...\" style=\"width: 416px; height: 312px;\" \/> <\/a> <div class=\"tiled-gallery-caption\" itemprop=\"caption description\"> So sehe ich die &#8220;Alte B\u00fcrger&#8221; jeden Tag von oben&#8230; <\/div> <\/div> <\/div> <!-- close group --> <div class=\"gallery-group images-1\" style=\"width: 420px; height: 316px;\" data-original-width=\"420\" data-original-height=\"316\" > <div class=\"tiled-gallery-item tiled-gallery-item-large\" itemprop=\"associatedMedia\" itemscope itemtype=\"http:\/\/schema.org\/ImageObject\"> <a href=\"https:\/\/i0.wp.com\/hoerske.de\/blog\/wp-content\/uploads\/2015\/02\/DSCF34841.jpg?ssl=1\" border=\"0\" itemprop=\"url\"> <meta itemprop=\"width\" content=\"416\"> <meta itemprop=\"height\" content=\"312\"> <img decoding=\"async\" class=\"\" data-attachment-id=\"99\" data-orig-file=\"https:\/\/hoerske.de\/blog\/wp-content\/uploads\/2015\/02\/DSCF34841.jpg\" data-orig-size=\"3648,2736\" data-comments-opened=\"1\" data-image-meta=\"{&quot;aperture&quot;:&quot;5&quot;,&quot;credit&quot;:&quot;&quot;,&quot;camera&quot;:&quot;FinePix S1500&quot;,&quot;caption&quot;:&quot;&quot;,&quot;created_timestamp&quot;:&quot;1373710327&quot;,&quot;copyright&quot;:&quot;&quot;,&quot;focal_length&quot;:&quot;5.9&quot;,&quot;iso&quot;:&quot;64&quot;,&quot;shutter_speed&quot;:&quot;0.0018181818181818&quot;,&quot;title&quot;:&quot;&quot;,&quot;orientation&quot;:&quot;1&quot;}\" data-image-title=\"Die &amp;#8220;Alte B\u00fcrger&amp;#8221;\" data-image-description=\"\" data-medium-file=\"https:\/\/i0.wp.com\/hoerske.de\/blog\/wp-content\/uploads\/2015\/02\/DSCF34841.jpg?fit=300%2C225&#038;ssl=1\" data-large-file=\"https:\/\/i0.wp.com\/hoerske.de\/blog\/wp-content\/uploads\/2015\/02\/DSCF34841.jpg?fit=840%2C630&#038;ssl=1\" src=\"https:\/\/i0.wp.com\/hoerske.de\/blog\/wp-content\/uploads\/2015\/02\/DSCF34841.jpg?w=416&#038;h=312&#038;ssl=1\" srcset=\"https:\/\/i0.wp.com\/hoerske.de\/blog\/wp-content\/uploads\/2015\/02\/DSCF34841.jpg?w=3648&amp;ssl=1 3648w, https:\/\/i0.wp.com\/hoerske.de\/blog\/wp-content\/uploads\/2015\/02\/DSCF34841.jpg?resize=300%2C225&amp;ssl=1 300w, https:\/\/i0.wp.com\/hoerske.de\/blog\/wp-content\/uploads\/2015\/02\/DSCF34841.jpg?resize=1024%2C768&amp;ssl=1 1024w, https:\/\/i0.wp.com\/hoerske.de\/blog\/wp-content\/uploads\/2015\/02\/DSCF34841.jpg?w=1680&amp;ssl=1 1680w, https:\/\/i0.wp.com\/hoerske.de\/blog\/wp-content\/uploads\/2015\/02\/DSCF34841.jpg?w=2520&amp;ssl=1 2520w\" width=\"416\" height=\"312\" loading=\"lazy\" data-original-width=\"416\" data-original-height=\"312\" itemprop=\"http:\/\/schema.org\/image\" title=\"Die &quot;Alte B\u00fcrger&quot;\" alt=\"... und so die andere Seite!\" style=\"width: 416px; height: 312px;\" \/> <\/a> <div class=\"tiled-gallery-caption\" itemprop=\"caption description\"> &#8230; und so die andere Seite! <\/div> <\/div> <\/div> <!-- close group --> <\/div> <!-- close row --> <\/div>\n<\/div>\n<\/div>\n","protected":false},"excerpt":{"rendered":"<p>Bis min. 2020 kann Jens Rilke seine erfolgreiche Arbeit weiter fortf\u00fchren. Wie bisher wird das Projekt h\u00e4lftig mit Mitteln aus dem Europ\u00e4ischen F\u00f6rderprogramm f\u00fcr regionale Entwicklung (EFRE) und dem Amt f\u00fcr kommunale Arbeitsmarktpolitik finanziert. Insgesamt werden bis 2020 1,2 Millionen Euro f\u00fcr die Weiterentwicklung der &#8220;Alten B\u00fcrger&#8221; bereitgestellt. Als Wahlbremerhavener<\/p>\n","protected":false},"author":1,"featured_media":99,"comment_status":"open","ping_status":"open","sticky":false,"template":"","format":"standard","meta":{"jetpack_post_was_ever_published":false,"_jetpack_newsletter_access":"","_jetpack_dont_email_post_to_subs":false,"_jetpack_newsletter_tier_id":0,"_jetpack_memberships_contains_paywalled_content":false,"_jetpack_memberships_contains_paid_content":false,"footnotes":"","jetpack_publicize_message":"","jetpack_publicize_feature_enabled":true,"jetpack_social_post_already_shared":true,"jetpack_social_options":{"image_generator_settings":{"template":"highway","default_image_id":0,"font":"","enabled":false},"version":2},"_wpas_customize_per_network":false},"categories":[28],"tags":[35,36,37],"class_list":["post-84","post","type-post","status-publish","format-standard","has-post-thumbnail","hentry","category-krimskrams","tag-alte-buerger","tag-jens-rilke","tag-quartiersmeisterei"],"yoast_head":"<!-- This site is optimized with the Yoast SEO Premium plugin v27.3 (Yoast SEO v27.3) - https:\/\/yoast.com\/product\/yoast-seo-premium-wordpress\/ -->\n<title>Kommentar: Arbeit der Quartiersmeisterei &quot;Alte B\u00fcrger&quot; gesichert - Timos Paper<\/title>\n<meta name=\"robots\" content=\"index, follow, max-snippet:-1, max-image-preview:large, max-video-preview:-1\" \/>\n<link rel=\"canonical\" href=\"https:\/\/hoerske.de\/blog\/2015\/02\/kommentar-arbeit-der-quartiersmeisterei-alte-buerger-gesichert\/\" \/>\n<meta property=\"og:locale\" content=\"de_DE\" \/>\n<meta property=\"og:type\" content=\"article\" \/>\n<meta property=\"og:title\" content=\"Kommentar: Arbeit der Quartiersmeisterei &quot;Alte B\u00fcrger&quot; gesichert\" \/>\n<meta property=\"og:description\" content=\"Bis min. 2020 kann Jens Rilke seine erfolgreiche Arbeit weiter fortf\u00fchren. Wie bisher wird das Projekt h\u00e4lftig mit Mitteln aus dem Europ\u00e4ischen F\u00f6rderprogramm f\u00fcr regionale Entwicklung (EFRE) und dem Amt f\u00fcr kommunale Arbeitsmarktpolitik finanziert. Insgesamt werden bis 2020 1,2 Millionen Euro f\u00fcr die Weiterentwicklung der &#8220;Alten B\u00fcrger&#8221; bereitgestellt. Als Wahlbremerhavener\" \/>\n<meta property=\"og:url\" content=\"https:\/\/hoerske.de\/blog\/2015\/02\/kommentar-arbeit-der-quartiersmeisterei-alte-buerger-gesichert\/\" \/>\n<meta property=\"og:site_name\" content=\"Timos Paper\" \/>\n<meta property=\"article:publisher\" content=\"https:\/\/www.facebook.com\/timo.hoerske\" \/>\n<meta property=\"article:author\" content=\"https:\/\/www.facebook.com\/timo.hoerske\" \/>\n<meta property=\"article:published_time\" content=\"2015-02-09T21:45:11+00:00\" \/>\n<meta property=\"article:modified_time\" content=\"2015-10-27T14:51:44+00:00\" \/>\n<meta property=\"og:image\" content=\"https:\/\/i0.wp.com\/blog.hoerske.de\/wp-content\/uploads\/2015\/02\/DSCF34841.jpg?fit=3648%2C2736\" \/>\n\t<meta property=\"og:image:width\" content=\"3648\" \/>\n\t<meta property=\"og:image:height\" content=\"2736\" \/>\n\t<meta property=\"og:image:type\" content=\"image\/jpeg\" \/>\n<meta name=\"author\" content=\"Timo H\u00f6rske\" \/>\n<meta name=\"twitter:card\" content=\"summary_large_image\" \/>\n<meta name=\"twitter:creator\" content=\"@timo_hoerske\" \/>\n<meta name=\"twitter:site\" content=\"@timo_hoerske\" \/>\n<meta name=\"twitter:label1\" content=\"Verfasst von\" \/>\n\t<meta name=\"twitter:data1\" content=\"Timo H\u00f6rske\" \/>\n\t<meta name=\"twitter:label2\" content=\"Gesch\u00e4tzte Lesezeit\" \/>\n\t<meta name=\"twitter:data2\" content=\"1\u00a0Minute\" \/>\n<script type=\"application\/ld+json\" class=\"yoast-schema-graph\">{\"@context\":\"https:\\\/\\\/schema.org\",\"@graph\":[{\"@type\":\"Article\",\"@id\":\"https:\\\/\\\/hoerske.de\\\/blog\\\/2015\\\/02\\\/kommentar-arbeit-der-quartiersmeisterei-alte-buerger-gesichert\\\/#article\",\"isPartOf\":{\"@id\":\"https:\\\/\\\/hoerske.de\\\/blog\\\/2015\\\/02\\\/kommentar-arbeit-der-quartiersmeisterei-alte-buerger-gesichert\\\/\"},\"author\":{\"name\":\"Timo H\u00f6rske\",\"@id\":\"https:\\\/\\\/hoerske.de\\\/blog\\\/#\\\/schema\\\/person\\\/20677cf2167fc7027b752c3bba78d5fc\"},\"headline\":\"Kommentar: Arbeit der Quartiersmeisterei &#8220;Alte B\u00fcrger&#8221; gesichert\",\"datePublished\":\"2015-02-09T21:45:11+00:00\",\"dateModified\":\"2015-10-27T14:51:44+00:00\",\"mainEntityOfPage\":{\"@id\":\"https:\\\/\\\/hoerske.de\\\/blog\\\/2015\\\/02\\\/kommentar-arbeit-der-quartiersmeisterei-alte-buerger-gesichert\\\/\"},\"wordCount\":255,\"commentCount\":0,\"publisher\":{\"@id\":\"https:\\\/\\\/hoerske.de\\\/blog\\\/#\\\/schema\\\/person\\\/20677cf2167fc7027b752c3bba78d5fc\"},\"image\":{\"@id\":\"https:\\\/\\\/hoerske.de\\\/blog\\\/2015\\\/02\\\/kommentar-arbeit-der-quartiersmeisterei-alte-buerger-gesichert\\\/#primaryimage\"},\"thumbnailUrl\":\"https:\\\/\\\/i0.wp.com\\\/hoerske.de\\\/blog\\\/wp-content\\\/uploads\\\/2015\\\/02\\\/DSCF34841.jpg?fit=3648%2C2736&ssl=1\",\"keywords\":[\"Alte B\u00fcrger\",\"Jens Rilke\",\"Quartiersmeisterei\"],\"articleSection\":[\"Krimskrams\"],\"inLanguage\":\"de\",\"potentialAction\":[{\"@type\":\"CommentAction\",\"name\":\"Comment\",\"target\":[\"https:\\\/\\\/hoerske.de\\\/blog\\\/2015\\\/02\\\/kommentar-arbeit-der-quartiersmeisterei-alte-buerger-gesichert\\\/#respond\"]}]},{\"@type\":\"WebPage\",\"@id\":\"https:\\\/\\\/hoerske.de\\\/blog\\\/2015\\\/02\\\/kommentar-arbeit-der-quartiersmeisterei-alte-buerger-gesichert\\\/\",\"url\":\"https:\\\/\\\/hoerske.de\\\/blog\\\/2015\\\/02\\\/kommentar-arbeit-der-quartiersmeisterei-alte-buerger-gesichert\\\/\",\"name\":\"Kommentar: Arbeit der Quartiersmeisterei \\\"Alte B\u00fcrger\\\" gesichert - Timos Paper\",\"isPartOf\":{\"@id\":\"https:\\\/\\\/hoerske.de\\\/blog\\\/#website\"},\"primaryImageOfPage\":{\"@id\":\"https:\\\/\\\/hoerske.de\\\/blog\\\/2015\\\/02\\\/kommentar-arbeit-der-quartiersmeisterei-alte-buerger-gesichert\\\/#primaryimage\"},\"image\":{\"@id\":\"https:\\\/\\\/hoerske.de\\\/blog\\\/2015\\\/02\\\/kommentar-arbeit-der-quartiersmeisterei-alte-buerger-gesichert\\\/#primaryimage\"},\"thumbnailUrl\":\"https:\\\/\\\/i0.wp.com\\\/hoerske.de\\\/blog\\\/wp-content\\\/uploads\\\/2015\\\/02\\\/DSCF34841.jpg?fit=3648%2C2736&ssl=1\",\"datePublished\":\"2015-02-09T21:45:11+00:00\",\"dateModified\":\"2015-10-27T14:51:44+00:00\",\"breadcrumb\":{\"@id\":\"https:\\\/\\\/hoerske.de\\\/blog\\\/2015\\\/02\\\/kommentar-arbeit-der-quartiersmeisterei-alte-buerger-gesichert\\\/#breadcrumb\"},\"inLanguage\":\"de\",\"potentialAction\":[{\"@type\":\"ReadAction\",\"target\":[\"https:\\\/\\\/hoerske.de\\\/blog\\\/2015\\\/02\\\/kommentar-arbeit-der-quartiersmeisterei-alte-buerger-gesichert\\\/\"]}]},{\"@type\":\"ImageObject\",\"inLanguage\":\"de\",\"@id\":\"https:\\\/\\\/hoerske.de\\\/blog\\\/2015\\\/02\\\/kommentar-arbeit-der-quartiersmeisterei-alte-buerger-gesichert\\\/#primaryimage\",\"url\":\"https:\\\/\\\/i0.wp.com\\\/hoerske.de\\\/blog\\\/wp-content\\\/uploads\\\/2015\\\/02\\\/DSCF34841.jpg?fit=3648%2C2736&ssl=1\",\"contentUrl\":\"https:\\\/\\\/i0.wp.com\\\/hoerske.de\\\/blog\\\/wp-content\\\/uploads\\\/2015\\\/02\\\/DSCF34841.jpg?fit=3648%2C2736&ssl=1\",\"width\":3648,\"height\":2736,\"caption\":\"... und so die andere Seite!\"},{\"@type\":\"BreadcrumbList\",\"@id\":\"https:\\\/\\\/hoerske.de\\\/blog\\\/2015\\\/02\\\/kommentar-arbeit-der-quartiersmeisterei-alte-buerger-gesichert\\\/#breadcrumb\",\"itemListElement\":[{\"@type\":\"ListItem\",\"position\":1,\"name\":\"Startseite\",\"item\":\"https:\\\/\\\/hoerske.de\\\/blog\\\/\"},{\"@type\":\"ListItem\",\"position\":2,\"name\":\"Kommentar: Arbeit der Quartiersmeisterei &#8220;Alte B\u00fcrger&#8221; gesichert\"}]},{\"@type\":\"WebSite\",\"@id\":\"https:\\\/\\\/hoerske.de\\\/blog\\\/#website\",\"url\":\"https:\\\/\\\/hoerske.de\\\/blog\\\/\",\"name\":\"Timos Blog\",\"description\":\"ego cogito, ergo sum\",\"publisher\":{\"@id\":\"https:\\\/\\\/hoerske.de\\\/blog\\\/#\\\/schema\\\/person\\\/20677cf2167fc7027b752c3bba78d5fc\"},\"potentialAction\":[{\"@type\":\"SearchAction\",\"target\":{\"@type\":\"EntryPoint\",\"urlTemplate\":\"https:\\\/\\\/hoerske.de\\\/blog\\\/?s={search_term_string}\"},\"query-input\":{\"@type\":\"PropertyValueSpecification\",\"valueRequired\":true,\"valueName\":\"search_term_string\"}}],\"inLanguage\":\"de\"},{\"@type\":[\"Person\",\"Organization\"],\"@id\":\"https:\\\/\\\/hoerske.de\\\/blog\\\/#\\\/schema\\\/person\\\/20677cf2167fc7027b752c3bba78d5fc\",\"name\":\"Timo H\u00f6rske\",\"image\":{\"@type\":\"ImageObject\",\"inLanguage\":\"de\",\"@id\":\"https:\\\/\\\/i0.wp.com\\\/hoerske.de\\\/blog\\\/wp-content\\\/uploads\\\/2023\\\/01\\\/16711213967602.jpg?fit=1024%2C954&ssl=1\",\"url\":\"https:\\\/\\\/i0.wp.com\\\/hoerske.de\\\/blog\\\/wp-content\\\/uploads\\\/2023\\\/01\\\/16711213967602.jpg?fit=1024%2C954&ssl=1\",\"contentUrl\":\"https:\\\/\\\/i0.wp.com\\\/hoerske.de\\\/blog\\\/wp-content\\\/uploads\\\/2023\\\/01\\\/16711213967602.jpg?fit=1024%2C954&ssl=1\",\"width\":1024,\"height\":954,\"caption\":\"Timo H\u00f6rske\"},\"logo\":{\"@id\":\"https:\\\/\\\/i0.wp.com\\\/hoerske.de\\\/blog\\\/wp-content\\\/uploads\\\/2023\\\/01\\\/16711213967602.jpg?fit=1024%2C954&ssl=1\"},\"description\":\"Jahrgang 1985, als \\\"Ossi\\\" geboren, im beschaulichen Premnitz an der Havel aufgewachsen. Natur- und Kunstliebhaber. Seit \u00fcber 10 Jahren Wahlbremerhavener, K\u00fcsten- und Windfan. So ziemlich an Allem interessiert. Schwerpunkte sind aber eindeutig Politik, Gesellschaft, Rechtswesen, Natur, Imkerei und Technik. Rotes Parteibuch, Mitglied des Jugendhilfeausschusses der Stadt Bremerhaven, Vorsitzender eines Kleing\u00e4rtnervereins, Fachberater f\u00fcr das Kleingartenwesen, Verbandschef der Bremerhavener Kleing\u00e4rtner*innen. Hobbyimker, Freizeitblogger, Techniknerd.\",\"sameAs\":[\"https:\\\/\\\/www.hoerske.de\\\/\",\"https:\\\/\\\/www.facebook.com\\\/timo.hoerske\",\"https:\\\/\\\/www.instagram.com\\\/thoerske\\\/\",\"https:\\\/\\\/x.com\\\/timo_hoerske\"],\"url\":\"https:\\\/\\\/hoerske.de\\\/blog\\\/author\\\/roter_admin\\\/\"}]}<\/script>\n<!-- \/ Yoast SEO Premium plugin. -->","yoast_head_json":{"title":"Kommentar: Arbeit der Quartiersmeisterei \"Alte B\u00fcrger\" gesichert - Timos Paper","robots":{"index":"index","follow":"follow","max-snippet":"max-snippet:-1","max-image-preview":"max-image-preview:large","max-video-preview":"max-video-preview:-1"},"canonical":"https:\/\/hoerske.de\/blog\/2015\/02\/kommentar-arbeit-der-quartiersmeisterei-alte-buerger-gesichert\/","og_locale":"de_DE","og_type":"article","og_title":"Kommentar: Arbeit der Quartiersmeisterei \"Alte B\u00fcrger\" gesichert","og_description":"Bis min. 2020 kann Jens Rilke seine erfolgreiche Arbeit weiter fortf\u00fchren. Wie bisher wird das Projekt h\u00e4lftig mit Mitteln aus dem Europ\u00e4ischen F\u00f6rderprogramm f\u00fcr regionale Entwicklung (EFRE) und dem Amt f\u00fcr kommunale Arbeitsmarktpolitik finanziert. Insgesamt werden bis 2020 1,2 Millionen Euro f\u00fcr die Weiterentwicklung der &#8220;Alten B\u00fcrger&#8221; bereitgestellt. Als Wahlbremerhavener","og_url":"https:\/\/hoerske.de\/blog\/2015\/02\/kommentar-arbeit-der-quartiersmeisterei-alte-buerger-gesichert\/","og_site_name":"Timos Paper","article_publisher":"https:\/\/www.facebook.com\/timo.hoerske","article_author":"https:\/\/www.facebook.com\/timo.hoerske","article_published_time":"2015-02-09T21:45:11+00:00","article_modified_time":"2015-10-27T14:51:44+00:00","og_image":[{"width":3648,"height":2736,"url":"https:\/\/i0.wp.com\/blog.hoerske.de\/wp-content\/uploads\/2015\/02\/DSCF34841.jpg?fit=3648%2C2736","type":"image\/jpeg"}],"author":"Timo H\u00f6rske","twitter_card":"summary_large_image","twitter_creator":"@timo_hoerske","twitter_site":"@timo_hoerske","twitter_misc":{"Verfasst von":"Timo H\u00f6rske","Gesch\u00e4tzte Lesezeit":"1\u00a0Minute"},"schema":{"@context":"https:\/\/schema.org","@graph":[{"@type":"Article","@id":"https:\/\/hoerske.de\/blog\/2015\/02\/kommentar-arbeit-der-quartiersmeisterei-alte-buerger-gesichert\/#article","isPartOf":{"@id":"https:\/\/hoerske.de\/blog\/2015\/02\/kommentar-arbeit-der-quartiersmeisterei-alte-buerger-gesichert\/"},"author":{"name":"Timo H\u00f6rske","@id":"https:\/\/hoerske.de\/blog\/#\/schema\/person\/20677cf2167fc7027b752c3bba78d5fc"},"headline":"Kommentar: Arbeit der Quartiersmeisterei &#8220;Alte B\u00fcrger&#8221; gesichert","datePublished":"2015-02-09T21:45:11+00:00","dateModified":"2015-10-27T14:51:44+00:00","mainEntityOfPage":{"@id":"https:\/\/hoerske.de\/blog\/2015\/02\/kommentar-arbeit-der-quartiersmeisterei-alte-buerger-gesichert\/"},"wordCount":255,"commentCount":0,"publisher":{"@id":"https:\/\/hoerske.de\/blog\/#\/schema\/person\/20677cf2167fc7027b752c3bba78d5fc"},"image":{"@id":"https:\/\/hoerske.de\/blog\/2015\/02\/kommentar-arbeit-der-quartiersmeisterei-alte-buerger-gesichert\/#primaryimage"},"thumbnailUrl":"https:\/\/i0.wp.com\/hoerske.de\/blog\/wp-content\/uploads\/2015\/02\/DSCF34841.jpg?fit=3648%2C2736&ssl=1","keywords":["Alte B\u00fcrger","Jens Rilke","Quartiersmeisterei"],"articleSection":["Krimskrams"],"inLanguage":"de","potentialAction":[{"@type":"CommentAction","name":"Comment","target":["https:\/\/hoerske.de\/blog\/2015\/02\/kommentar-arbeit-der-quartiersmeisterei-alte-buerger-gesichert\/#respond"]}]},{"@type":"WebPage","@id":"https:\/\/hoerske.de\/blog\/2015\/02\/kommentar-arbeit-der-quartiersmeisterei-alte-buerger-gesichert\/","url":"https:\/\/hoerske.de\/blog\/2015\/02\/kommentar-arbeit-der-quartiersmeisterei-alte-buerger-gesichert\/","name":"Kommentar: Arbeit der Quartiersmeisterei \"Alte B\u00fcrger\" gesichert - Timos Paper","isPartOf":{"@id":"https:\/\/hoerske.de\/blog\/#website"},"primaryImageOfPage":{"@id":"https:\/\/hoerske.de\/blog\/2015\/02\/kommentar-arbeit-der-quartiersmeisterei-alte-buerger-gesichert\/#primaryimage"},"image":{"@id":"https:\/\/hoerske.de\/blog\/2015\/02\/kommentar-arbeit-der-quartiersmeisterei-alte-buerger-gesichert\/#primaryimage"},"thumbnailUrl":"https:\/\/i0.wp.com\/hoerske.de\/blog\/wp-content\/uploads\/2015\/02\/DSCF34841.jpg?fit=3648%2C2736&ssl=1","datePublished":"2015-02-09T21:45:11+00:00","dateModified":"2015-10-27T14:51:44+00:00","breadcrumb":{"@id":"https:\/\/hoerske.de\/blog\/2015\/02\/kommentar-arbeit-der-quartiersmeisterei-alte-buerger-gesichert\/#breadcrumb"},"inLanguage":"de","potentialAction":[{"@type":"ReadAction","target":["https:\/\/hoerske.de\/blog\/2015\/02\/kommentar-arbeit-der-quartiersmeisterei-alte-buerger-gesichert\/"]}]},{"@type":"ImageObject","inLanguage":"de","@id":"https:\/\/hoerske.de\/blog\/2015\/02\/kommentar-arbeit-der-quartiersmeisterei-alte-buerger-gesichert\/#primaryimage","url":"https:\/\/i0.wp.com\/hoerske.de\/blog\/wp-content\/uploads\/2015\/02\/DSCF34841.jpg?fit=3648%2C2736&ssl=1","contentUrl":"https:\/\/i0.wp.com\/hoerske.de\/blog\/wp-content\/uploads\/2015\/02\/DSCF34841.jpg?fit=3648%2C2736&ssl=1","width":3648,"height":2736,"caption":"... und so die andere Seite!"},{"@type":"BreadcrumbList","@id":"https:\/\/hoerske.de\/blog\/2015\/02\/kommentar-arbeit-der-quartiersmeisterei-alte-buerger-gesichert\/#breadcrumb","itemListElement":[{"@type":"ListItem","position":1,"name":"Startseite","item":"https:\/\/hoerske.de\/blog\/"},{"@type":"ListItem","position":2,"name":"Kommentar: Arbeit der Quartiersmeisterei &#8220;Alte B\u00fcrger&#8221; gesichert"}]},{"@type":"WebSite","@id":"https:\/\/hoerske.de\/blog\/#website","url":"https:\/\/hoerske.de\/blog\/","name":"Timos Blog","description":"ego cogito, ergo sum","publisher":{"@id":"https:\/\/hoerske.de\/blog\/#\/schema\/person\/20677cf2167fc7027b752c3bba78d5fc"},"potentialAction":[{"@type":"SearchAction","target":{"@type":"EntryPoint","urlTemplate":"https:\/\/hoerske.de\/blog\/?s={search_term_string}"},"query-input":{"@type":"PropertyValueSpecification","valueRequired":true,"valueName":"search_term_string"}}],"inLanguage":"de"},{"@type":["Person","Organization"],"@id":"https:\/\/hoerske.de\/blog\/#\/schema\/person\/20677cf2167fc7027b752c3bba78d5fc","name":"Timo H\u00f6rske","image":{"@type":"ImageObject","inLanguage":"de","@id":"https:\/\/i0.wp.com\/hoerske.de\/blog\/wp-content\/uploads\/2023\/01\/16711213967602.jpg?fit=1024%2C954&ssl=1","url":"https:\/\/i0.wp.com\/hoerske.de\/blog\/wp-content\/uploads\/2023\/01\/16711213967602.jpg?fit=1024%2C954&ssl=1","contentUrl":"https:\/\/i0.wp.com\/hoerske.de\/blog\/wp-content\/uploads\/2023\/01\/16711213967602.jpg?fit=1024%2C954&ssl=1","width":1024,"height":954,"caption":"Timo H\u00f6rske"},"logo":{"@id":"https:\/\/i0.wp.com\/hoerske.de\/blog\/wp-content\/uploads\/2023\/01\/16711213967602.jpg?fit=1024%2C954&ssl=1"},"description":"Jahrgang 1985, als \"Ossi\" geboren, im beschaulichen Premnitz an der Havel aufgewachsen. Natur- und Kunstliebhaber. Seit \u00fcber 10 Jahren Wahlbremerhavener, K\u00fcsten- und Windfan. So ziemlich an Allem interessiert. Schwerpunkte sind aber eindeutig Politik, Gesellschaft, Rechtswesen, Natur, Imkerei und Technik. Rotes Parteibuch, Mitglied des Jugendhilfeausschusses der Stadt Bremerhaven, Vorsitzender eines Kleing\u00e4rtnervereins, Fachberater f\u00fcr das Kleingartenwesen, Verbandschef der Bremerhavener Kleing\u00e4rtner*innen. Hobbyimker, Freizeitblogger, Techniknerd.","sameAs":["https:\/\/www.hoerske.de\/","https:\/\/www.facebook.com\/timo.hoerske","https:\/\/www.instagram.com\/thoerske\/","https:\/\/x.com\/timo_hoerske"],"url":"https:\/\/hoerske.de\/blog\/author\/roter_admin\/"}]}},"jetpack_publicize_connections":[],"jetpack_featured_media_url":"https:\/\/i0.wp.com\/hoerske.de\/blog\/wp-content\/uploads\/2015\/02\/DSCF34841.jpg?fit=3648%2C2736&ssl=1","jetpack_shortlink":"https:\/\/wp.me\/p4W3ht-1m","jetpack_sharing_enabled":true,"_links":{"self":[{"href":"https:\/\/hoerske.de\/blog\/wp-json\/wp\/v2\/posts\/84","targetHints":{"allow":["GET"]}}],"collection":[{"href":"https:\/\/hoerske.de\/blog\/wp-json\/wp\/v2\/posts"}],"about":[{"href":"https:\/\/hoerske.de\/blog\/wp-json\/wp\/v2\/types\/post"}],"author":[{"embeddable":true,"href":"https:\/\/hoerske.de\/blog\/wp-json\/wp\/v2\/users\/1"}],"replies":[{"embeddable":true,"href":"https:\/\/hoerske.de\/blog\/wp-json\/wp\/v2\/comments?post=84"}],"version-history":[{"count":0,"href":"https:\/\/hoerske.de\/blog\/wp-json\/wp\/v2\/posts\/84\/revisions"}],"wp:featuredmedia":[{"embeddable":true,"href":"https:\/\/hoerske.de\/blog\/wp-json\/wp\/v2\/media\/99"}],"wp:attachment":[{"href":"https:\/\/hoerske.de\/blog\/wp-json\/wp\/v2\/media?parent=84"}],"wp:term":[{"taxonomy":"category","embeddable":true,"href":"https:\/\/hoerske.de\/blog\/wp-json\/wp\/v2\/categories?post=84"},{"taxonomy":"post_tag","embeddable":true,"href":"https:\/\/hoerske.de\/blog\/wp-json\/wp\/v2\/tags?post=84"}],"curies":[{"name":"wp","href":"https:\/\/api.w.org\/{rel}","templated":true}]}}