{"id":774,"date":"2015-10-27T20:53:09","date_gmt":"2015-10-27T18:53:09","guid":{"rendered":"https:\/\/www.hoerske.de\/?p=774"},"modified":"2015-11-03T11:05:16","modified_gmt":"2015-11-03T09:05:16","slug":"neues-design-andere-ausrichtung","status":"publish","type":"post","link":"https:\/\/hoerske.de\/blog\/2015\/10\/neues-design-andere-ausrichtung\/","title":{"rendered":"Neues Design, andere Ausrichtung&#8230;"},"content":{"rendered":"<p>Seit einiger Zeit habe ich im Hintergrund am neuen Design gewerkelt, nun kann ich euch ganz stolz pr\u00e4sentieren: Mein Blog hat ein neues Outfit bekommen. Nicht nur optisch hat sich einiges getan auch strukturell ist Vieles anders geworden!<\/p>\n<p><a href=\"https:\/\/i0.wp.com\/www.hoerske.de\/blog\/wp-content\/uploads\/2015\/10\/coverup.jpg?ssl=1\"><img data-recalc-dims=\"1\" loading=\"lazy\" decoding=\"async\" class=\"alignleft size-medium wp-image-775\" src=\"https:\/\/i0.wp.com\/www.hoerske.de\/blog\/wp-content\/uploads\/2015\/10\/coverup-300x239.jpg?resize=300%2C239&#038;ssl=1\" alt=\"Design CoverUp\" width=\"300\" height=\"239\" srcset=\"https:\/\/i0.wp.com\/hoerske.de\/blog\/wp-content\/uploads\/2015\/10\/coverup.jpg?resize=300%2C239&amp;ssl=1 300w, https:\/\/i0.wp.com\/hoerske.de\/blog\/wp-content\/uploads\/2015\/10\/coverup.jpg?w=963&amp;ssl=1 963w\" sizes=\"auto, (max-width: 300px) 100vw, 300px\" \/><\/a>F\u00fcr mich gibt es einige Gr\u00fcnde f\u00fcr das neue Template. Allen Motivationen voran ist die Tatsache, dass das bisherige Template nicht mehr allen Funktionen des Content Management System WordPress ((<a href=\"https:\/\/wordpress.org\/\" target=\"_blank\">https:\/\/wordpress.org\/<\/a>)) gerecht wurde. Viele tolle Neuerungen konnte ich nicht verwenden, dass fand ich ehrlich gesagt Schade. Denn wie viele M\u00e4nner spiele ich auch gerne mit technischen Neuerungen. Davon bekommt ihr liebe Leserinnen und Leser nur einen Bruchteil wirklich mit. F\u00fcr mich wird die Benutzung aber deutlich erleichtert. Vielleicht schaffe ich es dann auch mal schneller und h\u00e4ufiger einen Artikel online zu stellen.<\/p>\n<p>Schon auf dem ersten Blick ist ersichtlich: Die Artikel sind nicht mehr der Reihe nach chronologisch geordnet. Nur noch im oberen Bereich der Seite sind die letzten 9 aktuellen Beitr\u00e4ge zu sehen. Darunter gibt es jetzt Bl\u00f6cke mit wechselndem Inhalt u.a. nach Kategorien und Beliebtheit sortierten Artikeln. Ich erhoffe mir davon euch schon auf der Startseite die Dinge zu pr\u00e4sentieren, die euch wirklich interessieren. Weiterhin in der gleichen Zielrichtung liegt die Gewichtung nun mehr auf den Kategorien und der Hervorhebung der beliebtesten Themen in der Sidebar und in der Artikelansicht.<\/p>\n<p>Neu ist auch der verbesserte Footer, der vorallem der besseren Orientierung mit Sitemap und Kategorienauswahl ausgestattet ist. Ebenfalls deutlich anders ist die Konzentration auf Vorschaubilder, diese hatte ich bisher nur stiefm\u00fctterlich behandelt. Darauf legt das neue Template mehr Wert.<\/p>\n<p>Um Platz f\u00fcr alle neuen Infos und Ansichten ist der Blog in die Breite gegangen, wie bei vielen Dingen die \u00e4lter werden *grins*. Trotzdem habe ich darauf geachtet, dass das Responsive Design f\u00fcr mobile Endger\u00e4te weiterhin zuverl\u00e4ssig funktioniert. Wenn euch irgendwo noch Unstimmigkeiten, nicht funktionierende Anzeige etc. begegnen, dann <a href=\"https:\/\/www.hoerske.de\/blog\/kontakt\/\">schreibt mir!<\/a> Nur so kann ich Fehler entdecken und die Seite f\u00fcr euch weiterentwickeln. Ich k\u00f6nnte mir nat\u00fcrlich auch einfach nur schreiben, wenn euch das neue Design gef\u00e4llt.<\/p>\n<p>ERG\u00c4NZUNG: Nun gibt es auch Tooltips f\u00fcr ausgew\u00e4hlte Begriffe \u00fcber <a href=\"https:\/\/de.wikipedia.org\/wiki\/Wikipedia:Hauptseite\">Wikipedia<\/a>. Desweiteren findet Ihr meine Blogbeitr\u00e4ge nun auch auf<a href=\"http:\/\/www.trusted-blogs.com\/magazin\/blog\/1721\"> trusted blogs<\/a>.<\/p>\n","protected":false},"excerpt":{"rendered":"<p>Seit einiger Zeit habe ich im Hintergrund am neuen Design gewerkelt, nun kann ich euch ganz stolz pr\u00e4sentieren: Mein Blog hat ein neues Outfit bekommen. Nicht nur optisch hat sich einiges getan auch strukturell ist Vieles anders geworden! F\u00fcr mich gibt es einige Gr\u00fcnde f\u00fcr das neue Template. Allen Motivationen<\/p>\n","protected":false},"author":1,"featured_media":775,"comment_status":"open","ping_status":"open","sticky":false,"template":"","format":"standard","meta":{"jetpack_post_was_ever_published":false,"_jetpack_newsletter_access":"","_jetpack_dont_email_post_to_subs":false,"_jetpack_newsletter_tier_id":0,"_jetpack_memberships_contains_paywalled_content":false,"_jetpack_memberships_contains_paid_content":false,"footnotes":"","jetpack_publicize_message":"Neues Design, andere Ausrichtung...","jetpack_publicize_feature_enabled":true,"jetpack_social_post_already_shared":true,"jetpack_social_options":{"image_generator_settings":{"template":"highway","default_image_id":0,"font":"","enabled":false},"version":2},"_wpas_customize_per_network":false},"categories":[178],"tags":[201,203,204,202,190],"class_list":["post-774","post","type-post","status-publish","format-standard","has-post-thumbnail","hentry","category-technik","tag-cms","tag-design","tag-funktionen","tag-template","tag-wordpress"],"yoast_head":"<!-- This site is optimized with the Yoast SEO Premium plugin v27.3 (Yoast SEO v27.3) - https:\/\/yoast.com\/product\/yoast-seo-premium-wordpress\/ -->\n<title>Neues Design, andere Ausrichtung... - Timos Paper<\/title>\n<meta name=\"description\" content=\"Seit einiger Zeit habe ich im Hintergrund am neuen Design gewerkelt, nun kann ich euch ganz stolz pr\u00e4sentieren: Mein Blog hat ein neues Outfit bekommen.\" \/>\n<meta name=\"robots\" content=\"index, follow, max-snippet:-1, max-image-preview:large, max-video-preview:-1\" \/>\n<link rel=\"canonical\" href=\"https:\/\/hoerske.de\/blog\/2015\/10\/neues-design-andere-ausrichtung\/\" \/>\n<meta property=\"og:locale\" content=\"de_DE\" \/>\n<meta property=\"og:type\" content=\"article\" \/>\n<meta property=\"og:title\" content=\"Neues Design, andere Ausrichtung...\" \/>\n<meta property=\"og:description\" content=\"Seit einiger Zeit habe ich im Hintergrund am neuen Design gewerkelt, nun kann ich euch ganz stolz pr\u00e4sentieren: Mein Blog hat ein neues Outfit bekommen.\" \/>\n<meta property=\"og:url\" content=\"https:\/\/hoerske.de\/blog\/2015\/10\/neues-design-andere-ausrichtung\/\" \/>\n<meta property=\"og:site_name\" content=\"Timos Paper\" \/>\n<meta property=\"article:publisher\" content=\"https:\/\/www.facebook.com\/timo.hoerske\" \/>\n<meta property=\"article:author\" content=\"https:\/\/www.facebook.com\/timo.hoerske\" \/>\n<meta property=\"article:published_time\" content=\"2015-10-27T18:53:09+00:00\" \/>\n<meta property=\"article:modified_time\" content=\"2015-11-03T09:05:16+00:00\" \/>\n<meta property=\"og:image\" content=\"https:\/\/i0.wp.com\/blog.hoerske.de\/wp-content\/uploads\/2015\/10\/coverup.jpg?fit=963%2C768\" \/>\n\t<meta property=\"og:image:width\" content=\"963\" \/>\n\t<meta property=\"og:image:height\" content=\"768\" \/>\n\t<meta property=\"og:image:type\" content=\"image\/jpeg\" \/>\n<meta name=\"author\" content=\"Timo H\u00f6rske\" \/>\n<meta name=\"twitter:card\" content=\"summary_large_image\" \/>\n<meta name=\"twitter:creator\" content=\"@timo_hoerske\" \/>\n<meta name=\"twitter:site\" content=\"@timo_hoerske\" \/>\n<meta name=\"twitter:label1\" content=\"Verfasst von\" \/>\n\t<meta name=\"twitter:data1\" content=\"Timo H\u00f6rske\" \/>\n\t<meta name=\"twitter:label2\" content=\"Gesch\u00e4tzte Lesezeit\" \/>\n\t<meta name=\"twitter:data2\" content=\"2\u00a0Minuten\" \/>\n<script type=\"application\/ld+json\" class=\"yoast-schema-graph\">{\"@context\":\"https:\\\/\\\/schema.org\",\"@graph\":[{\"@type\":\"Article\",\"@id\":\"https:\\\/\\\/hoerske.de\\\/blog\\\/2015\\\/10\\\/neues-design-andere-ausrichtung\\\/#article\",\"isPartOf\":{\"@id\":\"https:\\\/\\\/hoerske.de\\\/blog\\\/2015\\\/10\\\/neues-design-andere-ausrichtung\\\/\"},\"author\":{\"name\":\"Timo H\u00f6rske\",\"@id\":\"https:\\\/\\\/hoerske.de\\\/blog\\\/#\\\/schema\\\/person\\\/20677cf2167fc7027b752c3bba78d5fc\"},\"headline\":\"Neues Design, andere Ausrichtung&#8230;\",\"datePublished\":\"2015-10-27T18:53:09+00:00\",\"dateModified\":\"2015-11-03T09:05:16+00:00\",\"mainEntityOfPage\":{\"@id\":\"https:\\\/\\\/hoerske.de\\\/blog\\\/2015\\\/10\\\/neues-design-andere-ausrichtung\\\/\"},\"wordCount\":385,\"commentCount\":0,\"publisher\":{\"@id\":\"https:\\\/\\\/hoerske.de\\\/blog\\\/#\\\/schema\\\/person\\\/20677cf2167fc7027b752c3bba78d5fc\"},\"image\":{\"@id\":\"https:\\\/\\\/hoerske.de\\\/blog\\\/2015\\\/10\\\/neues-design-andere-ausrichtung\\\/#primaryimage\"},\"thumbnailUrl\":\"https:\\\/\\\/i0.wp.com\\\/hoerske.de\\\/blog\\\/wp-content\\\/uploads\\\/2015\\\/10\\\/coverup.jpg?fit=963%2C768&ssl=1\",\"keywords\":[\"CMS\",\"Design\",\"Funktionen\",\"Template\",\"WordPress\"],\"articleSection\":[\"Technik\"],\"inLanguage\":\"de\",\"potentialAction\":[{\"@type\":\"CommentAction\",\"name\":\"Comment\",\"target\":[\"https:\\\/\\\/hoerske.de\\\/blog\\\/2015\\\/10\\\/neues-design-andere-ausrichtung\\\/#respond\"]}]},{\"@type\":\"WebPage\",\"@id\":\"https:\\\/\\\/hoerske.de\\\/blog\\\/2015\\\/10\\\/neues-design-andere-ausrichtung\\\/\",\"url\":\"https:\\\/\\\/hoerske.de\\\/blog\\\/2015\\\/10\\\/neues-design-andere-ausrichtung\\\/\",\"name\":\"Neues Design, andere Ausrichtung... - Timos Paper\",\"isPartOf\":{\"@id\":\"https:\\\/\\\/hoerske.de\\\/blog\\\/#website\"},\"primaryImageOfPage\":{\"@id\":\"https:\\\/\\\/hoerske.de\\\/blog\\\/2015\\\/10\\\/neues-design-andere-ausrichtung\\\/#primaryimage\"},\"image\":{\"@id\":\"https:\\\/\\\/hoerske.de\\\/blog\\\/2015\\\/10\\\/neues-design-andere-ausrichtung\\\/#primaryimage\"},\"thumbnailUrl\":\"https:\\\/\\\/i0.wp.com\\\/hoerske.de\\\/blog\\\/wp-content\\\/uploads\\\/2015\\\/10\\\/coverup.jpg?fit=963%2C768&ssl=1\",\"datePublished\":\"2015-10-27T18:53:09+00:00\",\"dateModified\":\"2015-11-03T09:05:16+00:00\",\"description\":\"Seit einiger Zeit habe ich im Hintergrund am neuen Design gewerkelt, nun kann ich euch ganz stolz pr\u00e4sentieren: Mein Blog hat ein neues Outfit bekommen.\",\"breadcrumb\":{\"@id\":\"https:\\\/\\\/hoerske.de\\\/blog\\\/2015\\\/10\\\/neues-design-andere-ausrichtung\\\/#breadcrumb\"},\"inLanguage\":\"de\",\"potentialAction\":[{\"@type\":\"ReadAction\",\"target\":[\"https:\\\/\\\/hoerske.de\\\/blog\\\/2015\\\/10\\\/neues-design-andere-ausrichtung\\\/\"]}]},{\"@type\":\"ImageObject\",\"inLanguage\":\"de\",\"@id\":\"https:\\\/\\\/hoerske.de\\\/blog\\\/2015\\\/10\\\/neues-design-andere-ausrichtung\\\/#primaryimage\",\"url\":\"https:\\\/\\\/i0.wp.com\\\/hoerske.de\\\/blog\\\/wp-content\\\/uploads\\\/2015\\\/10\\\/coverup.jpg?fit=963%2C768&ssl=1\",\"contentUrl\":\"https:\\\/\\\/i0.wp.com\\\/hoerske.de\\\/blog\\\/wp-content\\\/uploads\\\/2015\\\/10\\\/coverup.jpg?fit=963%2C768&ssl=1\",\"width\":963,\"height\":768,\"caption\":\"Design CoverUp\"},{\"@type\":\"BreadcrumbList\",\"@id\":\"https:\\\/\\\/hoerske.de\\\/blog\\\/2015\\\/10\\\/neues-design-andere-ausrichtung\\\/#breadcrumb\",\"itemListElement\":[{\"@type\":\"ListItem\",\"position\":1,\"name\":\"Startseite\",\"item\":\"https:\\\/\\\/hoerske.de\\\/blog\\\/\"},{\"@type\":\"ListItem\",\"position\":2,\"name\":\"Neues Design, andere Ausrichtung&#8230;\"}]},{\"@type\":\"WebSite\",\"@id\":\"https:\\\/\\\/hoerske.de\\\/blog\\\/#website\",\"url\":\"https:\\\/\\\/hoerske.de\\\/blog\\\/\",\"name\":\"Timos Blog\",\"description\":\"ego cogito, ergo sum\",\"publisher\":{\"@id\":\"https:\\\/\\\/hoerske.de\\\/blog\\\/#\\\/schema\\\/person\\\/20677cf2167fc7027b752c3bba78d5fc\"},\"potentialAction\":[{\"@type\":\"SearchAction\",\"target\":{\"@type\":\"EntryPoint\",\"urlTemplate\":\"https:\\\/\\\/hoerske.de\\\/blog\\\/?s={search_term_string}\"},\"query-input\":{\"@type\":\"PropertyValueSpecification\",\"valueRequired\":true,\"valueName\":\"search_term_string\"}}],\"inLanguage\":\"de\"},{\"@type\":[\"Person\",\"Organization\"],\"@id\":\"https:\\\/\\\/hoerske.de\\\/blog\\\/#\\\/schema\\\/person\\\/20677cf2167fc7027b752c3bba78d5fc\",\"name\":\"Timo H\u00f6rske\",\"image\":{\"@type\":\"ImageObject\",\"inLanguage\":\"de\",\"@id\":\"https:\\\/\\\/i0.wp.com\\\/hoerske.de\\\/blog\\\/wp-content\\\/uploads\\\/2023\\\/01\\\/16711213967602.jpg?fit=1024%2C954&ssl=1\",\"url\":\"https:\\\/\\\/i0.wp.com\\\/hoerske.de\\\/blog\\\/wp-content\\\/uploads\\\/2023\\\/01\\\/16711213967602.jpg?fit=1024%2C954&ssl=1\",\"contentUrl\":\"https:\\\/\\\/i0.wp.com\\\/hoerske.de\\\/blog\\\/wp-content\\\/uploads\\\/2023\\\/01\\\/16711213967602.jpg?fit=1024%2C954&ssl=1\",\"width\":1024,\"height\":954,\"caption\":\"Timo H\u00f6rske\"},\"logo\":{\"@id\":\"https:\\\/\\\/i0.wp.com\\\/hoerske.de\\\/blog\\\/wp-content\\\/uploads\\\/2023\\\/01\\\/16711213967602.jpg?fit=1024%2C954&ssl=1\"},\"description\":\"Jahrgang 1985, als \\\"Ossi\\\" geboren, im beschaulichen Premnitz an der Havel aufgewachsen. Natur- und Kunstliebhaber. Seit \u00fcber 10 Jahren Wahlbremerhavener, K\u00fcsten- und Windfan. So ziemlich an Allem interessiert. Schwerpunkte sind aber eindeutig Politik, Gesellschaft, Rechtswesen, Natur, Imkerei und Technik. Rotes Parteibuch, Mitglied des Jugendhilfeausschusses der Stadt Bremerhaven, Vorsitzender eines Kleing\u00e4rtnervereins, Fachberater f\u00fcr das Kleingartenwesen, Verbandschef der Bremerhavener Kleing\u00e4rtner*innen. Hobbyimker, Freizeitblogger, Techniknerd.\",\"sameAs\":[\"https:\\\/\\\/www.hoerske.de\\\/\",\"https:\\\/\\\/www.facebook.com\\\/timo.hoerske\",\"https:\\\/\\\/www.instagram.com\\\/thoerske\\\/\",\"https:\\\/\\\/x.com\\\/timo_hoerske\"],\"url\":\"https:\\\/\\\/hoerske.de\\\/blog\\\/author\\\/roter_admin\\\/\"}]}<\/script>\n<!-- \/ Yoast SEO Premium plugin. -->","yoast_head_json":{"title":"Neues Design, andere Ausrichtung... - Timos Paper","description":"Seit einiger Zeit habe ich im Hintergrund am neuen Design gewerkelt, nun kann ich euch ganz stolz pr\u00e4sentieren: Mein Blog hat ein neues Outfit bekommen.","robots":{"index":"index","follow":"follow","max-snippet":"max-snippet:-1","max-image-preview":"max-image-preview:large","max-video-preview":"max-video-preview:-1"},"canonical":"https:\/\/hoerske.de\/blog\/2015\/10\/neues-design-andere-ausrichtung\/","og_locale":"de_DE","og_type":"article","og_title":"Neues Design, andere Ausrichtung...","og_description":"Seit einiger Zeit habe ich im Hintergrund am neuen Design gewerkelt, nun kann ich euch ganz stolz pr\u00e4sentieren: Mein Blog hat ein neues Outfit bekommen.","og_url":"https:\/\/hoerske.de\/blog\/2015\/10\/neues-design-andere-ausrichtung\/","og_site_name":"Timos Paper","article_publisher":"https:\/\/www.facebook.com\/timo.hoerske","article_author":"https:\/\/www.facebook.com\/timo.hoerske","article_published_time":"2015-10-27T18:53:09+00:00","article_modified_time":"2015-11-03T09:05:16+00:00","og_image":[{"width":963,"height":768,"url":"https:\/\/i0.wp.com\/blog.hoerske.de\/wp-content\/uploads\/2015\/10\/coverup.jpg?fit=963%2C768","type":"image\/jpeg"}],"author":"Timo H\u00f6rske","twitter_card":"summary_large_image","twitter_creator":"@timo_hoerske","twitter_site":"@timo_hoerske","twitter_misc":{"Verfasst von":"Timo H\u00f6rske","Gesch\u00e4tzte Lesezeit":"2\u00a0Minuten"},"schema":{"@context":"https:\/\/schema.org","@graph":[{"@type":"Article","@id":"https:\/\/hoerske.de\/blog\/2015\/10\/neues-design-andere-ausrichtung\/#article","isPartOf":{"@id":"https:\/\/hoerske.de\/blog\/2015\/10\/neues-design-andere-ausrichtung\/"},"author":{"name":"Timo H\u00f6rske","@id":"https:\/\/hoerske.de\/blog\/#\/schema\/person\/20677cf2167fc7027b752c3bba78d5fc"},"headline":"Neues Design, andere Ausrichtung&#8230;","datePublished":"2015-10-27T18:53:09+00:00","dateModified":"2015-11-03T09:05:16+00:00","mainEntityOfPage":{"@id":"https:\/\/hoerske.de\/blog\/2015\/10\/neues-design-andere-ausrichtung\/"},"wordCount":385,"commentCount":0,"publisher":{"@id":"https:\/\/hoerske.de\/blog\/#\/schema\/person\/20677cf2167fc7027b752c3bba78d5fc"},"image":{"@id":"https:\/\/hoerske.de\/blog\/2015\/10\/neues-design-andere-ausrichtung\/#primaryimage"},"thumbnailUrl":"https:\/\/i0.wp.com\/hoerske.de\/blog\/wp-content\/uploads\/2015\/10\/coverup.jpg?fit=963%2C768&ssl=1","keywords":["CMS","Design","Funktionen","Template","WordPress"],"articleSection":["Technik"],"inLanguage":"de","potentialAction":[{"@type":"CommentAction","name":"Comment","target":["https:\/\/hoerske.de\/blog\/2015\/10\/neues-design-andere-ausrichtung\/#respond"]}]},{"@type":"WebPage","@id":"https:\/\/hoerske.de\/blog\/2015\/10\/neues-design-andere-ausrichtung\/","url":"https:\/\/hoerske.de\/blog\/2015\/10\/neues-design-andere-ausrichtung\/","name":"Neues Design, andere Ausrichtung... - Timos Paper","isPartOf":{"@id":"https:\/\/hoerske.de\/blog\/#website"},"primaryImageOfPage":{"@id":"https:\/\/hoerske.de\/blog\/2015\/10\/neues-design-andere-ausrichtung\/#primaryimage"},"image":{"@id":"https:\/\/hoerske.de\/blog\/2015\/10\/neues-design-andere-ausrichtung\/#primaryimage"},"thumbnailUrl":"https:\/\/i0.wp.com\/hoerske.de\/blog\/wp-content\/uploads\/2015\/10\/coverup.jpg?fit=963%2C768&ssl=1","datePublished":"2015-10-27T18:53:09+00:00","dateModified":"2015-11-03T09:05:16+00:00","description":"Seit einiger Zeit habe ich im Hintergrund am neuen Design gewerkelt, nun kann ich euch ganz stolz pr\u00e4sentieren: Mein Blog hat ein neues Outfit bekommen.","breadcrumb":{"@id":"https:\/\/hoerske.de\/blog\/2015\/10\/neues-design-andere-ausrichtung\/#breadcrumb"},"inLanguage":"de","potentialAction":[{"@type":"ReadAction","target":["https:\/\/hoerske.de\/blog\/2015\/10\/neues-design-andere-ausrichtung\/"]}]},{"@type":"ImageObject","inLanguage":"de","@id":"https:\/\/hoerske.de\/blog\/2015\/10\/neues-design-andere-ausrichtung\/#primaryimage","url":"https:\/\/i0.wp.com\/hoerske.de\/blog\/wp-content\/uploads\/2015\/10\/coverup.jpg?fit=963%2C768&ssl=1","contentUrl":"https:\/\/i0.wp.com\/hoerske.de\/blog\/wp-content\/uploads\/2015\/10\/coverup.jpg?fit=963%2C768&ssl=1","width":963,"height":768,"caption":"Design CoverUp"},{"@type":"BreadcrumbList","@id":"https:\/\/hoerske.de\/blog\/2015\/10\/neues-design-andere-ausrichtung\/#breadcrumb","itemListElement":[{"@type":"ListItem","position":1,"name":"Startseite","item":"https:\/\/hoerske.de\/blog\/"},{"@type":"ListItem","position":2,"name":"Neues Design, andere Ausrichtung&#8230;"}]},{"@type":"WebSite","@id":"https:\/\/hoerske.de\/blog\/#website","url":"https:\/\/hoerske.de\/blog\/","name":"Timos Blog","description":"ego cogito, ergo sum","publisher":{"@id":"https:\/\/hoerske.de\/blog\/#\/schema\/person\/20677cf2167fc7027b752c3bba78d5fc"},"potentialAction":[{"@type":"SearchAction","target":{"@type":"EntryPoint","urlTemplate":"https:\/\/hoerske.de\/blog\/?s={search_term_string}"},"query-input":{"@type":"PropertyValueSpecification","valueRequired":true,"valueName":"search_term_string"}}],"inLanguage":"de"},{"@type":["Person","Organization"],"@id":"https:\/\/hoerske.de\/blog\/#\/schema\/person\/20677cf2167fc7027b752c3bba78d5fc","name":"Timo H\u00f6rske","image":{"@type":"ImageObject","inLanguage":"de","@id":"https:\/\/i0.wp.com\/hoerske.de\/blog\/wp-content\/uploads\/2023\/01\/16711213967602.jpg?fit=1024%2C954&ssl=1","url":"https:\/\/i0.wp.com\/hoerske.de\/blog\/wp-content\/uploads\/2023\/01\/16711213967602.jpg?fit=1024%2C954&ssl=1","contentUrl":"https:\/\/i0.wp.com\/hoerske.de\/blog\/wp-content\/uploads\/2023\/01\/16711213967602.jpg?fit=1024%2C954&ssl=1","width":1024,"height":954,"caption":"Timo H\u00f6rske"},"logo":{"@id":"https:\/\/i0.wp.com\/hoerske.de\/blog\/wp-content\/uploads\/2023\/01\/16711213967602.jpg?fit=1024%2C954&ssl=1"},"description":"Jahrgang 1985, als \"Ossi\" geboren, im beschaulichen Premnitz an der Havel aufgewachsen. Natur- und Kunstliebhaber. Seit \u00fcber 10 Jahren Wahlbremerhavener, K\u00fcsten- und Windfan. So ziemlich an Allem interessiert. Schwerpunkte sind aber eindeutig Politik, Gesellschaft, Rechtswesen, Natur, Imkerei und Technik. Rotes Parteibuch, Mitglied des Jugendhilfeausschusses der Stadt Bremerhaven, Vorsitzender eines Kleing\u00e4rtnervereins, Fachberater f\u00fcr das Kleingartenwesen, Verbandschef der Bremerhavener Kleing\u00e4rtner*innen. Hobbyimker, Freizeitblogger, Techniknerd.","sameAs":["https:\/\/www.hoerske.de\/","https:\/\/www.facebook.com\/timo.hoerske","https:\/\/www.instagram.com\/thoerske\/","https:\/\/x.com\/timo_hoerske"],"url":"https:\/\/hoerske.de\/blog\/author\/roter_admin\/"}]}},"jetpack_publicize_connections":[],"jetpack_featured_media_url":"https:\/\/i0.wp.com\/hoerske.de\/blog\/wp-content\/uploads\/2015\/10\/coverup.jpg?fit=963%2C768&ssl=1","jetpack_shortlink":"https:\/\/wp.me\/p4W3ht-cu","jetpack_sharing_enabled":true,"_links":{"self":[{"href":"https:\/\/hoerske.de\/blog\/wp-json\/wp\/v2\/posts\/774","targetHints":{"allow":["GET"]}}],"collection":[{"href":"https:\/\/hoerske.de\/blog\/wp-json\/wp\/v2\/posts"}],"about":[{"href":"https:\/\/hoerske.de\/blog\/wp-json\/wp\/v2\/types\/post"}],"author":[{"embeddable":true,"href":"https:\/\/hoerske.de\/blog\/wp-json\/wp\/v2\/users\/1"}],"replies":[{"embeddable":true,"href":"https:\/\/hoerske.de\/blog\/wp-json\/wp\/v2\/comments?post=774"}],"version-history":[{"count":0,"href":"https:\/\/hoerske.de\/blog\/wp-json\/wp\/v2\/posts\/774\/revisions"}],"wp:featuredmedia":[{"embeddable":true,"href":"https:\/\/hoerske.de\/blog\/wp-json\/wp\/v2\/media\/775"}],"wp:attachment":[{"href":"https:\/\/hoerske.de\/blog\/wp-json\/wp\/v2\/media?parent=774"}],"wp:term":[{"taxonomy":"category","embeddable":true,"href":"https:\/\/hoerske.de\/blog\/wp-json\/wp\/v2\/categories?post=774"},{"taxonomy":"post_tag","embeddable":true,"href":"https:\/\/hoerske.de\/blog\/wp-json\/wp\/v2\/tags?post=774"}],"curies":[{"name":"wp","href":"https:\/\/api.w.org\/{rel}","templated":true}]}}