{"id":7204,"date":"2019-09-28T21:22:46","date_gmt":"2019-09-28T19:22:46","guid":{"rendered":"https:\/\/www.hoerske.de\/?p=7204"},"modified":"2019-09-28T21:24:31","modified_gmt":"2019-09-28T19:24:31","slug":"der-graf-von-monte-christo-fulminante-premiere-am-stadttheater-bremerhaven","status":"publish","type":"post","link":"https:\/\/hoerske.de\/blog\/2019\/09\/der-graf-von-monte-christo-fulminante-premiere-am-stadttheater-bremerhaven\/","title":{"rendered":"\u201eDer Graf von Monte Christo\u201c &#8211; fulminante Premiere am Stadttheater Bremerhaven"},"content":{"rendered":"\n<p>Bravissimo. \u201eDer Graf von Monte Christo\u201c in der Musicalversion von Frank Wildhorn, dem Buch und den Texten von Jack Murphy feierte am 21. September 2019 eine fulminante Premiere. <\/p>\n\n\n\n<p>Dem angehende Kapit\u00e4n Edmond Dant\u00e8s wird am Tag seiner Hochzeit mit der hinrei\u00dfenden Merc\u00e9d\u00e8s zu Unrecht vorgeworfen, ein napoleonischer Verschw\u00f6rer zu sein. Noch w\u00e4hrend der Feier wird er im Kreise der Gesellschaft verhaftet. <\/p>\n\n\n\n<p>Ganze vierzehn Jahre verbringt er im ber\u00fcchtigten Gef\u00e4ngnis des Ch\u00e2teau d\u2019If, bevor ihm die Flucht mit Hilfe eines Mith\u00e4ftlings gelingt. Der Mitgefangene, der ihm ein wahrer Freund geworden ist, verr\u00e4t ihm das Versteck eines gro\u00dfen Schatzes. Als geheimnisumwobener und reicher Graf von Monte Christo kehrt Dant\u00e8s in die Pariser Gesellschaft zur\u00fcck. Getrieben von dem Wunsch nach Rache an den M\u00e4nnern, die ihm alles genommen haben: seine Liebe und die besten Jahre seines Lebens.<\/p>\n\n\n\n<p>In der B\u00fchnenversion, des legend\u00e4ren Abenteuerromans von Alexandre Dumas, erz\u00e4hlt Frank Wildhorn die Geschichte von Liebe, Rache und Vergeltung mit sinnenfroher Musik, rasanten Kampf- und Fechtszenen.<\/p>\n\n\n\n<h2 class=\"wp-block-heading\">Licht und Schatten<\/h2>\n\n\n\n<p>Die Premiere am Samstag im Stadttheater Bremerhaven stand unter der musikalischen Leitung von Davide Perniceni und war f\u00fcr alle Beteiligten ein gro\u00dfer Erfolg. Wer regelm\u00e4\u00dfig meine Rezensionen liest: Der wei\u00df, dass ich kritisch mit Musicalproduktionen ins Gericht gehe. Der Abend der Premiere, war f\u00fcr mich eine gro\u00dfe \u00dcberraschung. Es gibt kaum wirkliche Kritikpunkte, die es zu erw\u00e4hnen gibt.<\/p>\n\n\n\n<p>Doch der Reihe nach: Meistens beginne ich Kritiken mit der musikalischen und gesanglichen Qualit\u00e4t der Auff\u00fchrungen. Heute m\u00f6chte ich gerne mit dem B\u00fchnenbild und der Inszenierung anfangen. Die k\u00fcnstlerische Gestaltung stand an diesem Abend unter dem Motto Licht und Schatten. Ich habe selten im Stadttheater Bremerhaven eine Auff\u00fchrung gesehen, die in gro\u00dfer Breite mit viel Feingef\u00fchl und Raffinesse so fulminant gewesen ist.<\/p>\n\n\n\n<h2 class=\"wp-block-heading\">Das B\u00fchnenbild<\/h2>\n\n\n\n<p>Man stelle sich eine offene Schachtel vor. Vom Zuschauerraum kann der Besucher von einer Seite hineinschauen. Inmitten dieser imagin\u00e4ren Schatzkiste spielt sich das Abenteuer von Dumas ab. Das Herzst\u00fcck der Auff\u00fchrung ist die gro\u00dfe Drehb\u00fchne, deren unaufdringlicher Einsatz einen wesentlich Beitrag zum Erfolg der Auff\u00fchrung leistet.  <\/p>\n\n\n\n<p>Mit Zwischenw\u00e4nden, Projektionsfl\u00e4chen und Zwischenvorh\u00e4ngen brauchte es nur die Schachtel und die Drehb\u00fchne um den Betrachter vergessen zu lassen, dass es sich um einen eigentlich einfachen Aufbau handelt. Jede einzelne Szene war passend gestaltet, individuell und zu keinem Zeitpunkt langweilig. <\/p>\n\n\n\n<p>Felix Seiler zeigt sich verantwortlich f\u00fcr Inszenierung und Hartmut Sch\u00f6rghofer f\u00fcr B\u00fchne und Kost\u00fcme. Beide haben es m\u00fchelos verstanden, vergessen zu lassen, dass es nur einen B\u00fchnenraum gibt und die Illusion erzeugt, jeden Teil der Geschichte in einer g\u00e4nzlich anderen Szene zu erleben. <\/p>\n\n\n\n<h2 class=\"wp-block-heading\">Lichtspiel<\/h2>\n\n\n\n<p>F\u00fcr mich war es das erste Mal im Stadttheater Bremerhaven eine Art von Lichtspiel in der Auff\u00fchrung zu erleben. Zus\u00e4tzlich zu regul\u00e4ren Theaterbeleuchtung wurden zwei zus\u00e4tzliche Scheinwerfer auf Augenh\u00f6he an den R\u00e4ndern der Vorderb\u00fchne verwendet.<\/p>\n\n\n\n<p>Die Darsteller haben so jeweils bis zu drei zus\u00e4tzliche Schatten auf den B\u00fchnenhintergrund geworfen. Es entstand ein ganz eigenes Schattenspiel.<\/p>\n\n\n\n<p>Die Vielschichtigkeit der Charaktere wurde durch das jeweils eigene Schattenspiel erg\u00e4nzt. Den Zwiespalt der charakterlichen Entwicklung wurde so mit mehreren Schatten der Darsteller plastischer hervorgehoben. Diese Art von visueller und mehrdimensionaler Gestaltung fand ich \u00fcber die Ma\u00dfen herausragend. Den B\u00fchnenbildnern des Stadttheaters muss an dieser Stelle ein gro\u00dfes Lob ausgesprochen.<\/p>\n\n\n\n<p>Durch ein Loch in der Decke werden zus\u00e4tzliche B\u00fchnenelemente herabgelassen. Das Loch wurde bewusst nicht komplett verdeckt, sondern war oftmals deutlich zu sehen. Der Effekt, der dadurch eingetreten ist, vermittelte eine ganz eigene Wirkung auf den Betrachter dahingehend, dass es mich pers\u00f6nlich an eine Blackbox erinnerte, die einen \u00e4u\u00dferen Einfluss auf das Geschehen erm\u00f6glicht.<\/p>\n\n\n\n<h2 class=\"wp-block-heading\">Erstklassige St\u00fccke hervorragend gespielt<\/h2>\n\n\n\n<p>Die musikalische Leitung des St\u00fcckes steht in der Verantwortung von Davide Perniceni. Das st\u00e4dtische Orchester hat einmal mehr bewiesen, dass auch anspruchsvolle Partituren kein Problem sind. Trotz leichter technischer Patzer, war es ein akustischer Genuss. <\/p>\n\n\n\n<p>Vikrant Subramanian als Edmond Dant\u00e8s und Graf von Monte Christo, war f\u00fcr mich die \u00dcberraschung des Abends. Das Subramanian den Frauenheld spielen kann, wissen wir sp\u00e4testens seit <a href=\"https:\/\/www.hoerske.de\/blog\/musical-zorro-im-stadttheater-bremerhaven\/\">Zorro<\/a>. Nun hat er bewiesen, dass er auch den tiefsinnigen, fast an Verzweiflung grenzenden Racheengel genauso gut verk\u00f6rpern kann. <\/p>\n\n\n\n<p>Gesanglich gibt es an den Darbietungen der Hauptdarsteller \u00fcberhaupt nichts zu meckern. Die Duettes waren solide einstudiert und haben harmonisch gut funktioniert. Leider brauchte Anna Preckeler ein paar Zeilen mehr bis sie am Premierenabend in Betriebstemperatur war. Dies hat dem Genuss aber keinen Abbruch getan. <\/p>\n\n\n\n<p>Zu loben ist definitiv auch der Opernchor und die Ensemblemitglieder des Ballettes, die die Auff\u00fchrung einmal mehr in grandioser Weise unterst\u00fctzt haben.<\/p>\n\n\n\n<h2 class=\"wp-block-heading\">Fazit<\/h2>\n\n\n\n<p> Ich kann euch den Besuch von \u201eDer Graf von Monte Christo\u201c nur empfehlen. Erstklassige Musik, eine gelungene Inszenierung und gut aufgelegte Darsteller haben die Premiere zu einem kurzweiligen Abend gemacht. <\/p>\n\n\n\n<p>In dieser Qualit\u00e4t m\u00f6chte ich gerne mehr Musicalst\u00fccke in Bremerhaven erleben. Traut euch noch mehr von Vikrant Subramanian zu zeigen. Vielleicht auch einmal in klassischen Rollen, wie Dr. Henry Jekyll oder Percy Blakeney. Dies w\u00fcrde mich definitiv in eine weitere Premiere locken. <\/p>\n\n\n\n<p>Noch bis zum 10. Juni 2020 k\u00f6nnt ihr das St\u00fcck im Gro\u00dfen Haus des Stadttheaters Bremerhaven genie\u00dfen. Mehr Informationen zum St\u00fcck findet ihr hier. <\/p>\n","protected":false},"excerpt":{"rendered":"<p>Bravissimo. \u201eDer Graf von Monte Christo\u201c in der Musicalversion von Frank Wildhorn, dem Buch und den Texten von Jack Murphy feierte am 21. September 2019 eine fulminante Premiere. <\/p>\n","protected":false},"author":1,"featured_media":4713,"comment_status":"open","ping_status":"open","sticky":false,"template":"","format":"standard","meta":{"jetpack_post_was_ever_published":false,"_jetpack_newsletter_access":"","_jetpack_dont_email_post_to_subs":false,"_jetpack_newsletter_tier_id":0,"_jetpack_memberships_contains_paywalled_content":false,"_jetpack_memberships_contains_paid_content":false,"footnotes":"","jetpack_publicize_message":"","jetpack_publicize_feature_enabled":true,"jetpack_social_post_already_shared":false,"jetpack_social_options":{"image_generator_settings":{"template":"highway","default_image_id":0,"font":"","enabled":false},"version":2},"_wpas_customize_per_network":false},"categories":[2168,930,176],"tags":[3187,3186,474,213,3185,1001,3188,880],"class_list":["post-7204","post","type-post","status-publish","format-standard","has-post-thumbnail","hentry","category-2168","category-empfehlungen","category-kultur","tag-21-september","tag-darsteller","tag-frank-wildhorn","tag-geschichte","tag-graf-von-monte-christo","tag-liebe","tag-premiere","tag-stadttheater-bremerhaven"],"yoast_head":"<!-- This site is optimized with the Yoast SEO Premium plugin v27.3 (Yoast SEO v27.3) - https:\/\/yoast.com\/product\/yoast-seo-premium-wordpress\/ -->\n<title>\u201eDer Graf von Monte Christo\u201c - fulminante Premiere am Stadttheater Bremerhaven - Timos Paper<\/title>\n<meta name=\"description\" content=\"Bravissimo. \u201eDer Graf von Monte Christo\u201c in der Musicalversion von Frank Wildhorn, dem Buch und den Texten von Jack Murphy feierte am 21. September 2019 eine fulminante Premiere.\" \/>\n<meta name=\"robots\" content=\"index, follow, max-snippet:-1, max-image-preview:large, max-video-preview:-1\" \/>\n<link rel=\"canonical\" href=\"https:\/\/hoerske.de\/blog\/2019\/09\/der-graf-von-monte-christo-fulminante-premiere-am-stadttheater-bremerhaven\/\" \/>\n<meta property=\"og:locale\" content=\"de_DE\" \/>\n<meta property=\"og:type\" content=\"article\" \/>\n<meta property=\"og:title\" content=\"\u201eDer Graf von Monte Christo\u201c - fulminante Premiere am Stadttheater Bremerhaven\" \/>\n<meta property=\"og:description\" content=\"Bravissimo. \u201eDer Graf von Monte Christo\u201c in der Musicalversion von Frank Wildhorn, dem Buch und den Texten von Jack Murphy feierte am 21. September 2019 eine fulminante Premiere.\" \/>\n<meta property=\"og:url\" content=\"https:\/\/hoerske.de\/blog\/2019\/09\/der-graf-von-monte-christo-fulminante-premiere-am-stadttheater-bremerhaven\/\" \/>\n<meta property=\"og:site_name\" content=\"Timos Paper\" \/>\n<meta property=\"article:publisher\" content=\"https:\/\/www.facebook.com\/timo.hoerske\" \/>\n<meta property=\"article:author\" content=\"https:\/\/www.facebook.com\/timo.hoerske\" \/>\n<meta property=\"article:published_time\" content=\"2019-09-28T19:22:46+00:00\" \/>\n<meta property=\"article:modified_time\" content=\"2019-09-28T19:24:31+00:00\" \/>\n<meta property=\"og:image\" content=\"https:\/\/i0.wp.com\/blog.hoerske.de\/wp-content\/uploads\/2018\/10\/43336589_2089098404640656_6951007756547522560_n.jpg?fit=960%2C540\" \/>\n\t<meta property=\"og:image:width\" content=\"960\" \/>\n\t<meta property=\"og:image:height\" content=\"540\" \/>\n\t<meta property=\"og:image:type\" content=\"image\/jpeg\" \/>\n<meta name=\"author\" content=\"Timo H\u00f6rske\" \/>\n<meta name=\"twitter:card\" content=\"summary_large_image\" \/>\n<meta name=\"twitter:creator\" content=\"@timo_hoerske\" \/>\n<meta name=\"twitter:site\" content=\"@timo_hoerske\" \/>\n<meta name=\"twitter:label1\" content=\"Verfasst von\" \/>\n\t<meta name=\"twitter:data1\" content=\"Timo H\u00f6rske\" \/>\n\t<meta name=\"twitter:label2\" content=\"Gesch\u00e4tzte Lesezeit\" \/>\n\t<meta name=\"twitter:data2\" content=\"5\u00a0Minuten\" \/>\n<script type=\"application\/ld+json\" class=\"yoast-schema-graph\">{\"@context\":\"https:\\\/\\\/schema.org\",\"@graph\":[{\"@type\":\"Article\",\"@id\":\"https:\\\/\\\/hoerske.de\\\/blog\\\/2019\\\/09\\\/der-graf-von-monte-christo-fulminante-premiere-am-stadttheater-bremerhaven\\\/#article\",\"isPartOf\":{\"@id\":\"https:\\\/\\\/hoerske.de\\\/blog\\\/2019\\\/09\\\/der-graf-von-monte-christo-fulminante-premiere-am-stadttheater-bremerhaven\\\/\"},\"author\":{\"name\":\"Timo H\u00f6rske\",\"@id\":\"https:\\\/\\\/hoerske.de\\\/blog\\\/#\\\/schema\\\/person\\\/20677cf2167fc7027b752c3bba78d5fc\"},\"headline\":\"\u201eDer Graf von Monte Christo\u201c &#8211; fulminante Premiere am Stadttheater Bremerhaven\",\"datePublished\":\"2019-09-28T19:22:46+00:00\",\"dateModified\":\"2019-09-28T19:24:31+00:00\",\"mainEntityOfPage\":{\"@id\":\"https:\\\/\\\/hoerske.de\\\/blog\\\/2019\\\/09\\\/der-graf-von-monte-christo-fulminante-premiere-am-stadttheater-bremerhaven\\\/\"},\"wordCount\":920,\"commentCount\":0,\"publisher\":{\"@id\":\"https:\\\/\\\/hoerske.de\\\/blog\\\/#\\\/schema\\\/person\\\/20677cf2167fc7027b752c3bba78d5fc\"},\"image\":{\"@id\":\"https:\\\/\\\/hoerske.de\\\/blog\\\/2019\\\/09\\\/der-graf-von-monte-christo-fulminante-premiere-am-stadttheater-bremerhaven\\\/#primaryimage\"},\"thumbnailUrl\":\"https:\\\/\\\/i0.wp.com\\\/hoerske.de\\\/blog\\\/wp-content\\\/uploads\\\/2018\\\/10\\\/43336589_2089098404640656_6951007756547522560_n.jpg?fit=960%2C540&ssl=1\",\"keywords\":[\"21. September\",\"Darsteller\",\"Frank Wildhorn\",\"Geschichte\",\"Graf von Monte Christo\",\"Liebe\",\"Premiere\",\"Stadttheater Bremerhaven\"],\"articleSection\":[\"2019\",\"Empfehlungen\",\"Kultur\"],\"inLanguage\":\"de\",\"potentialAction\":[{\"@type\":\"CommentAction\",\"name\":\"Comment\",\"target\":[\"https:\\\/\\\/hoerske.de\\\/blog\\\/2019\\\/09\\\/der-graf-von-monte-christo-fulminante-premiere-am-stadttheater-bremerhaven\\\/#respond\"]}]},{\"@type\":\"WebPage\",\"@id\":\"https:\\\/\\\/hoerske.de\\\/blog\\\/2019\\\/09\\\/der-graf-von-monte-christo-fulminante-premiere-am-stadttheater-bremerhaven\\\/\",\"url\":\"https:\\\/\\\/hoerske.de\\\/blog\\\/2019\\\/09\\\/der-graf-von-monte-christo-fulminante-premiere-am-stadttheater-bremerhaven\\\/\",\"name\":\"\u201eDer Graf von Monte Christo\u201c - fulminante Premiere am Stadttheater Bremerhaven - Timos Paper\",\"isPartOf\":{\"@id\":\"https:\\\/\\\/hoerske.de\\\/blog\\\/#website\"},\"primaryImageOfPage\":{\"@id\":\"https:\\\/\\\/hoerske.de\\\/blog\\\/2019\\\/09\\\/der-graf-von-monte-christo-fulminante-premiere-am-stadttheater-bremerhaven\\\/#primaryimage\"},\"image\":{\"@id\":\"https:\\\/\\\/hoerske.de\\\/blog\\\/2019\\\/09\\\/der-graf-von-monte-christo-fulminante-premiere-am-stadttheater-bremerhaven\\\/#primaryimage\"},\"thumbnailUrl\":\"https:\\\/\\\/i0.wp.com\\\/hoerske.de\\\/blog\\\/wp-content\\\/uploads\\\/2018\\\/10\\\/43336589_2089098404640656_6951007756547522560_n.jpg?fit=960%2C540&ssl=1\",\"datePublished\":\"2019-09-28T19:22:46+00:00\",\"dateModified\":\"2019-09-28T19:24:31+00:00\",\"description\":\"Bravissimo. \u201eDer Graf von Monte Christo\u201c in der Musicalversion von Frank Wildhorn, dem Buch und den Texten von Jack Murphy feierte am 21. September 2019 eine fulminante Premiere.\",\"breadcrumb\":{\"@id\":\"https:\\\/\\\/hoerske.de\\\/blog\\\/2019\\\/09\\\/der-graf-von-monte-christo-fulminante-premiere-am-stadttheater-bremerhaven\\\/#breadcrumb\"},\"inLanguage\":\"de\",\"potentialAction\":[{\"@type\":\"ReadAction\",\"target\":[\"https:\\\/\\\/hoerske.de\\\/blog\\\/2019\\\/09\\\/der-graf-von-monte-christo-fulminante-premiere-am-stadttheater-bremerhaven\\\/\"]}]},{\"@type\":\"ImageObject\",\"inLanguage\":\"de\",\"@id\":\"https:\\\/\\\/hoerske.de\\\/blog\\\/2019\\\/09\\\/der-graf-von-monte-christo-fulminante-premiere-am-stadttheater-bremerhaven\\\/#primaryimage\",\"url\":\"https:\\\/\\\/i0.wp.com\\\/hoerske.de\\\/blog\\\/wp-content\\\/uploads\\\/2018\\\/10\\\/43336589_2089098404640656_6951007756547522560_n.jpg?fit=960%2C540&ssl=1\",\"contentUrl\":\"https:\\\/\\\/i0.wp.com\\\/hoerske.de\\\/blog\\\/wp-content\\\/uploads\\\/2018\\\/10\\\/43336589_2089098404640656_6951007756547522560_n.jpg?fit=960%2C540&ssl=1\",\"width\":960,\"height\":540,\"caption\":\"Stadttheater Bremerhaven\"},{\"@type\":\"BreadcrumbList\",\"@id\":\"https:\\\/\\\/hoerske.de\\\/blog\\\/2019\\\/09\\\/der-graf-von-monte-christo-fulminante-premiere-am-stadttheater-bremerhaven\\\/#breadcrumb\",\"itemListElement\":[{\"@type\":\"ListItem\",\"position\":1,\"name\":\"Startseite\",\"item\":\"https:\\\/\\\/hoerske.de\\\/blog\\\/\"},{\"@type\":\"ListItem\",\"position\":2,\"name\":\"\u201eDer Graf von Monte Christo\u201c &#8211; fulminante Premiere am Stadttheater Bremerhaven\"}]},{\"@type\":\"WebSite\",\"@id\":\"https:\\\/\\\/hoerske.de\\\/blog\\\/#website\",\"url\":\"https:\\\/\\\/hoerske.de\\\/blog\\\/\",\"name\":\"Timos Blog\",\"description\":\"ego cogito, ergo sum\",\"publisher\":{\"@id\":\"https:\\\/\\\/hoerske.de\\\/blog\\\/#\\\/schema\\\/person\\\/20677cf2167fc7027b752c3bba78d5fc\"},\"potentialAction\":[{\"@type\":\"SearchAction\",\"target\":{\"@type\":\"EntryPoint\",\"urlTemplate\":\"https:\\\/\\\/hoerske.de\\\/blog\\\/?s={search_term_string}\"},\"query-input\":{\"@type\":\"PropertyValueSpecification\",\"valueRequired\":true,\"valueName\":\"search_term_string\"}}],\"inLanguage\":\"de\"},{\"@type\":[\"Person\",\"Organization\"],\"@id\":\"https:\\\/\\\/hoerske.de\\\/blog\\\/#\\\/schema\\\/person\\\/20677cf2167fc7027b752c3bba78d5fc\",\"name\":\"Timo H\u00f6rske\",\"image\":{\"@type\":\"ImageObject\",\"inLanguage\":\"de\",\"@id\":\"https:\\\/\\\/i0.wp.com\\\/hoerske.de\\\/blog\\\/wp-content\\\/uploads\\\/2023\\\/01\\\/16711213967602.jpg?fit=1024%2C954&ssl=1\",\"url\":\"https:\\\/\\\/i0.wp.com\\\/hoerske.de\\\/blog\\\/wp-content\\\/uploads\\\/2023\\\/01\\\/16711213967602.jpg?fit=1024%2C954&ssl=1\",\"contentUrl\":\"https:\\\/\\\/i0.wp.com\\\/hoerske.de\\\/blog\\\/wp-content\\\/uploads\\\/2023\\\/01\\\/16711213967602.jpg?fit=1024%2C954&ssl=1\",\"width\":1024,\"height\":954,\"caption\":\"Timo H\u00f6rske\"},\"logo\":{\"@id\":\"https:\\\/\\\/i0.wp.com\\\/hoerske.de\\\/blog\\\/wp-content\\\/uploads\\\/2023\\\/01\\\/16711213967602.jpg?fit=1024%2C954&ssl=1\"},\"description\":\"Jahrgang 1985, als \\\"Ossi\\\" geboren, im beschaulichen Premnitz an der Havel aufgewachsen. Natur- und Kunstliebhaber. Seit \u00fcber 10 Jahren Wahlbremerhavener, K\u00fcsten- und Windfan. So ziemlich an Allem interessiert. Schwerpunkte sind aber eindeutig Politik, Gesellschaft, Rechtswesen, Natur, Imkerei und Technik. Rotes Parteibuch, Mitglied des Jugendhilfeausschusses der Stadt Bremerhaven, Vorsitzender eines Kleing\u00e4rtnervereins, Fachberater f\u00fcr das Kleingartenwesen, Verbandschef der Bremerhavener Kleing\u00e4rtner*innen. Hobbyimker, Freizeitblogger, Techniknerd.\",\"sameAs\":[\"https:\\\/\\\/www.hoerske.de\\\/\",\"https:\\\/\\\/www.facebook.com\\\/timo.hoerske\",\"https:\\\/\\\/www.instagram.com\\\/thoerske\\\/\",\"https:\\\/\\\/x.com\\\/timo_hoerske\"],\"url\":\"https:\\\/\\\/hoerske.de\\\/blog\\\/author\\\/roter_admin\\\/\"}]}<\/script>\n<!-- \/ Yoast SEO Premium plugin. -->","yoast_head_json":{"title":"\u201eDer Graf von Monte Christo\u201c - fulminante Premiere am Stadttheater Bremerhaven - Timos Paper","description":"Bravissimo. \u201eDer Graf von Monte Christo\u201c in der Musicalversion von Frank Wildhorn, dem Buch und den Texten von Jack Murphy feierte am 21. September 2019 eine fulminante Premiere.","robots":{"index":"index","follow":"follow","max-snippet":"max-snippet:-1","max-image-preview":"max-image-preview:large","max-video-preview":"max-video-preview:-1"},"canonical":"https:\/\/hoerske.de\/blog\/2019\/09\/der-graf-von-monte-christo-fulminante-premiere-am-stadttheater-bremerhaven\/","og_locale":"de_DE","og_type":"article","og_title":"\u201eDer Graf von Monte Christo\u201c - fulminante Premiere am Stadttheater Bremerhaven","og_description":"Bravissimo. \u201eDer Graf von Monte Christo\u201c in der Musicalversion von Frank Wildhorn, dem Buch und den Texten von Jack Murphy feierte am 21. September 2019 eine fulminante Premiere.","og_url":"https:\/\/hoerske.de\/blog\/2019\/09\/der-graf-von-monte-christo-fulminante-premiere-am-stadttheater-bremerhaven\/","og_site_name":"Timos Paper","article_publisher":"https:\/\/www.facebook.com\/timo.hoerske","article_author":"https:\/\/www.facebook.com\/timo.hoerske","article_published_time":"2019-09-28T19:22:46+00:00","article_modified_time":"2019-09-28T19:24:31+00:00","og_image":[{"width":960,"height":540,"url":"https:\/\/i0.wp.com\/blog.hoerske.de\/wp-content\/uploads\/2018\/10\/43336589_2089098404640656_6951007756547522560_n.jpg?fit=960%2C540","type":"image\/jpeg"}],"author":"Timo H\u00f6rske","twitter_card":"summary_large_image","twitter_creator":"@timo_hoerske","twitter_site":"@timo_hoerske","twitter_misc":{"Verfasst von":"Timo H\u00f6rske","Gesch\u00e4tzte Lesezeit":"5\u00a0Minuten"},"schema":{"@context":"https:\/\/schema.org","@graph":[{"@type":"Article","@id":"https:\/\/hoerske.de\/blog\/2019\/09\/der-graf-von-monte-christo-fulminante-premiere-am-stadttheater-bremerhaven\/#article","isPartOf":{"@id":"https:\/\/hoerske.de\/blog\/2019\/09\/der-graf-von-monte-christo-fulminante-premiere-am-stadttheater-bremerhaven\/"},"author":{"name":"Timo H\u00f6rske","@id":"https:\/\/hoerske.de\/blog\/#\/schema\/person\/20677cf2167fc7027b752c3bba78d5fc"},"headline":"\u201eDer Graf von Monte Christo\u201c &#8211; fulminante Premiere am Stadttheater Bremerhaven","datePublished":"2019-09-28T19:22:46+00:00","dateModified":"2019-09-28T19:24:31+00:00","mainEntityOfPage":{"@id":"https:\/\/hoerske.de\/blog\/2019\/09\/der-graf-von-monte-christo-fulminante-premiere-am-stadttheater-bremerhaven\/"},"wordCount":920,"commentCount":0,"publisher":{"@id":"https:\/\/hoerske.de\/blog\/#\/schema\/person\/20677cf2167fc7027b752c3bba78d5fc"},"image":{"@id":"https:\/\/hoerske.de\/blog\/2019\/09\/der-graf-von-monte-christo-fulminante-premiere-am-stadttheater-bremerhaven\/#primaryimage"},"thumbnailUrl":"https:\/\/i0.wp.com\/hoerske.de\/blog\/wp-content\/uploads\/2018\/10\/43336589_2089098404640656_6951007756547522560_n.jpg?fit=960%2C540&ssl=1","keywords":["21. September","Darsteller","Frank Wildhorn","Geschichte","Graf von Monte Christo","Liebe","Premiere","Stadttheater Bremerhaven"],"articleSection":["2019","Empfehlungen","Kultur"],"inLanguage":"de","potentialAction":[{"@type":"CommentAction","name":"Comment","target":["https:\/\/hoerske.de\/blog\/2019\/09\/der-graf-von-monte-christo-fulminante-premiere-am-stadttheater-bremerhaven\/#respond"]}]},{"@type":"WebPage","@id":"https:\/\/hoerske.de\/blog\/2019\/09\/der-graf-von-monte-christo-fulminante-premiere-am-stadttheater-bremerhaven\/","url":"https:\/\/hoerske.de\/blog\/2019\/09\/der-graf-von-monte-christo-fulminante-premiere-am-stadttheater-bremerhaven\/","name":"\u201eDer Graf von Monte Christo\u201c - fulminante Premiere am Stadttheater Bremerhaven - Timos Paper","isPartOf":{"@id":"https:\/\/hoerske.de\/blog\/#website"},"primaryImageOfPage":{"@id":"https:\/\/hoerske.de\/blog\/2019\/09\/der-graf-von-monte-christo-fulminante-premiere-am-stadttheater-bremerhaven\/#primaryimage"},"image":{"@id":"https:\/\/hoerske.de\/blog\/2019\/09\/der-graf-von-monte-christo-fulminante-premiere-am-stadttheater-bremerhaven\/#primaryimage"},"thumbnailUrl":"https:\/\/i0.wp.com\/hoerske.de\/blog\/wp-content\/uploads\/2018\/10\/43336589_2089098404640656_6951007756547522560_n.jpg?fit=960%2C540&ssl=1","datePublished":"2019-09-28T19:22:46+00:00","dateModified":"2019-09-28T19:24:31+00:00","description":"Bravissimo. \u201eDer Graf von Monte Christo\u201c in der Musicalversion von Frank Wildhorn, dem Buch und den Texten von Jack Murphy feierte am 21. September 2019 eine fulminante Premiere.","breadcrumb":{"@id":"https:\/\/hoerske.de\/blog\/2019\/09\/der-graf-von-monte-christo-fulminante-premiere-am-stadttheater-bremerhaven\/#breadcrumb"},"inLanguage":"de","potentialAction":[{"@type":"ReadAction","target":["https:\/\/hoerske.de\/blog\/2019\/09\/der-graf-von-monte-christo-fulminante-premiere-am-stadttheater-bremerhaven\/"]}]},{"@type":"ImageObject","inLanguage":"de","@id":"https:\/\/hoerske.de\/blog\/2019\/09\/der-graf-von-monte-christo-fulminante-premiere-am-stadttheater-bremerhaven\/#primaryimage","url":"https:\/\/i0.wp.com\/hoerske.de\/blog\/wp-content\/uploads\/2018\/10\/43336589_2089098404640656_6951007756547522560_n.jpg?fit=960%2C540&ssl=1","contentUrl":"https:\/\/i0.wp.com\/hoerske.de\/blog\/wp-content\/uploads\/2018\/10\/43336589_2089098404640656_6951007756547522560_n.jpg?fit=960%2C540&ssl=1","width":960,"height":540,"caption":"Stadttheater Bremerhaven"},{"@type":"BreadcrumbList","@id":"https:\/\/hoerske.de\/blog\/2019\/09\/der-graf-von-monte-christo-fulminante-premiere-am-stadttheater-bremerhaven\/#breadcrumb","itemListElement":[{"@type":"ListItem","position":1,"name":"Startseite","item":"https:\/\/hoerske.de\/blog\/"},{"@type":"ListItem","position":2,"name":"\u201eDer Graf von Monte Christo\u201c &#8211; fulminante Premiere am Stadttheater Bremerhaven"}]},{"@type":"WebSite","@id":"https:\/\/hoerske.de\/blog\/#website","url":"https:\/\/hoerske.de\/blog\/","name":"Timos Blog","description":"ego cogito, ergo sum","publisher":{"@id":"https:\/\/hoerske.de\/blog\/#\/schema\/person\/20677cf2167fc7027b752c3bba78d5fc"},"potentialAction":[{"@type":"SearchAction","target":{"@type":"EntryPoint","urlTemplate":"https:\/\/hoerske.de\/blog\/?s={search_term_string}"},"query-input":{"@type":"PropertyValueSpecification","valueRequired":true,"valueName":"search_term_string"}}],"inLanguage":"de"},{"@type":["Person","Organization"],"@id":"https:\/\/hoerske.de\/blog\/#\/schema\/person\/20677cf2167fc7027b752c3bba78d5fc","name":"Timo H\u00f6rske","image":{"@type":"ImageObject","inLanguage":"de","@id":"https:\/\/i0.wp.com\/hoerske.de\/blog\/wp-content\/uploads\/2023\/01\/16711213967602.jpg?fit=1024%2C954&ssl=1","url":"https:\/\/i0.wp.com\/hoerske.de\/blog\/wp-content\/uploads\/2023\/01\/16711213967602.jpg?fit=1024%2C954&ssl=1","contentUrl":"https:\/\/i0.wp.com\/hoerske.de\/blog\/wp-content\/uploads\/2023\/01\/16711213967602.jpg?fit=1024%2C954&ssl=1","width":1024,"height":954,"caption":"Timo H\u00f6rske"},"logo":{"@id":"https:\/\/i0.wp.com\/hoerske.de\/blog\/wp-content\/uploads\/2023\/01\/16711213967602.jpg?fit=1024%2C954&ssl=1"},"description":"Jahrgang 1985, als \"Ossi\" geboren, im beschaulichen Premnitz an der Havel aufgewachsen. Natur- und Kunstliebhaber. Seit \u00fcber 10 Jahren Wahlbremerhavener, K\u00fcsten- und Windfan. So ziemlich an Allem interessiert. Schwerpunkte sind aber eindeutig Politik, Gesellschaft, Rechtswesen, Natur, Imkerei und Technik. Rotes Parteibuch, Mitglied des Jugendhilfeausschusses der Stadt Bremerhaven, Vorsitzender eines Kleing\u00e4rtnervereins, Fachberater f\u00fcr das Kleingartenwesen, Verbandschef der Bremerhavener Kleing\u00e4rtner*innen. Hobbyimker, Freizeitblogger, Techniknerd.","sameAs":["https:\/\/www.hoerske.de\/","https:\/\/www.facebook.com\/timo.hoerske","https:\/\/www.instagram.com\/thoerske\/","https:\/\/x.com\/timo_hoerske"],"url":"https:\/\/hoerske.de\/blog\/author\/roter_admin\/"}]}},"jetpack_publicize_connections":[],"jetpack_featured_media_url":"https:\/\/i0.wp.com\/hoerske.de\/blog\/wp-content\/uploads\/2018\/10\/43336589_2089098404640656_6951007756547522560_n.jpg?fit=960%2C540&ssl=1","jetpack_shortlink":"https:\/\/wp.me\/p4W3ht-1Sc","jetpack_sharing_enabled":true,"_links":{"self":[{"href":"https:\/\/hoerske.de\/blog\/wp-json\/wp\/v2\/posts\/7204","targetHints":{"allow":["GET"]}}],"collection":[{"href":"https:\/\/hoerske.de\/blog\/wp-json\/wp\/v2\/posts"}],"about":[{"href":"https:\/\/hoerske.de\/blog\/wp-json\/wp\/v2\/types\/post"}],"author":[{"embeddable":true,"href":"https:\/\/hoerske.de\/blog\/wp-json\/wp\/v2\/users\/1"}],"replies":[{"embeddable":true,"href":"https:\/\/hoerske.de\/blog\/wp-json\/wp\/v2\/comments?post=7204"}],"version-history":[{"count":0,"href":"https:\/\/hoerske.de\/blog\/wp-json\/wp\/v2\/posts\/7204\/revisions"}],"wp:featuredmedia":[{"embeddable":true,"href":"https:\/\/hoerske.de\/blog\/wp-json\/wp\/v2\/media\/4713"}],"wp:attachment":[{"href":"https:\/\/hoerske.de\/blog\/wp-json\/wp\/v2\/media?parent=7204"}],"wp:term":[{"taxonomy":"category","embeddable":true,"href":"https:\/\/hoerske.de\/blog\/wp-json\/wp\/v2\/categories?post=7204"},{"taxonomy":"post_tag","embeddable":true,"href":"https:\/\/hoerske.de\/blog\/wp-json\/wp\/v2\/tags?post=7204"}],"curies":[{"name":"wp","href":"https:\/\/api.w.org\/{rel}","templated":true}]}}