{"id":7194,"date":"2019-09-18T14:29:48","date_gmt":"2019-09-18T12:29:48","guid":{"rendered":"https:\/\/www.hoerske.de\/?p=7194"},"modified":"2019-09-18T14:35:56","modified_gmt":"2019-09-18T12:35:56","slug":"bienentagebuch-teil-7-bienenbeute-im-herbst-und-winter","status":"publish","type":"post","link":"https:\/\/hoerske.de\/blog\/2019\/09\/bienentagebuch-teil-7-bienenbeute-im-herbst-und-winter\/","title":{"rendered":"Bienentagebuch &#8211; Teil 7: Bienenbeute im Herbst und Winter"},"content":{"rendered":"\n<p>Die Vorbereitung zur Einwinterung von Bienen ist wichtig, denn wenn es keinen Honig mehr zu ernten gibt, gibt es vorerst nichts mehr f\u00fcr sie zu tun. Welche Vorbereitungen zu treffen sind, will ich heute genauer unter die Lupe nehmen und mich auch mit der Einf\u00fctterung besch\u00e4ftigen.<\/p>\n\n\n\n<h2 class=\"wp-block-heading\">Welche Vorbereitungen m\u00fcssen f\u00fcr die Einwinterung getroffen werden?<\/h2>\n\n\n\n<p>Zun\u00e4chst habe ich die Varroabehandlung durchgef\u00fchrt. Dazu ist ein Verdunster mit Ameisens\u00e4ure geeignet. Ich habe einen Nassenheider-Verdampfer benutzt, dieser ist besonders f\u00fcr Anf\u00e4nger geeignet, da es zu weniger \u00dcberdosierungen kommt. Zun\u00e4chst habe ich nachgeschaut, ob der Gitterboden von Milben befallen ist. Der sogenannte Totenfall ist ein Ma\u00df f\u00fcr die Belastung des Bienenvolkes mit Varroarmilben. Denn nur wenn keine vorhanden sind, bleiben die Tiere gesund und k\u00f6nnen gut \u00fcberwintern. Ansonsten k\u00f6nnten sie unter Bienenkrankheiten leiden. Diese werden von den Varroa-Milben \u00fcbertragen.<\/p>\n\n\n\n<h2 class=\"wp-block-heading\">Anschlie\u00dfend wird die Bienenbeute verkleinert<\/h2>\n\n\n\n<p>Eine moderne Bienenbeute l\u00e4sst sich in der Regel einfach verkleinern. Dabei muss der Honigraum entfernt werden. Abh\u00e4ngig davon, wie gro\u00df das Bienenvolk ist, \u00fcberwintern die Tiere auf maximal zwei Zargen. Eine Zarge gen\u00fcgt f\u00fcr Ableger. Alle entfernten Waben werden eingeschmolzen, da sie ansonsten von Wachsmotten befallen werden. Waben, die noch nicht bebr\u00fctet wurden, k\u00f6nnen im n\u00e4chsten Jahr wiederverwendet und sollten dementsprechend luftdicht verschlossen aufbewahrt werden. Im n\u00e4chsten Jahr sind sie dann wieder als Brutraum nutzbar und werden nicht von Wachsmotten kontaminiert. Wie ihr bereits wisst, haben wir zwei Zargen und in diesem Jahr keinen Honigraum. Ich habe daher nur die nicht ausgebauten Waben entfernt.<\/p>\n\n\n\n<p>An den Hinterbehandlungsbeuten m\u00fcssen das Absperrgitter und die Honigraumwaben entfernt werden. Dann werden idealerweise kleine Bretter auf die Waben gelegt. Das ist zwar nicht unbedingt erforderlich, doch die Vorbereitungen erleichtern viele Arbeiten zur Einwinterung. Das Absprerrgitter muss jedoch beseitigt werden. Ansonsten w\u00e4re es den Bienen nicht m\u00f6glich, gemeinsam mit der Bienenk\u00f6nigin zu wandern.<\/p>\n\n\n\n<h2 class=\"wp-block-heading\">Die Einf\u00fctterung der Bienen<\/h2>\n\n\n\n<p>Danach ist die Einf\u00fctterung der Tiere erforderlich. Wer nicht wei\u00df, ob er zuerst f\u00fcttern oder gegen Milben vorgehen soll, der sieht sich erst den Milbenbefall an. Mehr als 20 tote Milben t\u00e4glich zeigen, dass das Bienenvolk behandelt werden muss. Nun muss der Hobbyimker feststellen, wie viel Futter ben\u00f6tigt wird. Bei einem Volk auf zwei Zargen DNM sollten es ca. 15 Kilogramm Futter sein. Bei unsererm Magazin und unserem R\u00e4hmchenma\u00df kann man von ca. 2 Kilogrammfutter pro verdeckelter Wabe ausgehen. Es gibt zwei M\u00f6glichkeiten, an Futter zu gelangen. Es kann gekauft oder selbst produziert werden. Wir haben uns f\u00fcr Fertigfutter entschieden.<\/p>\n\n\n\n<h2 class=\"wp-block-heading\">Weitere Vorbereitungen zur Einwinterung<\/h2>\n\n\n\n<p>Bei Bedarf muss noch eine weitere Varroabehandlung durchgef\u00fchrt werden. Ein M\u00e4usegitter hilft ebenfalls zum Schutz der Tiere vor \u00dcberraschungen im Winter. Die Bienenbeute sollte zus\u00e4tzlich vor V\u00f6geln gesch\u00fctzt werden. Das gelingt mit einem Netz. Dar\u00fcber hinaus m\u00fcssen die Flugl\u00f6cher vor Eis gesch\u00fctzt werden. Diese k\u00f6nnen au\u00dferdem schon im Herbst verkleinert werden, damit die Bienen weder gestohlen, noch von Wespen angegriffen werden k\u00f6nnen. So erhalten Winterbienen den besten Schutz.<\/p>\n\n\n\n<h2 class=\"wp-block-heading\">Wie leben Bienen im Winter?<\/h2>\n\n\n\n<p>Die Tiere m\u00fcssen mehrere Monate lang K\u00e4lte \u00fcberleben und ohne Nahrung auskommen. Speziell wenn es f\u00fcr lange Zeit besonders kalt ist, stellt das die Winterbienen vor eine gro\u00dfe Herausforderung. Honigbienen leben als mehrj\u00e4hrige Bienenv\u00f6lker. Sie bilden eine Wintertraube und k\u00f6nnen sich so gegenseitig von unangenehmer Witterung sch\u00fctzen. Die Bienenk\u00f6nigin ist das wichtigste Mitglied des Volkes und befindet sich in der Mitte. Ihr Volk sorgt daf\u00fcr, dass im Zentrum 25 Grad und mehr herrschen.<\/p>\n\n\n\n<p>W\u00e4rme erzeugen die Tiere durch Muskelkontraktionen. Damit k\u00f6nnen Sie auch Minusgrade \u00fcberleben. Die Honigbienen, die sich au\u00dfen befinden, werden immer wieder von anderen abgel\u00f6st, die sich in der warmen Mitte befunden haben. Zudem werden sie von ihnen gef\u00fcttert. Das \u00dcberleben gelingt auch dadurch, dass die Bienen ihren Stoffwechsel senken. Dann reichen die vorhandenen Vorr\u00e4te aus.<\/p>\n\n\n\n<p>Des Weiteren reduzieren die Tiere ihr Volk. W\u00e4hrend der sch\u00f6nen Jahreszeit geh\u00f6ren bis zu 50.000 Tiere zum Volk, im Winter dagegen schrumpft es auf circa 20.000. Die Winterbienen schl\u00fcpfen erst im Herbst. Sie leben meistens zwischen f\u00fcnf und sechs Monate. Im Fr\u00fchling geschl\u00fcpfte Arbeiterinnen leben nur etwa sechs Wochen. Wird es drau\u00dfen wieder ein wenig w\u00e4rmer, geht der Winterschlaf langsam dem Ende entgegen. Dann arbeiten die Tiere wieder und suchen nach Nektar und Pollen.<\/p>\n\n\n\n<h2 class=\"wp-block-heading\">Warm- oder Kaltbau &#8211; was ist besser?<\/h2>\n\n\n\n<p>Die Geister scheiden sich daran, ob bei der Einwinterung ein Warm- oder Kaltbau besser geeignet ist. Im Prinzip spielt es keine Rolle, f\u00fcr welchen Bau sich der Imker entscheidet.<\/p>\n\n\n\n<p>Der Unterschied der beiden Arten liegt darin, dass die Waben in Richtung Flug\u00f6ffnung gerichtet sind. Beim Warmbau befinden sie sich auf der H\u00f6he der Flug\u00f6ffnungsfront. Es gibt Bienenbeuten, die besser zum Warmbau, manche die eher f\u00fcr den Warmbau geeignet sind. Des Weiteren gibt es Beuten, die sich f\u00fcr beides gleicherma\u00dfen eignen.<\/p>\n\n\n\n<p>F\u00fcr die Bienen spielt das jedoch keine wichtige Rolle zum \u00dcberwintern. F\u00fcr den Imker ist die Art des Baus jedoch schon wichtig, denn es ist f\u00fcr ihn wichtig, welche Beute er nutzt. Es ist n\u00e4mlich deutlich praktischer und komfortabler, die Beute links und rechts anfassen zu k\u00f6nnen als das Greifen \u00dcberkreuz. Handelt es sich um eine Magazinbeute, kann der Imker bequem neben ihr stehen, wenn gen\u00fcgend Abstand vorhanden ist. Dasselbe gilt auch f\u00fcr Lagerbeuten. Dabei handelt es sich allerdings um eine Beute, die besser zum Warmbau passt. Hinterbehandlungsbeuten sind ebenfalls f\u00fcr den Warmbau konzipiert. Ein Kaltbau ist besser zur Varoabehandlung mit Ameisens\u00e4ure geeignet. In diesem Fall sind die Arbeiterbienen eher in der Lage, die Luftzufuhr zu regulieren. Dadurch sinkt die Gefahr, zu viel Ameisens\u00e4ure zu verwenden. Es gibt Imker, die auf den Kaltbau schw\u00f6ren, aber auch Imker, die sich f\u00fcr den Warmbau entscheiden. <\/p>\n\n\n\n<p>Wir haben wie ihr wisst eine Normalma\u00dfbeute nach Dr. Liebing in der Warmbau-Variante. Ich finde es praktisch hinter der Beute stehen zu k\u00f6nnen und so weit m\u00f6glich vom Flugloch entfernt zu arbeiten. Dies ist manchmal sicherlich nicht ganz so vorteilhaft, aber gerade beim Besuchen mit interessierten G\u00e4sten bietet sich die Position an. <\/p>\n\n\n\n<p>Mit der Einwinterung neigt sich das erste Bienenjahr unserer Gartenbienen zu Ende. Wir werden noch regelm\u00e4\u00dfig vorbei schauen und gucken ob alles in Ordnung ist. Dr\u00fcckt uns die Daumen, dass die Bienen gut \u00fcber den Winter kommen. Im n\u00e4chsten Jahr geht es dann an dieser Stelle weiter mit dem Bienentagebuch.<\/p>\n","protected":false},"excerpt":{"rendered":"<p>Die Vorbereitung zur Einwinterung von Bienen ist wichtig, denn wenn es keinen Honig mehr zu ernten gibt, gibt es vorerst nichts mehr f\u00fcr sie zu tun. Welche Vorbereitungen zu treffen sind, will ich heute genauer unter die Lupe nehmen und mich auch mit der Einf\u00fctterung besch\u00e4ftigen.<\/p>\n","protected":false},"author":1,"featured_media":7197,"comment_status":"open","ping_status":"open","sticky":false,"template":"","format":"standard","meta":{"jetpack_post_was_ever_published":false,"_jetpack_newsletter_access":"","_jetpack_dont_email_post_to_subs":false,"_jetpack_newsletter_tier_id":0,"_jetpack_memberships_contains_paywalled_content":false,"_jetpack_memberships_contains_paid_content":false,"footnotes":"","jetpack_publicize_message":"","jetpack_publicize_feature_enabled":true,"jetpack_social_post_already_shared":false,"jetpack_social_options":{"image_generator_settings":{"template":"highway","default_image_id":0,"font":"","enabled":false},"version":2},"_wpas_customize_per_network":false},"categories":[2168,2935],"tags":[2887,3164,3165,2980,3163,3166,3167],"class_list":["post-7194","post","type-post","status-publish","format-standard","has-post-thumbnail","hentry","category-2168","category-bienentagebuch","tag-bienenvolk","tag-einwinterung","tag-honigbienen","tag-honigraum","tag-imker","tag-milben","tag-zargen"],"yoast_head":"<!-- This site is optimized with the Yoast SEO Premium plugin v27.3 (Yoast SEO v27.3) - https:\/\/yoast.com\/product\/yoast-seo-premium-wordpress\/ -->\n<title>Bienentagebuch - Teil 7: Bienenbeute im Herbst und Winter - Timos Paper<\/title>\n<meta name=\"description\" content=\"Die Vorbereitung zur Einwinterung von Bienen ist wichtig, denn wenn es keinen Honig mehr zu ernten gibt, gibt es vorerst nichts mehr f\u00fcr sie zu tun. Welche Vorbereitungen zu treffen sind, will ich heute genauer unter die Lupe nehmen und mich auch mit der Einf\u00fctterung besch\u00e4ftigen.\" \/>\n<meta name=\"robots\" content=\"index, follow, max-snippet:-1, max-image-preview:large, max-video-preview:-1\" \/>\n<link rel=\"canonical\" href=\"https:\/\/hoerske.de\/blog\/2019\/09\/bienentagebuch-teil-7-bienenbeute-im-herbst-und-winter\/\" \/>\n<meta property=\"og:locale\" content=\"de_DE\" \/>\n<meta property=\"og:type\" content=\"article\" \/>\n<meta property=\"og:title\" content=\"Bienentagebuch - Teil 7: Bienenbeute im Herbst und Winter\" \/>\n<meta property=\"og:description\" content=\"Die Vorbereitung zur Einwinterung von Bienen ist wichtig, denn wenn es keinen Honig mehr zu ernten gibt, gibt es vorerst nichts mehr f\u00fcr sie zu tun. Welche Vorbereitungen zu treffen sind, will ich heute genauer unter die Lupe nehmen und mich auch mit der Einf\u00fctterung besch\u00e4ftigen.\" \/>\n<meta property=\"og:url\" content=\"https:\/\/hoerske.de\/blog\/2019\/09\/bienentagebuch-teil-7-bienenbeute-im-herbst-und-winter\/\" \/>\n<meta property=\"og:site_name\" content=\"Timos Paper\" \/>\n<meta property=\"article:publisher\" content=\"https:\/\/www.facebook.com\/timo.hoerske\" \/>\n<meta property=\"article:author\" content=\"https:\/\/www.facebook.com\/timo.hoerske\" \/>\n<meta property=\"article:published_time\" content=\"2019-09-18T12:29:48+00:00\" \/>\n<meta property=\"article:modified_time\" content=\"2019-09-18T12:35:56+00:00\" \/>\n<meta property=\"og:image\" content=\"https:\/\/i0.wp.com\/blog.hoerske.de\/wp-content\/uploads\/2019\/09\/cropped-Bienen-bei-der-Einfu%CC%88tterung.jpg?fit=1200%2C675\" \/>\n\t<meta property=\"og:image:width\" content=\"1200\" \/>\n\t<meta property=\"og:image:height\" content=\"675\" \/>\n\t<meta property=\"og:image:type\" content=\"image\/jpeg\" \/>\n<meta name=\"author\" content=\"Timo H\u00f6rske\" \/>\n<meta name=\"twitter:card\" content=\"summary_large_image\" \/>\n<meta name=\"twitter:creator\" content=\"@timo_hoerske\" \/>\n<meta name=\"twitter:site\" content=\"@timo_hoerske\" \/>\n<meta name=\"twitter:label1\" content=\"Verfasst von\" \/>\n\t<meta name=\"twitter:data1\" content=\"Timo H\u00f6rske\" \/>\n\t<meta name=\"twitter:label2\" content=\"Gesch\u00e4tzte Lesezeit\" \/>\n\t<meta name=\"twitter:data2\" content=\"6\u00a0Minuten\" \/>\n<script type=\"application\/ld+json\" class=\"yoast-schema-graph\">{\"@context\":\"https:\\\/\\\/schema.org\",\"@graph\":[{\"@type\":\"Article\",\"@id\":\"https:\\\/\\\/hoerske.de\\\/blog\\\/2019\\\/09\\\/bienentagebuch-teil-7-bienenbeute-im-herbst-und-winter\\\/#article\",\"isPartOf\":{\"@id\":\"https:\\\/\\\/hoerske.de\\\/blog\\\/2019\\\/09\\\/bienentagebuch-teil-7-bienenbeute-im-herbst-und-winter\\\/\"},\"author\":{\"name\":\"Timo H\u00f6rske\",\"@id\":\"https:\\\/\\\/hoerske.de\\\/blog\\\/#\\\/schema\\\/person\\\/20677cf2167fc7027b752c3bba78d5fc\"},\"headline\":\"Bienentagebuch &#8211; Teil 7: Bienenbeute im Herbst und Winter\",\"datePublished\":\"2019-09-18T12:29:48+00:00\",\"dateModified\":\"2019-09-18T12:35:56+00:00\",\"mainEntityOfPage\":{\"@id\":\"https:\\\/\\\/hoerske.de\\\/blog\\\/2019\\\/09\\\/bienentagebuch-teil-7-bienenbeute-im-herbst-und-winter\\\/\"},\"wordCount\":1111,\"commentCount\":0,\"publisher\":{\"@id\":\"https:\\\/\\\/hoerske.de\\\/blog\\\/#\\\/schema\\\/person\\\/20677cf2167fc7027b752c3bba78d5fc\"},\"image\":{\"@id\":\"https:\\\/\\\/hoerske.de\\\/blog\\\/2019\\\/09\\\/bienentagebuch-teil-7-bienenbeute-im-herbst-und-winter\\\/#primaryimage\"},\"thumbnailUrl\":\"https:\\\/\\\/i0.wp.com\\\/hoerske.de\\\/blog\\\/wp-content\\\/uploads\\\/2019\\\/09\\\/cropped-Bienen-bei-der-Einfu%CC%88tterung.jpg?fit=1200%2C675&ssl=1\",\"keywords\":[\"Bienenvolk\",\"Einwinterung\",\"Honigbienen\",\"Honigraum\",\"Imker\",\"Milben\",\"Zargen\"],\"articleSection\":[\"2019\",\"Bienentagebuch\"],\"inLanguage\":\"de\",\"potentialAction\":[{\"@type\":\"CommentAction\",\"name\":\"Comment\",\"target\":[\"https:\\\/\\\/hoerske.de\\\/blog\\\/2019\\\/09\\\/bienentagebuch-teil-7-bienenbeute-im-herbst-und-winter\\\/#respond\"]}]},{\"@type\":\"WebPage\",\"@id\":\"https:\\\/\\\/hoerske.de\\\/blog\\\/2019\\\/09\\\/bienentagebuch-teil-7-bienenbeute-im-herbst-und-winter\\\/\",\"url\":\"https:\\\/\\\/hoerske.de\\\/blog\\\/2019\\\/09\\\/bienentagebuch-teil-7-bienenbeute-im-herbst-und-winter\\\/\",\"name\":\"Bienentagebuch - Teil 7: Bienenbeute im Herbst und Winter - Timos Paper\",\"isPartOf\":{\"@id\":\"https:\\\/\\\/hoerske.de\\\/blog\\\/#website\"},\"primaryImageOfPage\":{\"@id\":\"https:\\\/\\\/hoerske.de\\\/blog\\\/2019\\\/09\\\/bienentagebuch-teil-7-bienenbeute-im-herbst-und-winter\\\/#primaryimage\"},\"image\":{\"@id\":\"https:\\\/\\\/hoerske.de\\\/blog\\\/2019\\\/09\\\/bienentagebuch-teil-7-bienenbeute-im-herbst-und-winter\\\/#primaryimage\"},\"thumbnailUrl\":\"https:\\\/\\\/i0.wp.com\\\/hoerske.de\\\/blog\\\/wp-content\\\/uploads\\\/2019\\\/09\\\/cropped-Bienen-bei-der-Einfu%CC%88tterung.jpg?fit=1200%2C675&ssl=1\",\"datePublished\":\"2019-09-18T12:29:48+00:00\",\"dateModified\":\"2019-09-18T12:35:56+00:00\",\"description\":\"Die Vorbereitung zur Einwinterung von Bienen ist wichtig, denn wenn es keinen Honig mehr zu ernten gibt, gibt es vorerst nichts mehr f\u00fcr sie zu tun. Welche Vorbereitungen zu treffen sind, will ich heute genauer unter die Lupe nehmen und mich auch mit der Einf\u00fctterung besch\u00e4ftigen.\",\"breadcrumb\":{\"@id\":\"https:\\\/\\\/hoerske.de\\\/blog\\\/2019\\\/09\\\/bienentagebuch-teil-7-bienenbeute-im-herbst-und-winter\\\/#breadcrumb\"},\"inLanguage\":\"de\",\"potentialAction\":[{\"@type\":\"ReadAction\",\"target\":[\"https:\\\/\\\/hoerske.de\\\/blog\\\/2019\\\/09\\\/bienentagebuch-teil-7-bienenbeute-im-herbst-und-winter\\\/\"]}]},{\"@type\":\"ImageObject\",\"inLanguage\":\"de\",\"@id\":\"https:\\\/\\\/hoerske.de\\\/blog\\\/2019\\\/09\\\/bienentagebuch-teil-7-bienenbeute-im-herbst-und-winter\\\/#primaryimage\",\"url\":\"https:\\\/\\\/i0.wp.com\\\/hoerske.de\\\/blog\\\/wp-content\\\/uploads\\\/2019\\\/09\\\/cropped-Bienen-bei-der-Einfu%CC%88tterung.jpg?fit=1200%2C675&ssl=1\",\"contentUrl\":\"https:\\\/\\\/i0.wp.com\\\/hoerske.de\\\/blog\\\/wp-content\\\/uploads\\\/2019\\\/09\\\/cropped-Bienen-bei-der-Einfu%CC%88tterung.jpg?fit=1200%2C675&ssl=1\",\"width\":1200,\"height\":675},{\"@type\":\"BreadcrumbList\",\"@id\":\"https:\\\/\\\/hoerske.de\\\/blog\\\/2019\\\/09\\\/bienentagebuch-teil-7-bienenbeute-im-herbst-und-winter\\\/#breadcrumb\",\"itemListElement\":[{\"@type\":\"ListItem\",\"position\":1,\"name\":\"Startseite\",\"item\":\"https:\\\/\\\/hoerske.de\\\/blog\\\/\"},{\"@type\":\"ListItem\",\"position\":2,\"name\":\"Bienentagebuch &#8211; Teil 7: Bienenbeute im Herbst und Winter\"}]},{\"@type\":\"WebSite\",\"@id\":\"https:\\\/\\\/hoerske.de\\\/blog\\\/#website\",\"url\":\"https:\\\/\\\/hoerske.de\\\/blog\\\/\",\"name\":\"Timos Blog\",\"description\":\"ego cogito, ergo sum\",\"publisher\":{\"@id\":\"https:\\\/\\\/hoerske.de\\\/blog\\\/#\\\/schema\\\/person\\\/20677cf2167fc7027b752c3bba78d5fc\"},\"potentialAction\":[{\"@type\":\"SearchAction\",\"target\":{\"@type\":\"EntryPoint\",\"urlTemplate\":\"https:\\\/\\\/hoerske.de\\\/blog\\\/?s={search_term_string}\"},\"query-input\":{\"@type\":\"PropertyValueSpecification\",\"valueRequired\":true,\"valueName\":\"search_term_string\"}}],\"inLanguage\":\"de\"},{\"@type\":[\"Person\",\"Organization\"],\"@id\":\"https:\\\/\\\/hoerske.de\\\/blog\\\/#\\\/schema\\\/person\\\/20677cf2167fc7027b752c3bba78d5fc\",\"name\":\"Timo H\u00f6rske\",\"image\":{\"@type\":\"ImageObject\",\"inLanguage\":\"de\",\"@id\":\"https:\\\/\\\/i0.wp.com\\\/hoerske.de\\\/blog\\\/wp-content\\\/uploads\\\/2023\\\/01\\\/16711213967602.jpg?fit=1024%2C954&ssl=1\",\"url\":\"https:\\\/\\\/i0.wp.com\\\/hoerske.de\\\/blog\\\/wp-content\\\/uploads\\\/2023\\\/01\\\/16711213967602.jpg?fit=1024%2C954&ssl=1\",\"contentUrl\":\"https:\\\/\\\/i0.wp.com\\\/hoerske.de\\\/blog\\\/wp-content\\\/uploads\\\/2023\\\/01\\\/16711213967602.jpg?fit=1024%2C954&ssl=1\",\"width\":1024,\"height\":954,\"caption\":\"Timo H\u00f6rske\"},\"logo\":{\"@id\":\"https:\\\/\\\/i0.wp.com\\\/hoerske.de\\\/blog\\\/wp-content\\\/uploads\\\/2023\\\/01\\\/16711213967602.jpg?fit=1024%2C954&ssl=1\"},\"description\":\"Jahrgang 1985, als \\\"Ossi\\\" geboren, im beschaulichen Premnitz an der Havel aufgewachsen. Natur- und Kunstliebhaber. Seit \u00fcber 10 Jahren Wahlbremerhavener, K\u00fcsten- und Windfan. So ziemlich an Allem interessiert. Schwerpunkte sind aber eindeutig Politik, Gesellschaft, Rechtswesen, Natur, Imkerei und Technik. Rotes Parteibuch, Mitglied des Jugendhilfeausschusses der Stadt Bremerhaven, Vorsitzender eines Kleing\u00e4rtnervereins, Fachberater f\u00fcr das Kleingartenwesen, Verbandschef der Bremerhavener Kleing\u00e4rtner*innen. Hobbyimker, Freizeitblogger, Techniknerd.\",\"sameAs\":[\"https:\\\/\\\/www.hoerske.de\\\/\",\"https:\\\/\\\/www.facebook.com\\\/timo.hoerske\",\"https:\\\/\\\/www.instagram.com\\\/thoerske\\\/\",\"https:\\\/\\\/x.com\\\/timo_hoerske\"],\"url\":\"https:\\\/\\\/hoerske.de\\\/blog\\\/author\\\/roter_admin\\\/\"}]}<\/script>\n<!-- \/ Yoast SEO Premium plugin. -->","yoast_head_json":{"title":"Bienentagebuch - Teil 7: Bienenbeute im Herbst und Winter - Timos Paper","description":"Die Vorbereitung zur Einwinterung von Bienen ist wichtig, denn wenn es keinen Honig mehr zu ernten gibt, gibt es vorerst nichts mehr f\u00fcr sie zu tun. Welche Vorbereitungen zu treffen sind, will ich heute genauer unter die Lupe nehmen und mich auch mit der Einf\u00fctterung besch\u00e4ftigen.","robots":{"index":"index","follow":"follow","max-snippet":"max-snippet:-1","max-image-preview":"max-image-preview:large","max-video-preview":"max-video-preview:-1"},"canonical":"https:\/\/hoerske.de\/blog\/2019\/09\/bienentagebuch-teil-7-bienenbeute-im-herbst-und-winter\/","og_locale":"de_DE","og_type":"article","og_title":"Bienentagebuch - Teil 7: Bienenbeute im Herbst und Winter","og_description":"Die Vorbereitung zur Einwinterung von Bienen ist wichtig, denn wenn es keinen Honig mehr zu ernten gibt, gibt es vorerst nichts mehr f\u00fcr sie zu tun. Welche Vorbereitungen zu treffen sind, will ich heute genauer unter die Lupe nehmen und mich auch mit der Einf\u00fctterung besch\u00e4ftigen.","og_url":"https:\/\/hoerske.de\/blog\/2019\/09\/bienentagebuch-teil-7-bienenbeute-im-herbst-und-winter\/","og_site_name":"Timos Paper","article_publisher":"https:\/\/www.facebook.com\/timo.hoerske","article_author":"https:\/\/www.facebook.com\/timo.hoerske","article_published_time":"2019-09-18T12:29:48+00:00","article_modified_time":"2019-09-18T12:35:56+00:00","og_image":[{"width":1200,"height":675,"url":"https:\/\/i0.wp.com\/blog.hoerske.de\/wp-content\/uploads\/2019\/09\/cropped-Bienen-bei-der-Einfu%CC%88tterung.jpg?fit=1200%2C675","type":"image\/jpeg"}],"author":"Timo H\u00f6rske","twitter_card":"summary_large_image","twitter_creator":"@timo_hoerske","twitter_site":"@timo_hoerske","twitter_misc":{"Verfasst von":"Timo H\u00f6rske","Gesch\u00e4tzte Lesezeit":"6\u00a0Minuten"},"schema":{"@context":"https:\/\/schema.org","@graph":[{"@type":"Article","@id":"https:\/\/hoerske.de\/blog\/2019\/09\/bienentagebuch-teil-7-bienenbeute-im-herbst-und-winter\/#article","isPartOf":{"@id":"https:\/\/hoerske.de\/blog\/2019\/09\/bienentagebuch-teil-7-bienenbeute-im-herbst-und-winter\/"},"author":{"name":"Timo H\u00f6rske","@id":"https:\/\/hoerske.de\/blog\/#\/schema\/person\/20677cf2167fc7027b752c3bba78d5fc"},"headline":"Bienentagebuch &#8211; Teil 7: Bienenbeute im Herbst und Winter","datePublished":"2019-09-18T12:29:48+00:00","dateModified":"2019-09-18T12:35:56+00:00","mainEntityOfPage":{"@id":"https:\/\/hoerske.de\/blog\/2019\/09\/bienentagebuch-teil-7-bienenbeute-im-herbst-und-winter\/"},"wordCount":1111,"commentCount":0,"publisher":{"@id":"https:\/\/hoerske.de\/blog\/#\/schema\/person\/20677cf2167fc7027b752c3bba78d5fc"},"image":{"@id":"https:\/\/hoerske.de\/blog\/2019\/09\/bienentagebuch-teil-7-bienenbeute-im-herbst-und-winter\/#primaryimage"},"thumbnailUrl":"https:\/\/i0.wp.com\/hoerske.de\/blog\/wp-content\/uploads\/2019\/09\/cropped-Bienen-bei-der-Einfu%CC%88tterung.jpg?fit=1200%2C675&ssl=1","keywords":["Bienenvolk","Einwinterung","Honigbienen","Honigraum","Imker","Milben","Zargen"],"articleSection":["2019","Bienentagebuch"],"inLanguage":"de","potentialAction":[{"@type":"CommentAction","name":"Comment","target":["https:\/\/hoerske.de\/blog\/2019\/09\/bienentagebuch-teil-7-bienenbeute-im-herbst-und-winter\/#respond"]}]},{"@type":"WebPage","@id":"https:\/\/hoerske.de\/blog\/2019\/09\/bienentagebuch-teil-7-bienenbeute-im-herbst-und-winter\/","url":"https:\/\/hoerske.de\/blog\/2019\/09\/bienentagebuch-teil-7-bienenbeute-im-herbst-und-winter\/","name":"Bienentagebuch - Teil 7: Bienenbeute im Herbst und Winter - Timos Paper","isPartOf":{"@id":"https:\/\/hoerske.de\/blog\/#website"},"primaryImageOfPage":{"@id":"https:\/\/hoerske.de\/blog\/2019\/09\/bienentagebuch-teil-7-bienenbeute-im-herbst-und-winter\/#primaryimage"},"image":{"@id":"https:\/\/hoerske.de\/blog\/2019\/09\/bienentagebuch-teil-7-bienenbeute-im-herbst-und-winter\/#primaryimage"},"thumbnailUrl":"https:\/\/i0.wp.com\/hoerske.de\/blog\/wp-content\/uploads\/2019\/09\/cropped-Bienen-bei-der-Einfu%CC%88tterung.jpg?fit=1200%2C675&ssl=1","datePublished":"2019-09-18T12:29:48+00:00","dateModified":"2019-09-18T12:35:56+00:00","description":"Die Vorbereitung zur Einwinterung von Bienen ist wichtig, denn wenn es keinen Honig mehr zu ernten gibt, gibt es vorerst nichts mehr f\u00fcr sie zu tun. Welche Vorbereitungen zu treffen sind, will ich heute genauer unter die Lupe nehmen und mich auch mit der Einf\u00fctterung besch\u00e4ftigen.","breadcrumb":{"@id":"https:\/\/hoerske.de\/blog\/2019\/09\/bienentagebuch-teil-7-bienenbeute-im-herbst-und-winter\/#breadcrumb"},"inLanguage":"de","potentialAction":[{"@type":"ReadAction","target":["https:\/\/hoerske.de\/blog\/2019\/09\/bienentagebuch-teil-7-bienenbeute-im-herbst-und-winter\/"]}]},{"@type":"ImageObject","inLanguage":"de","@id":"https:\/\/hoerske.de\/blog\/2019\/09\/bienentagebuch-teil-7-bienenbeute-im-herbst-und-winter\/#primaryimage","url":"https:\/\/i0.wp.com\/hoerske.de\/blog\/wp-content\/uploads\/2019\/09\/cropped-Bienen-bei-der-Einfu%CC%88tterung.jpg?fit=1200%2C675&ssl=1","contentUrl":"https:\/\/i0.wp.com\/hoerske.de\/blog\/wp-content\/uploads\/2019\/09\/cropped-Bienen-bei-der-Einfu%CC%88tterung.jpg?fit=1200%2C675&ssl=1","width":1200,"height":675},{"@type":"BreadcrumbList","@id":"https:\/\/hoerske.de\/blog\/2019\/09\/bienentagebuch-teil-7-bienenbeute-im-herbst-und-winter\/#breadcrumb","itemListElement":[{"@type":"ListItem","position":1,"name":"Startseite","item":"https:\/\/hoerske.de\/blog\/"},{"@type":"ListItem","position":2,"name":"Bienentagebuch &#8211; Teil 7: Bienenbeute im Herbst und Winter"}]},{"@type":"WebSite","@id":"https:\/\/hoerske.de\/blog\/#website","url":"https:\/\/hoerske.de\/blog\/","name":"Timos Blog","description":"ego cogito, ergo sum","publisher":{"@id":"https:\/\/hoerske.de\/blog\/#\/schema\/person\/20677cf2167fc7027b752c3bba78d5fc"},"potentialAction":[{"@type":"SearchAction","target":{"@type":"EntryPoint","urlTemplate":"https:\/\/hoerske.de\/blog\/?s={search_term_string}"},"query-input":{"@type":"PropertyValueSpecification","valueRequired":true,"valueName":"search_term_string"}}],"inLanguage":"de"},{"@type":["Person","Organization"],"@id":"https:\/\/hoerske.de\/blog\/#\/schema\/person\/20677cf2167fc7027b752c3bba78d5fc","name":"Timo H\u00f6rske","image":{"@type":"ImageObject","inLanguage":"de","@id":"https:\/\/i0.wp.com\/hoerske.de\/blog\/wp-content\/uploads\/2023\/01\/16711213967602.jpg?fit=1024%2C954&ssl=1","url":"https:\/\/i0.wp.com\/hoerske.de\/blog\/wp-content\/uploads\/2023\/01\/16711213967602.jpg?fit=1024%2C954&ssl=1","contentUrl":"https:\/\/i0.wp.com\/hoerske.de\/blog\/wp-content\/uploads\/2023\/01\/16711213967602.jpg?fit=1024%2C954&ssl=1","width":1024,"height":954,"caption":"Timo H\u00f6rske"},"logo":{"@id":"https:\/\/i0.wp.com\/hoerske.de\/blog\/wp-content\/uploads\/2023\/01\/16711213967602.jpg?fit=1024%2C954&ssl=1"},"description":"Jahrgang 1985, als \"Ossi\" geboren, im beschaulichen Premnitz an der Havel aufgewachsen. Natur- und Kunstliebhaber. Seit \u00fcber 10 Jahren Wahlbremerhavener, K\u00fcsten- und Windfan. So ziemlich an Allem interessiert. Schwerpunkte sind aber eindeutig Politik, Gesellschaft, Rechtswesen, Natur, Imkerei und Technik. Rotes Parteibuch, Mitglied des Jugendhilfeausschusses der Stadt Bremerhaven, Vorsitzender eines Kleing\u00e4rtnervereins, Fachberater f\u00fcr das Kleingartenwesen, Verbandschef der Bremerhavener Kleing\u00e4rtner*innen. Hobbyimker, Freizeitblogger, Techniknerd.","sameAs":["https:\/\/www.hoerske.de\/","https:\/\/www.facebook.com\/timo.hoerske","https:\/\/www.instagram.com\/thoerske\/","https:\/\/x.com\/timo_hoerske"],"url":"https:\/\/hoerske.de\/blog\/author\/roter_admin\/"}]}},"jetpack_publicize_connections":[],"jetpack_featured_media_url":"https:\/\/i0.wp.com\/hoerske.de\/blog\/wp-content\/uploads\/2019\/09\/cropped-Bienen-bei-der-Einfu%CC%88tterung.jpg?fit=1200%2C675&ssl=1","jetpack_shortlink":"https:\/\/wp.me\/p4W3ht-1S2","jetpack_sharing_enabled":true,"_links":{"self":[{"href":"https:\/\/hoerske.de\/blog\/wp-json\/wp\/v2\/posts\/7194","targetHints":{"allow":["GET"]}}],"collection":[{"href":"https:\/\/hoerske.de\/blog\/wp-json\/wp\/v2\/posts"}],"about":[{"href":"https:\/\/hoerske.de\/blog\/wp-json\/wp\/v2\/types\/post"}],"author":[{"embeddable":true,"href":"https:\/\/hoerske.de\/blog\/wp-json\/wp\/v2\/users\/1"}],"replies":[{"embeddable":true,"href":"https:\/\/hoerske.de\/blog\/wp-json\/wp\/v2\/comments?post=7194"}],"version-history":[{"count":0,"href":"https:\/\/hoerske.de\/blog\/wp-json\/wp\/v2\/posts\/7194\/revisions"}],"wp:featuredmedia":[{"embeddable":true,"href":"https:\/\/hoerske.de\/blog\/wp-json\/wp\/v2\/media\/7197"}],"wp:attachment":[{"href":"https:\/\/hoerske.de\/blog\/wp-json\/wp\/v2\/media?parent=7194"}],"wp:term":[{"taxonomy":"category","embeddable":true,"href":"https:\/\/hoerske.de\/blog\/wp-json\/wp\/v2\/categories?post=7194"},{"taxonomy":"post_tag","embeddable":true,"href":"https:\/\/hoerske.de\/blog\/wp-json\/wp\/v2\/tags?post=7194"}],"curies":[{"name":"wp","href":"https:\/\/api.w.org\/{rel}","templated":true}]}}