{"id":710,"date":"2015-10-26T12:28:42","date_gmt":"2015-10-26T10:28:42","guid":{"rendered":"https:\/\/www.hoerske.de\/?p=710"},"modified":"2015-10-27T16:53:19","modified_gmt":"2015-10-27T14:53:19","slug":"3-bremerhavener-world-cafe-bremerhaven-bildet","status":"publish","type":"post","link":"https:\/\/hoerske.de\/blog\/2015\/10\/3-bremerhavener-world-cafe-bremerhaven-bildet\/","title":{"rendered":"3. Bremerhavener World Caf\u00e9 &#8211; Bremerhaven Bildet!"},"content":{"rendered":"<p>Vielleicht habt Ihr am Samstag (24.10.2015) die Sonderbeilage der Nordseezeitung zur 3. Auflage des World Caf\u00e9 der Gruppe <a href=\"http:\/\/7und1.de\/\">7und1<\/a> in Bremerhaven entdeckt. Ganz prominent auf Seite 1 bin ich mit dabei.<\/p>\n<h4 style=\"padding-left: 30px;\">Kurzgefasst<\/h4>\n<p style=\"padding-left: 30px;\">3. Bremerhavener World Caf\u00e9 &#8211; Bremerhaven Bildet!<\/p>\n<p style=\"padding-left: 30px;\">Bremerhaven als Bildungsstadt &#8211; 25.09. 2015<\/p>\n<p style=\"padding-left: 30px;\">130 Teilnehmer<\/p>\n<p style=\"padding-left: 30px;\">Impulsreferat: Prof. Dr. Olaf-Axel Burow<\/p>\n<p>Ich hatte ja bereits das Konzept hinter dem World Caf\u00e9 vorgestellt: <a href=\"https:\/\/www.hoerske.de\/blog\/wie-wohnt-bremerhaven-2-bremerhavener-worldcafe\/\">Wie wohnt Bremerhaven? <\/a><\/p>\n<p>Heute will ich mich also nur einem kurzen R\u00fcckblick auf das Thema des diesj\u00e4hrigen World Caf\u00e9 beschr\u00e4nken. Kein Thema ist so abh\u00e4ngig von den eigenen Erfahrungen, Wertungen und Ideologien wie die Bildung. Also eigentlich ein perfektes Thema um wirklich einmal Gedanken und Ideen reifen zu lassen fernab der normalen Diskussionen.<\/p>\n<p><!--more--><\/p>\n<p>Es gab diesmal 5 Oberthemen:<\/p>\n<ul>\n<li>Akzeptierter Lernort<\/li>\n<li>Schulische Angebote<\/li>\n<li>Verbindung zwischen Schule und Wirtschaft<\/li>\n<li>Verbindung zwischen Schule und Wissenschaft<\/li>\n<li>Forschung und Entwicklung<\/li>\n<\/ul>\n<figure id=\"attachment_723\" aria-describedby=\"caption-attachment-723\" style=\"width: 278px\" class=\"wp-caption alignleft\"><a href=\"https:\/\/i0.wp.com\/www.hoerske.de\/blog\/wp-content\/uploads\/2015\/10\/unnamed.png?ssl=1\"><img data-recalc-dims=\"1\" loading=\"lazy\" decoding=\"async\" class=\"size-full wp-image-723\" src=\"https:\/\/i0.wp.com\/www.hoerske.de\/blog\/wp-content\/uploads\/2015\/10\/unnamed.png?resize=278%2C194&#038;ssl=1\" alt=\"3. Bremerhavener World Caf\u00e9 | Bremerhaven bildet! | Quelle: http:\/\/7und1.de\" width=\"278\" height=\"194\" \/><\/a><figcaption id=\"caption-attachment-723\" class=\"wp-caption-text\">3. Bremerhavener World Caf\u00e9 | Bremerhaven bildet! | Quelle: <a href=\"http:\/\/7und1.de\">http:\/\/7und1.de<\/a><\/figcaption><\/figure>\n<p>Hunderte Teilnehmer fanden zu allen Themen kreative, unkonventionelle Ideen f\u00fcr die Zukunft der Bildung nicht nur in Bremerhaven. Nat\u00fcrlich war allen klar, dass Bildung Landessache ist und in einer Kommune wenig von selbst ge\u00e4ndert werden kann. Aber f\u00fcr mich viel wichtiger ist, dass die Diskussionstrukturen in den Bildung normalerweise entwickelt wird auf gebrochen wird. Denn dieses Format bringt einen ganz entscheidenen Vorteil es verhindert Hemmungen und Sperren in Diskussionen, die sonst bei z.B. Podiumsdiskussionen o.\u00e4. Kreativit\u00e4t verhindern und zu einer Spirale der immer gleichen Ideen f\u00fchren.<\/p>\n<p>Die Organisatoren haben es wieder einmal geschafft durch offene Fragestellungen die Gedanken der Teilnehmer fortzuf\u00fchren von den bestehenden Systemen, Vorurteilen und festen Mustern.<\/p>\n<p>Ich selbst war in der Themengruppe: Die Schule als akzeptierter Lern- und Lebensort. Wir haben uns mit den Fragen besch\u00e4fftigt, welche Funktionen Schulen und Schulgeb\u00e4ude f\u00fcr die Stadt(teil)entwicklung betragen k\u00f6nnen, was Schulen f\u00fcr Kinder und Jugendliche attraktiv macht gerne in die Schule zu gehen, helfen oder schaden Markenprofile den Schulen und zu guter Letzt sind Bildungsangebote der Schule m\u00f6glich um die Bildungsbeteiligung von Kindern mit nicht-deutscher Familiensprache zu erh\u00f6hen.<\/p>\n<p>F\u00fcr mich war es besonders spannend die Schule nicht mehr als geschlossenen Ort zu sehen sondern viel mehr die \u00d6ffnung in den Stadtteil, in die Mitte der Gesellschaft in den Mittelpunkt zu stellen. Die Potenziale erscheinen mir nach den gef\u00fchrten Diskussionen gr\u00f6\u00dfer und viel versprechender als ich es mir vorher \u00fcberhaupt h\u00e4tte denken k\u00f6nnen.<\/p>\n<p>Dazu beigetragen hat u.a. das Impulsreferat von Prof. Dr. Olaf-Axel Burow ((Lehrer, Gestaltp\u00e4dagoge und Professor f\u00fcr Allgemeine P\u00e4dagogik Universit\u00e4t Kassel &#8211;\u00a0<a href=\"http:\/\/www.olaf-axel-burow.de\/\">http:\/\/www.olaf-axel-burow.de\/ <\/a>)). Zusammenfassd kann man den Vortrag als Abrechnung mit bestehenden Schulsystemen verstehen, die unsere Kinder und Jugendlichen als maschienellen Einheitsbrei versuchen zu verarbeiten illustriert durch ein Flie\u00dfband. Viel mehr muss es darauf ankommen, die indiviuellen F\u00e4higkeiten zu erkennen und zu f\u00f6rdern. Dies geht aber nur wenn Lehrer, Eltern, Sch\u00fcler und Bildungspolitiker erkennen, dass dies in den bestehenden Strukturen und Systemen nicht funktioniert.<\/p>\n<blockquote><p>Das Ziel muss sein, die individuellen Talente und Neigungen der Kinder zu f\u00f6rdern, damit sie ihr volles Potenzial entfalten k\u00f6nnen. &#8211; Prof. Dr. Olaf-Axel Burow<\/p><\/blockquote>\n<p>Seine Kernaussagen zur &#8220;positiven P\u00e4dagogik&#8221; finde ich spannend und werden sicherlich zumindest bei mir dazu f\u00fchren mich n\u00e4her damit auseinander zu setzen: <a href=\"http:\/\/www.amazon.de\/gp\/product\/3407255675\/ref=as_li_tl?ie=UTF8&amp;camp=1638&amp;creative=6742&amp;creativeASIN=3407255675&amp;linkCode=as2&amp;tag=waehhoer-21\" rel=\"nofollow\">Positive P\u00e4dagogik: Sieben Wege zu Lernfreude und Schulgl\u00fcck<\/a><img loading=\"lazy\" decoding=\"async\" style=\"border: none !important; margin: 0px !important;\" src=\"http:\/\/ir-de.amazon-adsystem.com\/e\/ir?t=waehhoer-21&amp;l=as2&amp;o=3&amp;a=3407255675\" alt=\"\" width=\"1\" height=\"1\" border=\"0\" \/> ((<a href=\"http:\/\/www.olaf-axel-burow.de\/images\/stories\/pdf\/pospad2.pdf\">http:\/\/www.olaf-axel-burow.de\/images\/stories\/pdf\/pospad2.pdf<\/a>)).<\/p>\n<p>So und zum guten Schlu\u00df gibt es noch die Beilage aus der Nordseezeitung hier zum Download:<\/p>\n<p><a href=\"https:\/\/www.hoerske.de\/blog\/wp-content\/uploads\/2015\/10\/World_Cafe_24okt2015_Gesamtseiten.pdf\">World_Cafe_Bremerhaven_Bildet<\/a> ((BREMERHAVEN BILDET! ist ein Produkt der NORDSEE-ZEITUNG Bremerhaven | NORDSEE-ZEITUNG GmbH Hafenstra\u00dfe 140 \u00b7 27576 Bremerhaven Telefon 0471 597-293 | Redaktion: Marc-Alexander Wagner <a href=\"http:\/\/www.gedankenwerft.de\">www.gedankenwerft.de <\/a> | Layout: Sonderthemenredaktion der NORDSEE-ZEITUNG | Fotos: Scheer, BIS Bremerhaven, Friedrichs, <a href=\"http:\/\/www.thinkstock.de\">www.thinkstock.de<\/a>))<\/p>\n","protected":false},"excerpt":{"rendered":"<p>Vielleicht habt Ihr am Samstag (24.10.2015) die Sonderbeilage der Nordseezeitung zur 3. Auflage des World Caf\u00e9 der Gruppe 7und1 in Bremerhaven entdeckt. Ganz prominent auf Seite 1 bin ich mit dabei. Kurzgefasst 3. Bremerhavener World Caf\u00e9 &#8211; Bremerhaven Bildet! Bremerhaven als Bildungsstadt &#8211; 25.09. 2015 130 Teilnehmer Impulsreferat: Prof. Dr.<\/p>\n","protected":false},"author":1,"featured_media":723,"comment_status":"open","ping_status":"open","sticky":false,"template":"","format":"standard","meta":{"jetpack_post_was_ever_published":false,"_jetpack_newsletter_access":"","_jetpack_dont_email_post_to_subs":false,"_jetpack_newsletter_tier_id":0,"_jetpack_memberships_contains_paywalled_content":false,"_jetpack_memberships_contains_paid_content":false,"footnotes":"","jetpack_publicize_message":"","jetpack_publicize_feature_enabled":true,"jetpack_social_post_already_shared":true,"jetpack_social_options":{"image_generator_settings":{"template":"highway","default_image_id":0,"font":"","enabled":false},"version":2},"_wpas_customize_per_network":false},"categories":[177],"tags":[172,173,174,55],"class_list":["post-710","post","type-post","status-publish","format-standard","has-post-thumbnail","hentry","category-politik","tag-7und1","tag-bildung","tag-diskussion","tag-worldcafe"],"yoast_head":"<!-- This site is optimized with the Yoast SEO Premium plugin v27.3 (Yoast SEO v27.3) - https:\/\/yoast.com\/product\/yoast-seo-premium-wordpress\/ -->\n<title>3. Bremerhavener World Caf\u00e9 - Bremerhaven Bildet! - Timos Paper<\/title>\n<meta name=\"description\" content=\"Kein Thema ist so abh\u00e4ngig von den eigenen Erfahrungen, Wertungen und Ideologien wie die Bildung. Also eigentlich ein perfektes Thema f\u00fcr ein World Caf\u00e9.\" \/>\n<meta name=\"robots\" content=\"index, follow, max-snippet:-1, max-image-preview:large, max-video-preview:-1\" \/>\n<link rel=\"canonical\" href=\"https:\/\/hoerske.de\/blog\/2015\/10\/3-bremerhavener-world-cafe-bremerhaven-bildet\/\" \/>\n<meta property=\"og:locale\" content=\"de_DE\" \/>\n<meta property=\"og:type\" content=\"article\" \/>\n<meta property=\"og:title\" content=\"3. Bremerhavener World Caf\u00e9 - Bremerhaven Bildet!\" \/>\n<meta property=\"og:description\" content=\"Kein Thema ist so abh\u00e4ngig von den eigenen Erfahrungen, Wertungen und Ideologien wie die Bildung. Also eigentlich ein perfektes Thema f\u00fcr ein World Caf\u00e9.\" \/>\n<meta property=\"og:url\" content=\"https:\/\/hoerske.de\/blog\/2015\/10\/3-bremerhavener-world-cafe-bremerhaven-bildet\/\" \/>\n<meta property=\"og:site_name\" content=\"Timos Paper\" \/>\n<meta property=\"article:publisher\" content=\"https:\/\/www.facebook.com\/timo.hoerske\" \/>\n<meta property=\"article:author\" content=\"https:\/\/www.facebook.com\/timo.hoerske\" \/>\n<meta property=\"article:published_time\" content=\"2015-10-26T10:28:42+00:00\" \/>\n<meta property=\"article:modified_time\" content=\"2015-10-27T14:53:19+00:00\" \/>\n<meta property=\"og:image\" content=\"https:\/\/i0.wp.com\/blog.hoerske.de\/wp-content\/uploads\/2015\/10\/unnamed.png?fit=278%2C194\" \/>\n\t<meta property=\"og:image:width\" content=\"278\" \/>\n\t<meta property=\"og:image:height\" content=\"194\" \/>\n\t<meta property=\"og:image:type\" content=\"image\/png\" \/>\n<meta name=\"author\" content=\"Timo H\u00f6rske\" \/>\n<meta name=\"twitter:card\" content=\"summary_large_image\" \/>\n<meta name=\"twitter:creator\" content=\"@timo_hoerske\" \/>\n<meta name=\"twitter:site\" content=\"@timo_hoerske\" \/>\n<meta name=\"twitter:label1\" content=\"Verfasst von\" \/>\n\t<meta name=\"twitter:data1\" content=\"Timo H\u00f6rske\" \/>\n\t<meta name=\"twitter:label2\" content=\"Gesch\u00e4tzte Lesezeit\" \/>\n\t<meta name=\"twitter:data2\" content=\"3\u00a0Minuten\" \/>\n<script type=\"application\/ld+json\" class=\"yoast-schema-graph\">{\"@context\":\"https:\\\/\\\/schema.org\",\"@graph\":[{\"@type\":\"Article\",\"@id\":\"https:\\\/\\\/hoerske.de\\\/blog\\\/2015\\\/10\\\/3-bremerhavener-world-cafe-bremerhaven-bildet\\\/#article\",\"isPartOf\":{\"@id\":\"https:\\\/\\\/hoerske.de\\\/blog\\\/2015\\\/10\\\/3-bremerhavener-world-cafe-bremerhaven-bildet\\\/\"},\"author\":{\"name\":\"Timo H\u00f6rske\",\"@id\":\"https:\\\/\\\/hoerske.de\\\/blog\\\/#\\\/schema\\\/person\\\/20677cf2167fc7027b752c3bba78d5fc\"},\"headline\":\"3. Bremerhavener World Caf\u00e9 &#8211; Bremerhaven Bildet!\",\"datePublished\":\"2015-10-26T10:28:42+00:00\",\"dateModified\":\"2015-10-27T14:53:19+00:00\",\"mainEntityOfPage\":{\"@id\":\"https:\\\/\\\/hoerske.de\\\/blog\\\/2015\\\/10\\\/3-bremerhavener-world-cafe-bremerhaven-bildet\\\/\"},\"wordCount\":629,\"commentCount\":1,\"publisher\":{\"@id\":\"https:\\\/\\\/hoerske.de\\\/blog\\\/#\\\/schema\\\/person\\\/20677cf2167fc7027b752c3bba78d5fc\"},\"image\":{\"@id\":\"https:\\\/\\\/hoerske.de\\\/blog\\\/2015\\\/10\\\/3-bremerhavener-world-cafe-bremerhaven-bildet\\\/#primaryimage\"},\"thumbnailUrl\":\"https:\\\/\\\/i0.wp.com\\\/hoerske.de\\\/blog\\\/wp-content\\\/uploads\\\/2015\\\/10\\\/unnamed.png?fit=278%2C194&ssl=1\",\"keywords\":[\"7und1\",\"Bildung\",\"Diskussion\",\"WorldCaf\u00e9\"],\"articleSection\":[\"Politik\"],\"inLanguage\":\"de\",\"potentialAction\":[{\"@type\":\"CommentAction\",\"name\":\"Comment\",\"target\":[\"https:\\\/\\\/hoerske.de\\\/blog\\\/2015\\\/10\\\/3-bremerhavener-world-cafe-bremerhaven-bildet\\\/#respond\"]}]},{\"@type\":\"WebPage\",\"@id\":\"https:\\\/\\\/hoerske.de\\\/blog\\\/2015\\\/10\\\/3-bremerhavener-world-cafe-bremerhaven-bildet\\\/\",\"url\":\"https:\\\/\\\/hoerske.de\\\/blog\\\/2015\\\/10\\\/3-bremerhavener-world-cafe-bremerhaven-bildet\\\/\",\"name\":\"3. Bremerhavener World Caf\u00e9 - Bremerhaven Bildet! - Timos Paper\",\"isPartOf\":{\"@id\":\"https:\\\/\\\/hoerske.de\\\/blog\\\/#website\"},\"primaryImageOfPage\":{\"@id\":\"https:\\\/\\\/hoerske.de\\\/blog\\\/2015\\\/10\\\/3-bremerhavener-world-cafe-bremerhaven-bildet\\\/#primaryimage\"},\"image\":{\"@id\":\"https:\\\/\\\/hoerske.de\\\/blog\\\/2015\\\/10\\\/3-bremerhavener-world-cafe-bremerhaven-bildet\\\/#primaryimage\"},\"thumbnailUrl\":\"https:\\\/\\\/i0.wp.com\\\/hoerske.de\\\/blog\\\/wp-content\\\/uploads\\\/2015\\\/10\\\/unnamed.png?fit=278%2C194&ssl=1\",\"datePublished\":\"2015-10-26T10:28:42+00:00\",\"dateModified\":\"2015-10-27T14:53:19+00:00\",\"description\":\"Kein Thema ist so abh\u00e4ngig von den eigenen Erfahrungen, Wertungen und Ideologien wie die Bildung. Also eigentlich ein perfektes Thema f\u00fcr ein World Caf\u00e9.\",\"breadcrumb\":{\"@id\":\"https:\\\/\\\/hoerske.de\\\/blog\\\/2015\\\/10\\\/3-bremerhavener-world-cafe-bremerhaven-bildet\\\/#breadcrumb\"},\"inLanguage\":\"de\",\"potentialAction\":[{\"@type\":\"ReadAction\",\"target\":[\"https:\\\/\\\/hoerske.de\\\/blog\\\/2015\\\/10\\\/3-bremerhavener-world-cafe-bremerhaven-bildet\\\/\"]}]},{\"@type\":\"ImageObject\",\"inLanguage\":\"de\",\"@id\":\"https:\\\/\\\/hoerske.de\\\/blog\\\/2015\\\/10\\\/3-bremerhavener-world-cafe-bremerhaven-bildet\\\/#primaryimage\",\"url\":\"https:\\\/\\\/i0.wp.com\\\/hoerske.de\\\/blog\\\/wp-content\\\/uploads\\\/2015\\\/10\\\/unnamed.png?fit=278%2C194&ssl=1\",\"contentUrl\":\"https:\\\/\\\/i0.wp.com\\\/hoerske.de\\\/blog\\\/wp-content\\\/uploads\\\/2015\\\/10\\\/unnamed.png?fit=278%2C194&ssl=1\",\"width\":278,\"height\":194,\"caption\":\"3. Bremerhavener World Caf\u00e9 | Bremerhaven bildet! | Quelle: http:\\\/\\\/7und1.de\"},{\"@type\":\"BreadcrumbList\",\"@id\":\"https:\\\/\\\/hoerske.de\\\/blog\\\/2015\\\/10\\\/3-bremerhavener-world-cafe-bremerhaven-bildet\\\/#breadcrumb\",\"itemListElement\":[{\"@type\":\"ListItem\",\"position\":1,\"name\":\"Startseite\",\"item\":\"https:\\\/\\\/hoerske.de\\\/blog\\\/\"},{\"@type\":\"ListItem\",\"position\":2,\"name\":\"3. Bremerhavener World Caf\u00e9 &#8211; Bremerhaven Bildet!\"}]},{\"@type\":\"WebSite\",\"@id\":\"https:\\\/\\\/hoerske.de\\\/blog\\\/#website\",\"url\":\"https:\\\/\\\/hoerske.de\\\/blog\\\/\",\"name\":\"Timos Blog\",\"description\":\"ego cogito, ergo sum\",\"publisher\":{\"@id\":\"https:\\\/\\\/hoerske.de\\\/blog\\\/#\\\/schema\\\/person\\\/20677cf2167fc7027b752c3bba78d5fc\"},\"potentialAction\":[{\"@type\":\"SearchAction\",\"target\":{\"@type\":\"EntryPoint\",\"urlTemplate\":\"https:\\\/\\\/hoerske.de\\\/blog\\\/?s={search_term_string}\"},\"query-input\":{\"@type\":\"PropertyValueSpecification\",\"valueRequired\":true,\"valueName\":\"search_term_string\"}}],\"inLanguage\":\"de\"},{\"@type\":[\"Person\",\"Organization\"],\"@id\":\"https:\\\/\\\/hoerske.de\\\/blog\\\/#\\\/schema\\\/person\\\/20677cf2167fc7027b752c3bba78d5fc\",\"name\":\"Timo H\u00f6rske\",\"image\":{\"@type\":\"ImageObject\",\"inLanguage\":\"de\",\"@id\":\"https:\\\/\\\/i0.wp.com\\\/hoerske.de\\\/blog\\\/wp-content\\\/uploads\\\/2023\\\/01\\\/16711213967602.jpg?fit=1024%2C954&ssl=1\",\"url\":\"https:\\\/\\\/i0.wp.com\\\/hoerske.de\\\/blog\\\/wp-content\\\/uploads\\\/2023\\\/01\\\/16711213967602.jpg?fit=1024%2C954&ssl=1\",\"contentUrl\":\"https:\\\/\\\/i0.wp.com\\\/hoerske.de\\\/blog\\\/wp-content\\\/uploads\\\/2023\\\/01\\\/16711213967602.jpg?fit=1024%2C954&ssl=1\",\"width\":1024,\"height\":954,\"caption\":\"Timo H\u00f6rske\"},\"logo\":{\"@id\":\"https:\\\/\\\/i0.wp.com\\\/hoerske.de\\\/blog\\\/wp-content\\\/uploads\\\/2023\\\/01\\\/16711213967602.jpg?fit=1024%2C954&ssl=1\"},\"description\":\"Jahrgang 1985, als \\\"Ossi\\\" geboren, im beschaulichen Premnitz an der Havel aufgewachsen. Natur- und Kunstliebhaber. Seit \u00fcber 10 Jahren Wahlbremerhavener, K\u00fcsten- und Windfan. So ziemlich an Allem interessiert. Schwerpunkte sind aber eindeutig Politik, Gesellschaft, Rechtswesen, Natur, Imkerei und Technik. Rotes Parteibuch, Mitglied des Jugendhilfeausschusses der Stadt Bremerhaven, Vorsitzender eines Kleing\u00e4rtnervereins, Fachberater f\u00fcr das Kleingartenwesen, Verbandschef der Bremerhavener Kleing\u00e4rtner*innen. Hobbyimker, Freizeitblogger, Techniknerd.\",\"sameAs\":[\"https:\\\/\\\/www.hoerske.de\\\/\",\"https:\\\/\\\/www.facebook.com\\\/timo.hoerske\",\"https:\\\/\\\/www.instagram.com\\\/thoerske\\\/\",\"https:\\\/\\\/x.com\\\/timo_hoerske\"],\"url\":\"https:\\\/\\\/hoerske.de\\\/blog\\\/author\\\/roter_admin\\\/\"}]}<\/script>\n<!-- \/ Yoast SEO Premium plugin. -->","yoast_head_json":{"title":"3. Bremerhavener World Caf\u00e9 - Bremerhaven Bildet! - Timos Paper","description":"Kein Thema ist so abh\u00e4ngig von den eigenen Erfahrungen, Wertungen und Ideologien wie die Bildung. Also eigentlich ein perfektes Thema f\u00fcr ein World Caf\u00e9.","robots":{"index":"index","follow":"follow","max-snippet":"max-snippet:-1","max-image-preview":"max-image-preview:large","max-video-preview":"max-video-preview:-1"},"canonical":"https:\/\/hoerske.de\/blog\/2015\/10\/3-bremerhavener-world-cafe-bremerhaven-bildet\/","og_locale":"de_DE","og_type":"article","og_title":"3. Bremerhavener World Caf\u00e9 - Bremerhaven Bildet!","og_description":"Kein Thema ist so abh\u00e4ngig von den eigenen Erfahrungen, Wertungen und Ideologien wie die Bildung. Also eigentlich ein perfektes Thema f\u00fcr ein World Caf\u00e9.","og_url":"https:\/\/hoerske.de\/blog\/2015\/10\/3-bremerhavener-world-cafe-bremerhaven-bildet\/","og_site_name":"Timos Paper","article_publisher":"https:\/\/www.facebook.com\/timo.hoerske","article_author":"https:\/\/www.facebook.com\/timo.hoerske","article_published_time":"2015-10-26T10:28:42+00:00","article_modified_time":"2015-10-27T14:53:19+00:00","og_image":[{"width":278,"height":194,"url":"https:\/\/i0.wp.com\/blog.hoerske.de\/wp-content\/uploads\/2015\/10\/unnamed.png?fit=278%2C194","type":"image\/png"}],"author":"Timo H\u00f6rske","twitter_card":"summary_large_image","twitter_creator":"@timo_hoerske","twitter_site":"@timo_hoerske","twitter_misc":{"Verfasst von":"Timo H\u00f6rske","Gesch\u00e4tzte Lesezeit":"3\u00a0Minuten"},"schema":{"@context":"https:\/\/schema.org","@graph":[{"@type":"Article","@id":"https:\/\/hoerske.de\/blog\/2015\/10\/3-bremerhavener-world-cafe-bremerhaven-bildet\/#article","isPartOf":{"@id":"https:\/\/hoerske.de\/blog\/2015\/10\/3-bremerhavener-world-cafe-bremerhaven-bildet\/"},"author":{"name":"Timo H\u00f6rske","@id":"https:\/\/hoerske.de\/blog\/#\/schema\/person\/20677cf2167fc7027b752c3bba78d5fc"},"headline":"3. Bremerhavener World Caf\u00e9 &#8211; Bremerhaven Bildet!","datePublished":"2015-10-26T10:28:42+00:00","dateModified":"2015-10-27T14:53:19+00:00","mainEntityOfPage":{"@id":"https:\/\/hoerske.de\/blog\/2015\/10\/3-bremerhavener-world-cafe-bremerhaven-bildet\/"},"wordCount":629,"commentCount":1,"publisher":{"@id":"https:\/\/hoerske.de\/blog\/#\/schema\/person\/20677cf2167fc7027b752c3bba78d5fc"},"image":{"@id":"https:\/\/hoerske.de\/blog\/2015\/10\/3-bremerhavener-world-cafe-bremerhaven-bildet\/#primaryimage"},"thumbnailUrl":"https:\/\/i0.wp.com\/hoerske.de\/blog\/wp-content\/uploads\/2015\/10\/unnamed.png?fit=278%2C194&ssl=1","keywords":["7und1","Bildung","Diskussion","WorldCaf\u00e9"],"articleSection":["Politik"],"inLanguage":"de","potentialAction":[{"@type":"CommentAction","name":"Comment","target":["https:\/\/hoerske.de\/blog\/2015\/10\/3-bremerhavener-world-cafe-bremerhaven-bildet\/#respond"]}]},{"@type":"WebPage","@id":"https:\/\/hoerske.de\/blog\/2015\/10\/3-bremerhavener-world-cafe-bremerhaven-bildet\/","url":"https:\/\/hoerske.de\/blog\/2015\/10\/3-bremerhavener-world-cafe-bremerhaven-bildet\/","name":"3. Bremerhavener World Caf\u00e9 - Bremerhaven Bildet! - Timos Paper","isPartOf":{"@id":"https:\/\/hoerske.de\/blog\/#website"},"primaryImageOfPage":{"@id":"https:\/\/hoerske.de\/blog\/2015\/10\/3-bremerhavener-world-cafe-bremerhaven-bildet\/#primaryimage"},"image":{"@id":"https:\/\/hoerske.de\/blog\/2015\/10\/3-bremerhavener-world-cafe-bremerhaven-bildet\/#primaryimage"},"thumbnailUrl":"https:\/\/i0.wp.com\/hoerske.de\/blog\/wp-content\/uploads\/2015\/10\/unnamed.png?fit=278%2C194&ssl=1","datePublished":"2015-10-26T10:28:42+00:00","dateModified":"2015-10-27T14:53:19+00:00","description":"Kein Thema ist so abh\u00e4ngig von den eigenen Erfahrungen, Wertungen und Ideologien wie die Bildung. Also eigentlich ein perfektes Thema f\u00fcr ein World Caf\u00e9.","breadcrumb":{"@id":"https:\/\/hoerske.de\/blog\/2015\/10\/3-bremerhavener-world-cafe-bremerhaven-bildet\/#breadcrumb"},"inLanguage":"de","potentialAction":[{"@type":"ReadAction","target":["https:\/\/hoerske.de\/blog\/2015\/10\/3-bremerhavener-world-cafe-bremerhaven-bildet\/"]}]},{"@type":"ImageObject","inLanguage":"de","@id":"https:\/\/hoerske.de\/blog\/2015\/10\/3-bremerhavener-world-cafe-bremerhaven-bildet\/#primaryimage","url":"https:\/\/i0.wp.com\/hoerske.de\/blog\/wp-content\/uploads\/2015\/10\/unnamed.png?fit=278%2C194&ssl=1","contentUrl":"https:\/\/i0.wp.com\/hoerske.de\/blog\/wp-content\/uploads\/2015\/10\/unnamed.png?fit=278%2C194&ssl=1","width":278,"height":194,"caption":"3. Bremerhavener World Caf\u00e9 | Bremerhaven bildet! | Quelle: http:\/\/7und1.de"},{"@type":"BreadcrumbList","@id":"https:\/\/hoerske.de\/blog\/2015\/10\/3-bremerhavener-world-cafe-bremerhaven-bildet\/#breadcrumb","itemListElement":[{"@type":"ListItem","position":1,"name":"Startseite","item":"https:\/\/hoerske.de\/blog\/"},{"@type":"ListItem","position":2,"name":"3. Bremerhavener World Caf\u00e9 &#8211; Bremerhaven Bildet!"}]},{"@type":"WebSite","@id":"https:\/\/hoerske.de\/blog\/#website","url":"https:\/\/hoerske.de\/blog\/","name":"Timos Blog","description":"ego cogito, ergo sum","publisher":{"@id":"https:\/\/hoerske.de\/blog\/#\/schema\/person\/20677cf2167fc7027b752c3bba78d5fc"},"potentialAction":[{"@type":"SearchAction","target":{"@type":"EntryPoint","urlTemplate":"https:\/\/hoerske.de\/blog\/?s={search_term_string}"},"query-input":{"@type":"PropertyValueSpecification","valueRequired":true,"valueName":"search_term_string"}}],"inLanguage":"de"},{"@type":["Person","Organization"],"@id":"https:\/\/hoerske.de\/blog\/#\/schema\/person\/20677cf2167fc7027b752c3bba78d5fc","name":"Timo H\u00f6rske","image":{"@type":"ImageObject","inLanguage":"de","@id":"https:\/\/i0.wp.com\/hoerske.de\/blog\/wp-content\/uploads\/2023\/01\/16711213967602.jpg?fit=1024%2C954&ssl=1","url":"https:\/\/i0.wp.com\/hoerske.de\/blog\/wp-content\/uploads\/2023\/01\/16711213967602.jpg?fit=1024%2C954&ssl=1","contentUrl":"https:\/\/i0.wp.com\/hoerske.de\/blog\/wp-content\/uploads\/2023\/01\/16711213967602.jpg?fit=1024%2C954&ssl=1","width":1024,"height":954,"caption":"Timo H\u00f6rske"},"logo":{"@id":"https:\/\/i0.wp.com\/hoerske.de\/blog\/wp-content\/uploads\/2023\/01\/16711213967602.jpg?fit=1024%2C954&ssl=1"},"description":"Jahrgang 1985, als \"Ossi\" geboren, im beschaulichen Premnitz an der Havel aufgewachsen. Natur- und Kunstliebhaber. Seit \u00fcber 10 Jahren Wahlbremerhavener, K\u00fcsten- und Windfan. So ziemlich an Allem interessiert. Schwerpunkte sind aber eindeutig Politik, Gesellschaft, Rechtswesen, Natur, Imkerei und Technik. Rotes Parteibuch, Mitglied des Jugendhilfeausschusses der Stadt Bremerhaven, Vorsitzender eines Kleing\u00e4rtnervereins, Fachberater f\u00fcr das Kleingartenwesen, Verbandschef der Bremerhavener Kleing\u00e4rtner*innen. Hobbyimker, Freizeitblogger, Techniknerd.","sameAs":["https:\/\/www.hoerske.de\/","https:\/\/www.facebook.com\/timo.hoerske","https:\/\/www.instagram.com\/thoerske\/","https:\/\/x.com\/timo_hoerske"],"url":"https:\/\/hoerske.de\/blog\/author\/roter_admin\/"}]}},"jetpack_publicize_connections":[],"jetpack_featured_media_url":"https:\/\/i0.wp.com\/hoerske.de\/blog\/wp-content\/uploads\/2015\/10\/unnamed.png?fit=278%2C194&ssl=1","jetpack_shortlink":"https:\/\/wp.me\/p4W3ht-bs","jetpack_sharing_enabled":true,"_links":{"self":[{"href":"https:\/\/hoerske.de\/blog\/wp-json\/wp\/v2\/posts\/710","targetHints":{"allow":["GET"]}}],"collection":[{"href":"https:\/\/hoerske.de\/blog\/wp-json\/wp\/v2\/posts"}],"about":[{"href":"https:\/\/hoerske.de\/blog\/wp-json\/wp\/v2\/types\/post"}],"author":[{"embeddable":true,"href":"https:\/\/hoerske.de\/blog\/wp-json\/wp\/v2\/users\/1"}],"replies":[{"embeddable":true,"href":"https:\/\/hoerske.de\/blog\/wp-json\/wp\/v2\/comments?post=710"}],"version-history":[{"count":0,"href":"https:\/\/hoerske.de\/blog\/wp-json\/wp\/v2\/posts\/710\/revisions"}],"wp:featuredmedia":[{"embeddable":true,"href":"https:\/\/hoerske.de\/blog\/wp-json\/wp\/v2\/media\/723"}],"wp:attachment":[{"href":"https:\/\/hoerske.de\/blog\/wp-json\/wp\/v2\/media?parent=710"}],"wp:term":[{"taxonomy":"category","embeddable":true,"href":"https:\/\/hoerske.de\/blog\/wp-json\/wp\/v2\/categories?post=710"},{"taxonomy":"post_tag","embeddable":true,"href":"https:\/\/hoerske.de\/blog\/wp-json\/wp\/v2\/tags?post=710"}],"curies":[{"name":"wp","href":"https:\/\/api.w.org\/{rel}","templated":true}]}}