{"id":678,"date":"2015-10-05T11:28:58","date_gmt":"2015-10-05T09:28:58","guid":{"rendered":"https:\/\/www.hoerske.de\/?p=678"},"modified":"2015-10-05T11:28:58","modified_gmt":"2015-10-05T09:28:58","slug":"deutschland-feiert-25-jahre-wiedervereinigung","status":"publish","type":"post","link":"https:\/\/hoerske.de\/blog\/2015\/10\/deutschland-feiert-25-jahre-wiedervereinigung\/","title":{"rendered":"Deutschland Feiert &#8211; 25 Jahre Wiedervereinigung"},"content":{"rendered":"<figure id=\"attachment_679\" aria-describedby=\"caption-attachment-679\" style=\"width: 300px\" class=\"wp-caption alignleft\"><a href=\"https:\/\/i0.wp.com\/www.hoerske.de\/blog\/wp-content\/uploads\/2015\/10\/20150922_110132-COLLAGE.jpg?ssl=1\"><img data-recalc-dims=\"1\" loading=\"lazy\" decoding=\"async\" class=\"wp-image-679 size-medium\" src=\"https:\/\/i0.wp.com\/www.hoerske.de\/blog\/wp-content\/uploads\/2015\/10\/20150922_110132-COLLAGE-300x300.jpg?resize=300%2C300&#038;ssl=1\" alt=\"Wiedervereinigung\" width=\"300\" height=\"300\" srcset=\"https:\/\/i0.wp.com\/hoerske.de\/blog\/wp-content\/uploads\/2015\/10\/20150922_110132-COLLAGE.jpg?resize=300%2C300&amp;ssl=1 300w, https:\/\/i0.wp.com\/hoerske.de\/blog\/wp-content\/uploads\/2015\/10\/20150922_110132-COLLAGE.jpg?resize=150%2C150&amp;ssl=1 150w, https:\/\/i0.wp.com\/hoerske.de\/blog\/wp-content\/uploads\/2015\/10\/20150922_110132-COLLAGE.jpg?w=672&amp;ssl=1 672w\" sizes=\"auto, (max-width: 300px) 100vw, 300px\" \/><\/a><figcaption id=\"caption-attachment-679\" class=\"wp-caption-text\">Berliner Mauer &#8211; East Side Gallery<\/figcaption><\/figure>\n<p>F\u00fcr viele Menschen ist es, als w\u00e4re es gestern gewesen. Wieder andere kennen dieses Ereignis nur aus Erz\u00e4hlungen und aus den Zahlreichen Berichten und Dokumentationen in den verschiedensten Medien. 25 Jahre ist die Wende nun schon wieder her und der Osten von Deutschland, die DDR wurde ein Teil der BRD. Seither feiert man in Deutschland jedes Jahr am 3. Oktober den Tag der Wiedervereinigung.<\/p>\n<p><!--more--><\/p>\n<p>Seit dem ist viel passiert im neuen Deutschland. Vor allem im Osten mussten sich die Menschen nun mit vielen Problemen herumschlagen. Die Wiedervereinigung war n\u00e4mlich nicht nur eine Vereinigung auf dem Papier oder der Landkarte, sondern auch eine Systemfrage. Im sozialistischen Osten ging jeder arbeiten. Jeder hatte einen Job und f\u00fcr eine gute Kinderbetreuung sorgte sich der Staat. Pl\u00f6tzlich stellte man fest, dass Staatsbetriebe in der DDR nicht Konkurrenzf\u00e4hig mit Westdeutschen Betrieben waren. Sie wurden oft aufgekauft oder geschlossen. Die Folge daraus war eine Massenarbeitslosigkeit und daraus folgend eine soziale Unsicherheit, die es zu DDR Zeiten nicht gegeben hat.<\/p>\n<p>Viele Menschen verlie\u00dfen die Gebiete der ehemaligen DDR. So gibt es auch 25 Jahre nach der Wende im Osten St\u00e4dte, die weiter schrumpfen und bereits auf die H\u00e4lfte der ehemaligen Gr\u00f6\u00dfe geschrumpft sind. Mit der Zeit lockte der Osten Deutschlands jedoch mit geringeren L\u00f6hnen als im Westen und so wurden zahlreiche Investoren angelockt, die auf den Standort Ostdeutschland setzten. Auch 25 Jahre nach der Wende ist diese Entwicklung noch nicht abgeschlossen.<\/p>\n<p>Die Wiedervereinigung war ein emotionales Gro\u00dfereignis, in der Geschichte von Deutschland. Hier ging es um Schicksale, Familienzusammenf\u00fchrungen und nicht zuletzt um Demokratie. All das war zumindest den Ostdeutschen B\u00fcrgern nicht geg\u00f6nnt. Auch wenn der Name (Deutsche demokratische Republik) die Demokratie im Namen trug, gab es keine freien Wahlen und eine Diktatur der Partei &#8220;SED&#8221;.<\/p>\n<p>Heute w\u00e4hlen viele Menschen im Osten immer noch traditionell &#8220;Die Linke&#8221; und w\u00fcnschen sich teilweise eine DDR wieder zur\u00fcck. Die Gr\u00fcnde hierf\u00fcr sind vielf\u00e4ltig. Doch mit der Wende kam im Osten die soziale Ungleichheit und die Arbeitslosigkeit. zudem stiegen die Lebenshaltungskosten erheblich an. Die Wiedervereinigung brachte den Menschen nicht nur positives, woran viele Menschen auch 25 Jahre nach der Wende noch zu knabbern haben.<\/p>\n<p>Betrachtet man die Bilder, Interviews und Berichte aus dieser Zeit, dann stellt man fest, das viele Erwartungen der Ostdeutschen mit der Wiedervereinigung nicht erf\u00fcllt wurden.<br \/>\nDoch betrachtet man die 25 Jahre Entwicklung einmal genauer, muss man auch feststellen, dass dieses Land gemeinsam viele Fortschritte gemacht hat und in diesen 25 Jahren viel erreicht hat. Es gibt auch im Osten kaum noch Armut, die Renten sind allgemein sogar h\u00f6her als im Westen und die Arbeitslosigkeit gleicht sich langsam den Zahlen im Westen an. Es ist noch viel zu tun, aber auch schon viel geschafft.<\/p>\n<p>Verwunderlich ist jedoch, dass man 25 Jahre nach der Wende immer noch vom &#8220;Osten&#8221; und &#8220;Westen&#8221; spricht. Das bedeutet, dass die Wiedervereinigung noch nicht g\u00e4nzlich in den K\u00f6pfen angekommen ist. Sie ist erst abgeschlossen, wenn keiner mehr vom Osten und Westen spricht, sondern nur noch \u00fcber ein gesamtes Deutschland gesprochen wird, denn es ist nur noch ein Land.<\/p>\n","protected":false},"excerpt":{"rendered":"<p>F\u00fcr viele Menschen ist es, als w\u00e4re es gestern gewesen. Wieder andere kennen dieses Ereignis nur aus Erz\u00e4hlungen und aus den Zahlreichen Berichten und Dokumentationen in den verschiedensten Medien. 25 Jahre ist die Wende nun schon wieder her und der Osten von Deutschland, die DDR wurde ein Teil der BRD.<\/p>\n","protected":false},"author":1,"featured_media":679,"comment_status":"open","ping_status":"open","sticky":false,"template":"","format":"standard","meta":{"jetpack_post_was_ever_published":false,"_jetpack_newsletter_access":"","_jetpack_dont_email_post_to_subs":false,"_jetpack_newsletter_tier_id":0,"_jetpack_memberships_contains_paywalled_content":false,"_jetpack_memberships_contains_paid_content":false,"footnotes":"","jetpack_publicize_message":"","jetpack_publicize_feature_enabled":true,"jetpack_social_post_already_shared":true,"jetpack_social_options":{"image_generator_settings":{"template":"highway","default_image_id":0,"font":"","enabled":false},"version":2},"_wpas_customize_per_network":false},"categories":[22],"tags":[158,157,161,160,159],"class_list":["post-678","post","type-post","status-publish","format-standard","has-post-thumbnail","hentry","category-vergangenheit","tag-brd","tag-ddr","tag-eastside-gallery","tag-mauer","tag-wende"],"yoast_head":"<!-- This site is optimized with the Yoast SEO Premium plugin v27.3 (Yoast SEO v27.3) - https:\/\/yoast.com\/product\/yoast-seo-premium-wordpress\/ -->\n<title>Deutschland Feiert - 25 Jahre Wiedervereinigung - Timos Paper<\/title>\n<meta name=\"description\" content=\"Die Wiedervereinigung war n\u00e4mlich nicht nur eine Vereinigung auf dem Papier oder der Landkarte, sondern auch eine Systemfrage.\" \/>\n<meta name=\"robots\" content=\"index, follow, max-snippet:-1, max-image-preview:large, max-video-preview:-1\" \/>\n<link rel=\"canonical\" href=\"https:\/\/hoerske.de\/blog\/2015\/10\/deutschland-feiert-25-jahre-wiedervereinigung\/\" \/>\n<meta property=\"og:locale\" content=\"de_DE\" \/>\n<meta property=\"og:type\" content=\"article\" \/>\n<meta property=\"og:title\" content=\"Deutschland Feiert - 25 Jahre Wiedervereinigung\" \/>\n<meta property=\"og:description\" content=\"Die Wiedervereinigung war n\u00e4mlich nicht nur eine Vereinigung auf dem Papier oder der Landkarte, sondern auch eine Systemfrage.\" \/>\n<meta property=\"og:url\" content=\"https:\/\/hoerske.de\/blog\/2015\/10\/deutschland-feiert-25-jahre-wiedervereinigung\/\" \/>\n<meta property=\"og:site_name\" content=\"Timos Paper\" \/>\n<meta property=\"article:publisher\" content=\"https:\/\/www.facebook.com\/timo.hoerske\" \/>\n<meta property=\"article:author\" content=\"https:\/\/www.facebook.com\/timo.hoerske\" \/>\n<meta property=\"article:published_time\" content=\"2015-10-05T09:28:58+00:00\" \/>\n<meta property=\"og:image\" content=\"https:\/\/i0.wp.com\/blog.hoerske.de\/wp-content\/uploads\/2015\/10\/20150922_110132-COLLAGE.jpg?fit=672%2C672\" \/>\n\t<meta property=\"og:image:width\" content=\"672\" \/>\n\t<meta property=\"og:image:height\" content=\"672\" \/>\n\t<meta property=\"og:image:type\" content=\"image\/jpeg\" \/>\n<meta name=\"author\" content=\"Timo H\u00f6rske\" \/>\n<meta name=\"twitter:card\" content=\"summary_large_image\" \/>\n<meta name=\"twitter:creator\" content=\"@timo_hoerske\" \/>\n<meta name=\"twitter:site\" content=\"@timo_hoerske\" \/>\n<meta name=\"twitter:label1\" content=\"Verfasst von\" \/>\n\t<meta name=\"twitter:data1\" content=\"Timo H\u00f6rske\" \/>\n\t<meta name=\"twitter:label2\" content=\"Gesch\u00e4tzte Lesezeit\" \/>\n\t<meta name=\"twitter:data2\" content=\"3\u00a0Minuten\" \/>\n<script type=\"application\/ld+json\" class=\"yoast-schema-graph\">{\"@context\":\"https:\\\/\\\/schema.org\",\"@graph\":[{\"@type\":\"Article\",\"@id\":\"https:\\\/\\\/hoerske.de\\\/blog\\\/2015\\\/10\\\/deutschland-feiert-25-jahre-wiedervereinigung\\\/#article\",\"isPartOf\":{\"@id\":\"https:\\\/\\\/hoerske.de\\\/blog\\\/2015\\\/10\\\/deutschland-feiert-25-jahre-wiedervereinigung\\\/\"},\"author\":{\"name\":\"Timo H\u00f6rske\",\"@id\":\"https:\\\/\\\/hoerske.de\\\/blog\\\/#\\\/schema\\\/person\\\/20677cf2167fc7027b752c3bba78d5fc\"},\"headline\":\"Deutschland Feiert &#8211; 25 Jahre Wiedervereinigung\",\"datePublished\":\"2015-10-05T09:28:58+00:00\",\"mainEntityOfPage\":{\"@id\":\"https:\\\/\\\/hoerske.de\\\/blog\\\/2015\\\/10\\\/deutschland-feiert-25-jahre-wiedervereinigung\\\/\"},\"wordCount\":539,\"commentCount\":0,\"publisher\":{\"@id\":\"https:\\\/\\\/hoerske.de\\\/blog\\\/#\\\/schema\\\/person\\\/20677cf2167fc7027b752c3bba78d5fc\"},\"image\":{\"@id\":\"https:\\\/\\\/hoerske.de\\\/blog\\\/2015\\\/10\\\/deutschland-feiert-25-jahre-wiedervereinigung\\\/#primaryimage\"},\"thumbnailUrl\":\"https:\\\/\\\/i0.wp.com\\\/hoerske.de\\\/blog\\\/wp-content\\\/uploads\\\/2015\\\/10\\\/20150922_110132-COLLAGE.jpg?fit=672%2C672&ssl=1\",\"keywords\":[\"BRD\",\"DDR\",\"EastSide Gallery\",\"Mauer\",\"Wende\"],\"articleSection\":[\"Vergangenheit\"],\"inLanguage\":\"de\",\"potentialAction\":[{\"@type\":\"CommentAction\",\"name\":\"Comment\",\"target\":[\"https:\\\/\\\/hoerske.de\\\/blog\\\/2015\\\/10\\\/deutschland-feiert-25-jahre-wiedervereinigung\\\/#respond\"]}]},{\"@type\":\"WebPage\",\"@id\":\"https:\\\/\\\/hoerske.de\\\/blog\\\/2015\\\/10\\\/deutschland-feiert-25-jahre-wiedervereinigung\\\/\",\"url\":\"https:\\\/\\\/hoerske.de\\\/blog\\\/2015\\\/10\\\/deutschland-feiert-25-jahre-wiedervereinigung\\\/\",\"name\":\"Deutschland Feiert - 25 Jahre Wiedervereinigung - Timos Paper\",\"isPartOf\":{\"@id\":\"https:\\\/\\\/hoerske.de\\\/blog\\\/#website\"},\"primaryImageOfPage\":{\"@id\":\"https:\\\/\\\/hoerske.de\\\/blog\\\/2015\\\/10\\\/deutschland-feiert-25-jahre-wiedervereinigung\\\/#primaryimage\"},\"image\":{\"@id\":\"https:\\\/\\\/hoerske.de\\\/blog\\\/2015\\\/10\\\/deutschland-feiert-25-jahre-wiedervereinigung\\\/#primaryimage\"},\"thumbnailUrl\":\"https:\\\/\\\/i0.wp.com\\\/hoerske.de\\\/blog\\\/wp-content\\\/uploads\\\/2015\\\/10\\\/20150922_110132-COLLAGE.jpg?fit=672%2C672&ssl=1\",\"datePublished\":\"2015-10-05T09:28:58+00:00\",\"description\":\"Die Wiedervereinigung war n\u00e4mlich nicht nur eine Vereinigung auf dem Papier oder der Landkarte, sondern auch eine Systemfrage.\",\"breadcrumb\":{\"@id\":\"https:\\\/\\\/hoerske.de\\\/blog\\\/2015\\\/10\\\/deutschland-feiert-25-jahre-wiedervereinigung\\\/#breadcrumb\"},\"inLanguage\":\"de\",\"potentialAction\":[{\"@type\":\"ReadAction\",\"target\":[\"https:\\\/\\\/hoerske.de\\\/blog\\\/2015\\\/10\\\/deutschland-feiert-25-jahre-wiedervereinigung\\\/\"]}]},{\"@type\":\"ImageObject\",\"inLanguage\":\"de\",\"@id\":\"https:\\\/\\\/hoerske.de\\\/blog\\\/2015\\\/10\\\/deutschland-feiert-25-jahre-wiedervereinigung\\\/#primaryimage\",\"url\":\"https:\\\/\\\/i0.wp.com\\\/hoerske.de\\\/blog\\\/wp-content\\\/uploads\\\/2015\\\/10\\\/20150922_110132-COLLAGE.jpg?fit=672%2C672&ssl=1\",\"contentUrl\":\"https:\\\/\\\/i0.wp.com\\\/hoerske.de\\\/blog\\\/wp-content\\\/uploads\\\/2015\\\/10\\\/20150922_110132-COLLAGE.jpg?fit=672%2C672&ssl=1\",\"width\":672,\"height\":672},{\"@type\":\"BreadcrumbList\",\"@id\":\"https:\\\/\\\/hoerske.de\\\/blog\\\/2015\\\/10\\\/deutschland-feiert-25-jahre-wiedervereinigung\\\/#breadcrumb\",\"itemListElement\":[{\"@type\":\"ListItem\",\"position\":1,\"name\":\"Startseite\",\"item\":\"https:\\\/\\\/hoerske.de\\\/blog\\\/\"},{\"@type\":\"ListItem\",\"position\":2,\"name\":\"Deutschland Feiert &#8211; 25 Jahre Wiedervereinigung\"}]},{\"@type\":\"WebSite\",\"@id\":\"https:\\\/\\\/hoerske.de\\\/blog\\\/#website\",\"url\":\"https:\\\/\\\/hoerske.de\\\/blog\\\/\",\"name\":\"Timos Blog\",\"description\":\"ego cogito, ergo sum\",\"publisher\":{\"@id\":\"https:\\\/\\\/hoerske.de\\\/blog\\\/#\\\/schema\\\/person\\\/20677cf2167fc7027b752c3bba78d5fc\"},\"potentialAction\":[{\"@type\":\"SearchAction\",\"target\":{\"@type\":\"EntryPoint\",\"urlTemplate\":\"https:\\\/\\\/hoerske.de\\\/blog\\\/?s={search_term_string}\"},\"query-input\":{\"@type\":\"PropertyValueSpecification\",\"valueRequired\":true,\"valueName\":\"search_term_string\"}}],\"inLanguage\":\"de\"},{\"@type\":[\"Person\",\"Organization\"],\"@id\":\"https:\\\/\\\/hoerske.de\\\/blog\\\/#\\\/schema\\\/person\\\/20677cf2167fc7027b752c3bba78d5fc\",\"name\":\"Timo H\u00f6rske\",\"image\":{\"@type\":\"ImageObject\",\"inLanguage\":\"de\",\"@id\":\"https:\\\/\\\/i0.wp.com\\\/hoerske.de\\\/blog\\\/wp-content\\\/uploads\\\/2023\\\/01\\\/16711213967602.jpg?fit=1024%2C954&ssl=1\",\"url\":\"https:\\\/\\\/i0.wp.com\\\/hoerske.de\\\/blog\\\/wp-content\\\/uploads\\\/2023\\\/01\\\/16711213967602.jpg?fit=1024%2C954&ssl=1\",\"contentUrl\":\"https:\\\/\\\/i0.wp.com\\\/hoerske.de\\\/blog\\\/wp-content\\\/uploads\\\/2023\\\/01\\\/16711213967602.jpg?fit=1024%2C954&ssl=1\",\"width\":1024,\"height\":954,\"caption\":\"Timo H\u00f6rske\"},\"logo\":{\"@id\":\"https:\\\/\\\/i0.wp.com\\\/hoerske.de\\\/blog\\\/wp-content\\\/uploads\\\/2023\\\/01\\\/16711213967602.jpg?fit=1024%2C954&ssl=1\"},\"description\":\"Jahrgang 1985, als \\\"Ossi\\\" geboren, im beschaulichen Premnitz an der Havel aufgewachsen. Natur- und Kunstliebhaber. Seit \u00fcber 10 Jahren Wahlbremerhavener, K\u00fcsten- und Windfan. So ziemlich an Allem interessiert. Schwerpunkte sind aber eindeutig Politik, Gesellschaft, Rechtswesen, Natur, Imkerei und Technik. Rotes Parteibuch, Mitglied des Jugendhilfeausschusses der Stadt Bremerhaven, Vorsitzender eines Kleing\u00e4rtnervereins, Fachberater f\u00fcr das Kleingartenwesen, Verbandschef der Bremerhavener Kleing\u00e4rtner*innen. Hobbyimker, Freizeitblogger, Techniknerd.\",\"sameAs\":[\"https:\\\/\\\/www.hoerske.de\\\/\",\"https:\\\/\\\/www.facebook.com\\\/timo.hoerske\",\"https:\\\/\\\/www.instagram.com\\\/thoerske\\\/\",\"https:\\\/\\\/x.com\\\/timo_hoerske\"],\"url\":\"https:\\\/\\\/hoerske.de\\\/blog\\\/author\\\/roter_admin\\\/\"}]}<\/script>\n<!-- \/ Yoast SEO Premium plugin. -->","yoast_head_json":{"title":"Deutschland Feiert - 25 Jahre Wiedervereinigung - Timos Paper","description":"Die Wiedervereinigung war n\u00e4mlich nicht nur eine Vereinigung auf dem Papier oder der Landkarte, sondern auch eine Systemfrage.","robots":{"index":"index","follow":"follow","max-snippet":"max-snippet:-1","max-image-preview":"max-image-preview:large","max-video-preview":"max-video-preview:-1"},"canonical":"https:\/\/hoerske.de\/blog\/2015\/10\/deutschland-feiert-25-jahre-wiedervereinigung\/","og_locale":"de_DE","og_type":"article","og_title":"Deutschland Feiert - 25 Jahre Wiedervereinigung","og_description":"Die Wiedervereinigung war n\u00e4mlich nicht nur eine Vereinigung auf dem Papier oder der Landkarte, sondern auch eine Systemfrage.","og_url":"https:\/\/hoerske.de\/blog\/2015\/10\/deutschland-feiert-25-jahre-wiedervereinigung\/","og_site_name":"Timos Paper","article_publisher":"https:\/\/www.facebook.com\/timo.hoerske","article_author":"https:\/\/www.facebook.com\/timo.hoerske","article_published_time":"2015-10-05T09:28:58+00:00","og_image":[{"width":672,"height":672,"url":"https:\/\/i0.wp.com\/blog.hoerske.de\/wp-content\/uploads\/2015\/10\/20150922_110132-COLLAGE.jpg?fit=672%2C672","type":"image\/jpeg"}],"author":"Timo H\u00f6rske","twitter_card":"summary_large_image","twitter_creator":"@timo_hoerske","twitter_site":"@timo_hoerske","twitter_misc":{"Verfasst von":"Timo H\u00f6rske","Gesch\u00e4tzte Lesezeit":"3\u00a0Minuten"},"schema":{"@context":"https:\/\/schema.org","@graph":[{"@type":"Article","@id":"https:\/\/hoerske.de\/blog\/2015\/10\/deutschland-feiert-25-jahre-wiedervereinigung\/#article","isPartOf":{"@id":"https:\/\/hoerske.de\/blog\/2015\/10\/deutschland-feiert-25-jahre-wiedervereinigung\/"},"author":{"name":"Timo H\u00f6rske","@id":"https:\/\/hoerske.de\/blog\/#\/schema\/person\/20677cf2167fc7027b752c3bba78d5fc"},"headline":"Deutschland Feiert &#8211; 25 Jahre Wiedervereinigung","datePublished":"2015-10-05T09:28:58+00:00","mainEntityOfPage":{"@id":"https:\/\/hoerske.de\/blog\/2015\/10\/deutschland-feiert-25-jahre-wiedervereinigung\/"},"wordCount":539,"commentCount":0,"publisher":{"@id":"https:\/\/hoerske.de\/blog\/#\/schema\/person\/20677cf2167fc7027b752c3bba78d5fc"},"image":{"@id":"https:\/\/hoerske.de\/blog\/2015\/10\/deutschland-feiert-25-jahre-wiedervereinigung\/#primaryimage"},"thumbnailUrl":"https:\/\/i0.wp.com\/hoerske.de\/blog\/wp-content\/uploads\/2015\/10\/20150922_110132-COLLAGE.jpg?fit=672%2C672&ssl=1","keywords":["BRD","DDR","EastSide Gallery","Mauer","Wende"],"articleSection":["Vergangenheit"],"inLanguage":"de","potentialAction":[{"@type":"CommentAction","name":"Comment","target":["https:\/\/hoerske.de\/blog\/2015\/10\/deutschland-feiert-25-jahre-wiedervereinigung\/#respond"]}]},{"@type":"WebPage","@id":"https:\/\/hoerske.de\/blog\/2015\/10\/deutschland-feiert-25-jahre-wiedervereinigung\/","url":"https:\/\/hoerske.de\/blog\/2015\/10\/deutschland-feiert-25-jahre-wiedervereinigung\/","name":"Deutschland Feiert - 25 Jahre Wiedervereinigung - Timos Paper","isPartOf":{"@id":"https:\/\/hoerske.de\/blog\/#website"},"primaryImageOfPage":{"@id":"https:\/\/hoerske.de\/blog\/2015\/10\/deutschland-feiert-25-jahre-wiedervereinigung\/#primaryimage"},"image":{"@id":"https:\/\/hoerske.de\/blog\/2015\/10\/deutschland-feiert-25-jahre-wiedervereinigung\/#primaryimage"},"thumbnailUrl":"https:\/\/i0.wp.com\/hoerske.de\/blog\/wp-content\/uploads\/2015\/10\/20150922_110132-COLLAGE.jpg?fit=672%2C672&ssl=1","datePublished":"2015-10-05T09:28:58+00:00","description":"Die Wiedervereinigung war n\u00e4mlich nicht nur eine Vereinigung auf dem Papier oder der Landkarte, sondern auch eine Systemfrage.","breadcrumb":{"@id":"https:\/\/hoerske.de\/blog\/2015\/10\/deutschland-feiert-25-jahre-wiedervereinigung\/#breadcrumb"},"inLanguage":"de","potentialAction":[{"@type":"ReadAction","target":["https:\/\/hoerske.de\/blog\/2015\/10\/deutschland-feiert-25-jahre-wiedervereinigung\/"]}]},{"@type":"ImageObject","inLanguage":"de","@id":"https:\/\/hoerske.de\/blog\/2015\/10\/deutschland-feiert-25-jahre-wiedervereinigung\/#primaryimage","url":"https:\/\/i0.wp.com\/hoerske.de\/blog\/wp-content\/uploads\/2015\/10\/20150922_110132-COLLAGE.jpg?fit=672%2C672&ssl=1","contentUrl":"https:\/\/i0.wp.com\/hoerske.de\/blog\/wp-content\/uploads\/2015\/10\/20150922_110132-COLLAGE.jpg?fit=672%2C672&ssl=1","width":672,"height":672},{"@type":"BreadcrumbList","@id":"https:\/\/hoerske.de\/blog\/2015\/10\/deutschland-feiert-25-jahre-wiedervereinigung\/#breadcrumb","itemListElement":[{"@type":"ListItem","position":1,"name":"Startseite","item":"https:\/\/hoerske.de\/blog\/"},{"@type":"ListItem","position":2,"name":"Deutschland Feiert &#8211; 25 Jahre Wiedervereinigung"}]},{"@type":"WebSite","@id":"https:\/\/hoerske.de\/blog\/#website","url":"https:\/\/hoerske.de\/blog\/","name":"Timos Blog","description":"ego cogito, ergo sum","publisher":{"@id":"https:\/\/hoerske.de\/blog\/#\/schema\/person\/20677cf2167fc7027b752c3bba78d5fc"},"potentialAction":[{"@type":"SearchAction","target":{"@type":"EntryPoint","urlTemplate":"https:\/\/hoerske.de\/blog\/?s={search_term_string}"},"query-input":{"@type":"PropertyValueSpecification","valueRequired":true,"valueName":"search_term_string"}}],"inLanguage":"de"},{"@type":["Person","Organization"],"@id":"https:\/\/hoerske.de\/blog\/#\/schema\/person\/20677cf2167fc7027b752c3bba78d5fc","name":"Timo H\u00f6rske","image":{"@type":"ImageObject","inLanguage":"de","@id":"https:\/\/i0.wp.com\/hoerske.de\/blog\/wp-content\/uploads\/2023\/01\/16711213967602.jpg?fit=1024%2C954&ssl=1","url":"https:\/\/i0.wp.com\/hoerske.de\/blog\/wp-content\/uploads\/2023\/01\/16711213967602.jpg?fit=1024%2C954&ssl=1","contentUrl":"https:\/\/i0.wp.com\/hoerske.de\/blog\/wp-content\/uploads\/2023\/01\/16711213967602.jpg?fit=1024%2C954&ssl=1","width":1024,"height":954,"caption":"Timo H\u00f6rske"},"logo":{"@id":"https:\/\/i0.wp.com\/hoerske.de\/blog\/wp-content\/uploads\/2023\/01\/16711213967602.jpg?fit=1024%2C954&ssl=1"},"description":"Jahrgang 1985, als \"Ossi\" geboren, im beschaulichen Premnitz an der Havel aufgewachsen. Natur- und Kunstliebhaber. Seit \u00fcber 10 Jahren Wahlbremerhavener, K\u00fcsten- und Windfan. So ziemlich an Allem interessiert. Schwerpunkte sind aber eindeutig Politik, Gesellschaft, Rechtswesen, Natur, Imkerei und Technik. Rotes Parteibuch, Mitglied des Jugendhilfeausschusses der Stadt Bremerhaven, Vorsitzender eines Kleing\u00e4rtnervereins, Fachberater f\u00fcr das Kleingartenwesen, Verbandschef der Bremerhavener Kleing\u00e4rtner*innen. Hobbyimker, Freizeitblogger, Techniknerd.","sameAs":["https:\/\/www.hoerske.de\/","https:\/\/www.facebook.com\/timo.hoerske","https:\/\/www.instagram.com\/thoerske\/","https:\/\/x.com\/timo_hoerske"],"url":"https:\/\/hoerske.de\/blog\/author\/roter_admin\/"}]}},"jetpack_publicize_connections":[],"jetpack_featured_media_url":"https:\/\/i0.wp.com\/hoerske.de\/blog\/wp-content\/uploads\/2015\/10\/20150922_110132-COLLAGE.jpg?fit=672%2C672&ssl=1","jetpack_shortlink":"https:\/\/wp.me\/p4W3ht-aW","jetpack_sharing_enabled":true,"_links":{"self":[{"href":"https:\/\/hoerske.de\/blog\/wp-json\/wp\/v2\/posts\/678","targetHints":{"allow":["GET"]}}],"collection":[{"href":"https:\/\/hoerske.de\/blog\/wp-json\/wp\/v2\/posts"}],"about":[{"href":"https:\/\/hoerske.de\/blog\/wp-json\/wp\/v2\/types\/post"}],"author":[{"embeddable":true,"href":"https:\/\/hoerske.de\/blog\/wp-json\/wp\/v2\/users\/1"}],"replies":[{"embeddable":true,"href":"https:\/\/hoerske.de\/blog\/wp-json\/wp\/v2\/comments?post=678"}],"version-history":[{"count":0,"href":"https:\/\/hoerske.de\/blog\/wp-json\/wp\/v2\/posts\/678\/revisions"}],"wp:featuredmedia":[{"embeddable":true,"href":"https:\/\/hoerske.de\/blog\/wp-json\/wp\/v2\/media\/679"}],"wp:attachment":[{"href":"https:\/\/hoerske.de\/blog\/wp-json\/wp\/v2\/media?parent=678"}],"wp:term":[{"taxonomy":"category","embeddable":true,"href":"https:\/\/hoerske.de\/blog\/wp-json\/wp\/v2\/categories?post=678"},{"taxonomy":"post_tag","embeddable":true,"href":"https:\/\/hoerske.de\/blog\/wp-json\/wp\/v2\/tags?post=678"}],"curies":[{"name":"wp","href":"https:\/\/api.w.org\/{rel}","templated":true}]}}