{"id":664,"date":"2015-10-01T20:19:05","date_gmt":"2015-10-01T18:19:05","guid":{"rendered":"https:\/\/www.hoerske.de\/?p=664"},"modified":"2015-10-27T16:54:40","modified_gmt":"2015-10-27T14:54:40","slug":"vw-steht-vor-einem-scherbenhaufen","status":"publish","type":"post","link":"https:\/\/hoerske.de\/blog\/2015\/10\/vw-steht-vor-einem-scherbenhaufen\/","title":{"rendered":"VW steht vor einem Scherbenhaufen."},"content":{"rendered":"<p>Damit hatte keiner gerechnet, der Deutsche Automobilhersteller VW mit weltweitem Vorbildcharakter hat die Abgas-Software ihrer Dieselfahrzeuge manipuliert. Eine Bombe, die nicht nur die Autobranche bis ins Mark ersch\u00fctterte.<\/p>\n<p><!--more--><\/p>\n<p>Es ist nun mehr als zwei Wochen her, als die US-Umweltbeh\u00f6rde EPA die Manipulation von Abgaswerten bestimmter Dieselmotoren durch VW bekannt gab. Ein Skandal der die Welt der Autoindustrie ins Wanken brachte. Hatte die von den Amerikanern hochgesch\u00e4tzte Deutsche Ingenieurskunst ausgerechnet in den strengen USA versagt? Welche Folgen hat das f\u00fcr den Deutschen Vorzeige- Automobilhersteller Volkswagen? Besteht eventuell sogar eine Gefahr f\u00fcr den Standort Deutschland beziehungsweise f\u00fcr die ganze Automobilbranche? Feststeht, der Konzern steckt in seiner gr\u00f6\u00dften Krise seit Bestehen des weltweit anerkannten Traditionsunternehmens.<\/p>\n<p><a href=\"https:\/\/i0.wp.com\/www.hoerske.de\/blog\/wp-content\/uploads\/2015\/10\/vw_absturz.png?ssl=1\"><img data-recalc-dims=\"1\" loading=\"lazy\" decoding=\"async\" class=\"alignleft wp-image-666\" src=\"https:\/\/i0.wp.com\/www.hoerske.de\/blog\/wp-content\/uploads\/2015\/10\/vw_absturz-300x273.png?resize=200%2C182&#038;ssl=1\" alt=\"vw_absturz\" width=\"200\" height=\"182\" srcset=\"https:\/\/i0.wp.com\/hoerske.de\/blog\/wp-content\/uploads\/2015\/10\/vw_absturz.png?resize=300%2C273&amp;ssl=1 300w, https:\/\/i0.wp.com\/hoerske.de\/blog\/wp-content\/uploads\/2015\/10\/vw_absturz.png?resize=1024%2C933&amp;ssl=1 1024w, https:\/\/i0.wp.com\/hoerske.de\/blog\/wp-content\/uploads\/2015\/10\/vw_absturz.png?w=1068&amp;ssl=1 1068w\" sizes=\"auto, (max-width: 200px) 100vw, 200px\" \/><\/a>Der VW-Konzern steht immer weiter unter Druck. Mit dem R\u00fccktritt des Vorstandsvorsitzenden Martin Winterkorn haben die Wolfsburger jetzt auch zentrale Unternehmensspitze verloren. Erste Konsequenzen hat man bereits gezogen. Manager, die mit dem Abgas-Skandal in Verbindung gebracht werden, sind bis auf weiteres beurlaubt. Mehrere Beh\u00f6rden haben mit umfangreichen Ermittlungen begonnen.<br \/>\nZum jetzigen Zeitpunkt ist noch nicht abzusehen, welche finanzielle Schaden entstanden ist. Anscheinend haben die USA, Frankreich und England bereits Klage in Millionenh\u00f6he eingereicht. Auch deutsche Aktion\u00e4re klagen vor Gericht und die Zahl der Kl\u00e4ger nimmt t\u00e4glich zu. Experten haben berechnet, dass allein die Ausbesserung der manipulierten Abgas-Software bei rund 11 Millionen betroffener Fahrzeuge um die der Milliarden Euro kosten wird. Und als wenn das noch nicht genug w\u00e4re, hat die Schweiz den Verkauf von VW-Dieselfahrzeugen gestoppt.<\/p>\n<p>Ob die Abgasaff\u00e4re auch Auswirkungen f\u00fcr den Technologiestandort Deutschland und die Autobranche hat bleibt abzuwarten. Mittlerweile sind zwangsl\u00e4ufig auch Manipulationen von Abgaswerten bei Audi, Seat und Skoda bekannt geworden. Zudem sind Automarken wie BMW und Mercedes zunehmend in den Fokus der Medien geraten. Allerdings warnen die renommierten deutschen Autobauer vor einem Generalverdacht.<\/p>\n<p>Auf die Verkaufszahlen hat der hausgemachte Skandal bisher noch keine Auswirkungen gehabt. Selbst in den USA konnten die Wolfsburger im September noch ein Umsatzplus von 0,6 Prozent verzeichnen. Allerdings scheint VW mit sinkenden Absatzzahlen in Amerika zu rechnen, da sie die Sonderschichten im Mexiko bereits storniert haben. Im dem zweitgr\u00f6\u00dften VW-Werk werden vor allem die f\u00fcr die USA bestimmten Fahrzeuge hergestellt. Ob Arbeitskr\u00e4fte in Deutschland in Gefahr sind steht noch in den Sternen und h\u00e4ngt auch vom Verhalten der Verbraucher ab. Umfragen haben ergeben, dass 68 Prozent der Deutschen dem Volkswagen weiterhin vertrauen, w\u00e4hrend 38 Prozent die gesamte deutsche Wirtschaft gef\u00e4hrdet sehen.<\/p>\n","protected":false},"excerpt":{"rendered":"<p>Damit hatte keiner gerechnet, der Deutsche Automobilhersteller VW mit weltweitem Vorbildcharakter hat die Abgas-Software ihrer Dieselfahrzeuge manipuliert. Eine Bombe, die nicht nur die Autobranche bis ins Mark ersch\u00fctterte.<\/p>\n","protected":false},"author":1,"featured_media":666,"comment_status":"open","ping_status":"open","sticky":false,"template":"","format":"standard","meta":{"jetpack_post_was_ever_published":false,"_jetpack_newsletter_access":"","_jetpack_dont_email_post_to_subs":false,"_jetpack_newsletter_tier_id":0,"_jetpack_memberships_contains_paywalled_content":false,"_jetpack_memberships_contains_paid_content":false,"footnotes":"","jetpack_publicize_message":"","jetpack_publicize_feature_enabled":true,"jetpack_social_post_already_shared":true,"jetpack_social_options":{"image_generator_settings":{"template":"highway","default_image_id":0,"font":"","enabled":false},"version":2},"_wpas_customize_per_network":false},"categories":[43],"tags":[156,155],"class_list":["post-664","post","type-post","status-publish","format-standard","has-post-thumbnail","hentry","category-jahr","tag-abgas","tag-vw"],"yoast_head":"<!-- This site is optimized with the Yoast SEO Premium plugin v27.5 (Yoast SEO v27.5) - https:\/\/yoast.com\/product\/yoast-seo-premium-wordpress\/ -->\n<title>VW steht vor einem Scherbenhaufen. - Timos Paper<\/title>\n<meta name=\"description\" content=\"VW mit weltweitem Vorbildcharakter hat die Abgas-Software ihrer Dieselfahrzeuge manipuliert. Eine Bombe, die nicht nur die Autobranche bis ins Mark ersch\u00fctt\" \/>\n<meta name=\"robots\" content=\"index, follow, max-snippet:-1, max-image-preview:large, max-video-preview:-1\" \/>\n<link rel=\"canonical\" href=\"https:\/\/hoerske.de\/blog\/2015\/10\/vw-steht-vor-einem-scherbenhaufen\/\" \/>\n<meta property=\"og:locale\" content=\"de_DE\" \/>\n<meta property=\"og:type\" content=\"article\" \/>\n<meta property=\"og:title\" content=\"VW steht vor einem Scherbenhaufen.\" \/>\n<meta property=\"og:description\" content=\"VW mit weltweitem Vorbildcharakter hat die Abgas-Software ihrer Dieselfahrzeuge manipuliert. Eine Bombe, die nicht nur die Autobranche bis ins Mark ersch\u00fctt\" \/>\n<meta property=\"og:url\" content=\"https:\/\/hoerske.de\/blog\/2015\/10\/vw-steht-vor-einem-scherbenhaufen\/\" \/>\n<meta property=\"og:site_name\" content=\"Timos Paper\" \/>\n<meta property=\"article:publisher\" content=\"https:\/\/www.facebook.com\/timo.hoerske\" \/>\n<meta property=\"article:author\" content=\"https:\/\/www.facebook.com\/timo.hoerske\" \/>\n<meta property=\"article:published_time\" content=\"2015-10-01T18:19:05+00:00\" \/>\n<meta property=\"article:modified_time\" content=\"2015-10-27T14:54:40+00:00\" \/>\n<meta property=\"og:image\" content=\"https:\/\/i0.wp.com\/blog.hoerske.de\/wp-content\/uploads\/2015\/10\/vw_absturz.png?fit=1068%2C973\" \/>\n\t<meta property=\"og:image:width\" content=\"1068\" \/>\n\t<meta property=\"og:image:height\" content=\"973\" \/>\n\t<meta property=\"og:image:type\" content=\"image\/png\" \/>\n<meta name=\"author\" content=\"Timo H\u00f6rske\" \/>\n<meta name=\"twitter:card\" content=\"summary_large_image\" \/>\n<meta name=\"twitter:creator\" content=\"@timo_hoerske\" \/>\n<meta name=\"twitter:site\" content=\"@timo_hoerske\" \/>\n<meta name=\"twitter:label1\" content=\"Verfasst von\" \/>\n\t<meta name=\"twitter:data1\" content=\"Timo H\u00f6rske\" \/>\n\t<meta name=\"twitter:label2\" content=\"Gesch\u00e4tzte Lesezeit\" \/>\n\t<meta name=\"twitter:data2\" content=\"2\u00a0Minuten\" \/>\n<script type=\"application\/ld+json\" class=\"yoast-schema-graph\">{\"@context\":\"https:\\\/\\\/schema.org\",\"@graph\":[{\"@type\":\"Article\",\"@id\":\"https:\\\/\\\/hoerske.de\\\/blog\\\/2015\\\/10\\\/vw-steht-vor-einem-scherbenhaufen\\\/#article\",\"isPartOf\":{\"@id\":\"https:\\\/\\\/hoerske.de\\\/blog\\\/2015\\\/10\\\/vw-steht-vor-einem-scherbenhaufen\\\/\"},\"author\":{\"name\":\"Timo H\u00f6rske\",\"@id\":\"https:\\\/\\\/hoerske.de\\\/blog\\\/#\\\/schema\\\/person\\\/20677cf2167fc7027b752c3bba78d5fc\"},\"headline\":\"VW steht vor einem Scherbenhaufen.\",\"datePublished\":\"2015-10-01T18:19:05+00:00\",\"dateModified\":\"2015-10-27T14:54:40+00:00\",\"mainEntityOfPage\":{\"@id\":\"https:\\\/\\\/hoerske.de\\\/blog\\\/2015\\\/10\\\/vw-steht-vor-einem-scherbenhaufen\\\/\"},\"wordCount\":416,\"commentCount\":0,\"publisher\":{\"@id\":\"https:\\\/\\\/hoerske.de\\\/blog\\\/#\\\/schema\\\/person\\\/20677cf2167fc7027b752c3bba78d5fc\"},\"image\":{\"@id\":\"https:\\\/\\\/hoerske.de\\\/blog\\\/2015\\\/10\\\/vw-steht-vor-einem-scherbenhaufen\\\/#primaryimage\"},\"thumbnailUrl\":\"https:\\\/\\\/i0.wp.com\\\/hoerske.de\\\/blog\\\/wp-content\\\/uploads\\\/2015\\\/10\\\/vw_absturz.png?fit=1068%2C973&ssl=1\",\"keywords\":[\"Abgas\",\"VW\"],\"articleSection\":[\"Jahr\"],\"inLanguage\":\"de\",\"potentialAction\":[{\"@type\":\"CommentAction\",\"name\":\"Comment\",\"target\":[\"https:\\\/\\\/hoerske.de\\\/blog\\\/2015\\\/10\\\/vw-steht-vor-einem-scherbenhaufen\\\/#respond\"]}]},{\"@type\":\"WebPage\",\"@id\":\"https:\\\/\\\/hoerske.de\\\/blog\\\/2015\\\/10\\\/vw-steht-vor-einem-scherbenhaufen\\\/\",\"url\":\"https:\\\/\\\/hoerske.de\\\/blog\\\/2015\\\/10\\\/vw-steht-vor-einem-scherbenhaufen\\\/\",\"name\":\"VW steht vor einem Scherbenhaufen. - Timos Paper\",\"isPartOf\":{\"@id\":\"https:\\\/\\\/hoerske.de\\\/blog\\\/#website\"},\"primaryImageOfPage\":{\"@id\":\"https:\\\/\\\/hoerske.de\\\/blog\\\/2015\\\/10\\\/vw-steht-vor-einem-scherbenhaufen\\\/#primaryimage\"},\"image\":{\"@id\":\"https:\\\/\\\/hoerske.de\\\/blog\\\/2015\\\/10\\\/vw-steht-vor-einem-scherbenhaufen\\\/#primaryimage\"},\"thumbnailUrl\":\"https:\\\/\\\/i0.wp.com\\\/hoerske.de\\\/blog\\\/wp-content\\\/uploads\\\/2015\\\/10\\\/vw_absturz.png?fit=1068%2C973&ssl=1\",\"datePublished\":\"2015-10-01T18:19:05+00:00\",\"dateModified\":\"2015-10-27T14:54:40+00:00\",\"description\":\"VW mit weltweitem Vorbildcharakter hat die Abgas-Software ihrer Dieselfahrzeuge manipuliert. Eine Bombe, die nicht nur die Autobranche bis ins Mark ersch\u00fctt\",\"breadcrumb\":{\"@id\":\"https:\\\/\\\/hoerske.de\\\/blog\\\/2015\\\/10\\\/vw-steht-vor-einem-scherbenhaufen\\\/#breadcrumb\"},\"inLanguage\":\"de\",\"potentialAction\":[{\"@type\":\"ReadAction\",\"target\":[\"https:\\\/\\\/hoerske.de\\\/blog\\\/2015\\\/10\\\/vw-steht-vor-einem-scherbenhaufen\\\/\"]}]},{\"@type\":\"ImageObject\",\"inLanguage\":\"de\",\"@id\":\"https:\\\/\\\/hoerske.de\\\/blog\\\/2015\\\/10\\\/vw-steht-vor-einem-scherbenhaufen\\\/#primaryimage\",\"url\":\"https:\\\/\\\/i0.wp.com\\\/hoerske.de\\\/blog\\\/wp-content\\\/uploads\\\/2015\\\/10\\\/vw_absturz.png?fit=1068%2C973&ssl=1\",\"contentUrl\":\"https:\\\/\\\/i0.wp.com\\\/hoerske.de\\\/blog\\\/wp-content\\\/uploads\\\/2015\\\/10\\\/vw_absturz.png?fit=1068%2C973&ssl=1\",\"width\":1068,\"height\":973},{\"@type\":\"BreadcrumbList\",\"@id\":\"https:\\\/\\\/hoerske.de\\\/blog\\\/2015\\\/10\\\/vw-steht-vor-einem-scherbenhaufen\\\/#breadcrumb\",\"itemListElement\":[{\"@type\":\"ListItem\",\"position\":1,\"name\":\"Startseite\",\"item\":\"https:\\\/\\\/hoerske.de\\\/blog\\\/\"},{\"@type\":\"ListItem\",\"position\":2,\"name\":\"VW steht vor einem Scherbenhaufen.\"}]},{\"@type\":\"WebSite\",\"@id\":\"https:\\\/\\\/hoerske.de\\\/blog\\\/#website\",\"url\":\"https:\\\/\\\/hoerske.de\\\/blog\\\/\",\"name\":\"Timos Blog\",\"description\":\"ego cogito, ergo sum\",\"publisher\":{\"@id\":\"https:\\\/\\\/hoerske.de\\\/blog\\\/#\\\/schema\\\/person\\\/20677cf2167fc7027b752c3bba78d5fc\"},\"potentialAction\":[{\"@type\":\"SearchAction\",\"target\":{\"@type\":\"EntryPoint\",\"urlTemplate\":\"https:\\\/\\\/hoerske.de\\\/blog\\\/?s={search_term_string}\"},\"query-input\":{\"@type\":\"PropertyValueSpecification\",\"valueRequired\":true,\"valueName\":\"search_term_string\"}}],\"inLanguage\":\"de\"},{\"@type\":[\"Person\",\"Organization\"],\"@id\":\"https:\\\/\\\/hoerske.de\\\/blog\\\/#\\\/schema\\\/person\\\/20677cf2167fc7027b752c3bba78d5fc\",\"name\":\"Timo H\u00f6rske\",\"image\":{\"@type\":\"ImageObject\",\"inLanguage\":\"de\",\"@id\":\"https:\\\/\\\/i0.wp.com\\\/hoerske.de\\\/blog\\\/wp-content\\\/uploads\\\/2023\\\/01\\\/16711213967602.jpg?fit=1024%2C954&ssl=1\",\"url\":\"https:\\\/\\\/i0.wp.com\\\/hoerske.de\\\/blog\\\/wp-content\\\/uploads\\\/2023\\\/01\\\/16711213967602.jpg?fit=1024%2C954&ssl=1\",\"contentUrl\":\"https:\\\/\\\/i0.wp.com\\\/hoerske.de\\\/blog\\\/wp-content\\\/uploads\\\/2023\\\/01\\\/16711213967602.jpg?fit=1024%2C954&ssl=1\",\"width\":1024,\"height\":954,\"caption\":\"Timo H\u00f6rske\"},\"logo\":{\"@id\":\"https:\\\/\\\/i0.wp.com\\\/hoerske.de\\\/blog\\\/wp-content\\\/uploads\\\/2023\\\/01\\\/16711213967602.jpg?fit=1024%2C954&ssl=1\"},\"description\":\"Jahrgang 1985, als \\\"Ossi\\\" geboren, im beschaulichen Premnitz an der Havel aufgewachsen. Natur- und Kunstliebhaber. Seit \u00fcber 10 Jahren Wahlbremerhavener, K\u00fcsten- und Windfan. So ziemlich an Allem interessiert. Schwerpunkte sind aber eindeutig Politik, Gesellschaft, Rechtswesen, Natur, Imkerei und Technik. Rotes Parteibuch, Mitglied des Jugendhilfeausschusses der Stadt Bremerhaven, Vorsitzender eines Kleing\u00e4rtnervereins, Fachberater f\u00fcr das Kleingartenwesen, Verbandschef der Bremerhavener Kleing\u00e4rtner*innen. Hobbyimker, Freizeitblogger, Techniknerd.\",\"sameAs\":[\"https:\\\/\\\/www.hoerske.de\\\/\",\"https:\\\/\\\/www.facebook.com\\\/timo.hoerske\",\"https:\\\/\\\/www.instagram.com\\\/thoerske\\\/\",\"https:\\\/\\\/x.com\\\/timo_hoerske\"],\"url\":\"https:\\\/\\\/hoerske.de\\\/blog\\\/author\\\/roter_admin\\\/\"}]}<\/script>\n<!-- \/ Yoast SEO Premium plugin. -->","yoast_head_json":{"title":"VW steht vor einem Scherbenhaufen. - Timos Paper","description":"VW mit weltweitem Vorbildcharakter hat die Abgas-Software ihrer Dieselfahrzeuge manipuliert. Eine Bombe, die nicht nur die Autobranche bis ins Mark ersch\u00fctt","robots":{"index":"index","follow":"follow","max-snippet":"max-snippet:-1","max-image-preview":"max-image-preview:large","max-video-preview":"max-video-preview:-1"},"canonical":"https:\/\/hoerske.de\/blog\/2015\/10\/vw-steht-vor-einem-scherbenhaufen\/","og_locale":"de_DE","og_type":"article","og_title":"VW steht vor einem Scherbenhaufen.","og_description":"VW mit weltweitem Vorbildcharakter hat die Abgas-Software ihrer Dieselfahrzeuge manipuliert. Eine Bombe, die nicht nur die Autobranche bis ins Mark ersch\u00fctt","og_url":"https:\/\/hoerske.de\/blog\/2015\/10\/vw-steht-vor-einem-scherbenhaufen\/","og_site_name":"Timos Paper","article_publisher":"https:\/\/www.facebook.com\/timo.hoerske","article_author":"https:\/\/www.facebook.com\/timo.hoerske","article_published_time":"2015-10-01T18:19:05+00:00","article_modified_time":"2015-10-27T14:54:40+00:00","og_image":[{"width":1068,"height":973,"url":"https:\/\/i0.wp.com\/blog.hoerske.de\/wp-content\/uploads\/2015\/10\/vw_absturz.png?fit=1068%2C973","type":"image\/png"}],"author":"Timo H\u00f6rske","twitter_card":"summary_large_image","twitter_creator":"@timo_hoerske","twitter_site":"@timo_hoerske","twitter_misc":{"Verfasst von":"Timo H\u00f6rske","Gesch\u00e4tzte Lesezeit":"2\u00a0Minuten"},"schema":{"@context":"https:\/\/schema.org","@graph":[{"@type":"Article","@id":"https:\/\/hoerske.de\/blog\/2015\/10\/vw-steht-vor-einem-scherbenhaufen\/#article","isPartOf":{"@id":"https:\/\/hoerske.de\/blog\/2015\/10\/vw-steht-vor-einem-scherbenhaufen\/"},"author":{"name":"Timo H\u00f6rske","@id":"https:\/\/hoerske.de\/blog\/#\/schema\/person\/20677cf2167fc7027b752c3bba78d5fc"},"headline":"VW steht vor einem Scherbenhaufen.","datePublished":"2015-10-01T18:19:05+00:00","dateModified":"2015-10-27T14:54:40+00:00","mainEntityOfPage":{"@id":"https:\/\/hoerske.de\/blog\/2015\/10\/vw-steht-vor-einem-scherbenhaufen\/"},"wordCount":416,"commentCount":0,"publisher":{"@id":"https:\/\/hoerske.de\/blog\/#\/schema\/person\/20677cf2167fc7027b752c3bba78d5fc"},"image":{"@id":"https:\/\/hoerske.de\/blog\/2015\/10\/vw-steht-vor-einem-scherbenhaufen\/#primaryimage"},"thumbnailUrl":"https:\/\/i0.wp.com\/hoerske.de\/blog\/wp-content\/uploads\/2015\/10\/vw_absturz.png?fit=1068%2C973&ssl=1","keywords":["Abgas","VW"],"articleSection":["Jahr"],"inLanguage":"de","potentialAction":[{"@type":"CommentAction","name":"Comment","target":["https:\/\/hoerske.de\/blog\/2015\/10\/vw-steht-vor-einem-scherbenhaufen\/#respond"]}]},{"@type":"WebPage","@id":"https:\/\/hoerske.de\/blog\/2015\/10\/vw-steht-vor-einem-scherbenhaufen\/","url":"https:\/\/hoerske.de\/blog\/2015\/10\/vw-steht-vor-einem-scherbenhaufen\/","name":"VW steht vor einem Scherbenhaufen. - Timos Paper","isPartOf":{"@id":"https:\/\/hoerske.de\/blog\/#website"},"primaryImageOfPage":{"@id":"https:\/\/hoerske.de\/blog\/2015\/10\/vw-steht-vor-einem-scherbenhaufen\/#primaryimage"},"image":{"@id":"https:\/\/hoerske.de\/blog\/2015\/10\/vw-steht-vor-einem-scherbenhaufen\/#primaryimage"},"thumbnailUrl":"https:\/\/i0.wp.com\/hoerske.de\/blog\/wp-content\/uploads\/2015\/10\/vw_absturz.png?fit=1068%2C973&ssl=1","datePublished":"2015-10-01T18:19:05+00:00","dateModified":"2015-10-27T14:54:40+00:00","description":"VW mit weltweitem Vorbildcharakter hat die Abgas-Software ihrer Dieselfahrzeuge manipuliert. Eine Bombe, die nicht nur die Autobranche bis ins Mark ersch\u00fctt","breadcrumb":{"@id":"https:\/\/hoerske.de\/blog\/2015\/10\/vw-steht-vor-einem-scherbenhaufen\/#breadcrumb"},"inLanguage":"de","potentialAction":[{"@type":"ReadAction","target":["https:\/\/hoerske.de\/blog\/2015\/10\/vw-steht-vor-einem-scherbenhaufen\/"]}]},{"@type":"ImageObject","inLanguage":"de","@id":"https:\/\/hoerske.de\/blog\/2015\/10\/vw-steht-vor-einem-scherbenhaufen\/#primaryimage","url":"https:\/\/i0.wp.com\/hoerske.de\/blog\/wp-content\/uploads\/2015\/10\/vw_absturz.png?fit=1068%2C973&ssl=1","contentUrl":"https:\/\/i0.wp.com\/hoerske.de\/blog\/wp-content\/uploads\/2015\/10\/vw_absturz.png?fit=1068%2C973&ssl=1","width":1068,"height":973},{"@type":"BreadcrumbList","@id":"https:\/\/hoerske.de\/blog\/2015\/10\/vw-steht-vor-einem-scherbenhaufen\/#breadcrumb","itemListElement":[{"@type":"ListItem","position":1,"name":"Startseite","item":"https:\/\/hoerske.de\/blog\/"},{"@type":"ListItem","position":2,"name":"VW steht vor einem Scherbenhaufen."}]},{"@type":"WebSite","@id":"https:\/\/hoerske.de\/blog\/#website","url":"https:\/\/hoerske.de\/blog\/","name":"Timos Blog","description":"ego cogito, ergo sum","publisher":{"@id":"https:\/\/hoerske.de\/blog\/#\/schema\/person\/20677cf2167fc7027b752c3bba78d5fc"},"potentialAction":[{"@type":"SearchAction","target":{"@type":"EntryPoint","urlTemplate":"https:\/\/hoerske.de\/blog\/?s={search_term_string}"},"query-input":{"@type":"PropertyValueSpecification","valueRequired":true,"valueName":"search_term_string"}}],"inLanguage":"de"},{"@type":["Person","Organization"],"@id":"https:\/\/hoerske.de\/blog\/#\/schema\/person\/20677cf2167fc7027b752c3bba78d5fc","name":"Timo H\u00f6rske","image":{"@type":"ImageObject","inLanguage":"de","@id":"https:\/\/i0.wp.com\/hoerske.de\/blog\/wp-content\/uploads\/2023\/01\/16711213967602.jpg?fit=1024%2C954&ssl=1","url":"https:\/\/i0.wp.com\/hoerske.de\/blog\/wp-content\/uploads\/2023\/01\/16711213967602.jpg?fit=1024%2C954&ssl=1","contentUrl":"https:\/\/i0.wp.com\/hoerske.de\/blog\/wp-content\/uploads\/2023\/01\/16711213967602.jpg?fit=1024%2C954&ssl=1","width":1024,"height":954,"caption":"Timo H\u00f6rske"},"logo":{"@id":"https:\/\/i0.wp.com\/hoerske.de\/blog\/wp-content\/uploads\/2023\/01\/16711213967602.jpg?fit=1024%2C954&ssl=1"},"description":"Jahrgang 1985, als \"Ossi\" geboren, im beschaulichen Premnitz an der Havel aufgewachsen. Natur- und Kunstliebhaber. Seit \u00fcber 10 Jahren Wahlbremerhavener, K\u00fcsten- und Windfan. So ziemlich an Allem interessiert. Schwerpunkte sind aber eindeutig Politik, Gesellschaft, Rechtswesen, Natur, Imkerei und Technik. Rotes Parteibuch, Mitglied des Jugendhilfeausschusses der Stadt Bremerhaven, Vorsitzender eines Kleing\u00e4rtnervereins, Fachberater f\u00fcr das Kleingartenwesen, Verbandschef der Bremerhavener Kleing\u00e4rtner*innen. Hobbyimker, Freizeitblogger, Techniknerd.","sameAs":["https:\/\/www.hoerske.de\/","https:\/\/www.facebook.com\/timo.hoerske","https:\/\/www.instagram.com\/thoerske\/","https:\/\/x.com\/timo_hoerske"],"url":"https:\/\/hoerske.de\/blog\/author\/roter_admin\/"}]}},"jetpack_publicize_connections":[],"jetpack_featured_media_url":"https:\/\/i0.wp.com\/hoerske.de\/blog\/wp-content\/uploads\/2015\/10\/vw_absturz.png?fit=1068%2C973&ssl=1","jetpack_shortlink":"https:\/\/wp.me\/p4W3ht-aI","jetpack_sharing_enabled":true,"_links":{"self":[{"href":"https:\/\/hoerske.de\/blog\/wp-json\/wp\/v2\/posts\/664","targetHints":{"allow":["GET"]}}],"collection":[{"href":"https:\/\/hoerske.de\/blog\/wp-json\/wp\/v2\/posts"}],"about":[{"href":"https:\/\/hoerske.de\/blog\/wp-json\/wp\/v2\/types\/post"}],"author":[{"embeddable":true,"href":"https:\/\/hoerske.de\/blog\/wp-json\/wp\/v2\/users\/1"}],"replies":[{"embeddable":true,"href":"https:\/\/hoerske.de\/blog\/wp-json\/wp\/v2\/comments?post=664"}],"version-history":[{"count":0,"href":"https:\/\/hoerske.de\/blog\/wp-json\/wp\/v2\/posts\/664\/revisions"}],"wp:featuredmedia":[{"embeddable":true,"href":"https:\/\/hoerske.de\/blog\/wp-json\/wp\/v2\/media\/666"}],"wp:attachment":[{"href":"https:\/\/hoerske.de\/blog\/wp-json\/wp\/v2\/media?parent=664"}],"wp:term":[{"taxonomy":"category","embeddable":true,"href":"https:\/\/hoerske.de\/blog\/wp-json\/wp\/v2\/categories?post=664"},{"taxonomy":"post_tag","embeddable":true,"href":"https:\/\/hoerske.de\/blog\/wp-json\/wp\/v2\/tags?post=664"}],"curies":[{"name":"wp","href":"https:\/\/api.w.org\/{rel}","templated":true}]}}