{"id":606,"date":"2015-08-20T11:34:07","date_gmt":"2015-08-20T09:34:07","guid":{"rendered":"https:\/\/www.hoerske.de\/?p=606"},"modified":"2017-02-16T19:51:47","modified_gmt":"2017-02-16T17:51:47","slug":"schoenes-wetter-tolle-schiffe-leckere-pommes","status":"publish","type":"post","link":"https:\/\/hoerske.de\/blog\/2015\/08\/schoenes-wetter-tolle-schiffe-leckere-pommes\/","title":{"rendered":"Sch\u00f6nes Wetter, tolle Schiffe, leckere Pommes&#8230;"},"content":{"rendered":"<p>&#8230; so in etwa klang meine Postkarte von der ersten Sail, die ich je mitgemacht habe. Das war 2005.<\/p>\n<p>Jetzt 2015 durfte ich bereits meine dritte Sail in Bremerhaven erleben. Ich glaube ich kann mich den vielen guten Erfahrungen anschlie\u00dfen, die es dieses Jahr gab. F\u00fcr mich war es auch eine der sch\u00f6nsten Sails, die ich erlebt habe.<\/p>\n<p><!--more--><\/p>\n<p>Ein paar Bilder hatte ich euch ja bereits gezeigt:<\/p>\n<figure id=\"attachment_603\" aria-describedby=\"caption-attachment-603\" style=\"width: 300px\" class=\"wp-caption aligncenter\"><a href=\"https:\/\/www.hoerske.de\/blog\/sail-2015-das-internationale-festival-der-windjammer\/sail_2015_s_30-2\/\" rel=\"attachment wp-att-603\"><img data-recalc-dims=\"1\" loading=\"lazy\" decoding=\"async\" class=\"size-medium wp-image-603\" src=\"https:\/\/i0.wp.com\/www.hoerske.de\/blog\/wp-content\/uploads\/2015\/08\/Sail_2015_S_301-300x200.jpg?resize=300%2C200&#038;ssl=1\" alt=\"Hier gibts noch ein paar mehr Bilder...\" width=\"300\" height=\"200\" srcset=\"https:\/\/i0.wp.com\/hoerske.de\/blog\/wp-content\/uploads\/2015\/08\/Sail_2015_S_301.jpg?resize=300%2C200&amp;ssl=1 300w, https:\/\/i0.wp.com\/hoerske.de\/blog\/wp-content\/uploads\/2015\/08\/Sail_2015_S_301.jpg?resize=1024%2C682&amp;ssl=1 1024w, https:\/\/i0.wp.com\/hoerske.de\/blog\/wp-content\/uploads\/2015\/08\/Sail_2015_S_301.jpg?w=1680&amp;ssl=1 1680w, https:\/\/i0.wp.com\/hoerske.de\/blog\/wp-content\/uploads\/2015\/08\/Sail_2015_S_301.jpg?w=2520&amp;ssl=1 2520w\" sizes=\"auto, (max-width: 300px) 100vw, 300px\" \/><\/a><figcaption id=\"caption-attachment-603\" class=\"wp-caption-text\"><a href=\"https:\/\/www.hoerske.de\/blog\/sail-2015-das-internationale-festival-der-windjammer\/\">Hier gibts noch ein paar mehr Bilder&#8230;<\/a><\/figcaption><\/figure>\n<p>Bei aller Freude \u00fcber die tollen Rarsegler, Windjammer, internationalen G\u00e4sten, gutem Essen, viel Sonnenschein, einer toller Lasershow, Feuerwerk und vielem anderen mehr, mussten die Organisatoren rasch viel Kritik einstecken: Die Frechheit Nummer 1 hat sich die Lokalredaktion Bremen der TAZ erlaubt: <a href=\"http:\/\/www.taz.de\/!5220088\/\">http:\/\/www.taz.de\/!5220088\/<\/a><\/p>\n<p>In den sozialen Medien gab es f\u00fcr den Artikel regelrechte Schelte. Zu Recht wie ich finde, denn der Artikel strotzt nur so von Widerspr\u00fcchen, er ist teilweise einfach nur falsch und schlecht recherchiert. Eine Zeitung, die nur durch Subventionen und Spenden l\u00e4uft beschwert sich u.a. \u00fcber die Finanzierung der Sail und die damit verbundenen Kosten. Was der Autor leider vergisst bei der Betrachtung der prim\u00e4ren Effekte sind die volkswirtschaftlich wesentlich gr\u00f6\u00dferen Sekund\u00e4r- und Terti\u00e4reffekte. 3 Millionen investieren, 30 Millionen Umsatz generieren, Spenden und Einnahmen der Sail dr\u00fccken die Kosten f\u00fcr die Stadt auf 300.000 \u20ac (nach aktuellem Stand). Wer sich jetzt noch ein bisschen mit Gewerbesteuer auskennt, der kann schnell zusammen rechnen, dass da unterm Strich mehr bei Rauskommt als Reingesteckt wurde. Das Wetter war super, ich habe nicht einen Standbetreiber gesprochen, der sich beschwert h\u00e4tte wegen mangelndem Umsatz. Am meisten ge\u00e4rgert hat mich aber der folgende Absatz:<\/p>\n<blockquote><p><span class=\"body\">Das maritime Volksfest jenseits der Schiffe ist ein Jahrmarkt, wie es viele gibt. Hier ein Riesenrad, da ein bisschen Segler-Messe, dort ein Mittelaltermarkt mit verkleidetem Met-H\u00e4ndler, dazu etwas Open-Air mit anspruchslosem Musikprogramm und Stadtfest-Verk\u00f6stigung. F\u00fcr die ganz Kleinen gibt\u2019s den \u00fcblichen Kinderfest-Jokus. Nur den gr\u00f6\u00dferen Jungs mit Piratenneigungen fehlen Austobe- und Andockm\u00f6glichkeiten auf den Repliken historischer Expeditions-, Handels- und Kriegsschiffe.<\/span> (( Quelle: <a href=\"http:\/\/www.taz.de\/!5220088\/\">http:\/\/www.taz.de\/!5220088\/<\/a> ))<\/p><\/blockquote>\n<p>Die Sail ist und war nie ein Jahrmarkt, drei Fahrgesch\u00e4fte habe ich gesehen, das wars auch&#8230; Die Sail sind nicht nur Segler und Repliken alter Schiffe. Viele sind echte Orginale und seit langen Zeiten auf den Meeren dieser Welt unterwegs. Ein wesentlichen Punkt hat der Autor vergessen: Sail und Dampf im <a href=\"http:\/\/schaufenster-fischereihafen.de\/\">Schaufenster Fischereihafen<\/a>. Dort gab es zu den Rarseglern in den Havenwelten noch echte Dampfschiffe, wie die Bremerhavener &#8220;<a href=\"http:\/\/www.bremerhaven.de\/meer-erleben\/sehenswertes\/museumsschiffe\/museumsschiff-dampf-eisbrecher-wal.13252.html\">Wal<\/a>&#8221; sowie andere Dampf betriebene Gef\u00e4hrte zu sehen. Nachher suche ich davon noch ein paar Bilder raus.<\/p>\n<p>Liebe TAZ! n\u00e4chste Mal selber herkommen ohne Bremer Vorurteile und einfach mal den Flair genie\u00dfen!<\/p>\n<p>So genug dazu!<\/p>\n<p>Im Vorherein hatte ich gro\u00dfe Sorge wie 1 Millionen geplante Besucher vern\u00fcnftig gelenkt und sicher Ihren Spa\u00df haben kann. Aber trotz vieler Kritik dadraussen, ich war \u00fcberrascht wie gut das Sicherheitskonzept funktioniert hat. Ich bin stolz auf Alle die daran mitgewirkt haben. Es waren immer Sicherheitskr\u00e4fte ich Sichtweite, Rettungskr\u00e4fte und Stationen immer in der N\u00e4he. Selbst die Ab- un Zug\u00e4nge Abends z.B.: nach dem Feuerwerk haben super funktioniert und die Polizistinnen und Polizisten waren trotz aller genervter Autofahrer immer freundlich und zu einem Scherz parat. An die N\u00f6rgler unter euch: Was er wartet Ihr bei diesen Besucherzahlen, wenn Ihr mit dem Auto an den Deich fahrt? Da ist Wartezeit vorprogrammiert! Denken dann meckern.<\/p>\n<p>Besonders eine Aktion im Rahmen des Sicherheitskonzeptes hat mich beeindruckt: WoBiDu<\/p>\n<p>Ein zentrale Anlaufstelle f\u00fcr verlorene und gefundene Kinder, zentrale Rufnummer, die M\u00f6glichkeit sein Kind zu registrieren und mit einer Chipkarte auszur\u00fcsten (zur Speicherung der Kontaktdaten der Eltern falls das Kind alleine aufgefunden wird). Einfach klasse. Ich erinner mich an die Durchsagen bei der letzten Sail wenn ein Kind vermisst wurde. So ist es viel viel besser&#8230;<\/p>\n<p>Ich f\u00fcr mich habe die Sail genossen. Tolle Nachtaufnahmen gemacht, leckere holl\u00e4ndische Pommes mit Joppiesauce verspeist. Die Sonne hat auch mitgespielt. Es waren tolle Momente. Viele sch\u00f6ne Schiffe bewundert. Das eine oder andere Souvenir mitgenommen. So wie es sein sollte&#8230; Danke an alle Organisatoren, Helfer und Spender, dass Ihr dies m\u00f6glich gemacht habt.<\/p>\n<p>So und demn\u00e4chst gibt es dann noch Artikel zu Nachtaufnahmen und Joppiesauce \ud83d\ude09<\/p>\n<p><code><\/code>ERG\u00c4NZUNG &#8211; Bis zu n\u00e4chsten Sail sind es noch: <code>[tminus t=\"12\/8\/2020\" <span class=\"highlight\"><span class=\"highlight\">omitweeks=\"true\" width=\"450\"<\/span><\/span>\/]<\/code><\/p>\n<p>&nbsp;<\/p>\n","protected":false},"excerpt":{"rendered":"<p>&#8230; so in etwa klang meine Postkarte von der ersten Sail, die ich je mitgemacht habe. Das war 2005. Jetzt 2015 durfte ich bereits meine dritte Sail in Bremerhaven erleben. Ich glaube ich kann mich den vielen guten Erfahrungen anschlie\u00dfen, die es dieses Jahr gab. F\u00fcr mich war es auch<\/p>\n","protected":false},"author":1,"featured_media":601,"comment_status":"open","ping_status":"open","sticky":false,"template":"","format":"standard","meta":{"jetpack_post_was_ever_published":false,"_jetpack_newsletter_access":"","_jetpack_dont_email_post_to_subs":true,"_jetpack_newsletter_tier_id":0,"_jetpack_memberships_contains_paywalled_content":false,"_jetpack_memberships_contains_paid_content":false,"footnotes":"","jetpack_publicize_message":"","jetpack_publicize_feature_enabled":true,"jetpack_social_post_already_shared":true,"jetpack_social_options":{"image_generator_settings":{"template":"highway","default_image_id":0,"font":"","enabled":false},"version":2},"_wpas_customize_per_network":false},"categories":[176],"tags":[189,187,188,143],"class_list":["post-606","post","type-post","status-publish","format-standard","has-post-thumbnail","hentry","category-kultur","tag-erlebnis","tag-essen","tag-genuss","tag-sail"],"yoast_head":"<!-- This site is optimized with the Yoast SEO Premium plugin v27.3 (Yoast SEO v27.3) - https:\/\/yoast.com\/product\/yoast-seo-premium-wordpress\/ -->\n<title>Sch\u00f6nes Wetter, tolle Schiffe, leckere Pommes... - Timos Paper<\/title>\n<meta name=\"description\" content=\"... so in etwa klang meine Postkarte von der ersten Sail, die ich je mitgemacht habe. Das war 2005.Jetzt 2015 durfte ich bereits meine dritte Sail in Bremer\" \/>\n<meta name=\"robots\" content=\"index, follow, max-snippet:-1, max-image-preview:large, max-video-preview:-1\" \/>\n<link rel=\"canonical\" href=\"https:\/\/hoerske.de\/blog\/2015\/08\/schoenes-wetter-tolle-schiffe-leckere-pommes\/\" \/>\n<meta property=\"og:locale\" content=\"de_DE\" \/>\n<meta property=\"og:type\" content=\"article\" \/>\n<meta property=\"og:title\" content=\"Sch\u00f6nes Wetter, tolle Schiffe, leckere Pommes...\" \/>\n<meta property=\"og:description\" content=\"... so in etwa klang meine Postkarte von der ersten Sail, die ich je mitgemacht habe. Das war 2005.Jetzt 2015 durfte ich bereits meine dritte Sail in Bremer\" \/>\n<meta property=\"og:url\" content=\"https:\/\/hoerske.de\/blog\/2015\/08\/schoenes-wetter-tolle-schiffe-leckere-pommes\/\" \/>\n<meta property=\"og:site_name\" content=\"Timos Paper\" \/>\n<meta property=\"article:publisher\" content=\"https:\/\/www.facebook.com\/timo.hoerske\" \/>\n<meta property=\"article:author\" content=\"https:\/\/www.facebook.com\/timo.hoerske\" \/>\n<meta property=\"article:published_time\" content=\"2015-08-20T09:34:07+00:00\" \/>\n<meta property=\"article:modified_time\" content=\"2017-02-16T17:51:47+00:00\" \/>\n<meta property=\"og:image\" content=\"https:\/\/i0.wp.com\/blog.hoerske.de\/wp-content\/uploads\/2015\/08\/Sail_2015_S_29.jpg?fit=4864%2C3648\" \/>\n\t<meta property=\"og:image:width\" content=\"4864\" \/>\n\t<meta property=\"og:image:height\" content=\"3648\" \/>\n\t<meta property=\"og:image:type\" content=\"image\/jpeg\" \/>\n<meta name=\"author\" content=\"Timo H\u00f6rske\" \/>\n<meta name=\"twitter:card\" content=\"summary_large_image\" \/>\n<meta name=\"twitter:creator\" content=\"@timo_hoerske\" \/>\n<meta name=\"twitter:site\" content=\"@timo_hoerske\" \/>\n<meta name=\"twitter:label1\" content=\"Verfasst von\" \/>\n\t<meta name=\"twitter:data1\" content=\"Timo H\u00f6rske\" \/>\n\t<meta name=\"twitter:label2\" content=\"Gesch\u00e4tzte Lesezeit\" \/>\n\t<meta name=\"twitter:data2\" content=\"4\u00a0Minuten\" \/>\n<script type=\"application\/ld+json\" class=\"yoast-schema-graph\">{\"@context\":\"https:\\\/\\\/schema.org\",\"@graph\":[{\"@type\":\"Article\",\"@id\":\"https:\\\/\\\/hoerske.de\\\/blog\\\/2015\\\/08\\\/schoenes-wetter-tolle-schiffe-leckere-pommes\\\/#article\",\"isPartOf\":{\"@id\":\"https:\\\/\\\/hoerske.de\\\/blog\\\/2015\\\/08\\\/schoenes-wetter-tolle-schiffe-leckere-pommes\\\/\"},\"author\":{\"name\":\"Timo H\u00f6rske\",\"@id\":\"https:\\\/\\\/hoerske.de\\\/blog\\\/#\\\/schema\\\/person\\\/20677cf2167fc7027b752c3bba78d5fc\"},\"headline\":\"Sch\u00f6nes Wetter, tolle Schiffe, leckere Pommes&#8230;\",\"datePublished\":\"2015-08-20T09:34:07+00:00\",\"dateModified\":\"2017-02-16T17:51:47+00:00\",\"mainEntityOfPage\":{\"@id\":\"https:\\\/\\\/hoerske.de\\\/blog\\\/2015\\\/08\\\/schoenes-wetter-tolle-schiffe-leckere-pommes\\\/\"},\"wordCount\":739,\"commentCount\":0,\"publisher\":{\"@id\":\"https:\\\/\\\/hoerske.de\\\/blog\\\/#\\\/schema\\\/person\\\/20677cf2167fc7027b752c3bba78d5fc\"},\"image\":{\"@id\":\"https:\\\/\\\/hoerske.de\\\/blog\\\/2015\\\/08\\\/schoenes-wetter-tolle-schiffe-leckere-pommes\\\/#primaryimage\"},\"thumbnailUrl\":\"https:\\\/\\\/i0.wp.com\\\/hoerske.de\\\/blog\\\/wp-content\\\/uploads\\\/2015\\\/08\\\/Sail_2015_S_29.jpg?fit=4864%2C3648&ssl=1\",\"keywords\":[\"Erlebnis\",\"Essen\",\"Genu\u00df\",\"Sail\"],\"articleSection\":[\"Kultur\"],\"inLanguage\":\"de\",\"potentialAction\":[{\"@type\":\"CommentAction\",\"name\":\"Comment\",\"target\":[\"https:\\\/\\\/hoerske.de\\\/blog\\\/2015\\\/08\\\/schoenes-wetter-tolle-schiffe-leckere-pommes\\\/#respond\"]}]},{\"@type\":\"WebPage\",\"@id\":\"https:\\\/\\\/hoerske.de\\\/blog\\\/2015\\\/08\\\/schoenes-wetter-tolle-schiffe-leckere-pommes\\\/\",\"url\":\"https:\\\/\\\/hoerske.de\\\/blog\\\/2015\\\/08\\\/schoenes-wetter-tolle-schiffe-leckere-pommes\\\/\",\"name\":\"Sch\u00f6nes Wetter, tolle Schiffe, leckere Pommes... - Timos Paper\",\"isPartOf\":{\"@id\":\"https:\\\/\\\/hoerske.de\\\/blog\\\/#website\"},\"primaryImageOfPage\":{\"@id\":\"https:\\\/\\\/hoerske.de\\\/blog\\\/2015\\\/08\\\/schoenes-wetter-tolle-schiffe-leckere-pommes\\\/#primaryimage\"},\"image\":{\"@id\":\"https:\\\/\\\/hoerske.de\\\/blog\\\/2015\\\/08\\\/schoenes-wetter-tolle-schiffe-leckere-pommes\\\/#primaryimage\"},\"thumbnailUrl\":\"https:\\\/\\\/i0.wp.com\\\/hoerske.de\\\/blog\\\/wp-content\\\/uploads\\\/2015\\\/08\\\/Sail_2015_S_29.jpg?fit=4864%2C3648&ssl=1\",\"datePublished\":\"2015-08-20T09:34:07+00:00\",\"dateModified\":\"2017-02-16T17:51:47+00:00\",\"description\":\"... so in etwa klang meine Postkarte von der ersten Sail, die ich je mitgemacht habe. Das war 2005.Jetzt 2015 durfte ich bereits meine dritte Sail in Bremer\",\"breadcrumb\":{\"@id\":\"https:\\\/\\\/hoerske.de\\\/blog\\\/2015\\\/08\\\/schoenes-wetter-tolle-schiffe-leckere-pommes\\\/#breadcrumb\"},\"inLanguage\":\"de\",\"potentialAction\":[{\"@type\":\"ReadAction\",\"target\":[\"https:\\\/\\\/hoerske.de\\\/blog\\\/2015\\\/08\\\/schoenes-wetter-tolle-schiffe-leckere-pommes\\\/\"]}]},{\"@type\":\"ImageObject\",\"inLanguage\":\"de\",\"@id\":\"https:\\\/\\\/hoerske.de\\\/blog\\\/2015\\\/08\\\/schoenes-wetter-tolle-schiffe-leckere-pommes\\\/#primaryimage\",\"url\":\"https:\\\/\\\/i0.wp.com\\\/hoerske.de\\\/blog\\\/wp-content\\\/uploads\\\/2015\\\/08\\\/Sail_2015_S_29.jpg?fit=4864%2C3648&ssl=1\",\"contentUrl\":\"https:\\\/\\\/i0.wp.com\\\/hoerske.de\\\/blog\\\/wp-content\\\/uploads\\\/2015\\\/08\\\/Sail_2015_S_29.jpg?fit=4864%2C3648&ssl=1\",\"width\":4864,\"height\":3648},{\"@type\":\"BreadcrumbList\",\"@id\":\"https:\\\/\\\/hoerske.de\\\/blog\\\/2015\\\/08\\\/schoenes-wetter-tolle-schiffe-leckere-pommes\\\/#breadcrumb\",\"itemListElement\":[{\"@type\":\"ListItem\",\"position\":1,\"name\":\"Startseite\",\"item\":\"https:\\\/\\\/hoerske.de\\\/blog\\\/\"},{\"@type\":\"ListItem\",\"position\":2,\"name\":\"Sch\u00f6nes Wetter, tolle Schiffe, leckere Pommes&#8230;\"}]},{\"@type\":\"WebSite\",\"@id\":\"https:\\\/\\\/hoerske.de\\\/blog\\\/#website\",\"url\":\"https:\\\/\\\/hoerske.de\\\/blog\\\/\",\"name\":\"Timos Blog\",\"description\":\"ego cogito, ergo sum\",\"publisher\":{\"@id\":\"https:\\\/\\\/hoerske.de\\\/blog\\\/#\\\/schema\\\/person\\\/20677cf2167fc7027b752c3bba78d5fc\"},\"potentialAction\":[{\"@type\":\"SearchAction\",\"target\":{\"@type\":\"EntryPoint\",\"urlTemplate\":\"https:\\\/\\\/hoerske.de\\\/blog\\\/?s={search_term_string}\"},\"query-input\":{\"@type\":\"PropertyValueSpecification\",\"valueRequired\":true,\"valueName\":\"search_term_string\"}}],\"inLanguage\":\"de\"},{\"@type\":[\"Person\",\"Organization\"],\"@id\":\"https:\\\/\\\/hoerske.de\\\/blog\\\/#\\\/schema\\\/person\\\/20677cf2167fc7027b752c3bba78d5fc\",\"name\":\"Timo H\u00f6rske\",\"image\":{\"@type\":\"ImageObject\",\"inLanguage\":\"de\",\"@id\":\"https:\\\/\\\/i0.wp.com\\\/hoerske.de\\\/blog\\\/wp-content\\\/uploads\\\/2023\\\/01\\\/16711213967602.jpg?fit=1024%2C954&ssl=1\",\"url\":\"https:\\\/\\\/i0.wp.com\\\/hoerske.de\\\/blog\\\/wp-content\\\/uploads\\\/2023\\\/01\\\/16711213967602.jpg?fit=1024%2C954&ssl=1\",\"contentUrl\":\"https:\\\/\\\/i0.wp.com\\\/hoerske.de\\\/blog\\\/wp-content\\\/uploads\\\/2023\\\/01\\\/16711213967602.jpg?fit=1024%2C954&ssl=1\",\"width\":1024,\"height\":954,\"caption\":\"Timo H\u00f6rske\"},\"logo\":{\"@id\":\"https:\\\/\\\/i0.wp.com\\\/hoerske.de\\\/blog\\\/wp-content\\\/uploads\\\/2023\\\/01\\\/16711213967602.jpg?fit=1024%2C954&ssl=1\"},\"description\":\"Jahrgang 1985, als \\\"Ossi\\\" geboren, im beschaulichen Premnitz an der Havel aufgewachsen. Natur- und Kunstliebhaber. Seit \u00fcber 10 Jahren Wahlbremerhavener, K\u00fcsten- und Windfan. So ziemlich an Allem interessiert. Schwerpunkte sind aber eindeutig Politik, Gesellschaft, Rechtswesen, Natur, Imkerei und Technik. Rotes Parteibuch, Mitglied des Jugendhilfeausschusses der Stadt Bremerhaven, Vorsitzender eines Kleing\u00e4rtnervereins, Fachberater f\u00fcr das Kleingartenwesen, Verbandschef der Bremerhavener Kleing\u00e4rtner*innen. Hobbyimker, Freizeitblogger, Techniknerd.\",\"sameAs\":[\"https:\\\/\\\/www.hoerske.de\\\/\",\"https:\\\/\\\/www.facebook.com\\\/timo.hoerske\",\"https:\\\/\\\/www.instagram.com\\\/thoerske\\\/\",\"https:\\\/\\\/x.com\\\/timo_hoerske\"],\"url\":\"https:\\\/\\\/hoerske.de\\\/blog\\\/author\\\/roter_admin\\\/\"}]}<\/script>\n<!-- \/ Yoast SEO Premium plugin. -->","yoast_head_json":{"title":"Sch\u00f6nes Wetter, tolle Schiffe, leckere Pommes... - Timos Paper","description":"... so in etwa klang meine Postkarte von der ersten Sail, die ich je mitgemacht habe. Das war 2005.Jetzt 2015 durfte ich bereits meine dritte Sail in Bremer","robots":{"index":"index","follow":"follow","max-snippet":"max-snippet:-1","max-image-preview":"max-image-preview:large","max-video-preview":"max-video-preview:-1"},"canonical":"https:\/\/hoerske.de\/blog\/2015\/08\/schoenes-wetter-tolle-schiffe-leckere-pommes\/","og_locale":"de_DE","og_type":"article","og_title":"Sch\u00f6nes Wetter, tolle Schiffe, leckere Pommes...","og_description":"... so in etwa klang meine Postkarte von der ersten Sail, die ich je mitgemacht habe. Das war 2005.Jetzt 2015 durfte ich bereits meine dritte Sail in Bremer","og_url":"https:\/\/hoerske.de\/blog\/2015\/08\/schoenes-wetter-tolle-schiffe-leckere-pommes\/","og_site_name":"Timos Paper","article_publisher":"https:\/\/www.facebook.com\/timo.hoerske","article_author":"https:\/\/www.facebook.com\/timo.hoerske","article_published_time":"2015-08-20T09:34:07+00:00","article_modified_time":"2017-02-16T17:51:47+00:00","og_image":[{"width":4864,"height":3648,"url":"https:\/\/i0.wp.com\/blog.hoerske.de\/wp-content\/uploads\/2015\/08\/Sail_2015_S_29.jpg?fit=4864%2C3648","type":"image\/jpeg"}],"author":"Timo H\u00f6rske","twitter_card":"summary_large_image","twitter_creator":"@timo_hoerske","twitter_site":"@timo_hoerske","twitter_misc":{"Verfasst von":"Timo H\u00f6rske","Gesch\u00e4tzte Lesezeit":"4\u00a0Minuten"},"schema":{"@context":"https:\/\/schema.org","@graph":[{"@type":"Article","@id":"https:\/\/hoerske.de\/blog\/2015\/08\/schoenes-wetter-tolle-schiffe-leckere-pommes\/#article","isPartOf":{"@id":"https:\/\/hoerske.de\/blog\/2015\/08\/schoenes-wetter-tolle-schiffe-leckere-pommes\/"},"author":{"name":"Timo H\u00f6rske","@id":"https:\/\/hoerske.de\/blog\/#\/schema\/person\/20677cf2167fc7027b752c3bba78d5fc"},"headline":"Sch\u00f6nes Wetter, tolle Schiffe, leckere Pommes&#8230;","datePublished":"2015-08-20T09:34:07+00:00","dateModified":"2017-02-16T17:51:47+00:00","mainEntityOfPage":{"@id":"https:\/\/hoerske.de\/blog\/2015\/08\/schoenes-wetter-tolle-schiffe-leckere-pommes\/"},"wordCount":739,"commentCount":0,"publisher":{"@id":"https:\/\/hoerske.de\/blog\/#\/schema\/person\/20677cf2167fc7027b752c3bba78d5fc"},"image":{"@id":"https:\/\/hoerske.de\/blog\/2015\/08\/schoenes-wetter-tolle-schiffe-leckere-pommes\/#primaryimage"},"thumbnailUrl":"https:\/\/i0.wp.com\/hoerske.de\/blog\/wp-content\/uploads\/2015\/08\/Sail_2015_S_29.jpg?fit=4864%2C3648&ssl=1","keywords":["Erlebnis","Essen","Genu\u00df","Sail"],"articleSection":["Kultur"],"inLanguage":"de","potentialAction":[{"@type":"CommentAction","name":"Comment","target":["https:\/\/hoerske.de\/blog\/2015\/08\/schoenes-wetter-tolle-schiffe-leckere-pommes\/#respond"]}]},{"@type":"WebPage","@id":"https:\/\/hoerske.de\/blog\/2015\/08\/schoenes-wetter-tolle-schiffe-leckere-pommes\/","url":"https:\/\/hoerske.de\/blog\/2015\/08\/schoenes-wetter-tolle-schiffe-leckere-pommes\/","name":"Sch\u00f6nes Wetter, tolle Schiffe, leckere Pommes... - Timos Paper","isPartOf":{"@id":"https:\/\/hoerske.de\/blog\/#website"},"primaryImageOfPage":{"@id":"https:\/\/hoerske.de\/blog\/2015\/08\/schoenes-wetter-tolle-schiffe-leckere-pommes\/#primaryimage"},"image":{"@id":"https:\/\/hoerske.de\/blog\/2015\/08\/schoenes-wetter-tolle-schiffe-leckere-pommes\/#primaryimage"},"thumbnailUrl":"https:\/\/i0.wp.com\/hoerske.de\/blog\/wp-content\/uploads\/2015\/08\/Sail_2015_S_29.jpg?fit=4864%2C3648&ssl=1","datePublished":"2015-08-20T09:34:07+00:00","dateModified":"2017-02-16T17:51:47+00:00","description":"... so in etwa klang meine Postkarte von der ersten Sail, die ich je mitgemacht habe. Das war 2005.Jetzt 2015 durfte ich bereits meine dritte Sail in Bremer","breadcrumb":{"@id":"https:\/\/hoerske.de\/blog\/2015\/08\/schoenes-wetter-tolle-schiffe-leckere-pommes\/#breadcrumb"},"inLanguage":"de","potentialAction":[{"@type":"ReadAction","target":["https:\/\/hoerske.de\/blog\/2015\/08\/schoenes-wetter-tolle-schiffe-leckere-pommes\/"]}]},{"@type":"ImageObject","inLanguage":"de","@id":"https:\/\/hoerske.de\/blog\/2015\/08\/schoenes-wetter-tolle-schiffe-leckere-pommes\/#primaryimage","url":"https:\/\/i0.wp.com\/hoerske.de\/blog\/wp-content\/uploads\/2015\/08\/Sail_2015_S_29.jpg?fit=4864%2C3648&ssl=1","contentUrl":"https:\/\/i0.wp.com\/hoerske.de\/blog\/wp-content\/uploads\/2015\/08\/Sail_2015_S_29.jpg?fit=4864%2C3648&ssl=1","width":4864,"height":3648},{"@type":"BreadcrumbList","@id":"https:\/\/hoerske.de\/blog\/2015\/08\/schoenes-wetter-tolle-schiffe-leckere-pommes\/#breadcrumb","itemListElement":[{"@type":"ListItem","position":1,"name":"Startseite","item":"https:\/\/hoerske.de\/blog\/"},{"@type":"ListItem","position":2,"name":"Sch\u00f6nes Wetter, tolle Schiffe, leckere Pommes&#8230;"}]},{"@type":"WebSite","@id":"https:\/\/hoerske.de\/blog\/#website","url":"https:\/\/hoerske.de\/blog\/","name":"Timos Blog","description":"ego cogito, ergo sum","publisher":{"@id":"https:\/\/hoerske.de\/blog\/#\/schema\/person\/20677cf2167fc7027b752c3bba78d5fc"},"potentialAction":[{"@type":"SearchAction","target":{"@type":"EntryPoint","urlTemplate":"https:\/\/hoerske.de\/blog\/?s={search_term_string}"},"query-input":{"@type":"PropertyValueSpecification","valueRequired":true,"valueName":"search_term_string"}}],"inLanguage":"de"},{"@type":["Person","Organization"],"@id":"https:\/\/hoerske.de\/blog\/#\/schema\/person\/20677cf2167fc7027b752c3bba78d5fc","name":"Timo H\u00f6rske","image":{"@type":"ImageObject","inLanguage":"de","@id":"https:\/\/i0.wp.com\/hoerske.de\/blog\/wp-content\/uploads\/2023\/01\/16711213967602.jpg?fit=1024%2C954&ssl=1","url":"https:\/\/i0.wp.com\/hoerske.de\/blog\/wp-content\/uploads\/2023\/01\/16711213967602.jpg?fit=1024%2C954&ssl=1","contentUrl":"https:\/\/i0.wp.com\/hoerske.de\/blog\/wp-content\/uploads\/2023\/01\/16711213967602.jpg?fit=1024%2C954&ssl=1","width":1024,"height":954,"caption":"Timo H\u00f6rske"},"logo":{"@id":"https:\/\/i0.wp.com\/hoerske.de\/blog\/wp-content\/uploads\/2023\/01\/16711213967602.jpg?fit=1024%2C954&ssl=1"},"description":"Jahrgang 1985, als \"Ossi\" geboren, im beschaulichen Premnitz an der Havel aufgewachsen. Natur- und Kunstliebhaber. Seit \u00fcber 10 Jahren Wahlbremerhavener, K\u00fcsten- und Windfan. So ziemlich an Allem interessiert. Schwerpunkte sind aber eindeutig Politik, Gesellschaft, Rechtswesen, Natur, Imkerei und Technik. Rotes Parteibuch, Mitglied des Jugendhilfeausschusses der Stadt Bremerhaven, Vorsitzender eines Kleing\u00e4rtnervereins, Fachberater f\u00fcr das Kleingartenwesen, Verbandschef der Bremerhavener Kleing\u00e4rtner*innen. Hobbyimker, Freizeitblogger, Techniknerd.","sameAs":["https:\/\/www.hoerske.de\/","https:\/\/www.facebook.com\/timo.hoerske","https:\/\/www.instagram.com\/thoerske\/","https:\/\/x.com\/timo_hoerske"],"url":"https:\/\/hoerske.de\/blog\/author\/roter_admin\/"}]}},"jetpack_publicize_connections":[],"jetpack_featured_media_url":"https:\/\/i0.wp.com\/hoerske.de\/blog\/wp-content\/uploads\/2015\/08\/Sail_2015_S_29.jpg?fit=4864%2C3648&ssl=1","jetpack_shortlink":"https:\/\/wp.me\/p4W3ht-9M","jetpack_sharing_enabled":true,"_links":{"self":[{"href":"https:\/\/hoerske.de\/blog\/wp-json\/wp\/v2\/posts\/606","targetHints":{"allow":["GET"]}}],"collection":[{"href":"https:\/\/hoerske.de\/blog\/wp-json\/wp\/v2\/posts"}],"about":[{"href":"https:\/\/hoerske.de\/blog\/wp-json\/wp\/v2\/types\/post"}],"author":[{"embeddable":true,"href":"https:\/\/hoerske.de\/blog\/wp-json\/wp\/v2\/users\/1"}],"replies":[{"embeddable":true,"href":"https:\/\/hoerske.de\/blog\/wp-json\/wp\/v2\/comments?post=606"}],"version-history":[{"count":0,"href":"https:\/\/hoerske.de\/blog\/wp-json\/wp\/v2\/posts\/606\/revisions"}],"wp:featuredmedia":[{"embeddable":true,"href":"https:\/\/hoerske.de\/blog\/wp-json\/wp\/v2\/media\/601"}],"wp:attachment":[{"href":"https:\/\/hoerske.de\/blog\/wp-json\/wp\/v2\/media?parent=606"}],"wp:term":[{"taxonomy":"category","embeddable":true,"href":"https:\/\/hoerske.de\/blog\/wp-json\/wp\/v2\/categories?post=606"},{"taxonomy":"post_tag","embeddable":true,"href":"https:\/\/hoerske.de\/blog\/wp-json\/wp\/v2\/tags?post=606"}],"curies":[{"name":"wp","href":"https:\/\/api.w.org\/{rel}","templated":true}]}}