{"id":6045,"date":"2019-07-02T14:00:00","date_gmt":"2019-07-02T12:00:00","guid":{"rendered":"https:\/\/www.hoerske.de\/?p=6045"},"modified":"2019-07-02T13:21:14","modified_gmt":"2019-07-02T11:21:14","slug":"bienentagebuch-teil-3-honigraum-und-fleissige-bienchen","status":"publish","type":"post","link":"https:\/\/hoerske.de\/blog\/2019\/07\/bienentagebuch-teil-3-honigraum-und-fleissige-bienchen\/","title":{"rendered":"Bienentagebuch &#8211; Teil 3: Honigraum und flei\u00dfige Bienchen"},"content":{"rendered":"\n<p>Drei Wochen steht das Jungvolk nun bereits in unserer Kleingartenanlage. Entsprechend war am Sonntag die dritte Durchsicht auf der Tagesordnung. Es l\u00e4sst sich nicht verleugnen: Die Bienen f\u00fchlen sich wohl bei uns. Volle Brutwaben ((Waben mit verdeckelten Bienenlarven, dem letzten Stadium vor dem Schlupf der Jungbienen)), Pollen und frischer Nektar sind eingetragen und die erste, untere Zarge ((eine Etage in einer Magazinbeute)) ist komplett ausgebaut. <\/p>\n\n\n\n<h3 class=\"wp-block-heading\">flei\u00dfige Bienchen<\/h3>\n\n\n\n<p>Nach meiner anf\u00e4nglicher Skepsis, ob die Eingew\u00f6hnung schnell genug gehen w\u00fcrde, durften wir am Wochenende feststellen, dass die Damen unseres Bienenstockes richtig flei\u00dfig waren. Unser Volk hat eine sehr flei\u00dfige und reproduktionsfreudige K\u00f6nigin. Denn es gab viel neue Brut in allen Entwicklungsstufen zu sehen. Am Flugloch war richtig was los in dieser Woche. <\/p>\n\n\n\n<figure class=\"wp-block-video\"><video height=\"720\" style=\"aspect-ratio: 720 \/ 720;\" width=\"720\" controls src=\"https:\/\/www.hoerske.de\/blog\/wp-content\/uploads\/2019\/07\/VID_349841217_105012_232.mp4\"><\/video><\/figure>\n\n\n\n<h3 class=\"wp-block-heading\">reichlich Tracht<\/h3>\n\n\n\n<div class=\"wp-block-image\"><figure class=\"alignleft size-large is-resized\"><img loading=\"lazy\" decoding=\"async\" src=\"https:\/\/i0.wp.com\/www.hoerske.de\/blog\/wp-content\/uploads\/2019\/07\/flei\u00dfige_bienchen-1.jpg?fit=810%2C608&amp;ssl=1\" alt=\"Bienenbetrieb am Flugloch\" class=\"wp-image-6068\" width=\"405\" height=\"304\" srcset=\"https:\/\/i0.wp.com\/hoerske.de\/blog\/wp-content\/uploads\/2019\/07\/flei%C3%9Fige_bienchen-1.jpg?w=1333&amp;ssl=1 1333w, https:\/\/i0.wp.com\/hoerske.de\/blog\/wp-content\/uploads\/2019\/07\/flei%C3%9Fige_bienchen-1.jpg?resize=300%2C225&amp;ssl=1 300w, https:\/\/i0.wp.com\/hoerske.de\/blog\/wp-content\/uploads\/2019\/07\/flei%C3%9Fige_bienchen-1.jpg?resize=768%2C576&amp;ssl=1 768w, https:\/\/i0.wp.com\/hoerske.de\/blog\/wp-content\/uploads\/2019\/07\/flei%C3%9Fige_bienchen-1.jpg?resize=1024%2C768&amp;ssl=1 1024w, https:\/\/i0.wp.com\/hoerske.de\/blog\/wp-content\/uploads\/2019\/07\/flei%C3%9Fige_bienchen-1.jpg?resize=360%2C270&amp;ssl=1 360w, https:\/\/i0.wp.com\/hoerske.de\/blog\/wp-content\/uploads\/2019\/07\/flei%C3%9Fige_bienchen-1.jpg?resize=80%2C60&amp;ssl=1 80w, https:\/\/i0.wp.com\/hoerske.de\/blog\/wp-content\/uploads\/2019\/07\/flei%C3%9Fige_bienchen-1.jpg?resize=928%2C696&amp;ssl=1 928w\" sizes=\"auto, (max-width: 405px) 100vw, 405px\" \/><figcaption>Flei\u00dfige Bienen am Flugloch<\/figcaption><\/figure><\/div>\n\n\n\n<p>Es gab in der vergangenen Woche einen vermehrten Eintrag von Nektar und viele Bienen mit Pollens\u00e4cken am Flugloch. Anhand der<a href=\"http:\/\/www.kalcool.com\/imker\/pollenfarben1.html\"> Farbe des Pollens<\/a> kann man sehen, was die Bienen eintragen. Aktuell ist es viel Sonnenblumen- und Lindenpollen.  Am Rande unserer Anlage fangen die Linden an zu bl\u00fchen und die Tracht ((Gesamtheit des zur Verf\u00fcgung stehenden Nahrungsangebotes aus Pollen und Nektar)) scheint unseren Bienen also zu schmecken. Wenn das Wetter so bleibt, wie in der letzten Woche, und dazu vielleicht ein bisschen Regen kommt, dann sieht es laut unserer Imker-Patin Ivonne gut aus f\u00fcr den ersten eigenen Honig in dieser Saison. <\/p>\n\n\n\n<h3 class=\"wp-block-heading\">Honigraum angelegt<\/h3>\n\n\n\n<p>Urspr\u00fcnglich hatten wir geplant den Rest der Saison dazu zu nutzen das Volk auf zwei Brutzargen auszubauen. Der aktuelle Zustand des Trachtangebotes und die Tatsache, dass die Damen aktuell anfangen die Drohnen aus dem Stock zu schmei\u00dfen, war f\u00fcr uns Grund genug aus der zweiten Brutzarge doch noch einen Honigraum zu machen. <\/p>\n\n\n\n<div class=\"wp-block-image\"><figure class=\"alignleft size-large is-resized\"><img loading=\"lazy\" decoding=\"async\" src=\"https:\/\/i1.wp.com\/www.hoerske.de\/blog\/wp-content\/uploads\/2019\/07\/20190630_1017212.jpg?fit=810%2C608&amp;ssl=1\" alt=\"Bienen beim Aufsammeln von Honig\" class=\"wp-image-6071\" width=\"405\" height=\"304\" srcset=\"https:\/\/i0.wp.com\/hoerske.de\/blog\/wp-content\/uploads\/2019\/07\/20190630_1017212.jpg?w=4608&amp;ssl=1 4608w, https:\/\/i0.wp.com\/hoerske.de\/blog\/wp-content\/uploads\/2019\/07\/20190630_1017212.jpg?resize=300%2C225&amp;ssl=1 300w, https:\/\/i0.wp.com\/hoerske.de\/blog\/wp-content\/uploads\/2019\/07\/20190630_1017212.jpg?resize=768%2C576&amp;ssl=1 768w, https:\/\/i0.wp.com\/hoerske.de\/blog\/wp-content\/uploads\/2019\/07\/20190630_1017212.jpg?resize=1024%2C768&amp;ssl=1 1024w, https:\/\/i0.wp.com\/hoerske.de\/blog\/wp-content\/uploads\/2019\/07\/20190630_1017212.jpg?resize=360%2C270&amp;ssl=1 360w, https:\/\/i0.wp.com\/hoerske.de\/blog\/wp-content\/uploads\/2019\/07\/20190630_1017212.jpg?resize=80%2C60&amp;ssl=1 80w, https:\/\/i0.wp.com\/hoerske.de\/blog\/wp-content\/uploads\/2019\/07\/20190630_1017212.jpg?resize=928%2C696&amp;ssl=1 928w, https:\/\/i0.wp.com\/hoerske.de\/blog\/wp-content\/uploads\/2019\/07\/20190630_1017212.jpg?resize=1920%2C1440&amp;ssl=1 1920w, https:\/\/i0.wp.com\/hoerske.de\/blog\/wp-content\/uploads\/2019\/07\/20190630_1017212.jpg?w=1680&amp;ssl=1 1680w, https:\/\/i0.wp.com\/hoerske.de\/blog\/wp-content\/uploads\/2019\/07\/20190630_1017212.jpg?w=2520&amp;ssl=1 2520w\" sizes=\"auto, (max-width: 405px) 100vw, 405px\" \/><figcaption>Die Gartenbienen sammel eifrig den versch\u00fctteten Honig auf.<\/figcaption><\/figure><\/div>\n\n\n\n<p>Die Zarge stand nun schon zwei Wochen auf dem Brutraum und wurde von den Bienen dank Zuf\u00fctterung beim schlechten Wetter vor zwei Wochen gut angenommen. Ein Teil der Mittelw\u00e4nde sind bereits ausgebaut und mit Nektar bef\u00fcllt. Nach der Durchsicht auf Stifte ((Eier der Bienen)) &#8211; es waren keine vorhanden -, haben wir die R\u00e4hmchen durch Abschlagen von den anhaftenden Bienen befreit. Danach wurden die beiden Zargen durch ein Absperrgitter getrennt. Durch das Abschlagen gab es eine kleine Sauerei mit dem frischen Honig. Kein Problem bei flei\u00dfigen Bienen, die haben den Honig fein wieder eingesammelt. <\/p>\n\n\n\n<p>Das Absperrgitter l\u00e4sst Arbeiterinnen durch, verhindert aber dass die K\u00f6nigin den Honigraum betreten kann um Eier abzulegen. Dadurch wird verhindert, dass im Honigraum Brutwaben entstehen. Dies ist eine Grundvorraussetzung f\u00fcr die sp\u00e4tere Honiggewinnung. <\/p>\n\n\n\n<h3 class=\"wp-block-heading\">jetzt hei\u00dft es warten und weiter beobachten<\/h3>\n\n\n\n<p>Unsere Beute hat nun also einen Hochboden, eine Brutzarge und einen Honigraum. Nun hei\u00dft es nur noch abwarten. Regelm\u00e4\u00dfige Kontrollen durchf\u00fchren und wenn alles klappt, wie geplant, dann k\u00f6nnte es Mitte August den ersten Honig der Gartenbienen geben.  <\/p>\n\n\n\n<h2 class=\"wp-block-heading\">Off-Topic<\/h2>\n\n\n\n<p>Nach einer Textanalyse ist dieser Text zu 43% subjektiv, die wichtigsten Worte sind:&nbsp;<em>Bienen, Honigraum, Beute, Kleingartenanlage, Absperrgitter, Brutzarge<\/em><\/p>\n\n\n\n<p>Ein Computer w\u00fcrde diesen Text der Kategorie <a href=\"https:\/\/www.hoerske.de\/blog\/kategorien\/garten\/\">Garten<\/a> zu ordnen.<\/p>\n","protected":false},"excerpt":{"rendered":"<p>Drei Wochen steht das Jungvolk nun bereits in unserer Kleingartenanlage. Entsprechend war am Sonntag die dritte Durchsicht auf der Tagesordnung. Es l\u00e4sst sich nicht verleugnen: Die Bienen f\u00fchlen sich wohl bei uns. Volle Brutwaben, Pollen und frischer Nektar sind eingetragen und die erste, untere Zarge ist komplett ausgebaut. <\/p>\n","protected":false},"author":1,"featured_media":6080,"comment_status":"open","ping_status":"open","sticky":false,"template":"","format":"standard","meta":{"jetpack_post_was_ever_published":false,"_jetpack_newsletter_access":"","_jetpack_dont_email_post_to_subs":false,"_jetpack_newsletter_tier_id":0,"_jetpack_memberships_contains_paywalled_content":false,"_jetpack_memberships_contains_paid_content":false,"footnotes":"","jetpack_publicize_message":"","jetpack_publicize_feature_enabled":true,"jetpack_social_post_already_shared":false,"jetpack_social_options":{"image_generator_settings":{"template":"highway","default_image_id":0,"font":"","enabled":false},"version":2},"_wpas_customize_per_network":false},"categories":[2168,2935,606,1],"tags":[2979,2885,2436,2982,2980,2981],"class_list":["post-6045","post","type-post","status-publish","format-standard","has-post-thumbnail","hentry","category-2168","category-bienentagebuch","category-garten","category-hobbies","tag-absperrgitter","tag-beute","tag-bienen","tag-brutzarge","tag-honigraum","tag-kleingartenanlage"],"yoast_head":"<!-- This site is optimized with the Yoast SEO Premium plugin v27.3 (Yoast SEO v27.3) - https:\/\/yoast.com\/product\/yoast-seo-premium-wordpress\/ -->\n<title>Bienentagebuch - Teil 3: Honigraum und flei\u00dfige Bienchen - Timos Paper<\/title>\n<meta name=\"robots\" content=\"index, follow, max-snippet:-1, max-image-preview:large, max-video-preview:-1\" \/>\n<link rel=\"canonical\" href=\"https:\/\/hoerske.de\/blog\/2019\/07\/bienentagebuch-teil-3-honigraum-und-fleissige-bienchen\/\" \/>\n<meta property=\"og:locale\" content=\"de_DE\" \/>\n<meta property=\"og:type\" content=\"article\" \/>\n<meta property=\"og:title\" content=\"Bienentagebuch - Teil 3: Honigraum und flei\u00dfige Bienchen\" \/>\n<meta property=\"og:description\" content=\"Drei Wochen steht das Jungvolk nun bereits in unserer Kleingartenanlage. Entsprechend war am Sonntag die dritte Durchsicht auf der Tagesordnung. Es l\u00e4sst sich nicht verleugnen: Die Bienen f\u00fchlen sich wohl bei uns. Volle Brutwaben, Pollen und frischer Nektar sind eingetragen und die erste, untere Zarge ist komplett ausgebaut.\" \/>\n<meta property=\"og:url\" content=\"https:\/\/hoerske.de\/blog\/2019\/07\/bienentagebuch-teil-3-honigraum-und-fleissige-bienchen\/\" \/>\n<meta property=\"og:site_name\" content=\"Timos Paper\" \/>\n<meta property=\"article:publisher\" content=\"https:\/\/www.facebook.com\/timo.hoerske\" \/>\n<meta property=\"article:author\" content=\"https:\/\/www.facebook.com\/timo.hoerske\" \/>\n<meta property=\"article:published_time\" content=\"2019-07-02T12:00:00+00:00\" \/>\n<meta property=\"og:image\" content=\"https:\/\/i0.wp.com\/blog.hoerske.de\/wp-content\/uploads\/2019\/07\/Humble-honey-blog.png?fit=1200%2C675\" \/>\n\t<meta property=\"og:image:width\" content=\"1200\" \/>\n\t<meta property=\"og:image:height\" content=\"675\" \/>\n\t<meta property=\"og:image:type\" content=\"image\/png\" \/>\n<meta name=\"author\" content=\"Timo H\u00f6rske\" \/>\n<meta name=\"twitter:card\" content=\"summary_large_image\" \/>\n<meta name=\"twitter:creator\" content=\"@timo_hoerske\" \/>\n<meta name=\"twitter:site\" content=\"@timo_hoerske\" \/>\n<meta name=\"twitter:label1\" content=\"Verfasst von\" \/>\n\t<meta name=\"twitter:data1\" content=\"Timo H\u00f6rske\" \/>\n\t<meta name=\"twitter:label2\" content=\"Gesch\u00e4tzte Lesezeit\" \/>\n\t<meta name=\"twitter:data2\" content=\"3\u00a0Minuten\" \/>\n<script type=\"application\/ld+json\" class=\"yoast-schema-graph\">{\"@context\":\"https:\\\/\\\/schema.org\",\"@graph\":[{\"@type\":\"Article\",\"@id\":\"https:\\\/\\\/hoerske.de\\\/blog\\\/2019\\\/07\\\/bienentagebuch-teil-3-honigraum-und-fleissige-bienchen\\\/#article\",\"isPartOf\":{\"@id\":\"https:\\\/\\\/hoerske.de\\\/blog\\\/2019\\\/07\\\/bienentagebuch-teil-3-honigraum-und-fleissige-bienchen\\\/\"},\"author\":{\"name\":\"Timo H\u00f6rske\",\"@id\":\"https:\\\/\\\/hoerske.de\\\/blog\\\/#\\\/schema\\\/person\\\/20677cf2167fc7027b752c3bba78d5fc\"},\"headline\":\"Bienentagebuch &#8211; Teil 3: Honigraum und flei\u00dfige Bienchen\",\"datePublished\":\"2019-07-02T12:00:00+00:00\",\"mainEntityOfPage\":{\"@id\":\"https:\\\/\\\/hoerske.de\\\/blog\\\/2019\\\/07\\\/bienentagebuch-teil-3-honigraum-und-fleissige-bienchen\\\/\"},\"wordCount\":531,\"commentCount\":0,\"publisher\":{\"@id\":\"https:\\\/\\\/hoerske.de\\\/blog\\\/#\\\/schema\\\/person\\\/20677cf2167fc7027b752c3bba78d5fc\"},\"image\":{\"@id\":\"https:\\\/\\\/hoerske.de\\\/blog\\\/2019\\\/07\\\/bienentagebuch-teil-3-honigraum-und-fleissige-bienchen\\\/#primaryimage\"},\"thumbnailUrl\":\"https:\\\/\\\/i0.wp.com\\\/hoerske.de\\\/blog\\\/wp-content\\\/uploads\\\/2019\\\/07\\\/Humble-honey-blog.png?fit=1200%2C675&ssl=1\",\"keywords\":[\"Absperrgitter\",\"Beute\",\"Bienen\",\"Brutzarge\",\"Honigraum\",\"Kleingartenanlage\"],\"articleSection\":[\"2019\",\"Bienentagebuch\",\"Garten\",\"Hobbies\"],\"inLanguage\":\"de\",\"potentialAction\":[{\"@type\":\"CommentAction\",\"name\":\"Comment\",\"target\":[\"https:\\\/\\\/hoerske.de\\\/blog\\\/2019\\\/07\\\/bienentagebuch-teil-3-honigraum-und-fleissige-bienchen\\\/#respond\"]}]},{\"@type\":\"WebPage\",\"@id\":\"https:\\\/\\\/hoerske.de\\\/blog\\\/2019\\\/07\\\/bienentagebuch-teil-3-honigraum-und-fleissige-bienchen\\\/\",\"url\":\"https:\\\/\\\/hoerske.de\\\/blog\\\/2019\\\/07\\\/bienentagebuch-teil-3-honigraum-und-fleissige-bienchen\\\/\",\"name\":\"Bienentagebuch - Teil 3: Honigraum und flei\u00dfige Bienchen - Timos Paper\",\"isPartOf\":{\"@id\":\"https:\\\/\\\/hoerske.de\\\/blog\\\/#website\"},\"primaryImageOfPage\":{\"@id\":\"https:\\\/\\\/hoerske.de\\\/blog\\\/2019\\\/07\\\/bienentagebuch-teil-3-honigraum-und-fleissige-bienchen\\\/#primaryimage\"},\"image\":{\"@id\":\"https:\\\/\\\/hoerske.de\\\/blog\\\/2019\\\/07\\\/bienentagebuch-teil-3-honigraum-und-fleissige-bienchen\\\/#primaryimage\"},\"thumbnailUrl\":\"https:\\\/\\\/i0.wp.com\\\/hoerske.de\\\/blog\\\/wp-content\\\/uploads\\\/2019\\\/07\\\/Humble-honey-blog.png?fit=1200%2C675&ssl=1\",\"datePublished\":\"2019-07-02T12:00:00+00:00\",\"breadcrumb\":{\"@id\":\"https:\\\/\\\/hoerske.de\\\/blog\\\/2019\\\/07\\\/bienentagebuch-teil-3-honigraum-und-fleissige-bienchen\\\/#breadcrumb\"},\"inLanguage\":\"de\",\"potentialAction\":[{\"@type\":\"ReadAction\",\"target\":[\"https:\\\/\\\/hoerske.de\\\/blog\\\/2019\\\/07\\\/bienentagebuch-teil-3-honigraum-und-fleissige-bienchen\\\/\"]}]},{\"@type\":\"ImageObject\",\"inLanguage\":\"de\",\"@id\":\"https:\\\/\\\/hoerske.de\\\/blog\\\/2019\\\/07\\\/bienentagebuch-teil-3-honigraum-und-fleissige-bienchen\\\/#primaryimage\",\"url\":\"https:\\\/\\\/i0.wp.com\\\/hoerske.de\\\/blog\\\/wp-content\\\/uploads\\\/2019\\\/07\\\/Humble-honey-blog.png?fit=1200%2C675&ssl=1\",\"contentUrl\":\"https:\\\/\\\/i0.wp.com\\\/hoerske.de\\\/blog\\\/wp-content\\\/uploads\\\/2019\\\/07\\\/Humble-honey-blog.png?fit=1200%2C675&ssl=1\",\"width\":1200,\"height\":675,\"caption\":\"Betrieb am Flugloch\"},{\"@type\":\"BreadcrumbList\",\"@id\":\"https:\\\/\\\/hoerske.de\\\/blog\\\/2019\\\/07\\\/bienentagebuch-teil-3-honigraum-und-fleissige-bienchen\\\/#breadcrumb\",\"itemListElement\":[{\"@type\":\"ListItem\",\"position\":1,\"name\":\"Startseite\",\"item\":\"https:\\\/\\\/hoerske.de\\\/blog\\\/\"},{\"@type\":\"ListItem\",\"position\":2,\"name\":\"Bienentagebuch &#8211; Teil 3: Honigraum und flei\u00dfige Bienchen\"}]},{\"@type\":\"WebSite\",\"@id\":\"https:\\\/\\\/hoerske.de\\\/blog\\\/#website\",\"url\":\"https:\\\/\\\/hoerske.de\\\/blog\\\/\",\"name\":\"Timos Blog\",\"description\":\"ego cogito, ergo sum\",\"publisher\":{\"@id\":\"https:\\\/\\\/hoerske.de\\\/blog\\\/#\\\/schema\\\/person\\\/20677cf2167fc7027b752c3bba78d5fc\"},\"potentialAction\":[{\"@type\":\"SearchAction\",\"target\":{\"@type\":\"EntryPoint\",\"urlTemplate\":\"https:\\\/\\\/hoerske.de\\\/blog\\\/?s={search_term_string}\"},\"query-input\":{\"@type\":\"PropertyValueSpecification\",\"valueRequired\":true,\"valueName\":\"search_term_string\"}}],\"inLanguage\":\"de\"},{\"@type\":[\"Person\",\"Organization\"],\"@id\":\"https:\\\/\\\/hoerske.de\\\/blog\\\/#\\\/schema\\\/person\\\/20677cf2167fc7027b752c3bba78d5fc\",\"name\":\"Timo H\u00f6rske\",\"image\":{\"@type\":\"ImageObject\",\"inLanguage\":\"de\",\"@id\":\"https:\\\/\\\/i0.wp.com\\\/hoerske.de\\\/blog\\\/wp-content\\\/uploads\\\/2023\\\/01\\\/16711213967602.jpg?fit=1024%2C954&ssl=1\",\"url\":\"https:\\\/\\\/i0.wp.com\\\/hoerske.de\\\/blog\\\/wp-content\\\/uploads\\\/2023\\\/01\\\/16711213967602.jpg?fit=1024%2C954&ssl=1\",\"contentUrl\":\"https:\\\/\\\/i0.wp.com\\\/hoerske.de\\\/blog\\\/wp-content\\\/uploads\\\/2023\\\/01\\\/16711213967602.jpg?fit=1024%2C954&ssl=1\",\"width\":1024,\"height\":954,\"caption\":\"Timo H\u00f6rske\"},\"logo\":{\"@id\":\"https:\\\/\\\/i0.wp.com\\\/hoerske.de\\\/blog\\\/wp-content\\\/uploads\\\/2023\\\/01\\\/16711213967602.jpg?fit=1024%2C954&ssl=1\"},\"description\":\"Jahrgang 1985, als \\\"Ossi\\\" geboren, im beschaulichen Premnitz an der Havel aufgewachsen. Natur- und Kunstliebhaber. Seit \u00fcber 10 Jahren Wahlbremerhavener, K\u00fcsten- und Windfan. So ziemlich an Allem interessiert. Schwerpunkte sind aber eindeutig Politik, Gesellschaft, Rechtswesen, Natur, Imkerei und Technik. Rotes Parteibuch, Mitglied des Jugendhilfeausschusses der Stadt Bremerhaven, Vorsitzender eines Kleing\u00e4rtnervereins, Fachberater f\u00fcr das Kleingartenwesen, Verbandschef der Bremerhavener Kleing\u00e4rtner*innen. Hobbyimker, Freizeitblogger, Techniknerd.\",\"sameAs\":[\"https:\\\/\\\/www.hoerske.de\\\/\",\"https:\\\/\\\/www.facebook.com\\\/timo.hoerske\",\"https:\\\/\\\/www.instagram.com\\\/thoerske\\\/\",\"https:\\\/\\\/x.com\\\/timo_hoerske\"],\"url\":\"https:\\\/\\\/hoerske.de\\\/blog\\\/author\\\/roter_admin\\\/\"}]}<\/script>\n<!-- \/ Yoast SEO Premium plugin. -->","yoast_head_json":{"title":"Bienentagebuch - Teil 3: Honigraum und flei\u00dfige Bienchen - Timos Paper","robots":{"index":"index","follow":"follow","max-snippet":"max-snippet:-1","max-image-preview":"max-image-preview:large","max-video-preview":"max-video-preview:-1"},"canonical":"https:\/\/hoerske.de\/blog\/2019\/07\/bienentagebuch-teil-3-honigraum-und-fleissige-bienchen\/","og_locale":"de_DE","og_type":"article","og_title":"Bienentagebuch - Teil 3: Honigraum und flei\u00dfige Bienchen","og_description":"Drei Wochen steht das Jungvolk nun bereits in unserer Kleingartenanlage. Entsprechend war am Sonntag die dritte Durchsicht auf der Tagesordnung. Es l\u00e4sst sich nicht verleugnen: Die Bienen f\u00fchlen sich wohl bei uns. Volle Brutwaben, Pollen und frischer Nektar sind eingetragen und die erste, untere Zarge ist komplett ausgebaut.","og_url":"https:\/\/hoerske.de\/blog\/2019\/07\/bienentagebuch-teil-3-honigraum-und-fleissige-bienchen\/","og_site_name":"Timos Paper","article_publisher":"https:\/\/www.facebook.com\/timo.hoerske","article_author":"https:\/\/www.facebook.com\/timo.hoerske","article_published_time":"2019-07-02T12:00:00+00:00","og_image":[{"width":1200,"height":675,"url":"https:\/\/i0.wp.com\/blog.hoerske.de\/wp-content\/uploads\/2019\/07\/Humble-honey-blog.png?fit=1200%2C675","type":"image\/png"}],"author":"Timo H\u00f6rske","twitter_card":"summary_large_image","twitter_creator":"@timo_hoerske","twitter_site":"@timo_hoerske","twitter_misc":{"Verfasst von":"Timo H\u00f6rske","Gesch\u00e4tzte Lesezeit":"3\u00a0Minuten"},"schema":{"@context":"https:\/\/schema.org","@graph":[{"@type":"Article","@id":"https:\/\/hoerske.de\/blog\/2019\/07\/bienentagebuch-teil-3-honigraum-und-fleissige-bienchen\/#article","isPartOf":{"@id":"https:\/\/hoerske.de\/blog\/2019\/07\/bienentagebuch-teil-3-honigraum-und-fleissige-bienchen\/"},"author":{"name":"Timo H\u00f6rske","@id":"https:\/\/hoerske.de\/blog\/#\/schema\/person\/20677cf2167fc7027b752c3bba78d5fc"},"headline":"Bienentagebuch &#8211; Teil 3: Honigraum und flei\u00dfige Bienchen","datePublished":"2019-07-02T12:00:00+00:00","mainEntityOfPage":{"@id":"https:\/\/hoerske.de\/blog\/2019\/07\/bienentagebuch-teil-3-honigraum-und-fleissige-bienchen\/"},"wordCount":531,"commentCount":0,"publisher":{"@id":"https:\/\/hoerske.de\/blog\/#\/schema\/person\/20677cf2167fc7027b752c3bba78d5fc"},"image":{"@id":"https:\/\/hoerske.de\/blog\/2019\/07\/bienentagebuch-teil-3-honigraum-und-fleissige-bienchen\/#primaryimage"},"thumbnailUrl":"https:\/\/i0.wp.com\/hoerske.de\/blog\/wp-content\/uploads\/2019\/07\/Humble-honey-blog.png?fit=1200%2C675&ssl=1","keywords":["Absperrgitter","Beute","Bienen","Brutzarge","Honigraum","Kleingartenanlage"],"articleSection":["2019","Bienentagebuch","Garten","Hobbies"],"inLanguage":"de","potentialAction":[{"@type":"CommentAction","name":"Comment","target":["https:\/\/hoerske.de\/blog\/2019\/07\/bienentagebuch-teil-3-honigraum-und-fleissige-bienchen\/#respond"]}]},{"@type":"WebPage","@id":"https:\/\/hoerske.de\/blog\/2019\/07\/bienentagebuch-teil-3-honigraum-und-fleissige-bienchen\/","url":"https:\/\/hoerske.de\/blog\/2019\/07\/bienentagebuch-teil-3-honigraum-und-fleissige-bienchen\/","name":"Bienentagebuch - Teil 3: Honigraum und flei\u00dfige Bienchen - Timos Paper","isPartOf":{"@id":"https:\/\/hoerske.de\/blog\/#website"},"primaryImageOfPage":{"@id":"https:\/\/hoerske.de\/blog\/2019\/07\/bienentagebuch-teil-3-honigraum-und-fleissige-bienchen\/#primaryimage"},"image":{"@id":"https:\/\/hoerske.de\/blog\/2019\/07\/bienentagebuch-teil-3-honigraum-und-fleissige-bienchen\/#primaryimage"},"thumbnailUrl":"https:\/\/i0.wp.com\/hoerske.de\/blog\/wp-content\/uploads\/2019\/07\/Humble-honey-blog.png?fit=1200%2C675&ssl=1","datePublished":"2019-07-02T12:00:00+00:00","breadcrumb":{"@id":"https:\/\/hoerske.de\/blog\/2019\/07\/bienentagebuch-teil-3-honigraum-und-fleissige-bienchen\/#breadcrumb"},"inLanguage":"de","potentialAction":[{"@type":"ReadAction","target":["https:\/\/hoerske.de\/blog\/2019\/07\/bienentagebuch-teil-3-honigraum-und-fleissige-bienchen\/"]}]},{"@type":"ImageObject","inLanguage":"de","@id":"https:\/\/hoerske.de\/blog\/2019\/07\/bienentagebuch-teil-3-honigraum-und-fleissige-bienchen\/#primaryimage","url":"https:\/\/i0.wp.com\/hoerske.de\/blog\/wp-content\/uploads\/2019\/07\/Humble-honey-blog.png?fit=1200%2C675&ssl=1","contentUrl":"https:\/\/i0.wp.com\/hoerske.de\/blog\/wp-content\/uploads\/2019\/07\/Humble-honey-blog.png?fit=1200%2C675&ssl=1","width":1200,"height":675,"caption":"Betrieb am Flugloch"},{"@type":"BreadcrumbList","@id":"https:\/\/hoerske.de\/blog\/2019\/07\/bienentagebuch-teil-3-honigraum-und-fleissige-bienchen\/#breadcrumb","itemListElement":[{"@type":"ListItem","position":1,"name":"Startseite","item":"https:\/\/hoerske.de\/blog\/"},{"@type":"ListItem","position":2,"name":"Bienentagebuch &#8211; Teil 3: Honigraum und flei\u00dfige Bienchen"}]},{"@type":"WebSite","@id":"https:\/\/hoerske.de\/blog\/#website","url":"https:\/\/hoerske.de\/blog\/","name":"Timos Blog","description":"ego cogito, ergo sum","publisher":{"@id":"https:\/\/hoerske.de\/blog\/#\/schema\/person\/20677cf2167fc7027b752c3bba78d5fc"},"potentialAction":[{"@type":"SearchAction","target":{"@type":"EntryPoint","urlTemplate":"https:\/\/hoerske.de\/blog\/?s={search_term_string}"},"query-input":{"@type":"PropertyValueSpecification","valueRequired":true,"valueName":"search_term_string"}}],"inLanguage":"de"},{"@type":["Person","Organization"],"@id":"https:\/\/hoerske.de\/blog\/#\/schema\/person\/20677cf2167fc7027b752c3bba78d5fc","name":"Timo H\u00f6rske","image":{"@type":"ImageObject","inLanguage":"de","@id":"https:\/\/i0.wp.com\/hoerske.de\/blog\/wp-content\/uploads\/2023\/01\/16711213967602.jpg?fit=1024%2C954&ssl=1","url":"https:\/\/i0.wp.com\/hoerske.de\/blog\/wp-content\/uploads\/2023\/01\/16711213967602.jpg?fit=1024%2C954&ssl=1","contentUrl":"https:\/\/i0.wp.com\/hoerske.de\/blog\/wp-content\/uploads\/2023\/01\/16711213967602.jpg?fit=1024%2C954&ssl=1","width":1024,"height":954,"caption":"Timo H\u00f6rske"},"logo":{"@id":"https:\/\/i0.wp.com\/hoerske.de\/blog\/wp-content\/uploads\/2023\/01\/16711213967602.jpg?fit=1024%2C954&ssl=1"},"description":"Jahrgang 1985, als \"Ossi\" geboren, im beschaulichen Premnitz an der Havel aufgewachsen. Natur- und Kunstliebhaber. Seit \u00fcber 10 Jahren Wahlbremerhavener, K\u00fcsten- und Windfan. So ziemlich an Allem interessiert. Schwerpunkte sind aber eindeutig Politik, Gesellschaft, Rechtswesen, Natur, Imkerei und Technik. Rotes Parteibuch, Mitglied des Jugendhilfeausschusses der Stadt Bremerhaven, Vorsitzender eines Kleing\u00e4rtnervereins, Fachberater f\u00fcr das Kleingartenwesen, Verbandschef der Bremerhavener Kleing\u00e4rtner*innen. Hobbyimker, Freizeitblogger, Techniknerd.","sameAs":["https:\/\/www.hoerske.de\/","https:\/\/www.facebook.com\/timo.hoerske","https:\/\/www.instagram.com\/thoerske\/","https:\/\/x.com\/timo_hoerske"],"url":"https:\/\/hoerske.de\/blog\/author\/roter_admin\/"}]}},"jetpack_publicize_connections":[],"jetpack_featured_media_url":"https:\/\/i0.wp.com\/hoerske.de\/blog\/wp-content\/uploads\/2019\/07\/Humble-honey-blog.png?fit=1200%2C675&ssl=1","jetpack_shortlink":"https:\/\/wp.me\/p4W3ht-1zv","jetpack_sharing_enabled":true,"_links":{"self":[{"href":"https:\/\/hoerske.de\/blog\/wp-json\/wp\/v2\/posts\/6045","targetHints":{"allow":["GET"]}}],"collection":[{"href":"https:\/\/hoerske.de\/blog\/wp-json\/wp\/v2\/posts"}],"about":[{"href":"https:\/\/hoerske.de\/blog\/wp-json\/wp\/v2\/types\/post"}],"author":[{"embeddable":true,"href":"https:\/\/hoerske.de\/blog\/wp-json\/wp\/v2\/users\/1"}],"replies":[{"embeddable":true,"href":"https:\/\/hoerske.de\/blog\/wp-json\/wp\/v2\/comments?post=6045"}],"version-history":[{"count":0,"href":"https:\/\/hoerske.de\/blog\/wp-json\/wp\/v2\/posts\/6045\/revisions"}],"wp:featuredmedia":[{"embeddable":true,"href":"https:\/\/hoerske.de\/blog\/wp-json\/wp\/v2\/media\/6080"}],"wp:attachment":[{"href":"https:\/\/hoerske.de\/blog\/wp-json\/wp\/v2\/media?parent=6045"}],"wp:term":[{"taxonomy":"category","embeddable":true,"href":"https:\/\/hoerske.de\/blog\/wp-json\/wp\/v2\/categories?post=6045"},{"taxonomy":"post_tag","embeddable":true,"href":"https:\/\/hoerske.de\/blog\/wp-json\/wp\/v2\/tags?post=6045"}],"curies":[{"name":"wp","href":"https:\/\/api.w.org\/{rel}","templated":true}]}}