{"id":5529,"date":"2019-06-12T15:19:08","date_gmt":"2019-06-12T13:19:08","guid":{"rendered":"https:\/\/www.hoerske.de\/?p=5529"},"modified":"2019-06-12T15:19:08","modified_gmt":"2019-06-12T13:19:08","slug":"wochenendausflug-aeronauticum-in-nordholz","status":"publish","type":"post","link":"https:\/\/hoerske.de\/blog\/2019\/06\/wochenendausflug-aeronauticum-in-nordholz\/","title":{"rendered":"Wochenendausflug: Aeronauticum in Nordholz"},"content":{"rendered":"\r\n<p><a href=\"https:\/\/i0.wp.com\/www.hoerske.de\/blog\/wp-content\/uploads\/2019\/06\/IMG-20190610-WA0017.jpg?ssl=1\"><img data-recalc-dims=\"1\" loading=\"lazy\" decoding=\"async\" class=\"alignleft size-medium wp-image-5535\" src=\"https:\/\/i0.wp.com\/www.hoerske.de\/blog\/wp-content\/uploads\/2019\/06\/IMG-20190610-WA0017-300x169.jpg?resize=300%2C169&#038;ssl=1\" alt=\"Ausstellungsfl\u00e4che Aeronauticum Nordholz\" width=\"300\" height=\"169\" srcset=\"https:\/\/i0.wp.com\/hoerske.de\/blog\/wp-content\/uploads\/2019\/06\/IMG-20190610-WA0017.jpg?resize=300%2C169&amp;ssl=1 300w, https:\/\/i0.wp.com\/hoerske.de\/blog\/wp-content\/uploads\/2019\/06\/IMG-20190610-WA0017.jpg?resize=768%2C432&amp;ssl=1 768w, https:\/\/i0.wp.com\/hoerske.de\/blog\/wp-content\/uploads\/2019\/06\/IMG-20190610-WA0017.jpg?resize=1024%2C576&amp;ssl=1 1024w, https:\/\/i0.wp.com\/hoerske.de\/blog\/wp-content\/uploads\/2019\/06\/IMG-20190610-WA0017.jpg?resize=135%2C75&amp;ssl=1 135w, https:\/\/i0.wp.com\/hoerske.de\/blog\/wp-content\/uploads\/2019\/06\/IMG-20190610-WA0017.jpg?w=1328&amp;ssl=1 1328w\" sizes=\"auto, (max-width: 300px) 100vw, 300px\" \/><\/a>Am Pfingstmontag haben wir die freie Zeit genutzt das Aeronauticum in Nordholz bei Cuxhaven zu besuchen. Das deutsche Luftschiff- und Marinefliegermuseum hatte am Feiertag einen Tag der offenen T\u00fcr. Wir wohnen nun schon ein paar Jahre in Bremerhaven, aber dieses Museum haben wir noch nicht gesehen.<\/p>\r\n\r\n\r\n\r\n<p>Das Aeronauticum ist eines der bekannteren deutschen Luftschiff- und Marinefliegermuseen. Die Ausstellung und das dazugeh\u00f6rige Aussengel\u00e4nde liegt in Nordholz bei Nordseebad Cuxhaven. Der eigent\u00fcmliche Name leitet sich vom englischen Wort Aeronautics bzw. dessen deutscher \u00dcbersetzung Aeronautik ab.<\/p>\r\n\r\n\r\n\r\n<h3 class=\"wp-block-heading\">Das Museum<\/h3>\r\n\r\n\r\n\r\n<p>Auf ca. 36.000 m\u00b2 Fl\u00e4che Freigel\u00e4nde werden u.a. 17 Original-Luftfahrzeuge der See- und Marineflieger der Bundesmarine und der ehemaligen DDR gezeigt. Die gezeigten Fahrzeuge waren alle nach 1945 noch im Einsatz. Neben \u00e4lteren Luftfahrzeugen sind auch neuere Ausstellungsst\u00fccke vorhanden. Seit Dezember 2005 kann man eine Breguet BR 1150 Atlantic des Marinefliegergeschwaders 3 aus Nordholz und eine Panavia MRCA Tornado des ehemaligen Marinefliegergeschwaders 2 aus Tarp\/Eggebek besichtigen.<\/p>\r\n\r\n\r\n\r\n<figure id=\"attachment_5537\" aria-describedby=\"caption-attachment-5537\" style=\"width: 300px\" class=\"wp-caption alignright\"><a href=\"https:\/\/i0.wp.com\/www.hoerske.de\/blog\/wp-content\/uploads\/2019\/06\/IMG-20190610-WA0013.jpg?ssl=1\"><img data-recalc-dims=\"1\" loading=\"lazy\" decoding=\"async\" class=\"size-medium wp-image-5537\" src=\"https:\/\/i0.wp.com\/www.hoerske.de\/blog\/wp-content\/uploads\/2019\/06\/IMG-20190610-WA0013-300x169.jpg?resize=300%2C169&#038;ssl=1\" alt=\"ehem. Regierungsflieger DDR Aeronauticum Nordholz\" width=\"300\" height=\"169\" srcset=\"https:\/\/i0.wp.com\/hoerske.de\/blog\/wp-content\/uploads\/2019\/06\/IMG-20190610-WA0013.jpg?resize=300%2C169&amp;ssl=1 300w, https:\/\/i0.wp.com\/hoerske.de\/blog\/wp-content\/uploads\/2019\/06\/IMG-20190610-WA0013.jpg?resize=768%2C432&amp;ssl=1 768w, https:\/\/i0.wp.com\/hoerske.de\/blog\/wp-content\/uploads\/2019\/06\/IMG-20190610-WA0013.jpg?resize=1024%2C576&amp;ssl=1 1024w, https:\/\/i0.wp.com\/hoerske.de\/blog\/wp-content\/uploads\/2019\/06\/IMG-20190610-WA0013.jpg?resize=135%2C75&amp;ssl=1 135w, https:\/\/i0.wp.com\/hoerske.de\/blog\/wp-content\/uploads\/2019\/06\/IMG-20190610-WA0013.jpg?w=1328&amp;ssl=1 1328w\" sizes=\"auto, (max-width: 300px) 100vw, 300px\" \/><\/a><figcaption id=\"caption-attachment-5537\" class=\"wp-caption-text\">Im Gastraum eines ehemaligen DDR-Regierungshubschraubers<\/figcaption><\/figure>\r\n<p>Der Indoorbereich der Ausstellung zeigt die historische und technische Entwicklung der Luftschifffahrt und Marinefliegerei anhand von Beispielen, kleinen Exponaten sowie Nachbauten. Besonderer Schwerpunkt liegt dabei auf der Entwicklung des Zeppelins. Zeppeline waren Starrluftschiffe aus deutscher Produktion, die nach ihrem Erfinder Ferdinand Graf von Zeppelin benannt wurden. Sie wurden von 1900 bis 1940 sowohl zur Personenbef\u00f6rderung als auch milit\u00e4risch eingesetzt.<\/p>\r\n\r\n\r\n\r\n<p>Im Rahmen von wechselnden Sonderausstellungen kann man u.a. auch einen Trainingssimulator der Bundesmarine bestaunen. Neben Flugzeugen befindet sich auf der Anlage auch eine kleine Diesellok, die fr\u00fcher zur Versorgung und Rangierung des Marinestandorts Nordholz gedient hat.<\/p>\r\n\r\n\r\n\r\n<h3 class=\"wp-block-heading\">Ein sch\u00f6ner Ausflug<\/h3>\r\n\r\n\r\n\r\n<p><a href=\"https:\/\/i0.wp.com\/www.hoerske.de\/blog\/wp-content\/uploads\/2019\/06\/IMG-20190610-WA0018.jpg?ssl=1\"><img data-recalc-dims=\"1\" loading=\"lazy\" decoding=\"async\" class=\"alignleft size-medium wp-image-5539\" src=\"https:\/\/i0.wp.com\/www.hoerske.de\/blog\/wp-content\/uploads\/2019\/06\/IMG-20190610-WA0018-300x169.jpg?resize=300%2C169&#038;ssl=1\" alt=\"Beladungssimulator  Aeronauticum Nordholz\" width=\"300\" height=\"169\" srcset=\"https:\/\/i0.wp.com\/hoerske.de\/blog\/wp-content\/uploads\/2019\/06\/IMG-20190610-WA0018.jpg?resize=300%2C169&amp;ssl=1 300w, https:\/\/i0.wp.com\/hoerske.de\/blog\/wp-content\/uploads\/2019\/06\/IMG-20190610-WA0018.jpg?resize=768%2C432&amp;ssl=1 768w, https:\/\/i0.wp.com\/hoerske.de\/blog\/wp-content\/uploads\/2019\/06\/IMG-20190610-WA0018.jpg?resize=1024%2C576&amp;ssl=1 1024w, https:\/\/i0.wp.com\/hoerske.de\/blog\/wp-content\/uploads\/2019\/06\/IMG-20190610-WA0018.jpg?resize=135%2C75&amp;ssl=1 135w, https:\/\/i0.wp.com\/hoerske.de\/blog\/wp-content\/uploads\/2019\/06\/IMG-20190610-WA0018.jpg?w=1328&amp;ssl=1 1328w\" sizes=\"auto, (max-width: 300px) 100vw, 300px\" \/><\/a>Das Aeronauticum stellt ein Spezialmuseum da, mit einem beschr\u00e4nkten aber sehr interessanten Themenfeld. F\u00fcr den unvorbereiteten Laien kann die Ausstellung bei einem ersten Besuch \u00fcberfordernd wirken. Die bereitgestellten Informationen sind sehr fachlich aufbereitet und wenig popul\u00e4rwissenschaftlich.<\/p>\r\n\r\n\r\n\r\n<p>Wer sich f\u00fcr Themen, wie Fliegerei, Luftfahrzeuge der See- und Marinefliege interessiert, ist im Aeronauticum gut aufgehoben.<\/p>\r\n\r\n\r\n\r\n<p>Ich fand den Besuch spannend, informatiiv und vorallem voller neuer Erfahrungen. Es hat Spa\u00df gemacht und ich habe mich gefreut, dass ich auf dem Gel\u00e4nde auch eine Bienenzucht entdecken konnte.<\/p>\r\n\r\n\r\n\r\n<h2 class=\"wp-block-heading\">Off-Topic<\/h2>\r\n\r\n\r\n\r\n<p>Nach einer Textanalyse ist dieser Text zu 46% subjektiv, die wichtigsten Worte sind: <em>Nordholz, Zeppelin, Ausstellung, Museum, Pfingstmontag, Aeronauticum, Bremerhaven<\/em><\/p>\r\n\r\n\r\n\r\n<p>Ein Computer w\u00fcrde diesen Text der Kategorie <a href=\"https:\/\/www.hoerske.de\/blog\/kategorien\/kultur\/\">Kultur<\/a> zu ordnen.<\/p>\r\n","protected":false},"excerpt":{"rendered":"<p>Am Pfingstmontag haben wir die freie Zeit genutzt das Aeronauticum in Nordholz bei Cuxhaven zu besuchen. Das deutsche Luftschiff- und Marinefliegermuseum hatte am Feiertag einen Tag der offenen T\u00fcr. Wir wohnen nun schon ein paar Jahre in Bremerhaven, aber dieses Museum haben wir noch nicht gesehen.<\/p>\n","protected":false},"author":1,"featured_media":5533,"comment_status":"open","ping_status":"open","sticky":false,"template":"","format":"standard","meta":{"jetpack_post_was_ever_published":false,"_jetpack_newsletter_access":"","_jetpack_dont_email_post_to_subs":false,"_jetpack_newsletter_tier_id":0,"_jetpack_memberships_contains_paywalled_content":false,"_jetpack_memberships_contains_paid_content":false,"footnotes":"","jetpack_publicize_message":"","jetpack_publicize_feature_enabled":true,"jetpack_social_post_already_shared":false,"jetpack_social_options":{"image_generator_settings":{"template":"highway","default_image_id":0,"font":"","enabled":false},"version":2},"_wpas_customize_per_network":false},"categories":[2168,930,176,178,22],"tags":[2864,1005,145,520,2861,2863,2862],"class_list":["post-5529","post","type-post","status-publish","format-standard","has-post-thumbnail","hentry","category-2168","category-empfehlungen","category-kultur","category-technik","category-vergangenheit","tag-aeronauticum","tag-ausstellung","tag-bremerhaven","tag-museum","tag-nordholz","tag-pfingstmontag","tag-zeppelin"],"yoast_head":"<!-- This site is optimized with the Yoast SEO Premium plugin v27.5 (Yoast SEO v27.5) - https:\/\/yoast.com\/product\/yoast-seo-premium-wordpress\/ -->\n<title>Wochenendausflug: Aeronauticum in Nordholz - Timos Paper<\/title>\n<meta name=\"description\" content=\"Am Pfingstmontag haben wir die freie Zeit genutzt das Aeronauticum in Nordholz bei Cuxhaven zu besuchen. Das deutsche Luftschiff- und Marinefliegermuseum hatte am Feiertag einen Tag der offenen T\u00fcr.\" \/>\n<meta name=\"robots\" content=\"index, follow, max-snippet:-1, max-image-preview:large, max-video-preview:-1\" \/>\n<link rel=\"canonical\" href=\"https:\/\/hoerske.de\/blog\/2019\/06\/wochenendausflug-aeronauticum-in-nordholz\/\" \/>\n<meta property=\"og:locale\" content=\"de_DE\" \/>\n<meta property=\"og:type\" content=\"article\" \/>\n<meta property=\"og:title\" content=\"Wochenendausflug: Aeronauticum in Nordholz\" \/>\n<meta property=\"og:description\" content=\"Am Pfingstmontag haben wir die freie Zeit genutzt das Aeronauticum in Nordholz bei Cuxhaven zu besuchen. Das deutsche Luftschiff- und Marinefliegermuseum hatte am Feiertag einen Tag der offenen T\u00fcr.\" \/>\n<meta property=\"og:url\" content=\"https:\/\/hoerske.de\/blog\/2019\/06\/wochenendausflug-aeronauticum-in-nordholz\/\" \/>\n<meta property=\"og:site_name\" content=\"Timos Paper\" \/>\n<meta property=\"article:publisher\" content=\"https:\/\/www.facebook.com\/timo.hoerske\" \/>\n<meta property=\"article:author\" content=\"https:\/\/www.facebook.com\/timo.hoerske\" \/>\n<meta property=\"article:published_time\" content=\"2019-06-12T13:19:08+00:00\" \/>\n<meta property=\"og:image\" content=\"https:\/\/i0.wp.com\/blog.hoerske.de\/wp-content\/uploads\/2019\/06\/IMG-20190610-WA0022.jpg?fit=1328%2C747\" \/>\n\t<meta property=\"og:image:width\" content=\"1328\" \/>\n\t<meta property=\"og:image:height\" content=\"747\" \/>\n\t<meta property=\"og:image:type\" content=\"image\/jpeg\" \/>\n<meta name=\"author\" content=\"Timo H\u00f6rske\" \/>\n<meta name=\"twitter:card\" content=\"summary_large_image\" \/>\n<meta name=\"twitter:creator\" content=\"@timo_hoerske\" \/>\n<meta name=\"twitter:site\" content=\"@timo_hoerske\" \/>\n<meta name=\"twitter:label1\" content=\"Verfasst von\" \/>\n\t<meta name=\"twitter:data1\" content=\"Timo H\u00f6rske\" \/>\n\t<meta name=\"twitter:label2\" content=\"Gesch\u00e4tzte Lesezeit\" \/>\n\t<meta name=\"twitter:data2\" content=\"2\u00a0Minuten\" \/>\n<script type=\"application\/ld+json\" class=\"yoast-schema-graph\">{\"@context\":\"https:\\\/\\\/schema.org\",\"@graph\":[{\"@type\":\"Article\",\"@id\":\"https:\\\/\\\/hoerske.de\\\/blog\\\/2019\\\/06\\\/wochenendausflug-aeronauticum-in-nordholz\\\/#article\",\"isPartOf\":{\"@id\":\"https:\\\/\\\/hoerske.de\\\/blog\\\/2019\\\/06\\\/wochenendausflug-aeronauticum-in-nordholz\\\/\"},\"author\":{\"name\":\"Timo H\u00f6rske\",\"@id\":\"https:\\\/\\\/hoerske.de\\\/blog\\\/#\\\/schema\\\/person\\\/20677cf2167fc7027b752c3bba78d5fc\"},\"headline\":\"Wochenendausflug: Aeronauticum in Nordholz\",\"datePublished\":\"2019-06-12T13:19:08+00:00\",\"mainEntityOfPage\":{\"@id\":\"https:\\\/\\\/hoerske.de\\\/blog\\\/2019\\\/06\\\/wochenendausflug-aeronauticum-in-nordholz\\\/\"},\"wordCount\":389,\"commentCount\":0,\"publisher\":{\"@id\":\"https:\\\/\\\/hoerske.de\\\/blog\\\/#\\\/schema\\\/person\\\/20677cf2167fc7027b752c3bba78d5fc\"},\"image\":{\"@id\":\"https:\\\/\\\/hoerske.de\\\/blog\\\/2019\\\/06\\\/wochenendausflug-aeronauticum-in-nordholz\\\/#primaryimage\"},\"thumbnailUrl\":\"https:\\\/\\\/i0.wp.com\\\/hoerske.de\\\/blog\\\/wp-content\\\/uploads\\\/2019\\\/06\\\/IMG-20190610-WA0022.jpg?fit=1328%2C747&ssl=1\",\"keywords\":[\"Aeronauticum\",\"Ausstellung\",\"Bremerhaven\",\"Museum\",\"Nordholz\",\"Pfingstmontag\",\"Zeppelin\"],\"articleSection\":[\"2019\",\"Empfehlungen\",\"Kultur\",\"Technik\",\"Vergangenheit\"],\"inLanguage\":\"de\",\"potentialAction\":[{\"@type\":\"CommentAction\",\"name\":\"Comment\",\"target\":[\"https:\\\/\\\/hoerske.de\\\/blog\\\/2019\\\/06\\\/wochenendausflug-aeronauticum-in-nordholz\\\/#respond\"]}]},{\"@type\":\"WebPage\",\"@id\":\"https:\\\/\\\/hoerske.de\\\/blog\\\/2019\\\/06\\\/wochenendausflug-aeronauticum-in-nordholz\\\/\",\"url\":\"https:\\\/\\\/hoerske.de\\\/blog\\\/2019\\\/06\\\/wochenendausflug-aeronauticum-in-nordholz\\\/\",\"name\":\"Wochenendausflug: Aeronauticum in Nordholz - Timos Paper\",\"isPartOf\":{\"@id\":\"https:\\\/\\\/hoerske.de\\\/blog\\\/#website\"},\"primaryImageOfPage\":{\"@id\":\"https:\\\/\\\/hoerske.de\\\/blog\\\/2019\\\/06\\\/wochenendausflug-aeronauticum-in-nordholz\\\/#primaryimage\"},\"image\":{\"@id\":\"https:\\\/\\\/hoerske.de\\\/blog\\\/2019\\\/06\\\/wochenendausflug-aeronauticum-in-nordholz\\\/#primaryimage\"},\"thumbnailUrl\":\"https:\\\/\\\/i0.wp.com\\\/hoerske.de\\\/blog\\\/wp-content\\\/uploads\\\/2019\\\/06\\\/IMG-20190610-WA0022.jpg?fit=1328%2C747&ssl=1\",\"datePublished\":\"2019-06-12T13:19:08+00:00\",\"description\":\"Am Pfingstmontag haben wir die freie Zeit genutzt das Aeronauticum in Nordholz bei Cuxhaven zu besuchen. Das deutsche Luftschiff- und Marinefliegermuseum hatte am Feiertag einen Tag der offenen T\u00fcr.\",\"breadcrumb\":{\"@id\":\"https:\\\/\\\/hoerske.de\\\/blog\\\/2019\\\/06\\\/wochenendausflug-aeronauticum-in-nordholz\\\/#breadcrumb\"},\"inLanguage\":\"de\",\"potentialAction\":[{\"@type\":\"ReadAction\",\"target\":[\"https:\\\/\\\/hoerske.de\\\/blog\\\/2019\\\/06\\\/wochenendausflug-aeronauticum-in-nordholz\\\/\"]}]},{\"@type\":\"ImageObject\",\"inLanguage\":\"de\",\"@id\":\"https:\\\/\\\/hoerske.de\\\/blog\\\/2019\\\/06\\\/wochenendausflug-aeronauticum-in-nordholz\\\/#primaryimage\",\"url\":\"https:\\\/\\\/i0.wp.com\\\/hoerske.de\\\/blog\\\/wp-content\\\/uploads\\\/2019\\\/06\\\/IMG-20190610-WA0022.jpg?fit=1328%2C747&ssl=1\",\"contentUrl\":\"https:\\\/\\\/i0.wp.com\\\/hoerske.de\\\/blog\\\/wp-content\\\/uploads\\\/2019\\\/06\\\/IMG-20190610-WA0022.jpg?fit=1328%2C747&ssl=1\",\"width\":1328,\"height\":747,\"caption\":\"Aeronauticum Nordholz\"},{\"@type\":\"BreadcrumbList\",\"@id\":\"https:\\\/\\\/hoerske.de\\\/blog\\\/2019\\\/06\\\/wochenendausflug-aeronauticum-in-nordholz\\\/#breadcrumb\",\"itemListElement\":[{\"@type\":\"ListItem\",\"position\":1,\"name\":\"Startseite\",\"item\":\"https:\\\/\\\/hoerske.de\\\/blog\\\/\"},{\"@type\":\"ListItem\",\"position\":2,\"name\":\"Wochenendausflug: Aeronauticum in Nordholz\"}]},{\"@type\":\"WebSite\",\"@id\":\"https:\\\/\\\/hoerske.de\\\/blog\\\/#website\",\"url\":\"https:\\\/\\\/hoerske.de\\\/blog\\\/\",\"name\":\"Timos Blog\",\"description\":\"ego cogito, ergo sum\",\"publisher\":{\"@id\":\"https:\\\/\\\/hoerske.de\\\/blog\\\/#\\\/schema\\\/person\\\/20677cf2167fc7027b752c3bba78d5fc\"},\"potentialAction\":[{\"@type\":\"SearchAction\",\"target\":{\"@type\":\"EntryPoint\",\"urlTemplate\":\"https:\\\/\\\/hoerske.de\\\/blog\\\/?s={search_term_string}\"},\"query-input\":{\"@type\":\"PropertyValueSpecification\",\"valueRequired\":true,\"valueName\":\"search_term_string\"}}],\"inLanguage\":\"de\"},{\"@type\":[\"Person\",\"Organization\"],\"@id\":\"https:\\\/\\\/hoerske.de\\\/blog\\\/#\\\/schema\\\/person\\\/20677cf2167fc7027b752c3bba78d5fc\",\"name\":\"Timo H\u00f6rske\",\"image\":{\"@type\":\"ImageObject\",\"inLanguage\":\"de\",\"@id\":\"https:\\\/\\\/i0.wp.com\\\/hoerske.de\\\/blog\\\/wp-content\\\/uploads\\\/2023\\\/01\\\/16711213967602.jpg?fit=1024%2C954&ssl=1\",\"url\":\"https:\\\/\\\/i0.wp.com\\\/hoerske.de\\\/blog\\\/wp-content\\\/uploads\\\/2023\\\/01\\\/16711213967602.jpg?fit=1024%2C954&ssl=1\",\"contentUrl\":\"https:\\\/\\\/i0.wp.com\\\/hoerske.de\\\/blog\\\/wp-content\\\/uploads\\\/2023\\\/01\\\/16711213967602.jpg?fit=1024%2C954&ssl=1\",\"width\":1024,\"height\":954,\"caption\":\"Timo H\u00f6rske\"},\"logo\":{\"@id\":\"https:\\\/\\\/i0.wp.com\\\/hoerske.de\\\/blog\\\/wp-content\\\/uploads\\\/2023\\\/01\\\/16711213967602.jpg?fit=1024%2C954&ssl=1\"},\"description\":\"Jahrgang 1985, als \\\"Ossi\\\" geboren, im beschaulichen Premnitz an der Havel aufgewachsen. Natur- und Kunstliebhaber. Seit \u00fcber 10 Jahren Wahlbremerhavener, K\u00fcsten- und Windfan. So ziemlich an Allem interessiert. Schwerpunkte sind aber eindeutig Politik, Gesellschaft, Rechtswesen, Natur, Imkerei und Technik. Rotes Parteibuch, Mitglied des Jugendhilfeausschusses der Stadt Bremerhaven, Vorsitzender eines Kleing\u00e4rtnervereins, Fachberater f\u00fcr das Kleingartenwesen, Verbandschef der Bremerhavener Kleing\u00e4rtner*innen. Hobbyimker, Freizeitblogger, Techniknerd.\",\"sameAs\":[\"https:\\\/\\\/www.hoerske.de\\\/\",\"https:\\\/\\\/www.facebook.com\\\/timo.hoerske\",\"https:\\\/\\\/www.instagram.com\\\/thoerske\\\/\",\"https:\\\/\\\/x.com\\\/timo_hoerske\"],\"url\":\"https:\\\/\\\/hoerske.de\\\/blog\\\/author\\\/roter_admin\\\/\"}]}<\/script>\n<!-- \/ Yoast SEO Premium plugin. -->","yoast_head_json":{"title":"Wochenendausflug: Aeronauticum in Nordholz - Timos Paper","description":"Am Pfingstmontag haben wir die freie Zeit genutzt das Aeronauticum in Nordholz bei Cuxhaven zu besuchen. Das deutsche Luftschiff- und Marinefliegermuseum hatte am Feiertag einen Tag der offenen T\u00fcr.","robots":{"index":"index","follow":"follow","max-snippet":"max-snippet:-1","max-image-preview":"max-image-preview:large","max-video-preview":"max-video-preview:-1"},"canonical":"https:\/\/hoerske.de\/blog\/2019\/06\/wochenendausflug-aeronauticum-in-nordholz\/","og_locale":"de_DE","og_type":"article","og_title":"Wochenendausflug: Aeronauticum in Nordholz","og_description":"Am Pfingstmontag haben wir die freie Zeit genutzt das Aeronauticum in Nordholz bei Cuxhaven zu besuchen. Das deutsche Luftschiff- und Marinefliegermuseum hatte am Feiertag einen Tag der offenen T\u00fcr.","og_url":"https:\/\/hoerske.de\/blog\/2019\/06\/wochenendausflug-aeronauticum-in-nordholz\/","og_site_name":"Timos Paper","article_publisher":"https:\/\/www.facebook.com\/timo.hoerske","article_author":"https:\/\/www.facebook.com\/timo.hoerske","article_published_time":"2019-06-12T13:19:08+00:00","og_image":[{"width":1328,"height":747,"url":"https:\/\/i0.wp.com\/blog.hoerske.de\/wp-content\/uploads\/2019\/06\/IMG-20190610-WA0022.jpg?fit=1328%2C747","type":"image\/jpeg"}],"author":"Timo H\u00f6rske","twitter_card":"summary_large_image","twitter_creator":"@timo_hoerske","twitter_site":"@timo_hoerske","twitter_misc":{"Verfasst von":"Timo H\u00f6rske","Gesch\u00e4tzte Lesezeit":"2\u00a0Minuten"},"schema":{"@context":"https:\/\/schema.org","@graph":[{"@type":"Article","@id":"https:\/\/hoerske.de\/blog\/2019\/06\/wochenendausflug-aeronauticum-in-nordholz\/#article","isPartOf":{"@id":"https:\/\/hoerske.de\/blog\/2019\/06\/wochenendausflug-aeronauticum-in-nordholz\/"},"author":{"name":"Timo H\u00f6rske","@id":"https:\/\/hoerske.de\/blog\/#\/schema\/person\/20677cf2167fc7027b752c3bba78d5fc"},"headline":"Wochenendausflug: Aeronauticum in Nordholz","datePublished":"2019-06-12T13:19:08+00:00","mainEntityOfPage":{"@id":"https:\/\/hoerske.de\/blog\/2019\/06\/wochenendausflug-aeronauticum-in-nordholz\/"},"wordCount":389,"commentCount":0,"publisher":{"@id":"https:\/\/hoerske.de\/blog\/#\/schema\/person\/20677cf2167fc7027b752c3bba78d5fc"},"image":{"@id":"https:\/\/hoerske.de\/blog\/2019\/06\/wochenendausflug-aeronauticum-in-nordholz\/#primaryimage"},"thumbnailUrl":"https:\/\/i0.wp.com\/hoerske.de\/blog\/wp-content\/uploads\/2019\/06\/IMG-20190610-WA0022.jpg?fit=1328%2C747&ssl=1","keywords":["Aeronauticum","Ausstellung","Bremerhaven","Museum","Nordholz","Pfingstmontag","Zeppelin"],"articleSection":["2019","Empfehlungen","Kultur","Technik","Vergangenheit"],"inLanguage":"de","potentialAction":[{"@type":"CommentAction","name":"Comment","target":["https:\/\/hoerske.de\/blog\/2019\/06\/wochenendausflug-aeronauticum-in-nordholz\/#respond"]}]},{"@type":"WebPage","@id":"https:\/\/hoerske.de\/blog\/2019\/06\/wochenendausflug-aeronauticum-in-nordholz\/","url":"https:\/\/hoerske.de\/blog\/2019\/06\/wochenendausflug-aeronauticum-in-nordholz\/","name":"Wochenendausflug: Aeronauticum in Nordholz - Timos Paper","isPartOf":{"@id":"https:\/\/hoerske.de\/blog\/#website"},"primaryImageOfPage":{"@id":"https:\/\/hoerske.de\/blog\/2019\/06\/wochenendausflug-aeronauticum-in-nordholz\/#primaryimage"},"image":{"@id":"https:\/\/hoerske.de\/blog\/2019\/06\/wochenendausflug-aeronauticum-in-nordholz\/#primaryimage"},"thumbnailUrl":"https:\/\/i0.wp.com\/hoerske.de\/blog\/wp-content\/uploads\/2019\/06\/IMG-20190610-WA0022.jpg?fit=1328%2C747&ssl=1","datePublished":"2019-06-12T13:19:08+00:00","description":"Am Pfingstmontag haben wir die freie Zeit genutzt das Aeronauticum in Nordholz bei Cuxhaven zu besuchen. Das deutsche Luftschiff- und Marinefliegermuseum hatte am Feiertag einen Tag der offenen T\u00fcr.","breadcrumb":{"@id":"https:\/\/hoerske.de\/blog\/2019\/06\/wochenendausflug-aeronauticum-in-nordholz\/#breadcrumb"},"inLanguage":"de","potentialAction":[{"@type":"ReadAction","target":["https:\/\/hoerske.de\/blog\/2019\/06\/wochenendausflug-aeronauticum-in-nordholz\/"]}]},{"@type":"ImageObject","inLanguage":"de","@id":"https:\/\/hoerske.de\/blog\/2019\/06\/wochenendausflug-aeronauticum-in-nordholz\/#primaryimage","url":"https:\/\/i0.wp.com\/hoerske.de\/blog\/wp-content\/uploads\/2019\/06\/IMG-20190610-WA0022.jpg?fit=1328%2C747&ssl=1","contentUrl":"https:\/\/i0.wp.com\/hoerske.de\/blog\/wp-content\/uploads\/2019\/06\/IMG-20190610-WA0022.jpg?fit=1328%2C747&ssl=1","width":1328,"height":747,"caption":"Aeronauticum Nordholz"},{"@type":"BreadcrumbList","@id":"https:\/\/hoerske.de\/blog\/2019\/06\/wochenendausflug-aeronauticum-in-nordholz\/#breadcrumb","itemListElement":[{"@type":"ListItem","position":1,"name":"Startseite","item":"https:\/\/hoerske.de\/blog\/"},{"@type":"ListItem","position":2,"name":"Wochenendausflug: Aeronauticum in Nordholz"}]},{"@type":"WebSite","@id":"https:\/\/hoerske.de\/blog\/#website","url":"https:\/\/hoerske.de\/blog\/","name":"Timos Blog","description":"ego cogito, ergo sum","publisher":{"@id":"https:\/\/hoerske.de\/blog\/#\/schema\/person\/20677cf2167fc7027b752c3bba78d5fc"},"potentialAction":[{"@type":"SearchAction","target":{"@type":"EntryPoint","urlTemplate":"https:\/\/hoerske.de\/blog\/?s={search_term_string}"},"query-input":{"@type":"PropertyValueSpecification","valueRequired":true,"valueName":"search_term_string"}}],"inLanguage":"de"},{"@type":["Person","Organization"],"@id":"https:\/\/hoerske.de\/blog\/#\/schema\/person\/20677cf2167fc7027b752c3bba78d5fc","name":"Timo H\u00f6rske","image":{"@type":"ImageObject","inLanguage":"de","@id":"https:\/\/i0.wp.com\/hoerske.de\/blog\/wp-content\/uploads\/2023\/01\/16711213967602.jpg?fit=1024%2C954&ssl=1","url":"https:\/\/i0.wp.com\/hoerske.de\/blog\/wp-content\/uploads\/2023\/01\/16711213967602.jpg?fit=1024%2C954&ssl=1","contentUrl":"https:\/\/i0.wp.com\/hoerske.de\/blog\/wp-content\/uploads\/2023\/01\/16711213967602.jpg?fit=1024%2C954&ssl=1","width":1024,"height":954,"caption":"Timo H\u00f6rske"},"logo":{"@id":"https:\/\/i0.wp.com\/hoerske.de\/blog\/wp-content\/uploads\/2023\/01\/16711213967602.jpg?fit=1024%2C954&ssl=1"},"description":"Jahrgang 1985, als \"Ossi\" geboren, im beschaulichen Premnitz an der Havel aufgewachsen. Natur- und Kunstliebhaber. Seit \u00fcber 10 Jahren Wahlbremerhavener, K\u00fcsten- und Windfan. So ziemlich an Allem interessiert. Schwerpunkte sind aber eindeutig Politik, Gesellschaft, Rechtswesen, Natur, Imkerei und Technik. Rotes Parteibuch, Mitglied des Jugendhilfeausschusses der Stadt Bremerhaven, Vorsitzender eines Kleing\u00e4rtnervereins, Fachberater f\u00fcr das Kleingartenwesen, Verbandschef der Bremerhavener Kleing\u00e4rtner*innen. Hobbyimker, Freizeitblogger, Techniknerd.","sameAs":["https:\/\/www.hoerske.de\/","https:\/\/www.facebook.com\/timo.hoerske","https:\/\/www.instagram.com\/thoerske\/","https:\/\/x.com\/timo_hoerske"],"url":"https:\/\/hoerske.de\/blog\/author\/roter_admin\/"}]}},"jetpack_publicize_connections":[],"jetpack_featured_media_url":"https:\/\/i0.wp.com\/hoerske.de\/blog\/wp-content\/uploads\/2019\/06\/IMG-20190610-WA0022.jpg?fit=1328%2C747&ssl=1","jetpack_shortlink":"https:\/\/wp.me\/p4W3ht-1rb","jetpack_sharing_enabled":true,"_links":{"self":[{"href":"https:\/\/hoerske.de\/blog\/wp-json\/wp\/v2\/posts\/5529","targetHints":{"allow":["GET"]}}],"collection":[{"href":"https:\/\/hoerske.de\/blog\/wp-json\/wp\/v2\/posts"}],"about":[{"href":"https:\/\/hoerske.de\/blog\/wp-json\/wp\/v2\/types\/post"}],"author":[{"embeddable":true,"href":"https:\/\/hoerske.de\/blog\/wp-json\/wp\/v2\/users\/1"}],"replies":[{"embeddable":true,"href":"https:\/\/hoerske.de\/blog\/wp-json\/wp\/v2\/comments?post=5529"}],"version-history":[{"count":0,"href":"https:\/\/hoerske.de\/blog\/wp-json\/wp\/v2\/posts\/5529\/revisions"}],"wp:featuredmedia":[{"embeddable":true,"href":"https:\/\/hoerske.de\/blog\/wp-json\/wp\/v2\/media\/5533"}],"wp:attachment":[{"href":"https:\/\/hoerske.de\/blog\/wp-json\/wp\/v2\/media?parent=5529"}],"wp:term":[{"taxonomy":"category","embeddable":true,"href":"https:\/\/hoerske.de\/blog\/wp-json\/wp\/v2\/categories?post=5529"},{"taxonomy":"post_tag","embeddable":true,"href":"https:\/\/hoerske.de\/blog\/wp-json\/wp\/v2\/tags?post=5529"}],"curies":[{"name":"wp","href":"https:\/\/api.w.org\/{rel}","templated":true}]}}