{"id":5477,"date":"2019-05-20T18:00:10","date_gmt":"2019-05-20T16:00:10","guid":{"rendered":"https:\/\/www.hoerske.de\/?p=5477"},"modified":"2019-05-20T14:16:56","modified_gmt":"2019-05-20T12:16:56","slug":"das-wochenende-im-kleingarten","status":"publish","type":"post","link":"https:\/\/hoerske.de\/blog\/2019\/05\/das-wochenende-im-kleingarten\/","title":{"rendered":"Das Wochenende im Kleingarten"},"content":{"rendered":"\r\n<p>Es war ein richtig sch\u00f6nes Wochenende. Die Temperaturen sommerlich und gr\u00f6\u00dftenteils trocken. Also die perfekte Gelegenheit nach den Eisheiligen endlich alle empfindlichen Pflanzen rauszubringen.\u00a0<\/p>\r\n\r\n\r\n<hr class=\"wp-block-separator\" \/>\r\n\r\n\r\n<div class=\"wp-block-image\">\r\n<figure class=\"alignleft is-resized\"><img loading=\"lazy\" decoding=\"async\" class=\"wp-image-5478\" src=\"https:\/\/i2.wp.com\/www.hoerske.de\/blog\/wp-content\/uploads\/2019\/05\/IMG-20190518-WA0002.jpg?fit=810%2C456&amp;ssl=1\" alt=\"Tomatenunterstand im Kleingarten\" width=\"380\" height=\"228\" \/>\r\n<figcaption>Tomatenunterstand im Kleingarten<\/figcaption>\r\n<\/figure>\r\n<\/div>\r\n\r\n\r\n\r\n<p>Die vorgezogenen Tomatenpflanzen haben einen neuen Tomatenunterstand bekommen. Nun finden sich auf unseren Parzellen zwei Sorten Kirschtomaten in rot und gelb. Daneben gesellen sich noch Schokoladentomaten und drei Sorten Fleischtomaten ((italienische Fleischtomaten,\u00a0Harzfeuer Stabtomate sowie Cuore di <em>bue<\/em>)).<\/p>\r\n\r\n\r\n\r\n<p>Neben Tomaten gibt es in diesem Jahr nat\u00fcrlich, nach dem Erfolg im letzten Jahr, auch Kohlrabi, Blumenkohl und Broccoli. Diese sind als Schutz vor Sch\u00e4dlingen bereits unter Vlies verpackt.\u00a0<\/p>\r\n\r\n\r\n\r\n<div class=\"wp-block-spacer\" style=\"height: 100px;\" aria-hidden=\"true\">\u00a0<\/div>\r\n\r\n\r\n\r\n<div class=\"wp-block-image\">\r\n<figure class=\"alignright is-resized\"><img data-recalc-dims=\"1\" loading=\"lazy\" decoding=\"async\" class=\"wp-image-5480\" src=\"https:\/\/i0.wp.com\/www.hoerske.de\/blog\/wp-content\/uploads\/2019\/05\/20190519_135710.jpg?resize=288%2C380&#038;ssl=1\" alt=\"\" width=\"288\" height=\"380\" \/>\r\n<figcaption>Hochbeet f\u00fcr die Mini-Wassermelone im Kleingarten<\/figcaption>\r\n<\/figure>\r\n<\/div>\r\n\r\n\r\n\r\n<p>F\u00fcr die Mini-Wassermelonen haben wir am Wochenende noch ein weiteres halbhohes Beet angelegt. Um den Pflanzen, dass \u00dcberwachsen zu erleichtern haben wir uns f\u00fcr einen erh\u00f6hten \u00dcberbau entschieden. Wie man ein halbes Hochbeet baut, habe ich euch ja bereits in einem <a href=\"https:\/\/www.hoerske.de\/blog\/erdbeeren-mal-anders-halbes-hochbeet-fuer-grosse-fruechte\/\">Artikel<\/a> berichtet.\u00a0<\/p>\r\n\r\n\r\n\r\n<p>Wenn man Baumaterial im Baummarkt einkauft, dann kommt manchmal noch die ein oder andere ungeplante Pflanze mit, die einfach nur das Auge erfreuen soll. Sch\u00f6n ist es ja schon anzuschauen oder?\u00a0<\/p>\r\n\r\n\r\n\r\n<p>Neben Hochbeet bauen, Tomatenunterstand basteln und die Basics einpflanzen, haben wir auch noch Gurken in klein und gro\u00df gepflanzt.<\/p>\r\n\r\n\r\n\r\n<div class=\"wp-block-spacer\" style=\"height: 100px;\" aria-hidden=\"true\">\u00a0<\/div>\r\n\r\n\r\n\r\n<div class=\"wp-block-spacer\" style=\"height: 100px;\" aria-hidden=\"true\">\u00a0<\/div>\r\n\r\n\r\n\r\n<div class=\"wp-block-image\">\r\n<figure class=\"alignleft is-resized\"><img loading=\"lazy\" decoding=\"async\" class=\"wp-image-5482\" src=\"https:\/\/i1.wp.com\/www.hoerske.de\/blog\/wp-content\/uploads\/2019\/05\/20190519_172642-EFFECTS.jpg?fit=810%2C608&amp;ssl=1\" alt=\"\" width=\"380\" height=\"304\" \/>\r\n<figcaption>Auch f\u00fcr das Auge gab es an dieses Wochenende f\u00fcr den Kleingarten<\/figcaption>\r\n<\/figure>\r\n<\/div>\r\n\r\n\r\n\r\n<p>Die vorgezogenen und zus\u00e4tzlich gekauften S\u00fc\u00dfkartoffeln (insgesamt 4 Sorten) in die Erde gebracht. Daneben bereichern noch Andenbeeren, eine Paprika, ein Hokkaido sowie eine gelbe Zucchini unsere Beete.\u00a0 <\/p>\r\n\r\n\r\n\r\n<div class=\"wp-block-spacer\" style=\"height: 100px;\" aria-hidden=\"true\">\u00a0<\/div>\r\n\r\n\r\n<hr class=\"wp-block-separator\" \/>\r\n\r\n\r\n<div class=\"wp-block-spacer\" style=\"height: 100px;\" aria-hidden=\"true\">\u00a0<\/div>\r\n\r\n\r\n\r\n<div class=\"wp-block-spacer\" style=\"height: 100px;\" aria-hidden=\"true\">\u00a0<\/div>\r\n\r\n\r\n\r\n<ul class=\"wp-block-gallery columns-3 is-cropped wp-block-gallery-1 is-layout-flex wp-block-gallery-is-layout-flex\">\r\n<li class=\"blocks-gallery-item\">\r\n<figure><img data-recalc-dims=\"1\" loading=\"lazy\" decoding=\"async\" width=\"576\" height=\"768\" class=\"wp-image-5484\" src=\"https:\/\/i0.wp.com\/www.hoerske.de\/blog\/wp-content\/uploads\/2019\/05\/20190519_172941.jpg?resize=576%2C768&#038;ssl=1\" alt=\"\" data-id=\"5484\" data-link=\"https:\/\/www.hoerske.de\/blog\/?attachment_id=5484\" srcset=\"https:\/\/i0.wp.com\/hoerske.de\/blog\/wp-content\/uploads\/2019\/05\/20190519_172941.jpg?w=576&amp;ssl=1 576w, https:\/\/i0.wp.com\/hoerske.de\/blog\/wp-content\/uploads\/2019\/05\/20190519_172941.jpg?resize=225%2C300&amp;ssl=1 225w\" sizes=\"auto, (max-width: 576px) 100vw, 576px\" \/>\r\n<figcaption>Paprika<\/figcaption>\r\n<\/figure>\r\n<\/li>\r\n<li class=\"blocks-gallery-item\">\r\n<figure><img data-recalc-dims=\"1\" loading=\"lazy\" decoding=\"async\" width=\"576\" height=\"768\" class=\"wp-image-5486\" src=\"https:\/\/i0.wp.com\/www.hoerske.de\/blog\/wp-content\/uploads\/2019\/05\/20190519_172708.jpg?resize=576%2C768&#038;ssl=1\" alt=\"\" data-id=\"5486\" data-link=\"https:\/\/www.hoerske.de\/blog\/?attachment_id=5486\" srcset=\"https:\/\/i0.wp.com\/hoerske.de\/blog\/wp-content\/uploads\/2019\/05\/20190519_172708.jpg?w=576&amp;ssl=1 576w, https:\/\/i0.wp.com\/hoerske.de\/blog\/wp-content\/uploads\/2019\/05\/20190519_172708.jpg?resize=225%2C300&amp;ssl=1 225w\" sizes=\"auto, (max-width: 576px) 100vw, 576px\" \/>\r\n<figcaption>S\u00fc\u00dfkartoffeln<\/figcaption>\r\n<\/figure>\r\n<\/li>\r\n<li class=\"blocks-gallery-item\">\r\n<figure><img data-recalc-dims=\"1\" loading=\"lazy\" decoding=\"async\" width=\"576\" height=\"768\" class=\"wp-image-5488\" src=\"https:\/\/i0.wp.com\/www.hoerske.de\/blog\/wp-content\/uploads\/2019\/05\/20190519_172746.jpg?resize=576%2C768&#038;ssl=1\" alt=\"\" data-id=\"5488\" data-link=\"https:\/\/www.hoerske.de\/blog\/?attachment_id=5488\" srcset=\"https:\/\/i0.wp.com\/hoerske.de\/blog\/wp-content\/uploads\/2019\/05\/20190519_172746.jpg?w=576&amp;ssl=1 576w, https:\/\/i0.wp.com\/hoerske.de\/blog\/wp-content\/uploads\/2019\/05\/20190519_172746.jpg?resize=225%2C300&amp;ssl=1 225w\" sizes=\"auto, (max-width: 576px) 100vw, 576px\" \/>\r\n<figcaption>Speisezwiebel &#8220;Stuttgarter Riesen&#8221;<\/figcaption>\r\n<\/figure>\r\n<\/li>\r\n<li class=\"blocks-gallery-item\">\r\n<figure><img data-recalc-dims=\"1\" loading=\"lazy\" decoding=\"async\" width=\"576\" height=\"768\" class=\"wp-image-5490\" src=\"https:\/\/i0.wp.com\/www.hoerske.de\/blog\/wp-content\/uploads\/2019\/05\/20190519_172736.jpg?resize=576%2C768&#038;ssl=1\" alt=\"\" data-id=\"5490\" data-link=\"https:\/\/www.hoerske.de\/blog\/?attachment_id=5490\" srcset=\"https:\/\/i0.wp.com\/hoerske.de\/blog\/wp-content\/uploads\/2019\/05\/20190519_172736.jpg?w=576&amp;ssl=1 576w, https:\/\/i0.wp.com\/hoerske.de\/blog\/wp-content\/uploads\/2019\/05\/20190519_172736.jpg?resize=225%2C300&amp;ssl=1 225w\" sizes=\"auto, (max-width: 576px) 100vw, 576px\" \/>\r\n<figcaption>Schlangengurke<\/figcaption>\r\n<\/figure>\r\n<\/li>\r\n<li class=\"blocks-gallery-item\">\r\n<figure><img data-recalc-dims=\"1\" loading=\"lazy\" decoding=\"async\" width=\"576\" height=\"768\" class=\"wp-image-5492\" src=\"https:\/\/i0.wp.com\/www.hoerske.de\/blog\/wp-content\/uploads\/2019\/05\/20190519_172722.jpg?resize=576%2C768&#038;ssl=1\" alt=\"\" data-id=\"5492\" data-link=\"https:\/\/www.hoerske.de\/blog\/?attachment_id=5492\" srcset=\"https:\/\/i0.wp.com\/hoerske.de\/blog\/wp-content\/uploads\/2019\/05\/20190519_172722.jpg?w=576&amp;ssl=1 576w, https:\/\/i0.wp.com\/hoerske.de\/blog\/wp-content\/uploads\/2019\/05\/20190519_172722.jpg?resize=225%2C300&amp;ssl=1 225w\" sizes=\"auto, (max-width: 576px) 100vw, 576px\" \/>\r\n<figcaption>noch mehr S\u00fc\u00dfkartoffeln&#8230;<\/figcaption>\r\n<\/figure>\r\n<\/li>\r\n<li class=\"blocks-gallery-item\">\r\n<figure><img data-recalc-dims=\"1\" loading=\"lazy\" decoding=\"async\" width=\"576\" height=\"768\" class=\"wp-image-5494\" src=\"https:\/\/i0.wp.com\/www.hoerske.de\/blog\/wp-content\/uploads\/2019\/05\/20190519_173008.jpg?resize=576%2C768&#038;ssl=1\" alt=\"\" data-id=\"5494\" data-link=\"https:\/\/www.hoerske.de\/blog\/?attachment_id=5494\" srcset=\"https:\/\/i0.wp.com\/hoerske.de\/blog\/wp-content\/uploads\/2019\/05\/20190519_173008.jpg?w=576&amp;ssl=1 576w, https:\/\/i0.wp.com\/hoerske.de\/blog\/wp-content\/uploads\/2019\/05\/20190519_173008.jpg?resize=225%2C300&amp;ssl=1 225w\" sizes=\"auto, (max-width: 576px) 100vw, 576px\" \/>\r\n<figcaption>Andenbeeren<\/figcaption>\r\n<\/figure>\r\n<\/li>\r\n<\/ul>\r\n\r\n\r\n\r\n<p>Soweit unser Gem\u00fcseanbauversuch in diesem Jahr. Unsere Spannung steigt, was wir was. Was habt Ihr in diesem Jahr so angebaut? Daneben gibt es weiterhin unsere zahlreichen Obstb\u00e4ume und Str\u00e4ucher. Dazu in einem sp\u00e4teren Artikel mehr\u2026\u00a0<\/p>\r\n\r\n\r\n\r\n<h2 class=\"wp-block-heading\">Off-Topic<\/h2>\r\n\r\n\r\n\r\n<p>Nach einer Textanalyse ist dieser Text zu 81% subjektiv, die wichtigsten Worte sind: <em>Parzellen, Paprika, Tomaten, Pflanzen, Broccoli, Kohlrabi, Blumenkohl, Kleingarten<\/em><\/p>\r\n","protected":false},"excerpt":{"rendered":"<p>Es war ein richtig sch\u00f6nes Wochenende. Die Temperaturen sommerlich und gr\u00f6\u00dftenteils trocken. Also die perfekte Gelegenheit nach den Eisheiligen endlich alle empfindlichen Pflanzen rauszubringen.  <\/p>\n","protected":false},"author":1,"featured_media":5478,"comment_status":"open","ping_status":"open","sticky":false,"template":"","format":"standard","meta":{"jetpack_post_was_ever_published":false,"_jetpack_newsletter_access":"","_jetpack_dont_email_post_to_subs":false,"_jetpack_newsletter_tier_id":0,"_jetpack_memberships_contains_paywalled_content":false,"_jetpack_memberships_contains_paid_content":false,"footnotes":"","jetpack_publicize_message":"","jetpack_publicize_feature_enabled":true,"jetpack_social_post_already_shared":false,"jetpack_social_options":{"image_generator_settings":{"template":"highway","default_image_id":0,"font":"","enabled":false},"version":2},"_wpas_customize_per_network":false},"categories":[2168,606],"tags":[2776,2775,1065,1067,2774,2773,238,2759],"class_list":["post-5477","post","type-post","status-publish","format-standard","has-post-thumbnail","hentry","category-2168","category-garten","tag-blumenkohl","tag-broccoli","tag-kleingarten","tag-kohlrabi","tag-paprika","tag-parzellen","tag-pflanzen","tag-tomaten"],"yoast_head":"<!-- This site is optimized with the Yoast SEO Premium plugin v27.5 (Yoast SEO v27.5) - https:\/\/yoast.com\/product\/yoast-seo-premium-wordpress\/ -->\n<title>Das Wochenende im Kleingarten - Timos Paper<\/title>\n<meta name=\"description\" content=\"Es war ein richtig sch\u00f6nes Wochenende. Die Temperaturen sommerlich und gr\u00f6\u00dftenteils trocken. Also die perfekte Gelegenheit nach den Eisheiligen endlich alle empfindlichen Pflanzen im Kleingarten rauszubringen.\" \/>\n<meta name=\"robots\" content=\"index, follow, max-snippet:-1, max-image-preview:large, max-video-preview:-1\" \/>\n<link rel=\"canonical\" href=\"https:\/\/hoerske.de\/blog\/2019\/05\/das-wochenende-im-kleingarten\/\" \/>\n<meta property=\"og:locale\" content=\"de_DE\" \/>\n<meta property=\"og:type\" content=\"article\" \/>\n<meta property=\"og:title\" content=\"Das Wochenende im Kleingarten\" \/>\n<meta property=\"og:description\" content=\"Es war ein richtig sch\u00f6nes Wochenende. Die Temperaturen sommerlich und gr\u00f6\u00dftenteils trocken. Also die perfekte Gelegenheit nach den Eisheiligen endlich alle empfindlichen Pflanzen im Kleingarten rauszubringen.\" \/>\n<meta property=\"og:url\" content=\"https:\/\/hoerske.de\/blog\/2019\/05\/das-wochenende-im-kleingarten\/\" \/>\n<meta property=\"og:site_name\" content=\"Timos Paper\" \/>\n<meta property=\"article:publisher\" content=\"https:\/\/www.facebook.com\/timo.hoerske\" \/>\n<meta property=\"article:author\" content=\"https:\/\/www.facebook.com\/timo.hoerske\" \/>\n<meta property=\"article:published_time\" content=\"2019-05-20T16:00:10+00:00\" \/>\n<meta property=\"og:image\" content=\"https:\/\/i0.wp.com\/blog.hoerske.de\/wp-content\/uploads\/2019\/05\/IMG-20190518-WA0002.jpg?fit=1328%2C747\" \/>\n\t<meta property=\"og:image:width\" content=\"1328\" \/>\n\t<meta property=\"og:image:height\" content=\"747\" \/>\n\t<meta property=\"og:image:type\" content=\"image\/jpeg\" \/>\n<meta name=\"author\" content=\"Timo H\u00f6rske\" \/>\n<meta name=\"twitter:card\" content=\"summary_large_image\" \/>\n<meta name=\"twitter:creator\" content=\"@timo_hoerske\" \/>\n<meta name=\"twitter:site\" content=\"@timo_hoerske\" \/>\n<meta name=\"twitter:label1\" content=\"Verfasst von\" \/>\n\t<meta name=\"twitter:data1\" content=\"Timo H\u00f6rske\" \/>\n\t<meta name=\"twitter:label2\" content=\"Gesch\u00e4tzte Lesezeit\" \/>\n\t<meta name=\"twitter:data2\" content=\"2\u00a0Minuten\" \/>\n<script type=\"application\/ld+json\" class=\"yoast-schema-graph\">{\"@context\":\"https:\\\/\\\/schema.org\",\"@graph\":[{\"@type\":\"Article\",\"@id\":\"https:\\\/\\\/hoerske.de\\\/blog\\\/2019\\\/05\\\/das-wochenende-im-kleingarten\\\/#article\",\"isPartOf\":{\"@id\":\"https:\\\/\\\/hoerske.de\\\/blog\\\/2019\\\/05\\\/das-wochenende-im-kleingarten\\\/\"},\"author\":{\"name\":\"Timo H\u00f6rske\",\"@id\":\"https:\\\/\\\/hoerske.de\\\/blog\\\/#\\\/schema\\\/person\\\/20677cf2167fc7027b752c3bba78d5fc\"},\"headline\":\"Das Wochenende im Kleingarten\",\"datePublished\":\"2019-05-20T16:00:10+00:00\",\"mainEntityOfPage\":{\"@id\":\"https:\\\/\\\/hoerske.de\\\/blog\\\/2019\\\/05\\\/das-wochenende-im-kleingarten\\\/\"},\"wordCount\":320,\"commentCount\":0,\"publisher\":{\"@id\":\"https:\\\/\\\/hoerske.de\\\/blog\\\/#\\\/schema\\\/person\\\/20677cf2167fc7027b752c3bba78d5fc\"},\"image\":{\"@id\":\"https:\\\/\\\/hoerske.de\\\/blog\\\/2019\\\/05\\\/das-wochenende-im-kleingarten\\\/#primaryimage\"},\"thumbnailUrl\":\"https:\\\/\\\/i0.wp.com\\\/hoerske.de\\\/blog\\\/wp-content\\\/uploads\\\/2019\\\/05\\\/IMG-20190518-WA0002.jpg?fit=1328%2C747&ssl=1\",\"keywords\":[\"Blumenkohl\",\"Broccoli\",\"Kleingarten\",\"Kohlrabi\",\"Paprika\",\"Parzellen\",\"Pflanzen\",\"Tomaten\"],\"articleSection\":[\"2019\",\"Garten\"],\"inLanguage\":\"de\",\"potentialAction\":[{\"@type\":\"CommentAction\",\"name\":\"Comment\",\"target\":[\"https:\\\/\\\/hoerske.de\\\/blog\\\/2019\\\/05\\\/das-wochenende-im-kleingarten\\\/#respond\"]}]},{\"@type\":\"WebPage\",\"@id\":\"https:\\\/\\\/hoerske.de\\\/blog\\\/2019\\\/05\\\/das-wochenende-im-kleingarten\\\/\",\"url\":\"https:\\\/\\\/hoerske.de\\\/blog\\\/2019\\\/05\\\/das-wochenende-im-kleingarten\\\/\",\"name\":\"Das Wochenende im Kleingarten - Timos Paper\",\"isPartOf\":{\"@id\":\"https:\\\/\\\/hoerske.de\\\/blog\\\/#website\"},\"primaryImageOfPage\":{\"@id\":\"https:\\\/\\\/hoerske.de\\\/blog\\\/2019\\\/05\\\/das-wochenende-im-kleingarten\\\/#primaryimage\"},\"image\":{\"@id\":\"https:\\\/\\\/hoerske.de\\\/blog\\\/2019\\\/05\\\/das-wochenende-im-kleingarten\\\/#primaryimage\"},\"thumbnailUrl\":\"https:\\\/\\\/i0.wp.com\\\/hoerske.de\\\/blog\\\/wp-content\\\/uploads\\\/2019\\\/05\\\/IMG-20190518-WA0002.jpg?fit=1328%2C747&ssl=1\",\"datePublished\":\"2019-05-20T16:00:10+00:00\",\"description\":\"Es war ein richtig sch\u00f6nes Wochenende. Die Temperaturen sommerlich und gr\u00f6\u00dftenteils trocken. Also die perfekte Gelegenheit nach den Eisheiligen endlich alle empfindlichen Pflanzen im Kleingarten rauszubringen.\",\"breadcrumb\":{\"@id\":\"https:\\\/\\\/hoerske.de\\\/blog\\\/2019\\\/05\\\/das-wochenende-im-kleingarten\\\/#breadcrumb\"},\"inLanguage\":\"de\",\"potentialAction\":[{\"@type\":\"ReadAction\",\"target\":[\"https:\\\/\\\/hoerske.de\\\/blog\\\/2019\\\/05\\\/das-wochenende-im-kleingarten\\\/\"]}]},{\"@type\":\"ImageObject\",\"inLanguage\":\"de\",\"@id\":\"https:\\\/\\\/hoerske.de\\\/blog\\\/2019\\\/05\\\/das-wochenende-im-kleingarten\\\/#primaryimage\",\"url\":\"https:\\\/\\\/i0.wp.com\\\/hoerske.de\\\/blog\\\/wp-content\\\/uploads\\\/2019\\\/05\\\/IMG-20190518-WA0002.jpg?fit=1328%2C747&ssl=1\",\"contentUrl\":\"https:\\\/\\\/i0.wp.com\\\/hoerske.de\\\/blog\\\/wp-content\\\/uploads\\\/2019\\\/05\\\/IMG-20190518-WA0002.jpg?fit=1328%2C747&ssl=1\",\"width\":1328,\"height\":747},{\"@type\":\"BreadcrumbList\",\"@id\":\"https:\\\/\\\/hoerske.de\\\/blog\\\/2019\\\/05\\\/das-wochenende-im-kleingarten\\\/#breadcrumb\",\"itemListElement\":[{\"@type\":\"ListItem\",\"position\":1,\"name\":\"Startseite\",\"item\":\"https:\\\/\\\/hoerske.de\\\/blog\\\/\"},{\"@type\":\"ListItem\",\"position\":2,\"name\":\"Das Wochenende im Kleingarten\"}]},{\"@type\":\"WebSite\",\"@id\":\"https:\\\/\\\/hoerske.de\\\/blog\\\/#website\",\"url\":\"https:\\\/\\\/hoerske.de\\\/blog\\\/\",\"name\":\"Timos Blog\",\"description\":\"ego cogito, ergo sum\",\"publisher\":{\"@id\":\"https:\\\/\\\/hoerske.de\\\/blog\\\/#\\\/schema\\\/person\\\/20677cf2167fc7027b752c3bba78d5fc\"},\"potentialAction\":[{\"@type\":\"SearchAction\",\"target\":{\"@type\":\"EntryPoint\",\"urlTemplate\":\"https:\\\/\\\/hoerske.de\\\/blog\\\/?s={search_term_string}\"},\"query-input\":{\"@type\":\"PropertyValueSpecification\",\"valueRequired\":true,\"valueName\":\"search_term_string\"}}],\"inLanguage\":\"de\"},{\"@type\":[\"Person\",\"Organization\"],\"@id\":\"https:\\\/\\\/hoerske.de\\\/blog\\\/#\\\/schema\\\/person\\\/20677cf2167fc7027b752c3bba78d5fc\",\"name\":\"Timo H\u00f6rske\",\"image\":{\"@type\":\"ImageObject\",\"inLanguage\":\"de\",\"@id\":\"https:\\\/\\\/i0.wp.com\\\/hoerske.de\\\/blog\\\/wp-content\\\/uploads\\\/2023\\\/01\\\/16711213967602.jpg?fit=1024%2C954&ssl=1\",\"url\":\"https:\\\/\\\/i0.wp.com\\\/hoerske.de\\\/blog\\\/wp-content\\\/uploads\\\/2023\\\/01\\\/16711213967602.jpg?fit=1024%2C954&ssl=1\",\"contentUrl\":\"https:\\\/\\\/i0.wp.com\\\/hoerske.de\\\/blog\\\/wp-content\\\/uploads\\\/2023\\\/01\\\/16711213967602.jpg?fit=1024%2C954&ssl=1\",\"width\":1024,\"height\":954,\"caption\":\"Timo H\u00f6rske\"},\"logo\":{\"@id\":\"https:\\\/\\\/i0.wp.com\\\/hoerske.de\\\/blog\\\/wp-content\\\/uploads\\\/2023\\\/01\\\/16711213967602.jpg?fit=1024%2C954&ssl=1\"},\"description\":\"Jahrgang 1985, als \\\"Ossi\\\" geboren, im beschaulichen Premnitz an der Havel aufgewachsen. Natur- und Kunstliebhaber. Seit \u00fcber 10 Jahren Wahlbremerhavener, K\u00fcsten- und Windfan. So ziemlich an Allem interessiert. Schwerpunkte sind aber eindeutig Politik, Gesellschaft, Rechtswesen, Natur, Imkerei und Technik. Rotes Parteibuch, Mitglied des Jugendhilfeausschusses der Stadt Bremerhaven, Vorsitzender eines Kleing\u00e4rtnervereins, Fachberater f\u00fcr das Kleingartenwesen, Verbandschef der Bremerhavener Kleing\u00e4rtner*innen. Hobbyimker, Freizeitblogger, Techniknerd.\",\"sameAs\":[\"https:\\\/\\\/www.hoerske.de\\\/\",\"https:\\\/\\\/www.facebook.com\\\/timo.hoerske\",\"https:\\\/\\\/www.instagram.com\\\/thoerske\\\/\",\"https:\\\/\\\/x.com\\\/timo_hoerske\"],\"url\":\"https:\\\/\\\/hoerske.de\\\/blog\\\/author\\\/roter_admin\\\/\"}]}<\/script>\n<!-- \/ Yoast SEO Premium plugin. -->","yoast_head_json":{"title":"Das Wochenende im Kleingarten - Timos Paper","description":"Es war ein richtig sch\u00f6nes Wochenende. Die Temperaturen sommerlich und gr\u00f6\u00dftenteils trocken. Also die perfekte Gelegenheit nach den Eisheiligen endlich alle empfindlichen Pflanzen im Kleingarten rauszubringen.","robots":{"index":"index","follow":"follow","max-snippet":"max-snippet:-1","max-image-preview":"max-image-preview:large","max-video-preview":"max-video-preview:-1"},"canonical":"https:\/\/hoerske.de\/blog\/2019\/05\/das-wochenende-im-kleingarten\/","og_locale":"de_DE","og_type":"article","og_title":"Das Wochenende im Kleingarten","og_description":"Es war ein richtig sch\u00f6nes Wochenende. Die Temperaturen sommerlich und gr\u00f6\u00dftenteils trocken. Also die perfekte Gelegenheit nach den Eisheiligen endlich alle empfindlichen Pflanzen im Kleingarten rauszubringen.","og_url":"https:\/\/hoerske.de\/blog\/2019\/05\/das-wochenende-im-kleingarten\/","og_site_name":"Timos Paper","article_publisher":"https:\/\/www.facebook.com\/timo.hoerske","article_author":"https:\/\/www.facebook.com\/timo.hoerske","article_published_time":"2019-05-20T16:00:10+00:00","og_image":[{"width":1328,"height":747,"url":"https:\/\/i0.wp.com\/blog.hoerske.de\/wp-content\/uploads\/2019\/05\/IMG-20190518-WA0002.jpg?fit=1328%2C747","type":"image\/jpeg"}],"author":"Timo H\u00f6rske","twitter_card":"summary_large_image","twitter_creator":"@timo_hoerske","twitter_site":"@timo_hoerske","twitter_misc":{"Verfasst von":"Timo H\u00f6rske","Gesch\u00e4tzte Lesezeit":"2\u00a0Minuten"},"schema":{"@context":"https:\/\/schema.org","@graph":[{"@type":"Article","@id":"https:\/\/hoerske.de\/blog\/2019\/05\/das-wochenende-im-kleingarten\/#article","isPartOf":{"@id":"https:\/\/hoerske.de\/blog\/2019\/05\/das-wochenende-im-kleingarten\/"},"author":{"name":"Timo H\u00f6rske","@id":"https:\/\/hoerske.de\/blog\/#\/schema\/person\/20677cf2167fc7027b752c3bba78d5fc"},"headline":"Das Wochenende im Kleingarten","datePublished":"2019-05-20T16:00:10+00:00","mainEntityOfPage":{"@id":"https:\/\/hoerske.de\/blog\/2019\/05\/das-wochenende-im-kleingarten\/"},"wordCount":320,"commentCount":0,"publisher":{"@id":"https:\/\/hoerske.de\/blog\/#\/schema\/person\/20677cf2167fc7027b752c3bba78d5fc"},"image":{"@id":"https:\/\/hoerske.de\/blog\/2019\/05\/das-wochenende-im-kleingarten\/#primaryimage"},"thumbnailUrl":"https:\/\/i0.wp.com\/hoerske.de\/blog\/wp-content\/uploads\/2019\/05\/IMG-20190518-WA0002.jpg?fit=1328%2C747&ssl=1","keywords":["Blumenkohl","Broccoli","Kleingarten","Kohlrabi","Paprika","Parzellen","Pflanzen","Tomaten"],"articleSection":["2019","Garten"],"inLanguage":"de","potentialAction":[{"@type":"CommentAction","name":"Comment","target":["https:\/\/hoerske.de\/blog\/2019\/05\/das-wochenende-im-kleingarten\/#respond"]}]},{"@type":"WebPage","@id":"https:\/\/hoerske.de\/blog\/2019\/05\/das-wochenende-im-kleingarten\/","url":"https:\/\/hoerske.de\/blog\/2019\/05\/das-wochenende-im-kleingarten\/","name":"Das Wochenende im Kleingarten - Timos Paper","isPartOf":{"@id":"https:\/\/hoerske.de\/blog\/#website"},"primaryImageOfPage":{"@id":"https:\/\/hoerske.de\/blog\/2019\/05\/das-wochenende-im-kleingarten\/#primaryimage"},"image":{"@id":"https:\/\/hoerske.de\/blog\/2019\/05\/das-wochenende-im-kleingarten\/#primaryimage"},"thumbnailUrl":"https:\/\/i0.wp.com\/hoerske.de\/blog\/wp-content\/uploads\/2019\/05\/IMG-20190518-WA0002.jpg?fit=1328%2C747&ssl=1","datePublished":"2019-05-20T16:00:10+00:00","description":"Es war ein richtig sch\u00f6nes Wochenende. Die Temperaturen sommerlich und gr\u00f6\u00dftenteils trocken. Also die perfekte Gelegenheit nach den Eisheiligen endlich alle empfindlichen Pflanzen im Kleingarten rauszubringen.","breadcrumb":{"@id":"https:\/\/hoerske.de\/blog\/2019\/05\/das-wochenende-im-kleingarten\/#breadcrumb"},"inLanguage":"de","potentialAction":[{"@type":"ReadAction","target":["https:\/\/hoerske.de\/blog\/2019\/05\/das-wochenende-im-kleingarten\/"]}]},{"@type":"ImageObject","inLanguage":"de","@id":"https:\/\/hoerske.de\/blog\/2019\/05\/das-wochenende-im-kleingarten\/#primaryimage","url":"https:\/\/i0.wp.com\/hoerske.de\/blog\/wp-content\/uploads\/2019\/05\/IMG-20190518-WA0002.jpg?fit=1328%2C747&ssl=1","contentUrl":"https:\/\/i0.wp.com\/hoerske.de\/blog\/wp-content\/uploads\/2019\/05\/IMG-20190518-WA0002.jpg?fit=1328%2C747&ssl=1","width":1328,"height":747},{"@type":"BreadcrumbList","@id":"https:\/\/hoerske.de\/blog\/2019\/05\/das-wochenende-im-kleingarten\/#breadcrumb","itemListElement":[{"@type":"ListItem","position":1,"name":"Startseite","item":"https:\/\/hoerske.de\/blog\/"},{"@type":"ListItem","position":2,"name":"Das Wochenende im Kleingarten"}]},{"@type":"WebSite","@id":"https:\/\/hoerske.de\/blog\/#website","url":"https:\/\/hoerske.de\/blog\/","name":"Timos Blog","description":"ego cogito, ergo sum","publisher":{"@id":"https:\/\/hoerske.de\/blog\/#\/schema\/person\/20677cf2167fc7027b752c3bba78d5fc"},"potentialAction":[{"@type":"SearchAction","target":{"@type":"EntryPoint","urlTemplate":"https:\/\/hoerske.de\/blog\/?s={search_term_string}"},"query-input":{"@type":"PropertyValueSpecification","valueRequired":true,"valueName":"search_term_string"}}],"inLanguage":"de"},{"@type":["Person","Organization"],"@id":"https:\/\/hoerske.de\/blog\/#\/schema\/person\/20677cf2167fc7027b752c3bba78d5fc","name":"Timo H\u00f6rske","image":{"@type":"ImageObject","inLanguage":"de","@id":"https:\/\/i0.wp.com\/hoerske.de\/blog\/wp-content\/uploads\/2023\/01\/16711213967602.jpg?fit=1024%2C954&ssl=1","url":"https:\/\/i0.wp.com\/hoerske.de\/blog\/wp-content\/uploads\/2023\/01\/16711213967602.jpg?fit=1024%2C954&ssl=1","contentUrl":"https:\/\/i0.wp.com\/hoerske.de\/blog\/wp-content\/uploads\/2023\/01\/16711213967602.jpg?fit=1024%2C954&ssl=1","width":1024,"height":954,"caption":"Timo H\u00f6rske"},"logo":{"@id":"https:\/\/i0.wp.com\/hoerske.de\/blog\/wp-content\/uploads\/2023\/01\/16711213967602.jpg?fit=1024%2C954&ssl=1"},"description":"Jahrgang 1985, als \"Ossi\" geboren, im beschaulichen Premnitz an der Havel aufgewachsen. Natur- und Kunstliebhaber. Seit \u00fcber 10 Jahren Wahlbremerhavener, K\u00fcsten- und Windfan. So ziemlich an Allem interessiert. Schwerpunkte sind aber eindeutig Politik, Gesellschaft, Rechtswesen, Natur, Imkerei und Technik. Rotes Parteibuch, Mitglied des Jugendhilfeausschusses der Stadt Bremerhaven, Vorsitzender eines Kleing\u00e4rtnervereins, Fachberater f\u00fcr das Kleingartenwesen, Verbandschef der Bremerhavener Kleing\u00e4rtner*innen. Hobbyimker, Freizeitblogger, Techniknerd.","sameAs":["https:\/\/www.hoerske.de\/","https:\/\/www.facebook.com\/timo.hoerske","https:\/\/www.instagram.com\/thoerske\/","https:\/\/x.com\/timo_hoerske"],"url":"https:\/\/hoerske.de\/blog\/author\/roter_admin\/"}]}},"jetpack_publicize_connections":[],"jetpack_featured_media_url":"https:\/\/i0.wp.com\/hoerske.de\/blog\/wp-content\/uploads\/2019\/05\/IMG-20190518-WA0002.jpg?fit=1328%2C747&ssl=1","jetpack_shortlink":"https:\/\/wp.me\/p4W3ht-1ql","jetpack_sharing_enabled":true,"_links":{"self":[{"href":"https:\/\/hoerske.de\/blog\/wp-json\/wp\/v2\/posts\/5477","targetHints":{"allow":["GET"]}}],"collection":[{"href":"https:\/\/hoerske.de\/blog\/wp-json\/wp\/v2\/posts"}],"about":[{"href":"https:\/\/hoerske.de\/blog\/wp-json\/wp\/v2\/types\/post"}],"author":[{"embeddable":true,"href":"https:\/\/hoerske.de\/blog\/wp-json\/wp\/v2\/users\/1"}],"replies":[{"embeddable":true,"href":"https:\/\/hoerske.de\/blog\/wp-json\/wp\/v2\/comments?post=5477"}],"version-history":[{"count":0,"href":"https:\/\/hoerske.de\/blog\/wp-json\/wp\/v2\/posts\/5477\/revisions"}],"wp:featuredmedia":[{"embeddable":true,"href":"https:\/\/hoerske.de\/blog\/wp-json\/wp\/v2\/media\/5478"}],"wp:attachment":[{"href":"https:\/\/hoerske.de\/blog\/wp-json\/wp\/v2\/media?parent=5477"}],"wp:term":[{"taxonomy":"category","embeddable":true,"href":"https:\/\/hoerske.de\/blog\/wp-json\/wp\/v2\/categories?post=5477"},{"taxonomy":"post_tag","embeddable":true,"href":"https:\/\/hoerske.de\/blog\/wp-json\/wp\/v2\/tags?post=5477"}],"curies":[{"name":"wp","href":"https:\/\/api.w.org\/{rel}","templated":true}]}}