{"id":529,"date":"2015-08-10T22:05:19","date_gmt":"2015-08-10T20:05:19","guid":{"rendered":"https:\/\/www.hoerske.de\/?p=529"},"modified":"2015-08-10T20:56:40","modified_gmt":"2015-08-10T18:56:40","slug":"raetsel-der-woche-welches-buch-ist-es","status":"publish","type":"post","link":"https:\/\/hoerske.de\/blog\/2015\/08\/raetsel-der-woche-welches-buch-ist-es\/","title":{"rendered":"R\u00e4tsel der Woche: Welches Buch ist es?"},"content":{"rendered":"<p>Bin bisschen im Verzug mit dem R\u00e4tsel der Woche:<\/p>\n<p>Heute geht es um die Kategorie Literatur. Ich habe mal ein Wordle ((mehr zum Thema Wordle habe ich bereits fr\u00fcher f\u00fcr euch rausgesucht:\u00a0<a href=\"https:\/\/www.hoerske.de\/blog\/wisst-ihr-noch-heute-wordle\/\" target=\"_blank\">hier klicken!<\/a>)) f\u00fcr euch mit den wichtigsten Worten aus den ersten Kapiteln. Erratet Ihr um welches Buch es geht? Wisst Ihr auch den Autor dazu?<\/p>\n<figure id=\"attachment_530\" aria-describedby=\"caption-attachment-530\" style=\"width: 300px\" class=\"wp-caption aligncenter\"><a href=\"https:\/\/i0.wp.com\/www.hoerske.de\/blog\/wp-content\/uploads\/2015\/08\/wordle_morck.png?ssl=1\"><img data-recalc-dims=\"1\" loading=\"lazy\" decoding=\"async\" class=\"wp-image-530 size-medium\" src=\"https:\/\/i0.wp.com\/www.hoerske.de\/blog\/wp-content\/uploads\/2015\/08\/wordle_morck-300x192.png?resize=300%2C192&#038;ssl=1\" alt=\"Wordle zum Buch\" width=\"300\" height=\"192\" srcset=\"https:\/\/i0.wp.com\/hoerske.de\/blog\/wp-content\/uploads\/2015\/08\/wordle_morck.png?resize=300%2C192&amp;ssl=1 300w, https:\/\/i0.wp.com\/hoerske.de\/blog\/wp-content\/uploads\/2015\/08\/wordle_morck.png?w=792&amp;ssl=1 792w\" sizes=\"auto, (max-width: 300px) 100vw, 300px\" \/><\/a><figcaption id=\"caption-attachment-530\" class=\"wp-caption-text\">Wordle zum R\u00e4tsel &#8211; macht doch mal selber eines unter <a href=\"http:\/\/wordle.net\/create\" target=\"_blank\">http:\/\/wordle.net\/create<\/a><\/figcaption><\/figure>\n<p><!--more--><\/p>\n<p>Tipps gef\u00e4llig? Aber klar: Das Orginal ist in D\u00e4nisch, es liegt auf meinem Nachtschrank und man k\u00f6nnte es als Krimi bezeichnen.<\/p>\n","protected":false},"excerpt":{"rendered":"<p>Bin bisschen im Verzug mit dem R\u00e4tsel der Woche: Heute geht es um die Kategorie Literatur. Ich habe mal ein Wordle ((mehr zum Thema Wordle habe ich bereits fr\u00fcher f\u00fcr euch rausgesucht:\u00a0hier klicken!)) f\u00fcr euch mit den wichtigsten Worten aus den ersten Kapiteln. Erratet Ihr um welches Buch es geht?<\/p>\n","protected":false},"author":1,"featured_media":530,"comment_status":"open","ping_status":"open","sticky":false,"template":"","format":"standard","meta":{"jetpack_post_was_ever_published":false,"_jetpack_newsletter_access":"","_jetpack_dont_email_post_to_subs":false,"_jetpack_newsletter_tier_id":0,"_jetpack_memberships_contains_paywalled_content":false,"_jetpack_memberships_contains_paid_content":false,"footnotes":"","jetpack_publicize_message":"","jetpack_publicize_feature_enabled":true,"jetpack_social_post_already_shared":true,"jetpack_social_options":{"image_generator_settings":{"template":"highway","default_image_id":0,"font":"","enabled":false},"version":2},"_wpas_customize_per_network":false},"categories":[120],"tags":[142,141],"class_list":["post-529","post","type-post","status-publish","format-standard","has-post-thumbnail","hentry","category-fragen","tag-daenisch","tag-literatur"],"yoast_head":"<!-- This site is optimized with the Yoast SEO Premium plugin v27.3 (Yoast SEO v27.3) - https:\/\/yoast.com\/product\/yoast-seo-premium-wordpress\/ -->\n<title>R\u00e4tsel der Woche: Welches Buch ist es? - Timos Paper<\/title>\n<meta name=\"description\" content=\"Ich habe mal ein Wordle f\u00fcr euch mit den wichtigsten Worten aus den ersten Kapiteln. Erratet Ihr um welches Buch es geht? Wisst Ihr auch den Autor dazu?\" \/>\n<meta name=\"robots\" content=\"index, follow, max-snippet:-1, max-image-preview:large, max-video-preview:-1\" \/>\n<link rel=\"canonical\" href=\"https:\/\/hoerske.de\/blog\/2015\/08\/raetsel-der-woche-welches-buch-ist-es\/\" \/>\n<meta property=\"og:locale\" content=\"de_DE\" \/>\n<meta property=\"og:type\" content=\"article\" \/>\n<meta property=\"og:title\" content=\"R\u00e4tsel der Woche: Welches Buch ist es?\" \/>\n<meta property=\"og:description\" content=\"Ich habe mal ein Wordle f\u00fcr euch mit den wichtigsten Worten aus den ersten Kapiteln. Erratet Ihr um welches Buch es geht? Wisst Ihr auch den Autor dazu?\" \/>\n<meta property=\"og:url\" content=\"https:\/\/hoerske.de\/blog\/2015\/08\/raetsel-der-woche-welches-buch-ist-es\/\" \/>\n<meta property=\"og:site_name\" content=\"Timos Paper\" \/>\n<meta property=\"article:publisher\" content=\"https:\/\/www.facebook.com\/timo.hoerske\" \/>\n<meta property=\"article:author\" content=\"https:\/\/www.facebook.com\/timo.hoerske\" \/>\n<meta property=\"article:published_time\" content=\"2015-08-10T20:05:19+00:00\" \/>\n<meta property=\"og:image\" content=\"https:\/\/i0.wp.com\/blog.hoerske.de\/wp-content\/uploads\/2015\/08\/wordle_morck.png?fit=792%2C506\" \/>\n\t<meta property=\"og:image:width\" content=\"792\" \/>\n\t<meta property=\"og:image:height\" content=\"506\" \/>\n\t<meta property=\"og:image:type\" content=\"image\/png\" \/>\n<meta name=\"author\" content=\"Timo H\u00f6rske\" \/>\n<meta name=\"twitter:card\" content=\"summary_large_image\" \/>\n<meta name=\"twitter:creator\" content=\"@timo_hoerske\" \/>\n<meta name=\"twitter:site\" content=\"@timo_hoerske\" \/>\n<meta name=\"twitter:label1\" content=\"Verfasst von\" \/>\n\t<meta name=\"twitter:data1\" content=\"Timo H\u00f6rske\" \/>\n\t<meta name=\"twitter:label2\" content=\"Gesch\u00e4tzte Lesezeit\" \/>\n\t<meta name=\"twitter:data2\" content=\"1\u00a0Minute\" \/>\n<script type=\"application\/ld+json\" class=\"yoast-schema-graph\">{\"@context\":\"https:\\\/\\\/schema.org\",\"@graph\":[{\"@type\":\"Article\",\"@id\":\"https:\\\/\\\/hoerske.de\\\/blog\\\/2015\\\/08\\\/raetsel-der-woche-welches-buch-ist-es\\\/#article\",\"isPartOf\":{\"@id\":\"https:\\\/\\\/hoerske.de\\\/blog\\\/2015\\\/08\\\/raetsel-der-woche-welches-buch-ist-es\\\/\"},\"author\":{\"name\":\"Timo H\u00f6rske\",\"@id\":\"https:\\\/\\\/hoerske.de\\\/blog\\\/#\\\/schema\\\/person\\\/20677cf2167fc7027b752c3bba78d5fc\"},\"headline\":\"R\u00e4tsel der Woche: Welches Buch ist es?\",\"datePublished\":\"2015-08-10T20:05:19+00:00\",\"mainEntityOfPage\":{\"@id\":\"https:\\\/\\\/hoerske.de\\\/blog\\\/2015\\\/08\\\/raetsel-der-woche-welches-buch-ist-es\\\/\"},\"wordCount\":115,\"commentCount\":0,\"publisher\":{\"@id\":\"https:\\\/\\\/hoerske.de\\\/blog\\\/#\\\/schema\\\/person\\\/20677cf2167fc7027b752c3bba78d5fc\"},\"image\":{\"@id\":\"https:\\\/\\\/hoerske.de\\\/blog\\\/2015\\\/08\\\/raetsel-der-woche-welches-buch-ist-es\\\/#primaryimage\"},\"thumbnailUrl\":\"https:\\\/\\\/i0.wp.com\\\/hoerske.de\\\/blog\\\/wp-content\\\/uploads\\\/2015\\\/08\\\/wordle_morck.png?fit=792%2C506&ssl=1\",\"keywords\":[\"D\u00e4nisch\",\"Literatur\"],\"articleSection\":[\"Fragen\"],\"inLanguage\":\"de\",\"potentialAction\":[{\"@type\":\"CommentAction\",\"name\":\"Comment\",\"target\":[\"https:\\\/\\\/hoerske.de\\\/blog\\\/2015\\\/08\\\/raetsel-der-woche-welches-buch-ist-es\\\/#respond\"]}]},{\"@type\":\"WebPage\",\"@id\":\"https:\\\/\\\/hoerske.de\\\/blog\\\/2015\\\/08\\\/raetsel-der-woche-welches-buch-ist-es\\\/\",\"url\":\"https:\\\/\\\/hoerske.de\\\/blog\\\/2015\\\/08\\\/raetsel-der-woche-welches-buch-ist-es\\\/\",\"name\":\"R\u00e4tsel der Woche: Welches Buch ist es? - Timos Paper\",\"isPartOf\":{\"@id\":\"https:\\\/\\\/hoerske.de\\\/blog\\\/#website\"},\"primaryImageOfPage\":{\"@id\":\"https:\\\/\\\/hoerske.de\\\/blog\\\/2015\\\/08\\\/raetsel-der-woche-welches-buch-ist-es\\\/#primaryimage\"},\"image\":{\"@id\":\"https:\\\/\\\/hoerske.de\\\/blog\\\/2015\\\/08\\\/raetsel-der-woche-welches-buch-ist-es\\\/#primaryimage\"},\"thumbnailUrl\":\"https:\\\/\\\/i0.wp.com\\\/hoerske.de\\\/blog\\\/wp-content\\\/uploads\\\/2015\\\/08\\\/wordle_morck.png?fit=792%2C506&ssl=1\",\"datePublished\":\"2015-08-10T20:05:19+00:00\",\"description\":\"Ich habe mal ein Wordle f\u00fcr euch mit den wichtigsten Worten aus den ersten Kapiteln. Erratet Ihr um welches Buch es geht? Wisst Ihr auch den Autor dazu?\",\"breadcrumb\":{\"@id\":\"https:\\\/\\\/hoerske.de\\\/blog\\\/2015\\\/08\\\/raetsel-der-woche-welches-buch-ist-es\\\/#breadcrumb\"},\"inLanguage\":\"de\",\"potentialAction\":[{\"@type\":\"ReadAction\",\"target\":[\"https:\\\/\\\/hoerske.de\\\/blog\\\/2015\\\/08\\\/raetsel-der-woche-welches-buch-ist-es\\\/\"]}]},{\"@type\":\"ImageObject\",\"inLanguage\":\"de\",\"@id\":\"https:\\\/\\\/hoerske.de\\\/blog\\\/2015\\\/08\\\/raetsel-der-woche-welches-buch-ist-es\\\/#primaryimage\",\"url\":\"https:\\\/\\\/i0.wp.com\\\/hoerske.de\\\/blog\\\/wp-content\\\/uploads\\\/2015\\\/08\\\/wordle_morck.png?fit=792%2C506&ssl=1\",\"contentUrl\":\"https:\\\/\\\/i0.wp.com\\\/hoerske.de\\\/blog\\\/wp-content\\\/uploads\\\/2015\\\/08\\\/wordle_morck.png?fit=792%2C506&ssl=1\",\"width\":792,\"height\":506},{\"@type\":\"BreadcrumbList\",\"@id\":\"https:\\\/\\\/hoerske.de\\\/blog\\\/2015\\\/08\\\/raetsel-der-woche-welches-buch-ist-es\\\/#breadcrumb\",\"itemListElement\":[{\"@type\":\"ListItem\",\"position\":1,\"name\":\"Startseite\",\"item\":\"https:\\\/\\\/hoerske.de\\\/blog\\\/\"},{\"@type\":\"ListItem\",\"position\":2,\"name\":\"R\u00e4tsel der Woche: Welches Buch ist es?\"}]},{\"@type\":\"WebSite\",\"@id\":\"https:\\\/\\\/hoerske.de\\\/blog\\\/#website\",\"url\":\"https:\\\/\\\/hoerske.de\\\/blog\\\/\",\"name\":\"Timos Blog\",\"description\":\"ego cogito, ergo sum\",\"publisher\":{\"@id\":\"https:\\\/\\\/hoerske.de\\\/blog\\\/#\\\/schema\\\/person\\\/20677cf2167fc7027b752c3bba78d5fc\"},\"potentialAction\":[{\"@type\":\"SearchAction\",\"target\":{\"@type\":\"EntryPoint\",\"urlTemplate\":\"https:\\\/\\\/hoerske.de\\\/blog\\\/?s={search_term_string}\"},\"query-input\":{\"@type\":\"PropertyValueSpecification\",\"valueRequired\":true,\"valueName\":\"search_term_string\"}}],\"inLanguage\":\"de\"},{\"@type\":[\"Person\",\"Organization\"],\"@id\":\"https:\\\/\\\/hoerske.de\\\/blog\\\/#\\\/schema\\\/person\\\/20677cf2167fc7027b752c3bba78d5fc\",\"name\":\"Timo H\u00f6rske\",\"image\":{\"@type\":\"ImageObject\",\"inLanguage\":\"de\",\"@id\":\"https:\\\/\\\/i0.wp.com\\\/hoerske.de\\\/blog\\\/wp-content\\\/uploads\\\/2023\\\/01\\\/16711213967602.jpg?fit=1024%2C954&ssl=1\",\"url\":\"https:\\\/\\\/i0.wp.com\\\/hoerske.de\\\/blog\\\/wp-content\\\/uploads\\\/2023\\\/01\\\/16711213967602.jpg?fit=1024%2C954&ssl=1\",\"contentUrl\":\"https:\\\/\\\/i0.wp.com\\\/hoerske.de\\\/blog\\\/wp-content\\\/uploads\\\/2023\\\/01\\\/16711213967602.jpg?fit=1024%2C954&ssl=1\",\"width\":1024,\"height\":954,\"caption\":\"Timo H\u00f6rske\"},\"logo\":{\"@id\":\"https:\\\/\\\/i0.wp.com\\\/hoerske.de\\\/blog\\\/wp-content\\\/uploads\\\/2023\\\/01\\\/16711213967602.jpg?fit=1024%2C954&ssl=1\"},\"description\":\"Jahrgang 1985, als \\\"Ossi\\\" geboren, im beschaulichen Premnitz an der Havel aufgewachsen. Natur- und Kunstliebhaber. Seit \u00fcber 10 Jahren Wahlbremerhavener, K\u00fcsten- und Windfan. So ziemlich an Allem interessiert. Schwerpunkte sind aber eindeutig Politik, Gesellschaft, Rechtswesen, Natur, Imkerei und Technik. Rotes Parteibuch, Mitglied des Jugendhilfeausschusses der Stadt Bremerhaven, Vorsitzender eines Kleing\u00e4rtnervereins, Fachberater f\u00fcr das Kleingartenwesen, Verbandschef der Bremerhavener Kleing\u00e4rtner*innen. Hobbyimker, Freizeitblogger, Techniknerd.\",\"sameAs\":[\"https:\\\/\\\/www.hoerske.de\\\/\",\"https:\\\/\\\/www.facebook.com\\\/timo.hoerske\",\"https:\\\/\\\/www.instagram.com\\\/thoerske\\\/\",\"https:\\\/\\\/x.com\\\/timo_hoerske\"],\"url\":\"https:\\\/\\\/hoerske.de\\\/blog\\\/author\\\/roter_admin\\\/\"}]}<\/script>\n<!-- \/ Yoast SEO Premium plugin. -->","yoast_head_json":{"title":"R\u00e4tsel der Woche: Welches Buch ist es? - Timos Paper","description":"Ich habe mal ein Wordle f\u00fcr euch mit den wichtigsten Worten aus den ersten Kapiteln. Erratet Ihr um welches Buch es geht? Wisst Ihr auch den Autor dazu?","robots":{"index":"index","follow":"follow","max-snippet":"max-snippet:-1","max-image-preview":"max-image-preview:large","max-video-preview":"max-video-preview:-1"},"canonical":"https:\/\/hoerske.de\/blog\/2015\/08\/raetsel-der-woche-welches-buch-ist-es\/","og_locale":"de_DE","og_type":"article","og_title":"R\u00e4tsel der Woche: Welches Buch ist es?","og_description":"Ich habe mal ein Wordle f\u00fcr euch mit den wichtigsten Worten aus den ersten Kapiteln. Erratet Ihr um welches Buch es geht? Wisst Ihr auch den Autor dazu?","og_url":"https:\/\/hoerske.de\/blog\/2015\/08\/raetsel-der-woche-welches-buch-ist-es\/","og_site_name":"Timos Paper","article_publisher":"https:\/\/www.facebook.com\/timo.hoerske","article_author":"https:\/\/www.facebook.com\/timo.hoerske","article_published_time":"2015-08-10T20:05:19+00:00","og_image":[{"width":792,"height":506,"url":"https:\/\/i0.wp.com\/blog.hoerske.de\/wp-content\/uploads\/2015\/08\/wordle_morck.png?fit=792%2C506","type":"image\/png"}],"author":"Timo H\u00f6rske","twitter_card":"summary_large_image","twitter_creator":"@timo_hoerske","twitter_site":"@timo_hoerske","twitter_misc":{"Verfasst von":"Timo H\u00f6rske","Gesch\u00e4tzte Lesezeit":"1\u00a0Minute"},"schema":{"@context":"https:\/\/schema.org","@graph":[{"@type":"Article","@id":"https:\/\/hoerske.de\/blog\/2015\/08\/raetsel-der-woche-welches-buch-ist-es\/#article","isPartOf":{"@id":"https:\/\/hoerske.de\/blog\/2015\/08\/raetsel-der-woche-welches-buch-ist-es\/"},"author":{"name":"Timo H\u00f6rske","@id":"https:\/\/hoerske.de\/blog\/#\/schema\/person\/20677cf2167fc7027b752c3bba78d5fc"},"headline":"R\u00e4tsel der Woche: Welches Buch ist es?","datePublished":"2015-08-10T20:05:19+00:00","mainEntityOfPage":{"@id":"https:\/\/hoerske.de\/blog\/2015\/08\/raetsel-der-woche-welches-buch-ist-es\/"},"wordCount":115,"commentCount":0,"publisher":{"@id":"https:\/\/hoerske.de\/blog\/#\/schema\/person\/20677cf2167fc7027b752c3bba78d5fc"},"image":{"@id":"https:\/\/hoerske.de\/blog\/2015\/08\/raetsel-der-woche-welches-buch-ist-es\/#primaryimage"},"thumbnailUrl":"https:\/\/i0.wp.com\/hoerske.de\/blog\/wp-content\/uploads\/2015\/08\/wordle_morck.png?fit=792%2C506&ssl=1","keywords":["D\u00e4nisch","Literatur"],"articleSection":["Fragen"],"inLanguage":"de","potentialAction":[{"@type":"CommentAction","name":"Comment","target":["https:\/\/hoerske.de\/blog\/2015\/08\/raetsel-der-woche-welches-buch-ist-es\/#respond"]}]},{"@type":"WebPage","@id":"https:\/\/hoerske.de\/blog\/2015\/08\/raetsel-der-woche-welches-buch-ist-es\/","url":"https:\/\/hoerske.de\/blog\/2015\/08\/raetsel-der-woche-welches-buch-ist-es\/","name":"R\u00e4tsel der Woche: Welches Buch ist es? - Timos Paper","isPartOf":{"@id":"https:\/\/hoerske.de\/blog\/#website"},"primaryImageOfPage":{"@id":"https:\/\/hoerske.de\/blog\/2015\/08\/raetsel-der-woche-welches-buch-ist-es\/#primaryimage"},"image":{"@id":"https:\/\/hoerske.de\/blog\/2015\/08\/raetsel-der-woche-welches-buch-ist-es\/#primaryimage"},"thumbnailUrl":"https:\/\/i0.wp.com\/hoerske.de\/blog\/wp-content\/uploads\/2015\/08\/wordle_morck.png?fit=792%2C506&ssl=1","datePublished":"2015-08-10T20:05:19+00:00","description":"Ich habe mal ein Wordle f\u00fcr euch mit den wichtigsten Worten aus den ersten Kapiteln. Erratet Ihr um welches Buch es geht? Wisst Ihr auch den Autor dazu?","breadcrumb":{"@id":"https:\/\/hoerske.de\/blog\/2015\/08\/raetsel-der-woche-welches-buch-ist-es\/#breadcrumb"},"inLanguage":"de","potentialAction":[{"@type":"ReadAction","target":["https:\/\/hoerske.de\/blog\/2015\/08\/raetsel-der-woche-welches-buch-ist-es\/"]}]},{"@type":"ImageObject","inLanguage":"de","@id":"https:\/\/hoerske.de\/blog\/2015\/08\/raetsel-der-woche-welches-buch-ist-es\/#primaryimage","url":"https:\/\/i0.wp.com\/hoerske.de\/blog\/wp-content\/uploads\/2015\/08\/wordle_morck.png?fit=792%2C506&ssl=1","contentUrl":"https:\/\/i0.wp.com\/hoerske.de\/blog\/wp-content\/uploads\/2015\/08\/wordle_morck.png?fit=792%2C506&ssl=1","width":792,"height":506},{"@type":"BreadcrumbList","@id":"https:\/\/hoerske.de\/blog\/2015\/08\/raetsel-der-woche-welches-buch-ist-es\/#breadcrumb","itemListElement":[{"@type":"ListItem","position":1,"name":"Startseite","item":"https:\/\/hoerske.de\/blog\/"},{"@type":"ListItem","position":2,"name":"R\u00e4tsel der Woche: Welches Buch ist es?"}]},{"@type":"WebSite","@id":"https:\/\/hoerske.de\/blog\/#website","url":"https:\/\/hoerske.de\/blog\/","name":"Timos Blog","description":"ego cogito, ergo sum","publisher":{"@id":"https:\/\/hoerske.de\/blog\/#\/schema\/person\/20677cf2167fc7027b752c3bba78d5fc"},"potentialAction":[{"@type":"SearchAction","target":{"@type":"EntryPoint","urlTemplate":"https:\/\/hoerske.de\/blog\/?s={search_term_string}"},"query-input":{"@type":"PropertyValueSpecification","valueRequired":true,"valueName":"search_term_string"}}],"inLanguage":"de"},{"@type":["Person","Organization"],"@id":"https:\/\/hoerske.de\/blog\/#\/schema\/person\/20677cf2167fc7027b752c3bba78d5fc","name":"Timo H\u00f6rske","image":{"@type":"ImageObject","inLanguage":"de","@id":"https:\/\/i0.wp.com\/hoerske.de\/blog\/wp-content\/uploads\/2023\/01\/16711213967602.jpg?fit=1024%2C954&ssl=1","url":"https:\/\/i0.wp.com\/hoerske.de\/blog\/wp-content\/uploads\/2023\/01\/16711213967602.jpg?fit=1024%2C954&ssl=1","contentUrl":"https:\/\/i0.wp.com\/hoerske.de\/blog\/wp-content\/uploads\/2023\/01\/16711213967602.jpg?fit=1024%2C954&ssl=1","width":1024,"height":954,"caption":"Timo H\u00f6rske"},"logo":{"@id":"https:\/\/i0.wp.com\/hoerske.de\/blog\/wp-content\/uploads\/2023\/01\/16711213967602.jpg?fit=1024%2C954&ssl=1"},"description":"Jahrgang 1985, als \"Ossi\" geboren, im beschaulichen Premnitz an der Havel aufgewachsen. Natur- und Kunstliebhaber. Seit \u00fcber 10 Jahren Wahlbremerhavener, K\u00fcsten- und Windfan. So ziemlich an Allem interessiert. Schwerpunkte sind aber eindeutig Politik, Gesellschaft, Rechtswesen, Natur, Imkerei und Technik. Rotes Parteibuch, Mitglied des Jugendhilfeausschusses der Stadt Bremerhaven, Vorsitzender eines Kleing\u00e4rtnervereins, Fachberater f\u00fcr das Kleingartenwesen, Verbandschef der Bremerhavener Kleing\u00e4rtner*innen. Hobbyimker, Freizeitblogger, Techniknerd.","sameAs":["https:\/\/www.hoerske.de\/","https:\/\/www.facebook.com\/timo.hoerske","https:\/\/www.instagram.com\/thoerske\/","https:\/\/x.com\/timo_hoerske"],"url":"https:\/\/hoerske.de\/blog\/author\/roter_admin\/"}]}},"jetpack_publicize_connections":[],"jetpack_featured_media_url":"https:\/\/i0.wp.com\/hoerske.de\/blog\/wp-content\/uploads\/2015\/08\/wordle_morck.png?fit=792%2C506&ssl=1","jetpack_shortlink":"https:\/\/wp.me\/p4W3ht-8x","jetpack_sharing_enabled":true,"_links":{"self":[{"href":"https:\/\/hoerske.de\/blog\/wp-json\/wp\/v2\/posts\/529","targetHints":{"allow":["GET"]}}],"collection":[{"href":"https:\/\/hoerske.de\/blog\/wp-json\/wp\/v2\/posts"}],"about":[{"href":"https:\/\/hoerske.de\/blog\/wp-json\/wp\/v2\/types\/post"}],"author":[{"embeddable":true,"href":"https:\/\/hoerske.de\/blog\/wp-json\/wp\/v2\/users\/1"}],"replies":[{"embeddable":true,"href":"https:\/\/hoerske.de\/blog\/wp-json\/wp\/v2\/comments?post=529"}],"version-history":[{"count":0,"href":"https:\/\/hoerske.de\/blog\/wp-json\/wp\/v2\/posts\/529\/revisions"}],"wp:featuredmedia":[{"embeddable":true,"href":"https:\/\/hoerske.de\/blog\/wp-json\/wp\/v2\/media\/530"}],"wp:attachment":[{"href":"https:\/\/hoerske.de\/blog\/wp-json\/wp\/v2\/media?parent=529"}],"wp:term":[{"taxonomy":"category","embeddable":true,"href":"https:\/\/hoerske.de\/blog\/wp-json\/wp\/v2\/categories?post=529"},{"taxonomy":"post_tag","embeddable":true,"href":"https:\/\/hoerske.de\/blog\/wp-json\/wp\/v2\/tags?post=529"}],"curies":[{"name":"wp","href":"https:\/\/api.w.org\/{rel}","templated":true}]}}