{"id":5284,"date":"2019-02-24T18:00:25","date_gmt":"2019-02-24T16:00:25","guid":{"rendered":"https:\/\/www.hoerske.de\/?p=5284"},"modified":"2019-02-24T20:34:39","modified_gmt":"2019-02-24T18:34:39","slug":"seute-deern-das-bremerhaven-bier-und-ein-weiterer-unterstuetzungstipp","status":"publish","type":"post","link":"https:\/\/hoerske.de\/blog\/2019\/02\/seute-deern-das-bremerhaven-bier-und-ein-weiterer-unterstuetzungstipp\/","title":{"rendered":"Seute Deern, das Bremerhaven Bier und ein weiterer Unterst\u00fctzungstipp"},"content":{"rendered":"<p>In der letzten Woche haben die Ereignisse rund um eines der bedeutendsten Wahrzeichen Bremerhavens, der \u201eSeute Deern\u201c, die Berichterstattung in der Nordsee-Zeitung und die Diskussionen auf Bremerhavenseiten im Netz beherrscht.<\/p>\n<h2>Die Seute Deern geh\u00f6rt zu Bremerhaven<\/h2>\n<blockquote><p>Die \u201eSeute Deern\u201c geh\u00f6rt zu Bremerhaven, wie der Wind zum Deich.<\/p><\/blockquote>\n<p>Ich habe mich in der vergangenen Woche in viele Diskussionen eingemischt und meinen Standpunkt deutlich kund getan. Die Verantwortung liegt einmal mehr bei der Leitung des <a href=\"https:\/\/www.dsm.museum\/\">Deutschen Schiffahrtsmuseums<\/a> ((ich weigere mich trotz Umwidmung das dreifache F zu benutzen.)). Der Druck der \u00d6ffentlichkeit gegen\u00fcber Frau Prof. Dr. Kleing\u00e4rtner als gesch\u00e4ftsf\u00fchrende Direktorin muss noch weiter zunehmen. Es bedarf endlich eines Plans und eines Konzeptes f\u00fcr die Bark. Jetzt ist der Zeitpunkt Farbe zu bekennen.<\/p>\n<h2>Der \u00f6ffentliche Druck<\/h2>\n<p>Wichtig ist es, dass wir Bremerhavenerinnen und Bremerhavener nicht darin nachlassen zu zeigen, welch gro\u00dfe Bedeutung die alte Dame f\u00fcr uns hat. Wir k\u00f6nnen unsere Unterst\u00fctzung auf ganz unterschiedliche Art und Weise einbringen. An dieser Stelle m\u00f6chte ich gerne auf zwei Projekte hinweisen, die es erm\u00f6glichen die eigene Unterst\u00fctzung zu zeigen.<\/p>\n<h2>Seute Deern \u2013 Das Bremerhaven Bier<\/h2>\n<figure id=\"attachment_5291\" aria-describedby=\"caption-attachment-5291\" style=\"width: 300px\" class=\"wp-caption alignleft\"><a href=\"https:\/\/i0.wp.com\/www.hoerske.de\/blog\/wp-content\/uploads\/2019\/02\/IMG-20190224-WA0002.jpg?ssl=1\"><img data-recalc-dims=\"1\" loading=\"lazy\" decoding=\"async\" class=\"wp-image-5291 size-medium\" src=\"https:\/\/i0.wp.com\/www.hoerske.de\/blog\/wp-content\/uploads\/2019\/02\/IMG-20190224-WA0002-300x225.jpg?resize=300%2C225&#038;ssl=1\" alt=\"Seute Deern Bier\" width=\"300\" height=\"225\" srcset=\"https:\/\/i0.wp.com\/hoerske.de\/blog\/wp-content\/uploads\/2019\/02\/IMG-20190224-WA0002.jpg?resize=300%2C225&amp;ssl=1 300w, https:\/\/i0.wp.com\/hoerske.de\/blog\/wp-content\/uploads\/2019\/02\/IMG-20190224-WA0002.jpg?resize=768%2C576&amp;ssl=1 768w, https:\/\/i0.wp.com\/hoerske.de\/blog\/wp-content\/uploads\/2019\/02\/IMG-20190224-WA0002.jpg?resize=360%2C270&amp;ssl=1 360w, https:\/\/i0.wp.com\/hoerske.de\/blog\/wp-content\/uploads\/2019\/02\/IMG-20190224-WA0002.jpg?resize=80%2C60&amp;ssl=1 80w, https:\/\/i0.wp.com\/hoerske.de\/blog\/wp-content\/uploads\/2019\/02\/IMG-20190224-WA0002.jpg?w=1000&amp;ssl=1 1000w\" sizes=\"auto, (max-width: 300px) 100vw, 300px\" \/><\/a><figcaption id=\"caption-attachment-5291\" class=\"wp-caption-text\">&#8220;Seute Deern&#8221; Bier mit dekorativen Vierertr\u00e4ger<\/figcaption><\/figure>\n<p>Eines ist ganz klar: Die \u201eSeute Deern\u201c ist eines der bedeutendsten Wahrzeichen Bremerhavens. Die Bark ist der gr\u00f6\u00dfte h\u00f6lzerner Frachtsegler der Welt, der im Original erhalten geblieben ist. Sie liegt im Museumshafen der Seestadt und ist f\u00fcr viele Bremerhavenerinnen, Bremerhavener, Zugezogene und Touristen eines der Magnete der Havenwelten.<\/p>\n<p>Nur wenig Schiffe habe so viele Geschichten zu erz\u00e4hlen. Die letzten 100 Jahre haben ihre Spuren an der \u201eSeute Deern\u201c hinterlassen und es bedarf einer grundlegenden Restaurierung des Dreimasters.<\/p>\n<p>Mit dem <a href=\"https:\/\/www.klimahaus-bremerhaven.de\/\">Klimahaus 8\u00b0Ost Bremerhaven<\/a> hat die alte Dame einen prominenten Unterst\u00fctzer aus der Nachbarschaft. Seit Juni 2018 bietet das Klimahaus ein Bier mit dem Namen <a href=\"http:\/\/www.seutedeernbier.de\/\">\u201eSEUTE DEERN\u201c<\/a> auf dem Markt an. Von jeder verkauften Flasche gehen 10 Cent als Spende f\u00fcr die Rettung des Frachtseglers.<\/p>\n<p>Die Idee f\u00fcr das wohlt\u00e4tige Vorhaben hatte Arne Dunker, Gesch\u00e4ftsf\u00fchrer und Mitgesellschafter des Klimahauses. Sicherlich aus dem einfachen Grund, dass dessen berufliche Anf\u00e4nge ebenfalls im Brauereigesch\u00e4ft lagen.<\/p>\n<h2>Das Bier<\/h2>\n<p>Das \u201eSEUTE DEERN\u201c Rotbier wurde zusammen mit der Union Brauerei Bremen entwickelt und wird dort produziert. Es ist gleichzeitig ein lokales Produkt, eine Identifikationsm\u00f6glichkeit mit dem Bremerhavener Kulturdenkmal und erm\u00f6glicht jedem einen Teil der Verantwortung f\u00fcr das Fortbestehen der \u201eSeute Deern\u201c zu \u00fcbernehmen.<\/p>\n<p>Als Rotbier wird das Produkt traditionell mit hohem Malzanteil gebraut, lokal in Bremen in der Unions Brauerei herstellt und abgef\u00fcllt. Den Farbton w\u00fcrde ich als kupferfarben bezeichnen und ist leicht hefetr\u00fcb. Der Geschmack zeichnet sich durch einen feinen Bitterton aus und wird durch eine markante s\u00fc\u00dfliche Malznote abgerundet. Mit einem Stammw\u00fcrzegehalt von 12,5\u00b0 Plato und 5,5 Vol.-% Alkohol ist es ein eher leichtes Bier, dessen Geschmack aber deutlich herber und schwerer daher kommt, als man es zun\u00e4chst vermuten w\u00fcrde.<\/p>\n<p>Ich w\u00fcrde den Geschmack durchaus als norddeutsch bezeichnen. Ein bisschen eigen, dennoch wohlschmeckend und mit einem hohen Wiedererkennungswert. Meiner Meinung nach ist der Geschmack sehr passend f\u00fcr ein \u201eBremerhaven Bier\u201c.<\/p>\n<h2>Wo bekomme ich das Bier her?<\/h2>\n<p>Das \u201eSEUTE DEERN\u201c Rotbier gibt es im praktischen und dekorativen Vierertr\u00e4ger im Klimahaus-Shop \u201e8\u00b0 Ost\u201c, in ausgew\u00e4hlten L\u00e4den, wie den <a href=\"https:\/\/www.bremerhavens-segelmacher.de\/\">Bremerhavener Segelmachern<\/a>, verschiedenen Lokalen sowie im Museumsshop des Deutschen Schiffahrtsmuseums.<\/p>\n<h2>Unterst\u00fctzungstipp No\u00b0 Zwei<\/h2>\n<p>Obwohl es das Bier seit Mitte 2018 gibt, bin ich erst durch die Facebook Seite \u201e<a href=\"https:\/\/www.facebook.com\/Wir-lieben-die-SEUTE-DEERN-2343611752537076\/\">Wir lieben die SEUTE DEERN<\/a>\u201c darauf gesto\u00dfen. Diese lebhafte Community hat sich am Samstag nach dem Brand auf Initiative von Eva Erkenberg gegr\u00fcndet. Bis Stand heute ((23. Februar 2019 \u2013 23:50 Uhr)) gef\u00e4llt das bereits 659 Personen. Lasst uns gemeinsam den Unterst\u00fctzerkreis ausbauen. Schaut vorbei, empfehlt die Seite weiter und beteiligt euch mit Bildern und pers\u00f6nlichen Geschichten rund um unsere geliebte \u201eSeute Deern\u201c.<\/p>\n<p><strong>Weitere Beitr\u00e4ge zur Seute Deern auf meinem Blog:<\/strong><\/p>\n<p class=\"entry-title\"><a href=\"https:\/\/www.hoerske.de\/blog\/die-seute-deern-eine-unendliche-geschichte-aus-bremerhaven\/\" rel=\"bookmark\">Die \u201cSeute Deern\u201d \u2013 eine unendliche Geschichte aus Bremerhaven<\/a><\/p>\n<p class=\"entry-title\"><a href=\"https:\/\/www.hoerske.de\/blog\/ergaenzung-zu-die-seute-deern-eine-unendliche-geschichte-aus-bremerhaven\/\" rel=\"bookmark\">Erg\u00e4nzung zu: Die \u201cSeute Deern\u201d \u2013 eine unendliche Geschichte aus Bremerhaven<\/a><\/p>\n","protected":false},"excerpt":{"rendered":"<p>Mit dem Klimahaus 8\u00b0Ost Bremerhaven hat die alte Dame einen prominenten Unterst\u00fctzer aus der Nachbarschaft. Seit Juni 2018 bietet das Klimahaus ein Bier mit dem Namen \u201eSEUTE DEERN\u201c auf dem Markt an. Von jeder verkauften Flasche gehen 10 Cent als Spende f\u00fcr die Rettung des Frachtseglers.<\/p>\n","protected":false},"author":1,"featured_media":3319,"comment_status":"open","ping_status":"open","sticky":false,"template":"","format":"standard","meta":{"jetpack_post_was_ever_published":false,"_jetpack_newsletter_access":"","_jetpack_dont_email_post_to_subs":false,"_jetpack_newsletter_tier_id":0,"_jetpack_memberships_contains_paywalled_content":false,"_jetpack_memberships_contains_paid_content":false,"footnotes":"","jetpack_publicize_message":"","jetpack_publicize_feature_enabled":true,"jetpack_social_post_already_shared":false,"jetpack_social_options":{"image_generator_settings":{"template":"highway","default_image_id":0,"font":"","enabled":false},"version":2},"_wpas_customize_per_network":false},"categories":[2168,930,176],"tags":[2461,2462,1480,145,1062,1046,302],"class_list":["post-5284","post","type-post","status-publish","format-standard","has-post-thumbnail","hentry","category-2168","category-empfehlungen","category-kultur","tag-bark","tag-berichterstattung","tag-bier","tag-bremerhaven","tag-geschmack","tag-seute-deern","tag-verantwortung"],"yoast_head":"<!-- This site is optimized with the Yoast SEO Premium plugin v27.5 (Yoast SEO v27.5) - https:\/\/yoast.com\/product\/yoast-seo-premium-wordpress\/ -->\n<title>Seute Deern, das Bremerhaven Bier und ein weiterer Unterst\u00fctzungstipp - Timos Paper<\/title>\n<meta name=\"description\" content=\"Mit dem Klimahaus 8\u00b0Ost Bremerhaven hat die alte Dame einen prominenten Unterst\u00fctzer aus der Nachbarschaft. Seit Juni 2018 bietet das Klimahaus ein Bier mit dem Namen \u201eSEUTE DEERN\u201c auf dem Markt an. Von jeder verkauften Flasche gehen 10 Cent als Spende f\u00fcr die Rettung des Frachtseglers.\" \/>\n<meta name=\"robots\" content=\"index, follow, max-snippet:-1, max-image-preview:large, max-video-preview:-1\" \/>\n<link rel=\"canonical\" href=\"https:\/\/hoerske.de\/blog\/2019\/02\/seute-deern-das-bremerhaven-bier-und-ein-weiterer-unterstuetzungstipp\/\" \/>\n<meta property=\"og:locale\" content=\"de_DE\" \/>\n<meta property=\"og:type\" content=\"article\" \/>\n<meta property=\"og:title\" content=\"Seute Deern, das Bremerhaven Bier und ein weiterer Unterst\u00fctzungstipp\" \/>\n<meta property=\"og:description\" content=\"Mit dem Klimahaus 8\u00b0Ost Bremerhaven hat die alte Dame einen prominenten Unterst\u00fctzer aus der Nachbarschaft. Seit Juni 2018 bietet das Klimahaus ein Bier mit dem Namen \u201eSEUTE DEERN\u201c auf dem Markt an. Von jeder verkauften Flasche gehen 10 Cent als Spende f\u00fcr die Rettung des Frachtseglers.\" \/>\n<meta property=\"og:url\" content=\"https:\/\/hoerske.de\/blog\/2019\/02\/seute-deern-das-bremerhaven-bier-und-ein-weiterer-unterstuetzungstipp\/\" \/>\n<meta property=\"og:site_name\" content=\"Timos Paper\" \/>\n<meta property=\"article:publisher\" content=\"https:\/\/www.facebook.com\/timo.hoerske\" \/>\n<meta property=\"article:author\" content=\"https:\/\/www.facebook.com\/timo.hoerske\" \/>\n<meta property=\"article:published_time\" content=\"2019-02-24T16:00:25+00:00\" \/>\n<meta property=\"article:modified_time\" content=\"2019-02-24T18:34:39+00:00\" \/>\n<meta property=\"og:image\" content=\"https:\/\/i0.wp.com\/blog.hoerske.de\/wp-content\/uploads\/2018\/05\/Timos-Blog4.png?fit=1200%2C600\" \/>\n\t<meta property=\"og:image:width\" content=\"1200\" \/>\n\t<meta property=\"og:image:height\" content=\"600\" \/>\n\t<meta property=\"og:image:type\" content=\"image\/png\" \/>\n<meta name=\"author\" content=\"Timo H\u00f6rske\" \/>\n<meta name=\"twitter:card\" content=\"summary_large_image\" \/>\n<meta name=\"twitter:creator\" content=\"@timo_hoerske\" \/>\n<meta name=\"twitter:site\" content=\"@timo_hoerske\" \/>\n<meta name=\"twitter:label1\" content=\"Verfasst von\" \/>\n\t<meta name=\"twitter:data1\" content=\"Timo H\u00f6rske\" \/>\n\t<meta name=\"twitter:label2\" content=\"Gesch\u00e4tzte Lesezeit\" \/>\n\t<meta name=\"twitter:data2\" content=\"3\u00a0Minuten\" \/>\n<script type=\"application\/ld+json\" class=\"yoast-schema-graph\">{\"@context\":\"https:\\\/\\\/schema.org\",\"@graph\":[{\"@type\":\"Article\",\"@id\":\"https:\\\/\\\/hoerske.de\\\/blog\\\/2019\\\/02\\\/seute-deern-das-bremerhaven-bier-und-ein-weiterer-unterstuetzungstipp\\\/#article\",\"isPartOf\":{\"@id\":\"https:\\\/\\\/hoerske.de\\\/blog\\\/2019\\\/02\\\/seute-deern-das-bremerhaven-bier-und-ein-weiterer-unterstuetzungstipp\\\/\"},\"author\":{\"name\":\"Timo H\u00f6rske\",\"@id\":\"https:\\\/\\\/hoerske.de\\\/blog\\\/#\\\/schema\\\/person\\\/20677cf2167fc7027b752c3bba78d5fc\"},\"headline\":\"Seute Deern, das Bremerhaven Bier und ein weiterer Unterst\u00fctzungstipp\",\"datePublished\":\"2019-02-24T16:00:25+00:00\",\"dateModified\":\"2019-02-24T18:34:39+00:00\",\"mainEntityOfPage\":{\"@id\":\"https:\\\/\\\/hoerske.de\\\/blog\\\/2019\\\/02\\\/seute-deern-das-bremerhaven-bier-und-ein-weiterer-unterstuetzungstipp\\\/\"},\"wordCount\":687,\"commentCount\":0,\"publisher\":{\"@id\":\"https:\\\/\\\/hoerske.de\\\/blog\\\/#\\\/schema\\\/person\\\/20677cf2167fc7027b752c3bba78d5fc\"},\"image\":{\"@id\":\"https:\\\/\\\/hoerske.de\\\/blog\\\/2019\\\/02\\\/seute-deern-das-bremerhaven-bier-und-ein-weiterer-unterstuetzungstipp\\\/#primaryimage\"},\"thumbnailUrl\":\"https:\\\/\\\/i0.wp.com\\\/hoerske.de\\\/blog\\\/wp-content\\\/uploads\\\/2018\\\/05\\\/Timos-Blog4.png?fit=1200%2C600&ssl=1\",\"keywords\":[\"Bark\",\"Berichterstattung\",\"Bier\",\"Bremerhaven\",\"Geschmack\",\"Seute Deern\",\"Verantwortung\"],\"articleSection\":[\"2019\",\"Empfehlungen\",\"Kultur\"],\"inLanguage\":\"de\",\"potentialAction\":[{\"@type\":\"CommentAction\",\"name\":\"Comment\",\"target\":[\"https:\\\/\\\/hoerske.de\\\/blog\\\/2019\\\/02\\\/seute-deern-das-bremerhaven-bier-und-ein-weiterer-unterstuetzungstipp\\\/#respond\"]}]},{\"@type\":\"WebPage\",\"@id\":\"https:\\\/\\\/hoerske.de\\\/blog\\\/2019\\\/02\\\/seute-deern-das-bremerhaven-bier-und-ein-weiterer-unterstuetzungstipp\\\/\",\"url\":\"https:\\\/\\\/hoerske.de\\\/blog\\\/2019\\\/02\\\/seute-deern-das-bremerhaven-bier-und-ein-weiterer-unterstuetzungstipp\\\/\",\"name\":\"Seute Deern, das Bremerhaven Bier und ein weiterer Unterst\u00fctzungstipp - Timos Paper\",\"isPartOf\":{\"@id\":\"https:\\\/\\\/hoerske.de\\\/blog\\\/#website\"},\"primaryImageOfPage\":{\"@id\":\"https:\\\/\\\/hoerske.de\\\/blog\\\/2019\\\/02\\\/seute-deern-das-bremerhaven-bier-und-ein-weiterer-unterstuetzungstipp\\\/#primaryimage\"},\"image\":{\"@id\":\"https:\\\/\\\/hoerske.de\\\/blog\\\/2019\\\/02\\\/seute-deern-das-bremerhaven-bier-und-ein-weiterer-unterstuetzungstipp\\\/#primaryimage\"},\"thumbnailUrl\":\"https:\\\/\\\/i0.wp.com\\\/hoerske.de\\\/blog\\\/wp-content\\\/uploads\\\/2018\\\/05\\\/Timos-Blog4.png?fit=1200%2C600&ssl=1\",\"datePublished\":\"2019-02-24T16:00:25+00:00\",\"dateModified\":\"2019-02-24T18:34:39+00:00\",\"description\":\"Mit dem Klimahaus 8\u00b0Ost Bremerhaven hat die alte Dame einen prominenten Unterst\u00fctzer aus der Nachbarschaft. Seit Juni 2018 bietet das Klimahaus ein Bier mit dem Namen \u201eSEUTE DEERN\u201c auf dem Markt an. Von jeder verkauften Flasche gehen 10 Cent als Spende f\u00fcr die Rettung des Frachtseglers.\",\"breadcrumb\":{\"@id\":\"https:\\\/\\\/hoerske.de\\\/blog\\\/2019\\\/02\\\/seute-deern-das-bremerhaven-bier-und-ein-weiterer-unterstuetzungstipp\\\/#breadcrumb\"},\"inLanguage\":\"de\",\"potentialAction\":[{\"@type\":\"ReadAction\",\"target\":[\"https:\\\/\\\/hoerske.de\\\/blog\\\/2019\\\/02\\\/seute-deern-das-bremerhaven-bier-und-ein-weiterer-unterstuetzungstipp\\\/\"]}]},{\"@type\":\"ImageObject\",\"inLanguage\":\"de\",\"@id\":\"https:\\\/\\\/hoerske.de\\\/blog\\\/2019\\\/02\\\/seute-deern-das-bremerhaven-bier-und-ein-weiterer-unterstuetzungstipp\\\/#primaryimage\",\"url\":\"https:\\\/\\\/i0.wp.com\\\/hoerske.de\\\/blog\\\/wp-content\\\/uploads\\\/2018\\\/05\\\/Timos-Blog4.png?fit=1200%2C600&ssl=1\",\"contentUrl\":\"https:\\\/\\\/i0.wp.com\\\/hoerske.de\\\/blog\\\/wp-content\\\/uploads\\\/2018\\\/05\\\/Timos-Blog4.png?fit=1200%2C600&ssl=1\",\"width\":1200,\"height\":600,\"caption\":\"Beitragsbild Seute Deern\"},{\"@type\":\"BreadcrumbList\",\"@id\":\"https:\\\/\\\/hoerske.de\\\/blog\\\/2019\\\/02\\\/seute-deern-das-bremerhaven-bier-und-ein-weiterer-unterstuetzungstipp\\\/#breadcrumb\",\"itemListElement\":[{\"@type\":\"ListItem\",\"position\":1,\"name\":\"Startseite\",\"item\":\"https:\\\/\\\/hoerske.de\\\/blog\\\/\"},{\"@type\":\"ListItem\",\"position\":2,\"name\":\"Seute Deern, das Bremerhaven Bier und ein weiterer Unterst\u00fctzungstipp\"}]},{\"@type\":\"WebSite\",\"@id\":\"https:\\\/\\\/hoerske.de\\\/blog\\\/#website\",\"url\":\"https:\\\/\\\/hoerske.de\\\/blog\\\/\",\"name\":\"Timos Blog\",\"description\":\"ego cogito, ergo sum\",\"publisher\":{\"@id\":\"https:\\\/\\\/hoerske.de\\\/blog\\\/#\\\/schema\\\/person\\\/20677cf2167fc7027b752c3bba78d5fc\"},\"potentialAction\":[{\"@type\":\"SearchAction\",\"target\":{\"@type\":\"EntryPoint\",\"urlTemplate\":\"https:\\\/\\\/hoerske.de\\\/blog\\\/?s={search_term_string}\"},\"query-input\":{\"@type\":\"PropertyValueSpecification\",\"valueRequired\":true,\"valueName\":\"search_term_string\"}}],\"inLanguage\":\"de\"},{\"@type\":[\"Person\",\"Organization\"],\"@id\":\"https:\\\/\\\/hoerske.de\\\/blog\\\/#\\\/schema\\\/person\\\/20677cf2167fc7027b752c3bba78d5fc\",\"name\":\"Timo H\u00f6rske\",\"image\":{\"@type\":\"ImageObject\",\"inLanguage\":\"de\",\"@id\":\"https:\\\/\\\/i0.wp.com\\\/hoerske.de\\\/blog\\\/wp-content\\\/uploads\\\/2023\\\/01\\\/16711213967602.jpg?fit=1024%2C954&ssl=1\",\"url\":\"https:\\\/\\\/i0.wp.com\\\/hoerske.de\\\/blog\\\/wp-content\\\/uploads\\\/2023\\\/01\\\/16711213967602.jpg?fit=1024%2C954&ssl=1\",\"contentUrl\":\"https:\\\/\\\/i0.wp.com\\\/hoerske.de\\\/blog\\\/wp-content\\\/uploads\\\/2023\\\/01\\\/16711213967602.jpg?fit=1024%2C954&ssl=1\",\"width\":1024,\"height\":954,\"caption\":\"Timo H\u00f6rske\"},\"logo\":{\"@id\":\"https:\\\/\\\/i0.wp.com\\\/hoerske.de\\\/blog\\\/wp-content\\\/uploads\\\/2023\\\/01\\\/16711213967602.jpg?fit=1024%2C954&ssl=1\"},\"description\":\"Jahrgang 1985, als \\\"Ossi\\\" geboren, im beschaulichen Premnitz an der Havel aufgewachsen. Natur- und Kunstliebhaber. Seit \u00fcber 10 Jahren Wahlbremerhavener, K\u00fcsten- und Windfan. So ziemlich an Allem interessiert. Schwerpunkte sind aber eindeutig Politik, Gesellschaft, Rechtswesen, Natur, Imkerei und Technik. Rotes Parteibuch, Mitglied des Jugendhilfeausschusses der Stadt Bremerhaven, Vorsitzender eines Kleing\u00e4rtnervereins, Fachberater f\u00fcr das Kleingartenwesen, Verbandschef der Bremerhavener Kleing\u00e4rtner*innen. Hobbyimker, Freizeitblogger, Techniknerd.\",\"sameAs\":[\"https:\\\/\\\/www.hoerske.de\\\/\",\"https:\\\/\\\/www.facebook.com\\\/timo.hoerske\",\"https:\\\/\\\/www.instagram.com\\\/thoerske\\\/\",\"https:\\\/\\\/x.com\\\/timo_hoerske\"],\"url\":\"https:\\\/\\\/hoerske.de\\\/blog\\\/author\\\/roter_admin\\\/\"}]}<\/script>\n<!-- \/ Yoast SEO Premium plugin. -->","yoast_head_json":{"title":"Seute Deern, das Bremerhaven Bier und ein weiterer Unterst\u00fctzungstipp - Timos Paper","description":"Mit dem Klimahaus 8\u00b0Ost Bremerhaven hat die alte Dame einen prominenten Unterst\u00fctzer aus der Nachbarschaft. Seit Juni 2018 bietet das Klimahaus ein Bier mit dem Namen \u201eSEUTE DEERN\u201c auf dem Markt an. Von jeder verkauften Flasche gehen 10 Cent als Spende f\u00fcr die Rettung des Frachtseglers.","robots":{"index":"index","follow":"follow","max-snippet":"max-snippet:-1","max-image-preview":"max-image-preview:large","max-video-preview":"max-video-preview:-1"},"canonical":"https:\/\/hoerske.de\/blog\/2019\/02\/seute-deern-das-bremerhaven-bier-und-ein-weiterer-unterstuetzungstipp\/","og_locale":"de_DE","og_type":"article","og_title":"Seute Deern, das Bremerhaven Bier und ein weiterer Unterst\u00fctzungstipp","og_description":"Mit dem Klimahaus 8\u00b0Ost Bremerhaven hat die alte Dame einen prominenten Unterst\u00fctzer aus der Nachbarschaft. Seit Juni 2018 bietet das Klimahaus ein Bier mit dem Namen \u201eSEUTE DEERN\u201c auf dem Markt an. Von jeder verkauften Flasche gehen 10 Cent als Spende f\u00fcr die Rettung des Frachtseglers.","og_url":"https:\/\/hoerske.de\/blog\/2019\/02\/seute-deern-das-bremerhaven-bier-und-ein-weiterer-unterstuetzungstipp\/","og_site_name":"Timos Paper","article_publisher":"https:\/\/www.facebook.com\/timo.hoerske","article_author":"https:\/\/www.facebook.com\/timo.hoerske","article_published_time":"2019-02-24T16:00:25+00:00","article_modified_time":"2019-02-24T18:34:39+00:00","og_image":[{"width":1200,"height":600,"url":"https:\/\/i0.wp.com\/blog.hoerske.de\/wp-content\/uploads\/2018\/05\/Timos-Blog4.png?fit=1200%2C600","type":"image\/png"}],"author":"Timo H\u00f6rske","twitter_card":"summary_large_image","twitter_creator":"@timo_hoerske","twitter_site":"@timo_hoerske","twitter_misc":{"Verfasst von":"Timo H\u00f6rske","Gesch\u00e4tzte Lesezeit":"3\u00a0Minuten"},"schema":{"@context":"https:\/\/schema.org","@graph":[{"@type":"Article","@id":"https:\/\/hoerske.de\/blog\/2019\/02\/seute-deern-das-bremerhaven-bier-und-ein-weiterer-unterstuetzungstipp\/#article","isPartOf":{"@id":"https:\/\/hoerske.de\/blog\/2019\/02\/seute-deern-das-bremerhaven-bier-und-ein-weiterer-unterstuetzungstipp\/"},"author":{"name":"Timo H\u00f6rske","@id":"https:\/\/hoerske.de\/blog\/#\/schema\/person\/20677cf2167fc7027b752c3bba78d5fc"},"headline":"Seute Deern, das Bremerhaven Bier und ein weiterer Unterst\u00fctzungstipp","datePublished":"2019-02-24T16:00:25+00:00","dateModified":"2019-02-24T18:34:39+00:00","mainEntityOfPage":{"@id":"https:\/\/hoerske.de\/blog\/2019\/02\/seute-deern-das-bremerhaven-bier-und-ein-weiterer-unterstuetzungstipp\/"},"wordCount":687,"commentCount":0,"publisher":{"@id":"https:\/\/hoerske.de\/blog\/#\/schema\/person\/20677cf2167fc7027b752c3bba78d5fc"},"image":{"@id":"https:\/\/hoerske.de\/blog\/2019\/02\/seute-deern-das-bremerhaven-bier-und-ein-weiterer-unterstuetzungstipp\/#primaryimage"},"thumbnailUrl":"https:\/\/i0.wp.com\/hoerske.de\/blog\/wp-content\/uploads\/2018\/05\/Timos-Blog4.png?fit=1200%2C600&ssl=1","keywords":["Bark","Berichterstattung","Bier","Bremerhaven","Geschmack","Seute Deern","Verantwortung"],"articleSection":["2019","Empfehlungen","Kultur"],"inLanguage":"de","potentialAction":[{"@type":"CommentAction","name":"Comment","target":["https:\/\/hoerske.de\/blog\/2019\/02\/seute-deern-das-bremerhaven-bier-und-ein-weiterer-unterstuetzungstipp\/#respond"]}]},{"@type":"WebPage","@id":"https:\/\/hoerske.de\/blog\/2019\/02\/seute-deern-das-bremerhaven-bier-und-ein-weiterer-unterstuetzungstipp\/","url":"https:\/\/hoerske.de\/blog\/2019\/02\/seute-deern-das-bremerhaven-bier-und-ein-weiterer-unterstuetzungstipp\/","name":"Seute Deern, das Bremerhaven Bier und ein weiterer Unterst\u00fctzungstipp - Timos Paper","isPartOf":{"@id":"https:\/\/hoerske.de\/blog\/#website"},"primaryImageOfPage":{"@id":"https:\/\/hoerske.de\/blog\/2019\/02\/seute-deern-das-bremerhaven-bier-und-ein-weiterer-unterstuetzungstipp\/#primaryimage"},"image":{"@id":"https:\/\/hoerske.de\/blog\/2019\/02\/seute-deern-das-bremerhaven-bier-und-ein-weiterer-unterstuetzungstipp\/#primaryimage"},"thumbnailUrl":"https:\/\/i0.wp.com\/hoerske.de\/blog\/wp-content\/uploads\/2018\/05\/Timos-Blog4.png?fit=1200%2C600&ssl=1","datePublished":"2019-02-24T16:00:25+00:00","dateModified":"2019-02-24T18:34:39+00:00","description":"Mit dem Klimahaus 8\u00b0Ost Bremerhaven hat die alte Dame einen prominenten Unterst\u00fctzer aus der Nachbarschaft. Seit Juni 2018 bietet das Klimahaus ein Bier mit dem Namen \u201eSEUTE DEERN\u201c auf dem Markt an. Von jeder verkauften Flasche gehen 10 Cent als Spende f\u00fcr die Rettung des Frachtseglers.","breadcrumb":{"@id":"https:\/\/hoerske.de\/blog\/2019\/02\/seute-deern-das-bremerhaven-bier-und-ein-weiterer-unterstuetzungstipp\/#breadcrumb"},"inLanguage":"de","potentialAction":[{"@type":"ReadAction","target":["https:\/\/hoerske.de\/blog\/2019\/02\/seute-deern-das-bremerhaven-bier-und-ein-weiterer-unterstuetzungstipp\/"]}]},{"@type":"ImageObject","inLanguage":"de","@id":"https:\/\/hoerske.de\/blog\/2019\/02\/seute-deern-das-bremerhaven-bier-und-ein-weiterer-unterstuetzungstipp\/#primaryimage","url":"https:\/\/i0.wp.com\/hoerske.de\/blog\/wp-content\/uploads\/2018\/05\/Timos-Blog4.png?fit=1200%2C600&ssl=1","contentUrl":"https:\/\/i0.wp.com\/hoerske.de\/blog\/wp-content\/uploads\/2018\/05\/Timos-Blog4.png?fit=1200%2C600&ssl=1","width":1200,"height":600,"caption":"Beitragsbild Seute Deern"},{"@type":"BreadcrumbList","@id":"https:\/\/hoerske.de\/blog\/2019\/02\/seute-deern-das-bremerhaven-bier-und-ein-weiterer-unterstuetzungstipp\/#breadcrumb","itemListElement":[{"@type":"ListItem","position":1,"name":"Startseite","item":"https:\/\/hoerske.de\/blog\/"},{"@type":"ListItem","position":2,"name":"Seute Deern, das Bremerhaven Bier und ein weiterer Unterst\u00fctzungstipp"}]},{"@type":"WebSite","@id":"https:\/\/hoerske.de\/blog\/#website","url":"https:\/\/hoerske.de\/blog\/","name":"Timos Blog","description":"ego cogito, ergo sum","publisher":{"@id":"https:\/\/hoerske.de\/blog\/#\/schema\/person\/20677cf2167fc7027b752c3bba78d5fc"},"potentialAction":[{"@type":"SearchAction","target":{"@type":"EntryPoint","urlTemplate":"https:\/\/hoerske.de\/blog\/?s={search_term_string}"},"query-input":{"@type":"PropertyValueSpecification","valueRequired":true,"valueName":"search_term_string"}}],"inLanguage":"de"},{"@type":["Person","Organization"],"@id":"https:\/\/hoerske.de\/blog\/#\/schema\/person\/20677cf2167fc7027b752c3bba78d5fc","name":"Timo H\u00f6rske","image":{"@type":"ImageObject","inLanguage":"de","@id":"https:\/\/i0.wp.com\/hoerske.de\/blog\/wp-content\/uploads\/2023\/01\/16711213967602.jpg?fit=1024%2C954&ssl=1","url":"https:\/\/i0.wp.com\/hoerske.de\/blog\/wp-content\/uploads\/2023\/01\/16711213967602.jpg?fit=1024%2C954&ssl=1","contentUrl":"https:\/\/i0.wp.com\/hoerske.de\/blog\/wp-content\/uploads\/2023\/01\/16711213967602.jpg?fit=1024%2C954&ssl=1","width":1024,"height":954,"caption":"Timo H\u00f6rske"},"logo":{"@id":"https:\/\/i0.wp.com\/hoerske.de\/blog\/wp-content\/uploads\/2023\/01\/16711213967602.jpg?fit=1024%2C954&ssl=1"},"description":"Jahrgang 1985, als \"Ossi\" geboren, im beschaulichen Premnitz an der Havel aufgewachsen. Natur- und Kunstliebhaber. Seit \u00fcber 10 Jahren Wahlbremerhavener, K\u00fcsten- und Windfan. So ziemlich an Allem interessiert. Schwerpunkte sind aber eindeutig Politik, Gesellschaft, Rechtswesen, Natur, Imkerei und Technik. Rotes Parteibuch, Mitglied des Jugendhilfeausschusses der Stadt Bremerhaven, Vorsitzender eines Kleing\u00e4rtnervereins, Fachberater f\u00fcr das Kleingartenwesen, Verbandschef der Bremerhavener Kleing\u00e4rtner*innen. Hobbyimker, Freizeitblogger, Techniknerd.","sameAs":["https:\/\/www.hoerske.de\/","https:\/\/www.facebook.com\/timo.hoerske","https:\/\/www.instagram.com\/thoerske\/","https:\/\/x.com\/timo_hoerske"],"url":"https:\/\/hoerske.de\/blog\/author\/roter_admin\/"}]}},"jetpack_publicize_connections":[],"jetpack_featured_media_url":"https:\/\/i0.wp.com\/hoerske.de\/blog\/wp-content\/uploads\/2018\/05\/Timos-Blog4.png?fit=1200%2C600&ssl=1","jetpack_shortlink":"https:\/\/wp.me\/p4W3ht-1ne","jetpack_sharing_enabled":true,"_links":{"self":[{"href":"https:\/\/hoerske.de\/blog\/wp-json\/wp\/v2\/posts\/5284","targetHints":{"allow":["GET"]}}],"collection":[{"href":"https:\/\/hoerske.de\/blog\/wp-json\/wp\/v2\/posts"}],"about":[{"href":"https:\/\/hoerske.de\/blog\/wp-json\/wp\/v2\/types\/post"}],"author":[{"embeddable":true,"href":"https:\/\/hoerske.de\/blog\/wp-json\/wp\/v2\/users\/1"}],"replies":[{"embeddable":true,"href":"https:\/\/hoerske.de\/blog\/wp-json\/wp\/v2\/comments?post=5284"}],"version-history":[{"count":0,"href":"https:\/\/hoerske.de\/blog\/wp-json\/wp\/v2\/posts\/5284\/revisions"}],"wp:featuredmedia":[{"embeddable":true,"href":"https:\/\/hoerske.de\/blog\/wp-json\/wp\/v2\/media\/3319"}],"wp:attachment":[{"href":"https:\/\/hoerske.de\/blog\/wp-json\/wp\/v2\/media?parent=5284"}],"wp:term":[{"taxonomy":"category","embeddable":true,"href":"https:\/\/hoerske.de\/blog\/wp-json\/wp\/v2\/categories?post=5284"},{"taxonomy":"post_tag","embeddable":true,"href":"https:\/\/hoerske.de\/blog\/wp-json\/wp\/v2\/tags?post=5284"}],"curies":[{"name":"wp","href":"https:\/\/api.w.org\/{rel}","templated":true}]}}