{"id":5242,"date":"2019-02-13T12:06:53","date_gmt":"2019-02-13T10:06:53","guid":{"rendered":"https:\/\/www.hoerske.de\/?p=5242"},"modified":"2019-02-13T12:10:56","modified_gmt":"2019-02-13T10:10:56","slug":"pressemitteilung-der-seestadt-bremerhaven-trauer-ueber-tod-von-christian-weber","status":"publish","type":"post","link":"https:\/\/hoerske.de\/blog\/2019\/02\/pressemitteilung-der-seestadt-bremerhaven-trauer-ueber-tod-von-christian-weber\/","title":{"rendered":"Pressemitteilung der Seestadt Bremerhaven: Trauer \u00fcber Tod von Christian Weber"},"content":{"rendered":"<p>Stadtverordnetenvorsteherin Brigitte L\u00fcckert und Oberb\u00fcrgermeister Melf Grantz sind ersch\u00fcttert \u00fcber den Tod des Pr\u00e4sidenten der Bremischen B\u00fcrgerschaft Christian Weber. \u201eMit dem Tod Christian Webers verliert Bremerhaven einen echten Freund unserer Stadt und einen \u00fcberzeugenden Vertreter des Parlamentarismus in unserem Land.\u201c So L\u00fcckert und Grantz in einem Kondolenzschreiben an die Familie des Verstorbenen<strong>.<\/strong><\/p>\n<p>Christian Weber habe immer einen besonders vertrauensvoller und freundschaftlicher Umgang mit den Bremerhavener Politikerinnen und Politiker ausgezeichnet. Dies habe auch dann gegolten, wenn man unterschiedlicher Meinung gewesen sei. Seine feine und durchaus auch spitze Ironie waren eine liebenswerte Art, mit der man aber schon zurechtkommen musste. \u201eEr war ein \u00fcberzeugter Parlamentarier, der die Eigenst\u00e4ndigkeit der Bremischen B\u00fcrgerschaft gegen\u00fcber dem Senat immer wieder vertreten und verteidigt hat\u201c, hebt Stadtverordnetenvorsteherin Brigitte L\u00fcckert hervor. Sein Austausch mit dem Vorstand der Bremerhavener Stadtverordnetenversammlung habe immer offen und auf gleicher Augenh\u00f6he stattgefunden. \u201eDaf\u00fcr sind wir Christian Weber sehr dankbar\u201c, schreibt L\u00fcckert. F\u00fcr Oberb\u00fcrgermeister Melf Grantz war der Pr\u00e4sident der Bremischen B\u00fcrgerschaft nicht nur ein \u00fcberzeugter Parlamentarier, sondern auch ein Politiker, der auf Menschen zugehen konnte. \u201eIhn hat ausgezeichnet, dass er zuh\u00f6ren konnte, das Geh\u00f6rte abgewogen und dann entschieden habe, ob er die Meinung direkt oder wenigstens abgewandelt aufnehmen konnte. Diese F\u00e4higkeit war etwas Besonderes\u201c, erkl\u00e4rt Grantz. F\u00fcr L\u00fcckert und Grantz waren die menschlichen Begegnungen mit Christian Weber immer ein menschlicher Gewinn. \u201eWir trauern um einen gro\u00dfen Parlamentarier und Vertreter Bremens, dessen Andenken wir in Ehren halten werden.\u201c<\/p>\n<p>Um den B\u00fcrgerinnen und B\u00fcrgern die Gelegenheit zu geben, zum Tod von Christian Weber ihre Anteilnahme auszudr\u00fccken, liegt ab Mittwoch, 13. Februar 2019, im B\u00fcro der Stadtverordnetenversammlung ein Kondolenzbuch aus. \u201eDie Bremerhavenerinnen und Bremerhavener sowie G\u00e4ste haben hierdurch die M\u00f6glichkeit Christian Weber zu w\u00fcrdigen, sowie ihre pers\u00f6nlichen Gedanken und ihre Trauer zum Ausdruck zu bringen\u201c, so Stadtverordnetenvorsteherin Brigitte L\u00fcckert und Oberb\u00fcrgermeister Grantz.<\/p>\n<p>Eine Eintragung in das Kondolenzbuch ist im B\u00fcro der Stadtverordnetenversammlung, Stadthaus 1, 2. Etage, Zimmer 228, Hinrich-Schmalfeldt-Str. 42, 27576 Bremerhaven am Mittwoch und Donnerstag von 9 Uhr bis 17 Uhr und am Freitag von 9 Uhr bis 15 Uhr m\u00f6glich.<\/p>\n<p>Anl\u00e4sslich seines Todes sind die Flaggen am Bremerhavener Stadthaus auf Halbmast gehisst.<\/p>\n<p><a href=\"https:\/\/www.hoerske.de\/blog\/wp-content\/uploads\/2019\/02\/Trauer-\u00fcber-Tod-von-Christian-Weber.pdf\">Trauer \u00fcber Tod von Christian Weber.pdf<\/a><\/p>\n","protected":false},"excerpt":{"rendered":"<p>Stadtverordnetenvorsteherin Brigitte L\u00fcckert und Oberb\u00fcrgermeister Melf Grantz sind ersch\u00fcttert \u00fcber den Tod des Pr\u00e4sidenten der Bremischen B\u00fcrgerschaft Christian Weber. \u201eMit dem Tod Christian Webers verliert Bremerhaven einen echten Freund unserer Stadt und einen \u00fcberzeugenden Vertreter des Parlamentarismus in unserem Land.\u201c So L\u00fcckert und Grantz in einem Kondolenzschreiben an die Familie des Verstorbenen<strong>.<\/strong><\/p>\n","protected":false},"author":1,"featured_media":5209,"comment_status":"open","ping_status":"open","sticky":false,"template":"","format":"standard","meta":{"jetpack_post_was_ever_published":false,"_jetpack_newsletter_access":"","_jetpack_dont_email_post_to_subs":false,"_jetpack_newsletter_tier_id":0,"_jetpack_memberships_contains_paywalled_content":false,"_jetpack_memberships_contains_paid_content":false,"footnotes":"","jetpack_publicize_message":"","jetpack_publicize_feature_enabled":true,"jetpack_social_post_already_shared":false,"jetpack_social_options":{"image_generator_settings":{"template":"highway","default_image_id":0,"font":"","enabled":false},"version":2},"_wpas_customize_per_network":false},"categories":[2330],"tags":[305,2197,2385,2332],"class_list":["post-5242","post","type-post","status-publish","format-standard","has-post-thumbnail","hentry","category-pressemitteilungen","tag-bremen","tag-bremische-buergerschaft","tag-chrisitan-weber","tag-pressemitteilung"],"yoast_head":"<!-- This site is optimized with the Yoast SEO Premium plugin v27.3 (Yoast SEO v27.3) - https:\/\/yoast.com\/product\/yoast-seo-premium-wordpress\/ -->\n<title>Pressemitteilung der Seestadt Bremerhaven: Trauer \u00fcber Tod von Christian Weber - Timos Paper<\/title>\n<meta name=\"robots\" content=\"index, follow, max-snippet:-1, max-image-preview:large, max-video-preview:-1\" \/>\n<link rel=\"canonical\" href=\"https:\/\/hoerske.de\/blog\/2019\/02\/pressemitteilung-der-seestadt-bremerhaven-trauer-ueber-tod-von-christian-weber\/\" \/>\n<meta property=\"og:locale\" content=\"de_DE\" \/>\n<meta property=\"og:type\" content=\"article\" \/>\n<meta property=\"og:title\" content=\"Pressemitteilung der Seestadt Bremerhaven: Trauer \u00fcber Tod von Christian Weber\" \/>\n<meta property=\"og:description\" content=\"Stadtverordnetenvorsteherin Brigitte L\u00fcckert und Oberb\u00fcrgermeister Melf Grantz sind ersch\u00fcttert \u00fcber den Tod des Pr\u00e4sidenten der Bremischen B\u00fcrgerschaft Christian Weber. \u201eMit dem Tod Christian Webers verliert Bremerhaven einen echten Freund unserer Stadt und einen \u00fcberzeugenden Vertreter des Parlamentarismus in unserem Land.\u201c So L\u00fcckert und Grantz in einem Kondolenzschreiben an die Familie des Verstorbenen.\" \/>\n<meta property=\"og:url\" content=\"https:\/\/hoerske.de\/blog\/2019\/02\/pressemitteilung-der-seestadt-bremerhaven-trauer-ueber-tod-von-christian-weber\/\" \/>\n<meta property=\"og:site_name\" content=\"Timos Paper\" \/>\n<meta property=\"article:publisher\" content=\"https:\/\/www.facebook.com\/timo.hoerske\" \/>\n<meta property=\"article:author\" content=\"https:\/\/www.facebook.com\/timo.hoerske\" \/>\n<meta property=\"article:published_time\" content=\"2019-02-13T10:06:53+00:00\" \/>\n<meta property=\"article:modified_time\" content=\"2019-02-13T10:10:56+00:00\" \/>\n<meta property=\"og:image\" content=\"https:\/\/i0.wp.com\/blog.hoerske.de\/wp-content\/uploads\/2019\/02\/beitragsbild_pressemitteilung_Zeichenfla%CC%88che-1.png?fit=820%2C410\" \/>\n\t<meta property=\"og:image:width\" content=\"820\" \/>\n\t<meta property=\"og:image:height\" content=\"410\" \/>\n\t<meta property=\"og:image:type\" content=\"image\/png\" \/>\n<meta name=\"author\" content=\"Timo H\u00f6rske\" \/>\n<meta name=\"twitter:card\" content=\"summary_large_image\" \/>\n<meta name=\"twitter:creator\" content=\"@timo_hoerske\" \/>\n<meta name=\"twitter:site\" content=\"@timo_hoerske\" \/>\n<meta name=\"twitter:label1\" content=\"Verfasst von\" \/>\n\t<meta name=\"twitter:data1\" content=\"Timo H\u00f6rske\" \/>\n\t<meta name=\"twitter:label2\" content=\"Gesch\u00e4tzte Lesezeit\" \/>\n\t<meta name=\"twitter:data2\" content=\"2\u00a0Minuten\" \/>\n<script type=\"application\/ld+json\" class=\"yoast-schema-graph\">{\"@context\":\"https:\\\/\\\/schema.org\",\"@graph\":[{\"@type\":\"Article\",\"@id\":\"https:\\\/\\\/hoerske.de\\\/blog\\\/2019\\\/02\\\/pressemitteilung-der-seestadt-bremerhaven-trauer-ueber-tod-von-christian-weber\\\/#article\",\"isPartOf\":{\"@id\":\"https:\\\/\\\/hoerske.de\\\/blog\\\/2019\\\/02\\\/pressemitteilung-der-seestadt-bremerhaven-trauer-ueber-tod-von-christian-weber\\\/\"},\"author\":{\"name\":\"Timo H\u00f6rske\",\"@id\":\"https:\\\/\\\/hoerske.de\\\/blog\\\/#\\\/schema\\\/person\\\/20677cf2167fc7027b752c3bba78d5fc\"},\"headline\":\"Pressemitteilung der Seestadt Bremerhaven: Trauer \u00fcber Tod von Christian Weber\",\"datePublished\":\"2019-02-13T10:06:53+00:00\",\"dateModified\":\"2019-02-13T10:10:56+00:00\",\"mainEntityOfPage\":{\"@id\":\"https:\\\/\\\/hoerske.de\\\/blog\\\/2019\\\/02\\\/pressemitteilung-der-seestadt-bremerhaven-trauer-ueber-tod-von-christian-weber\\\/\"},\"wordCount\":391,\"commentCount\":0,\"publisher\":{\"@id\":\"https:\\\/\\\/hoerske.de\\\/blog\\\/#\\\/schema\\\/person\\\/20677cf2167fc7027b752c3bba78d5fc\"},\"image\":{\"@id\":\"https:\\\/\\\/hoerske.de\\\/blog\\\/2019\\\/02\\\/pressemitteilung-der-seestadt-bremerhaven-trauer-ueber-tod-von-christian-weber\\\/#primaryimage\"},\"thumbnailUrl\":\"https:\\\/\\\/i0.wp.com\\\/hoerske.de\\\/blog\\\/wp-content\\\/uploads\\\/2019\\\/02\\\/beitragsbild_pressemitteilung_Zeichenfla%CC%88che-1.png?fit=820%2C410&ssl=1\",\"keywords\":[\"Bremen\",\"Bremische B\u00fcrgerschaft\",\"Chrisitan Weber\",\"Pressemitteilung\"],\"articleSection\":[\"Pressemitteilungen\"],\"inLanguage\":\"de\",\"potentialAction\":[{\"@type\":\"CommentAction\",\"name\":\"Comment\",\"target\":[\"https:\\\/\\\/hoerske.de\\\/blog\\\/2019\\\/02\\\/pressemitteilung-der-seestadt-bremerhaven-trauer-ueber-tod-von-christian-weber\\\/#respond\"]}]},{\"@type\":\"WebPage\",\"@id\":\"https:\\\/\\\/hoerske.de\\\/blog\\\/2019\\\/02\\\/pressemitteilung-der-seestadt-bremerhaven-trauer-ueber-tod-von-christian-weber\\\/\",\"url\":\"https:\\\/\\\/hoerske.de\\\/blog\\\/2019\\\/02\\\/pressemitteilung-der-seestadt-bremerhaven-trauer-ueber-tod-von-christian-weber\\\/\",\"name\":\"Pressemitteilung der Seestadt Bremerhaven: Trauer \u00fcber Tod von Christian Weber - Timos Paper\",\"isPartOf\":{\"@id\":\"https:\\\/\\\/hoerske.de\\\/blog\\\/#website\"},\"primaryImageOfPage\":{\"@id\":\"https:\\\/\\\/hoerske.de\\\/blog\\\/2019\\\/02\\\/pressemitteilung-der-seestadt-bremerhaven-trauer-ueber-tod-von-christian-weber\\\/#primaryimage\"},\"image\":{\"@id\":\"https:\\\/\\\/hoerske.de\\\/blog\\\/2019\\\/02\\\/pressemitteilung-der-seestadt-bremerhaven-trauer-ueber-tod-von-christian-weber\\\/#primaryimage\"},\"thumbnailUrl\":\"https:\\\/\\\/i0.wp.com\\\/hoerske.de\\\/blog\\\/wp-content\\\/uploads\\\/2019\\\/02\\\/beitragsbild_pressemitteilung_Zeichenfla%CC%88che-1.png?fit=820%2C410&ssl=1\",\"datePublished\":\"2019-02-13T10:06:53+00:00\",\"dateModified\":\"2019-02-13T10:10:56+00:00\",\"breadcrumb\":{\"@id\":\"https:\\\/\\\/hoerske.de\\\/blog\\\/2019\\\/02\\\/pressemitteilung-der-seestadt-bremerhaven-trauer-ueber-tod-von-christian-weber\\\/#breadcrumb\"},\"inLanguage\":\"de\",\"potentialAction\":[{\"@type\":\"ReadAction\",\"target\":[\"https:\\\/\\\/hoerske.de\\\/blog\\\/2019\\\/02\\\/pressemitteilung-der-seestadt-bremerhaven-trauer-ueber-tod-von-christian-weber\\\/\"]}]},{\"@type\":\"ImageObject\",\"inLanguage\":\"de\",\"@id\":\"https:\\\/\\\/hoerske.de\\\/blog\\\/2019\\\/02\\\/pressemitteilung-der-seestadt-bremerhaven-trauer-ueber-tod-von-christian-weber\\\/#primaryimage\",\"url\":\"https:\\\/\\\/i0.wp.com\\\/hoerske.de\\\/blog\\\/wp-content\\\/uploads\\\/2019\\\/02\\\/beitragsbild_pressemitteilung_Zeichenfla%CC%88che-1.png?fit=820%2C410&ssl=1\",\"contentUrl\":\"https:\\\/\\\/i0.wp.com\\\/hoerske.de\\\/blog\\\/wp-content\\\/uploads\\\/2019\\\/02\\\/beitragsbild_pressemitteilung_Zeichenfla%CC%88che-1.png?fit=820%2C410&ssl=1\",\"width\":820,\"height\":410,\"caption\":\"4Max\\\/Shutterstock.com\"},{\"@type\":\"BreadcrumbList\",\"@id\":\"https:\\\/\\\/hoerske.de\\\/blog\\\/2019\\\/02\\\/pressemitteilung-der-seestadt-bremerhaven-trauer-ueber-tod-von-christian-weber\\\/#breadcrumb\",\"itemListElement\":[{\"@type\":\"ListItem\",\"position\":1,\"name\":\"Startseite\",\"item\":\"https:\\\/\\\/hoerske.de\\\/blog\\\/\"},{\"@type\":\"ListItem\",\"position\":2,\"name\":\"Pressemitteilung der Seestadt Bremerhaven: Trauer \u00fcber Tod von Christian Weber\"}]},{\"@type\":\"WebSite\",\"@id\":\"https:\\\/\\\/hoerske.de\\\/blog\\\/#website\",\"url\":\"https:\\\/\\\/hoerske.de\\\/blog\\\/\",\"name\":\"Timos Blog\",\"description\":\"ego cogito, ergo sum\",\"publisher\":{\"@id\":\"https:\\\/\\\/hoerske.de\\\/blog\\\/#\\\/schema\\\/person\\\/20677cf2167fc7027b752c3bba78d5fc\"},\"potentialAction\":[{\"@type\":\"SearchAction\",\"target\":{\"@type\":\"EntryPoint\",\"urlTemplate\":\"https:\\\/\\\/hoerske.de\\\/blog\\\/?s={search_term_string}\"},\"query-input\":{\"@type\":\"PropertyValueSpecification\",\"valueRequired\":true,\"valueName\":\"search_term_string\"}}],\"inLanguage\":\"de\"},{\"@type\":[\"Person\",\"Organization\"],\"@id\":\"https:\\\/\\\/hoerske.de\\\/blog\\\/#\\\/schema\\\/person\\\/20677cf2167fc7027b752c3bba78d5fc\",\"name\":\"Timo H\u00f6rske\",\"image\":{\"@type\":\"ImageObject\",\"inLanguage\":\"de\",\"@id\":\"https:\\\/\\\/i0.wp.com\\\/hoerske.de\\\/blog\\\/wp-content\\\/uploads\\\/2023\\\/01\\\/16711213967602.jpg?fit=1024%2C954&ssl=1\",\"url\":\"https:\\\/\\\/i0.wp.com\\\/hoerske.de\\\/blog\\\/wp-content\\\/uploads\\\/2023\\\/01\\\/16711213967602.jpg?fit=1024%2C954&ssl=1\",\"contentUrl\":\"https:\\\/\\\/i0.wp.com\\\/hoerske.de\\\/blog\\\/wp-content\\\/uploads\\\/2023\\\/01\\\/16711213967602.jpg?fit=1024%2C954&ssl=1\",\"width\":1024,\"height\":954,\"caption\":\"Timo H\u00f6rske\"},\"logo\":{\"@id\":\"https:\\\/\\\/i0.wp.com\\\/hoerske.de\\\/blog\\\/wp-content\\\/uploads\\\/2023\\\/01\\\/16711213967602.jpg?fit=1024%2C954&ssl=1\"},\"description\":\"Jahrgang 1985, als \\\"Ossi\\\" geboren, im beschaulichen Premnitz an der Havel aufgewachsen. Natur- und Kunstliebhaber. Seit \u00fcber 10 Jahren Wahlbremerhavener, K\u00fcsten- und Windfan. So ziemlich an Allem interessiert. Schwerpunkte sind aber eindeutig Politik, Gesellschaft, Rechtswesen, Natur, Imkerei und Technik. Rotes Parteibuch, Mitglied des Jugendhilfeausschusses der Stadt Bremerhaven, Vorsitzender eines Kleing\u00e4rtnervereins, Fachberater f\u00fcr das Kleingartenwesen, Verbandschef der Bremerhavener Kleing\u00e4rtner*innen. Hobbyimker, Freizeitblogger, Techniknerd.\",\"sameAs\":[\"https:\\\/\\\/www.hoerske.de\\\/\",\"https:\\\/\\\/www.facebook.com\\\/timo.hoerske\",\"https:\\\/\\\/www.instagram.com\\\/thoerske\\\/\",\"https:\\\/\\\/x.com\\\/timo_hoerske\"],\"url\":\"https:\\\/\\\/hoerske.de\\\/blog\\\/author\\\/roter_admin\\\/\"}]}<\/script>\n<!-- \/ Yoast SEO Premium plugin. -->","yoast_head_json":{"title":"Pressemitteilung der Seestadt Bremerhaven: Trauer \u00fcber Tod von Christian Weber - Timos Paper","robots":{"index":"index","follow":"follow","max-snippet":"max-snippet:-1","max-image-preview":"max-image-preview:large","max-video-preview":"max-video-preview:-1"},"canonical":"https:\/\/hoerske.de\/blog\/2019\/02\/pressemitteilung-der-seestadt-bremerhaven-trauer-ueber-tod-von-christian-weber\/","og_locale":"de_DE","og_type":"article","og_title":"Pressemitteilung der Seestadt Bremerhaven: Trauer \u00fcber Tod von Christian Weber","og_description":"Stadtverordnetenvorsteherin Brigitte L\u00fcckert und Oberb\u00fcrgermeister Melf Grantz sind ersch\u00fcttert \u00fcber den Tod des Pr\u00e4sidenten der Bremischen B\u00fcrgerschaft Christian Weber. \u201eMit dem Tod Christian Webers verliert Bremerhaven einen echten Freund unserer Stadt und einen \u00fcberzeugenden Vertreter des Parlamentarismus in unserem Land.\u201c So L\u00fcckert und Grantz in einem Kondolenzschreiben an die Familie des Verstorbenen.","og_url":"https:\/\/hoerske.de\/blog\/2019\/02\/pressemitteilung-der-seestadt-bremerhaven-trauer-ueber-tod-von-christian-weber\/","og_site_name":"Timos Paper","article_publisher":"https:\/\/www.facebook.com\/timo.hoerske","article_author":"https:\/\/www.facebook.com\/timo.hoerske","article_published_time":"2019-02-13T10:06:53+00:00","article_modified_time":"2019-02-13T10:10:56+00:00","og_image":[{"width":820,"height":410,"url":"https:\/\/i0.wp.com\/blog.hoerske.de\/wp-content\/uploads\/2019\/02\/beitragsbild_pressemitteilung_Zeichenfla%CC%88che-1.png?fit=820%2C410","type":"image\/png"}],"author":"Timo H\u00f6rske","twitter_card":"summary_large_image","twitter_creator":"@timo_hoerske","twitter_site":"@timo_hoerske","twitter_misc":{"Verfasst von":"Timo H\u00f6rske","Gesch\u00e4tzte Lesezeit":"2\u00a0Minuten"},"schema":{"@context":"https:\/\/schema.org","@graph":[{"@type":"Article","@id":"https:\/\/hoerske.de\/blog\/2019\/02\/pressemitteilung-der-seestadt-bremerhaven-trauer-ueber-tod-von-christian-weber\/#article","isPartOf":{"@id":"https:\/\/hoerske.de\/blog\/2019\/02\/pressemitteilung-der-seestadt-bremerhaven-trauer-ueber-tod-von-christian-weber\/"},"author":{"name":"Timo H\u00f6rske","@id":"https:\/\/hoerske.de\/blog\/#\/schema\/person\/20677cf2167fc7027b752c3bba78d5fc"},"headline":"Pressemitteilung der Seestadt Bremerhaven: Trauer \u00fcber Tod von Christian Weber","datePublished":"2019-02-13T10:06:53+00:00","dateModified":"2019-02-13T10:10:56+00:00","mainEntityOfPage":{"@id":"https:\/\/hoerske.de\/blog\/2019\/02\/pressemitteilung-der-seestadt-bremerhaven-trauer-ueber-tod-von-christian-weber\/"},"wordCount":391,"commentCount":0,"publisher":{"@id":"https:\/\/hoerske.de\/blog\/#\/schema\/person\/20677cf2167fc7027b752c3bba78d5fc"},"image":{"@id":"https:\/\/hoerske.de\/blog\/2019\/02\/pressemitteilung-der-seestadt-bremerhaven-trauer-ueber-tod-von-christian-weber\/#primaryimage"},"thumbnailUrl":"https:\/\/i0.wp.com\/hoerske.de\/blog\/wp-content\/uploads\/2019\/02\/beitragsbild_pressemitteilung_Zeichenfla%CC%88che-1.png?fit=820%2C410&ssl=1","keywords":["Bremen","Bremische B\u00fcrgerschaft","Chrisitan Weber","Pressemitteilung"],"articleSection":["Pressemitteilungen"],"inLanguage":"de","potentialAction":[{"@type":"CommentAction","name":"Comment","target":["https:\/\/hoerske.de\/blog\/2019\/02\/pressemitteilung-der-seestadt-bremerhaven-trauer-ueber-tod-von-christian-weber\/#respond"]}]},{"@type":"WebPage","@id":"https:\/\/hoerske.de\/blog\/2019\/02\/pressemitteilung-der-seestadt-bremerhaven-trauer-ueber-tod-von-christian-weber\/","url":"https:\/\/hoerske.de\/blog\/2019\/02\/pressemitteilung-der-seestadt-bremerhaven-trauer-ueber-tod-von-christian-weber\/","name":"Pressemitteilung der Seestadt Bremerhaven: Trauer \u00fcber Tod von Christian Weber - Timos Paper","isPartOf":{"@id":"https:\/\/hoerske.de\/blog\/#website"},"primaryImageOfPage":{"@id":"https:\/\/hoerske.de\/blog\/2019\/02\/pressemitteilung-der-seestadt-bremerhaven-trauer-ueber-tod-von-christian-weber\/#primaryimage"},"image":{"@id":"https:\/\/hoerske.de\/blog\/2019\/02\/pressemitteilung-der-seestadt-bremerhaven-trauer-ueber-tod-von-christian-weber\/#primaryimage"},"thumbnailUrl":"https:\/\/i0.wp.com\/hoerske.de\/blog\/wp-content\/uploads\/2019\/02\/beitragsbild_pressemitteilung_Zeichenfla%CC%88che-1.png?fit=820%2C410&ssl=1","datePublished":"2019-02-13T10:06:53+00:00","dateModified":"2019-02-13T10:10:56+00:00","breadcrumb":{"@id":"https:\/\/hoerske.de\/blog\/2019\/02\/pressemitteilung-der-seestadt-bremerhaven-trauer-ueber-tod-von-christian-weber\/#breadcrumb"},"inLanguage":"de","potentialAction":[{"@type":"ReadAction","target":["https:\/\/hoerske.de\/blog\/2019\/02\/pressemitteilung-der-seestadt-bremerhaven-trauer-ueber-tod-von-christian-weber\/"]}]},{"@type":"ImageObject","inLanguage":"de","@id":"https:\/\/hoerske.de\/blog\/2019\/02\/pressemitteilung-der-seestadt-bremerhaven-trauer-ueber-tod-von-christian-weber\/#primaryimage","url":"https:\/\/i0.wp.com\/hoerske.de\/blog\/wp-content\/uploads\/2019\/02\/beitragsbild_pressemitteilung_Zeichenfla%CC%88che-1.png?fit=820%2C410&ssl=1","contentUrl":"https:\/\/i0.wp.com\/hoerske.de\/blog\/wp-content\/uploads\/2019\/02\/beitragsbild_pressemitteilung_Zeichenfla%CC%88che-1.png?fit=820%2C410&ssl=1","width":820,"height":410,"caption":"4Max\/Shutterstock.com"},{"@type":"BreadcrumbList","@id":"https:\/\/hoerske.de\/blog\/2019\/02\/pressemitteilung-der-seestadt-bremerhaven-trauer-ueber-tod-von-christian-weber\/#breadcrumb","itemListElement":[{"@type":"ListItem","position":1,"name":"Startseite","item":"https:\/\/hoerske.de\/blog\/"},{"@type":"ListItem","position":2,"name":"Pressemitteilung der Seestadt Bremerhaven: Trauer \u00fcber Tod von Christian Weber"}]},{"@type":"WebSite","@id":"https:\/\/hoerske.de\/blog\/#website","url":"https:\/\/hoerske.de\/blog\/","name":"Timos Blog","description":"ego cogito, ergo sum","publisher":{"@id":"https:\/\/hoerske.de\/blog\/#\/schema\/person\/20677cf2167fc7027b752c3bba78d5fc"},"potentialAction":[{"@type":"SearchAction","target":{"@type":"EntryPoint","urlTemplate":"https:\/\/hoerske.de\/blog\/?s={search_term_string}"},"query-input":{"@type":"PropertyValueSpecification","valueRequired":true,"valueName":"search_term_string"}}],"inLanguage":"de"},{"@type":["Person","Organization"],"@id":"https:\/\/hoerske.de\/blog\/#\/schema\/person\/20677cf2167fc7027b752c3bba78d5fc","name":"Timo H\u00f6rske","image":{"@type":"ImageObject","inLanguage":"de","@id":"https:\/\/i0.wp.com\/hoerske.de\/blog\/wp-content\/uploads\/2023\/01\/16711213967602.jpg?fit=1024%2C954&ssl=1","url":"https:\/\/i0.wp.com\/hoerske.de\/blog\/wp-content\/uploads\/2023\/01\/16711213967602.jpg?fit=1024%2C954&ssl=1","contentUrl":"https:\/\/i0.wp.com\/hoerske.de\/blog\/wp-content\/uploads\/2023\/01\/16711213967602.jpg?fit=1024%2C954&ssl=1","width":1024,"height":954,"caption":"Timo H\u00f6rske"},"logo":{"@id":"https:\/\/i0.wp.com\/hoerske.de\/blog\/wp-content\/uploads\/2023\/01\/16711213967602.jpg?fit=1024%2C954&ssl=1"},"description":"Jahrgang 1985, als \"Ossi\" geboren, im beschaulichen Premnitz an der Havel aufgewachsen. Natur- und Kunstliebhaber. Seit \u00fcber 10 Jahren Wahlbremerhavener, K\u00fcsten- und Windfan. So ziemlich an Allem interessiert. Schwerpunkte sind aber eindeutig Politik, Gesellschaft, Rechtswesen, Natur, Imkerei und Technik. Rotes Parteibuch, Mitglied des Jugendhilfeausschusses der Stadt Bremerhaven, Vorsitzender eines Kleing\u00e4rtnervereins, Fachberater f\u00fcr das Kleingartenwesen, Verbandschef der Bremerhavener Kleing\u00e4rtner*innen. Hobbyimker, Freizeitblogger, Techniknerd.","sameAs":["https:\/\/www.hoerske.de\/","https:\/\/www.facebook.com\/timo.hoerske","https:\/\/www.instagram.com\/thoerske\/","https:\/\/x.com\/timo_hoerske"],"url":"https:\/\/hoerske.de\/blog\/author\/roter_admin\/"}]}},"jetpack_publicize_connections":[],"jetpack_featured_media_url":"https:\/\/i0.wp.com\/hoerske.de\/blog\/wp-content\/uploads\/2019\/02\/beitragsbild_pressemitteilung_Zeichenfla%CC%88che-1.png?fit=820%2C410&ssl=1","jetpack_shortlink":"https:\/\/wp.me\/p4W3ht-1my","jetpack_sharing_enabled":true,"_links":{"self":[{"href":"https:\/\/hoerske.de\/blog\/wp-json\/wp\/v2\/posts\/5242","targetHints":{"allow":["GET"]}}],"collection":[{"href":"https:\/\/hoerske.de\/blog\/wp-json\/wp\/v2\/posts"}],"about":[{"href":"https:\/\/hoerske.de\/blog\/wp-json\/wp\/v2\/types\/post"}],"author":[{"embeddable":true,"href":"https:\/\/hoerske.de\/blog\/wp-json\/wp\/v2\/users\/1"}],"replies":[{"embeddable":true,"href":"https:\/\/hoerske.de\/blog\/wp-json\/wp\/v2\/comments?post=5242"}],"version-history":[{"count":0,"href":"https:\/\/hoerske.de\/blog\/wp-json\/wp\/v2\/posts\/5242\/revisions"}],"wp:featuredmedia":[{"embeddable":true,"href":"https:\/\/hoerske.de\/blog\/wp-json\/wp\/v2\/media\/5209"}],"wp:attachment":[{"href":"https:\/\/hoerske.de\/blog\/wp-json\/wp\/v2\/media?parent=5242"}],"wp:term":[{"taxonomy":"category","embeddable":true,"href":"https:\/\/hoerske.de\/blog\/wp-json\/wp\/v2\/categories?post=5242"},{"taxonomy":"post_tag","embeddable":true,"href":"https:\/\/hoerske.de\/blog\/wp-json\/wp\/v2\/tags?post=5242"}],"curies":[{"name":"wp","href":"https:\/\/api.w.org\/{rel}","templated":true}]}}