{"id":5220,"date":"2019-02-15T08:00:06","date_gmt":"2019-02-15T06:00:06","guid":{"rendered":"https:\/\/www.hoerske.de\/?p=5220"},"modified":"2019-02-15T20:50:15","modified_gmt":"2019-02-15T18:50:15","slug":"angelesen-weihnachten-auf-der-lindwurmfeste-von-walter-moers","status":"publish","type":"post","link":"https:\/\/hoerske.de\/blog\/2019\/02\/angelesen-weihnachten-auf-der-lindwurmfeste-von-walter-moers\/","title":{"rendered":"Angelesen: Weihnachten auf der Lindwurmfeste von Walter Moers"},"content":{"rendered":"<p>Weihnachten auf der Lindwurmfeste ist ein Briefroman, der auf dem fiktiven Kontinent Zamonien angesiedelt ist. Der Roman besteht aus dem Briefverkehr zwischen Hildegunst von Mythenmetz und Eydeeten Hachmed Ben Kibitzer \u00fcber das dem unseren Weihnachtsfest \u00e4hnelnde Hamoulimepp.<\/p>\n<h2>Eine Geschichte \u00fcber Hamoulimepp &#8211; oder doch \u00fcber Weihnachten?<\/h2>\n<p>Das Brauchtum dauert drei Tage und wird j\u00e4hrlich von den Charakteren des Lindwurm begannen. Die Namen gebenden Figuren Hamoulie und Mepp sind unserem Weihnachtsmann und dem Knecht Rupprecht verbl\u00fcffend \u00e4hnlich.<\/p>\n<h2>Der Sch\u00f6pfer des K\u00e4pt&#8217;n Blaub\u00e4r<\/h2>\n<p>Walter Moers wurde als Sch\u00f6pfer vieler erfolgreicher Welten und Charaktere bekannt. So schuf er unter anderem die Comicwelten um &#8216;Adolf, die Nazisau&#8217;, &#8216;Das kleine Arschloch&#8217; und K\u00e4pt&#8217;n Blaub\u00e4r. Seit fast 20 Jahren schreibt er fantastische Romane, welche auf dem gleichen Kontinent spielen. Zu seinen Bestsellern aus der Welt Zamoniens z\u00e4hlen &#8216;Die Stadt der tr\u00e4umenden B\u00fccher&#8217;, &#8216;Die 13 \u00bd Leben des K\u00e4pt&#8217;n Blaub\u00e4r&#8217; sowie als Letztes &#8216;Prinzessin Insomnia &amp; der alptraumfarbene Nachtmahr&#8217;.<\/p>\n<h2>Kurzbiographie von Walter Moers<\/h2>\n<p>Der aus M\u00f6nchengladbach stammende Moers ist nicht nur Schriftsteller, sondern auch Comic-Zeichner und Illustrator. Zu Walter Moers&#8217; Markenzeichen z\u00e4hlt neben seinen satirischen Comics und seinen zahlreichen Zamonien-Romanen unter anderem seine \u00f6ffentlichkeitsscheue Art, denn er gibt selten Interviews und l\u00e4sst sich ebenfalls kaum fotografisch ablichten.<\/p>\n<p>Nach seiner kaufm\u00e4nnischen Ausbildung schlug sich Moers mit Gelegenheitsjobs durch und brachte sich selbst mit gro\u00dfem Erfolg das Zeichnen bei. 1988 erschien seine erste Geschichte um K\u00e4pt&#8217;n Blaub\u00e4r und Hein Bl\u00f6d, welche gro\u00dfe Beliebtheit geno\u00df und in Fernsehen, Musicals und Kinderb\u00fcchern verbreitet wurde.<\/p>\n<p>Seine erste Publikation als Comic-Zeichner war bereits im Jahr 1984. Seine zun\u00e4chst cartoonartigen, ironischen Comics, die sich durch eine bewusste Verletzung der Political Correctnes auszeichnen, brachten ihm gro\u00dfe Bekanntheit und Ver\u00f6ffentlichungen zum Beispiel in der Titanic.<\/p>\n<p>Moers&#8217; Stil ist insgesamt sehr vom Grotesken gepr\u00e4gt und beinhaltet viele Wortspiele, Anspielungen und Anagramme, die insbesondere in den Zamonien-Romanen deutlich werden und seine gro\u00dfe Leidenschaft f\u00fcr Literatur, Sprache und Geschichte zeigen.<\/p>\n<h2>Zwischengeschobene Werke sind meist nicht so prickelnd<\/h2>\n<p>Vorne weg gestehe ich, dass ich alle Werke ((Die 13\u00bd Leben des K\u00e4pt\u2019n Blaub\u00e4r; Ensel &amp; Krete Ein M\u00e4rchen aus Zamonien; Rumo &amp; Die Wunder im Dunkeln; Die Stadt der Tr\u00e4umenden B\u00fccher; Der Schrecksenmeister; Das Labyrinth der Tr\u00e4umenden B\u00fccher; Prinzessin Insomnia &amp; der alptraumfarbene Nachtmahr; <a href=\"https:\/\/www.hoerske.de\/blog\/die-stadt-der-traeumenden-buecher-als-comic-rezension\/\">Die Stadt der Tr\u00e4umenden B\u00fccher. Graphic Novel. Teil 1: Buchhaim<\/a>; <a href=\"https:\/\/www.hoerske.de\/blog\/die-katakomben-band-2-die-stadt-der-traeumenden-buecher-als-graphic-novel\/\">Die Stadt der Tr\u00e4umenden B\u00fccher. Graphic Novel. Teil 2: Die Katakomben<\/a>;\u00a0Weihnachten auf der Lindwurmfeste und\u00a0ZAMONIEN Entdeckungsreise durch einen phantastischen Kontinent)) um den fiktiven Kontinent Zamonien besitze. Die B\u00fccher nehmen eine ganze Regalreihe ein. Ich w\u00fcrde mich durchaus als Fan der Werke von Walter Moers bezeichnen. Um so verwunderter war ich \u00fcber dieses &#8220;Buch&#8221;. Soweit noch die vorsichtige Formulierung. Ich habe lange gebraucht um das d\u00fcnne Buch zu Ende zu lesen und mich zu \u00fcberwinden doch noch eine Kritik zu schreiben. F\u00fcr eingefleischte Zamonienfans werde ich heute wohl die Rolle des Laptantidel Latuda \u00fcbernehmen m\u00fcssen.<\/p>\n<p>Nach Band zwei der Buchhaim-Trilogie &#8220;Das Labyrinth der Tr\u00e4umenden B\u00fccher&#8221; sorgte Walter Moers mit einem Cliffhanger am Ende des Buches f\u00fcr einen Aufschrei unter den Fans. Das Warten auf die Fortsetzung der Abenteuer des Lindwurms und Dichterf\u00fcrsten Hildegunst von Mythenmetz dauert nun schon seit 2011 an. Immer wieder wurden neue Ver\u00f6ffentlichungstermine benannt, die nicht gehalten werden konnten. Es erinnert mich fatal an die Er\u00f6ffnungstermine beim Flughafen Berlin\/ Brandenburg. Das lange erwarte Buch von Walter Moers erscheint am 8. Oktober 2024 mit dem Titel &#8220;Das Schloss der Tr\u00e4umenden B\u00fccher&#8221;. Ich bin gespannt, ob es dann auch wirklich klappt.<\/p>\n<h2>W\u00e4hrend dessen&#8230;<\/h2>\n<figure id=\"attachment_5225\" aria-describedby=\"caption-attachment-5225\" style=\"width: 213px\" class=\"wp-caption alignleft\"><a href=\"https:\/\/i0.wp.com\/www.hoerske.de\/blog\/wp-content\/uploads\/2019\/02\/9783328600718_Cover.jpg?ssl=1\"><img data-recalc-dims=\"1\" loading=\"lazy\" decoding=\"async\" class=\"size-medium wp-image-5225\" src=\"https:\/\/i0.wp.com\/www.hoerske.de\/blog\/wp-content\/uploads\/2019\/02\/9783328600718_Cover-213x300.jpg?resize=213%2C300&#038;ssl=1\" alt=\"Cover Weihnachten auf der Lindw\" width=\"213\" height=\"300\" srcset=\"https:\/\/i0.wp.com\/hoerske.de\/blog\/wp-content\/uploads\/2019\/02\/9783328600718_Cover.jpg?resize=213%2C300&amp;ssl=1 213w, https:\/\/i0.wp.com\/hoerske.de\/blog\/wp-content\/uploads\/2019\/02\/9783328600718_Cover.jpg?w=350&amp;ssl=1 350w\" sizes=\"auto, (max-width: 213px) 100vw, 213px\" \/><\/a><figcaption id=\"caption-attachment-5225\" class=\"wp-caption-text\">Walter Moers: Weihnachten auf der Lindwurmfeste<br \/>oder: Warum ich Hamoulimepp hasse<br \/>Mit Illustrationen von Walter Moers, Lydia Rode<\/figcaption><\/figure>\n<p>In der Zwischenzeit m\u00fcssen wir uns mit &#8220;Prinzessin Insomnia &amp; der alptraumfarbene Nachtmahr&#8221; und &#8220;Der B\u00fccherdrache&#8221; ((erscheint vorrs.: am\u00a025. M\u00e4rz 2019)) und eben &#8220;Weihnachten auf der Lindwurmfeste&#8221; begn\u00fcgen.<\/p>\n<p>Wie schon die vorherigen B\u00e4nde und Geschichten, ist auch dieses &#8220;Weihnachten auf der Lindwurmfeste&#8221; wieder wundersch\u00f6n und hochwertig gestaltet und wie &#8220;Prinzessin Insomnia &amp; der alptraumfarbene Nachtmahr&#8221; von Lydia Rode detailreich illustriert worden. Allerdings besteht lediglich die H\u00e4lfte der wenigen 112 Seiten aus dem lange ersehnten Text und die andere aus Illustrationen und einer Leseprobe zu Moers neuem Buch.<\/p>\n<p>Die Geschichte, die jedoch pr\u00e4sentiert wird, ist lesenswert, aber weder besonders spannend noch mit der vom Autor gewohnten Raffinesse geschrieben. Im Kern wird unser Weihnachtsfest durch mehr oder weniger gelungenem sarkastischen Humor auf die Schippe genommen. Das doch recht abrupten Schlusswort des Briefes hat mich erleichtert aufst\u00f6hnen lassen, dass die Qual nun endlich ein Ende hat.<\/p>\n<h2>Leider durchgefallen<\/h2>\n<p>&#8220;Weihnachten auf der Lindwurmfeste&#8221; ist in meinen Augen leider genau das, was dem Buch von Kritikern vorgeworfen wird: ein mehr oder weniger geschickter Marketingversuch um die zum Teil verprellten Fans p\u00fcnktlich zum vergangenen Weihnachtsgesch\u00e4ft aus der Reserve zu locken.<\/p>\n<p>Mein Fazit: Gestaltung wie immer wundersch\u00f6n, inhaltlich komplett durchgefallen, mehr Marketing als Buch und daher nur geeigenet die eigene Moers Sammlung vollst\u00e4ndig zu halten.<\/p>\n<h2>Off-Topic<\/h2>\n<p>Nach einer Textanalyse ist dieser Text zu 51% subjektiv, die wichtigsten Worte sind:\u00a0<em>Hildegunst von Mythenmetz, Weihnachten, Moers, K\u00e4pt\u2019n Blaub\u00e4r, Geschichte, Lindwurm, Weihnachtsfest, Walter Moers<\/em><\/p>\n<p>Ein Computer w\u00fcrde diesen Text der Kategorie <a href=\"https:\/\/www.hoerske.de\/blog\/kategorien\/kultur\/\">Kultur<\/a> zu ordnen.<\/p>\n<div class=\"shariff shariff-align-flex-start shariff-widget-align-flex-start\" data-services=\"facebook%7Ctwitter%7Cpinterest%7Ctumblr\" data-url=\"https%3A%2F%2Fwww.hoerske.de%2Fblog%2Fder-verrat-von-ellen-sandberg-eine-duestere-familienfehde%2F\" data-timestamp=\"1546119282\" data-hidezero=\"1\" data-backendurl=\"https:\/\/www.hoerske.de\/blog\/wp-json\/shariff\/v1\/share_counts?\">\n<div class=\"ShariffHeadline\"><\/div>\n<\/div>\n","protected":false},"excerpt":{"rendered":"<p>Weihnachten auf der Lindwurmfeste ist ein Briefroman, der auf dem fiktiven Kontinent Zamonien angesiedelt ist. Der Roman besteht aus dem Briefverkehr zwischen Hildegunst von Mythenmetz und Eydeeten Hachmed Ben Kibitzer \u00fcber das dem unseren Weihnachtsfest \u00e4hnelnde Hamoulimepp.<\/p>\n","protected":false},"author":1,"featured_media":5223,"comment_status":"open","ping_status":"open","sticky":false,"template":"","format":"standard","meta":{"jetpack_post_was_ever_published":false,"_jetpack_newsletter_access":"","_jetpack_dont_email_post_to_subs":false,"_jetpack_newsletter_tier_id":0,"_jetpack_memberships_contains_paywalled_content":false,"_jetpack_memberships_contains_paid_content":false,"footnotes":"","jetpack_publicize_message":"","jetpack_publicize_feature_enabled":true,"jetpack_social_post_already_shared":false,"jetpack_social_options":{"image_generator_settings":{"template":"highway","default_image_id":0,"font":"","enabled":false},"version":2},"_wpas_customize_per_network":false},"categories":[2168,1902,176],"tags":[213,905,2381,2382,2380,907,259,770],"class_list":["post-5220","post","type-post","status-publish","format-standard","has-post-thumbnail","hentry","category-2168","category-buecher","category-kultur","tag-geschichte","tag-hildegunst-von-mythenmetz","tag-kaeptn-blaubaer","tag-lindwurm","tag-moers","tag-walter-moers","tag-weihnachten","tag-weihnachtsfest"],"yoast_head":"<!-- This site is optimized with the Yoast SEO Premium plugin v27.3 (Yoast SEO v27.3) - https:\/\/yoast.com\/product\/yoast-seo-premium-wordpress\/ -->\n<title>Angelesen: Weihnachten auf der Lindwurmfeste von Walter Moers - Timos Paper<\/title>\n<meta name=\"description\" content=\"Weihnachten auf der Lindwurmfeste ist ein Briefroman, der auf dem fiktiven Kontinent Zamonien angesiedelt ist. Der Roman besteht aus dem Briefverkehr zwischen Hildegunst von Mythenmetz und Eydeeten Hachmed Ben Kibitzer \u00fcber das dem unseren Weihnachtsfest \u00e4hnelnde Hamoulimepp.\" \/>\n<meta name=\"robots\" content=\"index, follow, max-snippet:-1, max-image-preview:large, max-video-preview:-1\" \/>\n<link rel=\"canonical\" href=\"https:\/\/hoerske.de\/blog\/2019\/02\/angelesen-weihnachten-auf-der-lindwurmfeste-von-walter-moers\/\" \/>\n<meta property=\"og:locale\" content=\"de_DE\" \/>\n<meta property=\"og:type\" content=\"article\" \/>\n<meta property=\"og:title\" content=\"Angelesen: Weihnachten auf der Lindwurmfeste von Walter Moers\" \/>\n<meta property=\"og:description\" content=\"Weihnachten auf der Lindwurmfeste ist ein Briefroman, der auf dem fiktiven Kontinent Zamonien angesiedelt ist. Der Roman besteht aus dem Briefverkehr zwischen Hildegunst von Mythenmetz und Eydeeten Hachmed Ben Kibitzer \u00fcber das dem unseren Weihnachtsfest \u00e4hnelnde Hamoulimepp.\" \/>\n<meta property=\"og:url\" content=\"https:\/\/hoerske.de\/blog\/2019\/02\/angelesen-weihnachten-auf-der-lindwurmfeste-von-walter-moers\/\" \/>\n<meta property=\"og:site_name\" content=\"Timos Paper\" \/>\n<meta property=\"article:publisher\" content=\"https:\/\/www.facebook.com\/timo.hoerske\" \/>\n<meta property=\"article:author\" content=\"https:\/\/www.facebook.com\/timo.hoerske\" \/>\n<meta property=\"article:published_time\" content=\"2019-02-15T06:00:06+00:00\" \/>\n<meta property=\"article:modified_time\" content=\"2019-02-15T18:50:15+00:00\" \/>\n<meta property=\"og:image\" content=\"https:\/\/i0.wp.com\/blog.hoerske.de\/wp-content\/uploads\/2019\/02\/weihnachten-auf-der-lindwurmfeste_Zeichenfla%CC%88che-1.png?fit=820%2C410\" \/>\n\t<meta property=\"og:image:width\" content=\"820\" \/>\n\t<meta property=\"og:image:height\" content=\"410\" \/>\n\t<meta property=\"og:image:type\" content=\"image\/png\" \/>\n<meta name=\"author\" content=\"Timo H\u00f6rske\" \/>\n<meta name=\"twitter:card\" content=\"summary_large_image\" \/>\n<meta name=\"twitter:creator\" content=\"@timo_hoerske\" \/>\n<meta name=\"twitter:site\" content=\"@timo_hoerske\" \/>\n<meta name=\"twitter:label1\" content=\"Verfasst von\" \/>\n\t<meta name=\"twitter:data1\" content=\"Timo H\u00f6rske\" \/>\n\t<meta name=\"twitter:label2\" content=\"Gesch\u00e4tzte Lesezeit\" \/>\n\t<meta name=\"twitter:data2\" content=\"4\u00a0Minuten\" \/>\n<script type=\"application\/ld+json\" class=\"yoast-schema-graph\">{\"@context\":\"https:\\\/\\\/schema.org\",\"@graph\":[{\"@type\":\"Article\",\"@id\":\"https:\\\/\\\/hoerske.de\\\/blog\\\/2019\\\/02\\\/angelesen-weihnachten-auf-der-lindwurmfeste-von-walter-moers\\\/#article\",\"isPartOf\":{\"@id\":\"https:\\\/\\\/hoerske.de\\\/blog\\\/2019\\\/02\\\/angelesen-weihnachten-auf-der-lindwurmfeste-von-walter-moers\\\/\"},\"author\":{\"name\":\"Timo H\u00f6rske\",\"@id\":\"https:\\\/\\\/hoerske.de\\\/blog\\\/#\\\/schema\\\/person\\\/20677cf2167fc7027b752c3bba78d5fc\"},\"headline\":\"Angelesen: Weihnachten auf der Lindwurmfeste von Walter Moers\",\"datePublished\":\"2019-02-15T06:00:06+00:00\",\"dateModified\":\"2019-02-15T18:50:15+00:00\",\"mainEntityOfPage\":{\"@id\":\"https:\\\/\\\/hoerske.de\\\/blog\\\/2019\\\/02\\\/angelesen-weihnachten-auf-der-lindwurmfeste-von-walter-moers\\\/\"},\"wordCount\":905,\"commentCount\":0,\"publisher\":{\"@id\":\"https:\\\/\\\/hoerske.de\\\/blog\\\/#\\\/schema\\\/person\\\/20677cf2167fc7027b752c3bba78d5fc\"},\"image\":{\"@id\":\"https:\\\/\\\/hoerske.de\\\/blog\\\/2019\\\/02\\\/angelesen-weihnachten-auf-der-lindwurmfeste-von-walter-moers\\\/#primaryimage\"},\"thumbnailUrl\":\"https:\\\/\\\/i0.wp.com\\\/hoerske.de\\\/blog\\\/wp-content\\\/uploads\\\/2019\\\/02\\\/weihnachten-auf-der-lindwurmfeste_Zeichenfla%CC%88che-1.png?fit=820%2C410&ssl=1\",\"keywords\":[\"Geschichte\",\"Hildegunst von Mythenmetz\",\"K\u00e4pt\u2019n Blaub\u00e4r\",\"Lindwurm\",\"Moers\",\"Walter Moers\",\"Weihnachten\",\"Weihnachtsfest\"],\"articleSection\":[\"2019\",\"B\u00fccher\",\"Kultur\"],\"inLanguage\":\"de\",\"potentialAction\":[{\"@type\":\"CommentAction\",\"name\":\"Comment\",\"target\":[\"https:\\\/\\\/hoerske.de\\\/blog\\\/2019\\\/02\\\/angelesen-weihnachten-auf-der-lindwurmfeste-von-walter-moers\\\/#respond\"]}]},{\"@type\":\"WebPage\",\"@id\":\"https:\\\/\\\/hoerske.de\\\/blog\\\/2019\\\/02\\\/angelesen-weihnachten-auf-der-lindwurmfeste-von-walter-moers\\\/\",\"url\":\"https:\\\/\\\/hoerske.de\\\/blog\\\/2019\\\/02\\\/angelesen-weihnachten-auf-der-lindwurmfeste-von-walter-moers\\\/\",\"name\":\"Angelesen: Weihnachten auf der Lindwurmfeste von Walter Moers - Timos Paper\",\"isPartOf\":{\"@id\":\"https:\\\/\\\/hoerske.de\\\/blog\\\/#website\"},\"primaryImageOfPage\":{\"@id\":\"https:\\\/\\\/hoerske.de\\\/blog\\\/2019\\\/02\\\/angelesen-weihnachten-auf-der-lindwurmfeste-von-walter-moers\\\/#primaryimage\"},\"image\":{\"@id\":\"https:\\\/\\\/hoerske.de\\\/blog\\\/2019\\\/02\\\/angelesen-weihnachten-auf-der-lindwurmfeste-von-walter-moers\\\/#primaryimage\"},\"thumbnailUrl\":\"https:\\\/\\\/i0.wp.com\\\/hoerske.de\\\/blog\\\/wp-content\\\/uploads\\\/2019\\\/02\\\/weihnachten-auf-der-lindwurmfeste_Zeichenfla%CC%88che-1.png?fit=820%2C410&ssl=1\",\"datePublished\":\"2019-02-15T06:00:06+00:00\",\"dateModified\":\"2019-02-15T18:50:15+00:00\",\"description\":\"Weihnachten auf der Lindwurmfeste ist ein Briefroman, der auf dem fiktiven Kontinent Zamonien angesiedelt ist. Der Roman besteht aus dem Briefverkehr zwischen Hildegunst von Mythenmetz und Eydeeten Hachmed Ben Kibitzer \u00fcber das dem unseren Weihnachtsfest \u00e4hnelnde Hamoulimepp.\",\"breadcrumb\":{\"@id\":\"https:\\\/\\\/hoerske.de\\\/blog\\\/2019\\\/02\\\/angelesen-weihnachten-auf-der-lindwurmfeste-von-walter-moers\\\/#breadcrumb\"},\"inLanguage\":\"de\",\"potentialAction\":[{\"@type\":\"ReadAction\",\"target\":[\"https:\\\/\\\/hoerske.de\\\/blog\\\/2019\\\/02\\\/angelesen-weihnachten-auf-der-lindwurmfeste-von-walter-moers\\\/\"]}]},{\"@type\":\"ImageObject\",\"inLanguage\":\"de\",\"@id\":\"https:\\\/\\\/hoerske.de\\\/blog\\\/2019\\\/02\\\/angelesen-weihnachten-auf-der-lindwurmfeste-von-walter-moers\\\/#primaryimage\",\"url\":\"https:\\\/\\\/i0.wp.com\\\/hoerske.de\\\/blog\\\/wp-content\\\/uploads\\\/2019\\\/02\\\/weihnachten-auf-der-lindwurmfeste_Zeichenfla%CC%88che-1.png?fit=820%2C410&ssl=1\",\"contentUrl\":\"https:\\\/\\\/i0.wp.com\\\/hoerske.de\\\/blog\\\/wp-content\\\/uploads\\\/2019\\\/02\\\/weihnachten-auf-der-lindwurmfeste_Zeichenfla%CC%88che-1.png?fit=820%2C410&ssl=1\",\"width\":820,\"height\":410,\"caption\":\"\u00a9Alextype \u2013 stock.adobe.com\"},{\"@type\":\"BreadcrumbList\",\"@id\":\"https:\\\/\\\/hoerske.de\\\/blog\\\/2019\\\/02\\\/angelesen-weihnachten-auf-der-lindwurmfeste-von-walter-moers\\\/#breadcrumb\",\"itemListElement\":[{\"@type\":\"ListItem\",\"position\":1,\"name\":\"Startseite\",\"item\":\"https:\\\/\\\/hoerske.de\\\/blog\\\/\"},{\"@type\":\"ListItem\",\"position\":2,\"name\":\"Angelesen: Weihnachten auf der Lindwurmfeste von Walter Moers\"}]},{\"@type\":\"WebSite\",\"@id\":\"https:\\\/\\\/hoerske.de\\\/blog\\\/#website\",\"url\":\"https:\\\/\\\/hoerske.de\\\/blog\\\/\",\"name\":\"Timos Blog\",\"description\":\"ego cogito, ergo sum\",\"publisher\":{\"@id\":\"https:\\\/\\\/hoerske.de\\\/blog\\\/#\\\/schema\\\/person\\\/20677cf2167fc7027b752c3bba78d5fc\"},\"potentialAction\":[{\"@type\":\"SearchAction\",\"target\":{\"@type\":\"EntryPoint\",\"urlTemplate\":\"https:\\\/\\\/hoerske.de\\\/blog\\\/?s={search_term_string}\"},\"query-input\":{\"@type\":\"PropertyValueSpecification\",\"valueRequired\":true,\"valueName\":\"search_term_string\"}}],\"inLanguage\":\"de\"},{\"@type\":[\"Person\",\"Organization\"],\"@id\":\"https:\\\/\\\/hoerske.de\\\/blog\\\/#\\\/schema\\\/person\\\/20677cf2167fc7027b752c3bba78d5fc\",\"name\":\"Timo H\u00f6rske\",\"image\":{\"@type\":\"ImageObject\",\"inLanguage\":\"de\",\"@id\":\"https:\\\/\\\/i0.wp.com\\\/hoerske.de\\\/blog\\\/wp-content\\\/uploads\\\/2023\\\/01\\\/16711213967602.jpg?fit=1024%2C954&ssl=1\",\"url\":\"https:\\\/\\\/i0.wp.com\\\/hoerske.de\\\/blog\\\/wp-content\\\/uploads\\\/2023\\\/01\\\/16711213967602.jpg?fit=1024%2C954&ssl=1\",\"contentUrl\":\"https:\\\/\\\/i0.wp.com\\\/hoerske.de\\\/blog\\\/wp-content\\\/uploads\\\/2023\\\/01\\\/16711213967602.jpg?fit=1024%2C954&ssl=1\",\"width\":1024,\"height\":954,\"caption\":\"Timo H\u00f6rske\"},\"logo\":{\"@id\":\"https:\\\/\\\/i0.wp.com\\\/hoerske.de\\\/blog\\\/wp-content\\\/uploads\\\/2023\\\/01\\\/16711213967602.jpg?fit=1024%2C954&ssl=1\"},\"description\":\"Jahrgang 1985, als \\\"Ossi\\\" geboren, im beschaulichen Premnitz an der Havel aufgewachsen. Natur- und Kunstliebhaber. Seit \u00fcber 10 Jahren Wahlbremerhavener, K\u00fcsten- und Windfan. So ziemlich an Allem interessiert. Schwerpunkte sind aber eindeutig Politik, Gesellschaft, Rechtswesen, Natur, Imkerei und Technik. Rotes Parteibuch, Mitglied des Jugendhilfeausschusses der Stadt Bremerhaven, Vorsitzender eines Kleing\u00e4rtnervereins, Fachberater f\u00fcr das Kleingartenwesen, Verbandschef der Bremerhavener Kleing\u00e4rtner*innen. Hobbyimker, Freizeitblogger, Techniknerd.\",\"sameAs\":[\"https:\\\/\\\/www.hoerske.de\\\/\",\"https:\\\/\\\/www.facebook.com\\\/timo.hoerske\",\"https:\\\/\\\/www.instagram.com\\\/thoerske\\\/\",\"https:\\\/\\\/x.com\\\/timo_hoerske\"],\"url\":\"https:\\\/\\\/hoerske.de\\\/blog\\\/author\\\/roter_admin\\\/\"}]}<\/script>\n<!-- \/ Yoast SEO Premium plugin. -->","yoast_head_json":{"title":"Angelesen: Weihnachten auf der Lindwurmfeste von Walter Moers - Timos Paper","description":"Weihnachten auf der Lindwurmfeste ist ein Briefroman, der auf dem fiktiven Kontinent Zamonien angesiedelt ist. Der Roman besteht aus dem Briefverkehr zwischen Hildegunst von Mythenmetz und Eydeeten Hachmed Ben Kibitzer \u00fcber das dem unseren Weihnachtsfest \u00e4hnelnde Hamoulimepp.","robots":{"index":"index","follow":"follow","max-snippet":"max-snippet:-1","max-image-preview":"max-image-preview:large","max-video-preview":"max-video-preview:-1"},"canonical":"https:\/\/hoerske.de\/blog\/2019\/02\/angelesen-weihnachten-auf-der-lindwurmfeste-von-walter-moers\/","og_locale":"de_DE","og_type":"article","og_title":"Angelesen: Weihnachten auf der Lindwurmfeste von Walter Moers","og_description":"Weihnachten auf der Lindwurmfeste ist ein Briefroman, der auf dem fiktiven Kontinent Zamonien angesiedelt ist. Der Roman besteht aus dem Briefverkehr zwischen Hildegunst von Mythenmetz und Eydeeten Hachmed Ben Kibitzer \u00fcber das dem unseren Weihnachtsfest \u00e4hnelnde Hamoulimepp.","og_url":"https:\/\/hoerske.de\/blog\/2019\/02\/angelesen-weihnachten-auf-der-lindwurmfeste-von-walter-moers\/","og_site_name":"Timos Paper","article_publisher":"https:\/\/www.facebook.com\/timo.hoerske","article_author":"https:\/\/www.facebook.com\/timo.hoerske","article_published_time":"2019-02-15T06:00:06+00:00","article_modified_time":"2019-02-15T18:50:15+00:00","og_image":[{"width":820,"height":410,"url":"https:\/\/i0.wp.com\/blog.hoerske.de\/wp-content\/uploads\/2019\/02\/weihnachten-auf-der-lindwurmfeste_Zeichenfla%CC%88che-1.png?fit=820%2C410","type":"image\/png"}],"author":"Timo H\u00f6rske","twitter_card":"summary_large_image","twitter_creator":"@timo_hoerske","twitter_site":"@timo_hoerske","twitter_misc":{"Verfasst von":"Timo H\u00f6rske","Gesch\u00e4tzte Lesezeit":"4\u00a0Minuten"},"schema":{"@context":"https:\/\/schema.org","@graph":[{"@type":"Article","@id":"https:\/\/hoerske.de\/blog\/2019\/02\/angelesen-weihnachten-auf-der-lindwurmfeste-von-walter-moers\/#article","isPartOf":{"@id":"https:\/\/hoerske.de\/blog\/2019\/02\/angelesen-weihnachten-auf-der-lindwurmfeste-von-walter-moers\/"},"author":{"name":"Timo H\u00f6rske","@id":"https:\/\/hoerske.de\/blog\/#\/schema\/person\/20677cf2167fc7027b752c3bba78d5fc"},"headline":"Angelesen: Weihnachten auf der Lindwurmfeste von Walter Moers","datePublished":"2019-02-15T06:00:06+00:00","dateModified":"2019-02-15T18:50:15+00:00","mainEntityOfPage":{"@id":"https:\/\/hoerske.de\/blog\/2019\/02\/angelesen-weihnachten-auf-der-lindwurmfeste-von-walter-moers\/"},"wordCount":905,"commentCount":0,"publisher":{"@id":"https:\/\/hoerske.de\/blog\/#\/schema\/person\/20677cf2167fc7027b752c3bba78d5fc"},"image":{"@id":"https:\/\/hoerske.de\/blog\/2019\/02\/angelesen-weihnachten-auf-der-lindwurmfeste-von-walter-moers\/#primaryimage"},"thumbnailUrl":"https:\/\/i0.wp.com\/hoerske.de\/blog\/wp-content\/uploads\/2019\/02\/weihnachten-auf-der-lindwurmfeste_Zeichenfla%CC%88che-1.png?fit=820%2C410&ssl=1","keywords":["Geschichte","Hildegunst von Mythenmetz","K\u00e4pt\u2019n Blaub\u00e4r","Lindwurm","Moers","Walter Moers","Weihnachten","Weihnachtsfest"],"articleSection":["2019","B\u00fccher","Kultur"],"inLanguage":"de","potentialAction":[{"@type":"CommentAction","name":"Comment","target":["https:\/\/hoerske.de\/blog\/2019\/02\/angelesen-weihnachten-auf-der-lindwurmfeste-von-walter-moers\/#respond"]}]},{"@type":"WebPage","@id":"https:\/\/hoerske.de\/blog\/2019\/02\/angelesen-weihnachten-auf-der-lindwurmfeste-von-walter-moers\/","url":"https:\/\/hoerske.de\/blog\/2019\/02\/angelesen-weihnachten-auf-der-lindwurmfeste-von-walter-moers\/","name":"Angelesen: Weihnachten auf der Lindwurmfeste von Walter Moers - Timos Paper","isPartOf":{"@id":"https:\/\/hoerske.de\/blog\/#website"},"primaryImageOfPage":{"@id":"https:\/\/hoerske.de\/blog\/2019\/02\/angelesen-weihnachten-auf-der-lindwurmfeste-von-walter-moers\/#primaryimage"},"image":{"@id":"https:\/\/hoerske.de\/blog\/2019\/02\/angelesen-weihnachten-auf-der-lindwurmfeste-von-walter-moers\/#primaryimage"},"thumbnailUrl":"https:\/\/i0.wp.com\/hoerske.de\/blog\/wp-content\/uploads\/2019\/02\/weihnachten-auf-der-lindwurmfeste_Zeichenfla%CC%88che-1.png?fit=820%2C410&ssl=1","datePublished":"2019-02-15T06:00:06+00:00","dateModified":"2019-02-15T18:50:15+00:00","description":"Weihnachten auf der Lindwurmfeste ist ein Briefroman, der auf dem fiktiven Kontinent Zamonien angesiedelt ist. Der Roman besteht aus dem Briefverkehr zwischen Hildegunst von Mythenmetz und Eydeeten Hachmed Ben Kibitzer \u00fcber das dem unseren Weihnachtsfest \u00e4hnelnde Hamoulimepp.","breadcrumb":{"@id":"https:\/\/hoerske.de\/blog\/2019\/02\/angelesen-weihnachten-auf-der-lindwurmfeste-von-walter-moers\/#breadcrumb"},"inLanguage":"de","potentialAction":[{"@type":"ReadAction","target":["https:\/\/hoerske.de\/blog\/2019\/02\/angelesen-weihnachten-auf-der-lindwurmfeste-von-walter-moers\/"]}]},{"@type":"ImageObject","inLanguage":"de","@id":"https:\/\/hoerske.de\/blog\/2019\/02\/angelesen-weihnachten-auf-der-lindwurmfeste-von-walter-moers\/#primaryimage","url":"https:\/\/i0.wp.com\/hoerske.de\/blog\/wp-content\/uploads\/2019\/02\/weihnachten-auf-der-lindwurmfeste_Zeichenfla%CC%88che-1.png?fit=820%2C410&ssl=1","contentUrl":"https:\/\/i0.wp.com\/hoerske.de\/blog\/wp-content\/uploads\/2019\/02\/weihnachten-auf-der-lindwurmfeste_Zeichenfla%CC%88che-1.png?fit=820%2C410&ssl=1","width":820,"height":410,"caption":"\u00a9Alextype \u2013 stock.adobe.com"},{"@type":"BreadcrumbList","@id":"https:\/\/hoerske.de\/blog\/2019\/02\/angelesen-weihnachten-auf-der-lindwurmfeste-von-walter-moers\/#breadcrumb","itemListElement":[{"@type":"ListItem","position":1,"name":"Startseite","item":"https:\/\/hoerske.de\/blog\/"},{"@type":"ListItem","position":2,"name":"Angelesen: Weihnachten auf der Lindwurmfeste von Walter Moers"}]},{"@type":"WebSite","@id":"https:\/\/hoerske.de\/blog\/#website","url":"https:\/\/hoerske.de\/blog\/","name":"Timos Blog","description":"ego cogito, ergo sum","publisher":{"@id":"https:\/\/hoerske.de\/blog\/#\/schema\/person\/20677cf2167fc7027b752c3bba78d5fc"},"potentialAction":[{"@type":"SearchAction","target":{"@type":"EntryPoint","urlTemplate":"https:\/\/hoerske.de\/blog\/?s={search_term_string}"},"query-input":{"@type":"PropertyValueSpecification","valueRequired":true,"valueName":"search_term_string"}}],"inLanguage":"de"},{"@type":["Person","Organization"],"@id":"https:\/\/hoerske.de\/blog\/#\/schema\/person\/20677cf2167fc7027b752c3bba78d5fc","name":"Timo H\u00f6rske","image":{"@type":"ImageObject","inLanguage":"de","@id":"https:\/\/i0.wp.com\/hoerske.de\/blog\/wp-content\/uploads\/2023\/01\/16711213967602.jpg?fit=1024%2C954&ssl=1","url":"https:\/\/i0.wp.com\/hoerske.de\/blog\/wp-content\/uploads\/2023\/01\/16711213967602.jpg?fit=1024%2C954&ssl=1","contentUrl":"https:\/\/i0.wp.com\/hoerske.de\/blog\/wp-content\/uploads\/2023\/01\/16711213967602.jpg?fit=1024%2C954&ssl=1","width":1024,"height":954,"caption":"Timo H\u00f6rske"},"logo":{"@id":"https:\/\/i0.wp.com\/hoerske.de\/blog\/wp-content\/uploads\/2023\/01\/16711213967602.jpg?fit=1024%2C954&ssl=1"},"description":"Jahrgang 1985, als \"Ossi\" geboren, im beschaulichen Premnitz an der Havel aufgewachsen. Natur- und Kunstliebhaber. Seit \u00fcber 10 Jahren Wahlbremerhavener, K\u00fcsten- und Windfan. So ziemlich an Allem interessiert. Schwerpunkte sind aber eindeutig Politik, Gesellschaft, Rechtswesen, Natur, Imkerei und Technik. Rotes Parteibuch, Mitglied des Jugendhilfeausschusses der Stadt Bremerhaven, Vorsitzender eines Kleing\u00e4rtnervereins, Fachberater f\u00fcr das Kleingartenwesen, Verbandschef der Bremerhavener Kleing\u00e4rtner*innen. Hobbyimker, Freizeitblogger, Techniknerd.","sameAs":["https:\/\/www.hoerske.de\/","https:\/\/www.facebook.com\/timo.hoerske","https:\/\/www.instagram.com\/thoerske\/","https:\/\/x.com\/timo_hoerske"],"url":"https:\/\/hoerske.de\/blog\/author\/roter_admin\/"}]}},"jetpack_publicize_connections":[],"jetpack_featured_media_url":"https:\/\/i0.wp.com\/hoerske.de\/blog\/wp-content\/uploads\/2019\/02\/weihnachten-auf-der-lindwurmfeste_Zeichenfla%CC%88che-1.png?fit=820%2C410&ssl=1","jetpack_shortlink":"https:\/\/wp.me\/p4W3ht-1mc","jetpack_sharing_enabled":true,"_links":{"self":[{"href":"https:\/\/hoerske.de\/blog\/wp-json\/wp\/v2\/posts\/5220","targetHints":{"allow":["GET"]}}],"collection":[{"href":"https:\/\/hoerske.de\/blog\/wp-json\/wp\/v2\/posts"}],"about":[{"href":"https:\/\/hoerske.de\/blog\/wp-json\/wp\/v2\/types\/post"}],"author":[{"embeddable":true,"href":"https:\/\/hoerske.de\/blog\/wp-json\/wp\/v2\/users\/1"}],"replies":[{"embeddable":true,"href":"https:\/\/hoerske.de\/blog\/wp-json\/wp\/v2\/comments?post=5220"}],"version-history":[{"count":0,"href":"https:\/\/hoerske.de\/blog\/wp-json\/wp\/v2\/posts\/5220\/revisions"}],"wp:featuredmedia":[{"embeddable":true,"href":"https:\/\/hoerske.de\/blog\/wp-json\/wp\/v2\/media\/5223"}],"wp:attachment":[{"href":"https:\/\/hoerske.de\/blog\/wp-json\/wp\/v2\/media?parent=5220"}],"wp:term":[{"taxonomy":"category","embeddable":true,"href":"https:\/\/hoerske.de\/blog\/wp-json\/wp\/v2\/categories?post=5220"},{"taxonomy":"post_tag","embeddable":true,"href":"https:\/\/hoerske.de\/blog\/wp-json\/wp\/v2\/tags?post=5220"}],"curies":[{"name":"wp","href":"https:\/\/api.w.org\/{rel}","templated":true}]}}