{"id":50,"date":"2015-02-12T09:00:56","date_gmt":"2015-02-12T07:00:56","guid":{"rendered":"https:\/\/www.hoerske.de\/?p=50"},"modified":"2015-03-02T11:59:11","modified_gmt":"2015-03-02T09:59:11","slug":"rueckschau-wilhelm-droescher-preis-2013","status":"publish","type":"post","link":"https:\/\/hoerske.de\/blog\/2015\/02\/rueckschau-wilhelm-droescher-preis-2013\/","title":{"rendered":"R\u00fcckschau: Wilhelm-Dr\u00f6scher-Preis 2013"},"content":{"rendered":"<p>&nbsp;<\/p>\n<p>Es war ein toller Parteitag in Leipzig vom 14.11. bis 16.11. 2013. Drei tolle Tage, wie man so sch\u00f6n sagt. F\u00fcr uns waren es aber doch einige mehr.<\/p>\n<p>Als Deligation des SPD Unterbezirk Bremerhaven durften wir unser gemeinsames Projekt des <a href=\"http:\/\/www.roter-stadtrundgang.de\/web\/\" target=\"_blank\">Roten Stadtrundganges<\/a> den Besuchern des Parteitages vorstellen:<\/p>\n<p><!--more--><\/p>\n<blockquote><p>Am 22.10.1945 wurde die SPD in Bremerhaven gegr\u00fcndet. Seitdem haben viele Genossinnen und Genossen die Seestadt gepr\u00e4gt. Der Rote Stadtrundgang nimmt Interessierte mit auf eine Reise zu den Spuren der SPD Bremerhaven im Kontext ihrer historischen Verflechtung mit der Stadtentwicklung Bremerhavens.<\/p>\n<p>Als Aufh\u00e4nger unserer Brosch\u00fcre \u201eTatkraft ist und bleibt rot\u201c zum gesamtdeutschen 150- j\u00e4hrigen Parteigeburtstag wurde die Idee eines Roten Stadtrundgangs umgesetzt. Es entstand eine Tour von Nord nach S\u00fcd quer durch Bremerhaven, die Interessierte an momentan 13 geschichtstr\u00e4chtige Orte der emotionsbehafteten Parteihistorie f\u00fchrt: angefangen mit der \u201eEisernen Front\u201c (gegen den Nationalsozialismus) \u00fcber die Pestalozzischule (Gr\u00fcndungsort der SPD Bremerhaven), das SPD- Haus in der Schifferstra\u00dfe bis zum Hautkontor des Konsum- und Sparvereins Unterweser.<\/p>\n<p>In der Brosch\u00fcre finden sich einzelne Beschreibungen der Wegmarken und ein anschaulicher, mit Bildern illustrierter Stadtplan zum Roten Stadtrundgang. Ein Highlight der Brosch\u00fcre stellt das Cover dar, welches durch eine aufwendige Fotoaktion entstand. Hierzu zeigten die Genossinnen und Genossen Bremerhavens ihr Gemeinschaftsgef\u00fchl, indem \u00fcber 150 Frauen und M\u00e4nner gemeinsam den Schriftzug \u201eSPD\u201c nachstellten, welcher aus Vogelperspektive per Kamera f\u00fcr die Ewigkeit festgehalten wurde.<\/p>\n<p>Das Ziel des Roten Stadtrundganges ist, Geschichte erlebbar zu machen. Leben wird dieser Aktion durch mitrei\u00dfende und mit pers\u00f6nlichen Anekdoten gespickte F\u00fchrungen von Funktionstr\u00e4gern und aktiven Mitgliedern der SPD Bremerhavens eingehaucht. Passend zum neuen medialen Zeitalter entwickelten Genossen eine eigene Homepage f\u00fcr den Stadtrundgang, auf der ebenfalls die einzelnen Wegpunkte beschrieben und aktuelle Termine f\u00fcr F\u00fchrungen ver\u00f6ffentlicht werden: www.roter- stadtrundgang.de. Weiterhin entstand sogar eine App f\u00fcr Interessierte, die sich allein auf die Spuren der roten Geschichte der SPD Bremerhaven begeben wollen.<\/p>\n<p>Der Rote Stadtrundgang soll Teil der Geschichte der SPD Bremerhavens werden und durch st\u00e4ndige Weiterentwicklung und Ausweitung der Anlaufstationen \u2013 auch \u00fcber die Stadtgrenzen hinaus ins sch\u00f6ne Bremerhavener Umland \u2013 immer neue Meilensteine der Parteientwicklung f\u00fcr die Ewigkeit festhalten. (Quelle: Swen Awiszus, Sabrina Czak; <a href=\"http:\/\/www.wilhelm-droescher-preis.de\/index.php?mod=content&amp;menu=220016&amp;page_id=598\" target=\"_blank\">Ausstellungstext Wilhelm-Dr\u00f6scher-Preis<\/a>)<\/p><\/blockquote>\n<figure id=\"attachment_51\" aria-describedby=\"caption-attachment-51\" style=\"width: 300px\" class=\"wp-caption aligncenter\"><a href=\"https:\/\/www.hoerske.de\/blog\/rueckschau-wilhelm-droescher-preis-2013\/bundesparteitag_2013_verleihung_wilhelm_dro%cc%88scher_preis\/\" rel=\"attachment wp-att-51\"><img data-recalc-dims=\"1\" loading=\"lazy\" decoding=\"async\" class=\"wp-image-51 size-medium\" src=\"https:\/\/i0.wp.com\/www.hoerske.de\/blog\/wp-content\/uploads\/2015\/02\/bundesparteitag_2013_verleihung_wilhelm_dro%CC%88scher_preis-300x188.jpg?resize=300%2C188&#038;ssl=1\" alt=\"bundesparteitag_2013_verleihung_wilhelm_dr\u00f6scher_preis\" width=\"300\" height=\"188\" srcset=\"https:\/\/i0.wp.com\/hoerske.de\/blog\/wp-content\/uploads\/2015\/02\/bundesparteitag_2013_verleihung_wilhelm_dro%CC%88scher_preis.jpg?resize=300%2C188&amp;ssl=1 300w, https:\/\/i0.wp.com\/hoerske.de\/blog\/wp-content\/uploads\/2015\/02\/bundesparteitag_2013_verleihung_wilhelm_dro%CC%88scher_preis.jpg?w=900&amp;ssl=1 900w\" sizes=\"auto, (max-width: 300px) 100vw, 300px\" \/><\/a><figcaption id=\"caption-attachment-51\" class=\"wp-caption-text\">(Foto: v.l.n.r. J\u00f6rg Fehring, Sabrina Czak, Matthias Wefer, Timo H\u00f6rske, Swen Awiszus, Kuratorin Heidemarie Wieczorek- Zeul, Jury- Mitglied Peter D\u00f6scher und Heiko Stratmann. Foto: SPD Bremerhaven)<\/figcaption><\/figure>\n<p>&nbsp;<\/p>\n<p>Am Ende wurde unser Einsatz mit dem ersten Platz des <a href=\"http:\/\/www.wilhelm-droescher-preis.de\/index.php?nr=579&amp;menu=1\" target=\"_blank\">Wilhelm Dr\u00f6scher Preises<\/a> belohnt.<\/p>\n<p>&nbsp;<\/p>\n","protected":false},"excerpt":{"rendered":"<p>&nbsp; Es war ein toller Parteitag in Leipzig vom 14.11. bis 16.11. 2013. Drei tolle Tage, wie man so sch\u00f6n sagt. F\u00fcr uns waren es aber doch einige mehr. Als Deligation des SPD Unterbezirk Bremerhaven durften wir unser gemeinsames Projekt des Roten Stadtrundganges den Besuchern des Parteitages vorstellen:<\/p>\n","protected":false},"author":1,"featured_media":51,"comment_status":"open","ping_status":"open","sticky":false,"template":"","format":"standard","meta":{"jetpack_post_was_ever_published":false,"_jetpack_newsletter_access":"","_jetpack_dont_email_post_to_subs":false,"_jetpack_newsletter_tier_id":0,"_jetpack_memberships_contains_paywalled_content":false,"_jetpack_memberships_contains_paid_content":false,"footnotes":"","jetpack_publicize_message":"","jetpack_publicize_feature_enabled":true,"jetpack_social_post_already_shared":true,"jetpack_social_options":{"image_generator_settings":{"template":"highway","default_image_id":0,"font":"","enabled":false},"version":2},"_wpas_customize_per_network":false},"categories":[22],"tags":[24,25,23],"class_list":["post-50","post","type-post","status-publish","format-standard","has-post-thumbnail","hentry","category-vergangenheit","tag-bundesparteitag","tag-leipzig","tag-wilhelm-droescher-preis-2013"],"yoast_head":"<!-- This site is optimized with the Yoast SEO Premium plugin v27.5 (Yoast SEO v27.5) - https:\/\/yoast.com\/product\/yoast-seo-premium-wordpress\/ -->\n<title>R\u00fcckschau: Wilhelm-Dr\u00f6scher-Preis 2013 - Timos Paper<\/title>\n<meta name=\"robots\" content=\"index, follow, max-snippet:-1, max-image-preview:large, max-video-preview:-1\" \/>\n<link rel=\"canonical\" href=\"https:\/\/hoerske.de\/blog\/2015\/02\/rueckschau-wilhelm-droescher-preis-2013\/\" \/>\n<meta property=\"og:locale\" content=\"de_DE\" \/>\n<meta property=\"og:type\" content=\"article\" \/>\n<meta property=\"og:title\" content=\"R\u00fcckschau: Wilhelm-Dr\u00f6scher-Preis 2013\" \/>\n<meta property=\"og:description\" content=\"&nbsp; Es war ein toller Parteitag in Leipzig vom 14.11. bis 16.11. 2013. Drei tolle Tage, wie man so sch\u00f6n sagt. F\u00fcr uns waren es aber doch einige mehr. Als Deligation des SPD Unterbezirk Bremerhaven durften wir unser gemeinsames Projekt des Roten Stadtrundganges den Besuchern des Parteitages vorstellen:\" \/>\n<meta property=\"og:url\" content=\"https:\/\/hoerske.de\/blog\/2015\/02\/rueckschau-wilhelm-droescher-preis-2013\/\" \/>\n<meta property=\"og:site_name\" content=\"Timos Paper\" \/>\n<meta property=\"article:publisher\" content=\"https:\/\/www.facebook.com\/timo.hoerske\" \/>\n<meta property=\"article:author\" content=\"https:\/\/www.facebook.com\/timo.hoerske\" \/>\n<meta property=\"article:published_time\" content=\"2015-02-12T07:00:56+00:00\" \/>\n<meta property=\"article:modified_time\" content=\"2015-03-02T09:59:11+00:00\" \/>\n<meta property=\"og:image\" content=\"https:\/\/i0.wp.com\/blog.hoerske.de\/wp-content\/uploads\/2015\/02\/bundesparteitag_2013_verleihung_wilhelm_dro%CC%88scher_preis.jpg?fit=900%2C565\" \/>\n\t<meta property=\"og:image:width\" content=\"900\" \/>\n\t<meta property=\"og:image:height\" content=\"565\" \/>\n\t<meta property=\"og:image:type\" content=\"image\/jpeg\" \/>\n<meta name=\"author\" content=\"Timo H\u00f6rske\" \/>\n<meta name=\"twitter:card\" content=\"summary_large_image\" \/>\n<meta name=\"twitter:creator\" content=\"@timo_hoerske\" \/>\n<meta name=\"twitter:site\" content=\"@timo_hoerske\" \/>\n<meta name=\"twitter:label1\" content=\"Verfasst von\" \/>\n\t<meta name=\"twitter:data1\" content=\"Timo H\u00f6rske\" \/>\n\t<meta name=\"twitter:label2\" content=\"Gesch\u00e4tzte Lesezeit\" \/>\n\t<meta name=\"twitter:data2\" content=\"2\u00a0Minuten\" \/>\n<script type=\"application\/ld+json\" class=\"yoast-schema-graph\">{\"@context\":\"https:\\\/\\\/schema.org\",\"@graph\":[{\"@type\":\"Article\",\"@id\":\"https:\\\/\\\/hoerske.de\\\/blog\\\/2015\\\/02\\\/rueckschau-wilhelm-droescher-preis-2013\\\/#article\",\"isPartOf\":{\"@id\":\"https:\\\/\\\/hoerske.de\\\/blog\\\/2015\\\/02\\\/rueckschau-wilhelm-droescher-preis-2013\\\/\"},\"author\":{\"name\":\"Timo H\u00f6rske\",\"@id\":\"https:\\\/\\\/hoerske.de\\\/blog\\\/#\\\/schema\\\/person\\\/20677cf2167fc7027b752c3bba78d5fc\"},\"headline\":\"R\u00fcckschau: Wilhelm-Dr\u00f6scher-Preis 2013\",\"datePublished\":\"2015-02-12T07:00:56+00:00\",\"dateModified\":\"2015-03-02T09:59:11+00:00\",\"mainEntityOfPage\":{\"@id\":\"https:\\\/\\\/hoerske.de\\\/blog\\\/2015\\\/02\\\/rueckschau-wilhelm-droescher-preis-2013\\\/\"},\"wordCount\":435,\"commentCount\":0,\"publisher\":{\"@id\":\"https:\\\/\\\/hoerske.de\\\/blog\\\/#\\\/schema\\\/person\\\/20677cf2167fc7027b752c3bba78d5fc\"},\"image\":{\"@id\":\"https:\\\/\\\/hoerske.de\\\/blog\\\/2015\\\/02\\\/rueckschau-wilhelm-droescher-preis-2013\\\/#primaryimage\"},\"thumbnailUrl\":\"https:\\\/\\\/i0.wp.com\\\/hoerske.de\\\/blog\\\/wp-content\\\/uploads\\\/2015\\\/02\\\/bundesparteitag_2013_verleihung_wilhelm_dro%CC%88scher_preis.jpg?fit=900%2C565&ssl=1\",\"keywords\":[\"Bundesparteitag\",\"Leipzig\",\"Wilhelm Dr\u00f6scher Preis 2013\"],\"articleSection\":[\"Vergangenheit\"],\"inLanguage\":\"de\",\"potentialAction\":[{\"@type\":\"CommentAction\",\"name\":\"Comment\",\"target\":[\"https:\\\/\\\/hoerske.de\\\/blog\\\/2015\\\/02\\\/rueckschau-wilhelm-droescher-preis-2013\\\/#respond\"]}]},{\"@type\":\"WebPage\",\"@id\":\"https:\\\/\\\/hoerske.de\\\/blog\\\/2015\\\/02\\\/rueckschau-wilhelm-droescher-preis-2013\\\/\",\"url\":\"https:\\\/\\\/hoerske.de\\\/blog\\\/2015\\\/02\\\/rueckschau-wilhelm-droescher-preis-2013\\\/\",\"name\":\"R\u00fcckschau: Wilhelm-Dr\u00f6scher-Preis 2013 - Timos Paper\",\"isPartOf\":{\"@id\":\"https:\\\/\\\/hoerske.de\\\/blog\\\/#website\"},\"primaryImageOfPage\":{\"@id\":\"https:\\\/\\\/hoerske.de\\\/blog\\\/2015\\\/02\\\/rueckschau-wilhelm-droescher-preis-2013\\\/#primaryimage\"},\"image\":{\"@id\":\"https:\\\/\\\/hoerske.de\\\/blog\\\/2015\\\/02\\\/rueckschau-wilhelm-droescher-preis-2013\\\/#primaryimage\"},\"thumbnailUrl\":\"https:\\\/\\\/i0.wp.com\\\/hoerske.de\\\/blog\\\/wp-content\\\/uploads\\\/2015\\\/02\\\/bundesparteitag_2013_verleihung_wilhelm_dro%CC%88scher_preis.jpg?fit=900%2C565&ssl=1\",\"datePublished\":\"2015-02-12T07:00:56+00:00\",\"dateModified\":\"2015-03-02T09:59:11+00:00\",\"breadcrumb\":{\"@id\":\"https:\\\/\\\/hoerske.de\\\/blog\\\/2015\\\/02\\\/rueckschau-wilhelm-droescher-preis-2013\\\/#breadcrumb\"},\"inLanguage\":\"de\",\"potentialAction\":[{\"@type\":\"ReadAction\",\"target\":[\"https:\\\/\\\/hoerske.de\\\/blog\\\/2015\\\/02\\\/rueckschau-wilhelm-droescher-preis-2013\\\/\"]}]},{\"@type\":\"ImageObject\",\"inLanguage\":\"de\",\"@id\":\"https:\\\/\\\/hoerske.de\\\/blog\\\/2015\\\/02\\\/rueckschau-wilhelm-droescher-preis-2013\\\/#primaryimage\",\"url\":\"https:\\\/\\\/i0.wp.com\\\/hoerske.de\\\/blog\\\/wp-content\\\/uploads\\\/2015\\\/02\\\/bundesparteitag_2013_verleihung_wilhelm_dro%CC%88scher_preis.jpg?fit=900%2C565&ssl=1\",\"contentUrl\":\"https:\\\/\\\/i0.wp.com\\\/hoerske.de\\\/blog\\\/wp-content\\\/uploads\\\/2015\\\/02\\\/bundesparteitag_2013_verleihung_wilhelm_dro%CC%88scher_preis.jpg?fit=900%2C565&ssl=1\",\"width\":900,\"height\":565},{\"@type\":\"BreadcrumbList\",\"@id\":\"https:\\\/\\\/hoerske.de\\\/blog\\\/2015\\\/02\\\/rueckschau-wilhelm-droescher-preis-2013\\\/#breadcrumb\",\"itemListElement\":[{\"@type\":\"ListItem\",\"position\":1,\"name\":\"Startseite\",\"item\":\"https:\\\/\\\/hoerske.de\\\/blog\\\/\"},{\"@type\":\"ListItem\",\"position\":2,\"name\":\"R\u00fcckschau: Wilhelm-Dr\u00f6scher-Preis 2013\"}]},{\"@type\":\"WebSite\",\"@id\":\"https:\\\/\\\/hoerske.de\\\/blog\\\/#website\",\"url\":\"https:\\\/\\\/hoerske.de\\\/blog\\\/\",\"name\":\"Timos Blog\",\"description\":\"ego cogito, ergo sum\",\"publisher\":{\"@id\":\"https:\\\/\\\/hoerske.de\\\/blog\\\/#\\\/schema\\\/person\\\/20677cf2167fc7027b752c3bba78d5fc\"},\"potentialAction\":[{\"@type\":\"SearchAction\",\"target\":{\"@type\":\"EntryPoint\",\"urlTemplate\":\"https:\\\/\\\/hoerske.de\\\/blog\\\/?s={search_term_string}\"},\"query-input\":{\"@type\":\"PropertyValueSpecification\",\"valueRequired\":true,\"valueName\":\"search_term_string\"}}],\"inLanguage\":\"de\"},{\"@type\":[\"Person\",\"Organization\"],\"@id\":\"https:\\\/\\\/hoerske.de\\\/blog\\\/#\\\/schema\\\/person\\\/20677cf2167fc7027b752c3bba78d5fc\",\"name\":\"Timo H\u00f6rske\",\"image\":{\"@type\":\"ImageObject\",\"inLanguage\":\"de\",\"@id\":\"https:\\\/\\\/i0.wp.com\\\/hoerske.de\\\/blog\\\/wp-content\\\/uploads\\\/2023\\\/01\\\/16711213967602.jpg?fit=1024%2C954&ssl=1\",\"url\":\"https:\\\/\\\/i0.wp.com\\\/hoerske.de\\\/blog\\\/wp-content\\\/uploads\\\/2023\\\/01\\\/16711213967602.jpg?fit=1024%2C954&ssl=1\",\"contentUrl\":\"https:\\\/\\\/i0.wp.com\\\/hoerske.de\\\/blog\\\/wp-content\\\/uploads\\\/2023\\\/01\\\/16711213967602.jpg?fit=1024%2C954&ssl=1\",\"width\":1024,\"height\":954,\"caption\":\"Timo H\u00f6rske\"},\"logo\":{\"@id\":\"https:\\\/\\\/i0.wp.com\\\/hoerske.de\\\/blog\\\/wp-content\\\/uploads\\\/2023\\\/01\\\/16711213967602.jpg?fit=1024%2C954&ssl=1\"},\"description\":\"Jahrgang 1985, als \\\"Ossi\\\" geboren, im beschaulichen Premnitz an der Havel aufgewachsen. Natur- und Kunstliebhaber. Seit \u00fcber 10 Jahren Wahlbremerhavener, K\u00fcsten- und Windfan. So ziemlich an Allem interessiert. Schwerpunkte sind aber eindeutig Politik, Gesellschaft, Rechtswesen, Natur, Imkerei und Technik. Rotes Parteibuch, Mitglied des Jugendhilfeausschusses der Stadt Bremerhaven, Vorsitzender eines Kleing\u00e4rtnervereins, Fachberater f\u00fcr das Kleingartenwesen, Verbandschef der Bremerhavener Kleing\u00e4rtner*innen. Hobbyimker, Freizeitblogger, Techniknerd.\",\"sameAs\":[\"https:\\\/\\\/www.hoerske.de\\\/\",\"https:\\\/\\\/www.facebook.com\\\/timo.hoerske\",\"https:\\\/\\\/www.instagram.com\\\/thoerske\\\/\",\"https:\\\/\\\/x.com\\\/timo_hoerske\"],\"url\":\"https:\\\/\\\/hoerske.de\\\/blog\\\/author\\\/roter_admin\\\/\"}]}<\/script>\n<!-- \/ Yoast SEO Premium plugin. -->","yoast_head_json":{"title":"R\u00fcckschau: Wilhelm-Dr\u00f6scher-Preis 2013 - Timos Paper","robots":{"index":"index","follow":"follow","max-snippet":"max-snippet:-1","max-image-preview":"max-image-preview:large","max-video-preview":"max-video-preview:-1"},"canonical":"https:\/\/hoerske.de\/blog\/2015\/02\/rueckschau-wilhelm-droescher-preis-2013\/","og_locale":"de_DE","og_type":"article","og_title":"R\u00fcckschau: Wilhelm-Dr\u00f6scher-Preis 2013","og_description":"&nbsp; Es war ein toller Parteitag in Leipzig vom 14.11. bis 16.11. 2013. Drei tolle Tage, wie man so sch\u00f6n sagt. F\u00fcr uns waren es aber doch einige mehr. Als Deligation des SPD Unterbezirk Bremerhaven durften wir unser gemeinsames Projekt des Roten Stadtrundganges den Besuchern des Parteitages vorstellen:","og_url":"https:\/\/hoerske.de\/blog\/2015\/02\/rueckschau-wilhelm-droescher-preis-2013\/","og_site_name":"Timos Paper","article_publisher":"https:\/\/www.facebook.com\/timo.hoerske","article_author":"https:\/\/www.facebook.com\/timo.hoerske","article_published_time":"2015-02-12T07:00:56+00:00","article_modified_time":"2015-03-02T09:59:11+00:00","og_image":[{"width":900,"height":565,"url":"https:\/\/i0.wp.com\/blog.hoerske.de\/wp-content\/uploads\/2015\/02\/bundesparteitag_2013_verleihung_wilhelm_dro%CC%88scher_preis.jpg?fit=900%2C565","type":"image\/jpeg"}],"author":"Timo H\u00f6rske","twitter_card":"summary_large_image","twitter_creator":"@timo_hoerske","twitter_site":"@timo_hoerske","twitter_misc":{"Verfasst von":"Timo H\u00f6rske","Gesch\u00e4tzte Lesezeit":"2\u00a0Minuten"},"schema":{"@context":"https:\/\/schema.org","@graph":[{"@type":"Article","@id":"https:\/\/hoerske.de\/blog\/2015\/02\/rueckschau-wilhelm-droescher-preis-2013\/#article","isPartOf":{"@id":"https:\/\/hoerske.de\/blog\/2015\/02\/rueckschau-wilhelm-droescher-preis-2013\/"},"author":{"name":"Timo H\u00f6rske","@id":"https:\/\/hoerske.de\/blog\/#\/schema\/person\/20677cf2167fc7027b752c3bba78d5fc"},"headline":"R\u00fcckschau: Wilhelm-Dr\u00f6scher-Preis 2013","datePublished":"2015-02-12T07:00:56+00:00","dateModified":"2015-03-02T09:59:11+00:00","mainEntityOfPage":{"@id":"https:\/\/hoerske.de\/blog\/2015\/02\/rueckschau-wilhelm-droescher-preis-2013\/"},"wordCount":435,"commentCount":0,"publisher":{"@id":"https:\/\/hoerske.de\/blog\/#\/schema\/person\/20677cf2167fc7027b752c3bba78d5fc"},"image":{"@id":"https:\/\/hoerske.de\/blog\/2015\/02\/rueckschau-wilhelm-droescher-preis-2013\/#primaryimage"},"thumbnailUrl":"https:\/\/i0.wp.com\/hoerske.de\/blog\/wp-content\/uploads\/2015\/02\/bundesparteitag_2013_verleihung_wilhelm_dro%CC%88scher_preis.jpg?fit=900%2C565&ssl=1","keywords":["Bundesparteitag","Leipzig","Wilhelm Dr\u00f6scher Preis 2013"],"articleSection":["Vergangenheit"],"inLanguage":"de","potentialAction":[{"@type":"CommentAction","name":"Comment","target":["https:\/\/hoerske.de\/blog\/2015\/02\/rueckschau-wilhelm-droescher-preis-2013\/#respond"]}]},{"@type":"WebPage","@id":"https:\/\/hoerske.de\/blog\/2015\/02\/rueckschau-wilhelm-droescher-preis-2013\/","url":"https:\/\/hoerske.de\/blog\/2015\/02\/rueckschau-wilhelm-droescher-preis-2013\/","name":"R\u00fcckschau: Wilhelm-Dr\u00f6scher-Preis 2013 - Timos Paper","isPartOf":{"@id":"https:\/\/hoerske.de\/blog\/#website"},"primaryImageOfPage":{"@id":"https:\/\/hoerske.de\/blog\/2015\/02\/rueckschau-wilhelm-droescher-preis-2013\/#primaryimage"},"image":{"@id":"https:\/\/hoerske.de\/blog\/2015\/02\/rueckschau-wilhelm-droescher-preis-2013\/#primaryimage"},"thumbnailUrl":"https:\/\/i0.wp.com\/hoerske.de\/blog\/wp-content\/uploads\/2015\/02\/bundesparteitag_2013_verleihung_wilhelm_dro%CC%88scher_preis.jpg?fit=900%2C565&ssl=1","datePublished":"2015-02-12T07:00:56+00:00","dateModified":"2015-03-02T09:59:11+00:00","breadcrumb":{"@id":"https:\/\/hoerske.de\/blog\/2015\/02\/rueckschau-wilhelm-droescher-preis-2013\/#breadcrumb"},"inLanguage":"de","potentialAction":[{"@type":"ReadAction","target":["https:\/\/hoerske.de\/blog\/2015\/02\/rueckschau-wilhelm-droescher-preis-2013\/"]}]},{"@type":"ImageObject","inLanguage":"de","@id":"https:\/\/hoerske.de\/blog\/2015\/02\/rueckschau-wilhelm-droescher-preis-2013\/#primaryimage","url":"https:\/\/i0.wp.com\/hoerske.de\/blog\/wp-content\/uploads\/2015\/02\/bundesparteitag_2013_verleihung_wilhelm_dro%CC%88scher_preis.jpg?fit=900%2C565&ssl=1","contentUrl":"https:\/\/i0.wp.com\/hoerske.de\/blog\/wp-content\/uploads\/2015\/02\/bundesparteitag_2013_verleihung_wilhelm_dro%CC%88scher_preis.jpg?fit=900%2C565&ssl=1","width":900,"height":565},{"@type":"BreadcrumbList","@id":"https:\/\/hoerske.de\/blog\/2015\/02\/rueckschau-wilhelm-droescher-preis-2013\/#breadcrumb","itemListElement":[{"@type":"ListItem","position":1,"name":"Startseite","item":"https:\/\/hoerske.de\/blog\/"},{"@type":"ListItem","position":2,"name":"R\u00fcckschau: Wilhelm-Dr\u00f6scher-Preis 2013"}]},{"@type":"WebSite","@id":"https:\/\/hoerske.de\/blog\/#website","url":"https:\/\/hoerske.de\/blog\/","name":"Timos Blog","description":"ego cogito, ergo sum","publisher":{"@id":"https:\/\/hoerske.de\/blog\/#\/schema\/person\/20677cf2167fc7027b752c3bba78d5fc"},"potentialAction":[{"@type":"SearchAction","target":{"@type":"EntryPoint","urlTemplate":"https:\/\/hoerske.de\/blog\/?s={search_term_string}"},"query-input":{"@type":"PropertyValueSpecification","valueRequired":true,"valueName":"search_term_string"}}],"inLanguage":"de"},{"@type":["Person","Organization"],"@id":"https:\/\/hoerske.de\/blog\/#\/schema\/person\/20677cf2167fc7027b752c3bba78d5fc","name":"Timo H\u00f6rske","image":{"@type":"ImageObject","inLanguage":"de","@id":"https:\/\/i0.wp.com\/hoerske.de\/blog\/wp-content\/uploads\/2023\/01\/16711213967602.jpg?fit=1024%2C954&ssl=1","url":"https:\/\/i0.wp.com\/hoerske.de\/blog\/wp-content\/uploads\/2023\/01\/16711213967602.jpg?fit=1024%2C954&ssl=1","contentUrl":"https:\/\/i0.wp.com\/hoerske.de\/blog\/wp-content\/uploads\/2023\/01\/16711213967602.jpg?fit=1024%2C954&ssl=1","width":1024,"height":954,"caption":"Timo H\u00f6rske"},"logo":{"@id":"https:\/\/i0.wp.com\/hoerske.de\/blog\/wp-content\/uploads\/2023\/01\/16711213967602.jpg?fit=1024%2C954&ssl=1"},"description":"Jahrgang 1985, als \"Ossi\" geboren, im beschaulichen Premnitz an der Havel aufgewachsen. Natur- und Kunstliebhaber. Seit \u00fcber 10 Jahren Wahlbremerhavener, K\u00fcsten- und Windfan. So ziemlich an Allem interessiert. Schwerpunkte sind aber eindeutig Politik, Gesellschaft, Rechtswesen, Natur, Imkerei und Technik. Rotes Parteibuch, Mitglied des Jugendhilfeausschusses der Stadt Bremerhaven, Vorsitzender eines Kleing\u00e4rtnervereins, Fachberater f\u00fcr das Kleingartenwesen, Verbandschef der Bremerhavener Kleing\u00e4rtner*innen. Hobbyimker, Freizeitblogger, Techniknerd.","sameAs":["https:\/\/www.hoerske.de\/","https:\/\/www.facebook.com\/timo.hoerske","https:\/\/www.instagram.com\/thoerske\/","https:\/\/x.com\/timo_hoerske"],"url":"https:\/\/hoerske.de\/blog\/author\/roter_admin\/"}]}},"jetpack_publicize_connections":[],"jetpack_featured_media_url":"https:\/\/i0.wp.com\/hoerske.de\/blog\/wp-content\/uploads\/2015\/02\/bundesparteitag_2013_verleihung_wilhelm_dro%CC%88scher_preis.jpg?fit=900%2C565&ssl=1","jetpack_shortlink":"https:\/\/wp.me\/p4W3ht-O","jetpack_sharing_enabled":true,"_links":{"self":[{"href":"https:\/\/hoerske.de\/blog\/wp-json\/wp\/v2\/posts\/50","targetHints":{"allow":["GET"]}}],"collection":[{"href":"https:\/\/hoerske.de\/blog\/wp-json\/wp\/v2\/posts"}],"about":[{"href":"https:\/\/hoerske.de\/blog\/wp-json\/wp\/v2\/types\/post"}],"author":[{"embeddable":true,"href":"https:\/\/hoerske.de\/blog\/wp-json\/wp\/v2\/users\/1"}],"replies":[{"embeddable":true,"href":"https:\/\/hoerske.de\/blog\/wp-json\/wp\/v2\/comments?post=50"}],"version-history":[{"count":0,"href":"https:\/\/hoerske.de\/blog\/wp-json\/wp\/v2\/posts\/50\/revisions"}],"wp:featuredmedia":[{"embeddable":true,"href":"https:\/\/hoerske.de\/blog\/wp-json\/wp\/v2\/media\/51"}],"wp:attachment":[{"href":"https:\/\/hoerske.de\/blog\/wp-json\/wp\/v2\/media?parent=50"}],"wp:term":[{"taxonomy":"category","embeddable":true,"href":"https:\/\/hoerske.de\/blog\/wp-json\/wp\/v2\/categories?post=50"},{"taxonomy":"post_tag","embeddable":true,"href":"https:\/\/hoerske.de\/blog\/wp-json\/wp\/v2\/tags?post=50"}],"curies":[{"name":"wp","href":"https:\/\/api.w.org\/{rel}","templated":true}]}}