{"id":4991,"date":"2018-12-21T19:36:19","date_gmt":"2018-12-21T17:36:19","guid":{"rendered":"https:\/\/www.hoerske.de\/?p=4991"},"modified":"2018-12-21T19:36:19","modified_gmt":"2018-12-21T17:36:19","slug":"stille-nacht-heilige-nacht-ein-weihnachtslied-wird-200-jahre-alt","status":"publish","type":"post","link":"https:\/\/hoerske.de\/blog\/2018\/12\/stille-nacht-heilige-nacht-ein-weihnachtslied-wird-200-jahre-alt\/","title":{"rendered":"Stille Nacht, Heilige Nacht \u2013 ein Weihnachtslied wird 200 Jahre alt"},"content":{"rendered":"<p>Das Lied \u201eStille Nacht, heilige Nacht\u201c gilt \u00fcber den ganzen Globus als das bekannteste Weihnachtslied. Es ist Inbegriff des Weihnachtsbrauchtums im deutschensprachigen Raum. Am 21. November 1818 wurde es das erste Mal in Oberndorf bei Salzburg aufgef\u00fchrt. Mit \u00fcber 50 \u00dcbersetzungen weltweit ist \u201eStille Nacht, heilige Nacht\u201c eines der meist verbreiteten St\u00fccke \u00fcberhaupt.<\/p>\n<h2>\u201eStille Nacht, heilige Nacht\u201c<\/h2>\n<p>Die urspr\u00fcngliche Variante vom Arnsdorfer Dorfschullehrer und Organist Franz Xaver Gruber (Melodie und Vertonung) und dem Hilfspfarrer Joseph Mohr (Text) hatte insgesamt sechs Strophen. In den meisten modernen Versionen werden nur die erste, die zweite und die letzte Strophe gesungen. Seit 2011 ist \u201eStille Nacht, heilige Nacht\u201c von der UNESCO als immaterielles Kulturerbe in \u00d6sterreich anerkannt.<\/p>\n<h2>Der Liedtext<\/h2>\n<p>Der Originaltext von 1818 zuerst:<\/p>\n<p>Stille Nacht! Heil\u2019ge Nacht!<br \/>\nAlles schl\u00e4ft. Einsam wacht,<br \/>\nNur das traute heilige Paar,<br \/>\nHolder Knab\u2019 im lockigten Haar;<br \/>\nSchlafe in himmlischer Ruh!<br \/>\nSchlafe in himmlischer Ruh!<\/p>\n<p>Stille Nacht! Heil\u2019ge Nacht!<br \/>\nGottes Sohn! O! wie lacht<br \/>\nLieb\u2019 aus Deinem g\u00f6ttlichen Mund,<br \/>\nDa uns schl\u00e4gt die rettende Stund;<br \/>\n<i>Jesus!<\/i> in Deiner Geburth!<br \/>\n<i>Jesus<\/i> in Deiner Geburth!<\/p>\n<p>Stille Nacht! Heil\u2019ge Nacht!<br \/>\nDie der Welt Heil gebracht,<br \/>\nAus des Himmels goldenen H\u00f6h\u2019n,<br \/>\nUns der Gnade F\u00fclle l\u00e4\u00dft seh\u2019n<br \/>\n<i>Jesum<\/i> in Menschengestalt!<br \/>\n<i>Jesum<\/i> in Menschen-Gestalt!<\/p>\n<p>Stille Nacht! Heil\u2019ge Nacht!<br \/>\nWo sich heut alle Macht<br \/>\nV\u00e4terlicher Liebe ergo\u00df,<br \/>\nUnd als Bruder Huldvoll umschlo\u00df<br \/>\n<i>Jesus<\/i> die V\u00f6lker der Welt!<br \/>\n<i>Jesus<\/i> die V\u00f6lker der Welt!<\/p>\n<p>Stille Nacht! Heil\u2019ge Nacht!<br \/>\nLange schon uns bedacht,<br \/>\nAls der Herr vom Grimme befreyt,<br \/>\nIn der V\u00e4ter urgrauer Zeit<br \/>\nAller Welt Schonung verhie\u00df!<br \/>\nAller Welt Schonung verhie\u00df!<\/p>\n<p>Stille Nacht! Heil\u2019ge Nacht!<br \/>\nHirten erst kundgemacht<br \/>\nDurch der Engel \u201e<i>Hallelujah!<\/i>\u201c<br \/>\nT\u00f6nt es laut bey Ferne und Nah<br \/>\n\u201e<i>Jesus der Retter ist da!<\/i>\u201c<br \/>\n\u201e<i>Jesus der Retter ist da!<\/i>\u201c<\/p>\n<p>Der gebr\u00e4uchlichere Liedtext ist deutlich k\u00fcrzer und weniger kirchlich gepr\u00e4gt:<\/p>\n<p>Stille Nacht, heilige Nacht!<br \/>\nAlles schl\u00e4ft, einsam wacht<br \/>\nNur das traute, hochheilige Paar.<br \/>\nHolder Knabe im lockigen Haar,<br \/>\nSchlaf in himmlischer Ruh,<br \/>\nSchlaf in himmlischer Ruh.<\/p>\n<p>Stille Nacht, heilige Nacht!<br \/>\nGottes Sohn, o wie lacht<br \/>\nLieb aus deinem g\u00f6ttlichen Mund,<br \/>\nDa uns schl\u00e4gt die rettende Stund,<br \/>\nChrist, in deiner Geburt,<br \/>\nChrist, in deiner Geburt.<\/p>\n<p>Stille Nacht, heilige Nacht!<br \/>\nHirten erst kundgemacht,<br \/>\nDurch der Engel Halleluja.<br \/>\nT\u00f6nt es laut von fern und nah:<br \/>\nChrist, der Retter ist da,<br \/>\nChrist, der Retter ist da!<\/p>\n<h2>Ich w\u00fcnsch euch was&#8230;<\/h2>\n<p>Mit diesem kleinen Hinweis um die Geschichte eines Weihnachtsliedes verabschiede ich mich f\u00fcr dieses Jahr von meinem Blog und euch meinen Lesern. Ich w\u00fcnsche euch ein gesegnetes, friedliches Weihnachtsfest und einen guten Rutsch ins neue Jahr.<\/p>\n<p>Eurer Timo<\/p>\n","protected":false},"excerpt":{"rendered":"<p>Das Lied \u201eStille Nacht, heilige Nacht\u201c gilt \u00fcber den ganzen Globus als das bekannteste Weihnachtslied. Es ist Inbegriff des Weihnachtsbrauchtums im deutschensprachigen Raum. Am 21. November 1818 wurde es das erste Mal in Oberndorf bei Salzburg aufgef\u00fchrt. Mit \u00fcber 50 \u00dcbersetzungen weltweit ist \u201eStille Nacht, heilige Nacht\u201c eines der meist verbreiteten St\u00fccke \u00fcberhaupt.<\/p>\n","protected":false},"author":1,"featured_media":4992,"comment_status":"open","ping_status":"open","sticky":false,"template":"","format":"standard","meta":{"jetpack_post_was_ever_published":false,"_jetpack_newsletter_access":"","_jetpack_dont_email_post_to_subs":false,"_jetpack_newsletter_tier_id":0,"_jetpack_memberships_contains_paywalled_content":false,"_jetpack_memberships_contains_paid_content":false,"footnotes":"","jetpack_publicize_message":"","jetpack_publicize_feature_enabled":true,"jetpack_social_post_already_shared":false,"jetpack_social_options":{"image_generator_settings":{"template":"highway","default_image_id":0,"font":"","enabled":false},"version":2},"_wpas_customize_per_network":false},"categories":[803,176,1108],"tags":[2003,2005,2006,2001,2007,2004,2000,2002,259],"class_list":["post-4991","post","type-post","status-publish","format-standard","has-post-thumbnail","hentry","category-803","category-kultur","category-kurz-notiert","tag-christ","tag-geburt","tag-gottes-sohn","tag-jesus","tag-liedtext","tag-retter","tag-schlaf","tag-stille-nacht","tag-weihnachten"],"yoast_head":"<!-- This site is optimized with the Yoast SEO Premium plugin v27.5 (Yoast SEO v27.5) - https:\/\/yoast.com\/product\/yoast-seo-premium-wordpress\/ -->\n<title>Stille Nacht, Heilige Nacht \u2013 ein Weihnachtslied wird 200 Jahre alt - Timos Paper<\/title>\n<meta name=\"robots\" content=\"index, follow, max-snippet:-1, max-image-preview:large, max-video-preview:-1\" \/>\n<link rel=\"canonical\" href=\"https:\/\/hoerske.de\/blog\/2018\/12\/stille-nacht-heilige-nacht-ein-weihnachtslied-wird-200-jahre-alt\/\" \/>\n<meta property=\"og:locale\" content=\"de_DE\" \/>\n<meta property=\"og:type\" content=\"article\" \/>\n<meta property=\"og:title\" content=\"Stille Nacht, Heilige Nacht \u2013 ein Weihnachtslied wird 200 Jahre alt\" \/>\n<meta property=\"og:description\" content=\"Das Lied \u201eStille Nacht, heilige Nacht\u201c gilt \u00fcber den ganzen Globus als das bekannteste Weihnachtslied. Es ist Inbegriff des Weihnachtsbrauchtums im deutschensprachigen Raum. Am 21. November 1818 wurde es das erste Mal in Oberndorf bei Salzburg aufgef\u00fchrt. Mit \u00fcber 50 \u00dcbersetzungen weltweit ist \u201eStille Nacht, heilige Nacht\u201c eines der meist verbreiteten St\u00fccke \u00fcberhaupt.\" \/>\n<meta property=\"og:url\" content=\"https:\/\/hoerske.de\/blog\/2018\/12\/stille-nacht-heilige-nacht-ein-weihnachtslied-wird-200-jahre-alt\/\" \/>\n<meta property=\"og:site_name\" content=\"Timos Paper\" \/>\n<meta property=\"article:publisher\" content=\"https:\/\/www.facebook.com\/timo.hoerske\" \/>\n<meta property=\"article:author\" content=\"https:\/\/www.facebook.com\/timo.hoerske\" \/>\n<meta property=\"article:published_time\" content=\"2018-12-21T17:36:19+00:00\" \/>\n<meta property=\"og:image\" content=\"https:\/\/i0.wp.com\/blog.hoerske.de\/wp-content\/uploads\/2018\/12\/beitragsbild_stille_nacht_Zeichenfla%CC%88che-1.png?fit=820%2C410\" \/>\n\t<meta property=\"og:image:width\" content=\"820\" \/>\n\t<meta property=\"og:image:height\" content=\"410\" \/>\n\t<meta property=\"og:image:type\" content=\"image\/png\" \/>\n<meta name=\"author\" content=\"Timo H\u00f6rske\" \/>\n<meta name=\"twitter:card\" content=\"summary_large_image\" \/>\n<meta name=\"twitter:creator\" content=\"@timo_hoerske\" \/>\n<meta name=\"twitter:site\" content=\"@timo_hoerske\" \/>\n<meta name=\"twitter:label1\" content=\"Verfasst von\" \/>\n\t<meta name=\"twitter:data1\" content=\"Timo H\u00f6rske\" \/>\n\t<meta name=\"twitter:label2\" content=\"Gesch\u00e4tzte Lesezeit\" \/>\n\t<meta name=\"twitter:data2\" content=\"2\u00a0Minuten\" \/>\n<script type=\"application\/ld+json\" class=\"yoast-schema-graph\">{\"@context\":\"https:\\\/\\\/schema.org\",\"@graph\":[{\"@type\":\"Article\",\"@id\":\"https:\\\/\\\/hoerske.de\\\/blog\\\/2018\\\/12\\\/stille-nacht-heilige-nacht-ein-weihnachtslied-wird-200-jahre-alt\\\/#article\",\"isPartOf\":{\"@id\":\"https:\\\/\\\/hoerske.de\\\/blog\\\/2018\\\/12\\\/stille-nacht-heilige-nacht-ein-weihnachtslied-wird-200-jahre-alt\\\/\"},\"author\":{\"name\":\"Timo H\u00f6rske\",\"@id\":\"https:\\\/\\\/hoerske.de\\\/blog\\\/#\\\/schema\\\/person\\\/20677cf2167fc7027b752c3bba78d5fc\"},\"headline\":\"Stille Nacht, Heilige Nacht \u2013 ein Weihnachtslied wird 200 Jahre alt\",\"datePublished\":\"2018-12-21T17:36:19+00:00\",\"mainEntityOfPage\":{\"@id\":\"https:\\\/\\\/hoerske.de\\\/blog\\\/2018\\\/12\\\/stille-nacht-heilige-nacht-ein-weihnachtslied-wird-200-jahre-alt\\\/\"},\"wordCount\":452,\"commentCount\":0,\"publisher\":{\"@id\":\"https:\\\/\\\/hoerske.de\\\/blog\\\/#\\\/schema\\\/person\\\/20677cf2167fc7027b752c3bba78d5fc\"},\"image\":{\"@id\":\"https:\\\/\\\/hoerske.de\\\/blog\\\/2018\\\/12\\\/stille-nacht-heilige-nacht-ein-weihnachtslied-wird-200-jahre-alt\\\/#primaryimage\"},\"thumbnailUrl\":\"https:\\\/\\\/i0.wp.com\\\/hoerske.de\\\/blog\\\/wp-content\\\/uploads\\\/2018\\\/12\\\/beitragsbild_stille_nacht_Zeichenfla%CC%88che-1.png?fit=820%2C410&ssl=1\",\"keywords\":[\"Christ\",\"Geburt\",\"Gottes Sohn\",\"Jesus\",\"Liedtext\",\"Retter\",\"Schlaf\",\"Stille Nacht\",\"Weihnachten\"],\"articleSection\":[\"2018\",\"Kultur\",\"Kurz notiert\"],\"inLanguage\":\"de\",\"potentialAction\":[{\"@type\":\"CommentAction\",\"name\":\"Comment\",\"target\":[\"https:\\\/\\\/hoerske.de\\\/blog\\\/2018\\\/12\\\/stille-nacht-heilige-nacht-ein-weihnachtslied-wird-200-jahre-alt\\\/#respond\"]}]},{\"@type\":\"WebPage\",\"@id\":\"https:\\\/\\\/hoerske.de\\\/blog\\\/2018\\\/12\\\/stille-nacht-heilige-nacht-ein-weihnachtslied-wird-200-jahre-alt\\\/\",\"url\":\"https:\\\/\\\/hoerske.de\\\/blog\\\/2018\\\/12\\\/stille-nacht-heilige-nacht-ein-weihnachtslied-wird-200-jahre-alt\\\/\",\"name\":\"Stille Nacht, Heilige Nacht \u2013 ein Weihnachtslied wird 200 Jahre alt - Timos Paper\",\"isPartOf\":{\"@id\":\"https:\\\/\\\/hoerske.de\\\/blog\\\/#website\"},\"primaryImageOfPage\":{\"@id\":\"https:\\\/\\\/hoerske.de\\\/blog\\\/2018\\\/12\\\/stille-nacht-heilige-nacht-ein-weihnachtslied-wird-200-jahre-alt\\\/#primaryimage\"},\"image\":{\"@id\":\"https:\\\/\\\/hoerske.de\\\/blog\\\/2018\\\/12\\\/stille-nacht-heilige-nacht-ein-weihnachtslied-wird-200-jahre-alt\\\/#primaryimage\"},\"thumbnailUrl\":\"https:\\\/\\\/i0.wp.com\\\/hoerske.de\\\/blog\\\/wp-content\\\/uploads\\\/2018\\\/12\\\/beitragsbild_stille_nacht_Zeichenfla%CC%88che-1.png?fit=820%2C410&ssl=1\",\"datePublished\":\"2018-12-21T17:36:19+00:00\",\"breadcrumb\":{\"@id\":\"https:\\\/\\\/hoerske.de\\\/blog\\\/2018\\\/12\\\/stille-nacht-heilige-nacht-ein-weihnachtslied-wird-200-jahre-alt\\\/#breadcrumb\"},\"inLanguage\":\"de\",\"potentialAction\":[{\"@type\":\"ReadAction\",\"target\":[\"https:\\\/\\\/hoerske.de\\\/blog\\\/2018\\\/12\\\/stille-nacht-heilige-nacht-ein-weihnachtslied-wird-200-jahre-alt\\\/\"]}]},{\"@type\":\"ImageObject\",\"inLanguage\":\"de\",\"@id\":\"https:\\\/\\\/hoerske.de\\\/blog\\\/2018\\\/12\\\/stille-nacht-heilige-nacht-ein-weihnachtslied-wird-200-jahre-alt\\\/#primaryimage\",\"url\":\"https:\\\/\\\/i0.wp.com\\\/hoerske.de\\\/blog\\\/wp-content\\\/uploads\\\/2018\\\/12\\\/beitragsbild_stille_nacht_Zeichenfla%CC%88che-1.png?fit=820%2C410&ssl=1\",\"contentUrl\":\"https:\\\/\\\/i0.wp.com\\\/hoerske.de\\\/blog\\\/wp-content\\\/uploads\\\/2018\\\/12\\\/beitragsbild_stille_nacht_Zeichenfla%CC%88che-1.png?fit=820%2C410&ssl=1\",\"width\":820,\"height\":410,\"caption\":\"Beitragsbild Stille Nacht Heilige Nacht\"},{\"@type\":\"BreadcrumbList\",\"@id\":\"https:\\\/\\\/hoerske.de\\\/blog\\\/2018\\\/12\\\/stille-nacht-heilige-nacht-ein-weihnachtslied-wird-200-jahre-alt\\\/#breadcrumb\",\"itemListElement\":[{\"@type\":\"ListItem\",\"position\":1,\"name\":\"Startseite\",\"item\":\"https:\\\/\\\/hoerske.de\\\/blog\\\/\"},{\"@type\":\"ListItem\",\"position\":2,\"name\":\"Stille Nacht, Heilige Nacht \u2013 ein Weihnachtslied wird 200 Jahre alt\"}]},{\"@type\":\"WebSite\",\"@id\":\"https:\\\/\\\/hoerske.de\\\/blog\\\/#website\",\"url\":\"https:\\\/\\\/hoerske.de\\\/blog\\\/\",\"name\":\"Timos Blog\",\"description\":\"ego cogito, ergo sum\",\"publisher\":{\"@id\":\"https:\\\/\\\/hoerske.de\\\/blog\\\/#\\\/schema\\\/person\\\/20677cf2167fc7027b752c3bba78d5fc\"},\"potentialAction\":[{\"@type\":\"SearchAction\",\"target\":{\"@type\":\"EntryPoint\",\"urlTemplate\":\"https:\\\/\\\/hoerske.de\\\/blog\\\/?s={search_term_string}\"},\"query-input\":{\"@type\":\"PropertyValueSpecification\",\"valueRequired\":true,\"valueName\":\"search_term_string\"}}],\"inLanguage\":\"de\"},{\"@type\":[\"Person\",\"Organization\"],\"@id\":\"https:\\\/\\\/hoerske.de\\\/blog\\\/#\\\/schema\\\/person\\\/20677cf2167fc7027b752c3bba78d5fc\",\"name\":\"Timo H\u00f6rske\",\"image\":{\"@type\":\"ImageObject\",\"inLanguage\":\"de\",\"@id\":\"https:\\\/\\\/i0.wp.com\\\/hoerske.de\\\/blog\\\/wp-content\\\/uploads\\\/2023\\\/01\\\/16711213967602.jpg?fit=1024%2C954&ssl=1\",\"url\":\"https:\\\/\\\/i0.wp.com\\\/hoerske.de\\\/blog\\\/wp-content\\\/uploads\\\/2023\\\/01\\\/16711213967602.jpg?fit=1024%2C954&ssl=1\",\"contentUrl\":\"https:\\\/\\\/i0.wp.com\\\/hoerske.de\\\/blog\\\/wp-content\\\/uploads\\\/2023\\\/01\\\/16711213967602.jpg?fit=1024%2C954&ssl=1\",\"width\":1024,\"height\":954,\"caption\":\"Timo H\u00f6rske\"},\"logo\":{\"@id\":\"https:\\\/\\\/i0.wp.com\\\/hoerske.de\\\/blog\\\/wp-content\\\/uploads\\\/2023\\\/01\\\/16711213967602.jpg?fit=1024%2C954&ssl=1\"},\"description\":\"Jahrgang 1985, als \\\"Ossi\\\" geboren, im beschaulichen Premnitz an der Havel aufgewachsen. Natur- und Kunstliebhaber. Seit \u00fcber 10 Jahren Wahlbremerhavener, K\u00fcsten- und Windfan. So ziemlich an Allem interessiert. Schwerpunkte sind aber eindeutig Politik, Gesellschaft, Rechtswesen, Natur, Imkerei und Technik. Rotes Parteibuch, Mitglied des Jugendhilfeausschusses der Stadt Bremerhaven, Vorsitzender eines Kleing\u00e4rtnervereins, Fachberater f\u00fcr das Kleingartenwesen, Verbandschef der Bremerhavener Kleing\u00e4rtner*innen. Hobbyimker, Freizeitblogger, Techniknerd.\",\"sameAs\":[\"https:\\\/\\\/www.hoerske.de\\\/\",\"https:\\\/\\\/www.facebook.com\\\/timo.hoerske\",\"https:\\\/\\\/www.instagram.com\\\/thoerske\\\/\",\"https:\\\/\\\/x.com\\\/timo_hoerske\"],\"url\":\"https:\\\/\\\/hoerske.de\\\/blog\\\/author\\\/roter_admin\\\/\"}]}<\/script>\n<!-- \/ Yoast SEO Premium plugin. -->","yoast_head_json":{"title":"Stille Nacht, Heilige Nacht \u2013 ein Weihnachtslied wird 200 Jahre alt - Timos Paper","robots":{"index":"index","follow":"follow","max-snippet":"max-snippet:-1","max-image-preview":"max-image-preview:large","max-video-preview":"max-video-preview:-1"},"canonical":"https:\/\/hoerske.de\/blog\/2018\/12\/stille-nacht-heilige-nacht-ein-weihnachtslied-wird-200-jahre-alt\/","og_locale":"de_DE","og_type":"article","og_title":"Stille Nacht, Heilige Nacht \u2013 ein Weihnachtslied wird 200 Jahre alt","og_description":"Das Lied \u201eStille Nacht, heilige Nacht\u201c gilt \u00fcber den ganzen Globus als das bekannteste Weihnachtslied. Es ist Inbegriff des Weihnachtsbrauchtums im deutschensprachigen Raum. Am 21. November 1818 wurde es das erste Mal in Oberndorf bei Salzburg aufgef\u00fchrt. Mit \u00fcber 50 \u00dcbersetzungen weltweit ist \u201eStille Nacht, heilige Nacht\u201c eines der meist verbreiteten St\u00fccke \u00fcberhaupt.","og_url":"https:\/\/hoerske.de\/blog\/2018\/12\/stille-nacht-heilige-nacht-ein-weihnachtslied-wird-200-jahre-alt\/","og_site_name":"Timos Paper","article_publisher":"https:\/\/www.facebook.com\/timo.hoerske","article_author":"https:\/\/www.facebook.com\/timo.hoerske","article_published_time":"2018-12-21T17:36:19+00:00","og_image":[{"width":820,"height":410,"url":"https:\/\/i0.wp.com\/blog.hoerske.de\/wp-content\/uploads\/2018\/12\/beitragsbild_stille_nacht_Zeichenfla%CC%88che-1.png?fit=820%2C410","type":"image\/png"}],"author":"Timo H\u00f6rske","twitter_card":"summary_large_image","twitter_creator":"@timo_hoerske","twitter_site":"@timo_hoerske","twitter_misc":{"Verfasst von":"Timo H\u00f6rske","Gesch\u00e4tzte Lesezeit":"2\u00a0Minuten"},"schema":{"@context":"https:\/\/schema.org","@graph":[{"@type":"Article","@id":"https:\/\/hoerske.de\/blog\/2018\/12\/stille-nacht-heilige-nacht-ein-weihnachtslied-wird-200-jahre-alt\/#article","isPartOf":{"@id":"https:\/\/hoerske.de\/blog\/2018\/12\/stille-nacht-heilige-nacht-ein-weihnachtslied-wird-200-jahre-alt\/"},"author":{"name":"Timo H\u00f6rske","@id":"https:\/\/hoerske.de\/blog\/#\/schema\/person\/20677cf2167fc7027b752c3bba78d5fc"},"headline":"Stille Nacht, Heilige Nacht \u2013 ein Weihnachtslied wird 200 Jahre alt","datePublished":"2018-12-21T17:36:19+00:00","mainEntityOfPage":{"@id":"https:\/\/hoerske.de\/blog\/2018\/12\/stille-nacht-heilige-nacht-ein-weihnachtslied-wird-200-jahre-alt\/"},"wordCount":452,"commentCount":0,"publisher":{"@id":"https:\/\/hoerske.de\/blog\/#\/schema\/person\/20677cf2167fc7027b752c3bba78d5fc"},"image":{"@id":"https:\/\/hoerske.de\/blog\/2018\/12\/stille-nacht-heilige-nacht-ein-weihnachtslied-wird-200-jahre-alt\/#primaryimage"},"thumbnailUrl":"https:\/\/i0.wp.com\/hoerske.de\/blog\/wp-content\/uploads\/2018\/12\/beitragsbild_stille_nacht_Zeichenfla%CC%88che-1.png?fit=820%2C410&ssl=1","keywords":["Christ","Geburt","Gottes Sohn","Jesus","Liedtext","Retter","Schlaf","Stille Nacht","Weihnachten"],"articleSection":["2018","Kultur","Kurz notiert"],"inLanguage":"de","potentialAction":[{"@type":"CommentAction","name":"Comment","target":["https:\/\/hoerske.de\/blog\/2018\/12\/stille-nacht-heilige-nacht-ein-weihnachtslied-wird-200-jahre-alt\/#respond"]}]},{"@type":"WebPage","@id":"https:\/\/hoerske.de\/blog\/2018\/12\/stille-nacht-heilige-nacht-ein-weihnachtslied-wird-200-jahre-alt\/","url":"https:\/\/hoerske.de\/blog\/2018\/12\/stille-nacht-heilige-nacht-ein-weihnachtslied-wird-200-jahre-alt\/","name":"Stille Nacht, Heilige Nacht \u2013 ein Weihnachtslied wird 200 Jahre alt - Timos Paper","isPartOf":{"@id":"https:\/\/hoerske.de\/blog\/#website"},"primaryImageOfPage":{"@id":"https:\/\/hoerske.de\/blog\/2018\/12\/stille-nacht-heilige-nacht-ein-weihnachtslied-wird-200-jahre-alt\/#primaryimage"},"image":{"@id":"https:\/\/hoerske.de\/blog\/2018\/12\/stille-nacht-heilige-nacht-ein-weihnachtslied-wird-200-jahre-alt\/#primaryimage"},"thumbnailUrl":"https:\/\/i0.wp.com\/hoerske.de\/blog\/wp-content\/uploads\/2018\/12\/beitragsbild_stille_nacht_Zeichenfla%CC%88che-1.png?fit=820%2C410&ssl=1","datePublished":"2018-12-21T17:36:19+00:00","breadcrumb":{"@id":"https:\/\/hoerske.de\/blog\/2018\/12\/stille-nacht-heilige-nacht-ein-weihnachtslied-wird-200-jahre-alt\/#breadcrumb"},"inLanguage":"de","potentialAction":[{"@type":"ReadAction","target":["https:\/\/hoerske.de\/blog\/2018\/12\/stille-nacht-heilige-nacht-ein-weihnachtslied-wird-200-jahre-alt\/"]}]},{"@type":"ImageObject","inLanguage":"de","@id":"https:\/\/hoerske.de\/blog\/2018\/12\/stille-nacht-heilige-nacht-ein-weihnachtslied-wird-200-jahre-alt\/#primaryimage","url":"https:\/\/i0.wp.com\/hoerske.de\/blog\/wp-content\/uploads\/2018\/12\/beitragsbild_stille_nacht_Zeichenfla%CC%88che-1.png?fit=820%2C410&ssl=1","contentUrl":"https:\/\/i0.wp.com\/hoerske.de\/blog\/wp-content\/uploads\/2018\/12\/beitragsbild_stille_nacht_Zeichenfla%CC%88che-1.png?fit=820%2C410&ssl=1","width":820,"height":410,"caption":"Beitragsbild Stille Nacht Heilige Nacht"},{"@type":"BreadcrumbList","@id":"https:\/\/hoerske.de\/blog\/2018\/12\/stille-nacht-heilige-nacht-ein-weihnachtslied-wird-200-jahre-alt\/#breadcrumb","itemListElement":[{"@type":"ListItem","position":1,"name":"Startseite","item":"https:\/\/hoerske.de\/blog\/"},{"@type":"ListItem","position":2,"name":"Stille Nacht, Heilige Nacht \u2013 ein Weihnachtslied wird 200 Jahre alt"}]},{"@type":"WebSite","@id":"https:\/\/hoerske.de\/blog\/#website","url":"https:\/\/hoerske.de\/blog\/","name":"Timos Blog","description":"ego cogito, ergo sum","publisher":{"@id":"https:\/\/hoerske.de\/blog\/#\/schema\/person\/20677cf2167fc7027b752c3bba78d5fc"},"potentialAction":[{"@type":"SearchAction","target":{"@type":"EntryPoint","urlTemplate":"https:\/\/hoerske.de\/blog\/?s={search_term_string}"},"query-input":{"@type":"PropertyValueSpecification","valueRequired":true,"valueName":"search_term_string"}}],"inLanguage":"de"},{"@type":["Person","Organization"],"@id":"https:\/\/hoerske.de\/blog\/#\/schema\/person\/20677cf2167fc7027b752c3bba78d5fc","name":"Timo H\u00f6rske","image":{"@type":"ImageObject","inLanguage":"de","@id":"https:\/\/i0.wp.com\/hoerske.de\/blog\/wp-content\/uploads\/2023\/01\/16711213967602.jpg?fit=1024%2C954&ssl=1","url":"https:\/\/i0.wp.com\/hoerske.de\/blog\/wp-content\/uploads\/2023\/01\/16711213967602.jpg?fit=1024%2C954&ssl=1","contentUrl":"https:\/\/i0.wp.com\/hoerske.de\/blog\/wp-content\/uploads\/2023\/01\/16711213967602.jpg?fit=1024%2C954&ssl=1","width":1024,"height":954,"caption":"Timo H\u00f6rske"},"logo":{"@id":"https:\/\/i0.wp.com\/hoerske.de\/blog\/wp-content\/uploads\/2023\/01\/16711213967602.jpg?fit=1024%2C954&ssl=1"},"description":"Jahrgang 1985, als \"Ossi\" geboren, im beschaulichen Premnitz an der Havel aufgewachsen. Natur- und Kunstliebhaber. Seit \u00fcber 10 Jahren Wahlbremerhavener, K\u00fcsten- und Windfan. So ziemlich an Allem interessiert. Schwerpunkte sind aber eindeutig Politik, Gesellschaft, Rechtswesen, Natur, Imkerei und Technik. Rotes Parteibuch, Mitglied des Jugendhilfeausschusses der Stadt Bremerhaven, Vorsitzender eines Kleing\u00e4rtnervereins, Fachberater f\u00fcr das Kleingartenwesen, Verbandschef der Bremerhavener Kleing\u00e4rtner*innen. Hobbyimker, Freizeitblogger, Techniknerd.","sameAs":["https:\/\/www.hoerske.de\/","https:\/\/www.facebook.com\/timo.hoerske","https:\/\/www.instagram.com\/thoerske\/","https:\/\/x.com\/timo_hoerske"],"url":"https:\/\/hoerske.de\/blog\/author\/roter_admin\/"}]}},"jetpack_publicize_connections":[],"jetpack_featured_media_url":"https:\/\/i0.wp.com\/hoerske.de\/blog\/wp-content\/uploads\/2018\/12\/beitragsbild_stille_nacht_Zeichenfla%CC%88che-1.png?fit=820%2C410&ssl=1","jetpack_shortlink":"https:\/\/wp.me\/p4W3ht-1iv","jetpack_sharing_enabled":true,"_links":{"self":[{"href":"https:\/\/hoerske.de\/blog\/wp-json\/wp\/v2\/posts\/4991","targetHints":{"allow":["GET"]}}],"collection":[{"href":"https:\/\/hoerske.de\/blog\/wp-json\/wp\/v2\/posts"}],"about":[{"href":"https:\/\/hoerske.de\/blog\/wp-json\/wp\/v2\/types\/post"}],"author":[{"embeddable":true,"href":"https:\/\/hoerske.de\/blog\/wp-json\/wp\/v2\/users\/1"}],"replies":[{"embeddable":true,"href":"https:\/\/hoerske.de\/blog\/wp-json\/wp\/v2\/comments?post=4991"}],"version-history":[{"count":0,"href":"https:\/\/hoerske.de\/blog\/wp-json\/wp\/v2\/posts\/4991\/revisions"}],"wp:featuredmedia":[{"embeddable":true,"href":"https:\/\/hoerske.de\/blog\/wp-json\/wp\/v2\/media\/4992"}],"wp:attachment":[{"href":"https:\/\/hoerske.de\/blog\/wp-json\/wp\/v2\/media?parent=4991"}],"wp:term":[{"taxonomy":"category","embeddable":true,"href":"https:\/\/hoerske.de\/blog\/wp-json\/wp\/v2\/categories?post=4991"},{"taxonomy":"post_tag","embeddable":true,"href":"https:\/\/hoerske.de\/blog\/wp-json\/wp\/v2\/tags?post=4991"}],"curies":[{"name":"wp","href":"https:\/\/api.w.org\/{rel}","templated":true}]}}