{"id":4827,"date":"2018-11-28T08:00:02","date_gmt":"2018-11-28T06:00:02","guid":{"rendered":"https:\/\/www.hoerske.de\/?p=4827"},"modified":"2018-12-30T13:22:52","modified_gmt":"2018-12-30T11:22:52","slug":"blauer-montag-von-nicci-french-start-einer-spannenden-reihe-in-london","status":"publish","type":"post","link":"https:\/\/hoerske.de\/blog\/2018\/11\/blauer-montag-von-nicci-french-start-einer-spannenden-reihe-in-london\/","title":{"rendered":"Blauer Montag von Nicci French &#8211; Start einer spannenden Reihe in London"},"content":{"rendered":"<div id=\"text_highlighted\">\n<div>\n<div>Mit &#8220;Blauer Montag&#8221; ist Nicci French, so der Deckname des Ehepaares Nicci Gerrard und und Sean French, ein guter Start in eine spannungsgeladene Krimireihe mit einer unkonventionellen Protagonistin gelungen. Sanfte Zwischent\u00f6ne zwischen schwarz und wei\u00df zeichnen dieses Buch genauso aus wie die n\u00f6tige Spannung, die den Leser in seinen Bann zieht.<\/div>\n<\/div>\n<\/div>\n\n\n<h2 class=\"wp-block-heading\">Die Story des ersten Bandes &#8211; Frieda Klein legt los<\/h2>\n\n\n\n<div class=\"wp-block-image\"><figure class=\"alignright\"><img data-recalc-dims=\"1\" loading=\"lazy\" decoding=\"async\" width=\"350\" height=\"554\" src=\"https:\/\/i0.wp.com\/www.hoerske.de\/blog\/wp-content\/uploads\/2018\/11\/9783641093631_Cover.jpg?resize=350%2C554&#038;ssl=1\" alt=\"Nicci French Blauer Montag\" class=\"wp-image-4834\" srcset=\"https:\/\/i0.wp.com\/hoerske.de\/blog\/wp-content\/uploads\/2018\/11\/9783641093631_Cover.jpg?w=350&amp;ssl=1 350w, https:\/\/i0.wp.com\/hoerske.de\/blog\/wp-content\/uploads\/2018\/11\/9783641093631_Cover.jpg?resize=190%2C300&amp;ssl=1 190w\" sizes=\"auto, (max-width: 350px) 100vw, 350px\" \/><figcaption>Cover Nicci French &#8220;Blauer Montag&#8221;<\/figcaption><\/figure><\/div>\n\n\n\n<p>Frieda Klein arbeitet als Psychotherapeutin in London. Die privat schlaflose Klein nimmt ihre Arbeit als Psychotherapeutin sehr ernst und hat eine eiserne Regel. Diese lautet, niemals au\u00dferhalb ihrer Praxisr\u00e4ume in das Privatleben ihrer Patienten einzugreifen. Doch als der 5-j\u00e4hrige Matthew spurlos verschwindet, nimmt dieser Fall auf einen Schlag die ganze Aufmerksamkeit der Therapeutin ein. Denn das verschwundene Kind \u00e4hnelt auf verbl\u00fcffende Weise einem Wunschkind, von dem ihr neuer Patient Alan Dekker, wie wahnhaft, phantasiert. Kann diese \u00c4hnlichkeit wirklich ein Zufall sein? Immer tiefer taucht Klein in das Leben ihres Patienten ein und st\u00f6\u00dft dabei auf beunruhigende Parallelen zu einem alten Fall.&nbsp; Ehe sie sich versieht, steckt die Psychotherapeutin mittendrin in einer spannungsgeladenen Jagd. In der es um nichts weniger geht als um Leben und Tod.<\/p>\n\n\n\n<h2 class=\"wp-block-heading\">Die Figuren<\/h2>\n\n\n\n<p>Dem Schriftsteller Duo French und Gerrard gelingt es, eine undurchsichtige, teils sehr sperrige Hauptfigur zu erschaffen. Frieda Klein w\u00e4chst dem Leser trotz all ihrer Ecken und Kanten ans Herz. Auch die anderen Charaktere des Krimis sind mit Fingerspitzengef\u00fchl erschaffen und zeigen Seite f\u00fcr Seite neue Facetten der Protagonisten. Kein Wunder also, dass es die Leser nach dem Ende von &#8220;Blauer Montag&#8221; kaum erwarten k\u00f6nnen, die Folgeb\u00e4nde der achtteiligen Reihe zu verschlingen.<\/p>\n\n\n\n<h2 class=\"wp-block-heading\">Meine Meinung<\/h2>\n\n\n\n<p>Der Krimi &#8220;Blauer Montag&#8221; ist fesselnd und authentisch gelungen. Als neue Figur der Krimibranche ist die Psychotherapeutin Frieda Klein mit all ihren Ecken und Kanten durchaus geeignet eine gro\u00dfe Leserschaft aufzubauen. Die Entwicklung der Protagonistin ist es, worauf ich mich bei den n\u00e4chsten B\u00e4nden freuen kann.<\/p>\n\n\n<h2>Off-Topic<\/h2>\n<p>Nach einer Textanalyse ist dieser Text zu 89% subjektiv, die wichtigsten Worte sind:&nbsp;<em>Krimi, Psychotherapeutin, Nicci French, Blauer Montag, Sean French, Leser, Kanten, Rezension<br><\/em><\/p>\n<p><!-- \/wp:post-content --> <!-- wp:paragraph --><\/p>\n<p>Ein Computer w\u00fcrde diesen Text der Kategorie <a href=\"https:\/\/www.hoerske.de\/blog\/kategorien\/kultur\/\">Kultur<\/a> zu ordnen<\/p>\n<p><!-- \/wp:paragraph --><\/p>\n<p>Mehr zum zweiten Teil: <a href=\"https:\/\/www.hoerske.de\/blog\/eisiger-dienstag-von-nicci-french-spannung-auf-hohem-niveau\/\">&#8220;Eisiger Dienstag&#8221; von Nicci French &#8211; Spannung auf hohem Niveau<\/a><\/p>","protected":false},"excerpt":{"rendered":"<p>Mit &#8220;Blauer Montag&#8221; ist Nicci French, so der Deckname des Ehepaares Nicci Gerrard und und Sean French, ein guter Start in eine spannungsgeladene Krimireihe mit einer unkonventionellen Protagonistin gelungen.<\/p>\n","protected":false},"author":1,"featured_media":4830,"comment_status":"open","ping_status":"open","sticky":false,"template":"","format":"standard","meta":{"jetpack_post_was_ever_published":false,"_jetpack_newsletter_access":"","_jetpack_dont_email_post_to_subs":false,"_jetpack_newsletter_tier_id":0,"_jetpack_memberships_contains_paywalled_content":false,"_jetpack_memberships_contains_paid_content":false,"footnotes":"","jetpack_publicize_message":"","jetpack_publicize_feature_enabled":true,"jetpack_social_post_already_shared":false,"jetpack_social_options":{"image_generator_settings":{"template":"highway","default_image_id":0,"font":"","enabled":false},"version":2},"_wpas_customize_per_network":false},"categories":[803,1902,930,176],"tags":[1769,1771,186,814,1765,1766,538,1770],"class_list":["post-4827","post","type-post","status-publish","format-standard","has-post-thumbnail","hentry","category-803","category-buecher","category-empfehlungen","category-kultur","tag-blauer-montag","tag-kanten","tag-krimi","tag-leser","tag-nicci-french","tag-psychotherapeutin","tag-rezension","tag-sean-french"],"yoast_head":"<!-- This site is optimized with the Yoast SEO Premium plugin v27.5 (Yoast SEO v27.5) - https:\/\/yoast.com\/product\/yoast-seo-premium-wordpress\/ -->\n<title>Blauer Montag von Nicci French - Start einer spannenden Reihe in London - Timos Paper<\/title>\n<meta name=\"description\" content=\"Mit &quot;Blauer Montag&quot; ist Nicci French, so der Deckname des Ehepaares Nicci Gerrard und und Sean French, ein guter Start in eine spannungsgeladene Krimireihe mit einer unkonventionellen Protagonistin gelungen.\" \/>\n<meta name=\"robots\" content=\"index, follow, max-snippet:-1, max-image-preview:large, max-video-preview:-1\" \/>\n<link rel=\"canonical\" href=\"https:\/\/hoerske.de\/blog\/2018\/11\/blauer-montag-von-nicci-french-start-einer-spannenden-reihe-in-london\/\" \/>\n<meta property=\"og:locale\" content=\"de_DE\" \/>\n<meta property=\"og:type\" content=\"article\" \/>\n<meta property=\"og:title\" content=\"Blauer Montag von Nicci French - Start einer spannenden Reihe in London\" \/>\n<meta property=\"og:description\" content=\"Mit &quot;Blauer Montag&quot; ist Nicci French, so der Deckname des Ehepaares Nicci Gerrard und und Sean French, ein guter Start in eine spannungsgeladene Krimireihe mit einer unkonventionellen Protagonistin gelungen.\" \/>\n<meta property=\"og:url\" content=\"https:\/\/hoerske.de\/blog\/2018\/11\/blauer-montag-von-nicci-french-start-einer-spannenden-reihe-in-london\/\" \/>\n<meta property=\"og:site_name\" content=\"Timos Paper\" \/>\n<meta property=\"article:publisher\" content=\"https:\/\/www.facebook.com\/timo.hoerske\" \/>\n<meta property=\"article:author\" content=\"https:\/\/www.facebook.com\/timo.hoerske\" \/>\n<meta property=\"article:published_time\" content=\"2018-11-28T06:00:02+00:00\" \/>\n<meta property=\"article:modified_time\" content=\"2018-12-30T11:22:52+00:00\" \/>\n<meta property=\"og:image\" content=\"https:\/\/hoerske.de\/blog\/wp-content\/uploads\/2018\/11\/blauer_montag_nicci_french_frieda_klein-1024x361.png\" \/>\n\t<meta property=\"og:image:width\" content=\"1024\" \/>\n\t<meta property=\"og:image:height\" content=\"361\" \/>\n\t<meta property=\"og:image:type\" content=\"image\/png\" \/>\n<meta name=\"author\" content=\"Timo H\u00f6rske\" \/>\n<meta name=\"twitter:card\" content=\"summary_large_image\" \/>\n<meta name=\"twitter:creator\" content=\"@timo_hoerske\" \/>\n<meta name=\"twitter:site\" content=\"@timo_hoerske\" \/>\n<meta name=\"twitter:label1\" content=\"Verfasst von\" \/>\n\t<meta name=\"twitter:data1\" content=\"Timo H\u00f6rske\" \/>\n\t<meta name=\"twitter:label2\" content=\"Gesch\u00e4tzte Lesezeit\" \/>\n\t<meta name=\"twitter:data2\" content=\"2\u00a0Minuten\" \/>\n<script type=\"application\/ld+json\" class=\"yoast-schema-graph\">{\"@context\":\"https:\\\/\\\/schema.org\",\"@graph\":[{\"@type\":\"Article\",\"@id\":\"https:\\\/\\\/hoerske.de\\\/blog\\\/2018\\\/11\\\/blauer-montag-von-nicci-french-start-einer-spannenden-reihe-in-london\\\/#article\",\"isPartOf\":{\"@id\":\"https:\\\/\\\/hoerske.de\\\/blog\\\/2018\\\/11\\\/blauer-montag-von-nicci-french-start-einer-spannenden-reihe-in-london\\\/\"},\"author\":{\"name\":\"Timo H\u00f6rske\",\"@id\":\"https:\\\/\\\/hoerske.de\\\/blog\\\/#\\\/schema\\\/person\\\/20677cf2167fc7027b752c3bba78d5fc\"},\"headline\":\"Blauer Montag von Nicci French &#8211; Start einer spannenden Reihe in London\",\"datePublished\":\"2018-11-28T06:00:02+00:00\",\"dateModified\":\"2018-12-30T11:22:52+00:00\",\"mainEntityOfPage\":{\"@id\":\"https:\\\/\\\/hoerske.de\\\/blog\\\/2018\\\/11\\\/blauer-montag-von-nicci-french-start-einer-spannenden-reihe-in-london\\\/\"},\"wordCount\":390,\"commentCount\":0,\"publisher\":{\"@id\":\"https:\\\/\\\/hoerske.de\\\/blog\\\/#\\\/schema\\\/person\\\/20677cf2167fc7027b752c3bba78d5fc\"},\"image\":{\"@id\":\"https:\\\/\\\/hoerske.de\\\/blog\\\/2018\\\/11\\\/blauer-montag-von-nicci-french-start-einer-spannenden-reihe-in-london\\\/#primaryimage\"},\"thumbnailUrl\":\"https:\\\/\\\/i0.wp.com\\\/hoerske.de\\\/blog\\\/wp-content\\\/uploads\\\/2018\\\/11\\\/blauer_montag_nicci_french_frieda_klein.png?fit=2480%2C874&ssl=1\",\"keywords\":[\"Blauer Montag\",\"Kanten\",\"Krimi\",\"Leser\",\"nicci french\",\"psychotherapeutin\",\"Rezension\",\"Sean French\"],\"articleSection\":[\"2018\",\"B\u00fccher\",\"Empfehlungen\",\"Kultur\"],\"inLanguage\":\"de\",\"potentialAction\":[{\"@type\":\"CommentAction\",\"name\":\"Comment\",\"target\":[\"https:\\\/\\\/hoerske.de\\\/blog\\\/2018\\\/11\\\/blauer-montag-von-nicci-french-start-einer-spannenden-reihe-in-london\\\/#respond\"]}]},{\"@type\":\"WebPage\",\"@id\":\"https:\\\/\\\/hoerske.de\\\/blog\\\/2018\\\/11\\\/blauer-montag-von-nicci-french-start-einer-spannenden-reihe-in-london\\\/\",\"url\":\"https:\\\/\\\/hoerske.de\\\/blog\\\/2018\\\/11\\\/blauer-montag-von-nicci-french-start-einer-spannenden-reihe-in-london\\\/\",\"name\":\"Blauer Montag von Nicci French - Start einer spannenden Reihe in London - Timos Paper\",\"isPartOf\":{\"@id\":\"https:\\\/\\\/hoerske.de\\\/blog\\\/#website\"},\"primaryImageOfPage\":{\"@id\":\"https:\\\/\\\/hoerske.de\\\/blog\\\/2018\\\/11\\\/blauer-montag-von-nicci-french-start-einer-spannenden-reihe-in-london\\\/#primaryimage\"},\"image\":{\"@id\":\"https:\\\/\\\/hoerske.de\\\/blog\\\/2018\\\/11\\\/blauer-montag-von-nicci-french-start-einer-spannenden-reihe-in-london\\\/#primaryimage\"},\"thumbnailUrl\":\"https:\\\/\\\/i0.wp.com\\\/hoerske.de\\\/blog\\\/wp-content\\\/uploads\\\/2018\\\/11\\\/blauer_montag_nicci_french_frieda_klein.png?fit=2480%2C874&ssl=1\",\"datePublished\":\"2018-11-28T06:00:02+00:00\",\"dateModified\":\"2018-12-30T11:22:52+00:00\",\"description\":\"Mit \\\"Blauer Montag\\\" ist Nicci French, so der Deckname des Ehepaares Nicci Gerrard und und Sean French, ein guter Start in eine spannungsgeladene Krimireihe mit einer unkonventionellen Protagonistin gelungen.\",\"breadcrumb\":{\"@id\":\"https:\\\/\\\/hoerske.de\\\/blog\\\/2018\\\/11\\\/blauer-montag-von-nicci-french-start-einer-spannenden-reihe-in-london\\\/#breadcrumb\"},\"inLanguage\":\"de\",\"potentialAction\":[{\"@type\":\"ReadAction\",\"target\":[\"https:\\\/\\\/hoerske.de\\\/blog\\\/2018\\\/11\\\/blauer-montag-von-nicci-french-start-einer-spannenden-reihe-in-london\\\/\"]}]},{\"@type\":\"ImageObject\",\"inLanguage\":\"de\",\"@id\":\"https:\\\/\\\/hoerske.de\\\/blog\\\/2018\\\/11\\\/blauer-montag-von-nicci-french-start-einer-spannenden-reihe-in-london\\\/#primaryimage\",\"url\":\"https:\\\/\\\/i0.wp.com\\\/hoerske.de\\\/blog\\\/wp-content\\\/uploads\\\/2018\\\/11\\\/blauer_montag_nicci_french_frieda_klein.png?fit=2480%2C874&ssl=1\",\"contentUrl\":\"https:\\\/\\\/i0.wp.com\\\/hoerske.de\\\/blog\\\/wp-content\\\/uploads\\\/2018\\\/11\\\/blauer_montag_nicci_french_frieda_klein.png?fit=2480%2C874&ssl=1\",\"width\":2480,\"height\":874,\"caption\":\"Blauer Montag Nicci French Frieda Klein\"},{\"@type\":\"BreadcrumbList\",\"@id\":\"https:\\\/\\\/hoerske.de\\\/blog\\\/2018\\\/11\\\/blauer-montag-von-nicci-french-start-einer-spannenden-reihe-in-london\\\/#breadcrumb\",\"itemListElement\":[{\"@type\":\"ListItem\",\"position\":1,\"name\":\"Startseite\",\"item\":\"https:\\\/\\\/hoerske.de\\\/blog\\\/\"},{\"@type\":\"ListItem\",\"position\":2,\"name\":\"Blauer Montag von Nicci French &#8211; Start einer spannenden Reihe in London\"}]},{\"@type\":\"WebSite\",\"@id\":\"https:\\\/\\\/hoerske.de\\\/blog\\\/#website\",\"url\":\"https:\\\/\\\/hoerske.de\\\/blog\\\/\",\"name\":\"Timos Blog\",\"description\":\"ego cogito, ergo sum\",\"publisher\":{\"@id\":\"https:\\\/\\\/hoerske.de\\\/blog\\\/#\\\/schema\\\/person\\\/20677cf2167fc7027b752c3bba78d5fc\"},\"potentialAction\":[{\"@type\":\"SearchAction\",\"target\":{\"@type\":\"EntryPoint\",\"urlTemplate\":\"https:\\\/\\\/hoerske.de\\\/blog\\\/?s={search_term_string}\"},\"query-input\":{\"@type\":\"PropertyValueSpecification\",\"valueRequired\":true,\"valueName\":\"search_term_string\"}}],\"inLanguage\":\"de\"},{\"@type\":[\"Person\",\"Organization\"],\"@id\":\"https:\\\/\\\/hoerske.de\\\/blog\\\/#\\\/schema\\\/person\\\/20677cf2167fc7027b752c3bba78d5fc\",\"name\":\"Timo H\u00f6rske\",\"image\":{\"@type\":\"ImageObject\",\"inLanguage\":\"de\",\"@id\":\"https:\\\/\\\/i0.wp.com\\\/hoerske.de\\\/blog\\\/wp-content\\\/uploads\\\/2023\\\/01\\\/16711213967602.jpg?fit=1024%2C954&ssl=1\",\"url\":\"https:\\\/\\\/i0.wp.com\\\/hoerske.de\\\/blog\\\/wp-content\\\/uploads\\\/2023\\\/01\\\/16711213967602.jpg?fit=1024%2C954&ssl=1\",\"contentUrl\":\"https:\\\/\\\/i0.wp.com\\\/hoerske.de\\\/blog\\\/wp-content\\\/uploads\\\/2023\\\/01\\\/16711213967602.jpg?fit=1024%2C954&ssl=1\",\"width\":1024,\"height\":954,\"caption\":\"Timo H\u00f6rske\"},\"logo\":{\"@id\":\"https:\\\/\\\/i0.wp.com\\\/hoerske.de\\\/blog\\\/wp-content\\\/uploads\\\/2023\\\/01\\\/16711213967602.jpg?fit=1024%2C954&ssl=1\"},\"description\":\"Jahrgang 1985, als \\\"Ossi\\\" geboren, im beschaulichen Premnitz an der Havel aufgewachsen. Natur- und Kunstliebhaber. Seit \u00fcber 10 Jahren Wahlbremerhavener, K\u00fcsten- und Windfan. So ziemlich an Allem interessiert. Schwerpunkte sind aber eindeutig Politik, Gesellschaft, Rechtswesen, Natur, Imkerei und Technik. Rotes Parteibuch, Mitglied des Jugendhilfeausschusses der Stadt Bremerhaven, Vorsitzender eines Kleing\u00e4rtnervereins, Fachberater f\u00fcr das Kleingartenwesen, Verbandschef der Bremerhavener Kleing\u00e4rtner*innen. Hobbyimker, Freizeitblogger, Techniknerd.\",\"sameAs\":[\"https:\\\/\\\/www.hoerske.de\\\/\",\"https:\\\/\\\/www.facebook.com\\\/timo.hoerske\",\"https:\\\/\\\/www.instagram.com\\\/thoerske\\\/\",\"https:\\\/\\\/x.com\\\/timo_hoerske\"],\"url\":\"https:\\\/\\\/hoerske.de\\\/blog\\\/author\\\/roter_admin\\\/\"}]}<\/script>\n<!-- \/ Yoast SEO Premium plugin. -->","yoast_head_json":{"title":"Blauer Montag von Nicci French - Start einer spannenden Reihe in London - Timos Paper","description":"Mit \"Blauer Montag\" ist Nicci French, so der Deckname des Ehepaares Nicci Gerrard und und Sean French, ein guter Start in eine spannungsgeladene Krimireihe mit einer unkonventionellen Protagonistin gelungen.","robots":{"index":"index","follow":"follow","max-snippet":"max-snippet:-1","max-image-preview":"max-image-preview:large","max-video-preview":"max-video-preview:-1"},"canonical":"https:\/\/hoerske.de\/blog\/2018\/11\/blauer-montag-von-nicci-french-start-einer-spannenden-reihe-in-london\/","og_locale":"de_DE","og_type":"article","og_title":"Blauer Montag von Nicci French - Start einer spannenden Reihe in London","og_description":"Mit \"Blauer Montag\" ist Nicci French, so der Deckname des Ehepaares Nicci Gerrard und und Sean French, ein guter Start in eine spannungsgeladene Krimireihe mit einer unkonventionellen Protagonistin gelungen.","og_url":"https:\/\/hoerske.de\/blog\/2018\/11\/blauer-montag-von-nicci-french-start-einer-spannenden-reihe-in-london\/","og_site_name":"Timos Paper","article_publisher":"https:\/\/www.facebook.com\/timo.hoerske","article_author":"https:\/\/www.facebook.com\/timo.hoerske","article_published_time":"2018-11-28T06:00:02+00:00","article_modified_time":"2018-12-30T11:22:52+00:00","og_image":[{"width":1024,"height":361,"url":"https:\/\/hoerske.de\/blog\/wp-content\/uploads\/2018\/11\/blauer_montag_nicci_french_frieda_klein-1024x361.png","type":"image\/png"}],"author":"Timo H\u00f6rske","twitter_card":"summary_large_image","twitter_creator":"@timo_hoerske","twitter_site":"@timo_hoerske","twitter_misc":{"Verfasst von":"Timo H\u00f6rske","Gesch\u00e4tzte Lesezeit":"2\u00a0Minuten"},"schema":{"@context":"https:\/\/schema.org","@graph":[{"@type":"Article","@id":"https:\/\/hoerske.de\/blog\/2018\/11\/blauer-montag-von-nicci-french-start-einer-spannenden-reihe-in-london\/#article","isPartOf":{"@id":"https:\/\/hoerske.de\/blog\/2018\/11\/blauer-montag-von-nicci-french-start-einer-spannenden-reihe-in-london\/"},"author":{"name":"Timo H\u00f6rske","@id":"https:\/\/hoerske.de\/blog\/#\/schema\/person\/20677cf2167fc7027b752c3bba78d5fc"},"headline":"Blauer Montag von Nicci French &#8211; Start einer spannenden Reihe in London","datePublished":"2018-11-28T06:00:02+00:00","dateModified":"2018-12-30T11:22:52+00:00","mainEntityOfPage":{"@id":"https:\/\/hoerske.de\/blog\/2018\/11\/blauer-montag-von-nicci-french-start-einer-spannenden-reihe-in-london\/"},"wordCount":390,"commentCount":0,"publisher":{"@id":"https:\/\/hoerske.de\/blog\/#\/schema\/person\/20677cf2167fc7027b752c3bba78d5fc"},"image":{"@id":"https:\/\/hoerske.de\/blog\/2018\/11\/blauer-montag-von-nicci-french-start-einer-spannenden-reihe-in-london\/#primaryimage"},"thumbnailUrl":"https:\/\/i0.wp.com\/hoerske.de\/blog\/wp-content\/uploads\/2018\/11\/blauer_montag_nicci_french_frieda_klein.png?fit=2480%2C874&ssl=1","keywords":["Blauer Montag","Kanten","Krimi","Leser","nicci french","psychotherapeutin","Rezension","Sean French"],"articleSection":["2018","B\u00fccher","Empfehlungen","Kultur"],"inLanguage":"de","potentialAction":[{"@type":"CommentAction","name":"Comment","target":["https:\/\/hoerske.de\/blog\/2018\/11\/blauer-montag-von-nicci-french-start-einer-spannenden-reihe-in-london\/#respond"]}]},{"@type":"WebPage","@id":"https:\/\/hoerske.de\/blog\/2018\/11\/blauer-montag-von-nicci-french-start-einer-spannenden-reihe-in-london\/","url":"https:\/\/hoerske.de\/blog\/2018\/11\/blauer-montag-von-nicci-french-start-einer-spannenden-reihe-in-london\/","name":"Blauer Montag von Nicci French - Start einer spannenden Reihe in London - Timos Paper","isPartOf":{"@id":"https:\/\/hoerske.de\/blog\/#website"},"primaryImageOfPage":{"@id":"https:\/\/hoerske.de\/blog\/2018\/11\/blauer-montag-von-nicci-french-start-einer-spannenden-reihe-in-london\/#primaryimage"},"image":{"@id":"https:\/\/hoerske.de\/blog\/2018\/11\/blauer-montag-von-nicci-french-start-einer-spannenden-reihe-in-london\/#primaryimage"},"thumbnailUrl":"https:\/\/i0.wp.com\/hoerske.de\/blog\/wp-content\/uploads\/2018\/11\/blauer_montag_nicci_french_frieda_klein.png?fit=2480%2C874&ssl=1","datePublished":"2018-11-28T06:00:02+00:00","dateModified":"2018-12-30T11:22:52+00:00","description":"Mit \"Blauer Montag\" ist Nicci French, so der Deckname des Ehepaares Nicci Gerrard und und Sean French, ein guter Start in eine spannungsgeladene Krimireihe mit einer unkonventionellen Protagonistin gelungen.","breadcrumb":{"@id":"https:\/\/hoerske.de\/blog\/2018\/11\/blauer-montag-von-nicci-french-start-einer-spannenden-reihe-in-london\/#breadcrumb"},"inLanguage":"de","potentialAction":[{"@type":"ReadAction","target":["https:\/\/hoerske.de\/blog\/2018\/11\/blauer-montag-von-nicci-french-start-einer-spannenden-reihe-in-london\/"]}]},{"@type":"ImageObject","inLanguage":"de","@id":"https:\/\/hoerske.de\/blog\/2018\/11\/blauer-montag-von-nicci-french-start-einer-spannenden-reihe-in-london\/#primaryimage","url":"https:\/\/i0.wp.com\/hoerske.de\/blog\/wp-content\/uploads\/2018\/11\/blauer_montag_nicci_french_frieda_klein.png?fit=2480%2C874&ssl=1","contentUrl":"https:\/\/i0.wp.com\/hoerske.de\/blog\/wp-content\/uploads\/2018\/11\/blauer_montag_nicci_french_frieda_klein.png?fit=2480%2C874&ssl=1","width":2480,"height":874,"caption":"Blauer Montag Nicci French Frieda Klein"},{"@type":"BreadcrumbList","@id":"https:\/\/hoerske.de\/blog\/2018\/11\/blauer-montag-von-nicci-french-start-einer-spannenden-reihe-in-london\/#breadcrumb","itemListElement":[{"@type":"ListItem","position":1,"name":"Startseite","item":"https:\/\/hoerske.de\/blog\/"},{"@type":"ListItem","position":2,"name":"Blauer Montag von Nicci French &#8211; Start einer spannenden Reihe in London"}]},{"@type":"WebSite","@id":"https:\/\/hoerske.de\/blog\/#website","url":"https:\/\/hoerske.de\/blog\/","name":"Timos Blog","description":"ego cogito, ergo sum","publisher":{"@id":"https:\/\/hoerske.de\/blog\/#\/schema\/person\/20677cf2167fc7027b752c3bba78d5fc"},"potentialAction":[{"@type":"SearchAction","target":{"@type":"EntryPoint","urlTemplate":"https:\/\/hoerske.de\/blog\/?s={search_term_string}"},"query-input":{"@type":"PropertyValueSpecification","valueRequired":true,"valueName":"search_term_string"}}],"inLanguage":"de"},{"@type":["Person","Organization"],"@id":"https:\/\/hoerske.de\/blog\/#\/schema\/person\/20677cf2167fc7027b752c3bba78d5fc","name":"Timo H\u00f6rske","image":{"@type":"ImageObject","inLanguage":"de","@id":"https:\/\/i0.wp.com\/hoerske.de\/blog\/wp-content\/uploads\/2023\/01\/16711213967602.jpg?fit=1024%2C954&ssl=1","url":"https:\/\/i0.wp.com\/hoerske.de\/blog\/wp-content\/uploads\/2023\/01\/16711213967602.jpg?fit=1024%2C954&ssl=1","contentUrl":"https:\/\/i0.wp.com\/hoerske.de\/blog\/wp-content\/uploads\/2023\/01\/16711213967602.jpg?fit=1024%2C954&ssl=1","width":1024,"height":954,"caption":"Timo H\u00f6rske"},"logo":{"@id":"https:\/\/i0.wp.com\/hoerske.de\/blog\/wp-content\/uploads\/2023\/01\/16711213967602.jpg?fit=1024%2C954&ssl=1"},"description":"Jahrgang 1985, als \"Ossi\" geboren, im beschaulichen Premnitz an der Havel aufgewachsen. Natur- und Kunstliebhaber. Seit \u00fcber 10 Jahren Wahlbremerhavener, K\u00fcsten- und Windfan. So ziemlich an Allem interessiert. Schwerpunkte sind aber eindeutig Politik, Gesellschaft, Rechtswesen, Natur, Imkerei und Technik. Rotes Parteibuch, Mitglied des Jugendhilfeausschusses der Stadt Bremerhaven, Vorsitzender eines Kleing\u00e4rtnervereins, Fachberater f\u00fcr das Kleingartenwesen, Verbandschef der Bremerhavener Kleing\u00e4rtner*innen. Hobbyimker, Freizeitblogger, Techniknerd.","sameAs":["https:\/\/www.hoerske.de\/","https:\/\/www.facebook.com\/timo.hoerske","https:\/\/www.instagram.com\/thoerske\/","https:\/\/x.com\/timo_hoerske"],"url":"https:\/\/hoerske.de\/blog\/author\/roter_admin\/"}]}},"jetpack_publicize_connections":[],"jetpack_featured_media_url":"https:\/\/i0.wp.com\/hoerske.de\/blog\/wp-content\/uploads\/2018\/11\/blauer_montag_nicci_french_frieda_klein.png?fit=2480%2C874&ssl=1","jetpack_shortlink":"https:\/\/wp.me\/p4W3ht-1fR","jetpack_sharing_enabled":true,"_links":{"self":[{"href":"https:\/\/hoerske.de\/blog\/wp-json\/wp\/v2\/posts\/4827","targetHints":{"allow":["GET"]}}],"collection":[{"href":"https:\/\/hoerske.de\/blog\/wp-json\/wp\/v2\/posts"}],"about":[{"href":"https:\/\/hoerske.de\/blog\/wp-json\/wp\/v2\/types\/post"}],"author":[{"embeddable":true,"href":"https:\/\/hoerske.de\/blog\/wp-json\/wp\/v2\/users\/1"}],"replies":[{"embeddable":true,"href":"https:\/\/hoerske.de\/blog\/wp-json\/wp\/v2\/comments?post=4827"}],"version-history":[{"count":0,"href":"https:\/\/hoerske.de\/blog\/wp-json\/wp\/v2\/posts\/4827\/revisions"}],"wp:featuredmedia":[{"embeddable":true,"href":"https:\/\/hoerske.de\/blog\/wp-json\/wp\/v2\/media\/4830"}],"wp:attachment":[{"href":"https:\/\/hoerske.de\/blog\/wp-json\/wp\/v2\/media?parent=4827"}],"wp:term":[{"taxonomy":"category","embeddable":true,"href":"https:\/\/hoerske.de\/blog\/wp-json\/wp\/v2\/categories?post=4827"},{"taxonomy":"post_tag","embeddable":true,"href":"https:\/\/hoerske.de\/blog\/wp-json\/wp\/v2\/tags?post=4827"}],"curies":[{"name":"wp","href":"https:\/\/api.w.org\/{rel}","templated":true}]}}