{"id":448,"date":"2015-07-14T15:06:38","date_gmt":"2015-07-14T13:06:38","guid":{"rendered":"https:\/\/www.hoerske.de\/?p=448"},"modified":"2017-11-17T10:22:49","modified_gmt":"2017-11-17T08:22:49","slug":"raetsel-der-woche-heute-gehts-unter-wasser","status":"publish","type":"post","link":"https:\/\/hoerske.de\/blog\/2015\/07\/raetsel-der-woche-heute-gehts-unter-wasser\/","title":{"rendered":"R\u00e4tsel der Woche: Heute gehts unter Wasser&#8230;"},"content":{"rendered":"<div class=\"tiled-gallery type-rectangular tiled-gallery-unresized\" data-original-width=\"840\" data-carousel-extra='null' itemscope itemtype=\"http:\/\/schema.org\/ImageGallery\" > <div class=\"gallery-row\" style=\"width: 840px; height: 394px;\" data-original-width=\"840\" data-original-height=\"394\" > <div class=\"gallery-group images-1\" style=\"width: 394px; height: 394px;\" data-original-width=\"394\" data-original-height=\"394\" > <div class=\"tiled-gallery-item tiled-gallery-item-large\" itemprop=\"associatedMedia\" itemscope itemtype=\"http:\/\/schema.org\/ImageObject\"> <a href=\"https:\/\/hoerske.de\/blog\/wp-content\/uploads\/2015\/07\/jpg\" border=\"0\" itemprop=\"url\"> <meta itemprop=\"width\" content=\"390\"> <meta itemprop=\"height\" content=\"390\"> <img decoding=\"async\" class=\"\" data-attachment-id=\"419\" data-orig-file=\"https:\/\/hoerske.de\/blog\/wp-content\/uploads\/2015\/07\/jpg\" data-orig-size=\"141,141\" data-comments-opened=\"1\" data-image-meta=\"{&quot;aperture&quot;:&quot;0&quot;,&quot;credit&quot;:&quot;&quot;,&quot;camera&quot;:&quot;&quot;,&quot;caption&quot;:&quot;&quot;,&quot;created_timestamp&quot;:&quot;0&quot;,&quot;copyright&quot;:&quot;&quot;,&quot;focal_length&quot;:&quot;0&quot;,&quot;iso&quot;:&quot;0&quot;,&quot;shutter_speed&quot;:&quot;0&quot;,&quot;title&quot;:&quot;&quot;,&quot;orientation&quot;:&quot;0&quot;}\" data-image-title=\"&amp;#8212;\" data-image-description=\"\" data-medium-file=\"https:\/\/hoerske.de\/blog\/wp-content\/uploads\/2015\/07\/jpg\" data-large-file=\"https:\/\/hoerske.de\/blog\/wp-content\/uploads\/2015\/07\/jpg\" src=\"https:\/\/hoerske.de\/blog\/wp-content\/uploads\/2015\/07\/jpg\" width=\"390\" height=\"390\" loading=\"lazy\" data-original-width=\"390\" data-original-height=\"390\" itemprop=\"http:\/\/schema.org\/image\" title=\"---\" alt=\"---\" style=\"width: 390px; height: 390px;\" \/> <\/a> <\/div> <\/div> <!-- close group --> <div class=\"gallery-group images-1\" style=\"width: 223px; height: 394px;\" data-original-width=\"223\" data-original-height=\"394\" > <div class=\"tiled-gallery-item tiled-gallery-item-small\" itemprop=\"associatedMedia\" itemscope itemtype=\"http:\/\/schema.org\/ImageObject\"> <a href=\"https:\/\/i0.wp.com\/hoerske.de\/blog\/wp-content\/uploads\/2015\/07\/20150619_131518_RichtoneHDR-e1436878496616.jpg?ssl=1\" border=\"0\" itemprop=\"url\"> <meta itemprop=\"width\" content=\"219\"> <meta itemprop=\"height\" content=\"390\"> <img decoding=\"async\" class=\"\" data-attachment-id=\"450\" data-orig-file=\"https:\/\/hoerske.de\/blog\/wp-content\/uploads\/2015\/07\/20150619_131518_RichtoneHDR-e1436878496616.jpg\" data-orig-size=\"1836,3263\" data-comments-opened=\"1\" data-image-meta=\"{&quot;aperture&quot;:&quot;2.4&quot;,&quot;credit&quot;:&quot;&quot;,&quot;camera&quot;:&quot;GT-I9301I&quot;,&quot;caption&quot;:&quot;&quot;,&quot;created_timestamp&quot;:&quot;1434719718&quot;,&quot;copyright&quot;:&quot;&quot;,&quot;focal_length&quot;:&quot;3.71&quot;,&quot;iso&quot;:&quot;0&quot;,&quot;shutter_speed&quot;:&quot;0&quot;,&quot;title&quot;:&quot;&quot;,&quot;orientation&quot;:&quot;6&quot;}\" data-image-title=\"Wasser Nesseltiere\" data-image-description=\"\" data-medium-file=\"https:\/\/i0.wp.com\/hoerske.de\/blog\/wp-content\/uploads\/2015\/07\/20150619_131518_RichtoneHDR-e1436878496616.jpg?fit=169%2C300&#038;ssl=1\" data-large-file=\"https:\/\/i0.wp.com\/hoerske.de\/blog\/wp-content\/uploads\/2015\/07\/20150619_131518_RichtoneHDR-e1436878496616.jpg?fit=576%2C1024&#038;ssl=1\" src=\"https:\/\/i0.wp.com\/hoerske.de\/blog\/wp-content\/uploads\/2015\/07\/20150619_131518_RichtoneHDR-e1436878496616.jpg?w=219&#038;h=390&#038;ssl=1\" srcset=\"https:\/\/i0.wp.com\/hoerske.de\/blog\/wp-content\/uploads\/2015\/07\/20150619_131518_RichtoneHDR-e1436878496616.jpg?w=1836&amp;ssl=1 1836w, https:\/\/i0.wp.com\/hoerske.de\/blog\/wp-content\/uploads\/2015\/07\/20150619_131518_RichtoneHDR-e1436878496616.jpg?resize=169%2C300&amp;ssl=1 169w, https:\/\/i0.wp.com\/hoerske.de\/blog\/wp-content\/uploads\/2015\/07\/20150619_131518_RichtoneHDR-e1436878496616.jpg?resize=576%2C1024&amp;ssl=1 576w, https:\/\/i0.wp.com\/hoerske.de\/blog\/wp-content\/uploads\/2015\/07\/20150619_131518_RichtoneHDR-e1436878496616.jpg?w=1680&amp;ssl=1 1680w\" width=\"219\" height=\"390\" loading=\"lazy\" data-original-width=\"219\" data-original-height=\"390\" itemprop=\"http:\/\/schema.org\/image\" title=\"Wasser Nesseltiere\" alt=\"Wasser Nesseltiere\" style=\"width: 219px; height: 390px;\" \/> <\/a> <\/div> <\/div> <!-- close group --> <div class=\"gallery-group images-1\" style=\"width: 223px; height: 394px;\" data-original-width=\"223\" data-original-height=\"394\" > <div class=\"tiled-gallery-item tiled-gallery-item-small\" itemprop=\"associatedMedia\" itemscope itemtype=\"http:\/\/schema.org\/ImageObject\"> <a href=\"https:\/\/i0.wp.com\/hoerske.de\/blog\/wp-content\/uploads\/2015\/07\/20150619_1315591-e1436878481362.jpg?ssl=1\" border=\"0\" itemprop=\"url\"> <meta itemprop=\"width\" content=\"219\"> <meta itemprop=\"height\" content=\"390\"> <img decoding=\"async\" class=\"\" data-attachment-id=\"449\" data-orig-file=\"https:\/\/hoerske.de\/blog\/wp-content\/uploads\/2015\/07\/20150619_1315591-e1436878481362.jpg\" data-orig-size=\"1836,3263\" data-comments-opened=\"1\" data-image-meta=\"{&quot;aperture&quot;:&quot;2.6&quot;,&quot;credit&quot;:&quot;&quot;,&quot;camera&quot;:&quot;GT-I9301I&quot;,&quot;caption&quot;:&quot;&quot;,&quot;created_timestamp&quot;:&quot;1434719759&quot;,&quot;copyright&quot;:&quot;&quot;,&quot;focal_length&quot;:&quot;3.71&quot;,&quot;iso&quot;:&quot;400&quot;,&quot;shutter_speed&quot;:&quot;0.058823529411765&quot;,&quot;title&quot;:&quot;&quot;,&quot;orientation&quot;:&quot;6&quot;}\" data-image-title=\"Wasser Nesseltiere\" data-image-description=\"\" data-medium-file=\"https:\/\/i0.wp.com\/hoerske.de\/blog\/wp-content\/uploads\/2015\/07\/20150619_1315591-e1436878481362.jpg?fit=169%2C300&#038;ssl=1\" data-large-file=\"https:\/\/i0.wp.com\/hoerske.de\/blog\/wp-content\/uploads\/2015\/07\/20150619_1315591-e1436878481362.jpg?fit=576%2C1024&#038;ssl=1\" src=\"https:\/\/i0.wp.com\/hoerske.de\/blog\/wp-content\/uploads\/2015\/07\/20150619_1315591-e1436878481362.jpg?w=219&#038;h=390&#038;ssl=1\" srcset=\"https:\/\/i0.wp.com\/hoerske.de\/blog\/wp-content\/uploads\/2015\/07\/20150619_1315591-e1436878481362.jpg?w=1836&amp;ssl=1 1836w, https:\/\/i0.wp.com\/hoerske.de\/blog\/wp-content\/uploads\/2015\/07\/20150619_1315591-e1436878481362.jpg?resize=169%2C300&amp;ssl=1 169w, https:\/\/i0.wp.com\/hoerske.de\/blog\/wp-content\/uploads\/2015\/07\/20150619_1315591-e1436878481362.jpg?resize=576%2C1024&amp;ssl=1 576w, https:\/\/i0.wp.com\/hoerske.de\/blog\/wp-content\/uploads\/2015\/07\/20150619_1315591-e1436878481362.jpg?w=1680&amp;ssl=1 1680w\" width=\"219\" height=\"390\" loading=\"lazy\" data-original-width=\"219\" data-original-height=\"390\" itemprop=\"http:\/\/schema.org\/image\" title=\"Wasser Nesseltiere\" alt=\"Wasser Nesseltiere\" style=\"width: 219px; height: 390px;\" \/> <\/a> <\/div> <\/div> <!-- close group --> <\/div> <!-- close row --> <\/div>\n<p>Diese beschaulichen Nesseltiere sind im Wasser des <a href=\"http:\/\/www.klimahaus-bremerhaven.de\/\" target=\"_blank\" rel=\"noopener\">Klimahaus 8\u00b0 Ost Bremerhaven<\/a> zu Hause&#8230; Doch um was f\u00fcr eine Art handelt es sich wohl? So was haben wir denn als Tipps: Also es sind Nesseltiere, man findet diese Exemplare im Klimahaus Bremerhaven, grunds\u00e4tzlich ist diese Art eher in Meeren zu Hause mit gem\u00e4\u00dfigtem Klima.<\/p>\n<p><!--more--><\/p>\n<blockquote><p>Die <strong>Nesseltiere<\/strong> (Cnidaria; altgr. <span>\u03ba\u03bd\u03af\u03b4\u03b7<\/span> knid\u0113 \u201aNessel\u2018) sind einfach gebaute, vielzellige Tiere, die die K\u00fcsten, den Grund und das offene Wasser der Weltmeere und einige S\u00fc\u00dfgew\u00e4sser bewohnen und durch den Besitz von Nesselkapseln gekennzeichnet sind. Bekannte Untergruppen sind Schirm- und W\u00fcrfelquallen, die sessilen Blumentiere mit den Seeanemonen, Stein- und Weichkorallen sowie die vielgestaltigen Hydrozoen, zu denen auch die Staatsquallen und der in B\u00e4chen und Fl\u00fcssen in Mitteleuropa heimische S\u00fc\u00dfwasserpolyp geh\u00f6ren. Sie umfassen derzeit \u00fcber 11\u00a0000 rezente Arten[1]. Einige Nesseltiere (z.\u00a0B. Polypodium hydriforme und die Myxozoa) sind Parasiten geworden. (( Seite \u201eNesseltiere\u201c. In: Wikipedia, Die freie Enzyklop\u00e4die. Bearbeitungsstand: 7. Juni 2015, 13:34 UTC. URL: <a class=\"external free\" href=\"https:\/\/de.wikipedia.org\/w\/index.php?title=Nesseltiere&amp;oldid=142872746\">https:\/\/de.wikipedia.org\/w\/index.php?title=Nesseltiere&amp;oldid=142872746<\/a> (Abgerufen: 14. Juli 2015, 13:00 UTC) ))<\/p><\/blockquote>\n","protected":false},"excerpt":{"rendered":"<p>Diese beschaulichen Nesseltiere sind im Wasser des Klimahaus 8\u00b0 Ost Bremerhaven zu Hause&#8230; Doch um was f\u00fcr eine Art handelt es sich wohl? So was haben wir denn als Tipps: Also es sind Nesseltiere, man findet diese Exemplare im Klimahaus Bremerhaven, grunds\u00e4tzlich ist diese Art eher in Meeren zu Hause<\/p>\n","protected":false},"author":1,"featured_media":449,"comment_status":"open","ping_status":"open","sticky":false,"template":"","format":"standard","meta":{"jetpack_post_was_ever_published":false,"_jetpack_newsletter_access":"","_jetpack_dont_email_post_to_subs":false,"_jetpack_newsletter_tier_id":0,"_jetpack_memberships_contains_paywalled_content":false,"_jetpack_memberships_contains_paid_content":false,"footnotes":"","jetpack_publicize_message":"","jetpack_publicize_feature_enabled":true,"jetpack_social_post_already_shared":true,"jetpack_social_options":{"image_generator_settings":{"template":"highway","default_image_id":0,"font":"","enabled":false},"version":2},"_wpas_customize_per_network":false},"categories":[120],"tags":[191,193,192],"class_list":["post-448","post","type-post","status-publish","format-standard","has-post-thumbnail","hentry","category-fragen","tag-klimahaus","tag-tiere","tag-unter-wasser"],"yoast_head":"<!-- This site is optimized with the Yoast SEO Premium plugin v27.3 (Yoast SEO v27.3) - https:\/\/yoast.com\/product\/yoast-seo-premium-wordpress\/ -->\n<title>R\u00e4tsel der Woche: Heute gehts unter Wasser... - Timos Paper<\/title>\n<meta name=\"description\" content=\"Diese beschaulichen Nesseltiere sind im Wasser des Klimahaus 8\u00b0 Ost Bremerhaven zu Hause...\" \/>\n<meta name=\"robots\" content=\"index, follow, max-snippet:-1, max-image-preview:large, max-video-preview:-1\" \/>\n<link rel=\"canonical\" href=\"https:\/\/hoerske.de\/blog\/2015\/07\/raetsel-der-woche-heute-gehts-unter-wasser\/\" \/>\n<meta property=\"og:locale\" content=\"de_DE\" \/>\n<meta property=\"og:type\" content=\"article\" \/>\n<meta property=\"og:title\" content=\"R\u00e4tsel der Woche: Heute gehts unter Wasser...\" \/>\n<meta property=\"og:description\" content=\"Diese beschaulichen Nesseltiere sind im Wasser des Klimahaus 8\u00b0 Ost Bremerhaven zu Hause...\" \/>\n<meta property=\"og:url\" content=\"https:\/\/hoerske.de\/blog\/2015\/07\/raetsel-der-woche-heute-gehts-unter-wasser\/\" \/>\n<meta property=\"og:site_name\" content=\"Timos Paper\" \/>\n<meta property=\"article:publisher\" content=\"https:\/\/www.facebook.com\/timo.hoerske\" \/>\n<meta property=\"article:author\" content=\"https:\/\/www.facebook.com\/timo.hoerske\" \/>\n<meta property=\"article:published_time\" content=\"2015-07-14T13:06:38+00:00\" \/>\n<meta property=\"article:modified_time\" content=\"2017-11-17T08:22:49+00:00\" \/>\n<meta property=\"og:image\" content=\"https:\/\/i0.wp.com\/blog.hoerske.de\/wp-content\/uploads\/2015\/07\/20150619_1315591-e1436878481362.jpg?fit=1836%2C3263\" \/>\n\t<meta property=\"og:image:width\" content=\"1836\" \/>\n\t<meta property=\"og:image:height\" content=\"3263\" \/>\n\t<meta property=\"og:image:type\" content=\"image\/jpeg\" \/>\n<meta name=\"author\" content=\"Timo H\u00f6rske\" \/>\n<meta name=\"twitter:card\" content=\"summary_large_image\" \/>\n<meta name=\"twitter:creator\" content=\"@timo_hoerske\" \/>\n<meta name=\"twitter:site\" content=\"@timo_hoerske\" \/>\n<meta name=\"twitter:label1\" content=\"Verfasst von\" \/>\n\t<meta name=\"twitter:data1\" content=\"Timo H\u00f6rske\" \/>\n\t<meta name=\"twitter:label2\" content=\"Gesch\u00e4tzte Lesezeit\" \/>\n\t<meta name=\"twitter:data2\" content=\"1\u00a0Minute\" \/>\n<script type=\"application\/ld+json\" class=\"yoast-schema-graph\">{\"@context\":\"https:\\\/\\\/schema.org\",\"@graph\":[{\"@type\":\"Article\",\"@id\":\"https:\\\/\\\/hoerske.de\\\/blog\\\/2015\\\/07\\\/raetsel-der-woche-heute-gehts-unter-wasser\\\/#article\",\"isPartOf\":{\"@id\":\"https:\\\/\\\/hoerske.de\\\/blog\\\/2015\\\/07\\\/raetsel-der-woche-heute-gehts-unter-wasser\\\/\"},\"author\":{\"name\":\"Timo H\u00f6rske\",\"@id\":\"https:\\\/\\\/hoerske.de\\\/blog\\\/#\\\/schema\\\/person\\\/20677cf2167fc7027b752c3bba78d5fc\"},\"headline\":\"R\u00e4tsel der Woche: Heute gehts unter Wasser&#8230;\",\"datePublished\":\"2015-07-14T13:06:38+00:00\",\"dateModified\":\"2017-11-17T08:22:49+00:00\",\"mainEntityOfPage\":{\"@id\":\"https:\\\/\\\/hoerske.de\\\/blog\\\/2015\\\/07\\\/raetsel-der-woche-heute-gehts-unter-wasser\\\/\"},\"wordCount\":192,\"commentCount\":0,\"publisher\":{\"@id\":\"https:\\\/\\\/hoerske.de\\\/blog\\\/#\\\/schema\\\/person\\\/20677cf2167fc7027b752c3bba78d5fc\"},\"image\":{\"@id\":\"https:\\\/\\\/hoerske.de\\\/blog\\\/2015\\\/07\\\/raetsel-der-woche-heute-gehts-unter-wasser\\\/#primaryimage\"},\"thumbnailUrl\":\"https:\\\/\\\/i0.wp.com\\\/hoerske.de\\\/blog\\\/wp-content\\\/uploads\\\/2015\\\/07\\\/20150619_1315591-e1436878481362.jpg?fit=1836%2C3263&ssl=1\",\"keywords\":[\"Klimahaus\",\"Tiere\",\"unter Wasser\"],\"articleSection\":[\"Fragen\"],\"inLanguage\":\"de\",\"potentialAction\":[{\"@type\":\"CommentAction\",\"name\":\"Comment\",\"target\":[\"https:\\\/\\\/hoerske.de\\\/blog\\\/2015\\\/07\\\/raetsel-der-woche-heute-gehts-unter-wasser\\\/#respond\"]}]},{\"@type\":\"WebPage\",\"@id\":\"https:\\\/\\\/hoerske.de\\\/blog\\\/2015\\\/07\\\/raetsel-der-woche-heute-gehts-unter-wasser\\\/\",\"url\":\"https:\\\/\\\/hoerske.de\\\/blog\\\/2015\\\/07\\\/raetsel-der-woche-heute-gehts-unter-wasser\\\/\",\"name\":\"R\u00e4tsel der Woche: Heute gehts unter Wasser... - Timos Paper\",\"isPartOf\":{\"@id\":\"https:\\\/\\\/hoerske.de\\\/blog\\\/#website\"},\"primaryImageOfPage\":{\"@id\":\"https:\\\/\\\/hoerske.de\\\/blog\\\/2015\\\/07\\\/raetsel-der-woche-heute-gehts-unter-wasser\\\/#primaryimage\"},\"image\":{\"@id\":\"https:\\\/\\\/hoerske.de\\\/blog\\\/2015\\\/07\\\/raetsel-der-woche-heute-gehts-unter-wasser\\\/#primaryimage\"},\"thumbnailUrl\":\"https:\\\/\\\/i0.wp.com\\\/hoerske.de\\\/blog\\\/wp-content\\\/uploads\\\/2015\\\/07\\\/20150619_1315591-e1436878481362.jpg?fit=1836%2C3263&ssl=1\",\"datePublished\":\"2015-07-14T13:06:38+00:00\",\"dateModified\":\"2017-11-17T08:22:49+00:00\",\"description\":\"Diese beschaulichen Nesseltiere sind im Wasser des Klimahaus 8\u00b0 Ost Bremerhaven zu Hause...\",\"breadcrumb\":{\"@id\":\"https:\\\/\\\/hoerske.de\\\/blog\\\/2015\\\/07\\\/raetsel-der-woche-heute-gehts-unter-wasser\\\/#breadcrumb\"},\"inLanguage\":\"de\",\"potentialAction\":[{\"@type\":\"ReadAction\",\"target\":[\"https:\\\/\\\/hoerske.de\\\/blog\\\/2015\\\/07\\\/raetsel-der-woche-heute-gehts-unter-wasser\\\/\"]}]},{\"@type\":\"ImageObject\",\"inLanguage\":\"de\",\"@id\":\"https:\\\/\\\/hoerske.de\\\/blog\\\/2015\\\/07\\\/raetsel-der-woche-heute-gehts-unter-wasser\\\/#primaryimage\",\"url\":\"https:\\\/\\\/i0.wp.com\\\/hoerske.de\\\/blog\\\/wp-content\\\/uploads\\\/2015\\\/07\\\/20150619_1315591-e1436878481362.jpg?fit=1836%2C3263&ssl=1\",\"contentUrl\":\"https:\\\/\\\/i0.wp.com\\\/hoerske.de\\\/blog\\\/wp-content\\\/uploads\\\/2015\\\/07\\\/20150619_1315591-e1436878481362.jpg?fit=1836%2C3263&ssl=1\",\"width\":1836,\"height\":3263},{\"@type\":\"BreadcrumbList\",\"@id\":\"https:\\\/\\\/hoerske.de\\\/blog\\\/2015\\\/07\\\/raetsel-der-woche-heute-gehts-unter-wasser\\\/#breadcrumb\",\"itemListElement\":[{\"@type\":\"ListItem\",\"position\":1,\"name\":\"Startseite\",\"item\":\"https:\\\/\\\/hoerske.de\\\/blog\\\/\"},{\"@type\":\"ListItem\",\"position\":2,\"name\":\"R\u00e4tsel der Woche: Heute gehts unter Wasser&#8230;\"}]},{\"@type\":\"WebSite\",\"@id\":\"https:\\\/\\\/hoerske.de\\\/blog\\\/#website\",\"url\":\"https:\\\/\\\/hoerske.de\\\/blog\\\/\",\"name\":\"Timos Blog\",\"description\":\"ego cogito, ergo sum\",\"publisher\":{\"@id\":\"https:\\\/\\\/hoerske.de\\\/blog\\\/#\\\/schema\\\/person\\\/20677cf2167fc7027b752c3bba78d5fc\"},\"potentialAction\":[{\"@type\":\"SearchAction\",\"target\":{\"@type\":\"EntryPoint\",\"urlTemplate\":\"https:\\\/\\\/hoerske.de\\\/blog\\\/?s={search_term_string}\"},\"query-input\":{\"@type\":\"PropertyValueSpecification\",\"valueRequired\":true,\"valueName\":\"search_term_string\"}}],\"inLanguage\":\"de\"},{\"@type\":[\"Person\",\"Organization\"],\"@id\":\"https:\\\/\\\/hoerske.de\\\/blog\\\/#\\\/schema\\\/person\\\/20677cf2167fc7027b752c3bba78d5fc\",\"name\":\"Timo H\u00f6rske\",\"image\":{\"@type\":\"ImageObject\",\"inLanguage\":\"de\",\"@id\":\"https:\\\/\\\/i0.wp.com\\\/hoerske.de\\\/blog\\\/wp-content\\\/uploads\\\/2023\\\/01\\\/16711213967602.jpg?fit=1024%2C954&ssl=1\",\"url\":\"https:\\\/\\\/i0.wp.com\\\/hoerske.de\\\/blog\\\/wp-content\\\/uploads\\\/2023\\\/01\\\/16711213967602.jpg?fit=1024%2C954&ssl=1\",\"contentUrl\":\"https:\\\/\\\/i0.wp.com\\\/hoerske.de\\\/blog\\\/wp-content\\\/uploads\\\/2023\\\/01\\\/16711213967602.jpg?fit=1024%2C954&ssl=1\",\"width\":1024,\"height\":954,\"caption\":\"Timo H\u00f6rske\"},\"logo\":{\"@id\":\"https:\\\/\\\/i0.wp.com\\\/hoerske.de\\\/blog\\\/wp-content\\\/uploads\\\/2023\\\/01\\\/16711213967602.jpg?fit=1024%2C954&ssl=1\"},\"description\":\"Jahrgang 1985, als \\\"Ossi\\\" geboren, im beschaulichen Premnitz an der Havel aufgewachsen. Natur- und Kunstliebhaber. Seit \u00fcber 10 Jahren Wahlbremerhavener, K\u00fcsten- und Windfan. So ziemlich an Allem interessiert. Schwerpunkte sind aber eindeutig Politik, Gesellschaft, Rechtswesen, Natur, Imkerei und Technik. Rotes Parteibuch, Mitglied des Jugendhilfeausschusses der Stadt Bremerhaven, Vorsitzender eines Kleing\u00e4rtnervereins, Fachberater f\u00fcr das Kleingartenwesen, Verbandschef der Bremerhavener Kleing\u00e4rtner*innen. Hobbyimker, Freizeitblogger, Techniknerd.\",\"sameAs\":[\"https:\\\/\\\/www.hoerske.de\\\/\",\"https:\\\/\\\/www.facebook.com\\\/timo.hoerske\",\"https:\\\/\\\/www.instagram.com\\\/thoerske\\\/\",\"https:\\\/\\\/x.com\\\/timo_hoerske\"],\"url\":\"https:\\\/\\\/hoerske.de\\\/blog\\\/author\\\/roter_admin\\\/\"}]}<\/script>\n<!-- \/ Yoast SEO Premium plugin. -->","yoast_head_json":{"title":"R\u00e4tsel der Woche: Heute gehts unter Wasser... - Timos Paper","description":"Diese beschaulichen Nesseltiere sind im Wasser des Klimahaus 8\u00b0 Ost Bremerhaven zu Hause...","robots":{"index":"index","follow":"follow","max-snippet":"max-snippet:-1","max-image-preview":"max-image-preview:large","max-video-preview":"max-video-preview:-1"},"canonical":"https:\/\/hoerske.de\/blog\/2015\/07\/raetsel-der-woche-heute-gehts-unter-wasser\/","og_locale":"de_DE","og_type":"article","og_title":"R\u00e4tsel der Woche: Heute gehts unter Wasser...","og_description":"Diese beschaulichen Nesseltiere sind im Wasser des Klimahaus 8\u00b0 Ost Bremerhaven zu Hause...","og_url":"https:\/\/hoerske.de\/blog\/2015\/07\/raetsel-der-woche-heute-gehts-unter-wasser\/","og_site_name":"Timos Paper","article_publisher":"https:\/\/www.facebook.com\/timo.hoerske","article_author":"https:\/\/www.facebook.com\/timo.hoerske","article_published_time":"2015-07-14T13:06:38+00:00","article_modified_time":"2017-11-17T08:22:49+00:00","og_image":[{"width":1836,"height":3263,"url":"https:\/\/i0.wp.com\/blog.hoerske.de\/wp-content\/uploads\/2015\/07\/20150619_1315591-e1436878481362.jpg?fit=1836%2C3263","type":"image\/jpeg"}],"author":"Timo H\u00f6rske","twitter_card":"summary_large_image","twitter_creator":"@timo_hoerske","twitter_site":"@timo_hoerske","twitter_misc":{"Verfasst von":"Timo H\u00f6rske","Gesch\u00e4tzte Lesezeit":"1\u00a0Minute"},"schema":{"@context":"https:\/\/schema.org","@graph":[{"@type":"Article","@id":"https:\/\/hoerske.de\/blog\/2015\/07\/raetsel-der-woche-heute-gehts-unter-wasser\/#article","isPartOf":{"@id":"https:\/\/hoerske.de\/blog\/2015\/07\/raetsel-der-woche-heute-gehts-unter-wasser\/"},"author":{"name":"Timo H\u00f6rske","@id":"https:\/\/hoerske.de\/blog\/#\/schema\/person\/20677cf2167fc7027b752c3bba78d5fc"},"headline":"R\u00e4tsel der Woche: Heute gehts unter Wasser&#8230;","datePublished":"2015-07-14T13:06:38+00:00","dateModified":"2017-11-17T08:22:49+00:00","mainEntityOfPage":{"@id":"https:\/\/hoerske.de\/blog\/2015\/07\/raetsel-der-woche-heute-gehts-unter-wasser\/"},"wordCount":192,"commentCount":0,"publisher":{"@id":"https:\/\/hoerske.de\/blog\/#\/schema\/person\/20677cf2167fc7027b752c3bba78d5fc"},"image":{"@id":"https:\/\/hoerske.de\/blog\/2015\/07\/raetsel-der-woche-heute-gehts-unter-wasser\/#primaryimage"},"thumbnailUrl":"https:\/\/i0.wp.com\/hoerske.de\/blog\/wp-content\/uploads\/2015\/07\/20150619_1315591-e1436878481362.jpg?fit=1836%2C3263&ssl=1","keywords":["Klimahaus","Tiere","unter Wasser"],"articleSection":["Fragen"],"inLanguage":"de","potentialAction":[{"@type":"CommentAction","name":"Comment","target":["https:\/\/hoerske.de\/blog\/2015\/07\/raetsel-der-woche-heute-gehts-unter-wasser\/#respond"]}]},{"@type":"WebPage","@id":"https:\/\/hoerske.de\/blog\/2015\/07\/raetsel-der-woche-heute-gehts-unter-wasser\/","url":"https:\/\/hoerske.de\/blog\/2015\/07\/raetsel-der-woche-heute-gehts-unter-wasser\/","name":"R\u00e4tsel der Woche: Heute gehts unter Wasser... - Timos Paper","isPartOf":{"@id":"https:\/\/hoerske.de\/blog\/#website"},"primaryImageOfPage":{"@id":"https:\/\/hoerske.de\/blog\/2015\/07\/raetsel-der-woche-heute-gehts-unter-wasser\/#primaryimage"},"image":{"@id":"https:\/\/hoerske.de\/blog\/2015\/07\/raetsel-der-woche-heute-gehts-unter-wasser\/#primaryimage"},"thumbnailUrl":"https:\/\/i0.wp.com\/hoerske.de\/blog\/wp-content\/uploads\/2015\/07\/20150619_1315591-e1436878481362.jpg?fit=1836%2C3263&ssl=1","datePublished":"2015-07-14T13:06:38+00:00","dateModified":"2017-11-17T08:22:49+00:00","description":"Diese beschaulichen Nesseltiere sind im Wasser des Klimahaus 8\u00b0 Ost Bremerhaven zu Hause...","breadcrumb":{"@id":"https:\/\/hoerske.de\/blog\/2015\/07\/raetsel-der-woche-heute-gehts-unter-wasser\/#breadcrumb"},"inLanguage":"de","potentialAction":[{"@type":"ReadAction","target":["https:\/\/hoerske.de\/blog\/2015\/07\/raetsel-der-woche-heute-gehts-unter-wasser\/"]}]},{"@type":"ImageObject","inLanguage":"de","@id":"https:\/\/hoerske.de\/blog\/2015\/07\/raetsel-der-woche-heute-gehts-unter-wasser\/#primaryimage","url":"https:\/\/i0.wp.com\/hoerske.de\/blog\/wp-content\/uploads\/2015\/07\/20150619_1315591-e1436878481362.jpg?fit=1836%2C3263&ssl=1","contentUrl":"https:\/\/i0.wp.com\/hoerske.de\/blog\/wp-content\/uploads\/2015\/07\/20150619_1315591-e1436878481362.jpg?fit=1836%2C3263&ssl=1","width":1836,"height":3263},{"@type":"BreadcrumbList","@id":"https:\/\/hoerske.de\/blog\/2015\/07\/raetsel-der-woche-heute-gehts-unter-wasser\/#breadcrumb","itemListElement":[{"@type":"ListItem","position":1,"name":"Startseite","item":"https:\/\/hoerske.de\/blog\/"},{"@type":"ListItem","position":2,"name":"R\u00e4tsel der Woche: Heute gehts unter Wasser&#8230;"}]},{"@type":"WebSite","@id":"https:\/\/hoerske.de\/blog\/#website","url":"https:\/\/hoerske.de\/blog\/","name":"Timos Blog","description":"ego cogito, ergo sum","publisher":{"@id":"https:\/\/hoerske.de\/blog\/#\/schema\/person\/20677cf2167fc7027b752c3bba78d5fc"},"potentialAction":[{"@type":"SearchAction","target":{"@type":"EntryPoint","urlTemplate":"https:\/\/hoerske.de\/blog\/?s={search_term_string}"},"query-input":{"@type":"PropertyValueSpecification","valueRequired":true,"valueName":"search_term_string"}}],"inLanguage":"de"},{"@type":["Person","Organization"],"@id":"https:\/\/hoerske.de\/blog\/#\/schema\/person\/20677cf2167fc7027b752c3bba78d5fc","name":"Timo H\u00f6rske","image":{"@type":"ImageObject","inLanguage":"de","@id":"https:\/\/i0.wp.com\/hoerske.de\/blog\/wp-content\/uploads\/2023\/01\/16711213967602.jpg?fit=1024%2C954&ssl=1","url":"https:\/\/i0.wp.com\/hoerske.de\/blog\/wp-content\/uploads\/2023\/01\/16711213967602.jpg?fit=1024%2C954&ssl=1","contentUrl":"https:\/\/i0.wp.com\/hoerske.de\/blog\/wp-content\/uploads\/2023\/01\/16711213967602.jpg?fit=1024%2C954&ssl=1","width":1024,"height":954,"caption":"Timo H\u00f6rske"},"logo":{"@id":"https:\/\/i0.wp.com\/hoerske.de\/blog\/wp-content\/uploads\/2023\/01\/16711213967602.jpg?fit=1024%2C954&ssl=1"},"description":"Jahrgang 1985, als \"Ossi\" geboren, im beschaulichen Premnitz an der Havel aufgewachsen. Natur- und Kunstliebhaber. Seit \u00fcber 10 Jahren Wahlbremerhavener, K\u00fcsten- und Windfan. So ziemlich an Allem interessiert. Schwerpunkte sind aber eindeutig Politik, Gesellschaft, Rechtswesen, Natur, Imkerei und Technik. Rotes Parteibuch, Mitglied des Jugendhilfeausschusses der Stadt Bremerhaven, Vorsitzender eines Kleing\u00e4rtnervereins, Fachberater f\u00fcr das Kleingartenwesen, Verbandschef der Bremerhavener Kleing\u00e4rtner*innen. Hobbyimker, Freizeitblogger, Techniknerd.","sameAs":["https:\/\/www.hoerske.de\/","https:\/\/www.facebook.com\/timo.hoerske","https:\/\/www.instagram.com\/thoerske\/","https:\/\/x.com\/timo_hoerske"],"url":"https:\/\/hoerske.de\/blog\/author\/roter_admin\/"}]}},"jetpack_publicize_connections":[],"jetpack_featured_media_url":"https:\/\/i0.wp.com\/hoerske.de\/blog\/wp-content\/uploads\/2015\/07\/20150619_1315591-e1436878481362.jpg?fit=1836%2C3263&ssl=1","jetpack_shortlink":"https:\/\/wp.me\/p4W3ht-7e","jetpack_sharing_enabled":true,"_links":{"self":[{"href":"https:\/\/hoerske.de\/blog\/wp-json\/wp\/v2\/posts\/448","targetHints":{"allow":["GET"]}}],"collection":[{"href":"https:\/\/hoerske.de\/blog\/wp-json\/wp\/v2\/posts"}],"about":[{"href":"https:\/\/hoerske.de\/blog\/wp-json\/wp\/v2\/types\/post"}],"author":[{"embeddable":true,"href":"https:\/\/hoerske.de\/blog\/wp-json\/wp\/v2\/users\/1"}],"replies":[{"embeddable":true,"href":"https:\/\/hoerske.de\/blog\/wp-json\/wp\/v2\/comments?post=448"}],"version-history":[{"count":0,"href":"https:\/\/hoerske.de\/blog\/wp-json\/wp\/v2\/posts\/448\/revisions"}],"wp:featuredmedia":[{"embeddable":true,"href":"https:\/\/hoerske.de\/blog\/wp-json\/wp\/v2\/media\/449"}],"wp:attachment":[{"href":"https:\/\/hoerske.de\/blog\/wp-json\/wp\/v2\/media?parent=448"}],"wp:term":[{"taxonomy":"category","embeddable":true,"href":"https:\/\/hoerske.de\/blog\/wp-json\/wp\/v2\/categories?post=448"},{"taxonomy":"post_tag","embeddable":true,"href":"https:\/\/hoerske.de\/blog\/wp-json\/wp\/v2\/tags?post=448"}],"curies":[{"name":"wp","href":"https:\/\/api.w.org\/{rel}","templated":true}]}}