{"id":425,"date":"2015-07-09T09:51:31","date_gmt":"2015-07-09T07:51:31","guid":{"rendered":"https:\/\/www.hoerske.de\/?p=425"},"modified":"2015-10-27T17:00:10","modified_gmt":"2015-10-27T15:00:10","slug":"griechenland-krise-was-heisst-was","status":"publish","type":"post","link":"https:\/\/hoerske.de\/blog\/2015\/07\/griechenland-krise-was-heisst-was\/","title":{"rendered":"Griechenland Krise &#8211; Was hei\u00dft was?"},"content":{"rendered":"<p>Die Krise in Griechenland l\u00e4sst uns seit Monaten in der Medialen Berichterstattung nicht zur Ruhe kommen. Heute morgen beim Nachrichten schauen ist mir wiedermal aufgefallen, dass selbst die Moderatoren\/ Nachrichtensprecher im \u00f6ffentlich-rechtlichen Fernsehen starke Probleme mit den eigentlichen Begrifflichkeiten haben.<\/p>\n<p>Ich will mal versuchen ein bisschen Licht ins Dickicht zubringen:<\/p>\n<p><!--more--><\/p>\n<blockquote>\n<h3>Schuldenschnitt &#8211; Schuldenerlass<\/h3>\n<p>Ein Schuldenschnitt nach deutscher Rechtslage sind Vertr\u00e4ge zwischen Gl\u00e4ubiger und Schuldner, die ein Darlehen nach \u00a7 488 BGB in Alternative zur R\u00fcckzahlung aufheben k\u00f6nnen. Solche Vertr\u00e4ge werden auch Erlassvertrag genannt und sind u.a. im \u00a7 397 Abs. 1 BGB geregelt. Im Schuldenerlass verzichtet der Gl\u00e4ubiger auf seinen Anspruch gegen\u00fcber dem Schuldner. Dieser Verzicht kann, muss aber nicht an Gegenleistungen gekn\u00fcpft sein. (( siehe auch Seite \u201eSchuldenerlass\u201c. In: Wikipedia, Die freie Enzyklop\u00e4die. Bearbeitungsstand: 7. Juli 2015, 14:46 UTC. URL: <a class=\"external free\" href=\"https:\/\/de.wikipedia.org\/w\/index.php?title=Schuldenerlass&amp;oldid=143819303\">https:\/\/de.wikipedia.org\/w\/index.php?title=Schuldenerlass&amp;oldid=143819303<\/a> (Abgerufen: 9. Juli 2015, 07:20 UTC) ))<\/p><\/blockquote>\n<p>Im Zusammenhang mit dem Schuldenschnitt|Schuldenerlass kommt auch immer der GREXIT ins Spiel. Der Austritt Griechenlands aus der EURO Zone hei\u00dft nicht zwangsl\u00e4ufig auch, dass Griechenland nicht mehr Mitglied der Europ\u00e4ischen Union ist sondern eben nur, dass dort nicht mehr mit dem Euro gezahlt werden k\u00f6nnte. Klingt erstmal nicht weiter dramatisch. ABER ein R\u00fcckkehr zur Drachme geht nur \u00fcber eine Abwicklung Griechenlands, da dessen Verbindlichkeiten (Schulden) die Summe seiner Forderungen (Anspr\u00fcche, Einnahmen) bei weitem \u00fcbersteigt. Griechenland w\u00fcrde den Staatsbankrott erkl\u00e4ren m\u00fcssen, dies entspr\u00e4che einem Schuldenerlass zu 100%. Die Eurostaaten w\u00fcrden die Gelden aus den Rettungsfonds etc. nie wieder sehen. Der Deutsche Haushalt w\u00fcrde beispielsweise \u00fcber Jahre mit Ausst\u00e4nden von etwa 72 Millarden zu k\u00e4mpfen haben.<\/p>\n<p>Daher wird auch die Alternative eines weiteren Rettungsprogrammes diskutiert, zusammen mit einer Investition zur Wirtschaftsankurbelung und daraus resultierenden Einnahmengewinnen. Ein weiterer Begriff taucht in dieser Alternative aber auch auf:<\/p>\n<blockquote>\n<h3>Umschuldung<\/h3>\n<p>Bei einer Umschuldung m\u00fcssen bestehende Schuldverh\u00e4ltnisse ver\u00e4ndert werden, ohne dass es im Zuge dessen zu einer Verminderung des betroffenen Schuldenbetrags kommen muss. Die Ver\u00e4nderung kann in der Verringerung der bestehenden Zins- und\/oder Tilgungslasten bestehen, um den Schuldner von einer zu hohen Aufwands- (Zinslast) und\/oder Liquidit\u00e4tsbelastung (Tilgungslast) zu befreien, die zur Zahlungsunf\u00e4higkeit oder \u00dcberschuldung f\u00fchren kann. Umschuldung dient also der Verringerung der R\u00fcckzahlungsbelastungen, um die unternehmerischen oder staatlichen Handlungsspielr\u00e4ume zu verbessern bzw. die private \u00dcberschuldung zu verhindern. Um diesen Zustand zu erreichen, ist es allerdings nicht selten vonn\u00f6ten, auch die H\u00f6he des Schuldenbetrags im Rahmen eines neuen Schuldverh\u00e4ltnisses aufzustocken, um proportional auch die Laufzeit der Schuld sowie Tilgungslast zu senken. Umschuldungsma\u00dfnahmen stellen einen Teil der externen Sanierung dar, weil au\u00dfenstehende Gl\u00e4ubiger eingeschaltet werden m\u00fcssen und eingetretene Fehlentwicklungen beseitigt werden sollen.<\/p>\n<p>&nbsp;<\/p>\n<p>War die Umschuldung bisher prim\u00e4r ein Thema bei Unternehmen und Privatpersonen, so r\u00fcckt auch sp\u00e4testens seit dem Zahlungsmoratorium Mexikos im August 1982 die Umschuldung bei hochverschuldeten Staaten in den Vordergrund.<\/p>\n<p>&nbsp;<\/p>\n<p>Sofern Staaten in eine Staatskrise geraten, die durch exzessive Verschuldung verursacht wurde, kommt auch eine Umschuldung der Auslandsschulden eines Staates in Betracht. Zuweilen wird hierf\u00fcr auch der Begriff Restrukturierung verwendet. Hierzu gibt es Kennzahlen, die eine Staatskrise anzeigen. Die Schuldentragf\u00e4higkeit eines Staates ist gef\u00e4hrdet, wenn die Auslandsschulden \u00fcber 150\u00a0% der j\u00e4hrlichen Exporterl\u00f6se oder mehr als 250\u00a0% der Staatseinnahmen ausmachen. Ma\u00dfstab bilden auch die Kennzahlen, die als EU-Konvergenzkriterien bekannt sind. Hiernach darf die Staatsverschuldung nicht mehr als 60\u00a0% und die Nettoneuverschuldung nicht mehr als 3\u00a0% des Bruttoinlandsprodukts betragen (Art.\u00a0126AEUV). Kritisch ist die Situation auch, wenn der Zins- und Tilgungsdienst 20\u00a0% bis 25\u00a0% der dauerhaft erzielbaren Exporterl\u00f6se \u00fcberschreitet. Die Quote aus Schulden\/Export bezieht sich auf Schulden im Z\u00e4hler und Exporteinnahmen im Nenner. Wenn Exporteinnahmen keine gro\u00dfe Wachstumsdynamik zeigen oder gar fallen und der Schuldenstand gleichbleibt, sinkt die Schuldentragf\u00e4higkeit. Das Wirtschaftswachstum einiger hochverschuldeter Staaten, insbesondere deren Exporterl\u00f6se, werden nicht ausreichen, um gen\u00fcgend Devisen f\u00fcr die Aufrechterhaltung des Schuldendienstes (Kreditzinsen und Tilgung) zu erwirtschaften. F\u00fcr den Schuldendienst eines Staates stehen Zentralbankguthaben, Steuereinnahmen oder laufende Exporterl\u00f6se zur Verf\u00fcgung. Reichen diese Quellen nicht mehr aus, kann es zur Zahlungsunf\u00e4higkeit kommen.<\/p>\n<p>&nbsp;<\/p>\n<p>Umschuldungen auf Staatsebene werden meist von internationalen Organisationen und Institutionen wie Internationalem W\u00e4hrungsfonds, Weltbank oder Pariser Club koordiniert und begleitet. Diese Organisationen und die Gl\u00e4ubigerstaaten erlassen Bedingungen und Auflagen, die an die Umschuldungsma\u00dfnahmen gekn\u00fcpft werden, um einen wirtschaftlichen Gesundungsprozess der Schuldnerstaaten zu gew\u00e4hrleisten. Sind privatwirtschaftliche Unternehmen und Kreditinstitute die Gl\u00e4ubiger von Staatsschulden, erfolgen Verhandlungen \u00fcber die Umschuldung im Londoner Club. ((Seite \u201eUmschuldung\u201c. In: Wikipedia, Die freie Enzyklop\u00e4die. Bearbeitungsstand: 6. Juli 2015, 20:32 UTC. URL: <a class=\"external free\" href=\"https:\/\/de.wikipedia.org\/w\/index.php?title=Umschuldung&amp;oldid=143119123\">https:\/\/de.wikipedia.org\/w\/index.php?title=Umschuldung&amp;oldid=143119123<\/a> (Abgerufen: 9. Juli 2015, 07:34 UTC) ))<\/p><\/blockquote>\n<figure id=\"attachment_429\" aria-describedby=\"caption-attachment-429\" style=\"width: 266px\" class=\"wp-caption alignleft\"><a href=\"https:\/\/i0.wp.com\/www.hoerske.de\/blog\/wp-content\/uploads\/2015\/07\/617550_web_R_K_by_Isabella-Pechlivanis_pixelio.de_.jpg?ssl=1\"><img data-recalc-dims=\"1\" loading=\"lazy\" decoding=\"async\" class=\"size-full wp-image-429\" src=\"https:\/\/i0.wp.com\/www.hoerske.de\/blog\/wp-content\/uploads\/2015\/07\/617550_web_R_K_by_Isabella-Pechlivanis_pixelio.de_.jpg?resize=266%2C400&#038;ssl=1\" alt=\"Isabella Pechlivanis  \/ pixelio.de\" width=\"266\" height=\"400\" srcset=\"https:\/\/i0.wp.com\/hoerske.de\/blog\/wp-content\/uploads\/2015\/07\/617550_web_R_K_by_Isabella-Pechlivanis_pixelio.de_.jpg?w=266&amp;ssl=1 266w, https:\/\/i0.wp.com\/hoerske.de\/blog\/wp-content\/uploads\/2015\/07\/617550_web_R_K_by_Isabella-Pechlivanis_pixelio.de_.jpg?resize=200%2C300&amp;ssl=1 200w\" sizes=\"auto, (max-width: 266px) 100vw, 266px\" \/><\/a><figcaption id=\"caption-attachment-429\" class=\"wp-caption-text\">Akropolis (Athen) &#8211; Foto: Isabella Pechlivanis \/ <a href=\"http:\/\/www.pixelio.de\">pixelio.de<\/a><\/figcaption><\/figure>\n<p>Die Frage ist nun welches Konstrukt aus den zahlreichen M\u00f6glichkeiten kann Griechenland wirklich helfen.<\/p>\n<p>Die Spar- und Reformma\u00dfnahmen der letzten Jahren haben die Situation in Griechenland eher verschlechtert als verbessert. Doch wo liegen die Gr\u00fcnde: Sind die Auflagen der &#8220;Troika&#8221; zu hart? Bem\u00fchen sich die Regierungen in Griechenland zu wenig? Ich pers\u00f6nlich denke, dass es weder das eine noch das Andere alleine ist. Dieser schwarz\/wei\u00df Debatte alla Bildzeitung will ich mir nicht antun.<\/p>\n<p>F\u00fcr Griechenland hilft es aus meiner Sicht nur a) zu schauen warum ist die Finanzlage in Griechenland so schlecht, b) welche Reformen sind wirklich notwendig (eine funktionierende Fiskalverwaltung ist definitiv wichtig), c) sind die bisherigen Steuerstrukturen in Griechenland angemessen und zeitgem\u00e4\u00df?<\/p>\n<p>Dies kann Griechenland aber nur wenn die Regierung in Athen einen Ver\u00e4nderungswillen zeigt und dann auch die Zeit bekommt diese Ver\u00e4nderungen umzusetzen. Zeit ist Geld sagt man und im Falle von Griechenland kostet diese Zeit wirklich viel Geld.<\/p>\n<p>Ich hoffe einfach, dass die gegenseitigen Vorw\u00fcrfe aufh\u00f6ren und man ernsthaft versucht gemeinsam eine L\u00f6sung zu finden. Denn f\u00fcr mich ist Europa auch eine Gemeinschaft wo die Starken den Schwachen helfen.<\/p>\n<p>&nbsp;<\/p>\n","protected":false},"excerpt":{"rendered":"<p>Die Krise in Griechenland l\u00e4sst uns seit Monaten in der Medialen Berichterstattung nicht zur Ruhe kommen. Heute morgen beim Nachrichten schauen ist mir wiedermal aufgefallen, dass selbst die Moderatoren\/ Nachrichtensprecher im \u00f6ffentlich-rechtlichen Fernsehen starke Probleme mit den eigentlichen Begrifflichkeiten haben. Ich will mal versuchen ein bisschen Licht ins Dickicht zubringen:<\/p>\n","protected":false},"author":1,"featured_media":181,"comment_status":"open","ping_status":"open","sticky":false,"template":"","format":"standard","meta":{"jetpack_post_was_ever_published":false,"_jetpack_newsletter_access":"","_jetpack_dont_email_post_to_subs":false,"_jetpack_newsletter_tier_id":0,"_jetpack_memberships_contains_paywalled_content":false,"_jetpack_memberships_contains_paid_content":false,"footnotes":"","jetpack_publicize_message":"","jetpack_publicize_feature_enabled":true,"jetpack_social_post_already_shared":true,"jetpack_social_options":{"image_generator_settings":{"template":"highway","default_image_id":0,"font":"","enabled":false},"version":2},"_wpas_customize_per_network":false},"categories":[43,177],"tags":[51,125,126],"class_list":["post-425","post","type-post","status-publish","format-standard","has-post-thumbnail","hentry","category-jahr","category-politik","tag-grexit","tag-schuldenschnitt","tag-umschuldung"],"yoast_head":"<!-- This site is optimized with the Yoast SEO Premium plugin v27.3 (Yoast SEO v27.3) - https:\/\/yoast.com\/product\/yoast-seo-premium-wordpress\/ -->\n<title>Griechenland Krise - Was hei\u00dft was? - Timos Paper<\/title>\n<meta name=\"description\" content=\"Griechenland l\u00e4sst uns seit Monaten in der Medialen Berichterstattung nicht zur Ruhe kommen.\" \/>\n<meta name=\"robots\" content=\"index, follow, max-snippet:-1, max-image-preview:large, max-video-preview:-1\" \/>\n<link rel=\"canonical\" href=\"https:\/\/hoerske.de\/blog\/2015\/07\/griechenland-krise-was-heisst-was\/\" \/>\n<meta property=\"og:locale\" content=\"de_DE\" \/>\n<meta property=\"og:type\" content=\"article\" \/>\n<meta property=\"og:title\" content=\"Griechenland Krise - Was hei\u00dft was?\" \/>\n<meta property=\"og:description\" content=\"Griechenland l\u00e4sst uns seit Monaten in der Medialen Berichterstattung nicht zur Ruhe kommen.\" \/>\n<meta property=\"og:url\" content=\"https:\/\/hoerske.de\/blog\/2015\/07\/griechenland-krise-was-heisst-was\/\" \/>\n<meta property=\"og:site_name\" content=\"Timos Paper\" \/>\n<meta property=\"article:publisher\" content=\"https:\/\/www.facebook.com\/timo.hoerske\" \/>\n<meta property=\"article:author\" content=\"https:\/\/www.facebook.com\/timo.hoerske\" \/>\n<meta property=\"article:published_time\" content=\"2015-07-09T07:51:31+00:00\" \/>\n<meta property=\"article:modified_time\" content=\"2015-10-27T15:00:10+00:00\" \/>\n<meta property=\"og:image\" content=\"https:\/\/i0.wp.com\/blog.hoerske.de\/wp-content\/uploads\/2015\/02\/schwarzenull.jpg?fit=200%2C200\" \/>\n\t<meta property=\"og:image:width\" content=\"200\" \/>\n\t<meta property=\"og:image:height\" content=\"200\" \/>\n\t<meta property=\"og:image:type\" content=\"image\/jpeg\" \/>\n<meta name=\"author\" content=\"Timo H\u00f6rske\" \/>\n<meta name=\"twitter:card\" content=\"summary_large_image\" \/>\n<meta name=\"twitter:creator\" content=\"@timo_hoerske\" \/>\n<meta name=\"twitter:site\" content=\"@timo_hoerske\" \/>\n<meta name=\"twitter:label1\" content=\"Verfasst von\" \/>\n\t<meta name=\"twitter:data1\" content=\"Timo H\u00f6rske\" \/>\n\t<meta name=\"twitter:label2\" content=\"Gesch\u00e4tzte Lesezeit\" \/>\n\t<meta name=\"twitter:data2\" content=\"5\u00a0Minuten\" \/>\n<script type=\"application\/ld+json\" class=\"yoast-schema-graph\">{\"@context\":\"https:\\\/\\\/schema.org\",\"@graph\":[{\"@type\":\"Article\",\"@id\":\"https:\\\/\\\/hoerske.de\\\/blog\\\/2015\\\/07\\\/griechenland-krise-was-heisst-was\\\/#article\",\"isPartOf\":{\"@id\":\"https:\\\/\\\/hoerske.de\\\/blog\\\/2015\\\/07\\\/griechenland-krise-was-heisst-was\\\/\"},\"author\":{\"name\":\"Timo H\u00f6rske\",\"@id\":\"https:\\\/\\\/hoerske.de\\\/blog\\\/#\\\/schema\\\/person\\\/20677cf2167fc7027b752c3bba78d5fc\"},\"headline\":\"Griechenland Krise &#8211; Was hei\u00dft was?\",\"datePublished\":\"2015-07-09T07:51:31+00:00\",\"dateModified\":\"2015-10-27T15:00:10+00:00\",\"mainEntityOfPage\":{\"@id\":\"https:\\\/\\\/hoerske.de\\\/blog\\\/2015\\\/07\\\/griechenland-krise-was-heisst-was\\\/\"},\"wordCount\":994,\"commentCount\":0,\"publisher\":{\"@id\":\"https:\\\/\\\/hoerske.de\\\/blog\\\/#\\\/schema\\\/person\\\/20677cf2167fc7027b752c3bba78d5fc\"},\"image\":{\"@id\":\"https:\\\/\\\/hoerske.de\\\/blog\\\/2015\\\/07\\\/griechenland-krise-was-heisst-was\\\/#primaryimage\"},\"thumbnailUrl\":\"https:\\\/\\\/i0.wp.com\\\/hoerske.de\\\/blog\\\/wp-content\\\/uploads\\\/2015\\\/02\\\/schwarzenull.jpg?fit=200%2C200&ssl=1\",\"keywords\":[\"GREXIT\",\"Schuldenschnitt\",\"Umschuldung\"],\"articleSection\":[\"Jahr\",\"Politik\"],\"inLanguage\":\"de\",\"potentialAction\":[{\"@type\":\"CommentAction\",\"name\":\"Comment\",\"target\":[\"https:\\\/\\\/hoerske.de\\\/blog\\\/2015\\\/07\\\/griechenland-krise-was-heisst-was\\\/#respond\"]}]},{\"@type\":\"WebPage\",\"@id\":\"https:\\\/\\\/hoerske.de\\\/blog\\\/2015\\\/07\\\/griechenland-krise-was-heisst-was\\\/\",\"url\":\"https:\\\/\\\/hoerske.de\\\/blog\\\/2015\\\/07\\\/griechenland-krise-was-heisst-was\\\/\",\"name\":\"Griechenland Krise - Was hei\u00dft was? - Timos Paper\",\"isPartOf\":{\"@id\":\"https:\\\/\\\/hoerske.de\\\/blog\\\/#website\"},\"primaryImageOfPage\":{\"@id\":\"https:\\\/\\\/hoerske.de\\\/blog\\\/2015\\\/07\\\/griechenland-krise-was-heisst-was\\\/#primaryimage\"},\"image\":{\"@id\":\"https:\\\/\\\/hoerske.de\\\/blog\\\/2015\\\/07\\\/griechenland-krise-was-heisst-was\\\/#primaryimage\"},\"thumbnailUrl\":\"https:\\\/\\\/i0.wp.com\\\/hoerske.de\\\/blog\\\/wp-content\\\/uploads\\\/2015\\\/02\\\/schwarzenull.jpg?fit=200%2C200&ssl=1\",\"datePublished\":\"2015-07-09T07:51:31+00:00\",\"dateModified\":\"2015-10-27T15:00:10+00:00\",\"description\":\"Griechenland l\u00e4sst uns seit Monaten in der Medialen Berichterstattung nicht zur Ruhe kommen.\",\"breadcrumb\":{\"@id\":\"https:\\\/\\\/hoerske.de\\\/blog\\\/2015\\\/07\\\/griechenland-krise-was-heisst-was\\\/#breadcrumb\"},\"inLanguage\":\"de\",\"potentialAction\":[{\"@type\":\"ReadAction\",\"target\":[\"https:\\\/\\\/hoerske.de\\\/blog\\\/2015\\\/07\\\/griechenland-krise-was-heisst-was\\\/\"]}]},{\"@type\":\"ImageObject\",\"inLanguage\":\"de\",\"@id\":\"https:\\\/\\\/hoerske.de\\\/blog\\\/2015\\\/07\\\/griechenland-krise-was-heisst-was\\\/#primaryimage\",\"url\":\"https:\\\/\\\/i0.wp.com\\\/hoerske.de\\\/blog\\\/wp-content\\\/uploads\\\/2015\\\/02\\\/schwarzenull.jpg?fit=200%2C200&ssl=1\",\"contentUrl\":\"https:\\\/\\\/i0.wp.com\\\/hoerske.de\\\/blog\\\/wp-content\\\/uploads\\\/2015\\\/02\\\/schwarzenull.jpg?fit=200%2C200&ssl=1\",\"width\":200,\"height\":200},{\"@type\":\"BreadcrumbList\",\"@id\":\"https:\\\/\\\/hoerske.de\\\/blog\\\/2015\\\/07\\\/griechenland-krise-was-heisst-was\\\/#breadcrumb\",\"itemListElement\":[{\"@type\":\"ListItem\",\"position\":1,\"name\":\"Startseite\",\"item\":\"https:\\\/\\\/hoerske.de\\\/blog\\\/\"},{\"@type\":\"ListItem\",\"position\":2,\"name\":\"Griechenland Krise &#8211; Was hei\u00dft was?\"}]},{\"@type\":\"WebSite\",\"@id\":\"https:\\\/\\\/hoerske.de\\\/blog\\\/#website\",\"url\":\"https:\\\/\\\/hoerske.de\\\/blog\\\/\",\"name\":\"Timos Blog\",\"description\":\"ego cogito, ergo sum\",\"publisher\":{\"@id\":\"https:\\\/\\\/hoerske.de\\\/blog\\\/#\\\/schema\\\/person\\\/20677cf2167fc7027b752c3bba78d5fc\"},\"potentialAction\":[{\"@type\":\"SearchAction\",\"target\":{\"@type\":\"EntryPoint\",\"urlTemplate\":\"https:\\\/\\\/hoerske.de\\\/blog\\\/?s={search_term_string}\"},\"query-input\":{\"@type\":\"PropertyValueSpecification\",\"valueRequired\":true,\"valueName\":\"search_term_string\"}}],\"inLanguage\":\"de\"},{\"@type\":[\"Person\",\"Organization\"],\"@id\":\"https:\\\/\\\/hoerske.de\\\/blog\\\/#\\\/schema\\\/person\\\/20677cf2167fc7027b752c3bba78d5fc\",\"name\":\"Timo H\u00f6rske\",\"image\":{\"@type\":\"ImageObject\",\"inLanguage\":\"de\",\"@id\":\"https:\\\/\\\/i0.wp.com\\\/hoerske.de\\\/blog\\\/wp-content\\\/uploads\\\/2023\\\/01\\\/16711213967602.jpg?fit=1024%2C954&ssl=1\",\"url\":\"https:\\\/\\\/i0.wp.com\\\/hoerske.de\\\/blog\\\/wp-content\\\/uploads\\\/2023\\\/01\\\/16711213967602.jpg?fit=1024%2C954&ssl=1\",\"contentUrl\":\"https:\\\/\\\/i0.wp.com\\\/hoerske.de\\\/blog\\\/wp-content\\\/uploads\\\/2023\\\/01\\\/16711213967602.jpg?fit=1024%2C954&ssl=1\",\"width\":1024,\"height\":954,\"caption\":\"Timo H\u00f6rske\"},\"logo\":{\"@id\":\"https:\\\/\\\/i0.wp.com\\\/hoerske.de\\\/blog\\\/wp-content\\\/uploads\\\/2023\\\/01\\\/16711213967602.jpg?fit=1024%2C954&ssl=1\"},\"description\":\"Jahrgang 1985, als \\\"Ossi\\\" geboren, im beschaulichen Premnitz an der Havel aufgewachsen. Natur- und Kunstliebhaber. Seit \u00fcber 10 Jahren Wahlbremerhavener, K\u00fcsten- und Windfan. So ziemlich an Allem interessiert. Schwerpunkte sind aber eindeutig Politik, Gesellschaft, Rechtswesen, Natur, Imkerei und Technik. Rotes Parteibuch, Mitglied des Jugendhilfeausschusses der Stadt Bremerhaven, Vorsitzender eines Kleing\u00e4rtnervereins, Fachberater f\u00fcr das Kleingartenwesen, Verbandschef der Bremerhavener Kleing\u00e4rtner*innen. Hobbyimker, Freizeitblogger, Techniknerd.\",\"sameAs\":[\"https:\\\/\\\/www.hoerske.de\\\/\",\"https:\\\/\\\/www.facebook.com\\\/timo.hoerske\",\"https:\\\/\\\/www.instagram.com\\\/thoerske\\\/\",\"https:\\\/\\\/x.com\\\/timo_hoerske\"],\"url\":\"https:\\\/\\\/hoerske.de\\\/blog\\\/author\\\/roter_admin\\\/\"}]}<\/script>\n<!-- \/ Yoast SEO Premium plugin. -->","yoast_head_json":{"title":"Griechenland Krise - Was hei\u00dft was? - Timos Paper","description":"Griechenland l\u00e4sst uns seit Monaten in der Medialen Berichterstattung nicht zur Ruhe kommen.","robots":{"index":"index","follow":"follow","max-snippet":"max-snippet:-1","max-image-preview":"max-image-preview:large","max-video-preview":"max-video-preview:-1"},"canonical":"https:\/\/hoerske.de\/blog\/2015\/07\/griechenland-krise-was-heisst-was\/","og_locale":"de_DE","og_type":"article","og_title":"Griechenland Krise - Was hei\u00dft was?","og_description":"Griechenland l\u00e4sst uns seit Monaten in der Medialen Berichterstattung nicht zur Ruhe kommen.","og_url":"https:\/\/hoerske.de\/blog\/2015\/07\/griechenland-krise-was-heisst-was\/","og_site_name":"Timos Paper","article_publisher":"https:\/\/www.facebook.com\/timo.hoerske","article_author":"https:\/\/www.facebook.com\/timo.hoerske","article_published_time":"2015-07-09T07:51:31+00:00","article_modified_time":"2015-10-27T15:00:10+00:00","og_image":[{"width":200,"height":200,"url":"https:\/\/i0.wp.com\/blog.hoerske.de\/wp-content\/uploads\/2015\/02\/schwarzenull.jpg?fit=200%2C200","type":"image\/jpeg"}],"author":"Timo H\u00f6rske","twitter_card":"summary_large_image","twitter_creator":"@timo_hoerske","twitter_site":"@timo_hoerske","twitter_misc":{"Verfasst von":"Timo H\u00f6rske","Gesch\u00e4tzte Lesezeit":"5\u00a0Minuten"},"schema":{"@context":"https:\/\/schema.org","@graph":[{"@type":"Article","@id":"https:\/\/hoerske.de\/blog\/2015\/07\/griechenland-krise-was-heisst-was\/#article","isPartOf":{"@id":"https:\/\/hoerske.de\/blog\/2015\/07\/griechenland-krise-was-heisst-was\/"},"author":{"name":"Timo H\u00f6rske","@id":"https:\/\/hoerske.de\/blog\/#\/schema\/person\/20677cf2167fc7027b752c3bba78d5fc"},"headline":"Griechenland Krise &#8211; Was hei\u00dft was?","datePublished":"2015-07-09T07:51:31+00:00","dateModified":"2015-10-27T15:00:10+00:00","mainEntityOfPage":{"@id":"https:\/\/hoerske.de\/blog\/2015\/07\/griechenland-krise-was-heisst-was\/"},"wordCount":994,"commentCount":0,"publisher":{"@id":"https:\/\/hoerske.de\/blog\/#\/schema\/person\/20677cf2167fc7027b752c3bba78d5fc"},"image":{"@id":"https:\/\/hoerske.de\/blog\/2015\/07\/griechenland-krise-was-heisst-was\/#primaryimage"},"thumbnailUrl":"https:\/\/i0.wp.com\/hoerske.de\/blog\/wp-content\/uploads\/2015\/02\/schwarzenull.jpg?fit=200%2C200&ssl=1","keywords":["GREXIT","Schuldenschnitt","Umschuldung"],"articleSection":["Jahr","Politik"],"inLanguage":"de","potentialAction":[{"@type":"CommentAction","name":"Comment","target":["https:\/\/hoerske.de\/blog\/2015\/07\/griechenland-krise-was-heisst-was\/#respond"]}]},{"@type":"WebPage","@id":"https:\/\/hoerske.de\/blog\/2015\/07\/griechenland-krise-was-heisst-was\/","url":"https:\/\/hoerske.de\/blog\/2015\/07\/griechenland-krise-was-heisst-was\/","name":"Griechenland Krise - Was hei\u00dft was? - Timos Paper","isPartOf":{"@id":"https:\/\/hoerske.de\/blog\/#website"},"primaryImageOfPage":{"@id":"https:\/\/hoerske.de\/blog\/2015\/07\/griechenland-krise-was-heisst-was\/#primaryimage"},"image":{"@id":"https:\/\/hoerske.de\/blog\/2015\/07\/griechenland-krise-was-heisst-was\/#primaryimage"},"thumbnailUrl":"https:\/\/i0.wp.com\/hoerske.de\/blog\/wp-content\/uploads\/2015\/02\/schwarzenull.jpg?fit=200%2C200&ssl=1","datePublished":"2015-07-09T07:51:31+00:00","dateModified":"2015-10-27T15:00:10+00:00","description":"Griechenland l\u00e4sst uns seit Monaten in der Medialen Berichterstattung nicht zur Ruhe kommen.","breadcrumb":{"@id":"https:\/\/hoerske.de\/blog\/2015\/07\/griechenland-krise-was-heisst-was\/#breadcrumb"},"inLanguage":"de","potentialAction":[{"@type":"ReadAction","target":["https:\/\/hoerske.de\/blog\/2015\/07\/griechenland-krise-was-heisst-was\/"]}]},{"@type":"ImageObject","inLanguage":"de","@id":"https:\/\/hoerske.de\/blog\/2015\/07\/griechenland-krise-was-heisst-was\/#primaryimage","url":"https:\/\/i0.wp.com\/hoerske.de\/blog\/wp-content\/uploads\/2015\/02\/schwarzenull.jpg?fit=200%2C200&ssl=1","contentUrl":"https:\/\/i0.wp.com\/hoerske.de\/blog\/wp-content\/uploads\/2015\/02\/schwarzenull.jpg?fit=200%2C200&ssl=1","width":200,"height":200},{"@type":"BreadcrumbList","@id":"https:\/\/hoerske.de\/blog\/2015\/07\/griechenland-krise-was-heisst-was\/#breadcrumb","itemListElement":[{"@type":"ListItem","position":1,"name":"Startseite","item":"https:\/\/hoerske.de\/blog\/"},{"@type":"ListItem","position":2,"name":"Griechenland Krise &#8211; Was hei\u00dft was?"}]},{"@type":"WebSite","@id":"https:\/\/hoerske.de\/blog\/#website","url":"https:\/\/hoerske.de\/blog\/","name":"Timos Blog","description":"ego cogito, ergo sum","publisher":{"@id":"https:\/\/hoerske.de\/blog\/#\/schema\/person\/20677cf2167fc7027b752c3bba78d5fc"},"potentialAction":[{"@type":"SearchAction","target":{"@type":"EntryPoint","urlTemplate":"https:\/\/hoerske.de\/blog\/?s={search_term_string}"},"query-input":{"@type":"PropertyValueSpecification","valueRequired":true,"valueName":"search_term_string"}}],"inLanguage":"de"},{"@type":["Person","Organization"],"@id":"https:\/\/hoerske.de\/blog\/#\/schema\/person\/20677cf2167fc7027b752c3bba78d5fc","name":"Timo H\u00f6rske","image":{"@type":"ImageObject","inLanguage":"de","@id":"https:\/\/i0.wp.com\/hoerske.de\/blog\/wp-content\/uploads\/2023\/01\/16711213967602.jpg?fit=1024%2C954&ssl=1","url":"https:\/\/i0.wp.com\/hoerske.de\/blog\/wp-content\/uploads\/2023\/01\/16711213967602.jpg?fit=1024%2C954&ssl=1","contentUrl":"https:\/\/i0.wp.com\/hoerske.de\/blog\/wp-content\/uploads\/2023\/01\/16711213967602.jpg?fit=1024%2C954&ssl=1","width":1024,"height":954,"caption":"Timo H\u00f6rske"},"logo":{"@id":"https:\/\/i0.wp.com\/hoerske.de\/blog\/wp-content\/uploads\/2023\/01\/16711213967602.jpg?fit=1024%2C954&ssl=1"},"description":"Jahrgang 1985, als \"Ossi\" geboren, im beschaulichen Premnitz an der Havel aufgewachsen. Natur- und Kunstliebhaber. Seit \u00fcber 10 Jahren Wahlbremerhavener, K\u00fcsten- und Windfan. So ziemlich an Allem interessiert. Schwerpunkte sind aber eindeutig Politik, Gesellschaft, Rechtswesen, Natur, Imkerei und Technik. Rotes Parteibuch, Mitglied des Jugendhilfeausschusses der Stadt Bremerhaven, Vorsitzender eines Kleing\u00e4rtnervereins, Fachberater f\u00fcr das Kleingartenwesen, Verbandschef der Bremerhavener Kleing\u00e4rtner*innen. Hobbyimker, Freizeitblogger, Techniknerd.","sameAs":["https:\/\/www.hoerske.de\/","https:\/\/www.facebook.com\/timo.hoerske","https:\/\/www.instagram.com\/thoerske\/","https:\/\/x.com\/timo_hoerske"],"url":"https:\/\/hoerske.de\/blog\/author\/roter_admin\/"}]}},"jetpack_publicize_connections":[],"jetpack_featured_media_url":"https:\/\/i0.wp.com\/hoerske.de\/blog\/wp-content\/uploads\/2015\/02\/schwarzenull.jpg?fit=200%2C200&ssl=1","jetpack_shortlink":"https:\/\/wp.me\/p4W3ht-6R","jetpack_sharing_enabled":true,"_links":{"self":[{"href":"https:\/\/hoerske.de\/blog\/wp-json\/wp\/v2\/posts\/425","targetHints":{"allow":["GET"]}}],"collection":[{"href":"https:\/\/hoerske.de\/blog\/wp-json\/wp\/v2\/posts"}],"about":[{"href":"https:\/\/hoerske.de\/blog\/wp-json\/wp\/v2\/types\/post"}],"author":[{"embeddable":true,"href":"https:\/\/hoerske.de\/blog\/wp-json\/wp\/v2\/users\/1"}],"replies":[{"embeddable":true,"href":"https:\/\/hoerske.de\/blog\/wp-json\/wp\/v2\/comments?post=425"}],"version-history":[{"count":0,"href":"https:\/\/hoerske.de\/blog\/wp-json\/wp\/v2\/posts\/425\/revisions"}],"wp:featuredmedia":[{"embeddable":true,"href":"https:\/\/hoerske.de\/blog\/wp-json\/wp\/v2\/media\/181"}],"wp:attachment":[{"href":"https:\/\/hoerske.de\/blog\/wp-json\/wp\/v2\/media?parent=425"}],"wp:term":[{"taxonomy":"category","embeddable":true,"href":"https:\/\/hoerske.de\/blog\/wp-json\/wp\/v2\/categories?post=425"},{"taxonomy":"post_tag","embeddable":true,"href":"https:\/\/hoerske.de\/blog\/wp-json\/wp\/v2\/tags?post=425"}],"curies":[{"name":"wp","href":"https:\/\/api.w.org\/{rel}","templated":true}]}}