{"id":389,"date":"2015-06-29T18:05:49","date_gmt":"2015-06-29T16:05:49","guid":{"rendered":"https:\/\/www.hoerske.de\/?p=389"},"modified":"2015-10-27T17:01:20","modified_gmt":"2015-10-27T15:01:20","slug":"raetsel-der-woche-was-fuer-ein-stein-ist-das","status":"publish","type":"post","link":"https:\/\/hoerske.de\/blog\/2015\/06\/raetsel-der-woche-was-fuer-ein-stein-ist-das\/","title":{"rendered":"R\u00e4tsel der Woche: Was f\u00fcr ein Stein ist das?"},"content":{"rendered":"<p>Ich habe mir vorgenommen euch jetzt regelm\u00e4\u00dfig mit kleinen R\u00e4tseln zu versorgen.<\/p>\n<p>Heute geht es mit einem Bild los&#8230; Ich m\u00f6chte gerne von euch wissen um was f\u00fcr einen Stein es sich dabei handelt. In ein paar Tagen gibt es an der gleichen Stelle, dann die Aufl\u00f6sung.<\/p>\n<p>&nbsp;<\/p>\n<p>&nbsp;<\/p>\n<p><a href=\"https:\/\/www.hoerske.de\/blog\/raetsel-der-woche-was-fuer-ein-stein-ist-das\/20150624_164740\/\" rel=\"attachment wp-att-390\"><img data-recalc-dims=\"1\" loading=\"lazy\" decoding=\"async\" class=\"aligncenter size-full wp-image-390\" src=\"https:\/\/i0.wp.com\/www.hoerske.de\/blog\/wp-content\/uploads\/2015\/06\/20150624_164740.jpg?resize=391%2C695&#038;ssl=1\" alt=\"Was ist das?\" width=\"391\" height=\"695\" srcset=\"https:\/\/i0.wp.com\/hoerske.de\/blog\/wp-content\/uploads\/2015\/06\/20150624_164740.jpg?w=391&amp;ssl=1 391w, https:\/\/i0.wp.com\/hoerske.de\/blog\/wp-content\/uploads\/2015\/06\/20150624_164740.jpg?resize=169%2C300&amp;ssl=1 169w\" sizes=\"auto, (max-width: 391px) 100vw, 391px\" \/><\/a><\/p>\n<p>Einige Hinweise gebe ich euch: Dieses Exemplar kommt aus 4.610 Meter Tiefe. Diese Gesteine kann im Wasser wie auch an Land gefunden werden. Die Schattierungen sind keine Wasserflecken \ud83d\ude42<\/p>\n<p>So und nun losgeraten, einfach einen Kommentar hinterlassen zum mitmachen!<\/p>\n","protected":false},"excerpt":{"rendered":"<p>Ich habe mir vorgenommen euch jetzt regelm\u00e4\u00dfig mit kleinen R\u00e4tseln zu versorgen. Heute geht es mit einem Bild los&#8230; Ich m\u00f6chte gerne von euch wissen um was f\u00fcr einen Stein es sich dabei handelt. In ein paar Tagen gibt es an der gleichen Stelle, dann die Aufl\u00f6sung. &nbsp; &nbsp; Einige<\/p>\n","protected":false},"author":1,"featured_media":238,"comment_status":"open","ping_status":"open","sticky":false,"template":"","format":"standard","meta":{"jetpack_post_was_ever_published":false,"_jetpack_newsletter_access":"","_jetpack_dont_email_post_to_subs":false,"_jetpack_newsletter_tier_id":0,"_jetpack_memberships_contains_paywalled_content":false,"_jetpack_memberships_contains_paid_content":false,"footnotes":"","jetpack_publicize_message":"","jetpack_publicize_feature_enabled":true,"jetpack_social_post_already_shared":true,"jetpack_social_options":{"image_generator_settings":{"template":"highway","default_image_id":0,"font":"","enabled":false},"version":2},"_wpas_customize_per_network":false},"categories":[28],"tags":[196,194,197,195],"class_list":["post-389","post","type-post","status-publish","format-standard","has-post-thumbnail","hentry","category-krimskrams","tag-entfernung","tag-geologie","tag-probe","tag-stein"],"yoast_head":"<!-- This site is optimized with the Yoast SEO Premium plugin v27.3 (Yoast SEO v27.3) - https:\/\/yoast.com\/product\/yoast-seo-premium-wordpress\/ -->\n<title>R\u00e4tsel der Woche: Was f\u00fcr ein Stein ist das? - Timos Paper<\/title>\n<meta name=\"robots\" content=\"index, follow, max-snippet:-1, max-image-preview:large, max-video-preview:-1\" \/>\n<link rel=\"canonical\" href=\"https:\/\/hoerske.de\/blog\/2015\/06\/raetsel-der-woche-was-fuer-ein-stein-ist-das\/\" \/>\n<meta property=\"og:locale\" content=\"de_DE\" \/>\n<meta property=\"og:type\" content=\"article\" \/>\n<meta property=\"og:title\" content=\"R\u00e4tsel der Woche: Was f\u00fcr ein Stein ist das?\" \/>\n<meta property=\"og:description\" content=\"Ich habe mir vorgenommen euch jetzt regelm\u00e4\u00dfig mit kleinen R\u00e4tseln zu versorgen. Heute geht es mit einem Bild los&#8230; Ich m\u00f6chte gerne von euch wissen um was f\u00fcr einen Stein es sich dabei handelt. In ein paar Tagen gibt es an der gleichen Stelle, dann die Aufl\u00f6sung. &nbsp; &nbsp; Einige\" \/>\n<meta property=\"og:url\" content=\"https:\/\/hoerske.de\/blog\/2015\/06\/raetsel-der-woche-was-fuer-ein-stein-ist-das\/\" \/>\n<meta property=\"og:site_name\" content=\"Timos Paper\" \/>\n<meta property=\"article:publisher\" content=\"https:\/\/www.facebook.com\/timo.hoerske\" \/>\n<meta property=\"article:author\" content=\"https:\/\/www.facebook.com\/timo.hoerske\" \/>\n<meta property=\"article:published_time\" content=\"2015-06-29T16:05:49+00:00\" \/>\n<meta property=\"article:modified_time\" content=\"2015-10-27T15:01:20+00:00\" \/>\n<meta property=\"og:image\" content=\"https:\/\/i0.wp.com\/blog.hoerske.de\/wp-content\/uploads\/2015\/03\/qrcode.28400269.png?fit=200%2C200\" \/>\n\t<meta property=\"og:image:width\" content=\"200\" \/>\n\t<meta property=\"og:image:height\" content=\"200\" \/>\n\t<meta property=\"og:image:type\" content=\"image\/png\" \/>\n<meta name=\"author\" content=\"Timo H\u00f6rske\" \/>\n<meta name=\"twitter:card\" content=\"summary_large_image\" \/>\n<meta name=\"twitter:creator\" content=\"@timo_hoerske\" \/>\n<meta name=\"twitter:site\" content=\"@timo_hoerske\" \/>\n<meta name=\"twitter:label1\" content=\"Verfasst von\" \/>\n\t<meta name=\"twitter:data1\" content=\"Timo H\u00f6rske\" \/>\n<script type=\"application\/ld+json\" class=\"yoast-schema-graph\">{\"@context\":\"https:\\\/\\\/schema.org\",\"@graph\":[{\"@type\":\"Article\",\"@id\":\"https:\\\/\\\/hoerske.de\\\/blog\\\/2015\\\/06\\\/raetsel-der-woche-was-fuer-ein-stein-ist-das\\\/#article\",\"isPartOf\":{\"@id\":\"https:\\\/\\\/hoerske.de\\\/blog\\\/2015\\\/06\\\/raetsel-der-woche-was-fuer-ein-stein-ist-das\\\/\"},\"author\":{\"name\":\"Timo H\u00f6rske\",\"@id\":\"https:\\\/\\\/hoerske.de\\\/blog\\\/#\\\/schema\\\/person\\\/20677cf2167fc7027b752c3bba78d5fc\"},\"headline\":\"R\u00e4tsel der Woche: Was f\u00fcr ein Stein ist das?\",\"datePublished\":\"2015-06-29T16:05:49+00:00\",\"dateModified\":\"2015-10-27T15:01:20+00:00\",\"mainEntityOfPage\":{\"@id\":\"https:\\\/\\\/hoerske.de\\\/blog\\\/2015\\\/06\\\/raetsel-der-woche-was-fuer-ein-stein-ist-das\\\/\"},\"wordCount\":103,\"commentCount\":0,\"publisher\":{\"@id\":\"https:\\\/\\\/hoerske.de\\\/blog\\\/#\\\/schema\\\/person\\\/20677cf2167fc7027b752c3bba78d5fc\"},\"image\":{\"@id\":\"https:\\\/\\\/hoerske.de\\\/blog\\\/2015\\\/06\\\/raetsel-der-woche-was-fuer-ein-stein-ist-das\\\/#primaryimage\"},\"thumbnailUrl\":\"https:\\\/\\\/i0.wp.com\\\/hoerske.de\\\/blog\\\/wp-content\\\/uploads\\\/2015\\\/03\\\/qrcode.28400269.png?fit=200%2C200&ssl=1\",\"keywords\":[\"Entfernung\",\"Geologie\",\"Probe\",\"Stein\"],\"articleSection\":[\"Krimskrams\"],\"inLanguage\":\"de\",\"potentialAction\":[{\"@type\":\"CommentAction\",\"name\":\"Comment\",\"target\":[\"https:\\\/\\\/hoerske.de\\\/blog\\\/2015\\\/06\\\/raetsel-der-woche-was-fuer-ein-stein-ist-das\\\/#respond\"]}]},{\"@type\":\"WebPage\",\"@id\":\"https:\\\/\\\/hoerske.de\\\/blog\\\/2015\\\/06\\\/raetsel-der-woche-was-fuer-ein-stein-ist-das\\\/\",\"url\":\"https:\\\/\\\/hoerske.de\\\/blog\\\/2015\\\/06\\\/raetsel-der-woche-was-fuer-ein-stein-ist-das\\\/\",\"name\":\"R\u00e4tsel der Woche: Was f\u00fcr ein Stein ist das? - Timos Paper\",\"isPartOf\":{\"@id\":\"https:\\\/\\\/hoerske.de\\\/blog\\\/#website\"},\"primaryImageOfPage\":{\"@id\":\"https:\\\/\\\/hoerske.de\\\/blog\\\/2015\\\/06\\\/raetsel-der-woche-was-fuer-ein-stein-ist-das\\\/#primaryimage\"},\"image\":{\"@id\":\"https:\\\/\\\/hoerske.de\\\/blog\\\/2015\\\/06\\\/raetsel-der-woche-was-fuer-ein-stein-ist-das\\\/#primaryimage\"},\"thumbnailUrl\":\"https:\\\/\\\/i0.wp.com\\\/hoerske.de\\\/blog\\\/wp-content\\\/uploads\\\/2015\\\/03\\\/qrcode.28400269.png?fit=200%2C200&ssl=1\",\"datePublished\":\"2015-06-29T16:05:49+00:00\",\"dateModified\":\"2015-10-27T15:01:20+00:00\",\"breadcrumb\":{\"@id\":\"https:\\\/\\\/hoerske.de\\\/blog\\\/2015\\\/06\\\/raetsel-der-woche-was-fuer-ein-stein-ist-das\\\/#breadcrumb\"},\"inLanguage\":\"de\",\"potentialAction\":[{\"@type\":\"ReadAction\",\"target\":[\"https:\\\/\\\/hoerske.de\\\/blog\\\/2015\\\/06\\\/raetsel-der-woche-was-fuer-ein-stein-ist-das\\\/\"]}]},{\"@type\":\"ImageObject\",\"inLanguage\":\"de\",\"@id\":\"https:\\\/\\\/hoerske.de\\\/blog\\\/2015\\\/06\\\/raetsel-der-woche-was-fuer-ein-stein-ist-das\\\/#primaryimage\",\"url\":\"https:\\\/\\\/i0.wp.com\\\/hoerske.de\\\/blog\\\/wp-content\\\/uploads\\\/2015\\\/03\\\/qrcode.28400269.png?fit=200%2C200&ssl=1\",\"contentUrl\":\"https:\\\/\\\/i0.wp.com\\\/hoerske.de\\\/blog\\\/wp-content\\\/uploads\\\/2015\\\/03\\\/qrcode.28400269.png?fit=200%2C200&ssl=1\",\"width\":200,\"height\":200},{\"@type\":\"BreadcrumbList\",\"@id\":\"https:\\\/\\\/hoerske.de\\\/blog\\\/2015\\\/06\\\/raetsel-der-woche-was-fuer-ein-stein-ist-das\\\/#breadcrumb\",\"itemListElement\":[{\"@type\":\"ListItem\",\"position\":1,\"name\":\"Startseite\",\"item\":\"https:\\\/\\\/hoerske.de\\\/blog\\\/\"},{\"@type\":\"ListItem\",\"position\":2,\"name\":\"R\u00e4tsel der Woche: Was f\u00fcr ein Stein ist das?\"}]},{\"@type\":\"WebSite\",\"@id\":\"https:\\\/\\\/hoerske.de\\\/blog\\\/#website\",\"url\":\"https:\\\/\\\/hoerske.de\\\/blog\\\/\",\"name\":\"Timos Blog\",\"description\":\"ego cogito, ergo sum\",\"publisher\":{\"@id\":\"https:\\\/\\\/hoerske.de\\\/blog\\\/#\\\/schema\\\/person\\\/20677cf2167fc7027b752c3bba78d5fc\"},\"potentialAction\":[{\"@type\":\"SearchAction\",\"target\":{\"@type\":\"EntryPoint\",\"urlTemplate\":\"https:\\\/\\\/hoerske.de\\\/blog\\\/?s={search_term_string}\"},\"query-input\":{\"@type\":\"PropertyValueSpecification\",\"valueRequired\":true,\"valueName\":\"search_term_string\"}}],\"inLanguage\":\"de\"},{\"@type\":[\"Person\",\"Organization\"],\"@id\":\"https:\\\/\\\/hoerske.de\\\/blog\\\/#\\\/schema\\\/person\\\/20677cf2167fc7027b752c3bba78d5fc\",\"name\":\"Timo H\u00f6rske\",\"image\":{\"@type\":\"ImageObject\",\"inLanguage\":\"de\",\"@id\":\"https:\\\/\\\/i0.wp.com\\\/hoerske.de\\\/blog\\\/wp-content\\\/uploads\\\/2023\\\/01\\\/16711213967602.jpg?fit=1024%2C954&ssl=1\",\"url\":\"https:\\\/\\\/i0.wp.com\\\/hoerske.de\\\/blog\\\/wp-content\\\/uploads\\\/2023\\\/01\\\/16711213967602.jpg?fit=1024%2C954&ssl=1\",\"contentUrl\":\"https:\\\/\\\/i0.wp.com\\\/hoerske.de\\\/blog\\\/wp-content\\\/uploads\\\/2023\\\/01\\\/16711213967602.jpg?fit=1024%2C954&ssl=1\",\"width\":1024,\"height\":954,\"caption\":\"Timo H\u00f6rske\"},\"logo\":{\"@id\":\"https:\\\/\\\/i0.wp.com\\\/hoerske.de\\\/blog\\\/wp-content\\\/uploads\\\/2023\\\/01\\\/16711213967602.jpg?fit=1024%2C954&ssl=1\"},\"description\":\"Jahrgang 1985, als \\\"Ossi\\\" geboren, im beschaulichen Premnitz an der Havel aufgewachsen. Natur- und Kunstliebhaber. Seit \u00fcber 10 Jahren Wahlbremerhavener, K\u00fcsten- und Windfan. So ziemlich an Allem interessiert. Schwerpunkte sind aber eindeutig Politik, Gesellschaft, Rechtswesen, Natur, Imkerei und Technik. Rotes Parteibuch, Mitglied des Jugendhilfeausschusses der Stadt Bremerhaven, Vorsitzender eines Kleing\u00e4rtnervereins, Fachberater f\u00fcr das Kleingartenwesen, Verbandschef der Bremerhavener Kleing\u00e4rtner*innen. Hobbyimker, Freizeitblogger, Techniknerd.\",\"sameAs\":[\"https:\\\/\\\/www.hoerske.de\\\/\",\"https:\\\/\\\/www.facebook.com\\\/timo.hoerske\",\"https:\\\/\\\/www.instagram.com\\\/thoerske\\\/\",\"https:\\\/\\\/x.com\\\/timo_hoerske\"],\"url\":\"https:\\\/\\\/hoerske.de\\\/blog\\\/author\\\/roter_admin\\\/\"}]}<\/script>\n<!-- \/ Yoast SEO Premium plugin. -->","yoast_head_json":{"title":"R\u00e4tsel der Woche: Was f\u00fcr ein Stein ist das? - Timos Paper","robots":{"index":"index","follow":"follow","max-snippet":"max-snippet:-1","max-image-preview":"max-image-preview:large","max-video-preview":"max-video-preview:-1"},"canonical":"https:\/\/hoerske.de\/blog\/2015\/06\/raetsel-der-woche-was-fuer-ein-stein-ist-das\/","og_locale":"de_DE","og_type":"article","og_title":"R\u00e4tsel der Woche: Was f\u00fcr ein Stein ist das?","og_description":"Ich habe mir vorgenommen euch jetzt regelm\u00e4\u00dfig mit kleinen R\u00e4tseln zu versorgen. Heute geht es mit einem Bild los&#8230; Ich m\u00f6chte gerne von euch wissen um was f\u00fcr einen Stein es sich dabei handelt. In ein paar Tagen gibt es an der gleichen Stelle, dann die Aufl\u00f6sung. &nbsp; &nbsp; Einige","og_url":"https:\/\/hoerske.de\/blog\/2015\/06\/raetsel-der-woche-was-fuer-ein-stein-ist-das\/","og_site_name":"Timos Paper","article_publisher":"https:\/\/www.facebook.com\/timo.hoerske","article_author":"https:\/\/www.facebook.com\/timo.hoerske","article_published_time":"2015-06-29T16:05:49+00:00","article_modified_time":"2015-10-27T15:01:20+00:00","og_image":[{"width":200,"height":200,"url":"https:\/\/i0.wp.com\/blog.hoerske.de\/wp-content\/uploads\/2015\/03\/qrcode.28400269.png?fit=200%2C200","type":"image\/png"}],"author":"Timo H\u00f6rske","twitter_card":"summary_large_image","twitter_creator":"@timo_hoerske","twitter_site":"@timo_hoerske","twitter_misc":{"Verfasst von":"Timo H\u00f6rske"},"schema":{"@context":"https:\/\/schema.org","@graph":[{"@type":"Article","@id":"https:\/\/hoerske.de\/blog\/2015\/06\/raetsel-der-woche-was-fuer-ein-stein-ist-das\/#article","isPartOf":{"@id":"https:\/\/hoerske.de\/blog\/2015\/06\/raetsel-der-woche-was-fuer-ein-stein-ist-das\/"},"author":{"name":"Timo H\u00f6rske","@id":"https:\/\/hoerske.de\/blog\/#\/schema\/person\/20677cf2167fc7027b752c3bba78d5fc"},"headline":"R\u00e4tsel der Woche: Was f\u00fcr ein Stein ist das?","datePublished":"2015-06-29T16:05:49+00:00","dateModified":"2015-10-27T15:01:20+00:00","mainEntityOfPage":{"@id":"https:\/\/hoerske.de\/blog\/2015\/06\/raetsel-der-woche-was-fuer-ein-stein-ist-das\/"},"wordCount":103,"commentCount":0,"publisher":{"@id":"https:\/\/hoerske.de\/blog\/#\/schema\/person\/20677cf2167fc7027b752c3bba78d5fc"},"image":{"@id":"https:\/\/hoerske.de\/blog\/2015\/06\/raetsel-der-woche-was-fuer-ein-stein-ist-das\/#primaryimage"},"thumbnailUrl":"https:\/\/i0.wp.com\/hoerske.de\/blog\/wp-content\/uploads\/2015\/03\/qrcode.28400269.png?fit=200%2C200&ssl=1","keywords":["Entfernung","Geologie","Probe","Stein"],"articleSection":["Krimskrams"],"inLanguage":"de","potentialAction":[{"@type":"CommentAction","name":"Comment","target":["https:\/\/hoerske.de\/blog\/2015\/06\/raetsel-der-woche-was-fuer-ein-stein-ist-das\/#respond"]}]},{"@type":"WebPage","@id":"https:\/\/hoerske.de\/blog\/2015\/06\/raetsel-der-woche-was-fuer-ein-stein-ist-das\/","url":"https:\/\/hoerske.de\/blog\/2015\/06\/raetsel-der-woche-was-fuer-ein-stein-ist-das\/","name":"R\u00e4tsel der Woche: Was f\u00fcr ein Stein ist das? - Timos Paper","isPartOf":{"@id":"https:\/\/hoerske.de\/blog\/#website"},"primaryImageOfPage":{"@id":"https:\/\/hoerske.de\/blog\/2015\/06\/raetsel-der-woche-was-fuer-ein-stein-ist-das\/#primaryimage"},"image":{"@id":"https:\/\/hoerske.de\/blog\/2015\/06\/raetsel-der-woche-was-fuer-ein-stein-ist-das\/#primaryimage"},"thumbnailUrl":"https:\/\/i0.wp.com\/hoerske.de\/blog\/wp-content\/uploads\/2015\/03\/qrcode.28400269.png?fit=200%2C200&ssl=1","datePublished":"2015-06-29T16:05:49+00:00","dateModified":"2015-10-27T15:01:20+00:00","breadcrumb":{"@id":"https:\/\/hoerske.de\/blog\/2015\/06\/raetsel-der-woche-was-fuer-ein-stein-ist-das\/#breadcrumb"},"inLanguage":"de","potentialAction":[{"@type":"ReadAction","target":["https:\/\/hoerske.de\/blog\/2015\/06\/raetsel-der-woche-was-fuer-ein-stein-ist-das\/"]}]},{"@type":"ImageObject","inLanguage":"de","@id":"https:\/\/hoerske.de\/blog\/2015\/06\/raetsel-der-woche-was-fuer-ein-stein-ist-das\/#primaryimage","url":"https:\/\/i0.wp.com\/hoerske.de\/blog\/wp-content\/uploads\/2015\/03\/qrcode.28400269.png?fit=200%2C200&ssl=1","contentUrl":"https:\/\/i0.wp.com\/hoerske.de\/blog\/wp-content\/uploads\/2015\/03\/qrcode.28400269.png?fit=200%2C200&ssl=1","width":200,"height":200},{"@type":"BreadcrumbList","@id":"https:\/\/hoerske.de\/blog\/2015\/06\/raetsel-der-woche-was-fuer-ein-stein-ist-das\/#breadcrumb","itemListElement":[{"@type":"ListItem","position":1,"name":"Startseite","item":"https:\/\/hoerske.de\/blog\/"},{"@type":"ListItem","position":2,"name":"R\u00e4tsel der Woche: Was f\u00fcr ein Stein ist das?"}]},{"@type":"WebSite","@id":"https:\/\/hoerske.de\/blog\/#website","url":"https:\/\/hoerske.de\/blog\/","name":"Timos Blog","description":"ego cogito, ergo sum","publisher":{"@id":"https:\/\/hoerske.de\/blog\/#\/schema\/person\/20677cf2167fc7027b752c3bba78d5fc"},"potentialAction":[{"@type":"SearchAction","target":{"@type":"EntryPoint","urlTemplate":"https:\/\/hoerske.de\/blog\/?s={search_term_string}"},"query-input":{"@type":"PropertyValueSpecification","valueRequired":true,"valueName":"search_term_string"}}],"inLanguage":"de"},{"@type":["Person","Organization"],"@id":"https:\/\/hoerske.de\/blog\/#\/schema\/person\/20677cf2167fc7027b752c3bba78d5fc","name":"Timo H\u00f6rske","image":{"@type":"ImageObject","inLanguage":"de","@id":"https:\/\/i0.wp.com\/hoerske.de\/blog\/wp-content\/uploads\/2023\/01\/16711213967602.jpg?fit=1024%2C954&ssl=1","url":"https:\/\/i0.wp.com\/hoerske.de\/blog\/wp-content\/uploads\/2023\/01\/16711213967602.jpg?fit=1024%2C954&ssl=1","contentUrl":"https:\/\/i0.wp.com\/hoerske.de\/blog\/wp-content\/uploads\/2023\/01\/16711213967602.jpg?fit=1024%2C954&ssl=1","width":1024,"height":954,"caption":"Timo H\u00f6rske"},"logo":{"@id":"https:\/\/i0.wp.com\/hoerske.de\/blog\/wp-content\/uploads\/2023\/01\/16711213967602.jpg?fit=1024%2C954&ssl=1"},"description":"Jahrgang 1985, als \"Ossi\" geboren, im beschaulichen Premnitz an der Havel aufgewachsen. Natur- und Kunstliebhaber. Seit \u00fcber 10 Jahren Wahlbremerhavener, K\u00fcsten- und Windfan. So ziemlich an Allem interessiert. Schwerpunkte sind aber eindeutig Politik, Gesellschaft, Rechtswesen, Natur, Imkerei und Technik. Rotes Parteibuch, Mitglied des Jugendhilfeausschusses der Stadt Bremerhaven, Vorsitzender eines Kleing\u00e4rtnervereins, Fachberater f\u00fcr das Kleingartenwesen, Verbandschef der Bremerhavener Kleing\u00e4rtner*innen. Hobbyimker, Freizeitblogger, Techniknerd.","sameAs":["https:\/\/www.hoerske.de\/","https:\/\/www.facebook.com\/timo.hoerske","https:\/\/www.instagram.com\/thoerske\/","https:\/\/x.com\/timo_hoerske"],"url":"https:\/\/hoerske.de\/blog\/author\/roter_admin\/"}]}},"jetpack_publicize_connections":[],"jetpack_featured_media_url":"https:\/\/i0.wp.com\/hoerske.de\/blog\/wp-content\/uploads\/2015\/03\/qrcode.28400269.png?fit=200%2C200&ssl=1","jetpack_shortlink":"https:\/\/wp.me\/p4W3ht-6h","jetpack_sharing_enabled":true,"_links":{"self":[{"href":"https:\/\/hoerske.de\/blog\/wp-json\/wp\/v2\/posts\/389","targetHints":{"allow":["GET"]}}],"collection":[{"href":"https:\/\/hoerske.de\/blog\/wp-json\/wp\/v2\/posts"}],"about":[{"href":"https:\/\/hoerske.de\/blog\/wp-json\/wp\/v2\/types\/post"}],"author":[{"embeddable":true,"href":"https:\/\/hoerske.de\/blog\/wp-json\/wp\/v2\/users\/1"}],"replies":[{"embeddable":true,"href":"https:\/\/hoerske.de\/blog\/wp-json\/wp\/v2\/comments?post=389"}],"version-history":[{"count":0,"href":"https:\/\/hoerske.de\/blog\/wp-json\/wp\/v2\/posts\/389\/revisions"}],"wp:featuredmedia":[{"embeddable":true,"href":"https:\/\/hoerske.de\/blog\/wp-json\/wp\/v2\/media\/238"}],"wp:attachment":[{"href":"https:\/\/hoerske.de\/blog\/wp-json\/wp\/v2\/media?parent=389"}],"wp:term":[{"taxonomy":"category","embeddable":true,"href":"https:\/\/hoerske.de\/blog\/wp-json\/wp\/v2\/categories?post=389"},{"taxonomy":"post_tag","embeddable":true,"href":"https:\/\/hoerske.de\/blog\/wp-json\/wp\/v2\/tags?post=389"}],"curies":[{"name":"wp","href":"https:\/\/api.w.org\/{rel}","templated":true}]}}