{"id":3865,"date":"2018-09-09T07:00:45","date_gmt":"2018-09-09T05:00:45","guid":{"rendered":"https:\/\/www.hoerske.de\/?p=3865"},"modified":"2018-09-08T01:55:35","modified_gmt":"2018-09-07T23:55:35","slug":"aenderungen-und-nutzen-der-neuen-mietpreisbremse","status":"publish","type":"post","link":"https:\/\/hoerske.de\/blog\/2018\/09\/aenderungen-und-nutzen-der-neuen-mietpreisbremse\/","title":{"rendered":"\u00c4nderungen und Nutzen der neuen Mietpreisbremse"},"content":{"rendered":"<div id=\"text_highlighted\">\n<p>Nachdem die in 2015 eingef\u00fchrte Mietpreisbremse das angestrebte Ziel nicht erreicht und f\u00fcr viele Deutsche der Mietpreis weiter steigt, wird nun das Gesetz ge\u00e4ndert. Die Bundesregierung erhofft sich durch die \u00c4nderungen zuk\u00fcnftig mehr bezahlbare Wohnungen. Die Neuerungen durch das Mietrechtsanpassungsgesetz werden im Folgenden dargestellt und sollen f\u00fcr f\u00fcnf Jahre gelten.<\/p>\n<div>\n<h2 class=\"preview\">Transparentere Mietpreise<\/h2>\n<p class=\"preview\">Der gr\u00f6\u00dfte Nachteil der bisherigen Mietpreisbremse war, dass nicht genug Transparenz vorlag. Grunds\u00e4tzlich darf der Mietpreis nicht mehr als zehn Prozent \u00fcber der orts\u00fcblichen Miete liegen. Gleichzeitig wussten Mieter regelm\u00e4\u00dfig nicht, was ihre Vormieter gezahlt haben. Mit der \u00dcberarbeitung der Mietpreisbremse muss der Vermieter diese Daten vor Vertragabschluss offenlegen und begr\u00fcnden, sofern die Miete h\u00f6her als zehn Prozent gegen\u00fcber der orts\u00fcblichen Miete liegt. Sofern die Gemeinde oder Stadt einen Mietspiegel hat, ist dann f\u00fcr den Mieter nachvollziehbar, ob der Mietpreis angemessen ist.<\/p>\n<h2 class=\"preview\">Umlage von Modernisierungskosten<\/h2>\n<p class=\"preview\">Mit dem neuen Gesetz darf bei einer Modernisierung die Miete nur noch beschr\u00e4nkt erh\u00f6ht werden. Die Grenze f\u00fcr Mieterh\u00f6hungen bei Modernisierungen liegt bei 3 Euro pro Quadratmeter. Gleichzeitig d\u00fcrfen in Gebieten mit Wohnungsmangel j\u00e4hrlich nur noch acht statt elf Prozent der Modernisierungskosten auf die Mieter umgelegt werden. Durch diese zweigeteilte Regelung sollen sowohl Mieter von kleinen, als auch von gr\u00f6\u00dferen Wohnungen profitieren.<\/p>\n<h2 class=\"preview\">Erleichterte Berechnung von kleineren Modernisierungen<\/h2>\n<p class=\"preview\">F\u00fcr die Vermieter soll die Berechnung der Kosten von kleineren Modernisierungen bis 10.000 Euro erleichert werden. Durch ein vereinfachtes Verfahren sollen sich Modernisierungen leichter berechnen lassen. Dadurch lassen sich die umlagef\u00e4higen Kosten leichter ermitteln. Dies soll m\u00f6gliche Streitigkeiten zwischen Mieter und Vermieter verhindern. Insbesondere Kleinvermieter sollen von dieser Regelung profitieren k\u00f6nnen.<\/p>\n<h2 class=\"preview\">Vertreiben von Mietern mit Modernisierungen<\/h2>\n<p class=\"preview\">Es konnte vorkommen, dass Vermieter Modernisierungen nur durchgef\u00fchrt haben, um ihre Mieter zur K\u00fcndigung zu bewegen. Durch die Kosten der Modernisierungen konnten die Vermieter unangenehme Mieter vertreiben. Mit der neuen Mietpreisbremse k\u00f6nnen solche Modernisierungen nun als Ordnungswidrigkeit geahndet werden. Dar\u00fcber hinaus sollen Mieter in einem solchen Falle zuk\u00fcnftig auch Schadensersatz erhalten k\u00f6nnen.<\/p>\n<p>Das neue Gesetz k\u00f6nnte, sofern das parlamentarische Verfahren plangem\u00e4\u00df voranschreitet, bereits ab Anfang 2019 gelten. Die Gr\u00fcnen hoffen jedoch noch auf \u00c4nderungen an dem Gesetz. Die Fraktionschefin spricht sich f\u00fcr eine Verl\u00e4ngerung der Regelungen der Mietpreisbremse auf zehn Jahre, sowie einen maximalen Mietpreis von 5 Prozent statt 10 Prozent \u00fcber der orts\u00fcblichen Miete aus. Dementsprechend bleibt aktuell noch offen, ob es zu weiteren \u00c4nderungen w\u00e4hrend des Gesetzgebungsverfahrens kommt.<\/p>\n<div id=\"panel-3003-0-0-3\" class=\"so-panel widget widget_sow-editor\" data-index=\"3\">\n<div class=\"so-widget-sow-editor so-widget-sow-editor-base\">\n<div class=\"siteorigin-widget-tinymce textwidget\">\n<h2>Off-Topic<\/h2>\n<\/div>\n<div class=\"siteorigin-widget-tinymce textwidget\">\n<p>Nach einer Textanalyse ist dieser Text zu 38% subjektiv, die wichtigsten Worte sind:\u00a0<em>Mietpreis, Mietpreisbremse, Modernisierung, orts\u00fcblichen Miete, \u00c4nderung, Vermieter, Mieter<\/em><\/p>\n<p>Ein Computer w\u00fcrde diesen Text der Kategorie <a href=\"https:\/\/www.hoerske.de\/blog\/kategorien\/politik\/\">Politik<\/a> zu ordnen.<\/p>\n<\/div>\n<\/div>\n<\/div>\n<\/div>\n<\/div>\n","protected":false},"excerpt":{"rendered":"<p>Nachdem die in 2015 eingef\u00fchrte Mietpreisbremse das angestrebte Ziel nicht erreicht und f\u00fcr viele Deutsche der Mietpreis weiter steigt, wird nun das Gesetz ge\u00e4ndert. Die Bundesregierung erhofft sich durch die \u00c4nderungen zuk\u00fcnftig mehr bezahlbare Wohnungen. Die Neuerungen durch das Mietrechtsanpassungsgesetz werden im Artikel dargestellt und sollen f\u00fcr f\u00fcnf Jahre gelten.<\/p>\n","protected":false},"author":1,"featured_media":3869,"comment_status":"open","ping_status":"open","sticky":false,"template":"","format":"standard","meta":{"jetpack_post_was_ever_published":false,"_jetpack_newsletter_access":"","_jetpack_dont_email_post_to_subs":false,"_jetpack_newsletter_tier_id":0,"_jetpack_memberships_contains_paywalled_content":false,"_jetpack_memberships_contains_paid_content":false,"footnotes":"","jetpack_publicize_message":"","jetpack_publicize_feature_enabled":true,"jetpack_social_post_already_shared":false,"jetpack_social_options":{"image_generator_settings":{"template":"highway","default_image_id":0,"font":"","enabled":false},"version":2},"_wpas_customize_per_network":false},"categories":[803,177],"tags":[1442,1444,1438,1439,1440,1441,1443],"class_list":["post-3865","post","type-post","status-publish","format-standard","has-post-thumbnail","hentry","category-803","category-politik","tag-aenderung","tag-mieter","tag-mietpreis","tag-mietpreisbremse","tag-modernisierung","tag-ortsueblichen-miete","tag-vermieter"],"yoast_head":"<!-- This site is optimized with the Yoast SEO Premium plugin v27.3 (Yoast SEO v27.3) - https:\/\/yoast.com\/product\/yoast-seo-premium-wordpress\/ -->\n<title>\u00c4nderungen und Nutzen der neuen Mietpreisbremse - Timos Paper<\/title>\n<meta name=\"description\" content=\"Nachdem die in 2015 eingef\u00fchrte Mietpreisbremse das angestrebte Ziel nicht erreicht und f\u00fcr viele Deutsche der Mietpreis weiter steigt, wird nun das Gesetz ge\u00e4ndert. Die Bundesregierung erhofft sich durch die \u00c4nderungen zuk\u00fcnftig mehr bezahlbare Wohnungen.\" \/>\n<meta name=\"robots\" content=\"index, follow, max-snippet:-1, max-image-preview:large, max-video-preview:-1\" \/>\n<link rel=\"canonical\" href=\"https:\/\/hoerske.de\/blog\/2018\/09\/aenderungen-und-nutzen-der-neuen-mietpreisbremse\/\" \/>\n<meta property=\"og:locale\" content=\"de_DE\" \/>\n<meta property=\"og:type\" content=\"article\" \/>\n<meta property=\"og:title\" content=\"\u00c4nderungen und Nutzen der neuen Mietpreisbremse\" \/>\n<meta property=\"og:description\" content=\"Nachdem die in 2015 eingef\u00fchrte Mietpreisbremse das angestrebte Ziel nicht erreicht und f\u00fcr viele Deutsche der Mietpreis weiter steigt, wird nun das Gesetz ge\u00e4ndert. Die Bundesregierung erhofft sich durch die \u00c4nderungen zuk\u00fcnftig mehr bezahlbare Wohnungen.\" \/>\n<meta property=\"og:url\" content=\"https:\/\/hoerske.de\/blog\/2018\/09\/aenderungen-und-nutzen-der-neuen-mietpreisbremse\/\" \/>\n<meta property=\"og:site_name\" content=\"Timos Paper\" \/>\n<meta property=\"article:publisher\" content=\"https:\/\/www.facebook.com\/timo.hoerske\" \/>\n<meta property=\"article:author\" content=\"https:\/\/www.facebook.com\/timo.hoerske\" \/>\n<meta property=\"article:published_time\" content=\"2018-09-09T05:00:45+00:00\" \/>\n<meta property=\"og:image\" content=\"https:\/\/i0.wp.com\/blog.hoerske.de\/wp-content\/uploads\/2018\/09\/blog_beitrag_politik.jpg?fit=2667%2C1333\" \/>\n\t<meta property=\"og:image:width\" content=\"2667\" \/>\n\t<meta property=\"og:image:height\" content=\"1333\" \/>\n\t<meta property=\"og:image:type\" content=\"image\/jpeg\" \/>\n<meta name=\"author\" content=\"Timo H\u00f6rske\" \/>\n<meta name=\"twitter:card\" content=\"summary_large_image\" \/>\n<meta name=\"twitter:creator\" content=\"@timo_hoerske\" \/>\n<meta name=\"twitter:site\" content=\"@timo_hoerske\" \/>\n<meta name=\"twitter:label1\" content=\"Verfasst von\" \/>\n\t<meta name=\"twitter:data1\" content=\"Timo H\u00f6rske\" \/>\n\t<meta name=\"twitter:label2\" content=\"Gesch\u00e4tzte Lesezeit\" \/>\n\t<meta name=\"twitter:data2\" content=\"2\u00a0Minuten\" \/>\n<script type=\"application\/ld+json\" class=\"yoast-schema-graph\">{\"@context\":\"https:\\\/\\\/schema.org\",\"@graph\":[{\"@type\":\"Article\",\"@id\":\"https:\\\/\\\/hoerske.de\\\/blog\\\/2018\\\/09\\\/aenderungen-und-nutzen-der-neuen-mietpreisbremse\\\/#article\",\"isPartOf\":{\"@id\":\"https:\\\/\\\/hoerske.de\\\/blog\\\/2018\\\/09\\\/aenderungen-und-nutzen-der-neuen-mietpreisbremse\\\/\"},\"author\":{\"name\":\"Timo H\u00f6rske\",\"@id\":\"https:\\\/\\\/hoerske.de\\\/blog\\\/#\\\/schema\\\/person\\\/20677cf2167fc7027b752c3bba78d5fc\"},\"headline\":\"\u00c4nderungen und Nutzen der neuen Mietpreisbremse\",\"datePublished\":\"2018-09-09T05:00:45+00:00\",\"mainEntityOfPage\":{\"@id\":\"https:\\\/\\\/hoerske.de\\\/blog\\\/2018\\\/09\\\/aenderungen-und-nutzen-der-neuen-mietpreisbremse\\\/\"},\"wordCount\":451,\"commentCount\":0,\"publisher\":{\"@id\":\"https:\\\/\\\/hoerske.de\\\/blog\\\/#\\\/schema\\\/person\\\/20677cf2167fc7027b752c3bba78d5fc\"},\"image\":{\"@id\":\"https:\\\/\\\/hoerske.de\\\/blog\\\/2018\\\/09\\\/aenderungen-und-nutzen-der-neuen-mietpreisbremse\\\/#primaryimage\"},\"thumbnailUrl\":\"https:\\\/\\\/i0.wp.com\\\/hoerske.de\\\/blog\\\/wp-content\\\/uploads\\\/2018\\\/09\\\/blog_beitrag_politik.jpg?fit=2667%2C1333&ssl=1\",\"keywords\":[\"\u00c4nderung\",\"Mieter\",\"Mietpreis\",\"Mietpreisbremse\",\"Modernisierung\",\"orts\u00fcblichen Miete\",\"Vermieter\"],\"articleSection\":[\"2018\",\"Politik\"],\"inLanguage\":\"de\",\"potentialAction\":[{\"@type\":\"CommentAction\",\"name\":\"Comment\",\"target\":[\"https:\\\/\\\/hoerske.de\\\/blog\\\/2018\\\/09\\\/aenderungen-und-nutzen-der-neuen-mietpreisbremse\\\/#respond\"]}]},{\"@type\":\"WebPage\",\"@id\":\"https:\\\/\\\/hoerske.de\\\/blog\\\/2018\\\/09\\\/aenderungen-und-nutzen-der-neuen-mietpreisbremse\\\/\",\"url\":\"https:\\\/\\\/hoerske.de\\\/blog\\\/2018\\\/09\\\/aenderungen-und-nutzen-der-neuen-mietpreisbremse\\\/\",\"name\":\"\u00c4nderungen und Nutzen der neuen Mietpreisbremse - Timos Paper\",\"isPartOf\":{\"@id\":\"https:\\\/\\\/hoerske.de\\\/blog\\\/#website\"},\"primaryImageOfPage\":{\"@id\":\"https:\\\/\\\/hoerske.de\\\/blog\\\/2018\\\/09\\\/aenderungen-und-nutzen-der-neuen-mietpreisbremse\\\/#primaryimage\"},\"image\":{\"@id\":\"https:\\\/\\\/hoerske.de\\\/blog\\\/2018\\\/09\\\/aenderungen-und-nutzen-der-neuen-mietpreisbremse\\\/#primaryimage\"},\"thumbnailUrl\":\"https:\\\/\\\/i0.wp.com\\\/hoerske.de\\\/blog\\\/wp-content\\\/uploads\\\/2018\\\/09\\\/blog_beitrag_politik.jpg?fit=2667%2C1333&ssl=1\",\"datePublished\":\"2018-09-09T05:00:45+00:00\",\"description\":\"Nachdem die in 2015 eingef\u00fchrte Mietpreisbremse das angestrebte Ziel nicht erreicht und f\u00fcr viele Deutsche der Mietpreis weiter steigt, wird nun das Gesetz ge\u00e4ndert. Die Bundesregierung erhofft sich durch die \u00c4nderungen zuk\u00fcnftig mehr bezahlbare Wohnungen.\",\"breadcrumb\":{\"@id\":\"https:\\\/\\\/hoerske.de\\\/blog\\\/2018\\\/09\\\/aenderungen-und-nutzen-der-neuen-mietpreisbremse\\\/#breadcrumb\"},\"inLanguage\":\"de\",\"potentialAction\":[{\"@type\":\"ReadAction\",\"target\":[\"https:\\\/\\\/hoerske.de\\\/blog\\\/2018\\\/09\\\/aenderungen-und-nutzen-der-neuen-mietpreisbremse\\\/\"]}]},{\"@type\":\"ImageObject\",\"inLanguage\":\"de\",\"@id\":\"https:\\\/\\\/hoerske.de\\\/blog\\\/2018\\\/09\\\/aenderungen-und-nutzen-der-neuen-mietpreisbremse\\\/#primaryimage\",\"url\":\"https:\\\/\\\/i0.wp.com\\\/hoerske.de\\\/blog\\\/wp-content\\\/uploads\\\/2018\\\/09\\\/blog_beitrag_politik.jpg?fit=2667%2C1333&ssl=1\",\"contentUrl\":\"https:\\\/\\\/i0.wp.com\\\/hoerske.de\\\/blog\\\/wp-content\\\/uploads\\\/2018\\\/09\\\/blog_beitrag_politik.jpg?fit=2667%2C1333&ssl=1\",\"width\":2667,\"height\":1333,\"caption\":\"Blog Beitrag Politik\"},{\"@type\":\"BreadcrumbList\",\"@id\":\"https:\\\/\\\/hoerske.de\\\/blog\\\/2018\\\/09\\\/aenderungen-und-nutzen-der-neuen-mietpreisbremse\\\/#breadcrumb\",\"itemListElement\":[{\"@type\":\"ListItem\",\"position\":1,\"name\":\"Startseite\",\"item\":\"https:\\\/\\\/hoerske.de\\\/blog\\\/\"},{\"@type\":\"ListItem\",\"position\":2,\"name\":\"\u00c4nderungen und Nutzen der neuen Mietpreisbremse\"}]},{\"@type\":\"WebSite\",\"@id\":\"https:\\\/\\\/hoerske.de\\\/blog\\\/#website\",\"url\":\"https:\\\/\\\/hoerske.de\\\/blog\\\/\",\"name\":\"Timos Blog\",\"description\":\"ego cogito, ergo sum\",\"publisher\":{\"@id\":\"https:\\\/\\\/hoerske.de\\\/blog\\\/#\\\/schema\\\/person\\\/20677cf2167fc7027b752c3bba78d5fc\"},\"potentialAction\":[{\"@type\":\"SearchAction\",\"target\":{\"@type\":\"EntryPoint\",\"urlTemplate\":\"https:\\\/\\\/hoerske.de\\\/blog\\\/?s={search_term_string}\"},\"query-input\":{\"@type\":\"PropertyValueSpecification\",\"valueRequired\":true,\"valueName\":\"search_term_string\"}}],\"inLanguage\":\"de\"},{\"@type\":[\"Person\",\"Organization\"],\"@id\":\"https:\\\/\\\/hoerske.de\\\/blog\\\/#\\\/schema\\\/person\\\/20677cf2167fc7027b752c3bba78d5fc\",\"name\":\"Timo H\u00f6rske\",\"image\":{\"@type\":\"ImageObject\",\"inLanguage\":\"de\",\"@id\":\"https:\\\/\\\/i0.wp.com\\\/hoerske.de\\\/blog\\\/wp-content\\\/uploads\\\/2023\\\/01\\\/16711213967602.jpg?fit=1024%2C954&ssl=1\",\"url\":\"https:\\\/\\\/i0.wp.com\\\/hoerske.de\\\/blog\\\/wp-content\\\/uploads\\\/2023\\\/01\\\/16711213967602.jpg?fit=1024%2C954&ssl=1\",\"contentUrl\":\"https:\\\/\\\/i0.wp.com\\\/hoerske.de\\\/blog\\\/wp-content\\\/uploads\\\/2023\\\/01\\\/16711213967602.jpg?fit=1024%2C954&ssl=1\",\"width\":1024,\"height\":954,\"caption\":\"Timo H\u00f6rske\"},\"logo\":{\"@id\":\"https:\\\/\\\/i0.wp.com\\\/hoerske.de\\\/blog\\\/wp-content\\\/uploads\\\/2023\\\/01\\\/16711213967602.jpg?fit=1024%2C954&ssl=1\"},\"description\":\"Jahrgang 1985, als \\\"Ossi\\\" geboren, im beschaulichen Premnitz an der Havel aufgewachsen. Natur- und Kunstliebhaber. Seit \u00fcber 10 Jahren Wahlbremerhavener, K\u00fcsten- und Windfan. So ziemlich an Allem interessiert. Schwerpunkte sind aber eindeutig Politik, Gesellschaft, Rechtswesen, Natur, Imkerei und Technik. Rotes Parteibuch, Mitglied des Jugendhilfeausschusses der Stadt Bremerhaven, Vorsitzender eines Kleing\u00e4rtnervereins, Fachberater f\u00fcr das Kleingartenwesen, Verbandschef der Bremerhavener Kleing\u00e4rtner*innen. Hobbyimker, Freizeitblogger, Techniknerd.\",\"sameAs\":[\"https:\\\/\\\/www.hoerske.de\\\/\",\"https:\\\/\\\/www.facebook.com\\\/timo.hoerske\",\"https:\\\/\\\/www.instagram.com\\\/thoerske\\\/\",\"https:\\\/\\\/x.com\\\/timo_hoerske\"],\"url\":\"https:\\\/\\\/hoerske.de\\\/blog\\\/author\\\/roter_admin\\\/\"}]}<\/script>\n<!-- \/ Yoast SEO Premium plugin. -->","yoast_head_json":{"title":"\u00c4nderungen und Nutzen der neuen Mietpreisbremse - Timos Paper","description":"Nachdem die in 2015 eingef\u00fchrte Mietpreisbremse das angestrebte Ziel nicht erreicht und f\u00fcr viele Deutsche der Mietpreis weiter steigt, wird nun das Gesetz ge\u00e4ndert. Die Bundesregierung erhofft sich durch die \u00c4nderungen zuk\u00fcnftig mehr bezahlbare Wohnungen.","robots":{"index":"index","follow":"follow","max-snippet":"max-snippet:-1","max-image-preview":"max-image-preview:large","max-video-preview":"max-video-preview:-1"},"canonical":"https:\/\/hoerske.de\/blog\/2018\/09\/aenderungen-und-nutzen-der-neuen-mietpreisbremse\/","og_locale":"de_DE","og_type":"article","og_title":"\u00c4nderungen und Nutzen der neuen Mietpreisbremse","og_description":"Nachdem die in 2015 eingef\u00fchrte Mietpreisbremse das angestrebte Ziel nicht erreicht und f\u00fcr viele Deutsche der Mietpreis weiter steigt, wird nun das Gesetz ge\u00e4ndert. Die Bundesregierung erhofft sich durch die \u00c4nderungen zuk\u00fcnftig mehr bezahlbare Wohnungen.","og_url":"https:\/\/hoerske.de\/blog\/2018\/09\/aenderungen-und-nutzen-der-neuen-mietpreisbremse\/","og_site_name":"Timos Paper","article_publisher":"https:\/\/www.facebook.com\/timo.hoerske","article_author":"https:\/\/www.facebook.com\/timo.hoerske","article_published_time":"2018-09-09T05:00:45+00:00","og_image":[{"width":2667,"height":1333,"url":"https:\/\/i0.wp.com\/blog.hoerske.de\/wp-content\/uploads\/2018\/09\/blog_beitrag_politik.jpg?fit=2667%2C1333","type":"image\/jpeg"}],"author":"Timo H\u00f6rske","twitter_card":"summary_large_image","twitter_creator":"@timo_hoerske","twitter_site":"@timo_hoerske","twitter_misc":{"Verfasst von":"Timo H\u00f6rske","Gesch\u00e4tzte Lesezeit":"2\u00a0Minuten"},"schema":{"@context":"https:\/\/schema.org","@graph":[{"@type":"Article","@id":"https:\/\/hoerske.de\/blog\/2018\/09\/aenderungen-und-nutzen-der-neuen-mietpreisbremse\/#article","isPartOf":{"@id":"https:\/\/hoerske.de\/blog\/2018\/09\/aenderungen-und-nutzen-der-neuen-mietpreisbremse\/"},"author":{"name":"Timo H\u00f6rske","@id":"https:\/\/hoerske.de\/blog\/#\/schema\/person\/20677cf2167fc7027b752c3bba78d5fc"},"headline":"\u00c4nderungen und Nutzen der neuen Mietpreisbremse","datePublished":"2018-09-09T05:00:45+00:00","mainEntityOfPage":{"@id":"https:\/\/hoerske.de\/blog\/2018\/09\/aenderungen-und-nutzen-der-neuen-mietpreisbremse\/"},"wordCount":451,"commentCount":0,"publisher":{"@id":"https:\/\/hoerske.de\/blog\/#\/schema\/person\/20677cf2167fc7027b752c3bba78d5fc"},"image":{"@id":"https:\/\/hoerske.de\/blog\/2018\/09\/aenderungen-und-nutzen-der-neuen-mietpreisbremse\/#primaryimage"},"thumbnailUrl":"https:\/\/i0.wp.com\/hoerske.de\/blog\/wp-content\/uploads\/2018\/09\/blog_beitrag_politik.jpg?fit=2667%2C1333&ssl=1","keywords":["\u00c4nderung","Mieter","Mietpreis","Mietpreisbremse","Modernisierung","orts\u00fcblichen Miete","Vermieter"],"articleSection":["2018","Politik"],"inLanguage":"de","potentialAction":[{"@type":"CommentAction","name":"Comment","target":["https:\/\/hoerske.de\/blog\/2018\/09\/aenderungen-und-nutzen-der-neuen-mietpreisbremse\/#respond"]}]},{"@type":"WebPage","@id":"https:\/\/hoerske.de\/blog\/2018\/09\/aenderungen-und-nutzen-der-neuen-mietpreisbremse\/","url":"https:\/\/hoerske.de\/blog\/2018\/09\/aenderungen-und-nutzen-der-neuen-mietpreisbremse\/","name":"\u00c4nderungen und Nutzen der neuen Mietpreisbremse - Timos Paper","isPartOf":{"@id":"https:\/\/hoerske.de\/blog\/#website"},"primaryImageOfPage":{"@id":"https:\/\/hoerske.de\/blog\/2018\/09\/aenderungen-und-nutzen-der-neuen-mietpreisbremse\/#primaryimage"},"image":{"@id":"https:\/\/hoerske.de\/blog\/2018\/09\/aenderungen-und-nutzen-der-neuen-mietpreisbremse\/#primaryimage"},"thumbnailUrl":"https:\/\/i0.wp.com\/hoerske.de\/blog\/wp-content\/uploads\/2018\/09\/blog_beitrag_politik.jpg?fit=2667%2C1333&ssl=1","datePublished":"2018-09-09T05:00:45+00:00","description":"Nachdem die in 2015 eingef\u00fchrte Mietpreisbremse das angestrebte Ziel nicht erreicht und f\u00fcr viele Deutsche der Mietpreis weiter steigt, wird nun das Gesetz ge\u00e4ndert. Die Bundesregierung erhofft sich durch die \u00c4nderungen zuk\u00fcnftig mehr bezahlbare Wohnungen.","breadcrumb":{"@id":"https:\/\/hoerske.de\/blog\/2018\/09\/aenderungen-und-nutzen-der-neuen-mietpreisbremse\/#breadcrumb"},"inLanguage":"de","potentialAction":[{"@type":"ReadAction","target":["https:\/\/hoerske.de\/blog\/2018\/09\/aenderungen-und-nutzen-der-neuen-mietpreisbremse\/"]}]},{"@type":"ImageObject","inLanguage":"de","@id":"https:\/\/hoerske.de\/blog\/2018\/09\/aenderungen-und-nutzen-der-neuen-mietpreisbremse\/#primaryimage","url":"https:\/\/i0.wp.com\/hoerske.de\/blog\/wp-content\/uploads\/2018\/09\/blog_beitrag_politik.jpg?fit=2667%2C1333&ssl=1","contentUrl":"https:\/\/i0.wp.com\/hoerske.de\/blog\/wp-content\/uploads\/2018\/09\/blog_beitrag_politik.jpg?fit=2667%2C1333&ssl=1","width":2667,"height":1333,"caption":"Blog Beitrag Politik"},{"@type":"BreadcrumbList","@id":"https:\/\/hoerske.de\/blog\/2018\/09\/aenderungen-und-nutzen-der-neuen-mietpreisbremse\/#breadcrumb","itemListElement":[{"@type":"ListItem","position":1,"name":"Startseite","item":"https:\/\/hoerske.de\/blog\/"},{"@type":"ListItem","position":2,"name":"\u00c4nderungen und Nutzen der neuen Mietpreisbremse"}]},{"@type":"WebSite","@id":"https:\/\/hoerske.de\/blog\/#website","url":"https:\/\/hoerske.de\/blog\/","name":"Timos Blog","description":"ego cogito, ergo sum","publisher":{"@id":"https:\/\/hoerske.de\/blog\/#\/schema\/person\/20677cf2167fc7027b752c3bba78d5fc"},"potentialAction":[{"@type":"SearchAction","target":{"@type":"EntryPoint","urlTemplate":"https:\/\/hoerske.de\/blog\/?s={search_term_string}"},"query-input":{"@type":"PropertyValueSpecification","valueRequired":true,"valueName":"search_term_string"}}],"inLanguage":"de"},{"@type":["Person","Organization"],"@id":"https:\/\/hoerske.de\/blog\/#\/schema\/person\/20677cf2167fc7027b752c3bba78d5fc","name":"Timo H\u00f6rske","image":{"@type":"ImageObject","inLanguage":"de","@id":"https:\/\/i0.wp.com\/hoerske.de\/blog\/wp-content\/uploads\/2023\/01\/16711213967602.jpg?fit=1024%2C954&ssl=1","url":"https:\/\/i0.wp.com\/hoerske.de\/blog\/wp-content\/uploads\/2023\/01\/16711213967602.jpg?fit=1024%2C954&ssl=1","contentUrl":"https:\/\/i0.wp.com\/hoerske.de\/blog\/wp-content\/uploads\/2023\/01\/16711213967602.jpg?fit=1024%2C954&ssl=1","width":1024,"height":954,"caption":"Timo H\u00f6rske"},"logo":{"@id":"https:\/\/i0.wp.com\/hoerske.de\/blog\/wp-content\/uploads\/2023\/01\/16711213967602.jpg?fit=1024%2C954&ssl=1"},"description":"Jahrgang 1985, als \"Ossi\" geboren, im beschaulichen Premnitz an der Havel aufgewachsen. Natur- und Kunstliebhaber. Seit \u00fcber 10 Jahren Wahlbremerhavener, K\u00fcsten- und Windfan. So ziemlich an Allem interessiert. Schwerpunkte sind aber eindeutig Politik, Gesellschaft, Rechtswesen, Natur, Imkerei und Technik. Rotes Parteibuch, Mitglied des Jugendhilfeausschusses der Stadt Bremerhaven, Vorsitzender eines Kleing\u00e4rtnervereins, Fachberater f\u00fcr das Kleingartenwesen, Verbandschef der Bremerhavener Kleing\u00e4rtner*innen. Hobbyimker, Freizeitblogger, Techniknerd.","sameAs":["https:\/\/www.hoerske.de\/","https:\/\/www.facebook.com\/timo.hoerske","https:\/\/www.instagram.com\/thoerske\/","https:\/\/x.com\/timo_hoerske"],"url":"https:\/\/hoerske.de\/blog\/author\/roter_admin\/"}]}},"jetpack_publicize_connections":[],"jetpack_featured_media_url":"https:\/\/i0.wp.com\/hoerske.de\/blog\/wp-content\/uploads\/2018\/09\/blog_beitrag_politik.jpg?fit=2667%2C1333&ssl=1","jetpack_shortlink":"https:\/\/wp.me\/p4W3ht-10l","jetpack_sharing_enabled":true,"_links":{"self":[{"href":"https:\/\/hoerske.de\/blog\/wp-json\/wp\/v2\/posts\/3865","targetHints":{"allow":["GET"]}}],"collection":[{"href":"https:\/\/hoerske.de\/blog\/wp-json\/wp\/v2\/posts"}],"about":[{"href":"https:\/\/hoerske.de\/blog\/wp-json\/wp\/v2\/types\/post"}],"author":[{"embeddable":true,"href":"https:\/\/hoerske.de\/blog\/wp-json\/wp\/v2\/users\/1"}],"replies":[{"embeddable":true,"href":"https:\/\/hoerske.de\/blog\/wp-json\/wp\/v2\/comments?post=3865"}],"version-history":[{"count":0,"href":"https:\/\/hoerske.de\/blog\/wp-json\/wp\/v2\/posts\/3865\/revisions"}],"wp:featuredmedia":[{"embeddable":true,"href":"https:\/\/hoerske.de\/blog\/wp-json\/wp\/v2\/media\/3869"}],"wp:attachment":[{"href":"https:\/\/hoerske.de\/blog\/wp-json\/wp\/v2\/media?parent=3865"}],"wp:term":[{"taxonomy":"category","embeddable":true,"href":"https:\/\/hoerske.de\/blog\/wp-json\/wp\/v2\/categories?post=3865"},{"taxonomy":"post_tag","embeddable":true,"href":"https:\/\/hoerske.de\/blog\/wp-json\/wp\/v2\/tags?post=3865"}],"curies":[{"name":"wp","href":"https:\/\/api.w.org\/{rel}","templated":true}]}}