{"id":3778,"date":"2018-09-03T08:00:48","date_gmt":"2018-09-03T06:00:48","guid":{"rendered":"https:\/\/www.hoerske.de\/?p=3778"},"modified":"2018-09-02T21:01:23","modified_gmt":"2018-09-02T19:01:23","slug":"pflanze-der-woche-rosen-zarte-schoenheiten-im-garten","status":"publish","type":"post","link":"https:\/\/hoerske.de\/blog\/2018\/09\/pflanze-der-woche-rosen-zarte-schoenheiten-im-garten\/","title":{"rendered":"Pflanze der Woche: Rosen &#8211; zarte Sch\u00f6nheiten im Garten"},"content":{"rendered":"<p>Rosen sind die liebsten Blumen vieler Menschen. Nicht nur im heimischen Garten, sondern auch in \u00f6ffentlichen Anlagen werden die Rosen (lat. <em>Rosa<\/em>) vergleichsweise sehr h\u00e4ufig gepflanzt. Neben ihrem bet\u00f6renden Duft ist es vor allem ihr zartes \u00c4u\u00dferes, welches alle Blicke auf sich zieht.<\/p>\n<h2>\u00c4u\u00dferes Erscheinungsbild der Rosen<\/h2>\n<p>Die Str\u00e4ucher der Rosen geh\u00f6ren zu den <em>Rosaceae<\/em> (deutsch: Rosengew\u00e4chse) und sind immergr\u00fcn. Das bedeutet, dass sie in G\u00e4rten und Parks ganzj\u00e4hrig gr\u00fcn bleiben, jedoch erst im Fr\u00fchling bzw. Sommer ihre ganze Pracht in Form von farbigen Bl\u00fcten zeigen. Es gibt sowohl aufrecht wachsende als auch kletternde Sprossachsen, welche bis zu 4 Meter hoch werden k\u00f6nnen. Neben diesen beiden Wuchsformen gibt es am Boden aufliegende Arten, zu welchen auch die kriechende Rose geh\u00f6rt. Sprossachsen, feine St\u00e4mme, \u00c4ste und Zweige sind bei manchen Varianten mit Haaren, Dr\u00fcsen oder Stacheln besetzt. Dornen bieten den empfindlichen Pflanzen einen ad\u00e4quaten Schutz gegen Tierfra\u00df und andere Bedrohungen.<\/p>\n<p>Auch das Aussehen und die Anordnung der Bl\u00e4tter unterscheidet sich von Art zu Art. Die Bl\u00fcten der Rose machen die Pflanze so beliebt in G\u00e4rten auf der ganzen Welt. Die verschiedenen F\u00e4rbungen sind aufgrund der zahlreichen Z\u00fcchtungen so vielf\u00e4ltig, dass unm\u00f6glich jeder Farbschlag und jede Art explizit genannt werden kann. Auch der Duft der einzelnen Arten kann sich erheblich unterscheiden; manche riechen sogar neutral.<\/p>\n<h2>Die Verbreitung der Rosen<\/h2>\n<p>Urspr\u00fcnglich waren die Rosen eher auf der Nordhalbkugel unseres Planeten angesiedelt. In Richtung S\u00fcden reichen bis heute allerdings einige Arten bis in tropische Gebiete, wie zum Beispiel Mexiko, und Arabien. Im Norden sind die Pflanzen mit den zarten Bl\u00fcten hingegen bis weit \u00fcber den Polarkreis vertreten. Die Arten Zimt-Rose und Nadel-Rose sind haupts\u00e4chlich in diesen n\u00f6rdlichen Gefilden zu finden. Was Europa betrifft, so f\u00fchlen sich K\u00e4lte liebende Arten sowohl auf Island als auch im gesamten nordskandinavischen Gebiet wohl. Des Weiteren gibt es nordamerikanische, europ\u00e4ische und asiatische Arten, welche jeweils nur in diesen Gebieten wachsen.<\/p>\n<h2>Rosen in der Mythologie und als wichtige Symbolik<\/h2>\n<p>So gut wieder jeder kennt rote Rosen als ein Symbol der Liebe. Doch neben dieser Bedeutung gibt es noch einige weitere &#8211; seit jeher war diese Blume sowohl in der Mythologie als auch in der Religion ein gerne und h\u00e4ufig verwendetes Sinnbild. Die zarte Rosenpflanze war zum Beispiel der Aphrodite geweiht, bei den Germanen geh\u00f6rte sie wiederum zur Freya, der G\u00f6ttin von Liebe und Ehe. In alten antiken Sagen findet die sch\u00f6ne Pflanze ebenfalls Erw\u00e4hnung, ebenso wie in zahlreichen Schriften der Bibel.<\/p>\n<h2>In unserem Garten<\/h2>\n<p>Ich liebe Rosen genauso sehr, wie viele Andere auch, deswegen gibt es bei uns im Kleingarten zahlreiche verschiedene Sorten. Strauch-, Beet- und Kletterrosen, wie auch englische Rosen finden Ihren Platz in unseren Beeten. Dieses Jahr ist eindeutig ein Rosenjahr. Manche Sorten bl\u00fchen mittlerweile das dritte Mal und bringen uns viel Freude.<\/p>\n<h2>Off-Topic<\/h2>\n<p>Nach einer Textanalyse ist dieser Text zu 74% subjektiv, die wichtigsten Worte sind:\u00a0<em>Mythologie, Rosen, Pflanze, Liebe, Art, G\u00e4rten, Bibel, Kleingarten, Rosa, Schrebergarten<\/em><\/p>\n<p>Ein Computer w\u00fcrde diesen Text der Kategorie <a href=\"https:\/\/www.hoerske.de\/blog\/kategorien\/garten\/\">Garten<\/a> zu ordnen.<\/p>\n","protected":false},"excerpt":{"rendered":"<p>Rosen sind die liebsten Blumen vieler Menschen. Nicht nur im heimischen Garten, sondern auch in \u00f6ffentlichen Anlagen werden die Rosen (lat. Rosa) vergleichsweise sehr h\u00e4ufig gepflanzt. Neben ihrem bet\u00f6renden Duft ist es vor allem ihr zartes \u00c4u\u00dferes, welches alle Blicke auf sich zieht.<\/p>\n","protected":false},"author":1,"featured_media":3781,"comment_status":"open","ping_status":"open","sticky":false,"template":"","format":"standard","meta":{"jetpack_post_was_ever_published":false,"_jetpack_newsletter_access":"","_jetpack_dont_email_post_to_subs":false,"_jetpack_newsletter_tier_id":0,"_jetpack_memberships_contains_paywalled_content":false,"_jetpack_memberships_contains_paid_content":false,"footnotes":"","jetpack_publicize_message":"","jetpack_publicize_feature_enabled":true,"jetpack_social_post_already_shared":false,"jetpack_social_options":{"image_generator_settings":{"template":"highway","default_image_id":0,"font":"","enabled":false},"version":2},"_wpas_customize_per_network":false},"categories":[803,606],"tags":[1107,1288,469,1065,1001,1287,1159,1289,1118,947],"class_list":["post-3778","post","type-post","status-publish","format-standard","has-post-thumbnail","hentry","category-803","category-garten","tag-art","tag-bibel","tag-garten","tag-kleingarten","tag-liebe","tag-mythologie","tag-pflanze","tag-rosa","tag-rosen","tag-schrebergarten"],"yoast_head":"<!-- This site is optimized with the Yoast SEO Premium plugin v27.3 (Yoast SEO v27.3) - https:\/\/yoast.com\/product\/yoast-seo-premium-wordpress\/ -->\n<title>Pflanze der Woche: Rosen - zarte Sch\u00f6nheiten im Garten - Timos Paper<\/title>\n<meta name=\"description\" content=\"Rosen sind die liebsten Blumen vieler Menschen. Nicht nur im heimischen Garten, sondern auch in \u00f6ffentlichen Anlagen werden die Rosen (lat. Rosa) vergleichsweise sehr h\u00e4ufig gepflanzt. Neben ihrem bet\u00f6renden Duft ist es vor allem ihr zartes \u00c4u\u00dferes, welches alle Blicke auf sich zieht.\" \/>\n<meta name=\"robots\" content=\"index, follow, max-snippet:-1, max-image-preview:large, max-video-preview:-1\" \/>\n<link rel=\"canonical\" href=\"https:\/\/hoerske.de\/blog\/2018\/09\/pflanze-der-woche-rosen-zarte-schoenheiten-im-garten\/\" \/>\n<meta property=\"og:locale\" content=\"de_DE\" \/>\n<meta property=\"og:type\" content=\"article\" \/>\n<meta property=\"og:title\" content=\"Pflanze der Woche: Rosen - zarte Sch\u00f6nheiten im Garten\" \/>\n<meta property=\"og:description\" content=\"Rosen sind die liebsten Blumen vieler Menschen. Nicht nur im heimischen Garten, sondern auch in \u00f6ffentlichen Anlagen werden die Rosen (lat. Rosa) vergleichsweise sehr h\u00e4ufig gepflanzt. Neben ihrem bet\u00f6renden Duft ist es vor allem ihr zartes \u00c4u\u00dferes, welches alle Blicke auf sich zieht.\" \/>\n<meta property=\"og:url\" content=\"https:\/\/hoerske.de\/blog\/2018\/09\/pflanze-der-woche-rosen-zarte-schoenheiten-im-garten\/\" \/>\n<meta property=\"og:site_name\" content=\"Timos Paper\" \/>\n<meta property=\"article:publisher\" content=\"https:\/\/www.facebook.com\/timo.hoerske\" \/>\n<meta property=\"article:author\" content=\"https:\/\/www.facebook.com\/timo.hoerske\" \/>\n<meta property=\"article:published_time\" content=\"2018-09-03T06:00:48+00:00\" \/>\n<meta property=\"og:image\" content=\"https:\/\/i0.wp.com\/blog.hoerske.de\/wp-content\/uploads\/2018\/09\/IMG-20180708-WA0009.jpg?fit=1328%2C747\" \/>\n\t<meta property=\"og:image:width\" content=\"1328\" \/>\n\t<meta property=\"og:image:height\" content=\"747\" \/>\n\t<meta property=\"og:image:type\" content=\"image\/jpeg\" \/>\n<meta name=\"author\" content=\"Timo H\u00f6rske\" \/>\n<meta name=\"twitter:card\" content=\"summary_large_image\" \/>\n<meta name=\"twitter:creator\" content=\"@timo_hoerske\" \/>\n<meta name=\"twitter:site\" content=\"@timo_hoerske\" \/>\n<meta name=\"twitter:label1\" content=\"Verfasst von\" \/>\n\t<meta name=\"twitter:data1\" content=\"Timo H\u00f6rske\" \/>\n\t<meta name=\"twitter:label2\" content=\"Gesch\u00e4tzte Lesezeit\" \/>\n\t<meta name=\"twitter:data2\" content=\"3\u00a0Minuten\" \/>\n<script type=\"application\/ld+json\" class=\"yoast-schema-graph\">{\"@context\":\"https:\\\/\\\/schema.org\",\"@graph\":[{\"@type\":\"Article\",\"@id\":\"https:\\\/\\\/hoerske.de\\\/blog\\\/2018\\\/09\\\/pflanze-der-woche-rosen-zarte-schoenheiten-im-garten\\\/#article\",\"isPartOf\":{\"@id\":\"https:\\\/\\\/hoerske.de\\\/blog\\\/2018\\\/09\\\/pflanze-der-woche-rosen-zarte-schoenheiten-im-garten\\\/\"},\"author\":{\"name\":\"Timo H\u00f6rske\",\"@id\":\"https:\\\/\\\/hoerske.de\\\/blog\\\/#\\\/schema\\\/person\\\/20677cf2167fc7027b752c3bba78d5fc\"},\"headline\":\"Pflanze der Woche: Rosen &#8211; zarte Sch\u00f6nheiten im Garten\",\"datePublished\":\"2018-09-03T06:00:48+00:00\",\"mainEntityOfPage\":{\"@id\":\"https:\\\/\\\/hoerske.de\\\/blog\\\/2018\\\/09\\\/pflanze-der-woche-rosen-zarte-schoenheiten-im-garten\\\/\"},\"wordCount\":538,\"commentCount\":0,\"publisher\":{\"@id\":\"https:\\\/\\\/hoerske.de\\\/blog\\\/#\\\/schema\\\/person\\\/20677cf2167fc7027b752c3bba78d5fc\"},\"image\":{\"@id\":\"https:\\\/\\\/hoerske.de\\\/blog\\\/2018\\\/09\\\/pflanze-der-woche-rosen-zarte-schoenheiten-im-garten\\\/#primaryimage\"},\"thumbnailUrl\":\"https:\\\/\\\/i0.wp.com\\\/hoerske.de\\\/blog\\\/wp-content\\\/uploads\\\/2018\\\/09\\\/IMG-20180708-WA0009.jpg?fit=1328%2C747&ssl=1\",\"keywords\":[\"Art\",\"Bibel\",\"Garten\",\"Kleingarten\",\"Liebe\",\"Mythologie\",\"Pflanze\",\"Rosa\",\"Rosen\",\"Schrebergarten\"],\"articleSection\":[\"2018\",\"Garten\"],\"inLanguage\":\"de\",\"potentialAction\":[{\"@type\":\"CommentAction\",\"name\":\"Comment\",\"target\":[\"https:\\\/\\\/hoerske.de\\\/blog\\\/2018\\\/09\\\/pflanze-der-woche-rosen-zarte-schoenheiten-im-garten\\\/#respond\"]}]},{\"@type\":\"WebPage\",\"@id\":\"https:\\\/\\\/hoerske.de\\\/blog\\\/2018\\\/09\\\/pflanze-der-woche-rosen-zarte-schoenheiten-im-garten\\\/\",\"url\":\"https:\\\/\\\/hoerske.de\\\/blog\\\/2018\\\/09\\\/pflanze-der-woche-rosen-zarte-schoenheiten-im-garten\\\/\",\"name\":\"Pflanze der Woche: Rosen - zarte Sch\u00f6nheiten im Garten - Timos Paper\",\"isPartOf\":{\"@id\":\"https:\\\/\\\/hoerske.de\\\/blog\\\/#website\"},\"primaryImageOfPage\":{\"@id\":\"https:\\\/\\\/hoerske.de\\\/blog\\\/2018\\\/09\\\/pflanze-der-woche-rosen-zarte-schoenheiten-im-garten\\\/#primaryimage\"},\"image\":{\"@id\":\"https:\\\/\\\/hoerske.de\\\/blog\\\/2018\\\/09\\\/pflanze-der-woche-rosen-zarte-schoenheiten-im-garten\\\/#primaryimage\"},\"thumbnailUrl\":\"https:\\\/\\\/i0.wp.com\\\/hoerske.de\\\/blog\\\/wp-content\\\/uploads\\\/2018\\\/09\\\/IMG-20180708-WA0009.jpg?fit=1328%2C747&ssl=1\",\"datePublished\":\"2018-09-03T06:00:48+00:00\",\"description\":\"Rosen sind die liebsten Blumen vieler Menschen. Nicht nur im heimischen Garten, sondern auch in \u00f6ffentlichen Anlagen werden die Rosen (lat. Rosa) vergleichsweise sehr h\u00e4ufig gepflanzt. Neben ihrem bet\u00f6renden Duft ist es vor allem ihr zartes \u00c4u\u00dferes, welches alle Blicke auf sich zieht.\",\"breadcrumb\":{\"@id\":\"https:\\\/\\\/hoerske.de\\\/blog\\\/2018\\\/09\\\/pflanze-der-woche-rosen-zarte-schoenheiten-im-garten\\\/#breadcrumb\"},\"inLanguage\":\"de\",\"potentialAction\":[{\"@type\":\"ReadAction\",\"target\":[\"https:\\\/\\\/hoerske.de\\\/blog\\\/2018\\\/09\\\/pflanze-der-woche-rosen-zarte-schoenheiten-im-garten\\\/\"]}]},{\"@type\":\"ImageObject\",\"inLanguage\":\"de\",\"@id\":\"https:\\\/\\\/hoerske.de\\\/blog\\\/2018\\\/09\\\/pflanze-der-woche-rosen-zarte-schoenheiten-im-garten\\\/#primaryimage\",\"url\":\"https:\\\/\\\/i0.wp.com\\\/hoerske.de\\\/blog\\\/wp-content\\\/uploads\\\/2018\\\/09\\\/IMG-20180708-WA0009.jpg?fit=1328%2C747&ssl=1\",\"contentUrl\":\"https:\\\/\\\/i0.wp.com\\\/hoerske.de\\\/blog\\\/wp-content\\\/uploads\\\/2018\\\/09\\\/IMG-20180708-WA0009.jpg?fit=1328%2C747&ssl=1\",\"width\":1328,\"height\":747,\"caption\":\"Kletter- Rose\"},{\"@type\":\"BreadcrumbList\",\"@id\":\"https:\\\/\\\/hoerske.de\\\/blog\\\/2018\\\/09\\\/pflanze-der-woche-rosen-zarte-schoenheiten-im-garten\\\/#breadcrumb\",\"itemListElement\":[{\"@type\":\"ListItem\",\"position\":1,\"name\":\"Startseite\",\"item\":\"https:\\\/\\\/hoerske.de\\\/blog\\\/\"},{\"@type\":\"ListItem\",\"position\":2,\"name\":\"Pflanze der Woche: Rosen &#8211; zarte Sch\u00f6nheiten im Garten\"}]},{\"@type\":\"WebSite\",\"@id\":\"https:\\\/\\\/hoerske.de\\\/blog\\\/#website\",\"url\":\"https:\\\/\\\/hoerske.de\\\/blog\\\/\",\"name\":\"Timos Blog\",\"description\":\"ego cogito, ergo sum\",\"publisher\":{\"@id\":\"https:\\\/\\\/hoerske.de\\\/blog\\\/#\\\/schema\\\/person\\\/20677cf2167fc7027b752c3bba78d5fc\"},\"potentialAction\":[{\"@type\":\"SearchAction\",\"target\":{\"@type\":\"EntryPoint\",\"urlTemplate\":\"https:\\\/\\\/hoerske.de\\\/blog\\\/?s={search_term_string}\"},\"query-input\":{\"@type\":\"PropertyValueSpecification\",\"valueRequired\":true,\"valueName\":\"search_term_string\"}}],\"inLanguage\":\"de\"},{\"@type\":[\"Person\",\"Organization\"],\"@id\":\"https:\\\/\\\/hoerske.de\\\/blog\\\/#\\\/schema\\\/person\\\/20677cf2167fc7027b752c3bba78d5fc\",\"name\":\"Timo H\u00f6rske\",\"image\":{\"@type\":\"ImageObject\",\"inLanguage\":\"de\",\"@id\":\"https:\\\/\\\/i0.wp.com\\\/hoerske.de\\\/blog\\\/wp-content\\\/uploads\\\/2023\\\/01\\\/16711213967602.jpg?fit=1024%2C954&ssl=1\",\"url\":\"https:\\\/\\\/i0.wp.com\\\/hoerske.de\\\/blog\\\/wp-content\\\/uploads\\\/2023\\\/01\\\/16711213967602.jpg?fit=1024%2C954&ssl=1\",\"contentUrl\":\"https:\\\/\\\/i0.wp.com\\\/hoerske.de\\\/blog\\\/wp-content\\\/uploads\\\/2023\\\/01\\\/16711213967602.jpg?fit=1024%2C954&ssl=1\",\"width\":1024,\"height\":954,\"caption\":\"Timo H\u00f6rske\"},\"logo\":{\"@id\":\"https:\\\/\\\/i0.wp.com\\\/hoerske.de\\\/blog\\\/wp-content\\\/uploads\\\/2023\\\/01\\\/16711213967602.jpg?fit=1024%2C954&ssl=1\"},\"description\":\"Jahrgang 1985, als \\\"Ossi\\\" geboren, im beschaulichen Premnitz an der Havel aufgewachsen. Natur- und Kunstliebhaber. Seit \u00fcber 10 Jahren Wahlbremerhavener, K\u00fcsten- und Windfan. So ziemlich an Allem interessiert. Schwerpunkte sind aber eindeutig Politik, Gesellschaft, Rechtswesen, Natur, Imkerei und Technik. Rotes Parteibuch, Mitglied des Jugendhilfeausschusses der Stadt Bremerhaven, Vorsitzender eines Kleing\u00e4rtnervereins, Fachberater f\u00fcr das Kleingartenwesen, Verbandschef der Bremerhavener Kleing\u00e4rtner*innen. Hobbyimker, Freizeitblogger, Techniknerd.\",\"sameAs\":[\"https:\\\/\\\/www.hoerske.de\\\/\",\"https:\\\/\\\/www.facebook.com\\\/timo.hoerske\",\"https:\\\/\\\/www.instagram.com\\\/thoerske\\\/\",\"https:\\\/\\\/x.com\\\/timo_hoerske\"],\"url\":\"https:\\\/\\\/hoerske.de\\\/blog\\\/author\\\/roter_admin\\\/\"}]}<\/script>\n<!-- \/ Yoast SEO Premium plugin. -->","yoast_head_json":{"title":"Pflanze der Woche: Rosen - zarte Sch\u00f6nheiten im Garten - Timos Paper","description":"Rosen sind die liebsten Blumen vieler Menschen. Nicht nur im heimischen Garten, sondern auch in \u00f6ffentlichen Anlagen werden die Rosen (lat. Rosa) vergleichsweise sehr h\u00e4ufig gepflanzt. Neben ihrem bet\u00f6renden Duft ist es vor allem ihr zartes \u00c4u\u00dferes, welches alle Blicke auf sich zieht.","robots":{"index":"index","follow":"follow","max-snippet":"max-snippet:-1","max-image-preview":"max-image-preview:large","max-video-preview":"max-video-preview:-1"},"canonical":"https:\/\/hoerske.de\/blog\/2018\/09\/pflanze-der-woche-rosen-zarte-schoenheiten-im-garten\/","og_locale":"de_DE","og_type":"article","og_title":"Pflanze der Woche: Rosen - zarte Sch\u00f6nheiten im Garten","og_description":"Rosen sind die liebsten Blumen vieler Menschen. Nicht nur im heimischen Garten, sondern auch in \u00f6ffentlichen Anlagen werden die Rosen (lat. Rosa) vergleichsweise sehr h\u00e4ufig gepflanzt. Neben ihrem bet\u00f6renden Duft ist es vor allem ihr zartes \u00c4u\u00dferes, welches alle Blicke auf sich zieht.","og_url":"https:\/\/hoerske.de\/blog\/2018\/09\/pflanze-der-woche-rosen-zarte-schoenheiten-im-garten\/","og_site_name":"Timos Paper","article_publisher":"https:\/\/www.facebook.com\/timo.hoerske","article_author":"https:\/\/www.facebook.com\/timo.hoerske","article_published_time":"2018-09-03T06:00:48+00:00","og_image":[{"width":1328,"height":747,"url":"https:\/\/i0.wp.com\/blog.hoerske.de\/wp-content\/uploads\/2018\/09\/IMG-20180708-WA0009.jpg?fit=1328%2C747","type":"image\/jpeg"}],"author":"Timo H\u00f6rske","twitter_card":"summary_large_image","twitter_creator":"@timo_hoerske","twitter_site":"@timo_hoerske","twitter_misc":{"Verfasst von":"Timo H\u00f6rske","Gesch\u00e4tzte Lesezeit":"3\u00a0Minuten"},"schema":{"@context":"https:\/\/schema.org","@graph":[{"@type":"Article","@id":"https:\/\/hoerske.de\/blog\/2018\/09\/pflanze-der-woche-rosen-zarte-schoenheiten-im-garten\/#article","isPartOf":{"@id":"https:\/\/hoerske.de\/blog\/2018\/09\/pflanze-der-woche-rosen-zarte-schoenheiten-im-garten\/"},"author":{"name":"Timo H\u00f6rske","@id":"https:\/\/hoerske.de\/blog\/#\/schema\/person\/20677cf2167fc7027b752c3bba78d5fc"},"headline":"Pflanze der Woche: Rosen &#8211; zarte Sch\u00f6nheiten im Garten","datePublished":"2018-09-03T06:00:48+00:00","mainEntityOfPage":{"@id":"https:\/\/hoerske.de\/blog\/2018\/09\/pflanze-der-woche-rosen-zarte-schoenheiten-im-garten\/"},"wordCount":538,"commentCount":0,"publisher":{"@id":"https:\/\/hoerske.de\/blog\/#\/schema\/person\/20677cf2167fc7027b752c3bba78d5fc"},"image":{"@id":"https:\/\/hoerske.de\/blog\/2018\/09\/pflanze-der-woche-rosen-zarte-schoenheiten-im-garten\/#primaryimage"},"thumbnailUrl":"https:\/\/i0.wp.com\/hoerske.de\/blog\/wp-content\/uploads\/2018\/09\/IMG-20180708-WA0009.jpg?fit=1328%2C747&ssl=1","keywords":["Art","Bibel","Garten","Kleingarten","Liebe","Mythologie","Pflanze","Rosa","Rosen","Schrebergarten"],"articleSection":["2018","Garten"],"inLanguage":"de","potentialAction":[{"@type":"CommentAction","name":"Comment","target":["https:\/\/hoerske.de\/blog\/2018\/09\/pflanze-der-woche-rosen-zarte-schoenheiten-im-garten\/#respond"]}]},{"@type":"WebPage","@id":"https:\/\/hoerske.de\/blog\/2018\/09\/pflanze-der-woche-rosen-zarte-schoenheiten-im-garten\/","url":"https:\/\/hoerske.de\/blog\/2018\/09\/pflanze-der-woche-rosen-zarte-schoenheiten-im-garten\/","name":"Pflanze der Woche: Rosen - zarte Sch\u00f6nheiten im Garten - Timos Paper","isPartOf":{"@id":"https:\/\/hoerske.de\/blog\/#website"},"primaryImageOfPage":{"@id":"https:\/\/hoerske.de\/blog\/2018\/09\/pflanze-der-woche-rosen-zarte-schoenheiten-im-garten\/#primaryimage"},"image":{"@id":"https:\/\/hoerske.de\/blog\/2018\/09\/pflanze-der-woche-rosen-zarte-schoenheiten-im-garten\/#primaryimage"},"thumbnailUrl":"https:\/\/i0.wp.com\/hoerske.de\/blog\/wp-content\/uploads\/2018\/09\/IMG-20180708-WA0009.jpg?fit=1328%2C747&ssl=1","datePublished":"2018-09-03T06:00:48+00:00","description":"Rosen sind die liebsten Blumen vieler Menschen. Nicht nur im heimischen Garten, sondern auch in \u00f6ffentlichen Anlagen werden die Rosen (lat. Rosa) vergleichsweise sehr h\u00e4ufig gepflanzt. Neben ihrem bet\u00f6renden Duft ist es vor allem ihr zartes \u00c4u\u00dferes, welches alle Blicke auf sich zieht.","breadcrumb":{"@id":"https:\/\/hoerske.de\/blog\/2018\/09\/pflanze-der-woche-rosen-zarte-schoenheiten-im-garten\/#breadcrumb"},"inLanguage":"de","potentialAction":[{"@type":"ReadAction","target":["https:\/\/hoerske.de\/blog\/2018\/09\/pflanze-der-woche-rosen-zarte-schoenheiten-im-garten\/"]}]},{"@type":"ImageObject","inLanguage":"de","@id":"https:\/\/hoerske.de\/blog\/2018\/09\/pflanze-der-woche-rosen-zarte-schoenheiten-im-garten\/#primaryimage","url":"https:\/\/i0.wp.com\/hoerske.de\/blog\/wp-content\/uploads\/2018\/09\/IMG-20180708-WA0009.jpg?fit=1328%2C747&ssl=1","contentUrl":"https:\/\/i0.wp.com\/hoerske.de\/blog\/wp-content\/uploads\/2018\/09\/IMG-20180708-WA0009.jpg?fit=1328%2C747&ssl=1","width":1328,"height":747,"caption":"Kletter- Rose"},{"@type":"BreadcrumbList","@id":"https:\/\/hoerske.de\/blog\/2018\/09\/pflanze-der-woche-rosen-zarte-schoenheiten-im-garten\/#breadcrumb","itemListElement":[{"@type":"ListItem","position":1,"name":"Startseite","item":"https:\/\/hoerske.de\/blog\/"},{"@type":"ListItem","position":2,"name":"Pflanze der Woche: Rosen &#8211; zarte Sch\u00f6nheiten im Garten"}]},{"@type":"WebSite","@id":"https:\/\/hoerske.de\/blog\/#website","url":"https:\/\/hoerske.de\/blog\/","name":"Timos Blog","description":"ego cogito, ergo sum","publisher":{"@id":"https:\/\/hoerske.de\/blog\/#\/schema\/person\/20677cf2167fc7027b752c3bba78d5fc"},"potentialAction":[{"@type":"SearchAction","target":{"@type":"EntryPoint","urlTemplate":"https:\/\/hoerske.de\/blog\/?s={search_term_string}"},"query-input":{"@type":"PropertyValueSpecification","valueRequired":true,"valueName":"search_term_string"}}],"inLanguage":"de"},{"@type":["Person","Organization"],"@id":"https:\/\/hoerske.de\/blog\/#\/schema\/person\/20677cf2167fc7027b752c3bba78d5fc","name":"Timo H\u00f6rske","image":{"@type":"ImageObject","inLanguage":"de","@id":"https:\/\/i0.wp.com\/hoerske.de\/blog\/wp-content\/uploads\/2023\/01\/16711213967602.jpg?fit=1024%2C954&ssl=1","url":"https:\/\/i0.wp.com\/hoerske.de\/blog\/wp-content\/uploads\/2023\/01\/16711213967602.jpg?fit=1024%2C954&ssl=1","contentUrl":"https:\/\/i0.wp.com\/hoerske.de\/blog\/wp-content\/uploads\/2023\/01\/16711213967602.jpg?fit=1024%2C954&ssl=1","width":1024,"height":954,"caption":"Timo H\u00f6rske"},"logo":{"@id":"https:\/\/i0.wp.com\/hoerske.de\/blog\/wp-content\/uploads\/2023\/01\/16711213967602.jpg?fit=1024%2C954&ssl=1"},"description":"Jahrgang 1985, als \"Ossi\" geboren, im beschaulichen Premnitz an der Havel aufgewachsen. Natur- und Kunstliebhaber. Seit \u00fcber 10 Jahren Wahlbremerhavener, K\u00fcsten- und Windfan. So ziemlich an Allem interessiert. Schwerpunkte sind aber eindeutig Politik, Gesellschaft, Rechtswesen, Natur, Imkerei und Technik. Rotes Parteibuch, Mitglied des Jugendhilfeausschusses der Stadt Bremerhaven, Vorsitzender eines Kleing\u00e4rtnervereins, Fachberater f\u00fcr das Kleingartenwesen, Verbandschef der Bremerhavener Kleing\u00e4rtner*innen. Hobbyimker, Freizeitblogger, Techniknerd.","sameAs":["https:\/\/www.hoerske.de\/","https:\/\/www.facebook.com\/timo.hoerske","https:\/\/www.instagram.com\/thoerske\/","https:\/\/x.com\/timo_hoerske"],"url":"https:\/\/hoerske.de\/blog\/author\/roter_admin\/"}]}},"jetpack_publicize_connections":[],"jetpack_featured_media_url":"https:\/\/i0.wp.com\/hoerske.de\/blog\/wp-content\/uploads\/2018\/09\/IMG-20180708-WA0009.jpg?fit=1328%2C747&ssl=1","jetpack_shortlink":"https:\/\/wp.me\/p4W3ht-YW","jetpack_sharing_enabled":true,"_links":{"self":[{"href":"https:\/\/hoerske.de\/blog\/wp-json\/wp\/v2\/posts\/3778","targetHints":{"allow":["GET"]}}],"collection":[{"href":"https:\/\/hoerske.de\/blog\/wp-json\/wp\/v2\/posts"}],"about":[{"href":"https:\/\/hoerske.de\/blog\/wp-json\/wp\/v2\/types\/post"}],"author":[{"embeddable":true,"href":"https:\/\/hoerske.de\/blog\/wp-json\/wp\/v2\/users\/1"}],"replies":[{"embeddable":true,"href":"https:\/\/hoerske.de\/blog\/wp-json\/wp\/v2\/comments?post=3778"}],"version-history":[{"count":0,"href":"https:\/\/hoerske.de\/blog\/wp-json\/wp\/v2\/posts\/3778\/revisions"}],"wp:featuredmedia":[{"embeddable":true,"href":"https:\/\/hoerske.de\/blog\/wp-json\/wp\/v2\/media\/3781"}],"wp:attachment":[{"href":"https:\/\/hoerske.de\/blog\/wp-json\/wp\/v2\/media?parent=3778"}],"wp:term":[{"taxonomy":"category","embeddable":true,"href":"https:\/\/hoerske.de\/blog\/wp-json\/wp\/v2\/categories?post=3778"},{"taxonomy":"post_tag","embeddable":true,"href":"https:\/\/hoerske.de\/blog\/wp-json\/wp\/v2\/tags?post=3778"}],"curies":[{"name":"wp","href":"https:\/\/api.w.org\/{rel}","templated":true}]}}