{"id":3669,"date":"2018-07-24T18:00:59","date_gmt":"2018-07-24T16:00:59","guid":{"rendered":"https:\/\/www.hoerske.de\/?p=3669"},"modified":"2018-07-24T16:47:42","modified_gmt":"2018-07-24T14:47:42","slug":"pflanze-der-woche-sonnenblume","status":"publish","type":"post","link":"https:\/\/hoerske.de\/blog\/2018\/07\/pflanze-der-woche-sonnenblume\/","title":{"rendered":"Pflanze der Woche: Sonnenblume"},"content":{"rendered":"<p>Sonntag, Sonne, Sonnenblume so habe ich mir vorgestern vorgenommen, euch die neue Pflanze der Woche anzuk\u00fcndigen. Es ist rundweg nur hei\u00df in Bremerhaven, viele Pl\u00e4ne f\u00fcr den Kleingarten fallen auf Grund der hohen Temperaturen aus.<\/p>\n<p>Die Hauptbesch\u00e4ftigung ist im Moment das Gie\u00dfen. Das Projekt Gartenh\u00e4uschen- Streichen macht Fortschritte und viele leckere Dinge sind reif geworden und wollen geerntet werden. Den amtlichen Brokkoli habt ihr auf meinen Kan\u00e4len zweifelsfrei schon entdeckt. Ich kann sagen: Schlicht und einfach nur lecker. Es f\u00e4llt nicht schwer, so die vergangene Gartenwoche zusammenzufassen.<\/p>\n<p>Die Sonnenblumen in unserem Kleingarten lieben das warme, sonnige und sommerliche Wetter. Sie wachsen, bl\u00fchen reichlich und sind ein Quell t\u00e4glicher Freuden.<\/p>\n<h2>Sonnenblumen \u2013 <em>Helianthus annuus<\/em><\/h2>\n<p>Die Sonnenblume wird gemeinhin gew\u00f6hnliche Sonnenblume genannt und bezeichnet eine Art aus der Gattung <em>Helianthus<\/em> (Sonnenblume) in der Familie der <em>Asteraceae<\/em> (Korbbl\u00fctler). Als krautige Pflanze erreicht sie eine Wuchsh\u00f6he von meist 1 bis zu seltenen 3 Metern. Im Gegensatz zur <em>Topinambur<\/em> bildet die Sonnenblume keine Knollen aus.<\/p>\n<p>Urspr\u00fcnglich ist die wilde Sonnenblume von Nord- bis Mittelamerika verbreitet. Als Nutzpflanze wurde die Pflanze, nach arch\u00e4ologische Erkenntnissen, bereits 2500 v. Chr. in der Region des Mississippi und in Mexiko-Stadt angebaut. Aus Amerika nach Europa kamen die Samen der Sonnenblume erst 1552, im Gep\u00e4ck von spanischen Seefahrern. Am Anfang wurde <em>Helianthus annuus<\/em> in Europa haupts\u00e4chlich als Zierpflanze genutzt.<\/p>\n<h2>Herkunft des Namens<\/h2>\n<p>Der botanische Name, <em>Helianthus annuus<\/em>, leitet sich von den griechischen W\u00f6rtern <em>helios<\/em> (Sonne) und <em>anthos<\/em> (Blume) ab. Die botanische Bezeichnung stammt aus der griechischen Mythologie und ist in einem Gedicht von <em>Ovid<\/em> \u00fcberliefert worden. Denn einst verliebte sich das M\u00e4dchen <em>Clytia<\/em> in den den Gott <em>Apollon<\/em>. Dieser wies die junge Frau ab und die verschm\u00e4hte <em>Clytia<\/em> setzte sich daraufhin nackt auf einen Felsen, a\u00df und trank nichts mehr und beklagte ihr K\u00fcmmernis.<\/p>\n<p>Sie schaute der Legende nach, neun Tage <em>Apollo<\/em> zu, wie dieser seinen Wagen \u00fcber den Himmel f\u00fchrte. Ihr Leid wurde zu gelben und braunen Farben und sie verwandelte sich in eine \u201eSonnenblume\u201c. Daher die Eigenschaft der Bl\u00fcten der <em>Helianthus annuus<\/em> sich stets nach der Sonne (Apollos Sonnenwagen) auszurichten.<\/p>\n<p>Diese Legende\/ Geschichte hat einen Haken: Denn die heute als Sonnenblume bezeichnete Pflanze stammt aus Amerika. Das Gew\u00e4chs aus der griechischen Mythologie muss daher etwas anderes gewesen sein. Es ist ein Vertreter der Gattung Sonnenwenden (<em>Heliotropium<\/em>) anzunehmen. Das Attributivum <em>annuus<\/em> leitet sich von der Bezeichnung f\u00fcr \u201ej\u00e4hrlich\u201c ab und bezieht sich auf die einj\u00e4hrige Vegetationsphase der Pflanze.<\/p>\n<h2>Anbau im Garten<\/h2>\n<p>Die Sonnenblume f\u00fchlt sich im Kleingarten wohl, wenn sie einen tiefgr\u00fcndigen, humus- und n\u00e4hrstoffreicher Boden mit ausreichender Wasserversorgung vorfindet. Die Aussaat erfolgt Anfang April mit einem Reihenabstand von 75 cm und einem Abstand in der Reihe von 45 cm bei einer Saattiefe von 4 bis 6 cm.<\/p>\n<p>Wir haben die Sonnenblumen aus dekorativen Gr\u00fcnden und der Gewinnung von Samen im Garten. Die \u00e4u\u00dferlich sichtbaren Zeichen der Erntezeit sind abgestorbene Bl\u00e4tter und gelb gef\u00e4rbte Unterseiten der Bl\u00fcten. Danach trocknen wir die kompletten Bl\u00fctenst\u00e4nde mit den Kernen, legen diese f\u00fcr die V\u00f6gel im Herbst und Winter aus und die zahlreichen Gartenbewohner k\u00f6nnen sich dar\u00fcber freuen.<\/p>\n<p>In diesem Jahr sind unsere Sonnenblumen etwas sp\u00e4t dran und bl\u00fchen noch nicht alle. Aber ich denke, in den n\u00e4chsten Tagen sollten alle Exemplare soweit sein. Ich freue mich immer wieder \u00fcber die goldigen und gro\u00dfen Bl\u00fcten, die \u00fcber die ganzen Beete strahlen.<\/p>\n<h2>Off-Topic<\/h2>\n<p>Nach einer Textanalyse ist dieser Text zu 50% subjektiv, die wichtigsten Worte sind:\u00a0<em>Sonnenblume, Pflanze, Sonne, Garten, Amerika, Kleingarten, Helianthus<\/em><\/p>\n<p>Ein Computer w\u00fcrde diesen Text der Kategorie <a href=\"https:\/\/www.hoerske.de\/blog\/kategorien\/garten\/\">Garten<\/a> zu ordnen.<\/p>\n","protected":false},"excerpt":{"rendered":"<p>Sonntag, Sonne, Sonnenblume so habe ich mir vorgestern vorgenommen, euch die neue Pflanze der Woche anzuk\u00fcndigen. Es ist rundweg nur hei\u00df in Bremerhaven, viele Pl\u00e4ne f\u00fcr den Kleingarten fallen auf Grund der hohen Temperaturen aus.<\/p>\n","protected":false},"author":1,"featured_media":3672,"comment_status":"open","ping_status":"open","sticky":false,"template":"","format":"standard","meta":{"jetpack_post_was_ever_published":false,"_jetpack_newsletter_access":"","_jetpack_dont_email_post_to_subs":false,"_jetpack_newsletter_tier_id":0,"_jetpack_memberships_contains_paywalled_content":false,"_jetpack_memberships_contains_paid_content":false,"footnotes":"","jetpack_publicize_message":"","jetpack_publicize_feature_enabled":true,"jetpack_social_post_already_shared":false,"jetpack_social_options":{"image_generator_settings":{"template":"highway","default_image_id":0,"font":"","enabled":false},"version":2},"_wpas_customize_per_network":false},"categories":[803,606],"tags":[1173,469,1174,1065,1159,1172,1171],"class_list":["post-3669","post","type-post","status-publish","format-standard","has-post-thumbnail","hentry","category-803","category-garten","tag-amerika","tag-garten","tag-helianthus","tag-kleingarten","tag-pflanze","tag-sonne","tag-sonnenblume"],"yoast_head":"<!-- This site is optimized with the Yoast SEO Premium plugin v27.3 (Yoast SEO v27.3) - https:\/\/yoast.com\/product\/yoast-seo-premium-wordpress\/ -->\n<title>Pflanze der Woche: Sonnenblume - Timos Paper<\/title>\n<meta name=\"description\" content=\"Sonntag, Sonne, Sonnenblume so habe ich mir vorgestern vorgenommen, euch die neue Pflanze der Woche anzuk\u00fcndigen. Es ist rundweg nur hei\u00df in Bremerhaven, viele Pl\u00e4ne f\u00fcr den Kleingarten fallen auf Grund der hohen Temperaturen aus.\" \/>\n<meta name=\"robots\" content=\"index, follow, max-snippet:-1, max-image-preview:large, max-video-preview:-1\" \/>\n<link rel=\"canonical\" href=\"https:\/\/hoerske.de\/blog\/2018\/07\/pflanze-der-woche-sonnenblume\/\" \/>\n<meta property=\"og:locale\" content=\"de_DE\" \/>\n<meta property=\"og:type\" content=\"article\" \/>\n<meta property=\"og:title\" content=\"Pflanze der Woche: Sonnenblume\" \/>\n<meta property=\"og:description\" content=\"Sonntag, Sonne, Sonnenblume so habe ich mir vorgestern vorgenommen, euch die neue Pflanze der Woche anzuk\u00fcndigen. Es ist rundweg nur hei\u00df in Bremerhaven, viele Pl\u00e4ne f\u00fcr den Kleingarten fallen auf Grund der hohen Temperaturen aus.\" \/>\n<meta property=\"og:url\" content=\"https:\/\/hoerske.de\/blog\/2018\/07\/pflanze-der-woche-sonnenblume\/\" \/>\n<meta property=\"og:site_name\" content=\"Timos Paper\" \/>\n<meta property=\"article:publisher\" content=\"https:\/\/www.facebook.com\/timo.hoerske\" \/>\n<meta property=\"article:author\" content=\"https:\/\/www.facebook.com\/timo.hoerske\" \/>\n<meta property=\"article:published_time\" content=\"2018-07-24T16:00:59+00:00\" \/>\n<meta property=\"og:image\" content=\"https:\/\/i0.wp.com\/blog.hoerske.de\/wp-content\/uploads\/2018\/07\/IMG-20180716-WA0001.jpg?fit=1328%2C747\" \/>\n\t<meta property=\"og:image:width\" content=\"1328\" \/>\n\t<meta property=\"og:image:height\" content=\"747\" \/>\n\t<meta property=\"og:image:type\" content=\"image\/jpeg\" \/>\n<meta name=\"author\" content=\"Timo H\u00f6rske\" \/>\n<meta name=\"twitter:card\" content=\"summary_large_image\" \/>\n<meta name=\"twitter:creator\" content=\"@timo_hoerske\" \/>\n<meta name=\"twitter:site\" content=\"@timo_hoerske\" \/>\n<meta name=\"twitter:label1\" content=\"Verfasst von\" \/>\n\t<meta name=\"twitter:data1\" content=\"Timo H\u00f6rske\" \/>\n\t<meta name=\"twitter:label2\" content=\"Gesch\u00e4tzte Lesezeit\" \/>\n\t<meta name=\"twitter:data2\" content=\"3\u00a0Minuten\" \/>\n<script type=\"application\/ld+json\" class=\"yoast-schema-graph\">{\"@context\":\"https:\\\/\\\/schema.org\",\"@graph\":[{\"@type\":\"Article\",\"@id\":\"https:\\\/\\\/hoerske.de\\\/blog\\\/2018\\\/07\\\/pflanze-der-woche-sonnenblume\\\/#article\",\"isPartOf\":{\"@id\":\"https:\\\/\\\/hoerske.de\\\/blog\\\/2018\\\/07\\\/pflanze-der-woche-sonnenblume\\\/\"},\"author\":{\"name\":\"Timo H\u00f6rske\",\"@id\":\"https:\\\/\\\/hoerske.de\\\/blog\\\/#\\\/schema\\\/person\\\/20677cf2167fc7027b752c3bba78d5fc\"},\"headline\":\"Pflanze der Woche: Sonnenblume\",\"datePublished\":\"2018-07-24T16:00:59+00:00\",\"mainEntityOfPage\":{\"@id\":\"https:\\\/\\\/hoerske.de\\\/blog\\\/2018\\\/07\\\/pflanze-der-woche-sonnenblume\\\/\"},\"wordCount\":619,\"commentCount\":0,\"publisher\":{\"@id\":\"https:\\\/\\\/hoerske.de\\\/blog\\\/#\\\/schema\\\/person\\\/20677cf2167fc7027b752c3bba78d5fc\"},\"image\":{\"@id\":\"https:\\\/\\\/hoerske.de\\\/blog\\\/2018\\\/07\\\/pflanze-der-woche-sonnenblume\\\/#primaryimage\"},\"thumbnailUrl\":\"https:\\\/\\\/i0.wp.com\\\/hoerske.de\\\/blog\\\/wp-content\\\/uploads\\\/2018\\\/07\\\/IMG-20180716-WA0001.jpg?fit=1328%2C747&ssl=1\",\"keywords\":[\"Amerika\",\"Garten\",\"Helianthus\",\"Kleingarten\",\"Pflanze\",\"Sonne\",\"Sonnenblume\"],\"articleSection\":[\"2018\",\"Garten\"],\"inLanguage\":\"de\",\"potentialAction\":[{\"@type\":\"CommentAction\",\"name\":\"Comment\",\"target\":[\"https:\\\/\\\/hoerske.de\\\/blog\\\/2018\\\/07\\\/pflanze-der-woche-sonnenblume\\\/#respond\"]}]},{\"@type\":\"WebPage\",\"@id\":\"https:\\\/\\\/hoerske.de\\\/blog\\\/2018\\\/07\\\/pflanze-der-woche-sonnenblume\\\/\",\"url\":\"https:\\\/\\\/hoerske.de\\\/blog\\\/2018\\\/07\\\/pflanze-der-woche-sonnenblume\\\/\",\"name\":\"Pflanze der Woche: Sonnenblume - Timos Paper\",\"isPartOf\":{\"@id\":\"https:\\\/\\\/hoerske.de\\\/blog\\\/#website\"},\"primaryImageOfPage\":{\"@id\":\"https:\\\/\\\/hoerske.de\\\/blog\\\/2018\\\/07\\\/pflanze-der-woche-sonnenblume\\\/#primaryimage\"},\"image\":{\"@id\":\"https:\\\/\\\/hoerske.de\\\/blog\\\/2018\\\/07\\\/pflanze-der-woche-sonnenblume\\\/#primaryimage\"},\"thumbnailUrl\":\"https:\\\/\\\/i0.wp.com\\\/hoerske.de\\\/blog\\\/wp-content\\\/uploads\\\/2018\\\/07\\\/IMG-20180716-WA0001.jpg?fit=1328%2C747&ssl=1\",\"datePublished\":\"2018-07-24T16:00:59+00:00\",\"description\":\"Sonntag, Sonne, Sonnenblume so habe ich mir vorgestern vorgenommen, euch die neue Pflanze der Woche anzuk\u00fcndigen. Es ist rundweg nur hei\u00df in Bremerhaven, viele Pl\u00e4ne f\u00fcr den Kleingarten fallen auf Grund der hohen Temperaturen aus.\",\"breadcrumb\":{\"@id\":\"https:\\\/\\\/hoerske.de\\\/blog\\\/2018\\\/07\\\/pflanze-der-woche-sonnenblume\\\/#breadcrumb\"},\"inLanguage\":\"de\",\"potentialAction\":[{\"@type\":\"ReadAction\",\"target\":[\"https:\\\/\\\/hoerske.de\\\/blog\\\/2018\\\/07\\\/pflanze-der-woche-sonnenblume\\\/\"]}]},{\"@type\":\"ImageObject\",\"inLanguage\":\"de\",\"@id\":\"https:\\\/\\\/hoerske.de\\\/blog\\\/2018\\\/07\\\/pflanze-der-woche-sonnenblume\\\/#primaryimage\",\"url\":\"https:\\\/\\\/i0.wp.com\\\/hoerske.de\\\/blog\\\/wp-content\\\/uploads\\\/2018\\\/07\\\/IMG-20180716-WA0001.jpg?fit=1328%2C747&ssl=1\",\"contentUrl\":\"https:\\\/\\\/i0.wp.com\\\/hoerske.de\\\/blog\\\/wp-content\\\/uploads\\\/2018\\\/07\\\/IMG-20180716-WA0001.jpg?fit=1328%2C747&ssl=1\",\"width\":1328,\"height\":747,\"caption\":\"Sonnenblume\"},{\"@type\":\"BreadcrumbList\",\"@id\":\"https:\\\/\\\/hoerske.de\\\/blog\\\/2018\\\/07\\\/pflanze-der-woche-sonnenblume\\\/#breadcrumb\",\"itemListElement\":[{\"@type\":\"ListItem\",\"position\":1,\"name\":\"Startseite\",\"item\":\"https:\\\/\\\/hoerske.de\\\/blog\\\/\"},{\"@type\":\"ListItem\",\"position\":2,\"name\":\"Pflanze der Woche: Sonnenblume\"}]},{\"@type\":\"WebSite\",\"@id\":\"https:\\\/\\\/hoerske.de\\\/blog\\\/#website\",\"url\":\"https:\\\/\\\/hoerske.de\\\/blog\\\/\",\"name\":\"Timos Blog\",\"description\":\"ego cogito, ergo sum\",\"publisher\":{\"@id\":\"https:\\\/\\\/hoerske.de\\\/blog\\\/#\\\/schema\\\/person\\\/20677cf2167fc7027b752c3bba78d5fc\"},\"potentialAction\":[{\"@type\":\"SearchAction\",\"target\":{\"@type\":\"EntryPoint\",\"urlTemplate\":\"https:\\\/\\\/hoerske.de\\\/blog\\\/?s={search_term_string}\"},\"query-input\":{\"@type\":\"PropertyValueSpecification\",\"valueRequired\":true,\"valueName\":\"search_term_string\"}}],\"inLanguage\":\"de\"},{\"@type\":[\"Person\",\"Organization\"],\"@id\":\"https:\\\/\\\/hoerske.de\\\/blog\\\/#\\\/schema\\\/person\\\/20677cf2167fc7027b752c3bba78d5fc\",\"name\":\"Timo H\u00f6rske\",\"image\":{\"@type\":\"ImageObject\",\"inLanguage\":\"de\",\"@id\":\"https:\\\/\\\/i0.wp.com\\\/hoerske.de\\\/blog\\\/wp-content\\\/uploads\\\/2023\\\/01\\\/16711213967602.jpg?fit=1024%2C954&ssl=1\",\"url\":\"https:\\\/\\\/i0.wp.com\\\/hoerske.de\\\/blog\\\/wp-content\\\/uploads\\\/2023\\\/01\\\/16711213967602.jpg?fit=1024%2C954&ssl=1\",\"contentUrl\":\"https:\\\/\\\/i0.wp.com\\\/hoerske.de\\\/blog\\\/wp-content\\\/uploads\\\/2023\\\/01\\\/16711213967602.jpg?fit=1024%2C954&ssl=1\",\"width\":1024,\"height\":954,\"caption\":\"Timo H\u00f6rske\"},\"logo\":{\"@id\":\"https:\\\/\\\/i0.wp.com\\\/hoerske.de\\\/blog\\\/wp-content\\\/uploads\\\/2023\\\/01\\\/16711213967602.jpg?fit=1024%2C954&ssl=1\"},\"description\":\"Jahrgang 1985, als \\\"Ossi\\\" geboren, im beschaulichen Premnitz an der Havel aufgewachsen. Natur- und Kunstliebhaber. Seit \u00fcber 10 Jahren Wahlbremerhavener, K\u00fcsten- und Windfan. So ziemlich an Allem interessiert. Schwerpunkte sind aber eindeutig Politik, Gesellschaft, Rechtswesen, Natur, Imkerei und Technik. Rotes Parteibuch, Mitglied des Jugendhilfeausschusses der Stadt Bremerhaven, Vorsitzender eines Kleing\u00e4rtnervereins, Fachberater f\u00fcr das Kleingartenwesen, Verbandschef der Bremerhavener Kleing\u00e4rtner*innen. Hobbyimker, Freizeitblogger, Techniknerd.\",\"sameAs\":[\"https:\\\/\\\/www.hoerske.de\\\/\",\"https:\\\/\\\/www.facebook.com\\\/timo.hoerske\",\"https:\\\/\\\/www.instagram.com\\\/thoerske\\\/\",\"https:\\\/\\\/x.com\\\/timo_hoerske\"],\"url\":\"https:\\\/\\\/hoerske.de\\\/blog\\\/author\\\/roter_admin\\\/\"}]}<\/script>\n<!-- \/ Yoast SEO Premium plugin. -->","yoast_head_json":{"title":"Pflanze der Woche: Sonnenblume - Timos Paper","description":"Sonntag, Sonne, Sonnenblume so habe ich mir vorgestern vorgenommen, euch die neue Pflanze der Woche anzuk\u00fcndigen. Es ist rundweg nur hei\u00df in Bremerhaven, viele Pl\u00e4ne f\u00fcr den Kleingarten fallen auf Grund der hohen Temperaturen aus.","robots":{"index":"index","follow":"follow","max-snippet":"max-snippet:-1","max-image-preview":"max-image-preview:large","max-video-preview":"max-video-preview:-1"},"canonical":"https:\/\/hoerske.de\/blog\/2018\/07\/pflanze-der-woche-sonnenblume\/","og_locale":"de_DE","og_type":"article","og_title":"Pflanze der Woche: Sonnenblume","og_description":"Sonntag, Sonne, Sonnenblume so habe ich mir vorgestern vorgenommen, euch die neue Pflanze der Woche anzuk\u00fcndigen. Es ist rundweg nur hei\u00df in Bremerhaven, viele Pl\u00e4ne f\u00fcr den Kleingarten fallen auf Grund der hohen Temperaturen aus.","og_url":"https:\/\/hoerske.de\/blog\/2018\/07\/pflanze-der-woche-sonnenblume\/","og_site_name":"Timos Paper","article_publisher":"https:\/\/www.facebook.com\/timo.hoerske","article_author":"https:\/\/www.facebook.com\/timo.hoerske","article_published_time":"2018-07-24T16:00:59+00:00","og_image":[{"width":1328,"height":747,"url":"https:\/\/i0.wp.com\/blog.hoerske.de\/wp-content\/uploads\/2018\/07\/IMG-20180716-WA0001.jpg?fit=1328%2C747","type":"image\/jpeg"}],"author":"Timo H\u00f6rske","twitter_card":"summary_large_image","twitter_creator":"@timo_hoerske","twitter_site":"@timo_hoerske","twitter_misc":{"Verfasst von":"Timo H\u00f6rske","Gesch\u00e4tzte Lesezeit":"3\u00a0Minuten"},"schema":{"@context":"https:\/\/schema.org","@graph":[{"@type":"Article","@id":"https:\/\/hoerske.de\/blog\/2018\/07\/pflanze-der-woche-sonnenblume\/#article","isPartOf":{"@id":"https:\/\/hoerske.de\/blog\/2018\/07\/pflanze-der-woche-sonnenblume\/"},"author":{"name":"Timo H\u00f6rske","@id":"https:\/\/hoerske.de\/blog\/#\/schema\/person\/20677cf2167fc7027b752c3bba78d5fc"},"headline":"Pflanze der Woche: Sonnenblume","datePublished":"2018-07-24T16:00:59+00:00","mainEntityOfPage":{"@id":"https:\/\/hoerske.de\/blog\/2018\/07\/pflanze-der-woche-sonnenblume\/"},"wordCount":619,"commentCount":0,"publisher":{"@id":"https:\/\/hoerske.de\/blog\/#\/schema\/person\/20677cf2167fc7027b752c3bba78d5fc"},"image":{"@id":"https:\/\/hoerske.de\/blog\/2018\/07\/pflanze-der-woche-sonnenblume\/#primaryimage"},"thumbnailUrl":"https:\/\/i0.wp.com\/hoerske.de\/blog\/wp-content\/uploads\/2018\/07\/IMG-20180716-WA0001.jpg?fit=1328%2C747&ssl=1","keywords":["Amerika","Garten","Helianthus","Kleingarten","Pflanze","Sonne","Sonnenblume"],"articleSection":["2018","Garten"],"inLanguage":"de","potentialAction":[{"@type":"CommentAction","name":"Comment","target":["https:\/\/hoerske.de\/blog\/2018\/07\/pflanze-der-woche-sonnenblume\/#respond"]}]},{"@type":"WebPage","@id":"https:\/\/hoerske.de\/blog\/2018\/07\/pflanze-der-woche-sonnenblume\/","url":"https:\/\/hoerske.de\/blog\/2018\/07\/pflanze-der-woche-sonnenblume\/","name":"Pflanze der Woche: Sonnenblume - Timos Paper","isPartOf":{"@id":"https:\/\/hoerske.de\/blog\/#website"},"primaryImageOfPage":{"@id":"https:\/\/hoerske.de\/blog\/2018\/07\/pflanze-der-woche-sonnenblume\/#primaryimage"},"image":{"@id":"https:\/\/hoerske.de\/blog\/2018\/07\/pflanze-der-woche-sonnenblume\/#primaryimage"},"thumbnailUrl":"https:\/\/i0.wp.com\/hoerske.de\/blog\/wp-content\/uploads\/2018\/07\/IMG-20180716-WA0001.jpg?fit=1328%2C747&ssl=1","datePublished":"2018-07-24T16:00:59+00:00","description":"Sonntag, Sonne, Sonnenblume so habe ich mir vorgestern vorgenommen, euch die neue Pflanze der Woche anzuk\u00fcndigen. Es ist rundweg nur hei\u00df in Bremerhaven, viele Pl\u00e4ne f\u00fcr den Kleingarten fallen auf Grund der hohen Temperaturen aus.","breadcrumb":{"@id":"https:\/\/hoerske.de\/blog\/2018\/07\/pflanze-der-woche-sonnenblume\/#breadcrumb"},"inLanguage":"de","potentialAction":[{"@type":"ReadAction","target":["https:\/\/hoerske.de\/blog\/2018\/07\/pflanze-der-woche-sonnenblume\/"]}]},{"@type":"ImageObject","inLanguage":"de","@id":"https:\/\/hoerske.de\/blog\/2018\/07\/pflanze-der-woche-sonnenblume\/#primaryimage","url":"https:\/\/i0.wp.com\/hoerske.de\/blog\/wp-content\/uploads\/2018\/07\/IMG-20180716-WA0001.jpg?fit=1328%2C747&ssl=1","contentUrl":"https:\/\/i0.wp.com\/hoerske.de\/blog\/wp-content\/uploads\/2018\/07\/IMG-20180716-WA0001.jpg?fit=1328%2C747&ssl=1","width":1328,"height":747,"caption":"Sonnenblume"},{"@type":"BreadcrumbList","@id":"https:\/\/hoerske.de\/blog\/2018\/07\/pflanze-der-woche-sonnenblume\/#breadcrumb","itemListElement":[{"@type":"ListItem","position":1,"name":"Startseite","item":"https:\/\/hoerske.de\/blog\/"},{"@type":"ListItem","position":2,"name":"Pflanze der Woche: Sonnenblume"}]},{"@type":"WebSite","@id":"https:\/\/hoerske.de\/blog\/#website","url":"https:\/\/hoerske.de\/blog\/","name":"Timos Blog","description":"ego cogito, ergo sum","publisher":{"@id":"https:\/\/hoerske.de\/blog\/#\/schema\/person\/20677cf2167fc7027b752c3bba78d5fc"},"potentialAction":[{"@type":"SearchAction","target":{"@type":"EntryPoint","urlTemplate":"https:\/\/hoerske.de\/blog\/?s={search_term_string}"},"query-input":{"@type":"PropertyValueSpecification","valueRequired":true,"valueName":"search_term_string"}}],"inLanguage":"de"},{"@type":["Person","Organization"],"@id":"https:\/\/hoerske.de\/blog\/#\/schema\/person\/20677cf2167fc7027b752c3bba78d5fc","name":"Timo H\u00f6rske","image":{"@type":"ImageObject","inLanguage":"de","@id":"https:\/\/i0.wp.com\/hoerske.de\/blog\/wp-content\/uploads\/2023\/01\/16711213967602.jpg?fit=1024%2C954&ssl=1","url":"https:\/\/i0.wp.com\/hoerske.de\/blog\/wp-content\/uploads\/2023\/01\/16711213967602.jpg?fit=1024%2C954&ssl=1","contentUrl":"https:\/\/i0.wp.com\/hoerske.de\/blog\/wp-content\/uploads\/2023\/01\/16711213967602.jpg?fit=1024%2C954&ssl=1","width":1024,"height":954,"caption":"Timo H\u00f6rske"},"logo":{"@id":"https:\/\/i0.wp.com\/hoerske.de\/blog\/wp-content\/uploads\/2023\/01\/16711213967602.jpg?fit=1024%2C954&ssl=1"},"description":"Jahrgang 1985, als \"Ossi\" geboren, im beschaulichen Premnitz an der Havel aufgewachsen. Natur- und Kunstliebhaber. Seit \u00fcber 10 Jahren Wahlbremerhavener, K\u00fcsten- und Windfan. So ziemlich an Allem interessiert. Schwerpunkte sind aber eindeutig Politik, Gesellschaft, Rechtswesen, Natur, Imkerei und Technik. Rotes Parteibuch, Mitglied des Jugendhilfeausschusses der Stadt Bremerhaven, Vorsitzender eines Kleing\u00e4rtnervereins, Fachberater f\u00fcr das Kleingartenwesen, Verbandschef der Bremerhavener Kleing\u00e4rtner*innen. Hobbyimker, Freizeitblogger, Techniknerd.","sameAs":["https:\/\/www.hoerske.de\/","https:\/\/www.facebook.com\/timo.hoerske","https:\/\/www.instagram.com\/thoerske\/","https:\/\/x.com\/timo_hoerske"],"url":"https:\/\/hoerske.de\/blog\/author\/roter_admin\/"}]}},"jetpack_publicize_connections":[],"jetpack_featured_media_url":"https:\/\/i0.wp.com\/hoerske.de\/blog\/wp-content\/uploads\/2018\/07\/IMG-20180716-WA0001.jpg?fit=1328%2C747&ssl=1","jetpack_shortlink":"https:\/\/wp.me\/p4W3ht-Xb","jetpack_sharing_enabled":true,"_links":{"self":[{"href":"https:\/\/hoerske.de\/blog\/wp-json\/wp\/v2\/posts\/3669","targetHints":{"allow":["GET"]}}],"collection":[{"href":"https:\/\/hoerske.de\/blog\/wp-json\/wp\/v2\/posts"}],"about":[{"href":"https:\/\/hoerske.de\/blog\/wp-json\/wp\/v2\/types\/post"}],"author":[{"embeddable":true,"href":"https:\/\/hoerske.de\/blog\/wp-json\/wp\/v2\/users\/1"}],"replies":[{"embeddable":true,"href":"https:\/\/hoerske.de\/blog\/wp-json\/wp\/v2\/comments?post=3669"}],"version-history":[{"count":0,"href":"https:\/\/hoerske.de\/blog\/wp-json\/wp\/v2\/posts\/3669\/revisions"}],"wp:featuredmedia":[{"embeddable":true,"href":"https:\/\/hoerske.de\/blog\/wp-json\/wp\/v2\/media\/3672"}],"wp:attachment":[{"href":"https:\/\/hoerske.de\/blog\/wp-json\/wp\/v2\/media?parent=3669"}],"wp:term":[{"taxonomy":"category","embeddable":true,"href":"https:\/\/hoerske.de\/blog\/wp-json\/wp\/v2\/categories?post=3669"},{"taxonomy":"post_tag","embeddable":true,"href":"https:\/\/hoerske.de\/blog\/wp-json\/wp\/v2\/tags?post=3669"}],"curies":[{"name":"wp","href":"https:\/\/api.w.org\/{rel}","templated":true}]}}