{"id":3397,"date":"2018-05-16T16:00:35","date_gmt":"2018-05-16T14:00:35","guid":{"rendered":"https:\/\/www.hoerske.de\/?p=3397"},"modified":"2018-05-16T12:47:41","modified_gmt":"2018-05-16T10:47:41","slug":"start-ins-gartenjahr-neues-aus-dem-kleingarten","status":"publish","type":"post","link":"https:\/\/hoerske.de\/blog\/2018\/05\/start-ins-gartenjahr-neues-aus-dem-kleingarten\/","title":{"rendered":"Start ins Gartenjahr &#8211; Neues aus dem Kleingarten"},"content":{"rendered":"<p>Die neue Gartensaison in unserem Kleingarten ist schon ein bisschen vorangeschritten. Ich bin bisher nicht dazu gekommen euch zu berichten, wie wir in diesem Jahr gestartet sind. Es gibt in der aktuellen Saison einige alte Bekannte in den Beeten, die sich im letzten Jahr f\u00fcr einen Recall qualifiziert hatten. Ebenso haben wir mehrere neue Versuche gestartet und ein paar neue Pflanzen gefunden, die wir ausprobieren.<\/p>\n<h2>Gartenklassiker im Kleingarten<\/h2>\n<figure id=\"attachment_3402\" aria-describedby=\"caption-attachment-3402\" style=\"width: 300px\" class=\"wp-caption alignleft\"><a href=\"https:\/\/i0.wp.com\/www.hoerske.de\/blog\/wp-content\/uploads\/2018\/05\/IMG_20180512_005830_340.jpg?ssl=1\"><img data-recalc-dims=\"1\" loading=\"lazy\" decoding=\"async\" class=\"size-medium wp-image-3402\" src=\"https:\/\/i0.wp.com\/www.hoerske.de\/blog\/wp-content\/uploads\/2018\/05\/IMG_20180512_005830_340-300x300.jpg?resize=300%2C300&#038;ssl=1\" alt=\"Erdbeeren - Gattung Fragaria\" width=\"300\" height=\"300\" srcset=\"https:\/\/i0.wp.com\/hoerske.de\/blog\/wp-content\/uploads\/2018\/05\/IMG_20180512_005830_340.jpg?resize=300%2C300&amp;ssl=1 300w, https:\/\/i0.wp.com\/hoerske.de\/blog\/wp-content\/uploads\/2018\/05\/IMG_20180512_005830_340.jpg?resize=150%2C150&amp;ssl=1 150w, https:\/\/i0.wp.com\/hoerske.de\/blog\/wp-content\/uploads\/2018\/05\/IMG_20180512_005830_340.jpg?resize=768%2C768&amp;ssl=1 768w, https:\/\/i0.wp.com\/hoerske.de\/blog\/wp-content\/uploads\/2018\/05\/IMG_20180512_005830_340.jpg?resize=1024%2C1024&amp;ssl=1 1024w, https:\/\/i0.wp.com\/hoerske.de\/blog\/wp-content\/uploads\/2018\/05\/IMG_20180512_005830_340.jpg?resize=340%2C340&amp;ssl=1 340w, https:\/\/i0.wp.com\/hoerske.de\/blog\/wp-content\/uploads\/2018\/05\/IMG_20180512_005830_340.jpg?resize=60%2C60&amp;ssl=1 60w, https:\/\/i0.wp.com\/hoerske.de\/blog\/wp-content\/uploads\/2018\/05\/IMG_20180512_005830_340.jpg?resize=50%2C50&amp;ssl=1 50w, https:\/\/i0.wp.com\/hoerske.de\/blog\/wp-content\/uploads\/2018\/05\/IMG_20180512_005830_340.jpg?w=1680&amp;ssl=1 1680w, https:\/\/i0.wp.com\/hoerske.de\/blog\/wp-content\/uploads\/2018\/05\/IMG_20180512_005830_340.jpg?w=2520&amp;ssl=1 2520w\" sizes=\"auto, (max-width: 300px) 100vw, 300px\" \/><\/a><figcaption id=\"caption-attachment-3402\" class=\"wp-caption-text\">Erdbeeren &#8211; Gattung <em>Fragaria<\/em><\/figcaption><\/figure>\n<p>Die im letzten Jahr im Kleingarten gepflanzten Erdbeerpflanzen sind durch das erfreuliche, aber zu warme Wetter t\u00fcchtig gewachsen und zeigen eine ausgepr\u00e4gte Bl\u00fctenbildung. Es ist nach den Eisheiligen nicht mehr mit Frost zu rechnen. Dieser hatte in der letzten Saison zu einem erheblichen Ausfall gef\u00fchrt. Derweilen werden wir Netze spannen, damit die gierigen V\u00f6gel in unserem Kleingarten nicht vor uns anfangen zu ernten.<\/p>\n<p>Nach dem \u00fcberraschenden Frosteinbruch im zur\u00fcckliegenden Jahr waren wir vorsichtig mit empfindlichen Pflanzen, wie Tomaten und Gurken, und haben diese erst am letzten Wochenende gepflanzt. Es gibt wieder zwei Sorten von <em>Solanum lycopersicum<\/em>.<\/p>\n<p>Einmal eine Salattomate, diese haben eine gro\u00dfe Menge von Gallerte und sind darum intensiv saftig. In der Regel wiegen die Fr\u00fcchte zwischen 60 und 100 g. Daneben haben wir gelbe Cherry-Tomaten gepflanzt. Die Kirschtomaten, haben eher kleinere Beeren, die nur bis zu 20 g wiegen. Sie sind meistens auffallend lieblich im Geschmack.<\/p>\n<figure id=\"attachment_3400\" aria-describedby=\"caption-attachment-3400\" style=\"width: 300px\" class=\"wp-caption alignright\"><a href=\"https:\/\/i0.wp.com\/www.hoerske.de\/blog\/wp-content\/uploads\/2018\/05\/20180503_182611.jpg?ssl=1\"><img data-recalc-dims=\"1\" loading=\"lazy\" decoding=\"async\" class=\"wp-image-3400 size-medium\" src=\"https:\/\/i0.wp.com\/www.hoerske.de\/blog\/wp-content\/uploads\/2018\/05\/20180503_182611-300x225.jpg?resize=300%2C225&#038;ssl=1\" alt=\"Beete mit Schutz vor Fluginsekten im Kleingarten\" width=\"300\" height=\"225\" srcset=\"https:\/\/i0.wp.com\/hoerske.de\/blog\/wp-content\/uploads\/2018\/05\/20180503_182611.jpg?resize=300%2C225&amp;ssl=1 300w, https:\/\/i0.wp.com\/hoerske.de\/blog\/wp-content\/uploads\/2018\/05\/20180503_182611.jpg?resize=768%2C576&amp;ssl=1 768w, https:\/\/i0.wp.com\/hoerske.de\/blog\/wp-content\/uploads\/2018\/05\/20180503_182611.jpg?resize=1024%2C768&amp;ssl=1 1024w, https:\/\/i0.wp.com\/hoerske.de\/blog\/wp-content\/uploads\/2018\/05\/20180503_182611.jpg?resize=360%2C270&amp;ssl=1 360w, https:\/\/i0.wp.com\/hoerske.de\/blog\/wp-content\/uploads\/2018\/05\/20180503_182611.jpg?resize=80%2C60&amp;ssl=1 80w, https:\/\/i0.wp.com\/hoerske.de\/blog\/wp-content\/uploads\/2018\/05\/20180503_182611.jpg?w=1680&amp;ssl=1 1680w, https:\/\/i0.wp.com\/hoerske.de\/blog\/wp-content\/uploads\/2018\/05\/20180503_182611.jpg?w=2520&amp;ssl=1 2520w\" sizes=\"auto, (max-width: 300px) 100vw, 300px\" \/><\/a><figcaption id=\"caption-attachment-3400\" class=\"wp-caption-text\">Beete mit Schutz vor Fluginsekten<\/figcaption><\/figure>\n<p>Bei den Gurken haben wir uns f\u00fcr Schlangengurken entschieden, die umgangssprachlich als Salatgurke bezeichnet wird. Nach den ertragreichen und geschmacklich ausgezeichneten Ergebnissen der vorhergehenden Saison gibt es dieses Jahr gleich drei Anpflanzungen.<\/p>\n<p>Daneben gibt es wieder lilafarbige Karotten, Mair\u00fcbchen und Kohlrabi. Um die Ergebnisse vor Schadinsekten zu sch\u00fctzen, haben wir uns entschieden, die Beete mit entsprechendem Gazestoffen vor Fluginsekten abzusperren.<\/p>\n<h2>Neuigkeiten von der Exotenfront<\/h2>\n<figure id=\"attachment_3401\" aria-describedby=\"caption-attachment-3401\" style=\"width: 300px\" class=\"wp-caption alignleft\"><a href=\"https:\/\/i0.wp.com\/www.hoerske.de\/blog\/wp-content\/uploads\/2018\/05\/IMG_20180515_201348_889.jpg?ssl=1\"><img data-recalc-dims=\"1\" loading=\"lazy\" decoding=\"async\" class=\"size-medium wp-image-3401\" src=\"https:\/\/i0.wp.com\/www.hoerske.de\/blog\/wp-content\/uploads\/2018\/05\/IMG_20180515_201348_889-300x300.jpg?resize=300%2C300&#038;ssl=1\" alt=\"Topinambur, Helianthus tuberosus\" width=\"300\" height=\"300\" srcset=\"https:\/\/i0.wp.com\/hoerske.de\/blog\/wp-content\/uploads\/2018\/05\/IMG_20180515_201348_889.jpg?resize=300%2C300&amp;ssl=1 300w, https:\/\/i0.wp.com\/hoerske.de\/blog\/wp-content\/uploads\/2018\/05\/IMG_20180515_201348_889.jpg?resize=150%2C150&amp;ssl=1 150w, https:\/\/i0.wp.com\/hoerske.de\/blog\/wp-content\/uploads\/2018\/05\/IMG_20180515_201348_889.jpg?resize=768%2C768&amp;ssl=1 768w, https:\/\/i0.wp.com\/hoerske.de\/blog\/wp-content\/uploads\/2018\/05\/IMG_20180515_201348_889.jpg?resize=1024%2C1024&amp;ssl=1 1024w, https:\/\/i0.wp.com\/hoerske.de\/blog\/wp-content\/uploads\/2018\/05\/IMG_20180515_201348_889.jpg?resize=340%2C340&amp;ssl=1 340w, https:\/\/i0.wp.com\/hoerske.de\/blog\/wp-content\/uploads\/2018\/05\/IMG_20180515_201348_889.jpg?resize=60%2C60&amp;ssl=1 60w, https:\/\/i0.wp.com\/hoerske.de\/blog\/wp-content\/uploads\/2018\/05\/IMG_20180515_201348_889.jpg?resize=50%2C50&amp;ssl=1 50w, https:\/\/i0.wp.com\/hoerske.de\/blog\/wp-content\/uploads\/2018\/05\/IMG_20180515_201348_889.jpg?w=1680&amp;ssl=1 1680w\" sizes=\"auto, (max-width: 300px) 100vw, 300px\" \/><\/a><figcaption id=\"caption-attachment-3401\" class=\"wp-caption-text\">Topinambur &#8211; <em>Helianthus tuberosus<\/em><\/figcaption><\/figure>\n<p>Es gibt eine eigene Beetreihe im Kleingarten mit Exoten aus Mittelamerika. Seit letztem Jahr versuchen wir uns schon relativ erfolgreich an S\u00fc\u00dfkartoffeln. Diesmal kamen die Pflanzen fr\u00fcher in die Erde und wir hoffen auf potentiell ertragreichere Ergebnisse.<\/p>\n<p>Aus Mittelamerika stammt urspr\u00fcnglich der Korbbl\u00fcter Topinambur. Die Pflanze z\u00e4hlt zur selben Gattung wie die Sonnenblumen. Aus dieser Verwandtschaft resultiert die vergleichbare Optik des oberirdischen Pflanzenteils. Das Besondere liegt unter der Erde, die Knolle der Topinambur vermag \u00e4hnlich zubereitet und gegessen werden wie S\u00fc\u00dfkartoffeln. Der Geschmack der Topinamburknollen ist s\u00fc\u00dflich. Die Fr\u00fcchte schmecken sowohl roh in Salaten oder in Salzwasser gekocht. Hervorzuheben ist der Inhaltsstoff Inulin, ein unverdauliches Polysaccharid. Als wasserl\u00f6slicher Ballaststoff ist es ein wichtiges Pr\u00e4biotikum.<\/p>\n<h2>Einige zweite Versuche<\/h2>\n<p>Neben erfreulichen Ergebnissen aus dem Kleingarten gab es im letzten Jahr Misserfolge. Diese halten uns nicht davon ab, es erneut zu versuchen. Dazu z\u00e4hlt die Mini-Wassermelone \u201aMini Love\u2018 F1. Wir hatten uns gewundert, dass bei dem Exemplar von letzter Saison nur merkw\u00fcrdige K\u00fcrbisse bei rauskamen. Die Pflanzen in diesem Jahr sehen von Anfang an anders aus. Da scheint es ein falsches Etikett gegeben zu haben. Die Hoffnung, dass es diesmal Melonen in Portionsgr\u00f6\u00dfe gibt stehen nicht so desastr\u00f6s.<\/p>\n<p>Trefflich sieht es f\u00fcr die Heidelbeeren in diesem Jahr aus. Die B\u00fcsche habe ich im Herbst ordentlich zur\u00fcckgeschnitten. Die Bl\u00fcte und der Fruchtansatz sehen exzellent aus. Alle Pflanzen sind mittlerweile mit Schutznetzen vor Vogelfra\u00df abgedeckt und die Zeichen f\u00fcr eine reiche Ernte stehen g\u00fcnstig.<\/p>\n<p>Wie es im letzten Jahr so lief, k\u00f6nnt ihr unter anderem <a href=\"https:\/\/www.hoerske.de\/blog\/nass-nasser-bremerhavener-sommer-2017\/\">hier<\/a> nachlesen. Die Mini-Wassermelone \u201aMini Love\u2018 F1 k\u00f6nnt ihr unter anderem bei<a href=\"https:\/\/www.baldur-garten.de\/produkt\/Gemuese_pflanzen\/2792\/Gemuese%20und%20Kraeuter\/Mini-Wassermelone%20Mini%20Love%20F1\/detail.html?gclid=Cj0KCQjwre_XBRDVARIsAPf7zZhLaGIyOrZB38azt-OPxjpp9_7iR8hsf3uHbARhfk7YxZi8xJBf4mUaAsjREALw_wcB\"> Baldurs Garten<\/a> beziehen.<\/p>\n<h2>Off-Topic<\/h2>\n<p>Nach einer Textanalyse ist dieser Text zu 52% subjektiv, die wichtigsten Worte sind:\u00a0<em>Mittelamerika, Pflanzen, Erde, Gurken, Fr\u00fcchte, Geschmack, letzten Saison<\/em><\/p>\n<p>Ein Computer w\u00fcrde diesen Text der Kategorie <span class=\"red\"><a href=\"https:\/\/www.hoerske.de\/blog\/kategorien\/wissenschaft\/\">Wissenschaft<\/a><\/span> zu ordnen.<\/p>\n","protected":false},"excerpt":{"rendered":"<p>Die neue Gartensaison in unserem Kleingarten ist schon ein bisschen vorangeschritten. Ich bin bisher nicht dazu gekommen euch zu berichten, wie wir in diesem Jahr gestartet sind. Es gibt in der aktuellen Saison einige alte Bekannte in den Beeten, die sich im letzten Jahr f\u00fcr einen Recall qualifiziert hatten. Ebenso haben wir mehrere neue Versuche gestartet und ein paar neue Pflanzen gefunden, die wir ausprobieren.<\/p>\n","protected":false},"author":1,"featured_media":3400,"comment_status":"open","ping_status":"open","sticky":false,"template":"","format":"standard","meta":{"jetpack_post_was_ever_published":false,"_jetpack_newsletter_access":"","_jetpack_dont_email_post_to_subs":false,"_jetpack_newsletter_tier_id":0,"_jetpack_memberships_contains_paywalled_content":false,"_jetpack_memberships_contains_paid_content":false,"footnotes":"","jetpack_publicize_message":"","jetpack_publicize_feature_enabled":true,"jetpack_social_post_already_shared":false,"jetpack_social_options":{"image_generator_settings":{"template":"highway","default_image_id":0,"font":"","enabled":false},"version":2},"_wpas_customize_per_network":false},"categories":[803,606,1,2],"tags":[1075,1080,1064,894,1078,1068,672,1061,915,1062,624,1060,1079,1073,1065,1067,1077,1063,1059,639,238,1070,1074,1076,1071,1072,947,1066,1069,604],"class_list":["post-3397","post","type-post","status-publish","format-standard","has-post-thumbnail","hentry","category-803","category-garten","category-hobbies","category-wissenschaft","tag-ballaststoff","tag-bluete","tag-embryophyta","tag-erde","tag-etikett","tag-fluginsekten","tag-frucht","tag-fruechte","tag-gattung","tag-geschmack","tag-gurke","tag-gurken","tag-heidelbeeren","tag-inulin","tag-kleingarten","tag-kohlrabi","tag-kuerbisse","tag-letzten-saison","tag-mittelamerika","tag-optik","tag-pflanzen","tag-pflanzenknolle","tag-polysaccharide","tag-praebiotika","tag-salat","tag-salzwasser","tag-schrebergarten","tag-tomate","tag-topinambur","tag-voegel"],"yoast_head":"<!-- This site is optimized with the Yoast SEO Premium plugin v27.3 (Yoast SEO v27.3) - https:\/\/yoast.com\/product\/yoast-seo-premium-wordpress\/ -->\n<title>Start ins Gartenjahr - Neues aus dem Kleingarten - Timos Paper<\/title>\n<meta name=\"description\" content=\"Die neue Gartensaison in unserem Kleingarten ist schon ein bisschen vorangeschritten. Ich bin bisher nicht dazu gekommen euch zu berichten, wie wir in diesem Jahr gestartet sind. Es gibt in der aktuellen Saison einige alte Bekannte in den Beeten, die sich im letzten Jahr f\u00fcr einen Recall qualifiziert hatten.\" \/>\n<meta name=\"robots\" content=\"index, follow, max-snippet:-1, max-image-preview:large, max-video-preview:-1\" \/>\n<link rel=\"canonical\" href=\"https:\/\/hoerske.de\/blog\/2018\/05\/start-ins-gartenjahr-neues-aus-dem-kleingarten\/\" \/>\n<meta property=\"og:locale\" content=\"de_DE\" \/>\n<meta property=\"og:type\" content=\"article\" \/>\n<meta property=\"og:title\" content=\"Start ins Gartenjahr - Neues aus dem Kleingarten\" \/>\n<meta property=\"og:description\" content=\"Die neue Gartensaison in unserem Kleingarten ist schon ein bisschen vorangeschritten. Ich bin bisher nicht dazu gekommen euch zu berichten, wie wir in diesem Jahr gestartet sind. Es gibt in der aktuellen Saison einige alte Bekannte in den Beeten, die sich im letzten Jahr f\u00fcr einen Recall qualifiziert hatten.\" \/>\n<meta property=\"og:url\" content=\"https:\/\/hoerske.de\/blog\/2018\/05\/start-ins-gartenjahr-neues-aus-dem-kleingarten\/\" \/>\n<meta property=\"og:site_name\" content=\"Timos Paper\" \/>\n<meta property=\"article:publisher\" content=\"https:\/\/www.facebook.com\/timo.hoerske\" \/>\n<meta property=\"article:author\" content=\"https:\/\/www.facebook.com\/timo.hoerske\" \/>\n<meta property=\"article:published_time\" content=\"2018-05-16T14:00:35+00:00\" \/>\n<meta property=\"og:image\" content=\"https:\/\/hoerske.de\/blog\/wp-content\/uploads\/2018\/05\/20180503_182611-1024x768.jpg\" \/>\n\t<meta property=\"og:image:width\" content=\"1024\" \/>\n\t<meta property=\"og:image:height\" content=\"768\" \/>\n\t<meta property=\"og:image:type\" content=\"image\/jpeg\" \/>\n<meta name=\"author\" content=\"Timo H\u00f6rske\" \/>\n<meta name=\"twitter:card\" content=\"summary_large_image\" \/>\n<meta name=\"twitter:creator\" content=\"@timo_hoerske\" \/>\n<meta name=\"twitter:site\" content=\"@timo_hoerske\" \/>\n<meta name=\"twitter:label1\" content=\"Verfasst von\" \/>\n\t<meta name=\"twitter:data1\" content=\"Timo H\u00f6rske\" \/>\n\t<meta name=\"twitter:label2\" content=\"Gesch\u00e4tzte Lesezeit\" \/>\n\t<meta name=\"twitter:data2\" content=\"3\u00a0Minuten\" \/>\n<script type=\"application\/ld+json\" class=\"yoast-schema-graph\">{\"@context\":\"https:\\\/\\\/schema.org\",\"@graph\":[{\"@type\":\"Article\",\"@id\":\"https:\\\/\\\/hoerske.de\\\/blog\\\/2018\\\/05\\\/start-ins-gartenjahr-neues-aus-dem-kleingarten\\\/#article\",\"isPartOf\":{\"@id\":\"https:\\\/\\\/hoerske.de\\\/blog\\\/2018\\\/05\\\/start-ins-gartenjahr-neues-aus-dem-kleingarten\\\/\"},\"author\":{\"name\":\"Timo H\u00f6rske\",\"@id\":\"https:\\\/\\\/hoerske.de\\\/blog\\\/#\\\/schema\\\/person\\\/20677cf2167fc7027b752c3bba78d5fc\"},\"headline\":\"Start ins Gartenjahr &#8211; Neues aus dem Kleingarten\",\"datePublished\":\"2018-05-16T14:00:35+00:00\",\"mainEntityOfPage\":{\"@id\":\"https:\\\/\\\/hoerske.de\\\/blog\\\/2018\\\/05\\\/start-ins-gartenjahr-neues-aus-dem-kleingarten\\\/\"},\"wordCount\":652,\"commentCount\":0,\"publisher\":{\"@id\":\"https:\\\/\\\/hoerske.de\\\/blog\\\/#\\\/schema\\\/person\\\/20677cf2167fc7027b752c3bba78d5fc\"},\"image\":{\"@id\":\"https:\\\/\\\/hoerske.de\\\/blog\\\/2018\\\/05\\\/start-ins-gartenjahr-neues-aus-dem-kleingarten\\\/#primaryimage\"},\"thumbnailUrl\":\"https:\\\/\\\/i0.wp.com\\\/hoerske.de\\\/blog\\\/wp-content\\\/uploads\\\/2018\\\/05\\\/20180503_182611.jpg?fit=3000%2C2250&ssl=1\",\"keywords\":[\"Ballaststoff\",\"Bl\u00fcte\",\"Embryophyta\",\"Erde\",\"Etikett\",\"Fluginsekten\",\"frucht\",\"Fr\u00fcchte\",\"Gattung\",\"Geschmack\",\"Gurke\",\"Gurken\",\"Heidelbeeren\",\"Inulin\",\"Kleingarten\",\"Kohlrabi\",\"K\u00fcrbisse\",\"letzten Saison\",\"Mittelamerika\",\"Optik\",\"Pflanzen\",\"Pflanzenknolle\",\"Polysaccharide\",\"Pr\u00e4biotika\",\"Salat\",\"Salzwasser\",\"Schrebergarten\",\"Tomate\",\"Topinambur\",\"V\u00f6gel\"],\"articleSection\":[\"2018\",\"Garten\",\"Hobbies\",\"Wissenschaft\"],\"inLanguage\":\"de\",\"potentialAction\":[{\"@type\":\"CommentAction\",\"name\":\"Comment\",\"target\":[\"https:\\\/\\\/hoerske.de\\\/blog\\\/2018\\\/05\\\/start-ins-gartenjahr-neues-aus-dem-kleingarten\\\/#respond\"]}]},{\"@type\":\"WebPage\",\"@id\":\"https:\\\/\\\/hoerske.de\\\/blog\\\/2018\\\/05\\\/start-ins-gartenjahr-neues-aus-dem-kleingarten\\\/\",\"url\":\"https:\\\/\\\/hoerske.de\\\/blog\\\/2018\\\/05\\\/start-ins-gartenjahr-neues-aus-dem-kleingarten\\\/\",\"name\":\"Start ins Gartenjahr - Neues aus dem Kleingarten - Timos Paper\",\"isPartOf\":{\"@id\":\"https:\\\/\\\/hoerske.de\\\/blog\\\/#website\"},\"primaryImageOfPage\":{\"@id\":\"https:\\\/\\\/hoerske.de\\\/blog\\\/2018\\\/05\\\/start-ins-gartenjahr-neues-aus-dem-kleingarten\\\/#primaryimage\"},\"image\":{\"@id\":\"https:\\\/\\\/hoerske.de\\\/blog\\\/2018\\\/05\\\/start-ins-gartenjahr-neues-aus-dem-kleingarten\\\/#primaryimage\"},\"thumbnailUrl\":\"https:\\\/\\\/i0.wp.com\\\/hoerske.de\\\/blog\\\/wp-content\\\/uploads\\\/2018\\\/05\\\/20180503_182611.jpg?fit=3000%2C2250&ssl=1\",\"datePublished\":\"2018-05-16T14:00:35+00:00\",\"description\":\"Die neue Gartensaison in unserem Kleingarten ist schon ein bisschen vorangeschritten. Ich bin bisher nicht dazu gekommen euch zu berichten, wie wir in diesem Jahr gestartet sind. Es gibt in der aktuellen Saison einige alte Bekannte in den Beeten, die sich im letzten Jahr f\u00fcr einen Recall qualifiziert hatten.\",\"breadcrumb\":{\"@id\":\"https:\\\/\\\/hoerske.de\\\/blog\\\/2018\\\/05\\\/start-ins-gartenjahr-neues-aus-dem-kleingarten\\\/#breadcrumb\"},\"inLanguage\":\"de\",\"potentialAction\":[{\"@type\":\"ReadAction\",\"target\":[\"https:\\\/\\\/hoerske.de\\\/blog\\\/2018\\\/05\\\/start-ins-gartenjahr-neues-aus-dem-kleingarten\\\/\"]}]},{\"@type\":\"ImageObject\",\"inLanguage\":\"de\",\"@id\":\"https:\\\/\\\/hoerske.de\\\/blog\\\/2018\\\/05\\\/start-ins-gartenjahr-neues-aus-dem-kleingarten\\\/#primaryimage\",\"url\":\"https:\\\/\\\/i0.wp.com\\\/hoerske.de\\\/blog\\\/wp-content\\\/uploads\\\/2018\\\/05\\\/20180503_182611.jpg?fit=3000%2C2250&ssl=1\",\"contentUrl\":\"https:\\\/\\\/i0.wp.com\\\/hoerske.de\\\/blog\\\/wp-content\\\/uploads\\\/2018\\\/05\\\/20180503_182611.jpg?fit=3000%2C2250&ssl=1\",\"width\":3000,\"height\":2250,\"caption\":\"Beete mit Schutz vor Fluginsekten\"},{\"@type\":\"BreadcrumbList\",\"@id\":\"https:\\\/\\\/hoerske.de\\\/blog\\\/2018\\\/05\\\/start-ins-gartenjahr-neues-aus-dem-kleingarten\\\/#breadcrumb\",\"itemListElement\":[{\"@type\":\"ListItem\",\"position\":1,\"name\":\"Startseite\",\"item\":\"https:\\\/\\\/hoerske.de\\\/blog\\\/\"},{\"@type\":\"ListItem\",\"position\":2,\"name\":\"Start ins Gartenjahr &#8211; Neues aus dem Kleingarten\"}]},{\"@type\":\"WebSite\",\"@id\":\"https:\\\/\\\/hoerske.de\\\/blog\\\/#website\",\"url\":\"https:\\\/\\\/hoerske.de\\\/blog\\\/\",\"name\":\"Timos Blog\",\"description\":\"ego cogito, ergo sum\",\"publisher\":{\"@id\":\"https:\\\/\\\/hoerske.de\\\/blog\\\/#\\\/schema\\\/person\\\/20677cf2167fc7027b752c3bba78d5fc\"},\"potentialAction\":[{\"@type\":\"SearchAction\",\"target\":{\"@type\":\"EntryPoint\",\"urlTemplate\":\"https:\\\/\\\/hoerske.de\\\/blog\\\/?s={search_term_string}\"},\"query-input\":{\"@type\":\"PropertyValueSpecification\",\"valueRequired\":true,\"valueName\":\"search_term_string\"}}],\"inLanguage\":\"de\"},{\"@type\":[\"Person\",\"Organization\"],\"@id\":\"https:\\\/\\\/hoerske.de\\\/blog\\\/#\\\/schema\\\/person\\\/20677cf2167fc7027b752c3bba78d5fc\",\"name\":\"Timo H\u00f6rske\",\"image\":{\"@type\":\"ImageObject\",\"inLanguage\":\"de\",\"@id\":\"https:\\\/\\\/i0.wp.com\\\/hoerske.de\\\/blog\\\/wp-content\\\/uploads\\\/2023\\\/01\\\/16711213967602.jpg?fit=1024%2C954&ssl=1\",\"url\":\"https:\\\/\\\/i0.wp.com\\\/hoerske.de\\\/blog\\\/wp-content\\\/uploads\\\/2023\\\/01\\\/16711213967602.jpg?fit=1024%2C954&ssl=1\",\"contentUrl\":\"https:\\\/\\\/i0.wp.com\\\/hoerske.de\\\/blog\\\/wp-content\\\/uploads\\\/2023\\\/01\\\/16711213967602.jpg?fit=1024%2C954&ssl=1\",\"width\":1024,\"height\":954,\"caption\":\"Timo H\u00f6rske\"},\"logo\":{\"@id\":\"https:\\\/\\\/i0.wp.com\\\/hoerske.de\\\/blog\\\/wp-content\\\/uploads\\\/2023\\\/01\\\/16711213967602.jpg?fit=1024%2C954&ssl=1\"},\"description\":\"Jahrgang 1985, als \\\"Ossi\\\" geboren, im beschaulichen Premnitz an der Havel aufgewachsen. Natur- und Kunstliebhaber. Seit \u00fcber 10 Jahren Wahlbremerhavener, K\u00fcsten- und Windfan. So ziemlich an Allem interessiert. Schwerpunkte sind aber eindeutig Politik, Gesellschaft, Rechtswesen, Natur, Imkerei und Technik. Rotes Parteibuch, Mitglied des Jugendhilfeausschusses der Stadt Bremerhaven, Vorsitzender eines Kleing\u00e4rtnervereins, Fachberater f\u00fcr das Kleingartenwesen, Verbandschef der Bremerhavener Kleing\u00e4rtner*innen. Hobbyimker, Freizeitblogger, Techniknerd.\",\"sameAs\":[\"https:\\\/\\\/www.hoerske.de\\\/\",\"https:\\\/\\\/www.facebook.com\\\/timo.hoerske\",\"https:\\\/\\\/www.instagram.com\\\/thoerske\\\/\",\"https:\\\/\\\/x.com\\\/timo_hoerske\"],\"url\":\"https:\\\/\\\/hoerske.de\\\/blog\\\/author\\\/roter_admin\\\/\"}]}<\/script>\n<!-- \/ Yoast SEO Premium plugin. -->","yoast_head_json":{"title":"Start ins Gartenjahr - Neues aus dem Kleingarten - Timos Paper","description":"Die neue Gartensaison in unserem Kleingarten ist schon ein bisschen vorangeschritten. Ich bin bisher nicht dazu gekommen euch zu berichten, wie wir in diesem Jahr gestartet sind. Es gibt in der aktuellen Saison einige alte Bekannte in den Beeten, die sich im letzten Jahr f\u00fcr einen Recall qualifiziert hatten.","robots":{"index":"index","follow":"follow","max-snippet":"max-snippet:-1","max-image-preview":"max-image-preview:large","max-video-preview":"max-video-preview:-1"},"canonical":"https:\/\/hoerske.de\/blog\/2018\/05\/start-ins-gartenjahr-neues-aus-dem-kleingarten\/","og_locale":"de_DE","og_type":"article","og_title":"Start ins Gartenjahr - Neues aus dem Kleingarten","og_description":"Die neue Gartensaison in unserem Kleingarten ist schon ein bisschen vorangeschritten. Ich bin bisher nicht dazu gekommen euch zu berichten, wie wir in diesem Jahr gestartet sind. Es gibt in der aktuellen Saison einige alte Bekannte in den Beeten, die sich im letzten Jahr f\u00fcr einen Recall qualifiziert hatten.","og_url":"https:\/\/hoerske.de\/blog\/2018\/05\/start-ins-gartenjahr-neues-aus-dem-kleingarten\/","og_site_name":"Timos Paper","article_publisher":"https:\/\/www.facebook.com\/timo.hoerske","article_author":"https:\/\/www.facebook.com\/timo.hoerske","article_published_time":"2018-05-16T14:00:35+00:00","og_image":[{"width":1024,"height":768,"url":"https:\/\/hoerske.de\/blog\/wp-content\/uploads\/2018\/05\/20180503_182611-1024x768.jpg","type":"image\/jpeg"}],"author":"Timo H\u00f6rske","twitter_card":"summary_large_image","twitter_creator":"@timo_hoerske","twitter_site":"@timo_hoerske","twitter_misc":{"Verfasst von":"Timo H\u00f6rske","Gesch\u00e4tzte Lesezeit":"3\u00a0Minuten"},"schema":{"@context":"https:\/\/schema.org","@graph":[{"@type":"Article","@id":"https:\/\/hoerske.de\/blog\/2018\/05\/start-ins-gartenjahr-neues-aus-dem-kleingarten\/#article","isPartOf":{"@id":"https:\/\/hoerske.de\/blog\/2018\/05\/start-ins-gartenjahr-neues-aus-dem-kleingarten\/"},"author":{"name":"Timo H\u00f6rske","@id":"https:\/\/hoerske.de\/blog\/#\/schema\/person\/20677cf2167fc7027b752c3bba78d5fc"},"headline":"Start ins Gartenjahr &#8211; Neues aus dem Kleingarten","datePublished":"2018-05-16T14:00:35+00:00","mainEntityOfPage":{"@id":"https:\/\/hoerske.de\/blog\/2018\/05\/start-ins-gartenjahr-neues-aus-dem-kleingarten\/"},"wordCount":652,"commentCount":0,"publisher":{"@id":"https:\/\/hoerske.de\/blog\/#\/schema\/person\/20677cf2167fc7027b752c3bba78d5fc"},"image":{"@id":"https:\/\/hoerske.de\/blog\/2018\/05\/start-ins-gartenjahr-neues-aus-dem-kleingarten\/#primaryimage"},"thumbnailUrl":"https:\/\/i0.wp.com\/hoerske.de\/blog\/wp-content\/uploads\/2018\/05\/20180503_182611.jpg?fit=3000%2C2250&ssl=1","keywords":["Ballaststoff","Bl\u00fcte","Embryophyta","Erde","Etikett","Fluginsekten","frucht","Fr\u00fcchte","Gattung","Geschmack","Gurke","Gurken","Heidelbeeren","Inulin","Kleingarten","Kohlrabi","K\u00fcrbisse","letzten Saison","Mittelamerika","Optik","Pflanzen","Pflanzenknolle","Polysaccharide","Pr\u00e4biotika","Salat","Salzwasser","Schrebergarten","Tomate","Topinambur","V\u00f6gel"],"articleSection":["2018","Garten","Hobbies","Wissenschaft"],"inLanguage":"de","potentialAction":[{"@type":"CommentAction","name":"Comment","target":["https:\/\/hoerske.de\/blog\/2018\/05\/start-ins-gartenjahr-neues-aus-dem-kleingarten\/#respond"]}]},{"@type":"WebPage","@id":"https:\/\/hoerske.de\/blog\/2018\/05\/start-ins-gartenjahr-neues-aus-dem-kleingarten\/","url":"https:\/\/hoerske.de\/blog\/2018\/05\/start-ins-gartenjahr-neues-aus-dem-kleingarten\/","name":"Start ins Gartenjahr - Neues aus dem Kleingarten - Timos Paper","isPartOf":{"@id":"https:\/\/hoerske.de\/blog\/#website"},"primaryImageOfPage":{"@id":"https:\/\/hoerske.de\/blog\/2018\/05\/start-ins-gartenjahr-neues-aus-dem-kleingarten\/#primaryimage"},"image":{"@id":"https:\/\/hoerske.de\/blog\/2018\/05\/start-ins-gartenjahr-neues-aus-dem-kleingarten\/#primaryimage"},"thumbnailUrl":"https:\/\/i0.wp.com\/hoerske.de\/blog\/wp-content\/uploads\/2018\/05\/20180503_182611.jpg?fit=3000%2C2250&ssl=1","datePublished":"2018-05-16T14:00:35+00:00","description":"Die neue Gartensaison in unserem Kleingarten ist schon ein bisschen vorangeschritten. Ich bin bisher nicht dazu gekommen euch zu berichten, wie wir in diesem Jahr gestartet sind. Es gibt in der aktuellen Saison einige alte Bekannte in den Beeten, die sich im letzten Jahr f\u00fcr einen Recall qualifiziert hatten.","breadcrumb":{"@id":"https:\/\/hoerske.de\/blog\/2018\/05\/start-ins-gartenjahr-neues-aus-dem-kleingarten\/#breadcrumb"},"inLanguage":"de","potentialAction":[{"@type":"ReadAction","target":["https:\/\/hoerske.de\/blog\/2018\/05\/start-ins-gartenjahr-neues-aus-dem-kleingarten\/"]}]},{"@type":"ImageObject","inLanguage":"de","@id":"https:\/\/hoerske.de\/blog\/2018\/05\/start-ins-gartenjahr-neues-aus-dem-kleingarten\/#primaryimage","url":"https:\/\/i0.wp.com\/hoerske.de\/blog\/wp-content\/uploads\/2018\/05\/20180503_182611.jpg?fit=3000%2C2250&ssl=1","contentUrl":"https:\/\/i0.wp.com\/hoerske.de\/blog\/wp-content\/uploads\/2018\/05\/20180503_182611.jpg?fit=3000%2C2250&ssl=1","width":3000,"height":2250,"caption":"Beete mit Schutz vor Fluginsekten"},{"@type":"BreadcrumbList","@id":"https:\/\/hoerske.de\/blog\/2018\/05\/start-ins-gartenjahr-neues-aus-dem-kleingarten\/#breadcrumb","itemListElement":[{"@type":"ListItem","position":1,"name":"Startseite","item":"https:\/\/hoerske.de\/blog\/"},{"@type":"ListItem","position":2,"name":"Start ins Gartenjahr &#8211; Neues aus dem Kleingarten"}]},{"@type":"WebSite","@id":"https:\/\/hoerske.de\/blog\/#website","url":"https:\/\/hoerske.de\/blog\/","name":"Timos Blog","description":"ego cogito, ergo sum","publisher":{"@id":"https:\/\/hoerske.de\/blog\/#\/schema\/person\/20677cf2167fc7027b752c3bba78d5fc"},"potentialAction":[{"@type":"SearchAction","target":{"@type":"EntryPoint","urlTemplate":"https:\/\/hoerske.de\/blog\/?s={search_term_string}"},"query-input":{"@type":"PropertyValueSpecification","valueRequired":true,"valueName":"search_term_string"}}],"inLanguage":"de"},{"@type":["Person","Organization"],"@id":"https:\/\/hoerske.de\/blog\/#\/schema\/person\/20677cf2167fc7027b752c3bba78d5fc","name":"Timo H\u00f6rske","image":{"@type":"ImageObject","inLanguage":"de","@id":"https:\/\/i0.wp.com\/hoerske.de\/blog\/wp-content\/uploads\/2023\/01\/16711213967602.jpg?fit=1024%2C954&ssl=1","url":"https:\/\/i0.wp.com\/hoerske.de\/blog\/wp-content\/uploads\/2023\/01\/16711213967602.jpg?fit=1024%2C954&ssl=1","contentUrl":"https:\/\/i0.wp.com\/hoerske.de\/blog\/wp-content\/uploads\/2023\/01\/16711213967602.jpg?fit=1024%2C954&ssl=1","width":1024,"height":954,"caption":"Timo H\u00f6rske"},"logo":{"@id":"https:\/\/i0.wp.com\/hoerske.de\/blog\/wp-content\/uploads\/2023\/01\/16711213967602.jpg?fit=1024%2C954&ssl=1"},"description":"Jahrgang 1985, als \"Ossi\" geboren, im beschaulichen Premnitz an der Havel aufgewachsen. Natur- und Kunstliebhaber. Seit \u00fcber 10 Jahren Wahlbremerhavener, K\u00fcsten- und Windfan. So ziemlich an Allem interessiert. Schwerpunkte sind aber eindeutig Politik, Gesellschaft, Rechtswesen, Natur, Imkerei und Technik. Rotes Parteibuch, Mitglied des Jugendhilfeausschusses der Stadt Bremerhaven, Vorsitzender eines Kleing\u00e4rtnervereins, Fachberater f\u00fcr das Kleingartenwesen, Verbandschef der Bremerhavener Kleing\u00e4rtner*innen. Hobbyimker, Freizeitblogger, Techniknerd.","sameAs":["https:\/\/www.hoerske.de\/","https:\/\/www.facebook.com\/timo.hoerske","https:\/\/www.instagram.com\/thoerske\/","https:\/\/x.com\/timo_hoerske"],"url":"https:\/\/hoerske.de\/blog\/author\/roter_admin\/"}]}},"jetpack_publicize_connections":[],"jetpack_featured_media_url":"https:\/\/i0.wp.com\/hoerske.de\/blog\/wp-content\/uploads\/2018\/05\/20180503_182611.jpg?fit=3000%2C2250&ssl=1","jetpack_shortlink":"https:\/\/wp.me\/p4W3ht-SN","jetpack_sharing_enabled":true,"_links":{"self":[{"href":"https:\/\/hoerske.de\/blog\/wp-json\/wp\/v2\/posts\/3397","targetHints":{"allow":["GET"]}}],"collection":[{"href":"https:\/\/hoerske.de\/blog\/wp-json\/wp\/v2\/posts"}],"about":[{"href":"https:\/\/hoerske.de\/blog\/wp-json\/wp\/v2\/types\/post"}],"author":[{"embeddable":true,"href":"https:\/\/hoerske.de\/blog\/wp-json\/wp\/v2\/users\/1"}],"replies":[{"embeddable":true,"href":"https:\/\/hoerske.de\/blog\/wp-json\/wp\/v2\/comments?post=3397"}],"version-history":[{"count":0,"href":"https:\/\/hoerske.de\/blog\/wp-json\/wp\/v2\/posts\/3397\/revisions"}],"wp:featuredmedia":[{"embeddable":true,"href":"https:\/\/hoerske.de\/blog\/wp-json\/wp\/v2\/media\/3400"}],"wp:attachment":[{"href":"https:\/\/hoerske.de\/blog\/wp-json\/wp\/v2\/media?parent=3397"}],"wp:term":[{"taxonomy":"category","embeddable":true,"href":"https:\/\/hoerske.de\/blog\/wp-json\/wp\/v2\/categories?post=3397"},{"taxonomy":"post_tag","embeddable":true,"href":"https:\/\/hoerske.de\/blog\/wp-json\/wp\/v2\/tags?post=3397"}],"curies":[{"name":"wp","href":"https:\/\/api.w.org\/{rel}","templated":true}]}}