{"id":3326,"date":"2018-05-04T08:00:08","date_gmt":"2018-05-04T06:00:08","guid":{"rendered":"https:\/\/www.hoerske.de\/?p=3326"},"modified":"2018-05-04T19:22:30","modified_gmt":"2018-05-04T17:22:30","slug":"poecilia-wingei-der-kleinere-guppy","status":"publish","type":"post","link":"https:\/\/hoerske.de\/blog\/2018\/05\/poecilia-wingei-der-kleinere-guppy\/","title":{"rendered":"Poecilia wingei &#8211; der kleinere &#8220;Guppy&#8221;"},"content":{"rendered":"<p>In meinem Beitrag \u00fcber meine ersten Erfahrungen bei einem <a href=\"https:\/\/www.hoerske.de\/blog\/mein-wochenende-verbandstag-vda-und-klimahauskongress\/\" target=\"_blank\" rel=\"noopener\">Verbandswochenende des VDA<\/a> habe ich euch bereits einen Artikel \u00fcber <i>Poecilia wingei<\/i> angek\u00fcndigt. Dem Versprechen m\u00f6chte ich heute nachkommen.<\/p>\n<p>Im Rahmen der Backstage-F\u00fchrung in die Quarant\u00e4ne des Klimahaus Bremerhaven habe ich dort einen gro\u00dfartigen Schwarm von Endlers Guppy, wie <i>Poecilia wingei<\/i> auch genannt wird, bestaunen d\u00fcrfen.<\/p>\n<h2><i>Poecilia wingei<\/i> aus der Campoma-Lagune<\/h2>\n<p>Die Exemplare von <i>Poecilia wingei <\/i>sind Nachzuchten eines Windfanges von Dr. D. Gentzsch aus dem Jahre 2006. Dieser Typ stammt aus dem Rio Oro (Las Aguas de Moises) zwischen Casanay und Cariaco und z\u00e4hlen so zum Campoma Stamm.<\/p>\n<p>Die Campoma Guppys aus dem Rio Oro sind eine Endlerform mit schwarz abgesetzten gelben Schwertern und einem h\u00f6heren Schwarzanteil. Besonders auff\u00e4llig ist die F\u00e4rbung der R\u00fcckenflosse: schwarz rot &#8211; schwarz. Der K\u00f6rper ist st\u00e4rker gestreckt.<\/p>\n<h2>Entdeckungsgeschichte von Endlers Guppys<\/h2>\n<p>Die ersten Erw\u00e4hnung gehen bereits auf das Jahr 1937 zur\u00fcck. Damals hatte Franklyn F. Bond auf der Halbinsel Paria gefangen. Niemand schenkte anfangs den konservierten Exemplaren die notwendige Aufmerksamkeit. Man hielt die Tiere f\u00fcr gew\u00f6hnliche Guppys.<\/p>\n<p>Der Namensgeber John A. Endler fing 1975 einige ungew\u00f6hnliche Gruppys und gab die Tiere an den Ichthyologen und Taxonomen Donn Rosen vom American Museum of Natural History weiter. Rosen verstarb bevor er die Fische beschreiben konnte, er hatte aber vorher einige lebende Exemplare an den Genetiker Klaus Kallmann weitergegeben. Von dort gelangten Fische zu Z\u00fcchtern, die ihre Nachkommen als Endlers Guppys vertrieben.<\/p>\n<p>Noch 2004 kamen Ichthyologen zu dem Schluss, dass die Endlers Guppys zwar noch keine eigenst\u00e4ndige Art seien, aber deutliche Unterschiede zum Gew\u00f6hnlichen Guppy (<i>Poecilia reticulata<\/i>) aufweisen.<\/p>\n<p>Offiziell beschrieben wurde die neue Guppyart aus der Campoma-Lagune in der N\u00e4he von Cariaco erst 2005 durch Poeser, Kempkes und Isbr\u00fccker als <i>Poecilia wingei<\/i>. Wenige Jahre sp\u00e4ter im Jahre 2009 wurde durch den Vergleich genetischer Marker nachgewiesen, dass die Guppys aus der Region von Cuman\u00e1 und die von der Campoma-Lagune identisch sind. Die Cuman\u00e1-Guppys sind seit dem auch <i>Poecilia wingei<\/i> zuzuordnen.<\/p>\n<h2>Beschreibende Merkmale<\/h2>\n<p><i>Poecilia wingei<\/i> unterscheidet sich von <i>Poecilia reticulata<\/i> durch die Farbe der M\u00e4nnchen, den Bau des Gonopodiums sowie einen leichten metallischen Schimmer bei den Weibchen.<\/p>\n<p>Analog zum Gew\u00f6hnlichen Guppy gibt es bei Endlers Guppy einen deutlichen Geschlechtsdimorphismus. D.h. die Weibchen sind gr\u00f6\u00dfer als die m\u00e4nnliche Exemplare. Die Weibchen erreichen eine Standardl\u00e4nge von etwa 2 bis 2,9 cm. Die F\u00e4rbung ist schlicht gr\u00e4ulich-beige. Geschlechtsreife Weibchen weisen einen deutlich erkennbaren Tr\u00e4chtigkeitsfleck auf. Die Flossen sind nicht ausgezogen.<\/p>\n<p>M\u00e4nnliche Campoma-Guppys werden nicht mehr als 1,5 bis 1,96 cm gro\u00df. Einige Flossenstrahlen der R\u00fccken- und der Schwanzflossen k\u00f6nnen verl\u00e4ngert sein. Die M\u00e4nnchen sind durch allerlei Flecken und B\u00e4nder bunt gemustert. Besonders charakteristisch f\u00fcr m\u00e4nnliche Exemplare von <i>Poecilia wingei<\/i> aus der Campoma-Region ist ein vertikales schwarzes Band in der K\u00f6rpermitte.<\/p>\n<p>Endlers Guppy ist vivipar (lebendgeb\u00e4rend). Die Weibchen werfen in Intervallen von 28 bis 43 Tagen maximal 40 Jungfische.<\/p>\n<h2>Meine <i>Poecilia wingei<\/i><\/h2>\n<p>Ich finde die Tiere im Gegensatz zu <i>Poecilia reticulata<\/i> viel interessanter, zwar sind die m\u00e4nnlichen Exemplare deutlich kleiner, aber die Zeichnung und B\u00e4nderungen sind wesentlich differenzierter und spannender.<\/p>\n<p>Bisher habe ich noch nicht viele gute Bilder machen k\u00f6nnen, ich hoffe dass sich meine Exemplare schnell eingew\u00f6hnen und dass ich die besonderen Winzlinge, dann besser fotografisch festhalten kann. Solange m\u00fcsst ihr mit dem vorhandenen Bildmaterial Vorlieb nehmen.<\/p>\n<p>Das angebotene Futter wird bisher gut angenommen. Die <i>Poecilia wingei <\/i>leben bisher noch sehr versteckt, die Weibchen weniger als die M\u00e4nnchen. Ich halte euch auf dem Laufenden&#8230;<\/p>\n<h2>Off-Topic<\/h2>\n<p>Nach einer Textanalyse ist dieser Text zu 40% subjektiv, die wichtigsten Worte sind: <i>American Museum of Natural History, Franklyn F. Bond, Exemplare, Endlers Guppy, Poecilia, Klimahaus Bremerhaven, Campoma-Lagune<\/i><\/p>\n<p>Ein Computer w\u00fcrde diesen Text der Kategorie <span class=\"red\"><a href=\"https:\/\/www.hoerske.de\/blog\/kategorien\/wissenschaft\/\">Wissenschaft<\/a><\/span> zu ordnen.<\/p>\n","protected":false},"excerpt":{"rendered":"<p>In meinem Beitrag \u00fcber meine ersten Erfahrungen bei einem Verbandswochenende des VDA habe ich euch bereits einen Artikel \u00fcber Poecilia wingei angek\u00fcndigt. Dem Versprechen m\u00f6chte ich heute nachkommen.<\/p>\n<p>Im Rahmen der Backstage-F\u00fchrung in die Quarant\u00e4ne des Klimahaus Bremerhaven habe ich dort einen gro\u00dfartigen Schwarm von Endlers Guppy, wie Poecilia wingei auch genannt wird, bestaunen d\u00fcrfen.<\/p>\n","protected":false},"author":1,"featured_media":3331,"comment_status":"open","ping_status":"open","sticky":false,"template":"","format":"standard","meta":{"jetpack_post_was_ever_published":false,"_jetpack_newsletter_access":"","_jetpack_dont_email_post_to_subs":false,"_jetpack_newsletter_tier_id":0,"_jetpack_memberships_contains_paywalled_content":false,"_jetpack_memberships_contains_paid_content":false,"footnotes":"","jetpack_publicize_message":"","jetpack_publicize_feature_enabled":true,"jetpack_social_post_already_shared":false,"jetpack_social_options":{"image_generator_settings":{"template":"highway","default_image_id":0,"font":"","enabled":false},"version":2},"_wpas_customize_per_network":false},"categories":[803,1,595,2],"tags":[1039,1045,1042,1041,1040,1044,1043,1023],"class_list":["post-3326","post","type-post","status-publish","format-standard","has-post-thumbnail","hentry","category-803","category-hobbies","category-tiere","category-wissenschaft","tag-american-museum-of-natural-history","tag-campoma-lagune","tag-endlers-guppy","tag-exemplare","tag-franklyn-f-bond","tag-klimahaus-bremerhaven","tag-poecilia","tag-vda"],"yoast_head":"<!-- This site is optimized with the Yoast SEO Premium plugin v27.3 (Yoast SEO v27.3) - https:\/\/yoast.com\/product\/yoast-seo-premium-wordpress\/ -->\n<title>Poecilia wingei - der kleinere &quot;Guppy&quot; - Timos Paper<\/title>\n<meta name=\"robots\" content=\"index, follow, max-snippet:-1, max-image-preview:large, max-video-preview:-1\" \/>\n<link rel=\"canonical\" href=\"https:\/\/hoerske.de\/blog\/2018\/05\/poecilia-wingei-der-kleinere-guppy\/\" \/>\n<meta property=\"og:locale\" content=\"de_DE\" \/>\n<meta property=\"og:type\" content=\"article\" \/>\n<meta property=\"og:title\" content=\"Poecilia wingei - der kleinere &quot;Guppy&quot;\" \/>\n<meta property=\"og:description\" content=\"In meinem Beitrag \u00fcber meine ersten Erfahrungen bei einem Verbandswochenende des VDA habe ich euch bereits einen Artikel \u00fcber Poecilia wingei angek\u00fcndigt. Dem Versprechen m\u00f6chte ich heute nachkommen.  Im Rahmen der Backstage-F\u00fchrung in die Quarant\u00e4ne des Klimahaus Bremerhaven habe ich dort einen gro\u00dfartigen Schwarm von Endlers Guppy, wie Poecilia wingei auch genannt wird, bestaunen d\u00fcrfen.\" \/>\n<meta property=\"og:url\" content=\"https:\/\/hoerske.de\/blog\/2018\/05\/poecilia-wingei-der-kleinere-guppy\/\" \/>\n<meta property=\"og:site_name\" content=\"Timos Paper\" \/>\n<meta property=\"article:publisher\" content=\"https:\/\/www.facebook.com\/timo.hoerske\" \/>\n<meta property=\"article:author\" content=\"https:\/\/www.facebook.com\/timo.hoerske\" \/>\n<meta property=\"article:published_time\" content=\"2018-05-04T06:00:08+00:00\" \/>\n<meta property=\"article:modified_time\" content=\"2018-05-04T17:22:30+00:00\" \/>\n<meta property=\"og:image\" content=\"https:\/\/i0.wp.com\/blog.hoerske.de\/wp-content\/uploads\/2018\/05\/20180429_175133.jpg?fit=3293%2C2469\" \/>\n\t<meta property=\"og:image:width\" content=\"3293\" \/>\n\t<meta property=\"og:image:height\" content=\"2469\" \/>\n\t<meta property=\"og:image:type\" content=\"image\/jpeg\" \/>\n<meta name=\"author\" content=\"Timo H\u00f6rske\" \/>\n<meta name=\"twitter:card\" content=\"summary_large_image\" \/>\n<meta name=\"twitter:creator\" content=\"@timo_hoerske\" \/>\n<meta name=\"twitter:site\" content=\"@timo_hoerske\" \/>\n<meta name=\"twitter:label1\" content=\"Verfasst von\" \/>\n\t<meta name=\"twitter:data1\" content=\"Timo H\u00f6rske\" \/>\n\t<meta name=\"twitter:label2\" content=\"Gesch\u00e4tzte Lesezeit\" \/>\n\t<meta name=\"twitter:data2\" content=\"3\u00a0Minuten\" \/>\n<script type=\"application\/ld+json\" class=\"yoast-schema-graph\">{\"@context\":\"https:\\\/\\\/schema.org\",\"@graph\":[{\"@type\":\"Article\",\"@id\":\"https:\\\/\\\/hoerske.de\\\/blog\\\/2018\\\/05\\\/poecilia-wingei-der-kleinere-guppy\\\/#article\",\"isPartOf\":{\"@id\":\"https:\\\/\\\/hoerske.de\\\/blog\\\/2018\\\/05\\\/poecilia-wingei-der-kleinere-guppy\\\/\"},\"author\":{\"name\":\"Timo H\u00f6rske\",\"@id\":\"https:\\\/\\\/hoerske.de\\\/blog\\\/#\\\/schema\\\/person\\\/20677cf2167fc7027b752c3bba78d5fc\"},\"headline\":\"Poecilia wingei &#8211; der kleinere &#8220;Guppy&#8221;\",\"datePublished\":\"2018-05-04T06:00:08+00:00\",\"dateModified\":\"2018-05-04T17:22:30+00:00\",\"mainEntityOfPage\":{\"@id\":\"https:\\\/\\\/hoerske.de\\\/blog\\\/2018\\\/05\\\/poecilia-wingei-der-kleinere-guppy\\\/\"},\"wordCount\":644,\"commentCount\":0,\"publisher\":{\"@id\":\"https:\\\/\\\/hoerske.de\\\/blog\\\/#\\\/schema\\\/person\\\/20677cf2167fc7027b752c3bba78d5fc\"},\"image\":{\"@id\":\"https:\\\/\\\/hoerske.de\\\/blog\\\/2018\\\/05\\\/poecilia-wingei-der-kleinere-guppy\\\/#primaryimage\"},\"thumbnailUrl\":\"https:\\\/\\\/i0.wp.com\\\/hoerske.de\\\/blog\\\/wp-content\\\/uploads\\\/2018\\\/05\\\/20180429_175133.jpg?fit=3293%2C2469&ssl=1\",\"keywords\":[\"American Museum of Natural History\",\"Campoma-Lagune\",\"Endlers Guppy\",\"Exemplare\",\"Franklyn F. Bond\",\"Klimahaus Bremerhaven\",\"Poecilia\",\"VDA\"],\"articleSection\":[\"2018\",\"Hobbies\",\"Tiere\",\"Wissenschaft\"],\"inLanguage\":\"de\",\"potentialAction\":[{\"@type\":\"CommentAction\",\"name\":\"Comment\",\"target\":[\"https:\\\/\\\/hoerske.de\\\/blog\\\/2018\\\/05\\\/poecilia-wingei-der-kleinere-guppy\\\/#respond\"]}]},{\"@type\":\"WebPage\",\"@id\":\"https:\\\/\\\/hoerske.de\\\/blog\\\/2018\\\/05\\\/poecilia-wingei-der-kleinere-guppy\\\/\",\"url\":\"https:\\\/\\\/hoerske.de\\\/blog\\\/2018\\\/05\\\/poecilia-wingei-der-kleinere-guppy\\\/\",\"name\":\"Poecilia wingei - der kleinere \\\"Guppy\\\" - Timos Paper\",\"isPartOf\":{\"@id\":\"https:\\\/\\\/hoerske.de\\\/blog\\\/#website\"},\"primaryImageOfPage\":{\"@id\":\"https:\\\/\\\/hoerske.de\\\/blog\\\/2018\\\/05\\\/poecilia-wingei-der-kleinere-guppy\\\/#primaryimage\"},\"image\":{\"@id\":\"https:\\\/\\\/hoerske.de\\\/blog\\\/2018\\\/05\\\/poecilia-wingei-der-kleinere-guppy\\\/#primaryimage\"},\"thumbnailUrl\":\"https:\\\/\\\/i0.wp.com\\\/hoerske.de\\\/blog\\\/wp-content\\\/uploads\\\/2018\\\/05\\\/20180429_175133.jpg?fit=3293%2C2469&ssl=1\",\"datePublished\":\"2018-05-04T06:00:08+00:00\",\"dateModified\":\"2018-05-04T17:22:30+00:00\",\"breadcrumb\":{\"@id\":\"https:\\\/\\\/hoerske.de\\\/blog\\\/2018\\\/05\\\/poecilia-wingei-der-kleinere-guppy\\\/#breadcrumb\"},\"inLanguage\":\"de\",\"potentialAction\":[{\"@type\":\"ReadAction\",\"target\":[\"https:\\\/\\\/hoerske.de\\\/blog\\\/2018\\\/05\\\/poecilia-wingei-der-kleinere-guppy\\\/\"]}]},{\"@type\":\"ImageObject\",\"inLanguage\":\"de\",\"@id\":\"https:\\\/\\\/hoerske.de\\\/blog\\\/2018\\\/05\\\/poecilia-wingei-der-kleinere-guppy\\\/#primaryimage\",\"url\":\"https:\\\/\\\/i0.wp.com\\\/hoerske.de\\\/blog\\\/wp-content\\\/uploads\\\/2018\\\/05\\\/20180429_175133.jpg?fit=3293%2C2469&ssl=1\",\"contentUrl\":\"https:\\\/\\\/i0.wp.com\\\/hoerske.de\\\/blog\\\/wp-content\\\/uploads\\\/2018\\\/05\\\/20180429_175133.jpg?fit=3293%2C2469&ssl=1\",\"width\":3293,\"height\":2469},{\"@type\":\"BreadcrumbList\",\"@id\":\"https:\\\/\\\/hoerske.de\\\/blog\\\/2018\\\/05\\\/poecilia-wingei-der-kleinere-guppy\\\/#breadcrumb\",\"itemListElement\":[{\"@type\":\"ListItem\",\"position\":1,\"name\":\"Startseite\",\"item\":\"https:\\\/\\\/hoerske.de\\\/blog\\\/\"},{\"@type\":\"ListItem\",\"position\":2,\"name\":\"Poecilia wingei &#8211; der kleinere &#8220;Guppy&#8221;\"}]},{\"@type\":\"WebSite\",\"@id\":\"https:\\\/\\\/hoerske.de\\\/blog\\\/#website\",\"url\":\"https:\\\/\\\/hoerske.de\\\/blog\\\/\",\"name\":\"Timos Blog\",\"description\":\"ego cogito, ergo sum\",\"publisher\":{\"@id\":\"https:\\\/\\\/hoerske.de\\\/blog\\\/#\\\/schema\\\/person\\\/20677cf2167fc7027b752c3bba78d5fc\"},\"potentialAction\":[{\"@type\":\"SearchAction\",\"target\":{\"@type\":\"EntryPoint\",\"urlTemplate\":\"https:\\\/\\\/hoerske.de\\\/blog\\\/?s={search_term_string}\"},\"query-input\":{\"@type\":\"PropertyValueSpecification\",\"valueRequired\":true,\"valueName\":\"search_term_string\"}}],\"inLanguage\":\"de\"},{\"@type\":[\"Person\",\"Organization\"],\"@id\":\"https:\\\/\\\/hoerske.de\\\/blog\\\/#\\\/schema\\\/person\\\/20677cf2167fc7027b752c3bba78d5fc\",\"name\":\"Timo H\u00f6rske\",\"image\":{\"@type\":\"ImageObject\",\"inLanguage\":\"de\",\"@id\":\"https:\\\/\\\/i0.wp.com\\\/hoerske.de\\\/blog\\\/wp-content\\\/uploads\\\/2023\\\/01\\\/16711213967602.jpg?fit=1024%2C954&ssl=1\",\"url\":\"https:\\\/\\\/i0.wp.com\\\/hoerske.de\\\/blog\\\/wp-content\\\/uploads\\\/2023\\\/01\\\/16711213967602.jpg?fit=1024%2C954&ssl=1\",\"contentUrl\":\"https:\\\/\\\/i0.wp.com\\\/hoerske.de\\\/blog\\\/wp-content\\\/uploads\\\/2023\\\/01\\\/16711213967602.jpg?fit=1024%2C954&ssl=1\",\"width\":1024,\"height\":954,\"caption\":\"Timo H\u00f6rske\"},\"logo\":{\"@id\":\"https:\\\/\\\/i0.wp.com\\\/hoerske.de\\\/blog\\\/wp-content\\\/uploads\\\/2023\\\/01\\\/16711213967602.jpg?fit=1024%2C954&ssl=1\"},\"description\":\"Jahrgang 1985, als \\\"Ossi\\\" geboren, im beschaulichen Premnitz an der Havel aufgewachsen. Natur- und Kunstliebhaber. Seit \u00fcber 10 Jahren Wahlbremerhavener, K\u00fcsten- und Windfan. So ziemlich an Allem interessiert. Schwerpunkte sind aber eindeutig Politik, Gesellschaft, Rechtswesen, Natur, Imkerei und Technik. Rotes Parteibuch, Mitglied des Jugendhilfeausschusses der Stadt Bremerhaven, Vorsitzender eines Kleing\u00e4rtnervereins, Fachberater f\u00fcr das Kleingartenwesen, Verbandschef der Bremerhavener Kleing\u00e4rtner*innen. Hobbyimker, Freizeitblogger, Techniknerd.\",\"sameAs\":[\"https:\\\/\\\/www.hoerske.de\\\/\",\"https:\\\/\\\/www.facebook.com\\\/timo.hoerske\",\"https:\\\/\\\/www.instagram.com\\\/thoerske\\\/\",\"https:\\\/\\\/x.com\\\/timo_hoerske\"],\"url\":\"https:\\\/\\\/hoerske.de\\\/blog\\\/author\\\/roter_admin\\\/\"}]}<\/script>\n<!-- \/ Yoast SEO Premium plugin. -->","yoast_head_json":{"title":"Poecilia wingei - der kleinere \"Guppy\" - Timos Paper","robots":{"index":"index","follow":"follow","max-snippet":"max-snippet:-1","max-image-preview":"max-image-preview:large","max-video-preview":"max-video-preview:-1"},"canonical":"https:\/\/hoerske.de\/blog\/2018\/05\/poecilia-wingei-der-kleinere-guppy\/","og_locale":"de_DE","og_type":"article","og_title":"Poecilia wingei - der kleinere \"Guppy\"","og_description":"In meinem Beitrag \u00fcber meine ersten Erfahrungen bei einem Verbandswochenende des VDA habe ich euch bereits einen Artikel \u00fcber Poecilia wingei angek\u00fcndigt. Dem Versprechen m\u00f6chte ich heute nachkommen.  Im Rahmen der Backstage-F\u00fchrung in die Quarant\u00e4ne des Klimahaus Bremerhaven habe ich dort einen gro\u00dfartigen Schwarm von Endlers Guppy, wie Poecilia wingei auch genannt wird, bestaunen d\u00fcrfen.","og_url":"https:\/\/hoerske.de\/blog\/2018\/05\/poecilia-wingei-der-kleinere-guppy\/","og_site_name":"Timos Paper","article_publisher":"https:\/\/www.facebook.com\/timo.hoerske","article_author":"https:\/\/www.facebook.com\/timo.hoerske","article_published_time":"2018-05-04T06:00:08+00:00","article_modified_time":"2018-05-04T17:22:30+00:00","og_image":[{"width":3293,"height":2469,"url":"https:\/\/i0.wp.com\/blog.hoerske.de\/wp-content\/uploads\/2018\/05\/20180429_175133.jpg?fit=3293%2C2469","type":"image\/jpeg"}],"author":"Timo H\u00f6rske","twitter_card":"summary_large_image","twitter_creator":"@timo_hoerske","twitter_site":"@timo_hoerske","twitter_misc":{"Verfasst von":"Timo H\u00f6rske","Gesch\u00e4tzte Lesezeit":"3\u00a0Minuten"},"schema":{"@context":"https:\/\/schema.org","@graph":[{"@type":"Article","@id":"https:\/\/hoerske.de\/blog\/2018\/05\/poecilia-wingei-der-kleinere-guppy\/#article","isPartOf":{"@id":"https:\/\/hoerske.de\/blog\/2018\/05\/poecilia-wingei-der-kleinere-guppy\/"},"author":{"name":"Timo H\u00f6rske","@id":"https:\/\/hoerske.de\/blog\/#\/schema\/person\/20677cf2167fc7027b752c3bba78d5fc"},"headline":"Poecilia wingei &#8211; der kleinere &#8220;Guppy&#8221;","datePublished":"2018-05-04T06:00:08+00:00","dateModified":"2018-05-04T17:22:30+00:00","mainEntityOfPage":{"@id":"https:\/\/hoerske.de\/blog\/2018\/05\/poecilia-wingei-der-kleinere-guppy\/"},"wordCount":644,"commentCount":0,"publisher":{"@id":"https:\/\/hoerske.de\/blog\/#\/schema\/person\/20677cf2167fc7027b752c3bba78d5fc"},"image":{"@id":"https:\/\/hoerske.de\/blog\/2018\/05\/poecilia-wingei-der-kleinere-guppy\/#primaryimage"},"thumbnailUrl":"https:\/\/i0.wp.com\/hoerske.de\/blog\/wp-content\/uploads\/2018\/05\/20180429_175133.jpg?fit=3293%2C2469&ssl=1","keywords":["American Museum of Natural History","Campoma-Lagune","Endlers Guppy","Exemplare","Franklyn F. Bond","Klimahaus Bremerhaven","Poecilia","VDA"],"articleSection":["2018","Hobbies","Tiere","Wissenschaft"],"inLanguage":"de","potentialAction":[{"@type":"CommentAction","name":"Comment","target":["https:\/\/hoerske.de\/blog\/2018\/05\/poecilia-wingei-der-kleinere-guppy\/#respond"]}]},{"@type":"WebPage","@id":"https:\/\/hoerske.de\/blog\/2018\/05\/poecilia-wingei-der-kleinere-guppy\/","url":"https:\/\/hoerske.de\/blog\/2018\/05\/poecilia-wingei-der-kleinere-guppy\/","name":"Poecilia wingei - der kleinere \"Guppy\" - Timos Paper","isPartOf":{"@id":"https:\/\/hoerske.de\/blog\/#website"},"primaryImageOfPage":{"@id":"https:\/\/hoerske.de\/blog\/2018\/05\/poecilia-wingei-der-kleinere-guppy\/#primaryimage"},"image":{"@id":"https:\/\/hoerske.de\/blog\/2018\/05\/poecilia-wingei-der-kleinere-guppy\/#primaryimage"},"thumbnailUrl":"https:\/\/i0.wp.com\/hoerske.de\/blog\/wp-content\/uploads\/2018\/05\/20180429_175133.jpg?fit=3293%2C2469&ssl=1","datePublished":"2018-05-04T06:00:08+00:00","dateModified":"2018-05-04T17:22:30+00:00","breadcrumb":{"@id":"https:\/\/hoerske.de\/blog\/2018\/05\/poecilia-wingei-der-kleinere-guppy\/#breadcrumb"},"inLanguage":"de","potentialAction":[{"@type":"ReadAction","target":["https:\/\/hoerske.de\/blog\/2018\/05\/poecilia-wingei-der-kleinere-guppy\/"]}]},{"@type":"ImageObject","inLanguage":"de","@id":"https:\/\/hoerske.de\/blog\/2018\/05\/poecilia-wingei-der-kleinere-guppy\/#primaryimage","url":"https:\/\/i0.wp.com\/hoerske.de\/blog\/wp-content\/uploads\/2018\/05\/20180429_175133.jpg?fit=3293%2C2469&ssl=1","contentUrl":"https:\/\/i0.wp.com\/hoerske.de\/blog\/wp-content\/uploads\/2018\/05\/20180429_175133.jpg?fit=3293%2C2469&ssl=1","width":3293,"height":2469},{"@type":"BreadcrumbList","@id":"https:\/\/hoerske.de\/blog\/2018\/05\/poecilia-wingei-der-kleinere-guppy\/#breadcrumb","itemListElement":[{"@type":"ListItem","position":1,"name":"Startseite","item":"https:\/\/hoerske.de\/blog\/"},{"@type":"ListItem","position":2,"name":"Poecilia wingei &#8211; der kleinere &#8220;Guppy&#8221;"}]},{"@type":"WebSite","@id":"https:\/\/hoerske.de\/blog\/#website","url":"https:\/\/hoerske.de\/blog\/","name":"Timos Blog","description":"ego cogito, ergo sum","publisher":{"@id":"https:\/\/hoerske.de\/blog\/#\/schema\/person\/20677cf2167fc7027b752c3bba78d5fc"},"potentialAction":[{"@type":"SearchAction","target":{"@type":"EntryPoint","urlTemplate":"https:\/\/hoerske.de\/blog\/?s={search_term_string}"},"query-input":{"@type":"PropertyValueSpecification","valueRequired":true,"valueName":"search_term_string"}}],"inLanguage":"de"},{"@type":["Person","Organization"],"@id":"https:\/\/hoerske.de\/blog\/#\/schema\/person\/20677cf2167fc7027b752c3bba78d5fc","name":"Timo H\u00f6rske","image":{"@type":"ImageObject","inLanguage":"de","@id":"https:\/\/i0.wp.com\/hoerske.de\/blog\/wp-content\/uploads\/2023\/01\/16711213967602.jpg?fit=1024%2C954&ssl=1","url":"https:\/\/i0.wp.com\/hoerske.de\/blog\/wp-content\/uploads\/2023\/01\/16711213967602.jpg?fit=1024%2C954&ssl=1","contentUrl":"https:\/\/i0.wp.com\/hoerske.de\/blog\/wp-content\/uploads\/2023\/01\/16711213967602.jpg?fit=1024%2C954&ssl=1","width":1024,"height":954,"caption":"Timo H\u00f6rske"},"logo":{"@id":"https:\/\/i0.wp.com\/hoerske.de\/blog\/wp-content\/uploads\/2023\/01\/16711213967602.jpg?fit=1024%2C954&ssl=1"},"description":"Jahrgang 1985, als \"Ossi\" geboren, im beschaulichen Premnitz an der Havel aufgewachsen. Natur- und Kunstliebhaber. Seit \u00fcber 10 Jahren Wahlbremerhavener, K\u00fcsten- und Windfan. So ziemlich an Allem interessiert. Schwerpunkte sind aber eindeutig Politik, Gesellschaft, Rechtswesen, Natur, Imkerei und Technik. Rotes Parteibuch, Mitglied des Jugendhilfeausschusses der Stadt Bremerhaven, Vorsitzender eines Kleing\u00e4rtnervereins, Fachberater f\u00fcr das Kleingartenwesen, Verbandschef der Bremerhavener Kleing\u00e4rtner*innen. Hobbyimker, Freizeitblogger, Techniknerd.","sameAs":["https:\/\/www.hoerske.de\/","https:\/\/www.facebook.com\/timo.hoerske","https:\/\/www.instagram.com\/thoerske\/","https:\/\/x.com\/timo_hoerske"],"url":"https:\/\/hoerske.de\/blog\/author\/roter_admin\/"}]}},"jetpack_publicize_connections":[],"jetpack_featured_media_url":"https:\/\/i0.wp.com\/hoerske.de\/blog\/wp-content\/uploads\/2018\/05\/20180429_175133.jpg?fit=3293%2C2469&ssl=1","jetpack_shortlink":"https:\/\/wp.me\/p4W3ht-RE","jetpack_sharing_enabled":true,"_links":{"self":[{"href":"https:\/\/hoerske.de\/blog\/wp-json\/wp\/v2\/posts\/3326","targetHints":{"allow":["GET"]}}],"collection":[{"href":"https:\/\/hoerske.de\/blog\/wp-json\/wp\/v2\/posts"}],"about":[{"href":"https:\/\/hoerske.de\/blog\/wp-json\/wp\/v2\/types\/post"}],"author":[{"embeddable":true,"href":"https:\/\/hoerske.de\/blog\/wp-json\/wp\/v2\/users\/1"}],"replies":[{"embeddable":true,"href":"https:\/\/hoerske.de\/blog\/wp-json\/wp\/v2\/comments?post=3326"}],"version-history":[{"count":0,"href":"https:\/\/hoerske.de\/blog\/wp-json\/wp\/v2\/posts\/3326\/revisions"}],"wp:featuredmedia":[{"embeddable":true,"href":"https:\/\/hoerske.de\/blog\/wp-json\/wp\/v2\/media\/3331"}],"wp:attachment":[{"href":"https:\/\/hoerske.de\/blog\/wp-json\/wp\/v2\/media?parent=3326"}],"wp:term":[{"taxonomy":"category","embeddable":true,"href":"https:\/\/hoerske.de\/blog\/wp-json\/wp\/v2\/categories?post=3326"},{"taxonomy":"post_tag","embeddable":true,"href":"https:\/\/hoerske.de\/blog\/wp-json\/wp\/v2\/tags?post=3326"}],"curies":[{"name":"wp","href":"https:\/\/api.w.org\/{rel}","templated":true}]}}