{"id":3297,"date":"2018-05-01T12:00:06","date_gmt":"2018-05-01T10:00:06","guid":{"rendered":"https:\/\/www.hoerske.de\/?p=3297"},"modified":"2018-05-01T10:13:40","modified_gmt":"2018-05-01T08:13:40","slug":"mein-wochenende-verbandstag-vda-und-klimahauskongress","status":"publish","type":"post","link":"https:\/\/hoerske.de\/blog\/2018\/05\/mein-wochenende-verbandstag-vda-und-klimahauskongress\/","title":{"rendered":"Mein Wochenende &#8211; Verbandstag VDA und Klimahauskongress"},"content":{"rendered":"<p>Das letzte verl\u00e4ngerte Wochenende war anstrengend, spannend und voll gepackt mit vielen neuen Erfahrungen. Wer mir auf Facebook oder Instagram folgt, hat es bereits mitbekommen. Drei Tage lang drehte es sich beim mir um Aquaristik und Terraristik.<\/p>\n<p>Der Freitag startete mit dem Verbandstag des Verbandes Deutscher Vereine f\u00fcr Aquarien- und Terrarienkunde e.V., kurz VDA. Die Tage Samstag und Sonntag standen ganz im Zeichen des &#8220;4. KLIMAHAUS-KONGRESS &#8211; S\u00dcSSWASSER-AQUARISTIK&#8221;, der in Zusammenarbeit mit dem Bundeskongress des VDA in diesem Jahr stattfand.<\/p>\n<p>Ich hatte die Gelegenheit viele interessante Menschen kennenzulernen, neues Wissen zu erwerben und v\u00f6llig neue Sichtweisen auf das Hobby Aquaristik zu bekommen. Es waren so viele Eindr\u00fccke, dass ich geplant habe, die Erlebnisse vom Wochenende in mehreren Artikeln auf meinem Blog aufzuarbeiten.<\/p>\n<p>Beginnen wir mit einem \u00dcberblicksartikel und damit mit einem kurzen Bericht zum Verbandstag und dem Klimahaus-Kongress. Dann k\u00f6nnen hoffentlich auch die Nicht-Aquaristen nachvollziehen, was ich die Tage so getrieben habe.<\/p>\n<h2>Der Verbandstag des VDA<\/h2>\n<p>Am Freitag war ich das erste Mal auf einem Verbandstag des VDA, dem ich trotz jahrelanger Aquaristikerfahrung erst seit wenigen Monaten angeh\u00f6re. Vorausgegangen war eine lange &#8220;Bearbeitung&#8221; von Jens Crueger, der mich schlussendlich dazu \u00fcberzeugt hat, dem Verband beizutreten.<\/p>\n<p>Der Verband Deutscher Vereine f\u00fcr Aquarien- und Terrarienkunde e.V. ist der \u00e4lteste und gr\u00f6\u00dfte Verband f\u00fcr Aquarianer und Terrarianer der Welt. Zu den Mitgliedern des VDA geh\u00f6ren nationale und internationale Vereine, Organisationen, Gesellschaften und andere Verb\u00e4nde, die sich mit der Haltung von Fischen, Amphibien, Reptilien und anderen Terrarienbewohner befassen. Der VDA existiert bereits seit 1911. In Deutschland geh\u00f6ren dem Verband etwa 350 Vereine mit ca. 13.000 Mitgliedern an.<\/p>\n<p>Ein Hauptziel des VDA ist es, sich f\u00fcr und mit den Mitgliedern in den Vereinen f\u00fcr eine sachgerechte Pflege von Aquarien- und Terrarientieren unter Beachtung des Arten- und Tierschutzes einzusetzen. Dazu geh\u00f6rt u.a. die F\u00f6rderung der Nachzucht von Aquarien- und Terrarientieren. Die Nachzucht dient dazu, Entnahmen aus der Natur zu minimieren. Die Mitglieder der Vereine des Verbandes bekommen dazu sachkundige Fort- und Weiterbildungen angeboten.<\/p>\n<p>Der verantwortungsvolle Schutz der Umwelt, insbesondere der fachgerechte Arten- und Biotopschutz, geh\u00f6rt zum Selbstverst\u00e4ndnis des Verbandes. Dazu wirkt der Verband auch an der gesellschaftspolitischen Meinungsbildung mit und versteht sich selber als Interessenvertretung gegen\u00fcber der Politik. Weitere Informationen zum Verband findet ihr auch auf den Seiten des VDA.<\/p>\n<p>Zur\u00fcck zum Verbandstag: dieser ist vergleichbar mit der Jahreshauptversammlung oder Mitgliederversammlung anderer Vereine. Als Mitglied des Arbeitskreises &#8220;Allgemeine Aquaristik&#8221; hatte ich die M\u00f6glichkeit das neue Pr\u00e4sidium mitzuw\u00e4hlen, \u00fcber die Finanzplanung des Jahres 2018 abzustimmen und \u00fcber verschiedene Antr\u00e4ge zu beraten. Es war thematisch neu f\u00fcr mich, dankenswerterweise der Ablauf und die Formalien jedoch dank anderer Ehren\u00e4mter vertraut gewesen.<\/p>\n<h3>Der VDA hat ein neues Pr\u00e4sidium<\/h3>\n<p>Ich hatte die Ehre einen \u00e4u\u00dferst symphatischen und engagierten Genossen, Jens Crueger, als Pr\u00e4sident des Verbandes Deutscher Vereine f\u00fcr Aquarien- und Terrarienkunde e.V. wiederzuw\u00e4hlen. In Gespr\u00e4chen, die ich am Rande des Verbandstages f\u00fchren konnte, wurde mir klar, dass Jens auch im VDA richtig gute Arbeit leistet und ich bin froh, dass er dieses Engagement nun weiterf\u00fchren kann.<\/p>\n<p>Der Verbandstag war nicht nur f\u00fcr mich eine Premiere, so ist es nun auch f\u00fcr den Verband ein Meilenstein, dass in der 107-j\u00e4hrigen Geschichte eine weibliche Vizepr\u00e4sidentin gew\u00e4hlt worden ist. Maike Wilstermann-Hildebrand ist seit diesem Wochenende Vizepr\u00e4sidentin f\u00fcr Kommunikation.<\/p>\n<p>Das Pr\u00e4sidium besteht weiterhin aus: Klaus B\u00fcttner, dem Vizepr\u00e4sidenten f\u00fcr Marketing, Enno M\u00e4nche, dem Vizepr\u00e4sidenten f\u00fcr die Jugendarbeit, Thomas M\u00fcnch, dem Vizepr\u00e4sidenten f\u00fcr Organisation, Christoph Reinhardt als Schatzmeister und Manfred Rank als Gesch\u00e4ftsf\u00fchrer.<\/p>\n<p>Ich w\u00fcnsche dem gesamten Pr\u00e4sidium an dieser Stelle viel Erfolg und Tatkraft bei der F\u00fchrung des Verbandes.<\/p>\n<p>Neben der Wahl des Pr\u00e4sidiums haben wir uns auch mit der F\u00f6rderung der Jugendarbeit in den Mitgliedsvereinen und der Unterst\u00fctzung von Sachkundepr\u00fcfungen besch\u00e4ftigt. Zuk\u00fcnftig wird es ein festes Budget des Verbandes geben, aus dem die Mitgliedsvereine F\u00f6rderungen f\u00fcr ihre Jugendarbeit erhalten k\u00f6nnen. Um mehr sachkundige Mitglieder zu gewinnen und die Aquaristik sowie Terraristik zu professionalisieren, wird es in diesem Jahr Zusch\u00fcsse f\u00fcr bestandene Sachkundepr\u00fcfungen geben. So sollen bis zu 100 Mitglieder der angeschlossenen Vereine 20,00 \u20ac f\u00fcr ihre Pr\u00fcfungsgeb\u00fchren erstattet bekommen.<\/p>\n<h2>4. KLIMAHAUS-KONGRESS &#8211; S\u00dcSSWASSER-AQUARISTIK<\/h2>\n<figure id=\"attachment_3304\" aria-describedby=\"caption-attachment-3304\" style=\"width: 225px\" class=\"wp-caption alignleft\"><a href=\"https:\/\/i0.wp.com\/www.hoerske.de\/blog\/wp-content\/uploads\/2018\/04\/30784999_10214897956777413_975755415_n.jpg?ssl=1\"><img data-recalc-dims=\"1\" loading=\"lazy\" decoding=\"async\" class=\"size-medium wp-image-3304\" src=\"https:\/\/i0.wp.com\/www.hoerske.de\/blog\/wp-content\/uploads\/2018\/04\/30784999_10214897956777413_975755415_n-225x300.jpg?resize=225%2C300&#038;ssl=1\" alt=\"\" width=\"225\" height=\"300\" srcset=\"https:\/\/i0.wp.com\/hoerske.de\/blog\/wp-content\/uploads\/2018\/04\/30784999_10214897956777413_975755415_n.jpg?resize=225%2C300&amp;ssl=1 225w, https:\/\/i0.wp.com\/hoerske.de\/blog\/wp-content\/uploads\/2018\/04\/30784999_10214897956777413_975755415_n.jpg?w=720&amp;ssl=1 720w\" sizes=\"auto, (max-width: 225px) 100vw, 225px\" \/><\/a><figcaption id=\"caption-attachment-3304\" class=\"wp-caption-text\">Ich &#8211; wenn ich mir Notizen mache oder meine sozialen Kan\u00e4le mit Infos versorge.<\/figcaption><\/figure>\n<p>Immer, wenn ich darin vertieft bin, mir Notizen zu machen oder eine Nachricht in meine sozialen Kan\u00e4le abzugeben, kommt irgendwer um die Ecke und fotografiert mich dabei. Diesmal hat Jens mich dabei &#8220;erwischt&#8221;.<\/p>\n<p>Am Samstag und Sonntag gab es im Rahmen des 4. Klimahaus-Kongress &#8220;S\u00fc\u00dfwasser-Aquaristik&#8221; viele interessante Vortr\u00e4ge und einen spannenden Austausch zu unterschiedlichen Themen.<\/p>\n<p>In einem eigenst\u00e4ndigen Artikel m\u00f6chte ich euch sp\u00e4ter mehr \u00fcber &#8220;Urzeitkrebse in der D\u00f6beritzer Heide&#8221; informieren, denn die D\u00f6beritzer Heide kenne ich pers\u00f6nlich, da der Landstrich nicht allzu weit von meiner alten Heimat entfernt liegt. Die Sielmanns Naturlandschaft haben wir schon Mal besucht. Daher m\u00f6chte ich noch ein paar Fotos dazu f\u00fcr euch heraussuchen. Der dazugeh\u00f6rige Vortrag von Florian Lahrmann an diesem Wochenende war mein pers\u00f6nliches Highlight.<\/p>\n<p>Daneben gab es auch viel neues Wissen zu den bakteriologischen Belastungen von Fischbest\u00e4nden bei Neubesatz und Bestandserweiterungen sowie verschiedene Reiseberichte aus den unterschiedlichen Lebensr\u00e4umen und Herkunftsl\u00e4nder von Zierfischen zu erfahren. Nat\u00fcrlich durften auch Erlebnisberichte aus den verschiedenen Naturschutz- und Erhaltungsprojekten rund um die Aquaristik nicht fehlen.<\/p>\n<p>V\u00f6llig neu f\u00fcr mich war, welche kleine Salmlerarten es gibt. So gibt es Varianten, die nicht mal 1,5 cm gro\u00df werden. Diese k\u00f6nnen tats\u00e4chlich im Aquarium gehalten und vermehrt werden. Dies h\u00e4tte ich bis gestern nicht f\u00fcr m\u00f6glich gehalten.<\/p>\n<h2>Zu guter Letzt&#8230;<\/h2>\n<figure id=\"attachment_3308\" aria-describedby=\"caption-attachment-3308\" style=\"width: 300px\" class=\"wp-caption alignleft\"><a href=\"https:\/\/i0.wp.com\/www.hoerske.de\/blog\/wp-content\/uploads\/2018\/04\/20180428_173944.jpg?ssl=1\"><img data-recalc-dims=\"1\" loading=\"lazy\" decoding=\"async\" class=\"size-medium wp-image-3308\" src=\"https:\/\/i0.wp.com\/www.hoerske.de\/blog\/wp-content\/uploads\/2018\/04\/20180428_173944-300x225.jpg?resize=300%2C225&#038;ssl=1\" alt=\"Filtertechnik\" width=\"300\" height=\"225\" srcset=\"https:\/\/i0.wp.com\/hoerske.de\/blog\/wp-content\/uploads\/2018\/04\/20180428_173944.jpg?resize=300%2C225&amp;ssl=1 300w, https:\/\/i0.wp.com\/hoerske.de\/blog\/wp-content\/uploads\/2018\/04\/20180428_173944.jpg?resize=768%2C576&amp;ssl=1 768w, https:\/\/i0.wp.com\/hoerske.de\/blog\/wp-content\/uploads\/2018\/04\/20180428_173944.jpg?resize=1024%2C768&amp;ssl=1 1024w, https:\/\/i0.wp.com\/hoerske.de\/blog\/wp-content\/uploads\/2018\/04\/20180428_173944.jpg?resize=360%2C270&amp;ssl=1 360w, https:\/\/i0.wp.com\/hoerske.de\/blog\/wp-content\/uploads\/2018\/04\/20180428_173944.jpg?resize=80%2C60&amp;ssl=1 80w, https:\/\/i0.wp.com\/hoerske.de\/blog\/wp-content\/uploads\/2018\/04\/20180428_173944.jpg?w=1680&amp;ssl=1 1680w, https:\/\/i0.wp.com\/hoerske.de\/blog\/wp-content\/uploads\/2018\/04\/20180428_173944.jpg?w=2520&amp;ssl=1 2520w\" sizes=\"auto, (max-width: 300px) 100vw, 300px\" \/><\/a><figcaption id=\"caption-attachment-3308\" class=\"wp-caption-text\">Ein Teil der Filtertechnik im Klimahaus Bremerhaven<\/figcaption><\/figure>\n<p>Am Samstagabend stand ein weiteres Highlight auf der Tagesordnung. Es ging Backstage hinter die Kulissen des Klimahaus Bremerhaven. Ich war sehr gespannt darauf, denn es ist nun schon ein paar Jahre her, dass ich selber f\u00fcr den reibungslosen Betrieb des Klimahauses als Mitarbeiter mitverantwortlich war. Daher konnte ich gut vergleichen, wie es mittlerweile im Hintergrund aussieht und welche Weiterentwicklung es in den letzten Jahren gegeben hat.<\/p>\n<p>Bei der F\u00fchrung durch den technischen Bereich der Aquarien und der Quarant\u00e4ne habe ich einige Fotos gemacht. Diese will ich euch mit meinen Eindr\u00fccken in einem weiteren Artikel die n\u00e4chsten Tage zeigen.<\/p>\n<p>Abschlie\u00dfend habe ich Sonntagnachmittag noch einige sehr lebhafte Erinnerungsst\u00fccke mit nach Hause nehmen k\u00f6nnen. Im Quarant\u00e4nebereich des Klimahauses habe ich einen gro\u00dfartigen Schwarm von Endlers Guppys entdeckt. Es blieb nicht aus, dass ich mich prompt in die kleinere Variante des beliebten Aquariumfisches verliebt habe. Da mussten ein paar Exemplare f\u00fcr das Becken zu Hause mitgenommen werden. Zu den <em>Poecilia wingei<\/em>, wie Endlers Guppys richtig hei\u00dfen, werde ich f\u00fcr euch ebenfalls in den n\u00e4chsten Tagen einen Artikel auf meinem Blog schreiben.<\/p>\n<p>Wie ihr sehen k\u00f6nnt, es war ein spannendes und ereignisreichen Wochenende, mit vielen tollen Eindr\u00fccken und Erlebnissen!<\/p>\n<h2>Off-Topic<\/h2>\n<p>Nach einer Textanalyse ist dieser Text zu 52% subjektiv, die wichtigsten Worte sind:\u00a0<em>Jugendarbeit, Vizepr\u00e4sident, Terrarienkunde, Aquaristik, Verbandstag, VDA, Terraristik<\/em><\/p>\n<p>Ein Computer w\u00fcrde diesen Text der Kategorie Politik zu ordnen. Ich finde das passt absolut nicht. Daher habe ich mich f\u00fcr die Hauptkategorie <a href=\"https:\/\/www.hoerske.de\/blog\/kategorien\/hobbies\/\">Hobbies<\/a> entschieden.<\/p>\n","protected":false},"excerpt":{"rendered":"<p>Das letzte verl\u00e4ngerte Wochenende war anstrengend, spannend und vollgepackt mit vielen neuen Erfahrungen. Wer mir auf Facebook oder Instagram folgt, hat es bereits mitbekommen. Drei Tage lang drehte es sich beim mir um Aquaristik und Terraristik.<\/p>\n","protected":false},"author":1,"featured_media":3310,"comment_status":"open","ping_status":"open","sticky":false,"template":"","format":"standard","meta":{"jetpack_post_was_ever_published":false,"_jetpack_newsletter_access":"","_jetpack_dont_email_post_to_subs":false,"_jetpack_newsletter_tier_id":0,"_jetpack_memberships_contains_paywalled_content":false,"_jetpack_memberships_contains_paid_content":false,"footnotes":"","jetpack_publicize_message":"","jetpack_publicize_feature_enabled":true,"jetpack_social_post_already_shared":false,"jetpack_social_options":{"image_generator_settings":{"template":"highway","default_image_id":0,"font":"","enabled":false},"version":2},"_wpas_customize_per_network":false},"categories":[803,1,595,2],"tags":[1021,1026,154,1018,191,1020,1024,1023,1022,1019,1025],"class_list":["post-3297","post","type-post","status-publish","format-standard","has-post-thumbnail","hentry","category-803","category-hobbies","category-tiere","category-wissenschaft","tag-aquaristik","tag-endlers-guppys","tag-fotografie","tag-jugendarbeit","tag-klimahaus","tag-terrarienkunde","tag-terraristik","tag-vda","tag-verbandstag","tag-vizepraesident","tag-zierfische"],"yoast_head":"<!-- This site is optimized with the Yoast SEO Premium plugin v27.3 (Yoast SEO v27.3) - https:\/\/yoast.com\/product\/yoast-seo-premium-wordpress\/ -->\n<title>Mein Wochenende - Verbandstag VDA und Klimahauskongress - Timos Paper<\/title>\n<meta name=\"description\" content=\"Das letzte verl\u00e4ngerte Wochenende war anstrengend, spannend und vollgepackt mit vielen neuen Erfahrungen. Wer mir auf Facebook oder Instagram folgt, hat es bereits mitbekommen. Drei Tage lang drehte es sich beim mir um Aquaristik und Terraristik.\" \/>\n<meta name=\"robots\" content=\"index, follow, max-snippet:-1, max-image-preview:large, max-video-preview:-1\" \/>\n<link rel=\"canonical\" href=\"https:\/\/hoerske.de\/blog\/2018\/05\/mein-wochenende-verbandstag-vda-und-klimahauskongress\/\" \/>\n<meta property=\"og:locale\" content=\"de_DE\" \/>\n<meta property=\"og:type\" content=\"article\" \/>\n<meta property=\"og:title\" content=\"Mein Wochenende - Verbandstag VDA und Klimahauskongress\" \/>\n<meta property=\"og:description\" content=\"Das letzte verl\u00e4ngerte Wochenende war anstrengend, spannend und vollgepackt mit vielen neuen Erfahrungen. Wer mir auf Facebook oder Instagram folgt, hat es bereits mitbekommen. Drei Tage lang drehte es sich beim mir um Aquaristik und Terraristik.\" \/>\n<meta property=\"og:url\" content=\"https:\/\/hoerske.de\/blog\/2018\/05\/mein-wochenende-verbandstag-vda-und-klimahauskongress\/\" \/>\n<meta property=\"og:site_name\" content=\"Timos Paper\" \/>\n<meta property=\"article:publisher\" content=\"https:\/\/www.facebook.com\/timo.hoerske\" \/>\n<meta property=\"article:author\" content=\"https:\/\/www.facebook.com\/timo.hoerske\" \/>\n<meta property=\"article:published_time\" content=\"2018-05-01T10:00:06+00:00\" \/>\n<meta property=\"og:image\" content=\"https:\/\/i0.wp.com\/blog.hoerske.de\/wp-content\/uploads\/2018\/04\/Timos-Blog3.png?fit=1200%2C600\" \/>\n\t<meta property=\"og:image:width\" content=\"1200\" \/>\n\t<meta property=\"og:image:height\" content=\"600\" \/>\n\t<meta property=\"og:image:type\" content=\"image\/png\" \/>\n<meta name=\"author\" content=\"Timo H\u00f6rske\" \/>\n<meta name=\"twitter:card\" content=\"summary_large_image\" \/>\n<meta name=\"twitter:creator\" content=\"@timo_hoerske\" \/>\n<meta name=\"twitter:site\" content=\"@timo_hoerske\" \/>\n<meta name=\"twitter:label1\" content=\"Verfasst von\" \/>\n\t<meta name=\"twitter:data1\" content=\"Timo H\u00f6rske\" \/>\n\t<meta name=\"twitter:label2\" content=\"Gesch\u00e4tzte Lesezeit\" \/>\n\t<meta name=\"twitter:data2\" content=\"6\u00a0Minuten\" \/>\n<script type=\"application\/ld+json\" class=\"yoast-schema-graph\">{\"@context\":\"https:\\\/\\\/schema.org\",\"@graph\":[{\"@type\":\"Article\",\"@id\":\"https:\\\/\\\/hoerske.de\\\/blog\\\/2018\\\/05\\\/mein-wochenende-verbandstag-vda-und-klimahauskongress\\\/#article\",\"isPartOf\":{\"@id\":\"https:\\\/\\\/hoerske.de\\\/blog\\\/2018\\\/05\\\/mein-wochenende-verbandstag-vda-und-klimahauskongress\\\/\"},\"author\":{\"name\":\"Timo H\u00f6rske\",\"@id\":\"https:\\\/\\\/hoerske.de\\\/blog\\\/#\\\/schema\\\/person\\\/20677cf2167fc7027b752c3bba78d5fc\"},\"headline\":\"Mein Wochenende &#8211; Verbandstag VDA und Klimahauskongress\",\"datePublished\":\"2018-05-01T10:00:06+00:00\",\"mainEntityOfPage\":{\"@id\":\"https:\\\/\\\/hoerske.de\\\/blog\\\/2018\\\/05\\\/mein-wochenende-verbandstag-vda-und-klimahauskongress\\\/\"},\"wordCount\":1271,\"commentCount\":1,\"publisher\":{\"@id\":\"https:\\\/\\\/hoerske.de\\\/blog\\\/#\\\/schema\\\/person\\\/20677cf2167fc7027b752c3bba78d5fc\"},\"image\":{\"@id\":\"https:\\\/\\\/hoerske.de\\\/blog\\\/2018\\\/05\\\/mein-wochenende-verbandstag-vda-und-klimahauskongress\\\/#primaryimage\"},\"thumbnailUrl\":\"https:\\\/\\\/i0.wp.com\\\/hoerske.de\\\/blog\\\/wp-content\\\/uploads\\\/2018\\\/04\\\/Timos-Blog3.png?fit=1200%2C600&ssl=1\",\"keywords\":[\"Aquaristik\",\"Endlers Guppys\",\"Fotografie\",\"Jugendarbeit\",\"Klimahaus\",\"Terrarienkunde\",\"Terraristik\",\"VDA\",\"Verbandstag\",\"Vizepr\u00e4sident\",\"Zierfische\"],\"articleSection\":[\"2018\",\"Hobbies\",\"Tiere\",\"Wissenschaft\"],\"inLanguage\":\"de\",\"potentialAction\":[{\"@type\":\"CommentAction\",\"name\":\"Comment\",\"target\":[\"https:\\\/\\\/hoerske.de\\\/blog\\\/2018\\\/05\\\/mein-wochenende-verbandstag-vda-und-klimahauskongress\\\/#respond\"]}]},{\"@type\":\"WebPage\",\"@id\":\"https:\\\/\\\/hoerske.de\\\/blog\\\/2018\\\/05\\\/mein-wochenende-verbandstag-vda-und-klimahauskongress\\\/\",\"url\":\"https:\\\/\\\/hoerske.de\\\/blog\\\/2018\\\/05\\\/mein-wochenende-verbandstag-vda-und-klimahauskongress\\\/\",\"name\":\"Mein Wochenende - Verbandstag VDA und Klimahauskongress - Timos Paper\",\"isPartOf\":{\"@id\":\"https:\\\/\\\/hoerske.de\\\/blog\\\/#website\"},\"primaryImageOfPage\":{\"@id\":\"https:\\\/\\\/hoerske.de\\\/blog\\\/2018\\\/05\\\/mein-wochenende-verbandstag-vda-und-klimahauskongress\\\/#primaryimage\"},\"image\":{\"@id\":\"https:\\\/\\\/hoerske.de\\\/blog\\\/2018\\\/05\\\/mein-wochenende-verbandstag-vda-und-klimahauskongress\\\/#primaryimage\"},\"thumbnailUrl\":\"https:\\\/\\\/i0.wp.com\\\/hoerske.de\\\/blog\\\/wp-content\\\/uploads\\\/2018\\\/04\\\/Timos-Blog3.png?fit=1200%2C600&ssl=1\",\"datePublished\":\"2018-05-01T10:00:06+00:00\",\"description\":\"Das letzte verl\u00e4ngerte Wochenende war anstrengend, spannend und vollgepackt mit vielen neuen Erfahrungen. Wer mir auf Facebook oder Instagram folgt, hat es bereits mitbekommen. Drei Tage lang drehte es sich beim mir um Aquaristik und Terraristik.\",\"breadcrumb\":{\"@id\":\"https:\\\/\\\/hoerske.de\\\/blog\\\/2018\\\/05\\\/mein-wochenende-verbandstag-vda-und-klimahauskongress\\\/#breadcrumb\"},\"inLanguage\":\"de\",\"potentialAction\":[{\"@type\":\"ReadAction\",\"target\":[\"https:\\\/\\\/hoerske.de\\\/blog\\\/2018\\\/05\\\/mein-wochenende-verbandstag-vda-und-klimahauskongress\\\/\"]}]},{\"@type\":\"ImageObject\",\"inLanguage\":\"de\",\"@id\":\"https:\\\/\\\/hoerske.de\\\/blog\\\/2018\\\/05\\\/mein-wochenende-verbandstag-vda-und-klimahauskongress\\\/#primaryimage\",\"url\":\"https:\\\/\\\/i0.wp.com\\\/hoerske.de\\\/blog\\\/wp-content\\\/uploads\\\/2018\\\/04\\\/Timos-Blog3.png?fit=1200%2C600&ssl=1\",\"contentUrl\":\"https:\\\/\\\/i0.wp.com\\\/hoerske.de\\\/blog\\\/wp-content\\\/uploads\\\/2018\\\/04\\\/Timos-Blog3.png?fit=1200%2C600&ssl=1\",\"width\":1200,\"height\":600},{\"@type\":\"BreadcrumbList\",\"@id\":\"https:\\\/\\\/hoerske.de\\\/blog\\\/2018\\\/05\\\/mein-wochenende-verbandstag-vda-und-klimahauskongress\\\/#breadcrumb\",\"itemListElement\":[{\"@type\":\"ListItem\",\"position\":1,\"name\":\"Startseite\",\"item\":\"https:\\\/\\\/hoerske.de\\\/blog\\\/\"},{\"@type\":\"ListItem\",\"position\":2,\"name\":\"Mein Wochenende &#8211; Verbandstag VDA und Klimahauskongress\"}]},{\"@type\":\"WebSite\",\"@id\":\"https:\\\/\\\/hoerske.de\\\/blog\\\/#website\",\"url\":\"https:\\\/\\\/hoerske.de\\\/blog\\\/\",\"name\":\"Timos Blog\",\"description\":\"ego cogito, ergo sum\",\"publisher\":{\"@id\":\"https:\\\/\\\/hoerske.de\\\/blog\\\/#\\\/schema\\\/person\\\/20677cf2167fc7027b752c3bba78d5fc\"},\"potentialAction\":[{\"@type\":\"SearchAction\",\"target\":{\"@type\":\"EntryPoint\",\"urlTemplate\":\"https:\\\/\\\/hoerske.de\\\/blog\\\/?s={search_term_string}\"},\"query-input\":{\"@type\":\"PropertyValueSpecification\",\"valueRequired\":true,\"valueName\":\"search_term_string\"}}],\"inLanguage\":\"de\"},{\"@type\":[\"Person\",\"Organization\"],\"@id\":\"https:\\\/\\\/hoerske.de\\\/blog\\\/#\\\/schema\\\/person\\\/20677cf2167fc7027b752c3bba78d5fc\",\"name\":\"Timo H\u00f6rske\",\"image\":{\"@type\":\"ImageObject\",\"inLanguage\":\"de\",\"@id\":\"https:\\\/\\\/i0.wp.com\\\/hoerske.de\\\/blog\\\/wp-content\\\/uploads\\\/2023\\\/01\\\/16711213967602.jpg?fit=1024%2C954&ssl=1\",\"url\":\"https:\\\/\\\/i0.wp.com\\\/hoerske.de\\\/blog\\\/wp-content\\\/uploads\\\/2023\\\/01\\\/16711213967602.jpg?fit=1024%2C954&ssl=1\",\"contentUrl\":\"https:\\\/\\\/i0.wp.com\\\/hoerske.de\\\/blog\\\/wp-content\\\/uploads\\\/2023\\\/01\\\/16711213967602.jpg?fit=1024%2C954&ssl=1\",\"width\":1024,\"height\":954,\"caption\":\"Timo H\u00f6rske\"},\"logo\":{\"@id\":\"https:\\\/\\\/i0.wp.com\\\/hoerske.de\\\/blog\\\/wp-content\\\/uploads\\\/2023\\\/01\\\/16711213967602.jpg?fit=1024%2C954&ssl=1\"},\"description\":\"Jahrgang 1985, als \\\"Ossi\\\" geboren, im beschaulichen Premnitz an der Havel aufgewachsen. Natur- und Kunstliebhaber. Seit \u00fcber 10 Jahren Wahlbremerhavener, K\u00fcsten- und Windfan. So ziemlich an Allem interessiert. Schwerpunkte sind aber eindeutig Politik, Gesellschaft, Rechtswesen, Natur, Imkerei und Technik. Rotes Parteibuch, Mitglied des Jugendhilfeausschusses der Stadt Bremerhaven, Vorsitzender eines Kleing\u00e4rtnervereins, Fachberater f\u00fcr das Kleingartenwesen, Verbandschef der Bremerhavener Kleing\u00e4rtner*innen. Hobbyimker, Freizeitblogger, Techniknerd.\",\"sameAs\":[\"https:\\\/\\\/www.hoerske.de\\\/\",\"https:\\\/\\\/www.facebook.com\\\/timo.hoerske\",\"https:\\\/\\\/www.instagram.com\\\/thoerske\\\/\",\"https:\\\/\\\/x.com\\\/timo_hoerske\"],\"url\":\"https:\\\/\\\/hoerske.de\\\/blog\\\/author\\\/roter_admin\\\/\"}]}<\/script>\n<!-- \/ Yoast SEO Premium plugin. -->","yoast_head_json":{"title":"Mein Wochenende - Verbandstag VDA und Klimahauskongress - Timos Paper","description":"Das letzte verl\u00e4ngerte Wochenende war anstrengend, spannend und vollgepackt mit vielen neuen Erfahrungen. Wer mir auf Facebook oder Instagram folgt, hat es bereits mitbekommen. Drei Tage lang drehte es sich beim mir um Aquaristik und Terraristik.","robots":{"index":"index","follow":"follow","max-snippet":"max-snippet:-1","max-image-preview":"max-image-preview:large","max-video-preview":"max-video-preview:-1"},"canonical":"https:\/\/hoerske.de\/blog\/2018\/05\/mein-wochenende-verbandstag-vda-und-klimahauskongress\/","og_locale":"de_DE","og_type":"article","og_title":"Mein Wochenende - Verbandstag VDA und Klimahauskongress","og_description":"Das letzte verl\u00e4ngerte Wochenende war anstrengend, spannend und vollgepackt mit vielen neuen Erfahrungen. Wer mir auf Facebook oder Instagram folgt, hat es bereits mitbekommen. Drei Tage lang drehte es sich beim mir um Aquaristik und Terraristik.","og_url":"https:\/\/hoerske.de\/blog\/2018\/05\/mein-wochenende-verbandstag-vda-und-klimahauskongress\/","og_site_name":"Timos Paper","article_publisher":"https:\/\/www.facebook.com\/timo.hoerske","article_author":"https:\/\/www.facebook.com\/timo.hoerske","article_published_time":"2018-05-01T10:00:06+00:00","og_image":[{"width":1200,"height":600,"url":"https:\/\/i0.wp.com\/blog.hoerske.de\/wp-content\/uploads\/2018\/04\/Timos-Blog3.png?fit=1200%2C600","type":"image\/png"}],"author":"Timo H\u00f6rske","twitter_card":"summary_large_image","twitter_creator":"@timo_hoerske","twitter_site":"@timo_hoerske","twitter_misc":{"Verfasst von":"Timo H\u00f6rske","Gesch\u00e4tzte Lesezeit":"6\u00a0Minuten"},"schema":{"@context":"https:\/\/schema.org","@graph":[{"@type":"Article","@id":"https:\/\/hoerske.de\/blog\/2018\/05\/mein-wochenende-verbandstag-vda-und-klimahauskongress\/#article","isPartOf":{"@id":"https:\/\/hoerske.de\/blog\/2018\/05\/mein-wochenende-verbandstag-vda-und-klimahauskongress\/"},"author":{"name":"Timo H\u00f6rske","@id":"https:\/\/hoerske.de\/blog\/#\/schema\/person\/20677cf2167fc7027b752c3bba78d5fc"},"headline":"Mein Wochenende &#8211; Verbandstag VDA und Klimahauskongress","datePublished":"2018-05-01T10:00:06+00:00","mainEntityOfPage":{"@id":"https:\/\/hoerske.de\/blog\/2018\/05\/mein-wochenende-verbandstag-vda-und-klimahauskongress\/"},"wordCount":1271,"commentCount":1,"publisher":{"@id":"https:\/\/hoerske.de\/blog\/#\/schema\/person\/20677cf2167fc7027b752c3bba78d5fc"},"image":{"@id":"https:\/\/hoerske.de\/blog\/2018\/05\/mein-wochenende-verbandstag-vda-und-klimahauskongress\/#primaryimage"},"thumbnailUrl":"https:\/\/i0.wp.com\/hoerske.de\/blog\/wp-content\/uploads\/2018\/04\/Timos-Blog3.png?fit=1200%2C600&ssl=1","keywords":["Aquaristik","Endlers Guppys","Fotografie","Jugendarbeit","Klimahaus","Terrarienkunde","Terraristik","VDA","Verbandstag","Vizepr\u00e4sident","Zierfische"],"articleSection":["2018","Hobbies","Tiere","Wissenschaft"],"inLanguage":"de","potentialAction":[{"@type":"CommentAction","name":"Comment","target":["https:\/\/hoerske.de\/blog\/2018\/05\/mein-wochenende-verbandstag-vda-und-klimahauskongress\/#respond"]}]},{"@type":"WebPage","@id":"https:\/\/hoerske.de\/blog\/2018\/05\/mein-wochenende-verbandstag-vda-und-klimahauskongress\/","url":"https:\/\/hoerske.de\/blog\/2018\/05\/mein-wochenende-verbandstag-vda-und-klimahauskongress\/","name":"Mein Wochenende - Verbandstag VDA und Klimahauskongress - Timos Paper","isPartOf":{"@id":"https:\/\/hoerske.de\/blog\/#website"},"primaryImageOfPage":{"@id":"https:\/\/hoerske.de\/blog\/2018\/05\/mein-wochenende-verbandstag-vda-und-klimahauskongress\/#primaryimage"},"image":{"@id":"https:\/\/hoerske.de\/blog\/2018\/05\/mein-wochenende-verbandstag-vda-und-klimahauskongress\/#primaryimage"},"thumbnailUrl":"https:\/\/i0.wp.com\/hoerske.de\/blog\/wp-content\/uploads\/2018\/04\/Timos-Blog3.png?fit=1200%2C600&ssl=1","datePublished":"2018-05-01T10:00:06+00:00","description":"Das letzte verl\u00e4ngerte Wochenende war anstrengend, spannend und vollgepackt mit vielen neuen Erfahrungen. Wer mir auf Facebook oder Instagram folgt, hat es bereits mitbekommen. Drei Tage lang drehte es sich beim mir um Aquaristik und Terraristik.","breadcrumb":{"@id":"https:\/\/hoerske.de\/blog\/2018\/05\/mein-wochenende-verbandstag-vda-und-klimahauskongress\/#breadcrumb"},"inLanguage":"de","potentialAction":[{"@type":"ReadAction","target":["https:\/\/hoerske.de\/blog\/2018\/05\/mein-wochenende-verbandstag-vda-und-klimahauskongress\/"]}]},{"@type":"ImageObject","inLanguage":"de","@id":"https:\/\/hoerske.de\/blog\/2018\/05\/mein-wochenende-verbandstag-vda-und-klimahauskongress\/#primaryimage","url":"https:\/\/i0.wp.com\/hoerske.de\/blog\/wp-content\/uploads\/2018\/04\/Timos-Blog3.png?fit=1200%2C600&ssl=1","contentUrl":"https:\/\/i0.wp.com\/hoerske.de\/blog\/wp-content\/uploads\/2018\/04\/Timos-Blog3.png?fit=1200%2C600&ssl=1","width":1200,"height":600},{"@type":"BreadcrumbList","@id":"https:\/\/hoerske.de\/blog\/2018\/05\/mein-wochenende-verbandstag-vda-und-klimahauskongress\/#breadcrumb","itemListElement":[{"@type":"ListItem","position":1,"name":"Startseite","item":"https:\/\/hoerske.de\/blog\/"},{"@type":"ListItem","position":2,"name":"Mein Wochenende &#8211; Verbandstag VDA und Klimahauskongress"}]},{"@type":"WebSite","@id":"https:\/\/hoerske.de\/blog\/#website","url":"https:\/\/hoerske.de\/blog\/","name":"Timos Blog","description":"ego cogito, ergo sum","publisher":{"@id":"https:\/\/hoerske.de\/blog\/#\/schema\/person\/20677cf2167fc7027b752c3bba78d5fc"},"potentialAction":[{"@type":"SearchAction","target":{"@type":"EntryPoint","urlTemplate":"https:\/\/hoerske.de\/blog\/?s={search_term_string}"},"query-input":{"@type":"PropertyValueSpecification","valueRequired":true,"valueName":"search_term_string"}}],"inLanguage":"de"},{"@type":["Person","Organization"],"@id":"https:\/\/hoerske.de\/blog\/#\/schema\/person\/20677cf2167fc7027b752c3bba78d5fc","name":"Timo H\u00f6rske","image":{"@type":"ImageObject","inLanguage":"de","@id":"https:\/\/i0.wp.com\/hoerske.de\/blog\/wp-content\/uploads\/2023\/01\/16711213967602.jpg?fit=1024%2C954&ssl=1","url":"https:\/\/i0.wp.com\/hoerske.de\/blog\/wp-content\/uploads\/2023\/01\/16711213967602.jpg?fit=1024%2C954&ssl=1","contentUrl":"https:\/\/i0.wp.com\/hoerske.de\/blog\/wp-content\/uploads\/2023\/01\/16711213967602.jpg?fit=1024%2C954&ssl=1","width":1024,"height":954,"caption":"Timo H\u00f6rske"},"logo":{"@id":"https:\/\/i0.wp.com\/hoerske.de\/blog\/wp-content\/uploads\/2023\/01\/16711213967602.jpg?fit=1024%2C954&ssl=1"},"description":"Jahrgang 1985, als \"Ossi\" geboren, im beschaulichen Premnitz an der Havel aufgewachsen. Natur- und Kunstliebhaber. Seit \u00fcber 10 Jahren Wahlbremerhavener, K\u00fcsten- und Windfan. So ziemlich an Allem interessiert. Schwerpunkte sind aber eindeutig Politik, Gesellschaft, Rechtswesen, Natur, Imkerei und Technik. Rotes Parteibuch, Mitglied des Jugendhilfeausschusses der Stadt Bremerhaven, Vorsitzender eines Kleing\u00e4rtnervereins, Fachberater f\u00fcr das Kleingartenwesen, Verbandschef der Bremerhavener Kleing\u00e4rtner*innen. Hobbyimker, Freizeitblogger, Techniknerd.","sameAs":["https:\/\/www.hoerske.de\/","https:\/\/www.facebook.com\/timo.hoerske","https:\/\/www.instagram.com\/thoerske\/","https:\/\/x.com\/timo_hoerske"],"url":"https:\/\/hoerske.de\/blog\/author\/roter_admin\/"}]}},"jetpack_publicize_connections":[],"jetpack_featured_media_url":"https:\/\/i0.wp.com\/hoerske.de\/blog\/wp-content\/uploads\/2018\/04\/Timos-Blog3.png?fit=1200%2C600&ssl=1","jetpack_shortlink":"https:\/\/wp.me\/p4W3ht-Rb","jetpack_sharing_enabled":true,"_links":{"self":[{"href":"https:\/\/hoerske.de\/blog\/wp-json\/wp\/v2\/posts\/3297","targetHints":{"allow":["GET"]}}],"collection":[{"href":"https:\/\/hoerske.de\/blog\/wp-json\/wp\/v2\/posts"}],"about":[{"href":"https:\/\/hoerske.de\/blog\/wp-json\/wp\/v2\/types\/post"}],"author":[{"embeddable":true,"href":"https:\/\/hoerske.de\/blog\/wp-json\/wp\/v2\/users\/1"}],"replies":[{"embeddable":true,"href":"https:\/\/hoerske.de\/blog\/wp-json\/wp\/v2\/comments?post=3297"}],"version-history":[{"count":0,"href":"https:\/\/hoerske.de\/blog\/wp-json\/wp\/v2\/posts\/3297\/revisions"}],"wp:featuredmedia":[{"embeddable":true,"href":"https:\/\/hoerske.de\/blog\/wp-json\/wp\/v2\/media\/3310"}],"wp:attachment":[{"href":"https:\/\/hoerske.de\/blog\/wp-json\/wp\/v2\/media?parent=3297"}],"wp:term":[{"taxonomy":"category","embeddable":true,"href":"https:\/\/hoerske.de\/blog\/wp-json\/wp\/v2\/categories?post=3297"},{"taxonomy":"post_tag","embeddable":true,"href":"https:\/\/hoerske.de\/blog\/wp-json\/wp\/v2\/tags?post=3297"}],"curies":[{"name":"wp","href":"https:\/\/api.w.org\/{rel}","templated":true}]}}