{"id":3270,"date":"2018-04-26T07:30:08","date_gmt":"2018-04-26T05:30:08","guid":{"rendered":"https:\/\/www.hoerske.de\/?p=3270"},"modified":"2018-04-26T23:17:54","modified_gmt":"2018-04-26T21:17:54","slug":"blick-hinter-die-kulissen-einer-apotheke-sander-apotheken-bremerhaven","status":"publish","type":"post","link":"https:\/\/hoerske.de\/blog\/2018\/04\/blick-hinter-die-kulissen-einer-apotheke-sander-apotheken-bremerhaven\/","title":{"rendered":"Blick hinter die Kulissen einer Apotheke &#8211; Sander Apotheken Bremerhaven"},"content":{"rendered":"<p>Gestern hatte ich die Gelegenheit im Rahmen der Aktion NZ+Ich der <a href=\"https:\/\/www.nordsee-zeitung.de\/\">Nordsee-Zeitung<\/a> einen Blick hinter die Kulissen der <a href=\"http:\/\/www.sander-apotheken.de\/\">Sander Apotheke<\/a> in Bremerhaven zu werfen. Heute m\u00f6chte ich euch an meinem Eindruck teilhaben lassen.<\/p>\n<h2>Digitalisierung gibt es auch in der Apotheke<\/h2>\n<p>Der Rundgang durch die Sander Apotheke in der B\u00fcrgermeister-Smidt-Stra\u00dfe begann im Offizin. Das ist der Bereich, den die meisten Besucher einer Apotheke als Verkaufs- und Beratungsraum kennen.<\/p>\n<p>Dort wurde klar warum Apotheker und Pharmazeutisch-kaufm\u00e4nnische Angestellte ((PKA)) beim Einl\u00f6sen eines Rezeptes solange auf den Rechner schauen. So wird kontrolliert, ob die eigene Krankenkasse spezielle Vertr\u00e4ge mit Herstellern von Medikamenten haben oder aber ob bereits beispielsweise Unvertr\u00e4glichkeiten o.\u00e4. des Kunden bekannt sind. L\u00e4uft der erste Check positiv, dann wird im Obergescho\u00df der automatische Lagerroboter aktiv. Schaut doch dazu mal kurz ins Video am Ende des Beitrags.<\/p>\n<p>In insgesamt vier Regalreihen liegen die meisten rezeptpflichtigen Arzneien bereit. Zwischen 8.000 bis 10.000 Packungen k\u00f6nnen so gelagert und automatisiert ausgegeben werden. Ein vollautomatischer Computerarm sucht das entsprechende Medikament heraus und bef\u00f6rdert es zu den Ausgabes\u00e4ulen im Verkaufsraum. Als besonders beeindruckend habe ich die Geschwindigkeit empfunden, mit dem das vollautomatische System arbeitet.<\/p>\n<p>Wer nun glaubt, dass es deswegen in einer modernen Apotheker keinen flei\u00dfigen Mitarbeiter mehr braucht, der irrt gewaltig. Denn auch so ein Lagersystem arbeitet nicht eigenst\u00e4ndig. So m\u00fcssen Medikament bestellt, ausgepackt und ins System eingegeben werden. Damit nicht genug, denn zu gro\u00dfe Verpackungen oder runde Dosen beispielsweise k\u00f6nnen nur begrenzt oder mit Umverpackungen im Medikamentenlager einsortiert werden.<\/p>\n<p>Das gleiche gilt f\u00fcr Sonderbestellungen oder Arzneien die k\u00fchl in der Apotheke gelagert werden m\u00fcssen. Im oberen Stock h\u00f6rt man ein Rattern eines kleinen Bondruckers, \u00e4hnlich wie man es in Restaurants kennt. Dann flitzt ein flei\u00dfiger Mitarbeiter, sucht das passende Produkt und schickt die Ware in einem kleinen Fahrstuhl nach unten.<\/p>\n<h2>Altbew\u00e4hrtes &#8211; individuelle Arzneien<\/h2>\n<figure id=\"attachment_3283\" aria-describedby=\"caption-attachment-3283\" style=\"width: 225px\" class=\"wp-caption alignleft\"><a href=\"https:\/\/i0.wp.com\/www.hoerske.de\/blog\/wp-content\/uploads\/2018\/04\/20180425_113035-1.jpg?ssl=1\"><img data-recalc-dims=\"1\" loading=\"lazy\" decoding=\"async\" class=\"size-medium wp-image-3283\" src=\"https:\/\/i0.wp.com\/www.hoerske.de\/blog\/wp-content\/uploads\/2018\/04\/20180425_113035-1-225x300.jpg?resize=225%2C300&#038;ssl=1\" alt=\"Anr\u00fchren einer Creme\" width=\"225\" height=\"300\" srcset=\"https:\/\/i0.wp.com\/hoerske.de\/blog\/wp-content\/uploads\/2018\/04\/20180425_113035-1.jpg?resize=225%2C300&amp;ssl=1 225w, https:\/\/i0.wp.com\/hoerske.de\/blog\/wp-content\/uploads\/2018\/04\/20180425_113035-1.jpg?resize=768%2C1024&amp;ssl=1 768w, https:\/\/i0.wp.com\/hoerske.de\/blog\/wp-content\/uploads\/2018\/04\/20180425_113035-1.jpg?w=1680&amp;ssl=1 1680w, https:\/\/i0.wp.com\/hoerske.de\/blog\/wp-content\/uploads\/2018\/04\/20180425_113035-1.jpg?w=2520&amp;ssl=1 2520w\" sizes=\"auto, (max-width: 225px) 100vw, 225px\" \/><\/a><figcaption id=\"caption-attachment-3283\" class=\"wp-caption-text\">Anr\u00fchren einer Creme<\/figcaption><\/figure>\n<p>Neben viel moderner Technik gibt es auch in der Sander Apotheke in Bremerhaven einen Bereich, von dem ich zwar wusste, dass es ihn gibt, dessen Wichtigkeit f\u00fcr eine moderne Apotheke ich aber v\u00f6llig untersch\u00e4tzt habe.<\/p>\n<p>Im hauseigenen Labor werden t\u00e4glich zwischen 20 und 30 Rezepturen frisch hergestellt. Ich wusste zwar, dass einige Apotheken noch Labordienstleistungen anbieten. Dieser Service wird immer noch von einem gro\u00dfen Teil der \u00c4rzte und Kunden genutzt, dass hat mich nun doch \u00fcberrascht.<\/p>\n<p>Zu den Angeboten z\u00e4hlen u.a. Kapsel mit individuellen Wirkstoffgehalt f\u00fcr S\u00e4uglinge und Kleinkinder, Z\u00e4pfchen und L\u00f6sungen sowie Salben, Cremes und Lotionen.<\/p>\n<p>Der Laborchef hat uns anhand einer Handcreme gezeigt, wie solch ein Produkt in der Apotheke entsteht. Wir durften es selber ausprobieren und jeder eine Tube mit nach Hause nehmen. Jetzt wei\u00df ich auch, was eine teurere Feuchtigkeitscreme mit Urea ((Harnstoff)) von einer billigeren Variante unterscheidet und warum letztere so schnell unangenehm riechen.<\/p>\n<p>Auch wenn Harnstoff noch leicht zu verarbeiten ist, wichtig ist das die fertige Creme einen leicht sauren pH-Wert hat. Denn andernfalls zerf\u00e4llt der Harnstoff und es entsteht der unangenehm riechende Ammoniak. Mal wieder ein Labor von innen zu sehen hat richtig Spa\u00df gemacht.<\/p>\n<h2>Mein Eindruck<\/h2>\n<figure id=\"attachment_3282\" aria-describedby=\"caption-attachment-3282\" style=\"width: 225px\" class=\"wp-caption alignright\"><a href=\"https:\/\/i0.wp.com\/www.hoerske.de\/blog\/wp-content\/uploads\/2018\/04\/20180425_143554.jpg?ssl=1\"><img data-recalc-dims=\"1\" loading=\"lazy\" decoding=\"async\" class=\"size-medium wp-image-3282\" src=\"https:\/\/i0.wp.com\/www.hoerske.de\/blog\/wp-content\/uploads\/2018\/04\/20180425_143554-225x300.jpg?resize=225%2C300&#038;ssl=1\" alt=\"Fertig verpackte Handcreme\" width=\"225\" height=\"300\" srcset=\"https:\/\/i0.wp.com\/hoerske.de\/blog\/wp-content\/uploads\/2018\/04\/20180425_143554.jpg?resize=225%2C300&amp;ssl=1 225w, https:\/\/i0.wp.com\/hoerske.de\/blog\/wp-content\/uploads\/2018\/04\/20180425_143554.jpg?resize=768%2C1024&amp;ssl=1 768w, https:\/\/i0.wp.com\/hoerske.de\/blog\/wp-content\/uploads\/2018\/04\/20180425_143554.jpg?w=1680&amp;ssl=1 1680w, https:\/\/i0.wp.com\/hoerske.de\/blog\/wp-content\/uploads\/2018\/04\/20180425_143554.jpg?w=2520&amp;ssl=1 2520w\" sizes=\"auto, (max-width: 225px) 100vw, 225px\" \/><\/a><figcaption id=\"caption-attachment-3282\" class=\"wp-caption-text\">Fertig verpackte Handcreme<\/figcaption><\/figure>\n<p>Kurz gefasst: Es war spannend, lehrreich, informativ und hat mir pers\u00f6nlich eine neue Sicht auf Apotheken im Allgemeinen und auch speziell auf die Sander Apotheke in Bremerhaven gebracht. In meinem Alter besucht man eine Apotheke sicherlich nicht allzu h\u00e4ufig. Aber wenn, dann kann ich nun mit gutem Gewissen diese Apotheke empfehlen. Denn heute konnte ich freundliche Mitarbeiter, ein engagiertes Team und einen ausserordentlich kompetenten Laborchef erleben.<\/p>\n<p>Danke an die Nordsee-Zeitung f\u00fcr die Organisation der Aktion, dem Chef der Sander Apotheken f\u00fcr die F\u00fchrung und dem Laborchef f\u00fcr das Cremerezept.<\/p>\n<h2>Off-Topic<\/h2>\n<p>Nach einer Textanalyse ist dieser Text zu 77% subjektiv, die wichtigsten Worte sind:\u00a0<em>Harnstoff, Sander Apotheke, Pharmazeutisch-kaufm\u00e4nnische Angestellte, Bremerhaven, Laborchef, Nordsee-Zeitung, Eindruck<\/em><\/p>\n<p>Ein Computer w\u00fcrde diesen Text der Kategorie <a href=\"https:\/\/www.hoerske.de\/blog\/kategorien\/wissenschaft\/\">Wissenschaft<\/a> zu ordnen.<\/p>\n<p><iframe loading=\"lazy\" style=\"border: none; overflow: hidden;\" src=\"https:\/\/www.facebook.com\/plugins\/video.php?href=https%3A%2F%2Fwww.facebook.com%2Ft.hoerske%2Fvideos%2F2103301149904658%2F&amp;show_text=0&amp;width=560\" width=\"560\" height=\"315\" frameborder=\"0\" scrolling=\"no\" allowfullscreen=\"allowfullscreen\"><\/iframe><\/p>\n","protected":false},"excerpt":{"rendered":"<p>Gestern hatte ich die Gelegenheit im Rahmen der Aktion NZ+Ich der Nordsee-Zeitung einen Blick hinter die Kulissen der Sander Apotheken in Bremerhaven zu werfen. Heute m\u00f6chte ich euch an meinem Eindruck teilhaben lassen.<\/p>\n","protected":false},"author":1,"featured_media":3288,"comment_status":"open","ping_status":"open","sticky":false,"template":"","format":"standard","meta":{"jetpack_post_was_ever_published":false,"_jetpack_newsletter_access":"","_jetpack_dont_email_post_to_subs":false,"_jetpack_newsletter_tier_id":0,"_jetpack_memberships_contains_paywalled_content":false,"_jetpack_memberships_contains_paid_content":false,"footnotes":"","jetpack_publicize_message":"","jetpack_publicize_feature_enabled":true,"jetpack_social_post_already_shared":false,"jetpack_social_options":{"image_generator_settings":{"template":"highway","default_image_id":0,"font":"","enabled":false},"version":2},"_wpas_customize_per_network":false},"categories":[803,178,2],"tags":[145,1015,307,1010,1017,1013,1014,1016,1012,1011],"class_list":["post-3270","post","type-post","status-publish","format-standard","has-post-thumbnail","hentry","category-803","category-technik","category-wissenschaft","tag-bremerhaven","tag-eindruck","tag-fuehrung","tag-harnstoff","tag-hinter-den-kulissen","tag-laborchef","tag-nordsee-zeitung","tag-nzich","tag-pharmazeutisch-kaufmaennische-angestellte","tag-sander-apotheke"],"yoast_head":"<!-- This site is optimized with the Yoast SEO Premium plugin v27.3 (Yoast SEO v27.3) - https:\/\/yoast.com\/product\/yoast-seo-premium-wordpress\/ -->\n<title>Blick hinter die Kulissen einer Apotheke - Sander Apotheken Bremerhaven - Timos Paper<\/title>\n<meta name=\"description\" content=\"Gestern hatte ich die Gelegenheit im Rahmen der Aktion NZ+Ich der Nordsee-Zeitung einen Blick hinter die Kulissen der Sander Apotheke in Bremerhaven zu werfen. Heute m\u00f6chte ich euch an meinem Eindruck teilhaben lassen.\" \/>\n<meta name=\"robots\" content=\"index, follow, max-snippet:-1, max-image-preview:large, max-video-preview:-1\" \/>\n<link rel=\"canonical\" href=\"https:\/\/hoerske.de\/blog\/2018\/04\/blick-hinter-die-kulissen-einer-apotheke-sander-apotheken-bremerhaven\/\" \/>\n<meta property=\"og:locale\" content=\"de_DE\" \/>\n<meta property=\"og:type\" content=\"article\" \/>\n<meta property=\"og:title\" content=\"Blick hinter die Kulissen einer Apotheke - Sander Apotheken Bremerhaven\" \/>\n<meta property=\"og:description\" content=\"Gestern hatte ich die Gelegenheit im Rahmen der Aktion NZ+Ich der Nordsee-Zeitung einen Blick hinter die Kulissen der Sander Apotheke in Bremerhaven zu werfen. Heute m\u00f6chte ich euch an meinem Eindruck teilhaben lassen.\" \/>\n<meta property=\"og:url\" content=\"https:\/\/hoerske.de\/blog\/2018\/04\/blick-hinter-die-kulissen-einer-apotheke-sander-apotheken-bremerhaven\/\" \/>\n<meta property=\"og:site_name\" content=\"Timos Paper\" \/>\n<meta property=\"article:publisher\" content=\"https:\/\/www.facebook.com\/timo.hoerske\" \/>\n<meta property=\"article:author\" content=\"https:\/\/www.facebook.com\/timo.hoerske\" \/>\n<meta property=\"article:published_time\" content=\"2018-04-26T05:30:08+00:00\" \/>\n<meta property=\"article:modified_time\" content=\"2018-04-26T21:17:54+00:00\" \/>\n<meta property=\"og:image\" content=\"https:\/\/i0.wp.com\/blog.hoerske.de\/wp-content\/uploads\/2018\/04\/Timos-Blog2.png?fit=1200%2C600\" \/>\n\t<meta property=\"og:image:width\" content=\"1200\" \/>\n\t<meta property=\"og:image:height\" content=\"600\" \/>\n\t<meta property=\"og:image:type\" content=\"image\/png\" \/>\n<meta name=\"author\" content=\"Timo H\u00f6rske\" \/>\n<meta name=\"twitter:card\" content=\"summary_large_image\" \/>\n<meta name=\"twitter:creator\" content=\"@timo_hoerske\" \/>\n<meta name=\"twitter:site\" content=\"@timo_hoerske\" \/>\n<meta name=\"twitter:label1\" content=\"Verfasst von\" \/>\n\t<meta name=\"twitter:data1\" content=\"Timo H\u00f6rske\" \/>\n\t<meta name=\"twitter:label2\" content=\"Gesch\u00e4tzte Lesezeit\" \/>\n\t<meta name=\"twitter:data2\" content=\"3\u00a0Minuten\" \/>\n<script type=\"application\/ld+json\" class=\"yoast-schema-graph\">{\"@context\":\"https:\\\/\\\/schema.org\",\"@graph\":[{\"@type\":\"Article\",\"@id\":\"https:\\\/\\\/hoerske.de\\\/blog\\\/2018\\\/04\\\/blick-hinter-die-kulissen-einer-apotheke-sander-apotheken-bremerhaven\\\/#article\",\"isPartOf\":{\"@id\":\"https:\\\/\\\/hoerske.de\\\/blog\\\/2018\\\/04\\\/blick-hinter-die-kulissen-einer-apotheke-sander-apotheken-bremerhaven\\\/\"},\"author\":{\"name\":\"Timo H\u00f6rske\",\"@id\":\"https:\\\/\\\/hoerske.de\\\/blog\\\/#\\\/schema\\\/person\\\/20677cf2167fc7027b752c3bba78d5fc\"},\"headline\":\"Blick hinter die Kulissen einer Apotheke &#8211; Sander Apotheken Bremerhaven\",\"datePublished\":\"2018-04-26T05:30:08+00:00\",\"dateModified\":\"2018-04-26T21:17:54+00:00\",\"mainEntityOfPage\":{\"@id\":\"https:\\\/\\\/hoerske.de\\\/blog\\\/2018\\\/04\\\/blick-hinter-die-kulissen-einer-apotheke-sander-apotheken-bremerhaven\\\/\"},\"wordCount\":683,\"commentCount\":0,\"publisher\":{\"@id\":\"https:\\\/\\\/hoerske.de\\\/blog\\\/#\\\/schema\\\/person\\\/20677cf2167fc7027b752c3bba78d5fc\"},\"image\":{\"@id\":\"https:\\\/\\\/hoerske.de\\\/blog\\\/2018\\\/04\\\/blick-hinter-die-kulissen-einer-apotheke-sander-apotheken-bremerhaven\\\/#primaryimage\"},\"thumbnailUrl\":\"https:\\\/\\\/i0.wp.com\\\/hoerske.de\\\/blog\\\/wp-content\\\/uploads\\\/2018\\\/04\\\/Timos-Blog2.png?fit=1200%2C600&ssl=1\",\"keywords\":[\"Bremerhaven\",\"Eindruck\",\"F\u00fchrung\",\"Harnstoff\",\"Hinter den Kulissen\",\"Laborchef\",\"Nordsee-Zeitung\",\"NZ+Ich\",\"Pharmazeutisch-kaufm\u00e4nnische Angestellte\",\"Sander Apotheke\"],\"articleSection\":[\"2018\",\"Technik\",\"Wissenschaft\"],\"inLanguage\":\"de\",\"potentialAction\":[{\"@type\":\"CommentAction\",\"name\":\"Comment\",\"target\":[\"https:\\\/\\\/hoerske.de\\\/blog\\\/2018\\\/04\\\/blick-hinter-die-kulissen-einer-apotheke-sander-apotheken-bremerhaven\\\/#respond\"]}]},{\"@type\":\"WebPage\",\"@id\":\"https:\\\/\\\/hoerske.de\\\/blog\\\/2018\\\/04\\\/blick-hinter-die-kulissen-einer-apotheke-sander-apotheken-bremerhaven\\\/\",\"url\":\"https:\\\/\\\/hoerske.de\\\/blog\\\/2018\\\/04\\\/blick-hinter-die-kulissen-einer-apotheke-sander-apotheken-bremerhaven\\\/\",\"name\":\"Blick hinter die Kulissen einer Apotheke - Sander Apotheken Bremerhaven - Timos Paper\",\"isPartOf\":{\"@id\":\"https:\\\/\\\/hoerske.de\\\/blog\\\/#website\"},\"primaryImageOfPage\":{\"@id\":\"https:\\\/\\\/hoerske.de\\\/blog\\\/2018\\\/04\\\/blick-hinter-die-kulissen-einer-apotheke-sander-apotheken-bremerhaven\\\/#primaryimage\"},\"image\":{\"@id\":\"https:\\\/\\\/hoerske.de\\\/blog\\\/2018\\\/04\\\/blick-hinter-die-kulissen-einer-apotheke-sander-apotheken-bremerhaven\\\/#primaryimage\"},\"thumbnailUrl\":\"https:\\\/\\\/i0.wp.com\\\/hoerske.de\\\/blog\\\/wp-content\\\/uploads\\\/2018\\\/04\\\/Timos-Blog2.png?fit=1200%2C600&ssl=1\",\"datePublished\":\"2018-04-26T05:30:08+00:00\",\"dateModified\":\"2018-04-26T21:17:54+00:00\",\"description\":\"Gestern hatte ich die Gelegenheit im Rahmen der Aktion NZ+Ich der Nordsee-Zeitung einen Blick hinter die Kulissen der Sander Apotheke in Bremerhaven zu werfen. Heute m\u00f6chte ich euch an meinem Eindruck teilhaben lassen.\",\"breadcrumb\":{\"@id\":\"https:\\\/\\\/hoerske.de\\\/blog\\\/2018\\\/04\\\/blick-hinter-die-kulissen-einer-apotheke-sander-apotheken-bremerhaven\\\/#breadcrumb\"},\"inLanguage\":\"de\",\"potentialAction\":[{\"@type\":\"ReadAction\",\"target\":[\"https:\\\/\\\/hoerske.de\\\/blog\\\/2018\\\/04\\\/blick-hinter-die-kulissen-einer-apotheke-sander-apotheken-bremerhaven\\\/\"]}]},{\"@type\":\"ImageObject\",\"inLanguage\":\"de\",\"@id\":\"https:\\\/\\\/hoerske.de\\\/blog\\\/2018\\\/04\\\/blick-hinter-die-kulissen-einer-apotheke-sander-apotheken-bremerhaven\\\/#primaryimage\",\"url\":\"https:\\\/\\\/i0.wp.com\\\/hoerske.de\\\/blog\\\/wp-content\\\/uploads\\\/2018\\\/04\\\/Timos-Blog2.png?fit=1200%2C600&ssl=1\",\"contentUrl\":\"https:\\\/\\\/i0.wp.com\\\/hoerske.de\\\/blog\\\/wp-content\\\/uploads\\\/2018\\\/04\\\/Timos-Blog2.png?fit=1200%2C600&ssl=1\",\"width\":1200,\"height\":600,\"caption\":\"Blick hinter die Kulissen einer Apotheke\"},{\"@type\":\"BreadcrumbList\",\"@id\":\"https:\\\/\\\/hoerske.de\\\/blog\\\/2018\\\/04\\\/blick-hinter-die-kulissen-einer-apotheke-sander-apotheken-bremerhaven\\\/#breadcrumb\",\"itemListElement\":[{\"@type\":\"ListItem\",\"position\":1,\"name\":\"Startseite\",\"item\":\"https:\\\/\\\/hoerske.de\\\/blog\\\/\"},{\"@type\":\"ListItem\",\"position\":2,\"name\":\"Blick hinter die Kulissen einer Apotheke &#8211; Sander Apotheken Bremerhaven\"}]},{\"@type\":\"WebSite\",\"@id\":\"https:\\\/\\\/hoerske.de\\\/blog\\\/#website\",\"url\":\"https:\\\/\\\/hoerske.de\\\/blog\\\/\",\"name\":\"Timos Blog\",\"description\":\"ego cogito, ergo sum\",\"publisher\":{\"@id\":\"https:\\\/\\\/hoerske.de\\\/blog\\\/#\\\/schema\\\/person\\\/20677cf2167fc7027b752c3bba78d5fc\"},\"potentialAction\":[{\"@type\":\"SearchAction\",\"target\":{\"@type\":\"EntryPoint\",\"urlTemplate\":\"https:\\\/\\\/hoerske.de\\\/blog\\\/?s={search_term_string}\"},\"query-input\":{\"@type\":\"PropertyValueSpecification\",\"valueRequired\":true,\"valueName\":\"search_term_string\"}}],\"inLanguage\":\"de\"},{\"@type\":[\"Person\",\"Organization\"],\"@id\":\"https:\\\/\\\/hoerske.de\\\/blog\\\/#\\\/schema\\\/person\\\/20677cf2167fc7027b752c3bba78d5fc\",\"name\":\"Timo H\u00f6rske\",\"image\":{\"@type\":\"ImageObject\",\"inLanguage\":\"de\",\"@id\":\"https:\\\/\\\/i0.wp.com\\\/hoerske.de\\\/blog\\\/wp-content\\\/uploads\\\/2023\\\/01\\\/16711213967602.jpg?fit=1024%2C954&ssl=1\",\"url\":\"https:\\\/\\\/i0.wp.com\\\/hoerske.de\\\/blog\\\/wp-content\\\/uploads\\\/2023\\\/01\\\/16711213967602.jpg?fit=1024%2C954&ssl=1\",\"contentUrl\":\"https:\\\/\\\/i0.wp.com\\\/hoerske.de\\\/blog\\\/wp-content\\\/uploads\\\/2023\\\/01\\\/16711213967602.jpg?fit=1024%2C954&ssl=1\",\"width\":1024,\"height\":954,\"caption\":\"Timo H\u00f6rske\"},\"logo\":{\"@id\":\"https:\\\/\\\/i0.wp.com\\\/hoerske.de\\\/blog\\\/wp-content\\\/uploads\\\/2023\\\/01\\\/16711213967602.jpg?fit=1024%2C954&ssl=1\"},\"description\":\"Jahrgang 1985, als \\\"Ossi\\\" geboren, im beschaulichen Premnitz an der Havel aufgewachsen. Natur- und Kunstliebhaber. Seit \u00fcber 10 Jahren Wahlbremerhavener, K\u00fcsten- und Windfan. So ziemlich an Allem interessiert. Schwerpunkte sind aber eindeutig Politik, Gesellschaft, Rechtswesen, Natur, Imkerei und Technik. Rotes Parteibuch, Mitglied des Jugendhilfeausschusses der Stadt Bremerhaven, Vorsitzender eines Kleing\u00e4rtnervereins, Fachberater f\u00fcr das Kleingartenwesen, Verbandschef der Bremerhavener Kleing\u00e4rtner*innen. Hobbyimker, Freizeitblogger, Techniknerd.\",\"sameAs\":[\"https:\\\/\\\/www.hoerske.de\\\/\",\"https:\\\/\\\/www.facebook.com\\\/timo.hoerske\",\"https:\\\/\\\/www.instagram.com\\\/thoerske\\\/\",\"https:\\\/\\\/x.com\\\/timo_hoerske\"],\"url\":\"https:\\\/\\\/hoerske.de\\\/blog\\\/author\\\/roter_admin\\\/\"}]}<\/script>\n<!-- \/ Yoast SEO Premium plugin. -->","yoast_head_json":{"title":"Blick hinter die Kulissen einer Apotheke - Sander Apotheken Bremerhaven - Timos Paper","description":"Gestern hatte ich die Gelegenheit im Rahmen der Aktion NZ+Ich der Nordsee-Zeitung einen Blick hinter die Kulissen der Sander Apotheke in Bremerhaven zu werfen. Heute m\u00f6chte ich euch an meinem Eindruck teilhaben lassen.","robots":{"index":"index","follow":"follow","max-snippet":"max-snippet:-1","max-image-preview":"max-image-preview:large","max-video-preview":"max-video-preview:-1"},"canonical":"https:\/\/hoerske.de\/blog\/2018\/04\/blick-hinter-die-kulissen-einer-apotheke-sander-apotheken-bremerhaven\/","og_locale":"de_DE","og_type":"article","og_title":"Blick hinter die Kulissen einer Apotheke - Sander Apotheken Bremerhaven","og_description":"Gestern hatte ich die Gelegenheit im Rahmen der Aktion NZ+Ich der Nordsee-Zeitung einen Blick hinter die Kulissen der Sander Apotheke in Bremerhaven zu werfen. Heute m\u00f6chte ich euch an meinem Eindruck teilhaben lassen.","og_url":"https:\/\/hoerske.de\/blog\/2018\/04\/blick-hinter-die-kulissen-einer-apotheke-sander-apotheken-bremerhaven\/","og_site_name":"Timos Paper","article_publisher":"https:\/\/www.facebook.com\/timo.hoerske","article_author":"https:\/\/www.facebook.com\/timo.hoerske","article_published_time":"2018-04-26T05:30:08+00:00","article_modified_time":"2018-04-26T21:17:54+00:00","og_image":[{"width":1200,"height":600,"url":"https:\/\/i0.wp.com\/blog.hoerske.de\/wp-content\/uploads\/2018\/04\/Timos-Blog2.png?fit=1200%2C600","type":"image\/png"}],"author":"Timo H\u00f6rske","twitter_card":"summary_large_image","twitter_creator":"@timo_hoerske","twitter_site":"@timo_hoerske","twitter_misc":{"Verfasst von":"Timo H\u00f6rske","Gesch\u00e4tzte Lesezeit":"3\u00a0Minuten"},"schema":{"@context":"https:\/\/schema.org","@graph":[{"@type":"Article","@id":"https:\/\/hoerske.de\/blog\/2018\/04\/blick-hinter-die-kulissen-einer-apotheke-sander-apotheken-bremerhaven\/#article","isPartOf":{"@id":"https:\/\/hoerske.de\/blog\/2018\/04\/blick-hinter-die-kulissen-einer-apotheke-sander-apotheken-bremerhaven\/"},"author":{"name":"Timo H\u00f6rske","@id":"https:\/\/hoerske.de\/blog\/#\/schema\/person\/20677cf2167fc7027b752c3bba78d5fc"},"headline":"Blick hinter die Kulissen einer Apotheke &#8211; Sander Apotheken Bremerhaven","datePublished":"2018-04-26T05:30:08+00:00","dateModified":"2018-04-26T21:17:54+00:00","mainEntityOfPage":{"@id":"https:\/\/hoerske.de\/blog\/2018\/04\/blick-hinter-die-kulissen-einer-apotheke-sander-apotheken-bremerhaven\/"},"wordCount":683,"commentCount":0,"publisher":{"@id":"https:\/\/hoerske.de\/blog\/#\/schema\/person\/20677cf2167fc7027b752c3bba78d5fc"},"image":{"@id":"https:\/\/hoerske.de\/blog\/2018\/04\/blick-hinter-die-kulissen-einer-apotheke-sander-apotheken-bremerhaven\/#primaryimage"},"thumbnailUrl":"https:\/\/i0.wp.com\/hoerske.de\/blog\/wp-content\/uploads\/2018\/04\/Timos-Blog2.png?fit=1200%2C600&ssl=1","keywords":["Bremerhaven","Eindruck","F\u00fchrung","Harnstoff","Hinter den Kulissen","Laborchef","Nordsee-Zeitung","NZ+Ich","Pharmazeutisch-kaufm\u00e4nnische Angestellte","Sander Apotheke"],"articleSection":["2018","Technik","Wissenschaft"],"inLanguage":"de","potentialAction":[{"@type":"CommentAction","name":"Comment","target":["https:\/\/hoerske.de\/blog\/2018\/04\/blick-hinter-die-kulissen-einer-apotheke-sander-apotheken-bremerhaven\/#respond"]}]},{"@type":"WebPage","@id":"https:\/\/hoerske.de\/blog\/2018\/04\/blick-hinter-die-kulissen-einer-apotheke-sander-apotheken-bremerhaven\/","url":"https:\/\/hoerske.de\/blog\/2018\/04\/blick-hinter-die-kulissen-einer-apotheke-sander-apotheken-bremerhaven\/","name":"Blick hinter die Kulissen einer Apotheke - Sander Apotheken Bremerhaven - Timos Paper","isPartOf":{"@id":"https:\/\/hoerske.de\/blog\/#website"},"primaryImageOfPage":{"@id":"https:\/\/hoerske.de\/blog\/2018\/04\/blick-hinter-die-kulissen-einer-apotheke-sander-apotheken-bremerhaven\/#primaryimage"},"image":{"@id":"https:\/\/hoerske.de\/blog\/2018\/04\/blick-hinter-die-kulissen-einer-apotheke-sander-apotheken-bremerhaven\/#primaryimage"},"thumbnailUrl":"https:\/\/i0.wp.com\/hoerske.de\/blog\/wp-content\/uploads\/2018\/04\/Timos-Blog2.png?fit=1200%2C600&ssl=1","datePublished":"2018-04-26T05:30:08+00:00","dateModified":"2018-04-26T21:17:54+00:00","description":"Gestern hatte ich die Gelegenheit im Rahmen der Aktion NZ+Ich der Nordsee-Zeitung einen Blick hinter die Kulissen der Sander Apotheke in Bremerhaven zu werfen. Heute m\u00f6chte ich euch an meinem Eindruck teilhaben lassen.","breadcrumb":{"@id":"https:\/\/hoerske.de\/blog\/2018\/04\/blick-hinter-die-kulissen-einer-apotheke-sander-apotheken-bremerhaven\/#breadcrumb"},"inLanguage":"de","potentialAction":[{"@type":"ReadAction","target":["https:\/\/hoerske.de\/blog\/2018\/04\/blick-hinter-die-kulissen-einer-apotheke-sander-apotheken-bremerhaven\/"]}]},{"@type":"ImageObject","inLanguage":"de","@id":"https:\/\/hoerske.de\/blog\/2018\/04\/blick-hinter-die-kulissen-einer-apotheke-sander-apotheken-bremerhaven\/#primaryimage","url":"https:\/\/i0.wp.com\/hoerske.de\/blog\/wp-content\/uploads\/2018\/04\/Timos-Blog2.png?fit=1200%2C600&ssl=1","contentUrl":"https:\/\/i0.wp.com\/hoerske.de\/blog\/wp-content\/uploads\/2018\/04\/Timos-Blog2.png?fit=1200%2C600&ssl=1","width":1200,"height":600,"caption":"Blick hinter die Kulissen einer Apotheke"},{"@type":"BreadcrumbList","@id":"https:\/\/hoerske.de\/blog\/2018\/04\/blick-hinter-die-kulissen-einer-apotheke-sander-apotheken-bremerhaven\/#breadcrumb","itemListElement":[{"@type":"ListItem","position":1,"name":"Startseite","item":"https:\/\/hoerske.de\/blog\/"},{"@type":"ListItem","position":2,"name":"Blick hinter die Kulissen einer Apotheke &#8211; Sander Apotheken Bremerhaven"}]},{"@type":"WebSite","@id":"https:\/\/hoerske.de\/blog\/#website","url":"https:\/\/hoerske.de\/blog\/","name":"Timos Blog","description":"ego cogito, ergo sum","publisher":{"@id":"https:\/\/hoerske.de\/blog\/#\/schema\/person\/20677cf2167fc7027b752c3bba78d5fc"},"potentialAction":[{"@type":"SearchAction","target":{"@type":"EntryPoint","urlTemplate":"https:\/\/hoerske.de\/blog\/?s={search_term_string}"},"query-input":{"@type":"PropertyValueSpecification","valueRequired":true,"valueName":"search_term_string"}}],"inLanguage":"de"},{"@type":["Person","Organization"],"@id":"https:\/\/hoerske.de\/blog\/#\/schema\/person\/20677cf2167fc7027b752c3bba78d5fc","name":"Timo H\u00f6rske","image":{"@type":"ImageObject","inLanguage":"de","@id":"https:\/\/i0.wp.com\/hoerske.de\/blog\/wp-content\/uploads\/2023\/01\/16711213967602.jpg?fit=1024%2C954&ssl=1","url":"https:\/\/i0.wp.com\/hoerske.de\/blog\/wp-content\/uploads\/2023\/01\/16711213967602.jpg?fit=1024%2C954&ssl=1","contentUrl":"https:\/\/i0.wp.com\/hoerske.de\/blog\/wp-content\/uploads\/2023\/01\/16711213967602.jpg?fit=1024%2C954&ssl=1","width":1024,"height":954,"caption":"Timo H\u00f6rske"},"logo":{"@id":"https:\/\/i0.wp.com\/hoerske.de\/blog\/wp-content\/uploads\/2023\/01\/16711213967602.jpg?fit=1024%2C954&ssl=1"},"description":"Jahrgang 1985, als \"Ossi\" geboren, im beschaulichen Premnitz an der Havel aufgewachsen. Natur- und Kunstliebhaber. Seit \u00fcber 10 Jahren Wahlbremerhavener, K\u00fcsten- und Windfan. So ziemlich an Allem interessiert. Schwerpunkte sind aber eindeutig Politik, Gesellschaft, Rechtswesen, Natur, Imkerei und Technik. Rotes Parteibuch, Mitglied des Jugendhilfeausschusses der Stadt Bremerhaven, Vorsitzender eines Kleing\u00e4rtnervereins, Fachberater f\u00fcr das Kleingartenwesen, Verbandschef der Bremerhavener Kleing\u00e4rtner*innen. Hobbyimker, Freizeitblogger, Techniknerd.","sameAs":["https:\/\/www.hoerske.de\/","https:\/\/www.facebook.com\/timo.hoerske","https:\/\/www.instagram.com\/thoerske\/","https:\/\/x.com\/timo_hoerske"],"url":"https:\/\/hoerske.de\/blog\/author\/roter_admin\/"}]}},"jetpack_publicize_connections":[],"jetpack_featured_media_url":"https:\/\/i0.wp.com\/hoerske.de\/blog\/wp-content\/uploads\/2018\/04\/Timos-Blog2.png?fit=1200%2C600&ssl=1","jetpack_shortlink":"https:\/\/wp.me\/p4W3ht-QK","jetpack_sharing_enabled":true,"_links":{"self":[{"href":"https:\/\/hoerske.de\/blog\/wp-json\/wp\/v2\/posts\/3270","targetHints":{"allow":["GET"]}}],"collection":[{"href":"https:\/\/hoerske.de\/blog\/wp-json\/wp\/v2\/posts"}],"about":[{"href":"https:\/\/hoerske.de\/blog\/wp-json\/wp\/v2\/types\/post"}],"author":[{"embeddable":true,"href":"https:\/\/hoerske.de\/blog\/wp-json\/wp\/v2\/users\/1"}],"replies":[{"embeddable":true,"href":"https:\/\/hoerske.de\/blog\/wp-json\/wp\/v2\/comments?post=3270"}],"version-history":[{"count":0,"href":"https:\/\/hoerske.de\/blog\/wp-json\/wp\/v2\/posts\/3270\/revisions"}],"wp:featuredmedia":[{"embeddable":true,"href":"https:\/\/hoerske.de\/blog\/wp-json\/wp\/v2\/media\/3288"}],"wp:attachment":[{"href":"https:\/\/hoerske.de\/blog\/wp-json\/wp\/v2\/media?parent=3270"}],"wp:term":[{"taxonomy":"category","embeddable":true,"href":"https:\/\/hoerske.de\/blog\/wp-json\/wp\/v2\/categories?post=3270"},{"taxonomy":"post_tag","embeddable":true,"href":"https:\/\/hoerske.de\/blog\/wp-json\/wp\/v2\/tags?post=3270"}],"curies":[{"name":"wp","href":"https:\/\/api.w.org\/{rel}","templated":true}]}}