{"id":3094,"date":"2018-04-12T07:00:26","date_gmt":"2018-04-12T05:00:26","guid":{"rendered":"https:\/\/www.hoerske.de\/?p=3094"},"modified":"2018-04-12T12:03:46","modified_gmt":"2018-04-12T10:03:46","slug":"permantes-checken-fuehrt-zu-stress-und-neid-facebook-vorurteil-nicht-bestaetigt","status":"publish","type":"post","link":"https:\/\/hoerske.de\/blog\/2018\/04\/permantes-checken-fuehrt-zu-stress-und-neid-facebook-vorurteil-nicht-bestaetigt\/","title":{"rendered":"Permantes Checken f\u00fchrt zu Stress und Neid &#8211; Facebook Vorurteil nicht best\u00e4tigt"},"content":{"rendered":"<p>Die ForscherInnen des Leibniz-Instituts f\u00fcr Wissensmedien (IWM) haben die Effekte der Nutzung verschiedener sozialer Medien untersucht. F\u00fcr die Bef\u00fcrchtung, dass das st\u00e4ndige Nachschauen auf Facebook und co. zu Stress, Neid und Verminderung des Wohlbefindens f\u00fchrt, gibt es kaum wissenschaftliche Best\u00e4tigung.<\/p>\n<h2>Was wir von Facebook und co. haben<\/h2>\n<p>Wie auch ich, loggen sich viele von euch mehrmals t\u00e4glich bei Facebook und anderen sozialen Netzwerken ein. Es ist t\u00e4gliche Routine nachzuschauen, was in der eigenen Timelinie passiert und die eigenen Erlebnisse mit den virtuellen Freunden zu teilen.<\/p>\n<p>Oft gibt es Vorurteile, so soll\u00a0das permanente Checken von positiven Statusmitteilungen anderer zu Stress und Neid f\u00fchren.<\/p>\n<p>Das IWM hat in ihrer Studie innerhalb des Projekts ReDefTie ((Redefining tie strength \u2013 how social media (can) help us to get non-redundant useful information and emotional support)) &#8211; vom Europ\u00e4ischen Research Council (ERC) gef\u00f6rdert &#8211; untersucht, inwiefern soziale Medien es ver\u00e4ndern, wie und von wem wir Informationen und emotionale Unterst\u00fctzung erhalten.<\/p>\n<h2>Inhalt und Ergebnisse der Studie<\/h2>\n<p>Es wurden beruflich und privat genutzte soziale Netzwerke untersucht. Zwischen 2013 und 2017 wurden die Effekte der Nutzung verschiedener sozialer Medien auf niederl\u00e4ndische InternetanwenderInnen untersucht. Durch die Untersuchung von eher privat genutzten Plattformen wie beispielsweise Facebook und eher beruflich genutzten Plattformen wie LinkedIn wurde ein umfassendes und differenziertes Bild gewonnen.<\/p>\n<p>Die Pflege von Freundschaften steht bei Facebook im Vordergrund und die Ergebnisse zeigen, dass eher privat genutzte Netzwerke konkreten Nutzen bringen k\u00f6nnen und diese soziale Beziehungen somit mehr als eine Illusion sind. Etwa 73% der Befragten gaben an, dass sie mehr Online-Unterst\u00fctzung in sozialen Netzwerken als die Nichtnutzer erhalten. Ausserdem wurde klar: je mehr nach Unterst\u00fctzung gefragt wurde, desto mehr Unterst\u00fctzung wurde erhalten.<\/p>\n<p>Das Vorurteil: Facebooknutzung f\u00fchre langfristig zu mehr Stress oder geringerer Lebenszufriedenheit konnte nicht best\u00e4tigt werden.<\/p>\n<p>Auch bei Business-Netzwerken wie LinkedIn gibt es positive Effekt. So berichteten Nutzer von h\u00f6heren Informationsvorteile im beruflichen Kontext als die Nichtnutzerinnen. Besonders wichtig ist die aktive Nutzung und der gezielte Aufbau von Netzwerken.<\/p>\n<h2>Weitere Erkenntnisse<\/h2>\n<p>Gerade im beruflichen Kontext nutzt das regelm\u00e4\u00dfige \u00dcberfliegen von Updates. Das sogenannte ambient awareness, also Wissen \u00fcber die Netzwerkmitglieder und deren Expertise, w\u00e4chst dabei und erzeugt einen Mehrwert f\u00fcr den Anwender.<\/p>\n<p>Die Experimente haben weiterhin gezeigt, dass die auf beruflichen Plattformen verbrachte Zeit keine Verschwendung ist. So hilft sie dabei richtige AnsprechpartnerInnen zu finden und aktuelle Entwicklungen der jeweiligen Branche im Blick zu behalten.<\/p>\n<h2>Meiner Meinung nach&#8230;<\/h2>\n<p>&#8230; sollte man es dennoch nicht \u00fcbertreiben mit dem t\u00e4glichen Check der Timelinie auf Facebook und co. Aber so sch\u00e4dlich f\u00fcr das Gef\u00fchlsleben, wie oft behauptet ist es auch nicht.<\/p>\n<p>Den Beitrag habe ich bei <a href=\"https:\/\/www.wirtschaftspsychologie-aktuell.de\/nachrichten\/nachrichten-20180405-informationen-und-emotionale-unterstuetzung-wie-soziale-netzwerke-uns-helfen-koennen.html\">Wirtschaftspsychologie Aktuell<\/a> entdeckt.<\/p>\n<div id=\"panel-2951-0-0-3\" class=\"so-panel widget widget_sow-editor\" data-index=\"3\">\n<div class=\"so-widget-sow-editor so-widget-sow-editor-base\">\n<div class=\"siteorigin-widget-tinymce textwidget\">\n<h2>Off-Topic<\/h2>\n<p>Nach einer Textanalyse ist dieser Text zu 64% subjektiv, die wichtigsten Worte sind:\u00a0<em>IWM, Stress, Effekte, Neid, Nutzung, Facebook, LinkedIn<\/em><\/p>\n<p>Ein Computer w\u00fcrde diesen Text der Kategorie Internet zu ordnen, ich finde <a href=\"https:\/\/www.hoerske.de\/blog\/kategorien\/wissenschaft\/\">Wissenschaft<\/a> passt besser.<\/p>\n<\/div>\n<\/div>\n<\/div>\n","protected":false},"excerpt":{"rendered":"<p>Die ForscherInnen des Leibniz-Instituts f\u00fcr Wissensmedien (IWM) haben die Effekte der Nutzung verschiedener sozialer Medien untersucht. F\u00fcr die Bef\u00fcrchtung, dass das st\u00e4ndige Nachschauen auf Facebook und co. zu Stress, Neid und Verminderung des Wohlbefindens f\u00fchrt, gibt es kaum wissenschaftliche Best\u00e4tigung.<\/p>\n","protected":false},"author":1,"featured_media":3099,"comment_status":"open","ping_status":"open","sticky":false,"template":"","format":"standard","meta":{"jetpack_post_was_ever_published":false,"_jetpack_newsletter_access":"","_jetpack_dont_email_post_to_subs":false,"_jetpack_newsletter_tier_id":0,"_jetpack_memberships_contains_paywalled_content":false,"_jetpack_memberships_contains_paid_content":false,"footnotes":"","jetpack_publicize_message":"","jetpack_publicize_feature_enabled":true,"jetpack_social_post_already_shared":false,"jetpack_social_options":{"image_generator_settings":{"template":"highway","default_image_id":0,"font":"","enabled":false},"version":2},"_wpas_customize_per_network":false},"categories":[803,2],"tags":[954,26,953,957,955,956,851],"class_list":["post-3094","post","type-post","status-publish","format-standard","has-post-thumbnail","hentry","category-803","category-wissenschaft","tag-effekte","tag-facebook","tag-iwm","tag-linkedin","tag-neid","tag-nutzung","tag-stress"],"yoast_head":"<!-- This site is optimized with the Yoast SEO Premium plugin v27.5 (Yoast SEO v27.5) - https:\/\/yoast.com\/product\/yoast-seo-premium-wordpress\/ -->\n<title>Permantes Checken f\u00fchrt zu Stress und Neid - Facebook Vorurteil nicht best\u00e4tigt - Timos Paper<\/title>\n<meta name=\"description\" content=\"Die ForscherInnen des Leibniz-Instituts f\u00fcr Wissensmedien (IWM) haben die Effekte der Nutzung verschiedener sozialer Medien untersucht. F\u00fcr die Bef\u00fcrchtung, dass das st\u00e4ndige Nachschauen auf Facebook und co. zu Stress, Neid und Verminderung des Wohlbefindens f\u00fchrt, gibt es kaum wissenschaftliche Best\u00e4tigung.\" \/>\n<meta name=\"robots\" content=\"index, follow, max-snippet:-1, max-image-preview:large, max-video-preview:-1\" \/>\n<link rel=\"canonical\" href=\"https:\/\/hoerske.de\/blog\/2018\/04\/permantes-checken-fuehrt-zu-stress-und-neid-facebook-vorurteil-nicht-bestaetigt\/\" \/>\n<meta property=\"og:locale\" content=\"de_DE\" \/>\n<meta property=\"og:type\" content=\"article\" \/>\n<meta property=\"og:title\" content=\"Permantes Checken f\u00fchrt zu Stress und Neid - Facebook Vorurteil nicht best\u00e4tigt\" \/>\n<meta property=\"og:description\" content=\"Die ForscherInnen des Leibniz-Instituts f\u00fcr Wissensmedien (IWM) haben die Effekte der Nutzung verschiedener sozialer Medien untersucht. F\u00fcr die Bef\u00fcrchtung, dass das st\u00e4ndige Nachschauen auf Facebook und co. zu Stress, Neid und Verminderung des Wohlbefindens f\u00fchrt, gibt es kaum wissenschaftliche Best\u00e4tigung.\" \/>\n<meta property=\"og:url\" content=\"https:\/\/hoerske.de\/blog\/2018\/04\/permantes-checken-fuehrt-zu-stress-und-neid-facebook-vorurteil-nicht-bestaetigt\/\" \/>\n<meta property=\"og:site_name\" content=\"Timos Paper\" \/>\n<meta property=\"article:publisher\" content=\"https:\/\/www.facebook.com\/timo.hoerske\" \/>\n<meta property=\"article:author\" content=\"https:\/\/www.facebook.com\/timo.hoerske\" \/>\n<meta property=\"article:published_time\" content=\"2018-04-12T05:00:26+00:00\" \/>\n<meta property=\"article:modified_time\" content=\"2018-04-12T10:03:46+00:00\" \/>\n<meta property=\"og:image\" content=\"https:\/\/i0.wp.com\/blog.hoerske.de\/wp-content\/uploads\/2018\/04\/Vorurteile-VS-WiSSENSCHAFT.png?fit=1200%2C628\" \/>\n\t<meta property=\"og:image:width\" content=\"1200\" \/>\n\t<meta property=\"og:image:height\" content=\"628\" \/>\n\t<meta property=\"og:image:type\" content=\"image\/png\" \/>\n<meta name=\"author\" content=\"Timo H\u00f6rske\" \/>\n<meta name=\"twitter:card\" content=\"summary_large_image\" \/>\n<meta name=\"twitter:creator\" content=\"@timo_hoerske\" \/>\n<meta name=\"twitter:site\" content=\"@timo_hoerske\" \/>\n<meta name=\"twitter:label1\" content=\"Verfasst von\" \/>\n\t<meta name=\"twitter:data1\" content=\"Timo H\u00f6rske\" \/>\n\t<meta name=\"twitter:label2\" content=\"Gesch\u00e4tzte Lesezeit\" \/>\n\t<meta name=\"twitter:data2\" content=\"2\u00a0Minuten\" \/>\n<script type=\"application\/ld+json\" class=\"yoast-schema-graph\">{\"@context\":\"https:\\\/\\\/schema.org\",\"@graph\":[{\"@type\":\"Article\",\"@id\":\"https:\\\/\\\/hoerske.de\\\/blog\\\/2018\\\/04\\\/permantes-checken-fuehrt-zu-stress-und-neid-facebook-vorurteil-nicht-bestaetigt\\\/#article\",\"isPartOf\":{\"@id\":\"https:\\\/\\\/hoerske.de\\\/blog\\\/2018\\\/04\\\/permantes-checken-fuehrt-zu-stress-und-neid-facebook-vorurteil-nicht-bestaetigt\\\/\"},\"author\":{\"name\":\"Timo H\u00f6rske\",\"@id\":\"https:\\\/\\\/hoerske.de\\\/blog\\\/#\\\/schema\\\/person\\\/20677cf2167fc7027b752c3bba78d5fc\"},\"headline\":\"Permantes Checken f\u00fchrt zu Stress und Neid &#8211; Facebook Vorurteil nicht best\u00e4tigt\",\"datePublished\":\"2018-04-12T05:00:26+00:00\",\"dateModified\":\"2018-04-12T10:03:46+00:00\",\"mainEntityOfPage\":{\"@id\":\"https:\\\/\\\/hoerske.de\\\/blog\\\/2018\\\/04\\\/permantes-checken-fuehrt-zu-stress-und-neid-facebook-vorurteil-nicht-bestaetigt\\\/\"},\"wordCount\":501,\"commentCount\":0,\"publisher\":{\"@id\":\"https:\\\/\\\/hoerske.de\\\/blog\\\/#\\\/schema\\\/person\\\/20677cf2167fc7027b752c3bba78d5fc\"},\"image\":{\"@id\":\"https:\\\/\\\/hoerske.de\\\/blog\\\/2018\\\/04\\\/permantes-checken-fuehrt-zu-stress-und-neid-facebook-vorurteil-nicht-bestaetigt\\\/#primaryimage\"},\"thumbnailUrl\":\"https:\\\/\\\/i0.wp.com\\\/hoerske.de\\\/blog\\\/wp-content\\\/uploads\\\/2018\\\/04\\\/Vorurteile-VS-WiSSENSCHAFT.png?fit=1200%2C628&ssl=1\",\"keywords\":[\"Effekte\",\"Facebook\",\"IWM\",\"LinkedIn\",\"Neid\",\"Nutzung\",\"Stress\"],\"articleSection\":[\"2018\",\"Wissenschaft\"],\"inLanguage\":\"de\",\"potentialAction\":[{\"@type\":\"CommentAction\",\"name\":\"Comment\",\"target\":[\"https:\\\/\\\/hoerske.de\\\/blog\\\/2018\\\/04\\\/permantes-checken-fuehrt-zu-stress-und-neid-facebook-vorurteil-nicht-bestaetigt\\\/#respond\"]}]},{\"@type\":\"WebPage\",\"@id\":\"https:\\\/\\\/hoerske.de\\\/blog\\\/2018\\\/04\\\/permantes-checken-fuehrt-zu-stress-und-neid-facebook-vorurteil-nicht-bestaetigt\\\/\",\"url\":\"https:\\\/\\\/hoerske.de\\\/blog\\\/2018\\\/04\\\/permantes-checken-fuehrt-zu-stress-und-neid-facebook-vorurteil-nicht-bestaetigt\\\/\",\"name\":\"Permantes Checken f\u00fchrt zu Stress und Neid - Facebook Vorurteil nicht best\u00e4tigt - Timos Paper\",\"isPartOf\":{\"@id\":\"https:\\\/\\\/hoerske.de\\\/blog\\\/#website\"},\"primaryImageOfPage\":{\"@id\":\"https:\\\/\\\/hoerske.de\\\/blog\\\/2018\\\/04\\\/permantes-checken-fuehrt-zu-stress-und-neid-facebook-vorurteil-nicht-bestaetigt\\\/#primaryimage\"},\"image\":{\"@id\":\"https:\\\/\\\/hoerske.de\\\/blog\\\/2018\\\/04\\\/permantes-checken-fuehrt-zu-stress-und-neid-facebook-vorurteil-nicht-bestaetigt\\\/#primaryimage\"},\"thumbnailUrl\":\"https:\\\/\\\/i0.wp.com\\\/hoerske.de\\\/blog\\\/wp-content\\\/uploads\\\/2018\\\/04\\\/Vorurteile-VS-WiSSENSCHAFT.png?fit=1200%2C628&ssl=1\",\"datePublished\":\"2018-04-12T05:00:26+00:00\",\"dateModified\":\"2018-04-12T10:03:46+00:00\",\"description\":\"Die ForscherInnen des Leibniz-Instituts f\u00fcr Wissensmedien (IWM) haben die Effekte der Nutzung verschiedener sozialer Medien untersucht. F\u00fcr die Bef\u00fcrchtung, dass das st\u00e4ndige Nachschauen auf Facebook und co. zu Stress, Neid und Verminderung des Wohlbefindens f\u00fchrt, gibt es kaum wissenschaftliche Best\u00e4tigung.\",\"breadcrumb\":{\"@id\":\"https:\\\/\\\/hoerske.de\\\/blog\\\/2018\\\/04\\\/permantes-checken-fuehrt-zu-stress-und-neid-facebook-vorurteil-nicht-bestaetigt\\\/#breadcrumb\"},\"inLanguage\":\"de\",\"potentialAction\":[{\"@type\":\"ReadAction\",\"target\":[\"https:\\\/\\\/hoerske.de\\\/blog\\\/2018\\\/04\\\/permantes-checken-fuehrt-zu-stress-und-neid-facebook-vorurteil-nicht-bestaetigt\\\/\"]}]},{\"@type\":\"ImageObject\",\"inLanguage\":\"de\",\"@id\":\"https:\\\/\\\/hoerske.de\\\/blog\\\/2018\\\/04\\\/permantes-checken-fuehrt-zu-stress-und-neid-facebook-vorurteil-nicht-bestaetigt\\\/#primaryimage\",\"url\":\"https:\\\/\\\/i0.wp.com\\\/hoerske.de\\\/blog\\\/wp-content\\\/uploads\\\/2018\\\/04\\\/Vorurteile-VS-WiSSENSCHAFT.png?fit=1200%2C628&ssl=1\",\"contentUrl\":\"https:\\\/\\\/i0.wp.com\\\/hoerske.de\\\/blog\\\/wp-content\\\/uploads\\\/2018\\\/04\\\/Vorurteile-VS-WiSSENSCHAFT.png?fit=1200%2C628&ssl=1\",\"width\":1200,\"height\":628},{\"@type\":\"BreadcrumbList\",\"@id\":\"https:\\\/\\\/hoerske.de\\\/blog\\\/2018\\\/04\\\/permantes-checken-fuehrt-zu-stress-und-neid-facebook-vorurteil-nicht-bestaetigt\\\/#breadcrumb\",\"itemListElement\":[{\"@type\":\"ListItem\",\"position\":1,\"name\":\"Startseite\",\"item\":\"https:\\\/\\\/hoerske.de\\\/blog\\\/\"},{\"@type\":\"ListItem\",\"position\":2,\"name\":\"Permantes Checken f\u00fchrt zu Stress und Neid &#8211; Facebook Vorurteil nicht best\u00e4tigt\"}]},{\"@type\":\"WebSite\",\"@id\":\"https:\\\/\\\/hoerske.de\\\/blog\\\/#website\",\"url\":\"https:\\\/\\\/hoerske.de\\\/blog\\\/\",\"name\":\"Timos Blog\",\"description\":\"ego cogito, ergo sum\",\"publisher\":{\"@id\":\"https:\\\/\\\/hoerske.de\\\/blog\\\/#\\\/schema\\\/person\\\/20677cf2167fc7027b752c3bba78d5fc\"},\"potentialAction\":[{\"@type\":\"SearchAction\",\"target\":{\"@type\":\"EntryPoint\",\"urlTemplate\":\"https:\\\/\\\/hoerske.de\\\/blog\\\/?s={search_term_string}\"},\"query-input\":{\"@type\":\"PropertyValueSpecification\",\"valueRequired\":true,\"valueName\":\"search_term_string\"}}],\"inLanguage\":\"de\"},{\"@type\":[\"Person\",\"Organization\"],\"@id\":\"https:\\\/\\\/hoerske.de\\\/blog\\\/#\\\/schema\\\/person\\\/20677cf2167fc7027b752c3bba78d5fc\",\"name\":\"Timo H\u00f6rske\",\"image\":{\"@type\":\"ImageObject\",\"inLanguage\":\"de\",\"@id\":\"https:\\\/\\\/i0.wp.com\\\/hoerske.de\\\/blog\\\/wp-content\\\/uploads\\\/2023\\\/01\\\/16711213967602.jpg?fit=1024%2C954&ssl=1\",\"url\":\"https:\\\/\\\/i0.wp.com\\\/hoerske.de\\\/blog\\\/wp-content\\\/uploads\\\/2023\\\/01\\\/16711213967602.jpg?fit=1024%2C954&ssl=1\",\"contentUrl\":\"https:\\\/\\\/i0.wp.com\\\/hoerske.de\\\/blog\\\/wp-content\\\/uploads\\\/2023\\\/01\\\/16711213967602.jpg?fit=1024%2C954&ssl=1\",\"width\":1024,\"height\":954,\"caption\":\"Timo H\u00f6rske\"},\"logo\":{\"@id\":\"https:\\\/\\\/i0.wp.com\\\/hoerske.de\\\/blog\\\/wp-content\\\/uploads\\\/2023\\\/01\\\/16711213967602.jpg?fit=1024%2C954&ssl=1\"},\"description\":\"Jahrgang 1985, als \\\"Ossi\\\" geboren, im beschaulichen Premnitz an der Havel aufgewachsen. Natur- und Kunstliebhaber. Seit \u00fcber 10 Jahren Wahlbremerhavener, K\u00fcsten- und Windfan. So ziemlich an Allem interessiert. Schwerpunkte sind aber eindeutig Politik, Gesellschaft, Rechtswesen, Natur, Imkerei und Technik. Rotes Parteibuch, Mitglied des Jugendhilfeausschusses der Stadt Bremerhaven, Vorsitzender eines Kleing\u00e4rtnervereins, Fachberater f\u00fcr das Kleingartenwesen, Verbandschef der Bremerhavener Kleing\u00e4rtner*innen. Hobbyimker, Freizeitblogger, Techniknerd.\",\"sameAs\":[\"https:\\\/\\\/www.hoerske.de\\\/\",\"https:\\\/\\\/www.facebook.com\\\/timo.hoerske\",\"https:\\\/\\\/www.instagram.com\\\/thoerske\\\/\",\"https:\\\/\\\/x.com\\\/timo_hoerske\"],\"url\":\"https:\\\/\\\/hoerske.de\\\/blog\\\/author\\\/roter_admin\\\/\"}]}<\/script>\n<!-- \/ Yoast SEO Premium plugin. -->","yoast_head_json":{"title":"Permantes Checken f\u00fchrt zu Stress und Neid - Facebook Vorurteil nicht best\u00e4tigt - Timos Paper","description":"Die ForscherInnen des Leibniz-Instituts f\u00fcr Wissensmedien (IWM) haben die Effekte der Nutzung verschiedener sozialer Medien untersucht. F\u00fcr die Bef\u00fcrchtung, dass das st\u00e4ndige Nachschauen auf Facebook und co. zu Stress, Neid und Verminderung des Wohlbefindens f\u00fchrt, gibt es kaum wissenschaftliche Best\u00e4tigung.","robots":{"index":"index","follow":"follow","max-snippet":"max-snippet:-1","max-image-preview":"max-image-preview:large","max-video-preview":"max-video-preview:-1"},"canonical":"https:\/\/hoerske.de\/blog\/2018\/04\/permantes-checken-fuehrt-zu-stress-und-neid-facebook-vorurteil-nicht-bestaetigt\/","og_locale":"de_DE","og_type":"article","og_title":"Permantes Checken f\u00fchrt zu Stress und Neid - Facebook Vorurteil nicht best\u00e4tigt","og_description":"Die ForscherInnen des Leibniz-Instituts f\u00fcr Wissensmedien (IWM) haben die Effekte der Nutzung verschiedener sozialer Medien untersucht. F\u00fcr die Bef\u00fcrchtung, dass das st\u00e4ndige Nachschauen auf Facebook und co. zu Stress, Neid und Verminderung des Wohlbefindens f\u00fchrt, gibt es kaum wissenschaftliche Best\u00e4tigung.","og_url":"https:\/\/hoerske.de\/blog\/2018\/04\/permantes-checken-fuehrt-zu-stress-und-neid-facebook-vorurteil-nicht-bestaetigt\/","og_site_name":"Timos Paper","article_publisher":"https:\/\/www.facebook.com\/timo.hoerske","article_author":"https:\/\/www.facebook.com\/timo.hoerske","article_published_time":"2018-04-12T05:00:26+00:00","article_modified_time":"2018-04-12T10:03:46+00:00","og_image":[{"width":1200,"height":628,"url":"https:\/\/i0.wp.com\/blog.hoerske.de\/wp-content\/uploads\/2018\/04\/Vorurteile-VS-WiSSENSCHAFT.png?fit=1200%2C628","type":"image\/png"}],"author":"Timo H\u00f6rske","twitter_card":"summary_large_image","twitter_creator":"@timo_hoerske","twitter_site":"@timo_hoerske","twitter_misc":{"Verfasst von":"Timo H\u00f6rske","Gesch\u00e4tzte Lesezeit":"2\u00a0Minuten"},"schema":{"@context":"https:\/\/schema.org","@graph":[{"@type":"Article","@id":"https:\/\/hoerske.de\/blog\/2018\/04\/permantes-checken-fuehrt-zu-stress-und-neid-facebook-vorurteil-nicht-bestaetigt\/#article","isPartOf":{"@id":"https:\/\/hoerske.de\/blog\/2018\/04\/permantes-checken-fuehrt-zu-stress-und-neid-facebook-vorurteil-nicht-bestaetigt\/"},"author":{"name":"Timo H\u00f6rske","@id":"https:\/\/hoerske.de\/blog\/#\/schema\/person\/20677cf2167fc7027b752c3bba78d5fc"},"headline":"Permantes Checken f\u00fchrt zu Stress und Neid &#8211; Facebook Vorurteil nicht best\u00e4tigt","datePublished":"2018-04-12T05:00:26+00:00","dateModified":"2018-04-12T10:03:46+00:00","mainEntityOfPage":{"@id":"https:\/\/hoerske.de\/blog\/2018\/04\/permantes-checken-fuehrt-zu-stress-und-neid-facebook-vorurteil-nicht-bestaetigt\/"},"wordCount":501,"commentCount":0,"publisher":{"@id":"https:\/\/hoerske.de\/blog\/#\/schema\/person\/20677cf2167fc7027b752c3bba78d5fc"},"image":{"@id":"https:\/\/hoerske.de\/blog\/2018\/04\/permantes-checken-fuehrt-zu-stress-und-neid-facebook-vorurteil-nicht-bestaetigt\/#primaryimage"},"thumbnailUrl":"https:\/\/i0.wp.com\/hoerske.de\/blog\/wp-content\/uploads\/2018\/04\/Vorurteile-VS-WiSSENSCHAFT.png?fit=1200%2C628&ssl=1","keywords":["Effekte","Facebook","IWM","LinkedIn","Neid","Nutzung","Stress"],"articleSection":["2018","Wissenschaft"],"inLanguage":"de","potentialAction":[{"@type":"CommentAction","name":"Comment","target":["https:\/\/hoerske.de\/blog\/2018\/04\/permantes-checken-fuehrt-zu-stress-und-neid-facebook-vorurteil-nicht-bestaetigt\/#respond"]}]},{"@type":"WebPage","@id":"https:\/\/hoerske.de\/blog\/2018\/04\/permantes-checken-fuehrt-zu-stress-und-neid-facebook-vorurteil-nicht-bestaetigt\/","url":"https:\/\/hoerske.de\/blog\/2018\/04\/permantes-checken-fuehrt-zu-stress-und-neid-facebook-vorurteil-nicht-bestaetigt\/","name":"Permantes Checken f\u00fchrt zu Stress und Neid - Facebook Vorurteil nicht best\u00e4tigt - Timos Paper","isPartOf":{"@id":"https:\/\/hoerske.de\/blog\/#website"},"primaryImageOfPage":{"@id":"https:\/\/hoerske.de\/blog\/2018\/04\/permantes-checken-fuehrt-zu-stress-und-neid-facebook-vorurteil-nicht-bestaetigt\/#primaryimage"},"image":{"@id":"https:\/\/hoerske.de\/blog\/2018\/04\/permantes-checken-fuehrt-zu-stress-und-neid-facebook-vorurteil-nicht-bestaetigt\/#primaryimage"},"thumbnailUrl":"https:\/\/i0.wp.com\/hoerske.de\/blog\/wp-content\/uploads\/2018\/04\/Vorurteile-VS-WiSSENSCHAFT.png?fit=1200%2C628&ssl=1","datePublished":"2018-04-12T05:00:26+00:00","dateModified":"2018-04-12T10:03:46+00:00","description":"Die ForscherInnen des Leibniz-Instituts f\u00fcr Wissensmedien (IWM) haben die Effekte der Nutzung verschiedener sozialer Medien untersucht. F\u00fcr die Bef\u00fcrchtung, dass das st\u00e4ndige Nachschauen auf Facebook und co. zu Stress, Neid und Verminderung des Wohlbefindens f\u00fchrt, gibt es kaum wissenschaftliche Best\u00e4tigung.","breadcrumb":{"@id":"https:\/\/hoerske.de\/blog\/2018\/04\/permantes-checken-fuehrt-zu-stress-und-neid-facebook-vorurteil-nicht-bestaetigt\/#breadcrumb"},"inLanguage":"de","potentialAction":[{"@type":"ReadAction","target":["https:\/\/hoerske.de\/blog\/2018\/04\/permantes-checken-fuehrt-zu-stress-und-neid-facebook-vorurteil-nicht-bestaetigt\/"]}]},{"@type":"ImageObject","inLanguage":"de","@id":"https:\/\/hoerske.de\/blog\/2018\/04\/permantes-checken-fuehrt-zu-stress-und-neid-facebook-vorurteil-nicht-bestaetigt\/#primaryimage","url":"https:\/\/i0.wp.com\/hoerske.de\/blog\/wp-content\/uploads\/2018\/04\/Vorurteile-VS-WiSSENSCHAFT.png?fit=1200%2C628&ssl=1","contentUrl":"https:\/\/i0.wp.com\/hoerske.de\/blog\/wp-content\/uploads\/2018\/04\/Vorurteile-VS-WiSSENSCHAFT.png?fit=1200%2C628&ssl=1","width":1200,"height":628},{"@type":"BreadcrumbList","@id":"https:\/\/hoerske.de\/blog\/2018\/04\/permantes-checken-fuehrt-zu-stress-und-neid-facebook-vorurteil-nicht-bestaetigt\/#breadcrumb","itemListElement":[{"@type":"ListItem","position":1,"name":"Startseite","item":"https:\/\/hoerske.de\/blog\/"},{"@type":"ListItem","position":2,"name":"Permantes Checken f\u00fchrt zu Stress und Neid &#8211; Facebook Vorurteil nicht best\u00e4tigt"}]},{"@type":"WebSite","@id":"https:\/\/hoerske.de\/blog\/#website","url":"https:\/\/hoerske.de\/blog\/","name":"Timos Blog","description":"ego cogito, ergo sum","publisher":{"@id":"https:\/\/hoerske.de\/blog\/#\/schema\/person\/20677cf2167fc7027b752c3bba78d5fc"},"potentialAction":[{"@type":"SearchAction","target":{"@type":"EntryPoint","urlTemplate":"https:\/\/hoerske.de\/blog\/?s={search_term_string}"},"query-input":{"@type":"PropertyValueSpecification","valueRequired":true,"valueName":"search_term_string"}}],"inLanguage":"de"},{"@type":["Person","Organization"],"@id":"https:\/\/hoerske.de\/blog\/#\/schema\/person\/20677cf2167fc7027b752c3bba78d5fc","name":"Timo H\u00f6rske","image":{"@type":"ImageObject","inLanguage":"de","@id":"https:\/\/i0.wp.com\/hoerske.de\/blog\/wp-content\/uploads\/2023\/01\/16711213967602.jpg?fit=1024%2C954&ssl=1","url":"https:\/\/i0.wp.com\/hoerske.de\/blog\/wp-content\/uploads\/2023\/01\/16711213967602.jpg?fit=1024%2C954&ssl=1","contentUrl":"https:\/\/i0.wp.com\/hoerske.de\/blog\/wp-content\/uploads\/2023\/01\/16711213967602.jpg?fit=1024%2C954&ssl=1","width":1024,"height":954,"caption":"Timo H\u00f6rske"},"logo":{"@id":"https:\/\/i0.wp.com\/hoerske.de\/blog\/wp-content\/uploads\/2023\/01\/16711213967602.jpg?fit=1024%2C954&ssl=1"},"description":"Jahrgang 1985, als \"Ossi\" geboren, im beschaulichen Premnitz an der Havel aufgewachsen. Natur- und Kunstliebhaber. Seit \u00fcber 10 Jahren Wahlbremerhavener, K\u00fcsten- und Windfan. So ziemlich an Allem interessiert. Schwerpunkte sind aber eindeutig Politik, Gesellschaft, Rechtswesen, Natur, Imkerei und Technik. Rotes Parteibuch, Mitglied des Jugendhilfeausschusses der Stadt Bremerhaven, Vorsitzender eines Kleing\u00e4rtnervereins, Fachberater f\u00fcr das Kleingartenwesen, Verbandschef der Bremerhavener Kleing\u00e4rtner*innen. Hobbyimker, Freizeitblogger, Techniknerd.","sameAs":["https:\/\/www.hoerske.de\/","https:\/\/www.facebook.com\/timo.hoerske","https:\/\/www.instagram.com\/thoerske\/","https:\/\/x.com\/timo_hoerske"],"url":"https:\/\/hoerske.de\/blog\/author\/roter_admin\/"}]}},"jetpack_publicize_connections":[],"jetpack_featured_media_url":"https:\/\/i0.wp.com\/hoerske.de\/blog\/wp-content\/uploads\/2018\/04\/Vorurteile-VS-WiSSENSCHAFT.png?fit=1200%2C628&ssl=1","jetpack_shortlink":"https:\/\/wp.me\/p4W3ht-NU","jetpack_sharing_enabled":true,"_links":{"self":[{"href":"https:\/\/hoerske.de\/blog\/wp-json\/wp\/v2\/posts\/3094","targetHints":{"allow":["GET"]}}],"collection":[{"href":"https:\/\/hoerske.de\/blog\/wp-json\/wp\/v2\/posts"}],"about":[{"href":"https:\/\/hoerske.de\/blog\/wp-json\/wp\/v2\/types\/post"}],"author":[{"embeddable":true,"href":"https:\/\/hoerske.de\/blog\/wp-json\/wp\/v2\/users\/1"}],"replies":[{"embeddable":true,"href":"https:\/\/hoerske.de\/blog\/wp-json\/wp\/v2\/comments?post=3094"}],"version-history":[{"count":0,"href":"https:\/\/hoerske.de\/blog\/wp-json\/wp\/v2\/posts\/3094\/revisions"}],"wp:featuredmedia":[{"embeddable":true,"href":"https:\/\/hoerske.de\/blog\/wp-json\/wp\/v2\/media\/3099"}],"wp:attachment":[{"href":"https:\/\/hoerske.de\/blog\/wp-json\/wp\/v2\/media?parent=3094"}],"wp:term":[{"taxonomy":"category","embeddable":true,"href":"https:\/\/hoerske.de\/blog\/wp-json\/wp\/v2\/categories?post=3094"},{"taxonomy":"post_tag","embeddable":true,"href":"https:\/\/hoerske.de\/blog\/wp-json\/wp\/v2\/tags?post=3094"}],"curies":[{"name":"wp","href":"https:\/\/api.w.org\/{rel}","templated":true}]}}