{"id":2977,"date":"2018-04-03T10:00:23","date_gmt":"2018-04-03T08:00:23","guid":{"rendered":"https:\/\/www.hoerske.de\/?p=2977"},"modified":"2018-04-03T11:45:51","modified_gmt":"2018-04-03T09:45:51","slug":"blog2social-neues-umfassendes-plugin-fuer-facebook-und-co","status":"publish","type":"post","link":"https:\/\/hoerske.de\/blog\/2018\/04\/blog2social-neues-umfassendes-plugin-fuer-facebook-und-co\/","title":{"rendered":"Blog2Social &#8211; neues umfassendes Plugin f\u00fcr Facebook und co."},"content":{"rendered":"<p>Seit sehr langer Zeit blogge ich f\u00fcr euch. Besonders aufwendig ist es f\u00fcr mich bisher die Artikel auch auf meinen Social Media Kan\u00e4len zu teilen. Ihr betreibt selber einen Blog und wollt wertvolle Zeit f\u00fcr das m\u00fchsame manuelle Teilen von Blogbeitr\u00e4gen in Social Media sparen. Dann k\u00f6nnt ihr mit Blog2Social eure Blogbeitr\u00e4ge automatisch und parallel in einem einfachen Schritt mir den sozialen Medien teilen.<\/p>\n<h2>Blog2Social<\/h2>\n<p>Ob Ihr einen neuen Beitrag promoten, \u00e4ltere Beitr\u00e4ge erneut teilen oder Beitr\u00e4ge zeitversetzt oder regelm\u00e4\u00dfig planen m\u00f6chtet: Mit Blog2Social erledigt Ihr das Teilen und eurer Cross-Posten von Blogbeitr\u00e4gen schnell und einfach. Ihr erzielt mehr Reichweite in k\u00fcrzerer Zeit.<\/p>\n<p>Jedes Netzwerk bietet andere M\u00f6glichkeiten, um Euren Blogbeitrag bestm\u00f6glich zu pr\u00e4sentieren und mehr Reaktionen zu erzielen. Blog2Social bereitet das optimale Format f\u00fcr jedes einzelne Netzwerk automatisch vor.<\/p>\n<p>In der zentralen Vorschau k\u00f6nnen Ihr eure Posts optional mit Kommentaren, #Hashtags und @Handles individualisieren, ganz wie Ihr m\u00f6gt. Mit Blog2Social generiert Ihr optimale Social Media Postings f\u00fcr mehr Follower und mehr Interaktion.<\/p>\n<h2>Pers\u00f6nliche Einsch\u00e4tzung<\/h2>\n<p>Bisher habe ich das Teilen \u00fcber die Funktion von Jetpack umgesetzt. Leider ist der Funktionsumfang sehr eingeschr\u00e4nkt. Individualisierungen sind kaum m\u00f6glich gewesen. Alle Beitr\u00e4ge in den Social Media Kan\u00e4len waren gleich und ohne Vorschau auch nicht anpassbar.<\/p>\n<p>Seit einigen Tagen teste ich nun das WordPress Plugin von Blog2Social und bin gelinde gesagt begeistert. Es gibt eine Free- und verschiedene kostenpflichtige Proversionen. In der Freeversion sind viele Funktionen bereits vorhanden und bereits besser als die M\u00f6glichkeiten von Jetpack. Nur das automatische Posten ist erst in der Premiumversion m\u00f6glich. Aber auch diese Funktionen k\u00f6nnt ihr 30 Tage lang kostenfrei testen.<\/p>\n<h2>Funktionsumfang<\/h2>\n<p><a href=\"https:\/\/i0.wp.com\/www.hoerske.de\/blog\/wp-content\/uploads\/2018\/04\/download-blog2social.png?ssl=1\"><img data-recalc-dims=\"1\" loading=\"lazy\" decoding=\"async\" class=\"alignleft size-medium wp-image-2984\" src=\"https:\/\/i0.wp.com\/www.hoerske.de\/blog\/wp-content\/uploads\/2018\/04\/download-blog2social-300x155.png?resize=300%2C155&#038;ssl=1\" alt=\"\" width=\"300\" height=\"155\" srcset=\"https:\/\/i0.wp.com\/hoerske.de\/blog\/wp-content\/uploads\/2018\/04\/download-blog2social.png?resize=300%2C155&amp;ssl=1 300w, https:\/\/i0.wp.com\/hoerske.de\/blog\/wp-content\/uploads\/2018\/04\/download-blog2social.png?w=671&amp;ssl=1 671w\" sizes=\"auto, (max-width: 300px) 100vw, 300px\" \/><\/a>Der Funktionsumfang von Blog2Social ist sehr gro\u00df und umfasst alles, was ich f\u00fcr meine Socialmediakan\u00e4le ben\u00f6tige. Besonders gelungen finde ich die individuelle Vorschau und Anpassung der einzelnen Beitr\u00e4ge, die Planungsfunktion, die Festlegung der besten Zeit f\u00fcrs Posten und auch die M\u00f6glichkeit auf Kan\u00e4len zu posten, die ich bisher immer h\u00e4ndisch machen musste. Ein eigener Shortner f\u00fcr die URLs ist auch dabei.<\/p>\n<p>Wie bereits geschrieben, bin ich selber noch in der Testphase und werde noch die ein oder andere Funktion intensiv ausprobieren und euch dann auf dem Laufenden halten. Wenn ihr selber schon mal schauen wollt: Weitere Informationen gibt es hier:<\/p>\n<p><a href=\"https:\/\/service.blog2social.com?aid=3554\"><br \/>\n<img data-recalc-dims=\"1\" decoding=\"async\" title=\"blog2social\" src=\"https:\/\/i0.wp.com\/files.blog2social.com\/ppg\/images\/de\/banner%401020-110.png?w=840&#038;ssl=1\" alt=\"blog2social\" \/><br \/>\n<\/a><\/p>\n<p>Direkt einkaufen k\u00f6nnt ihr unter diesen Links und unters\u00fctzt dabei gleichzeitig diesen Blog:<\/p>\n<p><a href=\"https:\/\/store.payproglobal.com\/checkout?products[1][id]=22887&amp;products[1][agreement-id]=3554\">Blog2Social Version: PRO<\/a><\/p>\n<p><a href=\"https:\/\/store.payproglobal.com\/checkout?products[1][id]=29588&amp;products[1][agreement-id]=3554\">Blog2Social Version: SMART<\/a><\/p>\n<h2>Off-Topic<\/h2>\n<p>Nach einer Textanalyse ist dieser Text zu 70% subjektiv, die wichtigsten Worte sind:\u00a0<em>Blog2Social, Kan\u00e4le, Blogbeitr\u00e4gen, Social, Funktionsumfang, Jetpack, Funktion<\/em><\/p>\n<p>Ein Computer w\u00fcrde diesen Text der Kategorie Internet zu ordnen. Ich finde <a href=\"https:\/\/www.hoerske.de\/blog\/kategorien\/technik\/\">Technik<\/a> passt besser.<\/p>\n","protected":false},"excerpt":{"rendered":"<p>Seit sehr langer Zeit blogge ich f\u00fcr euch. Besonders aufwendig ist es f\u00fcr mich bisher die Artikel auch auf meinen Social Media Kan\u00e4len zu teilen. Ihr betreibt selber einen Blog und wollt wertvolle Zeit f\u00fcr das m\u00fchsame manuelle Teilen von Blogbeitr\u00e4gen in Social Media sparen. Dann k\u00f6nnt ihr mit Blog2Social eure Blogbeitr\u00e4ge automatisch und parallel in einem einfachen Schritt mir den Socialen Medien teilen.<\/p>\n","protected":false},"author":1,"featured_media":2984,"comment_status":"open","ping_status":"open","sticky":false,"template":"","format":"standard","meta":{"jetpack_post_was_ever_published":false,"_jetpack_newsletter_access":"","_jetpack_dont_email_post_to_subs":false,"_jetpack_newsletter_tier_id":0,"_jetpack_memberships_contains_paywalled_content":false,"_jetpack_memberships_contains_paid_content":false,"footnotes":"","jetpack_publicize_message":"","jetpack_publicize_feature_enabled":true,"jetpack_social_post_already_shared":false,"jetpack_social_options":{"image_generator_settings":{"template":"highway","default_image_id":0,"font":"","enabled":false},"version":2},"_wpas_customize_per_network":false},"categories":[803,1,178],"tags":[921,923,737,925,926,922,924],"class_list":["post-2977","post","type-post","status-publish","format-standard","has-post-thumbnail","hentry","category-803","category-hobbies","category-technik","tag-blog2social","tag-blogbeitraegen","tag-funktion","tag-funktionsumfang","tag-jetpack","tag-kanaele","tag-social"],"yoast_head":"<!-- This site is optimized with the Yoast SEO Premium plugin v27.5 (Yoast SEO v27.5) - https:\/\/yoast.com\/product\/yoast-seo-premium-wordpress\/ -->\n<title>Blog2Social - neues umfassendes Plugin f\u00fcr Facebook und co. - Timos Paper<\/title>\n<meta name=\"description\" content=\"Ihr betreibt selber einen Blog und wollt wertvolle Zeit f\u00fcr das m\u00fchsame manuelle Teilen von Blogbeitr\u00e4gen in Social Media sparen. Dann k\u00f6nnt ihr mit Blog2Social eure Blogbeitr\u00e4ge automatisch und parallel in einem einfachen Schritt mir den Socialen Medien teilen.\" \/>\n<meta name=\"robots\" content=\"index, follow, max-snippet:-1, max-image-preview:large, max-video-preview:-1\" \/>\n<link rel=\"canonical\" href=\"https:\/\/hoerske.de\/blog\/2018\/04\/blog2social-neues-umfassendes-plugin-fuer-facebook-und-co\/\" \/>\n<meta property=\"og:locale\" content=\"de_DE\" \/>\n<meta property=\"og:type\" content=\"article\" \/>\n<meta property=\"og:title\" content=\"Blog2Social - neues umfassendes Plugin f\u00fcr Facebook und co.\" \/>\n<meta property=\"og:description\" content=\"Ihr betreibt selber einen Blog und wollt wertvolle Zeit f\u00fcr das m\u00fchsame manuelle Teilen von Blogbeitr\u00e4gen in Social Media sparen. Dann k\u00f6nnt ihr mit Blog2Social eure Blogbeitr\u00e4ge automatisch und parallel in einem einfachen Schritt mir den Socialen Medien teilen.\" \/>\n<meta property=\"og:url\" content=\"https:\/\/hoerske.de\/blog\/2018\/04\/blog2social-neues-umfassendes-plugin-fuer-facebook-und-co\/\" \/>\n<meta property=\"og:site_name\" content=\"Timos Paper\" \/>\n<meta property=\"article:publisher\" content=\"https:\/\/www.facebook.com\/timo.hoerske\" \/>\n<meta property=\"article:author\" content=\"https:\/\/www.facebook.com\/timo.hoerske\" \/>\n<meta property=\"article:published_time\" content=\"2018-04-03T08:00:23+00:00\" \/>\n<meta property=\"article:modified_time\" content=\"2018-04-03T09:45:51+00:00\" \/>\n<meta property=\"og:image\" content=\"https:\/\/i0.wp.com\/blog.hoerske.de\/wp-content\/uploads\/2018\/04\/download-blog2social.png?fit=671%2C346\" \/>\n\t<meta property=\"og:image:width\" content=\"671\" \/>\n\t<meta property=\"og:image:height\" content=\"346\" \/>\n\t<meta property=\"og:image:type\" content=\"image\/png\" \/>\n<meta name=\"author\" content=\"Timo H\u00f6rske\" \/>\n<meta name=\"twitter:card\" content=\"summary_large_image\" \/>\n<meta name=\"twitter:creator\" content=\"@timo_hoerske\" \/>\n<meta name=\"twitter:site\" content=\"@timo_hoerske\" \/>\n<meta name=\"twitter:label1\" content=\"Verfasst von\" \/>\n\t<meta name=\"twitter:data1\" content=\"Timo H\u00f6rske\" \/>\n\t<meta name=\"twitter:label2\" content=\"Gesch\u00e4tzte Lesezeit\" \/>\n\t<meta name=\"twitter:data2\" content=\"2\u00a0Minuten\" \/>\n<script type=\"application\/ld+json\" class=\"yoast-schema-graph\">{\"@context\":\"https:\\\/\\\/schema.org\",\"@graph\":[{\"@type\":\"Article\",\"@id\":\"https:\\\/\\\/hoerske.de\\\/blog\\\/2018\\\/04\\\/blog2social-neues-umfassendes-plugin-fuer-facebook-und-co\\\/#article\",\"isPartOf\":{\"@id\":\"https:\\\/\\\/hoerske.de\\\/blog\\\/2018\\\/04\\\/blog2social-neues-umfassendes-plugin-fuer-facebook-und-co\\\/\"},\"author\":{\"name\":\"Timo H\u00f6rske\",\"@id\":\"https:\\\/\\\/hoerske.de\\\/blog\\\/#\\\/schema\\\/person\\\/20677cf2167fc7027b752c3bba78d5fc\"},\"headline\":\"Blog2Social &#8211; neues umfassendes Plugin f\u00fcr Facebook und co.\",\"datePublished\":\"2018-04-03T08:00:23+00:00\",\"dateModified\":\"2018-04-03T09:45:51+00:00\",\"mainEntityOfPage\":{\"@id\":\"https:\\\/\\\/hoerske.de\\\/blog\\\/2018\\\/04\\\/blog2social-neues-umfassendes-plugin-fuer-facebook-und-co\\\/\"},\"wordCount\":482,\"commentCount\":3,\"publisher\":{\"@id\":\"https:\\\/\\\/hoerske.de\\\/blog\\\/#\\\/schema\\\/person\\\/20677cf2167fc7027b752c3bba78d5fc\"},\"image\":{\"@id\":\"https:\\\/\\\/hoerske.de\\\/blog\\\/2018\\\/04\\\/blog2social-neues-umfassendes-plugin-fuer-facebook-und-co\\\/#primaryimage\"},\"thumbnailUrl\":\"https:\\\/\\\/i0.wp.com\\\/hoerske.de\\\/blog\\\/wp-content\\\/uploads\\\/2018\\\/04\\\/download-blog2social.png?fit=671%2C346&ssl=1\",\"keywords\":[\"Blog2Social\",\"Blogbeitr\u00e4gen\",\"Funktion\",\"Funktionsumfang\",\"Jetpack\",\"Kan\u00e4le\",\"Social\"],\"articleSection\":[\"2018\",\"Hobbies\",\"Technik\"],\"inLanguage\":\"de\",\"potentialAction\":[{\"@type\":\"CommentAction\",\"name\":\"Comment\",\"target\":[\"https:\\\/\\\/hoerske.de\\\/blog\\\/2018\\\/04\\\/blog2social-neues-umfassendes-plugin-fuer-facebook-und-co\\\/#respond\"]}]},{\"@type\":\"WebPage\",\"@id\":\"https:\\\/\\\/hoerske.de\\\/blog\\\/2018\\\/04\\\/blog2social-neues-umfassendes-plugin-fuer-facebook-und-co\\\/\",\"url\":\"https:\\\/\\\/hoerske.de\\\/blog\\\/2018\\\/04\\\/blog2social-neues-umfassendes-plugin-fuer-facebook-und-co\\\/\",\"name\":\"Blog2Social - neues umfassendes Plugin f\u00fcr Facebook und co. - Timos Paper\",\"isPartOf\":{\"@id\":\"https:\\\/\\\/hoerske.de\\\/blog\\\/#website\"},\"primaryImageOfPage\":{\"@id\":\"https:\\\/\\\/hoerske.de\\\/blog\\\/2018\\\/04\\\/blog2social-neues-umfassendes-plugin-fuer-facebook-und-co\\\/#primaryimage\"},\"image\":{\"@id\":\"https:\\\/\\\/hoerske.de\\\/blog\\\/2018\\\/04\\\/blog2social-neues-umfassendes-plugin-fuer-facebook-und-co\\\/#primaryimage\"},\"thumbnailUrl\":\"https:\\\/\\\/i0.wp.com\\\/hoerske.de\\\/blog\\\/wp-content\\\/uploads\\\/2018\\\/04\\\/download-blog2social.png?fit=671%2C346&ssl=1\",\"datePublished\":\"2018-04-03T08:00:23+00:00\",\"dateModified\":\"2018-04-03T09:45:51+00:00\",\"description\":\"Ihr betreibt selber einen Blog und wollt wertvolle Zeit f\u00fcr das m\u00fchsame manuelle Teilen von Blogbeitr\u00e4gen in Social Media sparen. Dann k\u00f6nnt ihr mit Blog2Social eure Blogbeitr\u00e4ge automatisch und parallel in einem einfachen Schritt mir den Socialen Medien teilen.\",\"breadcrumb\":{\"@id\":\"https:\\\/\\\/hoerske.de\\\/blog\\\/2018\\\/04\\\/blog2social-neues-umfassendes-plugin-fuer-facebook-und-co\\\/#breadcrumb\"},\"inLanguage\":\"de\",\"potentialAction\":[{\"@type\":\"ReadAction\",\"target\":[\"https:\\\/\\\/hoerske.de\\\/blog\\\/2018\\\/04\\\/blog2social-neues-umfassendes-plugin-fuer-facebook-und-co\\\/\"]}]},{\"@type\":\"ImageObject\",\"inLanguage\":\"de\",\"@id\":\"https:\\\/\\\/hoerske.de\\\/blog\\\/2018\\\/04\\\/blog2social-neues-umfassendes-plugin-fuer-facebook-und-co\\\/#primaryimage\",\"url\":\"https:\\\/\\\/i0.wp.com\\\/hoerske.de\\\/blog\\\/wp-content\\\/uploads\\\/2018\\\/04\\\/download-blog2social.png?fit=671%2C346&ssl=1\",\"contentUrl\":\"https:\\\/\\\/i0.wp.com\\\/hoerske.de\\\/blog\\\/wp-content\\\/uploads\\\/2018\\\/04\\\/download-blog2social.png?fit=671%2C346&ssl=1\",\"width\":671,\"height\":346},{\"@type\":\"BreadcrumbList\",\"@id\":\"https:\\\/\\\/hoerske.de\\\/blog\\\/2018\\\/04\\\/blog2social-neues-umfassendes-plugin-fuer-facebook-und-co\\\/#breadcrumb\",\"itemListElement\":[{\"@type\":\"ListItem\",\"position\":1,\"name\":\"Startseite\",\"item\":\"https:\\\/\\\/hoerske.de\\\/blog\\\/\"},{\"@type\":\"ListItem\",\"position\":2,\"name\":\"Blog2Social &#8211; neues umfassendes Plugin f\u00fcr Facebook und co.\"}]},{\"@type\":\"WebSite\",\"@id\":\"https:\\\/\\\/hoerske.de\\\/blog\\\/#website\",\"url\":\"https:\\\/\\\/hoerske.de\\\/blog\\\/\",\"name\":\"Timos Blog\",\"description\":\"ego cogito, ergo sum\",\"publisher\":{\"@id\":\"https:\\\/\\\/hoerske.de\\\/blog\\\/#\\\/schema\\\/person\\\/20677cf2167fc7027b752c3bba78d5fc\"},\"potentialAction\":[{\"@type\":\"SearchAction\",\"target\":{\"@type\":\"EntryPoint\",\"urlTemplate\":\"https:\\\/\\\/hoerske.de\\\/blog\\\/?s={search_term_string}\"},\"query-input\":{\"@type\":\"PropertyValueSpecification\",\"valueRequired\":true,\"valueName\":\"search_term_string\"}}],\"inLanguage\":\"de\"},{\"@type\":[\"Person\",\"Organization\"],\"@id\":\"https:\\\/\\\/hoerske.de\\\/blog\\\/#\\\/schema\\\/person\\\/20677cf2167fc7027b752c3bba78d5fc\",\"name\":\"Timo H\u00f6rske\",\"image\":{\"@type\":\"ImageObject\",\"inLanguage\":\"de\",\"@id\":\"https:\\\/\\\/i0.wp.com\\\/hoerske.de\\\/blog\\\/wp-content\\\/uploads\\\/2023\\\/01\\\/16711213967602.jpg?fit=1024%2C954&ssl=1\",\"url\":\"https:\\\/\\\/i0.wp.com\\\/hoerske.de\\\/blog\\\/wp-content\\\/uploads\\\/2023\\\/01\\\/16711213967602.jpg?fit=1024%2C954&ssl=1\",\"contentUrl\":\"https:\\\/\\\/i0.wp.com\\\/hoerske.de\\\/blog\\\/wp-content\\\/uploads\\\/2023\\\/01\\\/16711213967602.jpg?fit=1024%2C954&ssl=1\",\"width\":1024,\"height\":954,\"caption\":\"Timo H\u00f6rske\"},\"logo\":{\"@id\":\"https:\\\/\\\/i0.wp.com\\\/hoerske.de\\\/blog\\\/wp-content\\\/uploads\\\/2023\\\/01\\\/16711213967602.jpg?fit=1024%2C954&ssl=1\"},\"description\":\"Jahrgang 1985, als \\\"Ossi\\\" geboren, im beschaulichen Premnitz an der Havel aufgewachsen. Natur- und Kunstliebhaber. Seit \u00fcber 10 Jahren Wahlbremerhavener, K\u00fcsten- und Windfan. So ziemlich an Allem interessiert. Schwerpunkte sind aber eindeutig Politik, Gesellschaft, Rechtswesen, Natur, Imkerei und Technik. Rotes Parteibuch, Mitglied des Jugendhilfeausschusses der Stadt Bremerhaven, Vorsitzender eines Kleing\u00e4rtnervereins, Fachberater f\u00fcr das Kleingartenwesen, Verbandschef der Bremerhavener Kleing\u00e4rtner*innen. Hobbyimker, Freizeitblogger, Techniknerd.\",\"sameAs\":[\"https:\\\/\\\/www.hoerske.de\\\/\",\"https:\\\/\\\/www.facebook.com\\\/timo.hoerske\",\"https:\\\/\\\/www.instagram.com\\\/thoerske\\\/\",\"https:\\\/\\\/x.com\\\/timo_hoerske\"],\"url\":\"https:\\\/\\\/hoerske.de\\\/blog\\\/author\\\/roter_admin\\\/\"}]}<\/script>\n<!-- \/ Yoast SEO Premium plugin. -->","yoast_head_json":{"title":"Blog2Social - neues umfassendes Plugin f\u00fcr Facebook und co. - Timos Paper","description":"Ihr betreibt selber einen Blog und wollt wertvolle Zeit f\u00fcr das m\u00fchsame manuelle Teilen von Blogbeitr\u00e4gen in Social Media sparen. Dann k\u00f6nnt ihr mit Blog2Social eure Blogbeitr\u00e4ge automatisch und parallel in einem einfachen Schritt mir den Socialen Medien teilen.","robots":{"index":"index","follow":"follow","max-snippet":"max-snippet:-1","max-image-preview":"max-image-preview:large","max-video-preview":"max-video-preview:-1"},"canonical":"https:\/\/hoerske.de\/blog\/2018\/04\/blog2social-neues-umfassendes-plugin-fuer-facebook-und-co\/","og_locale":"de_DE","og_type":"article","og_title":"Blog2Social - neues umfassendes Plugin f\u00fcr Facebook und co.","og_description":"Ihr betreibt selber einen Blog und wollt wertvolle Zeit f\u00fcr das m\u00fchsame manuelle Teilen von Blogbeitr\u00e4gen in Social Media sparen. Dann k\u00f6nnt ihr mit Blog2Social eure Blogbeitr\u00e4ge automatisch und parallel in einem einfachen Schritt mir den Socialen Medien teilen.","og_url":"https:\/\/hoerske.de\/blog\/2018\/04\/blog2social-neues-umfassendes-plugin-fuer-facebook-und-co\/","og_site_name":"Timos Paper","article_publisher":"https:\/\/www.facebook.com\/timo.hoerske","article_author":"https:\/\/www.facebook.com\/timo.hoerske","article_published_time":"2018-04-03T08:00:23+00:00","article_modified_time":"2018-04-03T09:45:51+00:00","og_image":[{"width":671,"height":346,"url":"https:\/\/i0.wp.com\/blog.hoerske.de\/wp-content\/uploads\/2018\/04\/download-blog2social.png?fit=671%2C346","type":"image\/png"}],"author":"Timo H\u00f6rske","twitter_card":"summary_large_image","twitter_creator":"@timo_hoerske","twitter_site":"@timo_hoerske","twitter_misc":{"Verfasst von":"Timo H\u00f6rske","Gesch\u00e4tzte Lesezeit":"2\u00a0Minuten"},"schema":{"@context":"https:\/\/schema.org","@graph":[{"@type":"Article","@id":"https:\/\/hoerske.de\/blog\/2018\/04\/blog2social-neues-umfassendes-plugin-fuer-facebook-und-co\/#article","isPartOf":{"@id":"https:\/\/hoerske.de\/blog\/2018\/04\/blog2social-neues-umfassendes-plugin-fuer-facebook-und-co\/"},"author":{"name":"Timo H\u00f6rske","@id":"https:\/\/hoerske.de\/blog\/#\/schema\/person\/20677cf2167fc7027b752c3bba78d5fc"},"headline":"Blog2Social &#8211; neues umfassendes Plugin f\u00fcr Facebook und co.","datePublished":"2018-04-03T08:00:23+00:00","dateModified":"2018-04-03T09:45:51+00:00","mainEntityOfPage":{"@id":"https:\/\/hoerske.de\/blog\/2018\/04\/blog2social-neues-umfassendes-plugin-fuer-facebook-und-co\/"},"wordCount":482,"commentCount":3,"publisher":{"@id":"https:\/\/hoerske.de\/blog\/#\/schema\/person\/20677cf2167fc7027b752c3bba78d5fc"},"image":{"@id":"https:\/\/hoerske.de\/blog\/2018\/04\/blog2social-neues-umfassendes-plugin-fuer-facebook-und-co\/#primaryimage"},"thumbnailUrl":"https:\/\/i0.wp.com\/hoerske.de\/blog\/wp-content\/uploads\/2018\/04\/download-blog2social.png?fit=671%2C346&ssl=1","keywords":["Blog2Social","Blogbeitr\u00e4gen","Funktion","Funktionsumfang","Jetpack","Kan\u00e4le","Social"],"articleSection":["2018","Hobbies","Technik"],"inLanguage":"de","potentialAction":[{"@type":"CommentAction","name":"Comment","target":["https:\/\/hoerske.de\/blog\/2018\/04\/blog2social-neues-umfassendes-plugin-fuer-facebook-und-co\/#respond"]}]},{"@type":"WebPage","@id":"https:\/\/hoerske.de\/blog\/2018\/04\/blog2social-neues-umfassendes-plugin-fuer-facebook-und-co\/","url":"https:\/\/hoerske.de\/blog\/2018\/04\/blog2social-neues-umfassendes-plugin-fuer-facebook-und-co\/","name":"Blog2Social - neues umfassendes Plugin f\u00fcr Facebook und co. - Timos Paper","isPartOf":{"@id":"https:\/\/hoerske.de\/blog\/#website"},"primaryImageOfPage":{"@id":"https:\/\/hoerske.de\/blog\/2018\/04\/blog2social-neues-umfassendes-plugin-fuer-facebook-und-co\/#primaryimage"},"image":{"@id":"https:\/\/hoerske.de\/blog\/2018\/04\/blog2social-neues-umfassendes-plugin-fuer-facebook-und-co\/#primaryimage"},"thumbnailUrl":"https:\/\/i0.wp.com\/hoerske.de\/blog\/wp-content\/uploads\/2018\/04\/download-blog2social.png?fit=671%2C346&ssl=1","datePublished":"2018-04-03T08:00:23+00:00","dateModified":"2018-04-03T09:45:51+00:00","description":"Ihr betreibt selber einen Blog und wollt wertvolle Zeit f\u00fcr das m\u00fchsame manuelle Teilen von Blogbeitr\u00e4gen in Social Media sparen. Dann k\u00f6nnt ihr mit Blog2Social eure Blogbeitr\u00e4ge automatisch und parallel in einem einfachen Schritt mir den Socialen Medien teilen.","breadcrumb":{"@id":"https:\/\/hoerske.de\/blog\/2018\/04\/blog2social-neues-umfassendes-plugin-fuer-facebook-und-co\/#breadcrumb"},"inLanguage":"de","potentialAction":[{"@type":"ReadAction","target":["https:\/\/hoerske.de\/blog\/2018\/04\/blog2social-neues-umfassendes-plugin-fuer-facebook-und-co\/"]}]},{"@type":"ImageObject","inLanguage":"de","@id":"https:\/\/hoerske.de\/blog\/2018\/04\/blog2social-neues-umfassendes-plugin-fuer-facebook-und-co\/#primaryimage","url":"https:\/\/i0.wp.com\/hoerske.de\/blog\/wp-content\/uploads\/2018\/04\/download-blog2social.png?fit=671%2C346&ssl=1","contentUrl":"https:\/\/i0.wp.com\/hoerske.de\/blog\/wp-content\/uploads\/2018\/04\/download-blog2social.png?fit=671%2C346&ssl=1","width":671,"height":346},{"@type":"BreadcrumbList","@id":"https:\/\/hoerske.de\/blog\/2018\/04\/blog2social-neues-umfassendes-plugin-fuer-facebook-und-co\/#breadcrumb","itemListElement":[{"@type":"ListItem","position":1,"name":"Startseite","item":"https:\/\/hoerske.de\/blog\/"},{"@type":"ListItem","position":2,"name":"Blog2Social &#8211; neues umfassendes Plugin f\u00fcr Facebook und co."}]},{"@type":"WebSite","@id":"https:\/\/hoerske.de\/blog\/#website","url":"https:\/\/hoerske.de\/blog\/","name":"Timos Blog","description":"ego cogito, ergo sum","publisher":{"@id":"https:\/\/hoerske.de\/blog\/#\/schema\/person\/20677cf2167fc7027b752c3bba78d5fc"},"potentialAction":[{"@type":"SearchAction","target":{"@type":"EntryPoint","urlTemplate":"https:\/\/hoerske.de\/blog\/?s={search_term_string}"},"query-input":{"@type":"PropertyValueSpecification","valueRequired":true,"valueName":"search_term_string"}}],"inLanguage":"de"},{"@type":["Person","Organization"],"@id":"https:\/\/hoerske.de\/blog\/#\/schema\/person\/20677cf2167fc7027b752c3bba78d5fc","name":"Timo H\u00f6rske","image":{"@type":"ImageObject","inLanguage":"de","@id":"https:\/\/i0.wp.com\/hoerske.de\/blog\/wp-content\/uploads\/2023\/01\/16711213967602.jpg?fit=1024%2C954&ssl=1","url":"https:\/\/i0.wp.com\/hoerske.de\/blog\/wp-content\/uploads\/2023\/01\/16711213967602.jpg?fit=1024%2C954&ssl=1","contentUrl":"https:\/\/i0.wp.com\/hoerske.de\/blog\/wp-content\/uploads\/2023\/01\/16711213967602.jpg?fit=1024%2C954&ssl=1","width":1024,"height":954,"caption":"Timo H\u00f6rske"},"logo":{"@id":"https:\/\/i0.wp.com\/hoerske.de\/blog\/wp-content\/uploads\/2023\/01\/16711213967602.jpg?fit=1024%2C954&ssl=1"},"description":"Jahrgang 1985, als \"Ossi\" geboren, im beschaulichen Premnitz an der Havel aufgewachsen. Natur- und Kunstliebhaber. Seit \u00fcber 10 Jahren Wahlbremerhavener, K\u00fcsten- und Windfan. So ziemlich an Allem interessiert. Schwerpunkte sind aber eindeutig Politik, Gesellschaft, Rechtswesen, Natur, Imkerei und Technik. Rotes Parteibuch, Mitglied des Jugendhilfeausschusses der Stadt Bremerhaven, Vorsitzender eines Kleing\u00e4rtnervereins, Fachberater f\u00fcr das Kleingartenwesen, Verbandschef der Bremerhavener Kleing\u00e4rtner*innen. Hobbyimker, Freizeitblogger, Techniknerd.","sameAs":["https:\/\/www.hoerske.de\/","https:\/\/www.facebook.com\/timo.hoerske","https:\/\/www.instagram.com\/thoerske\/","https:\/\/x.com\/timo_hoerske"],"url":"https:\/\/hoerske.de\/blog\/author\/roter_admin\/"}]}},"jetpack_publicize_connections":[],"jetpack_featured_media_url":"https:\/\/i0.wp.com\/hoerske.de\/blog\/wp-content\/uploads\/2018\/04\/download-blog2social.png?fit=671%2C346&ssl=1","jetpack_shortlink":"https:\/\/wp.me\/p4W3ht-M1","jetpack_sharing_enabled":true,"_links":{"self":[{"href":"https:\/\/hoerske.de\/blog\/wp-json\/wp\/v2\/posts\/2977","targetHints":{"allow":["GET"]}}],"collection":[{"href":"https:\/\/hoerske.de\/blog\/wp-json\/wp\/v2\/posts"}],"about":[{"href":"https:\/\/hoerske.de\/blog\/wp-json\/wp\/v2\/types\/post"}],"author":[{"embeddable":true,"href":"https:\/\/hoerske.de\/blog\/wp-json\/wp\/v2\/users\/1"}],"replies":[{"embeddable":true,"href":"https:\/\/hoerske.de\/blog\/wp-json\/wp\/v2\/comments?post=2977"}],"version-history":[{"count":0,"href":"https:\/\/hoerske.de\/blog\/wp-json\/wp\/v2\/posts\/2977\/revisions"}],"wp:featuredmedia":[{"embeddable":true,"href":"https:\/\/hoerske.de\/blog\/wp-json\/wp\/v2\/media\/2984"}],"wp:attachment":[{"href":"https:\/\/hoerske.de\/blog\/wp-json\/wp\/v2\/media?parent=2977"}],"wp:term":[{"taxonomy":"category","embeddable":true,"href":"https:\/\/hoerske.de\/blog\/wp-json\/wp\/v2\/categories?post=2977"},{"taxonomy":"post_tag","embeddable":true,"href":"https:\/\/hoerske.de\/blog\/wp-json\/wp\/v2\/tags?post=2977"}],"curies":[{"name":"wp","href":"https:\/\/api.w.org\/{rel}","templated":true}]}}