{"id":2693,"date":"2018-01-18T16:50:20","date_gmt":"2018-01-18T14:50:20","guid":{"rendered":"https:\/\/www.hoerske.de\/?p=2693"},"modified":"2018-04-05T20:03:03","modified_gmt":"2018-04-05T18:03:03","slug":"bundestag-beraet-ueber-einen-antisemitismus-beauftragten","status":"publish","type":"post","link":"https:\/\/hoerske.de\/blog\/2018\/01\/bundestag-beraet-ueber-einen-antisemitismus-beauftragten\/","title":{"rendered":"Bundestag ber\u00e4t \u00fcber einen Antisemitismus- Beauftragten"},"content":{"rendered":"<p>Heute hat der Deutsche Bundestag \u00fcber die Einsetzung eines Antisemitismus- Beauftragten debattiert. In der Drucksache 19\/444 ist aufgeschrieben, dass der im Bundeskanzleramt anzusiedelnde Beauftragte f\u00fcr die ressort\u00fcbergreifende Koordination der Ma\u00dfnahmen der Bundesregierung zur Bek\u00e4mpfung des Antisemitismus zust\u00e4ndig sein soll.<\/p>\n<p>Die Beratung des Antrags der Fraktionen CDU\/CSU, SPD, FDP und B\u00dcNDNIS 90\/DIE GR\u00dcNEN &#8220;Antisemitismus entschlossen bek\u00e4mpfen&#8221; befasst sich aber nicht nur mit der Einsetzung eines Antisemitismus- Beauftragten, sondern verurteilt auch ausdr\u00fccklich jede Form des Antisemitismus.<\/p>\n<h2>Was die Geschichte uns lehrt&#8230;.<\/h2>\n<p>Wir haben, aus Lehre der unserer Geschichte, mehr als viele andere V\u00f6lker auf der Welt eine besondere Verantwortung. Diese Verantwortung hei\u00dft nicht, dass wir Israel nicht kritisieren d\u00fcrfen, es hei\u00dft aber auch insbesondere nicht, dass man unter dem Deckmantel einer mutma\u00dflichen Kritik an Israel die Diffamierung der j\u00fcdischen Bev\u00f6lkerung unter uns hinnehmen d\u00fcrfen. Eine Anfeindung gegen\u00fcber, egal welcher, Religion darf es meiner Meinung nach nicht geben.<\/p>\n<p>[adsense]<\/p>\n<h2>Der Deutsche Bundestag beschlie\u00dft die Einsetzung eines Antisemitismus- Beauftragten<\/h2>\n<p>Ich begr\u00fc\u00dfe die partei\u00fcbergreifende Zustimmung des Deutschen Bundestages zu diesem Entschluss. Schade ist es, dass die Linke sich enthalten hat, weil der oder die Beauftragte nicht vom Bundestag entsandt, sondern von der Regierung ernannt wird. Diese formale &#8220;Kleinigkeit&#8221; darf nicht dar\u00fcber hinweg t\u00e4uschen, dass der Schutz der j\u00fcdischen Bev\u00f6lkerung zu unserem Selbstverst\u00e4ndnis und unserer Leitkultur dazugeh\u00f6rt. Erstaunlicherweise hat sogar die AfD zugestimmt.<\/p>\n<p>DIe Einsetzung des Antisemitismus- Beauftragten als zentraler Ansprechpartner f\u00fcr den Kampf gegen den Antisemitismus ist ein richtiges und wichtiges Zeichen in einer Zeit, wo der Semitismus in Deutschland wieder zunimmt.<\/p>\n<p>Der Text der Drucksache kann hier heruntergeladen werden: <a href=\"http:\/\/dip21.bundestag.de\/dip21\/btd\/19\/004\/1900444.pdf\">Drucksache 19\/444<\/a><\/p>\n<h2>Off-Topic<\/h2>\n<p>Nach einer Textanalyse ist dieser Text zu 71% subjektiv, die wichtigsten Worte sind:\u00a0<em>Beauftragten, Einsetzung, B\u00dcNDNIS 90\/DIE GR\u00dcNEN, Deutsche Bundestag, Antisemitismus, Bundeskanzleramt, Israel<\/em><\/p>\n<p>Ein Computer w\u00fcrde diesen Text der Kategorie <a href=\"https:\/\/www.hoerske.de\/blog\/kategorien\/politik\/\">Politik<\/a> zu ordnen.<\/p>\n","protected":false},"excerpt":{"rendered":"<p>Heute hat der Deutsche Bundestag \u00fcber die Einsetzung eines Antisemitismus- Beauftragten debattiert.<\/p>\n","protected":false},"author":1,"featured_media":2697,"comment_status":"open","ping_status":"open","sticky":false,"template":"","format":"standard","meta":{"jetpack_post_was_ever_published":false,"_jetpack_newsletter_access":"","_jetpack_dont_email_post_to_subs":false,"_jetpack_newsletter_tier_id":0,"_jetpack_memberships_contains_paywalled_content":false,"_jetpack_memberships_contains_paid_content":false,"footnotes":"","jetpack_publicize_message":"Heute hat der Deutsche Bundestag \u00fcber die Einsetzung eines Antisemitismus- Beauftragten debattiert.","jetpack_publicize_feature_enabled":true,"jetpack_social_post_already_shared":true,"jetpack_social_options":{"image_generator_settings":{"template":"highway","default_image_id":0,"font":"","enabled":false},"version":2},"_wpas_customize_per_network":false},"categories":[803,43,177],"tags":[841,837,842,151,839,840,838,843],"class_list":["post-2693","post","type-post","status-publish","format-standard","has-post-thumbnail","hentry","category-803","category-jahr","category-politik","tag-antisemitismus","tag-beauftragten","tag-bundeskanzleramt","tag-bundestag","tag-buendnis-90-die-gruenen","tag-deutsche-bundestag","tag-einsetzung","tag-israel"],"yoast_head":"<!-- This site is optimized with the Yoast SEO Premium plugin v27.3 (Yoast SEO v27.3) - https:\/\/yoast.com\/product\/yoast-seo-premium-wordpress\/ -->\n<title>Bundestag ber\u00e4t \u00fcber einen Antisemitismus- Beauftragten - Timos Paper<\/title>\n<meta name=\"description\" content=\"Heute hat der Deutsche Bundestag \u00fcber die Einsetzung eines Antisemitismus- Beauftragten debattiert.\" \/>\n<meta name=\"robots\" content=\"index, follow, max-snippet:-1, max-image-preview:large, max-video-preview:-1\" \/>\n<link rel=\"canonical\" href=\"https:\/\/hoerske.de\/blog\/2018\/01\/bundestag-beraet-ueber-einen-antisemitismus-beauftragten\/\" \/>\n<meta property=\"og:locale\" content=\"de_DE\" \/>\n<meta property=\"og:type\" content=\"article\" \/>\n<meta property=\"og:title\" content=\"Bundestag ber\u00e4t \u00fcber einen Antisemitismus- Beauftragten\" \/>\n<meta property=\"og:description\" content=\"Heute hat der Deutsche Bundestag \u00fcber die Einsetzung eines Antisemitismus- Beauftragten debattiert.\" \/>\n<meta property=\"og:url\" content=\"https:\/\/hoerske.de\/blog\/2018\/01\/bundestag-beraet-ueber-einen-antisemitismus-beauftragten\/\" \/>\n<meta property=\"og:site_name\" content=\"Timos Paper\" \/>\n<meta property=\"article:publisher\" content=\"https:\/\/www.facebook.com\/timo.hoerske\" \/>\n<meta property=\"article:author\" content=\"https:\/\/www.facebook.com\/timo.hoerske\" \/>\n<meta property=\"article:published_time\" content=\"2018-01-18T14:50:20+00:00\" \/>\n<meta property=\"article:modified_time\" content=\"2018-04-05T18:03:03+00:00\" \/>\n<meta property=\"og:image\" content=\"https:\/\/i0.wp.com\/blog.hoerske.de\/wp-content\/uploads\/2018\/01\/20180118_153545.jpg?fit=2048%2C1536\" \/>\n\t<meta property=\"og:image:width\" content=\"2048\" \/>\n\t<meta property=\"og:image:height\" content=\"1536\" \/>\n\t<meta property=\"og:image:type\" content=\"image\/jpeg\" \/>\n<meta name=\"author\" content=\"Timo H\u00f6rske\" \/>\n<meta name=\"twitter:card\" content=\"summary_large_image\" \/>\n<meta name=\"twitter:creator\" content=\"@timo_hoerske\" \/>\n<meta name=\"twitter:site\" content=\"@timo_hoerske\" \/>\n<meta name=\"twitter:label1\" content=\"Verfasst von\" \/>\n\t<meta name=\"twitter:data1\" content=\"Timo H\u00f6rske\" \/>\n\t<meta name=\"twitter:label2\" content=\"Gesch\u00e4tzte Lesezeit\" \/>\n\t<meta name=\"twitter:data2\" content=\"2\u00a0Minuten\" \/>\n<script type=\"application\/ld+json\" class=\"yoast-schema-graph\">{\"@context\":\"https:\\\/\\\/schema.org\",\"@graph\":[{\"@type\":\"Article\",\"@id\":\"https:\\\/\\\/hoerske.de\\\/blog\\\/2018\\\/01\\\/bundestag-beraet-ueber-einen-antisemitismus-beauftragten\\\/#article\",\"isPartOf\":{\"@id\":\"https:\\\/\\\/hoerske.de\\\/blog\\\/2018\\\/01\\\/bundestag-beraet-ueber-einen-antisemitismus-beauftragten\\\/\"},\"author\":{\"name\":\"Timo H\u00f6rske\",\"@id\":\"https:\\\/\\\/hoerske.de\\\/blog\\\/#\\\/schema\\\/person\\\/20677cf2167fc7027b752c3bba78d5fc\"},\"headline\":\"Bundestag ber\u00e4t \u00fcber einen Antisemitismus- Beauftragten\",\"datePublished\":\"2018-01-18T14:50:20+00:00\",\"dateModified\":\"2018-04-05T18:03:03+00:00\",\"mainEntityOfPage\":{\"@id\":\"https:\\\/\\\/hoerske.de\\\/blog\\\/2018\\\/01\\\/bundestag-beraet-ueber-einen-antisemitismus-beauftragten\\\/\"},\"wordCount\":327,\"commentCount\":0,\"publisher\":{\"@id\":\"https:\\\/\\\/hoerske.de\\\/blog\\\/#\\\/schema\\\/person\\\/20677cf2167fc7027b752c3bba78d5fc\"},\"image\":{\"@id\":\"https:\\\/\\\/hoerske.de\\\/blog\\\/2018\\\/01\\\/bundestag-beraet-ueber-einen-antisemitismus-beauftragten\\\/#primaryimage\"},\"thumbnailUrl\":\"https:\\\/\\\/i0.wp.com\\\/hoerske.de\\\/blog\\\/wp-content\\\/uploads\\\/2018\\\/01\\\/20180118_153545.jpg?fit=2048%2C1536&ssl=1\",\"keywords\":[\"Antisemitismus\",\"Beauftragten\",\"Bundeskanzleramt\",\"Bundestag\",\"B\u00dcNDNIS 90\\\/DIE GR\u00dcNEN\",\"Deutsche Bundestag\",\"Einsetzung\",\"Israel\"],\"articleSection\":[\"2018\",\"Jahr\",\"Politik\"],\"inLanguage\":\"de\",\"potentialAction\":[{\"@type\":\"CommentAction\",\"name\":\"Comment\",\"target\":[\"https:\\\/\\\/hoerske.de\\\/blog\\\/2018\\\/01\\\/bundestag-beraet-ueber-einen-antisemitismus-beauftragten\\\/#respond\"]}]},{\"@type\":\"WebPage\",\"@id\":\"https:\\\/\\\/hoerske.de\\\/blog\\\/2018\\\/01\\\/bundestag-beraet-ueber-einen-antisemitismus-beauftragten\\\/\",\"url\":\"https:\\\/\\\/hoerske.de\\\/blog\\\/2018\\\/01\\\/bundestag-beraet-ueber-einen-antisemitismus-beauftragten\\\/\",\"name\":\"Bundestag ber\u00e4t \u00fcber einen Antisemitismus- Beauftragten - Timos Paper\",\"isPartOf\":{\"@id\":\"https:\\\/\\\/hoerske.de\\\/blog\\\/#website\"},\"primaryImageOfPage\":{\"@id\":\"https:\\\/\\\/hoerske.de\\\/blog\\\/2018\\\/01\\\/bundestag-beraet-ueber-einen-antisemitismus-beauftragten\\\/#primaryimage\"},\"image\":{\"@id\":\"https:\\\/\\\/hoerske.de\\\/blog\\\/2018\\\/01\\\/bundestag-beraet-ueber-einen-antisemitismus-beauftragten\\\/#primaryimage\"},\"thumbnailUrl\":\"https:\\\/\\\/i0.wp.com\\\/hoerske.de\\\/blog\\\/wp-content\\\/uploads\\\/2018\\\/01\\\/20180118_153545.jpg?fit=2048%2C1536&ssl=1\",\"datePublished\":\"2018-01-18T14:50:20+00:00\",\"dateModified\":\"2018-04-05T18:03:03+00:00\",\"description\":\"Heute hat der Deutsche Bundestag \u00fcber die Einsetzung eines Antisemitismus- Beauftragten debattiert.\",\"breadcrumb\":{\"@id\":\"https:\\\/\\\/hoerske.de\\\/blog\\\/2018\\\/01\\\/bundestag-beraet-ueber-einen-antisemitismus-beauftragten\\\/#breadcrumb\"},\"inLanguage\":\"de\",\"potentialAction\":[{\"@type\":\"ReadAction\",\"target\":[\"https:\\\/\\\/hoerske.de\\\/blog\\\/2018\\\/01\\\/bundestag-beraet-ueber-einen-antisemitismus-beauftragten\\\/\"]}]},{\"@type\":\"ImageObject\",\"inLanguage\":\"de\",\"@id\":\"https:\\\/\\\/hoerske.de\\\/blog\\\/2018\\\/01\\\/bundestag-beraet-ueber-einen-antisemitismus-beauftragten\\\/#primaryimage\",\"url\":\"https:\\\/\\\/i0.wp.com\\\/hoerske.de\\\/blog\\\/wp-content\\\/uploads\\\/2018\\\/01\\\/20180118_153545.jpg?fit=2048%2C1536&ssl=1\",\"contentUrl\":\"https:\\\/\\\/i0.wp.com\\\/hoerske.de\\\/blog\\\/wp-content\\\/uploads\\\/2018\\\/01\\\/20180118_153545.jpg?fit=2048%2C1536&ssl=1\",\"width\":2048,\"height\":1536,\"caption\":\"Schriftzug\"},{\"@type\":\"BreadcrumbList\",\"@id\":\"https:\\\/\\\/hoerske.de\\\/blog\\\/2018\\\/01\\\/bundestag-beraet-ueber-einen-antisemitismus-beauftragten\\\/#breadcrumb\",\"itemListElement\":[{\"@type\":\"ListItem\",\"position\":1,\"name\":\"Startseite\",\"item\":\"https:\\\/\\\/hoerske.de\\\/blog\\\/\"},{\"@type\":\"ListItem\",\"position\":2,\"name\":\"Bundestag ber\u00e4t \u00fcber einen Antisemitismus- Beauftragten\"}]},{\"@type\":\"WebSite\",\"@id\":\"https:\\\/\\\/hoerske.de\\\/blog\\\/#website\",\"url\":\"https:\\\/\\\/hoerske.de\\\/blog\\\/\",\"name\":\"Timos Blog\",\"description\":\"ego cogito, ergo sum\",\"publisher\":{\"@id\":\"https:\\\/\\\/hoerske.de\\\/blog\\\/#\\\/schema\\\/person\\\/20677cf2167fc7027b752c3bba78d5fc\"},\"potentialAction\":[{\"@type\":\"SearchAction\",\"target\":{\"@type\":\"EntryPoint\",\"urlTemplate\":\"https:\\\/\\\/hoerske.de\\\/blog\\\/?s={search_term_string}\"},\"query-input\":{\"@type\":\"PropertyValueSpecification\",\"valueRequired\":true,\"valueName\":\"search_term_string\"}}],\"inLanguage\":\"de\"},{\"@type\":[\"Person\",\"Organization\"],\"@id\":\"https:\\\/\\\/hoerske.de\\\/blog\\\/#\\\/schema\\\/person\\\/20677cf2167fc7027b752c3bba78d5fc\",\"name\":\"Timo H\u00f6rske\",\"image\":{\"@type\":\"ImageObject\",\"inLanguage\":\"de\",\"@id\":\"https:\\\/\\\/i0.wp.com\\\/hoerske.de\\\/blog\\\/wp-content\\\/uploads\\\/2023\\\/01\\\/16711213967602.jpg?fit=1024%2C954&ssl=1\",\"url\":\"https:\\\/\\\/i0.wp.com\\\/hoerske.de\\\/blog\\\/wp-content\\\/uploads\\\/2023\\\/01\\\/16711213967602.jpg?fit=1024%2C954&ssl=1\",\"contentUrl\":\"https:\\\/\\\/i0.wp.com\\\/hoerske.de\\\/blog\\\/wp-content\\\/uploads\\\/2023\\\/01\\\/16711213967602.jpg?fit=1024%2C954&ssl=1\",\"width\":1024,\"height\":954,\"caption\":\"Timo H\u00f6rske\"},\"logo\":{\"@id\":\"https:\\\/\\\/i0.wp.com\\\/hoerske.de\\\/blog\\\/wp-content\\\/uploads\\\/2023\\\/01\\\/16711213967602.jpg?fit=1024%2C954&ssl=1\"},\"description\":\"Jahrgang 1985, als \\\"Ossi\\\" geboren, im beschaulichen Premnitz an der Havel aufgewachsen. Natur- und Kunstliebhaber. Seit \u00fcber 10 Jahren Wahlbremerhavener, K\u00fcsten- und Windfan. So ziemlich an Allem interessiert. Schwerpunkte sind aber eindeutig Politik, Gesellschaft, Rechtswesen, Natur, Imkerei und Technik. Rotes Parteibuch, Mitglied des Jugendhilfeausschusses der Stadt Bremerhaven, Vorsitzender eines Kleing\u00e4rtnervereins, Fachberater f\u00fcr das Kleingartenwesen, Verbandschef der Bremerhavener Kleing\u00e4rtner*innen. Hobbyimker, Freizeitblogger, Techniknerd.\",\"sameAs\":[\"https:\\\/\\\/www.hoerske.de\\\/\",\"https:\\\/\\\/www.facebook.com\\\/timo.hoerske\",\"https:\\\/\\\/www.instagram.com\\\/thoerske\\\/\",\"https:\\\/\\\/x.com\\\/timo_hoerske\"],\"url\":\"https:\\\/\\\/hoerske.de\\\/blog\\\/author\\\/roter_admin\\\/\"}]}<\/script>\n<!-- \/ Yoast SEO Premium plugin. -->","yoast_head_json":{"title":"Bundestag ber\u00e4t \u00fcber einen Antisemitismus- Beauftragten - Timos Paper","description":"Heute hat der Deutsche Bundestag \u00fcber die Einsetzung eines Antisemitismus- Beauftragten debattiert.","robots":{"index":"index","follow":"follow","max-snippet":"max-snippet:-1","max-image-preview":"max-image-preview:large","max-video-preview":"max-video-preview:-1"},"canonical":"https:\/\/hoerske.de\/blog\/2018\/01\/bundestag-beraet-ueber-einen-antisemitismus-beauftragten\/","og_locale":"de_DE","og_type":"article","og_title":"Bundestag ber\u00e4t \u00fcber einen Antisemitismus- Beauftragten","og_description":"Heute hat der Deutsche Bundestag \u00fcber die Einsetzung eines Antisemitismus- Beauftragten debattiert.","og_url":"https:\/\/hoerske.de\/blog\/2018\/01\/bundestag-beraet-ueber-einen-antisemitismus-beauftragten\/","og_site_name":"Timos Paper","article_publisher":"https:\/\/www.facebook.com\/timo.hoerske","article_author":"https:\/\/www.facebook.com\/timo.hoerske","article_published_time":"2018-01-18T14:50:20+00:00","article_modified_time":"2018-04-05T18:03:03+00:00","og_image":[{"width":2048,"height":1536,"url":"https:\/\/i0.wp.com\/blog.hoerske.de\/wp-content\/uploads\/2018\/01\/20180118_153545.jpg?fit=2048%2C1536","type":"image\/jpeg"}],"author":"Timo H\u00f6rske","twitter_card":"summary_large_image","twitter_creator":"@timo_hoerske","twitter_site":"@timo_hoerske","twitter_misc":{"Verfasst von":"Timo H\u00f6rske","Gesch\u00e4tzte Lesezeit":"2\u00a0Minuten"},"schema":{"@context":"https:\/\/schema.org","@graph":[{"@type":"Article","@id":"https:\/\/hoerske.de\/blog\/2018\/01\/bundestag-beraet-ueber-einen-antisemitismus-beauftragten\/#article","isPartOf":{"@id":"https:\/\/hoerske.de\/blog\/2018\/01\/bundestag-beraet-ueber-einen-antisemitismus-beauftragten\/"},"author":{"name":"Timo H\u00f6rske","@id":"https:\/\/hoerske.de\/blog\/#\/schema\/person\/20677cf2167fc7027b752c3bba78d5fc"},"headline":"Bundestag ber\u00e4t \u00fcber einen Antisemitismus- Beauftragten","datePublished":"2018-01-18T14:50:20+00:00","dateModified":"2018-04-05T18:03:03+00:00","mainEntityOfPage":{"@id":"https:\/\/hoerske.de\/blog\/2018\/01\/bundestag-beraet-ueber-einen-antisemitismus-beauftragten\/"},"wordCount":327,"commentCount":0,"publisher":{"@id":"https:\/\/hoerske.de\/blog\/#\/schema\/person\/20677cf2167fc7027b752c3bba78d5fc"},"image":{"@id":"https:\/\/hoerske.de\/blog\/2018\/01\/bundestag-beraet-ueber-einen-antisemitismus-beauftragten\/#primaryimage"},"thumbnailUrl":"https:\/\/i0.wp.com\/hoerske.de\/blog\/wp-content\/uploads\/2018\/01\/20180118_153545.jpg?fit=2048%2C1536&ssl=1","keywords":["Antisemitismus","Beauftragten","Bundeskanzleramt","Bundestag","B\u00dcNDNIS 90\/DIE GR\u00dcNEN","Deutsche Bundestag","Einsetzung","Israel"],"articleSection":["2018","Jahr","Politik"],"inLanguage":"de","potentialAction":[{"@type":"CommentAction","name":"Comment","target":["https:\/\/hoerske.de\/blog\/2018\/01\/bundestag-beraet-ueber-einen-antisemitismus-beauftragten\/#respond"]}]},{"@type":"WebPage","@id":"https:\/\/hoerske.de\/blog\/2018\/01\/bundestag-beraet-ueber-einen-antisemitismus-beauftragten\/","url":"https:\/\/hoerske.de\/blog\/2018\/01\/bundestag-beraet-ueber-einen-antisemitismus-beauftragten\/","name":"Bundestag ber\u00e4t \u00fcber einen Antisemitismus- Beauftragten - Timos Paper","isPartOf":{"@id":"https:\/\/hoerske.de\/blog\/#website"},"primaryImageOfPage":{"@id":"https:\/\/hoerske.de\/blog\/2018\/01\/bundestag-beraet-ueber-einen-antisemitismus-beauftragten\/#primaryimage"},"image":{"@id":"https:\/\/hoerske.de\/blog\/2018\/01\/bundestag-beraet-ueber-einen-antisemitismus-beauftragten\/#primaryimage"},"thumbnailUrl":"https:\/\/i0.wp.com\/hoerske.de\/blog\/wp-content\/uploads\/2018\/01\/20180118_153545.jpg?fit=2048%2C1536&ssl=1","datePublished":"2018-01-18T14:50:20+00:00","dateModified":"2018-04-05T18:03:03+00:00","description":"Heute hat der Deutsche Bundestag \u00fcber die Einsetzung eines Antisemitismus- Beauftragten debattiert.","breadcrumb":{"@id":"https:\/\/hoerske.de\/blog\/2018\/01\/bundestag-beraet-ueber-einen-antisemitismus-beauftragten\/#breadcrumb"},"inLanguage":"de","potentialAction":[{"@type":"ReadAction","target":["https:\/\/hoerske.de\/blog\/2018\/01\/bundestag-beraet-ueber-einen-antisemitismus-beauftragten\/"]}]},{"@type":"ImageObject","inLanguage":"de","@id":"https:\/\/hoerske.de\/blog\/2018\/01\/bundestag-beraet-ueber-einen-antisemitismus-beauftragten\/#primaryimage","url":"https:\/\/i0.wp.com\/hoerske.de\/blog\/wp-content\/uploads\/2018\/01\/20180118_153545.jpg?fit=2048%2C1536&ssl=1","contentUrl":"https:\/\/i0.wp.com\/hoerske.de\/blog\/wp-content\/uploads\/2018\/01\/20180118_153545.jpg?fit=2048%2C1536&ssl=1","width":2048,"height":1536,"caption":"Schriftzug"},{"@type":"BreadcrumbList","@id":"https:\/\/hoerske.de\/blog\/2018\/01\/bundestag-beraet-ueber-einen-antisemitismus-beauftragten\/#breadcrumb","itemListElement":[{"@type":"ListItem","position":1,"name":"Startseite","item":"https:\/\/hoerske.de\/blog\/"},{"@type":"ListItem","position":2,"name":"Bundestag ber\u00e4t \u00fcber einen Antisemitismus- Beauftragten"}]},{"@type":"WebSite","@id":"https:\/\/hoerske.de\/blog\/#website","url":"https:\/\/hoerske.de\/blog\/","name":"Timos Blog","description":"ego cogito, ergo sum","publisher":{"@id":"https:\/\/hoerske.de\/blog\/#\/schema\/person\/20677cf2167fc7027b752c3bba78d5fc"},"potentialAction":[{"@type":"SearchAction","target":{"@type":"EntryPoint","urlTemplate":"https:\/\/hoerske.de\/blog\/?s={search_term_string}"},"query-input":{"@type":"PropertyValueSpecification","valueRequired":true,"valueName":"search_term_string"}}],"inLanguage":"de"},{"@type":["Person","Organization"],"@id":"https:\/\/hoerske.de\/blog\/#\/schema\/person\/20677cf2167fc7027b752c3bba78d5fc","name":"Timo H\u00f6rske","image":{"@type":"ImageObject","inLanguage":"de","@id":"https:\/\/i0.wp.com\/hoerske.de\/blog\/wp-content\/uploads\/2023\/01\/16711213967602.jpg?fit=1024%2C954&ssl=1","url":"https:\/\/i0.wp.com\/hoerske.de\/blog\/wp-content\/uploads\/2023\/01\/16711213967602.jpg?fit=1024%2C954&ssl=1","contentUrl":"https:\/\/i0.wp.com\/hoerske.de\/blog\/wp-content\/uploads\/2023\/01\/16711213967602.jpg?fit=1024%2C954&ssl=1","width":1024,"height":954,"caption":"Timo H\u00f6rske"},"logo":{"@id":"https:\/\/i0.wp.com\/hoerske.de\/blog\/wp-content\/uploads\/2023\/01\/16711213967602.jpg?fit=1024%2C954&ssl=1"},"description":"Jahrgang 1985, als \"Ossi\" geboren, im beschaulichen Premnitz an der Havel aufgewachsen. Natur- und Kunstliebhaber. Seit \u00fcber 10 Jahren Wahlbremerhavener, K\u00fcsten- und Windfan. So ziemlich an Allem interessiert. Schwerpunkte sind aber eindeutig Politik, Gesellschaft, Rechtswesen, Natur, Imkerei und Technik. Rotes Parteibuch, Mitglied des Jugendhilfeausschusses der Stadt Bremerhaven, Vorsitzender eines Kleing\u00e4rtnervereins, Fachberater f\u00fcr das Kleingartenwesen, Verbandschef der Bremerhavener Kleing\u00e4rtner*innen. Hobbyimker, Freizeitblogger, Techniknerd.","sameAs":["https:\/\/www.hoerske.de\/","https:\/\/www.facebook.com\/timo.hoerske","https:\/\/www.instagram.com\/thoerske\/","https:\/\/x.com\/timo_hoerske"],"url":"https:\/\/hoerske.de\/blog\/author\/roter_admin\/"}]}},"jetpack_publicize_connections":[],"jetpack_featured_media_url":"https:\/\/i0.wp.com\/hoerske.de\/blog\/wp-content\/uploads\/2018\/01\/20180118_153545.jpg?fit=2048%2C1536&ssl=1","jetpack_shortlink":"https:\/\/wp.me\/p4W3ht-Hr","jetpack_sharing_enabled":true,"_links":{"self":[{"href":"https:\/\/hoerske.de\/blog\/wp-json\/wp\/v2\/posts\/2693","targetHints":{"allow":["GET"]}}],"collection":[{"href":"https:\/\/hoerske.de\/blog\/wp-json\/wp\/v2\/posts"}],"about":[{"href":"https:\/\/hoerske.de\/blog\/wp-json\/wp\/v2\/types\/post"}],"author":[{"embeddable":true,"href":"https:\/\/hoerske.de\/blog\/wp-json\/wp\/v2\/users\/1"}],"replies":[{"embeddable":true,"href":"https:\/\/hoerske.de\/blog\/wp-json\/wp\/v2\/comments?post=2693"}],"version-history":[{"count":0,"href":"https:\/\/hoerske.de\/blog\/wp-json\/wp\/v2\/posts\/2693\/revisions"}],"wp:featuredmedia":[{"embeddable":true,"href":"https:\/\/hoerske.de\/blog\/wp-json\/wp\/v2\/media\/2697"}],"wp:attachment":[{"href":"https:\/\/hoerske.de\/blog\/wp-json\/wp\/v2\/media?parent=2693"}],"wp:term":[{"taxonomy":"category","embeddable":true,"href":"https:\/\/hoerske.de\/blog\/wp-json\/wp\/v2\/categories?post=2693"},{"taxonomy":"post_tag","embeddable":true,"href":"https:\/\/hoerske.de\/blog\/wp-json\/wp\/v2\/tags?post=2693"}],"curies":[{"name":"wp","href":"https:\/\/api.w.org\/{rel}","templated":true}]}}