{"id":26594,"date":"2026-03-18T18:00:00","date_gmt":"2026-03-18T16:00:00","guid":{"rendered":"https:\/\/hoerske.de\/blog\/?p=26594"},"modified":"2026-03-18T13:18:23","modified_gmt":"2026-03-18T11:18:23","slug":"warum-ich-wieder-schreibe-und-warum-gerade-jetzt","status":"publish","type":"post","link":"https:\/\/hoerske.de\/blog\/2026\/03\/warum-ich-wieder-schreibe-und-warum-gerade-jetzt\/","title":{"rendered":"Warum ich wieder schreibe \u2013 und warum gerade jetzt"},"content":{"rendered":"\n<p>Es ist ruhig geworden hier.<\/p>\n\n\n\n<p>Nicht, weil es nichts zu sagen g\u00e4be.<br>Sondern eher, weil es zu viel geworden ist.<\/p>\n\n\n\n<p>Wer sich regelm\u00e4\u00dfig mit <a href=\"https:\/\/hoerske.de\/blog\/themen\/recht\/\" type=\"post_tag\" id=\"393\">Recht<\/a>, Verfahren und gesellschaftlichen Entwicklungen besch\u00e4ftigt, kennt dieses Gef\u00fchl: Man nimmt Dinge wahr, die nicht spektakul\u00e4r genug f\u00fcr Schlagzeilen sind \u2013 aber relevant genug, um sie nicht einfach zu ignorieren. Und irgendwann stellt sich die Frage, ob man das alles nur f\u00fcr sich beh\u00e4lt. Oder ob man anf\u00e4ngt, es aufzuschreiben.<\/p>\n\n\n\n<p>Ich habe mich eine Zeit lang f\u00fcr Ersteres entschieden.<\/p>\n\n\n\n<p>Nicht aus Desinteresse.<br>Sondern aus einem gewissen Misstrauen gegen\u00fcber der eigenen Stimme.<\/p>\n\n\n\n<p>Braucht es wirklich noch eine weitere Einordnung?<br>Noch eine Meinung?<br>Noch einen Text, der versucht, Dinge zu erkl\u00e4ren, die oft bewusst vereinfacht dargestellt werden?<\/p>\n\n\n\n<p>Die ehrliche Antwort: wahrscheinlich nicht.<\/p>\n\n\n\n<p>Und gleichzeitig doch.<\/p>\n\n\n\n<p>Denn das, was in der \u00f6ffentlichen Wahrnehmung h\u00e4ufig fehlt, ist nicht die Menge an Informationen \u2013 sondern deren Einordnung. Zwischen Schlagzeile und Wirklichkeit liegt oft ein Raum, der kaum beleuchtet wird. Ein Raum, in dem Entscheidungen entstehen, Prozesse laufen, Dynamiken wirken, die man von au\u00dfen nur schwer erkennt.<\/p>\n\n\n\n<p>Gerade im Bereich der Justiz ist das besonders sp\u00fcrbar.<\/p>\n\n\n\n<p>Vieles wirkt von au\u00dfen klar strukturiert, fast mechanisch. Verfahren beginnen, laufen, enden. Urteile werden gesprochen, Akten geschlossen. Doch wer n\u00e4her dran ist, merkt schnell: So linear ist das alles nicht. Es gibt Zwischent\u00f6ne, Unsicherheiten, Abw\u00e4gungen \u2013 und nicht selten auch Spannungsfelder, die sich nicht in einfachen Kategorien aufl\u00f6sen lassen.<\/p>\n\n\n\n<p>Das Gleiche gilt f\u00fcr die Vereins- und Verbandsarbeit.<\/p>\n\n\n\n<p>Auch hier entsteht ein gro\u00dfer Teil der Realit\u00e4t abseits dessen, was sichtbar ist. Entscheidungen, die nach au\u00dfen banal wirken, sind intern oft das Ergebnis komplexer Abw\u00e4gungen. Zwischen rechtlichen Vorgaben, organisatorischen Zw\u00e4ngen und menschlichen Erwartungen entstehen Situationen, die sich nicht mit einem einfachen \u201erichtig\u201c oder \u201efalsch\u201c beschreiben lassen.<\/p>\n\n\n\n<p>Vielleicht ist genau das der Punkt, an dem Schreiben wieder sinnvoll wird.<\/p>\n\n\n\n<p>Nicht, um Antworten zu liefern.<br>Sondern um Zusammenh\u00e4nge sichtbar zu machen.<\/p>\n\n\n\n<p>Nicht, um zu bewerten.<br>Sondern um einzuordnen.<\/p>\n\n\n\n<p>Und vielleicht auch, um ein St\u00fcck weit gegen die zunehmende Vereinfachung anzuschreiben, die man aktuell an vielen Stellen beobachten kann. Komplexe Themen werden auf wenige S\u00e4tze reduziert, differenzierte Betrachtungen weichen klaren Positionierungen. Das ist verst\u00e4ndlich \u2013 aber es greift oft zu kurz.<\/p>\n\n\n\n<p>Dieser Blog war nie daf\u00fcr gedacht, schnelle Antworten zu geben.<\/p>\n\n\n\n<p>Er war \u2013 und ist \u2013 eher ein Ort f\u00fcr Gedanken, die sich nicht in einem Satz erledigen lassen. F\u00fcr Perspektiven, die sich erst beim Schreiben entwickeln. Und f\u00fcr Themen, die irgendwo zwischen Recht, Gesellschaft und gelebter Praxis liegen.<\/p>\n\n\n\n<p>Dass es hier eine Weile still war, \u00e4ndert daran nichts.<\/p>\n\n\n\n<p id=\"h-im-gegenteil\">Im Gegenteil.<\/p>\n\n\n\n<p>Vielleicht war die Pause notwendig, um den eigenen Blick wieder zu sch\u00e4rfen. Um zu sortieren, was wirklich relevant ist \u2013 und was nur laut. Um zu entscheiden, welche Themen es wert sind, aufgeschrieben zu werden.<\/p>\n\n\n\n<p>Die n\u00e4chsten Beitr\u00e4ge werden daran ankn\u00fcpfen.<\/p>\n\n\n\n<p>Es wird um Verfahren gehen. Um Wahrnehmung und Wirklichkeit. Um Strukturen, die funktionieren \u2013 und solche, die es vielleicht nicht mehr tun. Und immer wieder um die Frage, wie sich das alles einordnen l\u00e4sst, ohne es unn\u00f6tig zu vereinfachen.<\/p>\n\n\n\n<p>Nicht als abschlie\u00dfende Antwort.<\/p>\n\n\n\n<p>Aber als Versuch, die richtigen Fragen zu stellen.<\/p>\n\n\n\n<p>Und vielleicht ist genau das der eigentliche Grund, warum ich wieder schreibe.<\/p>\n","protected":false},"excerpt":{"rendered":"<p>Manchmal fehlt nicht die Information, sondern die Einordnung. Nach einer Pause schreibe ich wieder \u2013 \u00fcber das, was zwischen Wahrnehmung und Wirklichkeit oft unsichtbar bleibt.<\/p>\n","protected":false},"author":1,"featured_media":26595,"comment_status":"open","ping_status":"open","sticky":false,"template":"","format":"standard","meta":{"jetpack_post_was_ever_published":false,"_jetpack_newsletter_access":"","_jetpack_dont_email_post_to_subs":true,"_jetpack_newsletter_tier_id":0,"_jetpack_memberships_contains_paywalled_content":false,"_jetpack_memberships_contains_paid_content":false,"footnotes":"","jetpack_publicize_message":"","jetpack_publicize_feature_enabled":true,"jetpack_social_post_already_shared":false,"jetpack_social_options":{"image_generator_settings":{"template":"highway","default_image_id":0,"font":"","enabled":false},"version":2},"_wpas_customize_per_network":false},"categories":[3539,73,1108],"tags":[],"class_list":["post-26594","post","type-post","status-publish","format-standard","has-post-thumbnail","hentry","category-3539","category-kommentar","category-kurz-notiert"],"yoast_head":"<!-- This site is optimized with the Yoast SEO Premium plugin v27.3 (Yoast SEO v27.3) - https:\/\/yoast.com\/product\/yoast-seo-premium-wordpress\/ -->\n<title>Warum ich wieder schreibe \u2013 und warum gerade jetzt - Timos Paper<\/title>\n<meta name=\"description\" content=\"Nach einer Pause schreibe ich wieder \u00fcber Recht, Gesellschaft und Praxis. Warum Einordnung heute wichtiger ist als Meinung \u2013 und was oft unsichtbar bleibt.\" \/>\n<meta name=\"robots\" content=\"index, follow, max-snippet:-1, max-image-preview:large, max-video-preview:-1\" \/>\n<link rel=\"canonical\" href=\"https:\/\/hoerske.de\/blog\/2026\/03\/warum-ich-wieder-schreibe-und-warum-gerade-jetzt\/\" \/>\n<meta property=\"og:locale\" content=\"de_DE\" \/>\n<meta property=\"og:type\" content=\"article\" \/>\n<meta property=\"og:title\" content=\"Warum ich wieder schreibe \u2013 und warum gerade jetzt\" \/>\n<meta property=\"og:description\" content=\"Nach einer Pause schreibe ich wieder \u00fcber Recht, Gesellschaft und Praxis. Warum Einordnung heute wichtiger ist als Meinung \u2013 und was oft unsichtbar bleibt.\" \/>\n<meta property=\"og:url\" content=\"https:\/\/hoerske.de\/blog\/2026\/03\/warum-ich-wieder-schreibe-und-warum-gerade-jetzt\/\" \/>\n<meta property=\"og:site_name\" content=\"Timos Paper\" \/>\n<meta property=\"article:publisher\" content=\"https:\/\/www.facebook.com\/timo.hoerske\" \/>\n<meta property=\"article:author\" content=\"https:\/\/www.facebook.com\/timo.hoerske\" \/>\n<meta property=\"article:published_time\" content=\"2026-03-18T16:00:00+00:00\" \/>\n<meta property=\"og:image\" content=\"https:\/\/hoerske.de\/blog\/wp-content\/uploads\/2026\/03\/ChatGPT-Image-18.-Maerz-2026-12_11_21-1024x683.png\" \/>\n\t<meta property=\"og:image:width\" content=\"1024\" \/>\n\t<meta property=\"og:image:height\" content=\"683\" \/>\n\t<meta property=\"og:image:type\" content=\"image\/png\" \/>\n<meta name=\"author\" content=\"Timo H\u00f6rske\" \/>\n<meta name=\"twitter:card\" content=\"summary_large_image\" \/>\n<meta name=\"twitter:creator\" content=\"@timo_hoerske\" \/>\n<meta name=\"twitter:site\" content=\"@timo_hoerske\" \/>\n<meta name=\"twitter:label1\" content=\"Verfasst von\" \/>\n\t<meta name=\"twitter:data1\" content=\"Timo H\u00f6rske\" \/>\n\t<meta name=\"twitter:label2\" content=\"Gesch\u00e4tzte Lesezeit\" \/>\n\t<meta name=\"twitter:data2\" content=\"4\u00a0Minuten\" \/>\n<script type=\"application\/ld+json\" class=\"yoast-schema-graph\">{\"@context\":\"https:\\\/\\\/schema.org\",\"@graph\":[{\"@type\":\"Article\",\"@id\":\"https:\\\/\\\/hoerske.de\\\/blog\\\/2026\\\/03\\\/warum-ich-wieder-schreibe-und-warum-gerade-jetzt\\\/#article\",\"isPartOf\":{\"@id\":\"https:\\\/\\\/hoerske.de\\\/blog\\\/2026\\\/03\\\/warum-ich-wieder-schreibe-und-warum-gerade-jetzt\\\/\"},\"author\":{\"name\":\"Timo H\u00f6rske\",\"@id\":\"https:\\\/\\\/hoerske.de\\\/blog\\\/#\\\/schema\\\/person\\\/20677cf2167fc7027b752c3bba78d5fc\"},\"headline\":\"Warum ich wieder schreibe \u2013 und warum gerade jetzt\",\"datePublished\":\"2026-03-18T16:00:00+00:00\",\"mainEntityOfPage\":{\"@id\":\"https:\\\/\\\/hoerske.de\\\/blog\\\/2026\\\/03\\\/warum-ich-wieder-schreibe-und-warum-gerade-jetzt\\\/\"},\"wordCount\":566,\"commentCount\":0,\"publisher\":{\"@id\":\"https:\\\/\\\/hoerske.de\\\/blog\\\/#\\\/schema\\\/person\\\/20677cf2167fc7027b752c3bba78d5fc\"},\"image\":{\"@id\":\"https:\\\/\\\/hoerske.de\\\/blog\\\/2026\\\/03\\\/warum-ich-wieder-schreibe-und-warum-gerade-jetzt\\\/#primaryimage\"},\"thumbnailUrl\":\"https:\\\/\\\/i0.wp.com\\\/hoerske.de\\\/blog\\\/wp-content\\\/uploads\\\/2026\\\/03\\\/ChatGPT-Image-18.-Maerz-2026-12_11_21.png?fit=1536%2C1024&ssl=1\",\"articleSection\":[\"2026\",\"Kommentar\",\"Kurz notiert\"],\"inLanguage\":\"de\",\"potentialAction\":[{\"@type\":\"CommentAction\",\"name\":\"Comment\",\"target\":[\"https:\\\/\\\/hoerske.de\\\/blog\\\/2026\\\/03\\\/warum-ich-wieder-schreibe-und-warum-gerade-jetzt\\\/#respond\"]}]},{\"@type\":\"WebPage\",\"@id\":\"https:\\\/\\\/hoerske.de\\\/blog\\\/2026\\\/03\\\/warum-ich-wieder-schreibe-und-warum-gerade-jetzt\\\/\",\"url\":\"https:\\\/\\\/hoerske.de\\\/blog\\\/2026\\\/03\\\/warum-ich-wieder-schreibe-und-warum-gerade-jetzt\\\/\",\"name\":\"Warum ich wieder schreibe \u2013 und warum gerade jetzt - Timos Paper\",\"isPartOf\":{\"@id\":\"https:\\\/\\\/hoerske.de\\\/blog\\\/#website\"},\"primaryImageOfPage\":{\"@id\":\"https:\\\/\\\/hoerske.de\\\/blog\\\/2026\\\/03\\\/warum-ich-wieder-schreibe-und-warum-gerade-jetzt\\\/#primaryimage\"},\"image\":{\"@id\":\"https:\\\/\\\/hoerske.de\\\/blog\\\/2026\\\/03\\\/warum-ich-wieder-schreibe-und-warum-gerade-jetzt\\\/#primaryimage\"},\"thumbnailUrl\":\"https:\\\/\\\/i0.wp.com\\\/hoerske.de\\\/blog\\\/wp-content\\\/uploads\\\/2026\\\/03\\\/ChatGPT-Image-18.-Maerz-2026-12_11_21.png?fit=1536%2C1024&ssl=1\",\"datePublished\":\"2026-03-18T16:00:00+00:00\",\"description\":\"Nach einer Pause schreibe ich wieder \u00fcber Recht, Gesellschaft und Praxis. Warum Einordnung heute wichtiger ist als Meinung \u2013 und was oft unsichtbar bleibt.\",\"breadcrumb\":{\"@id\":\"https:\\\/\\\/hoerske.de\\\/blog\\\/2026\\\/03\\\/warum-ich-wieder-schreibe-und-warum-gerade-jetzt\\\/#breadcrumb\"},\"inLanguage\":\"de\",\"potentialAction\":[{\"@type\":\"ReadAction\",\"target\":[\"https:\\\/\\\/hoerske.de\\\/blog\\\/2026\\\/03\\\/warum-ich-wieder-schreibe-und-warum-gerade-jetzt\\\/\"]}]},{\"@type\":\"ImageObject\",\"inLanguage\":\"de\",\"@id\":\"https:\\\/\\\/hoerske.de\\\/blog\\\/2026\\\/03\\\/warum-ich-wieder-schreibe-und-warum-gerade-jetzt\\\/#primaryimage\",\"url\":\"https:\\\/\\\/i0.wp.com\\\/hoerske.de\\\/blog\\\/wp-content\\\/uploads\\\/2026\\\/03\\\/ChatGPT-Image-18.-Maerz-2026-12_11_21.png?fit=1536%2C1024&ssl=1\",\"contentUrl\":\"https:\\\/\\\/i0.wp.com\\\/hoerske.de\\\/blog\\\/wp-content\\\/uploads\\\/2026\\\/03\\\/ChatGPT-Image-18.-Maerz-2026-12_11_21.png?fit=1536%2C1024&ssl=1\",\"width\":1536,\"height\":1024,\"caption\":\"Comicartige Illustration eines Mannes im Anzug mit roter Fliege vor abstrahierten Szenen aus Justiz, Gesellschaft und Vereinsarbeit, mit Sprechblasen zu Einordnung und Bedeutung.\"},{\"@type\":\"BreadcrumbList\",\"@id\":\"https:\\\/\\\/hoerske.de\\\/blog\\\/2026\\\/03\\\/warum-ich-wieder-schreibe-und-warum-gerade-jetzt\\\/#breadcrumb\",\"itemListElement\":[{\"@type\":\"ListItem\",\"position\":1,\"name\":\"Startseite\",\"item\":\"https:\\\/\\\/hoerske.de\\\/blog\\\/\"},{\"@type\":\"ListItem\",\"position\":2,\"name\":\"Warum ich wieder schreibe \u2013 und warum gerade jetzt\"}]},{\"@type\":\"WebSite\",\"@id\":\"https:\\\/\\\/hoerske.de\\\/blog\\\/#website\",\"url\":\"https:\\\/\\\/hoerske.de\\\/blog\\\/\",\"name\":\"Timos Blog\",\"description\":\"ego cogito, ergo sum\",\"publisher\":{\"@id\":\"https:\\\/\\\/hoerske.de\\\/blog\\\/#\\\/schema\\\/person\\\/20677cf2167fc7027b752c3bba78d5fc\"},\"potentialAction\":[{\"@type\":\"SearchAction\",\"target\":{\"@type\":\"EntryPoint\",\"urlTemplate\":\"https:\\\/\\\/hoerske.de\\\/blog\\\/?s={search_term_string}\"},\"query-input\":{\"@type\":\"PropertyValueSpecification\",\"valueRequired\":true,\"valueName\":\"search_term_string\"}}],\"inLanguage\":\"de\"},{\"@type\":[\"Person\",\"Organization\"],\"@id\":\"https:\\\/\\\/hoerske.de\\\/blog\\\/#\\\/schema\\\/person\\\/20677cf2167fc7027b752c3bba78d5fc\",\"name\":\"Timo H\u00f6rske\",\"image\":{\"@type\":\"ImageObject\",\"inLanguage\":\"de\",\"@id\":\"https:\\\/\\\/i0.wp.com\\\/hoerske.de\\\/blog\\\/wp-content\\\/uploads\\\/2023\\\/01\\\/16711213967602.jpg?fit=1024%2C954&ssl=1\",\"url\":\"https:\\\/\\\/i0.wp.com\\\/hoerske.de\\\/blog\\\/wp-content\\\/uploads\\\/2023\\\/01\\\/16711213967602.jpg?fit=1024%2C954&ssl=1\",\"contentUrl\":\"https:\\\/\\\/i0.wp.com\\\/hoerske.de\\\/blog\\\/wp-content\\\/uploads\\\/2023\\\/01\\\/16711213967602.jpg?fit=1024%2C954&ssl=1\",\"width\":1024,\"height\":954,\"caption\":\"Timo H\u00f6rske\"},\"logo\":{\"@id\":\"https:\\\/\\\/i0.wp.com\\\/hoerske.de\\\/blog\\\/wp-content\\\/uploads\\\/2023\\\/01\\\/16711213967602.jpg?fit=1024%2C954&ssl=1\"},\"description\":\"Jahrgang 1985, als \\\"Ossi\\\" geboren, im beschaulichen Premnitz an der Havel aufgewachsen. Natur- und Kunstliebhaber. Seit \u00fcber 10 Jahren Wahlbremerhavener, K\u00fcsten- und Windfan. So ziemlich an Allem interessiert. Schwerpunkte sind aber eindeutig Politik, Gesellschaft, Rechtswesen, Natur, Imkerei und Technik. Rotes Parteibuch, Mitglied des Jugendhilfeausschusses der Stadt Bremerhaven, Vorsitzender eines Kleing\u00e4rtnervereins, Fachberater f\u00fcr das Kleingartenwesen, Verbandschef der Bremerhavener Kleing\u00e4rtner*innen. Hobbyimker, Freizeitblogger, Techniknerd.\",\"sameAs\":[\"https:\\\/\\\/www.hoerske.de\\\/\",\"https:\\\/\\\/www.facebook.com\\\/timo.hoerske\",\"https:\\\/\\\/www.instagram.com\\\/thoerske\\\/\",\"https:\\\/\\\/x.com\\\/timo_hoerske\"],\"url\":\"https:\\\/\\\/hoerske.de\\\/blog\\\/author\\\/roter_admin\\\/\"}]}<\/script>\n<!-- \/ Yoast SEO Premium plugin. -->","yoast_head_json":{"title":"Warum ich wieder schreibe \u2013 und warum gerade jetzt - Timos Paper","description":"Nach einer Pause schreibe ich wieder \u00fcber Recht, Gesellschaft und Praxis. Warum Einordnung heute wichtiger ist als Meinung \u2013 und was oft unsichtbar bleibt.","robots":{"index":"index","follow":"follow","max-snippet":"max-snippet:-1","max-image-preview":"max-image-preview:large","max-video-preview":"max-video-preview:-1"},"canonical":"https:\/\/hoerske.de\/blog\/2026\/03\/warum-ich-wieder-schreibe-und-warum-gerade-jetzt\/","og_locale":"de_DE","og_type":"article","og_title":"Warum ich wieder schreibe \u2013 und warum gerade jetzt","og_description":"Nach einer Pause schreibe ich wieder \u00fcber Recht, Gesellschaft und Praxis. Warum Einordnung heute wichtiger ist als Meinung \u2013 und was oft unsichtbar bleibt.","og_url":"https:\/\/hoerske.de\/blog\/2026\/03\/warum-ich-wieder-schreibe-und-warum-gerade-jetzt\/","og_site_name":"Timos Paper","article_publisher":"https:\/\/www.facebook.com\/timo.hoerske","article_author":"https:\/\/www.facebook.com\/timo.hoerske","article_published_time":"2026-03-18T16:00:00+00:00","og_image":[{"width":1024,"height":683,"url":"https:\/\/hoerske.de\/blog\/wp-content\/uploads\/2026\/03\/ChatGPT-Image-18.-Maerz-2026-12_11_21-1024x683.png","type":"image\/png"}],"author":"Timo H\u00f6rske","twitter_card":"summary_large_image","twitter_creator":"@timo_hoerske","twitter_site":"@timo_hoerske","twitter_misc":{"Verfasst von":"Timo H\u00f6rske","Gesch\u00e4tzte Lesezeit":"4\u00a0Minuten"},"schema":{"@context":"https:\/\/schema.org","@graph":[{"@type":"Article","@id":"https:\/\/hoerske.de\/blog\/2026\/03\/warum-ich-wieder-schreibe-und-warum-gerade-jetzt\/#article","isPartOf":{"@id":"https:\/\/hoerske.de\/blog\/2026\/03\/warum-ich-wieder-schreibe-und-warum-gerade-jetzt\/"},"author":{"name":"Timo H\u00f6rske","@id":"https:\/\/hoerske.de\/blog\/#\/schema\/person\/20677cf2167fc7027b752c3bba78d5fc"},"headline":"Warum ich wieder schreibe \u2013 und warum gerade jetzt","datePublished":"2026-03-18T16:00:00+00:00","mainEntityOfPage":{"@id":"https:\/\/hoerske.de\/blog\/2026\/03\/warum-ich-wieder-schreibe-und-warum-gerade-jetzt\/"},"wordCount":566,"commentCount":0,"publisher":{"@id":"https:\/\/hoerske.de\/blog\/#\/schema\/person\/20677cf2167fc7027b752c3bba78d5fc"},"image":{"@id":"https:\/\/hoerske.de\/blog\/2026\/03\/warum-ich-wieder-schreibe-und-warum-gerade-jetzt\/#primaryimage"},"thumbnailUrl":"https:\/\/i0.wp.com\/hoerske.de\/blog\/wp-content\/uploads\/2026\/03\/ChatGPT-Image-18.-Maerz-2026-12_11_21.png?fit=1536%2C1024&ssl=1","articleSection":["2026","Kommentar","Kurz notiert"],"inLanguage":"de","potentialAction":[{"@type":"CommentAction","name":"Comment","target":["https:\/\/hoerske.de\/blog\/2026\/03\/warum-ich-wieder-schreibe-und-warum-gerade-jetzt\/#respond"]}]},{"@type":"WebPage","@id":"https:\/\/hoerske.de\/blog\/2026\/03\/warum-ich-wieder-schreibe-und-warum-gerade-jetzt\/","url":"https:\/\/hoerske.de\/blog\/2026\/03\/warum-ich-wieder-schreibe-und-warum-gerade-jetzt\/","name":"Warum ich wieder schreibe \u2013 und warum gerade jetzt - Timos Paper","isPartOf":{"@id":"https:\/\/hoerske.de\/blog\/#website"},"primaryImageOfPage":{"@id":"https:\/\/hoerske.de\/blog\/2026\/03\/warum-ich-wieder-schreibe-und-warum-gerade-jetzt\/#primaryimage"},"image":{"@id":"https:\/\/hoerske.de\/blog\/2026\/03\/warum-ich-wieder-schreibe-und-warum-gerade-jetzt\/#primaryimage"},"thumbnailUrl":"https:\/\/i0.wp.com\/hoerske.de\/blog\/wp-content\/uploads\/2026\/03\/ChatGPT-Image-18.-Maerz-2026-12_11_21.png?fit=1536%2C1024&ssl=1","datePublished":"2026-03-18T16:00:00+00:00","description":"Nach einer Pause schreibe ich wieder \u00fcber Recht, Gesellschaft und Praxis. Warum Einordnung heute wichtiger ist als Meinung \u2013 und was oft unsichtbar bleibt.","breadcrumb":{"@id":"https:\/\/hoerske.de\/blog\/2026\/03\/warum-ich-wieder-schreibe-und-warum-gerade-jetzt\/#breadcrumb"},"inLanguage":"de","potentialAction":[{"@type":"ReadAction","target":["https:\/\/hoerske.de\/blog\/2026\/03\/warum-ich-wieder-schreibe-und-warum-gerade-jetzt\/"]}]},{"@type":"ImageObject","inLanguage":"de","@id":"https:\/\/hoerske.de\/blog\/2026\/03\/warum-ich-wieder-schreibe-und-warum-gerade-jetzt\/#primaryimage","url":"https:\/\/i0.wp.com\/hoerske.de\/blog\/wp-content\/uploads\/2026\/03\/ChatGPT-Image-18.-Maerz-2026-12_11_21.png?fit=1536%2C1024&ssl=1","contentUrl":"https:\/\/i0.wp.com\/hoerske.de\/blog\/wp-content\/uploads\/2026\/03\/ChatGPT-Image-18.-Maerz-2026-12_11_21.png?fit=1536%2C1024&ssl=1","width":1536,"height":1024,"caption":"Comicartige Illustration eines Mannes im Anzug mit roter Fliege vor abstrahierten Szenen aus Justiz, Gesellschaft und Vereinsarbeit, mit Sprechblasen zu Einordnung und Bedeutung."},{"@type":"BreadcrumbList","@id":"https:\/\/hoerske.de\/blog\/2026\/03\/warum-ich-wieder-schreibe-und-warum-gerade-jetzt\/#breadcrumb","itemListElement":[{"@type":"ListItem","position":1,"name":"Startseite","item":"https:\/\/hoerske.de\/blog\/"},{"@type":"ListItem","position":2,"name":"Warum ich wieder schreibe \u2013 und warum gerade jetzt"}]},{"@type":"WebSite","@id":"https:\/\/hoerske.de\/blog\/#website","url":"https:\/\/hoerske.de\/blog\/","name":"Timos Blog","description":"ego cogito, ergo sum","publisher":{"@id":"https:\/\/hoerske.de\/blog\/#\/schema\/person\/20677cf2167fc7027b752c3bba78d5fc"},"potentialAction":[{"@type":"SearchAction","target":{"@type":"EntryPoint","urlTemplate":"https:\/\/hoerske.de\/blog\/?s={search_term_string}"},"query-input":{"@type":"PropertyValueSpecification","valueRequired":true,"valueName":"search_term_string"}}],"inLanguage":"de"},{"@type":["Person","Organization"],"@id":"https:\/\/hoerske.de\/blog\/#\/schema\/person\/20677cf2167fc7027b752c3bba78d5fc","name":"Timo H\u00f6rske","image":{"@type":"ImageObject","inLanguage":"de","@id":"https:\/\/i0.wp.com\/hoerske.de\/blog\/wp-content\/uploads\/2023\/01\/16711213967602.jpg?fit=1024%2C954&ssl=1","url":"https:\/\/i0.wp.com\/hoerske.de\/blog\/wp-content\/uploads\/2023\/01\/16711213967602.jpg?fit=1024%2C954&ssl=1","contentUrl":"https:\/\/i0.wp.com\/hoerske.de\/blog\/wp-content\/uploads\/2023\/01\/16711213967602.jpg?fit=1024%2C954&ssl=1","width":1024,"height":954,"caption":"Timo H\u00f6rske"},"logo":{"@id":"https:\/\/i0.wp.com\/hoerske.de\/blog\/wp-content\/uploads\/2023\/01\/16711213967602.jpg?fit=1024%2C954&ssl=1"},"description":"Jahrgang 1985, als \"Ossi\" geboren, im beschaulichen Premnitz an der Havel aufgewachsen. Natur- und Kunstliebhaber. Seit \u00fcber 10 Jahren Wahlbremerhavener, K\u00fcsten- und Windfan. So ziemlich an Allem interessiert. Schwerpunkte sind aber eindeutig Politik, Gesellschaft, Rechtswesen, Natur, Imkerei und Technik. Rotes Parteibuch, Mitglied des Jugendhilfeausschusses der Stadt Bremerhaven, Vorsitzender eines Kleing\u00e4rtnervereins, Fachberater f\u00fcr das Kleingartenwesen, Verbandschef der Bremerhavener Kleing\u00e4rtner*innen. Hobbyimker, Freizeitblogger, Techniknerd.","sameAs":["https:\/\/www.hoerske.de\/","https:\/\/www.facebook.com\/timo.hoerske","https:\/\/www.instagram.com\/thoerske\/","https:\/\/x.com\/timo_hoerske"],"url":"https:\/\/hoerske.de\/blog\/author\/roter_admin\/"}]}},"jetpack_publicize_connections":[],"jetpack_featured_media_url":"https:\/\/i0.wp.com\/hoerske.de\/blog\/wp-content\/uploads\/2026\/03\/ChatGPT-Image-18.-Maerz-2026-12_11_21.png?fit=1536%2C1024&ssl=1","jetpack_shortlink":"https:\/\/wp.me\/p4W3ht-6UW","jetpack_sharing_enabled":true,"_links":{"self":[{"href":"https:\/\/hoerske.de\/blog\/wp-json\/wp\/v2\/posts\/26594","targetHints":{"allow":["GET"]}}],"collection":[{"href":"https:\/\/hoerske.de\/blog\/wp-json\/wp\/v2\/posts"}],"about":[{"href":"https:\/\/hoerske.de\/blog\/wp-json\/wp\/v2\/types\/post"}],"author":[{"embeddable":true,"href":"https:\/\/hoerske.de\/blog\/wp-json\/wp\/v2\/users\/1"}],"replies":[{"embeddable":true,"href":"https:\/\/hoerske.de\/blog\/wp-json\/wp\/v2\/comments?post=26594"}],"version-history":[{"count":2,"href":"https:\/\/hoerske.de\/blog\/wp-json\/wp\/v2\/posts\/26594\/revisions"}],"predecessor-version":[{"id":26597,"href":"https:\/\/hoerske.de\/blog\/wp-json\/wp\/v2\/posts\/26594\/revisions\/26597"}],"wp:featuredmedia":[{"embeddable":true,"href":"https:\/\/hoerske.de\/blog\/wp-json\/wp\/v2\/media\/26595"}],"wp:attachment":[{"href":"https:\/\/hoerske.de\/blog\/wp-json\/wp\/v2\/media?parent=26594"}],"wp:term":[{"taxonomy":"category","embeddable":true,"href":"https:\/\/hoerske.de\/blog\/wp-json\/wp\/v2\/categories?post=26594"},{"taxonomy":"post_tag","embeddable":true,"href":"https:\/\/hoerske.de\/blog\/wp-json\/wp\/v2\/tags?post=26594"}],"curies":[{"name":"wp","href":"https:\/\/api.w.org\/{rel}","templated":true}]}}