{"id":2656,"date":"2018-01-17T16:00:02","date_gmt":"2018-01-17T14:00:02","guid":{"rendered":"https:\/\/www.hoerske.de\/?p=2656"},"modified":"2018-04-05T20:03:04","modified_gmt":"2018-04-05T18:03:04","slug":"die-13-monate-als-sinnbild-fuer-unser-leben","status":"publish","type":"post","link":"https:\/\/hoerske.de\/blog\/2018\/01\/die-13-monate-als-sinnbild-fuer-unser-leben\/","title":{"rendered":"Die 13 Monate als Sinnbild f\u00fcr unser Leben"},"content":{"rendered":"<p>Erich K\u00e4stner, der gefeierte Schriftsteller schuf mit seinem Gedichtzyklus &#8221; Die 13 Monate&#8221; ein Werk, das sich noch immer gro\u00dfer Beliebtheit erfreut.<\/p>\n<h2>Aus dem Inhalt<\/h2>\n<p>Inhalt seiner Dichtkunst bilden die 12 Monate, die einzeln in jeweils einem Gedicht dargestellt werden. Den Schluss macht der sogenannte 13. Monat, der sich aus all den vorhergehenden Monaten das Beste herauspickt und von K\u00e4stner als Beschreibung eines fiktiven Schaltmonats erkl\u00e4rt wird. Am Ende f\u00fcgt er dem Gedichtzyklus hinzu, dass ein Monat wie der letzte, eigentlich nicht existieren k\u00f6nne.<\/p>\n<p>Der Gedichtband spr\u00fcht vor romantischer Idylle. Es kann als typisches Werk seiner Schaffenszeit in fortgeschrittenem Stadium gesehen werden. Denen allesamt diese zutiefst romantische Wirkung anhaftet.<br \/>\nDie ersten 12 Monatsgedichte entstanden im Auftrag der Schweizer Illustrierten Zeitung und die Gedichte erschienen ab Dezember 1952 monatlich in Serie. Erst 1954 schrieb er den dreizehnten Monat und das Vorwort zur Buchausgabe. Da das Werk zu begeistern versteht, folgten eine Menge an Vertonungen und Verfilmungen.<\/p>\n<p>Die 13 Gedichte weisen unterschiedliche L\u00e4nge sowie unterschiedliches Versma\u00df auf. Der Monat, der gerade besungen wird, tritt oft als Person auf. Sowohl die heiteren als auch die d\u00fcsteren Seiten des jeweiligen Monats werden bedacht, und der J\u00e4nner beginnt mit der Geburt, sodass der gesamte Zyklus ein Menschenleben mit dem \u00c4lterwerden illustriert.<\/p>\n<p>So schlie\u00dft der letzte Monat des Jahres, der Dezember, mit der Vorbereitung auf den Abschied und steht f\u00fcr hohes Alter.<\/p>\n<p>[adsense]<\/p>\n<h2>M\u00f6gliche Interpretation<\/h2>\n<p>Somit k\u00f6nnte der 13. Monat als das Leben nach dem Tod wahrgenommen und interpretiert werden, das Erich K\u00e4stner ganz zum Schluss jedoch relativiert. Die 13 Monate regen zum Nachdenken an. Es k\u00f6nnen mannigfaltige Interpretationen herausgelesen werden, die es sich alle lohnt, zu \u00fcberdenken.<\/p>\n<p>Der Gedichtzyklus versinnbildlicht den Zyklus des menschlichen Lebens, das zu jeder Zeit wundersch\u00f6ne Momente, aber gleichzeitig auch traurige Phasen beinhaltet. So k\u00f6nnen alle Phasen des Lebens, von der Geburt, der Kindheit, der Jugend, dem Leben als junger Erwachsener bis hin zum \u00c4lterwerden und dem Leben vor dem Tod positiv und negativ erlebt werden.<\/p>\n<p>Wichtig ist, dass die Erinnerung nicht verblasst, wie Erich K\u00e4stner in seinem Vorwort schreibt. Denn man k\u00f6nne die Besinnung zwar verlieren, jedoch m\u00fcsse man sie wiederfinden, um sie zu sp\u00fcren.<\/p>\n<h2>Off-Topic<\/h2>\n<p>Nach einer Textanalyse ist dieser Text zu 63% subjektiv, die wichtigsten Worte sind: <em>Gedichte, Erich K\u00e4stner, Werk, Gedichtzyklus, \u00c4lterwerden, Schluss, Vorwort<\/em><\/p>\n<p>Ein Computer w\u00fcrde diesen Text der Kategorie <a href=\"https:\/\/www.hoerske.de\/blog\/kategorien\/kultur\/\">Kultur<\/a> zu ordnen.<\/p>\n","protected":false},"excerpt":{"rendered":"<p>Erich K\u00e4stner, der gefeierte Schriftsteller schuf mit seinem Gedichtzyklus &#8221; Die 13 Monate&#8221; ein Werk, das sich noch immer gro\u00dfer Beliebtheit erfreut.<\/p>\n","protected":false},"author":1,"featured_media":2658,"comment_status":"open","ping_status":"open","sticky":false,"template":"","format":"standard","meta":{"jetpack_post_was_ever_published":false,"_jetpack_newsletter_access":"","_jetpack_dont_email_post_to_subs":false,"_jetpack_newsletter_tier_id":0,"_jetpack_memberships_contains_paywalled_content":false,"_jetpack_memberships_contains_paid_content":false,"footnotes":"","jetpack_publicize_message":"Erich K\u00e4stner, der gefeierte Schriftsteller schuf mit seinem Gedichtzyklus \" Die 13 Monate\" ein Werk, das sich noch immer gro\u00dfer Beliebtheit erfreut.","jetpack_publicize_feature_enabled":true,"jetpack_social_post_already_shared":true,"jetpack_social_options":{"image_generator_settings":{"template":"highway","default_image_id":0,"font":"","enabled":false},"version":2},"_wpas_customize_per_network":false},"categories":[803,176],"tags":[820,817,269,819,821,822,818],"class_list":["post-2656","post","type-post","status-publish","format-standard","has-post-thumbnail","hentry","category-803","category-kultur","tag-aelterwerden","tag-erich-kaestner","tag-gedichte","tag-gedichtzyklus","tag-schluss","tag-vorwort","tag-werk"],"yoast_head":"<!-- This site is optimized with the Yoast SEO Premium plugin v27.3 (Yoast SEO v27.3) - https:\/\/yoast.com\/product\/yoast-seo-premium-wordpress\/ -->\n<title>Die 13 Monate als Sinnbild f\u00fcr unser Leben - Timos Paper<\/title>\n<meta name=\"description\" content=\"Erich K\u00e4stner, der gefeierte Schriftsteller schuf mit seinem Gedichtzyklus &quot; Die 13 Monate&quot; ein Werk, das sich noch immer gro\u00dfer Beliebtheit erfreut.\" \/>\n<meta name=\"robots\" content=\"index, follow, max-snippet:-1, max-image-preview:large, max-video-preview:-1\" \/>\n<link rel=\"canonical\" href=\"https:\/\/hoerske.de\/blog\/2018\/01\/die-13-monate-als-sinnbild-fuer-unser-leben\/\" \/>\n<meta property=\"og:locale\" content=\"de_DE\" \/>\n<meta property=\"og:type\" content=\"article\" \/>\n<meta property=\"og:title\" content=\"Die 13 Monate als Sinnbild f\u00fcr unser Leben\" \/>\n<meta property=\"og:description\" content=\"Erich K\u00e4stner, der gefeierte Schriftsteller schuf mit seinem Gedichtzyklus &quot; Die 13 Monate&quot; ein Werk, das sich noch immer gro\u00dfer Beliebtheit erfreut.\" \/>\n<meta property=\"og:url\" content=\"https:\/\/hoerske.de\/blog\/2018\/01\/die-13-monate-als-sinnbild-fuer-unser-leben\/\" \/>\n<meta property=\"og:site_name\" content=\"Timos Paper\" \/>\n<meta property=\"article:publisher\" content=\"https:\/\/www.facebook.com\/timo.hoerske\" \/>\n<meta property=\"article:author\" content=\"https:\/\/www.facebook.com\/timo.hoerske\" \/>\n<meta property=\"article:published_time\" content=\"2018-01-17T14:00:02+00:00\" \/>\n<meta property=\"article:modified_time\" content=\"2018-04-05T18:03:04+00:00\" \/>\n<meta property=\"og:image\" content=\"https:\/\/i0.wp.com\/blog.hoerske.de\/wp-content\/uploads\/2018\/01\/blogschriftzug.png?fit=820%2C410\" \/>\n\t<meta property=\"og:image:width\" content=\"820\" \/>\n\t<meta property=\"og:image:height\" content=\"410\" \/>\n\t<meta property=\"og:image:type\" content=\"image\/png\" \/>\n<meta name=\"author\" content=\"Timo H\u00f6rske\" \/>\n<meta name=\"twitter:card\" content=\"summary_large_image\" \/>\n<meta name=\"twitter:creator\" content=\"@timo_hoerske\" \/>\n<meta name=\"twitter:site\" content=\"@timo_hoerske\" \/>\n<meta name=\"twitter:label1\" content=\"Verfasst von\" \/>\n\t<meta name=\"twitter:data1\" content=\"Timo H\u00f6rske\" \/>\n\t<meta name=\"twitter:label2\" content=\"Gesch\u00e4tzte Lesezeit\" \/>\n\t<meta name=\"twitter:data2\" content=\"2\u00a0Minuten\" \/>\n<script type=\"application\/ld+json\" class=\"yoast-schema-graph\">{\"@context\":\"https:\\\/\\\/schema.org\",\"@graph\":[{\"@type\":\"Article\",\"@id\":\"https:\\\/\\\/hoerske.de\\\/blog\\\/2018\\\/01\\\/die-13-monate-als-sinnbild-fuer-unser-leben\\\/#article\",\"isPartOf\":{\"@id\":\"https:\\\/\\\/hoerske.de\\\/blog\\\/2018\\\/01\\\/die-13-monate-als-sinnbild-fuer-unser-leben\\\/\"},\"author\":{\"name\":\"Timo H\u00f6rske\",\"@id\":\"https:\\\/\\\/hoerske.de\\\/blog\\\/#\\\/schema\\\/person\\\/20677cf2167fc7027b752c3bba78d5fc\"},\"headline\":\"Die 13 Monate als Sinnbild f\u00fcr unser Leben\",\"datePublished\":\"2018-01-17T14:00:02+00:00\",\"dateModified\":\"2018-04-05T18:03:04+00:00\",\"mainEntityOfPage\":{\"@id\":\"https:\\\/\\\/hoerske.de\\\/blog\\\/2018\\\/01\\\/die-13-monate-als-sinnbild-fuer-unser-leben\\\/\"},\"wordCount\":408,\"commentCount\":1,\"publisher\":{\"@id\":\"https:\\\/\\\/hoerske.de\\\/blog\\\/#\\\/schema\\\/person\\\/20677cf2167fc7027b752c3bba78d5fc\"},\"image\":{\"@id\":\"https:\\\/\\\/hoerske.de\\\/blog\\\/2018\\\/01\\\/die-13-monate-als-sinnbild-fuer-unser-leben\\\/#primaryimage\"},\"thumbnailUrl\":\"https:\\\/\\\/i0.wp.com\\\/hoerske.de\\\/blog\\\/wp-content\\\/uploads\\\/2018\\\/01\\\/blogschriftzug.png?fit=820%2C410&ssl=1\",\"keywords\":[\"\u00c4lterwerden\",\"Erich K\u00e4stner\",\"Gedichte\",\"Gedichtzyklus\",\"Schluss\",\"Vorwort\",\"Werk\"],\"articleSection\":[\"2018\",\"Kultur\"],\"inLanguage\":\"de\",\"potentialAction\":[{\"@type\":\"CommentAction\",\"name\":\"Comment\",\"target\":[\"https:\\\/\\\/hoerske.de\\\/blog\\\/2018\\\/01\\\/die-13-monate-als-sinnbild-fuer-unser-leben\\\/#respond\"]}]},{\"@type\":\"WebPage\",\"@id\":\"https:\\\/\\\/hoerske.de\\\/blog\\\/2018\\\/01\\\/die-13-monate-als-sinnbild-fuer-unser-leben\\\/\",\"url\":\"https:\\\/\\\/hoerske.de\\\/blog\\\/2018\\\/01\\\/die-13-monate-als-sinnbild-fuer-unser-leben\\\/\",\"name\":\"Die 13 Monate als Sinnbild f\u00fcr unser Leben - Timos Paper\",\"isPartOf\":{\"@id\":\"https:\\\/\\\/hoerske.de\\\/blog\\\/#website\"},\"primaryImageOfPage\":{\"@id\":\"https:\\\/\\\/hoerske.de\\\/blog\\\/2018\\\/01\\\/die-13-monate-als-sinnbild-fuer-unser-leben\\\/#primaryimage\"},\"image\":{\"@id\":\"https:\\\/\\\/hoerske.de\\\/blog\\\/2018\\\/01\\\/die-13-monate-als-sinnbild-fuer-unser-leben\\\/#primaryimage\"},\"thumbnailUrl\":\"https:\\\/\\\/i0.wp.com\\\/hoerske.de\\\/blog\\\/wp-content\\\/uploads\\\/2018\\\/01\\\/blogschriftzug.png?fit=820%2C410&ssl=1\",\"datePublished\":\"2018-01-17T14:00:02+00:00\",\"dateModified\":\"2018-04-05T18:03:04+00:00\",\"description\":\"Erich K\u00e4stner, der gefeierte Schriftsteller schuf mit seinem Gedichtzyklus \\\" Die 13 Monate\\\" ein Werk, das sich noch immer gro\u00dfer Beliebtheit erfreut.\",\"breadcrumb\":{\"@id\":\"https:\\\/\\\/hoerske.de\\\/blog\\\/2018\\\/01\\\/die-13-monate-als-sinnbild-fuer-unser-leben\\\/#breadcrumb\"},\"inLanguage\":\"de\",\"potentialAction\":[{\"@type\":\"ReadAction\",\"target\":[\"https:\\\/\\\/hoerske.de\\\/blog\\\/2018\\\/01\\\/die-13-monate-als-sinnbild-fuer-unser-leben\\\/\"]}]},{\"@type\":\"ImageObject\",\"inLanguage\":\"de\",\"@id\":\"https:\\\/\\\/hoerske.de\\\/blog\\\/2018\\\/01\\\/die-13-monate-als-sinnbild-fuer-unser-leben\\\/#primaryimage\",\"url\":\"https:\\\/\\\/i0.wp.com\\\/hoerske.de\\\/blog\\\/wp-content\\\/uploads\\\/2018\\\/01\\\/blogschriftzug.png?fit=820%2C410&ssl=1\",\"contentUrl\":\"https:\\\/\\\/i0.wp.com\\\/hoerske.de\\\/blog\\\/wp-content\\\/uploads\\\/2018\\\/01\\\/blogschriftzug.png?fit=820%2C410&ssl=1\",\"width\":\"820\",\"height\":\"410\"},{\"@type\":\"BreadcrumbList\",\"@id\":\"https:\\\/\\\/hoerske.de\\\/blog\\\/2018\\\/01\\\/die-13-monate-als-sinnbild-fuer-unser-leben\\\/#breadcrumb\",\"itemListElement\":[{\"@type\":\"ListItem\",\"position\":1,\"name\":\"Startseite\",\"item\":\"https:\\\/\\\/hoerske.de\\\/blog\\\/\"},{\"@type\":\"ListItem\",\"position\":2,\"name\":\"Die 13 Monate als Sinnbild f\u00fcr unser Leben\"}]},{\"@type\":\"WebSite\",\"@id\":\"https:\\\/\\\/hoerske.de\\\/blog\\\/#website\",\"url\":\"https:\\\/\\\/hoerske.de\\\/blog\\\/\",\"name\":\"Timos Blog\",\"description\":\"ego cogito, ergo sum\",\"publisher\":{\"@id\":\"https:\\\/\\\/hoerske.de\\\/blog\\\/#\\\/schema\\\/person\\\/20677cf2167fc7027b752c3bba78d5fc\"},\"potentialAction\":[{\"@type\":\"SearchAction\",\"target\":{\"@type\":\"EntryPoint\",\"urlTemplate\":\"https:\\\/\\\/hoerske.de\\\/blog\\\/?s={search_term_string}\"},\"query-input\":{\"@type\":\"PropertyValueSpecification\",\"valueRequired\":true,\"valueName\":\"search_term_string\"}}],\"inLanguage\":\"de\"},{\"@type\":[\"Person\",\"Organization\"],\"@id\":\"https:\\\/\\\/hoerske.de\\\/blog\\\/#\\\/schema\\\/person\\\/20677cf2167fc7027b752c3bba78d5fc\",\"name\":\"Timo H\u00f6rske\",\"image\":{\"@type\":\"ImageObject\",\"inLanguage\":\"de\",\"@id\":\"https:\\\/\\\/i0.wp.com\\\/hoerske.de\\\/blog\\\/wp-content\\\/uploads\\\/2023\\\/01\\\/16711213967602.jpg?fit=1024%2C954&ssl=1\",\"url\":\"https:\\\/\\\/i0.wp.com\\\/hoerske.de\\\/blog\\\/wp-content\\\/uploads\\\/2023\\\/01\\\/16711213967602.jpg?fit=1024%2C954&ssl=1\",\"contentUrl\":\"https:\\\/\\\/i0.wp.com\\\/hoerske.de\\\/blog\\\/wp-content\\\/uploads\\\/2023\\\/01\\\/16711213967602.jpg?fit=1024%2C954&ssl=1\",\"width\":1024,\"height\":954,\"caption\":\"Timo H\u00f6rske\"},\"logo\":{\"@id\":\"https:\\\/\\\/i0.wp.com\\\/hoerske.de\\\/blog\\\/wp-content\\\/uploads\\\/2023\\\/01\\\/16711213967602.jpg?fit=1024%2C954&ssl=1\"},\"description\":\"Jahrgang 1985, als \\\"Ossi\\\" geboren, im beschaulichen Premnitz an der Havel aufgewachsen. Natur- und Kunstliebhaber. Seit \u00fcber 10 Jahren Wahlbremerhavener, K\u00fcsten- und Windfan. So ziemlich an Allem interessiert. Schwerpunkte sind aber eindeutig Politik, Gesellschaft, Rechtswesen, Natur, Imkerei und Technik. Rotes Parteibuch, Mitglied des Jugendhilfeausschusses der Stadt Bremerhaven, Vorsitzender eines Kleing\u00e4rtnervereins, Fachberater f\u00fcr das Kleingartenwesen, Verbandschef der Bremerhavener Kleing\u00e4rtner*innen. Hobbyimker, Freizeitblogger, Techniknerd.\",\"sameAs\":[\"https:\\\/\\\/www.hoerske.de\\\/\",\"https:\\\/\\\/www.facebook.com\\\/timo.hoerske\",\"https:\\\/\\\/www.instagram.com\\\/thoerske\\\/\",\"https:\\\/\\\/x.com\\\/timo_hoerske\"],\"url\":\"https:\\\/\\\/hoerske.de\\\/blog\\\/author\\\/roter_admin\\\/\"}]}<\/script>\n<!-- \/ Yoast SEO Premium plugin. -->","yoast_head_json":{"title":"Die 13 Monate als Sinnbild f\u00fcr unser Leben - Timos Paper","description":"Erich K\u00e4stner, der gefeierte Schriftsteller schuf mit seinem Gedichtzyklus \" Die 13 Monate\" ein Werk, das sich noch immer gro\u00dfer Beliebtheit erfreut.","robots":{"index":"index","follow":"follow","max-snippet":"max-snippet:-1","max-image-preview":"max-image-preview:large","max-video-preview":"max-video-preview:-1"},"canonical":"https:\/\/hoerske.de\/blog\/2018\/01\/die-13-monate-als-sinnbild-fuer-unser-leben\/","og_locale":"de_DE","og_type":"article","og_title":"Die 13 Monate als Sinnbild f\u00fcr unser Leben","og_description":"Erich K\u00e4stner, der gefeierte Schriftsteller schuf mit seinem Gedichtzyklus \" Die 13 Monate\" ein Werk, das sich noch immer gro\u00dfer Beliebtheit erfreut.","og_url":"https:\/\/hoerske.de\/blog\/2018\/01\/die-13-monate-als-sinnbild-fuer-unser-leben\/","og_site_name":"Timos Paper","article_publisher":"https:\/\/www.facebook.com\/timo.hoerske","article_author":"https:\/\/www.facebook.com\/timo.hoerske","article_published_time":"2018-01-17T14:00:02+00:00","article_modified_time":"2018-04-05T18:03:04+00:00","og_image":[{"width":820,"height":410,"url":"https:\/\/i0.wp.com\/blog.hoerske.de\/wp-content\/uploads\/2018\/01\/blogschriftzug.png?fit=820%2C410","type":"image\/png"}],"author":"Timo H\u00f6rske","twitter_card":"summary_large_image","twitter_creator":"@timo_hoerske","twitter_site":"@timo_hoerske","twitter_misc":{"Verfasst von":"Timo H\u00f6rske","Gesch\u00e4tzte Lesezeit":"2\u00a0Minuten"},"schema":{"@context":"https:\/\/schema.org","@graph":[{"@type":"Article","@id":"https:\/\/hoerske.de\/blog\/2018\/01\/die-13-monate-als-sinnbild-fuer-unser-leben\/#article","isPartOf":{"@id":"https:\/\/hoerske.de\/blog\/2018\/01\/die-13-monate-als-sinnbild-fuer-unser-leben\/"},"author":{"name":"Timo H\u00f6rske","@id":"https:\/\/hoerske.de\/blog\/#\/schema\/person\/20677cf2167fc7027b752c3bba78d5fc"},"headline":"Die 13 Monate als Sinnbild f\u00fcr unser Leben","datePublished":"2018-01-17T14:00:02+00:00","dateModified":"2018-04-05T18:03:04+00:00","mainEntityOfPage":{"@id":"https:\/\/hoerske.de\/blog\/2018\/01\/die-13-monate-als-sinnbild-fuer-unser-leben\/"},"wordCount":408,"commentCount":1,"publisher":{"@id":"https:\/\/hoerske.de\/blog\/#\/schema\/person\/20677cf2167fc7027b752c3bba78d5fc"},"image":{"@id":"https:\/\/hoerske.de\/blog\/2018\/01\/die-13-monate-als-sinnbild-fuer-unser-leben\/#primaryimage"},"thumbnailUrl":"https:\/\/i0.wp.com\/hoerske.de\/blog\/wp-content\/uploads\/2018\/01\/blogschriftzug.png?fit=820%2C410&ssl=1","keywords":["\u00c4lterwerden","Erich K\u00e4stner","Gedichte","Gedichtzyklus","Schluss","Vorwort","Werk"],"articleSection":["2018","Kultur"],"inLanguage":"de","potentialAction":[{"@type":"CommentAction","name":"Comment","target":["https:\/\/hoerske.de\/blog\/2018\/01\/die-13-monate-als-sinnbild-fuer-unser-leben\/#respond"]}]},{"@type":"WebPage","@id":"https:\/\/hoerske.de\/blog\/2018\/01\/die-13-monate-als-sinnbild-fuer-unser-leben\/","url":"https:\/\/hoerske.de\/blog\/2018\/01\/die-13-monate-als-sinnbild-fuer-unser-leben\/","name":"Die 13 Monate als Sinnbild f\u00fcr unser Leben - Timos Paper","isPartOf":{"@id":"https:\/\/hoerske.de\/blog\/#website"},"primaryImageOfPage":{"@id":"https:\/\/hoerske.de\/blog\/2018\/01\/die-13-monate-als-sinnbild-fuer-unser-leben\/#primaryimage"},"image":{"@id":"https:\/\/hoerske.de\/blog\/2018\/01\/die-13-monate-als-sinnbild-fuer-unser-leben\/#primaryimage"},"thumbnailUrl":"https:\/\/i0.wp.com\/hoerske.de\/blog\/wp-content\/uploads\/2018\/01\/blogschriftzug.png?fit=820%2C410&ssl=1","datePublished":"2018-01-17T14:00:02+00:00","dateModified":"2018-04-05T18:03:04+00:00","description":"Erich K\u00e4stner, der gefeierte Schriftsteller schuf mit seinem Gedichtzyklus \" Die 13 Monate\" ein Werk, das sich noch immer gro\u00dfer Beliebtheit erfreut.","breadcrumb":{"@id":"https:\/\/hoerske.de\/blog\/2018\/01\/die-13-monate-als-sinnbild-fuer-unser-leben\/#breadcrumb"},"inLanguage":"de","potentialAction":[{"@type":"ReadAction","target":["https:\/\/hoerske.de\/blog\/2018\/01\/die-13-monate-als-sinnbild-fuer-unser-leben\/"]}]},{"@type":"ImageObject","inLanguage":"de","@id":"https:\/\/hoerske.de\/blog\/2018\/01\/die-13-monate-als-sinnbild-fuer-unser-leben\/#primaryimage","url":"https:\/\/i0.wp.com\/hoerske.de\/blog\/wp-content\/uploads\/2018\/01\/blogschriftzug.png?fit=820%2C410&ssl=1","contentUrl":"https:\/\/i0.wp.com\/hoerske.de\/blog\/wp-content\/uploads\/2018\/01\/blogschriftzug.png?fit=820%2C410&ssl=1","width":"820","height":"410"},{"@type":"BreadcrumbList","@id":"https:\/\/hoerske.de\/blog\/2018\/01\/die-13-monate-als-sinnbild-fuer-unser-leben\/#breadcrumb","itemListElement":[{"@type":"ListItem","position":1,"name":"Startseite","item":"https:\/\/hoerske.de\/blog\/"},{"@type":"ListItem","position":2,"name":"Die 13 Monate als Sinnbild f\u00fcr unser Leben"}]},{"@type":"WebSite","@id":"https:\/\/hoerske.de\/blog\/#website","url":"https:\/\/hoerske.de\/blog\/","name":"Timos Blog","description":"ego cogito, ergo sum","publisher":{"@id":"https:\/\/hoerske.de\/blog\/#\/schema\/person\/20677cf2167fc7027b752c3bba78d5fc"},"potentialAction":[{"@type":"SearchAction","target":{"@type":"EntryPoint","urlTemplate":"https:\/\/hoerske.de\/blog\/?s={search_term_string}"},"query-input":{"@type":"PropertyValueSpecification","valueRequired":true,"valueName":"search_term_string"}}],"inLanguage":"de"},{"@type":["Person","Organization"],"@id":"https:\/\/hoerske.de\/blog\/#\/schema\/person\/20677cf2167fc7027b752c3bba78d5fc","name":"Timo H\u00f6rske","image":{"@type":"ImageObject","inLanguage":"de","@id":"https:\/\/i0.wp.com\/hoerske.de\/blog\/wp-content\/uploads\/2023\/01\/16711213967602.jpg?fit=1024%2C954&ssl=1","url":"https:\/\/i0.wp.com\/hoerske.de\/blog\/wp-content\/uploads\/2023\/01\/16711213967602.jpg?fit=1024%2C954&ssl=1","contentUrl":"https:\/\/i0.wp.com\/hoerske.de\/blog\/wp-content\/uploads\/2023\/01\/16711213967602.jpg?fit=1024%2C954&ssl=1","width":1024,"height":954,"caption":"Timo H\u00f6rske"},"logo":{"@id":"https:\/\/i0.wp.com\/hoerske.de\/blog\/wp-content\/uploads\/2023\/01\/16711213967602.jpg?fit=1024%2C954&ssl=1"},"description":"Jahrgang 1985, als \"Ossi\" geboren, im beschaulichen Premnitz an der Havel aufgewachsen. Natur- und Kunstliebhaber. Seit \u00fcber 10 Jahren Wahlbremerhavener, K\u00fcsten- und Windfan. So ziemlich an Allem interessiert. Schwerpunkte sind aber eindeutig Politik, Gesellschaft, Rechtswesen, Natur, Imkerei und Technik. Rotes Parteibuch, Mitglied des Jugendhilfeausschusses der Stadt Bremerhaven, Vorsitzender eines Kleing\u00e4rtnervereins, Fachberater f\u00fcr das Kleingartenwesen, Verbandschef der Bremerhavener Kleing\u00e4rtner*innen. Hobbyimker, Freizeitblogger, Techniknerd.","sameAs":["https:\/\/www.hoerske.de\/","https:\/\/www.facebook.com\/timo.hoerske","https:\/\/www.instagram.com\/thoerske\/","https:\/\/x.com\/timo_hoerske"],"url":"https:\/\/hoerske.de\/blog\/author\/roter_admin\/"}]}},"jetpack_publicize_connections":[],"jetpack_featured_media_url":"https:\/\/i0.wp.com\/hoerske.de\/blog\/wp-content\/uploads\/2018\/01\/blogschriftzug.png?fit=820%2C410&ssl=1","jetpack_shortlink":"https:\/\/wp.me\/p4W3ht-GQ","jetpack_sharing_enabled":true,"_links":{"self":[{"href":"https:\/\/hoerske.de\/blog\/wp-json\/wp\/v2\/posts\/2656","targetHints":{"allow":["GET"]}}],"collection":[{"href":"https:\/\/hoerske.de\/blog\/wp-json\/wp\/v2\/posts"}],"about":[{"href":"https:\/\/hoerske.de\/blog\/wp-json\/wp\/v2\/types\/post"}],"author":[{"embeddable":true,"href":"https:\/\/hoerske.de\/blog\/wp-json\/wp\/v2\/users\/1"}],"replies":[{"embeddable":true,"href":"https:\/\/hoerske.de\/blog\/wp-json\/wp\/v2\/comments?post=2656"}],"version-history":[{"count":0,"href":"https:\/\/hoerske.de\/blog\/wp-json\/wp\/v2\/posts\/2656\/revisions"}],"wp:featuredmedia":[{"embeddable":true,"href":"https:\/\/hoerske.de\/blog\/wp-json\/wp\/v2\/media\/2658"}],"wp:attachment":[{"href":"https:\/\/hoerske.de\/blog\/wp-json\/wp\/v2\/media?parent=2656"}],"wp:term":[{"taxonomy":"category","embeddable":true,"href":"https:\/\/hoerske.de\/blog\/wp-json\/wp\/v2\/categories?post=2656"},{"taxonomy":"post_tag","embeddable":true,"href":"https:\/\/hoerske.de\/blog\/wp-json\/wp\/v2\/tags?post=2656"}],"curies":[{"name":"wp","href":"https:\/\/api.w.org\/{rel}","templated":true}]}}