{"id":26405,"date":"2024-04-01T08:00:00","date_gmt":"2024-04-01T06:00:00","guid":{"rendered":"https:\/\/www.hoerske.de\/?p=26405"},"modified":"2024-02-28T16:40:38","modified_gmt":"2024-02-28T14:40:38","slug":"eine-neue-aera-der-cannabis-politik-deutschlands-schritt-zur-legalisierung","status":"publish","type":"post","link":"https:\/\/hoerske.de\/blog\/2024\/04\/eine-neue-aera-der-cannabis-politik-deutschlands-schritt-zur-legalisierung\/","title":{"rendered":"Eine neue \u00c4ra der Cannabis-Politik: Deutschlands Schritt zur Legalisierung"},"content":{"rendered":"\n<p>Der Wind der Ver\u00e4nderung weht durch Deutschland, ein Land, das nun an der Schwelle einer bedeutsamen Wende in seiner Drogenpolitik steht. Mit dem Beginn des Jahres 2024 markiert Deutschland einen historischen Moment: die teilweise Legalisierung von <a href=\"https:\/\/www.hoerske.de\/themen\/cannabis\/\">Cannabis<\/a>. Dieser Schritt, lange erwartet und <a href=\"https:\/\/www.hoerske.de\/2015\/08\/legalisierung-vs-entkriminalisierung-von-cannabis\/\">intensiv diskutiert<\/a>, verspricht eine Neuausrichtung im Umgang mit der beliebten, aber auch kontroversen Substanz.<\/p>\n\n\n\n<h2 class=\"wp-block-heading\" id=\"h-der-weg-zur-legalisierung-von-cannabis\">Der Weg zur Legalisierung von Cannabis<\/h2>\n\n\n\n<p>Die Entscheidung der Bundesregierung, die Droge unter bestimmten Bedingungen zu legalisieren, ist das Resultat eines langen politischen Diskurses. Die Ampelkoalition, bestehend aus SPD, Gr\u00fcnen und FDP, hat sich nach intensiven Verhandlungen auf ein Modell geeinigt, das die kontrollierte Abgabe von Cannabis an Erwachsene in speziell lizenzierten Gesch\u00e4ften erm\u00f6glicht. Diese Neuregelung tritt offiziell heute am 1. April 2024 in Kraft und l\u00e4utet damit eine neue Phase in der deutschen Drogenpolitik ein.<\/p>\n\n\n\n<h2 class=\"wp-block-heading\" id=\"h-das-zwei-saulen-modell\">Das Zwei-S\u00e4ulen-Modell<\/h2>\n\n\n\n<p>Deutschland verfolgt mit seiner Cannabis-Politik ein innovatives &#8220;Zwei-S\u00e4ulen-Modell&#8221;. Ziel ist es, den Schwarzmarkt effektiv zu bek\u00e4mpfen und die Drogenkriminalit\u00e4t signifikant zu reduzieren. Dazu geh\u00f6rt nicht nur die Erlaubnis zum Eigenanbau von bis zu drei Cannabis-Pflanzen pro Person, sondern auch die Etablierung von sogenannten Cannabis-Clubs. Diese nicht-kommerziellen Vereine d\u00fcrfen Cannabis an ihre Mitglieder abgeben, wodurch ein sicherer und regulierter Zugang zu Qualit\u00e4tscannabis gew\u00e4hrleistet wird.<\/p>\n\n\n\n<h2 class=\"wp-block-heading\" id=\"h-regelungen-im-detail\">Regelungen im Detail<\/h2>\n\n\n\n<p>Die Legalisierung bringt detaillierte Regelungen mit sich:<\/p>\n\n\n\n<ul class=\"wp-block-list\">\n<li>Erwachsene ab 18 Jahren d\u00fcrfen Cannabis erwerben <\/li>\n\n\n\n<li>Der Verkauf erfolgt ausschlie\u00dflich in lizenzierten Gesch\u00e4ften innerhalb ausgew\u00e4hlter Modellregionen <\/li>\n\n\n\n<li>F\u00fcr den Eigenanbau sind bis zu drei Pflanzen gestattet <\/li>\n\n\n\n<li>Entsprechende Clubs d\u00fcrfen ihren Mitgliedern pro Ausgabe maximal 25 Gramm und monatlich nicht mehr als 50 Gramm Cannabis abgeben<\/li>\n<\/ul>\n\n\n\n<p>Dar\u00fcber hinaus setzt der Gesetzesentwurf klare Grenzen f\u00fcr den Konsum: Schutzzonen, die den Konsum in der N\u00e4he von Jugendeinrichtungen oder Kinderg\u00e4rten untersagen, sollen besonders vulnerable Gruppen sch\u00fctzen.<\/p>\n\n\n\n<h2 class=\"wp-block-heading\" id=\"h-gesellschaftliche-auswirkungen\">Gesellschaftliche Auswirkungen<\/h2>\n\n\n\n<p>Mit der Legalisierung geht die Bundesregierung auch neue Wege in der Pr\u00e4vention und Aufkl\u00e4rung. Ein besonderer Fokus liegt auf dem Schutz von Kindern, Jugendlichen und Schwangeren. Zudem wird das Konzept des &#8220;Drug-Checkings&#8221; st\u00e4rker in den Blick genommen, um die Sicherheit und Reinheit der Substanzen zu gew\u00e4hrleisten und so die Risiken f\u00fcr Konsumenten zu minimieren.<\/p>\n\n\n\n<h2 class=\"wp-block-heading\" id=\"h-herausforderungen-und-eu-recht\">Herausforderungen und EU-Recht<\/h2>\n\n\n\n<p>Die Legalisierung in Deutschland steht allerdings nicht unumstritten da. Bedenken bez\u00fcglich der Vereinbarkeit mit dem EU-Recht werfen Fragen auf. Trotz dieser rechtlichen Unsicherheiten hat die Bundesregierung einen entschlossenen Schritt gewagt, wohl wissend, dass eine Anpassung an europ\u00e4ische Standards und Gesetze notwendig sein k\u00f6nnte.<\/p>\n\n\n\n<h2 class=\"wp-block-heading\" id=\"h-ein-wendepunkt-in-der-drogenpolitik-deutschlands-mutiger-schritt-nach-vorn\">Ein Wendepunkt in der Drogenpolitik: Deutschlands mutiger Schritt nach vorn<\/h2>\n\n\n\n<p>Deutschlands Entscheidung zur teilweisen Legalisierung von Cannabis setzt ein klares Zeichen f\u00fcr einen progressiven und reformorientierten Umgang mit Drogenpolitik. Diese Neuerung birgt das Potential, die \u00f6ffentliche Gesundheit zu verbessern, den Schwarzmarkt einzud\u00e4mmen und die Kriminalit\u00e4tsrate zu senken. Gleichzeitig er\u00f6ffnet sie eine Debatte \u00fcber die zuk\u00fcnftige Ausrichtung der europ\u00e4ischen Drogenpolitik. Der Weg ist geebnet f\u00fcr eine \u00c4ra, in der Aufkl\u00e4rung, Pr\u00e4vention und kontrollierter Konsum im Mittelpunkt stehen. Deutschland begibt sich auf unerforschtes Terrain, mit der Hoffnung, dass diese mutige Entscheidung als Vorbild f\u00fcr eine moderne und humane Drogenpolitik dienen kann.<\/p>\n\n\n\n<h2 class=\"wp-block-heading\" id=\"h-der-standpunkt\">Der Standpunkt<\/h2>\n\n\n\n<p>Meine geneigten Leser werden wissen, dass ich der Legalisierung von Cannabis<a href=\"https:\/\/www.hoerske.de\/2016\/06\/cannabis-legalisierung\/\"> kritisch gegen\u00fcberstehe<\/a>. Dennoch stehe ich dem Gesetzesentwurf der Ampel-Koalition offen gegen\u00fcber. Die Erfahrungen, die nun gesammelt werden, m\u00fcssen dann evaluiert und neubewertet werden. <\/p>\n\n\n\n<p>Mein Hauptkritikpunkt ist die Bef\u00fcrchtung, dass die Legalisierung von Cannabis zu einem Anstieg des Cannabiskonsums insbesondere unter Jugendlichen f\u00fchren k\u00f6nnte. Dies k\u00f6nnte langfristig zu gesundheitlichen Problemen und Abh\u00e4ngigkeiten f\u00fchren, insbesondere wenn nicht ausreichende Aufkl\u00e4rung und Pr\u00e4ventionsma\u00dfnahmen getroffen werden. Eine Legalisierung kann immer auch mit einer Verharmlosung der Gefahren einher gehen. <\/p>\n\n\n\n<p>Des Weiteren habe ich Bedenken bez\u00fcglich der Auswirkungen auf die Verkehrssicherheit. Der Konsum von Cannabis kann die Fahrt\u00fcchtigkeit beeintr\u00e4chtigen und zu erh\u00f6hten Unfallraten f\u00fchren. Es ist daher wichtig, dass angemessene Kontroll- und \u00dcberwachungsmechanismen implementiert werden, um die Sicherheit im Stra\u00dfenverkehr zu gew\u00e4hrleisten.<\/p>\n\n\n\n<p>Ein weiterer Kritikpunkt betrifft die potenziellen negativen Auswirkungen auf die psychische Gesundheit. Insbesondere bei langfristigem und \u00fcberm\u00e4\u00dfigem Konsum kann Cannabis psychische St\u00f6rungen wie Angstzust\u00e4nde, Depressionen und Psychosen ausl\u00f6sen oder verschlimmern.<\/p>\n\n\n\n<p>Zus\u00e4tzlich bef\u00fcrchte ich, dass die Legalisierung von Cannabis die Gesellschaft spalten k\u00f6nnte, da einige Teile der Bev\u00f6lkerung die Entscheidung ablehnen und die Normalisierung des Cannabiskonsums als problematisch ansehen.<\/p>\n\n\n\n<p>Insgesamt bleibt abzuwarten, wie sich die Legalisierung von Cannabis langfristig auf die Gesellschaft auswirken wird. Es ist entscheidend, dass angemessene Regulierungs- und Kontrollmechanismen implementiert werden, um potenzielle negative Auswirkungen zu minimieren und gleichzeitig die potenziellen Vorteile der Legalisierung zu nutzen.<\/p>\n","protected":false},"excerpt":{"rendered":"<p>Der Wind der Ver\u00e4nderung weht durch Deutschland, ein Land, das nun an der Schwelle einer bedeutsamen Wende in seiner Drogenpolitik steht. Mit dem Beginn des Jahres 2024 markiert Deutschland einen historischen Moment: die teilweise Legalisierung von Cannabis. Dieser Schritt, lange erwartet und intensiv diskutiert, verspricht eine Neuausrichtung im Umgang mit der beliebten, aber auch kontroversen Substanz.<\/p>\n","protected":false},"author":1,"featured_media":26410,"comment_status":"open","ping_status":"open","sticky":false,"template":"","format":"standard","meta":{"jetpack_post_was_ever_published":false,"_jetpack_newsletter_access":"","_jetpack_dont_email_post_to_subs":true,"_jetpack_newsletter_tier_id":0,"_jetpack_memberships_contains_paywalled_content":false,"_jetpack_memberships_contains_paid_content":false,"footnotes":"","jetpack_publicize_message":"","jetpack_publicize_feature_enabled":true,"jetpack_social_post_already_shared":false,"jetpack_social_options":{"image_generator_settings":{"template":"highway","default_image_id":0,"font":"","enabled":false},"version":2},"_wpas_customize_per_network":false},"categories":[3528,43,476,73],"tags":[136,137],"class_list":["post-26405","post","type-post","status-publish","format-standard","has-post-thumbnail","hentry","category-3528","category-jahr","category-jurisprudenz","category-kommentar","tag-cannabis","tag-legalisierung"],"yoast_head":"<!-- This site is optimized with the Yoast SEO Premium plugin v27.3 (Yoast SEO v27.3) - https:\/\/yoast.com\/product\/yoast-seo-premium-wordpress\/ -->\n<title>Legalisierung von Cannabis in Deutschland - Timos Paper<\/title>\n<meta name=\"description\" content=\"Die Legalisierung von Cannabis in Deutschland: Ein neuer Ansatz in der Drogenpolitik. Erfahren Sie, welche Auswirkungen dies haben wird.\" \/>\n<meta name=\"robots\" content=\"index, follow, max-snippet:-1, max-image-preview:large, max-video-preview:-1\" \/>\n<link rel=\"canonical\" href=\"https:\/\/hoerske.de\/blog\/2024\/04\/eine-neue-aera-der-cannabis-politik-deutschlands-schritt-zur-legalisierung\/\" \/>\n<meta property=\"og:locale\" content=\"de_DE\" \/>\n<meta property=\"og:type\" content=\"article\" \/>\n<meta property=\"og:title\" content=\"Die Legalisierung von Cannabis in Deutschland: Neuausrichtung der Drogenpolitik\" \/>\n<meta property=\"og:description\" content=\"Der Beginn eines neuen Kapitels: Deutschland legalisiert Cannabis unter bestimmten Bedingungen.\" \/>\n<meta property=\"og:url\" content=\"https:\/\/hoerske.de\/blog\/2024\/04\/eine-neue-aera-der-cannabis-politik-deutschlands-schritt-zur-legalisierung\/\" \/>\n<meta property=\"og:site_name\" content=\"Timos Paper\" \/>\n<meta property=\"article:publisher\" content=\"https:\/\/www.facebook.com\/timo.hoerske\" \/>\n<meta property=\"article:author\" content=\"https:\/\/www.facebook.com\/timo.hoerske\" \/>\n<meta property=\"article:published_time\" content=\"2024-04-01T06:00:00+00:00\" \/>\n<meta property=\"og:image\" content=\"https:\/\/i0.wp.com\/blog.hoerske.de\/wp-content\/uploads\/2024\/04\/justitia_blog.png?fit=840%2C525\" \/>\n\t<meta property=\"og:image:width\" content=\"840\" \/>\n\t<meta property=\"og:image:height\" content=\"525\" \/>\n\t<meta property=\"og:image:type\" content=\"image\/png\" \/>\n<meta name=\"author\" content=\"Timo H\u00f6rske\" \/>\n<meta name=\"twitter:card\" content=\"summary_large_image\" \/>\n<meta name=\"twitter:title\" content=\"Die Legalisierung von Cannabis in Deutschland: Neuausrichtung der Drogenpolitik\" \/>\n<meta name=\"twitter:description\" content=\"Der Beginn eines neuen Kapitels: Deutschland legalisiert Cannabis unter bestimmten Bedingungen.\" \/>\n<meta name=\"twitter:creator\" content=\"@timo_hoerske\" \/>\n<meta name=\"twitter:site\" content=\"@timo_hoerske\" \/>\n<meta name=\"twitter:label1\" content=\"Verfasst von\" \/>\n\t<meta name=\"twitter:data1\" content=\"Timo H\u00f6rske\" \/>\n\t<meta name=\"twitter:label2\" content=\"Gesch\u00e4tzte Lesezeit\" \/>\n\t<meta name=\"twitter:data2\" content=\"5\u00a0Minuten\" \/>\n<script type=\"application\/ld+json\" class=\"yoast-schema-graph\">{\"@context\":\"https:\\\/\\\/schema.org\",\"@graph\":[{\"@type\":\"Article\",\"@id\":\"https:\\\/\\\/hoerske.de\\\/blog\\\/2024\\\/04\\\/eine-neue-aera-der-cannabis-politik-deutschlands-schritt-zur-legalisierung\\\/#article\",\"isPartOf\":{\"@id\":\"https:\\\/\\\/hoerske.de\\\/blog\\\/2024\\\/04\\\/eine-neue-aera-der-cannabis-politik-deutschlands-schritt-zur-legalisierung\\\/\"},\"author\":{\"name\":\"Timo H\u00f6rske\",\"@id\":\"https:\\\/\\\/hoerske.de\\\/blog\\\/#\\\/schema\\\/person\\\/20677cf2167fc7027b752c3bba78d5fc\"},\"headline\":\"Eine neue \u00c4ra der Cannabis-Politik: Deutschlands Schritt zur Legalisierung\",\"datePublished\":\"2024-04-01T06:00:00+00:00\",\"mainEntityOfPage\":{\"@id\":\"https:\\\/\\\/hoerske.de\\\/blog\\\/2024\\\/04\\\/eine-neue-aera-der-cannabis-politik-deutschlands-schritt-zur-legalisierung\\\/\"},\"wordCount\":778,\"commentCount\":0,\"publisher\":{\"@id\":\"https:\\\/\\\/hoerske.de\\\/blog\\\/#\\\/schema\\\/person\\\/20677cf2167fc7027b752c3bba78d5fc\"},\"image\":{\"@id\":\"https:\\\/\\\/hoerske.de\\\/blog\\\/2024\\\/04\\\/eine-neue-aera-der-cannabis-politik-deutschlands-schritt-zur-legalisierung\\\/#primaryimage\"},\"thumbnailUrl\":\"https:\\\/\\\/i0.wp.com\\\/hoerske.de\\\/blog\\\/wp-content\\\/uploads\\\/2024\\\/04\\\/justitia_blog.png?fit=840%2C525&ssl=1\",\"keywords\":[\"Cannabis\",\"Legalisierung\"],\"articleSection\":[\"2024\",\"Jahr\",\"Jurisprudenz\",\"Kommentar\"],\"inLanguage\":\"de\",\"potentialAction\":[{\"@type\":\"CommentAction\",\"name\":\"Comment\",\"target\":[\"https:\\\/\\\/hoerske.de\\\/blog\\\/2024\\\/04\\\/eine-neue-aera-der-cannabis-politik-deutschlands-schritt-zur-legalisierung\\\/#respond\"]}]},{\"@type\":\"WebPage\",\"@id\":\"https:\\\/\\\/hoerske.de\\\/blog\\\/2024\\\/04\\\/eine-neue-aera-der-cannabis-politik-deutschlands-schritt-zur-legalisierung\\\/\",\"url\":\"https:\\\/\\\/hoerske.de\\\/blog\\\/2024\\\/04\\\/eine-neue-aera-der-cannabis-politik-deutschlands-schritt-zur-legalisierung\\\/\",\"name\":\"Legalisierung von Cannabis in Deutschland - Timos Paper\",\"isPartOf\":{\"@id\":\"https:\\\/\\\/hoerske.de\\\/blog\\\/#website\"},\"primaryImageOfPage\":{\"@id\":\"https:\\\/\\\/hoerske.de\\\/blog\\\/2024\\\/04\\\/eine-neue-aera-der-cannabis-politik-deutschlands-schritt-zur-legalisierung\\\/#primaryimage\"},\"image\":{\"@id\":\"https:\\\/\\\/hoerske.de\\\/blog\\\/2024\\\/04\\\/eine-neue-aera-der-cannabis-politik-deutschlands-schritt-zur-legalisierung\\\/#primaryimage\"},\"thumbnailUrl\":\"https:\\\/\\\/i0.wp.com\\\/hoerske.de\\\/blog\\\/wp-content\\\/uploads\\\/2024\\\/04\\\/justitia_blog.png?fit=840%2C525&ssl=1\",\"datePublished\":\"2024-04-01T06:00:00+00:00\",\"description\":\"Die Legalisierung von Cannabis in Deutschland: Ein neuer Ansatz in der Drogenpolitik. Erfahren Sie, welche Auswirkungen dies haben wird.\",\"breadcrumb\":{\"@id\":\"https:\\\/\\\/hoerske.de\\\/blog\\\/2024\\\/04\\\/eine-neue-aera-der-cannabis-politik-deutschlands-schritt-zur-legalisierung\\\/#breadcrumb\"},\"inLanguage\":\"de\",\"potentialAction\":[{\"@type\":\"ReadAction\",\"target\":[\"https:\\\/\\\/hoerske.de\\\/blog\\\/2024\\\/04\\\/eine-neue-aera-der-cannabis-politik-deutschlands-schritt-zur-legalisierung\\\/\"]}]},{\"@type\":\"ImageObject\",\"inLanguage\":\"de\",\"@id\":\"https:\\\/\\\/hoerske.de\\\/blog\\\/2024\\\/04\\\/eine-neue-aera-der-cannabis-politik-deutschlands-schritt-zur-legalisierung\\\/#primaryimage\",\"url\":\"https:\\\/\\\/i0.wp.com\\\/hoerske.de\\\/blog\\\/wp-content\\\/uploads\\\/2024\\\/04\\\/justitia_blog.png?fit=840%2C525&ssl=1\",\"contentUrl\":\"https:\\\/\\\/i0.wp.com\\\/hoerske.de\\\/blog\\\/wp-content\\\/uploads\\\/2024\\\/04\\\/justitia_blog.png?fit=840%2C525&ssl=1\",\"width\":840,\"height\":525,\"caption\":\"justitia, r\u00f6mische G\u00f6ttin der Gerechtigkeit\"},{\"@type\":\"BreadcrumbList\",\"@id\":\"https:\\\/\\\/hoerske.de\\\/blog\\\/2024\\\/04\\\/eine-neue-aera-der-cannabis-politik-deutschlands-schritt-zur-legalisierung\\\/#breadcrumb\",\"itemListElement\":[{\"@type\":\"ListItem\",\"position\":1,\"name\":\"Startseite\",\"item\":\"https:\\\/\\\/hoerske.de\\\/blog\\\/\"},{\"@type\":\"ListItem\",\"position\":2,\"name\":\"Eine neue \u00c4ra der Cannabis-Politik: Deutschlands Schritt zur Legalisierung\"}]},{\"@type\":\"WebSite\",\"@id\":\"https:\\\/\\\/hoerske.de\\\/blog\\\/#website\",\"url\":\"https:\\\/\\\/hoerske.de\\\/blog\\\/\",\"name\":\"Timos Blog\",\"description\":\"ego cogito, ergo sum\",\"publisher\":{\"@id\":\"https:\\\/\\\/hoerske.de\\\/blog\\\/#\\\/schema\\\/person\\\/20677cf2167fc7027b752c3bba78d5fc\"},\"potentialAction\":[{\"@type\":\"SearchAction\",\"target\":{\"@type\":\"EntryPoint\",\"urlTemplate\":\"https:\\\/\\\/hoerske.de\\\/blog\\\/?s={search_term_string}\"},\"query-input\":{\"@type\":\"PropertyValueSpecification\",\"valueRequired\":true,\"valueName\":\"search_term_string\"}}],\"inLanguage\":\"de\"},{\"@type\":[\"Person\",\"Organization\"],\"@id\":\"https:\\\/\\\/hoerske.de\\\/blog\\\/#\\\/schema\\\/person\\\/20677cf2167fc7027b752c3bba78d5fc\",\"name\":\"Timo H\u00f6rske\",\"image\":{\"@type\":\"ImageObject\",\"inLanguage\":\"de\",\"@id\":\"https:\\\/\\\/i0.wp.com\\\/hoerske.de\\\/blog\\\/wp-content\\\/uploads\\\/2023\\\/01\\\/16711213967602.jpg?fit=1024%2C954&ssl=1\",\"url\":\"https:\\\/\\\/i0.wp.com\\\/hoerske.de\\\/blog\\\/wp-content\\\/uploads\\\/2023\\\/01\\\/16711213967602.jpg?fit=1024%2C954&ssl=1\",\"contentUrl\":\"https:\\\/\\\/i0.wp.com\\\/hoerske.de\\\/blog\\\/wp-content\\\/uploads\\\/2023\\\/01\\\/16711213967602.jpg?fit=1024%2C954&ssl=1\",\"width\":1024,\"height\":954,\"caption\":\"Timo H\u00f6rske\"},\"logo\":{\"@id\":\"https:\\\/\\\/i0.wp.com\\\/hoerske.de\\\/blog\\\/wp-content\\\/uploads\\\/2023\\\/01\\\/16711213967602.jpg?fit=1024%2C954&ssl=1\"},\"description\":\"Jahrgang 1985, als \\\"Ossi\\\" geboren, im beschaulichen Premnitz an der Havel aufgewachsen. Natur- und Kunstliebhaber. Seit \u00fcber 10 Jahren Wahlbremerhavener, K\u00fcsten- und Windfan. So ziemlich an Allem interessiert. Schwerpunkte sind aber eindeutig Politik, Gesellschaft, Rechtswesen, Natur, Imkerei und Technik. Rotes Parteibuch, Mitglied des Jugendhilfeausschusses der Stadt Bremerhaven, Vorsitzender eines Kleing\u00e4rtnervereins, Fachberater f\u00fcr das Kleingartenwesen, Verbandschef der Bremerhavener Kleing\u00e4rtner*innen. Hobbyimker, Freizeitblogger, Techniknerd.\",\"sameAs\":[\"https:\\\/\\\/www.hoerske.de\\\/\",\"https:\\\/\\\/www.facebook.com\\\/timo.hoerske\",\"https:\\\/\\\/www.instagram.com\\\/thoerske\\\/\",\"https:\\\/\\\/x.com\\\/timo_hoerske\"],\"url\":\"https:\\\/\\\/hoerske.de\\\/blog\\\/author\\\/roter_admin\\\/\"}]}<\/script>\n<!-- \/ Yoast SEO Premium plugin. -->","yoast_head_json":{"title":"Legalisierung von Cannabis in Deutschland - Timos Paper","description":"Die Legalisierung von Cannabis in Deutschland: Ein neuer Ansatz in der Drogenpolitik. Erfahren Sie, welche Auswirkungen dies haben wird.","robots":{"index":"index","follow":"follow","max-snippet":"max-snippet:-1","max-image-preview":"max-image-preview:large","max-video-preview":"max-video-preview:-1"},"canonical":"https:\/\/hoerske.de\/blog\/2024\/04\/eine-neue-aera-der-cannabis-politik-deutschlands-schritt-zur-legalisierung\/","og_locale":"de_DE","og_type":"article","og_title":"Die Legalisierung von Cannabis in Deutschland: Neuausrichtung der Drogenpolitik","og_description":"Der Beginn eines neuen Kapitels: Deutschland legalisiert Cannabis unter bestimmten Bedingungen.","og_url":"https:\/\/hoerske.de\/blog\/2024\/04\/eine-neue-aera-der-cannabis-politik-deutschlands-schritt-zur-legalisierung\/","og_site_name":"Timos Paper","article_publisher":"https:\/\/www.facebook.com\/timo.hoerske","article_author":"https:\/\/www.facebook.com\/timo.hoerske","article_published_time":"2024-04-01T06:00:00+00:00","og_image":[{"width":840,"height":525,"url":"https:\/\/i0.wp.com\/blog.hoerske.de\/wp-content\/uploads\/2024\/04\/justitia_blog.png?fit=840%2C525","type":"image\/png"}],"author":"Timo H\u00f6rske","twitter_card":"summary_large_image","twitter_title":"Die Legalisierung von Cannabis in Deutschland: Neuausrichtung der Drogenpolitik","twitter_description":"Der Beginn eines neuen Kapitels: Deutschland legalisiert Cannabis unter bestimmten Bedingungen.","twitter_creator":"@timo_hoerske","twitter_site":"@timo_hoerske","twitter_misc":{"Verfasst von":"Timo H\u00f6rske","Gesch\u00e4tzte Lesezeit":"5\u00a0Minuten"},"schema":{"@context":"https:\/\/schema.org","@graph":[{"@type":"Article","@id":"https:\/\/hoerske.de\/blog\/2024\/04\/eine-neue-aera-der-cannabis-politik-deutschlands-schritt-zur-legalisierung\/#article","isPartOf":{"@id":"https:\/\/hoerske.de\/blog\/2024\/04\/eine-neue-aera-der-cannabis-politik-deutschlands-schritt-zur-legalisierung\/"},"author":{"name":"Timo H\u00f6rske","@id":"https:\/\/hoerske.de\/blog\/#\/schema\/person\/20677cf2167fc7027b752c3bba78d5fc"},"headline":"Eine neue \u00c4ra der Cannabis-Politik: Deutschlands Schritt zur Legalisierung","datePublished":"2024-04-01T06:00:00+00:00","mainEntityOfPage":{"@id":"https:\/\/hoerske.de\/blog\/2024\/04\/eine-neue-aera-der-cannabis-politik-deutschlands-schritt-zur-legalisierung\/"},"wordCount":778,"commentCount":0,"publisher":{"@id":"https:\/\/hoerske.de\/blog\/#\/schema\/person\/20677cf2167fc7027b752c3bba78d5fc"},"image":{"@id":"https:\/\/hoerske.de\/blog\/2024\/04\/eine-neue-aera-der-cannabis-politik-deutschlands-schritt-zur-legalisierung\/#primaryimage"},"thumbnailUrl":"https:\/\/i0.wp.com\/hoerske.de\/blog\/wp-content\/uploads\/2024\/04\/justitia_blog.png?fit=840%2C525&ssl=1","keywords":["Cannabis","Legalisierung"],"articleSection":["2024","Jahr","Jurisprudenz","Kommentar"],"inLanguage":"de","potentialAction":[{"@type":"CommentAction","name":"Comment","target":["https:\/\/hoerske.de\/blog\/2024\/04\/eine-neue-aera-der-cannabis-politik-deutschlands-schritt-zur-legalisierung\/#respond"]}]},{"@type":"WebPage","@id":"https:\/\/hoerske.de\/blog\/2024\/04\/eine-neue-aera-der-cannabis-politik-deutschlands-schritt-zur-legalisierung\/","url":"https:\/\/hoerske.de\/blog\/2024\/04\/eine-neue-aera-der-cannabis-politik-deutschlands-schritt-zur-legalisierung\/","name":"Legalisierung von Cannabis in Deutschland - Timos Paper","isPartOf":{"@id":"https:\/\/hoerske.de\/blog\/#website"},"primaryImageOfPage":{"@id":"https:\/\/hoerske.de\/blog\/2024\/04\/eine-neue-aera-der-cannabis-politik-deutschlands-schritt-zur-legalisierung\/#primaryimage"},"image":{"@id":"https:\/\/hoerske.de\/blog\/2024\/04\/eine-neue-aera-der-cannabis-politik-deutschlands-schritt-zur-legalisierung\/#primaryimage"},"thumbnailUrl":"https:\/\/i0.wp.com\/hoerske.de\/blog\/wp-content\/uploads\/2024\/04\/justitia_blog.png?fit=840%2C525&ssl=1","datePublished":"2024-04-01T06:00:00+00:00","description":"Die Legalisierung von Cannabis in Deutschland: Ein neuer Ansatz in der Drogenpolitik. Erfahren Sie, welche Auswirkungen dies haben wird.","breadcrumb":{"@id":"https:\/\/hoerske.de\/blog\/2024\/04\/eine-neue-aera-der-cannabis-politik-deutschlands-schritt-zur-legalisierung\/#breadcrumb"},"inLanguage":"de","potentialAction":[{"@type":"ReadAction","target":["https:\/\/hoerske.de\/blog\/2024\/04\/eine-neue-aera-der-cannabis-politik-deutschlands-schritt-zur-legalisierung\/"]}]},{"@type":"ImageObject","inLanguage":"de","@id":"https:\/\/hoerske.de\/blog\/2024\/04\/eine-neue-aera-der-cannabis-politik-deutschlands-schritt-zur-legalisierung\/#primaryimage","url":"https:\/\/i0.wp.com\/hoerske.de\/blog\/wp-content\/uploads\/2024\/04\/justitia_blog.png?fit=840%2C525&ssl=1","contentUrl":"https:\/\/i0.wp.com\/hoerske.de\/blog\/wp-content\/uploads\/2024\/04\/justitia_blog.png?fit=840%2C525&ssl=1","width":840,"height":525,"caption":"justitia, r\u00f6mische G\u00f6ttin der Gerechtigkeit"},{"@type":"BreadcrumbList","@id":"https:\/\/hoerske.de\/blog\/2024\/04\/eine-neue-aera-der-cannabis-politik-deutschlands-schritt-zur-legalisierung\/#breadcrumb","itemListElement":[{"@type":"ListItem","position":1,"name":"Startseite","item":"https:\/\/hoerske.de\/blog\/"},{"@type":"ListItem","position":2,"name":"Eine neue \u00c4ra der Cannabis-Politik: Deutschlands Schritt zur Legalisierung"}]},{"@type":"WebSite","@id":"https:\/\/hoerske.de\/blog\/#website","url":"https:\/\/hoerske.de\/blog\/","name":"Timos Blog","description":"ego cogito, ergo sum","publisher":{"@id":"https:\/\/hoerske.de\/blog\/#\/schema\/person\/20677cf2167fc7027b752c3bba78d5fc"},"potentialAction":[{"@type":"SearchAction","target":{"@type":"EntryPoint","urlTemplate":"https:\/\/hoerske.de\/blog\/?s={search_term_string}"},"query-input":{"@type":"PropertyValueSpecification","valueRequired":true,"valueName":"search_term_string"}}],"inLanguage":"de"},{"@type":["Person","Organization"],"@id":"https:\/\/hoerske.de\/blog\/#\/schema\/person\/20677cf2167fc7027b752c3bba78d5fc","name":"Timo H\u00f6rske","image":{"@type":"ImageObject","inLanguage":"de","@id":"https:\/\/i0.wp.com\/hoerske.de\/blog\/wp-content\/uploads\/2023\/01\/16711213967602.jpg?fit=1024%2C954&ssl=1","url":"https:\/\/i0.wp.com\/hoerske.de\/blog\/wp-content\/uploads\/2023\/01\/16711213967602.jpg?fit=1024%2C954&ssl=1","contentUrl":"https:\/\/i0.wp.com\/hoerske.de\/blog\/wp-content\/uploads\/2023\/01\/16711213967602.jpg?fit=1024%2C954&ssl=1","width":1024,"height":954,"caption":"Timo H\u00f6rske"},"logo":{"@id":"https:\/\/i0.wp.com\/hoerske.de\/blog\/wp-content\/uploads\/2023\/01\/16711213967602.jpg?fit=1024%2C954&ssl=1"},"description":"Jahrgang 1985, als \"Ossi\" geboren, im beschaulichen Premnitz an der Havel aufgewachsen. Natur- und Kunstliebhaber. Seit \u00fcber 10 Jahren Wahlbremerhavener, K\u00fcsten- und Windfan. So ziemlich an Allem interessiert. Schwerpunkte sind aber eindeutig Politik, Gesellschaft, Rechtswesen, Natur, Imkerei und Technik. Rotes Parteibuch, Mitglied des Jugendhilfeausschusses der Stadt Bremerhaven, Vorsitzender eines Kleing\u00e4rtnervereins, Fachberater f\u00fcr das Kleingartenwesen, Verbandschef der Bremerhavener Kleing\u00e4rtner*innen. Hobbyimker, Freizeitblogger, Techniknerd.","sameAs":["https:\/\/www.hoerske.de\/","https:\/\/www.facebook.com\/timo.hoerske","https:\/\/www.instagram.com\/thoerske\/","https:\/\/x.com\/timo_hoerske"],"url":"https:\/\/hoerske.de\/blog\/author\/roter_admin\/"}]}},"jetpack_publicize_connections":[],"jetpack_featured_media_url":"https:\/\/i0.wp.com\/hoerske.de\/blog\/wp-content\/uploads\/2024\/04\/justitia_blog.png?fit=840%2C525&ssl=1","jetpack_shortlink":"https:\/\/wp.me\/p4W3ht-6RT","jetpack_sharing_enabled":true,"_links":{"self":[{"href":"https:\/\/hoerske.de\/blog\/wp-json\/wp\/v2\/posts\/26405","targetHints":{"allow":["GET"]}}],"collection":[{"href":"https:\/\/hoerske.de\/blog\/wp-json\/wp\/v2\/posts"}],"about":[{"href":"https:\/\/hoerske.de\/blog\/wp-json\/wp\/v2\/types\/post"}],"author":[{"embeddable":true,"href":"https:\/\/hoerske.de\/blog\/wp-json\/wp\/v2\/users\/1"}],"replies":[{"embeddable":true,"href":"https:\/\/hoerske.de\/blog\/wp-json\/wp\/v2\/comments?post=26405"}],"version-history":[{"count":2,"href":"https:\/\/hoerske.de\/blog\/wp-json\/wp\/v2\/posts\/26405\/revisions"}],"predecessor-version":[{"id":26409,"href":"https:\/\/hoerske.de\/blog\/wp-json\/wp\/v2\/posts\/26405\/revisions\/26409"}],"wp:featuredmedia":[{"embeddable":true,"href":"https:\/\/hoerske.de\/blog\/wp-json\/wp\/v2\/media\/26410"}],"wp:attachment":[{"href":"https:\/\/hoerske.de\/blog\/wp-json\/wp\/v2\/media?parent=26405"}],"wp:term":[{"taxonomy":"category","embeddable":true,"href":"https:\/\/hoerske.de\/blog\/wp-json\/wp\/v2\/categories?post=26405"},{"taxonomy":"post_tag","embeddable":true,"href":"https:\/\/hoerske.de\/blog\/wp-json\/wp\/v2\/tags?post=26405"}],"curies":[{"name":"wp","href":"https:\/\/api.w.org\/{rel}","templated":true}]}}