{"id":26073,"date":"2021-01-18T18:00:00","date_gmt":"2021-01-18T16:00:00","guid":{"rendered":"https:\/\/www.hoerske.de\/?p=26073"},"modified":"2021-01-18T10:01:13","modified_gmt":"2021-01-18T08:01:13","slug":"2021-geaendert-gesetzesaenderungen-ueberblick","status":"publish","type":"post","link":"https:\/\/hoerske.de\/blog\/2021\/01\/2021-geaendert-gesetzesaenderungen-ueberblick\/","title":{"rendered":"Was hat sich 2021 ge\u00e4ndert? &#8211; Die Gesetzes\u00e4nderungen im \u00dcberblick"},"content":{"rendered":"<p>Was hat sich zum 1. Januar 2021 ge\u00e4ndert? Nachstehend erh\u00e4ltst Du einen umfassenden \u00dcberblick \u00fcber alle Regeln und Gesetze die in Kraft getreten sind. Freuen d\u00fcrfen sich Familien, Geringverdiener, Rentner, Auszubildende und Arbeitslose. Eine \u00c4nderung gibt es vor allem im Kfz-Bereich, im Umweltschutz und im Bereich der Digitalisierung. Steuererleichterungen f\u00fcr Unternehmer stehen bei Investitionen an.<\/p>\n<h3> Grundrente, Kindergeld und Solidarit\u00e4tszuschlagsbefreiung<\/h3>\n<p>2021 wird das Kindergeld und der Kindergeldfreibetrag steigen. Eltern erhalten dann laut dem 2. Gesetz zur Familienentlastung<\/p>\n<p>&#8211; 219 Euro f\u00fcr die ersten beiden Kinder<br \/>\n&#8211; 225 Euro f\u00fcr das dritte Kind<br \/>\n&#8211; 250 Euro f\u00fcr das vierte Kind<\/p>\n<p>Der Kinderfreibetrag bei Eheleuten erh\u00f6ht sich auf 8.388 Euro.<\/p>\n<p>Der gesetzliche Mindestlohn steigt auf 9,50 Euro. Ebenfalls die Mindestausbildungsverg\u00fctung wird im Zuge dieses Gesetzes auf 550 Euro monatlich angehoben.<\/p>\n<p>Eine Entlastung gibt es f\u00fcr viele Besch\u00e4ftigte, die dann den Solidarit\u00e4tszuschlag nicht mehr zahlen m\u00fcssen. Dies betrifft rund 90% der arbeitenden Bev\u00f6lkerung.<\/p>\n<p>Eine einschneidende \u00c4nderung ist das Grundrente Gesetz. Wer 35 Jahre an Besch\u00e4ftigung mit niedriger Entlohnung oder Kindererziehungszeiten vorweisen kann, profitiert davon. F\u00fcr Minijobber gilt dieses Gesetz nicht.<\/p>\n<h3> Was \u00e4ndert sich noch f\u00fcr Arbeitnehmer?<\/h3>\n<p>Es gibt eine sogenannte Homeoffice-Pauschale. Allerdings werden davon nur diejenigen profitieren, die mehr als 1.000 Euro Werbungskosten j\u00e4hrlich nachweisen k\u00f6nnen.<\/p>\n<p>Der Grundfreibetrag steigt 2021 auf 9.744 Euro.<\/p>\n<h3> CO\u00b2 und Kfz- Steuer<\/h3>\n<p>Teuer wird es f\u00fcr Pkw-Besitzer mit einem hohen Benzinverbrauch und einem CO\u00b2 Aussto\u00df von mehr als 195 Gramm pro gefahrenen Kilometer, sie m\u00fcssen ab 2021 tiefer in den Geldeutel greifen.<\/p>\n<p>Au\u00dferdem kommt nun die lange angek\u00fcndigte CO\u00b2 Steuer, laut Gesetz des reformierten Brennstoffemissionshandels. Sie wird sich auf den Benzin- und Dieselpreis auswirken.<\/p>\n<h3> Was \u00e4ndert sich f\u00fcr Unternehmer?<\/h3>\n<p>Ab dem 1. Januar steigt die Umsatzsteuer wieder auf die S\u00e4tze von 19, bzw. 7 %. Eine Ausnahme davon bilden die Gastronomen, die bis zum 30. Juni 2021 bei einer Bewirtung vor Ort 7 stat 19% aufschlagen d\u00fcrfen. Bei Au\u00dfer Haus Verkauf \u00e4ndert es sich von 5 auf 7%.<\/p>\n<p>Das Gesetz zum Investitionsabzugsbetrag (IAB) erleichtert es Unternehmern, Anschaffungen zu t\u00e4tigen. Die Abschreibung darf bereits vor der Anschaffung geltend gemacht werden und es k\u00f6nnen zuk\u00fcnftig 50 statt 40% der Kosten als IAB abgezogen werden.<\/p>\n<h3>Weitere \u00c4nderungen im \u00dcberblick<\/h3>\n<p>&#8211; Insolvenzgeldumlage steigt von 0,06 auf 0,12 %<\/p>\n<p>&#8211; \u00c4nderung im Sanierungsverfahren<\/p>\n<p>&#8211; Strengere Regeln f\u00fcr steuerfreie Arbeitgeberleistungen<\/p>\n<p>&#8211; Anwalts- und Gerichtsgeb\u00fchren steigen<\/p>\n<p>&#8211; Spenden bis zu einer H\u00f6he von 300 Euro bed\u00fcrfen nur noch eines &#8220;vereinfachten Zuwendungsnachweises&#8221;.<\/p>\n<p>&#8211; Keine Arbeitsunf\u00e4higkeitsbescheinigung mehr auf dem Papier, sondern die AU wird ab dem 01.01. elektronisch an die Krankenkassen geschickt.<\/p>\n<p>&#8211; Die Geb\u00fchr f\u00fcr den neuen Personalausweis steigt auf 37 Euro<\/p>\n<p>&#8211; \u00c4nderung im Gesetz f\u00fcr Mieter und Vermieter<\/p>\n<p>&#8211; Erh\u00f6hung der Beitragsbemessungsgrenze in der gesetzlichen Kranken- und Rentenversicherung<\/p>\n<p>&#8211; Erh\u00f6hung der Hartz IV S\u00e4tze f\u00fcr Alleinerziehende und Alleinstehende.<\/p>\n","protected":false},"excerpt":{"rendered":"<p>Was hat sich zum 1. Januar 2021 ge\u00e4ndert? Im Artikel erh\u00e4ltst Du einen umfassenden \u00dcberblick \u00fcber alle Regeln und Gesetze die in Kraft getreten sind. Freuen d\u00fcrfen sich Familien, Geringverdiener, Rentner, Auszubildende und Arbeitslose. Eine \u00c4nderung gibt es vor allem im Kfz-Bereich, im Umweltschutz und im Bereich der Digitalisierung. Steuererleichterungen f\u00fcr Unternehmer stehen bei Investitionen an.<\/p>\n","protected":false},"author":1,"featured_media":3190,"comment_status":"open","ping_status":"open","sticky":false,"template":"","format":"standard","meta":{"jetpack_post_was_ever_published":false,"_jetpack_newsletter_access":"","_jetpack_dont_email_post_to_subs":false,"_jetpack_newsletter_tier_id":0,"_jetpack_memberships_contains_paywalled_content":false,"_jetpack_memberships_contains_paid_content":false,"footnotes":"","jetpack_publicize_message":"","jetpack_publicize_feature_enabled":true,"jetpack_social_post_already_shared":false,"jetpack_social_options":{"image_generator_settings":{"template":"highway","default_image_id":0,"font":"","enabled":false},"version":2},"_wpas_customize_per_network":false},"categories":[978,476,177],"tags":[3489,3490,227,3488,3485,3487,3486],"class_list":["post-26073","post","type-post","status-publish","format-standard","has-post-thumbnail","hentry","category-finanzen","category-jurisprudenz","category-politik","tag-1-januar","tag-anschaffung","tag-gesetz","tag-iab","tag-kindergeld","tag-saetze","tag-unternehmer"],"yoast_head":"<!-- This site is optimized with the Yoast SEO Premium plugin v27.3 (Yoast SEO v27.3) - https:\/\/yoast.com\/product\/yoast-seo-premium-wordpress\/ -->\n<title>Was hat sich 2021 ge\u00e4ndert? - Die Gesetzes\u00e4nderungen im \u00dcberblick - Timos Paper<\/title>\n<meta name=\"robots\" content=\"index, follow, max-snippet:-1, max-image-preview:large, max-video-preview:-1\" \/>\n<link rel=\"canonical\" href=\"https:\/\/hoerske.de\/blog\/2021\/01\/2021-geaendert-gesetzesaenderungen-ueberblick\/\" \/>\n<meta property=\"og:locale\" content=\"de_DE\" \/>\n<meta property=\"og:type\" content=\"article\" \/>\n<meta property=\"og:title\" content=\"Was hat sich 2021 ge\u00e4ndert? - Die Gesetzes\u00e4nderungen im \u00dcberblick\" \/>\n<meta property=\"og:description\" content=\"Was hat sich zum 1. Januar 2021 ge\u00e4ndert? Im Artikel erh\u00e4ltst Du einen umfassenden \u00dcberblick \u00fcber alle Regeln und Gesetze die in Kraft getreten sind. Freuen d\u00fcrfen sich Familien, Geringverdiener, Rentner, Auszubildende und Arbeitslose. Eine \u00c4nderung gibt es vor allem im Kfz-Bereich, im Umweltschutz und im Bereich der Digitalisierung. Steuererleichterungen f\u00fcr Unternehmer stehen bei Investitionen an.\" \/>\n<meta property=\"og:url\" content=\"https:\/\/hoerske.de\/blog\/2021\/01\/2021-geaendert-gesetzesaenderungen-ueberblick\/\" \/>\n<meta property=\"og:site_name\" content=\"Timos Paper\" \/>\n<meta property=\"article:publisher\" content=\"https:\/\/www.facebook.com\/timo.hoerske\" \/>\n<meta property=\"article:author\" content=\"https:\/\/www.facebook.com\/timo.hoerske\" \/>\n<meta property=\"article:published_time\" content=\"2021-01-18T16:00:00+00:00\" \/>\n<meta property=\"og:image\" content=\"https:\/\/hoerske.de\/blog\/wp-content\/uploads\/2018\/04\/jurisprudenz.png\" \/>\n\t<meta property=\"og:image:width\" content=\"810\" \/>\n\t<meta property=\"og:image:height\" content=\"450\" \/>\n\t<meta property=\"og:image:type\" content=\"image\/png\" \/>\n<meta name=\"author\" content=\"Timo H\u00f6rske\" \/>\n<meta name=\"twitter:card\" content=\"summary_large_image\" \/>\n<meta name=\"twitter:creator\" content=\"@timo_hoerske\" \/>\n<meta name=\"twitter:site\" content=\"@timo_hoerske\" \/>\n<meta name=\"twitter:label1\" content=\"Verfasst von\" \/>\n\t<meta name=\"twitter:data1\" content=\"Timo H\u00f6rske\" \/>\n\t<meta name=\"twitter:label2\" content=\"Gesch\u00e4tzte Lesezeit\" \/>\n\t<meta name=\"twitter:data2\" content=\"2\u00a0Minuten\" \/>\n<script type=\"application\/ld+json\" class=\"yoast-schema-graph\">{\"@context\":\"https:\\\/\\\/schema.org\",\"@graph\":[{\"@type\":\"Article\",\"@id\":\"https:\\\/\\\/hoerske.de\\\/blog\\\/2021\\\/01\\\/2021-geaendert-gesetzesaenderungen-ueberblick\\\/#article\",\"isPartOf\":{\"@id\":\"https:\\\/\\\/hoerske.de\\\/blog\\\/2021\\\/01\\\/2021-geaendert-gesetzesaenderungen-ueberblick\\\/\"},\"author\":{\"name\":\"Timo H\u00f6rske\",\"@id\":\"https:\\\/\\\/hoerske.de\\\/blog\\\/#\\\/schema\\\/person\\\/20677cf2167fc7027b752c3bba78d5fc\"},\"headline\":\"Was hat sich 2021 ge\u00e4ndert? &#8211; Die Gesetzes\u00e4nderungen im \u00dcberblick\",\"datePublished\":\"2021-01-18T16:00:00+00:00\",\"mainEntityOfPage\":{\"@id\":\"https:\\\/\\\/hoerske.de\\\/blog\\\/2021\\\/01\\\/2021-geaendert-gesetzesaenderungen-ueberblick\\\/\"},\"wordCount\":472,\"commentCount\":0,\"publisher\":{\"@id\":\"https:\\\/\\\/hoerske.de\\\/blog\\\/#\\\/schema\\\/person\\\/20677cf2167fc7027b752c3bba78d5fc\"},\"image\":{\"@id\":\"https:\\\/\\\/hoerske.de\\\/blog\\\/2021\\\/01\\\/2021-geaendert-gesetzesaenderungen-ueberblick\\\/#primaryimage\"},\"thumbnailUrl\":\"https:\\\/\\\/i0.wp.com\\\/hoerske.de\\\/blog\\\/wp-content\\\/uploads\\\/2018\\\/04\\\/jurisprudenz.png?fit=810%2C450&ssl=1\",\"keywords\":[\"1. Januar\",\"Anschaffung\",\"Gesetz\",\"IAB\",\"Kindergeld\",\"S\u00e4tze\",\"Unternehmer\"],\"articleSection\":[\"Finanzen\",\"Jurisprudenz\",\"Politik\"],\"inLanguage\":\"de\",\"potentialAction\":[{\"@type\":\"CommentAction\",\"name\":\"Comment\",\"target\":[\"https:\\\/\\\/hoerske.de\\\/blog\\\/2021\\\/01\\\/2021-geaendert-gesetzesaenderungen-ueberblick\\\/#respond\"]}]},{\"@type\":\"WebPage\",\"@id\":\"https:\\\/\\\/hoerske.de\\\/blog\\\/2021\\\/01\\\/2021-geaendert-gesetzesaenderungen-ueberblick\\\/\",\"url\":\"https:\\\/\\\/hoerske.de\\\/blog\\\/2021\\\/01\\\/2021-geaendert-gesetzesaenderungen-ueberblick\\\/\",\"name\":\"Was hat sich 2021 ge\u00e4ndert? - Die Gesetzes\u00e4nderungen im \u00dcberblick - Timos Paper\",\"isPartOf\":{\"@id\":\"https:\\\/\\\/hoerske.de\\\/blog\\\/#website\"},\"primaryImageOfPage\":{\"@id\":\"https:\\\/\\\/hoerske.de\\\/blog\\\/2021\\\/01\\\/2021-geaendert-gesetzesaenderungen-ueberblick\\\/#primaryimage\"},\"image\":{\"@id\":\"https:\\\/\\\/hoerske.de\\\/blog\\\/2021\\\/01\\\/2021-geaendert-gesetzesaenderungen-ueberblick\\\/#primaryimage\"},\"thumbnailUrl\":\"https:\\\/\\\/i0.wp.com\\\/hoerske.de\\\/blog\\\/wp-content\\\/uploads\\\/2018\\\/04\\\/jurisprudenz.png?fit=810%2C450&ssl=1\",\"datePublished\":\"2021-01-18T16:00:00+00:00\",\"breadcrumb\":{\"@id\":\"https:\\\/\\\/hoerske.de\\\/blog\\\/2021\\\/01\\\/2021-geaendert-gesetzesaenderungen-ueberblick\\\/#breadcrumb\"},\"inLanguage\":\"de\",\"potentialAction\":[{\"@type\":\"ReadAction\",\"target\":[\"https:\\\/\\\/hoerske.de\\\/blog\\\/2021\\\/01\\\/2021-geaendert-gesetzesaenderungen-ueberblick\\\/\"]}]},{\"@type\":\"ImageObject\",\"inLanguage\":\"de\",\"@id\":\"https:\\\/\\\/hoerske.de\\\/blog\\\/2021\\\/01\\\/2021-geaendert-gesetzesaenderungen-ueberblick\\\/#primaryimage\",\"url\":\"https:\\\/\\\/i0.wp.com\\\/hoerske.de\\\/blog\\\/wp-content\\\/uploads\\\/2018\\\/04\\\/jurisprudenz.png?fit=810%2C450&ssl=1\",\"contentUrl\":\"https:\\\/\\\/i0.wp.com\\\/hoerske.de\\\/blog\\\/wp-content\\\/uploads\\\/2018\\\/04\\\/jurisprudenz.png?fit=810%2C450&ssl=1\",\"width\":810,\"height\":450,\"caption\":\"antic | fotolia\"},{\"@type\":\"BreadcrumbList\",\"@id\":\"https:\\\/\\\/hoerske.de\\\/blog\\\/2021\\\/01\\\/2021-geaendert-gesetzesaenderungen-ueberblick\\\/#breadcrumb\",\"itemListElement\":[{\"@type\":\"ListItem\",\"position\":1,\"name\":\"Startseite\",\"item\":\"https:\\\/\\\/hoerske.de\\\/blog\\\/\"},{\"@type\":\"ListItem\",\"position\":2,\"name\":\"Was hat sich 2021 ge\u00e4ndert? &#8211; Die Gesetzes\u00e4nderungen im \u00dcberblick\"}]},{\"@type\":\"WebSite\",\"@id\":\"https:\\\/\\\/hoerske.de\\\/blog\\\/#website\",\"url\":\"https:\\\/\\\/hoerske.de\\\/blog\\\/\",\"name\":\"Timos Blog\",\"description\":\"ego cogito, ergo sum\",\"publisher\":{\"@id\":\"https:\\\/\\\/hoerske.de\\\/blog\\\/#\\\/schema\\\/person\\\/20677cf2167fc7027b752c3bba78d5fc\"},\"potentialAction\":[{\"@type\":\"SearchAction\",\"target\":{\"@type\":\"EntryPoint\",\"urlTemplate\":\"https:\\\/\\\/hoerske.de\\\/blog\\\/?s={search_term_string}\"},\"query-input\":{\"@type\":\"PropertyValueSpecification\",\"valueRequired\":true,\"valueName\":\"search_term_string\"}}],\"inLanguage\":\"de\"},{\"@type\":[\"Person\",\"Organization\"],\"@id\":\"https:\\\/\\\/hoerske.de\\\/blog\\\/#\\\/schema\\\/person\\\/20677cf2167fc7027b752c3bba78d5fc\",\"name\":\"Timo H\u00f6rske\",\"image\":{\"@type\":\"ImageObject\",\"inLanguage\":\"de\",\"@id\":\"https:\\\/\\\/i0.wp.com\\\/hoerske.de\\\/blog\\\/wp-content\\\/uploads\\\/2023\\\/01\\\/16711213967602.jpg?fit=1024%2C954&ssl=1\",\"url\":\"https:\\\/\\\/i0.wp.com\\\/hoerske.de\\\/blog\\\/wp-content\\\/uploads\\\/2023\\\/01\\\/16711213967602.jpg?fit=1024%2C954&ssl=1\",\"contentUrl\":\"https:\\\/\\\/i0.wp.com\\\/hoerske.de\\\/blog\\\/wp-content\\\/uploads\\\/2023\\\/01\\\/16711213967602.jpg?fit=1024%2C954&ssl=1\",\"width\":1024,\"height\":954,\"caption\":\"Timo H\u00f6rske\"},\"logo\":{\"@id\":\"https:\\\/\\\/i0.wp.com\\\/hoerske.de\\\/blog\\\/wp-content\\\/uploads\\\/2023\\\/01\\\/16711213967602.jpg?fit=1024%2C954&ssl=1\"},\"description\":\"Jahrgang 1985, als \\\"Ossi\\\" geboren, im beschaulichen Premnitz an der Havel aufgewachsen. Natur- und Kunstliebhaber. Seit \u00fcber 10 Jahren Wahlbremerhavener, K\u00fcsten- und Windfan. So ziemlich an Allem interessiert. Schwerpunkte sind aber eindeutig Politik, Gesellschaft, Rechtswesen, Natur, Imkerei und Technik. Rotes Parteibuch, Mitglied des Jugendhilfeausschusses der Stadt Bremerhaven, Vorsitzender eines Kleing\u00e4rtnervereins, Fachberater f\u00fcr das Kleingartenwesen, Verbandschef der Bremerhavener Kleing\u00e4rtner*innen. Hobbyimker, Freizeitblogger, Techniknerd.\",\"sameAs\":[\"https:\\\/\\\/www.hoerske.de\\\/\",\"https:\\\/\\\/www.facebook.com\\\/timo.hoerske\",\"https:\\\/\\\/www.instagram.com\\\/thoerske\\\/\",\"https:\\\/\\\/x.com\\\/timo_hoerske\"],\"url\":\"https:\\\/\\\/hoerske.de\\\/blog\\\/author\\\/roter_admin\\\/\"}]}<\/script>\n<!-- \/ Yoast SEO Premium plugin. -->","yoast_head_json":{"title":"Was hat sich 2021 ge\u00e4ndert? - Die Gesetzes\u00e4nderungen im \u00dcberblick - Timos Paper","robots":{"index":"index","follow":"follow","max-snippet":"max-snippet:-1","max-image-preview":"max-image-preview:large","max-video-preview":"max-video-preview:-1"},"canonical":"https:\/\/hoerske.de\/blog\/2021\/01\/2021-geaendert-gesetzesaenderungen-ueberblick\/","og_locale":"de_DE","og_type":"article","og_title":"Was hat sich 2021 ge\u00e4ndert? - Die Gesetzes\u00e4nderungen im \u00dcberblick","og_description":"Was hat sich zum 1. Januar 2021 ge\u00e4ndert? Im Artikel erh\u00e4ltst Du einen umfassenden \u00dcberblick \u00fcber alle Regeln und Gesetze die in Kraft getreten sind. Freuen d\u00fcrfen sich Familien, Geringverdiener, Rentner, Auszubildende und Arbeitslose. Eine \u00c4nderung gibt es vor allem im Kfz-Bereich, im Umweltschutz und im Bereich der Digitalisierung. Steuererleichterungen f\u00fcr Unternehmer stehen bei Investitionen an.","og_url":"https:\/\/hoerske.de\/blog\/2021\/01\/2021-geaendert-gesetzesaenderungen-ueberblick\/","og_site_name":"Timos Paper","article_publisher":"https:\/\/www.facebook.com\/timo.hoerske","article_author":"https:\/\/www.facebook.com\/timo.hoerske","article_published_time":"2021-01-18T16:00:00+00:00","og_image":[{"width":810,"height":450,"url":"https:\/\/hoerske.de\/blog\/wp-content\/uploads\/2018\/04\/jurisprudenz.png","type":"image\/png"}],"author":"Timo H\u00f6rske","twitter_card":"summary_large_image","twitter_creator":"@timo_hoerske","twitter_site":"@timo_hoerske","twitter_misc":{"Verfasst von":"Timo H\u00f6rske","Gesch\u00e4tzte Lesezeit":"2\u00a0Minuten"},"schema":{"@context":"https:\/\/schema.org","@graph":[{"@type":"Article","@id":"https:\/\/hoerske.de\/blog\/2021\/01\/2021-geaendert-gesetzesaenderungen-ueberblick\/#article","isPartOf":{"@id":"https:\/\/hoerske.de\/blog\/2021\/01\/2021-geaendert-gesetzesaenderungen-ueberblick\/"},"author":{"name":"Timo H\u00f6rske","@id":"https:\/\/hoerske.de\/blog\/#\/schema\/person\/20677cf2167fc7027b752c3bba78d5fc"},"headline":"Was hat sich 2021 ge\u00e4ndert? &#8211; Die Gesetzes\u00e4nderungen im \u00dcberblick","datePublished":"2021-01-18T16:00:00+00:00","mainEntityOfPage":{"@id":"https:\/\/hoerske.de\/blog\/2021\/01\/2021-geaendert-gesetzesaenderungen-ueberblick\/"},"wordCount":472,"commentCount":0,"publisher":{"@id":"https:\/\/hoerske.de\/blog\/#\/schema\/person\/20677cf2167fc7027b752c3bba78d5fc"},"image":{"@id":"https:\/\/hoerske.de\/blog\/2021\/01\/2021-geaendert-gesetzesaenderungen-ueberblick\/#primaryimage"},"thumbnailUrl":"https:\/\/i0.wp.com\/hoerske.de\/blog\/wp-content\/uploads\/2018\/04\/jurisprudenz.png?fit=810%2C450&ssl=1","keywords":["1. Januar","Anschaffung","Gesetz","IAB","Kindergeld","S\u00e4tze","Unternehmer"],"articleSection":["Finanzen","Jurisprudenz","Politik"],"inLanguage":"de","potentialAction":[{"@type":"CommentAction","name":"Comment","target":["https:\/\/hoerske.de\/blog\/2021\/01\/2021-geaendert-gesetzesaenderungen-ueberblick\/#respond"]}]},{"@type":"WebPage","@id":"https:\/\/hoerske.de\/blog\/2021\/01\/2021-geaendert-gesetzesaenderungen-ueberblick\/","url":"https:\/\/hoerske.de\/blog\/2021\/01\/2021-geaendert-gesetzesaenderungen-ueberblick\/","name":"Was hat sich 2021 ge\u00e4ndert? - Die Gesetzes\u00e4nderungen im \u00dcberblick - Timos Paper","isPartOf":{"@id":"https:\/\/hoerske.de\/blog\/#website"},"primaryImageOfPage":{"@id":"https:\/\/hoerske.de\/blog\/2021\/01\/2021-geaendert-gesetzesaenderungen-ueberblick\/#primaryimage"},"image":{"@id":"https:\/\/hoerske.de\/blog\/2021\/01\/2021-geaendert-gesetzesaenderungen-ueberblick\/#primaryimage"},"thumbnailUrl":"https:\/\/i0.wp.com\/hoerske.de\/blog\/wp-content\/uploads\/2018\/04\/jurisprudenz.png?fit=810%2C450&ssl=1","datePublished":"2021-01-18T16:00:00+00:00","breadcrumb":{"@id":"https:\/\/hoerske.de\/blog\/2021\/01\/2021-geaendert-gesetzesaenderungen-ueberblick\/#breadcrumb"},"inLanguage":"de","potentialAction":[{"@type":"ReadAction","target":["https:\/\/hoerske.de\/blog\/2021\/01\/2021-geaendert-gesetzesaenderungen-ueberblick\/"]}]},{"@type":"ImageObject","inLanguage":"de","@id":"https:\/\/hoerske.de\/blog\/2021\/01\/2021-geaendert-gesetzesaenderungen-ueberblick\/#primaryimage","url":"https:\/\/i0.wp.com\/hoerske.de\/blog\/wp-content\/uploads\/2018\/04\/jurisprudenz.png?fit=810%2C450&ssl=1","contentUrl":"https:\/\/i0.wp.com\/hoerske.de\/blog\/wp-content\/uploads\/2018\/04\/jurisprudenz.png?fit=810%2C450&ssl=1","width":810,"height":450,"caption":"antic | fotolia"},{"@type":"BreadcrumbList","@id":"https:\/\/hoerske.de\/blog\/2021\/01\/2021-geaendert-gesetzesaenderungen-ueberblick\/#breadcrumb","itemListElement":[{"@type":"ListItem","position":1,"name":"Startseite","item":"https:\/\/hoerske.de\/blog\/"},{"@type":"ListItem","position":2,"name":"Was hat sich 2021 ge\u00e4ndert? &#8211; Die Gesetzes\u00e4nderungen im \u00dcberblick"}]},{"@type":"WebSite","@id":"https:\/\/hoerske.de\/blog\/#website","url":"https:\/\/hoerske.de\/blog\/","name":"Timos Blog","description":"ego cogito, ergo sum","publisher":{"@id":"https:\/\/hoerske.de\/blog\/#\/schema\/person\/20677cf2167fc7027b752c3bba78d5fc"},"potentialAction":[{"@type":"SearchAction","target":{"@type":"EntryPoint","urlTemplate":"https:\/\/hoerske.de\/blog\/?s={search_term_string}"},"query-input":{"@type":"PropertyValueSpecification","valueRequired":true,"valueName":"search_term_string"}}],"inLanguage":"de"},{"@type":["Person","Organization"],"@id":"https:\/\/hoerske.de\/blog\/#\/schema\/person\/20677cf2167fc7027b752c3bba78d5fc","name":"Timo H\u00f6rske","image":{"@type":"ImageObject","inLanguage":"de","@id":"https:\/\/i0.wp.com\/hoerske.de\/blog\/wp-content\/uploads\/2023\/01\/16711213967602.jpg?fit=1024%2C954&ssl=1","url":"https:\/\/i0.wp.com\/hoerske.de\/blog\/wp-content\/uploads\/2023\/01\/16711213967602.jpg?fit=1024%2C954&ssl=1","contentUrl":"https:\/\/i0.wp.com\/hoerske.de\/blog\/wp-content\/uploads\/2023\/01\/16711213967602.jpg?fit=1024%2C954&ssl=1","width":1024,"height":954,"caption":"Timo H\u00f6rske"},"logo":{"@id":"https:\/\/i0.wp.com\/hoerske.de\/blog\/wp-content\/uploads\/2023\/01\/16711213967602.jpg?fit=1024%2C954&ssl=1"},"description":"Jahrgang 1985, als \"Ossi\" geboren, im beschaulichen Premnitz an der Havel aufgewachsen. Natur- und Kunstliebhaber. Seit \u00fcber 10 Jahren Wahlbremerhavener, K\u00fcsten- und Windfan. So ziemlich an Allem interessiert. Schwerpunkte sind aber eindeutig Politik, Gesellschaft, Rechtswesen, Natur, Imkerei und Technik. Rotes Parteibuch, Mitglied des Jugendhilfeausschusses der Stadt Bremerhaven, Vorsitzender eines Kleing\u00e4rtnervereins, Fachberater f\u00fcr das Kleingartenwesen, Verbandschef der Bremerhavener Kleing\u00e4rtner*innen. Hobbyimker, Freizeitblogger, Techniknerd.","sameAs":["https:\/\/www.hoerske.de\/","https:\/\/www.facebook.com\/timo.hoerske","https:\/\/www.instagram.com\/thoerske\/","https:\/\/x.com\/timo_hoerske"],"url":"https:\/\/hoerske.de\/blog\/author\/roter_admin\/"}]}},"jetpack_publicize_connections":[],"jetpack_featured_media_url":"https:\/\/i0.wp.com\/hoerske.de\/blog\/wp-content\/uploads\/2018\/04\/jurisprudenz.png?fit=810%2C450&ssl=1","jetpack_shortlink":"https:\/\/wp.me\/p4W3ht-6Mx","jetpack_sharing_enabled":true,"_links":{"self":[{"href":"https:\/\/hoerske.de\/blog\/wp-json\/wp\/v2\/posts\/26073","targetHints":{"allow":["GET"]}}],"collection":[{"href":"https:\/\/hoerske.de\/blog\/wp-json\/wp\/v2\/posts"}],"about":[{"href":"https:\/\/hoerske.de\/blog\/wp-json\/wp\/v2\/types\/post"}],"author":[{"embeddable":true,"href":"https:\/\/hoerske.de\/blog\/wp-json\/wp\/v2\/users\/1"}],"replies":[{"embeddable":true,"href":"https:\/\/hoerske.de\/blog\/wp-json\/wp\/v2\/comments?post=26073"}],"version-history":[{"count":0,"href":"https:\/\/hoerske.de\/blog\/wp-json\/wp\/v2\/posts\/26073\/revisions"}],"wp:featuredmedia":[{"embeddable":true,"href":"https:\/\/hoerske.de\/blog\/wp-json\/wp\/v2\/media\/3190"}],"wp:attachment":[{"href":"https:\/\/hoerske.de\/blog\/wp-json\/wp\/v2\/media?parent=26073"}],"wp:term":[{"taxonomy":"category","embeddable":true,"href":"https:\/\/hoerske.de\/blog\/wp-json\/wp\/v2\/categories?post=26073"},{"taxonomy":"post_tag","embeddable":true,"href":"https:\/\/hoerske.de\/blog\/wp-json\/wp\/v2\/tags?post=26073"}],"curies":[{"name":"wp","href":"https:\/\/api.w.org\/{rel}","templated":true}]}}