{"id":26037,"date":"2021-01-02T10:30:00","date_gmt":"2021-01-02T08:30:00","guid":{"rendered":"https:\/\/www.hoerske.de\/?p=26037"},"modified":"2020-12-16T14:16:29","modified_gmt":"2020-12-16T12:16:29","slug":"bienentagebuch-teil-12-die-winterbehandlung-von-honigbienen","status":"publish","type":"post","link":"https:\/\/hoerske.de\/blog\/2021\/01\/bienentagebuch-teil-12-die-winterbehandlung-von-honigbienen\/","title":{"rendered":"Bienentagebuch- Teil 12: Die Winterbehandlung von Honigbienen"},"content":{"rendered":"<p>W\u00e4hrend manche heimische Vogelarten in den Wintermonaten in den warmen S\u00fcden fliegen, halten S\u00e4ugetiere wie Hamster und Murmeltier w\u00e4hrend der kalten Jahreszeit Winterschlaf. Doch wie verh\u00e4lt es sich eigentlich mit den Bienen? Wie erleben diese den Winter und was m\u00fcssen Imker dabei besonders beachten?<\/p>\n<h2> Winterbehandlung von Bienen &#8211; warum diese notwendig ist<\/h2>\n<p>igentlich haben Bienen ein sehr kurzes Leben: die Bienen, die im Sommer geboren werden, \u00fcberleben wegen der sprichw\u00f6rtlichen harten Arbeit meist nur drei Wochen. Diejenigen jedoch, die noch im Sp\u00e4tsommer oder Herbst zur Welt kommen, k\u00f6nnen bis zu drei Monaten \u00fcberleben. Dabei leben diese von den Vorr\u00e4ten, die der gesamte Bienenstock im Sommer angelegt hat. Das Sammeln von Honig wird daher &#8211; selbstverst\u00e4ndlich auch wegen der fehlenden Bl\u00fcten &#8211; im Winter eingestellt.<\/p>\n<p>\u00dcberwintern muss ein Bienenstock dennoch trotzdem, weshalb er mit den ersten Bodenfr\u00f6sten auch andere Anforderungen an seine Lebensbedingungen stellt. So sollten die Flugl\u00f6cher der Bienenk\u00e4sten mit den ersten Nachtfr\u00f6sten eingeengt und mit M\u00e4usegittern versehen werden. Doch neben dem Schutz eines Bienenvolkes vor den R\u00e4ubereien anderer Bienenv\u00f6lker oder Tieren stellt vor allem der Befall mit der Varroamilbe eine ernsthafte Bedrohung f\u00fcr ein Bienenvolk im Winter dar. Onsofern ist die richtige Winterbehandlung wesentlich f\u00fcr das \u00dcberwintern eines Bienenvolkes.<\/p>\n<h2> Die Varroamilbe &#8211; Gefahr f\u00fcr Bienenv\u00f6lker<\/h2>\n<p>Die Varroamilbe wurde in den 1970er Jahren aus S\u00fcdostasien nach Europa eingeschleppt und hat sich hier schnell verbreitet. Sie ist ein etwa 1,1 Millimeter langer und 1,6 Millimeter breiter Parasit, der auf Honigbienen lebt und sich von deren H\u00e4molyphme, der K\u00f6rperfl\u00fcssigkeit von Bienen, ern\u00e4hrt.<\/p>\n<p>Er lebt direkt auf den erwachsenen Bienen beziehungsweise mitten in der Bienenbrut und schw\u00e4cht das Wachstum und die Entwicklung der Bienen. Den Befall eines Bienstockes mit Varroamilben nennt man Varroose, die zugleich als Seuche eingestuft wird. Die Behandlung einer Varrose erfolgt optimalerweise in zwei Schritten und beginnt nach der letzten Honigernte im Sommer oder fr\u00fchen Herbst.<\/p>\n<h2> Die Behandlung einer Varrose mit Ameisens\u00e4ure<\/h2>\n<p>Die Behandlung eines Befalls mit der Varroamilbe sollte nach der letzten Honigernte mit 60%-iger Ameisens\u00e4ure als erstem Schritt beginnen. Diese schwere, \u00e4tzende und zugleich wasserl\u00f6sliche S\u00e4ure erreicht auch die Bienenbrut. Die Anwendung von Ameisens\u00e4ure sollte au\u00dferdem bestenfalls zwei Mal &#8211; Ende Juli\/Anfang August sowie im September &#8211; erfolgen. Dabei ist jedoch auf die richtige Dosierung zu achten, da die Ameisens\u00e4ure sowohl die Bienen, als auch die Brut sch\u00e4digen kann.<\/p>\n<h2> Die Winterbehandlung von Honigbienen<\/h2>\n<figure>\n\t\t\t\t\t\t\t\t\t\t<img data-recalc-dims=\"1\" decoding=\"async\" src=\"https:\/\/i0.wp.com\/www.hoerske.de\/blog\/wp-content\/uploads\/2020\/02\/IMG-20200208-WA0001-768x576.jpg?resize=768%2C576&#038;ssl=1\" alt=\"&quot;Vorsichtiger Blick in die Beute&quot; - Gartenbienen in der Traube um die K\u00f6nigin\" loading=\"lazy\" srcset=\"https:\/\/www.hoerske.de\/blog\/wp-content\/uploads\/2020\/02\/IMG-20200208-WA0001-768x576.jpg 768w, https:\/\/www.hoerske.de\/blog\/wp-content\/uploads\/2020\/02\/IMG-20200208-WA0001-300x225.jpg 300w, https:\/\/www.hoerske.de\/blog\/wp-content\/uploads\/2020\/02\/IMG-20200208-WA0001-1024x768.jpg 1024w, https:\/\/www.hoerske.de\/blog\/wp-content\/uploads\/2020\/02\/IMG-20200208-WA0001-1536x1152.jpg 1536w, https:\/\/www.hoerske.de\/blog\/wp-content\/uploads\/2020\/02\/IMG-20200208-WA0001-360x270.jpg 360w, https:\/\/www.hoerske.de\/blog\/wp-content\/uploads\/2020\/02\/IMG-20200208-WA0001-80x60.jpg 80w, https:\/\/www.hoerske.de\/blog\/wp-content\/uploads\/2020\/02\/IMG-20200208-WA0001-928x696.jpg 928w, https:\/\/www.hoerske.de\/blog\/wp-content\/uploads\/2020\/02\/IMG-20200208-WA0001.jpg 1600w\" sizes=\"auto, (max-width: 768px) 100vw, 768px\" width=\"768\" height=\"576\"><figcaption>&#8220;Vorsichtiger Blick in die Beute&#8221; &#8211; Gartenbienen in der Traube um die K\u00f6nigin<\/figcaption><\/figure>\n<p>In einem zweiten Schritt des sogenannten &#8216;Integrierten Konzeptes&#8217; sollte der Bienenstock schlie\u00dflich mit Oxals\u00e4ure behandelt werden, um die Varrose restlos zu beseitigen. F\u00fcr diesen Behandlungsschritt muss das Bienenvolk brutfrei sein, da die Oxals\u00e4ure nicht in die verdeckelten Brutzellen eintritt. Erst wenn keine Brut mehr vorhanden ist, ist die abschlie\u00dfende Behandlung der Varrose mit Oxals\u00e4ure folglich sinnvoll und vor allem effektiv.&nbsp;Die sogenannte Winterbehandlung mit Oxals\u00e4ure kann somit regelm\u00e4\u00dfig ab Oktober erfolgen &#8211; bei besonders milden Wintern kann sich de Brutphase jedoch bis in den Dezember hineinziehen. Daher kann sich die Oxals\u00e4ureanwendung nicht selten auch bis in den Dezember verz\u00f6gern. Die Anwendung der Oxals\u00e4ure erfolgt schlie\u00dflich durch Betr\u00e4ufeln der Bienen in den Wabengassen &#8211; nicht der Waben selbst &#8211; einer zuvor verd\u00fcnnten Oxals\u00e4uredihydrat-L\u00f6sung mit Zucker, wobei 1 Liter dieser L\u00f6sung mit 100 Gramm Saccharose versetzt werden. Das Betr\u00e4ufeln erfolgt dann mittels einer 100 Milliliter Einwegspritze. Dieses Verfahren sollte nicht bei Temperaturen unter dem Gefrierpunkt angewendet werden. Au\u00dferdem sollte der Bienenstock bei der Behandlung so wenig wie m\u00f6glich gest\u00f6rt werden, um dessen Energieverbrauch und damit die Nahrungsressourcen zu sch\u00f6nen. Bei einer konsequenten Anwendung von Ameisen- und Oxals\u00e4ure kann eine Varrose damit optimal behandelt werden und das Bienenvolk im kommenden Fr\u00fchjahr seine Arbeit wieder aufnehmen.&nbsp;Unsere Bienenv\u00f6lker haben wir in den Tagen zwischen den Jahren behandelt und eingewintert, da es bei uns bisher relativ mild geblieben ist und die letzte Brut erst jetzt im sp\u00e4ten Dezember zu Ende gegangen ist.<\/p>\n","protected":false},"excerpt":{"rendered":"<p>W\u00e4hrend manche heimische Vogelarten in den Wintermonaten in den warmen S\u00fcden fliegen, halten S\u00e4ugetiere wie Hamster und Murmeltier w\u00e4hrend der kalten Jahreszeit Winterschlaf. Doch wie verh\u00e4lt es sich eigentlich mit den Bienen? Wie erleben diese den Winter und was m\u00fcssen Imker dabei besonders beachten?<\/p>\n","protected":false},"author":1,"featured_media":26043,"comment_status":"open","ping_status":"open","sticky":false,"template":"","format":"standard","meta":{"jetpack_post_was_ever_published":false,"_jetpack_newsletter_access":"","_jetpack_dont_email_post_to_subs":false,"_jetpack_newsletter_tier_id":0,"_jetpack_memberships_contains_paywalled_content":false,"_jetpack_memberships_contains_paid_content":false,"footnotes":"","jetpack_publicize_message":"","jetpack_publicize_feature_enabled":true,"jetpack_social_post_already_shared":false,"jetpack_social_options":{"image_generator_settings":{"template":"highway","default_image_id":0,"font":"","enabled":false},"version":2},"_wpas_customize_per_network":false},"categories":[3240,2935],"tags":[2436,3165,3484,566,3482,3483,958],"class_list":["post-26037","post","type-post","status-publish","format-standard","has-post-thumbnail","hentry","category-3240","category-bienentagebuch","tag-bienen","tag-honigbienen","tag-oxalsaeure","tag-sommer","tag-varroamilbe","tag-varrose","tag-winter"],"yoast_head":"<!-- This site is optimized with the Yoast SEO Premium plugin v27.5 (Yoast SEO v27.5) - https:\/\/yoast.com\/product\/yoast-seo-premium-wordpress\/ -->\n<title>Bienentagebuch- Teil 12: Die Winterbehandlung von Honigbienen - Timos Paper<\/title>\n<meta name=\"robots\" content=\"index, follow, max-snippet:-1, max-image-preview:large, max-video-preview:-1\" \/>\n<link rel=\"canonical\" href=\"https:\/\/hoerske.de\/blog\/2021\/01\/bienentagebuch-teil-12-die-winterbehandlung-von-honigbienen\/\" \/>\n<meta property=\"og:locale\" content=\"de_DE\" \/>\n<meta property=\"og:type\" content=\"article\" \/>\n<meta property=\"og:title\" content=\"Bienentagebuch- Teil 12: Die Winterbehandlung von Honigbienen\" \/>\n<meta property=\"og:description\" content=\"W\u00e4hrend manche heimische Vogelarten in den Wintermonaten in den warmen S\u00fcden fliegen, halten S\u00e4ugetiere wie Hamster und Murmeltier w\u00e4hrend der kalten Jahreszeit Winterschlaf. Doch wie verh\u00e4lt es sich eigentlich mit den Bienen? Wie erleben diese den Winter und was m\u00fcssen Imker dabei besonders beachten?\" \/>\n<meta property=\"og:url\" content=\"https:\/\/hoerske.de\/blog\/2021\/01\/bienentagebuch-teil-12-die-winterbehandlung-von-honigbienen\/\" \/>\n<meta property=\"og:site_name\" content=\"Timos Paper\" \/>\n<meta property=\"article:publisher\" content=\"https:\/\/www.facebook.com\/timo.hoerske\" \/>\n<meta property=\"article:author\" content=\"https:\/\/www.facebook.com\/timo.hoerske\" \/>\n<meta property=\"article:published_time\" content=\"2021-01-02T08:30:00+00:00\" \/>\n<meta property=\"og:image\" content=\"https:\/\/hoerske.de\/blog\/wp-content\/uploads\/2020\/12\/IMG-20190707-WA0015.jpg\" \/>\n\t<meta property=\"og:image:width\" content=\"1328\" \/>\n\t<meta property=\"og:image:height\" content=\"747\" \/>\n\t<meta property=\"og:image:type\" content=\"image\/jpeg\" \/>\n<meta name=\"author\" content=\"Timo H\u00f6rske\" \/>\n<meta name=\"twitter:card\" content=\"summary_large_image\" \/>\n<meta name=\"twitter:creator\" content=\"@timo_hoerske\" \/>\n<meta name=\"twitter:site\" content=\"@timo_hoerske\" \/>\n<meta name=\"twitter:label1\" content=\"Verfasst von\" \/>\n\t<meta name=\"twitter:data1\" content=\"Timo H\u00f6rske\" \/>\n\t<meta name=\"twitter:label2\" content=\"Gesch\u00e4tzte Lesezeit\" \/>\n\t<meta name=\"twitter:data2\" content=\"3\u00a0Minuten\" \/>\n<script type=\"application\/ld+json\" class=\"yoast-schema-graph\">{\"@context\":\"https:\\\/\\\/schema.org\",\"@graph\":[{\"@type\":\"Article\",\"@id\":\"https:\\\/\\\/hoerske.de\\\/blog\\\/2021\\\/01\\\/bienentagebuch-teil-12-die-winterbehandlung-von-honigbienen\\\/#article\",\"isPartOf\":{\"@id\":\"https:\\\/\\\/hoerske.de\\\/blog\\\/2021\\\/01\\\/bienentagebuch-teil-12-die-winterbehandlung-von-honigbienen\\\/\"},\"author\":{\"name\":\"Timo H\u00f6rske\",\"@id\":\"https:\\\/\\\/hoerske.de\\\/blog\\\/#\\\/schema\\\/person\\\/20677cf2167fc7027b752c3bba78d5fc\"},\"headline\":\"Bienentagebuch- Teil 12: Die Winterbehandlung von Honigbienen\",\"datePublished\":\"2021-01-02T08:30:00+00:00\",\"mainEntityOfPage\":{\"@id\":\"https:\\\/\\\/hoerske.de\\\/blog\\\/2021\\\/01\\\/bienentagebuch-teil-12-die-winterbehandlung-von-honigbienen\\\/\"},\"wordCount\":704,\"commentCount\":0,\"publisher\":{\"@id\":\"https:\\\/\\\/hoerske.de\\\/blog\\\/#\\\/schema\\\/person\\\/20677cf2167fc7027b752c3bba78d5fc\"},\"image\":{\"@id\":\"https:\\\/\\\/hoerske.de\\\/blog\\\/2021\\\/01\\\/bienentagebuch-teil-12-die-winterbehandlung-von-honigbienen\\\/#primaryimage\"},\"thumbnailUrl\":\"https:\\\/\\\/i0.wp.com\\\/hoerske.de\\\/blog\\\/wp-content\\\/uploads\\\/2020\\\/12\\\/IMG-20190707-WA0015.jpg?fit=1328%2C747&ssl=1\",\"keywords\":[\"Bienen\",\"Honigbienen\",\"Oxals\u00e4ure\",\"Sommer\",\"Varroamilbe\",\"Varrose\",\"Winter\"],\"articleSection\":[\"2020\",\"Bienentagebuch\"],\"inLanguage\":\"de\",\"potentialAction\":[{\"@type\":\"CommentAction\",\"name\":\"Comment\",\"target\":[\"https:\\\/\\\/hoerske.de\\\/blog\\\/2021\\\/01\\\/bienentagebuch-teil-12-die-winterbehandlung-von-honigbienen\\\/#respond\"]}]},{\"@type\":\"WebPage\",\"@id\":\"https:\\\/\\\/hoerske.de\\\/blog\\\/2021\\\/01\\\/bienentagebuch-teil-12-die-winterbehandlung-von-honigbienen\\\/\",\"url\":\"https:\\\/\\\/hoerske.de\\\/blog\\\/2021\\\/01\\\/bienentagebuch-teil-12-die-winterbehandlung-von-honigbienen\\\/\",\"name\":\"Bienentagebuch- Teil 12: Die Winterbehandlung von Honigbienen - Timos Paper\",\"isPartOf\":{\"@id\":\"https:\\\/\\\/hoerske.de\\\/blog\\\/#website\"},\"primaryImageOfPage\":{\"@id\":\"https:\\\/\\\/hoerske.de\\\/blog\\\/2021\\\/01\\\/bienentagebuch-teil-12-die-winterbehandlung-von-honigbienen\\\/#primaryimage\"},\"image\":{\"@id\":\"https:\\\/\\\/hoerske.de\\\/blog\\\/2021\\\/01\\\/bienentagebuch-teil-12-die-winterbehandlung-von-honigbienen\\\/#primaryimage\"},\"thumbnailUrl\":\"https:\\\/\\\/i0.wp.com\\\/hoerske.de\\\/blog\\\/wp-content\\\/uploads\\\/2020\\\/12\\\/IMG-20190707-WA0015.jpg?fit=1328%2C747&ssl=1\",\"datePublished\":\"2021-01-02T08:30:00+00:00\",\"breadcrumb\":{\"@id\":\"https:\\\/\\\/hoerske.de\\\/blog\\\/2021\\\/01\\\/bienentagebuch-teil-12-die-winterbehandlung-von-honigbienen\\\/#breadcrumb\"},\"inLanguage\":\"de\",\"potentialAction\":[{\"@type\":\"ReadAction\",\"target\":[\"https:\\\/\\\/hoerske.de\\\/blog\\\/2021\\\/01\\\/bienentagebuch-teil-12-die-winterbehandlung-von-honigbienen\\\/\"]}]},{\"@type\":\"ImageObject\",\"inLanguage\":\"de\",\"@id\":\"https:\\\/\\\/hoerske.de\\\/blog\\\/2021\\\/01\\\/bienentagebuch-teil-12-die-winterbehandlung-von-honigbienen\\\/#primaryimage\",\"url\":\"https:\\\/\\\/i0.wp.com\\\/hoerske.de\\\/blog\\\/wp-content\\\/uploads\\\/2020\\\/12\\\/IMG-20190707-WA0015.jpg?fit=1328%2C747&ssl=1\",\"contentUrl\":\"https:\\\/\\\/i0.wp.com\\\/hoerske.de\\\/blog\\\/wp-content\\\/uploads\\\/2020\\\/12\\\/IMG-20190707-WA0015.jpg?fit=1328%2C747&ssl=1\",\"width\":1328,\"height\":747,\"caption\":\"Blick auf eine sommerliche Brutwabe\"},{\"@type\":\"BreadcrumbList\",\"@id\":\"https:\\\/\\\/hoerske.de\\\/blog\\\/2021\\\/01\\\/bienentagebuch-teil-12-die-winterbehandlung-von-honigbienen\\\/#breadcrumb\",\"itemListElement\":[{\"@type\":\"ListItem\",\"position\":1,\"name\":\"Startseite\",\"item\":\"https:\\\/\\\/hoerske.de\\\/blog\\\/\"},{\"@type\":\"ListItem\",\"position\":2,\"name\":\"Bienentagebuch- Teil 12: Die Winterbehandlung von Honigbienen\"}]},{\"@type\":\"WebSite\",\"@id\":\"https:\\\/\\\/hoerske.de\\\/blog\\\/#website\",\"url\":\"https:\\\/\\\/hoerske.de\\\/blog\\\/\",\"name\":\"Timos Blog\",\"description\":\"ego cogito, ergo sum\",\"publisher\":{\"@id\":\"https:\\\/\\\/hoerske.de\\\/blog\\\/#\\\/schema\\\/person\\\/20677cf2167fc7027b752c3bba78d5fc\"},\"potentialAction\":[{\"@type\":\"SearchAction\",\"target\":{\"@type\":\"EntryPoint\",\"urlTemplate\":\"https:\\\/\\\/hoerske.de\\\/blog\\\/?s={search_term_string}\"},\"query-input\":{\"@type\":\"PropertyValueSpecification\",\"valueRequired\":true,\"valueName\":\"search_term_string\"}}],\"inLanguage\":\"de\"},{\"@type\":[\"Person\",\"Organization\"],\"@id\":\"https:\\\/\\\/hoerske.de\\\/blog\\\/#\\\/schema\\\/person\\\/20677cf2167fc7027b752c3bba78d5fc\",\"name\":\"Timo H\u00f6rske\",\"image\":{\"@type\":\"ImageObject\",\"inLanguage\":\"de\",\"@id\":\"https:\\\/\\\/i0.wp.com\\\/hoerske.de\\\/blog\\\/wp-content\\\/uploads\\\/2023\\\/01\\\/16711213967602.jpg?fit=1024%2C954&ssl=1\",\"url\":\"https:\\\/\\\/i0.wp.com\\\/hoerske.de\\\/blog\\\/wp-content\\\/uploads\\\/2023\\\/01\\\/16711213967602.jpg?fit=1024%2C954&ssl=1\",\"contentUrl\":\"https:\\\/\\\/i0.wp.com\\\/hoerske.de\\\/blog\\\/wp-content\\\/uploads\\\/2023\\\/01\\\/16711213967602.jpg?fit=1024%2C954&ssl=1\",\"width\":1024,\"height\":954,\"caption\":\"Timo H\u00f6rske\"},\"logo\":{\"@id\":\"https:\\\/\\\/i0.wp.com\\\/hoerske.de\\\/blog\\\/wp-content\\\/uploads\\\/2023\\\/01\\\/16711213967602.jpg?fit=1024%2C954&ssl=1\"},\"description\":\"Jahrgang 1985, als \\\"Ossi\\\" geboren, im beschaulichen Premnitz an der Havel aufgewachsen. Natur- und Kunstliebhaber. Seit \u00fcber 10 Jahren Wahlbremerhavener, K\u00fcsten- und Windfan. So ziemlich an Allem interessiert. Schwerpunkte sind aber eindeutig Politik, Gesellschaft, Rechtswesen, Natur, Imkerei und Technik. Rotes Parteibuch, Mitglied des Jugendhilfeausschusses der Stadt Bremerhaven, Vorsitzender eines Kleing\u00e4rtnervereins, Fachberater f\u00fcr das Kleingartenwesen, Verbandschef der Bremerhavener Kleing\u00e4rtner*innen. Hobbyimker, Freizeitblogger, Techniknerd.\",\"sameAs\":[\"https:\\\/\\\/www.hoerske.de\\\/\",\"https:\\\/\\\/www.facebook.com\\\/timo.hoerske\",\"https:\\\/\\\/www.instagram.com\\\/thoerske\\\/\",\"https:\\\/\\\/x.com\\\/timo_hoerske\"],\"url\":\"https:\\\/\\\/hoerske.de\\\/blog\\\/author\\\/roter_admin\\\/\"}]}<\/script>\n<!-- \/ Yoast SEO Premium plugin. -->","yoast_head_json":{"title":"Bienentagebuch- Teil 12: Die Winterbehandlung von Honigbienen - Timos Paper","robots":{"index":"index","follow":"follow","max-snippet":"max-snippet:-1","max-image-preview":"max-image-preview:large","max-video-preview":"max-video-preview:-1"},"canonical":"https:\/\/hoerske.de\/blog\/2021\/01\/bienentagebuch-teil-12-die-winterbehandlung-von-honigbienen\/","og_locale":"de_DE","og_type":"article","og_title":"Bienentagebuch- Teil 12: Die Winterbehandlung von Honigbienen","og_description":"W\u00e4hrend manche heimische Vogelarten in den Wintermonaten in den warmen S\u00fcden fliegen, halten S\u00e4ugetiere wie Hamster und Murmeltier w\u00e4hrend der kalten Jahreszeit Winterschlaf. Doch wie verh\u00e4lt es sich eigentlich mit den Bienen? Wie erleben diese den Winter und was m\u00fcssen Imker dabei besonders beachten?","og_url":"https:\/\/hoerske.de\/blog\/2021\/01\/bienentagebuch-teil-12-die-winterbehandlung-von-honigbienen\/","og_site_name":"Timos Paper","article_publisher":"https:\/\/www.facebook.com\/timo.hoerske","article_author":"https:\/\/www.facebook.com\/timo.hoerske","article_published_time":"2021-01-02T08:30:00+00:00","og_image":[{"width":1328,"height":747,"url":"https:\/\/hoerske.de\/blog\/wp-content\/uploads\/2020\/12\/IMG-20190707-WA0015.jpg","type":"image\/jpeg"}],"author":"Timo H\u00f6rske","twitter_card":"summary_large_image","twitter_creator":"@timo_hoerske","twitter_site":"@timo_hoerske","twitter_misc":{"Verfasst von":"Timo H\u00f6rske","Gesch\u00e4tzte Lesezeit":"3\u00a0Minuten"},"schema":{"@context":"https:\/\/schema.org","@graph":[{"@type":"Article","@id":"https:\/\/hoerske.de\/blog\/2021\/01\/bienentagebuch-teil-12-die-winterbehandlung-von-honigbienen\/#article","isPartOf":{"@id":"https:\/\/hoerske.de\/blog\/2021\/01\/bienentagebuch-teil-12-die-winterbehandlung-von-honigbienen\/"},"author":{"name":"Timo H\u00f6rske","@id":"https:\/\/hoerske.de\/blog\/#\/schema\/person\/20677cf2167fc7027b752c3bba78d5fc"},"headline":"Bienentagebuch- Teil 12: Die Winterbehandlung von Honigbienen","datePublished":"2021-01-02T08:30:00+00:00","mainEntityOfPage":{"@id":"https:\/\/hoerske.de\/blog\/2021\/01\/bienentagebuch-teil-12-die-winterbehandlung-von-honigbienen\/"},"wordCount":704,"commentCount":0,"publisher":{"@id":"https:\/\/hoerske.de\/blog\/#\/schema\/person\/20677cf2167fc7027b752c3bba78d5fc"},"image":{"@id":"https:\/\/hoerske.de\/blog\/2021\/01\/bienentagebuch-teil-12-die-winterbehandlung-von-honigbienen\/#primaryimage"},"thumbnailUrl":"https:\/\/i0.wp.com\/hoerske.de\/blog\/wp-content\/uploads\/2020\/12\/IMG-20190707-WA0015.jpg?fit=1328%2C747&ssl=1","keywords":["Bienen","Honigbienen","Oxals\u00e4ure","Sommer","Varroamilbe","Varrose","Winter"],"articleSection":["2020","Bienentagebuch"],"inLanguage":"de","potentialAction":[{"@type":"CommentAction","name":"Comment","target":["https:\/\/hoerske.de\/blog\/2021\/01\/bienentagebuch-teil-12-die-winterbehandlung-von-honigbienen\/#respond"]}]},{"@type":"WebPage","@id":"https:\/\/hoerske.de\/blog\/2021\/01\/bienentagebuch-teil-12-die-winterbehandlung-von-honigbienen\/","url":"https:\/\/hoerske.de\/blog\/2021\/01\/bienentagebuch-teil-12-die-winterbehandlung-von-honigbienen\/","name":"Bienentagebuch- Teil 12: Die Winterbehandlung von Honigbienen - Timos Paper","isPartOf":{"@id":"https:\/\/hoerske.de\/blog\/#website"},"primaryImageOfPage":{"@id":"https:\/\/hoerske.de\/blog\/2021\/01\/bienentagebuch-teil-12-die-winterbehandlung-von-honigbienen\/#primaryimage"},"image":{"@id":"https:\/\/hoerske.de\/blog\/2021\/01\/bienentagebuch-teil-12-die-winterbehandlung-von-honigbienen\/#primaryimage"},"thumbnailUrl":"https:\/\/i0.wp.com\/hoerske.de\/blog\/wp-content\/uploads\/2020\/12\/IMG-20190707-WA0015.jpg?fit=1328%2C747&ssl=1","datePublished":"2021-01-02T08:30:00+00:00","breadcrumb":{"@id":"https:\/\/hoerske.de\/blog\/2021\/01\/bienentagebuch-teil-12-die-winterbehandlung-von-honigbienen\/#breadcrumb"},"inLanguage":"de","potentialAction":[{"@type":"ReadAction","target":["https:\/\/hoerske.de\/blog\/2021\/01\/bienentagebuch-teil-12-die-winterbehandlung-von-honigbienen\/"]}]},{"@type":"ImageObject","inLanguage":"de","@id":"https:\/\/hoerske.de\/blog\/2021\/01\/bienentagebuch-teil-12-die-winterbehandlung-von-honigbienen\/#primaryimage","url":"https:\/\/i0.wp.com\/hoerske.de\/blog\/wp-content\/uploads\/2020\/12\/IMG-20190707-WA0015.jpg?fit=1328%2C747&ssl=1","contentUrl":"https:\/\/i0.wp.com\/hoerske.de\/blog\/wp-content\/uploads\/2020\/12\/IMG-20190707-WA0015.jpg?fit=1328%2C747&ssl=1","width":1328,"height":747,"caption":"Blick auf eine sommerliche Brutwabe"},{"@type":"BreadcrumbList","@id":"https:\/\/hoerske.de\/blog\/2021\/01\/bienentagebuch-teil-12-die-winterbehandlung-von-honigbienen\/#breadcrumb","itemListElement":[{"@type":"ListItem","position":1,"name":"Startseite","item":"https:\/\/hoerske.de\/blog\/"},{"@type":"ListItem","position":2,"name":"Bienentagebuch- Teil 12: Die Winterbehandlung von Honigbienen"}]},{"@type":"WebSite","@id":"https:\/\/hoerske.de\/blog\/#website","url":"https:\/\/hoerske.de\/blog\/","name":"Timos Blog","description":"ego cogito, ergo sum","publisher":{"@id":"https:\/\/hoerske.de\/blog\/#\/schema\/person\/20677cf2167fc7027b752c3bba78d5fc"},"potentialAction":[{"@type":"SearchAction","target":{"@type":"EntryPoint","urlTemplate":"https:\/\/hoerske.de\/blog\/?s={search_term_string}"},"query-input":{"@type":"PropertyValueSpecification","valueRequired":true,"valueName":"search_term_string"}}],"inLanguage":"de"},{"@type":["Person","Organization"],"@id":"https:\/\/hoerske.de\/blog\/#\/schema\/person\/20677cf2167fc7027b752c3bba78d5fc","name":"Timo H\u00f6rske","image":{"@type":"ImageObject","inLanguage":"de","@id":"https:\/\/i0.wp.com\/hoerske.de\/blog\/wp-content\/uploads\/2023\/01\/16711213967602.jpg?fit=1024%2C954&ssl=1","url":"https:\/\/i0.wp.com\/hoerske.de\/blog\/wp-content\/uploads\/2023\/01\/16711213967602.jpg?fit=1024%2C954&ssl=1","contentUrl":"https:\/\/i0.wp.com\/hoerske.de\/blog\/wp-content\/uploads\/2023\/01\/16711213967602.jpg?fit=1024%2C954&ssl=1","width":1024,"height":954,"caption":"Timo H\u00f6rske"},"logo":{"@id":"https:\/\/i0.wp.com\/hoerske.de\/blog\/wp-content\/uploads\/2023\/01\/16711213967602.jpg?fit=1024%2C954&ssl=1"},"description":"Jahrgang 1985, als \"Ossi\" geboren, im beschaulichen Premnitz an der Havel aufgewachsen. Natur- und Kunstliebhaber. Seit \u00fcber 10 Jahren Wahlbremerhavener, K\u00fcsten- und Windfan. So ziemlich an Allem interessiert. Schwerpunkte sind aber eindeutig Politik, Gesellschaft, Rechtswesen, Natur, Imkerei und Technik. Rotes Parteibuch, Mitglied des Jugendhilfeausschusses der Stadt Bremerhaven, Vorsitzender eines Kleing\u00e4rtnervereins, Fachberater f\u00fcr das Kleingartenwesen, Verbandschef der Bremerhavener Kleing\u00e4rtner*innen. Hobbyimker, Freizeitblogger, Techniknerd.","sameAs":["https:\/\/www.hoerske.de\/","https:\/\/www.facebook.com\/timo.hoerske","https:\/\/www.instagram.com\/thoerske\/","https:\/\/x.com\/timo_hoerske"],"url":"https:\/\/hoerske.de\/blog\/author\/roter_admin\/"}]}},"jetpack_publicize_connections":[],"jetpack_featured_media_url":"https:\/\/i0.wp.com\/hoerske.de\/blog\/wp-content\/uploads\/2020\/12\/IMG-20190707-WA0015.jpg?fit=1328%2C747&ssl=1","jetpack_shortlink":"https:\/\/wp.me\/p4W3ht-6LX","jetpack_sharing_enabled":true,"_links":{"self":[{"href":"https:\/\/hoerske.de\/blog\/wp-json\/wp\/v2\/posts\/26037","targetHints":{"allow":["GET"]}}],"collection":[{"href":"https:\/\/hoerske.de\/blog\/wp-json\/wp\/v2\/posts"}],"about":[{"href":"https:\/\/hoerske.de\/blog\/wp-json\/wp\/v2\/types\/post"}],"author":[{"embeddable":true,"href":"https:\/\/hoerske.de\/blog\/wp-json\/wp\/v2\/users\/1"}],"replies":[{"embeddable":true,"href":"https:\/\/hoerske.de\/blog\/wp-json\/wp\/v2\/comments?post=26037"}],"version-history":[{"count":0,"href":"https:\/\/hoerske.de\/blog\/wp-json\/wp\/v2\/posts\/26037\/revisions"}],"wp:featuredmedia":[{"embeddable":true,"href":"https:\/\/hoerske.de\/blog\/wp-json\/wp\/v2\/media\/26043"}],"wp:attachment":[{"href":"https:\/\/hoerske.de\/blog\/wp-json\/wp\/v2\/media?parent=26037"}],"wp:term":[{"taxonomy":"category","embeddable":true,"href":"https:\/\/hoerske.de\/blog\/wp-json\/wp\/v2\/categories?post=26037"},{"taxonomy":"post_tag","embeddable":true,"href":"https:\/\/hoerske.de\/blog\/wp-json\/wp\/v2\/tags?post=26037"}],"curies":[{"name":"wp","href":"https:\/\/api.w.org\/{rel}","templated":true}]}}