{"id":2536,"date":"2017-12-02T01:33:22","date_gmt":"2017-12-01T23:33:22","guid":{"rendered":"https:\/\/www.hoerske.de\/?p=2536"},"modified":"2017-12-02T01:35:55","modified_gmt":"2017-12-01T23:35:55","slug":"warum-stille-nicht-das-gleiche-ist-wie-geraeuscharme-momente","status":"publish","type":"post","link":"https:\/\/hoerske.de\/blog\/2017\/12\/warum-stille-nicht-das-gleiche-ist-wie-geraeuscharme-momente\/","title":{"rendered":"Warum Stille nicht das gleiche ist, wie ger\u00e4uscharme Momente&#8230;"},"content":{"rendered":"<p>Mit dem 01. Dezember beginnt die stille Zeit des Jahres. Wir sprechen von der Vorweihnachtszeit, der Zeit der Besinnung und Stille. Ein guter Zeitpunkt sich mit dem Thema der Stille einmal n\u00e4her auseinander zusetzen.<\/p>\n<h2>Was ist Stille?<\/h2>\n<p>Das althochdeutsche stilli steht f\u00fcr die Beschreibung eines Momentes ohne Bewegung, eines ruhigen Zeitpunktes oder einer Situation ohne Ger\u00e4usche. Die deutsche Sprache kennt viele Bedeutungen f\u00fcr das Wort Stille: Lautlosigkeit, Abwesenheit von jeglichen Ger\u00e4uschen, aber eben auch eine Form der Bewegungslosigkeit. Stille ist sprachlich steigerbar mit Totenstille und wird als Gegenbegriff von Ger\u00e4uschen, L\u00e4rm und \u00c4hnlichem gepr\u00e4gt.<\/p>\n<h2>Vollkommene Stille ist weder angenehm, noch per se entspannend<\/h2>\n<p>Eine vollkommene Stille entsteht, wenn in einem Raum, die Begrenzungen so gestaltet sind, dass sie keinerlei Schall reflektieren k\u00f6nnen.<\/p>\n<p>Die vollkommene Stille ohne jegliche Reflexion, wie etwa in einem schalltoten Raum, wirkt f\u00fcr die meisten Menschen unangenehm und be\u00e4ngstigend. Es fehlt an einer akustischen Orientierung im Raum. H\u00e4lt eine absolute Stille l\u00e4ngerfristig an, kann sie zu einer sensorischen Abstumpfung ((Deprivation)) f\u00fchren. Diese Unterforderung der Gehirnareale, die f\u00fcr die akustische Wahrnehmung zust\u00e4ndig sind, kann zu Halluzinationen und zu St\u00f6rungen des Denkens f\u00fchren.<\/p>\n<p>Dieser Effekt wird\/ wurde bei Verh\u00f6ren, Folterungen und zur Gehirnw\u00e4sche eingesetzt.<\/p>\n<p>Nat\u00fcrlich kennen wir alle den entspannenden Effekt, wenn st\u00f6rende Ger\u00e4usche abwesend sind. Die Leistungsf\u00e4higkeit und die Konzentration auf einzelne T\u00e4tigkeiten k\u00f6nnen gesteigert werden. Der menschliche K\u00f6rper ist es gewohnt sich st\u00e4ndig der umgebenden Ger\u00e4uschkulisse anzupassen. Fehlt diese Anforderung auf Dauer, dann sucht sich der K\u00f6rper automatisch andere Aufgaben.<\/p>\n<p>So ist es ein bekannter Effekt, wenn man sich l\u00e4ngere Zeit in einem schalltoten Raum befindet, h\u00f6rt man 2 bis 3 unterschiedliche T\u00f6ne, obwohl keine messbaren Ton-Frequenzen vorhanden sind.<\/p>\n<p>Die Gehirnareale sind dann unterfordert und werden anf\u00e4nglich sensibler, bevor sich die bereits beschriebene Abstumpfung einstellt. Wir h\u00f6ren dann erstmal das Rauschen unseres eigenen Blutes und k\u00f6nnen unsere Nervenzellen beim Arbeiten zu h\u00f6ren, hinzu kommt bei einigen Menschen auch der Herzschlag, den wir dann h\u00f6ren k\u00f6nnen.<\/p>\n<h2>Wie gehen wir mit Stille um?<\/h2>\n<p>Also wie sollten wir mit Stille umgehen? Das eine hohe Ger\u00e4uschbelastung uns schadet, wissen die meisten, dass eine schalltote Umgebung ebenfalls unangenehm ist, ist nun auch klar.<\/p>\n<p>Ganz einfach: Beim Buch lesen sind wir besch\u00e4ftigt genug und m\u00fcssen nebenbei keinen Fernseher laufen haben. Man muss nicht bei jedem Abwasch das Radio daneben anstellen. Eine Reise geht auch mal ohne Musik auf den Ohren. Diese kurzen Auszeiten tun uns gut und geben uns die M\u00f6glichkeit auch einmal ein paar andere Ger\u00e4usche wahrzunehmen, die bei der sonstigen Alltagsbeschallung einfach untergehen. Das steigert das eigene Wohlbefinden und sensibilisiert uns f\u00fcr andere Dinge.<\/p>\n<p>Alle Ger\u00e4usche aussperren brauchen wir deswegen nicht. Wie so oft liegt das Geheimnis im Mittelma\u00df. Nutzen wir die Vorweihnachtszeit doch einfach dazu uns mehr miteinander zu unterhalten, sei es im Bus, auf Arbeit oder in jeder anderen Situation in der wir sonst Radio, Musik oder Fernseher laufen haben. Blick hoch vom Smartphone und geguckt, wer uns gegen\u00fcber sitzt.<\/p>\n<p>[adsense]<\/p>\n<h2>Weitere Bedeutungen<\/h2>\n<p>Was wir als Stille bezeichnen, hat noch weitere Bedeutungen. Auch <a href=\"https:\/\/www.hoerske.de\/blog\/homonym-besonderheiten-deutschen-sprache\/\">Homonyme<\/a> sind darunter.<\/p>\n<p>Es ist Begriff f\u00fcr eine Vorahnung auf ein nahendes Ereignis z.B.: \u201edie Ruhe vor dem Sturm&#8221;.\u00a0 Von Stille reden wir auch bei der Auseinandersetzung mit der M\u00f6glichkeit des eigenen Todes.<\/p>\n<p>Wir setzen Stille in Theaterst\u00fccken oder als rhetorisches Element beim Vortrag von Reden oder Gedichten bewusst ein um die dramaturgische Spannung zu erh\u00f6hen.<\/p>\n<p>Im Marketing geht man davon aus das Stille den Konsum hemmen kann. In Verkaufsr\u00e4umen wird der Konsument durch Hintergrundmusik zum Einkaufen animiert.<\/p>\n<p>Autoren nutzen die Stille um lautlose Situationen zu umschreiben. Mit &#8220;Grabensstille&#8221; oder &#8220;Totenstille&#8221; kann man verschiedene sehr ger\u00e4uscharme Momente mit der notwendigen Atmosph\u00e4re in Verbindung bringen.<\/p>\n<h2>Off Topic<\/h2>\n<p>Jetzt noch ein paar Anmerkungen die nicht zum Thema wirklich passen, aber f\u00fcr einen eigenen Beitrag nicht reichen. Ab heute schneit es auf meinem Blog wieder \ud83d\ude42<\/p>\n<p>Nach einer Textanalyse ist dieser Text zu 58% subjektiv, die wichtigsten Worte sind: <em>Althochdeutsch, L\u00e4rm, Schall, Reflexionsarmer Raum, Deprivation, Wahrnehmung, Halluzination, Gehirnw\u00e4sche, Gehirn, Rauschen, Fernsehger\u00e4t, Abwasch, Smartphone, Synonym, Drama, Rhetorik, Reden, Dramaturgie, Marketing<\/em><\/p>\n<p>Ein Computer w\u00fcrde diesen Text der Kategorie Kultur zu ordnen. Ich bin ja der Meinung es ist eher das Thema Gesundheit.<\/p>\n<p>&nbsp;<\/p>\n","protected":false},"excerpt":{"rendered":"<p>Mit dem 01. Dezember beginnt die stille Zeit des Jahres. Wir sprechen von der Vorweihnachtszeit, der Zeit der Besinnung und Stille. Ein guter Zeitpunkt sich mit dem Thema der Stille einmal n\u00e4her auseinander zusetzen.<\/p>\n","protected":false},"author":1,"featured_media":1831,"comment_status":"open","ping_status":"open","sticky":false,"template":"","format":"standard","meta":{"jetpack_post_was_ever_published":false,"_jetpack_newsletter_access":"","_jetpack_dont_email_post_to_subs":false,"_jetpack_newsletter_tier_id":0,"_jetpack_memberships_contains_paywalled_content":false,"_jetpack_memberships_contains_paid_content":false,"footnotes":"","jetpack_publicize_message":"Warum Stille nicht das gleiche ist, wie ger\u00e4uscharme Momente... Mit dem 01. Dezember beginnt die stille Zeit des Jahres. Wir sprechen von der Vorweihnachtszeit, der Zeit der Besinnung und Stille. Ein guter Zeitpunkt sich mit dem Thema der Stille einmal n\u00e4her auseinander zusetzen.","jetpack_publicize_feature_enabled":true,"jetpack_social_post_already_shared":true,"jetpack_social_options":{"image_generator_settings":{"template":"highway","default_image_id":0,"font":"","enabled":false},"version":2},"_wpas_customize_per_network":false},"categories":[494,451,28],"tags":[758,763,761,762,760,757,759],"class_list":["post-2536","post","type-post","status-publish","format-standard","has-post-thumbnail","hentry","category-494","category-gesundheit","category-krimskrams","tag-geraeusche","tag-musik","tag-radio","tag-raum","tag-stille","tag-totenstille","tag-vorweihnachtszeit"],"yoast_head":"<!-- This site is optimized with the Yoast SEO Premium plugin v27.3 (Yoast SEO v27.3) - https:\/\/yoast.com\/product\/yoast-seo-premium-wordpress\/ -->\n<title>Warum Stille nicht das gleiche ist, wie ger\u00e4uscharme Momente... - Timos Paper<\/title>\n<meta name=\"description\" content=\"Das althochdeutsche stilli steht f\u00fcr die Beschreibung eines Momentes ohne Bewegung. Die deutsche Sprache kennt viele Bedeutungen f\u00fcr das Wort Stille.\" \/>\n<meta name=\"robots\" content=\"index, follow, max-snippet:-1, max-image-preview:large, max-video-preview:-1\" \/>\n<link rel=\"canonical\" href=\"https:\/\/hoerske.de\/blog\/2017\/12\/warum-stille-nicht-das-gleiche-ist-wie-geraeuscharme-momente\/\" \/>\n<meta property=\"og:locale\" content=\"de_DE\" \/>\n<meta property=\"og:type\" content=\"article\" \/>\n<meta property=\"og:title\" content=\"Warum Stille nicht das gleiche ist, wie ger\u00e4uscharme Momente...\" \/>\n<meta property=\"og:description\" content=\"Das althochdeutsche stilli steht f\u00fcr die Beschreibung eines Momentes ohne Bewegung. Die deutsche Sprache kennt viele Bedeutungen f\u00fcr das Wort Stille.\" \/>\n<meta property=\"og:url\" content=\"https:\/\/hoerske.de\/blog\/2017\/12\/warum-stille-nicht-das-gleiche-ist-wie-geraeuscharme-momente\/\" \/>\n<meta property=\"og:site_name\" content=\"Timos Paper\" \/>\n<meta property=\"article:publisher\" content=\"https:\/\/www.facebook.com\/timo.hoerske\" \/>\n<meta property=\"article:author\" content=\"https:\/\/www.facebook.com\/timo.hoerske\" \/>\n<meta property=\"article:published_time\" content=\"2017-12-01T23:33:22+00:00\" \/>\n<meta property=\"article:modified_time\" content=\"2017-12-01T23:35:55+00:00\" \/>\n<meta property=\"og:image\" content=\"https:\/\/i0.wp.com\/blog.hoerske.de\/wp-content\/uploads\/2017\/03\/Folie1.png?fit=700%2C394\" \/>\n\t<meta property=\"og:image:width\" content=\"700\" \/>\n\t<meta property=\"og:image:height\" content=\"394\" \/>\n\t<meta property=\"og:image:type\" content=\"image\/png\" \/>\n<meta name=\"author\" content=\"Timo H\u00f6rske\" \/>\n<meta name=\"twitter:card\" content=\"summary_large_image\" \/>\n<meta name=\"twitter:creator\" content=\"@timo_hoerske\" \/>\n<meta name=\"twitter:site\" content=\"@timo_hoerske\" \/>\n<meta name=\"twitter:label1\" content=\"Verfasst von\" \/>\n\t<meta name=\"twitter:data1\" content=\"Timo H\u00f6rske\" \/>\n\t<meta name=\"twitter:label2\" content=\"Gesch\u00e4tzte Lesezeit\" \/>\n\t<meta name=\"twitter:data2\" content=\"4\u00a0Minuten\" \/>\n<script type=\"application\/ld+json\" class=\"yoast-schema-graph\">{\"@context\":\"https:\\\/\\\/schema.org\",\"@graph\":[{\"@type\":\"Article\",\"@id\":\"https:\\\/\\\/hoerske.de\\\/blog\\\/2017\\\/12\\\/warum-stille-nicht-das-gleiche-ist-wie-geraeuscharme-momente\\\/#article\",\"isPartOf\":{\"@id\":\"https:\\\/\\\/hoerske.de\\\/blog\\\/2017\\\/12\\\/warum-stille-nicht-das-gleiche-ist-wie-geraeuscharme-momente\\\/\"},\"author\":{\"name\":\"Timo H\u00f6rske\",\"@id\":\"https:\\\/\\\/hoerske.de\\\/blog\\\/#\\\/schema\\\/person\\\/20677cf2167fc7027b752c3bba78d5fc\"},\"headline\":\"Warum Stille nicht das gleiche ist, wie ger\u00e4uscharme Momente&#8230;\",\"datePublished\":\"2017-12-01T23:33:22+00:00\",\"dateModified\":\"2017-12-01T23:35:55+00:00\",\"mainEntityOfPage\":{\"@id\":\"https:\\\/\\\/hoerske.de\\\/blog\\\/2017\\\/12\\\/warum-stille-nicht-das-gleiche-ist-wie-geraeuscharme-momente\\\/\"},\"wordCount\":748,\"commentCount\":0,\"publisher\":{\"@id\":\"https:\\\/\\\/hoerske.de\\\/blog\\\/#\\\/schema\\\/person\\\/20677cf2167fc7027b752c3bba78d5fc\"},\"image\":{\"@id\":\"https:\\\/\\\/hoerske.de\\\/blog\\\/2017\\\/12\\\/warum-stille-nicht-das-gleiche-ist-wie-geraeuscharme-momente\\\/#primaryimage\"},\"thumbnailUrl\":\"https:\\\/\\\/i0.wp.com\\\/hoerske.de\\\/blog\\\/wp-content\\\/uploads\\\/2017\\\/03\\\/Folie1.png?fit=700%2C394&ssl=1\",\"keywords\":[\"Ger\u00e4usche\",\"Musik\",\"Radio\",\"Raum\",\"Stille\",\"Totenstille\",\"Vorweihnachtszeit\"],\"articleSection\":[\"2017\",\"Gesundheit\",\"Krimskrams\"],\"inLanguage\":\"de\",\"potentialAction\":[{\"@type\":\"CommentAction\",\"name\":\"Comment\",\"target\":[\"https:\\\/\\\/hoerske.de\\\/blog\\\/2017\\\/12\\\/warum-stille-nicht-das-gleiche-ist-wie-geraeuscharme-momente\\\/#respond\"]}]},{\"@type\":\"WebPage\",\"@id\":\"https:\\\/\\\/hoerske.de\\\/blog\\\/2017\\\/12\\\/warum-stille-nicht-das-gleiche-ist-wie-geraeuscharme-momente\\\/\",\"url\":\"https:\\\/\\\/hoerske.de\\\/blog\\\/2017\\\/12\\\/warum-stille-nicht-das-gleiche-ist-wie-geraeuscharme-momente\\\/\",\"name\":\"Warum Stille nicht das gleiche ist, wie ger\u00e4uscharme Momente... - Timos Paper\",\"isPartOf\":{\"@id\":\"https:\\\/\\\/hoerske.de\\\/blog\\\/#website\"},\"primaryImageOfPage\":{\"@id\":\"https:\\\/\\\/hoerske.de\\\/blog\\\/2017\\\/12\\\/warum-stille-nicht-das-gleiche-ist-wie-geraeuscharme-momente\\\/#primaryimage\"},\"image\":{\"@id\":\"https:\\\/\\\/hoerske.de\\\/blog\\\/2017\\\/12\\\/warum-stille-nicht-das-gleiche-ist-wie-geraeuscharme-momente\\\/#primaryimage\"},\"thumbnailUrl\":\"https:\\\/\\\/i0.wp.com\\\/hoerske.de\\\/blog\\\/wp-content\\\/uploads\\\/2017\\\/03\\\/Folie1.png?fit=700%2C394&ssl=1\",\"datePublished\":\"2017-12-01T23:33:22+00:00\",\"dateModified\":\"2017-12-01T23:35:55+00:00\",\"description\":\"Das althochdeutsche stilli steht f\u00fcr die Beschreibung eines Momentes ohne Bewegung. Die deutsche Sprache kennt viele Bedeutungen f\u00fcr das Wort Stille.\",\"breadcrumb\":{\"@id\":\"https:\\\/\\\/hoerske.de\\\/blog\\\/2017\\\/12\\\/warum-stille-nicht-das-gleiche-ist-wie-geraeuscharme-momente\\\/#breadcrumb\"},\"inLanguage\":\"de\",\"potentialAction\":[{\"@type\":\"ReadAction\",\"target\":[\"https:\\\/\\\/hoerske.de\\\/blog\\\/2017\\\/12\\\/warum-stille-nicht-das-gleiche-ist-wie-geraeuscharme-momente\\\/\"]}]},{\"@type\":\"ImageObject\",\"inLanguage\":\"de\",\"@id\":\"https:\\\/\\\/hoerske.de\\\/blog\\\/2017\\\/12\\\/warum-stille-nicht-das-gleiche-ist-wie-geraeuscharme-momente\\\/#primaryimage\",\"url\":\"https:\\\/\\\/i0.wp.com\\\/hoerske.de\\\/blog\\\/wp-content\\\/uploads\\\/2017\\\/03\\\/Folie1.png?fit=700%2C394&ssl=1\",\"contentUrl\":\"https:\\\/\\\/i0.wp.com\\\/hoerske.de\\\/blog\\\/wp-content\\\/uploads\\\/2017\\\/03\\\/Folie1.png?fit=700%2C394&ssl=1\",\"width\":700,\"height\":394,\"caption\":\"Pflug von Walle\"},{\"@type\":\"BreadcrumbList\",\"@id\":\"https:\\\/\\\/hoerske.de\\\/blog\\\/2017\\\/12\\\/warum-stille-nicht-das-gleiche-ist-wie-geraeuscharme-momente\\\/#breadcrumb\",\"itemListElement\":[{\"@type\":\"ListItem\",\"position\":1,\"name\":\"Startseite\",\"item\":\"https:\\\/\\\/hoerske.de\\\/blog\\\/\"},{\"@type\":\"ListItem\",\"position\":2,\"name\":\"Warum Stille nicht das gleiche ist, wie ger\u00e4uscharme Momente&#8230;\"}]},{\"@type\":\"WebSite\",\"@id\":\"https:\\\/\\\/hoerske.de\\\/blog\\\/#website\",\"url\":\"https:\\\/\\\/hoerske.de\\\/blog\\\/\",\"name\":\"Timos Blog\",\"description\":\"ego cogito, ergo sum\",\"publisher\":{\"@id\":\"https:\\\/\\\/hoerske.de\\\/blog\\\/#\\\/schema\\\/person\\\/20677cf2167fc7027b752c3bba78d5fc\"},\"potentialAction\":[{\"@type\":\"SearchAction\",\"target\":{\"@type\":\"EntryPoint\",\"urlTemplate\":\"https:\\\/\\\/hoerske.de\\\/blog\\\/?s={search_term_string}\"},\"query-input\":{\"@type\":\"PropertyValueSpecification\",\"valueRequired\":true,\"valueName\":\"search_term_string\"}}],\"inLanguage\":\"de\"},{\"@type\":[\"Person\",\"Organization\"],\"@id\":\"https:\\\/\\\/hoerske.de\\\/blog\\\/#\\\/schema\\\/person\\\/20677cf2167fc7027b752c3bba78d5fc\",\"name\":\"Timo H\u00f6rske\",\"image\":{\"@type\":\"ImageObject\",\"inLanguage\":\"de\",\"@id\":\"https:\\\/\\\/i0.wp.com\\\/hoerske.de\\\/blog\\\/wp-content\\\/uploads\\\/2023\\\/01\\\/16711213967602.jpg?fit=1024%2C954&ssl=1\",\"url\":\"https:\\\/\\\/i0.wp.com\\\/hoerske.de\\\/blog\\\/wp-content\\\/uploads\\\/2023\\\/01\\\/16711213967602.jpg?fit=1024%2C954&ssl=1\",\"contentUrl\":\"https:\\\/\\\/i0.wp.com\\\/hoerske.de\\\/blog\\\/wp-content\\\/uploads\\\/2023\\\/01\\\/16711213967602.jpg?fit=1024%2C954&ssl=1\",\"width\":1024,\"height\":954,\"caption\":\"Timo H\u00f6rske\"},\"logo\":{\"@id\":\"https:\\\/\\\/i0.wp.com\\\/hoerske.de\\\/blog\\\/wp-content\\\/uploads\\\/2023\\\/01\\\/16711213967602.jpg?fit=1024%2C954&ssl=1\"},\"description\":\"Jahrgang 1985, als \\\"Ossi\\\" geboren, im beschaulichen Premnitz an der Havel aufgewachsen. Natur- und Kunstliebhaber. Seit \u00fcber 10 Jahren Wahlbremerhavener, K\u00fcsten- und Windfan. So ziemlich an Allem interessiert. Schwerpunkte sind aber eindeutig Politik, Gesellschaft, Rechtswesen, Natur, Imkerei und Technik. Rotes Parteibuch, Mitglied des Jugendhilfeausschusses der Stadt Bremerhaven, Vorsitzender eines Kleing\u00e4rtnervereins, Fachberater f\u00fcr das Kleingartenwesen, Verbandschef der Bremerhavener Kleing\u00e4rtner*innen. Hobbyimker, Freizeitblogger, Techniknerd.\",\"sameAs\":[\"https:\\\/\\\/www.hoerske.de\\\/\",\"https:\\\/\\\/www.facebook.com\\\/timo.hoerske\",\"https:\\\/\\\/www.instagram.com\\\/thoerske\\\/\",\"https:\\\/\\\/x.com\\\/timo_hoerske\"],\"url\":\"https:\\\/\\\/hoerske.de\\\/blog\\\/author\\\/roter_admin\\\/\"}]}<\/script>\n<!-- \/ Yoast SEO Premium plugin. -->","yoast_head_json":{"title":"Warum Stille nicht das gleiche ist, wie ger\u00e4uscharme Momente... - Timos Paper","description":"Das althochdeutsche stilli steht f\u00fcr die Beschreibung eines Momentes ohne Bewegung. Die deutsche Sprache kennt viele Bedeutungen f\u00fcr das Wort Stille.","robots":{"index":"index","follow":"follow","max-snippet":"max-snippet:-1","max-image-preview":"max-image-preview:large","max-video-preview":"max-video-preview:-1"},"canonical":"https:\/\/hoerske.de\/blog\/2017\/12\/warum-stille-nicht-das-gleiche-ist-wie-geraeuscharme-momente\/","og_locale":"de_DE","og_type":"article","og_title":"Warum Stille nicht das gleiche ist, wie ger\u00e4uscharme Momente...","og_description":"Das althochdeutsche stilli steht f\u00fcr die Beschreibung eines Momentes ohne Bewegung. Die deutsche Sprache kennt viele Bedeutungen f\u00fcr das Wort Stille.","og_url":"https:\/\/hoerske.de\/blog\/2017\/12\/warum-stille-nicht-das-gleiche-ist-wie-geraeuscharme-momente\/","og_site_name":"Timos Paper","article_publisher":"https:\/\/www.facebook.com\/timo.hoerske","article_author":"https:\/\/www.facebook.com\/timo.hoerske","article_published_time":"2017-12-01T23:33:22+00:00","article_modified_time":"2017-12-01T23:35:55+00:00","og_image":[{"width":700,"height":394,"url":"https:\/\/i0.wp.com\/blog.hoerske.de\/wp-content\/uploads\/2017\/03\/Folie1.png?fit=700%2C394","type":"image\/png"}],"author":"Timo H\u00f6rske","twitter_card":"summary_large_image","twitter_creator":"@timo_hoerske","twitter_site":"@timo_hoerske","twitter_misc":{"Verfasst von":"Timo H\u00f6rske","Gesch\u00e4tzte Lesezeit":"4\u00a0Minuten"},"schema":{"@context":"https:\/\/schema.org","@graph":[{"@type":"Article","@id":"https:\/\/hoerske.de\/blog\/2017\/12\/warum-stille-nicht-das-gleiche-ist-wie-geraeuscharme-momente\/#article","isPartOf":{"@id":"https:\/\/hoerske.de\/blog\/2017\/12\/warum-stille-nicht-das-gleiche-ist-wie-geraeuscharme-momente\/"},"author":{"name":"Timo H\u00f6rske","@id":"https:\/\/hoerske.de\/blog\/#\/schema\/person\/20677cf2167fc7027b752c3bba78d5fc"},"headline":"Warum Stille nicht das gleiche ist, wie ger\u00e4uscharme Momente&#8230;","datePublished":"2017-12-01T23:33:22+00:00","dateModified":"2017-12-01T23:35:55+00:00","mainEntityOfPage":{"@id":"https:\/\/hoerske.de\/blog\/2017\/12\/warum-stille-nicht-das-gleiche-ist-wie-geraeuscharme-momente\/"},"wordCount":748,"commentCount":0,"publisher":{"@id":"https:\/\/hoerske.de\/blog\/#\/schema\/person\/20677cf2167fc7027b752c3bba78d5fc"},"image":{"@id":"https:\/\/hoerske.de\/blog\/2017\/12\/warum-stille-nicht-das-gleiche-ist-wie-geraeuscharme-momente\/#primaryimage"},"thumbnailUrl":"https:\/\/i0.wp.com\/hoerske.de\/blog\/wp-content\/uploads\/2017\/03\/Folie1.png?fit=700%2C394&ssl=1","keywords":["Ger\u00e4usche","Musik","Radio","Raum","Stille","Totenstille","Vorweihnachtszeit"],"articleSection":["2017","Gesundheit","Krimskrams"],"inLanguage":"de","potentialAction":[{"@type":"CommentAction","name":"Comment","target":["https:\/\/hoerske.de\/blog\/2017\/12\/warum-stille-nicht-das-gleiche-ist-wie-geraeuscharme-momente\/#respond"]}]},{"@type":"WebPage","@id":"https:\/\/hoerske.de\/blog\/2017\/12\/warum-stille-nicht-das-gleiche-ist-wie-geraeuscharme-momente\/","url":"https:\/\/hoerske.de\/blog\/2017\/12\/warum-stille-nicht-das-gleiche-ist-wie-geraeuscharme-momente\/","name":"Warum Stille nicht das gleiche ist, wie ger\u00e4uscharme Momente... - Timos Paper","isPartOf":{"@id":"https:\/\/hoerske.de\/blog\/#website"},"primaryImageOfPage":{"@id":"https:\/\/hoerske.de\/blog\/2017\/12\/warum-stille-nicht-das-gleiche-ist-wie-geraeuscharme-momente\/#primaryimage"},"image":{"@id":"https:\/\/hoerske.de\/blog\/2017\/12\/warum-stille-nicht-das-gleiche-ist-wie-geraeuscharme-momente\/#primaryimage"},"thumbnailUrl":"https:\/\/i0.wp.com\/hoerske.de\/blog\/wp-content\/uploads\/2017\/03\/Folie1.png?fit=700%2C394&ssl=1","datePublished":"2017-12-01T23:33:22+00:00","dateModified":"2017-12-01T23:35:55+00:00","description":"Das althochdeutsche stilli steht f\u00fcr die Beschreibung eines Momentes ohne Bewegung. Die deutsche Sprache kennt viele Bedeutungen f\u00fcr das Wort Stille.","breadcrumb":{"@id":"https:\/\/hoerske.de\/blog\/2017\/12\/warum-stille-nicht-das-gleiche-ist-wie-geraeuscharme-momente\/#breadcrumb"},"inLanguage":"de","potentialAction":[{"@type":"ReadAction","target":["https:\/\/hoerske.de\/blog\/2017\/12\/warum-stille-nicht-das-gleiche-ist-wie-geraeuscharme-momente\/"]}]},{"@type":"ImageObject","inLanguage":"de","@id":"https:\/\/hoerske.de\/blog\/2017\/12\/warum-stille-nicht-das-gleiche-ist-wie-geraeuscharme-momente\/#primaryimage","url":"https:\/\/i0.wp.com\/hoerske.de\/blog\/wp-content\/uploads\/2017\/03\/Folie1.png?fit=700%2C394&ssl=1","contentUrl":"https:\/\/i0.wp.com\/hoerske.de\/blog\/wp-content\/uploads\/2017\/03\/Folie1.png?fit=700%2C394&ssl=1","width":700,"height":394,"caption":"Pflug von Walle"},{"@type":"BreadcrumbList","@id":"https:\/\/hoerske.de\/blog\/2017\/12\/warum-stille-nicht-das-gleiche-ist-wie-geraeuscharme-momente\/#breadcrumb","itemListElement":[{"@type":"ListItem","position":1,"name":"Startseite","item":"https:\/\/hoerske.de\/blog\/"},{"@type":"ListItem","position":2,"name":"Warum Stille nicht das gleiche ist, wie ger\u00e4uscharme Momente&#8230;"}]},{"@type":"WebSite","@id":"https:\/\/hoerske.de\/blog\/#website","url":"https:\/\/hoerske.de\/blog\/","name":"Timos Blog","description":"ego cogito, ergo sum","publisher":{"@id":"https:\/\/hoerske.de\/blog\/#\/schema\/person\/20677cf2167fc7027b752c3bba78d5fc"},"potentialAction":[{"@type":"SearchAction","target":{"@type":"EntryPoint","urlTemplate":"https:\/\/hoerske.de\/blog\/?s={search_term_string}"},"query-input":{"@type":"PropertyValueSpecification","valueRequired":true,"valueName":"search_term_string"}}],"inLanguage":"de"},{"@type":["Person","Organization"],"@id":"https:\/\/hoerske.de\/blog\/#\/schema\/person\/20677cf2167fc7027b752c3bba78d5fc","name":"Timo H\u00f6rske","image":{"@type":"ImageObject","inLanguage":"de","@id":"https:\/\/i0.wp.com\/hoerske.de\/blog\/wp-content\/uploads\/2023\/01\/16711213967602.jpg?fit=1024%2C954&ssl=1","url":"https:\/\/i0.wp.com\/hoerske.de\/blog\/wp-content\/uploads\/2023\/01\/16711213967602.jpg?fit=1024%2C954&ssl=1","contentUrl":"https:\/\/i0.wp.com\/hoerske.de\/blog\/wp-content\/uploads\/2023\/01\/16711213967602.jpg?fit=1024%2C954&ssl=1","width":1024,"height":954,"caption":"Timo H\u00f6rske"},"logo":{"@id":"https:\/\/i0.wp.com\/hoerske.de\/blog\/wp-content\/uploads\/2023\/01\/16711213967602.jpg?fit=1024%2C954&ssl=1"},"description":"Jahrgang 1985, als \"Ossi\" geboren, im beschaulichen Premnitz an der Havel aufgewachsen. Natur- und Kunstliebhaber. Seit \u00fcber 10 Jahren Wahlbremerhavener, K\u00fcsten- und Windfan. So ziemlich an Allem interessiert. Schwerpunkte sind aber eindeutig Politik, Gesellschaft, Rechtswesen, Natur, Imkerei und Technik. Rotes Parteibuch, Mitglied des Jugendhilfeausschusses der Stadt Bremerhaven, Vorsitzender eines Kleing\u00e4rtnervereins, Fachberater f\u00fcr das Kleingartenwesen, Verbandschef der Bremerhavener Kleing\u00e4rtner*innen. Hobbyimker, Freizeitblogger, Techniknerd.","sameAs":["https:\/\/www.hoerske.de\/","https:\/\/www.facebook.com\/timo.hoerske","https:\/\/www.instagram.com\/thoerske\/","https:\/\/x.com\/timo_hoerske"],"url":"https:\/\/hoerske.de\/blog\/author\/roter_admin\/"}]}},"jetpack_publicize_connections":[],"jetpack_featured_media_url":"https:\/\/i0.wp.com\/hoerske.de\/blog\/wp-content\/uploads\/2017\/03\/Folie1.png?fit=700%2C394&ssl=1","jetpack_shortlink":"https:\/\/wp.me\/p4W3ht-EU","jetpack_sharing_enabled":true,"_links":{"self":[{"href":"https:\/\/hoerske.de\/blog\/wp-json\/wp\/v2\/posts\/2536","targetHints":{"allow":["GET"]}}],"collection":[{"href":"https:\/\/hoerske.de\/blog\/wp-json\/wp\/v2\/posts"}],"about":[{"href":"https:\/\/hoerske.de\/blog\/wp-json\/wp\/v2\/types\/post"}],"author":[{"embeddable":true,"href":"https:\/\/hoerske.de\/blog\/wp-json\/wp\/v2\/users\/1"}],"replies":[{"embeddable":true,"href":"https:\/\/hoerske.de\/blog\/wp-json\/wp\/v2\/comments?post=2536"}],"version-history":[{"count":0,"href":"https:\/\/hoerske.de\/blog\/wp-json\/wp\/v2\/posts\/2536\/revisions"}],"wp:featuredmedia":[{"embeddable":true,"href":"https:\/\/hoerske.de\/blog\/wp-json\/wp\/v2\/media\/1831"}],"wp:attachment":[{"href":"https:\/\/hoerske.de\/blog\/wp-json\/wp\/v2\/media?parent=2536"}],"wp:term":[{"taxonomy":"category","embeddable":true,"href":"https:\/\/hoerske.de\/blog\/wp-json\/wp\/v2\/categories?post=2536"},{"taxonomy":"post_tag","embeddable":true,"href":"https:\/\/hoerske.de\/blog\/wp-json\/wp\/v2\/tags?post=2536"}],"curies":[{"name":"wp","href":"https:\/\/api.w.org\/{rel}","templated":true}]}}