{"id":2517,"date":"2017-11-20T00:01:37","date_gmt":"2017-11-19T22:01:37","guid":{"rendered":"https:\/\/www.hoerske.de\/?p=2517"},"modified":"2017-11-20T00:01:37","modified_gmt":"2017-11-19T22:01:37","slug":"wochenrueckblick-fuer-die-kalenderwoche-46","status":"publish","type":"post","link":"https:\/\/hoerske.de\/blog\/2017\/11\/wochenrueckblick-fuer-die-kalenderwoche-46\/","title":{"rendered":"Wochenr\u00fcckblick f\u00fcr die Kalenderwoche 46"},"content":{"rendered":"<p>Noch sind es ein paar wenige Minuten Sonntag und noch ein bisschen Zeit vor Ende der Woche. Daher bin ich zwar sp\u00e4t dran, aber nicht zu sp\u00e4t f\u00fcr einen Wochenr\u00fcckblick und den Ausblick auf die neue Woche.<\/p>\n<h2>Technik, Politik und Kurzgeschichten<\/h2>\n<p>Ich verspreche euch, dass ich mich kurz fasse. In der letzten Woche hatte ich euch versprochen ein paar technische Hintergr\u00fcnde zu erl\u00e4utern. Das habe ich mit dem Artikel<a href=\"https:\/\/www.hoerske.de\/blog\/shortcodes-bei-wordpress-hilfreiche-kleine-werkzeuge\/\"> Shortcodes bei WordPress \u2013 hilfreiche kleine Werkzeuge\u00a0\u00a0<\/a>bereits angefangen. Weitere Beitr\u00e4ge dazu werden folgen.<\/p>\n<p>Ebenfalls Thema diese Woche war auf meinem Blog die Sondierungsgespr\u00e4che, genauer die <a href=\"https:\/\/www.hoerske.de\/blog\/neuwahlen-oder-warum-die-kanzlerin-keine-vertrauensfrage-stellen-kann\/\">Chancen auf eine Neuwahl.\u00a0<\/a>Zum aktuellen Stand um 22.49, gab es bisher noch keine Verlautbarung, dass die Sondierungsgespr\u00e4che zu einem Ende gekommen w\u00e4ren. Es bleibt daher &#8220;spannend&#8221;.<\/p>\n<p>Dann ist der uns allen bekannte <a href=\"https:\/\/www.hoerske.de\/blog\/131-jahre-locher-fuer-papier\/\">Locher<\/a> diese Woche noch 131 Jahre alt geworden. Dazu passend hatte ich eine alte <a href=\"https:\/\/www.hoerske.de\/blog\/portfolio\/kurzgeschichten\/\">Kurzgeschichte<\/a> von mir wieder hervor geholt.<\/p>\n<h2>Ausblick f\u00fcr die neue Woche<\/h2>\n<p>In dieser Woche werde ich f\u00fcr zwei Tage dienstlich in unsere sch\u00f6ne Hauptstadt Berlin reisen. Sicherlich werde ich dann vielleicht das ein oder andere aus und \u00fcber die meinen Ausflug berichten k\u00f6nnen. Dann steht in der 47 KW noch der Internationale Tag gegen Gewalt an Frauen an. Dazu wird es jedenfalls einen Beitrag geben. Der ist schon fertig :-).<\/p>\n<p>SEO und die VG Wort m\u00f6chten noch, dass ich mehr schreibe. Ich denke aber f\u00fcr diese Woche sollte es reichen. Ab morgen beginnt hier in Bremerhaven der Weihnachtsmarkt und ich hoffe die vorweihnachtlichen Gef\u00fchle stellen sich langsam auch bei euch ein. Habt einen guten Start in die neue Woche und immer dran denken, wenn es nicht l\u00e4uft: Eine neue Woche kommt immer und das neue Jahr ist auch nicht mehr solange hin.<\/p>\n","protected":false},"excerpt":{"rendered":"<p>Noch sind es ein paar wenige Minuten Sonntag und noch ein bisschen Zeit vor Ende der Woche. Daher bin ich zwar sp\u00e4t dran, aber nicht zu sp\u00e4t f\u00fcr einen Wochenr\u00fcckblick und den Ausblick auf die neue Woche. <\/p>\n","protected":false},"author":1,"featured_media":2223,"comment_status":"open","ping_status":"open","sticky":false,"template":"","format":"standard","meta":{"jetpack_post_was_ever_published":false,"_jetpack_newsletter_access":"","_jetpack_dont_email_post_to_subs":false,"_jetpack_newsletter_tier_id":0,"_jetpack_memberships_contains_paywalled_content":false,"_jetpack_memberships_contains_paid_content":false,"footnotes":"","jetpack_publicize_message":"Noch sind es ein paar wenige Minuten Sonntag und noch ein bisschen Zeit vor Ende der Woche. Daher bin ich zwar sp\u00e4t dran, aber nicht zu sp\u00e4t f\u00fcr einen Wochenr\u00fcckblick und den Ausblick auf die neue Woche.","jetpack_publicize_feature_enabled":true,"jetpack_social_post_already_shared":true,"jetpack_social_options":{"image_generator_settings":{"template":"highway","default_image_id":0,"font":"","enabled":false},"version":2},"_wpas_customize_per_network":false},"categories":[494,43],"tags":[145,747,744,153,746,745,190],"class_list":["post-2517","post","type-post","status-publish","format-standard","has-post-thumbnail","hentry","category-494","category-jahr","tag-bremerhaven","tag-ende","tag-neue-woche","tag-technik","tag-vg-wort","tag-weihnachtsmarkt","tag-wordpress"],"yoast_head":"<!-- This site is optimized with the Yoast SEO Premium plugin v27.3 (Yoast SEO v27.3) - https:\/\/yoast.com\/product\/yoast-seo-premium-wordpress\/ -->\n<title>Wochenr\u00fcckblick f\u00fcr die Kalenderwoche 46 - Timos Paper<\/title>\n<meta name=\"description\" content=\"Noch ist Zeit vor dem Ende der Woche. Daher bin ich zwar sp\u00e4t dran, aber nicht zu sp\u00e4t f\u00fcr einen Wochenr\u00fcckblick und den Ausblick auf die neue Woche.\" \/>\n<meta name=\"robots\" content=\"index, follow, max-snippet:-1, max-image-preview:large, max-video-preview:-1\" \/>\n<link rel=\"canonical\" href=\"https:\/\/hoerske.de\/blog\/2017\/11\/wochenrueckblick-fuer-die-kalenderwoche-46\/\" \/>\n<meta property=\"og:locale\" content=\"de_DE\" \/>\n<meta property=\"og:type\" content=\"article\" \/>\n<meta property=\"og:title\" content=\"Wochenr\u00fcckblick f\u00fcr die Kalenderwoche 46\" \/>\n<meta property=\"og:description\" content=\"Noch ist Zeit vor dem Ende der Woche. Daher bin ich zwar sp\u00e4t dran, aber nicht zu sp\u00e4t f\u00fcr einen Wochenr\u00fcckblick und den Ausblick auf die neue Woche.\" \/>\n<meta property=\"og:url\" content=\"https:\/\/hoerske.de\/blog\/2017\/11\/wochenrueckblick-fuer-die-kalenderwoche-46\/\" \/>\n<meta property=\"og:site_name\" content=\"Timos Paper\" \/>\n<meta property=\"article:publisher\" content=\"https:\/\/www.facebook.com\/timo.hoerske\" \/>\n<meta property=\"article:author\" content=\"https:\/\/www.facebook.com\/timo.hoerske\" \/>\n<meta property=\"article:published_time\" content=\"2017-11-19T22:01:37+00:00\" \/>\n<meta property=\"og:image\" content=\"https:\/\/i0.wp.com\/blog.hoerske.de\/wp-content\/uploads\/2017\/10\/IMG_0931.jpg?fit=2048%2C1364\" \/>\n\t<meta property=\"og:image:width\" content=\"2048\" \/>\n\t<meta property=\"og:image:height\" content=\"1364\" \/>\n\t<meta property=\"og:image:type\" content=\"image\/jpeg\" \/>\n<meta name=\"author\" content=\"Timo H\u00f6rske\" \/>\n<meta name=\"twitter:card\" content=\"summary_large_image\" \/>\n<meta name=\"twitter:creator\" content=\"@timo_hoerske\" \/>\n<meta name=\"twitter:site\" content=\"@timo_hoerske\" \/>\n<meta name=\"twitter:label1\" content=\"Verfasst von\" \/>\n\t<meta name=\"twitter:data1\" content=\"Timo H\u00f6rske\" \/>\n\t<meta name=\"twitter:label2\" content=\"Gesch\u00e4tzte Lesezeit\" \/>\n\t<meta name=\"twitter:data2\" content=\"1\u00a0Minute\" \/>\n<script type=\"application\/ld+json\" class=\"yoast-schema-graph\">{\"@context\":\"https:\\\/\\\/schema.org\",\"@graph\":[{\"@type\":\"Article\",\"@id\":\"https:\\\/\\\/hoerske.de\\\/blog\\\/2017\\\/11\\\/wochenrueckblick-fuer-die-kalenderwoche-46\\\/#article\",\"isPartOf\":{\"@id\":\"https:\\\/\\\/hoerske.de\\\/blog\\\/2017\\\/11\\\/wochenrueckblick-fuer-die-kalenderwoche-46\\\/\"},\"author\":{\"name\":\"Timo H\u00f6rske\",\"@id\":\"https:\\\/\\\/hoerske.de\\\/blog\\\/#\\\/schema\\\/person\\\/20677cf2167fc7027b752c3bba78d5fc\"},\"headline\":\"Wochenr\u00fcckblick f\u00fcr die Kalenderwoche 46\",\"datePublished\":\"2017-11-19T22:01:37+00:00\",\"mainEntityOfPage\":{\"@id\":\"https:\\\/\\\/hoerske.de\\\/blog\\\/2017\\\/11\\\/wochenrueckblick-fuer-die-kalenderwoche-46\\\/\"},\"wordCount\":304,\"commentCount\":0,\"publisher\":{\"@id\":\"https:\\\/\\\/hoerske.de\\\/blog\\\/#\\\/schema\\\/person\\\/20677cf2167fc7027b752c3bba78d5fc\"},\"image\":{\"@id\":\"https:\\\/\\\/hoerske.de\\\/blog\\\/2017\\\/11\\\/wochenrueckblick-fuer-die-kalenderwoche-46\\\/#primaryimage\"},\"thumbnailUrl\":\"https:\\\/\\\/i0.wp.com\\\/hoerske.de\\\/blog\\\/wp-content\\\/uploads\\\/2017\\\/10\\\/IMG_0931.jpg?fit=2048%2C1364&ssl=1\",\"keywords\":[\"Bremerhaven\",\"Ende\",\"neue Woche\",\"Technik\",\"VG Wort\",\"Weihnachtsmarkt\",\"WordPress\"],\"articleSection\":[\"2017\",\"Jahr\"],\"inLanguage\":\"de\",\"potentialAction\":[{\"@type\":\"CommentAction\",\"name\":\"Comment\",\"target\":[\"https:\\\/\\\/hoerske.de\\\/blog\\\/2017\\\/11\\\/wochenrueckblick-fuer-die-kalenderwoche-46\\\/#respond\"]}]},{\"@type\":\"WebPage\",\"@id\":\"https:\\\/\\\/hoerske.de\\\/blog\\\/2017\\\/11\\\/wochenrueckblick-fuer-die-kalenderwoche-46\\\/\",\"url\":\"https:\\\/\\\/hoerske.de\\\/blog\\\/2017\\\/11\\\/wochenrueckblick-fuer-die-kalenderwoche-46\\\/\",\"name\":\"Wochenr\u00fcckblick f\u00fcr die Kalenderwoche 46 - Timos Paper\",\"isPartOf\":{\"@id\":\"https:\\\/\\\/hoerske.de\\\/blog\\\/#website\"},\"primaryImageOfPage\":{\"@id\":\"https:\\\/\\\/hoerske.de\\\/blog\\\/2017\\\/11\\\/wochenrueckblick-fuer-die-kalenderwoche-46\\\/#primaryimage\"},\"image\":{\"@id\":\"https:\\\/\\\/hoerske.de\\\/blog\\\/2017\\\/11\\\/wochenrueckblick-fuer-die-kalenderwoche-46\\\/#primaryimage\"},\"thumbnailUrl\":\"https:\\\/\\\/i0.wp.com\\\/hoerske.de\\\/blog\\\/wp-content\\\/uploads\\\/2017\\\/10\\\/IMG_0931.jpg?fit=2048%2C1364&ssl=1\",\"datePublished\":\"2017-11-19T22:01:37+00:00\",\"description\":\"Noch ist Zeit vor dem Ende der Woche. Daher bin ich zwar sp\u00e4t dran, aber nicht zu sp\u00e4t f\u00fcr einen Wochenr\u00fcckblick und den Ausblick auf die neue Woche.\",\"breadcrumb\":{\"@id\":\"https:\\\/\\\/hoerske.de\\\/blog\\\/2017\\\/11\\\/wochenrueckblick-fuer-die-kalenderwoche-46\\\/#breadcrumb\"},\"inLanguage\":\"de\",\"potentialAction\":[{\"@type\":\"ReadAction\",\"target\":[\"https:\\\/\\\/hoerske.de\\\/blog\\\/2017\\\/11\\\/wochenrueckblick-fuer-die-kalenderwoche-46\\\/\"]}]},{\"@type\":\"ImageObject\",\"inLanguage\":\"de\",\"@id\":\"https:\\\/\\\/hoerske.de\\\/blog\\\/2017\\\/11\\\/wochenrueckblick-fuer-die-kalenderwoche-46\\\/#primaryimage\",\"url\":\"https:\\\/\\\/i0.wp.com\\\/hoerske.de\\\/blog\\\/wp-content\\\/uploads\\\/2017\\\/10\\\/IMG_0931.jpg?fit=2048%2C1364&ssl=1\",\"contentUrl\":\"https:\\\/\\\/i0.wp.com\\\/hoerske.de\\\/blog\\\/wp-content\\\/uploads\\\/2017\\\/10\\\/IMG_0931.jpg?fit=2048%2C1364&ssl=1\",\"width\":2048,\"height\":1364,\"caption\":\"neue Woche\"},{\"@type\":\"BreadcrumbList\",\"@id\":\"https:\\\/\\\/hoerske.de\\\/blog\\\/2017\\\/11\\\/wochenrueckblick-fuer-die-kalenderwoche-46\\\/#breadcrumb\",\"itemListElement\":[{\"@type\":\"ListItem\",\"position\":1,\"name\":\"Startseite\",\"item\":\"https:\\\/\\\/hoerske.de\\\/blog\\\/\"},{\"@type\":\"ListItem\",\"position\":2,\"name\":\"Wochenr\u00fcckblick f\u00fcr die Kalenderwoche 46\"}]},{\"@type\":\"WebSite\",\"@id\":\"https:\\\/\\\/hoerske.de\\\/blog\\\/#website\",\"url\":\"https:\\\/\\\/hoerske.de\\\/blog\\\/\",\"name\":\"Timos Blog\",\"description\":\"ego cogito, ergo sum\",\"publisher\":{\"@id\":\"https:\\\/\\\/hoerske.de\\\/blog\\\/#\\\/schema\\\/person\\\/20677cf2167fc7027b752c3bba78d5fc\"},\"potentialAction\":[{\"@type\":\"SearchAction\",\"target\":{\"@type\":\"EntryPoint\",\"urlTemplate\":\"https:\\\/\\\/hoerske.de\\\/blog\\\/?s={search_term_string}\"},\"query-input\":{\"@type\":\"PropertyValueSpecification\",\"valueRequired\":true,\"valueName\":\"search_term_string\"}}],\"inLanguage\":\"de\"},{\"@type\":[\"Person\",\"Organization\"],\"@id\":\"https:\\\/\\\/hoerske.de\\\/blog\\\/#\\\/schema\\\/person\\\/20677cf2167fc7027b752c3bba78d5fc\",\"name\":\"Timo H\u00f6rske\",\"image\":{\"@type\":\"ImageObject\",\"inLanguage\":\"de\",\"@id\":\"https:\\\/\\\/i0.wp.com\\\/hoerske.de\\\/blog\\\/wp-content\\\/uploads\\\/2023\\\/01\\\/16711213967602.jpg?fit=1024%2C954&ssl=1\",\"url\":\"https:\\\/\\\/i0.wp.com\\\/hoerske.de\\\/blog\\\/wp-content\\\/uploads\\\/2023\\\/01\\\/16711213967602.jpg?fit=1024%2C954&ssl=1\",\"contentUrl\":\"https:\\\/\\\/i0.wp.com\\\/hoerske.de\\\/blog\\\/wp-content\\\/uploads\\\/2023\\\/01\\\/16711213967602.jpg?fit=1024%2C954&ssl=1\",\"width\":1024,\"height\":954,\"caption\":\"Timo H\u00f6rske\"},\"logo\":{\"@id\":\"https:\\\/\\\/i0.wp.com\\\/hoerske.de\\\/blog\\\/wp-content\\\/uploads\\\/2023\\\/01\\\/16711213967602.jpg?fit=1024%2C954&ssl=1\"},\"description\":\"Jahrgang 1985, als \\\"Ossi\\\" geboren, im beschaulichen Premnitz an der Havel aufgewachsen. Natur- und Kunstliebhaber. Seit \u00fcber 10 Jahren Wahlbremerhavener, K\u00fcsten- und Windfan. So ziemlich an Allem interessiert. Schwerpunkte sind aber eindeutig Politik, Gesellschaft, Rechtswesen, Natur, Imkerei und Technik. Rotes Parteibuch, Mitglied des Jugendhilfeausschusses der Stadt Bremerhaven, Vorsitzender eines Kleing\u00e4rtnervereins, Fachberater f\u00fcr das Kleingartenwesen, Verbandschef der Bremerhavener Kleing\u00e4rtner*innen. Hobbyimker, Freizeitblogger, Techniknerd.\",\"sameAs\":[\"https:\\\/\\\/www.hoerske.de\\\/\",\"https:\\\/\\\/www.facebook.com\\\/timo.hoerske\",\"https:\\\/\\\/www.instagram.com\\\/thoerske\\\/\",\"https:\\\/\\\/x.com\\\/timo_hoerske\"],\"url\":\"https:\\\/\\\/hoerske.de\\\/blog\\\/author\\\/roter_admin\\\/\"}]}<\/script>\n<!-- \/ Yoast SEO Premium plugin. -->","yoast_head_json":{"title":"Wochenr\u00fcckblick f\u00fcr die Kalenderwoche 46 - Timos Paper","description":"Noch ist Zeit vor dem Ende der Woche. Daher bin ich zwar sp\u00e4t dran, aber nicht zu sp\u00e4t f\u00fcr einen Wochenr\u00fcckblick und den Ausblick auf die neue Woche.","robots":{"index":"index","follow":"follow","max-snippet":"max-snippet:-1","max-image-preview":"max-image-preview:large","max-video-preview":"max-video-preview:-1"},"canonical":"https:\/\/hoerske.de\/blog\/2017\/11\/wochenrueckblick-fuer-die-kalenderwoche-46\/","og_locale":"de_DE","og_type":"article","og_title":"Wochenr\u00fcckblick f\u00fcr die Kalenderwoche 46","og_description":"Noch ist Zeit vor dem Ende der Woche. Daher bin ich zwar sp\u00e4t dran, aber nicht zu sp\u00e4t f\u00fcr einen Wochenr\u00fcckblick und den Ausblick auf die neue Woche.","og_url":"https:\/\/hoerske.de\/blog\/2017\/11\/wochenrueckblick-fuer-die-kalenderwoche-46\/","og_site_name":"Timos Paper","article_publisher":"https:\/\/www.facebook.com\/timo.hoerske","article_author":"https:\/\/www.facebook.com\/timo.hoerske","article_published_time":"2017-11-19T22:01:37+00:00","og_image":[{"width":2048,"height":1364,"url":"https:\/\/i0.wp.com\/blog.hoerske.de\/wp-content\/uploads\/2017\/10\/IMG_0931.jpg?fit=2048%2C1364","type":"image\/jpeg"}],"author":"Timo H\u00f6rske","twitter_card":"summary_large_image","twitter_creator":"@timo_hoerske","twitter_site":"@timo_hoerske","twitter_misc":{"Verfasst von":"Timo H\u00f6rske","Gesch\u00e4tzte Lesezeit":"1\u00a0Minute"},"schema":{"@context":"https:\/\/schema.org","@graph":[{"@type":"Article","@id":"https:\/\/hoerske.de\/blog\/2017\/11\/wochenrueckblick-fuer-die-kalenderwoche-46\/#article","isPartOf":{"@id":"https:\/\/hoerske.de\/blog\/2017\/11\/wochenrueckblick-fuer-die-kalenderwoche-46\/"},"author":{"name":"Timo H\u00f6rske","@id":"https:\/\/hoerske.de\/blog\/#\/schema\/person\/20677cf2167fc7027b752c3bba78d5fc"},"headline":"Wochenr\u00fcckblick f\u00fcr die Kalenderwoche 46","datePublished":"2017-11-19T22:01:37+00:00","mainEntityOfPage":{"@id":"https:\/\/hoerske.de\/blog\/2017\/11\/wochenrueckblick-fuer-die-kalenderwoche-46\/"},"wordCount":304,"commentCount":0,"publisher":{"@id":"https:\/\/hoerske.de\/blog\/#\/schema\/person\/20677cf2167fc7027b752c3bba78d5fc"},"image":{"@id":"https:\/\/hoerske.de\/blog\/2017\/11\/wochenrueckblick-fuer-die-kalenderwoche-46\/#primaryimage"},"thumbnailUrl":"https:\/\/i0.wp.com\/hoerske.de\/blog\/wp-content\/uploads\/2017\/10\/IMG_0931.jpg?fit=2048%2C1364&ssl=1","keywords":["Bremerhaven","Ende","neue Woche","Technik","VG Wort","Weihnachtsmarkt","WordPress"],"articleSection":["2017","Jahr"],"inLanguage":"de","potentialAction":[{"@type":"CommentAction","name":"Comment","target":["https:\/\/hoerske.de\/blog\/2017\/11\/wochenrueckblick-fuer-die-kalenderwoche-46\/#respond"]}]},{"@type":"WebPage","@id":"https:\/\/hoerske.de\/blog\/2017\/11\/wochenrueckblick-fuer-die-kalenderwoche-46\/","url":"https:\/\/hoerske.de\/blog\/2017\/11\/wochenrueckblick-fuer-die-kalenderwoche-46\/","name":"Wochenr\u00fcckblick f\u00fcr die Kalenderwoche 46 - Timos Paper","isPartOf":{"@id":"https:\/\/hoerske.de\/blog\/#website"},"primaryImageOfPage":{"@id":"https:\/\/hoerske.de\/blog\/2017\/11\/wochenrueckblick-fuer-die-kalenderwoche-46\/#primaryimage"},"image":{"@id":"https:\/\/hoerske.de\/blog\/2017\/11\/wochenrueckblick-fuer-die-kalenderwoche-46\/#primaryimage"},"thumbnailUrl":"https:\/\/i0.wp.com\/hoerske.de\/blog\/wp-content\/uploads\/2017\/10\/IMG_0931.jpg?fit=2048%2C1364&ssl=1","datePublished":"2017-11-19T22:01:37+00:00","description":"Noch ist Zeit vor dem Ende der Woche. Daher bin ich zwar sp\u00e4t dran, aber nicht zu sp\u00e4t f\u00fcr einen Wochenr\u00fcckblick und den Ausblick auf die neue Woche.","breadcrumb":{"@id":"https:\/\/hoerske.de\/blog\/2017\/11\/wochenrueckblick-fuer-die-kalenderwoche-46\/#breadcrumb"},"inLanguage":"de","potentialAction":[{"@type":"ReadAction","target":["https:\/\/hoerske.de\/blog\/2017\/11\/wochenrueckblick-fuer-die-kalenderwoche-46\/"]}]},{"@type":"ImageObject","inLanguage":"de","@id":"https:\/\/hoerske.de\/blog\/2017\/11\/wochenrueckblick-fuer-die-kalenderwoche-46\/#primaryimage","url":"https:\/\/i0.wp.com\/hoerske.de\/blog\/wp-content\/uploads\/2017\/10\/IMG_0931.jpg?fit=2048%2C1364&ssl=1","contentUrl":"https:\/\/i0.wp.com\/hoerske.de\/blog\/wp-content\/uploads\/2017\/10\/IMG_0931.jpg?fit=2048%2C1364&ssl=1","width":2048,"height":1364,"caption":"neue Woche"},{"@type":"BreadcrumbList","@id":"https:\/\/hoerske.de\/blog\/2017\/11\/wochenrueckblick-fuer-die-kalenderwoche-46\/#breadcrumb","itemListElement":[{"@type":"ListItem","position":1,"name":"Startseite","item":"https:\/\/hoerske.de\/blog\/"},{"@type":"ListItem","position":2,"name":"Wochenr\u00fcckblick f\u00fcr die Kalenderwoche 46"}]},{"@type":"WebSite","@id":"https:\/\/hoerske.de\/blog\/#website","url":"https:\/\/hoerske.de\/blog\/","name":"Timos Blog","description":"ego cogito, ergo sum","publisher":{"@id":"https:\/\/hoerske.de\/blog\/#\/schema\/person\/20677cf2167fc7027b752c3bba78d5fc"},"potentialAction":[{"@type":"SearchAction","target":{"@type":"EntryPoint","urlTemplate":"https:\/\/hoerske.de\/blog\/?s={search_term_string}"},"query-input":{"@type":"PropertyValueSpecification","valueRequired":true,"valueName":"search_term_string"}}],"inLanguage":"de"},{"@type":["Person","Organization"],"@id":"https:\/\/hoerske.de\/blog\/#\/schema\/person\/20677cf2167fc7027b752c3bba78d5fc","name":"Timo H\u00f6rske","image":{"@type":"ImageObject","inLanguage":"de","@id":"https:\/\/i0.wp.com\/hoerske.de\/blog\/wp-content\/uploads\/2023\/01\/16711213967602.jpg?fit=1024%2C954&ssl=1","url":"https:\/\/i0.wp.com\/hoerske.de\/blog\/wp-content\/uploads\/2023\/01\/16711213967602.jpg?fit=1024%2C954&ssl=1","contentUrl":"https:\/\/i0.wp.com\/hoerske.de\/blog\/wp-content\/uploads\/2023\/01\/16711213967602.jpg?fit=1024%2C954&ssl=1","width":1024,"height":954,"caption":"Timo H\u00f6rske"},"logo":{"@id":"https:\/\/i0.wp.com\/hoerske.de\/blog\/wp-content\/uploads\/2023\/01\/16711213967602.jpg?fit=1024%2C954&ssl=1"},"description":"Jahrgang 1985, als \"Ossi\" geboren, im beschaulichen Premnitz an der Havel aufgewachsen. Natur- und Kunstliebhaber. Seit \u00fcber 10 Jahren Wahlbremerhavener, K\u00fcsten- und Windfan. So ziemlich an Allem interessiert. Schwerpunkte sind aber eindeutig Politik, Gesellschaft, Rechtswesen, Natur, Imkerei und Technik. Rotes Parteibuch, Mitglied des Jugendhilfeausschusses der Stadt Bremerhaven, Vorsitzender eines Kleing\u00e4rtnervereins, Fachberater f\u00fcr das Kleingartenwesen, Verbandschef der Bremerhavener Kleing\u00e4rtner*innen. Hobbyimker, Freizeitblogger, Techniknerd.","sameAs":["https:\/\/www.hoerske.de\/","https:\/\/www.facebook.com\/timo.hoerske","https:\/\/www.instagram.com\/thoerske\/","https:\/\/x.com\/timo_hoerske"],"url":"https:\/\/hoerske.de\/blog\/author\/roter_admin\/"}]}},"jetpack_publicize_connections":[],"jetpack_featured_media_url":"https:\/\/i0.wp.com\/hoerske.de\/blog\/wp-content\/uploads\/2017\/10\/IMG_0931.jpg?fit=2048%2C1364&ssl=1","jetpack_shortlink":"https:\/\/wp.me\/p4W3ht-EB","jetpack_sharing_enabled":true,"_links":{"self":[{"href":"https:\/\/hoerske.de\/blog\/wp-json\/wp\/v2\/posts\/2517","targetHints":{"allow":["GET"]}}],"collection":[{"href":"https:\/\/hoerske.de\/blog\/wp-json\/wp\/v2\/posts"}],"about":[{"href":"https:\/\/hoerske.de\/blog\/wp-json\/wp\/v2\/types\/post"}],"author":[{"embeddable":true,"href":"https:\/\/hoerske.de\/blog\/wp-json\/wp\/v2\/users\/1"}],"replies":[{"embeddable":true,"href":"https:\/\/hoerske.de\/blog\/wp-json\/wp\/v2\/comments?post=2517"}],"version-history":[{"count":0,"href":"https:\/\/hoerske.de\/blog\/wp-json\/wp\/v2\/posts\/2517\/revisions"}],"wp:featuredmedia":[{"embeddable":true,"href":"https:\/\/hoerske.de\/blog\/wp-json\/wp\/v2\/media\/2223"}],"wp:attachment":[{"href":"https:\/\/hoerske.de\/blog\/wp-json\/wp\/v2\/media?parent=2517"}],"wp:term":[{"taxonomy":"category","embeddable":true,"href":"https:\/\/hoerske.de\/blog\/wp-json\/wp\/v2\/categories?post=2517"},{"taxonomy":"post_tag","embeddable":true,"href":"https:\/\/hoerske.de\/blog\/wp-json\/wp\/v2\/tags?post=2517"}],"curies":[{"name":"wp","href":"https:\/\/api.w.org\/{rel}","templated":true}]}}