{"id":2465,"date":"2017-11-25T10:00:40","date_gmt":"2017-11-25T08:00:40","guid":{"rendered":"https:\/\/www.hoerske.de\/?p=2465"},"modified":"2018-01-05T02:52:39","modified_gmt":"2018-01-05T00:52:39","slug":"internationaler-tag-gegen-gewalt-an-frauen","status":"publish","type":"post","link":"https:\/\/hoerske.de\/blog\/2017\/11\/internationaler-tag-gegen-gewalt-an-frauen\/","title":{"rendered":"Internationaler Tag gegen Gewalt an Frauen"},"content":{"rendered":"<p>Seit 1981 gibt es den Tag gegen Gewalt an Frauen, welcher vom ersten Tag das Ziel hatte, die Menschenrechte von M\u00e4dchen und Frauen zu st\u00e4rken, die sich weltweit unterschiedlicher Problematiken ausgesetzt sehen. Ein internationaler Tag der Damenwelt und M\u00e4dchen war laut Terre des Femmes notwendig, um auf die Problematiken der Damenwelt aufmerksam zu machen, denen sie sich Tag f\u00fcr Tag ausgesetzt sehen.<\/p>\n<p>Das war auch schon im Jahre 1981 die Zwangsprostitution, h\u00e4usliche Gewalt, Beschneidungen von Frauen und jungen M\u00e4dchen, Zwangsverheiratung und reicht bis zum Wahlrecht. Es gibt somit viele Thematiken, die ein internationaler Tag der Frauen und M\u00e4dchen mit sich bringt, sodass es nicht mehr nur der Tat gegen Gewalt an Frauen ist, sondern ein Tag, wo die Gerechtigkeit, Gleichstellung mit allem was dazugeh\u00f6rt sowie auf weitere schwerwiegende Probleme aufmerksam machen soll, denen sich M\u00e4dchen und Frauen weltweit ausgesetzt sehen.<\/p>\n<p>[adsense]<\/p>\n<h2>Ein internationaler Tag f\u00fcr das weibliche Geschlecht zum Aufr\u00fctteln<\/h2>\n<p>Jedes Jahr am 25. November findet der internationale Tag gegen Gewalt an Frauen und M\u00e4dchen statt. Dabei ist das Thema eher als Gewaltsamkeit zu betrachten, welche viele Formen und Facetten zum Nachteil von jungen M\u00e4dchen, Teenagern des weiblichen Geschlechts und erwachsenen Damen annehmen k\u00f6nnen. Die Aus\u00fcbung von verbaler und sexueller Macht gegen\u00fcber das weibliche Geschlecht ist hier nur ein Beispiel von vielen, auf den ein internationaler Tag seit 1981 immer am 25. November aufmerksam machen m\u00f6chte. H\u00e4usliche Auseinandersetzungen, Ehrenmorde zulasten der Frauen- und M\u00e4dchenwelt, Zwangsehen, Erniedrigungen, weniger Einfluss in der Berufswelt, keine Chance auf Bildung in m\u00e4nnlich dominierten und religi\u00f6s motivierten Nationen sowie alles, was mit Zwang zu tun hat, zum Nachteil von M\u00e4dchen und Damen hat an diesem Tag eine besondere Aufmerksamkeit verdient.<\/p>\n<h2>Gewalt an Frauen keine Chance geben lautet das Ziel des internationalen Tages gegen Gewalt an Frauen<\/h2>\n<p>1981 waren die Thematiken um Zwangsprostitution, Schl\u00e4ge in der Ehe, weniger Bildung f\u00fcr M\u00e4dchen und Damen bis hin zu anderen Thematiken schon brandaktuell. Bis heute hat sich die Zahl nicht ver\u00e4ndert, sondern vielerorts noch verschlechtert. Aus diesem Anlass ist der Tat gegen Gewalt an Frauen weiterhin ein wichtiger Tag zum Aufr\u00fctteln weltweit, damit Gewaltauswirkung verbaler und k\u00f6rperlicher Natur, Unterdr\u00fcckungen, Zwang und mehr keine Rolle mehr in der heutigen Gesellschaft spielen und Frauen endlich gleichberechtigt behandelt werden.<\/p>\n<p><a title=\"Infografik: Jede 3. Europ\u00e4erin war bereits Opfer von Gewalt | Statista\" href=\"https:\/\/de.statista.com\/infografik\/1964\/gewalt-gegen-frauen-in-europa\/\" target=\"_blank\" rel=\"noopener\"><img data-recalc-dims=\"1\" loading=\"lazy\" decoding=\"async\" class=\"aligncenter\" style=\"width: 100%; height: auto !important; max-width: 960px; -ms-interpolation-mode: bicubic;\" src=\"https:\/\/i0.wp.com\/infographic.statista.com\/normal\/infografik_1964_Gewalt_gegen_Frauen_in_Europa_n.jpg?resize=840%2C599&#038;ssl=1\" alt=\"Infografik: Jede 3. Europ\u00e4erin war bereits Opfer von Gewalt | Statista\" width=\"840\" height=\"599\" \/><\/a> Mehr Statistiken finden Sie bei <a href=\"https:\/\/de.statista.com\/\">Statista<\/a><\/p>\n<p>In Deutschland wurde sch\u00e4tzungsweise jede dritte Frau bereits Opfer k\u00f6rperlicher Gewalt durch ihren Partner. Die Dunkelziffer der Sexualdelikte d\u00fcrften ebenfalls deutlich h\u00f6her liegen. In manch anderen L\u00e4ndern hat das weibliche Geschlecht derweil \u00fcberhaupt nicht zu sagen, muss sich ehelichen Pflichten untergeben auch mit Zwang und Bildung ist ebenfalls ein Fremdwort. Genau solche Beispiele zeigen, wieso ein internationaler Tag f\u00fcr die Damenwelt seit 1981 so erfolgreich ausge\u00fcbt wird, wo Feministinnen und viele Organisationen j\u00e4hrlich genau auf diese Missst\u00e4nde aufmerksam machen. Auch in diesem Jahr am 25. November hei\u00dft es also wieder, macht die Augen auf, seht nicht weg und stoppt Gewalt gegen Frauen und nicht nur an dem internationalen Tag, sondern f\u00fcr immer.<\/p>\n<h2>Off Topic<\/h2>\n<p>Nach einer Textanalyse ist dieser Text zu 65% subjektiv, die wichtigsten Worte sind:\u00a0<em>Damenwelt, internationaler Tag, Tag f\u00fcr Tag, M\u00e4dchen, Zwangsprostitution, Bildung, Menschenrechte<\/em><\/p>\n<p>Ein Computer w\u00fcrde diesen Text der Kategorie Politik zu ordnen. Dem folge ich doch gerne.<\/p>\n","protected":false},"excerpt":{"rendered":"<p>Seit 1981 gibt es den Tat gegen Gewalt an Frauen, welcher vom ersten Tag das Ziel hatte, die Menschenrechte von M\u00e4dchen und Frauen zu st\u00e4rken, die sich weltweit unterschiedlicher Problematiken ausgesetzt sehen. Ein internationaler Tag der Damenwelt und M\u00e4dchen war laut Terre des Femmes notwendig, um auf die Problematiken der Damenwelt aufmerksam zu machen, denen sie sich Tag f\u00fcr Tag ausgesetzt sehen. Das war auch schon im Jahre 1981 die Zwangsprostitution, h\u00e4usliche Gewalt, Beschneidungen von Frauen und jungen M\u00e4dchen, Zwangsverheiratung und reicht bis zum Wahlrecht.<\/p>\n","protected":false},"author":1,"featured_media":2212,"comment_status":"closed","ping_status":"closed","sticky":false,"template":"","format":"standard","meta":{"jetpack_post_was_ever_published":false,"_jetpack_newsletter_access":"","_jetpack_dont_email_post_to_subs":false,"_jetpack_newsletter_tier_id":0,"_jetpack_memberships_contains_paywalled_content":false,"_jetpack_memberships_contains_paid_content":false,"footnotes":"","jetpack_publicize_message":"Seit 1981 gibt es den Tat gegen Gewalt an Frauen, welcher vom ersten Tag das Ziel hatte, die Menschenrechte von M\u00e4dchen und Frauen zu st\u00e4rken, die sich weltweit unterschiedlicher Problematiken ausgesetzt sehen. Ein internationaler Tag der Damenwelt und M\u00e4dchen war laut Terre des Femmes notwendig, um auf die Problematiken der Damenwelt aufmerksam zu machen, denen sie sich Tag f\u00fcr Tag ausgesetzt sehen.","jetpack_publicize_feature_enabled":true,"jetpack_social_post_already_shared":true,"jetpack_social_options":{"image_generator_settings":{"template":"highway","default_image_id":0,"font":"","enabled":false},"version":2},"_wpas_customize_per_network":false},"categories":[494,43,177,22],"tags":[173,713,771,714,712,711,773,775,772,774],"class_list":["post-2465","post","type-post","status-publish","format-standard","has-post-thumbnail","hentry","category-494","category-jahr","category-politik","category-vergangenheit","tag-bildung","tag-bildung-fuer-maedchen","tag-damenwelt","tag-gesellschaft","tag-internationaler-tag","tag-internationaler-tag-gegen-gewalt-an-frauen","tag-maedchen","tag-menschenrechte","tag-tag-fuer-tag","tag-zwangsprostitution"],"yoast_head":"<!-- This site is optimized with the Yoast SEO Premium plugin v27.3 (Yoast SEO v27.3) - https:\/\/yoast.com\/product\/yoast-seo-premium-wordpress\/ -->\n<title>Internationaler Tag gegen Gewalt an Frauen - Timos Paper<\/title>\n<meta name=\"description\" content=\"Seit 1981 gibt es den Tat gegen Gewalt an Frauen, welcher vom ersten Tag das Ziel hatte, die Menschenrechte von M\u00e4dchen und Frauen zu st\u00e4rken.\" \/>\n<meta name=\"robots\" content=\"index, follow, max-snippet:-1, max-image-preview:large, max-video-preview:-1\" \/>\n<link rel=\"canonical\" href=\"https:\/\/hoerske.de\/blog\/2017\/11\/internationaler-tag-gegen-gewalt-an-frauen\/\" \/>\n<meta property=\"og:locale\" content=\"de_DE\" \/>\n<meta property=\"og:type\" content=\"article\" \/>\n<meta property=\"og:title\" content=\"Internationaler Tag gegen Gewalt an Frauen\" \/>\n<meta property=\"og:description\" content=\"Seit 1981 gibt es den Tat gegen Gewalt an Frauen, welcher vom ersten Tag das Ziel hatte, die Menschenrechte von M\u00e4dchen und Frauen zu st\u00e4rken.\" \/>\n<meta property=\"og:url\" content=\"https:\/\/hoerske.de\/blog\/2017\/11\/internationaler-tag-gegen-gewalt-an-frauen\/\" \/>\n<meta property=\"og:site_name\" content=\"Timos Paper\" \/>\n<meta property=\"article:publisher\" content=\"https:\/\/www.facebook.com\/timo.hoerske\" \/>\n<meta property=\"article:author\" content=\"https:\/\/www.facebook.com\/timo.hoerske\" \/>\n<meta property=\"article:published_time\" content=\"2017-11-25T08:00:40+00:00\" \/>\n<meta property=\"article:modified_time\" content=\"2018-01-05T00:52:39+00:00\" \/>\n<meta property=\"og:image\" content=\"https:\/\/i0.wp.com\/blog.hoerske.de\/wp-content\/uploads\/2016\/06\/cropped-cropped-2-1.png?fit=1190%2C595\" \/>\n\t<meta property=\"og:image:width\" content=\"1190\" \/>\n\t<meta property=\"og:image:height\" content=\"595\" \/>\n\t<meta property=\"og:image:type\" content=\"image\/png\" \/>\n<meta name=\"author\" content=\"Timo H\u00f6rske\" \/>\n<meta name=\"twitter:card\" content=\"summary_large_image\" \/>\n<meta name=\"twitter:creator\" content=\"@timo_hoerske\" \/>\n<meta name=\"twitter:site\" content=\"@timo_hoerske\" \/>\n<meta name=\"twitter:label1\" content=\"Verfasst von\" \/>\n\t<meta name=\"twitter:data1\" content=\"Timo H\u00f6rske\" \/>\n\t<meta name=\"twitter:label2\" content=\"Gesch\u00e4tzte Lesezeit\" \/>\n\t<meta name=\"twitter:data2\" content=\"3\u00a0Minuten\" \/>\n<script type=\"application\/ld+json\" class=\"yoast-schema-graph\">{\"@context\":\"https:\\\/\\\/schema.org\",\"@graph\":[{\"@type\":\"Article\",\"@id\":\"https:\\\/\\\/hoerske.de\\\/blog\\\/2017\\\/11\\\/internationaler-tag-gegen-gewalt-an-frauen\\\/#article\",\"isPartOf\":{\"@id\":\"https:\\\/\\\/hoerske.de\\\/blog\\\/2017\\\/11\\\/internationaler-tag-gegen-gewalt-an-frauen\\\/\"},\"author\":{\"name\":\"Timo H\u00f6rske\",\"@id\":\"https:\\\/\\\/hoerske.de\\\/blog\\\/#\\\/schema\\\/person\\\/20677cf2167fc7027b752c3bba78d5fc\"},\"headline\":\"Internationaler Tag gegen Gewalt an Frauen\",\"datePublished\":\"2017-11-25T08:00:40+00:00\",\"dateModified\":\"2018-01-05T00:52:39+00:00\",\"mainEntityOfPage\":{\"@id\":\"https:\\\/\\\/hoerske.de\\\/blog\\\/2017\\\/11\\\/internationaler-tag-gegen-gewalt-an-frauen\\\/\"},\"wordCount\":564,\"publisher\":{\"@id\":\"https:\\\/\\\/hoerske.de\\\/blog\\\/#\\\/schema\\\/person\\\/20677cf2167fc7027b752c3bba78d5fc\"},\"image\":{\"@id\":\"https:\\\/\\\/hoerske.de\\\/blog\\\/2017\\\/11\\\/internationaler-tag-gegen-gewalt-an-frauen\\\/#primaryimage\"},\"thumbnailUrl\":\"https:\\\/\\\/i0.wp.com\\\/hoerske.de\\\/blog\\\/wp-content\\\/uploads\\\/2016\\\/06\\\/cropped-cropped-2-1.png?fit=1190%2C595&ssl=1\",\"keywords\":[\"Bildung\",\"bildung f\u00fcr m\u00e4dchen\",\"Damenwelt\",\"gesellschaft\",\"internationaler tag\",\"Internationaler Tag gegen Gewalt an Frauen\",\"M\u00e4dchen\",\"Menschenrechte\",\"Tag f\u00fcr Tag\",\"Zwangsprostitution\"],\"articleSection\":[\"2017\",\"Jahr\",\"Politik\",\"Vergangenheit\"],\"inLanguage\":\"de\"},{\"@type\":\"WebPage\",\"@id\":\"https:\\\/\\\/hoerske.de\\\/blog\\\/2017\\\/11\\\/internationaler-tag-gegen-gewalt-an-frauen\\\/\",\"url\":\"https:\\\/\\\/hoerske.de\\\/blog\\\/2017\\\/11\\\/internationaler-tag-gegen-gewalt-an-frauen\\\/\",\"name\":\"Internationaler Tag gegen Gewalt an Frauen - Timos Paper\",\"isPartOf\":{\"@id\":\"https:\\\/\\\/hoerske.de\\\/blog\\\/#website\"},\"primaryImageOfPage\":{\"@id\":\"https:\\\/\\\/hoerske.de\\\/blog\\\/2017\\\/11\\\/internationaler-tag-gegen-gewalt-an-frauen\\\/#primaryimage\"},\"image\":{\"@id\":\"https:\\\/\\\/hoerske.de\\\/blog\\\/2017\\\/11\\\/internationaler-tag-gegen-gewalt-an-frauen\\\/#primaryimage\"},\"thumbnailUrl\":\"https:\\\/\\\/i0.wp.com\\\/hoerske.de\\\/blog\\\/wp-content\\\/uploads\\\/2016\\\/06\\\/cropped-cropped-2-1.png?fit=1190%2C595&ssl=1\",\"datePublished\":\"2017-11-25T08:00:40+00:00\",\"dateModified\":\"2018-01-05T00:52:39+00:00\",\"description\":\"Seit 1981 gibt es den Tat gegen Gewalt an Frauen, welcher vom ersten Tag das Ziel hatte, die Menschenrechte von M\u00e4dchen und Frauen zu st\u00e4rken.\",\"breadcrumb\":{\"@id\":\"https:\\\/\\\/hoerske.de\\\/blog\\\/2017\\\/11\\\/internationaler-tag-gegen-gewalt-an-frauen\\\/#breadcrumb\"},\"inLanguage\":\"de\",\"potentialAction\":[{\"@type\":\"ReadAction\",\"target\":[\"https:\\\/\\\/hoerske.de\\\/blog\\\/2017\\\/11\\\/internationaler-tag-gegen-gewalt-an-frauen\\\/\"]}]},{\"@type\":\"ImageObject\",\"inLanguage\":\"de\",\"@id\":\"https:\\\/\\\/hoerske.de\\\/blog\\\/2017\\\/11\\\/internationaler-tag-gegen-gewalt-an-frauen\\\/#primaryimage\",\"url\":\"https:\\\/\\\/i0.wp.com\\\/hoerske.de\\\/blog\\\/wp-content\\\/uploads\\\/2016\\\/06\\\/cropped-cropped-2-1.png?fit=1190%2C595&ssl=1\",\"contentUrl\":\"https:\\\/\\\/i0.wp.com\\\/hoerske.de\\\/blog\\\/wp-content\\\/uploads\\\/2016\\\/06\\\/cropped-cropped-2-1.png?fit=1190%2C595&ssl=1\",\"width\":1190,\"height\":595},{\"@type\":\"BreadcrumbList\",\"@id\":\"https:\\\/\\\/hoerske.de\\\/blog\\\/2017\\\/11\\\/internationaler-tag-gegen-gewalt-an-frauen\\\/#breadcrumb\",\"itemListElement\":[{\"@type\":\"ListItem\",\"position\":1,\"name\":\"Startseite\",\"item\":\"https:\\\/\\\/hoerske.de\\\/blog\\\/\"},{\"@type\":\"ListItem\",\"position\":2,\"name\":\"Internationaler Tag gegen Gewalt an Frauen\"}]},{\"@type\":\"WebSite\",\"@id\":\"https:\\\/\\\/hoerske.de\\\/blog\\\/#website\",\"url\":\"https:\\\/\\\/hoerske.de\\\/blog\\\/\",\"name\":\"Timos Blog\",\"description\":\"ego cogito, ergo sum\",\"publisher\":{\"@id\":\"https:\\\/\\\/hoerske.de\\\/blog\\\/#\\\/schema\\\/person\\\/20677cf2167fc7027b752c3bba78d5fc\"},\"potentialAction\":[{\"@type\":\"SearchAction\",\"target\":{\"@type\":\"EntryPoint\",\"urlTemplate\":\"https:\\\/\\\/hoerske.de\\\/blog\\\/?s={search_term_string}\"},\"query-input\":{\"@type\":\"PropertyValueSpecification\",\"valueRequired\":true,\"valueName\":\"search_term_string\"}}],\"inLanguage\":\"de\"},{\"@type\":[\"Person\",\"Organization\"],\"@id\":\"https:\\\/\\\/hoerske.de\\\/blog\\\/#\\\/schema\\\/person\\\/20677cf2167fc7027b752c3bba78d5fc\",\"name\":\"Timo H\u00f6rske\",\"image\":{\"@type\":\"ImageObject\",\"inLanguage\":\"de\",\"@id\":\"https:\\\/\\\/i0.wp.com\\\/hoerske.de\\\/blog\\\/wp-content\\\/uploads\\\/2023\\\/01\\\/16711213967602.jpg?fit=1024%2C954&ssl=1\",\"url\":\"https:\\\/\\\/i0.wp.com\\\/hoerske.de\\\/blog\\\/wp-content\\\/uploads\\\/2023\\\/01\\\/16711213967602.jpg?fit=1024%2C954&ssl=1\",\"contentUrl\":\"https:\\\/\\\/i0.wp.com\\\/hoerske.de\\\/blog\\\/wp-content\\\/uploads\\\/2023\\\/01\\\/16711213967602.jpg?fit=1024%2C954&ssl=1\",\"width\":1024,\"height\":954,\"caption\":\"Timo H\u00f6rske\"},\"logo\":{\"@id\":\"https:\\\/\\\/i0.wp.com\\\/hoerske.de\\\/blog\\\/wp-content\\\/uploads\\\/2023\\\/01\\\/16711213967602.jpg?fit=1024%2C954&ssl=1\"},\"description\":\"Jahrgang 1985, als \\\"Ossi\\\" geboren, im beschaulichen Premnitz an der Havel aufgewachsen. Natur- und Kunstliebhaber. Seit \u00fcber 10 Jahren Wahlbremerhavener, K\u00fcsten- und Windfan. So ziemlich an Allem interessiert. Schwerpunkte sind aber eindeutig Politik, Gesellschaft, Rechtswesen, Natur, Imkerei und Technik. Rotes Parteibuch, Mitglied des Jugendhilfeausschusses der Stadt Bremerhaven, Vorsitzender eines Kleing\u00e4rtnervereins, Fachberater f\u00fcr das Kleingartenwesen, Verbandschef der Bremerhavener Kleing\u00e4rtner*innen. Hobbyimker, Freizeitblogger, Techniknerd.\",\"sameAs\":[\"https:\\\/\\\/www.hoerske.de\\\/\",\"https:\\\/\\\/www.facebook.com\\\/timo.hoerske\",\"https:\\\/\\\/www.instagram.com\\\/thoerske\\\/\",\"https:\\\/\\\/x.com\\\/timo_hoerske\"],\"url\":\"https:\\\/\\\/hoerske.de\\\/blog\\\/author\\\/roter_admin\\\/\"}]}<\/script>\n<!-- \/ Yoast SEO Premium plugin. -->","yoast_head_json":{"title":"Internationaler Tag gegen Gewalt an Frauen - Timos Paper","description":"Seit 1981 gibt es den Tat gegen Gewalt an Frauen, welcher vom ersten Tag das Ziel hatte, die Menschenrechte von M\u00e4dchen und Frauen zu st\u00e4rken.","robots":{"index":"index","follow":"follow","max-snippet":"max-snippet:-1","max-image-preview":"max-image-preview:large","max-video-preview":"max-video-preview:-1"},"canonical":"https:\/\/hoerske.de\/blog\/2017\/11\/internationaler-tag-gegen-gewalt-an-frauen\/","og_locale":"de_DE","og_type":"article","og_title":"Internationaler Tag gegen Gewalt an Frauen","og_description":"Seit 1981 gibt es den Tat gegen Gewalt an Frauen, welcher vom ersten Tag das Ziel hatte, die Menschenrechte von M\u00e4dchen und Frauen zu st\u00e4rken.","og_url":"https:\/\/hoerske.de\/blog\/2017\/11\/internationaler-tag-gegen-gewalt-an-frauen\/","og_site_name":"Timos Paper","article_publisher":"https:\/\/www.facebook.com\/timo.hoerske","article_author":"https:\/\/www.facebook.com\/timo.hoerske","article_published_time":"2017-11-25T08:00:40+00:00","article_modified_time":"2018-01-05T00:52:39+00:00","og_image":[{"width":1190,"height":595,"url":"https:\/\/i0.wp.com\/blog.hoerske.de\/wp-content\/uploads\/2016\/06\/cropped-cropped-2-1.png?fit=1190%2C595","type":"image\/png"}],"author":"Timo H\u00f6rske","twitter_card":"summary_large_image","twitter_creator":"@timo_hoerske","twitter_site":"@timo_hoerske","twitter_misc":{"Verfasst von":"Timo H\u00f6rske","Gesch\u00e4tzte Lesezeit":"3\u00a0Minuten"},"schema":{"@context":"https:\/\/schema.org","@graph":[{"@type":"Article","@id":"https:\/\/hoerske.de\/blog\/2017\/11\/internationaler-tag-gegen-gewalt-an-frauen\/#article","isPartOf":{"@id":"https:\/\/hoerske.de\/blog\/2017\/11\/internationaler-tag-gegen-gewalt-an-frauen\/"},"author":{"name":"Timo H\u00f6rske","@id":"https:\/\/hoerske.de\/blog\/#\/schema\/person\/20677cf2167fc7027b752c3bba78d5fc"},"headline":"Internationaler Tag gegen Gewalt an Frauen","datePublished":"2017-11-25T08:00:40+00:00","dateModified":"2018-01-05T00:52:39+00:00","mainEntityOfPage":{"@id":"https:\/\/hoerske.de\/blog\/2017\/11\/internationaler-tag-gegen-gewalt-an-frauen\/"},"wordCount":564,"publisher":{"@id":"https:\/\/hoerske.de\/blog\/#\/schema\/person\/20677cf2167fc7027b752c3bba78d5fc"},"image":{"@id":"https:\/\/hoerske.de\/blog\/2017\/11\/internationaler-tag-gegen-gewalt-an-frauen\/#primaryimage"},"thumbnailUrl":"https:\/\/i0.wp.com\/hoerske.de\/blog\/wp-content\/uploads\/2016\/06\/cropped-cropped-2-1.png?fit=1190%2C595&ssl=1","keywords":["Bildung","bildung f\u00fcr m\u00e4dchen","Damenwelt","gesellschaft","internationaler tag","Internationaler Tag gegen Gewalt an Frauen","M\u00e4dchen","Menschenrechte","Tag f\u00fcr Tag","Zwangsprostitution"],"articleSection":["2017","Jahr","Politik","Vergangenheit"],"inLanguage":"de"},{"@type":"WebPage","@id":"https:\/\/hoerske.de\/blog\/2017\/11\/internationaler-tag-gegen-gewalt-an-frauen\/","url":"https:\/\/hoerske.de\/blog\/2017\/11\/internationaler-tag-gegen-gewalt-an-frauen\/","name":"Internationaler Tag gegen Gewalt an Frauen - Timos Paper","isPartOf":{"@id":"https:\/\/hoerske.de\/blog\/#website"},"primaryImageOfPage":{"@id":"https:\/\/hoerske.de\/blog\/2017\/11\/internationaler-tag-gegen-gewalt-an-frauen\/#primaryimage"},"image":{"@id":"https:\/\/hoerske.de\/blog\/2017\/11\/internationaler-tag-gegen-gewalt-an-frauen\/#primaryimage"},"thumbnailUrl":"https:\/\/i0.wp.com\/hoerske.de\/blog\/wp-content\/uploads\/2016\/06\/cropped-cropped-2-1.png?fit=1190%2C595&ssl=1","datePublished":"2017-11-25T08:00:40+00:00","dateModified":"2018-01-05T00:52:39+00:00","description":"Seit 1981 gibt es den Tat gegen Gewalt an Frauen, welcher vom ersten Tag das Ziel hatte, die Menschenrechte von M\u00e4dchen und Frauen zu st\u00e4rken.","breadcrumb":{"@id":"https:\/\/hoerske.de\/blog\/2017\/11\/internationaler-tag-gegen-gewalt-an-frauen\/#breadcrumb"},"inLanguage":"de","potentialAction":[{"@type":"ReadAction","target":["https:\/\/hoerske.de\/blog\/2017\/11\/internationaler-tag-gegen-gewalt-an-frauen\/"]}]},{"@type":"ImageObject","inLanguage":"de","@id":"https:\/\/hoerske.de\/blog\/2017\/11\/internationaler-tag-gegen-gewalt-an-frauen\/#primaryimage","url":"https:\/\/i0.wp.com\/hoerske.de\/blog\/wp-content\/uploads\/2016\/06\/cropped-cropped-2-1.png?fit=1190%2C595&ssl=1","contentUrl":"https:\/\/i0.wp.com\/hoerske.de\/blog\/wp-content\/uploads\/2016\/06\/cropped-cropped-2-1.png?fit=1190%2C595&ssl=1","width":1190,"height":595},{"@type":"BreadcrumbList","@id":"https:\/\/hoerske.de\/blog\/2017\/11\/internationaler-tag-gegen-gewalt-an-frauen\/#breadcrumb","itemListElement":[{"@type":"ListItem","position":1,"name":"Startseite","item":"https:\/\/hoerske.de\/blog\/"},{"@type":"ListItem","position":2,"name":"Internationaler Tag gegen Gewalt an Frauen"}]},{"@type":"WebSite","@id":"https:\/\/hoerske.de\/blog\/#website","url":"https:\/\/hoerske.de\/blog\/","name":"Timos Blog","description":"ego cogito, ergo sum","publisher":{"@id":"https:\/\/hoerske.de\/blog\/#\/schema\/person\/20677cf2167fc7027b752c3bba78d5fc"},"potentialAction":[{"@type":"SearchAction","target":{"@type":"EntryPoint","urlTemplate":"https:\/\/hoerske.de\/blog\/?s={search_term_string}"},"query-input":{"@type":"PropertyValueSpecification","valueRequired":true,"valueName":"search_term_string"}}],"inLanguage":"de"},{"@type":["Person","Organization"],"@id":"https:\/\/hoerske.de\/blog\/#\/schema\/person\/20677cf2167fc7027b752c3bba78d5fc","name":"Timo H\u00f6rske","image":{"@type":"ImageObject","inLanguage":"de","@id":"https:\/\/i0.wp.com\/hoerske.de\/blog\/wp-content\/uploads\/2023\/01\/16711213967602.jpg?fit=1024%2C954&ssl=1","url":"https:\/\/i0.wp.com\/hoerske.de\/blog\/wp-content\/uploads\/2023\/01\/16711213967602.jpg?fit=1024%2C954&ssl=1","contentUrl":"https:\/\/i0.wp.com\/hoerske.de\/blog\/wp-content\/uploads\/2023\/01\/16711213967602.jpg?fit=1024%2C954&ssl=1","width":1024,"height":954,"caption":"Timo H\u00f6rske"},"logo":{"@id":"https:\/\/i0.wp.com\/hoerske.de\/blog\/wp-content\/uploads\/2023\/01\/16711213967602.jpg?fit=1024%2C954&ssl=1"},"description":"Jahrgang 1985, als \"Ossi\" geboren, im beschaulichen Premnitz an der Havel aufgewachsen. Natur- und Kunstliebhaber. Seit \u00fcber 10 Jahren Wahlbremerhavener, K\u00fcsten- und Windfan. So ziemlich an Allem interessiert. Schwerpunkte sind aber eindeutig Politik, Gesellschaft, Rechtswesen, Natur, Imkerei und Technik. Rotes Parteibuch, Mitglied des Jugendhilfeausschusses der Stadt Bremerhaven, Vorsitzender eines Kleing\u00e4rtnervereins, Fachberater f\u00fcr das Kleingartenwesen, Verbandschef der Bremerhavener Kleing\u00e4rtner*innen. Hobbyimker, Freizeitblogger, Techniknerd.","sameAs":["https:\/\/www.hoerske.de\/","https:\/\/www.facebook.com\/timo.hoerske","https:\/\/www.instagram.com\/thoerske\/","https:\/\/x.com\/timo_hoerske"],"url":"https:\/\/hoerske.de\/blog\/author\/roter_admin\/"}]}},"jetpack_publicize_connections":[],"jetpack_featured_media_url":"https:\/\/i0.wp.com\/hoerske.de\/blog\/wp-content\/uploads\/2016\/06\/cropped-cropped-2-1.png?fit=1190%2C595&ssl=1","jetpack_shortlink":"https:\/\/wp.me\/p4W3ht-DL","jetpack_sharing_enabled":true,"_links":{"self":[{"href":"https:\/\/hoerske.de\/blog\/wp-json\/wp\/v2\/posts\/2465","targetHints":{"allow":["GET"]}}],"collection":[{"href":"https:\/\/hoerske.de\/blog\/wp-json\/wp\/v2\/posts"}],"about":[{"href":"https:\/\/hoerske.de\/blog\/wp-json\/wp\/v2\/types\/post"}],"author":[{"embeddable":true,"href":"https:\/\/hoerske.de\/blog\/wp-json\/wp\/v2\/users\/1"}],"replies":[{"embeddable":true,"href":"https:\/\/hoerske.de\/blog\/wp-json\/wp\/v2\/comments?post=2465"}],"version-history":[{"count":0,"href":"https:\/\/hoerske.de\/blog\/wp-json\/wp\/v2\/posts\/2465\/revisions"}],"wp:featuredmedia":[{"embeddable":true,"href":"https:\/\/hoerske.de\/blog\/wp-json\/wp\/v2\/media\/2212"}],"wp:attachment":[{"href":"https:\/\/hoerske.de\/blog\/wp-json\/wp\/v2\/media?parent=2465"}],"wp:term":[{"taxonomy":"category","embeddable":true,"href":"https:\/\/hoerske.de\/blog\/wp-json\/wp\/v2\/categories?post=2465"},{"taxonomy":"post_tag","embeddable":true,"href":"https:\/\/hoerske.de\/blog\/wp-json\/wp\/v2\/tags?post=2465"}],"curies":[{"name":"wp","href":"https:\/\/api.w.org\/{rel}","templated":true}]}}