{"id":2364,"date":"2017-11-03T20:57:57","date_gmt":"2017-11-03T18:57:57","guid":{"rendered":"https:\/\/www.hoerske.de\/?p=2364"},"modified":"2018-03-21T02:41:12","modified_gmt":"2018-03-21T00:41:12","slug":"schleiereulen","status":"publish","type":"post","link":"https:\/\/hoerske.de\/blog\/2017\/11\/schleiereulen\/","title":{"rendered":"Schleiereulen"},"content":{"rendered":"<p>Sp\u00e4testens seit Hedwig, der Schneeeule aus Harry Potter, sind Eulen wieder in &#8220;Mode&#8221; gekommen. Ich pers\u00f6nlich finde Schleiereulen noch wesentlich interessanter und h\u00fcbscher.<\/p>\n<h2>Tyto alba<\/h2>\n<p>Sie besitzt aufgrund zahlreicher morphologischer Besonderheiten eine systematische Sonderstellung und wird z.T. in den Beschreibungen kontr\u00e4r den anderen Familien der Eulen gegen\u00fcber gestellt. Die Schleiereule <em>Tyto alba<\/em> geh\u00f6rt zu der Ordnung der Eulen <em>Strigiformes<\/em> und der Familie der Schleiereulen <em>Tytonidae.<\/em><\/p>\n<p>F\u00fcr Schleiereulen ist eine sehr helle Befiederung typisch, ihr fehlen im Gegensatz zu anderen Eulen die sogenannten Federohren. Auff\u00e4llig ist das herzf\u00f6rmige Gesicht mit seinen verh\u00e4ltnism\u00e4\u00dfig kleinen, tiefschwarzen Augen. Wie die meisten Eulen ist auch die Schleiereule nachtaktiv und am Tage nur an ihren Ruhepl\u00e4tzen oder am Brutplatz anzutreffen.<\/p>\n<p>Viele Regionen der Welt sind als Heimat der Schleiereule der bekannt. In der Tundra, den tropischen Regenw\u00e4ldern, sowie den gr\u00f6\u00dften Teilen Asiens und den W\u00fcsten dieser Welt kann man keine Schleiereulen finden. Das Hauptverbreitungsgebiet umfasst Mittel- und Nordamerika.<\/p>\n<p>[adsense]<\/p>\n<h2>Besonderheiten der Schleiereulen<\/h2>\n<p>Eine weitere Besonderheit der Schleiereulen ist es, dass sie ihre Brutpl\u00e4tze innerhalb und in der N\u00e4he menschlicher Siedlungen w\u00e4hlt. Es ergibt sich daraus eine besondere Verantwortung f\u00fcr die Menschen um die in unmittelbarer N\u00e4he br\u00fctende, aber dennoch empfindliche Vogelart zu sch\u00fctzen.<\/p>\n<p>Der Bestand in Europa umfasst ca. 110.000 bis 220.000 Brutpaare, der gr\u00f6\u00dfte Teil befindet sich dabei in Spanien und Frankreich. In Deutschland geht man von 11.000 bis 17.000 Paaren aus. W\u00e4hrend der 70er Jahre galt die Art in Deutschland als stark gef\u00e4hrdet. Daher war die Wahl zum Vogel des Jahres 1977 durchaus berechtigt. Die folgenden Schutz- und Hilfsma\u00dfnahmen zeigen Erfolge und haben zu einem positiven Trend der Entwicklung des Bestandes gesorgt ((Quelle: <a href=\"https:\/\/www.nabu.de\/tiere-und-pflanzen\/aktionen-und-projekte\/vogel-des-jahres\/1977-schleiereule\/index.html\">NABU<\/a>)). Dazu beigetragen haben verschiedene Aktivit\u00e4ten zum Schutz und zur Vermehrung der Schleiereulen, die Schaffung von gesch\u00fctzten Brutpl\u00e4tzen, sowie Kampagnen zur Information und Aufkl\u00e4rung der Bev\u00f6lkerung \u00fcber Schutzm\u00f6glichkeiten vor Ort.<\/p>\n<p>Linkempfehlung:<\/p>\n<p><a href=\"https:\/\/de.wikipedia.org\/wiki\/Schleiereule\">Wikipedia<\/a><\/p>\n<p><a href=\"https:\/\/www.nabu.de\/tiere-und-pflanzen\/aktionen-und-projekte\/vogel-des-jahres\/1977-schleiereule\/index.html\">NABU<\/a><\/p>\n","protected":false},"excerpt":{"rendered":"<p>Sp\u00e4testens seit Hedwig, der Schneeeule aus Harry Potter, sind Eulen wieder in &#8220;Mode&#8221; gekommen. Ich pers\u00f6nlich finde Schleiereulen noch wesentlich interessanter und h\u00fcbscher. Tyto alba. Sie besitzt aufgrund zahlreicher morphologischer Besonderheiten eine systematische Sonderstellung und wird z.T. in den Beschreibungen kontr\u00e4r den anderen Familien der Eulen gegen\u00fcber gestellt. Die Schleiereule Tyto alba geh\u00f6rt zur der Ordnung der Eulen Strigiformes und der Familie der Schleiereulen Tytonidae.<\/p>\n","protected":false},"author":1,"featured_media":2389,"comment_status":"open","ping_status":"open","sticky":false,"template":"","format":"standard","meta":{"jetpack_post_was_ever_published":false,"_jetpack_newsletter_access":"","_jetpack_dont_email_post_to_subs":false,"_jetpack_newsletter_tier_id":0,"_jetpack_memberships_contains_paywalled_content":false,"_jetpack_memberships_contains_paid_content":false,"footnotes":"","jetpack_publicize_message":"Sp\u00e4testens seit Hedwig, der Schneeeule aus Harry Potter, sind Eulen wieder in \"Mode\" gekommen. Ich pers\u00f6nlich finde Schleiereulen noch wesentlich interessanter und h\u00fcbscher. Tyto alba. Sie besitzt aufgrund zahlreicher morphologischer Besonderheiten eine systematische Sonderstellung und wird z.T. in den Beschreibungen kontr\u00e4r den anderen Familien der Eulen gegen\u00fcber gestellt. Die Schleiereule Tyto alba geh\u00f6rt zur der Ordnung der Eulen Strigiformes und der Familie der Schleiereulen Tytonidae.","jetpack_publicize_feature_enabled":true,"jetpack_social_post_already_shared":true,"jetpack_social_options":{"image_generator_settings":{"template":"highway","default_image_id":0,"font":"","enabled":false},"version":2},"_wpas_customize_per_network":false},"categories":[494,595],"tags":[690,686,689,193,687,604,688],"class_list":["post-2364","post","type-post","status-publish","format-standard","has-post-thumbnail","hentry","category-494","category-tiere","tag-kuckuck","tag-schleiereule","tag-schuhu","tag-tiere","tag-uhu","tag-voegel","tag-wald"],"yoast_head":"<!-- This site is optimized with the Yoast SEO Premium plugin v27.3 (Yoast SEO v27.3) - https:\/\/yoast.com\/product\/yoast-seo-premium-wordpress\/ -->\n<title>Schleiereulen - Timos Paper<\/title>\n<meta name=\"robots\" content=\"index, follow, max-snippet:-1, max-image-preview:large, max-video-preview:-1\" \/>\n<link rel=\"canonical\" href=\"https:\/\/hoerske.de\/blog\/2017\/11\/schleiereulen\/\" \/>\n<meta property=\"og:locale\" content=\"de_DE\" \/>\n<meta property=\"og:type\" content=\"article\" \/>\n<meta property=\"og:title\" content=\"Schleiereulen\" \/>\n<meta property=\"og:description\" content=\"Sp\u00e4testens seit Hedwig, der Schneeeule aus Harry Potter, sind Eulen wieder in &quot;Mode&quot; gekommen. Ich pers\u00f6nlich finde Schleiereulen noch wesentlich interessanter und h\u00fcbscher. Tyto alba. Sie besitzt aufgrund zahlreicher morphologischer Besonderheiten eine systematische Sonderstellung und wird z.T. in den Beschreibungen kontr\u00e4r den anderen Familien der Eulen gegen\u00fcber gestellt. Die Schleiereule Tyto alba geh\u00f6rt zur der Ordnung der Eulen Strigiformes und der Familie der Schleiereulen Tytonidae.\" \/>\n<meta property=\"og:url\" content=\"https:\/\/hoerske.de\/blog\/2017\/11\/schleiereulen\/\" \/>\n<meta property=\"og:site_name\" content=\"Timos Paper\" \/>\n<meta property=\"article:publisher\" content=\"https:\/\/www.facebook.com\/timo.hoerske\" \/>\n<meta property=\"article:author\" content=\"https:\/\/www.facebook.com\/timo.hoerske\" \/>\n<meta property=\"article:published_time\" content=\"2017-11-03T18:57:57+00:00\" \/>\n<meta property=\"article:modified_time\" content=\"2018-03-21T00:41:12+00:00\" \/>\n<meta property=\"og:image\" content=\"https:\/\/i0.wp.com\/blog.hoerske.de\/wp-content\/uploads\/2017\/11\/Tyto_alba_close_up-e1509734946742.jpg?fit=1652%2C1046\" \/>\n\t<meta property=\"og:image:width\" content=\"1652\" \/>\n\t<meta property=\"og:image:height\" content=\"1046\" \/>\n\t<meta property=\"og:image:type\" content=\"image\/jpeg\" \/>\n<meta name=\"author\" content=\"Timo H\u00f6rske\" \/>\n<meta name=\"twitter:card\" content=\"summary_large_image\" \/>\n<meta name=\"twitter:creator\" content=\"@timo_hoerske\" \/>\n<meta name=\"twitter:site\" content=\"@timo_hoerske\" \/>\n<meta name=\"twitter:label1\" content=\"Verfasst von\" \/>\n\t<meta name=\"twitter:data1\" content=\"Timo H\u00f6rske\" \/>\n\t<meta name=\"twitter:label2\" content=\"Gesch\u00e4tzte Lesezeit\" \/>\n\t<meta name=\"twitter:data2\" content=\"2\u00a0Minuten\" \/>\n<script type=\"application\/ld+json\" class=\"yoast-schema-graph\">{\"@context\":\"https:\\\/\\\/schema.org\",\"@graph\":[{\"@type\":\"Article\",\"@id\":\"https:\\\/\\\/hoerske.de\\\/blog\\\/2017\\\/11\\\/schleiereulen\\\/#article\",\"isPartOf\":{\"@id\":\"https:\\\/\\\/hoerske.de\\\/blog\\\/2017\\\/11\\\/schleiereulen\\\/\"},\"author\":{\"name\":\"Timo H\u00f6rske\",\"@id\":\"https:\\\/\\\/hoerske.de\\\/blog\\\/#\\\/schema\\\/person\\\/20677cf2167fc7027b752c3bba78d5fc\"},\"headline\":\"Schleiereulen\",\"datePublished\":\"2017-11-03T18:57:57+00:00\",\"dateModified\":\"2018-03-21T00:41:12+00:00\",\"mainEntityOfPage\":{\"@id\":\"https:\\\/\\\/hoerske.de\\\/blog\\\/2017\\\/11\\\/schleiereulen\\\/\"},\"wordCount\":331,\"commentCount\":1,\"publisher\":{\"@id\":\"https:\\\/\\\/hoerske.de\\\/blog\\\/#\\\/schema\\\/person\\\/20677cf2167fc7027b752c3bba78d5fc\"},\"image\":{\"@id\":\"https:\\\/\\\/hoerske.de\\\/blog\\\/2017\\\/11\\\/schleiereulen\\\/#primaryimage\"},\"thumbnailUrl\":\"https:\\\/\\\/i0.wp.com\\\/hoerske.de\\\/blog\\\/wp-content\\\/uploads\\\/2017\\\/11\\\/Tyto_alba_close_up-e1509734946742.jpg?fit=1652%2C1046&ssl=1\",\"keywords\":[\"Kuckuck\",\"Schleiereule\",\"Schuhu\",\"Tiere\",\"Uhu\",\"V\u00f6gel\",\"Wald\"],\"articleSection\":[\"2017\",\"Tiere\"],\"inLanguage\":\"de\",\"potentialAction\":[{\"@type\":\"CommentAction\",\"name\":\"Comment\",\"target\":[\"https:\\\/\\\/hoerske.de\\\/blog\\\/2017\\\/11\\\/schleiereulen\\\/#respond\"]}]},{\"@type\":\"WebPage\",\"@id\":\"https:\\\/\\\/hoerske.de\\\/blog\\\/2017\\\/11\\\/schleiereulen\\\/\",\"url\":\"https:\\\/\\\/hoerske.de\\\/blog\\\/2017\\\/11\\\/schleiereulen\\\/\",\"name\":\"Schleiereulen - Timos Paper\",\"isPartOf\":{\"@id\":\"https:\\\/\\\/hoerske.de\\\/blog\\\/#website\"},\"primaryImageOfPage\":{\"@id\":\"https:\\\/\\\/hoerske.de\\\/blog\\\/2017\\\/11\\\/schleiereulen\\\/#primaryimage\"},\"image\":{\"@id\":\"https:\\\/\\\/hoerske.de\\\/blog\\\/2017\\\/11\\\/schleiereulen\\\/#primaryimage\"},\"thumbnailUrl\":\"https:\\\/\\\/i0.wp.com\\\/hoerske.de\\\/blog\\\/wp-content\\\/uploads\\\/2017\\\/11\\\/Tyto_alba_close_up-e1509734946742.jpg?fit=1652%2C1046&ssl=1\",\"datePublished\":\"2017-11-03T18:57:57+00:00\",\"dateModified\":\"2018-03-21T00:41:12+00:00\",\"breadcrumb\":{\"@id\":\"https:\\\/\\\/hoerske.de\\\/blog\\\/2017\\\/11\\\/schleiereulen\\\/#breadcrumb\"},\"inLanguage\":\"de\",\"potentialAction\":[{\"@type\":\"ReadAction\",\"target\":[\"https:\\\/\\\/hoerske.de\\\/blog\\\/2017\\\/11\\\/schleiereulen\\\/\"]}]},{\"@type\":\"ImageObject\",\"inLanguage\":\"de\",\"@id\":\"https:\\\/\\\/hoerske.de\\\/blog\\\/2017\\\/11\\\/schleiereulen\\\/#primaryimage\",\"url\":\"https:\\\/\\\/i0.wp.com\\\/hoerske.de\\\/blog\\\/wp-content\\\/uploads\\\/2017\\\/11\\\/Tyto_alba_close_up-e1509734946742.jpg?fit=1652%2C1046&ssl=1\",\"contentUrl\":\"https:\\\/\\\/i0.wp.com\\\/hoerske.de\\\/blog\\\/wp-content\\\/uploads\\\/2017\\\/11\\\/Tyto_alba_close_up-e1509734946742.jpg?fit=1652%2C1046&ssl=1\",\"width\":1652,\"height\":1046,\"caption\":\"Schleiereule (Tyto alba) - Stevie B \\\/ Wikimedia Commons\"},{\"@type\":\"BreadcrumbList\",\"@id\":\"https:\\\/\\\/hoerske.de\\\/blog\\\/2017\\\/11\\\/schleiereulen\\\/#breadcrumb\",\"itemListElement\":[{\"@type\":\"ListItem\",\"position\":1,\"name\":\"Startseite\",\"item\":\"https:\\\/\\\/hoerske.de\\\/blog\\\/\"},{\"@type\":\"ListItem\",\"position\":2,\"name\":\"Schleiereulen\"}]},{\"@type\":\"WebSite\",\"@id\":\"https:\\\/\\\/hoerske.de\\\/blog\\\/#website\",\"url\":\"https:\\\/\\\/hoerske.de\\\/blog\\\/\",\"name\":\"Timos Blog\",\"description\":\"ego cogito, ergo sum\",\"publisher\":{\"@id\":\"https:\\\/\\\/hoerske.de\\\/blog\\\/#\\\/schema\\\/person\\\/20677cf2167fc7027b752c3bba78d5fc\"},\"potentialAction\":[{\"@type\":\"SearchAction\",\"target\":{\"@type\":\"EntryPoint\",\"urlTemplate\":\"https:\\\/\\\/hoerske.de\\\/blog\\\/?s={search_term_string}\"},\"query-input\":{\"@type\":\"PropertyValueSpecification\",\"valueRequired\":true,\"valueName\":\"search_term_string\"}}],\"inLanguage\":\"de\"},{\"@type\":[\"Person\",\"Organization\"],\"@id\":\"https:\\\/\\\/hoerske.de\\\/blog\\\/#\\\/schema\\\/person\\\/20677cf2167fc7027b752c3bba78d5fc\",\"name\":\"Timo H\u00f6rske\",\"image\":{\"@type\":\"ImageObject\",\"inLanguage\":\"de\",\"@id\":\"https:\\\/\\\/i0.wp.com\\\/hoerske.de\\\/blog\\\/wp-content\\\/uploads\\\/2023\\\/01\\\/16711213967602.jpg?fit=1024%2C954&ssl=1\",\"url\":\"https:\\\/\\\/i0.wp.com\\\/hoerske.de\\\/blog\\\/wp-content\\\/uploads\\\/2023\\\/01\\\/16711213967602.jpg?fit=1024%2C954&ssl=1\",\"contentUrl\":\"https:\\\/\\\/i0.wp.com\\\/hoerske.de\\\/blog\\\/wp-content\\\/uploads\\\/2023\\\/01\\\/16711213967602.jpg?fit=1024%2C954&ssl=1\",\"width\":1024,\"height\":954,\"caption\":\"Timo H\u00f6rske\"},\"logo\":{\"@id\":\"https:\\\/\\\/i0.wp.com\\\/hoerske.de\\\/blog\\\/wp-content\\\/uploads\\\/2023\\\/01\\\/16711213967602.jpg?fit=1024%2C954&ssl=1\"},\"description\":\"Jahrgang 1985, als \\\"Ossi\\\" geboren, im beschaulichen Premnitz an der Havel aufgewachsen. Natur- und Kunstliebhaber. Seit \u00fcber 10 Jahren Wahlbremerhavener, K\u00fcsten- und Windfan. So ziemlich an Allem interessiert. Schwerpunkte sind aber eindeutig Politik, Gesellschaft, Rechtswesen, Natur, Imkerei und Technik. Rotes Parteibuch, Mitglied des Jugendhilfeausschusses der Stadt Bremerhaven, Vorsitzender eines Kleing\u00e4rtnervereins, Fachberater f\u00fcr das Kleingartenwesen, Verbandschef der Bremerhavener Kleing\u00e4rtner*innen. Hobbyimker, Freizeitblogger, Techniknerd.\",\"sameAs\":[\"https:\\\/\\\/www.hoerske.de\\\/\",\"https:\\\/\\\/www.facebook.com\\\/timo.hoerske\",\"https:\\\/\\\/www.instagram.com\\\/thoerske\\\/\",\"https:\\\/\\\/x.com\\\/timo_hoerske\"],\"url\":\"https:\\\/\\\/hoerske.de\\\/blog\\\/author\\\/roter_admin\\\/\"}]}<\/script>\n<!-- \/ Yoast SEO Premium plugin. -->","yoast_head_json":{"title":"Schleiereulen - Timos Paper","robots":{"index":"index","follow":"follow","max-snippet":"max-snippet:-1","max-image-preview":"max-image-preview:large","max-video-preview":"max-video-preview:-1"},"canonical":"https:\/\/hoerske.de\/blog\/2017\/11\/schleiereulen\/","og_locale":"de_DE","og_type":"article","og_title":"Schleiereulen","og_description":"Sp\u00e4testens seit Hedwig, der Schneeeule aus Harry Potter, sind Eulen wieder in \"Mode\" gekommen. Ich pers\u00f6nlich finde Schleiereulen noch wesentlich interessanter und h\u00fcbscher. Tyto alba. Sie besitzt aufgrund zahlreicher morphologischer Besonderheiten eine systematische Sonderstellung und wird z.T. in den Beschreibungen kontr\u00e4r den anderen Familien der Eulen gegen\u00fcber gestellt. Die Schleiereule Tyto alba geh\u00f6rt zur der Ordnung der Eulen Strigiformes und der Familie der Schleiereulen Tytonidae.","og_url":"https:\/\/hoerske.de\/blog\/2017\/11\/schleiereulen\/","og_site_name":"Timos Paper","article_publisher":"https:\/\/www.facebook.com\/timo.hoerske","article_author":"https:\/\/www.facebook.com\/timo.hoerske","article_published_time":"2017-11-03T18:57:57+00:00","article_modified_time":"2018-03-21T00:41:12+00:00","og_image":[{"width":1652,"height":1046,"url":"https:\/\/i0.wp.com\/blog.hoerske.de\/wp-content\/uploads\/2017\/11\/Tyto_alba_close_up-e1509734946742.jpg?fit=1652%2C1046","type":"image\/jpeg"}],"author":"Timo H\u00f6rske","twitter_card":"summary_large_image","twitter_creator":"@timo_hoerske","twitter_site":"@timo_hoerske","twitter_misc":{"Verfasst von":"Timo H\u00f6rske","Gesch\u00e4tzte Lesezeit":"2\u00a0Minuten"},"schema":{"@context":"https:\/\/schema.org","@graph":[{"@type":"Article","@id":"https:\/\/hoerske.de\/blog\/2017\/11\/schleiereulen\/#article","isPartOf":{"@id":"https:\/\/hoerske.de\/blog\/2017\/11\/schleiereulen\/"},"author":{"name":"Timo H\u00f6rske","@id":"https:\/\/hoerske.de\/blog\/#\/schema\/person\/20677cf2167fc7027b752c3bba78d5fc"},"headline":"Schleiereulen","datePublished":"2017-11-03T18:57:57+00:00","dateModified":"2018-03-21T00:41:12+00:00","mainEntityOfPage":{"@id":"https:\/\/hoerske.de\/blog\/2017\/11\/schleiereulen\/"},"wordCount":331,"commentCount":1,"publisher":{"@id":"https:\/\/hoerske.de\/blog\/#\/schema\/person\/20677cf2167fc7027b752c3bba78d5fc"},"image":{"@id":"https:\/\/hoerske.de\/blog\/2017\/11\/schleiereulen\/#primaryimage"},"thumbnailUrl":"https:\/\/i0.wp.com\/hoerske.de\/blog\/wp-content\/uploads\/2017\/11\/Tyto_alba_close_up-e1509734946742.jpg?fit=1652%2C1046&ssl=1","keywords":["Kuckuck","Schleiereule","Schuhu","Tiere","Uhu","V\u00f6gel","Wald"],"articleSection":["2017","Tiere"],"inLanguage":"de","potentialAction":[{"@type":"CommentAction","name":"Comment","target":["https:\/\/hoerske.de\/blog\/2017\/11\/schleiereulen\/#respond"]}]},{"@type":"WebPage","@id":"https:\/\/hoerske.de\/blog\/2017\/11\/schleiereulen\/","url":"https:\/\/hoerske.de\/blog\/2017\/11\/schleiereulen\/","name":"Schleiereulen - Timos Paper","isPartOf":{"@id":"https:\/\/hoerske.de\/blog\/#website"},"primaryImageOfPage":{"@id":"https:\/\/hoerske.de\/blog\/2017\/11\/schleiereulen\/#primaryimage"},"image":{"@id":"https:\/\/hoerske.de\/blog\/2017\/11\/schleiereulen\/#primaryimage"},"thumbnailUrl":"https:\/\/i0.wp.com\/hoerske.de\/blog\/wp-content\/uploads\/2017\/11\/Tyto_alba_close_up-e1509734946742.jpg?fit=1652%2C1046&ssl=1","datePublished":"2017-11-03T18:57:57+00:00","dateModified":"2018-03-21T00:41:12+00:00","breadcrumb":{"@id":"https:\/\/hoerske.de\/blog\/2017\/11\/schleiereulen\/#breadcrumb"},"inLanguage":"de","potentialAction":[{"@type":"ReadAction","target":["https:\/\/hoerske.de\/blog\/2017\/11\/schleiereulen\/"]}]},{"@type":"ImageObject","inLanguage":"de","@id":"https:\/\/hoerske.de\/blog\/2017\/11\/schleiereulen\/#primaryimage","url":"https:\/\/i0.wp.com\/hoerske.de\/blog\/wp-content\/uploads\/2017\/11\/Tyto_alba_close_up-e1509734946742.jpg?fit=1652%2C1046&ssl=1","contentUrl":"https:\/\/i0.wp.com\/hoerske.de\/blog\/wp-content\/uploads\/2017\/11\/Tyto_alba_close_up-e1509734946742.jpg?fit=1652%2C1046&ssl=1","width":1652,"height":1046,"caption":"Schleiereule (Tyto alba) - Stevie B \/ Wikimedia Commons"},{"@type":"BreadcrumbList","@id":"https:\/\/hoerske.de\/blog\/2017\/11\/schleiereulen\/#breadcrumb","itemListElement":[{"@type":"ListItem","position":1,"name":"Startseite","item":"https:\/\/hoerske.de\/blog\/"},{"@type":"ListItem","position":2,"name":"Schleiereulen"}]},{"@type":"WebSite","@id":"https:\/\/hoerske.de\/blog\/#website","url":"https:\/\/hoerske.de\/blog\/","name":"Timos Blog","description":"ego cogito, ergo sum","publisher":{"@id":"https:\/\/hoerske.de\/blog\/#\/schema\/person\/20677cf2167fc7027b752c3bba78d5fc"},"potentialAction":[{"@type":"SearchAction","target":{"@type":"EntryPoint","urlTemplate":"https:\/\/hoerske.de\/blog\/?s={search_term_string}"},"query-input":{"@type":"PropertyValueSpecification","valueRequired":true,"valueName":"search_term_string"}}],"inLanguage":"de"},{"@type":["Person","Organization"],"@id":"https:\/\/hoerske.de\/blog\/#\/schema\/person\/20677cf2167fc7027b752c3bba78d5fc","name":"Timo H\u00f6rske","image":{"@type":"ImageObject","inLanguage":"de","@id":"https:\/\/i0.wp.com\/hoerske.de\/blog\/wp-content\/uploads\/2023\/01\/16711213967602.jpg?fit=1024%2C954&ssl=1","url":"https:\/\/i0.wp.com\/hoerske.de\/blog\/wp-content\/uploads\/2023\/01\/16711213967602.jpg?fit=1024%2C954&ssl=1","contentUrl":"https:\/\/i0.wp.com\/hoerske.de\/blog\/wp-content\/uploads\/2023\/01\/16711213967602.jpg?fit=1024%2C954&ssl=1","width":1024,"height":954,"caption":"Timo H\u00f6rske"},"logo":{"@id":"https:\/\/i0.wp.com\/hoerske.de\/blog\/wp-content\/uploads\/2023\/01\/16711213967602.jpg?fit=1024%2C954&ssl=1"},"description":"Jahrgang 1985, als \"Ossi\" geboren, im beschaulichen Premnitz an der Havel aufgewachsen. Natur- und Kunstliebhaber. Seit \u00fcber 10 Jahren Wahlbremerhavener, K\u00fcsten- und Windfan. So ziemlich an Allem interessiert. Schwerpunkte sind aber eindeutig Politik, Gesellschaft, Rechtswesen, Natur, Imkerei und Technik. Rotes Parteibuch, Mitglied des Jugendhilfeausschusses der Stadt Bremerhaven, Vorsitzender eines Kleing\u00e4rtnervereins, Fachberater f\u00fcr das Kleingartenwesen, Verbandschef der Bremerhavener Kleing\u00e4rtner*innen. Hobbyimker, Freizeitblogger, Techniknerd.","sameAs":["https:\/\/www.hoerske.de\/","https:\/\/www.facebook.com\/timo.hoerske","https:\/\/www.instagram.com\/thoerske\/","https:\/\/x.com\/timo_hoerske"],"url":"https:\/\/hoerske.de\/blog\/author\/roter_admin\/"}]}},"jetpack_publicize_connections":[],"jetpack_featured_media_url":"https:\/\/i0.wp.com\/hoerske.de\/blog\/wp-content\/uploads\/2017\/11\/Tyto_alba_close_up-e1509734946742.jpg?fit=1652%2C1046&ssl=1","jetpack_shortlink":"https:\/\/wp.me\/p4W3ht-C8","jetpack_sharing_enabled":true,"_links":{"self":[{"href":"https:\/\/hoerske.de\/blog\/wp-json\/wp\/v2\/posts\/2364","targetHints":{"allow":["GET"]}}],"collection":[{"href":"https:\/\/hoerske.de\/blog\/wp-json\/wp\/v2\/posts"}],"about":[{"href":"https:\/\/hoerske.de\/blog\/wp-json\/wp\/v2\/types\/post"}],"author":[{"embeddable":true,"href":"https:\/\/hoerske.de\/blog\/wp-json\/wp\/v2\/users\/1"}],"replies":[{"embeddable":true,"href":"https:\/\/hoerske.de\/blog\/wp-json\/wp\/v2\/comments?post=2364"}],"version-history":[{"count":0,"href":"https:\/\/hoerske.de\/blog\/wp-json\/wp\/v2\/posts\/2364\/revisions"}],"wp:featuredmedia":[{"embeddable":true,"href":"https:\/\/hoerske.de\/blog\/wp-json\/wp\/v2\/media\/2389"}],"wp:attachment":[{"href":"https:\/\/hoerske.de\/blog\/wp-json\/wp\/v2\/media?parent=2364"}],"wp:term":[{"taxonomy":"category","embeddable":true,"href":"https:\/\/hoerske.de\/blog\/wp-json\/wp\/v2\/categories?post=2364"},{"taxonomy":"post_tag","embeddable":true,"href":"https:\/\/hoerske.de\/blog\/wp-json\/wp\/v2\/tags?post=2364"}],"curies":[{"name":"wp","href":"https:\/\/api.w.org\/{rel}","templated":true}]}}