{"id":1815,"date":"2017-01-09T10:00:03","date_gmt":"2017-01-09T08:00:03","guid":{"rendered":"https:\/\/www.hoerske.de\/?p=1815"},"modified":"2018-03-21T02:32:28","modified_gmt":"2018-03-21T00:32:28","slug":"30-jahrestag-der-wiedereroeffnung-des-berliner-bodemuseum","status":"publish","type":"post","link":"https:\/\/hoerske.de\/blog\/2017\/01\/30-jahrestag-der-wiedereroeffnung-des-berliner-bodemuseum\/","title":{"rendered":"30. Jahrestag der Wiederer\u00f6ffnung des Berliner Bodemuseum"},"content":{"rendered":"<p>Was w\u00e4re unsere Hauptstadt Berlin ohne seine Kunst und Architektur? Eine Perle in der Kette der Sehensw\u00fcrdigkeiten ist zweifelsfrei das Bodemuseum, welches seit 1904 seine Besucher erstaunt und bereichert. Es ist fester Bestandteil der Kunst der Museumsinsel und damit Teil des Weltkulturerbes der UNESCO. In ihm befinden sich das M\u00fcnzkabinett, die Skulpturensammlung und das Museum f\u00fcr Byzantinische Kunst.<\/p>\n<h3>Wiederer\u00f6ffnung der heiligen Hallen<\/h3>\n<p>Am 9. Januar 2017 feiert das Bodemuseum seinen 30. Jahrestag der Wiederer\u00f6ffnung. Ein Besuch der heiligen Hallen lohnt allemal. Ein wenig wie die kleine Eremitage anmutend, empf\u00e4ngt den Besucher und Kunstinteressierten das Bodemuseum wie ein Wasserschloss und der Pforte zur Museumsinsel.<\/p>\n<p>In der Eingangshalle ist man von der riesigen Kuppel \u00fcberw\u00e4ltigt, deren Gr\u00f6\u00dfe es nicht an Erhabenheit fehlen l\u00e4sst. Daran an schlie\u00dft sich die Kameckehalle, die nach der Villa Kamecke, erbaut 1711\/12 von Andreas Schl\u00fcter, benannt wurde und unter anderem die verbliebenen 4 Skulpturen, der 1943 ausgebrannten Villa, ausstellt.<\/p>\n<p>Das Museum mit seinen Sammlungen tr\u00e4gt deutlich die Handschrift des Kunsthistorikers Wilhelm von Bode, der auch der Bismarck der Museen genannt wurde. Denn verband er doch geschickt die Bed\u00fcrfnisse der Berliner Museenlandschaft mit dem kulturellen Streben des Kaiserhauses.<\/p>\n<p>Die gro\u00dfe Basilika, die sich an die Kameckehalle anschlie\u00dft, offenbart von Bodes Bestreben alle Ausstellungsst\u00fccke immer im Zusammenhang des gesamten Kunstwerkes zu pr\u00e4sentieren und dadurch f\u00fcr den Betrachter tiefer verst\u00e4ndlich zu machen.<\/p>\n<p>Das Bodemuseum wurde so in seiner vollendeten Pracht vom Bauleiter Max Hasak und dem Hofarchitekten Ernst von Ihnen im Stil des Neobarocks von 1897 bis 1904 errichtet und mit verschiedenen Sandsteinarten, entstanden in der Kreidezeit, aus Schlesien verkleidet.<\/p>\n<h3>Die Sammlung des Bodemuseum<\/h3>\n<p>Um alles \u00fcber den Ursprung des Geldes, seine Bedeutung und seines Wesens zu erfahren, ist ein Besuch des M\u00fcnzkabinetts unerl\u00e4sslich. Die Sammlung geht zur\u00fcck bis zu den Anf\u00e4ngen der M\u00fcnzpr\u00e4gung im 7. Jahrhundert vor Christus und enth\u00e4lt alle numismatischen Kostbarkeiten bis hin in die Jetztzeit des Euros.<\/p>\n<p>Die Skulpturensammlung sowie das Museum f\u00fcr Byzantinische Kunst spannen den Bogen vom Altertum des 3. Jahrhunderts bis zum 18. Jahrhunderts und geben einen umfassenden \u00dcberblick \u00fcber Kunst und Geschichte dieser Zeitepoche.<br \/>\nF\u00fchlen Sie sich eingeladen zu einem lebendigen Gang durch die Geschichte Europas.<\/p>\n<p>Au\u00dfer montags ist es t\u00e4glich von 10 bis 18 Uhr und donnerstags sogar bis 20 Uhr bei einem Eintritt von 12 Euro bzw. 6 Euro Erm\u00e4\u00dfigung zu besuchen. Noch bis zum 27. Mai 2017 ist die Sonderausstellung &#8220;Muse macht Moneten&#8221; zu bestaunen.<br \/>\nVon Kopf bis Schulter ist ein dreit\u00e4giger Workshop f\u00fcr Kinder von 6 bis 12 Jahren vom 11. &#8211; 13. April 2017, die aufgefordert werden die ausgestellten B\u00fcsten des Museums nach eigener Fantasie weiter zu zeichnen.<\/p>\n<p><a href=\"http:\/\/www.smb.museum\/museen-und-einrichtungen\/bode-museum\/home.html\">Das Bodemuseum l\u00e4dt herzlich ein.<\/a><\/p>\n","protected":false},"excerpt":{"rendered":"<p>Am 9. Januar 2017 feiert das Bodemuseum seinen 30. Jahrestag der Wiederer\u00f6ffnung. Ein Besuch der heiligen Hallen lohnt allemal. Ein wenig wie die kleine Eremitage anmutend, empf\u00e4ngt den Besucher und Kunstinteressierten das Bodemuseum wie ein Wasserschloss und der Pforte zur Museumsinsel.<\/p>\n","protected":false},"author":1,"featured_media":2924,"comment_status":"open","ping_status":"open","sticky":false,"template":"","format":"standard","meta":{"jetpack_post_was_ever_published":false,"_jetpack_newsletter_access":"","_jetpack_dont_email_post_to_subs":false,"_jetpack_newsletter_tier_id":0,"_jetpack_memberships_contains_paywalled_content":false,"_jetpack_memberships_contains_paid_content":false,"footnotes":"","jetpack_publicize_message":"","jetpack_publicize_feature_enabled":true,"jetpack_social_post_already_shared":true,"jetpack_social_options":{"image_generator_settings":{"template":"highway","default_image_id":0,"font":"","enabled":false},"version":2},"_wpas_customize_per_network":false},"categories":[494,43,176],"tags":[521,522,520,523],"class_list":["post-1815","post","type-post","status-publish","format-standard","has-post-thumbnail","hentry","category-494","category-jahr","category-kultur","tag-bode","tag-muenzsammlung","tag-museum","tag-skulpturen"],"yoast_head":"<!-- This site is optimized with the Yoast SEO Premium plugin v27.3 (Yoast SEO v27.3) - https:\/\/yoast.com\/product\/yoast-seo-premium-wordpress\/ -->\n<title>30. Jahrestag der Wiederer\u00f6ffnung des Berliner Bodemuseum - Timos Paper<\/title>\n<meta name=\"description\" content=\"Das Bodemuseum wurde in seiner Pracht vom Bauleiter Max Hasak und dem Hofarchitekten Ernst von Ihnen im Stil des Neobarocks von 1897 bis 1904 errichtet .\" \/>\n<meta name=\"robots\" content=\"index, follow, max-snippet:-1, max-image-preview:large, max-video-preview:-1\" \/>\n<link rel=\"canonical\" href=\"https:\/\/hoerske.de\/blog\/2017\/01\/30-jahrestag-der-wiedereroeffnung-des-berliner-bodemuseum\/\" \/>\n<meta property=\"og:locale\" content=\"de_DE\" \/>\n<meta property=\"og:type\" content=\"article\" \/>\n<meta property=\"og:title\" content=\"30. Jahrestag der Wiederer\u00f6ffnung des Berliner Bodemuseum\" \/>\n<meta property=\"og:description\" content=\"Das Bodemuseum wurde in seiner Pracht vom Bauleiter Max Hasak und dem Hofarchitekten Ernst von Ihnen im Stil des Neobarocks von 1897 bis 1904 errichtet .\" \/>\n<meta property=\"og:url\" content=\"https:\/\/hoerske.de\/blog\/2017\/01\/30-jahrestag-der-wiedereroeffnung-des-berliner-bodemuseum\/\" \/>\n<meta property=\"og:site_name\" content=\"Timos Paper\" \/>\n<meta property=\"article:publisher\" content=\"https:\/\/www.facebook.com\/timo.hoerske\" \/>\n<meta property=\"article:author\" content=\"https:\/\/www.facebook.com\/timo.hoerske\" \/>\n<meta property=\"article:published_time\" content=\"2017-01-09T08:00:03+00:00\" \/>\n<meta property=\"article:modified_time\" content=\"2018-03-21T00:32:28+00:00\" \/>\n<meta property=\"og:image\" content=\"https:\/\/i0.wp.com\/blog.hoerske.de\/wp-content\/uploads\/2017\/01\/1024px-Bode-Museum-001.jpg?fit=1024%2C768\" \/>\n\t<meta property=\"og:image:width\" content=\"1024\" \/>\n\t<meta property=\"og:image:height\" content=\"768\" \/>\n\t<meta property=\"og:image:type\" content=\"image\/jpeg\" \/>\n<meta name=\"author\" content=\"Timo H\u00f6rske\" \/>\n<meta name=\"twitter:card\" content=\"summary_large_image\" \/>\n<meta name=\"twitter:creator\" content=\"@timo_hoerske\" \/>\n<meta name=\"twitter:site\" content=\"@timo_hoerske\" \/>\n<meta name=\"twitter:label1\" content=\"Verfasst von\" \/>\n\t<meta name=\"twitter:data1\" content=\"Timo H\u00f6rske\" \/>\n\t<meta name=\"twitter:label2\" content=\"Gesch\u00e4tzte Lesezeit\" \/>\n\t<meta name=\"twitter:data2\" content=\"2\u00a0Minuten\" \/>\n<script type=\"application\/ld+json\" class=\"yoast-schema-graph\">{\"@context\":\"https:\\\/\\\/schema.org\",\"@graph\":[{\"@type\":\"Article\",\"@id\":\"https:\\\/\\\/hoerske.de\\\/blog\\\/2017\\\/01\\\/30-jahrestag-der-wiedereroeffnung-des-berliner-bodemuseum\\\/#article\",\"isPartOf\":{\"@id\":\"https:\\\/\\\/hoerske.de\\\/blog\\\/2017\\\/01\\\/30-jahrestag-der-wiedereroeffnung-des-berliner-bodemuseum\\\/\"},\"author\":{\"name\":\"Timo H\u00f6rske\",\"@id\":\"https:\\\/\\\/hoerske.de\\\/blog\\\/#\\\/schema\\\/person\\\/20677cf2167fc7027b752c3bba78d5fc\"},\"headline\":\"30. Jahrestag der Wiederer\u00f6ffnung des Berliner Bodemuseum\",\"datePublished\":\"2017-01-09T08:00:03+00:00\",\"dateModified\":\"2018-03-21T00:32:28+00:00\",\"mainEntityOfPage\":{\"@id\":\"https:\\\/\\\/hoerske.de\\\/blog\\\/2017\\\/01\\\/30-jahrestag-der-wiedereroeffnung-des-berliner-bodemuseum\\\/\"},\"wordCount\":454,\"commentCount\":0,\"publisher\":{\"@id\":\"https:\\\/\\\/hoerske.de\\\/blog\\\/#\\\/schema\\\/person\\\/20677cf2167fc7027b752c3bba78d5fc\"},\"image\":{\"@id\":\"https:\\\/\\\/hoerske.de\\\/blog\\\/2017\\\/01\\\/30-jahrestag-der-wiedereroeffnung-des-berliner-bodemuseum\\\/#primaryimage\"},\"thumbnailUrl\":\"https:\\\/\\\/i0.wp.com\\\/hoerske.de\\\/blog\\\/wp-content\\\/uploads\\\/2017\\\/01\\\/1024px-Bode-Museum-001.jpg?fit=1024%2C768&ssl=1\",\"keywords\":[\"Bode\",\"M\u00fcnzsammlung\",\"Museum\",\"Skulpturen\"],\"articleSection\":[\"2017\",\"Jahr\",\"Kultur\"],\"inLanguage\":\"de\",\"potentialAction\":[{\"@type\":\"CommentAction\",\"name\":\"Comment\",\"target\":[\"https:\\\/\\\/hoerske.de\\\/blog\\\/2017\\\/01\\\/30-jahrestag-der-wiedereroeffnung-des-berliner-bodemuseum\\\/#respond\"]}]},{\"@type\":\"WebPage\",\"@id\":\"https:\\\/\\\/hoerske.de\\\/blog\\\/2017\\\/01\\\/30-jahrestag-der-wiedereroeffnung-des-berliner-bodemuseum\\\/\",\"url\":\"https:\\\/\\\/hoerske.de\\\/blog\\\/2017\\\/01\\\/30-jahrestag-der-wiedereroeffnung-des-berliner-bodemuseum\\\/\",\"name\":\"30. Jahrestag der Wiederer\u00f6ffnung des Berliner Bodemuseum - Timos Paper\",\"isPartOf\":{\"@id\":\"https:\\\/\\\/hoerske.de\\\/blog\\\/#website\"},\"primaryImageOfPage\":{\"@id\":\"https:\\\/\\\/hoerske.de\\\/blog\\\/2017\\\/01\\\/30-jahrestag-der-wiedereroeffnung-des-berliner-bodemuseum\\\/#primaryimage\"},\"image\":{\"@id\":\"https:\\\/\\\/hoerske.de\\\/blog\\\/2017\\\/01\\\/30-jahrestag-der-wiedereroeffnung-des-berliner-bodemuseum\\\/#primaryimage\"},\"thumbnailUrl\":\"https:\\\/\\\/i0.wp.com\\\/hoerske.de\\\/blog\\\/wp-content\\\/uploads\\\/2017\\\/01\\\/1024px-Bode-Museum-001.jpg?fit=1024%2C768&ssl=1\",\"datePublished\":\"2017-01-09T08:00:03+00:00\",\"dateModified\":\"2018-03-21T00:32:28+00:00\",\"description\":\"Das Bodemuseum wurde in seiner Pracht vom Bauleiter Max Hasak und dem Hofarchitekten Ernst von Ihnen im Stil des Neobarocks von 1897 bis 1904 errichtet .\",\"breadcrumb\":{\"@id\":\"https:\\\/\\\/hoerske.de\\\/blog\\\/2017\\\/01\\\/30-jahrestag-der-wiedereroeffnung-des-berliner-bodemuseum\\\/#breadcrumb\"},\"inLanguage\":\"de\",\"potentialAction\":[{\"@type\":\"ReadAction\",\"target\":[\"https:\\\/\\\/hoerske.de\\\/blog\\\/2017\\\/01\\\/30-jahrestag-der-wiedereroeffnung-des-berliner-bodemuseum\\\/\"]}]},{\"@type\":\"ImageObject\",\"inLanguage\":\"de\",\"@id\":\"https:\\\/\\\/hoerske.de\\\/blog\\\/2017\\\/01\\\/30-jahrestag-der-wiedereroeffnung-des-berliner-bodemuseum\\\/#primaryimage\",\"url\":\"https:\\\/\\\/i0.wp.com\\\/hoerske.de\\\/blog\\\/wp-content\\\/uploads\\\/2017\\\/01\\\/1024px-Bode-Museum-001.jpg?fit=1024%2C768&ssl=1\",\"contentUrl\":\"https:\\\/\\\/i0.wp.com\\\/hoerske.de\\\/blog\\\/wp-content\\\/uploads\\\/2017\\\/01\\\/1024px-Bode-Museum-001.jpg?fit=1024%2C768&ssl=1\",\"width\":1024,\"height\":768,\"caption\":\"Dr. Volkmar Rudolf \\\/ Tilman2007 \\\/ Wikimedia Commons\"},{\"@type\":\"BreadcrumbList\",\"@id\":\"https:\\\/\\\/hoerske.de\\\/blog\\\/2017\\\/01\\\/30-jahrestag-der-wiedereroeffnung-des-berliner-bodemuseum\\\/#breadcrumb\",\"itemListElement\":[{\"@type\":\"ListItem\",\"position\":1,\"name\":\"Startseite\",\"item\":\"https:\\\/\\\/hoerske.de\\\/blog\\\/\"},{\"@type\":\"ListItem\",\"position\":2,\"name\":\"30. Jahrestag der Wiederer\u00f6ffnung des Berliner Bodemuseum\"}]},{\"@type\":\"WebSite\",\"@id\":\"https:\\\/\\\/hoerske.de\\\/blog\\\/#website\",\"url\":\"https:\\\/\\\/hoerske.de\\\/blog\\\/\",\"name\":\"Timos Blog\",\"description\":\"ego cogito, ergo sum\",\"publisher\":{\"@id\":\"https:\\\/\\\/hoerske.de\\\/blog\\\/#\\\/schema\\\/person\\\/20677cf2167fc7027b752c3bba78d5fc\"},\"potentialAction\":[{\"@type\":\"SearchAction\",\"target\":{\"@type\":\"EntryPoint\",\"urlTemplate\":\"https:\\\/\\\/hoerske.de\\\/blog\\\/?s={search_term_string}\"},\"query-input\":{\"@type\":\"PropertyValueSpecification\",\"valueRequired\":true,\"valueName\":\"search_term_string\"}}],\"inLanguage\":\"de\"},{\"@type\":[\"Person\",\"Organization\"],\"@id\":\"https:\\\/\\\/hoerske.de\\\/blog\\\/#\\\/schema\\\/person\\\/20677cf2167fc7027b752c3bba78d5fc\",\"name\":\"Timo H\u00f6rske\",\"image\":{\"@type\":\"ImageObject\",\"inLanguage\":\"de\",\"@id\":\"https:\\\/\\\/i0.wp.com\\\/hoerske.de\\\/blog\\\/wp-content\\\/uploads\\\/2023\\\/01\\\/16711213967602.jpg?fit=1024%2C954&ssl=1\",\"url\":\"https:\\\/\\\/i0.wp.com\\\/hoerske.de\\\/blog\\\/wp-content\\\/uploads\\\/2023\\\/01\\\/16711213967602.jpg?fit=1024%2C954&ssl=1\",\"contentUrl\":\"https:\\\/\\\/i0.wp.com\\\/hoerske.de\\\/blog\\\/wp-content\\\/uploads\\\/2023\\\/01\\\/16711213967602.jpg?fit=1024%2C954&ssl=1\",\"width\":1024,\"height\":954,\"caption\":\"Timo H\u00f6rske\"},\"logo\":{\"@id\":\"https:\\\/\\\/i0.wp.com\\\/hoerske.de\\\/blog\\\/wp-content\\\/uploads\\\/2023\\\/01\\\/16711213967602.jpg?fit=1024%2C954&ssl=1\"},\"description\":\"Jahrgang 1985, als \\\"Ossi\\\" geboren, im beschaulichen Premnitz an der Havel aufgewachsen. Natur- und Kunstliebhaber. Seit \u00fcber 10 Jahren Wahlbremerhavener, K\u00fcsten- und Windfan. So ziemlich an Allem interessiert. Schwerpunkte sind aber eindeutig Politik, Gesellschaft, Rechtswesen, Natur, Imkerei und Technik. Rotes Parteibuch, Mitglied des Jugendhilfeausschusses der Stadt Bremerhaven, Vorsitzender eines Kleing\u00e4rtnervereins, Fachberater f\u00fcr das Kleingartenwesen, Verbandschef der Bremerhavener Kleing\u00e4rtner*innen. Hobbyimker, Freizeitblogger, Techniknerd.\",\"sameAs\":[\"https:\\\/\\\/www.hoerske.de\\\/\",\"https:\\\/\\\/www.facebook.com\\\/timo.hoerske\",\"https:\\\/\\\/www.instagram.com\\\/thoerske\\\/\",\"https:\\\/\\\/x.com\\\/timo_hoerske\"],\"url\":\"https:\\\/\\\/hoerske.de\\\/blog\\\/author\\\/roter_admin\\\/\"}]}<\/script>\n<!-- \/ Yoast SEO Premium plugin. -->","yoast_head_json":{"title":"30. Jahrestag der Wiederer\u00f6ffnung des Berliner Bodemuseum - Timos Paper","description":"Das Bodemuseum wurde in seiner Pracht vom Bauleiter Max Hasak und dem Hofarchitekten Ernst von Ihnen im Stil des Neobarocks von 1897 bis 1904 errichtet .","robots":{"index":"index","follow":"follow","max-snippet":"max-snippet:-1","max-image-preview":"max-image-preview:large","max-video-preview":"max-video-preview:-1"},"canonical":"https:\/\/hoerske.de\/blog\/2017\/01\/30-jahrestag-der-wiedereroeffnung-des-berliner-bodemuseum\/","og_locale":"de_DE","og_type":"article","og_title":"30. Jahrestag der Wiederer\u00f6ffnung des Berliner Bodemuseum","og_description":"Das Bodemuseum wurde in seiner Pracht vom Bauleiter Max Hasak und dem Hofarchitekten Ernst von Ihnen im Stil des Neobarocks von 1897 bis 1904 errichtet .","og_url":"https:\/\/hoerske.de\/blog\/2017\/01\/30-jahrestag-der-wiedereroeffnung-des-berliner-bodemuseum\/","og_site_name":"Timos Paper","article_publisher":"https:\/\/www.facebook.com\/timo.hoerske","article_author":"https:\/\/www.facebook.com\/timo.hoerske","article_published_time":"2017-01-09T08:00:03+00:00","article_modified_time":"2018-03-21T00:32:28+00:00","og_image":[{"width":1024,"height":768,"url":"https:\/\/i0.wp.com\/blog.hoerske.de\/wp-content\/uploads\/2017\/01\/1024px-Bode-Museum-001.jpg?fit=1024%2C768","type":"image\/jpeg"}],"author":"Timo H\u00f6rske","twitter_card":"summary_large_image","twitter_creator":"@timo_hoerske","twitter_site":"@timo_hoerske","twitter_misc":{"Verfasst von":"Timo H\u00f6rske","Gesch\u00e4tzte Lesezeit":"2\u00a0Minuten"},"schema":{"@context":"https:\/\/schema.org","@graph":[{"@type":"Article","@id":"https:\/\/hoerske.de\/blog\/2017\/01\/30-jahrestag-der-wiedereroeffnung-des-berliner-bodemuseum\/#article","isPartOf":{"@id":"https:\/\/hoerske.de\/blog\/2017\/01\/30-jahrestag-der-wiedereroeffnung-des-berliner-bodemuseum\/"},"author":{"name":"Timo H\u00f6rske","@id":"https:\/\/hoerske.de\/blog\/#\/schema\/person\/20677cf2167fc7027b752c3bba78d5fc"},"headline":"30. Jahrestag der Wiederer\u00f6ffnung des Berliner Bodemuseum","datePublished":"2017-01-09T08:00:03+00:00","dateModified":"2018-03-21T00:32:28+00:00","mainEntityOfPage":{"@id":"https:\/\/hoerske.de\/blog\/2017\/01\/30-jahrestag-der-wiedereroeffnung-des-berliner-bodemuseum\/"},"wordCount":454,"commentCount":0,"publisher":{"@id":"https:\/\/hoerske.de\/blog\/#\/schema\/person\/20677cf2167fc7027b752c3bba78d5fc"},"image":{"@id":"https:\/\/hoerske.de\/blog\/2017\/01\/30-jahrestag-der-wiedereroeffnung-des-berliner-bodemuseum\/#primaryimage"},"thumbnailUrl":"https:\/\/i0.wp.com\/hoerske.de\/blog\/wp-content\/uploads\/2017\/01\/1024px-Bode-Museum-001.jpg?fit=1024%2C768&ssl=1","keywords":["Bode","M\u00fcnzsammlung","Museum","Skulpturen"],"articleSection":["2017","Jahr","Kultur"],"inLanguage":"de","potentialAction":[{"@type":"CommentAction","name":"Comment","target":["https:\/\/hoerske.de\/blog\/2017\/01\/30-jahrestag-der-wiedereroeffnung-des-berliner-bodemuseum\/#respond"]}]},{"@type":"WebPage","@id":"https:\/\/hoerske.de\/blog\/2017\/01\/30-jahrestag-der-wiedereroeffnung-des-berliner-bodemuseum\/","url":"https:\/\/hoerske.de\/blog\/2017\/01\/30-jahrestag-der-wiedereroeffnung-des-berliner-bodemuseum\/","name":"30. Jahrestag der Wiederer\u00f6ffnung des Berliner Bodemuseum - Timos Paper","isPartOf":{"@id":"https:\/\/hoerske.de\/blog\/#website"},"primaryImageOfPage":{"@id":"https:\/\/hoerske.de\/blog\/2017\/01\/30-jahrestag-der-wiedereroeffnung-des-berliner-bodemuseum\/#primaryimage"},"image":{"@id":"https:\/\/hoerske.de\/blog\/2017\/01\/30-jahrestag-der-wiedereroeffnung-des-berliner-bodemuseum\/#primaryimage"},"thumbnailUrl":"https:\/\/i0.wp.com\/hoerske.de\/blog\/wp-content\/uploads\/2017\/01\/1024px-Bode-Museum-001.jpg?fit=1024%2C768&ssl=1","datePublished":"2017-01-09T08:00:03+00:00","dateModified":"2018-03-21T00:32:28+00:00","description":"Das Bodemuseum wurde in seiner Pracht vom Bauleiter Max Hasak und dem Hofarchitekten Ernst von Ihnen im Stil des Neobarocks von 1897 bis 1904 errichtet .","breadcrumb":{"@id":"https:\/\/hoerske.de\/blog\/2017\/01\/30-jahrestag-der-wiedereroeffnung-des-berliner-bodemuseum\/#breadcrumb"},"inLanguage":"de","potentialAction":[{"@type":"ReadAction","target":["https:\/\/hoerske.de\/blog\/2017\/01\/30-jahrestag-der-wiedereroeffnung-des-berliner-bodemuseum\/"]}]},{"@type":"ImageObject","inLanguage":"de","@id":"https:\/\/hoerske.de\/blog\/2017\/01\/30-jahrestag-der-wiedereroeffnung-des-berliner-bodemuseum\/#primaryimage","url":"https:\/\/i0.wp.com\/hoerske.de\/blog\/wp-content\/uploads\/2017\/01\/1024px-Bode-Museum-001.jpg?fit=1024%2C768&ssl=1","contentUrl":"https:\/\/i0.wp.com\/hoerske.de\/blog\/wp-content\/uploads\/2017\/01\/1024px-Bode-Museum-001.jpg?fit=1024%2C768&ssl=1","width":1024,"height":768,"caption":"Dr. Volkmar Rudolf \/ Tilman2007 \/ Wikimedia Commons"},{"@type":"BreadcrumbList","@id":"https:\/\/hoerske.de\/blog\/2017\/01\/30-jahrestag-der-wiedereroeffnung-des-berliner-bodemuseum\/#breadcrumb","itemListElement":[{"@type":"ListItem","position":1,"name":"Startseite","item":"https:\/\/hoerske.de\/blog\/"},{"@type":"ListItem","position":2,"name":"30. Jahrestag der Wiederer\u00f6ffnung des Berliner Bodemuseum"}]},{"@type":"WebSite","@id":"https:\/\/hoerske.de\/blog\/#website","url":"https:\/\/hoerske.de\/blog\/","name":"Timos Blog","description":"ego cogito, ergo sum","publisher":{"@id":"https:\/\/hoerske.de\/blog\/#\/schema\/person\/20677cf2167fc7027b752c3bba78d5fc"},"potentialAction":[{"@type":"SearchAction","target":{"@type":"EntryPoint","urlTemplate":"https:\/\/hoerske.de\/blog\/?s={search_term_string}"},"query-input":{"@type":"PropertyValueSpecification","valueRequired":true,"valueName":"search_term_string"}}],"inLanguage":"de"},{"@type":["Person","Organization"],"@id":"https:\/\/hoerske.de\/blog\/#\/schema\/person\/20677cf2167fc7027b752c3bba78d5fc","name":"Timo H\u00f6rske","image":{"@type":"ImageObject","inLanguage":"de","@id":"https:\/\/i0.wp.com\/hoerske.de\/blog\/wp-content\/uploads\/2023\/01\/16711213967602.jpg?fit=1024%2C954&ssl=1","url":"https:\/\/i0.wp.com\/hoerske.de\/blog\/wp-content\/uploads\/2023\/01\/16711213967602.jpg?fit=1024%2C954&ssl=1","contentUrl":"https:\/\/i0.wp.com\/hoerske.de\/blog\/wp-content\/uploads\/2023\/01\/16711213967602.jpg?fit=1024%2C954&ssl=1","width":1024,"height":954,"caption":"Timo H\u00f6rske"},"logo":{"@id":"https:\/\/i0.wp.com\/hoerske.de\/blog\/wp-content\/uploads\/2023\/01\/16711213967602.jpg?fit=1024%2C954&ssl=1"},"description":"Jahrgang 1985, als \"Ossi\" geboren, im beschaulichen Premnitz an der Havel aufgewachsen. Natur- und Kunstliebhaber. Seit \u00fcber 10 Jahren Wahlbremerhavener, K\u00fcsten- und Windfan. So ziemlich an Allem interessiert. Schwerpunkte sind aber eindeutig Politik, Gesellschaft, Rechtswesen, Natur, Imkerei und Technik. Rotes Parteibuch, Mitglied des Jugendhilfeausschusses der Stadt Bremerhaven, Vorsitzender eines Kleing\u00e4rtnervereins, Fachberater f\u00fcr das Kleingartenwesen, Verbandschef der Bremerhavener Kleing\u00e4rtner*innen. Hobbyimker, Freizeitblogger, Techniknerd.","sameAs":["https:\/\/www.hoerske.de\/","https:\/\/www.facebook.com\/timo.hoerske","https:\/\/www.instagram.com\/thoerske\/","https:\/\/x.com\/timo_hoerske"],"url":"https:\/\/hoerske.de\/blog\/author\/roter_admin\/"}]}},"jetpack_publicize_connections":[],"jetpack_featured_media_url":"https:\/\/i0.wp.com\/hoerske.de\/blog\/wp-content\/uploads\/2017\/01\/1024px-Bode-Museum-001.jpg?fit=1024%2C768&ssl=1","jetpack_shortlink":"https:\/\/wp.me\/p4W3ht-th","jetpack_sharing_enabled":true,"_links":{"self":[{"href":"https:\/\/hoerske.de\/blog\/wp-json\/wp\/v2\/posts\/1815","targetHints":{"allow":["GET"]}}],"collection":[{"href":"https:\/\/hoerske.de\/blog\/wp-json\/wp\/v2\/posts"}],"about":[{"href":"https:\/\/hoerske.de\/blog\/wp-json\/wp\/v2\/types\/post"}],"author":[{"embeddable":true,"href":"https:\/\/hoerske.de\/blog\/wp-json\/wp\/v2\/users\/1"}],"replies":[{"embeddable":true,"href":"https:\/\/hoerske.de\/blog\/wp-json\/wp\/v2\/comments?post=1815"}],"version-history":[{"count":0,"href":"https:\/\/hoerske.de\/blog\/wp-json\/wp\/v2\/posts\/1815\/revisions"}],"wp:featuredmedia":[{"embeddable":true,"href":"https:\/\/hoerske.de\/blog\/wp-json\/wp\/v2\/media\/2924"}],"wp:attachment":[{"href":"https:\/\/hoerske.de\/blog\/wp-json\/wp\/v2\/media?parent=1815"}],"wp:term":[{"taxonomy":"category","embeddable":true,"href":"https:\/\/hoerske.de\/blog\/wp-json\/wp\/v2\/categories?post=1815"},{"taxonomy":"post_tag","embeddable":true,"href":"https:\/\/hoerske.de\/blog\/wp-json\/wp\/v2\/tags?post=1815"}],"curies":[{"name":"wp","href":"https:\/\/api.w.org\/{rel}","templated":true}]}}