{"id":1780,"date":"2017-01-11T08:20:33","date_gmt":"2017-01-11T06:20:33","guid":{"rendered":"https:\/\/www.hoerske.de\/?p=1780"},"modified":"2017-01-03T17:10:47","modified_gmt":"2017-01-03T15:10:47","slug":"eroeffnung-elbphilharmonie-hamburg","status":"publish","type":"post","link":"https:\/\/hoerske.de\/blog\/2017\/01\/eroeffnung-elbphilharmonie-hamburg\/","title":{"rendered":"Er\u00f6ffnung Elbphilharmonie Hamburg"},"content":{"rendered":"<p>Seit Jahren wird an der neuen Elbphilharmonie in Hamburg gebastelt und jetzt wurde sie endlich fertiggestellt. Am 11. Januar 2017 feiert die Elbphilharmonie ihre Er\u00f6ffnung, wobei Sie nicht nur wundervolle Musik genie\u00dfen k\u00f6nnen, sondern schon das Geb\u00e4ude an sich ist eine wahre Augenweide. Es handelt sich um einen 110 Meter hohen Bau, welcher in der direkten N\u00e4he zur Landungsbr\u00fccken der Elbe steht. Die Lage am Kaiserh\u00f6ft ist von der traditionellen Hafennutzung sowie der Speicherstadt mit seinen zahlreichen Backsteinen gepr\u00e4gt und somit ein wahrer Hingucker. Um den Bau noch mehr in den Fokus zu r\u00fccken, wurde in die H\u00fclle der fr\u00fchere Kaispeicher A einbezogen.<\/p>\n<h3>Elbphilharmonie &#8211; Eine Perle in Hamburg<\/h3>\n<p>Schon der Sockel der Elbphilharmonie ist ein wahrer Blickfang, denn es handelt sich um einen gl\u00e4sernen Aufbau in expressiver Form einer Wasserwelle. Verwendet wurden dazu zahlreiche Kristalle, welche dem Geb\u00e4ude nicht nur seine besondere Form verleihen, sondern dieses auch noch im Licht tanzen lassen. Genauso aufregend wie die \u00e4u\u00dfere H\u00fclle ist der Innenbereich. Im gro\u00dfen Konzertsaal k\u00f6nnen es sich rund 2.100 Menschen gem\u00fctlich machen, wobei die B\u00fchne direkt im Raum steht, weshalb Konzerte von rundherum bestaunt werden k\u00f6nnen. Der kleine Saal bietet immer noch 550 Pl\u00e4tze. Neben der kulturellen Nutzung im gro\u00dfen Saal sowie den \u00fcbrigen musikp\u00e4dagogischen Bereichen hat das Geb\u00e4ude auch noch 45 Wohneinheiten und diverse gewerbliche Nutzungen zu bieten, wie zum Beispiel ein F\u00fcnf-Sterne-Hotel mit 244 Zimmern. Aber auch eine gastronomische Einrichtung und ein Parkhaus verstecken sich hinter der beeindruckenden Fassade.<\/p>\n<figure id=\"attachment_1783\" aria-describedby=\"caption-attachment-1783\" style=\"width: 300px\" class=\"wp-caption alignleft\"><a href=\"https:\/\/i0.wp.com\/www.hoerske.de\/blog\/wp-content\/uploads\/2017\/01\/721447_web_R_by_Susanne-Richter_pixelio.de_.jpg?ssl=1\"><img data-recalc-dims=\"1\" loading=\"lazy\" decoding=\"async\" class=\"size-medium wp-image-1783\" src=\"https:\/\/i0.wp.com\/www.hoerske.de\/blog\/wp-content\/uploads\/2017\/01\/721447_web_R_by_Susanne-Richter_pixelio.de_-300x200.jpg?resize=300%2C200&#038;ssl=1\" alt=\"Elbphilharmonie\" width=\"300\" height=\"200\" srcset=\"https:\/\/i0.wp.com\/hoerske.de\/blog\/wp-content\/uploads\/2017\/01\/721447_web_R_by_Susanne-Richter_pixelio.de_.jpg?resize=300%2C200&amp;ssl=1 300w, https:\/\/i0.wp.com\/hoerske.de\/blog\/wp-content\/uploads\/2017\/01\/721447_web_R_by_Susanne-Richter_pixelio.de_.jpg?resize=272%2C182&amp;ssl=1 272w, https:\/\/i0.wp.com\/hoerske.de\/blog\/wp-content\/uploads\/2017\/01\/721447_web_R_by_Susanne-Richter_pixelio.de_.jpg?w=400&amp;ssl=1 400w\" sizes=\"auto, (max-width: 300px) 100vw, 300px\" \/><\/a><figcaption id=\"caption-attachment-1783\" class=\"wp-caption-text\">Susanne Richter \/<a href=\"http:\/\/www.pixelio.de\/index.php\"> pixelio.de<\/a><\/figcaption><\/figure>\n<h3>Die Er\u00f6ffnung der Elbphilharmonie in Hamburg und ihr Programm<\/h3>\n<p>Sicherlich l\u00e4sst sich solch ein Bau auch in Hamburg nicht einfach auf die Beine stellen, weshalb der Termin zur Er\u00f6ffnung immer wieder verschoben wurde. Schon im Jahr 2010 sollte die Elbphilharmonie eigentliche Ihre Pforten \u00f6ffnen, doch die Bauherren waren mit dem Bau des Geb\u00e4udes noch nicht fertig. Immer wieder wurde die Er\u00f6ffnung verschoben. Die Bau\u00fcbergabe am 31. Oktober 2016 konnte aber endlich eingehalten werden, weshalb die Elbphilharmonie schon bald der ganzen Welt offenen steht.<\/p>\n<p>Nat\u00fcrlich werden nicht einfach nur die T\u00fcren nach Hamburg ge\u00f6ffnet und fertig. Das Programm der Er\u00f6ffnung ist vielf\u00e4ltig und beeindruckend und endet erst nach einem dreiw\u00f6chigen Festival. Die Karten f\u00fcr das Programm waren dabei schon Monate im Voraus vergriffen, wobei 1.000 Tickets verlost wurden. Die Er\u00f6ffnungskonzerte liegen in den H\u00e4nden des NDR Elbphilharmonie Orchesters, die im gro\u00dfen Saal auftreten. Sie werden genussvolle Musik von Beethoven, Cacalieri, Rihm, Wagner oder Zimmermann vernehmen. Das vollst\u00e4ndige Programm der Er\u00f6ffnung ist aber noch ein Geheimnis, doch sicherlich wird Sie Chefdirigent Thomas Hengelbrock und sein Orchester auf eine wunderbare Reise mitnehmen, die Sie so schnell nicht vergessen werden. Besonders beeindruckend ist, dass ein programmatischer Bogen von der Renaissance bis zur Gegenwart geschlagen wird, sodass jeder Hamburger-Gast vollkommen auf seine Kosten kommen wird und einen unvergesslichen Abend erlebt.<\/p>\n","protected":false},"excerpt":{"rendered":"<p>Seit Jahren wird an der neuen Elbphilharmonie in Hamburg gebastelt und jetzt wurde sie endlich fertiggestellt. Am 11. Januar 2017 feiert die Elbphilharmonie ihre Er\u00f6ffnung, wobei Sie nicht nur wundervolle Musik genie\u00dfen k\u00f6nnen, sondern schon das Geb\u00e4ude an sich ist eine wahre Augenweide.<\/p>\n","protected":false},"author":1,"featured_media":1784,"comment_status":"open","ping_status":"open","sticky":false,"template":"","format":"standard","meta":{"jetpack_post_was_ever_published":false,"_jetpack_newsletter_access":"","_jetpack_dont_email_post_to_subs":false,"_jetpack_newsletter_tier_id":0,"_jetpack_memberships_contains_paywalled_content":false,"_jetpack_memberships_contains_paid_content":false,"footnotes":"","jetpack_publicize_message":"","jetpack_publicize_feature_enabled":true,"jetpack_social_post_already_shared":true,"jetpack_social_options":{"image_generator_settings":{"template":"highway","default_image_id":0,"font":"","enabled":false},"version":2},"_wpas_customize_per_network":false},"categories":[494,43,176],"tags":[503,504,169,505],"class_list":["post-1780","post","type-post","status-publish","format-standard","has-post-thumbnail","hentry","category-494","category-jahr","category-kultur","tag-elbe","tag-eroeffnung","tag-hamburg","tag-philharmonie"],"yoast_head":"<!-- This site is optimized with the Yoast SEO Premium plugin v27.3 (Yoast SEO v27.3) - https:\/\/yoast.com\/product\/yoast-seo-premium-wordpress\/ -->\n<title>Er\u00f6ffnung Elbphilharmonie Hamburg - Timos Paper<\/title>\n<meta name=\"description\" content=\"Schon der Sockel der Elbphilharmonie ist ein wahrer Blickfang, denn es handelt sich um einen gl\u00e4sernen Aufbau in expressiver Form einer Wasserwelle.\" \/>\n<meta name=\"robots\" content=\"index, follow, max-snippet:-1, max-image-preview:large, max-video-preview:-1\" \/>\n<link rel=\"canonical\" href=\"https:\/\/hoerske.de\/blog\/2017\/01\/eroeffnung-elbphilharmonie-hamburg\/\" \/>\n<meta property=\"og:locale\" content=\"de_DE\" \/>\n<meta property=\"og:type\" content=\"article\" \/>\n<meta property=\"og:title\" content=\"Er\u00f6ffnung Elbphilharmonie Hamburg\" \/>\n<meta property=\"og:description\" content=\"Schon der Sockel der Elbphilharmonie ist ein wahrer Blickfang, denn es handelt sich um einen gl\u00e4sernen Aufbau in expressiver Form einer Wasserwelle.\" \/>\n<meta property=\"og:url\" content=\"https:\/\/hoerske.de\/blog\/2017\/01\/eroeffnung-elbphilharmonie-hamburg\/\" \/>\n<meta property=\"og:site_name\" content=\"Timos Paper\" \/>\n<meta property=\"article:publisher\" content=\"https:\/\/www.facebook.com\/timo.hoerske\" \/>\n<meta property=\"article:author\" content=\"https:\/\/www.facebook.com\/timo.hoerske\" \/>\n<meta property=\"article:published_time\" content=\"2017-01-11T06:20:33+00:00\" \/>\n<meta property=\"og:image\" content=\"https:\/\/i0.wp.com\/blog.hoerske.de\/wp-content\/uploads\/2017\/01\/Folie1-1.jpg?fit=700%2C394\" \/>\n\t<meta property=\"og:image:width\" content=\"700\" \/>\n\t<meta property=\"og:image:height\" content=\"394\" \/>\n\t<meta property=\"og:image:type\" content=\"image\/jpeg\" \/>\n<meta name=\"author\" content=\"Timo H\u00f6rske\" \/>\n<meta name=\"twitter:card\" content=\"summary_large_image\" \/>\n<meta name=\"twitter:creator\" content=\"@timo_hoerske\" \/>\n<meta name=\"twitter:site\" content=\"@timo_hoerske\" \/>\n<meta name=\"twitter:label1\" content=\"Verfasst von\" \/>\n\t<meta name=\"twitter:data1\" content=\"Timo H\u00f6rske\" \/>\n\t<meta name=\"twitter:label2\" content=\"Gesch\u00e4tzte Lesezeit\" \/>\n\t<meta name=\"twitter:data2\" content=\"3\u00a0Minuten\" \/>\n<script type=\"application\/ld+json\" class=\"yoast-schema-graph\">{\"@context\":\"https:\\\/\\\/schema.org\",\"@graph\":[{\"@type\":\"Article\",\"@id\":\"https:\\\/\\\/hoerske.de\\\/blog\\\/2017\\\/01\\\/eroeffnung-elbphilharmonie-hamburg\\\/#article\",\"isPartOf\":{\"@id\":\"https:\\\/\\\/hoerske.de\\\/blog\\\/2017\\\/01\\\/eroeffnung-elbphilharmonie-hamburg\\\/\"},\"author\":{\"name\":\"Timo H\u00f6rske\",\"@id\":\"https:\\\/\\\/hoerske.de\\\/blog\\\/#\\\/schema\\\/person\\\/20677cf2167fc7027b752c3bba78d5fc\"},\"headline\":\"Er\u00f6ffnung Elbphilharmonie Hamburg\",\"datePublished\":\"2017-01-11T06:20:33+00:00\",\"mainEntityOfPage\":{\"@id\":\"https:\\\/\\\/hoerske.de\\\/blog\\\/2017\\\/01\\\/eroeffnung-elbphilharmonie-hamburg\\\/\"},\"wordCount\":504,\"commentCount\":1,\"publisher\":{\"@id\":\"https:\\\/\\\/hoerske.de\\\/blog\\\/#\\\/schema\\\/person\\\/20677cf2167fc7027b752c3bba78d5fc\"},\"image\":{\"@id\":\"https:\\\/\\\/hoerske.de\\\/blog\\\/2017\\\/01\\\/eroeffnung-elbphilharmonie-hamburg\\\/#primaryimage\"},\"thumbnailUrl\":\"https:\\\/\\\/i0.wp.com\\\/hoerske.de\\\/blog\\\/wp-content\\\/uploads\\\/2017\\\/01\\\/Folie1-1.jpg?fit=700%2C394&ssl=1\",\"keywords\":[\"Elbe\",\"Er\u00f6ffnung\",\"Hamburg\",\"Philharmonie\"],\"articleSection\":[\"2017\",\"Jahr\",\"Kultur\"],\"inLanguage\":\"de\",\"potentialAction\":[{\"@type\":\"CommentAction\",\"name\":\"Comment\",\"target\":[\"https:\\\/\\\/hoerske.de\\\/blog\\\/2017\\\/01\\\/eroeffnung-elbphilharmonie-hamburg\\\/#respond\"]}]},{\"@type\":\"WebPage\",\"@id\":\"https:\\\/\\\/hoerske.de\\\/blog\\\/2017\\\/01\\\/eroeffnung-elbphilharmonie-hamburg\\\/\",\"url\":\"https:\\\/\\\/hoerske.de\\\/blog\\\/2017\\\/01\\\/eroeffnung-elbphilharmonie-hamburg\\\/\",\"name\":\"Er\u00f6ffnung Elbphilharmonie Hamburg - Timos Paper\",\"isPartOf\":{\"@id\":\"https:\\\/\\\/hoerske.de\\\/blog\\\/#website\"},\"primaryImageOfPage\":{\"@id\":\"https:\\\/\\\/hoerske.de\\\/blog\\\/2017\\\/01\\\/eroeffnung-elbphilharmonie-hamburg\\\/#primaryimage\"},\"image\":{\"@id\":\"https:\\\/\\\/hoerske.de\\\/blog\\\/2017\\\/01\\\/eroeffnung-elbphilharmonie-hamburg\\\/#primaryimage\"},\"thumbnailUrl\":\"https:\\\/\\\/i0.wp.com\\\/hoerske.de\\\/blog\\\/wp-content\\\/uploads\\\/2017\\\/01\\\/Folie1-1.jpg?fit=700%2C394&ssl=1\",\"datePublished\":\"2017-01-11T06:20:33+00:00\",\"description\":\"Schon der Sockel der Elbphilharmonie ist ein wahrer Blickfang, denn es handelt sich um einen gl\u00e4sernen Aufbau in expressiver Form einer Wasserwelle.\",\"breadcrumb\":{\"@id\":\"https:\\\/\\\/hoerske.de\\\/blog\\\/2017\\\/01\\\/eroeffnung-elbphilharmonie-hamburg\\\/#breadcrumb\"},\"inLanguage\":\"de\",\"potentialAction\":[{\"@type\":\"ReadAction\",\"target\":[\"https:\\\/\\\/hoerske.de\\\/blog\\\/2017\\\/01\\\/eroeffnung-elbphilharmonie-hamburg\\\/\"]}]},{\"@type\":\"ImageObject\",\"inLanguage\":\"de\",\"@id\":\"https:\\\/\\\/hoerske.de\\\/blog\\\/2017\\\/01\\\/eroeffnung-elbphilharmonie-hamburg\\\/#primaryimage\",\"url\":\"https:\\\/\\\/i0.wp.com\\\/hoerske.de\\\/blog\\\/wp-content\\\/uploads\\\/2017\\\/01\\\/Folie1-1.jpg?fit=700%2C394&ssl=1\",\"contentUrl\":\"https:\\\/\\\/i0.wp.com\\\/hoerske.de\\\/blog\\\/wp-content\\\/uploads\\\/2017\\\/01\\\/Folie1-1.jpg?fit=700%2C394&ssl=1\",\"width\":700,\"height\":394,\"caption\":\"cultura\"},{\"@type\":\"BreadcrumbList\",\"@id\":\"https:\\\/\\\/hoerske.de\\\/blog\\\/2017\\\/01\\\/eroeffnung-elbphilharmonie-hamburg\\\/#breadcrumb\",\"itemListElement\":[{\"@type\":\"ListItem\",\"position\":1,\"name\":\"Startseite\",\"item\":\"https:\\\/\\\/hoerske.de\\\/blog\\\/\"},{\"@type\":\"ListItem\",\"position\":2,\"name\":\"Er\u00f6ffnung Elbphilharmonie Hamburg\"}]},{\"@type\":\"WebSite\",\"@id\":\"https:\\\/\\\/hoerske.de\\\/blog\\\/#website\",\"url\":\"https:\\\/\\\/hoerske.de\\\/blog\\\/\",\"name\":\"Timos Blog\",\"description\":\"ego cogito, ergo sum\",\"publisher\":{\"@id\":\"https:\\\/\\\/hoerske.de\\\/blog\\\/#\\\/schema\\\/person\\\/20677cf2167fc7027b752c3bba78d5fc\"},\"potentialAction\":[{\"@type\":\"SearchAction\",\"target\":{\"@type\":\"EntryPoint\",\"urlTemplate\":\"https:\\\/\\\/hoerske.de\\\/blog\\\/?s={search_term_string}\"},\"query-input\":{\"@type\":\"PropertyValueSpecification\",\"valueRequired\":true,\"valueName\":\"search_term_string\"}}],\"inLanguage\":\"de\"},{\"@type\":[\"Person\",\"Organization\"],\"@id\":\"https:\\\/\\\/hoerske.de\\\/blog\\\/#\\\/schema\\\/person\\\/20677cf2167fc7027b752c3bba78d5fc\",\"name\":\"Timo H\u00f6rske\",\"image\":{\"@type\":\"ImageObject\",\"inLanguage\":\"de\",\"@id\":\"https:\\\/\\\/i0.wp.com\\\/hoerske.de\\\/blog\\\/wp-content\\\/uploads\\\/2023\\\/01\\\/16711213967602.jpg?fit=1024%2C954&ssl=1\",\"url\":\"https:\\\/\\\/i0.wp.com\\\/hoerske.de\\\/blog\\\/wp-content\\\/uploads\\\/2023\\\/01\\\/16711213967602.jpg?fit=1024%2C954&ssl=1\",\"contentUrl\":\"https:\\\/\\\/i0.wp.com\\\/hoerske.de\\\/blog\\\/wp-content\\\/uploads\\\/2023\\\/01\\\/16711213967602.jpg?fit=1024%2C954&ssl=1\",\"width\":1024,\"height\":954,\"caption\":\"Timo H\u00f6rske\"},\"logo\":{\"@id\":\"https:\\\/\\\/i0.wp.com\\\/hoerske.de\\\/blog\\\/wp-content\\\/uploads\\\/2023\\\/01\\\/16711213967602.jpg?fit=1024%2C954&ssl=1\"},\"description\":\"Jahrgang 1985, als \\\"Ossi\\\" geboren, im beschaulichen Premnitz an der Havel aufgewachsen. Natur- und Kunstliebhaber. Seit \u00fcber 10 Jahren Wahlbremerhavener, K\u00fcsten- und Windfan. So ziemlich an Allem interessiert. Schwerpunkte sind aber eindeutig Politik, Gesellschaft, Rechtswesen, Natur, Imkerei und Technik. Rotes Parteibuch, Mitglied des Jugendhilfeausschusses der Stadt Bremerhaven, Vorsitzender eines Kleing\u00e4rtnervereins, Fachberater f\u00fcr das Kleingartenwesen, Verbandschef der Bremerhavener Kleing\u00e4rtner*innen. Hobbyimker, Freizeitblogger, Techniknerd.\",\"sameAs\":[\"https:\\\/\\\/www.hoerske.de\\\/\",\"https:\\\/\\\/www.facebook.com\\\/timo.hoerske\",\"https:\\\/\\\/www.instagram.com\\\/thoerske\\\/\",\"https:\\\/\\\/x.com\\\/timo_hoerske\"],\"url\":\"https:\\\/\\\/hoerske.de\\\/blog\\\/author\\\/roter_admin\\\/\"}]}<\/script>\n<!-- \/ Yoast SEO Premium plugin. -->","yoast_head_json":{"title":"Er\u00f6ffnung Elbphilharmonie Hamburg - Timos Paper","description":"Schon der Sockel der Elbphilharmonie ist ein wahrer Blickfang, denn es handelt sich um einen gl\u00e4sernen Aufbau in expressiver Form einer Wasserwelle.","robots":{"index":"index","follow":"follow","max-snippet":"max-snippet:-1","max-image-preview":"max-image-preview:large","max-video-preview":"max-video-preview:-1"},"canonical":"https:\/\/hoerske.de\/blog\/2017\/01\/eroeffnung-elbphilharmonie-hamburg\/","og_locale":"de_DE","og_type":"article","og_title":"Er\u00f6ffnung Elbphilharmonie Hamburg","og_description":"Schon der Sockel der Elbphilharmonie ist ein wahrer Blickfang, denn es handelt sich um einen gl\u00e4sernen Aufbau in expressiver Form einer Wasserwelle.","og_url":"https:\/\/hoerske.de\/blog\/2017\/01\/eroeffnung-elbphilharmonie-hamburg\/","og_site_name":"Timos Paper","article_publisher":"https:\/\/www.facebook.com\/timo.hoerske","article_author":"https:\/\/www.facebook.com\/timo.hoerske","article_published_time":"2017-01-11T06:20:33+00:00","og_image":[{"width":700,"height":394,"url":"https:\/\/i0.wp.com\/blog.hoerske.de\/wp-content\/uploads\/2017\/01\/Folie1-1.jpg?fit=700%2C394","type":"image\/jpeg"}],"author":"Timo H\u00f6rske","twitter_card":"summary_large_image","twitter_creator":"@timo_hoerske","twitter_site":"@timo_hoerske","twitter_misc":{"Verfasst von":"Timo H\u00f6rske","Gesch\u00e4tzte Lesezeit":"3\u00a0Minuten"},"schema":{"@context":"https:\/\/schema.org","@graph":[{"@type":"Article","@id":"https:\/\/hoerske.de\/blog\/2017\/01\/eroeffnung-elbphilharmonie-hamburg\/#article","isPartOf":{"@id":"https:\/\/hoerske.de\/blog\/2017\/01\/eroeffnung-elbphilharmonie-hamburg\/"},"author":{"name":"Timo H\u00f6rske","@id":"https:\/\/hoerske.de\/blog\/#\/schema\/person\/20677cf2167fc7027b752c3bba78d5fc"},"headline":"Er\u00f6ffnung Elbphilharmonie Hamburg","datePublished":"2017-01-11T06:20:33+00:00","mainEntityOfPage":{"@id":"https:\/\/hoerske.de\/blog\/2017\/01\/eroeffnung-elbphilharmonie-hamburg\/"},"wordCount":504,"commentCount":1,"publisher":{"@id":"https:\/\/hoerske.de\/blog\/#\/schema\/person\/20677cf2167fc7027b752c3bba78d5fc"},"image":{"@id":"https:\/\/hoerske.de\/blog\/2017\/01\/eroeffnung-elbphilharmonie-hamburg\/#primaryimage"},"thumbnailUrl":"https:\/\/i0.wp.com\/hoerske.de\/blog\/wp-content\/uploads\/2017\/01\/Folie1-1.jpg?fit=700%2C394&ssl=1","keywords":["Elbe","Er\u00f6ffnung","Hamburg","Philharmonie"],"articleSection":["2017","Jahr","Kultur"],"inLanguage":"de","potentialAction":[{"@type":"CommentAction","name":"Comment","target":["https:\/\/hoerske.de\/blog\/2017\/01\/eroeffnung-elbphilharmonie-hamburg\/#respond"]}]},{"@type":"WebPage","@id":"https:\/\/hoerske.de\/blog\/2017\/01\/eroeffnung-elbphilharmonie-hamburg\/","url":"https:\/\/hoerske.de\/blog\/2017\/01\/eroeffnung-elbphilharmonie-hamburg\/","name":"Er\u00f6ffnung Elbphilharmonie Hamburg - Timos Paper","isPartOf":{"@id":"https:\/\/hoerske.de\/blog\/#website"},"primaryImageOfPage":{"@id":"https:\/\/hoerske.de\/blog\/2017\/01\/eroeffnung-elbphilharmonie-hamburg\/#primaryimage"},"image":{"@id":"https:\/\/hoerske.de\/blog\/2017\/01\/eroeffnung-elbphilharmonie-hamburg\/#primaryimage"},"thumbnailUrl":"https:\/\/i0.wp.com\/hoerske.de\/blog\/wp-content\/uploads\/2017\/01\/Folie1-1.jpg?fit=700%2C394&ssl=1","datePublished":"2017-01-11T06:20:33+00:00","description":"Schon der Sockel der Elbphilharmonie ist ein wahrer Blickfang, denn es handelt sich um einen gl\u00e4sernen Aufbau in expressiver Form einer Wasserwelle.","breadcrumb":{"@id":"https:\/\/hoerske.de\/blog\/2017\/01\/eroeffnung-elbphilharmonie-hamburg\/#breadcrumb"},"inLanguage":"de","potentialAction":[{"@type":"ReadAction","target":["https:\/\/hoerske.de\/blog\/2017\/01\/eroeffnung-elbphilharmonie-hamburg\/"]}]},{"@type":"ImageObject","inLanguage":"de","@id":"https:\/\/hoerske.de\/blog\/2017\/01\/eroeffnung-elbphilharmonie-hamburg\/#primaryimage","url":"https:\/\/i0.wp.com\/hoerske.de\/blog\/wp-content\/uploads\/2017\/01\/Folie1-1.jpg?fit=700%2C394&ssl=1","contentUrl":"https:\/\/i0.wp.com\/hoerske.de\/blog\/wp-content\/uploads\/2017\/01\/Folie1-1.jpg?fit=700%2C394&ssl=1","width":700,"height":394,"caption":"cultura"},{"@type":"BreadcrumbList","@id":"https:\/\/hoerske.de\/blog\/2017\/01\/eroeffnung-elbphilharmonie-hamburg\/#breadcrumb","itemListElement":[{"@type":"ListItem","position":1,"name":"Startseite","item":"https:\/\/hoerske.de\/blog\/"},{"@type":"ListItem","position":2,"name":"Er\u00f6ffnung Elbphilharmonie Hamburg"}]},{"@type":"WebSite","@id":"https:\/\/hoerske.de\/blog\/#website","url":"https:\/\/hoerske.de\/blog\/","name":"Timos Blog","description":"ego cogito, ergo sum","publisher":{"@id":"https:\/\/hoerske.de\/blog\/#\/schema\/person\/20677cf2167fc7027b752c3bba78d5fc"},"potentialAction":[{"@type":"SearchAction","target":{"@type":"EntryPoint","urlTemplate":"https:\/\/hoerske.de\/blog\/?s={search_term_string}"},"query-input":{"@type":"PropertyValueSpecification","valueRequired":true,"valueName":"search_term_string"}}],"inLanguage":"de"},{"@type":["Person","Organization"],"@id":"https:\/\/hoerske.de\/blog\/#\/schema\/person\/20677cf2167fc7027b752c3bba78d5fc","name":"Timo H\u00f6rske","image":{"@type":"ImageObject","inLanguage":"de","@id":"https:\/\/i0.wp.com\/hoerske.de\/blog\/wp-content\/uploads\/2023\/01\/16711213967602.jpg?fit=1024%2C954&ssl=1","url":"https:\/\/i0.wp.com\/hoerske.de\/blog\/wp-content\/uploads\/2023\/01\/16711213967602.jpg?fit=1024%2C954&ssl=1","contentUrl":"https:\/\/i0.wp.com\/hoerske.de\/blog\/wp-content\/uploads\/2023\/01\/16711213967602.jpg?fit=1024%2C954&ssl=1","width":1024,"height":954,"caption":"Timo H\u00f6rske"},"logo":{"@id":"https:\/\/i0.wp.com\/hoerske.de\/blog\/wp-content\/uploads\/2023\/01\/16711213967602.jpg?fit=1024%2C954&ssl=1"},"description":"Jahrgang 1985, als \"Ossi\" geboren, im beschaulichen Premnitz an der Havel aufgewachsen. Natur- und Kunstliebhaber. Seit \u00fcber 10 Jahren Wahlbremerhavener, K\u00fcsten- und Windfan. So ziemlich an Allem interessiert. Schwerpunkte sind aber eindeutig Politik, Gesellschaft, Rechtswesen, Natur, Imkerei und Technik. Rotes Parteibuch, Mitglied des Jugendhilfeausschusses der Stadt Bremerhaven, Vorsitzender eines Kleing\u00e4rtnervereins, Fachberater f\u00fcr das Kleingartenwesen, Verbandschef der Bremerhavener Kleing\u00e4rtner*innen. Hobbyimker, Freizeitblogger, Techniknerd.","sameAs":["https:\/\/www.hoerske.de\/","https:\/\/www.facebook.com\/timo.hoerske","https:\/\/www.instagram.com\/thoerske\/","https:\/\/x.com\/timo_hoerske"],"url":"https:\/\/hoerske.de\/blog\/author\/roter_admin\/"}]}},"jetpack_publicize_connections":[],"jetpack_featured_media_url":"https:\/\/i0.wp.com\/hoerske.de\/blog\/wp-content\/uploads\/2017\/01\/Folie1-1.jpg?fit=700%2C394&ssl=1","jetpack_shortlink":"https:\/\/wp.me\/p4W3ht-sI","jetpack_sharing_enabled":true,"_links":{"self":[{"href":"https:\/\/hoerske.de\/blog\/wp-json\/wp\/v2\/posts\/1780","targetHints":{"allow":["GET"]}}],"collection":[{"href":"https:\/\/hoerske.de\/blog\/wp-json\/wp\/v2\/posts"}],"about":[{"href":"https:\/\/hoerske.de\/blog\/wp-json\/wp\/v2\/types\/post"}],"author":[{"embeddable":true,"href":"https:\/\/hoerske.de\/blog\/wp-json\/wp\/v2\/users\/1"}],"replies":[{"embeddable":true,"href":"https:\/\/hoerske.de\/blog\/wp-json\/wp\/v2\/comments?post=1780"}],"version-history":[{"count":0,"href":"https:\/\/hoerske.de\/blog\/wp-json\/wp\/v2\/posts\/1780\/revisions"}],"wp:featuredmedia":[{"embeddable":true,"href":"https:\/\/hoerske.de\/blog\/wp-json\/wp\/v2\/media\/1784"}],"wp:attachment":[{"href":"https:\/\/hoerske.de\/blog\/wp-json\/wp\/v2\/media?parent=1780"}],"wp:term":[{"taxonomy":"category","embeddable":true,"href":"https:\/\/hoerske.de\/blog\/wp-json\/wp\/v2\/categories?post=1780"},{"taxonomy":"post_tag","embeddable":true,"href":"https:\/\/hoerske.de\/blog\/wp-json\/wp\/v2\/tags?post=1780"}],"curies":[{"name":"wp","href":"https:\/\/api.w.org\/{rel}","templated":true}]}}