{"id":1705,"date":"2016-12-15T00:29:20","date_gmt":"2016-12-14T22:29:20","guid":{"rendered":"https:\/\/www.hoerske.de\/?p=1705"},"modified":"2016-12-28T23:57:37","modified_gmt":"2016-12-28T21:57:37","slug":"walt-disney-50er-todestag-einer-der-praegendsten-und-meistgeehrten-persoenlichkeiten-des-20-jahrhunderts","status":"publish","type":"post","link":"https:\/\/hoerske.de\/blog\/2016\/12\/walt-disney-50er-todestag-einer-der-praegendsten-und-meistgeehrten-persoenlichkeiten-des-20-jahrhunderts\/","title":{"rendered":"Walt Disney &#8211; 50er Todestag einer der pr\u00e4gendsten und meistgeehrten Pers\u00f6nlichkeiten des 20. Jahrhunderts"},"content":{"rendered":"<p>Heute vor 50 Jahren starb der wohl bekannteste Filmproduzent des 20. Jahrhunderts. Eigentlich Walter Elias Disney wurde am 05.12.1901 in Chicago (Illinois) geboren und begr\u00fcndete wohl die bekannteste Zeichentrick Marke der Welt.<\/p>\n<h4>Klassiker der Filmgeschichte<\/h4>\n<p>Der Name Disney steht noch heute f\u00fcr abendf\u00fcllende Zeichentrickfilme, die ersten ihrer Art. Kaum ein Kind auf der Welt kennt nicht die Zeichentrick-Verfilmung von Schneewittchen und die sieben Zwerge. 1937 erschienen, erhielt Walt Disney 1939 von der Filmakademie &#8220;Academy of Motion Picture Arts and Sciences&#8221; f\u00fcr den Film den Ehrenoscar. Das Besondere an der Auszeichnung waren die sieben Minaturoscars, die es zus\u00e4tzlich zum regul\u00e4ren Oscar gab.<\/p>\n<p>Bis in die fr\u00fcher 1940er Jahren feierte Walt Disney, mit weiteren heute zu Klassikern gewordener Verfilmungen wie Pinocchio, Dumbo und Bambi, gro\u00dfe Erfolge.<\/p>\n<h4>Mickey Maus<\/h4>\n<p>In Form der geschlechtslosen Maus geh\u00f6rt Mickey Maus aufgrund ihrer weltweiten Bekanntheit zu einer der ber\u00fchmtesten Ikonen. Micky Maus ist die bekannteste Figur aus der Disneys Welt und trat auch als Comicfigur auf. Anf\u00e4nglich als Notl\u00f6sung erfunden und nur in Zeichentrickfilmen zu sehen, avancierte Micky Maus rasch auch zum Comicstar und wurde im Laufe der folgenden Jahre auch international zu einem gro\u00dfen Erfolg.<\/p>\n<p>Dazu beigetragen hat sicherlich auch der Auftritt von 1940 dem Auftritt von Mickey Maus als Zauberlehrling in dem Film Fantasia. In Farbe und mit Stereoton zeigte der Film Techniken der Animation, die damals bahnbrechend waren.<\/p>\n<h3>Oswald der lustige Hase zu Mickey der Maus<\/h3>\n<p>Gemeinsam mit Ub Iwerks und seinem Bruder Roy Disney, der sich um die Finanzen der Produktionen k\u00fcmmerte, begann Walt Disney 1922 an seinem legend\u00e4ren Durchbruch zu arbeiten. Mickey Maus wurde vom gemeinsamen Studio 1927 geschaffen, urspr\u00fcnglich als Oswald der lustige Hase. Die Rechte an Oswald hatte Walt Disney jedoch nach einem Rechtsstreit an seine ehemaligen Finanziers verloren. Daraufhin hat er, so die bis heute g\u00fcltige Version der Geschichte, die Comic-Maus \u201eMortimer\u201c erfunden haben. Seine Frau Lillian soll den Namen unpassend gefunden haben und ihm seinen Namen \u201eMickey\u201c gegeben haben.<\/p>\n<p>Die N\u00e4he zu Oswald dem lustigen Hasen war anfangs nicht zu \u00fcbersehen. Micky war vom Aussehen her nicht viel mehr als ein Oswald mit k\u00fcrzeren Ohren und verl\u00e4ngertem Schwanz. Relativ bald \u00e4nderte sich das Aussehen von Micky zu seiner heutigen Form. Als Erstes bekam er umrandete Augen statt einfacher Punkte. So war er zu einer gr\u00f6\u00dferen Mimik f\u00e4hig. Ab dem Film The Opry House (1929) tr\u00e4gt Micky seine ber\u00fchmten Handschuhe. Eine Eigenart blieb aber stets dabei: Wie fast alle Trickfiguren aus dem Hause Walt Disney hat auch Micky nur vier Finger. Um den Animationsaufwand zu verringern tr\u00e4gt Micky auch sehr lange nur eine einfache Hose mit zwei Kn\u00f6pfen und erh\u00e4lt erst sp\u00e4t vollst\u00e4ndige Kleidung.<\/p>\n<h4>Weitere Figuren aus dem Hause Disney<\/h4>\n<p>Zeitgleich mit den erfolgreichen Micky-Maus-Filmen produzierte Disney die Silly-Symphonies-Reihe. In dieser Serie probierte er neue Animationstechniken aus. Er ver\u00f6ffentlichte 1932 mit dem Trickfilm <i>Von Blumen und B\u00e4umen<\/i> den ersten Technicolor-Film mit nat\u00fcrlicher wirkenden Farben. Donald Duck erblickte 1934 in <i>Die kluge kleine Henne<\/i> das Licht der Trickfilm Welt. Weitere popul\u00e4re und von Walt Disney erfundene Figuren sind Goofy, Pluto, Daisy Duck und Die drei kleinen Schweinchen.<\/p>\n<p>Deutsche Internetseite zur Welt von Walt Disney: <a href=\"http:\/\/disney.de\/\">http:\/\/disney.de\/<\/a><\/p>\n<div id=\"bodyContent\" class=\"mw-body-content\"><\/div>\n<p>&nbsp;<\/p>\n","protected":false},"excerpt":{"rendered":"<p>Heute vor 50 Jahren starb der wohl bekannteste Filmproduzent des 20. Jahrhunderts. Eigentlich Walter Elias Disney wurde am 05.12.1901 in Chicago (Illinois) geboren und begr\u00fcndete wohl die bekannteste Zeichentrick Marke der Welt. Klassiker der Filmgeschichte Der Name Disney steht noch heute f\u00fcr abendf\u00fcllende Zeichentrickfilme, die ersten ihrer Art. Kaum ein<\/p>\n","protected":false},"author":1,"featured_media":1715,"comment_status":"open","ping_status":"open","sticky":false,"template":"","format":"standard","meta":{"jetpack_post_was_ever_published":false,"_jetpack_newsletter_access":"","_jetpack_dont_email_post_to_subs":true,"_jetpack_newsletter_tier_id":0,"_jetpack_memberships_contains_paywalled_content":false,"_jetpack_memberships_contains_paid_content":false,"footnotes":"","jetpack_publicize_message":"Walt Disney - 50er Todestag einer der pr\u00e4gendsten und meistgeehrten Pers\u00f6nlichkeiten des 20. Jahrhunderts","jetpack_publicize_feature_enabled":true,"jetpack_social_post_already_shared":true,"jetpack_social_options":{"image_generator_settings":{"template":"highway","default_image_id":0,"font":"","enabled":false},"version":2},"_wpas_customize_per_network":false},"categories":[489,3,43],"tags":[482,483,487,486,485,488,484],"class_list":["post-1705","post","type-post","status-publish","format-standard","has-post-thumbnail","hentry","category-489","category-bekannt","category-jahr","tag-comic","tag-disney","tag-klassiker","tag-maus","tag-mickey","tag-trickfilm","tag-walter"],"yoast_head":"<!-- This site is optimized with the Yoast SEO Premium plugin v27.3 (Yoast SEO v27.3) - https:\/\/yoast.com\/product\/yoast-seo-premium-wordpress\/ -->\n<title>Walt Disney - 50er Todestag einer der pr\u00e4gendsten und meistgeehrten Pers\u00f6nlichkeiten des 20. Jahrhunderts - Timos Paper<\/title>\n<meta name=\"description\" content=\"Heute vor 50 Jahren starb der wohlbekannteste Filmproduzent des 20. Jahrhunderts. Walt Disney begr\u00fcndete wohl die bekannteste Zeichentrick Marke der Welt.\" \/>\n<meta name=\"robots\" content=\"index, follow, max-snippet:-1, max-image-preview:large, max-video-preview:-1\" \/>\n<link rel=\"canonical\" href=\"https:\/\/hoerske.de\/blog\/2016\/12\/walt-disney-50er-todestag-einer-der-praegendsten-und-meistgeehrten-persoenlichkeiten-des-20-jahrhunderts\/\" \/>\n<meta property=\"og:locale\" content=\"de_DE\" \/>\n<meta property=\"og:type\" content=\"article\" \/>\n<meta property=\"og:title\" content=\"Walt Disney - 50er Todestag einer der pr\u00e4gendsten und meistgeehrten Pers\u00f6nlichkeiten des 20. Jahrhunderts\" \/>\n<meta property=\"og:description\" content=\"Heute vor 50 Jahren starb der wohlbekannteste Filmproduzent des 20. Jahrhunderts. Walt Disney begr\u00fcndete wohl die bekannteste Zeichentrick Marke der Welt.\" \/>\n<meta property=\"og:url\" content=\"https:\/\/hoerske.de\/blog\/2016\/12\/walt-disney-50er-todestag-einer-der-praegendsten-und-meistgeehrten-persoenlichkeiten-des-20-jahrhunderts\/\" \/>\n<meta property=\"og:site_name\" content=\"Timos Paper\" \/>\n<meta property=\"article:publisher\" content=\"https:\/\/www.facebook.com\/timo.hoerske\" \/>\n<meta property=\"article:author\" content=\"https:\/\/www.facebook.com\/timo.hoerske\" \/>\n<meta property=\"article:published_time\" content=\"2016-12-14T22:29:20+00:00\" \/>\n<meta property=\"article:modified_time\" content=\"2016-12-28T21:57:37+00:00\" \/>\n<meta property=\"og:image\" content=\"https:\/\/i0.wp.com\/blog.hoerske.de\/wp-content\/uploads\/2016\/12\/640px-Walt_Disney_1942_signature.png?fit=640%2C238\" \/>\n\t<meta property=\"og:image:width\" content=\"640\" \/>\n\t<meta property=\"og:image:height\" content=\"238\" \/>\n\t<meta property=\"og:image:type\" content=\"image\/png\" \/>\n<meta name=\"author\" content=\"Timo H\u00f6rske\" \/>\n<meta name=\"twitter:card\" content=\"summary_large_image\" \/>\n<meta name=\"twitter:creator\" content=\"@timo_hoerske\" \/>\n<meta name=\"twitter:site\" content=\"@timo_hoerske\" \/>\n<meta name=\"twitter:label1\" content=\"Verfasst von\" \/>\n\t<meta name=\"twitter:data1\" content=\"Timo H\u00f6rske\" \/>\n\t<meta name=\"twitter:label2\" content=\"Gesch\u00e4tzte Lesezeit\" \/>\n\t<meta name=\"twitter:data2\" content=\"3\u00a0Minuten\" \/>\n<script type=\"application\/ld+json\" class=\"yoast-schema-graph\">{\"@context\":\"https:\\\/\\\/schema.org\",\"@graph\":[{\"@type\":\"Article\",\"@id\":\"https:\\\/\\\/hoerske.de\\\/blog\\\/2016\\\/12\\\/walt-disney-50er-todestag-einer-der-praegendsten-und-meistgeehrten-persoenlichkeiten-des-20-jahrhunderts\\\/#article\",\"isPartOf\":{\"@id\":\"https:\\\/\\\/hoerske.de\\\/blog\\\/2016\\\/12\\\/walt-disney-50er-todestag-einer-der-praegendsten-und-meistgeehrten-persoenlichkeiten-des-20-jahrhunderts\\\/\"},\"author\":{\"name\":\"Timo H\u00f6rske\",\"@id\":\"https:\\\/\\\/hoerske.de\\\/blog\\\/#\\\/schema\\\/person\\\/20677cf2167fc7027b752c3bba78d5fc\"},\"headline\":\"Walt Disney &#8211; 50er Todestag einer der pr\u00e4gendsten und meistgeehrten Pers\u00f6nlichkeiten des 20. Jahrhunderts\",\"datePublished\":\"2016-12-14T22:29:20+00:00\",\"dateModified\":\"2016-12-28T21:57:37+00:00\",\"mainEntityOfPage\":{\"@id\":\"https:\\\/\\\/hoerske.de\\\/blog\\\/2016\\\/12\\\/walt-disney-50er-todestag-einer-der-praegendsten-und-meistgeehrten-persoenlichkeiten-des-20-jahrhunderts\\\/\"},\"wordCount\":555,\"commentCount\":0,\"publisher\":{\"@id\":\"https:\\\/\\\/hoerske.de\\\/blog\\\/#\\\/schema\\\/person\\\/20677cf2167fc7027b752c3bba78d5fc\"},\"image\":{\"@id\":\"https:\\\/\\\/hoerske.de\\\/blog\\\/2016\\\/12\\\/walt-disney-50er-todestag-einer-der-praegendsten-und-meistgeehrten-persoenlichkeiten-des-20-jahrhunderts\\\/#primaryimage\"},\"thumbnailUrl\":\"https:\\\/\\\/i0.wp.com\\\/hoerske.de\\\/blog\\\/wp-content\\\/uploads\\\/2016\\\/12\\\/640px-Walt_Disney_1942_signature.png?fit=640%2C238&ssl=1\",\"keywords\":[\"Comic\",\"Disney\",\"Klassiker\",\"Maus\",\"Mickey\",\"Trickfilm\",\"Walter\"],\"articleSection\":[\"2016\",\"Bekannt\",\"Jahr\"],\"inLanguage\":\"de\",\"potentialAction\":[{\"@type\":\"CommentAction\",\"name\":\"Comment\",\"target\":[\"https:\\\/\\\/hoerske.de\\\/blog\\\/2016\\\/12\\\/walt-disney-50er-todestag-einer-der-praegendsten-und-meistgeehrten-persoenlichkeiten-des-20-jahrhunderts\\\/#respond\"]}]},{\"@type\":\"WebPage\",\"@id\":\"https:\\\/\\\/hoerske.de\\\/blog\\\/2016\\\/12\\\/walt-disney-50er-todestag-einer-der-praegendsten-und-meistgeehrten-persoenlichkeiten-des-20-jahrhunderts\\\/\",\"url\":\"https:\\\/\\\/hoerske.de\\\/blog\\\/2016\\\/12\\\/walt-disney-50er-todestag-einer-der-praegendsten-und-meistgeehrten-persoenlichkeiten-des-20-jahrhunderts\\\/\",\"name\":\"Walt Disney - 50er Todestag einer der pr\u00e4gendsten und meistgeehrten Pers\u00f6nlichkeiten des 20. Jahrhunderts - Timos Paper\",\"isPartOf\":{\"@id\":\"https:\\\/\\\/hoerske.de\\\/blog\\\/#website\"},\"primaryImageOfPage\":{\"@id\":\"https:\\\/\\\/hoerske.de\\\/blog\\\/2016\\\/12\\\/walt-disney-50er-todestag-einer-der-praegendsten-und-meistgeehrten-persoenlichkeiten-des-20-jahrhunderts\\\/#primaryimage\"},\"image\":{\"@id\":\"https:\\\/\\\/hoerske.de\\\/blog\\\/2016\\\/12\\\/walt-disney-50er-todestag-einer-der-praegendsten-und-meistgeehrten-persoenlichkeiten-des-20-jahrhunderts\\\/#primaryimage\"},\"thumbnailUrl\":\"https:\\\/\\\/i0.wp.com\\\/hoerske.de\\\/blog\\\/wp-content\\\/uploads\\\/2016\\\/12\\\/640px-Walt_Disney_1942_signature.png?fit=640%2C238&ssl=1\",\"datePublished\":\"2016-12-14T22:29:20+00:00\",\"dateModified\":\"2016-12-28T21:57:37+00:00\",\"description\":\"Heute vor 50 Jahren starb der wohlbekannteste Filmproduzent des 20. Jahrhunderts. Walt Disney begr\u00fcndete wohl die bekannteste Zeichentrick Marke der Welt.\",\"breadcrumb\":{\"@id\":\"https:\\\/\\\/hoerske.de\\\/blog\\\/2016\\\/12\\\/walt-disney-50er-todestag-einer-der-praegendsten-und-meistgeehrten-persoenlichkeiten-des-20-jahrhunderts\\\/#breadcrumb\"},\"inLanguage\":\"de\",\"potentialAction\":[{\"@type\":\"ReadAction\",\"target\":[\"https:\\\/\\\/hoerske.de\\\/blog\\\/2016\\\/12\\\/walt-disney-50er-todestag-einer-der-praegendsten-und-meistgeehrten-persoenlichkeiten-des-20-jahrhunderts\\\/\"]}]},{\"@type\":\"ImageObject\",\"inLanguage\":\"de\",\"@id\":\"https:\\\/\\\/hoerske.de\\\/blog\\\/2016\\\/12\\\/walt-disney-50er-todestag-einer-der-praegendsten-und-meistgeehrten-persoenlichkeiten-des-20-jahrhunderts\\\/#primaryimage\",\"url\":\"https:\\\/\\\/i0.wp.com\\\/hoerske.de\\\/blog\\\/wp-content\\\/uploads\\\/2016\\\/12\\\/640px-Walt_Disney_1942_signature.png?fit=640%2C238&ssl=1\",\"contentUrl\":\"https:\\\/\\\/i0.wp.com\\\/hoerske.de\\\/blog\\\/wp-content\\\/uploads\\\/2016\\\/12\\\/640px-Walt_Disney_1942_signature.png?fit=640%2C238&ssl=1\",\"width\":640,\"height\":238,\"caption\":\"Walt Disney\"},{\"@type\":\"BreadcrumbList\",\"@id\":\"https:\\\/\\\/hoerske.de\\\/blog\\\/2016\\\/12\\\/walt-disney-50er-todestag-einer-der-praegendsten-und-meistgeehrten-persoenlichkeiten-des-20-jahrhunderts\\\/#breadcrumb\",\"itemListElement\":[{\"@type\":\"ListItem\",\"position\":1,\"name\":\"Startseite\",\"item\":\"https:\\\/\\\/hoerske.de\\\/blog\\\/\"},{\"@type\":\"ListItem\",\"position\":2,\"name\":\"Walt Disney &#8211; 50er Todestag einer der pr\u00e4gendsten und meistgeehrten Pers\u00f6nlichkeiten des 20. Jahrhunderts\"}]},{\"@type\":\"WebSite\",\"@id\":\"https:\\\/\\\/hoerske.de\\\/blog\\\/#website\",\"url\":\"https:\\\/\\\/hoerske.de\\\/blog\\\/\",\"name\":\"Timos Blog\",\"description\":\"ego cogito, ergo sum\",\"publisher\":{\"@id\":\"https:\\\/\\\/hoerske.de\\\/blog\\\/#\\\/schema\\\/person\\\/20677cf2167fc7027b752c3bba78d5fc\"},\"potentialAction\":[{\"@type\":\"SearchAction\",\"target\":{\"@type\":\"EntryPoint\",\"urlTemplate\":\"https:\\\/\\\/hoerske.de\\\/blog\\\/?s={search_term_string}\"},\"query-input\":{\"@type\":\"PropertyValueSpecification\",\"valueRequired\":true,\"valueName\":\"search_term_string\"}}],\"inLanguage\":\"de\"},{\"@type\":[\"Person\",\"Organization\"],\"@id\":\"https:\\\/\\\/hoerske.de\\\/blog\\\/#\\\/schema\\\/person\\\/20677cf2167fc7027b752c3bba78d5fc\",\"name\":\"Timo H\u00f6rske\",\"image\":{\"@type\":\"ImageObject\",\"inLanguage\":\"de\",\"@id\":\"https:\\\/\\\/i0.wp.com\\\/hoerske.de\\\/blog\\\/wp-content\\\/uploads\\\/2023\\\/01\\\/16711213967602.jpg?fit=1024%2C954&ssl=1\",\"url\":\"https:\\\/\\\/i0.wp.com\\\/hoerske.de\\\/blog\\\/wp-content\\\/uploads\\\/2023\\\/01\\\/16711213967602.jpg?fit=1024%2C954&ssl=1\",\"contentUrl\":\"https:\\\/\\\/i0.wp.com\\\/hoerske.de\\\/blog\\\/wp-content\\\/uploads\\\/2023\\\/01\\\/16711213967602.jpg?fit=1024%2C954&ssl=1\",\"width\":1024,\"height\":954,\"caption\":\"Timo H\u00f6rske\"},\"logo\":{\"@id\":\"https:\\\/\\\/i0.wp.com\\\/hoerske.de\\\/blog\\\/wp-content\\\/uploads\\\/2023\\\/01\\\/16711213967602.jpg?fit=1024%2C954&ssl=1\"},\"description\":\"Jahrgang 1985, als \\\"Ossi\\\" geboren, im beschaulichen Premnitz an der Havel aufgewachsen. Natur- und Kunstliebhaber. Seit \u00fcber 10 Jahren Wahlbremerhavener, K\u00fcsten- und Windfan. So ziemlich an Allem interessiert. Schwerpunkte sind aber eindeutig Politik, Gesellschaft, Rechtswesen, Natur, Imkerei und Technik. Rotes Parteibuch, Mitglied des Jugendhilfeausschusses der Stadt Bremerhaven, Vorsitzender eines Kleing\u00e4rtnervereins, Fachberater f\u00fcr das Kleingartenwesen, Verbandschef der Bremerhavener Kleing\u00e4rtner*innen. Hobbyimker, Freizeitblogger, Techniknerd.\",\"sameAs\":[\"https:\\\/\\\/www.hoerske.de\\\/\",\"https:\\\/\\\/www.facebook.com\\\/timo.hoerske\",\"https:\\\/\\\/www.instagram.com\\\/thoerske\\\/\",\"https:\\\/\\\/x.com\\\/timo_hoerske\"],\"url\":\"https:\\\/\\\/hoerske.de\\\/blog\\\/author\\\/roter_admin\\\/\"}]}<\/script>\n<!-- \/ Yoast SEO Premium plugin. -->","yoast_head_json":{"title":"Walt Disney - 50er Todestag einer der pr\u00e4gendsten und meistgeehrten Pers\u00f6nlichkeiten des 20. Jahrhunderts - Timos Paper","description":"Heute vor 50 Jahren starb der wohlbekannteste Filmproduzent des 20. Jahrhunderts. Walt Disney begr\u00fcndete wohl die bekannteste Zeichentrick Marke der Welt.","robots":{"index":"index","follow":"follow","max-snippet":"max-snippet:-1","max-image-preview":"max-image-preview:large","max-video-preview":"max-video-preview:-1"},"canonical":"https:\/\/hoerske.de\/blog\/2016\/12\/walt-disney-50er-todestag-einer-der-praegendsten-und-meistgeehrten-persoenlichkeiten-des-20-jahrhunderts\/","og_locale":"de_DE","og_type":"article","og_title":"Walt Disney - 50er Todestag einer der pr\u00e4gendsten und meistgeehrten Pers\u00f6nlichkeiten des 20. Jahrhunderts","og_description":"Heute vor 50 Jahren starb der wohlbekannteste Filmproduzent des 20. Jahrhunderts. Walt Disney begr\u00fcndete wohl die bekannteste Zeichentrick Marke der Welt.","og_url":"https:\/\/hoerske.de\/blog\/2016\/12\/walt-disney-50er-todestag-einer-der-praegendsten-und-meistgeehrten-persoenlichkeiten-des-20-jahrhunderts\/","og_site_name":"Timos Paper","article_publisher":"https:\/\/www.facebook.com\/timo.hoerske","article_author":"https:\/\/www.facebook.com\/timo.hoerske","article_published_time":"2016-12-14T22:29:20+00:00","article_modified_time":"2016-12-28T21:57:37+00:00","og_image":[{"width":640,"height":238,"url":"https:\/\/i0.wp.com\/blog.hoerske.de\/wp-content\/uploads\/2016\/12\/640px-Walt_Disney_1942_signature.png?fit=640%2C238","type":"image\/png"}],"author":"Timo H\u00f6rske","twitter_card":"summary_large_image","twitter_creator":"@timo_hoerske","twitter_site":"@timo_hoerske","twitter_misc":{"Verfasst von":"Timo H\u00f6rske","Gesch\u00e4tzte Lesezeit":"3\u00a0Minuten"},"schema":{"@context":"https:\/\/schema.org","@graph":[{"@type":"Article","@id":"https:\/\/hoerske.de\/blog\/2016\/12\/walt-disney-50er-todestag-einer-der-praegendsten-und-meistgeehrten-persoenlichkeiten-des-20-jahrhunderts\/#article","isPartOf":{"@id":"https:\/\/hoerske.de\/blog\/2016\/12\/walt-disney-50er-todestag-einer-der-praegendsten-und-meistgeehrten-persoenlichkeiten-des-20-jahrhunderts\/"},"author":{"name":"Timo H\u00f6rske","@id":"https:\/\/hoerske.de\/blog\/#\/schema\/person\/20677cf2167fc7027b752c3bba78d5fc"},"headline":"Walt Disney &#8211; 50er Todestag einer der pr\u00e4gendsten und meistgeehrten Pers\u00f6nlichkeiten des 20. Jahrhunderts","datePublished":"2016-12-14T22:29:20+00:00","dateModified":"2016-12-28T21:57:37+00:00","mainEntityOfPage":{"@id":"https:\/\/hoerske.de\/blog\/2016\/12\/walt-disney-50er-todestag-einer-der-praegendsten-und-meistgeehrten-persoenlichkeiten-des-20-jahrhunderts\/"},"wordCount":555,"commentCount":0,"publisher":{"@id":"https:\/\/hoerske.de\/blog\/#\/schema\/person\/20677cf2167fc7027b752c3bba78d5fc"},"image":{"@id":"https:\/\/hoerske.de\/blog\/2016\/12\/walt-disney-50er-todestag-einer-der-praegendsten-und-meistgeehrten-persoenlichkeiten-des-20-jahrhunderts\/#primaryimage"},"thumbnailUrl":"https:\/\/i0.wp.com\/hoerske.de\/blog\/wp-content\/uploads\/2016\/12\/640px-Walt_Disney_1942_signature.png?fit=640%2C238&ssl=1","keywords":["Comic","Disney","Klassiker","Maus","Mickey","Trickfilm","Walter"],"articleSection":["2016","Bekannt","Jahr"],"inLanguage":"de","potentialAction":[{"@type":"CommentAction","name":"Comment","target":["https:\/\/hoerske.de\/blog\/2016\/12\/walt-disney-50er-todestag-einer-der-praegendsten-und-meistgeehrten-persoenlichkeiten-des-20-jahrhunderts\/#respond"]}]},{"@type":"WebPage","@id":"https:\/\/hoerske.de\/blog\/2016\/12\/walt-disney-50er-todestag-einer-der-praegendsten-und-meistgeehrten-persoenlichkeiten-des-20-jahrhunderts\/","url":"https:\/\/hoerske.de\/blog\/2016\/12\/walt-disney-50er-todestag-einer-der-praegendsten-und-meistgeehrten-persoenlichkeiten-des-20-jahrhunderts\/","name":"Walt Disney - 50er Todestag einer der pr\u00e4gendsten und meistgeehrten Pers\u00f6nlichkeiten des 20. Jahrhunderts - Timos Paper","isPartOf":{"@id":"https:\/\/hoerske.de\/blog\/#website"},"primaryImageOfPage":{"@id":"https:\/\/hoerske.de\/blog\/2016\/12\/walt-disney-50er-todestag-einer-der-praegendsten-und-meistgeehrten-persoenlichkeiten-des-20-jahrhunderts\/#primaryimage"},"image":{"@id":"https:\/\/hoerske.de\/blog\/2016\/12\/walt-disney-50er-todestag-einer-der-praegendsten-und-meistgeehrten-persoenlichkeiten-des-20-jahrhunderts\/#primaryimage"},"thumbnailUrl":"https:\/\/i0.wp.com\/hoerske.de\/blog\/wp-content\/uploads\/2016\/12\/640px-Walt_Disney_1942_signature.png?fit=640%2C238&ssl=1","datePublished":"2016-12-14T22:29:20+00:00","dateModified":"2016-12-28T21:57:37+00:00","description":"Heute vor 50 Jahren starb der wohlbekannteste Filmproduzent des 20. Jahrhunderts. Walt Disney begr\u00fcndete wohl die bekannteste Zeichentrick Marke der Welt.","breadcrumb":{"@id":"https:\/\/hoerske.de\/blog\/2016\/12\/walt-disney-50er-todestag-einer-der-praegendsten-und-meistgeehrten-persoenlichkeiten-des-20-jahrhunderts\/#breadcrumb"},"inLanguage":"de","potentialAction":[{"@type":"ReadAction","target":["https:\/\/hoerske.de\/blog\/2016\/12\/walt-disney-50er-todestag-einer-der-praegendsten-und-meistgeehrten-persoenlichkeiten-des-20-jahrhunderts\/"]}]},{"@type":"ImageObject","inLanguage":"de","@id":"https:\/\/hoerske.de\/blog\/2016\/12\/walt-disney-50er-todestag-einer-der-praegendsten-und-meistgeehrten-persoenlichkeiten-des-20-jahrhunderts\/#primaryimage","url":"https:\/\/i0.wp.com\/hoerske.de\/blog\/wp-content\/uploads\/2016\/12\/640px-Walt_Disney_1942_signature.png?fit=640%2C238&ssl=1","contentUrl":"https:\/\/i0.wp.com\/hoerske.de\/blog\/wp-content\/uploads\/2016\/12\/640px-Walt_Disney_1942_signature.png?fit=640%2C238&ssl=1","width":640,"height":238,"caption":"Walt Disney"},{"@type":"BreadcrumbList","@id":"https:\/\/hoerske.de\/blog\/2016\/12\/walt-disney-50er-todestag-einer-der-praegendsten-und-meistgeehrten-persoenlichkeiten-des-20-jahrhunderts\/#breadcrumb","itemListElement":[{"@type":"ListItem","position":1,"name":"Startseite","item":"https:\/\/hoerske.de\/blog\/"},{"@type":"ListItem","position":2,"name":"Walt Disney &#8211; 50er Todestag einer der pr\u00e4gendsten und meistgeehrten Pers\u00f6nlichkeiten des 20. Jahrhunderts"}]},{"@type":"WebSite","@id":"https:\/\/hoerske.de\/blog\/#website","url":"https:\/\/hoerske.de\/blog\/","name":"Timos Blog","description":"ego cogito, ergo sum","publisher":{"@id":"https:\/\/hoerske.de\/blog\/#\/schema\/person\/20677cf2167fc7027b752c3bba78d5fc"},"potentialAction":[{"@type":"SearchAction","target":{"@type":"EntryPoint","urlTemplate":"https:\/\/hoerske.de\/blog\/?s={search_term_string}"},"query-input":{"@type":"PropertyValueSpecification","valueRequired":true,"valueName":"search_term_string"}}],"inLanguage":"de"},{"@type":["Person","Organization"],"@id":"https:\/\/hoerske.de\/blog\/#\/schema\/person\/20677cf2167fc7027b752c3bba78d5fc","name":"Timo H\u00f6rske","image":{"@type":"ImageObject","inLanguage":"de","@id":"https:\/\/i0.wp.com\/hoerske.de\/blog\/wp-content\/uploads\/2023\/01\/16711213967602.jpg?fit=1024%2C954&ssl=1","url":"https:\/\/i0.wp.com\/hoerske.de\/blog\/wp-content\/uploads\/2023\/01\/16711213967602.jpg?fit=1024%2C954&ssl=1","contentUrl":"https:\/\/i0.wp.com\/hoerske.de\/blog\/wp-content\/uploads\/2023\/01\/16711213967602.jpg?fit=1024%2C954&ssl=1","width":1024,"height":954,"caption":"Timo H\u00f6rske"},"logo":{"@id":"https:\/\/i0.wp.com\/hoerske.de\/blog\/wp-content\/uploads\/2023\/01\/16711213967602.jpg?fit=1024%2C954&ssl=1"},"description":"Jahrgang 1985, als \"Ossi\" geboren, im beschaulichen Premnitz an der Havel aufgewachsen. Natur- und Kunstliebhaber. Seit \u00fcber 10 Jahren Wahlbremerhavener, K\u00fcsten- und Windfan. So ziemlich an Allem interessiert. Schwerpunkte sind aber eindeutig Politik, Gesellschaft, Rechtswesen, Natur, Imkerei und Technik. Rotes Parteibuch, Mitglied des Jugendhilfeausschusses der Stadt Bremerhaven, Vorsitzender eines Kleing\u00e4rtnervereins, Fachberater f\u00fcr das Kleingartenwesen, Verbandschef der Bremerhavener Kleing\u00e4rtner*innen. Hobbyimker, Freizeitblogger, Techniknerd.","sameAs":["https:\/\/www.hoerske.de\/","https:\/\/www.facebook.com\/timo.hoerske","https:\/\/www.instagram.com\/thoerske\/","https:\/\/x.com\/timo_hoerske"],"url":"https:\/\/hoerske.de\/blog\/author\/roter_admin\/"}]}},"jetpack_publicize_connections":[],"jetpack_featured_media_url":"https:\/\/i0.wp.com\/hoerske.de\/blog\/wp-content\/uploads\/2016\/12\/640px-Walt_Disney_1942_signature.png?fit=640%2C238&ssl=1","jetpack_shortlink":"https:\/\/wp.me\/p4W3ht-rv","jetpack_sharing_enabled":true,"_links":{"self":[{"href":"https:\/\/hoerske.de\/blog\/wp-json\/wp\/v2\/posts\/1705","targetHints":{"allow":["GET"]}}],"collection":[{"href":"https:\/\/hoerske.de\/blog\/wp-json\/wp\/v2\/posts"}],"about":[{"href":"https:\/\/hoerske.de\/blog\/wp-json\/wp\/v2\/types\/post"}],"author":[{"embeddable":true,"href":"https:\/\/hoerske.de\/blog\/wp-json\/wp\/v2\/users\/1"}],"replies":[{"embeddable":true,"href":"https:\/\/hoerske.de\/blog\/wp-json\/wp\/v2\/comments?post=1705"}],"version-history":[{"count":0,"href":"https:\/\/hoerske.de\/blog\/wp-json\/wp\/v2\/posts\/1705\/revisions"}],"wp:featuredmedia":[{"embeddable":true,"href":"https:\/\/hoerske.de\/blog\/wp-json\/wp\/v2\/media\/1715"}],"wp:attachment":[{"href":"https:\/\/hoerske.de\/blog\/wp-json\/wp\/v2\/media?parent=1705"}],"wp:term":[{"taxonomy":"category","embeddable":true,"href":"https:\/\/hoerske.de\/blog\/wp-json\/wp\/v2\/categories?post=1705"},{"taxonomy":"post_tag","embeddable":true,"href":"https:\/\/hoerske.de\/blog\/wp-json\/wp\/v2\/tags?post=1705"}],"curies":[{"name":"wp","href":"https:\/\/api.w.org\/{rel}","templated":true}]}}