{"id":1321,"date":"2016-05-29T19:55:18","date_gmt":"2016-05-29T17:55:18","guid":{"rendered":"https:\/\/www.hoerske.de\/?p=1321"},"modified":"2017-02-18T20:49:17","modified_gmt":"2017-02-18T18:49:17","slug":"seestadtfest-bremerhaven","status":"publish","type":"post","link":"https:\/\/hoerske.de\/blog\/2016\/05\/seestadtfest-bremerhaven\/","title":{"rendered":"So war&#8217;s &#8211; Das erste SeeStadtFest Bremerhaven"},"content":{"rendered":"<p>Eine gute Kritik nennt am Besten die guten, die weniger guten und schlechten Dinge einer Sache. Sicherlich bin ich jemand der f\u00fcr sehr kritische Bewertungen bekannt ist, aber dennoch m\u00f6chte ich versuchen f\u00fcr das <a href=\"http:\/\/www.bremerhaven.de\/meer-erleben\/seestadtfest-landgang-bremerhaven\/\">SeeStadtFest <\/a>2016 ein faires Feedback abzugeben.<\/p>\n<h4>Lecker, gut organisiert und abwechselungsreich<\/h4>\n<p>Mit diesen drei Worten l\u00e4sst sich der durchweg \u00fcberraschend positive Gesamteindruck meiner Meinung nach zusammenfassen. Ich war bei der anf\u00e4nglichen Berichterstattung \u00fcber die Vorbereitungen des SeeStadtFestes eher skeptisch. Dennoch haben mich viele wirklich gute Ideen \u00fcberrascht. Das gr\u00f6\u00dfte Plus f\u00fcr mich war die breite bespielte Fl\u00e4che zwischen Hafen- und Innenstadtbereich. Dadurch war es trotz vieler Besuch nie zu eng oder zu gedr\u00e4ngt. Dazu beigetragen hat sicherlich auch die Tatsache, dass es mehrere Treffpunkte\/ Zentren gab in denen jeweils eine B\u00fchne mit dazugeh\u00f6rigem Speis und Trank gab. Jeder konnte so nach seinem Geschmack, dass f\u00fcr ihn beste ausfindig machen. Ich freue mich besonders, dass beim SeeStadtFest nun auch die Kaufmannschaft der Innenstadt mehr direkt profitiert hat.<\/p>\n<p><a href=\"https:\/\/i0.wp.com\/www.hoerske.de\/blog\/wp-content\/uploads\/2016\/05\/IMG_20160526_201355.jpg?ssl=1\"><img data-recalc-dims=\"1\" loading=\"lazy\" decoding=\"async\" class=\"alignleft size-medium wp-image-1337\" src=\"https:\/\/i0.wp.com\/www.hoerske.de\/blog\/wp-content\/uploads\/2016\/05\/IMG_20160526_201355-300x300.jpg?resize=300%2C300&#038;ssl=1\" alt=\"IMG_20160526_201355\" width=\"300\" height=\"300\" srcset=\"https:\/\/i0.wp.com\/hoerske.de\/blog\/wp-content\/uploads\/2016\/05\/IMG_20160526_201355.jpg?resize=300%2C300&amp;ssl=1 300w, https:\/\/i0.wp.com\/hoerske.de\/blog\/wp-content\/uploads\/2016\/05\/IMG_20160526_201355.jpg?resize=150%2C150&amp;ssl=1 150w, https:\/\/i0.wp.com\/hoerske.de\/blog\/wp-content\/uploads\/2016\/05\/IMG_20160526_201355.jpg?resize=768%2C768&amp;ssl=1 768w, https:\/\/i0.wp.com\/hoerske.de\/blog\/wp-content\/uploads\/2016\/05\/IMG_20160526_201355.jpg?resize=1024%2C1024&amp;ssl=1 1024w, https:\/\/i0.wp.com\/hoerske.de\/blog\/wp-content\/uploads\/2016\/05\/IMG_20160526_201355.jpg?resize=50%2C50&amp;ssl=1 50w, https:\/\/i0.wp.com\/hoerske.de\/blog\/wp-content\/uploads\/2016\/05\/IMG_20160526_201355.jpg?w=1836&amp;ssl=1 1836w, https:\/\/i0.wp.com\/hoerske.de\/blog\/wp-content\/uploads\/2016\/05\/IMG_20160526_201355.jpg?w=1680&amp;ssl=1 1680w\" sizes=\"auto, (max-width: 300px) 100vw, 300px\" \/><\/a>Ein Highlight f\u00fcr mich pers\u00f6nlich war das Street-Food Festival auf dem Theodor-Heuss Platz vor dem Stadttheater. Dort gab es f\u00fcr Bremerhavener Verh\u00e4ltnisse wirklich kulinarische Besonderheiten und \u00dcberraschungen. Mir hat es vor allem der koreanische Hotdog angetan. Ein sepiagef\u00e4rbtes Br\u00f6tchen, asiatisch mariniertem Rinderhack, zweierlei So\u00dfen, Fr\u00fchlingszwiebeln und R\u00f6stzwiebeln gesellten sich\u00a0 zum obligatorischen W\u00fcrstchen.<\/p>\n<h4>Das nicht ganz so Gute und das Negative&#8230;<\/h4>\n<p>&#8230; f\u00e4llt im Gegensatz dazu bei mir ausnahmsweise mal gering aus. Die vorhergehende Berichterstattung hatte mit dem tats\u00e4chlichen Aufbau der St\u00e4nde sp\u00e4ter recht wenig zu tun. Wer sich wie ich vorher damit besch\u00e4ftigt hatte, musste sich anschlie\u00dfend doch mit den gro\u00dfen aufgestellten Programm- und Kartenhinweisen abm\u00fchen. Lichtshow und Feuerwerk waren leider auch nur ein j\u00e4mmerlicher Abklatsch dessen, was wir in Bremerhaven gewohnt sind. Leider. Mir pers\u00f6nlich fehlten ein Stand und ein ganzer Bereich: Gew\u00fcrzstand und auch den Bereich Via Italia konnte ich nicht finden. Schade. Nimmt man aber das was dar war als Ma\u00dfstab so bin ich sehr zufrieden mit dem SeeStadtFest 2016 und freue mich bereits auf das n\u00e4chste Jahr.<\/p>\n<p>Bilder sagen manchmal mehr als tausend Worte, daher zum Schlu\u00df ein paar Impressionen vom SeeStadtFest 2016 &#8211; Landgang in Bremerhaven:<\/p>\n<div class=\"tiled-gallery type-rectangular tiled-gallery-unresized\" data-original-width=\"840\" data-carousel-extra='null' itemscope itemtype=\"http:\/\/schema.org\/ImageGallery\" > <div class=\"gallery-row\" style=\"width: 840px; height: 375px;\" data-original-width=\"840\" data-original-height=\"375\" > <div class=\"gallery-group images-1\" style=\"width: 561px; height: 375px;\" data-original-width=\"561\" data-original-height=\"375\" > <div class=\"tiled-gallery-item tiled-gallery-item-large\" itemprop=\"associatedMedia\" itemscope itemtype=\"http:\/\/schema.org\/ImageObject\"> <a href=\"https:\/\/hoerske.de\/blog\/2016\/05\/seestadtfest-bremerhaven\/seestadtfest_2016_05\/\" border=\"0\" itemprop=\"url\"> <meta itemprop=\"width\" content=\"557\"> <meta itemprop=\"height\" content=\"371\"> <img decoding=\"async\" class=\"\" data-attachment-id=\"1326\" data-orig-file=\"https:\/\/hoerske.de\/blog\/wp-content\/uploads\/2016\/05\/seestadtfest_2016_05.jpg\" data-orig-size=\"800,533\" data-comments-opened=\"1\" data-image-meta=\"{&quot;aperture&quot;:&quot;10&quot;,&quot;credit&quot;:&quot;&quot;,&quot;camera&quot;:&quot;Canon EOS 1100D&quot;,&quot;caption&quot;:&quot;&quot;,&quot;created_timestamp&quot;:&quot;1464376408&quot;,&quot;copyright&quot;:&quot;&quot;,&quot;focal_length&quot;:&quot;50&quot;,&quot;iso&quot;:&quot;100&quot;,&quot;shutter_speed&quot;:&quot;0.005&quot;,&quot;title&quot;:&quot;&quot;,&quot;orientation&quot;:&quot;1&quot;}\" data-image-title=\"seestadtfest_2016_05\" data-image-description=\"\" data-medium-file=\"https:\/\/i0.wp.com\/hoerske.de\/blog\/wp-content\/uploads\/2016\/05\/seestadtfest_2016_05.jpg?fit=300%2C200&#038;ssl=1\" data-large-file=\"https:\/\/i0.wp.com\/hoerske.de\/blog\/wp-content\/uploads\/2016\/05\/seestadtfest_2016_05.jpg?fit=800%2C533&#038;ssl=1\" src=\"https:\/\/i0.wp.com\/hoerske.de\/blog\/wp-content\/uploads\/2016\/05\/seestadtfest_2016_05.jpg?w=557&#038;h=371&#038;ssl=1\" srcset=\"https:\/\/i0.wp.com\/hoerske.de\/blog\/wp-content\/uploads\/2016\/05\/seestadtfest_2016_05.jpg?w=800&amp;ssl=1 800w, https:\/\/i0.wp.com\/hoerske.de\/blog\/wp-content\/uploads\/2016\/05\/seestadtfest_2016_05.jpg?resize=300%2C200&amp;ssl=1 300w, https:\/\/i0.wp.com\/hoerske.de\/blog\/wp-content\/uploads\/2016\/05\/seestadtfest_2016_05.jpg?resize=768%2C512&amp;ssl=1 768w, https:\/\/i0.wp.com\/hoerske.de\/blog\/wp-content\/uploads\/2016\/05\/seestadtfest_2016_05.jpg?resize=272%2C182&amp;ssl=1 272w\" width=\"557\" height=\"371\" loading=\"lazy\" data-original-width=\"557\" data-original-height=\"371\" itemprop=\"http:\/\/schema.org\/image\" title=\"seestadtfest_2016_05\" alt=\"seestadtfest_2016_05\" style=\"width: 557px; height: 371px;\" \/> <\/a> <\/div> <\/div> <!-- close group --> <div class=\"gallery-group images-2\" style=\"width: 279px; height: 375px;\" data-original-width=\"279\" data-original-height=\"375\" > <div class=\"tiled-gallery-item tiled-gallery-item-large\" itemprop=\"associatedMedia\" itemscope itemtype=\"http:\/\/schema.org\/ImageObject\"> <a href=\"https:\/\/hoerske.de\/blog\/2016\/05\/seestadtfest-bremerhaven\/seestadtfest_2016_06\/\" border=\"0\" itemprop=\"url\"> <meta itemprop=\"width\" content=\"275\"> <meta itemprop=\"height\" content=\"184\"> <img decoding=\"async\" class=\"\" data-attachment-id=\"1327\" data-orig-file=\"https:\/\/hoerske.de\/blog\/wp-content\/uploads\/2016\/05\/seestadtfest_2016_06.jpg\" data-orig-size=\"800,533\" data-comments-opened=\"1\" data-image-meta=\"{&quot;aperture&quot;:&quot;5.6&quot;,&quot;credit&quot;:&quot;&quot;,&quot;camera&quot;:&quot;Canon EOS 1100D&quot;,&quot;caption&quot;:&quot;&quot;,&quot;created_timestamp&quot;:&quot;1464387151&quot;,&quot;copyright&quot;:&quot;&quot;,&quot;focal_length&quot;:&quot;55&quot;,&quot;iso&quot;:&quot;3200&quot;,&quot;shutter_speed&quot;:&quot;0.125&quot;,&quot;title&quot;:&quot;&quot;,&quot;orientation&quot;:&quot;1&quot;}\" data-image-title=\"seestadtfest_2016_06\" data-image-description=\"\" data-medium-file=\"https:\/\/i0.wp.com\/hoerske.de\/blog\/wp-content\/uploads\/2016\/05\/seestadtfest_2016_06.jpg?fit=300%2C200&#038;ssl=1\" data-large-file=\"https:\/\/i0.wp.com\/hoerske.de\/blog\/wp-content\/uploads\/2016\/05\/seestadtfest_2016_06.jpg?fit=800%2C533&#038;ssl=1\" src=\"https:\/\/i0.wp.com\/hoerske.de\/blog\/wp-content\/uploads\/2016\/05\/seestadtfest_2016_06.jpg?w=275&#038;h=184&#038;ssl=1\" srcset=\"https:\/\/i0.wp.com\/hoerske.de\/blog\/wp-content\/uploads\/2016\/05\/seestadtfest_2016_06.jpg?w=800&amp;ssl=1 800w, https:\/\/i0.wp.com\/hoerske.de\/blog\/wp-content\/uploads\/2016\/05\/seestadtfest_2016_06.jpg?resize=300%2C200&amp;ssl=1 300w, https:\/\/i0.wp.com\/hoerske.de\/blog\/wp-content\/uploads\/2016\/05\/seestadtfest_2016_06.jpg?resize=768%2C512&amp;ssl=1 768w, https:\/\/i0.wp.com\/hoerske.de\/blog\/wp-content\/uploads\/2016\/05\/seestadtfest_2016_06.jpg?resize=272%2C182&amp;ssl=1 272w\" width=\"275\" height=\"184\" loading=\"lazy\" data-original-width=\"275\" data-original-height=\"184\" itemprop=\"http:\/\/schema.org\/image\" title=\"seestadtfest_2016_06\" alt=\"seestadtfest_2016_06\" style=\"width: 275px; height: 184px;\" \/> <\/a> <\/div> <div class=\"tiled-gallery-item tiled-gallery-item-large\" itemprop=\"associatedMedia\" itemscope itemtype=\"http:\/\/schema.org\/ImageObject\"> <a href=\"https:\/\/hoerske.de\/blog\/2016\/05\/seestadtfest-bremerhaven\/seestadtfest_2016_09\/\" border=\"0\" itemprop=\"url\"> <meta itemprop=\"width\" content=\"275\"> <meta itemprop=\"height\" content=\"183\"> <img decoding=\"async\" class=\"\" data-attachment-id=\"1330\" data-orig-file=\"https:\/\/hoerske.de\/blog\/wp-content\/uploads\/2016\/05\/seestadtfest_2016_09.jpg\" data-orig-size=\"800,533\" data-comments-opened=\"1\" data-image-meta=\"{&quot;aperture&quot;:&quot;5.6&quot;,&quot;credit&quot;:&quot;&quot;,&quot;camera&quot;:&quot;Canon EOS 1100D&quot;,&quot;caption&quot;:&quot;&quot;,&quot;created_timestamp&quot;:&quot;1464387271&quot;,&quot;copyright&quot;:&quot;&quot;,&quot;focal_length&quot;:&quot;55&quot;,&quot;iso&quot;:&quot;3200&quot;,&quot;shutter_speed&quot;:&quot;0.16666666666667&quot;,&quot;title&quot;:&quot;&quot;,&quot;orientation&quot;:&quot;1&quot;}\" data-image-title=\"seestadtfest_2016_09\" data-image-description=\"\" data-medium-file=\"https:\/\/i0.wp.com\/hoerske.de\/blog\/wp-content\/uploads\/2016\/05\/seestadtfest_2016_09.jpg?fit=300%2C200&#038;ssl=1\" data-large-file=\"https:\/\/i0.wp.com\/hoerske.de\/blog\/wp-content\/uploads\/2016\/05\/seestadtfest_2016_09.jpg?fit=800%2C533&#038;ssl=1\" src=\"https:\/\/i0.wp.com\/hoerske.de\/blog\/wp-content\/uploads\/2016\/05\/seestadtfest_2016_09.jpg?w=275&#038;h=183&#038;ssl=1\" srcset=\"https:\/\/i0.wp.com\/hoerske.de\/blog\/wp-content\/uploads\/2016\/05\/seestadtfest_2016_09.jpg?w=800&amp;ssl=1 800w, https:\/\/i0.wp.com\/hoerske.de\/blog\/wp-content\/uploads\/2016\/05\/seestadtfest_2016_09.jpg?resize=300%2C200&amp;ssl=1 300w, https:\/\/i0.wp.com\/hoerske.de\/blog\/wp-content\/uploads\/2016\/05\/seestadtfest_2016_09.jpg?resize=768%2C512&amp;ssl=1 768w, https:\/\/i0.wp.com\/hoerske.de\/blog\/wp-content\/uploads\/2016\/05\/seestadtfest_2016_09.jpg?resize=272%2C182&amp;ssl=1 272w\" width=\"275\" height=\"183\" loading=\"lazy\" data-original-width=\"275\" data-original-height=\"183\" itemprop=\"http:\/\/schema.org\/image\" title=\"seestadtfest_2016_09\" alt=\"seestadtfest_2016_09\" style=\"width: 275px; height: 183px;\" \/> <\/a> <\/div> <\/div> <!-- close group --> <\/div> <!-- close row --> <div class=\"gallery-row\" style=\"width: 840px; height: 188px;\" data-original-width=\"840\" data-original-height=\"188\" > <div class=\"gallery-group images-1\" style=\"width: 280px; height: 188px;\" data-original-width=\"280\" data-original-height=\"188\" > <div class=\"tiled-gallery-item tiled-gallery-item-large\" itemprop=\"associatedMedia\" itemscope itemtype=\"http:\/\/schema.org\/ImageObject\"> <a href=\"https:\/\/hoerske.de\/blog\/2016\/05\/seestadtfest-bremerhaven\/seestadtfest_2016_03\/\" border=\"0\" itemprop=\"url\"> <meta itemprop=\"width\" content=\"276\"> <meta itemprop=\"height\" content=\"184\"> <img decoding=\"async\" class=\"\" data-attachment-id=\"1324\" data-orig-file=\"https:\/\/hoerske.de\/blog\/wp-content\/uploads\/2016\/05\/seestadtfest_2016_03.jpg\" data-orig-size=\"800,533\" data-comments-opened=\"1\" data-image-meta=\"{&quot;aperture&quot;:&quot;8&quot;,&quot;credit&quot;:&quot;&quot;,&quot;camera&quot;:&quot;Canon EOS 1100D&quot;,&quot;caption&quot;:&quot;&quot;,&quot;created_timestamp&quot;:&quot;1464376324&quot;,&quot;copyright&quot;:&quot;&quot;,&quot;focal_length&quot;:&quot;42&quot;,&quot;iso&quot;:&quot;100&quot;,&quot;shutter_speed&quot;:&quot;0.008&quot;,&quot;title&quot;:&quot;&quot;,&quot;orientation&quot;:&quot;1&quot;}\" data-image-title=\"seestadtfest_2016_03\" data-image-description=\"\" data-medium-file=\"https:\/\/i0.wp.com\/hoerske.de\/blog\/wp-content\/uploads\/2016\/05\/seestadtfest_2016_03.jpg?fit=300%2C200&#038;ssl=1\" data-large-file=\"https:\/\/i0.wp.com\/hoerske.de\/blog\/wp-content\/uploads\/2016\/05\/seestadtfest_2016_03.jpg?fit=800%2C533&#038;ssl=1\" src=\"https:\/\/i0.wp.com\/hoerske.de\/blog\/wp-content\/uploads\/2016\/05\/seestadtfest_2016_03.jpg?w=276&#038;h=184&#038;ssl=1\" srcset=\"https:\/\/i0.wp.com\/hoerske.de\/blog\/wp-content\/uploads\/2016\/05\/seestadtfest_2016_03.jpg?w=800&amp;ssl=1 800w, https:\/\/i0.wp.com\/hoerske.de\/blog\/wp-content\/uploads\/2016\/05\/seestadtfest_2016_03.jpg?resize=300%2C200&amp;ssl=1 300w, https:\/\/i0.wp.com\/hoerske.de\/blog\/wp-content\/uploads\/2016\/05\/seestadtfest_2016_03.jpg?resize=768%2C512&amp;ssl=1 768w, https:\/\/i0.wp.com\/hoerske.de\/blog\/wp-content\/uploads\/2016\/05\/seestadtfest_2016_03.jpg?resize=272%2C182&amp;ssl=1 272w\" width=\"276\" height=\"184\" loading=\"lazy\" data-original-width=\"276\" data-original-height=\"184\" itemprop=\"http:\/\/schema.org\/image\" title=\"seestadtfest_2016_03\" alt=\"seestadtfest_2016_03\" style=\"width: 276px; height: 184px;\" \/> <\/a> <\/div> <\/div> <!-- close group --> <div class=\"gallery-group images-1\" style=\"width: 280px; height: 188px;\" data-original-width=\"280\" data-original-height=\"188\" > <div class=\"tiled-gallery-item tiled-gallery-item-large\" itemprop=\"associatedMedia\" itemscope itemtype=\"http:\/\/schema.org\/ImageObject\"> <a href=\"https:\/\/hoerske.de\/blog\/2016\/05\/seestadtfest-bremerhaven\/seestadtfest_2016_07\/\" border=\"0\" itemprop=\"url\"> <meta itemprop=\"width\" content=\"276\"> <meta itemprop=\"height\" content=\"184\"> <img decoding=\"async\" class=\"\" data-attachment-id=\"1328\" data-orig-file=\"https:\/\/hoerske.de\/blog\/wp-content\/uploads\/2016\/05\/seestadtfest_2016_07.jpg\" data-orig-size=\"800,533\" data-comments-opened=\"1\" data-image-meta=\"{&quot;aperture&quot;:&quot;5.6&quot;,&quot;credit&quot;:&quot;&quot;,&quot;camera&quot;:&quot;Canon EOS 1100D&quot;,&quot;caption&quot;:&quot;&quot;,&quot;created_timestamp&quot;:&quot;1464387162&quot;,&quot;copyright&quot;:&quot;&quot;,&quot;focal_length&quot;:&quot;55&quot;,&quot;iso&quot;:&quot;3200&quot;,&quot;shutter_speed&quot;:&quot;0.125&quot;,&quot;title&quot;:&quot;&quot;,&quot;orientation&quot;:&quot;1&quot;}\" data-image-title=\"seestadtfest_2016_07\" data-image-description=\"\" data-medium-file=\"https:\/\/i0.wp.com\/hoerske.de\/blog\/wp-content\/uploads\/2016\/05\/seestadtfest_2016_07.jpg?fit=300%2C200&#038;ssl=1\" data-large-file=\"https:\/\/i0.wp.com\/hoerske.de\/blog\/wp-content\/uploads\/2016\/05\/seestadtfest_2016_07.jpg?fit=800%2C533&#038;ssl=1\" src=\"https:\/\/i0.wp.com\/hoerske.de\/blog\/wp-content\/uploads\/2016\/05\/seestadtfest_2016_07.jpg?w=276&#038;h=184&#038;ssl=1\" srcset=\"https:\/\/i0.wp.com\/hoerske.de\/blog\/wp-content\/uploads\/2016\/05\/seestadtfest_2016_07.jpg?w=800&amp;ssl=1 800w, https:\/\/i0.wp.com\/hoerske.de\/blog\/wp-content\/uploads\/2016\/05\/seestadtfest_2016_07.jpg?resize=300%2C200&amp;ssl=1 300w, https:\/\/i0.wp.com\/hoerske.de\/blog\/wp-content\/uploads\/2016\/05\/seestadtfest_2016_07.jpg?resize=768%2C512&amp;ssl=1 768w, https:\/\/i0.wp.com\/hoerske.de\/blog\/wp-content\/uploads\/2016\/05\/seestadtfest_2016_07.jpg?resize=272%2C182&amp;ssl=1 272w\" width=\"276\" height=\"184\" loading=\"lazy\" data-original-width=\"276\" data-original-height=\"184\" itemprop=\"http:\/\/schema.org\/image\" title=\"seestadtfest_2016_07\" alt=\"seestadtfest_2016_07\" style=\"width: 276px; height: 184px;\" \/> <\/a> <\/div> <\/div> <!-- close group --> <div class=\"gallery-group images-1\" style=\"width: 280px; height: 188px;\" data-original-width=\"280\" data-original-height=\"188\" > <div class=\"tiled-gallery-item tiled-gallery-item-large\" itemprop=\"associatedMedia\" itemscope itemtype=\"http:\/\/schema.org\/ImageObject\"> <a href=\"https:\/\/hoerske.de\/blog\/2016\/05\/seestadtfest-bremerhaven\/seestadtfest_2016_14\/\" border=\"0\" itemprop=\"url\"> <meta itemprop=\"width\" content=\"276\"> <meta itemprop=\"height\" content=\"184\"> <img decoding=\"async\" class=\"\" data-attachment-id=\"1335\" data-orig-file=\"https:\/\/hoerske.de\/blog\/wp-content\/uploads\/2016\/05\/seestadtfest_2016_14.jpg\" data-orig-size=\"800,533\" data-comments-opened=\"1\" data-image-meta=\"{&quot;aperture&quot;:&quot;10&quot;,&quot;credit&quot;:&quot;&quot;,&quot;camera&quot;:&quot;Canon EOS 1100D&quot;,&quot;caption&quot;:&quot;&quot;,&quot;created_timestamp&quot;:&quot;1464443409&quot;,&quot;copyright&quot;:&quot;&quot;,&quot;focal_length&quot;:&quot;42&quot;,&quot;iso&quot;:&quot;100&quot;,&quot;shutter_speed&quot;:&quot;0.005&quot;,&quot;title&quot;:&quot;&quot;,&quot;orientation&quot;:&quot;1&quot;}\" data-image-title=\"seestadtfest_2016_14\" data-image-description=\"\" data-medium-file=\"https:\/\/i0.wp.com\/hoerske.de\/blog\/wp-content\/uploads\/2016\/05\/seestadtfest_2016_14.jpg?fit=300%2C200&#038;ssl=1\" data-large-file=\"https:\/\/i0.wp.com\/hoerske.de\/blog\/wp-content\/uploads\/2016\/05\/seestadtfest_2016_14.jpg?fit=800%2C533&#038;ssl=1\" src=\"https:\/\/i0.wp.com\/hoerske.de\/blog\/wp-content\/uploads\/2016\/05\/seestadtfest_2016_14.jpg?w=276&#038;h=184&#038;ssl=1\" srcset=\"https:\/\/i0.wp.com\/hoerske.de\/blog\/wp-content\/uploads\/2016\/05\/seestadtfest_2016_14.jpg?w=800&amp;ssl=1 800w, https:\/\/i0.wp.com\/hoerske.de\/blog\/wp-content\/uploads\/2016\/05\/seestadtfest_2016_14.jpg?resize=300%2C200&amp;ssl=1 300w, https:\/\/i0.wp.com\/hoerske.de\/blog\/wp-content\/uploads\/2016\/05\/seestadtfest_2016_14.jpg?resize=768%2C512&amp;ssl=1 768w, https:\/\/i0.wp.com\/hoerske.de\/blog\/wp-content\/uploads\/2016\/05\/seestadtfest_2016_14.jpg?resize=272%2C182&amp;ssl=1 272w\" width=\"276\" height=\"184\" loading=\"lazy\" data-original-width=\"276\" data-original-height=\"184\" itemprop=\"http:\/\/schema.org\/image\" title=\"seestadtfest_2016_14\" alt=\"seestadtfest_2016_14\" style=\"width: 276px; height: 184px;\" \/> <\/a> <\/div> <\/div> <!-- close group --> <\/div> <!-- close row --> <div class=\"gallery-row\" style=\"width: 840px; height: 375px;\" data-original-width=\"840\" data-original-height=\"375\" > <div class=\"gallery-group images-2\" style=\"width: 279px; height: 375px;\" data-original-width=\"279\" data-original-height=\"375\" > <div class=\"tiled-gallery-item tiled-gallery-item-large\" itemprop=\"associatedMedia\" itemscope itemtype=\"http:\/\/schema.org\/ImageObject\"> <a href=\"https:\/\/hoerske.de\/blog\/2016\/05\/seestadtfest-bremerhaven\/seestadtfest_2016_12\/\" border=\"0\" itemprop=\"url\"> <meta itemprop=\"width\" content=\"275\"> <meta itemprop=\"height\" content=\"184\"> <img decoding=\"async\" class=\"\" data-attachment-id=\"1333\" data-orig-file=\"https:\/\/hoerske.de\/blog\/wp-content\/uploads\/2016\/05\/seestadtfest_2016_12.jpg\" data-orig-size=\"800,533\" data-comments-opened=\"1\" data-image-meta=\"{&quot;aperture&quot;:&quot;5.6&quot;,&quot;credit&quot;:&quot;&quot;,&quot;camera&quot;:&quot;Canon EOS 1100D&quot;,&quot;caption&quot;:&quot;&quot;,&quot;created_timestamp&quot;:&quot;1464387524&quot;,&quot;copyright&quot;:&quot;&quot;,&quot;focal_length&quot;:&quot;55&quot;,&quot;iso&quot;:&quot;3200&quot;,&quot;shutter_speed&quot;:&quot;0.16666666666667&quot;,&quot;title&quot;:&quot;&quot;,&quot;orientation&quot;:&quot;1&quot;}\" data-image-title=\"seestadtfest_2016_12\" data-image-description=\"\" data-medium-file=\"https:\/\/i0.wp.com\/hoerske.de\/blog\/wp-content\/uploads\/2016\/05\/seestadtfest_2016_12.jpg?fit=300%2C200&#038;ssl=1\" data-large-file=\"https:\/\/i0.wp.com\/hoerske.de\/blog\/wp-content\/uploads\/2016\/05\/seestadtfest_2016_12.jpg?fit=800%2C533&#038;ssl=1\" src=\"https:\/\/i0.wp.com\/hoerske.de\/blog\/wp-content\/uploads\/2016\/05\/seestadtfest_2016_12.jpg?w=275&#038;h=184&#038;ssl=1\" srcset=\"https:\/\/i0.wp.com\/hoerske.de\/blog\/wp-content\/uploads\/2016\/05\/seestadtfest_2016_12.jpg?w=800&amp;ssl=1 800w, https:\/\/i0.wp.com\/hoerske.de\/blog\/wp-content\/uploads\/2016\/05\/seestadtfest_2016_12.jpg?resize=300%2C200&amp;ssl=1 300w, https:\/\/i0.wp.com\/hoerske.de\/blog\/wp-content\/uploads\/2016\/05\/seestadtfest_2016_12.jpg?resize=768%2C512&amp;ssl=1 768w, https:\/\/i0.wp.com\/hoerske.de\/blog\/wp-content\/uploads\/2016\/05\/seestadtfest_2016_12.jpg?resize=272%2C182&amp;ssl=1 272w\" width=\"275\" height=\"184\" loading=\"lazy\" data-original-width=\"275\" data-original-height=\"184\" itemprop=\"http:\/\/schema.org\/image\" title=\"seestadtfest_2016_12\" alt=\"seestadtfest_2016_12\" style=\"width: 275px; height: 184px;\" \/> <\/a> <\/div> <div class=\"tiled-gallery-item tiled-gallery-item-large\" itemprop=\"associatedMedia\" itemscope itemtype=\"http:\/\/schema.org\/ImageObject\"> <a href=\"https:\/\/hoerske.de\/blog\/2016\/05\/seestadtfest-bremerhaven\/seestadtfest_2016_13\/\" border=\"0\" itemprop=\"url\"> <meta itemprop=\"width\" content=\"275\"> <meta itemprop=\"height\" content=\"183\"> <img decoding=\"async\" class=\"\" data-attachment-id=\"1334\" data-orig-file=\"https:\/\/hoerske.de\/blog\/wp-content\/uploads\/2016\/05\/seestadtfest_2016_13.jpg\" data-orig-size=\"800,533\" data-comments-opened=\"1\" data-image-meta=\"{&quot;aperture&quot;:&quot;11&quot;,&quot;credit&quot;:&quot;&quot;,&quot;camera&quot;:&quot;Canon EOS 1100D&quot;,&quot;caption&quot;:&quot;&quot;,&quot;created_timestamp&quot;:&quot;1464441712&quot;,&quot;copyright&quot;:&quot;&quot;,&quot;focal_length&quot;:&quot;44&quot;,&quot;iso&quot;:&quot;100&quot;,&quot;shutter_speed&quot;:&quot;0.004&quot;,&quot;title&quot;:&quot;&quot;,&quot;orientation&quot;:&quot;1&quot;}\" data-image-title=\"seestadtfest_2016_13\" data-image-description=\"\" data-medium-file=\"https:\/\/i0.wp.com\/hoerske.de\/blog\/wp-content\/uploads\/2016\/05\/seestadtfest_2016_13.jpg?fit=300%2C200&#038;ssl=1\" data-large-file=\"https:\/\/i0.wp.com\/hoerske.de\/blog\/wp-content\/uploads\/2016\/05\/seestadtfest_2016_13.jpg?fit=800%2C533&#038;ssl=1\" src=\"https:\/\/i0.wp.com\/hoerske.de\/blog\/wp-content\/uploads\/2016\/05\/seestadtfest_2016_13.jpg?w=275&#038;h=183&#038;ssl=1\" srcset=\"https:\/\/i0.wp.com\/hoerske.de\/blog\/wp-content\/uploads\/2016\/05\/seestadtfest_2016_13.jpg?w=800&amp;ssl=1 800w, https:\/\/i0.wp.com\/hoerske.de\/blog\/wp-content\/uploads\/2016\/05\/seestadtfest_2016_13.jpg?resize=300%2C200&amp;ssl=1 300w, https:\/\/i0.wp.com\/hoerske.de\/blog\/wp-content\/uploads\/2016\/05\/seestadtfest_2016_13.jpg?resize=768%2C512&amp;ssl=1 768w, https:\/\/i0.wp.com\/hoerske.de\/blog\/wp-content\/uploads\/2016\/05\/seestadtfest_2016_13.jpg?resize=272%2C182&amp;ssl=1 272w\" width=\"275\" height=\"183\" loading=\"lazy\" data-original-width=\"275\" data-original-height=\"183\" itemprop=\"http:\/\/schema.org\/image\" title=\"seestadtfest_2016_13\" alt=\"seestadtfest_2016_13\" style=\"width: 275px; height: 183px;\" \/> <\/a> <\/div> <\/div> <!-- close group --> <div class=\"gallery-group images-1\" style=\"width: 561px; height: 375px;\" data-original-width=\"561\" data-original-height=\"375\" > <div class=\"tiled-gallery-item tiled-gallery-item-large\" itemprop=\"associatedMedia\" itemscope itemtype=\"http:\/\/schema.org\/ImageObject\"> <a href=\"https:\/\/hoerske.de\/blog\/2016\/05\/seestadtfest-bremerhaven\/seestadtfest_2016_08\/\" border=\"0\" itemprop=\"url\"> <meta itemprop=\"width\" content=\"557\"> <meta itemprop=\"height\" content=\"371\"> <img decoding=\"async\" class=\"\" data-attachment-id=\"1329\" data-orig-file=\"https:\/\/hoerske.de\/blog\/wp-content\/uploads\/2016\/05\/seestadtfest_2016_08.jpg\" data-orig-size=\"800,533\" data-comments-opened=\"1\" data-image-meta=\"{&quot;aperture&quot;:&quot;5.6&quot;,&quot;credit&quot;:&quot;&quot;,&quot;camera&quot;:&quot;Canon EOS 1100D&quot;,&quot;caption&quot;:&quot;&quot;,&quot;created_timestamp&quot;:&quot;1464387239&quot;,&quot;copyright&quot;:&quot;&quot;,&quot;focal_length&quot;:&quot;55&quot;,&quot;iso&quot;:&quot;3200&quot;,&quot;shutter_speed&quot;:&quot;0.125&quot;,&quot;title&quot;:&quot;&quot;,&quot;orientation&quot;:&quot;1&quot;}\" data-image-title=\"seestadtfest_2016_08\" data-image-description=\"\" data-medium-file=\"https:\/\/i0.wp.com\/hoerske.de\/blog\/wp-content\/uploads\/2016\/05\/seestadtfest_2016_08.jpg?fit=300%2C200&#038;ssl=1\" data-large-file=\"https:\/\/i0.wp.com\/hoerske.de\/blog\/wp-content\/uploads\/2016\/05\/seestadtfest_2016_08.jpg?fit=800%2C533&#038;ssl=1\" src=\"https:\/\/i0.wp.com\/hoerske.de\/blog\/wp-content\/uploads\/2016\/05\/seestadtfest_2016_08.jpg?w=557&#038;h=371&#038;ssl=1\" srcset=\"https:\/\/i0.wp.com\/hoerske.de\/blog\/wp-content\/uploads\/2016\/05\/seestadtfest_2016_08.jpg?w=800&amp;ssl=1 800w, https:\/\/i0.wp.com\/hoerske.de\/blog\/wp-content\/uploads\/2016\/05\/seestadtfest_2016_08.jpg?resize=300%2C200&amp;ssl=1 300w, https:\/\/i0.wp.com\/hoerske.de\/blog\/wp-content\/uploads\/2016\/05\/seestadtfest_2016_08.jpg?resize=768%2C512&amp;ssl=1 768w, https:\/\/i0.wp.com\/hoerske.de\/blog\/wp-content\/uploads\/2016\/05\/seestadtfest_2016_08.jpg?resize=272%2C182&amp;ssl=1 272w\" width=\"557\" height=\"371\" loading=\"lazy\" data-original-width=\"557\" data-original-height=\"371\" itemprop=\"http:\/\/schema.org\/image\" title=\"seestadtfest_2016_08\" alt=\"seestadtfest_2016_08\" style=\"width: 557px; height: 371px;\" \/> <\/a> <\/div> <\/div> <!-- close group --> <\/div> <!-- close row --> <div class=\"gallery-row\" style=\"width: 840px; height: 281px;\" data-original-width=\"840\" data-original-height=\"281\" > <div class=\"gallery-group images-1\" style=\"width: 420px; height: 281px;\" data-original-width=\"420\" data-original-height=\"281\" > <div class=\"tiled-gallery-item tiled-gallery-item-large\" itemprop=\"associatedMedia\" itemscope itemtype=\"http:\/\/schema.org\/ImageObject\"> <a href=\"https:\/\/hoerske.de\/blog\/2016\/05\/seestadtfest-bremerhaven\/seestadtfest_2016_11\/\" border=\"0\" itemprop=\"url\"> <meta itemprop=\"width\" content=\"416\"> <meta itemprop=\"height\" content=\"277\"> <img decoding=\"async\" class=\"\" data-attachment-id=\"1332\" data-orig-file=\"https:\/\/hoerske.de\/blog\/wp-content\/uploads\/2016\/05\/seestadtfest_2016_11.jpg\" data-orig-size=\"800,533\" data-comments-opened=\"1\" data-image-meta=\"{&quot;aperture&quot;:&quot;5.6&quot;,&quot;credit&quot;:&quot;&quot;,&quot;camera&quot;:&quot;Canon EOS 1100D&quot;,&quot;caption&quot;:&quot;&quot;,&quot;created_timestamp&quot;:&quot;1464387399&quot;,&quot;copyright&quot;:&quot;&quot;,&quot;focal_length&quot;:&quot;55&quot;,&quot;iso&quot;:&quot;3200&quot;,&quot;shutter_speed&quot;:&quot;0.125&quot;,&quot;title&quot;:&quot;&quot;,&quot;orientation&quot;:&quot;1&quot;}\" data-image-title=\"seestadtfest_2016_11\" data-image-description=\"\" data-medium-file=\"https:\/\/i0.wp.com\/hoerske.de\/blog\/wp-content\/uploads\/2016\/05\/seestadtfest_2016_11.jpg?fit=300%2C200&#038;ssl=1\" data-large-file=\"https:\/\/i0.wp.com\/hoerske.de\/blog\/wp-content\/uploads\/2016\/05\/seestadtfest_2016_11.jpg?fit=800%2C533&#038;ssl=1\" src=\"https:\/\/i0.wp.com\/hoerske.de\/blog\/wp-content\/uploads\/2016\/05\/seestadtfest_2016_11.jpg?w=416&#038;h=277&#038;ssl=1\" srcset=\"https:\/\/i0.wp.com\/hoerske.de\/blog\/wp-content\/uploads\/2016\/05\/seestadtfest_2016_11.jpg?w=800&amp;ssl=1 800w, https:\/\/i0.wp.com\/hoerske.de\/blog\/wp-content\/uploads\/2016\/05\/seestadtfest_2016_11.jpg?resize=300%2C200&amp;ssl=1 300w, https:\/\/i0.wp.com\/hoerske.de\/blog\/wp-content\/uploads\/2016\/05\/seestadtfest_2016_11.jpg?resize=768%2C512&amp;ssl=1 768w, https:\/\/i0.wp.com\/hoerske.de\/blog\/wp-content\/uploads\/2016\/05\/seestadtfest_2016_11.jpg?resize=272%2C182&amp;ssl=1 272w\" width=\"416\" height=\"277\" loading=\"lazy\" data-original-width=\"416\" data-original-height=\"277\" itemprop=\"http:\/\/schema.org\/image\" title=\"seestadtfest_2016_11\" alt=\"seestadtfest_2016_11\" style=\"width: 416px; height: 277px;\" \/> <\/a> <\/div> <\/div> <!-- close group --> <div class=\"gallery-group images-1\" style=\"width: 420px; height: 281px;\" data-original-width=\"420\" data-original-height=\"281\" > <div class=\"tiled-gallery-item tiled-gallery-item-large\" itemprop=\"associatedMedia\" itemscope itemtype=\"http:\/\/schema.org\/ImageObject\"> <a href=\"https:\/\/hoerske.de\/blog\/2016\/05\/seestadtfest-bremerhaven\/seestadtfest_2016_10\/\" border=\"0\" itemprop=\"url\"> <meta itemprop=\"width\" content=\"416\"> <meta itemprop=\"height\" content=\"277\"> <img decoding=\"async\" class=\"\" data-attachment-id=\"1331\" data-orig-file=\"https:\/\/hoerske.de\/blog\/wp-content\/uploads\/2016\/05\/seestadtfest_2016_10.jpg\" data-orig-size=\"800,533\" data-comments-opened=\"1\" data-image-meta=\"{&quot;aperture&quot;:&quot;5.6&quot;,&quot;credit&quot;:&quot;&quot;,&quot;camera&quot;:&quot;Canon EOS 1100D&quot;,&quot;caption&quot;:&quot;&quot;,&quot;created_timestamp&quot;:&quot;1464387309&quot;,&quot;copyright&quot;:&quot;&quot;,&quot;focal_length&quot;:&quot;55&quot;,&quot;iso&quot;:&quot;3200&quot;,&quot;shutter_speed&quot;:&quot;0.2&quot;,&quot;title&quot;:&quot;&quot;,&quot;orientation&quot;:&quot;1&quot;}\" data-image-title=\"seestadtfest_2016_10\" data-image-description=\"\" data-medium-file=\"https:\/\/i0.wp.com\/hoerske.de\/blog\/wp-content\/uploads\/2016\/05\/seestadtfest_2016_10.jpg?fit=300%2C200&#038;ssl=1\" data-large-file=\"https:\/\/i0.wp.com\/hoerske.de\/blog\/wp-content\/uploads\/2016\/05\/seestadtfest_2016_10.jpg?fit=800%2C533&#038;ssl=1\" src=\"https:\/\/i0.wp.com\/hoerske.de\/blog\/wp-content\/uploads\/2016\/05\/seestadtfest_2016_10.jpg?w=416&#038;h=277&#038;ssl=1\" srcset=\"https:\/\/i0.wp.com\/hoerske.de\/blog\/wp-content\/uploads\/2016\/05\/seestadtfest_2016_10.jpg?w=800&amp;ssl=1 800w, https:\/\/i0.wp.com\/hoerske.de\/blog\/wp-content\/uploads\/2016\/05\/seestadtfest_2016_10.jpg?resize=300%2C200&amp;ssl=1 300w, https:\/\/i0.wp.com\/hoerske.de\/blog\/wp-content\/uploads\/2016\/05\/seestadtfest_2016_10.jpg?resize=768%2C512&amp;ssl=1 768w, https:\/\/i0.wp.com\/hoerske.de\/blog\/wp-content\/uploads\/2016\/05\/seestadtfest_2016_10.jpg?resize=272%2C182&amp;ssl=1 272w\" width=\"416\" height=\"277\" loading=\"lazy\" data-original-width=\"416\" data-original-height=\"277\" itemprop=\"http:\/\/schema.org\/image\" title=\"seestadtfest_2016_10\" alt=\"seestadtfest_2016_10\" style=\"width: 416px; height: 277px;\" \/> <\/a> <\/div> <\/div> <!-- close group --> <\/div> <!-- close row --> <div class=\"gallery-row\" style=\"width: 840px; height: 721px;\" data-original-width=\"840\" data-original-height=\"721\" > <div class=\"gallery-group images-1\" style=\"width: 481px; height: 721px;\" data-original-width=\"481\" data-original-height=\"721\" > <div class=\"tiled-gallery-item tiled-gallery-item-large\" itemprop=\"associatedMedia\" itemscope itemtype=\"http:\/\/schema.org\/ImageObject\"> <a href=\"https:\/\/hoerske.de\/blog\/2016\/05\/seestadtfest-bremerhaven\/seestadtfest_2016_02\/\" border=\"0\" itemprop=\"url\"> <meta itemprop=\"width\" content=\"477\"> <meta itemprop=\"height\" content=\"717\"> <img decoding=\"async\" class=\"\" data-attachment-id=\"1323\" data-orig-file=\"https:\/\/hoerske.de\/blog\/wp-content\/uploads\/2016\/05\/seestadtfest_2016_02.jpg\" data-orig-size=\"800,1202\" data-comments-opened=\"1\" data-image-meta=\"{&quot;aperture&quot;:&quot;9&quot;,&quot;credit&quot;:&quot;&quot;,&quot;camera&quot;:&quot;Canon EOS 1100D&quot;,&quot;caption&quot;:&quot;&quot;,&quot;created_timestamp&quot;:&quot;1464376215&quot;,&quot;copyright&quot;:&quot;&quot;,&quot;focal_length&quot;:&quot;55&quot;,&quot;iso&quot;:&quot;100&quot;,&quot;shutter_speed&quot;:&quot;0.005&quot;,&quot;title&quot;:&quot;&quot;,&quot;orientation&quot;:&quot;1&quot;}\" data-image-title=\"seestadtfest_2016_02\" data-image-description=\"\" data-medium-file=\"https:\/\/i0.wp.com\/hoerske.de\/blog\/wp-content\/uploads\/2016\/05\/seestadtfest_2016_02.jpg?fit=200%2C300&#038;ssl=1\" data-large-file=\"https:\/\/i0.wp.com\/hoerske.de\/blog\/wp-content\/uploads\/2016\/05\/seestadtfest_2016_02.jpg?fit=682%2C1024&#038;ssl=1\" src=\"https:\/\/i0.wp.com\/hoerske.de\/blog\/wp-content\/uploads\/2016\/05\/seestadtfest_2016_02.jpg?w=477&#038;h=717&#038;ssl=1\" srcset=\"https:\/\/i0.wp.com\/hoerske.de\/blog\/wp-content\/uploads\/2016\/05\/seestadtfest_2016_02.jpg?w=800&amp;ssl=1 800w, https:\/\/i0.wp.com\/hoerske.de\/blog\/wp-content\/uploads\/2016\/05\/seestadtfest_2016_02.jpg?resize=200%2C300&amp;ssl=1 200w, https:\/\/i0.wp.com\/hoerske.de\/blog\/wp-content\/uploads\/2016\/05\/seestadtfest_2016_02.jpg?resize=768%2C1154&amp;ssl=1 768w, https:\/\/i0.wp.com\/hoerske.de\/blog\/wp-content\/uploads\/2016\/05\/seestadtfest_2016_02.jpg?resize=682%2C1024&amp;ssl=1 682w\" width=\"477\" height=\"717\" loading=\"lazy\" data-original-width=\"477\" data-original-height=\"717\" itemprop=\"http:\/\/schema.org\/image\" title=\"seestadtfest_2016_02\" alt=\"seestadtfest_2016_02\" style=\"width: 477px; height: 717px;\" \/> <\/a> <\/div> <\/div> <!-- close group --> <div class=\"gallery-group images-3\" style=\"width: 359px; height: 721px;\" data-original-width=\"359\" data-original-height=\"721\" > <div class=\"tiled-gallery-item tiled-gallery-item-large\" itemprop=\"associatedMedia\" itemscope itemtype=\"http:\/\/schema.org\/ImageObject\"> <a href=\"https:\/\/hoerske.de\/blog\/2016\/05\/seestadtfest-bremerhaven\/seestadtfest_2016_04\/\" border=\"0\" itemprop=\"url\"> <meta itemprop=\"width\" content=\"355\"> <meta itemprop=\"height\" content=\"237\"> <img decoding=\"async\" class=\"\" data-attachment-id=\"1325\" data-orig-file=\"https:\/\/hoerske.de\/blog\/wp-content\/uploads\/2016\/05\/seestadtfest_2016_04.jpg\" data-orig-size=\"800,533\" data-comments-opened=\"1\" data-image-meta=\"{&quot;aperture&quot;:&quot;11&quot;,&quot;credit&quot;:&quot;&quot;,&quot;camera&quot;:&quot;Canon EOS 1100D&quot;,&quot;caption&quot;:&quot;&quot;,&quot;created_timestamp&quot;:&quot;1464376389&quot;,&quot;copyright&quot;:&quot;&quot;,&quot;focal_length&quot;:&quot;18&quot;,&quot;iso&quot;:&quot;100&quot;,&quot;shutter_speed&quot;:&quot;0.008&quot;,&quot;title&quot;:&quot;&quot;,&quot;orientation&quot;:&quot;1&quot;}\" data-image-title=\"seestadtfest_2016_04\" data-image-description=\"\" data-medium-file=\"https:\/\/i0.wp.com\/hoerske.de\/blog\/wp-content\/uploads\/2016\/05\/seestadtfest_2016_04.jpg?fit=300%2C200&#038;ssl=1\" data-large-file=\"https:\/\/i0.wp.com\/hoerske.de\/blog\/wp-content\/uploads\/2016\/05\/seestadtfest_2016_04.jpg?fit=800%2C533&#038;ssl=1\" src=\"https:\/\/i0.wp.com\/hoerske.de\/blog\/wp-content\/uploads\/2016\/05\/seestadtfest_2016_04.jpg?w=355&#038;h=237&#038;ssl=1\" srcset=\"https:\/\/i0.wp.com\/hoerske.de\/blog\/wp-content\/uploads\/2016\/05\/seestadtfest_2016_04.jpg?w=800&amp;ssl=1 800w, https:\/\/i0.wp.com\/hoerske.de\/blog\/wp-content\/uploads\/2016\/05\/seestadtfest_2016_04.jpg?resize=300%2C200&amp;ssl=1 300w, https:\/\/i0.wp.com\/hoerske.de\/blog\/wp-content\/uploads\/2016\/05\/seestadtfest_2016_04.jpg?resize=768%2C512&amp;ssl=1 768w, https:\/\/i0.wp.com\/hoerske.de\/blog\/wp-content\/uploads\/2016\/05\/seestadtfest_2016_04.jpg?resize=272%2C182&amp;ssl=1 272w\" width=\"355\" height=\"237\" loading=\"lazy\" data-original-width=\"355\" data-original-height=\"237\" itemprop=\"http:\/\/schema.org\/image\" title=\"seestadtfest_2016_04\" alt=\"seestadtfest_2016_04\" style=\"width: 355px; height: 237px;\" \/> <\/a> <\/div> <div class=\"tiled-gallery-item tiled-gallery-item-large\" itemprop=\"associatedMedia\" itemscope itemtype=\"http:\/\/schema.org\/ImageObject\"> <a href=\"https:\/\/hoerske.de\/blog\/2016\/05\/seestadtfest-bremerhaven\/seestadtfest_2016_15\/\" border=\"0\" itemprop=\"url\"> <meta itemprop=\"width\" content=\"355\"> <meta itemprop=\"height\" content=\"236\"> <img decoding=\"async\" class=\"\" data-attachment-id=\"1336\" data-orig-file=\"https:\/\/hoerske.de\/blog\/wp-content\/uploads\/2016\/05\/seestadtfest_2016_15.jpg\" data-orig-size=\"800,533\" data-comments-opened=\"1\" data-image-meta=\"{&quot;aperture&quot;:&quot;5.6&quot;,&quot;credit&quot;:&quot;&quot;,&quot;camera&quot;:&quot;Canon EOS 1100D&quot;,&quot;caption&quot;:&quot;&quot;,&quot;created_timestamp&quot;:&quot;1464475086&quot;,&quot;copyright&quot;:&quot;&quot;,&quot;focal_length&quot;:&quot;55&quot;,&quot;iso&quot;:&quot;6400&quot;,&quot;shutter_speed&quot;:&quot;0.16666666666667&quot;,&quot;title&quot;:&quot;&quot;,&quot;orientation&quot;:&quot;1&quot;}\" data-image-title=\"seestadtfest_2016_15\" data-image-description=\"\" data-medium-file=\"https:\/\/i0.wp.com\/hoerske.de\/blog\/wp-content\/uploads\/2016\/05\/seestadtfest_2016_15.jpg?fit=300%2C200&#038;ssl=1\" data-large-file=\"https:\/\/i0.wp.com\/hoerske.de\/blog\/wp-content\/uploads\/2016\/05\/seestadtfest_2016_15.jpg?fit=800%2C533&#038;ssl=1\" src=\"https:\/\/i0.wp.com\/hoerske.de\/blog\/wp-content\/uploads\/2016\/05\/seestadtfest_2016_15.jpg?w=355&#038;h=236&#038;ssl=1\" srcset=\"https:\/\/i0.wp.com\/hoerske.de\/blog\/wp-content\/uploads\/2016\/05\/seestadtfest_2016_15.jpg?w=800&amp;ssl=1 800w, https:\/\/i0.wp.com\/hoerske.de\/blog\/wp-content\/uploads\/2016\/05\/seestadtfest_2016_15.jpg?resize=300%2C200&amp;ssl=1 300w, https:\/\/i0.wp.com\/hoerske.de\/blog\/wp-content\/uploads\/2016\/05\/seestadtfest_2016_15.jpg?resize=768%2C512&amp;ssl=1 768w, https:\/\/i0.wp.com\/hoerske.de\/blog\/wp-content\/uploads\/2016\/05\/seestadtfest_2016_15.jpg?resize=272%2C182&amp;ssl=1 272w\" width=\"355\" height=\"236\" loading=\"lazy\" data-original-width=\"355\" data-original-height=\"236\" itemprop=\"http:\/\/schema.org\/image\" title=\"seestadtfest_2016_15\" alt=\"seestadtfest_2016_15\" style=\"width: 355px; height: 236px;\" \/> <\/a> <\/div> <div class=\"tiled-gallery-item tiled-gallery-item-large\" itemprop=\"associatedMedia\" itemscope itemtype=\"http:\/\/schema.org\/ImageObject\"> <a href=\"https:\/\/hoerske.de\/blog\/2016\/05\/seestadtfest-bremerhaven\/seestadtfest_2016_01\/\" border=\"0\" itemprop=\"url\"> <meta itemprop=\"width\" content=\"355\"> <meta itemprop=\"height\" content=\"236\"> <img decoding=\"async\" class=\"\" data-attachment-id=\"1322\" data-orig-file=\"https:\/\/hoerske.de\/blog\/wp-content\/uploads\/2016\/05\/seestadtfest_2016_01.jpg\" data-orig-size=\"800,533\" data-comments-opened=\"1\" data-image-meta=\"{&quot;aperture&quot;:&quot;5&quot;,&quot;credit&quot;:&quot;&quot;,&quot;camera&quot;:&quot;Canon EOS 1100D&quot;,&quot;caption&quot;:&quot;&quot;,&quot;created_timestamp&quot;:&quot;1464475675&quot;,&quot;copyright&quot;:&quot;&quot;,&quot;focal_length&quot;:&quot;41&quot;,&quot;iso&quot;:&quot;6400&quot;,&quot;shutter_speed&quot;:&quot;0.1&quot;,&quot;title&quot;:&quot;&quot;,&quot;orientation&quot;:&quot;1&quot;}\" data-image-title=\"seestadtfest_2016_01\" data-image-description=\"\" data-medium-file=\"https:\/\/i0.wp.com\/hoerske.de\/blog\/wp-content\/uploads\/2016\/05\/seestadtfest_2016_01.jpg?fit=300%2C200&#038;ssl=1\" data-large-file=\"https:\/\/i0.wp.com\/hoerske.de\/blog\/wp-content\/uploads\/2016\/05\/seestadtfest_2016_01.jpg?fit=800%2C533&#038;ssl=1\" src=\"https:\/\/i0.wp.com\/hoerske.de\/blog\/wp-content\/uploads\/2016\/05\/seestadtfest_2016_01.jpg?w=355&#038;h=236&#038;ssl=1\" srcset=\"https:\/\/i0.wp.com\/hoerske.de\/blog\/wp-content\/uploads\/2016\/05\/seestadtfest_2016_01.jpg?w=800&amp;ssl=1 800w, https:\/\/i0.wp.com\/hoerske.de\/blog\/wp-content\/uploads\/2016\/05\/seestadtfest_2016_01.jpg?resize=300%2C200&amp;ssl=1 300w, https:\/\/i0.wp.com\/hoerske.de\/blog\/wp-content\/uploads\/2016\/05\/seestadtfest_2016_01.jpg?resize=768%2C512&amp;ssl=1 768w, https:\/\/i0.wp.com\/hoerske.de\/blog\/wp-content\/uploads\/2016\/05\/seestadtfest_2016_01.jpg?resize=272%2C182&amp;ssl=1 272w\" width=\"355\" height=\"236\" loading=\"lazy\" data-original-width=\"355\" data-original-height=\"236\" itemprop=\"http:\/\/schema.org\/image\" title=\"seestadtfest_2016_01\" alt=\"seestadtfest_2016_01\" style=\"width: 355px; height: 236px;\" \/> <\/a> <\/div> <\/div> <!-- close group --> <\/div> <!-- close row --> <\/div>\n","protected":false},"excerpt":{"rendered":"<p>Eine gute Kritik nennt am Besten die guten, die weniger guten und schlechten Dinge einer Sache. Sicherlich bin ich jemand der f\u00fcr sehr kritische Bewertungen bekannt ist, aber dennoch m\u00f6chte ich versuchen f\u00fcr das SeeStadtFest 2016 ein faires Feedback abzugeben.<\/p>\n","protected":false},"author":1,"featured_media":1324,"comment_status":"open","ping_status":"open","sticky":false,"template":"","format":"standard","meta":{"jetpack_post_was_ever_published":false,"_jetpack_newsletter_access":"","_jetpack_dont_email_post_to_subs":true,"_jetpack_newsletter_tier_id":0,"_jetpack_memberships_contains_paywalled_content":false,"_jetpack_memberships_contains_paid_content":false,"footnotes":"","jetpack_publicize_message":"So war's - Das erste SeeStadtFest Bremerhaven","jetpack_publicize_feature_enabled":true,"jetpack_social_post_already_shared":true,"jetpack_social_options":{"image_generator_settings":{"template":"highway","default_image_id":0,"font":"","enabled":false},"version":2},"_wpas_customize_per_network":false},"categories":[489,43],"tags":[402,401,399,400,398],"class_list":["post-1321","post","type-post","status-publish","format-standard","has-post-thumbnail","hentry","category-489","category-jahr","tag-feedback","tag-feuerwerk","tag-landgang","tag-lichtschow","tag-seestadtfest"],"yoast_head":"<!-- This site is optimized with the Yoast SEO Premium plugin v27.3 (Yoast SEO v27.3) - https:\/\/yoast.com\/product\/yoast-seo-premium-wordpress\/ -->\n<title>So war&#039;s - Das erste SeeStadtFest Bremerhaven - Timos Paper<\/title>\n<meta name=\"description\" content=\"Das SeeStadtFest - Landgang 2016. Eine gute Kritik nennt am Besten die guten, die weniger guten und schlechten Dinge einer Sache.\" \/>\n<meta name=\"robots\" content=\"index, follow, max-snippet:-1, max-image-preview:large, max-video-preview:-1\" \/>\n<link rel=\"canonical\" href=\"https:\/\/hoerske.de\/blog\/2016\/05\/seestadtfest-bremerhaven\/\" \/>\n<meta property=\"og:locale\" content=\"de_DE\" \/>\n<meta property=\"og:type\" content=\"article\" \/>\n<meta property=\"og:title\" content=\"So war&#039;s - Das erste SeeStadtFest Bremerhaven\" \/>\n<meta property=\"og:description\" content=\"Das SeeStadtFest - Landgang 2016. Eine gute Kritik nennt am Besten die guten, die weniger guten und schlechten Dinge einer Sache.\" \/>\n<meta property=\"og:url\" content=\"https:\/\/hoerske.de\/blog\/2016\/05\/seestadtfest-bremerhaven\/\" \/>\n<meta property=\"og:site_name\" content=\"Timos Paper\" \/>\n<meta property=\"article:publisher\" content=\"https:\/\/www.facebook.com\/timo.hoerske\" \/>\n<meta property=\"article:author\" content=\"https:\/\/www.facebook.com\/timo.hoerske\" \/>\n<meta property=\"article:published_time\" content=\"2016-05-29T17:55:18+00:00\" \/>\n<meta property=\"article:modified_time\" content=\"2017-02-18T18:49:17+00:00\" \/>\n<meta property=\"og:image\" content=\"https:\/\/i0.wp.com\/blog.hoerske.de\/wp-content\/uploads\/2016\/05\/seestadtfest_2016_03.jpg?fit=800%2C533\" \/>\n\t<meta property=\"og:image:width\" content=\"800\" \/>\n\t<meta property=\"og:image:height\" content=\"533\" \/>\n\t<meta property=\"og:image:type\" content=\"image\/jpeg\" \/>\n<meta name=\"author\" content=\"Timo H\u00f6rske\" \/>\n<meta name=\"twitter:card\" content=\"summary_large_image\" \/>\n<meta name=\"twitter:creator\" content=\"@timo_hoerske\" \/>\n<meta name=\"twitter:site\" content=\"@timo_hoerske\" \/>\n<meta name=\"twitter:label1\" content=\"Verfasst von\" \/>\n\t<meta name=\"twitter:data1\" content=\"Timo H\u00f6rske\" \/>\n\t<meta name=\"twitter:label2\" content=\"Gesch\u00e4tzte Lesezeit\" \/>\n\t<meta name=\"twitter:data2\" content=\"2\u00a0Minuten\" \/>\n<script type=\"application\/ld+json\" class=\"yoast-schema-graph\">{\"@context\":\"https:\\\/\\\/schema.org\",\"@graph\":[{\"@type\":\"Article\",\"@id\":\"https:\\\/\\\/hoerske.de\\\/blog\\\/2016\\\/05\\\/seestadtfest-bremerhaven\\\/#article\",\"isPartOf\":{\"@id\":\"https:\\\/\\\/hoerske.de\\\/blog\\\/2016\\\/05\\\/seestadtfest-bremerhaven\\\/\"},\"author\":{\"name\":\"Timo H\u00f6rske\",\"@id\":\"https:\\\/\\\/hoerske.de\\\/blog\\\/#\\\/schema\\\/person\\\/20677cf2167fc7027b752c3bba78d5fc\"},\"headline\":\"So war&#8217;s &#8211; Das erste SeeStadtFest Bremerhaven\",\"datePublished\":\"2016-05-29T17:55:18+00:00\",\"dateModified\":\"2017-02-18T18:49:17+00:00\",\"mainEntityOfPage\":{\"@id\":\"https:\\\/\\\/hoerske.de\\\/blog\\\/2016\\\/05\\\/seestadtfest-bremerhaven\\\/\"},\"wordCount\":396,\"commentCount\":1,\"publisher\":{\"@id\":\"https:\\\/\\\/hoerske.de\\\/blog\\\/#\\\/schema\\\/person\\\/20677cf2167fc7027b752c3bba78d5fc\"},\"image\":{\"@id\":\"https:\\\/\\\/hoerske.de\\\/blog\\\/2016\\\/05\\\/seestadtfest-bremerhaven\\\/#primaryimage\"},\"thumbnailUrl\":\"https:\\\/\\\/i0.wp.com\\\/hoerske.de\\\/blog\\\/wp-content\\\/uploads\\\/2016\\\/05\\\/seestadtfest_2016_03.jpg?fit=800%2C533&ssl=1\",\"keywords\":[\"Feedback\",\"Feuerwerk\",\"Landgang\",\"Lichtschow\",\"Seestadtfest\"],\"articleSection\":[\"2016\",\"Jahr\"],\"inLanguage\":\"de\",\"potentialAction\":[{\"@type\":\"CommentAction\",\"name\":\"Comment\",\"target\":[\"https:\\\/\\\/hoerske.de\\\/blog\\\/2016\\\/05\\\/seestadtfest-bremerhaven\\\/#respond\"]}]},{\"@type\":\"WebPage\",\"@id\":\"https:\\\/\\\/hoerske.de\\\/blog\\\/2016\\\/05\\\/seestadtfest-bremerhaven\\\/\",\"url\":\"https:\\\/\\\/hoerske.de\\\/blog\\\/2016\\\/05\\\/seestadtfest-bremerhaven\\\/\",\"name\":\"So war's - Das erste SeeStadtFest Bremerhaven - Timos Paper\",\"isPartOf\":{\"@id\":\"https:\\\/\\\/hoerske.de\\\/blog\\\/#website\"},\"primaryImageOfPage\":{\"@id\":\"https:\\\/\\\/hoerske.de\\\/blog\\\/2016\\\/05\\\/seestadtfest-bremerhaven\\\/#primaryimage\"},\"image\":{\"@id\":\"https:\\\/\\\/hoerske.de\\\/blog\\\/2016\\\/05\\\/seestadtfest-bremerhaven\\\/#primaryimage\"},\"thumbnailUrl\":\"https:\\\/\\\/i0.wp.com\\\/hoerske.de\\\/blog\\\/wp-content\\\/uploads\\\/2016\\\/05\\\/seestadtfest_2016_03.jpg?fit=800%2C533&ssl=1\",\"datePublished\":\"2016-05-29T17:55:18+00:00\",\"dateModified\":\"2017-02-18T18:49:17+00:00\",\"description\":\"Das SeeStadtFest - Landgang 2016. Eine gute Kritik nennt am Besten die guten, die weniger guten und schlechten Dinge einer Sache.\",\"breadcrumb\":{\"@id\":\"https:\\\/\\\/hoerske.de\\\/blog\\\/2016\\\/05\\\/seestadtfest-bremerhaven\\\/#breadcrumb\"},\"inLanguage\":\"de\",\"potentialAction\":[{\"@type\":\"ReadAction\",\"target\":[\"https:\\\/\\\/hoerske.de\\\/blog\\\/2016\\\/05\\\/seestadtfest-bremerhaven\\\/\"]}]},{\"@type\":\"ImageObject\",\"inLanguage\":\"de\",\"@id\":\"https:\\\/\\\/hoerske.de\\\/blog\\\/2016\\\/05\\\/seestadtfest-bremerhaven\\\/#primaryimage\",\"url\":\"https:\\\/\\\/i0.wp.com\\\/hoerske.de\\\/blog\\\/wp-content\\\/uploads\\\/2016\\\/05\\\/seestadtfest_2016_03.jpg?fit=800%2C533&ssl=1\",\"contentUrl\":\"https:\\\/\\\/i0.wp.com\\\/hoerske.de\\\/blog\\\/wp-content\\\/uploads\\\/2016\\\/05\\\/seestadtfest_2016_03.jpg?fit=800%2C533&ssl=1\",\"width\":800,\"height\":533},{\"@type\":\"BreadcrumbList\",\"@id\":\"https:\\\/\\\/hoerske.de\\\/blog\\\/2016\\\/05\\\/seestadtfest-bremerhaven\\\/#breadcrumb\",\"itemListElement\":[{\"@type\":\"ListItem\",\"position\":1,\"name\":\"Startseite\",\"item\":\"https:\\\/\\\/hoerske.de\\\/blog\\\/\"},{\"@type\":\"ListItem\",\"position\":2,\"name\":\"So war&#8217;s &#8211; Das erste SeeStadtFest Bremerhaven\"}]},{\"@type\":\"WebSite\",\"@id\":\"https:\\\/\\\/hoerske.de\\\/blog\\\/#website\",\"url\":\"https:\\\/\\\/hoerske.de\\\/blog\\\/\",\"name\":\"Timos Blog\",\"description\":\"ego cogito, ergo sum\",\"publisher\":{\"@id\":\"https:\\\/\\\/hoerske.de\\\/blog\\\/#\\\/schema\\\/person\\\/20677cf2167fc7027b752c3bba78d5fc\"},\"potentialAction\":[{\"@type\":\"SearchAction\",\"target\":{\"@type\":\"EntryPoint\",\"urlTemplate\":\"https:\\\/\\\/hoerske.de\\\/blog\\\/?s={search_term_string}\"},\"query-input\":{\"@type\":\"PropertyValueSpecification\",\"valueRequired\":true,\"valueName\":\"search_term_string\"}}],\"inLanguage\":\"de\"},{\"@type\":[\"Person\",\"Organization\"],\"@id\":\"https:\\\/\\\/hoerske.de\\\/blog\\\/#\\\/schema\\\/person\\\/20677cf2167fc7027b752c3bba78d5fc\",\"name\":\"Timo H\u00f6rske\",\"image\":{\"@type\":\"ImageObject\",\"inLanguage\":\"de\",\"@id\":\"https:\\\/\\\/i0.wp.com\\\/hoerske.de\\\/blog\\\/wp-content\\\/uploads\\\/2023\\\/01\\\/16711213967602.jpg?fit=1024%2C954&ssl=1\",\"url\":\"https:\\\/\\\/i0.wp.com\\\/hoerske.de\\\/blog\\\/wp-content\\\/uploads\\\/2023\\\/01\\\/16711213967602.jpg?fit=1024%2C954&ssl=1\",\"contentUrl\":\"https:\\\/\\\/i0.wp.com\\\/hoerske.de\\\/blog\\\/wp-content\\\/uploads\\\/2023\\\/01\\\/16711213967602.jpg?fit=1024%2C954&ssl=1\",\"width\":1024,\"height\":954,\"caption\":\"Timo H\u00f6rske\"},\"logo\":{\"@id\":\"https:\\\/\\\/i0.wp.com\\\/hoerske.de\\\/blog\\\/wp-content\\\/uploads\\\/2023\\\/01\\\/16711213967602.jpg?fit=1024%2C954&ssl=1\"},\"description\":\"Jahrgang 1985, als \\\"Ossi\\\" geboren, im beschaulichen Premnitz an der Havel aufgewachsen. Natur- und Kunstliebhaber. Seit \u00fcber 10 Jahren Wahlbremerhavener, K\u00fcsten- und Windfan. So ziemlich an Allem interessiert. Schwerpunkte sind aber eindeutig Politik, Gesellschaft, Rechtswesen, Natur, Imkerei und Technik. Rotes Parteibuch, Mitglied des Jugendhilfeausschusses der Stadt Bremerhaven, Vorsitzender eines Kleing\u00e4rtnervereins, Fachberater f\u00fcr das Kleingartenwesen, Verbandschef der Bremerhavener Kleing\u00e4rtner*innen. Hobbyimker, Freizeitblogger, Techniknerd.\",\"sameAs\":[\"https:\\\/\\\/www.hoerske.de\\\/\",\"https:\\\/\\\/www.facebook.com\\\/timo.hoerske\",\"https:\\\/\\\/www.instagram.com\\\/thoerske\\\/\",\"https:\\\/\\\/x.com\\\/timo_hoerske\"],\"url\":\"https:\\\/\\\/hoerske.de\\\/blog\\\/author\\\/roter_admin\\\/\"}]}<\/script>\n<!-- \/ Yoast SEO Premium plugin. -->","yoast_head_json":{"title":"So war's - Das erste SeeStadtFest Bremerhaven - Timos Paper","description":"Das SeeStadtFest - Landgang 2016. Eine gute Kritik nennt am Besten die guten, die weniger guten und schlechten Dinge einer Sache.","robots":{"index":"index","follow":"follow","max-snippet":"max-snippet:-1","max-image-preview":"max-image-preview:large","max-video-preview":"max-video-preview:-1"},"canonical":"https:\/\/hoerske.de\/blog\/2016\/05\/seestadtfest-bremerhaven\/","og_locale":"de_DE","og_type":"article","og_title":"So war's - Das erste SeeStadtFest Bremerhaven","og_description":"Das SeeStadtFest - Landgang 2016. Eine gute Kritik nennt am Besten die guten, die weniger guten und schlechten Dinge einer Sache.","og_url":"https:\/\/hoerske.de\/blog\/2016\/05\/seestadtfest-bremerhaven\/","og_site_name":"Timos Paper","article_publisher":"https:\/\/www.facebook.com\/timo.hoerske","article_author":"https:\/\/www.facebook.com\/timo.hoerske","article_published_time":"2016-05-29T17:55:18+00:00","article_modified_time":"2017-02-18T18:49:17+00:00","og_image":[{"width":800,"height":533,"url":"https:\/\/i0.wp.com\/blog.hoerske.de\/wp-content\/uploads\/2016\/05\/seestadtfest_2016_03.jpg?fit=800%2C533","type":"image\/jpeg"}],"author":"Timo H\u00f6rske","twitter_card":"summary_large_image","twitter_creator":"@timo_hoerske","twitter_site":"@timo_hoerske","twitter_misc":{"Verfasst von":"Timo H\u00f6rske","Gesch\u00e4tzte Lesezeit":"2\u00a0Minuten"},"schema":{"@context":"https:\/\/schema.org","@graph":[{"@type":"Article","@id":"https:\/\/hoerske.de\/blog\/2016\/05\/seestadtfest-bremerhaven\/#article","isPartOf":{"@id":"https:\/\/hoerske.de\/blog\/2016\/05\/seestadtfest-bremerhaven\/"},"author":{"name":"Timo H\u00f6rske","@id":"https:\/\/hoerske.de\/blog\/#\/schema\/person\/20677cf2167fc7027b752c3bba78d5fc"},"headline":"So war&#8217;s &#8211; Das erste SeeStadtFest Bremerhaven","datePublished":"2016-05-29T17:55:18+00:00","dateModified":"2017-02-18T18:49:17+00:00","mainEntityOfPage":{"@id":"https:\/\/hoerske.de\/blog\/2016\/05\/seestadtfest-bremerhaven\/"},"wordCount":396,"commentCount":1,"publisher":{"@id":"https:\/\/hoerske.de\/blog\/#\/schema\/person\/20677cf2167fc7027b752c3bba78d5fc"},"image":{"@id":"https:\/\/hoerske.de\/blog\/2016\/05\/seestadtfest-bremerhaven\/#primaryimage"},"thumbnailUrl":"https:\/\/i0.wp.com\/hoerske.de\/blog\/wp-content\/uploads\/2016\/05\/seestadtfest_2016_03.jpg?fit=800%2C533&ssl=1","keywords":["Feedback","Feuerwerk","Landgang","Lichtschow","Seestadtfest"],"articleSection":["2016","Jahr"],"inLanguage":"de","potentialAction":[{"@type":"CommentAction","name":"Comment","target":["https:\/\/hoerske.de\/blog\/2016\/05\/seestadtfest-bremerhaven\/#respond"]}]},{"@type":"WebPage","@id":"https:\/\/hoerske.de\/blog\/2016\/05\/seestadtfest-bremerhaven\/","url":"https:\/\/hoerske.de\/blog\/2016\/05\/seestadtfest-bremerhaven\/","name":"So war's - Das erste SeeStadtFest Bremerhaven - Timos Paper","isPartOf":{"@id":"https:\/\/hoerske.de\/blog\/#website"},"primaryImageOfPage":{"@id":"https:\/\/hoerske.de\/blog\/2016\/05\/seestadtfest-bremerhaven\/#primaryimage"},"image":{"@id":"https:\/\/hoerske.de\/blog\/2016\/05\/seestadtfest-bremerhaven\/#primaryimage"},"thumbnailUrl":"https:\/\/i0.wp.com\/hoerske.de\/blog\/wp-content\/uploads\/2016\/05\/seestadtfest_2016_03.jpg?fit=800%2C533&ssl=1","datePublished":"2016-05-29T17:55:18+00:00","dateModified":"2017-02-18T18:49:17+00:00","description":"Das SeeStadtFest - Landgang 2016. Eine gute Kritik nennt am Besten die guten, die weniger guten und schlechten Dinge einer Sache.","breadcrumb":{"@id":"https:\/\/hoerske.de\/blog\/2016\/05\/seestadtfest-bremerhaven\/#breadcrumb"},"inLanguage":"de","potentialAction":[{"@type":"ReadAction","target":["https:\/\/hoerske.de\/blog\/2016\/05\/seestadtfest-bremerhaven\/"]}]},{"@type":"ImageObject","inLanguage":"de","@id":"https:\/\/hoerske.de\/blog\/2016\/05\/seestadtfest-bremerhaven\/#primaryimage","url":"https:\/\/i0.wp.com\/hoerske.de\/blog\/wp-content\/uploads\/2016\/05\/seestadtfest_2016_03.jpg?fit=800%2C533&ssl=1","contentUrl":"https:\/\/i0.wp.com\/hoerske.de\/blog\/wp-content\/uploads\/2016\/05\/seestadtfest_2016_03.jpg?fit=800%2C533&ssl=1","width":800,"height":533},{"@type":"BreadcrumbList","@id":"https:\/\/hoerske.de\/blog\/2016\/05\/seestadtfest-bremerhaven\/#breadcrumb","itemListElement":[{"@type":"ListItem","position":1,"name":"Startseite","item":"https:\/\/hoerske.de\/blog\/"},{"@type":"ListItem","position":2,"name":"So war&#8217;s &#8211; Das erste SeeStadtFest Bremerhaven"}]},{"@type":"WebSite","@id":"https:\/\/hoerske.de\/blog\/#website","url":"https:\/\/hoerske.de\/blog\/","name":"Timos Blog","description":"ego cogito, ergo sum","publisher":{"@id":"https:\/\/hoerske.de\/blog\/#\/schema\/person\/20677cf2167fc7027b752c3bba78d5fc"},"potentialAction":[{"@type":"SearchAction","target":{"@type":"EntryPoint","urlTemplate":"https:\/\/hoerske.de\/blog\/?s={search_term_string}"},"query-input":{"@type":"PropertyValueSpecification","valueRequired":true,"valueName":"search_term_string"}}],"inLanguage":"de"},{"@type":["Person","Organization"],"@id":"https:\/\/hoerske.de\/blog\/#\/schema\/person\/20677cf2167fc7027b752c3bba78d5fc","name":"Timo H\u00f6rske","image":{"@type":"ImageObject","inLanguage":"de","@id":"https:\/\/i0.wp.com\/hoerske.de\/blog\/wp-content\/uploads\/2023\/01\/16711213967602.jpg?fit=1024%2C954&ssl=1","url":"https:\/\/i0.wp.com\/hoerske.de\/blog\/wp-content\/uploads\/2023\/01\/16711213967602.jpg?fit=1024%2C954&ssl=1","contentUrl":"https:\/\/i0.wp.com\/hoerske.de\/blog\/wp-content\/uploads\/2023\/01\/16711213967602.jpg?fit=1024%2C954&ssl=1","width":1024,"height":954,"caption":"Timo H\u00f6rske"},"logo":{"@id":"https:\/\/i0.wp.com\/hoerske.de\/blog\/wp-content\/uploads\/2023\/01\/16711213967602.jpg?fit=1024%2C954&ssl=1"},"description":"Jahrgang 1985, als \"Ossi\" geboren, im beschaulichen Premnitz an der Havel aufgewachsen. Natur- und Kunstliebhaber. Seit \u00fcber 10 Jahren Wahlbremerhavener, K\u00fcsten- und Windfan. So ziemlich an Allem interessiert. Schwerpunkte sind aber eindeutig Politik, Gesellschaft, Rechtswesen, Natur, Imkerei und Technik. Rotes Parteibuch, Mitglied des Jugendhilfeausschusses der Stadt Bremerhaven, Vorsitzender eines Kleing\u00e4rtnervereins, Fachberater f\u00fcr das Kleingartenwesen, Verbandschef der Bremerhavener Kleing\u00e4rtner*innen. Hobbyimker, Freizeitblogger, Techniknerd.","sameAs":["https:\/\/www.hoerske.de\/","https:\/\/www.facebook.com\/timo.hoerske","https:\/\/www.instagram.com\/thoerske\/","https:\/\/x.com\/timo_hoerske"],"url":"https:\/\/hoerske.de\/blog\/author\/roter_admin\/"}]}},"jetpack_publicize_connections":[],"jetpack_featured_media_url":"https:\/\/i0.wp.com\/hoerske.de\/blog\/wp-content\/uploads\/2016\/05\/seestadtfest_2016_03.jpg?fit=800%2C533&ssl=1","jetpack_shortlink":"https:\/\/wp.me\/p4W3ht-lj","jetpack_sharing_enabled":true,"_links":{"self":[{"href":"https:\/\/hoerske.de\/blog\/wp-json\/wp\/v2\/posts\/1321","targetHints":{"allow":["GET"]}}],"collection":[{"href":"https:\/\/hoerske.de\/blog\/wp-json\/wp\/v2\/posts"}],"about":[{"href":"https:\/\/hoerske.de\/blog\/wp-json\/wp\/v2\/types\/post"}],"author":[{"embeddable":true,"href":"https:\/\/hoerske.de\/blog\/wp-json\/wp\/v2\/users\/1"}],"replies":[{"embeddable":true,"href":"https:\/\/hoerske.de\/blog\/wp-json\/wp\/v2\/comments?post=1321"}],"version-history":[{"count":0,"href":"https:\/\/hoerske.de\/blog\/wp-json\/wp\/v2\/posts\/1321\/revisions"}],"wp:featuredmedia":[{"embeddable":true,"href":"https:\/\/hoerske.de\/blog\/wp-json\/wp\/v2\/media\/1324"}],"wp:attachment":[{"href":"https:\/\/hoerske.de\/blog\/wp-json\/wp\/v2\/media?parent=1321"}],"wp:term":[{"taxonomy":"category","embeddable":true,"href":"https:\/\/hoerske.de\/blog\/wp-json\/wp\/v2\/categories?post=1321"},{"taxonomy":"post_tag","embeddable":true,"href":"https:\/\/hoerske.de\/blog\/wp-json\/wp\/v2\/tags?post=1321"}],"curies":[{"name":"wp","href":"https:\/\/api.w.org\/{rel}","templated":true}]}}