{"id":1315,"date":"2016-06-28T16:30:52","date_gmt":"2016-06-28T14:30:52","guid":{"rendered":"https:\/\/www.hoerske.de\/?p=1315"},"modified":"2016-12-28T23:53:23","modified_gmt":"2016-12-28T21:53:23","slug":"die-wahl-des-bundespraesident","status":"publish","type":"post","link":"https:\/\/hoerske.de\/blog\/2016\/06\/die-wahl-des-bundespraesident\/","title":{"rendered":"Die Wahl des Bundespr\u00e4sidenten &#8211; wer wird Gaucks Nachfolger?"},"content":{"rendered":"<h4><em>Lexikon von waehlt.hoerske.de:<\/em> Die Wahl des Bundespr\u00e4sidenten<\/h4>\n<p>Der Bundespr\u00e4sident wird alle f\u00fcnf Jahre von der Bundesversammlung gew\u00e4hlt. Er ist das Staatsoberhaupt der Bundesrepublik Deutschland. Seine Amtszeit beginnt in dem Jahr, in dem die Bundesversammlung zusammentritt. Es ist immer der 1. Juli. Die n\u00e4chste Bundespr\u00e4sidentenwahl findet im Mai 2017 statt.<\/p>\n<p>Die <span id=\"wiki-tooltip-1\" data-tooltip-content=\"#wiki-tooltip-box-1\" data-wiki_num=\"1\" data-wiki_id=\"15293\" data-wiki_title=\"Bundesversammlung\" data-wiki_section=\"\" data-wiki_base_url=\"https:\/\/de.wikipedia.org\/w\/api.php\" data-wiki_url=\"https:\/\/de.wikipedia.org\/wiki\/Bundesversammlung\" data-wiki_thumbnail=\"default\" data-wiki_nonce=\"8c12cea226\"><a class=\"wiki-tooltip\" href=\"https:\/\/de.wikipedia.org\/wiki\/Bundesversammlung\" target=\"_blank\" rel=\"noopener noreferrer\" onclick=\"return isClickEnabled( 'hover', '' );\">Bundesversammlung<\/a><\/span> ist die gr\u00f6\u00dfte parlamentarische Versammlung in unserem Land kommt alle f\u00fcnf Jahre zusammen. Die Wahl des Bundespr\u00e4sidenten ist ihre einzige Aufgabe. Traditionell findet die Wahl am 23. Mai statt, und das bereits seit 30 Jahren. An diesem Tag wurde das Grundgesetz verk\u00fcndet.<\/p>\n<p>Aktuell besteht die Bundesversammlung aus 1224 Mitgliedern. 50 % sind Bundestagsmitglieder, die andere H\u00e4lfte bestimmen die Landtage der einzelnen Bundesl\u00e4nder. Nicht nur Politiker sind in der Bundesversammlung vertreten, sondern auch Personen des \u00f6ffentlichen Lebens aus den unterschiedlichsten Berufsgruppen. Das k\u00f6nnen K\u00fcnstler, aber auch Sportler sein. Die Zahl der Delegierten richtet sich nach der Bev\u00f6lkerungszahl des Bundeslandes. Die Wahl findet im Reichstag in Berlin statt. Es gibt keine vorherigen Absprachen und die Wahl ist geheim. Um als Sieger aus der Wahl hervorzugehen, ist die absolute Mehrheit erforderlich. Wer die Stimmen der Mehrheit der Mitglieder der Bundesversammlung erh\u00e4lt, ist der neue Bundespr\u00e4sident. Wenn auch nach zwei Wahlg\u00e4ngen kein eindeutiges Ergebnis erzielt wurde, findet eine dritte Wahl statt. Bei dieser geht der als Sieger hervor, der die meisten Stimmen hat.<\/p>\n<h4>Wer kann als Bundespr\u00e4sident gew\u00e4hlt werden?<\/h4>\n<p>Ein Kandidat muss deutscher Staatsb\u00fcrger und mindestens 40 Jahre alt sein. Diese Vorgaben sind im Grundgesetz verankert. Obwohl das Staatsoberhaupt der Bundesrepublik Deutschland keine Regierungsbefugnis hat, vertritt er das Land nach innen und nach au\u00dfen. Er schl\u00e4gt dem Bundestag einen Kanzlerkandidaten vor und ernennt ihn nach erfolgreicher Wahl. Der Bundespr\u00e4sident kann auch Bundesminister, Bundesbeamte und Bundesrichter vorschlagen und in ihr Amt erheben. Er hat also mehr als repr\u00e4sentative Aufgaben. Er kann zum Beispiel das Parlament aufl\u00f6sen, wenn der von ihm vorgeschlagene Kanzlerkandidat keine Mehrheit bekommt.<\/p>\n<p>Mehr Informationen gibt es auf den Seiten des <a href=\"https:\/\/www.bundestag.de\/bundesversammlung\">Deutschen Bundestages<\/a>.<\/p>\n","protected":false},"excerpt":{"rendered":"<p>Der Bundespr\u00e4sident wird alle f\u00fcnf Jahre von der Bundesversammlung gew\u00e4hlt. Er ist das Staatsoberhaupt der Bundesrepublik Deutschland. Seine Amtszeit beginnt in dem Jahr, in dem die Bundesversammlung zusammentritt. Es ist immer der 1. Juli. Die n\u00e4chste Bundespr\u00e4sidentenwahl findet im Mai 2017 statt.<\/p>\n","protected":false},"author":1,"featured_media":1316,"comment_status":"open","ping_status":"open","sticky":false,"template":"","format":"standard","meta":{"jetpack_post_was_ever_published":false,"_jetpack_newsletter_access":"","_jetpack_dont_email_post_to_subs":true,"_jetpack_newsletter_tier_id":0,"_jetpack_memberships_contains_paywalled_content":false,"_jetpack_memberships_contains_paid_content":false,"footnotes":"","jetpack_publicize_message":"","jetpack_publicize_feature_enabled":true,"jetpack_social_post_already_shared":true,"jetpack_social_options":{"image_generator_settings":{"template":"highway","default_image_id":0,"font":"","enabled":false},"version":2},"_wpas_customize_per_network":false},"categories":[489,11,177],"tags":[395,397,396,97],"class_list":["post-1315","post","type-post","status-publish","format-standard","has-post-thumbnail","hentry","category-489","category-lexika","category-politik","tag-bundespraesident","tag-bundesversammlung","tag-gauck","tag-wahl"],"yoast_head":"<!-- This site is optimized with the Yoast SEO Premium plugin v27.3 (Yoast SEO v27.3) - https:\/\/yoast.com\/product\/yoast-seo-premium-wordpress\/ -->\n<title>Die Wahl des Bundespr\u00e4sidenten - wer wird Gaucks Nachfolger? - Timos Paper<\/title>\n<meta name=\"description\" content=\"Der Bundespr\u00e4sident wird alle f\u00fcnf Jahre von der Bundesversammlung gew\u00e4hlt. Er ist das Staatsoberhaupt der Bundesrepublik Deutschland.\" \/>\n<meta name=\"robots\" content=\"index, follow, max-snippet:-1, max-image-preview:large, max-video-preview:-1\" \/>\n<link rel=\"canonical\" href=\"https:\/\/hoerske.de\/blog\/2016\/06\/die-wahl-des-bundespraesident\/\" \/>\n<meta property=\"og:locale\" content=\"de_DE\" \/>\n<meta property=\"og:type\" content=\"article\" \/>\n<meta property=\"og:title\" content=\"Die Wahl des Bundespr\u00e4sidenten - wer wird Gaucks Nachfolger?\" \/>\n<meta property=\"og:description\" content=\"Der Bundespr\u00e4sident wird alle f\u00fcnf Jahre von der Bundesversammlung gew\u00e4hlt. Er ist das Staatsoberhaupt der Bundesrepublik Deutschland.\" \/>\n<meta property=\"og:url\" content=\"https:\/\/hoerske.de\/blog\/2016\/06\/die-wahl-des-bundespraesident\/\" \/>\n<meta property=\"og:site_name\" content=\"Timos Paper\" \/>\n<meta property=\"article:publisher\" content=\"https:\/\/www.facebook.com\/timo.hoerske\" \/>\n<meta property=\"article:author\" content=\"https:\/\/www.facebook.com\/timo.hoerske\" \/>\n<meta property=\"article:published_time\" content=\"2016-06-28T14:30:52+00:00\" \/>\n<meta property=\"article:modified_time\" content=\"2016-12-28T21:53:23+00:00\" \/>\n<meta property=\"og:image\" content=\"https:\/\/hoerske.de\/blog\/wp-content\/uploads\/2016\/05\/596199_original_R_K_B_by_Carl-Ernst-Stahnke_pixelio.de_-1024x461.jpg\" \/>\n\t<meta property=\"og:image:width\" content=\"1024\" \/>\n\t<meta property=\"og:image:height\" content=\"461\" \/>\n\t<meta property=\"og:image:type\" content=\"image\/jpeg\" \/>\n<meta name=\"author\" content=\"Timo H\u00f6rske\" \/>\n<meta name=\"twitter:card\" content=\"summary_large_image\" \/>\n<meta name=\"twitter:creator\" content=\"@timo_hoerske\" \/>\n<meta name=\"twitter:site\" content=\"@timo_hoerske\" \/>\n<meta name=\"twitter:label1\" content=\"Verfasst von\" \/>\n\t<meta name=\"twitter:data1\" content=\"Timo H\u00f6rske\" \/>\n\t<meta name=\"twitter:label2\" content=\"Gesch\u00e4tzte Lesezeit\" \/>\n\t<meta name=\"twitter:data2\" content=\"2\u00a0Minuten\" \/>\n<script type=\"application\/ld+json\" class=\"yoast-schema-graph\">{\"@context\":\"https:\\\/\\\/schema.org\",\"@graph\":[{\"@type\":\"Article\",\"@id\":\"https:\\\/\\\/hoerske.de\\\/blog\\\/2016\\\/06\\\/die-wahl-des-bundespraesident\\\/#article\",\"isPartOf\":{\"@id\":\"https:\\\/\\\/hoerske.de\\\/blog\\\/2016\\\/06\\\/die-wahl-des-bundespraesident\\\/\"},\"author\":{\"name\":\"Timo H\u00f6rske\",\"@id\":\"https:\\\/\\\/hoerske.de\\\/blog\\\/#\\\/schema\\\/person\\\/20677cf2167fc7027b752c3bba78d5fc\"},\"headline\":\"Die Wahl des Bundespr\u00e4sidenten &#8211; wer wird Gaucks Nachfolger?\",\"datePublished\":\"2016-06-28T14:30:52+00:00\",\"dateModified\":\"2016-12-28T21:53:23+00:00\",\"mainEntityOfPage\":{\"@id\":\"https:\\\/\\\/hoerske.de\\\/blog\\\/2016\\\/06\\\/die-wahl-des-bundespraesident\\\/\"},\"wordCount\":353,\"commentCount\":1,\"publisher\":{\"@id\":\"https:\\\/\\\/hoerske.de\\\/blog\\\/#\\\/schema\\\/person\\\/20677cf2167fc7027b752c3bba78d5fc\"},\"image\":{\"@id\":\"https:\\\/\\\/hoerske.de\\\/blog\\\/2016\\\/06\\\/die-wahl-des-bundespraesident\\\/#primaryimage\"},\"thumbnailUrl\":\"https:\\\/\\\/i0.wp.com\\\/hoerske.de\\\/blog\\\/wp-content\\\/uploads\\\/2016\\\/05\\\/596199_original_R_K_B_by_Carl-Ernst-Stahnke_pixelio.de_.jpg?fit=4571%2C2060&ssl=1\",\"keywords\":[\"Bundespr\u00e4sident\",\"Bundesversammlung\",\"Gauck\",\"Wahl\"],\"articleSection\":[\"2016\",\"Lexika\",\"Politik\"],\"inLanguage\":\"de\",\"potentialAction\":[{\"@type\":\"CommentAction\",\"name\":\"Comment\",\"target\":[\"https:\\\/\\\/hoerske.de\\\/blog\\\/2016\\\/06\\\/die-wahl-des-bundespraesident\\\/#respond\"]}]},{\"@type\":\"WebPage\",\"@id\":\"https:\\\/\\\/hoerske.de\\\/blog\\\/2016\\\/06\\\/die-wahl-des-bundespraesident\\\/\",\"url\":\"https:\\\/\\\/hoerske.de\\\/blog\\\/2016\\\/06\\\/die-wahl-des-bundespraesident\\\/\",\"name\":\"Die Wahl des Bundespr\u00e4sidenten - wer wird Gaucks Nachfolger? - Timos Paper\",\"isPartOf\":{\"@id\":\"https:\\\/\\\/hoerske.de\\\/blog\\\/#website\"},\"primaryImageOfPage\":{\"@id\":\"https:\\\/\\\/hoerske.de\\\/blog\\\/2016\\\/06\\\/die-wahl-des-bundespraesident\\\/#primaryimage\"},\"image\":{\"@id\":\"https:\\\/\\\/hoerske.de\\\/blog\\\/2016\\\/06\\\/die-wahl-des-bundespraesident\\\/#primaryimage\"},\"thumbnailUrl\":\"https:\\\/\\\/i0.wp.com\\\/hoerske.de\\\/blog\\\/wp-content\\\/uploads\\\/2016\\\/05\\\/596199_original_R_K_B_by_Carl-Ernst-Stahnke_pixelio.de_.jpg?fit=4571%2C2060&ssl=1\",\"datePublished\":\"2016-06-28T14:30:52+00:00\",\"dateModified\":\"2016-12-28T21:53:23+00:00\",\"description\":\"Der Bundespr\u00e4sident wird alle f\u00fcnf Jahre von der Bundesversammlung gew\u00e4hlt. Er ist das Staatsoberhaupt der Bundesrepublik Deutschland.\",\"breadcrumb\":{\"@id\":\"https:\\\/\\\/hoerske.de\\\/blog\\\/2016\\\/06\\\/die-wahl-des-bundespraesident\\\/#breadcrumb\"},\"inLanguage\":\"de\",\"potentialAction\":[{\"@type\":\"ReadAction\",\"target\":[\"https:\\\/\\\/hoerske.de\\\/blog\\\/2016\\\/06\\\/die-wahl-des-bundespraesident\\\/\"]}]},{\"@type\":\"ImageObject\",\"inLanguage\":\"de\",\"@id\":\"https:\\\/\\\/hoerske.de\\\/blog\\\/2016\\\/06\\\/die-wahl-des-bundespraesident\\\/#primaryimage\",\"url\":\"https:\\\/\\\/i0.wp.com\\\/hoerske.de\\\/blog\\\/wp-content\\\/uploads\\\/2016\\\/05\\\/596199_original_R_K_B_by_Carl-Ernst-Stahnke_pixelio.de_.jpg?fit=4571%2C2060&ssl=1\",\"contentUrl\":\"https:\\\/\\\/i0.wp.com\\\/hoerske.de\\\/blog\\\/wp-content\\\/uploads\\\/2016\\\/05\\\/596199_original_R_K_B_by_Carl-Ernst-Stahnke_pixelio.de_.jpg?fit=4571%2C2060&ssl=1\",\"width\":4571,\"height\":2060,\"caption\":\"Amtssitz des Bundespr\u00e4sidenten - Schloss Bellevue Quelle: Carl-Ernst Stahnke \\\/ pixelio.de\"},{\"@type\":\"BreadcrumbList\",\"@id\":\"https:\\\/\\\/hoerske.de\\\/blog\\\/2016\\\/06\\\/die-wahl-des-bundespraesident\\\/#breadcrumb\",\"itemListElement\":[{\"@type\":\"ListItem\",\"position\":1,\"name\":\"Startseite\",\"item\":\"https:\\\/\\\/hoerske.de\\\/blog\\\/\"},{\"@type\":\"ListItem\",\"position\":2,\"name\":\"Die Wahl des Bundespr\u00e4sidenten &#8211; wer wird Gaucks Nachfolger?\"}]},{\"@type\":\"WebSite\",\"@id\":\"https:\\\/\\\/hoerske.de\\\/blog\\\/#website\",\"url\":\"https:\\\/\\\/hoerske.de\\\/blog\\\/\",\"name\":\"Timos Blog\",\"description\":\"ego cogito, ergo sum\",\"publisher\":{\"@id\":\"https:\\\/\\\/hoerske.de\\\/blog\\\/#\\\/schema\\\/person\\\/20677cf2167fc7027b752c3bba78d5fc\"},\"potentialAction\":[{\"@type\":\"SearchAction\",\"target\":{\"@type\":\"EntryPoint\",\"urlTemplate\":\"https:\\\/\\\/hoerske.de\\\/blog\\\/?s={search_term_string}\"},\"query-input\":{\"@type\":\"PropertyValueSpecification\",\"valueRequired\":true,\"valueName\":\"search_term_string\"}}],\"inLanguage\":\"de\"},{\"@type\":[\"Person\",\"Organization\"],\"@id\":\"https:\\\/\\\/hoerske.de\\\/blog\\\/#\\\/schema\\\/person\\\/20677cf2167fc7027b752c3bba78d5fc\",\"name\":\"Timo H\u00f6rske\",\"image\":{\"@type\":\"ImageObject\",\"inLanguage\":\"de\",\"@id\":\"https:\\\/\\\/i0.wp.com\\\/hoerske.de\\\/blog\\\/wp-content\\\/uploads\\\/2023\\\/01\\\/16711213967602.jpg?fit=1024%2C954&ssl=1\",\"url\":\"https:\\\/\\\/i0.wp.com\\\/hoerske.de\\\/blog\\\/wp-content\\\/uploads\\\/2023\\\/01\\\/16711213967602.jpg?fit=1024%2C954&ssl=1\",\"contentUrl\":\"https:\\\/\\\/i0.wp.com\\\/hoerske.de\\\/blog\\\/wp-content\\\/uploads\\\/2023\\\/01\\\/16711213967602.jpg?fit=1024%2C954&ssl=1\",\"width\":1024,\"height\":954,\"caption\":\"Timo H\u00f6rske\"},\"logo\":{\"@id\":\"https:\\\/\\\/i0.wp.com\\\/hoerske.de\\\/blog\\\/wp-content\\\/uploads\\\/2023\\\/01\\\/16711213967602.jpg?fit=1024%2C954&ssl=1\"},\"description\":\"Jahrgang 1985, als \\\"Ossi\\\" geboren, im beschaulichen Premnitz an der Havel aufgewachsen. Natur- und Kunstliebhaber. Seit \u00fcber 10 Jahren Wahlbremerhavener, K\u00fcsten- und Windfan. So ziemlich an Allem interessiert. Schwerpunkte sind aber eindeutig Politik, Gesellschaft, Rechtswesen, Natur, Imkerei und Technik. Rotes Parteibuch, Mitglied des Jugendhilfeausschusses der Stadt Bremerhaven, Vorsitzender eines Kleing\u00e4rtnervereins, Fachberater f\u00fcr das Kleingartenwesen, Verbandschef der Bremerhavener Kleing\u00e4rtner*innen. Hobbyimker, Freizeitblogger, Techniknerd.\",\"sameAs\":[\"https:\\\/\\\/www.hoerske.de\\\/\",\"https:\\\/\\\/www.facebook.com\\\/timo.hoerske\",\"https:\\\/\\\/www.instagram.com\\\/thoerske\\\/\",\"https:\\\/\\\/x.com\\\/timo_hoerske\"],\"url\":\"https:\\\/\\\/hoerske.de\\\/blog\\\/author\\\/roter_admin\\\/\"}]}<\/script>\n<!-- \/ Yoast SEO Premium plugin. -->","yoast_head_json":{"title":"Die Wahl des Bundespr\u00e4sidenten - wer wird Gaucks Nachfolger? - Timos Paper","description":"Der Bundespr\u00e4sident wird alle f\u00fcnf Jahre von der Bundesversammlung gew\u00e4hlt. Er ist das Staatsoberhaupt der Bundesrepublik Deutschland.","robots":{"index":"index","follow":"follow","max-snippet":"max-snippet:-1","max-image-preview":"max-image-preview:large","max-video-preview":"max-video-preview:-1"},"canonical":"https:\/\/hoerske.de\/blog\/2016\/06\/die-wahl-des-bundespraesident\/","og_locale":"de_DE","og_type":"article","og_title":"Die Wahl des Bundespr\u00e4sidenten - wer wird Gaucks Nachfolger?","og_description":"Der Bundespr\u00e4sident wird alle f\u00fcnf Jahre von der Bundesversammlung gew\u00e4hlt. Er ist das Staatsoberhaupt der Bundesrepublik Deutschland.","og_url":"https:\/\/hoerske.de\/blog\/2016\/06\/die-wahl-des-bundespraesident\/","og_site_name":"Timos Paper","article_publisher":"https:\/\/www.facebook.com\/timo.hoerske","article_author":"https:\/\/www.facebook.com\/timo.hoerske","article_published_time":"2016-06-28T14:30:52+00:00","article_modified_time":"2016-12-28T21:53:23+00:00","og_image":[{"width":1024,"height":461,"url":"https:\/\/hoerske.de\/blog\/wp-content\/uploads\/2016\/05\/596199_original_R_K_B_by_Carl-Ernst-Stahnke_pixelio.de_-1024x461.jpg","type":"image\/jpeg"}],"author":"Timo H\u00f6rske","twitter_card":"summary_large_image","twitter_creator":"@timo_hoerske","twitter_site":"@timo_hoerske","twitter_misc":{"Verfasst von":"Timo H\u00f6rske","Gesch\u00e4tzte Lesezeit":"2\u00a0Minuten"},"schema":{"@context":"https:\/\/schema.org","@graph":[{"@type":"Article","@id":"https:\/\/hoerske.de\/blog\/2016\/06\/die-wahl-des-bundespraesident\/#article","isPartOf":{"@id":"https:\/\/hoerske.de\/blog\/2016\/06\/die-wahl-des-bundespraesident\/"},"author":{"name":"Timo H\u00f6rske","@id":"https:\/\/hoerske.de\/blog\/#\/schema\/person\/20677cf2167fc7027b752c3bba78d5fc"},"headline":"Die Wahl des Bundespr\u00e4sidenten &#8211; wer wird Gaucks Nachfolger?","datePublished":"2016-06-28T14:30:52+00:00","dateModified":"2016-12-28T21:53:23+00:00","mainEntityOfPage":{"@id":"https:\/\/hoerske.de\/blog\/2016\/06\/die-wahl-des-bundespraesident\/"},"wordCount":353,"commentCount":1,"publisher":{"@id":"https:\/\/hoerske.de\/blog\/#\/schema\/person\/20677cf2167fc7027b752c3bba78d5fc"},"image":{"@id":"https:\/\/hoerske.de\/blog\/2016\/06\/die-wahl-des-bundespraesident\/#primaryimage"},"thumbnailUrl":"https:\/\/i0.wp.com\/hoerske.de\/blog\/wp-content\/uploads\/2016\/05\/596199_original_R_K_B_by_Carl-Ernst-Stahnke_pixelio.de_.jpg?fit=4571%2C2060&ssl=1","keywords":["Bundespr\u00e4sident","Bundesversammlung","Gauck","Wahl"],"articleSection":["2016","Lexika","Politik"],"inLanguage":"de","potentialAction":[{"@type":"CommentAction","name":"Comment","target":["https:\/\/hoerske.de\/blog\/2016\/06\/die-wahl-des-bundespraesident\/#respond"]}]},{"@type":"WebPage","@id":"https:\/\/hoerske.de\/blog\/2016\/06\/die-wahl-des-bundespraesident\/","url":"https:\/\/hoerske.de\/blog\/2016\/06\/die-wahl-des-bundespraesident\/","name":"Die Wahl des Bundespr\u00e4sidenten - wer wird Gaucks Nachfolger? - Timos Paper","isPartOf":{"@id":"https:\/\/hoerske.de\/blog\/#website"},"primaryImageOfPage":{"@id":"https:\/\/hoerske.de\/blog\/2016\/06\/die-wahl-des-bundespraesident\/#primaryimage"},"image":{"@id":"https:\/\/hoerske.de\/blog\/2016\/06\/die-wahl-des-bundespraesident\/#primaryimage"},"thumbnailUrl":"https:\/\/i0.wp.com\/hoerske.de\/blog\/wp-content\/uploads\/2016\/05\/596199_original_R_K_B_by_Carl-Ernst-Stahnke_pixelio.de_.jpg?fit=4571%2C2060&ssl=1","datePublished":"2016-06-28T14:30:52+00:00","dateModified":"2016-12-28T21:53:23+00:00","description":"Der Bundespr\u00e4sident wird alle f\u00fcnf Jahre von der Bundesversammlung gew\u00e4hlt. Er ist das Staatsoberhaupt der Bundesrepublik Deutschland.","breadcrumb":{"@id":"https:\/\/hoerske.de\/blog\/2016\/06\/die-wahl-des-bundespraesident\/#breadcrumb"},"inLanguage":"de","potentialAction":[{"@type":"ReadAction","target":["https:\/\/hoerske.de\/blog\/2016\/06\/die-wahl-des-bundespraesident\/"]}]},{"@type":"ImageObject","inLanguage":"de","@id":"https:\/\/hoerske.de\/blog\/2016\/06\/die-wahl-des-bundespraesident\/#primaryimage","url":"https:\/\/i0.wp.com\/hoerske.de\/blog\/wp-content\/uploads\/2016\/05\/596199_original_R_K_B_by_Carl-Ernst-Stahnke_pixelio.de_.jpg?fit=4571%2C2060&ssl=1","contentUrl":"https:\/\/i0.wp.com\/hoerske.de\/blog\/wp-content\/uploads\/2016\/05\/596199_original_R_K_B_by_Carl-Ernst-Stahnke_pixelio.de_.jpg?fit=4571%2C2060&ssl=1","width":4571,"height":2060,"caption":"Amtssitz des Bundespr\u00e4sidenten - Schloss Bellevue Quelle: Carl-Ernst Stahnke \/ pixelio.de"},{"@type":"BreadcrumbList","@id":"https:\/\/hoerske.de\/blog\/2016\/06\/die-wahl-des-bundespraesident\/#breadcrumb","itemListElement":[{"@type":"ListItem","position":1,"name":"Startseite","item":"https:\/\/hoerske.de\/blog\/"},{"@type":"ListItem","position":2,"name":"Die Wahl des Bundespr\u00e4sidenten &#8211; wer wird Gaucks Nachfolger?"}]},{"@type":"WebSite","@id":"https:\/\/hoerske.de\/blog\/#website","url":"https:\/\/hoerske.de\/blog\/","name":"Timos Blog","description":"ego cogito, ergo sum","publisher":{"@id":"https:\/\/hoerske.de\/blog\/#\/schema\/person\/20677cf2167fc7027b752c3bba78d5fc"},"potentialAction":[{"@type":"SearchAction","target":{"@type":"EntryPoint","urlTemplate":"https:\/\/hoerske.de\/blog\/?s={search_term_string}"},"query-input":{"@type":"PropertyValueSpecification","valueRequired":true,"valueName":"search_term_string"}}],"inLanguage":"de"},{"@type":["Person","Organization"],"@id":"https:\/\/hoerske.de\/blog\/#\/schema\/person\/20677cf2167fc7027b752c3bba78d5fc","name":"Timo H\u00f6rske","image":{"@type":"ImageObject","inLanguage":"de","@id":"https:\/\/i0.wp.com\/hoerske.de\/blog\/wp-content\/uploads\/2023\/01\/16711213967602.jpg?fit=1024%2C954&ssl=1","url":"https:\/\/i0.wp.com\/hoerske.de\/blog\/wp-content\/uploads\/2023\/01\/16711213967602.jpg?fit=1024%2C954&ssl=1","contentUrl":"https:\/\/i0.wp.com\/hoerske.de\/blog\/wp-content\/uploads\/2023\/01\/16711213967602.jpg?fit=1024%2C954&ssl=1","width":1024,"height":954,"caption":"Timo H\u00f6rske"},"logo":{"@id":"https:\/\/i0.wp.com\/hoerske.de\/blog\/wp-content\/uploads\/2023\/01\/16711213967602.jpg?fit=1024%2C954&ssl=1"},"description":"Jahrgang 1985, als \"Ossi\" geboren, im beschaulichen Premnitz an der Havel aufgewachsen. Natur- und Kunstliebhaber. Seit \u00fcber 10 Jahren Wahlbremerhavener, K\u00fcsten- und Windfan. So ziemlich an Allem interessiert. Schwerpunkte sind aber eindeutig Politik, Gesellschaft, Rechtswesen, Natur, Imkerei und Technik. Rotes Parteibuch, Mitglied des Jugendhilfeausschusses der Stadt Bremerhaven, Vorsitzender eines Kleing\u00e4rtnervereins, Fachberater f\u00fcr das Kleingartenwesen, Verbandschef der Bremerhavener Kleing\u00e4rtner*innen. Hobbyimker, Freizeitblogger, Techniknerd.","sameAs":["https:\/\/www.hoerske.de\/","https:\/\/www.facebook.com\/timo.hoerske","https:\/\/www.instagram.com\/thoerske\/","https:\/\/x.com\/timo_hoerske"],"url":"https:\/\/hoerske.de\/blog\/author\/roter_admin\/"}]}},"jetpack_publicize_connections":[],"jetpack_featured_media_url":"https:\/\/i0.wp.com\/hoerske.de\/blog\/wp-content\/uploads\/2016\/05\/596199_original_R_K_B_by_Carl-Ernst-Stahnke_pixelio.de_.jpg?fit=4571%2C2060&ssl=1","jetpack_shortlink":"https:\/\/wp.me\/p4W3ht-ld","jetpack_sharing_enabled":true,"_links":{"self":[{"href":"https:\/\/hoerske.de\/blog\/wp-json\/wp\/v2\/posts\/1315","targetHints":{"allow":["GET"]}}],"collection":[{"href":"https:\/\/hoerske.de\/blog\/wp-json\/wp\/v2\/posts"}],"about":[{"href":"https:\/\/hoerske.de\/blog\/wp-json\/wp\/v2\/types\/post"}],"author":[{"embeddable":true,"href":"https:\/\/hoerske.de\/blog\/wp-json\/wp\/v2\/users\/1"}],"replies":[{"embeddable":true,"href":"https:\/\/hoerske.de\/blog\/wp-json\/wp\/v2\/comments?post=1315"}],"version-history":[{"count":0,"href":"https:\/\/hoerske.de\/blog\/wp-json\/wp\/v2\/posts\/1315\/revisions"}],"wp:featuredmedia":[{"embeddable":true,"href":"https:\/\/hoerske.de\/blog\/wp-json\/wp\/v2\/media\/1316"}],"wp:attachment":[{"href":"https:\/\/hoerske.de\/blog\/wp-json\/wp\/v2\/media?parent=1315"}],"wp:term":[{"taxonomy":"category","embeddable":true,"href":"https:\/\/hoerske.de\/blog\/wp-json\/wp\/v2\/categories?post=1315"},{"taxonomy":"post_tag","embeddable":true,"href":"https:\/\/hoerske.de\/blog\/wp-json\/wp\/v2\/tags?post=1315"}],"curies":[{"name":"wp","href":"https:\/\/api.w.org\/{rel}","templated":true}]}}