{"id":1098,"date":"2016-02-10T12:45:50","date_gmt":"2016-02-10T10:45:50","guid":{"rendered":"https:\/\/www.hoerske.de\/?p=1098"},"modified":"2017-02-06T15:48:16","modified_gmt":"2017-02-06T13:48:16","slug":"meine-stimme-fuer-vernunft","status":"publish","type":"post","link":"https:\/\/hoerske.de\/blog\/2016\/02\/meine-stimme-fuer-vernunft\/","title":{"rendered":"Meine Stimme f\u00fcr Vernunft"},"content":{"rendered":"<div class=\"text \">\n<div class=\"text__body\">\n<p>Unsere Werte, unser Rechtssystem und unsere Gesellschaft steht nicht nur vor der gr\u00f6\u00dfsten Herrausforderungen Ihrer Zeit sondern ist mitten drin. Mit der Notwendigkeit einer Aktion &#8220;Meine Stimme f\u00fcr Vernunft&#8221; zeigt die SPD aber auch wie selbstverst\u00e4ndlich wir die Chancen und Herausforderungen unseres Zusammenlebens manchmal halten.<\/p>\n<p><strong>Wir d\u00fcrfen aus der Kenntnis unserer Vergangenheit aber auch aus freiheitlicher humanistischer Verantwortung heraus nicht zulassen, dass unser aller Deutschland weiter gespalten wird. Wir brauchen heute mehr denn je mehr Zusammenhalt und nicht mehr Hass und Gewalt.<\/strong><\/p>\n<p>Wie viele Andere auch erhebe ich meine Stimme f\u00fcr Vernunft und gegen eine Radikalisierung, Ausgrenzung und rechte Hetze.<\/p>\n<p><img data-recalc-dims=\"1\" loading=\"lazy\" decoding=\"async\" class=\"aligncenter wp-image-1099 size-full\" src=\"https:\/\/i0.wp.com\/www.hoerske.de\/blog\/wp-content\/uploads\/2016\/02\/Large_rectangle_336x280_respekt-4.jpg?resize=336%2C280&#038;ssl=1\" alt=\"Meine Stimme f\u00fcr Vernunft\" width=\"336\" height=\"280\" srcset=\"https:\/\/i0.wp.com\/hoerske.de\/blog\/wp-content\/uploads\/2016\/02\/Large_rectangle_336x280_respekt-4.jpg?w=336&amp;ssl=1 336w, https:\/\/i0.wp.com\/hoerske.de\/blog\/wp-content\/uploads\/2016\/02\/Large_rectangle_336x280_respekt-4.jpg?resize=300%2C250&amp;ssl=1 300w\" sizes=\"auto, (max-width: 336px) 100vw, 336px\" \/><\/p>\n<p>Ich bin \u00fcberzeugt, dass Deutschland eine Gemeinschaft ist in dem alle Menschen sich an Recht und Gesetz sollten. Der Staat \u00fcbernimmt f\u00fcr unsere Gesellschaft die Aufgabe uns zu sch\u00fctzen. Egal ob vor Gewalt gegen Frauen oder vor Gewalt gegen Minderheiten. Ich w\u00fcnsche mir, dass der der aus Not zu uns kommt respektiert wird und wer zu uns kommt auch unsere Gesetze und Kultur respektiert.<\/p>\n<p>Jeder von uns kann und sollte jeden Tag f\u00fcr ein menschliches und sicheres Deutschland einstehen. Ich erwarte von der Politik Aufkl\u00e4rung, Bildung, Integration, klare Regeln und Anwendung der Gesetze. Nur so erreichen wir ein friedliches Zusammenleben. Politische populistische Kr\u00e4ft, die in Zeiten wie diesen noch versuchen die Stimmung f\u00fcr Ihre Zwecke aufzuheizen und mit L\u00fcgen \u00d6l ins Feuer gie\u00dfen, lehne ich nicht nur ab sondern verachte sie. Denn nicht der Schutzsuchende spaltet unsere Gesellschaft sondern der nationalistische Populist schadet unserem Land.<\/p>\n<p>Wir alle k\u00f6nnen in unserem Alltag dazu beitragen Vorurteile abzubauen und der Vernunft helfen zu siegen. Wo viel Dunkelheit herrscht reicht ein kleines Licht aus die Schatten zu vertreiben.<\/p>\n<\/div>\n<\/div>\n","protected":false},"excerpt":{"rendered":"<p>Unsere Werte, unser Rechtssystem und unsere Gesellschaft steht nicht nur vor der gr\u00f6\u00dfsten Herrausforderungen Ihrer Zeit sondern ist mitten drin. Mit der Notwendigkeit einer Aktion &#8220;Meine Stimme f\u00fcr Vernunft&#8221; zeigt die SPD aber auch wie selbstverst\u00e4ndlich wir die Chancen und Herausforderungen unseres Zusammenlebens manchmal halten. Wir d\u00fcrfen aus der Kenntnis<\/p>\n","protected":false},"author":1,"featured_media":1099,"comment_status":"open","ping_status":"open","sticky":false,"template":"","format":"standard","meta":{"jetpack_post_was_ever_published":false,"_jetpack_newsletter_access":"","_jetpack_dont_email_post_to_subs":true,"_jetpack_newsletter_tier_id":0,"_jetpack_memberships_contains_paywalled_content":false,"_jetpack_memberships_contains_paid_content":false,"footnotes":"","jetpack_publicize_message":"","jetpack_publicize_feature_enabled":true,"jetpack_social_post_already_shared":true,"jetpack_social_options":{"image_generator_settings":{"template":"highway","default_image_id":0,"font":"","enabled":false},"version":2},"_wpas_customize_per_network":false},"categories":[489,73],"tags":[312,311,310,100,309,308],"class_list":["post-1098","post","type-post","status-publish","format-standard","has-post-thumbnail","hentry","category-489","category-kommentar","tag-deutschland","tag-oel-ins-feuer","tag-respekt","tag-spd","tag-stimme","tag-vernunft"],"yoast_head":"<!-- This site is optimized with the Yoast SEO Premium plugin v27.3 (Yoast SEO v27.3) - https:\/\/yoast.com\/product\/yoast-seo-premium-wordpress\/ -->\n<title>Meine Stimme f\u00fcr Vernunft - Timos Paper<\/title>\n<meta name=\"description\" content=\"Wie viele Andere auch erhebe ich meine Stimme f\u00fcr Vernunft und gegen eine Radikalisierung, Ausgrenzung und rechte Hetze.\" \/>\n<meta name=\"robots\" content=\"index, follow, max-snippet:-1, max-image-preview:large, max-video-preview:-1\" \/>\n<link rel=\"canonical\" href=\"https:\/\/hoerske.de\/blog\/2016\/02\/meine-stimme-fuer-vernunft\/\" \/>\n<meta property=\"og:locale\" content=\"de_DE\" \/>\n<meta property=\"og:type\" content=\"article\" \/>\n<meta property=\"og:title\" content=\"Meine Stimme f\u00fcr Vernunft\" \/>\n<meta property=\"og:description\" content=\"Wie viele Andere auch erhebe ich meine Stimme f\u00fcr Vernunft und gegen eine Radikalisierung, Ausgrenzung und rechte Hetze.\" \/>\n<meta property=\"og:url\" content=\"https:\/\/hoerske.de\/blog\/2016\/02\/meine-stimme-fuer-vernunft\/\" \/>\n<meta property=\"og:site_name\" content=\"Timos Paper\" \/>\n<meta property=\"article:publisher\" content=\"https:\/\/www.facebook.com\/timo.hoerske\" \/>\n<meta property=\"article:author\" content=\"https:\/\/www.facebook.com\/timo.hoerske\" \/>\n<meta property=\"article:published_time\" content=\"2016-02-10T10:45:50+00:00\" \/>\n<meta property=\"article:modified_time\" content=\"2017-02-06T13:48:16+00:00\" \/>\n<meta property=\"og:image\" content=\"https:\/\/i0.wp.com\/blog.hoerske.de\/wp-content\/uploads\/2016\/02\/Large_rectangle_336x280_respekt-4.jpg?fit=336%2C280\" \/>\n\t<meta property=\"og:image:width\" content=\"336\" \/>\n\t<meta property=\"og:image:height\" content=\"280\" \/>\n\t<meta property=\"og:image:type\" content=\"image\/jpeg\" \/>\n<meta name=\"author\" content=\"Timo H\u00f6rske\" \/>\n<meta name=\"twitter:card\" content=\"summary_large_image\" \/>\n<meta name=\"twitter:creator\" content=\"@timo_hoerske\" \/>\n<meta name=\"twitter:site\" content=\"@timo_hoerske\" \/>\n<meta name=\"twitter:label1\" content=\"Verfasst von\" \/>\n\t<meta name=\"twitter:data1\" content=\"Timo H\u00f6rske\" \/>\n\t<meta name=\"twitter:label2\" content=\"Gesch\u00e4tzte Lesezeit\" \/>\n\t<meta name=\"twitter:data2\" content=\"1\u00a0Minute\" \/>\n<script type=\"application\/ld+json\" class=\"yoast-schema-graph\">{\"@context\":\"https:\\\/\\\/schema.org\",\"@graph\":[{\"@type\":\"Article\",\"@id\":\"https:\\\/\\\/hoerske.de\\\/blog\\\/2016\\\/02\\\/meine-stimme-fuer-vernunft\\\/#article\",\"isPartOf\":{\"@id\":\"https:\\\/\\\/hoerske.de\\\/blog\\\/2016\\\/02\\\/meine-stimme-fuer-vernunft\\\/\"},\"author\":{\"name\":\"Timo H\u00f6rske\",\"@id\":\"https:\\\/\\\/hoerske.de\\\/blog\\\/#\\\/schema\\\/person\\\/20677cf2167fc7027b752c3bba78d5fc\"},\"headline\":\"Meine Stimme f\u00fcr Vernunft\",\"datePublished\":\"2016-02-10T10:45:50+00:00\",\"dateModified\":\"2017-02-06T13:48:16+00:00\",\"mainEntityOfPage\":{\"@id\":\"https:\\\/\\\/hoerske.de\\\/blog\\\/2016\\\/02\\\/meine-stimme-fuer-vernunft\\\/\"},\"wordCount\":294,\"commentCount\":0,\"publisher\":{\"@id\":\"https:\\\/\\\/hoerske.de\\\/blog\\\/#\\\/schema\\\/person\\\/20677cf2167fc7027b752c3bba78d5fc\"},\"image\":{\"@id\":\"https:\\\/\\\/hoerske.de\\\/blog\\\/2016\\\/02\\\/meine-stimme-fuer-vernunft\\\/#primaryimage\"},\"thumbnailUrl\":\"https:\\\/\\\/i0.wp.com\\\/hoerske.de\\\/blog\\\/wp-content\\\/uploads\\\/2016\\\/02\\\/Large_rectangle_336x280_respekt-4.jpg?fit=336%2C280&ssl=1\",\"keywords\":[\"Deutschland\",\"\u00d6l ins Feuer\",\"Respekt\",\"SPD\",\"Stimme\",\"Vernunft\"],\"articleSection\":[\"2016\",\"Kommentar\"],\"inLanguage\":\"de\",\"potentialAction\":[{\"@type\":\"CommentAction\",\"name\":\"Comment\",\"target\":[\"https:\\\/\\\/hoerske.de\\\/blog\\\/2016\\\/02\\\/meine-stimme-fuer-vernunft\\\/#respond\"]}]},{\"@type\":\"WebPage\",\"@id\":\"https:\\\/\\\/hoerske.de\\\/blog\\\/2016\\\/02\\\/meine-stimme-fuer-vernunft\\\/\",\"url\":\"https:\\\/\\\/hoerske.de\\\/blog\\\/2016\\\/02\\\/meine-stimme-fuer-vernunft\\\/\",\"name\":\"Meine Stimme f\u00fcr Vernunft - Timos Paper\",\"isPartOf\":{\"@id\":\"https:\\\/\\\/hoerske.de\\\/blog\\\/#website\"},\"primaryImageOfPage\":{\"@id\":\"https:\\\/\\\/hoerske.de\\\/blog\\\/2016\\\/02\\\/meine-stimme-fuer-vernunft\\\/#primaryimage\"},\"image\":{\"@id\":\"https:\\\/\\\/hoerske.de\\\/blog\\\/2016\\\/02\\\/meine-stimme-fuer-vernunft\\\/#primaryimage\"},\"thumbnailUrl\":\"https:\\\/\\\/i0.wp.com\\\/hoerske.de\\\/blog\\\/wp-content\\\/uploads\\\/2016\\\/02\\\/Large_rectangle_336x280_respekt-4.jpg?fit=336%2C280&ssl=1\",\"datePublished\":\"2016-02-10T10:45:50+00:00\",\"dateModified\":\"2017-02-06T13:48:16+00:00\",\"description\":\"Wie viele Andere auch erhebe ich meine Stimme f\u00fcr Vernunft und gegen eine Radikalisierung, Ausgrenzung und rechte Hetze.\",\"breadcrumb\":{\"@id\":\"https:\\\/\\\/hoerske.de\\\/blog\\\/2016\\\/02\\\/meine-stimme-fuer-vernunft\\\/#breadcrumb\"},\"inLanguage\":\"de\",\"potentialAction\":[{\"@type\":\"ReadAction\",\"target\":[\"https:\\\/\\\/hoerske.de\\\/blog\\\/2016\\\/02\\\/meine-stimme-fuer-vernunft\\\/\"]}]},{\"@type\":\"ImageObject\",\"inLanguage\":\"de\",\"@id\":\"https:\\\/\\\/hoerske.de\\\/blog\\\/2016\\\/02\\\/meine-stimme-fuer-vernunft\\\/#primaryimage\",\"url\":\"https:\\\/\\\/i0.wp.com\\\/hoerske.de\\\/blog\\\/wp-content\\\/uploads\\\/2016\\\/02\\\/Large_rectangle_336x280_respekt-4.jpg?fit=336%2C280&ssl=1\",\"contentUrl\":\"https:\\\/\\\/i0.wp.com\\\/hoerske.de\\\/blog\\\/wp-content\\\/uploads\\\/2016\\\/02\\\/Large_rectangle_336x280_respekt-4.jpg?fit=336%2C280&ssl=1\",\"width\":336,\"height\":280},{\"@type\":\"BreadcrumbList\",\"@id\":\"https:\\\/\\\/hoerske.de\\\/blog\\\/2016\\\/02\\\/meine-stimme-fuer-vernunft\\\/#breadcrumb\",\"itemListElement\":[{\"@type\":\"ListItem\",\"position\":1,\"name\":\"Startseite\",\"item\":\"https:\\\/\\\/hoerske.de\\\/blog\\\/\"},{\"@type\":\"ListItem\",\"position\":2,\"name\":\"Meine Stimme f\u00fcr Vernunft\"}]},{\"@type\":\"WebSite\",\"@id\":\"https:\\\/\\\/hoerske.de\\\/blog\\\/#website\",\"url\":\"https:\\\/\\\/hoerske.de\\\/blog\\\/\",\"name\":\"Timos Blog\",\"description\":\"ego cogito, ergo sum\",\"publisher\":{\"@id\":\"https:\\\/\\\/hoerske.de\\\/blog\\\/#\\\/schema\\\/person\\\/20677cf2167fc7027b752c3bba78d5fc\"},\"potentialAction\":[{\"@type\":\"SearchAction\",\"target\":{\"@type\":\"EntryPoint\",\"urlTemplate\":\"https:\\\/\\\/hoerske.de\\\/blog\\\/?s={search_term_string}\"},\"query-input\":{\"@type\":\"PropertyValueSpecification\",\"valueRequired\":true,\"valueName\":\"search_term_string\"}}],\"inLanguage\":\"de\"},{\"@type\":[\"Person\",\"Organization\"],\"@id\":\"https:\\\/\\\/hoerske.de\\\/blog\\\/#\\\/schema\\\/person\\\/20677cf2167fc7027b752c3bba78d5fc\",\"name\":\"Timo H\u00f6rske\",\"image\":{\"@type\":\"ImageObject\",\"inLanguage\":\"de\",\"@id\":\"https:\\\/\\\/i0.wp.com\\\/hoerske.de\\\/blog\\\/wp-content\\\/uploads\\\/2023\\\/01\\\/16711213967602.jpg?fit=1024%2C954&ssl=1\",\"url\":\"https:\\\/\\\/i0.wp.com\\\/hoerske.de\\\/blog\\\/wp-content\\\/uploads\\\/2023\\\/01\\\/16711213967602.jpg?fit=1024%2C954&ssl=1\",\"contentUrl\":\"https:\\\/\\\/i0.wp.com\\\/hoerske.de\\\/blog\\\/wp-content\\\/uploads\\\/2023\\\/01\\\/16711213967602.jpg?fit=1024%2C954&ssl=1\",\"width\":1024,\"height\":954,\"caption\":\"Timo H\u00f6rske\"},\"logo\":{\"@id\":\"https:\\\/\\\/i0.wp.com\\\/hoerske.de\\\/blog\\\/wp-content\\\/uploads\\\/2023\\\/01\\\/16711213967602.jpg?fit=1024%2C954&ssl=1\"},\"description\":\"Jahrgang 1985, als \\\"Ossi\\\" geboren, im beschaulichen Premnitz an der Havel aufgewachsen. Natur- und Kunstliebhaber. Seit \u00fcber 10 Jahren Wahlbremerhavener, K\u00fcsten- und Windfan. So ziemlich an Allem interessiert. Schwerpunkte sind aber eindeutig Politik, Gesellschaft, Rechtswesen, Natur, Imkerei und Technik. Rotes Parteibuch, Mitglied des Jugendhilfeausschusses der Stadt Bremerhaven, Vorsitzender eines Kleing\u00e4rtnervereins, Fachberater f\u00fcr das Kleingartenwesen, Verbandschef der Bremerhavener Kleing\u00e4rtner*innen. Hobbyimker, Freizeitblogger, Techniknerd.\",\"sameAs\":[\"https:\\\/\\\/www.hoerske.de\\\/\",\"https:\\\/\\\/www.facebook.com\\\/timo.hoerske\",\"https:\\\/\\\/www.instagram.com\\\/thoerske\\\/\",\"https:\\\/\\\/x.com\\\/timo_hoerske\"],\"url\":\"https:\\\/\\\/hoerske.de\\\/blog\\\/author\\\/roter_admin\\\/\"}]}<\/script>\n<!-- \/ Yoast SEO Premium plugin. -->","yoast_head_json":{"title":"Meine Stimme f\u00fcr Vernunft - Timos Paper","description":"Wie viele Andere auch erhebe ich meine Stimme f\u00fcr Vernunft und gegen eine Radikalisierung, Ausgrenzung und rechte Hetze.","robots":{"index":"index","follow":"follow","max-snippet":"max-snippet:-1","max-image-preview":"max-image-preview:large","max-video-preview":"max-video-preview:-1"},"canonical":"https:\/\/hoerske.de\/blog\/2016\/02\/meine-stimme-fuer-vernunft\/","og_locale":"de_DE","og_type":"article","og_title":"Meine Stimme f\u00fcr Vernunft","og_description":"Wie viele Andere auch erhebe ich meine Stimme f\u00fcr Vernunft und gegen eine Radikalisierung, Ausgrenzung und rechte Hetze.","og_url":"https:\/\/hoerske.de\/blog\/2016\/02\/meine-stimme-fuer-vernunft\/","og_site_name":"Timos Paper","article_publisher":"https:\/\/www.facebook.com\/timo.hoerske","article_author":"https:\/\/www.facebook.com\/timo.hoerske","article_published_time":"2016-02-10T10:45:50+00:00","article_modified_time":"2017-02-06T13:48:16+00:00","og_image":[{"width":336,"height":280,"url":"https:\/\/i0.wp.com\/blog.hoerske.de\/wp-content\/uploads\/2016\/02\/Large_rectangle_336x280_respekt-4.jpg?fit=336%2C280","type":"image\/jpeg"}],"author":"Timo H\u00f6rske","twitter_card":"summary_large_image","twitter_creator":"@timo_hoerske","twitter_site":"@timo_hoerske","twitter_misc":{"Verfasst von":"Timo H\u00f6rske","Gesch\u00e4tzte Lesezeit":"1\u00a0Minute"},"schema":{"@context":"https:\/\/schema.org","@graph":[{"@type":"Article","@id":"https:\/\/hoerske.de\/blog\/2016\/02\/meine-stimme-fuer-vernunft\/#article","isPartOf":{"@id":"https:\/\/hoerske.de\/blog\/2016\/02\/meine-stimme-fuer-vernunft\/"},"author":{"name":"Timo H\u00f6rske","@id":"https:\/\/hoerske.de\/blog\/#\/schema\/person\/20677cf2167fc7027b752c3bba78d5fc"},"headline":"Meine Stimme f\u00fcr Vernunft","datePublished":"2016-02-10T10:45:50+00:00","dateModified":"2017-02-06T13:48:16+00:00","mainEntityOfPage":{"@id":"https:\/\/hoerske.de\/blog\/2016\/02\/meine-stimme-fuer-vernunft\/"},"wordCount":294,"commentCount":0,"publisher":{"@id":"https:\/\/hoerske.de\/blog\/#\/schema\/person\/20677cf2167fc7027b752c3bba78d5fc"},"image":{"@id":"https:\/\/hoerske.de\/blog\/2016\/02\/meine-stimme-fuer-vernunft\/#primaryimage"},"thumbnailUrl":"https:\/\/i0.wp.com\/hoerske.de\/blog\/wp-content\/uploads\/2016\/02\/Large_rectangle_336x280_respekt-4.jpg?fit=336%2C280&ssl=1","keywords":["Deutschland","\u00d6l ins Feuer","Respekt","SPD","Stimme","Vernunft"],"articleSection":["2016","Kommentar"],"inLanguage":"de","potentialAction":[{"@type":"CommentAction","name":"Comment","target":["https:\/\/hoerske.de\/blog\/2016\/02\/meine-stimme-fuer-vernunft\/#respond"]}]},{"@type":"WebPage","@id":"https:\/\/hoerske.de\/blog\/2016\/02\/meine-stimme-fuer-vernunft\/","url":"https:\/\/hoerske.de\/blog\/2016\/02\/meine-stimme-fuer-vernunft\/","name":"Meine Stimme f\u00fcr Vernunft - Timos Paper","isPartOf":{"@id":"https:\/\/hoerske.de\/blog\/#website"},"primaryImageOfPage":{"@id":"https:\/\/hoerske.de\/blog\/2016\/02\/meine-stimme-fuer-vernunft\/#primaryimage"},"image":{"@id":"https:\/\/hoerske.de\/blog\/2016\/02\/meine-stimme-fuer-vernunft\/#primaryimage"},"thumbnailUrl":"https:\/\/i0.wp.com\/hoerske.de\/blog\/wp-content\/uploads\/2016\/02\/Large_rectangle_336x280_respekt-4.jpg?fit=336%2C280&ssl=1","datePublished":"2016-02-10T10:45:50+00:00","dateModified":"2017-02-06T13:48:16+00:00","description":"Wie viele Andere auch erhebe ich meine Stimme f\u00fcr Vernunft und gegen eine Radikalisierung, Ausgrenzung und rechte Hetze.","breadcrumb":{"@id":"https:\/\/hoerske.de\/blog\/2016\/02\/meine-stimme-fuer-vernunft\/#breadcrumb"},"inLanguage":"de","potentialAction":[{"@type":"ReadAction","target":["https:\/\/hoerske.de\/blog\/2016\/02\/meine-stimme-fuer-vernunft\/"]}]},{"@type":"ImageObject","inLanguage":"de","@id":"https:\/\/hoerske.de\/blog\/2016\/02\/meine-stimme-fuer-vernunft\/#primaryimage","url":"https:\/\/i0.wp.com\/hoerske.de\/blog\/wp-content\/uploads\/2016\/02\/Large_rectangle_336x280_respekt-4.jpg?fit=336%2C280&ssl=1","contentUrl":"https:\/\/i0.wp.com\/hoerske.de\/blog\/wp-content\/uploads\/2016\/02\/Large_rectangle_336x280_respekt-4.jpg?fit=336%2C280&ssl=1","width":336,"height":280},{"@type":"BreadcrumbList","@id":"https:\/\/hoerske.de\/blog\/2016\/02\/meine-stimme-fuer-vernunft\/#breadcrumb","itemListElement":[{"@type":"ListItem","position":1,"name":"Startseite","item":"https:\/\/hoerske.de\/blog\/"},{"@type":"ListItem","position":2,"name":"Meine Stimme f\u00fcr Vernunft"}]},{"@type":"WebSite","@id":"https:\/\/hoerske.de\/blog\/#website","url":"https:\/\/hoerske.de\/blog\/","name":"Timos Blog","description":"ego cogito, ergo sum","publisher":{"@id":"https:\/\/hoerske.de\/blog\/#\/schema\/person\/20677cf2167fc7027b752c3bba78d5fc"},"potentialAction":[{"@type":"SearchAction","target":{"@type":"EntryPoint","urlTemplate":"https:\/\/hoerske.de\/blog\/?s={search_term_string}"},"query-input":{"@type":"PropertyValueSpecification","valueRequired":true,"valueName":"search_term_string"}}],"inLanguage":"de"},{"@type":["Person","Organization"],"@id":"https:\/\/hoerske.de\/blog\/#\/schema\/person\/20677cf2167fc7027b752c3bba78d5fc","name":"Timo H\u00f6rske","image":{"@type":"ImageObject","inLanguage":"de","@id":"https:\/\/i0.wp.com\/hoerske.de\/blog\/wp-content\/uploads\/2023\/01\/16711213967602.jpg?fit=1024%2C954&ssl=1","url":"https:\/\/i0.wp.com\/hoerske.de\/blog\/wp-content\/uploads\/2023\/01\/16711213967602.jpg?fit=1024%2C954&ssl=1","contentUrl":"https:\/\/i0.wp.com\/hoerske.de\/blog\/wp-content\/uploads\/2023\/01\/16711213967602.jpg?fit=1024%2C954&ssl=1","width":1024,"height":954,"caption":"Timo H\u00f6rske"},"logo":{"@id":"https:\/\/i0.wp.com\/hoerske.de\/blog\/wp-content\/uploads\/2023\/01\/16711213967602.jpg?fit=1024%2C954&ssl=1"},"description":"Jahrgang 1985, als \"Ossi\" geboren, im beschaulichen Premnitz an der Havel aufgewachsen. Natur- und Kunstliebhaber. Seit \u00fcber 10 Jahren Wahlbremerhavener, K\u00fcsten- und Windfan. So ziemlich an Allem interessiert. Schwerpunkte sind aber eindeutig Politik, Gesellschaft, Rechtswesen, Natur, Imkerei und Technik. Rotes Parteibuch, Mitglied des Jugendhilfeausschusses der Stadt Bremerhaven, Vorsitzender eines Kleing\u00e4rtnervereins, Fachberater f\u00fcr das Kleingartenwesen, Verbandschef der Bremerhavener Kleing\u00e4rtner*innen. Hobbyimker, Freizeitblogger, Techniknerd.","sameAs":["https:\/\/www.hoerske.de\/","https:\/\/www.facebook.com\/timo.hoerske","https:\/\/www.instagram.com\/thoerske\/","https:\/\/x.com\/timo_hoerske"],"url":"https:\/\/hoerske.de\/blog\/author\/roter_admin\/"}]}},"jetpack_publicize_connections":[],"jetpack_featured_media_url":"https:\/\/i0.wp.com\/hoerske.de\/blog\/wp-content\/uploads\/2016\/02\/Large_rectangle_336x280_respekt-4.jpg?fit=336%2C280&ssl=1","jetpack_shortlink":"https:\/\/wp.me\/p4W3ht-hI","jetpack_sharing_enabled":true,"_links":{"self":[{"href":"https:\/\/hoerske.de\/blog\/wp-json\/wp\/v2\/posts\/1098","targetHints":{"allow":["GET"]}}],"collection":[{"href":"https:\/\/hoerske.de\/blog\/wp-json\/wp\/v2\/posts"}],"about":[{"href":"https:\/\/hoerske.de\/blog\/wp-json\/wp\/v2\/types\/post"}],"author":[{"embeddable":true,"href":"https:\/\/hoerske.de\/blog\/wp-json\/wp\/v2\/users\/1"}],"replies":[{"embeddable":true,"href":"https:\/\/hoerske.de\/blog\/wp-json\/wp\/v2\/comments?post=1098"}],"version-history":[{"count":0,"href":"https:\/\/hoerske.de\/blog\/wp-json\/wp\/v2\/posts\/1098\/revisions"}],"wp:featuredmedia":[{"embeddable":true,"href":"https:\/\/hoerske.de\/blog\/wp-json\/wp\/v2\/media\/1099"}],"wp:attachment":[{"href":"https:\/\/hoerske.de\/blog\/wp-json\/wp\/v2\/media?parent=1098"}],"wp:term":[{"taxonomy":"category","embeddable":true,"href":"https:\/\/hoerske.de\/blog\/wp-json\/wp\/v2\/categories?post=1098"},{"taxonomy":"post_tag","embeddable":true,"href":"https:\/\/hoerske.de\/blog\/wp-json\/wp\/v2\/tags?post=1098"}],"curies":[{"name":"wp","href":"https:\/\/api.w.org\/{rel}","templated":true}]}}