{"id":1092,"date":"2016-02-03T19:53:51","date_gmt":"2016-02-03T17:53:51","guid":{"rendered":"https:\/\/www.hoerske.de\/?p=1092"},"modified":"2016-12-28T23:36:31","modified_gmt":"2016-12-28T21:36:31","slug":"spd-bremen-sucht-neue-fuehrung","status":"publish","type":"post","link":"https:\/\/hoerske.de\/blog\/2016\/02\/spd-bremen-sucht-neue-fuehrung\/","title":{"rendered":"SPD Bremen sucht neue F\u00fchrung"},"content":{"rendered":"<p>Die gute alte Tante SPD Bremen braucht neues F\u00fchrungspersonal. Soweit so gut und normal&#8230; Warum ein Wort dar\u00fcber verlieren? Weil wir in dem Fall Basisdemokratie richtig ausleben. Es gibt ein Mitgliedervotum.<\/p>\n<p>F\u00fcr alle Nicht-Genossinnen und -Genossen: Alle Parteimitglieder in Bremen egal ob Funktions- oder Mandattr\u00e4ger k\u00f6nnen in einer Urabstimmung per Brief den zuk\u00fcnftigen Landesvorsitz der Partei bestimmen.<\/p>\n<p><img data-recalc-dims=\"1\" loading=\"lazy\" decoding=\"async\" class=\"aligncenter wp-image-1093 size-full\" src=\"https:\/\/i0.wp.com\/www.hoerske.de\/blog\/wp-content\/uploads\/2016\/02\/FullSizeRender.jpg?resize=640%2C235&#038;ssl=1\" alt=\"SPD Bremen\" width=\"640\" height=\"235\" srcset=\"https:\/\/i0.wp.com\/hoerske.de\/blog\/wp-content\/uploads\/2016\/02\/FullSizeRender.jpg?w=640&amp;ssl=1 640w, https:\/\/i0.wp.com\/hoerske.de\/blog\/wp-content\/uploads\/2016\/02\/FullSizeRender.jpg?resize=300%2C110&amp;ssl=1 300w\" sizes=\"auto, (max-width: 640px) 100vw, 640px\" \/><\/p>\n<p>Die SPD Bremen geht damit einen f\u00fcr mich nur konsequenten Weg. Denn die letzten beiden Vorsitzenden blieben uns leider nicht lange erhalten. Zum einen lag es an anderen pers\u00f6nlichen Interessen, zum anderen aber wie ich finde auch an mangelnder Unterst\u00fctzung innerhalb der Partei.<\/p>\n<p>Was liegt da n\u00e4her als die komplette Mitgliederschaft zu fragen welchen Kandidaten oder welche Kandidatin am Besten auf die Position passt? Ich glaube demokratischer kann es nicht sein, als das jeder seine Meinung kund tun kann. Vorallem da alle Bewerber sich in den jeweiligen Gliederungen mit Ihren Vorstellungen und Zielen vorstellen werden.<\/p>\n<p>Ich pers\u00f6nliche freue mich jedenfalls auf spannende Diskussionen und Beteiligung aller bei solch einer wichtigen Personalie.<\/p>\n<p>Mehr Informationen&#8230;<\/p>\n","protected":false},"excerpt":{"rendered":"<p>Die gute alte Tante SPD Bremen braucht neues F\u00fchrungspersonal. Soweit so gut und normal&#8230; Warum ein Wort dar\u00fcber verlieren? Weil wir in dem Fall Basisdemokratie richtig ausleben. Es gibt ein Mitgliedervotum. F\u00fcr alle Nicht-Genossinnen und -Genossen: Alle Parteimitglieder in Bremen egal ob Funktions- oder Mandattr\u00e4ger k\u00f6nnen in einer Urabstimmung per<\/p>\n","protected":false},"author":1,"featured_media":1093,"comment_status":"open","ping_status":"open","sticky":false,"template":"","format":"standard","meta":{"jetpack_post_was_ever_published":false,"_jetpack_newsletter_access":"","_jetpack_dont_email_post_to_subs":true,"_jetpack_newsletter_tier_id":0,"_jetpack_memberships_contains_paywalled_content":false,"_jetpack_memberships_contains_paid_content":false,"footnotes":"","jetpack_publicize_message":"","jetpack_publicize_feature_enabled":true,"jetpack_social_post_already_shared":true,"jetpack_social_options":{"image_generator_settings":{"template":"highway","default_image_id":0,"font":"","enabled":false},"version":2},"_wpas_customize_per_network":false},"categories":[489,177],"tags":[305,307,304,100,306],"class_list":["post-1092","post","type-post","status-publish","format-standard","has-post-thumbnail","hentry","category-489","category-politik","tag-bremen","tag-fuehrung","tag-mitgliedervotum","tag-spd","tag-vorsitz"],"yoast_head":"<!-- This site is optimized with the Yoast SEO Premium plugin v27.3 (Yoast SEO v27.3) - https:\/\/yoast.com\/product\/yoast-seo-premium-wordpress\/ -->\n<title>SPD Bremen sucht neue F\u00fchrung - Timos Paper<\/title>\n<meta name=\"description\" content=\"ie gute alte Tante SPD Bremen braucht neues F\u00fchrungspersonal. Soweit so gut und normal... Warum ein Wort dar\u00fcber verlieren? Es gibt ein Mitgliedervotum.\" \/>\n<meta name=\"robots\" content=\"index, follow, max-snippet:-1, max-image-preview:large, max-video-preview:-1\" \/>\n<link rel=\"canonical\" href=\"https:\/\/hoerske.de\/blog\/2016\/02\/spd-bremen-sucht-neue-fuehrung\/\" \/>\n<meta property=\"og:locale\" content=\"de_DE\" \/>\n<meta property=\"og:type\" content=\"article\" \/>\n<meta property=\"og:title\" content=\"SPD Bremen sucht neue F\u00fchrung\" \/>\n<meta property=\"og:description\" content=\"ie gute alte Tante SPD Bremen braucht neues F\u00fchrungspersonal. Soweit so gut und normal... Warum ein Wort dar\u00fcber verlieren? Es gibt ein Mitgliedervotum.\" \/>\n<meta property=\"og:url\" content=\"https:\/\/hoerske.de\/blog\/2016\/02\/spd-bremen-sucht-neue-fuehrung\/\" \/>\n<meta property=\"og:site_name\" content=\"Timos Paper\" \/>\n<meta property=\"article:publisher\" content=\"https:\/\/www.facebook.com\/timo.hoerske\" \/>\n<meta property=\"article:author\" content=\"https:\/\/www.facebook.com\/timo.hoerske\" \/>\n<meta property=\"article:published_time\" content=\"2016-02-03T17:53:51+00:00\" \/>\n<meta property=\"article:modified_time\" content=\"2016-12-28T21:36:31+00:00\" \/>\n<meta property=\"og:image\" content=\"https:\/\/i0.wp.com\/blog.hoerske.de\/wp-content\/uploads\/2016\/02\/FullSizeRender.jpg?fit=640%2C235\" \/>\n\t<meta property=\"og:image:width\" content=\"640\" \/>\n\t<meta property=\"og:image:height\" content=\"235\" \/>\n\t<meta property=\"og:image:type\" content=\"image\/jpeg\" \/>\n<meta name=\"author\" content=\"Timo H\u00f6rske\" \/>\n<meta name=\"twitter:card\" content=\"summary_large_image\" \/>\n<meta name=\"twitter:creator\" content=\"@timo_hoerske\" \/>\n<meta name=\"twitter:site\" content=\"@timo_hoerske\" \/>\n<meta name=\"twitter:label1\" content=\"Verfasst von\" \/>\n\t<meta name=\"twitter:data1\" content=\"Timo H\u00f6rske\" \/>\n\t<meta name=\"twitter:label2\" content=\"Gesch\u00e4tzte Lesezeit\" \/>\n\t<meta name=\"twitter:data2\" content=\"1\u00a0Minute\" \/>\n<script type=\"application\/ld+json\" class=\"yoast-schema-graph\">{\"@context\":\"https:\\\/\\\/schema.org\",\"@graph\":[{\"@type\":\"Article\",\"@id\":\"https:\\\/\\\/hoerske.de\\\/blog\\\/2016\\\/02\\\/spd-bremen-sucht-neue-fuehrung\\\/#article\",\"isPartOf\":{\"@id\":\"https:\\\/\\\/hoerske.de\\\/blog\\\/2016\\\/02\\\/spd-bremen-sucht-neue-fuehrung\\\/\"},\"author\":{\"name\":\"Timo H\u00f6rske\",\"@id\":\"https:\\\/\\\/hoerske.de\\\/blog\\\/#\\\/schema\\\/person\\\/20677cf2167fc7027b752c3bba78d5fc\"},\"headline\":\"SPD Bremen sucht neue F\u00fchrung\",\"datePublished\":\"2016-02-03T17:53:51+00:00\",\"dateModified\":\"2016-12-28T21:36:31+00:00\",\"mainEntityOfPage\":{\"@id\":\"https:\\\/\\\/hoerske.de\\\/blog\\\/2016\\\/02\\\/spd-bremen-sucht-neue-fuehrung\\\/\"},\"wordCount\":187,\"commentCount\":0,\"publisher\":{\"@id\":\"https:\\\/\\\/hoerske.de\\\/blog\\\/#\\\/schema\\\/person\\\/20677cf2167fc7027b752c3bba78d5fc\"},\"image\":{\"@id\":\"https:\\\/\\\/hoerske.de\\\/blog\\\/2016\\\/02\\\/spd-bremen-sucht-neue-fuehrung\\\/#primaryimage\"},\"thumbnailUrl\":\"https:\\\/\\\/i0.wp.com\\\/hoerske.de\\\/blog\\\/wp-content\\\/uploads\\\/2016\\\/02\\\/FullSizeRender.jpg?fit=640%2C235&ssl=1\",\"keywords\":[\"Bremen\",\"F\u00fchrung\",\"Mitgliedervotum\",\"SPD\",\"Vorsitz\"],\"articleSection\":[\"2016\",\"Politik\"],\"inLanguage\":\"de\",\"potentialAction\":[{\"@type\":\"CommentAction\",\"name\":\"Comment\",\"target\":[\"https:\\\/\\\/hoerske.de\\\/blog\\\/2016\\\/02\\\/spd-bremen-sucht-neue-fuehrung\\\/#respond\"]}]},{\"@type\":\"WebPage\",\"@id\":\"https:\\\/\\\/hoerske.de\\\/blog\\\/2016\\\/02\\\/spd-bremen-sucht-neue-fuehrung\\\/\",\"url\":\"https:\\\/\\\/hoerske.de\\\/blog\\\/2016\\\/02\\\/spd-bremen-sucht-neue-fuehrung\\\/\",\"name\":\"SPD Bremen sucht neue F\u00fchrung - Timos Paper\",\"isPartOf\":{\"@id\":\"https:\\\/\\\/hoerske.de\\\/blog\\\/#website\"},\"primaryImageOfPage\":{\"@id\":\"https:\\\/\\\/hoerske.de\\\/blog\\\/2016\\\/02\\\/spd-bremen-sucht-neue-fuehrung\\\/#primaryimage\"},\"image\":{\"@id\":\"https:\\\/\\\/hoerske.de\\\/blog\\\/2016\\\/02\\\/spd-bremen-sucht-neue-fuehrung\\\/#primaryimage\"},\"thumbnailUrl\":\"https:\\\/\\\/i0.wp.com\\\/hoerske.de\\\/blog\\\/wp-content\\\/uploads\\\/2016\\\/02\\\/FullSizeRender.jpg?fit=640%2C235&ssl=1\",\"datePublished\":\"2016-02-03T17:53:51+00:00\",\"dateModified\":\"2016-12-28T21:36:31+00:00\",\"description\":\"ie gute alte Tante SPD Bremen braucht neues F\u00fchrungspersonal. Soweit so gut und normal... Warum ein Wort dar\u00fcber verlieren? Es gibt ein Mitgliedervotum.\",\"breadcrumb\":{\"@id\":\"https:\\\/\\\/hoerske.de\\\/blog\\\/2016\\\/02\\\/spd-bremen-sucht-neue-fuehrung\\\/#breadcrumb\"},\"inLanguage\":\"de\",\"potentialAction\":[{\"@type\":\"ReadAction\",\"target\":[\"https:\\\/\\\/hoerske.de\\\/blog\\\/2016\\\/02\\\/spd-bremen-sucht-neue-fuehrung\\\/\"]}]},{\"@type\":\"ImageObject\",\"inLanguage\":\"de\",\"@id\":\"https:\\\/\\\/hoerske.de\\\/blog\\\/2016\\\/02\\\/spd-bremen-sucht-neue-fuehrung\\\/#primaryimage\",\"url\":\"https:\\\/\\\/i0.wp.com\\\/hoerske.de\\\/blog\\\/wp-content\\\/uploads\\\/2016\\\/02\\\/FullSizeRender.jpg?fit=640%2C235&ssl=1\",\"contentUrl\":\"https:\\\/\\\/i0.wp.com\\\/hoerske.de\\\/blog\\\/wp-content\\\/uploads\\\/2016\\\/02\\\/FullSizeRender.jpg?fit=640%2C235&ssl=1\",\"width\":640,\"height\":235},{\"@type\":\"BreadcrumbList\",\"@id\":\"https:\\\/\\\/hoerske.de\\\/blog\\\/2016\\\/02\\\/spd-bremen-sucht-neue-fuehrung\\\/#breadcrumb\",\"itemListElement\":[{\"@type\":\"ListItem\",\"position\":1,\"name\":\"Startseite\",\"item\":\"https:\\\/\\\/hoerske.de\\\/blog\\\/\"},{\"@type\":\"ListItem\",\"position\":2,\"name\":\"SPD Bremen sucht neue F\u00fchrung\"}]},{\"@type\":\"WebSite\",\"@id\":\"https:\\\/\\\/hoerske.de\\\/blog\\\/#website\",\"url\":\"https:\\\/\\\/hoerske.de\\\/blog\\\/\",\"name\":\"Timos Blog\",\"description\":\"ego cogito, ergo sum\",\"publisher\":{\"@id\":\"https:\\\/\\\/hoerske.de\\\/blog\\\/#\\\/schema\\\/person\\\/20677cf2167fc7027b752c3bba78d5fc\"},\"potentialAction\":[{\"@type\":\"SearchAction\",\"target\":{\"@type\":\"EntryPoint\",\"urlTemplate\":\"https:\\\/\\\/hoerske.de\\\/blog\\\/?s={search_term_string}\"},\"query-input\":{\"@type\":\"PropertyValueSpecification\",\"valueRequired\":true,\"valueName\":\"search_term_string\"}}],\"inLanguage\":\"de\"},{\"@type\":[\"Person\",\"Organization\"],\"@id\":\"https:\\\/\\\/hoerske.de\\\/blog\\\/#\\\/schema\\\/person\\\/20677cf2167fc7027b752c3bba78d5fc\",\"name\":\"Timo H\u00f6rske\",\"image\":{\"@type\":\"ImageObject\",\"inLanguage\":\"de\",\"@id\":\"https:\\\/\\\/i0.wp.com\\\/hoerske.de\\\/blog\\\/wp-content\\\/uploads\\\/2023\\\/01\\\/16711213967602.jpg?fit=1024%2C954&ssl=1\",\"url\":\"https:\\\/\\\/i0.wp.com\\\/hoerske.de\\\/blog\\\/wp-content\\\/uploads\\\/2023\\\/01\\\/16711213967602.jpg?fit=1024%2C954&ssl=1\",\"contentUrl\":\"https:\\\/\\\/i0.wp.com\\\/hoerske.de\\\/blog\\\/wp-content\\\/uploads\\\/2023\\\/01\\\/16711213967602.jpg?fit=1024%2C954&ssl=1\",\"width\":1024,\"height\":954,\"caption\":\"Timo H\u00f6rske\"},\"logo\":{\"@id\":\"https:\\\/\\\/i0.wp.com\\\/hoerske.de\\\/blog\\\/wp-content\\\/uploads\\\/2023\\\/01\\\/16711213967602.jpg?fit=1024%2C954&ssl=1\"},\"description\":\"Jahrgang 1985, als \\\"Ossi\\\" geboren, im beschaulichen Premnitz an der Havel aufgewachsen. Natur- und Kunstliebhaber. Seit \u00fcber 10 Jahren Wahlbremerhavener, K\u00fcsten- und Windfan. So ziemlich an Allem interessiert. Schwerpunkte sind aber eindeutig Politik, Gesellschaft, Rechtswesen, Natur, Imkerei und Technik. Rotes Parteibuch, Mitglied des Jugendhilfeausschusses der Stadt Bremerhaven, Vorsitzender eines Kleing\u00e4rtnervereins, Fachberater f\u00fcr das Kleingartenwesen, Verbandschef der Bremerhavener Kleing\u00e4rtner*innen. Hobbyimker, Freizeitblogger, Techniknerd.\",\"sameAs\":[\"https:\\\/\\\/www.hoerske.de\\\/\",\"https:\\\/\\\/www.facebook.com\\\/timo.hoerske\",\"https:\\\/\\\/www.instagram.com\\\/thoerske\\\/\",\"https:\\\/\\\/x.com\\\/timo_hoerske\"],\"url\":\"https:\\\/\\\/hoerske.de\\\/blog\\\/author\\\/roter_admin\\\/\"}]}<\/script>\n<!-- \/ Yoast SEO Premium plugin. -->","yoast_head_json":{"title":"SPD Bremen sucht neue F\u00fchrung - Timos Paper","description":"ie gute alte Tante SPD Bremen braucht neues F\u00fchrungspersonal. Soweit so gut und normal... Warum ein Wort dar\u00fcber verlieren? Es gibt ein Mitgliedervotum.","robots":{"index":"index","follow":"follow","max-snippet":"max-snippet:-1","max-image-preview":"max-image-preview:large","max-video-preview":"max-video-preview:-1"},"canonical":"https:\/\/hoerske.de\/blog\/2016\/02\/spd-bremen-sucht-neue-fuehrung\/","og_locale":"de_DE","og_type":"article","og_title":"SPD Bremen sucht neue F\u00fchrung","og_description":"ie gute alte Tante SPD Bremen braucht neues F\u00fchrungspersonal. Soweit so gut und normal... Warum ein Wort dar\u00fcber verlieren? Es gibt ein Mitgliedervotum.","og_url":"https:\/\/hoerske.de\/blog\/2016\/02\/spd-bremen-sucht-neue-fuehrung\/","og_site_name":"Timos Paper","article_publisher":"https:\/\/www.facebook.com\/timo.hoerske","article_author":"https:\/\/www.facebook.com\/timo.hoerske","article_published_time":"2016-02-03T17:53:51+00:00","article_modified_time":"2016-12-28T21:36:31+00:00","og_image":[{"width":640,"height":235,"url":"https:\/\/i0.wp.com\/blog.hoerske.de\/wp-content\/uploads\/2016\/02\/FullSizeRender.jpg?fit=640%2C235","type":"image\/jpeg"}],"author":"Timo H\u00f6rske","twitter_card":"summary_large_image","twitter_creator":"@timo_hoerske","twitter_site":"@timo_hoerske","twitter_misc":{"Verfasst von":"Timo H\u00f6rske","Gesch\u00e4tzte Lesezeit":"1\u00a0Minute"},"schema":{"@context":"https:\/\/schema.org","@graph":[{"@type":"Article","@id":"https:\/\/hoerske.de\/blog\/2016\/02\/spd-bremen-sucht-neue-fuehrung\/#article","isPartOf":{"@id":"https:\/\/hoerske.de\/blog\/2016\/02\/spd-bremen-sucht-neue-fuehrung\/"},"author":{"name":"Timo H\u00f6rske","@id":"https:\/\/hoerske.de\/blog\/#\/schema\/person\/20677cf2167fc7027b752c3bba78d5fc"},"headline":"SPD Bremen sucht neue F\u00fchrung","datePublished":"2016-02-03T17:53:51+00:00","dateModified":"2016-12-28T21:36:31+00:00","mainEntityOfPage":{"@id":"https:\/\/hoerske.de\/blog\/2016\/02\/spd-bremen-sucht-neue-fuehrung\/"},"wordCount":187,"commentCount":0,"publisher":{"@id":"https:\/\/hoerske.de\/blog\/#\/schema\/person\/20677cf2167fc7027b752c3bba78d5fc"},"image":{"@id":"https:\/\/hoerske.de\/blog\/2016\/02\/spd-bremen-sucht-neue-fuehrung\/#primaryimage"},"thumbnailUrl":"https:\/\/i0.wp.com\/hoerske.de\/blog\/wp-content\/uploads\/2016\/02\/FullSizeRender.jpg?fit=640%2C235&ssl=1","keywords":["Bremen","F\u00fchrung","Mitgliedervotum","SPD","Vorsitz"],"articleSection":["2016","Politik"],"inLanguage":"de","potentialAction":[{"@type":"CommentAction","name":"Comment","target":["https:\/\/hoerske.de\/blog\/2016\/02\/spd-bremen-sucht-neue-fuehrung\/#respond"]}]},{"@type":"WebPage","@id":"https:\/\/hoerske.de\/blog\/2016\/02\/spd-bremen-sucht-neue-fuehrung\/","url":"https:\/\/hoerske.de\/blog\/2016\/02\/spd-bremen-sucht-neue-fuehrung\/","name":"SPD Bremen sucht neue F\u00fchrung - Timos Paper","isPartOf":{"@id":"https:\/\/hoerske.de\/blog\/#website"},"primaryImageOfPage":{"@id":"https:\/\/hoerske.de\/blog\/2016\/02\/spd-bremen-sucht-neue-fuehrung\/#primaryimage"},"image":{"@id":"https:\/\/hoerske.de\/blog\/2016\/02\/spd-bremen-sucht-neue-fuehrung\/#primaryimage"},"thumbnailUrl":"https:\/\/i0.wp.com\/hoerske.de\/blog\/wp-content\/uploads\/2016\/02\/FullSizeRender.jpg?fit=640%2C235&ssl=1","datePublished":"2016-02-03T17:53:51+00:00","dateModified":"2016-12-28T21:36:31+00:00","description":"ie gute alte Tante SPD Bremen braucht neues F\u00fchrungspersonal. Soweit so gut und normal... Warum ein Wort dar\u00fcber verlieren? Es gibt ein Mitgliedervotum.","breadcrumb":{"@id":"https:\/\/hoerske.de\/blog\/2016\/02\/spd-bremen-sucht-neue-fuehrung\/#breadcrumb"},"inLanguage":"de","potentialAction":[{"@type":"ReadAction","target":["https:\/\/hoerske.de\/blog\/2016\/02\/spd-bremen-sucht-neue-fuehrung\/"]}]},{"@type":"ImageObject","inLanguage":"de","@id":"https:\/\/hoerske.de\/blog\/2016\/02\/spd-bremen-sucht-neue-fuehrung\/#primaryimage","url":"https:\/\/i0.wp.com\/hoerske.de\/blog\/wp-content\/uploads\/2016\/02\/FullSizeRender.jpg?fit=640%2C235&ssl=1","contentUrl":"https:\/\/i0.wp.com\/hoerske.de\/blog\/wp-content\/uploads\/2016\/02\/FullSizeRender.jpg?fit=640%2C235&ssl=1","width":640,"height":235},{"@type":"BreadcrumbList","@id":"https:\/\/hoerske.de\/blog\/2016\/02\/spd-bremen-sucht-neue-fuehrung\/#breadcrumb","itemListElement":[{"@type":"ListItem","position":1,"name":"Startseite","item":"https:\/\/hoerske.de\/blog\/"},{"@type":"ListItem","position":2,"name":"SPD Bremen sucht neue F\u00fchrung"}]},{"@type":"WebSite","@id":"https:\/\/hoerske.de\/blog\/#website","url":"https:\/\/hoerske.de\/blog\/","name":"Timos Blog","description":"ego cogito, ergo sum","publisher":{"@id":"https:\/\/hoerske.de\/blog\/#\/schema\/person\/20677cf2167fc7027b752c3bba78d5fc"},"potentialAction":[{"@type":"SearchAction","target":{"@type":"EntryPoint","urlTemplate":"https:\/\/hoerske.de\/blog\/?s={search_term_string}"},"query-input":{"@type":"PropertyValueSpecification","valueRequired":true,"valueName":"search_term_string"}}],"inLanguage":"de"},{"@type":["Person","Organization"],"@id":"https:\/\/hoerske.de\/blog\/#\/schema\/person\/20677cf2167fc7027b752c3bba78d5fc","name":"Timo H\u00f6rske","image":{"@type":"ImageObject","inLanguage":"de","@id":"https:\/\/i0.wp.com\/hoerske.de\/blog\/wp-content\/uploads\/2023\/01\/16711213967602.jpg?fit=1024%2C954&ssl=1","url":"https:\/\/i0.wp.com\/hoerske.de\/blog\/wp-content\/uploads\/2023\/01\/16711213967602.jpg?fit=1024%2C954&ssl=1","contentUrl":"https:\/\/i0.wp.com\/hoerske.de\/blog\/wp-content\/uploads\/2023\/01\/16711213967602.jpg?fit=1024%2C954&ssl=1","width":1024,"height":954,"caption":"Timo H\u00f6rske"},"logo":{"@id":"https:\/\/i0.wp.com\/hoerske.de\/blog\/wp-content\/uploads\/2023\/01\/16711213967602.jpg?fit=1024%2C954&ssl=1"},"description":"Jahrgang 1985, als \"Ossi\" geboren, im beschaulichen Premnitz an der Havel aufgewachsen. Natur- und Kunstliebhaber. Seit \u00fcber 10 Jahren Wahlbremerhavener, K\u00fcsten- und Windfan. So ziemlich an Allem interessiert. Schwerpunkte sind aber eindeutig Politik, Gesellschaft, Rechtswesen, Natur, Imkerei und Technik. Rotes Parteibuch, Mitglied des Jugendhilfeausschusses der Stadt Bremerhaven, Vorsitzender eines Kleing\u00e4rtnervereins, Fachberater f\u00fcr das Kleingartenwesen, Verbandschef der Bremerhavener Kleing\u00e4rtner*innen. Hobbyimker, Freizeitblogger, Techniknerd.","sameAs":["https:\/\/www.hoerske.de\/","https:\/\/www.facebook.com\/timo.hoerske","https:\/\/www.instagram.com\/thoerske\/","https:\/\/x.com\/timo_hoerske"],"url":"https:\/\/hoerske.de\/blog\/author\/roter_admin\/"}]}},"jetpack_publicize_connections":[],"jetpack_featured_media_url":"https:\/\/i0.wp.com\/hoerske.de\/blog\/wp-content\/uploads\/2016\/02\/FullSizeRender.jpg?fit=640%2C235&ssl=1","jetpack_shortlink":"https:\/\/wp.me\/p4W3ht-hC","jetpack_sharing_enabled":true,"_links":{"self":[{"href":"https:\/\/hoerske.de\/blog\/wp-json\/wp\/v2\/posts\/1092","targetHints":{"allow":["GET"]}}],"collection":[{"href":"https:\/\/hoerske.de\/blog\/wp-json\/wp\/v2\/posts"}],"about":[{"href":"https:\/\/hoerske.de\/blog\/wp-json\/wp\/v2\/types\/post"}],"author":[{"embeddable":true,"href":"https:\/\/hoerske.de\/blog\/wp-json\/wp\/v2\/users\/1"}],"replies":[{"embeddable":true,"href":"https:\/\/hoerske.de\/blog\/wp-json\/wp\/v2\/comments?post=1092"}],"version-history":[{"count":0,"href":"https:\/\/hoerske.de\/blog\/wp-json\/wp\/v2\/posts\/1092\/revisions"}],"wp:featuredmedia":[{"embeddable":true,"href":"https:\/\/hoerske.de\/blog\/wp-json\/wp\/v2\/media\/1093"}],"wp:attachment":[{"href":"https:\/\/hoerske.de\/blog\/wp-json\/wp\/v2\/media?parent=1092"}],"wp:term":[{"taxonomy":"category","embeddable":true,"href":"https:\/\/hoerske.de\/blog\/wp-json\/wp\/v2\/categories?post=1092"},{"taxonomy":"post_tag","embeddable":true,"href":"https:\/\/hoerske.de\/blog\/wp-json\/wp\/v2\/tags?post=1092"}],"curies":[{"name":"wp","href":"https:\/\/api.w.org\/{rel}","templated":true}]}}