{"id":1083,"date":"2016-01-27T21:10:59","date_gmt":"2016-01-27T19:10:59","guid":{"rendered":"https:\/\/www.hoerske.de\/?p=1083"},"modified":"2016-12-28T23:41:32","modified_gmt":"2016-12-28T21:41:32","slug":"internationaler-tag-des-gedenkens-an-die-opfer-des-holocaust","status":"publish","type":"post","link":"https:\/\/hoerske.de\/blog\/2016\/01\/internationaler-tag-des-gedenkens-an-die-opfer-des-holocaust\/","title":{"rendered":"Internationaler Tag des Gedenkens an die Opfer des Holocaust"},"content":{"rendered":"<p>Der &#8220;Holocaust- Gedenktag&#8221;\u00a0&#8211; International Holocaus Remembrance Day &#8211;\u00a0 zum Gedenken an den Holocaust wurde am 27. Januar 2005 dem 60. Jahrstag der Befreiung des Konzentrationslagers Auschwitz-Birkenau von den Vereinten Nationen eingef\u00fchrt.<\/p>\n<p>Analog dazu gibt es den am gleichen Datum als bundesweit, gesetzlich verankerten Gedenktag den &#8220;Tag des Gedenkens an die Opfer des Nationalsozialismus&#8221;. Der Gedenktag wurde am 3. Januar 1996 durch Proklamation des Bundespr\u00e4sidenten Roman Herzog eingesetzt. In der ganzen Bundesrepublik wird an diesem Tag an \u00f6ffentlichen Geb\u00e4uden Trauerbeflaggung gesetzt. In zahlreichen Veranstaltungen wie Lesungen oder Gottesdiensten wird bundesweit die Erinnerung an die Verbrechen der Nationalsozialisten bewahrt. Im Bundestag findet zu meist in einer Sondersitzung die Gedenkstunde zum Tag des Gedenkens an die Opfer des Nationalsozialismus statt.<\/p>\n<blockquote><p><script id=\"tv16450765\" src=\"http:\/\/webtv.bundestag.de\/player\/macros\/bttv\/player.js?content=6450765&amp;phi=default\" type=\"text\/javascript\"><\/script><br \/>\nRuth Kl\u00fcgers Erlebnisse als Zwangsarbeiterin<br \/>\nDie Schriftstellerin Ruth Kl\u00fcger hat in der Gedenkstunde des Bundestages f\u00fcr die Opfer des Nationalsozialismus am 27. Januar ihre Zeit als Zwangsarbeiterin im Arbeitslager Christianstadt geschildert. Bundestagspr\u00e4sident Lammert nannte die Zwangsarbeit ein Massenph\u00e4nomen.<\/p>\n<p>Quelle: Deutscher Bundestag &#8211; <a href=\"http:\/\/www.bundestag.de\/mediathek\/?action=search&amp;contentArea=details&amp;offsetStart=0&amp;id=6450765&amp;instance=m187&amp;categorie=Sonderveranstaltungen&amp;mask=search&amp;lang=de\" target=\"_blank\">http:\/\/www.bundestag.de\/mediathek<\/a><\/p><\/blockquote>\n<p><span id=\"fbPhotoSnowliftCaption\" class=\"fbPhotosPhotoCaption\" tabindex=\"0\" data-ft=\"{&quot;tn&quot;:&quot;K&quot;}\"><span class=\"hasCaption\">Nicht nur heute verneigen wir uns vor den Millionen Opfern des NS-Regimes. Erinnerungen an unsere Geschichte und unsere Verantwortung darf kein zeitliches Ende kennen. Einen Schlussstrich k\u00f6nnen wir um unser selbst wegen nicht ziehen. <\/span><\/span><\/p>\n<blockquote>\n<div data-canvas-width=\"30.600029574513822\">\u201eDie Deutschen m\u00fcssen Verantwortung tragen. Verantwortung ist jedoch nicht dasselbe wie Schuld. Diejenigen, die sich nicht schuldig f\u00fchlen und an den nazistischen Verbrechen nicht schuld sind, k\u00f6nnen sich gleichwohl nicht den Konsequenzen einer Politik entziehen, der sich ein allzu gro\u00dfer Teil desselben Volkes bereitwillig angeschlossen hatte.\u201c &#8211; Willy Brandt (( in \u201eVerbrecher und andere Deutsche\u201c, 1946 ))<\/div>\n<\/blockquote>\n<p><span id=\"fbPhotoSnowliftCaption\" class=\"fbPhotosPhotoCaption\" tabindex=\"0\" data-ft=\"{&quot;tn&quot;:&quot;K&quot;}\"><span class=\"hasCaption\">Meine Generation tr\u00e4gt vielleicht keine pers\u00f6nliche Schuld mehr, daf\u00fcr aber Verantwortung, dass so etwas nie wieder geschieht. Wir alle sind in der Pflicht, den wichtigsten Satz unseres Grundgesetzes:\u00a0\u201eDie W\u00fcrde des Menschen ist unantastbar.\u201c,\u00a0 im gemeinsamen Alltag mit allen Menschen zu verteidigen.\u00a0 <\/span><\/span><\/p>\n<blockquote><p>\u201eWo immer schweres Leid \u00fcber die Menschen gebracht wird, geht es uns alle an. Vergesst nicht: Wer Unrecht lange geschehen l\u00e4sst, bahnt dem n\u00e4chsten den Weg.\u201c &#8211; Willy Brandt (( in seinem Gru\u00dfwort an den Kongress der Sozialistischen Internationale in Berlin (verlesen durch Hans-Jochen Vogel am 15. September 1992) ))<\/p><\/blockquote>\n<p><span id=\"fbPhotoSnowliftCaption\" class=\"fbPhotosPhotoCaption\" tabindex=\"0\" data-ft=\"{&quot;tn&quot;:&quot;K&quot;}\"><span class=\"hasCaption\">Ich w\u00fcnsche mir eine Gesellschaft der Solidarit\u00e4t, des Friedens und der Gerechtigkeit! Lasst uns nicht nur heute mit einer ernsten Mahnung der Geschichte im Hinterkopf offen und friedlich miteinander Leben.<br \/>\n<\/span><\/span><\/p>\n<div id=\"fbPhotoSnowliftPagesTagList\" class=\"pts fbPhotoPagesTagList\"><\/div>\n<p>&nbsp;<\/p>\n","protected":false},"excerpt":{"rendered":"<p>Der &#8220;Holocaust- Gedenktag&#8221;\u00a0&#8211; International Holocaus Remembrance Day &#8211;\u00a0 zum Gedenken an den Holocaust wurde am 27. Januar 2005 dem 60. Jahrstag der Befreiung des Konzentrationslagers Auschwitz-Birkenau von den Vereinten Nationen eingef\u00fchrt. Analog dazu gibt es den am gleichen Datum als bundesweit, gesetzlich verankerten Gedenktag den &#8220;Tag des Gedenkens an die<\/p>\n","protected":false},"author":1,"featured_media":0,"comment_status":"open","ping_status":"open","sticky":false,"template":"","format":"standard","meta":{"jetpack_post_was_ever_published":false,"_jetpack_newsletter_access":"","_jetpack_dont_email_post_to_subs":true,"_jetpack_newsletter_tier_id":0,"_jetpack_memberships_contains_paywalled_content":false,"_jetpack_memberships_contains_paid_content":false,"footnotes":"","jetpack_publicize_message":"","jetpack_publicize_feature_enabled":true,"jetpack_social_post_already_shared":true,"jetpack_social_options":{"image_generator_settings":{"template":"highway","default_image_id":0,"font":"","enabled":false},"version":2},"_wpas_customize_per_network":false},"categories":[489,43,73,22],"tags":[301,300,303,302],"class_list":["post-1083","post","type-post","status-publish","format-standard","hentry","category-489","category-jahr","category-kommentar","category-vergangenheit","tag-gedenken","tag-holocaust","tag-schuld","tag-verantwortung"],"yoast_head":"<!-- This site is optimized with the Yoast SEO Premium plugin v27.3 (Yoast SEO v27.3) - https:\/\/yoast.com\/product\/yoast-seo-premium-wordpress\/ -->\n<title>Internationaler Tag des Gedenkens an die Opfer des Holocaust - Timos Paper<\/title>\n<meta name=\"description\" content=\"zum Gedenken an den Holocaust wurde am 27. Januar 2005 dem 60. Jahrstag der Befreiung des Konzentrationslagers Auschwitz-Birkenau.\" \/>\n<meta name=\"robots\" content=\"index, follow, max-snippet:-1, max-image-preview:large, max-video-preview:-1\" \/>\n<link rel=\"canonical\" href=\"https:\/\/hoerske.de\/blog\/2016\/01\/internationaler-tag-des-gedenkens-an-die-opfer-des-holocaust\/\" \/>\n<meta property=\"og:locale\" content=\"de_DE\" \/>\n<meta property=\"og:type\" content=\"article\" \/>\n<meta property=\"og:title\" content=\"Internationaler Tag des Gedenkens an die Opfer des Holocaust\" \/>\n<meta property=\"og:description\" content=\"zum Gedenken an den Holocaust wurde am 27. Januar 2005 dem 60. Jahrstag der Befreiung des Konzentrationslagers Auschwitz-Birkenau.\" \/>\n<meta property=\"og:url\" content=\"https:\/\/hoerske.de\/blog\/2016\/01\/internationaler-tag-des-gedenkens-an-die-opfer-des-holocaust\/\" \/>\n<meta property=\"og:site_name\" content=\"Timos Paper\" \/>\n<meta property=\"article:publisher\" content=\"https:\/\/www.facebook.com\/timo.hoerske\" \/>\n<meta property=\"article:author\" content=\"https:\/\/www.facebook.com\/timo.hoerske\" \/>\n<meta property=\"article:published_time\" content=\"2016-01-27T19:10:59+00:00\" \/>\n<meta property=\"article:modified_time\" content=\"2016-12-28T21:41:32+00:00\" \/>\n<meta property=\"og:image\" content=\"https:\/\/i0.wp.com\/hoerske.de\/blog\/wp-content\/uploads\/2018\/11\/IMG_9914%4005x.png?fit=1939%2C1077&ssl=1\" \/>\n\t<meta property=\"og:image:width\" content=\"1939\" \/>\n\t<meta property=\"og:image:height\" content=\"1077\" \/>\n\t<meta property=\"og:image:type\" content=\"image\/png\" \/>\n<meta name=\"author\" content=\"Timo H\u00f6rske\" \/>\n<meta name=\"twitter:card\" content=\"summary_large_image\" \/>\n<meta name=\"twitter:creator\" content=\"@timo_hoerske\" \/>\n<meta name=\"twitter:site\" content=\"@timo_hoerske\" \/>\n<meta name=\"twitter:label1\" content=\"Verfasst von\" \/>\n\t<meta name=\"twitter:data1\" content=\"Timo H\u00f6rske\" \/>\n\t<meta name=\"twitter:label2\" content=\"Gesch\u00e4tzte Lesezeit\" \/>\n\t<meta name=\"twitter:data2\" content=\"2\u00a0Minuten\" \/>\n<script type=\"application\/ld+json\" class=\"yoast-schema-graph\">{\"@context\":\"https:\\\/\\\/schema.org\",\"@graph\":[{\"@type\":\"Article\",\"@id\":\"https:\\\/\\\/hoerske.de\\\/blog\\\/2016\\\/01\\\/internationaler-tag-des-gedenkens-an-die-opfer-des-holocaust\\\/#article\",\"isPartOf\":{\"@id\":\"https:\\\/\\\/hoerske.de\\\/blog\\\/2016\\\/01\\\/internationaler-tag-des-gedenkens-an-die-opfer-des-holocaust\\\/\"},\"author\":{\"name\":\"Timo H\u00f6rske\",\"@id\":\"https:\\\/\\\/hoerske.de\\\/blog\\\/#\\\/schema\\\/person\\\/20677cf2167fc7027b752c3bba78d5fc\"},\"headline\":\"Internationaler Tag des Gedenkens an die Opfer des Holocaust\",\"datePublished\":\"2016-01-27T19:10:59+00:00\",\"dateModified\":\"2016-12-28T21:41:32+00:00\",\"mainEntityOfPage\":{\"@id\":\"https:\\\/\\\/hoerske.de\\\/blog\\\/2016\\\/01\\\/internationaler-tag-des-gedenkens-an-die-opfer-des-holocaust\\\/\"},\"wordCount\":397,\"commentCount\":0,\"publisher\":{\"@id\":\"https:\\\/\\\/hoerske.de\\\/blog\\\/#\\\/schema\\\/person\\\/20677cf2167fc7027b752c3bba78d5fc\"},\"keywords\":[\"Gedenken\",\"Holocaust\",\"Schuld\",\"Verantwortung\"],\"articleSection\":[\"2016\",\"Jahr\",\"Kommentar\",\"Vergangenheit\"],\"inLanguage\":\"de\",\"potentialAction\":[{\"@type\":\"CommentAction\",\"name\":\"Comment\",\"target\":[\"https:\\\/\\\/hoerske.de\\\/blog\\\/2016\\\/01\\\/internationaler-tag-des-gedenkens-an-die-opfer-des-holocaust\\\/#respond\"]}]},{\"@type\":\"WebPage\",\"@id\":\"https:\\\/\\\/hoerske.de\\\/blog\\\/2016\\\/01\\\/internationaler-tag-des-gedenkens-an-die-opfer-des-holocaust\\\/\",\"url\":\"https:\\\/\\\/hoerske.de\\\/blog\\\/2016\\\/01\\\/internationaler-tag-des-gedenkens-an-die-opfer-des-holocaust\\\/\",\"name\":\"Internationaler Tag des Gedenkens an die Opfer des Holocaust - Timos Paper\",\"isPartOf\":{\"@id\":\"https:\\\/\\\/hoerske.de\\\/blog\\\/#website\"},\"datePublished\":\"2016-01-27T19:10:59+00:00\",\"dateModified\":\"2016-12-28T21:41:32+00:00\",\"description\":\"zum Gedenken an den Holocaust wurde am 27. Januar 2005 dem 60. Jahrstag der Befreiung des Konzentrationslagers Auschwitz-Birkenau.\",\"breadcrumb\":{\"@id\":\"https:\\\/\\\/hoerske.de\\\/blog\\\/2016\\\/01\\\/internationaler-tag-des-gedenkens-an-die-opfer-des-holocaust\\\/#breadcrumb\"},\"inLanguage\":\"de\",\"potentialAction\":[{\"@type\":\"ReadAction\",\"target\":[\"https:\\\/\\\/hoerske.de\\\/blog\\\/2016\\\/01\\\/internationaler-tag-des-gedenkens-an-die-opfer-des-holocaust\\\/\"]}]},{\"@type\":\"BreadcrumbList\",\"@id\":\"https:\\\/\\\/hoerske.de\\\/blog\\\/2016\\\/01\\\/internationaler-tag-des-gedenkens-an-die-opfer-des-holocaust\\\/#breadcrumb\",\"itemListElement\":[{\"@type\":\"ListItem\",\"position\":1,\"name\":\"Startseite\",\"item\":\"https:\\\/\\\/hoerske.de\\\/blog\\\/\"},{\"@type\":\"ListItem\",\"position\":2,\"name\":\"Internationaler Tag des Gedenkens an die Opfer des Holocaust\"}]},{\"@type\":\"WebSite\",\"@id\":\"https:\\\/\\\/hoerske.de\\\/blog\\\/#website\",\"url\":\"https:\\\/\\\/hoerske.de\\\/blog\\\/\",\"name\":\"Timos Blog\",\"description\":\"ego cogito, ergo sum\",\"publisher\":{\"@id\":\"https:\\\/\\\/hoerske.de\\\/blog\\\/#\\\/schema\\\/person\\\/20677cf2167fc7027b752c3bba78d5fc\"},\"potentialAction\":[{\"@type\":\"SearchAction\",\"target\":{\"@type\":\"EntryPoint\",\"urlTemplate\":\"https:\\\/\\\/hoerske.de\\\/blog\\\/?s={search_term_string}\"},\"query-input\":{\"@type\":\"PropertyValueSpecification\",\"valueRequired\":true,\"valueName\":\"search_term_string\"}}],\"inLanguage\":\"de\"},{\"@type\":[\"Person\",\"Organization\"],\"@id\":\"https:\\\/\\\/hoerske.de\\\/blog\\\/#\\\/schema\\\/person\\\/20677cf2167fc7027b752c3bba78d5fc\",\"name\":\"Timo H\u00f6rske\",\"image\":{\"@type\":\"ImageObject\",\"inLanguage\":\"de\",\"@id\":\"https:\\\/\\\/i0.wp.com\\\/hoerske.de\\\/blog\\\/wp-content\\\/uploads\\\/2023\\\/01\\\/16711213967602.jpg?fit=1024%2C954&ssl=1\",\"url\":\"https:\\\/\\\/i0.wp.com\\\/hoerske.de\\\/blog\\\/wp-content\\\/uploads\\\/2023\\\/01\\\/16711213967602.jpg?fit=1024%2C954&ssl=1\",\"contentUrl\":\"https:\\\/\\\/i0.wp.com\\\/hoerske.de\\\/blog\\\/wp-content\\\/uploads\\\/2023\\\/01\\\/16711213967602.jpg?fit=1024%2C954&ssl=1\",\"width\":1024,\"height\":954,\"caption\":\"Timo H\u00f6rske\"},\"logo\":{\"@id\":\"https:\\\/\\\/i0.wp.com\\\/hoerske.de\\\/blog\\\/wp-content\\\/uploads\\\/2023\\\/01\\\/16711213967602.jpg?fit=1024%2C954&ssl=1\"},\"description\":\"Jahrgang 1985, als \\\"Ossi\\\" geboren, im beschaulichen Premnitz an der Havel aufgewachsen. Natur- und Kunstliebhaber. Seit \u00fcber 10 Jahren Wahlbremerhavener, K\u00fcsten- und Windfan. So ziemlich an Allem interessiert. Schwerpunkte sind aber eindeutig Politik, Gesellschaft, Rechtswesen, Natur, Imkerei und Technik. Rotes Parteibuch, Mitglied des Jugendhilfeausschusses der Stadt Bremerhaven, Vorsitzender eines Kleing\u00e4rtnervereins, Fachberater f\u00fcr das Kleingartenwesen, Verbandschef der Bremerhavener Kleing\u00e4rtner*innen. Hobbyimker, Freizeitblogger, Techniknerd.\",\"sameAs\":[\"https:\\\/\\\/www.hoerske.de\\\/\",\"https:\\\/\\\/www.facebook.com\\\/timo.hoerske\",\"https:\\\/\\\/www.instagram.com\\\/thoerske\\\/\",\"https:\\\/\\\/x.com\\\/timo_hoerske\"],\"url\":\"https:\\\/\\\/hoerske.de\\\/blog\\\/author\\\/roter_admin\\\/\"}]}<\/script>\n<!-- \/ Yoast SEO Premium plugin. -->","yoast_head_json":{"title":"Internationaler Tag des Gedenkens an die Opfer des Holocaust - Timos Paper","description":"zum Gedenken an den Holocaust wurde am 27. Januar 2005 dem 60. Jahrstag der Befreiung des Konzentrationslagers Auschwitz-Birkenau.","robots":{"index":"index","follow":"follow","max-snippet":"max-snippet:-1","max-image-preview":"max-image-preview:large","max-video-preview":"max-video-preview:-1"},"canonical":"https:\/\/hoerske.de\/blog\/2016\/01\/internationaler-tag-des-gedenkens-an-die-opfer-des-holocaust\/","og_locale":"de_DE","og_type":"article","og_title":"Internationaler Tag des Gedenkens an die Opfer des Holocaust","og_description":"zum Gedenken an den Holocaust wurde am 27. Januar 2005 dem 60. Jahrstag der Befreiung des Konzentrationslagers Auschwitz-Birkenau.","og_url":"https:\/\/hoerske.de\/blog\/2016\/01\/internationaler-tag-des-gedenkens-an-die-opfer-des-holocaust\/","og_site_name":"Timos Paper","article_publisher":"https:\/\/www.facebook.com\/timo.hoerske","article_author":"https:\/\/www.facebook.com\/timo.hoerske","article_published_time":"2016-01-27T19:10:59+00:00","article_modified_time":"2016-12-28T21:41:32+00:00","og_image":[{"width":1939,"height":1077,"url":"https:\/\/i0.wp.com\/hoerske.de\/blog\/wp-content\/uploads\/2018\/11\/IMG_9914%4005x.png?fit=1939%2C1077&ssl=1","type":"image\/png"}],"author":"Timo H\u00f6rske","twitter_card":"summary_large_image","twitter_creator":"@timo_hoerske","twitter_site":"@timo_hoerske","twitter_misc":{"Verfasst von":"Timo H\u00f6rske","Gesch\u00e4tzte Lesezeit":"2\u00a0Minuten"},"schema":{"@context":"https:\/\/schema.org","@graph":[{"@type":"Article","@id":"https:\/\/hoerske.de\/blog\/2016\/01\/internationaler-tag-des-gedenkens-an-die-opfer-des-holocaust\/#article","isPartOf":{"@id":"https:\/\/hoerske.de\/blog\/2016\/01\/internationaler-tag-des-gedenkens-an-die-opfer-des-holocaust\/"},"author":{"name":"Timo H\u00f6rske","@id":"https:\/\/hoerske.de\/blog\/#\/schema\/person\/20677cf2167fc7027b752c3bba78d5fc"},"headline":"Internationaler Tag des Gedenkens an die Opfer des Holocaust","datePublished":"2016-01-27T19:10:59+00:00","dateModified":"2016-12-28T21:41:32+00:00","mainEntityOfPage":{"@id":"https:\/\/hoerske.de\/blog\/2016\/01\/internationaler-tag-des-gedenkens-an-die-opfer-des-holocaust\/"},"wordCount":397,"commentCount":0,"publisher":{"@id":"https:\/\/hoerske.de\/blog\/#\/schema\/person\/20677cf2167fc7027b752c3bba78d5fc"},"keywords":["Gedenken","Holocaust","Schuld","Verantwortung"],"articleSection":["2016","Jahr","Kommentar","Vergangenheit"],"inLanguage":"de","potentialAction":[{"@type":"CommentAction","name":"Comment","target":["https:\/\/hoerske.de\/blog\/2016\/01\/internationaler-tag-des-gedenkens-an-die-opfer-des-holocaust\/#respond"]}]},{"@type":"WebPage","@id":"https:\/\/hoerske.de\/blog\/2016\/01\/internationaler-tag-des-gedenkens-an-die-opfer-des-holocaust\/","url":"https:\/\/hoerske.de\/blog\/2016\/01\/internationaler-tag-des-gedenkens-an-die-opfer-des-holocaust\/","name":"Internationaler Tag des Gedenkens an die Opfer des Holocaust - Timos Paper","isPartOf":{"@id":"https:\/\/hoerske.de\/blog\/#website"},"datePublished":"2016-01-27T19:10:59+00:00","dateModified":"2016-12-28T21:41:32+00:00","description":"zum Gedenken an den Holocaust wurde am 27. Januar 2005 dem 60. Jahrstag der Befreiung des Konzentrationslagers Auschwitz-Birkenau.","breadcrumb":{"@id":"https:\/\/hoerske.de\/blog\/2016\/01\/internationaler-tag-des-gedenkens-an-die-opfer-des-holocaust\/#breadcrumb"},"inLanguage":"de","potentialAction":[{"@type":"ReadAction","target":["https:\/\/hoerske.de\/blog\/2016\/01\/internationaler-tag-des-gedenkens-an-die-opfer-des-holocaust\/"]}]},{"@type":"BreadcrumbList","@id":"https:\/\/hoerske.de\/blog\/2016\/01\/internationaler-tag-des-gedenkens-an-die-opfer-des-holocaust\/#breadcrumb","itemListElement":[{"@type":"ListItem","position":1,"name":"Startseite","item":"https:\/\/hoerske.de\/blog\/"},{"@type":"ListItem","position":2,"name":"Internationaler Tag des Gedenkens an die Opfer des Holocaust"}]},{"@type":"WebSite","@id":"https:\/\/hoerske.de\/blog\/#website","url":"https:\/\/hoerske.de\/blog\/","name":"Timos Blog","description":"ego cogito, ergo sum","publisher":{"@id":"https:\/\/hoerske.de\/blog\/#\/schema\/person\/20677cf2167fc7027b752c3bba78d5fc"},"potentialAction":[{"@type":"SearchAction","target":{"@type":"EntryPoint","urlTemplate":"https:\/\/hoerske.de\/blog\/?s={search_term_string}"},"query-input":{"@type":"PropertyValueSpecification","valueRequired":true,"valueName":"search_term_string"}}],"inLanguage":"de"},{"@type":["Person","Organization"],"@id":"https:\/\/hoerske.de\/blog\/#\/schema\/person\/20677cf2167fc7027b752c3bba78d5fc","name":"Timo H\u00f6rske","image":{"@type":"ImageObject","inLanguage":"de","@id":"https:\/\/i0.wp.com\/hoerske.de\/blog\/wp-content\/uploads\/2023\/01\/16711213967602.jpg?fit=1024%2C954&ssl=1","url":"https:\/\/i0.wp.com\/hoerske.de\/blog\/wp-content\/uploads\/2023\/01\/16711213967602.jpg?fit=1024%2C954&ssl=1","contentUrl":"https:\/\/i0.wp.com\/hoerske.de\/blog\/wp-content\/uploads\/2023\/01\/16711213967602.jpg?fit=1024%2C954&ssl=1","width":1024,"height":954,"caption":"Timo H\u00f6rske"},"logo":{"@id":"https:\/\/i0.wp.com\/hoerske.de\/blog\/wp-content\/uploads\/2023\/01\/16711213967602.jpg?fit=1024%2C954&ssl=1"},"description":"Jahrgang 1985, als \"Ossi\" geboren, im beschaulichen Premnitz an der Havel aufgewachsen. Natur- und Kunstliebhaber. Seit \u00fcber 10 Jahren Wahlbremerhavener, K\u00fcsten- und Windfan. So ziemlich an Allem interessiert. Schwerpunkte sind aber eindeutig Politik, Gesellschaft, Rechtswesen, Natur, Imkerei und Technik. Rotes Parteibuch, Mitglied des Jugendhilfeausschusses der Stadt Bremerhaven, Vorsitzender eines Kleing\u00e4rtnervereins, Fachberater f\u00fcr das Kleingartenwesen, Verbandschef der Bremerhavener Kleing\u00e4rtner*innen. Hobbyimker, Freizeitblogger, Techniknerd.","sameAs":["https:\/\/www.hoerske.de\/","https:\/\/www.facebook.com\/timo.hoerske","https:\/\/www.instagram.com\/thoerske\/","https:\/\/x.com\/timo_hoerske"],"url":"https:\/\/hoerske.de\/blog\/author\/roter_admin\/"}]}},"jetpack_publicize_connections":[],"jetpack_featured_media_url":"","jetpack_shortlink":"https:\/\/wp.me\/p4W3ht-ht","jetpack_sharing_enabled":true,"_links":{"self":[{"href":"https:\/\/hoerske.de\/blog\/wp-json\/wp\/v2\/posts\/1083","targetHints":{"allow":["GET"]}}],"collection":[{"href":"https:\/\/hoerske.de\/blog\/wp-json\/wp\/v2\/posts"}],"about":[{"href":"https:\/\/hoerske.de\/blog\/wp-json\/wp\/v2\/types\/post"}],"author":[{"embeddable":true,"href":"https:\/\/hoerske.de\/blog\/wp-json\/wp\/v2\/users\/1"}],"replies":[{"embeddable":true,"href":"https:\/\/hoerske.de\/blog\/wp-json\/wp\/v2\/comments?post=1083"}],"version-history":[{"count":0,"href":"https:\/\/hoerske.de\/blog\/wp-json\/wp\/v2\/posts\/1083\/revisions"}],"wp:attachment":[{"href":"https:\/\/hoerske.de\/blog\/wp-json\/wp\/v2\/media?parent=1083"}],"wp:term":[{"taxonomy":"category","embeddable":true,"href":"https:\/\/hoerske.de\/blog\/wp-json\/wp\/v2\/categories?post=1083"},{"taxonomy":"post_tag","embeddable":true,"href":"https:\/\/hoerske.de\/blog\/wp-json\/wp\/v2\/tags?post=1083"}],"curies":[{"name":"wp","href":"https:\/\/api.w.org\/{rel}","templated":true}]}}