{"id":1037,"date":"2016-01-08T06:18:54","date_gmt":"2016-01-08T04:18:54","guid":{"rendered":"https:\/\/www.hoerske.de\/?p=1037"},"modified":"2016-12-28T23:41:42","modified_gmt":"2016-12-28T21:41:42","slug":"familie-grimaldi-erobert-monaco","status":"publish","type":"post","link":"https:\/\/hoerske.de\/blog\/2016\/01\/familie-grimaldi-erobert-monaco\/","title":{"rendered":"Familie Grimaldi erobert Monaco"},"content":{"rendered":"<p>Was erstmal nach einer Schlagzeile f\u00fcr Boulevard Zeitungen klingt, ist eigentlich ein historisches Ereignis. Heute vor 719 Jahren marschierten die Truppen von Francesco Grimaldi als Franziskaner verkleidet auf den Felsen von Monaco und erobern die dortige Festung.<\/p>\n<p>Geschichtlich ist dies die erste verbriefte \u00dcbernahme Monacos durch die Grimaldis. Diese erste Machtaus\u00fcbung der Familie Grimaldi im Gebiet des heutigen F\u00fcrstentums Monaco dauerte allerdings nur vier Jahre. Der Cousin des Eroberers\u00a0Matteo\u00a0Grimaldi \u00fcbernahm in dieser Zeit als Familienoberhaupt auch die Staatsf\u00fchrung.<\/p>\n<p>Grimaldis sind das nicht diese aus dem heutigen F\u00fcrstentum Monaco? Genau. Das Adelsgeschlecht der Grimaldis von Monaco.<\/p>\n<figure id=\"attachment_1040\" aria-describedby=\"caption-attachment-1040\" style=\"width: 300px\" class=\"wp-caption alignleft\"><a href=\"https:\/\/i0.wp.com\/www.hoerske.de\/blog\/wp-content\/uploads\/2016\/01\/Monaco_50_Cent_2002.png?ssl=1\" rel=\"attachment wp-att-1040\"><img data-recalc-dims=\"1\" loading=\"lazy\" decoding=\"async\" class=\"size-medium wp-image-1040\" src=\"https:\/\/i0.wp.com\/www.hoerske.de\/blog\/wp-content\/uploads\/2016\/01\/Monaco_50_Cent_2002-300x300.png?resize=300%2C300&#038;ssl=1\" alt=\"Familie Grimaldi und der Euro\" width=\"300\" height=\"300\" srcset=\"https:\/\/i0.wp.com\/hoerske.de\/blog\/wp-content\/uploads\/2016\/01\/Monaco_50_Cent_2002.png?resize=300%2C300&amp;ssl=1 300w, https:\/\/i0.wp.com\/hoerske.de\/blog\/wp-content\/uploads\/2016\/01\/Monaco_50_Cent_2002.png?resize=150%2C150&amp;ssl=1 150w, https:\/\/i0.wp.com\/hoerske.de\/blog\/wp-content\/uploads\/2016\/01\/Monaco_50_Cent_2002.png?resize=768%2C768&amp;ssl=1 768w, https:\/\/i0.wp.com\/hoerske.de\/blog\/wp-content\/uploads\/2016\/01\/Monaco_50_Cent_2002.png?w=800&amp;ssl=1 800w\" sizes=\"auto, (max-width: 300px) 100vw, 300px\" \/><\/a><figcaption id=\"caption-attachment-1040\" class=\"wp-caption-text\">Siegel mit Wappen Monacos als Schild des Reiters auf einer 50-Cent-M\u00fcnze aus 2002<\/figcaption><\/figure>\n<p>Die zum Patriziat der Republik Genua geh\u00f6rende Familie Grimaldi\u00a0geht zur\u00fcck auf den Genuesen Otto Canella ((1133: Konsul von Genua)). Dessen\u00a0j\u00fcngster Sohn, Grimaldo Canella, gilt als Patron f\u00fcr den Namen der Familie Grimaldi. Der Enkel Canellas nannte sich Oberto Grimaldi und wird nach heutiger Auslegung\u00a0als Vater der Grimaldi angesehen ((Seite \u201eGrimaldi\u201c. In: Wikipedia, Die freie Enzyklop\u00e4die. Bearbeitungsstand: 14. Dezember 2015, 21:30 UTC. URL: <a class=\"external free\" href=\"https:\/\/de.wikipedia.org\/w\/index.php?title=Grimaldi&amp;oldid=149066693\">https:\/\/de.wikipedia.org\/w\/index.php?title=Grimaldi&amp;oldid=149066693<\/a> (Abgerufen: 7. Januar 2016, 09:52 UTC) )).<\/p>\n<p>Durch Verdienst in Kriegen und den richtigen Gefolgschaften erlangten die Grimaldis\u00a0am 12. September 1331 nach dem R\u00fcckzug der <span id=\"wiki-tooltip-1\" data-tooltip-content=\"#wiki-tooltip-box-1\" data-wiki_num=\"1\" data-wiki_id=\"1920\" data-wiki_title=\"Ghibellinen und Guelfen\" data-wiki_section=\"\" data-wiki_base_url=\"https:\/\/de.wikipedia.org\/w\/api.php\" data-wiki_url=\"https:\/\/de.wikipedia.org\/wiki\/Ghibellinen_und_Guelfen\" data-wiki_thumbnail=\"default\" data-wiki_nonce=\"219ef879fa\"><a class=\"wiki-tooltip\" href=\"https:\/\/de.wikipedia.org\/wiki\/Ghibellinen_und_Guelfen\" target=\"_blank\" rel=\"noopener noreferrer\" onclick=\"return isClickEnabled( 'hover', '' );\">Ghibellinen<\/a><\/span> die Festung Monaco vom franz\u00f6sischen K\u00f6nig wieder zugesprochen.<\/p>\n<p>Bis heute hielt sich das Adelsgeschlecht und st\u00e4rkte seine Position durch verschiedene Heiraten mit anderen\u00a0europ\u00e4ische Dynastien.<\/p>\n<p>Noch heute an der Herrschaft der Familie ist die Linie Grimaldi-Valentinois. Diese entstand aus der Tatsache, dass F\u00fcrst Louis II. von Monaco nur die unehelich geborene Tochter Charlotte als Nachfahrin hatte. Deren Ehemann Graf Pierre de Polignac aus der Familie de Chalen\u00e7on de Polignac wurde durch die f\u00fcrstlich monegassische Verleihung zum Herzog von Valentinois ernannt und erhielt dadurch den Namen Grimaldi. Gleichsam zum Prinz von Monaco erhoben und begr\u00fcndete in der Heirat mit Charlotte die neue Adelslinie.<\/p>\n<p>&nbsp;<\/p>\n","protected":false},"excerpt":{"rendered":"<p>Was erstmal nach einer Schlagzeile f\u00fcr Boulevard Zeitungen klingt, ist eigentlich ein historisches Ereignis. Heute vor 719 Jahren marschierten die Truppen von Francesco Grimaldi als Franziskaner verkleidet auf den Felsen von Monaco und erobern die dortige Festung. Geschichtlich ist dies die erste verbriefte \u00dcbernahme Monacos durch die Grimaldis. Diese erste<\/p>\n","protected":false},"author":1,"featured_media":1040,"comment_status":"open","ping_status":"open","sticky":false,"template":"","format":"standard","meta":{"jetpack_post_was_ever_published":false,"_jetpack_newsletter_access":"","_jetpack_dont_email_post_to_subs":true,"_jetpack_newsletter_tier_id":0,"_jetpack_memberships_contains_paywalled_content":false,"_jetpack_memberships_contains_paid_content":false,"footnotes":"","jetpack_publicize_message":"","jetpack_publicize_feature_enabled":true,"jetpack_social_post_already_shared":true,"jetpack_social_options":{"image_generator_settings":{"template":"highway","default_image_id":0,"font":"","enabled":false},"version":2},"_wpas_customize_per_network":false},"categories":[489,22],"tags":[284,283,281,282],"class_list":["post-1037","post","type-post","status-publish","format-standard","has-post-thumbnail","hentry","category-489","category-vergangenheit","tag-eroberung","tag-fuerstentum","tag-grimaldi","tag-monaco"],"yoast_head":"<!-- This site is optimized with the Yoast SEO Premium plugin v27.3 (Yoast SEO v27.3) - https:\/\/yoast.com\/product\/yoast-seo-premium-wordpress\/ -->\n<title>Familie Grimaldi erobert Monaco - Timos Paper<\/title>\n<meta name=\"description\" content=\"Der Enkel Canellas nannte sich Oberto Grimaldi und wird nach heutiger Auslegung\u00a0als Vater der Familie Grimaldi angesehen.\" \/>\n<meta name=\"robots\" content=\"index, follow, max-snippet:-1, max-image-preview:large, max-video-preview:-1\" \/>\n<link rel=\"canonical\" href=\"https:\/\/hoerske.de\/blog\/2016\/01\/familie-grimaldi-erobert-monaco\/\" \/>\n<meta property=\"og:locale\" content=\"de_DE\" \/>\n<meta property=\"og:type\" content=\"article\" \/>\n<meta property=\"og:title\" content=\"Familie Grimaldi erobert Monaco\" \/>\n<meta property=\"og:description\" content=\"Der Enkel Canellas nannte sich Oberto Grimaldi und wird nach heutiger Auslegung\u00a0als Vater der Familie Grimaldi angesehen.\" \/>\n<meta property=\"og:url\" content=\"https:\/\/hoerske.de\/blog\/2016\/01\/familie-grimaldi-erobert-monaco\/\" \/>\n<meta property=\"og:site_name\" content=\"Timos Paper\" \/>\n<meta property=\"article:publisher\" content=\"https:\/\/www.facebook.com\/timo.hoerske\" \/>\n<meta property=\"article:author\" content=\"https:\/\/www.facebook.com\/timo.hoerske\" \/>\n<meta property=\"article:published_time\" content=\"2016-01-08T04:18:54+00:00\" \/>\n<meta property=\"article:modified_time\" content=\"2016-12-28T21:41:42+00:00\" \/>\n<meta property=\"og:image\" content=\"https:\/\/i0.wp.com\/blog.hoerske.de\/wp-content\/uploads\/2016\/01\/Monaco_50_Cent_2002.png?fit=800%2C800\" \/>\n\t<meta property=\"og:image:width\" content=\"800\" \/>\n\t<meta property=\"og:image:height\" content=\"800\" \/>\n\t<meta property=\"og:image:type\" content=\"image\/png\" \/>\n<meta name=\"author\" content=\"Timo H\u00f6rske\" \/>\n<meta name=\"twitter:card\" content=\"summary_large_image\" \/>\n<meta name=\"twitter:creator\" content=\"@timo_hoerske\" \/>\n<meta name=\"twitter:site\" content=\"@timo_hoerske\" \/>\n<meta name=\"twitter:label1\" content=\"Verfasst von\" \/>\n\t<meta name=\"twitter:data1\" content=\"Timo H\u00f6rske\" \/>\n\t<meta name=\"twitter:label2\" content=\"Gesch\u00e4tzte Lesezeit\" \/>\n\t<meta name=\"twitter:data2\" content=\"2\u00a0Minuten\" \/>\n<script type=\"application\/ld+json\" class=\"yoast-schema-graph\">{\"@context\":\"https:\\\/\\\/schema.org\",\"@graph\":[{\"@type\":\"Article\",\"@id\":\"https:\\\/\\\/hoerske.de\\\/blog\\\/2016\\\/01\\\/familie-grimaldi-erobert-monaco\\\/#article\",\"isPartOf\":{\"@id\":\"https:\\\/\\\/hoerske.de\\\/blog\\\/2016\\\/01\\\/familie-grimaldi-erobert-monaco\\\/\"},\"author\":{\"name\":\"Timo H\u00f6rske\",\"@id\":\"https:\\\/\\\/hoerske.de\\\/blog\\\/#\\\/schema\\\/person\\\/20677cf2167fc7027b752c3bba78d5fc\"},\"headline\":\"Familie Grimaldi erobert Monaco\",\"datePublished\":\"2016-01-08T04:18:54+00:00\",\"dateModified\":\"2016-12-28T21:41:42+00:00\",\"mainEntityOfPage\":{\"@id\":\"https:\\\/\\\/hoerske.de\\\/blog\\\/2016\\\/01\\\/familie-grimaldi-erobert-monaco\\\/\"},\"wordCount\":337,\"commentCount\":0,\"publisher\":{\"@id\":\"https:\\\/\\\/hoerske.de\\\/blog\\\/#\\\/schema\\\/person\\\/20677cf2167fc7027b752c3bba78d5fc\"},\"image\":{\"@id\":\"https:\\\/\\\/hoerske.de\\\/blog\\\/2016\\\/01\\\/familie-grimaldi-erobert-monaco\\\/#primaryimage\"},\"thumbnailUrl\":\"https:\\\/\\\/i0.wp.com\\\/hoerske.de\\\/blog\\\/wp-content\\\/uploads\\\/2016\\\/01\\\/Monaco_50_Cent_2002.png?fit=800%2C800&ssl=1\",\"keywords\":[\"Eroberung\",\"F\u00fcrstentum\",\"Grimaldi\",\"Monaco\"],\"articleSection\":[\"2016\",\"Vergangenheit\"],\"inLanguage\":\"de\",\"potentialAction\":[{\"@type\":\"CommentAction\",\"name\":\"Comment\",\"target\":[\"https:\\\/\\\/hoerske.de\\\/blog\\\/2016\\\/01\\\/familie-grimaldi-erobert-monaco\\\/#respond\"]}]},{\"@type\":\"WebPage\",\"@id\":\"https:\\\/\\\/hoerske.de\\\/blog\\\/2016\\\/01\\\/familie-grimaldi-erobert-monaco\\\/\",\"url\":\"https:\\\/\\\/hoerske.de\\\/blog\\\/2016\\\/01\\\/familie-grimaldi-erobert-monaco\\\/\",\"name\":\"Familie Grimaldi erobert Monaco - Timos Paper\",\"isPartOf\":{\"@id\":\"https:\\\/\\\/hoerske.de\\\/blog\\\/#website\"},\"primaryImageOfPage\":{\"@id\":\"https:\\\/\\\/hoerske.de\\\/blog\\\/2016\\\/01\\\/familie-grimaldi-erobert-monaco\\\/#primaryimage\"},\"image\":{\"@id\":\"https:\\\/\\\/hoerske.de\\\/blog\\\/2016\\\/01\\\/familie-grimaldi-erobert-monaco\\\/#primaryimage\"},\"thumbnailUrl\":\"https:\\\/\\\/i0.wp.com\\\/hoerske.de\\\/blog\\\/wp-content\\\/uploads\\\/2016\\\/01\\\/Monaco_50_Cent_2002.png?fit=800%2C800&ssl=1\",\"datePublished\":\"2016-01-08T04:18:54+00:00\",\"dateModified\":\"2016-12-28T21:41:42+00:00\",\"description\":\"Der Enkel Canellas nannte sich Oberto Grimaldi und wird nach heutiger Auslegung\u00a0als Vater der Familie Grimaldi angesehen.\",\"breadcrumb\":{\"@id\":\"https:\\\/\\\/hoerske.de\\\/blog\\\/2016\\\/01\\\/familie-grimaldi-erobert-monaco\\\/#breadcrumb\"},\"inLanguage\":\"de\",\"potentialAction\":[{\"@type\":\"ReadAction\",\"target\":[\"https:\\\/\\\/hoerske.de\\\/blog\\\/2016\\\/01\\\/familie-grimaldi-erobert-monaco\\\/\"]}]},{\"@type\":\"ImageObject\",\"inLanguage\":\"de\",\"@id\":\"https:\\\/\\\/hoerske.de\\\/blog\\\/2016\\\/01\\\/familie-grimaldi-erobert-monaco\\\/#primaryimage\",\"url\":\"https:\\\/\\\/i0.wp.com\\\/hoerske.de\\\/blog\\\/wp-content\\\/uploads\\\/2016\\\/01\\\/Monaco_50_Cent_2002.png?fit=800%2C800&ssl=1\",\"contentUrl\":\"https:\\\/\\\/i0.wp.com\\\/hoerske.de\\\/blog\\\/wp-content\\\/uploads\\\/2016\\\/01\\\/Monaco_50_Cent_2002.png?fit=800%2C800&ssl=1\",\"width\":800,\"height\":800,\"caption\":\"Siegel mit Wappen Monacos als Schild des Reiters auf einer 50-Cent-M\u00fcnze aus 2002\"},{\"@type\":\"BreadcrumbList\",\"@id\":\"https:\\\/\\\/hoerske.de\\\/blog\\\/2016\\\/01\\\/familie-grimaldi-erobert-monaco\\\/#breadcrumb\",\"itemListElement\":[{\"@type\":\"ListItem\",\"position\":1,\"name\":\"Startseite\",\"item\":\"https:\\\/\\\/hoerske.de\\\/blog\\\/\"},{\"@type\":\"ListItem\",\"position\":2,\"name\":\"Familie Grimaldi erobert Monaco\"}]},{\"@type\":\"WebSite\",\"@id\":\"https:\\\/\\\/hoerske.de\\\/blog\\\/#website\",\"url\":\"https:\\\/\\\/hoerske.de\\\/blog\\\/\",\"name\":\"Timos Blog\",\"description\":\"ego cogito, ergo sum\",\"publisher\":{\"@id\":\"https:\\\/\\\/hoerske.de\\\/blog\\\/#\\\/schema\\\/person\\\/20677cf2167fc7027b752c3bba78d5fc\"},\"potentialAction\":[{\"@type\":\"SearchAction\",\"target\":{\"@type\":\"EntryPoint\",\"urlTemplate\":\"https:\\\/\\\/hoerske.de\\\/blog\\\/?s={search_term_string}\"},\"query-input\":{\"@type\":\"PropertyValueSpecification\",\"valueRequired\":true,\"valueName\":\"search_term_string\"}}],\"inLanguage\":\"de\"},{\"@type\":[\"Person\",\"Organization\"],\"@id\":\"https:\\\/\\\/hoerske.de\\\/blog\\\/#\\\/schema\\\/person\\\/20677cf2167fc7027b752c3bba78d5fc\",\"name\":\"Timo H\u00f6rske\",\"image\":{\"@type\":\"ImageObject\",\"inLanguage\":\"de\",\"@id\":\"https:\\\/\\\/i0.wp.com\\\/hoerske.de\\\/blog\\\/wp-content\\\/uploads\\\/2023\\\/01\\\/16711213967602.jpg?fit=1024%2C954&ssl=1\",\"url\":\"https:\\\/\\\/i0.wp.com\\\/hoerske.de\\\/blog\\\/wp-content\\\/uploads\\\/2023\\\/01\\\/16711213967602.jpg?fit=1024%2C954&ssl=1\",\"contentUrl\":\"https:\\\/\\\/i0.wp.com\\\/hoerske.de\\\/blog\\\/wp-content\\\/uploads\\\/2023\\\/01\\\/16711213967602.jpg?fit=1024%2C954&ssl=1\",\"width\":1024,\"height\":954,\"caption\":\"Timo H\u00f6rske\"},\"logo\":{\"@id\":\"https:\\\/\\\/i0.wp.com\\\/hoerske.de\\\/blog\\\/wp-content\\\/uploads\\\/2023\\\/01\\\/16711213967602.jpg?fit=1024%2C954&ssl=1\"},\"description\":\"Jahrgang 1985, als \\\"Ossi\\\" geboren, im beschaulichen Premnitz an der Havel aufgewachsen. Natur- und Kunstliebhaber. Seit \u00fcber 10 Jahren Wahlbremerhavener, K\u00fcsten- und Windfan. So ziemlich an Allem interessiert. Schwerpunkte sind aber eindeutig Politik, Gesellschaft, Rechtswesen, Natur, Imkerei und Technik. Rotes Parteibuch, Mitglied des Jugendhilfeausschusses der Stadt Bremerhaven, Vorsitzender eines Kleing\u00e4rtnervereins, Fachberater f\u00fcr das Kleingartenwesen, Verbandschef der Bremerhavener Kleing\u00e4rtner*innen. Hobbyimker, Freizeitblogger, Techniknerd.\",\"sameAs\":[\"https:\\\/\\\/www.hoerske.de\\\/\",\"https:\\\/\\\/www.facebook.com\\\/timo.hoerske\",\"https:\\\/\\\/www.instagram.com\\\/thoerske\\\/\",\"https:\\\/\\\/x.com\\\/timo_hoerske\"],\"url\":\"https:\\\/\\\/hoerske.de\\\/blog\\\/author\\\/roter_admin\\\/\"}]}<\/script>\n<!-- \/ Yoast SEO Premium plugin. -->","yoast_head_json":{"title":"Familie Grimaldi erobert Monaco - Timos Paper","description":"Der Enkel Canellas nannte sich Oberto Grimaldi und wird nach heutiger Auslegung\u00a0als Vater der Familie Grimaldi angesehen.","robots":{"index":"index","follow":"follow","max-snippet":"max-snippet:-1","max-image-preview":"max-image-preview:large","max-video-preview":"max-video-preview:-1"},"canonical":"https:\/\/hoerske.de\/blog\/2016\/01\/familie-grimaldi-erobert-monaco\/","og_locale":"de_DE","og_type":"article","og_title":"Familie Grimaldi erobert Monaco","og_description":"Der Enkel Canellas nannte sich Oberto Grimaldi und wird nach heutiger Auslegung\u00a0als Vater der Familie Grimaldi angesehen.","og_url":"https:\/\/hoerske.de\/blog\/2016\/01\/familie-grimaldi-erobert-monaco\/","og_site_name":"Timos Paper","article_publisher":"https:\/\/www.facebook.com\/timo.hoerske","article_author":"https:\/\/www.facebook.com\/timo.hoerske","article_published_time":"2016-01-08T04:18:54+00:00","article_modified_time":"2016-12-28T21:41:42+00:00","og_image":[{"width":800,"height":800,"url":"https:\/\/i0.wp.com\/blog.hoerske.de\/wp-content\/uploads\/2016\/01\/Monaco_50_Cent_2002.png?fit=800%2C800","type":"image\/png"}],"author":"Timo H\u00f6rske","twitter_card":"summary_large_image","twitter_creator":"@timo_hoerske","twitter_site":"@timo_hoerske","twitter_misc":{"Verfasst von":"Timo H\u00f6rske","Gesch\u00e4tzte Lesezeit":"2\u00a0Minuten"},"schema":{"@context":"https:\/\/schema.org","@graph":[{"@type":"Article","@id":"https:\/\/hoerske.de\/blog\/2016\/01\/familie-grimaldi-erobert-monaco\/#article","isPartOf":{"@id":"https:\/\/hoerske.de\/blog\/2016\/01\/familie-grimaldi-erobert-monaco\/"},"author":{"name":"Timo H\u00f6rske","@id":"https:\/\/hoerske.de\/blog\/#\/schema\/person\/20677cf2167fc7027b752c3bba78d5fc"},"headline":"Familie Grimaldi erobert Monaco","datePublished":"2016-01-08T04:18:54+00:00","dateModified":"2016-12-28T21:41:42+00:00","mainEntityOfPage":{"@id":"https:\/\/hoerske.de\/blog\/2016\/01\/familie-grimaldi-erobert-monaco\/"},"wordCount":337,"commentCount":0,"publisher":{"@id":"https:\/\/hoerske.de\/blog\/#\/schema\/person\/20677cf2167fc7027b752c3bba78d5fc"},"image":{"@id":"https:\/\/hoerske.de\/blog\/2016\/01\/familie-grimaldi-erobert-monaco\/#primaryimage"},"thumbnailUrl":"https:\/\/i0.wp.com\/hoerske.de\/blog\/wp-content\/uploads\/2016\/01\/Monaco_50_Cent_2002.png?fit=800%2C800&ssl=1","keywords":["Eroberung","F\u00fcrstentum","Grimaldi","Monaco"],"articleSection":["2016","Vergangenheit"],"inLanguage":"de","potentialAction":[{"@type":"CommentAction","name":"Comment","target":["https:\/\/hoerske.de\/blog\/2016\/01\/familie-grimaldi-erobert-monaco\/#respond"]}]},{"@type":"WebPage","@id":"https:\/\/hoerske.de\/blog\/2016\/01\/familie-grimaldi-erobert-monaco\/","url":"https:\/\/hoerske.de\/blog\/2016\/01\/familie-grimaldi-erobert-monaco\/","name":"Familie Grimaldi erobert Monaco - Timos Paper","isPartOf":{"@id":"https:\/\/hoerske.de\/blog\/#website"},"primaryImageOfPage":{"@id":"https:\/\/hoerske.de\/blog\/2016\/01\/familie-grimaldi-erobert-monaco\/#primaryimage"},"image":{"@id":"https:\/\/hoerske.de\/blog\/2016\/01\/familie-grimaldi-erobert-monaco\/#primaryimage"},"thumbnailUrl":"https:\/\/i0.wp.com\/hoerske.de\/blog\/wp-content\/uploads\/2016\/01\/Monaco_50_Cent_2002.png?fit=800%2C800&ssl=1","datePublished":"2016-01-08T04:18:54+00:00","dateModified":"2016-12-28T21:41:42+00:00","description":"Der Enkel Canellas nannte sich Oberto Grimaldi und wird nach heutiger Auslegung\u00a0als Vater der Familie Grimaldi angesehen.","breadcrumb":{"@id":"https:\/\/hoerske.de\/blog\/2016\/01\/familie-grimaldi-erobert-monaco\/#breadcrumb"},"inLanguage":"de","potentialAction":[{"@type":"ReadAction","target":["https:\/\/hoerske.de\/blog\/2016\/01\/familie-grimaldi-erobert-monaco\/"]}]},{"@type":"ImageObject","inLanguage":"de","@id":"https:\/\/hoerske.de\/blog\/2016\/01\/familie-grimaldi-erobert-monaco\/#primaryimage","url":"https:\/\/i0.wp.com\/hoerske.de\/blog\/wp-content\/uploads\/2016\/01\/Monaco_50_Cent_2002.png?fit=800%2C800&ssl=1","contentUrl":"https:\/\/i0.wp.com\/hoerske.de\/blog\/wp-content\/uploads\/2016\/01\/Monaco_50_Cent_2002.png?fit=800%2C800&ssl=1","width":800,"height":800,"caption":"Siegel mit Wappen Monacos als Schild des Reiters auf einer 50-Cent-M\u00fcnze aus 2002"},{"@type":"BreadcrumbList","@id":"https:\/\/hoerske.de\/blog\/2016\/01\/familie-grimaldi-erobert-monaco\/#breadcrumb","itemListElement":[{"@type":"ListItem","position":1,"name":"Startseite","item":"https:\/\/hoerske.de\/blog\/"},{"@type":"ListItem","position":2,"name":"Familie Grimaldi erobert Monaco"}]},{"@type":"WebSite","@id":"https:\/\/hoerske.de\/blog\/#website","url":"https:\/\/hoerske.de\/blog\/","name":"Timos Blog","description":"ego cogito, ergo sum","publisher":{"@id":"https:\/\/hoerske.de\/blog\/#\/schema\/person\/20677cf2167fc7027b752c3bba78d5fc"},"potentialAction":[{"@type":"SearchAction","target":{"@type":"EntryPoint","urlTemplate":"https:\/\/hoerske.de\/blog\/?s={search_term_string}"},"query-input":{"@type":"PropertyValueSpecification","valueRequired":true,"valueName":"search_term_string"}}],"inLanguage":"de"},{"@type":["Person","Organization"],"@id":"https:\/\/hoerske.de\/blog\/#\/schema\/person\/20677cf2167fc7027b752c3bba78d5fc","name":"Timo H\u00f6rske","image":{"@type":"ImageObject","inLanguage":"de","@id":"https:\/\/i0.wp.com\/hoerske.de\/blog\/wp-content\/uploads\/2023\/01\/16711213967602.jpg?fit=1024%2C954&ssl=1","url":"https:\/\/i0.wp.com\/hoerske.de\/blog\/wp-content\/uploads\/2023\/01\/16711213967602.jpg?fit=1024%2C954&ssl=1","contentUrl":"https:\/\/i0.wp.com\/hoerske.de\/blog\/wp-content\/uploads\/2023\/01\/16711213967602.jpg?fit=1024%2C954&ssl=1","width":1024,"height":954,"caption":"Timo H\u00f6rske"},"logo":{"@id":"https:\/\/i0.wp.com\/hoerske.de\/blog\/wp-content\/uploads\/2023\/01\/16711213967602.jpg?fit=1024%2C954&ssl=1"},"description":"Jahrgang 1985, als \"Ossi\" geboren, im beschaulichen Premnitz an der Havel aufgewachsen. Natur- und Kunstliebhaber. Seit \u00fcber 10 Jahren Wahlbremerhavener, K\u00fcsten- und Windfan. So ziemlich an Allem interessiert. Schwerpunkte sind aber eindeutig Politik, Gesellschaft, Rechtswesen, Natur, Imkerei und Technik. Rotes Parteibuch, Mitglied des Jugendhilfeausschusses der Stadt Bremerhaven, Vorsitzender eines Kleing\u00e4rtnervereins, Fachberater f\u00fcr das Kleingartenwesen, Verbandschef der Bremerhavener Kleing\u00e4rtner*innen. Hobbyimker, Freizeitblogger, Techniknerd.","sameAs":["https:\/\/www.hoerske.de\/","https:\/\/www.facebook.com\/timo.hoerske","https:\/\/www.instagram.com\/thoerske\/","https:\/\/x.com\/timo_hoerske"],"url":"https:\/\/hoerske.de\/blog\/author\/roter_admin\/"}]}},"jetpack_publicize_connections":[],"jetpack_featured_media_url":"https:\/\/i0.wp.com\/hoerske.de\/blog\/wp-content\/uploads\/2016\/01\/Monaco_50_Cent_2002.png?fit=800%2C800&ssl=1","jetpack_shortlink":"https:\/\/wp.me\/p4W3ht-gJ","jetpack_sharing_enabled":true,"_links":{"self":[{"href":"https:\/\/hoerske.de\/blog\/wp-json\/wp\/v2\/posts\/1037","targetHints":{"allow":["GET"]}}],"collection":[{"href":"https:\/\/hoerske.de\/blog\/wp-json\/wp\/v2\/posts"}],"about":[{"href":"https:\/\/hoerske.de\/blog\/wp-json\/wp\/v2\/types\/post"}],"author":[{"embeddable":true,"href":"https:\/\/hoerske.de\/blog\/wp-json\/wp\/v2\/users\/1"}],"replies":[{"embeddable":true,"href":"https:\/\/hoerske.de\/blog\/wp-json\/wp\/v2\/comments?post=1037"}],"version-history":[{"count":0,"href":"https:\/\/hoerske.de\/blog\/wp-json\/wp\/v2\/posts\/1037\/revisions"}],"wp:featuredmedia":[{"embeddable":true,"href":"https:\/\/hoerske.de\/blog\/wp-json\/wp\/v2\/media\/1040"}],"wp:attachment":[{"href":"https:\/\/hoerske.de\/blog\/wp-json\/wp\/v2\/media?parent=1037"}],"wp:term":[{"taxonomy":"category","embeddable":true,"href":"https:\/\/hoerske.de\/blog\/wp-json\/wp\/v2\/categories?post=1037"},{"taxonomy":"post_tag","embeddable":true,"href":"https:\/\/hoerske.de\/blog\/wp-json\/wp\/v2\/tags?post=1037"}],"curies":[{"name":"wp","href":"https:\/\/api.w.org\/{rel}","templated":true}]}}